{"id":62935,"date":"2026-08-31T13:57:40","date_gmt":"2026-08-31T13:57:40","guid":{"rendered":"https:\/\/www.theconservative.online\/sjednocena-pravice-musi-zduraznit-vnitrni-rozdily"},"modified":"2026-08-31T13:57:40","modified_gmt":"2026-08-31T13:57:40","slug":"sjednocena-pravice-musi-zduraznit-vnitrni-rozdily","status":"publish","type":"post","link":"https:\/\/www.theconservative.online\/cs\/sjednocena-pravice-musi-zduraznit-vnitrni-rozdily","title":{"rendered":"Sjednocen\u00e1 pravice mus\u00ed zd\u016fraznit vnit\u0159n\u00ed rozd\u00edly"},"content":{"rendered":"<p>\u0160v\u00e9dsko se chyst\u00e1 k volb\u00e1m 13. z\u00e1\u0159\u00ed. Dosavadn\u00ed pravicov\u00e1 vl\u00e1da v pr\u016fzkumech ve\u0159ejn\u00e9ho m\u00edn\u011bn\u00ed zaost\u00e1v\u00e1 a dva t\u00fddny p\u0159ed volbami v\u011bt\u0161ina sign\u00e1l\u016f nazna\u010duje v\u00edt\u011bzstv\u00ed levice, i kdy\u017e pravice <a href=\"https:\/\/www.sverigesradio.se\/artikel\/swedish-election-race-tightens-as-government-side-gains-ground-on-the-opposition\">v posledn\u00ed dob\u011b za\u010dala m\u00edrn\u011b posilovat<\/a>.<\/p>\n<p>Jednou z v\u00fdzev, p\u0159ed nimi\u017e pravice stoj\u00ed, je to, \u017ee mnoho voli\u010d\u016f st\u00e1le v\u00e1h\u00e1 s podporou \u0160v\u00e9dsk\u00fdch demokrat\u016f, strany charakterizovan\u00e9 pravicov\u00fdm nacionalismem a soci\u00e1ln\u00edm konzervatismem. B\u011bhem sou\u010dasn\u00e9ho volebn\u00edho obdob\u00ed tvo\u0159\u00ed vl\u00e1du t\u0159i tradi\u010dn\u00ed pravicov\u00e9 strany, p\u0159i\u010dem\u017e \u0160v\u00e9d\u0161t\u00ed demokrat\u00e9 pln\u00ed roli podp\u016frn\u00e9 strany. Toto uspo\u0159\u00e1d\u00e1n\u00ed vych\u00e1zelo ze spole\u010dn\u00e9 dohody uzav\u0159en\u00e9 na za\u010d\u00e1tku volebn\u00edho obdob\u00ed, kter\u00e1 jasn\u011b vymezovala politick\u00e1 opat\u0159en\u00ed, je\u017e m\u011bla vl\u00e1da v pr\u016fb\u011bhu \u010dty\u0159let\u00e9ho obdob\u00ed realizovat.<\/p><div class='related_content'><span>RELATED<\/span><ul><li><a href='https:\/\/www.theconservative.online\/cs\/island-hlasuje-o-obnoveni-sveho-smerovani-k-evropske-unii'>Island hlasuje o obnoven\u00ed sv\u00e9ho sm\u011b\u0159ov\u00e1n\u00ed k Evropsk\u00e9 unii<\/li><\/a><li><a href='https:\/\/www.theconservative.online\/cs\/stane-se-feminizace-spolecnosti-politickym-tematem'>Stane se \u201efeminizace\u201c spole\u010dnosti politick\u00fdm t\u00e9matem?<\/li><\/a><li><a href='https:\/\/www.theconservative.online\/cs\/tato-svedska-strana-vladne-zemi-celi-vsak-zaniku'>Tato \u0161v\u00e9dsk\u00e1 strana vl\u00e1dne zemi \u2013 \u010del\u00ed v\u0161ak z\u00e1niku<\/li><\/a><\/ul><\/div>\n<p>P\u0159ed za\u010d\u00e1tkem p\u0159\u00ed\u0161t\u00edho volebn\u00edho obdob\u00ed v\u0161ak \u0160v\u00e9d\u0161t\u00ed demokrat\u00e9 <a href=\"https:\/\/www.theguardian.com\/world\/2026\/apr\/01\/swedish-pm-offers-deal-that-could-see-far-right-allowed-into-government\">sami po\u017eaduj\u00ed m\u00edsto ve vl\u00e1d\u011b<\/a>. P\u0159edseda strany Jimmie \u00c5kesson opakovan\u011b prohl\u00e1sil, \u017ee pokud pravicov\u00e9 strany zv\u00edt\u011bz\u00ed, bylo by nep\u0159im\u011b\u0159en\u00e9, aby t\u0159i strany pokra\u010dovaly ve vl\u00e1dnut\u00ed, zat\u00edmco \u010dtvrt\u00e1 by op\u011bt z\u016fstala mimo. Toto je postoj Jimmieho \u00c5kessona ji\u017e od za\u010d\u00e1tku volebn\u00edho obdob\u00ed: nedojde k dal\u0161\u00edm \u010dty\u0159em let\u016fm pravicov\u00e9 vl\u00e1dy, ani\u017e by ve vl\u00e1d\u011b zasedali tak\u00e9 \u0160v\u00e9d\u0161t\u00ed demokrat\u00e9.<\/p>\n<p>Nikdo nezpochyb\u0148uje opodstatn\u011bnost po\u017eadavk\u016f \u0160v\u00e9dsk\u00fdch demokrat\u016f. B\u011bhem \u010dty\u0159 let, kdy byly u moci t\u0159i dal\u0161\u00ed pravicov\u00e9 strany, byli nejv\u011bt\u0161\u00ed pravicovou stranou. Strana m\u011bla v\u00fdznamn\u00fd vliv na prov\u00e1d\u011bnou politiku, zejm\u00e9na v oblastech migrace, kriminality a energetiky. Bylo by podivn\u00e9, kdyby strana z\u00edskala od voli\u010d\u016f nov\u00fd mand\u00e1t k ovliv\u0148ov\u00e1n\u00ed \u0161v\u00e9dsk\u00e9 politiky, jen aby pak op\u011bt souhlasila s t\u00edm, \u017ee z\u016fstane mimo vl\u00e1du.<\/p>\n<p>V\u0161echno v \u017eivot\u011b m\u00e1 v\u0161ak svou cenu. A pro \u0160v\u00e9dsk\u00e9 demokraty znamenala cena za to, \u017ee byli p\u0159ijati jako strana zp\u016fsobil\u00e1 k vl\u00e1dnut\u00ed, \u00fabytek voli\u010d\u016f u ostatn\u00edch pravicov\u00fdch stran. N\u011bkte\u0159\u00ed z jejich voli\u010d\u016f se toti\u017e ob\u00e1vaj\u00ed pravicov\u00e9 vl\u00e1dy, jej\u00ed\u017e sou\u010d\u00e1st\u00ed by byli \u0160v\u00e9d\u0161t\u00ed demokrat\u00e9. V d\u016fsledku toho se v d\u0159\u00edve pevn\u011b semknut\u00e9m pravicov\u00e9m bloku \u0161v\u00e9dsk\u00e9 politiky objevil zaj\u00edmav\u00fd jev.<\/p>\n<p>Pr\u00e1v\u011b te\u010f, dva t\u00fddny p\u0159ed volbami, zu\u0159\u00ed mezi \u010dty\u0159mi pravicov\u00fdmi stranami otev\u0159en\u00fd a plnohodnotn\u00fd konflikt. D\u0159\u00edve se sna\u017eily zd\u016fraz\u0148ovat svou jednotu. Tvrdily, \u017ee schopnost t\u011bchto \u010dty\u0159 stran spolupracovat je silnou str\u00e1nkou pravice \u2013 \u017ee se shoduj\u00ed na spole\u010dn\u00e9m vl\u00e1dnut\u00ed, a \u017ee tato jednota kontrastuje s rozt\u0159\u00ed\u0161t\u011bnost\u00ed levice, kde se \u010dty\u0159i pom\u011brn\u011b nesourod\u00e9 strany tvo\u0159\u00edc\u00ed tuto \u010d\u00e1st \u0161v\u00e9dsk\u00e9 politick\u00e9 sc\u00e9ny zdaleka neshoduj\u00ed na tom, kter\u00e1 z nich by m\u011bla zast\u00e1vat vl\u00e1dn\u00ed funkce nebo dokonce b\u00fdt sou\u010d\u00e1st\u00ed vl\u00e1dn\u00ed koalice.<\/p>\n<p>D\u016fvodem, pro\u010d se pravicov\u00e9 strany v sou\u010dasn\u00e9 dob\u011b h\u00e1daj\u00ed, je pravd\u011bpodobn\u011b to, \u017ee si uv\u011bdomily, \u017ee mus\u00ed d\u00e1t najevo, \u017ee netvo\u0159\u00ed jednu monolitickou stranu. Koneckonc\u016f, i kdyby se \u0160v\u00e9d\u0161t\u00ed demokrat\u00e9 p\u0159ipojili k p\u0159\u00edpadn\u00e9 nov\u00e9 pravicov\u00e9 vl\u00e1d\u011b, byli by jen jednou ze \u010dty\u0159 stran (nebo mo\u017en\u00e1 t\u0159\u00ed, pokud by mal\u00e1 Liber\u00e1ln\u00ed strana nedok\u00e1zala udr\u017eet sv\u00e1 parlamentn\u00ed k\u0159esla). A pr\u00e1v\u011b toto je bod, kter\u00fd strany pravicov\u00e9ho bloku mus\u00ed sd\u011blit nerozhodnut\u00fdm voli\u010d\u016fm.<\/p>\n<p>\u0160v\u00e9dsk\u00e1 ve\u0159ejnost by se mohla do\u010dkat pravicov\u00e9 vl\u00e1dy, v n\u00ed\u017e nebudou nutn\u011b dominovat \u0160v\u00e9d\u0161t\u00ed demokrat\u00e9. Mohla by vzniknout vl\u00e1da, v n\u00ed\u017e si tradi\u010dn\u00ed pravicov\u00e9 strany udr\u017e\u00ed sv\u00e9 pozice a budou \u010delit netrp\u011blivosti \u0160v\u00e9dsk\u00fdch demokrat\u016f v ot\u00e1zk\u00e1ch, jako jsou migrace a politika v oblasti kriminality. Jin\u00fdmi slovy, nov\u00e1 pravicov\u00e1 vl\u00e1da by nebyla pouhou \u201evl\u00e1dou SD\u201c (SD je b\u011b\u017en\u00e1 zkratka pro \u0160v\u00e9dsk\u00e9 demokraty).<\/p>\n<p>V d\u016fsledku toho se \u0160v\u00e9d\u0161t\u00ed demokrat\u00e9, dva t\u00fddny p\u0159ed volbami, ocitli v pon\u011bkud zvl\u00e1\u0161tn\u00ed situaci, kdy se sna\u017e\u00ed vyvol\u00e1vat ve\u0159ejn\u00e9 spory se sv\u00fdmi koali\u010dn\u00edmi partnery. Tyto spory p\u0159ipom\u00ednaj\u00ed nerozhodnut\u00fdm pravicov\u00fdm voli\u010d\u016fm, \u017ee v pravicov\u00e9m t\u00e1bo\u0159e existuj\u00ed alternativy ke \u0160v\u00e9dsk\u00fdm demokrat\u016fm \u2013 a pr\u00e1v\u011b tito voli\u010di jsou nezbytn\u00ed, m\u00e1-li pravice dos\u00e1hnout v\u00edt\u011bzstv\u00ed.<\/p>\n<p>Z\u00e1rove\u0148 se \u0160v\u00e9d\u0161t\u00ed demokrat\u00e9 mus\u00ed distancovat od tradi\u010dn\u00edch pravicov\u00fdch stran, aby sv\u00fdm nejradik\u00e1ln\u011bj\u0161\u00edm p\u0159\u00edznivc\u016fm dali najevo, \u017ee i nad\u00e1le z\u016fst\u00e1vaj\u00ed odhodl\u00e1ni bojovat proti migraci a kriminalit\u011b souvisej\u00edc\u00ed s migrac\u00ed.<\/p>\n<p>Dva t\u00fddny p\u0159ed volbami tedy pravicov\u00fd blok dr\u017e\u00ed pohromad\u011b, i kdy\u017e se z\u00e1rove\u0148 pot\u00fdk\u00e1 s vnit\u0159n\u00edmi spory; je to nejlep\u0161\u00ed strategie, jakou na\u0161li, aby ka\u017ed\u00e1 strana mohla zmobilizovat sv\u00e9 potenci\u00e1ln\u00ed voli\u010de.<\/p>\n<p>Demokracie je fascinuj\u00edc\u00ed.<\/p>\n<\/p>","protected":false},"excerpt":{"rendered":"<p>\u0160v\u00e9dsko se chyst\u00e1 k volb\u00e1m 13. z\u00e1\u0159\u00ed. Dosavadn\u00ed pravicov\u00e1 vl\u00e1da v pr\u016fzkumech ve\u0159ejn\u00e9ho m\u00edn\u011bn\u00ed zaost\u00e1v\u00e1 a dva t\u00fddny p\u0159ed volbami v\u011bt\u0161ina sign\u00e1l\u016f nazna\u010duje v\u00edt\u011bzstv\u00ed levice, i kdy\u017e pravice v posledn\u00ed dob\u011b za\u010dala m\u00edrn\u011b posilovat. Jednou z v\u00fdzev, p\u0159ed nimi\u017e pravice stoj\u00ed, je to, \u017ee mnoho voli\u010d\u016f st\u00e1le v\u00e1h\u00e1 s podporou \u0160v\u00e9dsk\u00fdch demokrat\u016f, strany charakterizovan\u00e9 pravicov\u00fdm [&hellip;]<\/p>\n","protected":false},"author":85,"featured_media":62881,"comment_status":"closed","ping_status":"closed","sticky":false,"template":"","format":"standard","meta":{"footnotes":""},"categories":[1462,158],"tags":[3197,3485,2506,3133,554],"editorial-positions":[],"regions":[344],"types":[415,441],"class_list":["post-62935","post","type-post","status-publish","format-standard","has-post-thumbnail","hentry","category-budovani-konzervativni-evropy","category-politika","tag-elections26","tag-rightwinggovernment","tag-swedendemocrats","tag-swedishelections","tag-sweden","regions-northern-europe-cs","types-news-cs","types-surveys-cs"],"yoast_head":"<!-- This site is optimized with the Yoast SEO plugin v28.0 - https:\/\/yoast.com\/product\/yoast-seo-wordpress\/ -->\n<title>Sjednocen\u00e1 pravice mus\u00ed zd\u016fraznit vnit\u0159n\u00ed rozd\u00edly - The Conservative<\/title>\n<meta name=\"robots\" content=\"index, follow, max-snippet:-1, max-image-preview:large, max-video-preview:-1\" \/>\n<link rel=\"canonical\" href=\"https:\/\/www.theconservative.online\/cs\/sjednocena-pravice-musi-zduraznit-vnitrni-rozdily\" \/>\n<meta property=\"og:locale\" content=\"cs_CZ\" \/>\n<meta property=\"og:type\" content=\"article\" \/>\n<meta property=\"og:title\" content=\"Sjednocen\u00e1 pravice mus\u00ed zd\u016fraznit vnit\u0159n\u00ed rozd\u00edly - The Conservative\" \/>\n<meta property=\"og:description\" content=\"\u0160v\u00e9dsko se chyst\u00e1 k volb\u00e1m 13. z\u00e1\u0159\u00ed. Dosavadn\u00ed pravicov\u00e1 vl\u00e1da v pr\u016fzkumech ve\u0159ejn\u00e9ho m\u00edn\u011bn\u00ed zaost\u00e1v\u00e1 a dva t\u00fddny p\u0159ed volbami v\u011bt\u0161ina sign\u00e1l\u016f nazna\u010duje v\u00edt\u011bzstv\u00ed levice, i kdy\u017e pravice v posledn\u00ed dob\u011b za\u010dala m\u00edrn\u011b posilovat. Jednou z v\u00fdzev, p\u0159ed nimi\u017e pravice stoj\u00ed, je to, \u017ee mnoho voli\u010d\u016f st\u00e1le v\u00e1h\u00e1 s podporou \u0160v\u00e9dsk\u00fdch demokrat\u016f, strany charakterizovan\u00e9 pravicov\u00fdm [&hellip;]\" \/>\n<meta property=\"og:url\" content=\"https:\/\/www.theconservative.online\/cs\/sjednocena-pravice-musi-zduraznit-vnitrni-rozdily\" \/>\n<meta property=\"og:site_name\" content=\"The Conservative\" \/>\n<meta property=\"article:published_time\" content=\"2026-08-31T13:57:40+00:00\" \/>\n<meta property=\"og:image\" content=\"https:\/\/www.theconservative.online\/wp-content\/uploads\/2026\/08\/Sverigebild.jpg\" \/>\n\t<meta property=\"og:image:width\" content=\"1000\" \/>\n\t<meta property=\"og:image:height\" content=\"667\" \/>\n\t<meta property=\"og:image:type\" content=\"image\/jpeg\" \/>\n<meta name=\"author\" content=\"Richard S\u00f6rman\" \/>\n<meta name=\"twitter:card\" content=\"summary_large_image\" \/>\n<meta name=\"twitter:label1\" content=\"Napsal(a)\" \/>\n\t<meta name=\"twitter:data1\" content=\"Richard S\u00f6rman\" \/>\n\t<meta name=\"twitter:label2\" content=\"Odhadovan\u00e1 doba \u010dten\u00ed\" \/>\n\t<meta name=\"twitter:data2\" content=\"4 minuty\" \/>\n<script type=\"application\/ld+json\" class=\"yoast-schema-graph\">{\"@context\":\"https:\\\/\\\/schema.org\",\"@graph\":[{\"@type\":\"Article\",\"@id\":\"https:\\\/\\\/www.theconservative.online\\\/cs\\\/sjednocena-pravice-musi-zduraznit-vnitrni-rozdily#article\",\"isPartOf\":{\"@id\":\"https:\\\/\\\/www.theconservative.online\\\/cs\\\/sjednocena-pravice-musi-zduraznit-vnitrni-rozdily\"},\"author\":{\"name\":\"Richard S\u00f6rman\",\"@id\":\"https:\\\/\\\/www.theconservative.online\\\/cs#\\\/schema\\\/person\\\/769a6928b1a6145a095dde8677e8dc31\"},\"headline\":\"Sjednocen\u00e1 pravice mus\u00ed zd\u016fraznit vnit\u0159n\u00ed rozd\u00edly\",\"datePublished\":\"2026-08-31T13:57:40+00:00\",\"mainEntityOfPage\":{\"@id\":\"https:\\\/\\\/www.theconservative.online\\\/cs\\\/sjednocena-pravice-musi-zduraznit-vnitrni-rozdily\"},\"wordCount\":862,\"image\":{\"@id\":\"https:\\\/\\\/www.theconservative.online\\\/cs\\\/sjednocena-pravice-musi-zduraznit-vnitrni-rozdily#primaryimage\"},\"thumbnailUrl\":\"https:\\\/\\\/www.theconservative.online\\\/wp-content\\\/uploads\\\/2026\\\/08\\\/Sverigebild.jpg\",\"keywords\":[\"#elections26\",\"#rightwinggovernment\",\"#swedendemocrats\",\"#swedishelections\",\"Sweden\"],\"articleSection\":[\"Budov\u00e1n\u00ed konzervativn\u00ed Evropy\",\"Politika\"],\"inLanguage\":\"cs\"},{\"@type\":\"WebPage\",\"@id\":\"https:\\\/\\\/www.theconservative.online\\\/cs\\\/sjednocena-pravice-musi-zduraznit-vnitrni-rozdily\",\"url\":\"https:\\\/\\\/www.theconservative.online\\\/cs\\\/sjednocena-pravice-musi-zduraznit-vnitrni-rozdily\",\"name\":\"Sjednocen\u00e1 pravice mus\u00ed zd\u016fraznit vnit\u0159n\u00ed rozd\u00edly - The Conservative\",\"isPartOf\":{\"@id\":\"https:\\\/\\\/www.theconservative.online\\\/cs#website\"},\"primaryImageOfPage\":{\"@id\":\"https:\\\/\\\/www.theconservative.online\\\/cs\\\/sjednocena-pravice-musi-zduraznit-vnitrni-rozdily#primaryimage\"},\"image\":{\"@id\":\"https:\\\/\\\/www.theconservative.online\\\/cs\\\/sjednocena-pravice-musi-zduraznit-vnitrni-rozdily#primaryimage\"},\"thumbnailUrl\":\"https:\\\/\\\/www.theconservative.online\\\/wp-content\\\/uploads\\\/2026\\\/08\\\/Sverigebild.jpg\",\"datePublished\":\"2026-08-31T13:57:40+00:00\",\"author\":{\"@id\":\"https:\\\/\\\/www.theconservative.online\\\/cs#\\\/schema\\\/person\\\/769a6928b1a6145a095dde8677e8dc31\"},\"breadcrumb\":{\"@id\":\"https:\\\/\\\/www.theconservative.online\\\/cs\\\/sjednocena-pravice-musi-zduraznit-vnitrni-rozdily#breadcrumb\"},\"inLanguage\":\"cs\",\"potentialAction\":[{\"@type\":\"ReadAction\",\"target\":[\"https:\\\/\\\/www.theconservative.online\\\/cs\\\/sjednocena-pravice-musi-zduraznit-vnitrni-rozdily\"]}]},{\"@type\":\"ImageObject\",\"inLanguage\":\"cs\",\"@id\":\"https:\\\/\\\/www.theconservative.online\\\/cs\\\/sjednocena-pravice-musi-zduraznit-vnitrni-rozdily#primaryimage\",\"url\":\"https:\\\/\\\/www.theconservative.online\\\/wp-content\\\/uploads\\\/2026\\\/08\\\/Sverigebild.jpg\",\"contentUrl\":\"https:\\\/\\\/www.theconservative.online\\\/wp-content\\\/uploads\\\/2026\\\/08\\\/Sverigebild.jpg\",\"width\":1000,\"height\":667},{\"@type\":\"BreadcrumbList\",\"@id\":\"https:\\\/\\\/www.theconservative.online\\\/cs\\\/sjednocena-pravice-musi-zduraznit-vnitrni-rozdily#breadcrumb\",\"itemListElement\":[{\"@type\":\"ListItem\",\"position\":1,\"name\":\"Home\",\"item\":\"https:\\\/\\\/www.theconservative.online\\\/cs\"},{\"@type\":\"ListItem\",\"position\":2,\"name\":\"Sjednocen\u00e1 pravice mus\u00ed zd\u016fraznit vnit\u0159n\u00ed rozd\u00edly\"}]},{\"@type\":\"WebSite\",\"@id\":\"https:\\\/\\\/www.theconservative.online\\\/cs#website\",\"url\":\"https:\\\/\\\/www.theconservative.online\\\/cs\",\"name\":\"The Conservative\",\"description\":\"\",\"potentialAction\":[{\"@type\":\"SearchAction\",\"target\":{\"@type\":\"EntryPoint\",\"urlTemplate\":\"https:\\\/\\\/www.theconservative.online\\\/cs?s={search_term_string}\"},\"query-input\":{\"@type\":\"PropertyValueSpecification\",\"valueRequired\":true,\"valueName\":\"search_term_string\"}}],\"inLanguage\":\"cs\"},{\"@type\":\"Person\",\"@id\":\"https:\\\/\\\/www.theconservative.online\\\/cs#\\\/schema\\\/person\\\/769a6928b1a6145a095dde8677e8dc31\",\"name\":\"Richard S\u00f6rman\",\"image\":{\"@type\":\"ImageObject\",\"inLanguage\":\"cs\",\"@id\":\"https:\\\/\\\/secure.gravatar.com\\\/avatar\\\/31160c632b280151f52ca490d363172fd554ee64571053ac4dfe486bab7399f5?s=96&d=mm&r=g\",\"url\":\"https:\\\/\\\/secure.gravatar.com\\\/avatar\\\/31160c632b280151f52ca490d363172fd554ee64571053ac4dfe486bab7399f5?s=96&d=mm&r=g\",\"contentUrl\":\"https:\\\/\\\/secure.gravatar.com\\\/avatar\\\/31160c632b280151f52ca490d363172fd554ee64571053ac4dfe486bab7399f5?s=96&d=mm&r=g\",\"caption\":\"Richard S\u00f6rman\"},\"url\":\"https:\\\/\\\/www.theconservative.online\\\/cs\\\/author\\\/riks-euspec-2025-2026\"}]}<\/script>\n<!-- \/ Yoast SEO plugin. -->","yoast_head_json":{"title":"Sjednocen\u00e1 pravice mus\u00ed zd\u016fraznit vnit\u0159n\u00ed rozd\u00edly - The Conservative","robots":{"index":"index","follow":"follow","max-snippet":"max-snippet:-1","max-image-preview":"max-image-preview:large","max-video-preview":"max-video-preview:-1"},"canonical":"https:\/\/www.theconservative.online\/cs\/sjednocena-pravice-musi-zduraznit-vnitrni-rozdily","og_locale":"cs_CZ","og_type":"article","og_title":"Sjednocen\u00e1 pravice mus\u00ed zd\u016fraznit vnit\u0159n\u00ed rozd\u00edly - The Conservative","og_description":"\u0160v\u00e9dsko se chyst\u00e1 k volb\u00e1m 13. z\u00e1\u0159\u00ed. Dosavadn\u00ed pravicov\u00e1 vl\u00e1da v pr\u016fzkumech ve\u0159ejn\u00e9ho m\u00edn\u011bn\u00ed zaost\u00e1v\u00e1 a dva t\u00fddny p\u0159ed volbami v\u011bt\u0161ina sign\u00e1l\u016f nazna\u010duje v\u00edt\u011bzstv\u00ed levice, i kdy\u017e pravice v posledn\u00ed dob\u011b za\u010dala m\u00edrn\u011b posilovat. Jednou z v\u00fdzev, p\u0159ed nimi\u017e pravice stoj\u00ed, je to, \u017ee mnoho voli\u010d\u016f st\u00e1le v\u00e1h\u00e1 s podporou \u0160v\u00e9dsk\u00fdch demokrat\u016f, strany charakterizovan\u00e9 pravicov\u00fdm [&hellip;]","og_url":"https:\/\/www.theconservative.online\/cs\/sjednocena-pravice-musi-zduraznit-vnitrni-rozdily","og_site_name":"The Conservative","article_published_time":"2026-08-31T13:57:40+00:00","og_image":[{"width":1000,"height":667,"url":"https:\/\/www.theconservative.online\/wp-content\/uploads\/2026\/08\/Sverigebild.jpg","type":"image\/jpeg"}],"author":"Richard S\u00f6rman","twitter_card":"summary_large_image","twitter_misc":{"Napsal(a)":"Richard S\u00f6rman","Odhadovan\u00e1 doba \u010dten\u00ed":"4 minuty"},"schema":{"@context":"https:\/\/schema.org","@graph":[{"@type":"Article","@id":"https:\/\/www.theconservative.online\/cs\/sjednocena-pravice-musi-zduraznit-vnitrni-rozdily#article","isPartOf":{"@id":"https:\/\/www.theconservative.online\/cs\/sjednocena-pravice-musi-zduraznit-vnitrni-rozdily"},"author":{"name":"Richard S\u00f6rman","@id":"https:\/\/www.theconservative.online\/cs#\/schema\/person\/769a6928b1a6145a095dde8677e8dc31"},"headline":"Sjednocen\u00e1 pravice mus\u00ed zd\u016fraznit vnit\u0159n\u00ed rozd\u00edly","datePublished":"2026-08-31T13:57:40+00:00","mainEntityOfPage":{"@id":"https:\/\/www.theconservative.online\/cs\/sjednocena-pravice-musi-zduraznit-vnitrni-rozdily"},"wordCount":862,"image":{"@id":"https:\/\/www.theconservative.online\/cs\/sjednocena-pravice-musi-zduraznit-vnitrni-rozdily#primaryimage"},"thumbnailUrl":"https:\/\/www.theconservative.online\/wp-content\/uploads\/2026\/08\/Sverigebild.jpg","keywords":["#elections26","#rightwinggovernment","#swedendemocrats","#swedishelections","Sweden"],"articleSection":["Budov\u00e1n\u00ed konzervativn\u00ed Evropy","Politika"],"inLanguage":"cs"},{"@type":"WebPage","@id":"https:\/\/www.theconservative.online\/cs\/sjednocena-pravice-musi-zduraznit-vnitrni-rozdily","url":"https:\/\/www.theconservative.online\/cs\/sjednocena-pravice-musi-zduraznit-vnitrni-rozdily","name":"Sjednocen\u00e1 pravice mus\u00ed zd\u016fraznit vnit\u0159n\u00ed rozd\u00edly - The Conservative","isPartOf":{"@id":"https:\/\/www.theconservative.online\/cs#website"},"primaryImageOfPage":{"@id":"https:\/\/www.theconservative.online\/cs\/sjednocena-pravice-musi-zduraznit-vnitrni-rozdily#primaryimage"},"image":{"@id":"https:\/\/www.theconservative.online\/cs\/sjednocena-pravice-musi-zduraznit-vnitrni-rozdily#primaryimage"},"thumbnailUrl":"https:\/\/www.theconservative.online\/wp-content\/uploads\/2026\/08\/Sverigebild.jpg","datePublished":"2026-08-31T13:57:40+00:00","author":{"@id":"https:\/\/www.theconservative.online\/cs#\/schema\/person\/769a6928b1a6145a095dde8677e8dc31"},"breadcrumb":{"@id":"https:\/\/www.theconservative.online\/cs\/sjednocena-pravice-musi-zduraznit-vnitrni-rozdily#breadcrumb"},"inLanguage":"cs","potentialAction":[{"@type":"ReadAction","target":["https:\/\/www.theconservative.online\/cs\/sjednocena-pravice-musi-zduraznit-vnitrni-rozdily"]}]},{"@type":"ImageObject","inLanguage":"cs","@id":"https:\/\/www.theconservative.online\/cs\/sjednocena-pravice-musi-zduraznit-vnitrni-rozdily#primaryimage","url":"https:\/\/www.theconservative.online\/wp-content\/uploads\/2026\/08\/Sverigebild.jpg","contentUrl":"https:\/\/www.theconservative.online\/wp-content\/uploads\/2026\/08\/Sverigebild.jpg","width":1000,"height":667},{"@type":"BreadcrumbList","@id":"https:\/\/www.theconservative.online\/cs\/sjednocena-pravice-musi-zduraznit-vnitrni-rozdily#breadcrumb","itemListElement":[{"@type":"ListItem","position":1,"name":"Home","item":"https:\/\/www.theconservative.online\/cs"},{"@type":"ListItem","position":2,"name":"Sjednocen\u00e1 pravice mus\u00ed zd\u016fraznit vnit\u0159n\u00ed rozd\u00edly"}]},{"@type":"WebSite","@id":"https:\/\/www.theconservative.online\/cs#website","url":"https:\/\/www.theconservative.online\/cs","name":"The Conservative","description":"","potentialAction":[{"@type":"SearchAction","target":{"@type":"EntryPoint","urlTemplate":"https:\/\/www.theconservative.online\/cs?s={search_term_string}"},"query-input":{"@type":"PropertyValueSpecification","valueRequired":true,"valueName":"search_term_string"}}],"inLanguage":"cs"},{"@type":"Person","@id":"https:\/\/www.theconservative.online\/cs#\/schema\/person\/769a6928b1a6145a095dde8677e8dc31","name":"Richard S\u00f6rman","image":{"@type":"ImageObject","inLanguage":"cs","@id":"https:\/\/secure.gravatar.com\/avatar\/31160c632b280151f52ca490d363172fd554ee64571053ac4dfe486bab7399f5?s=96&d=mm&r=g","url":"https:\/\/secure.gravatar.com\/avatar\/31160c632b280151f52ca490d363172fd554ee64571053ac4dfe486bab7399f5?s=96&d=mm&r=g","contentUrl":"https:\/\/secure.gravatar.com\/avatar\/31160c632b280151f52ca490d363172fd554ee64571053ac4dfe486bab7399f5?s=96&d=mm&r=g","caption":"Richard S\u00f6rman"},"url":"https:\/\/www.theconservative.online\/cs\/author\/riks-euspec-2025-2026"}]}},"acf":[],"_links":{"self":[{"href":"https:\/\/www.theconservative.online\/cs\/wp-json\/wp\/v2\/posts\/62935","targetHints":{"allow":["GET"]}}],"collection":[{"href":"https:\/\/www.theconservative.online\/cs\/wp-json\/wp\/v2\/posts"}],"about":[{"href":"https:\/\/www.theconservative.online\/cs\/wp-json\/wp\/v2\/types\/post"}],"author":[{"embeddable":true,"href":"https:\/\/www.theconservative.online\/cs\/wp-json\/wp\/v2\/users\/85"}],"replies":[{"embeddable":true,"href":"https:\/\/www.theconservative.online\/cs\/wp-json\/wp\/v2\/comments?post=62935"}],"version-history":[{"count":0,"href":"https:\/\/www.theconservative.online\/cs\/wp-json\/wp\/v2\/posts\/62935\/revisions"}],"wp:featuredmedia":[{"embeddable":true,"href":"https:\/\/www.theconservative.online\/cs\/wp-json\/wp\/v2\/media\/62881"}],"wp:attachment":[{"href":"https:\/\/www.theconservative.online\/cs\/wp-json\/wp\/v2\/media?parent=62935"}],"wp:term":[{"taxonomy":"category","embeddable":true,"href":"https:\/\/www.theconservative.online\/cs\/wp-json\/wp\/v2\/categories?post=62935"},{"taxonomy":"post_tag","embeddable":true,"href":"https:\/\/www.theconservative.online\/cs\/wp-json\/wp\/v2\/tags?post=62935"},{"taxonomy":"editorial-positions","embeddable":true,"href":"https:\/\/www.theconservative.online\/cs\/wp-json\/wp\/v2\/editorial-positions?post=62935"},{"taxonomy":"regions","embeddable":true,"href":"https:\/\/www.theconservative.online\/cs\/wp-json\/wp\/v2\/regions?post=62935"},{"taxonomy":"types","embeddable":true,"href":"https:\/\/www.theconservative.online\/cs\/wp-json\/wp\/v2\/types?post=62935"}],"curies":[{"name":"wp","href":"https:\/\/api.w.org\/{rel}","templated":true}]}}