{"id":62940,"date":"2026-08-30T12:10:48","date_gmt":"2026-08-30T12:10:48","guid":{"rendered":"https:\/\/www.theconservative.online\/proc-island-odmitl-clenstvi-v-eu"},"modified":"2026-08-30T12:10:48","modified_gmt":"2026-08-30T12:10:48","slug":"proc-island-odmitl-clenstvi-v-eu","status":"publish","type":"post","link":"https:\/\/www.theconservative.online\/cs\/proc-island-odmitl-clenstvi-v-eu","title":{"rendered":"Pro\u010d Island odm\u00edtl \u010dlenstv\u00ed v EU"},"content":{"rendered":"<p style=\"font-weight: 400;\">V referendu konan\u00e9m 29. srpna 2026 Island odm\u00edtl jedn\u00e1n\u00ed o \u010dlenstv\u00ed v EU z p\u011bti d\u016fvod\u016f: t\u0159\u00ed ekonomick\u00fdch a dvou existen\u010dn\u00edch. Zaprv\u00e9, volba nebyla mezi izolac\u00ed a Evropou. Island byl od roku 1994 \u010dlenem Evropsk\u00e9ho hospod\u00e1\u0159sk\u00e9ho prostoru spolu s Norskem, Lichten\u0161tejnskem a z praktick\u00fdch d\u016fvod\u016f tak\u00e9 se \u0160v\u00fdcarskem. To znamenalo, \u017ee Island byl sou\u010d\u00e1st\u00ed jednotn\u00e9ho trhu, zat\u00edmco rybolov, zem\u011bd\u011blstv\u00ed, zahrani\u010dn\u00ed obchod a m\u011bnov\u00e9 z\u00e1le\u017eitosti nespadaly pod kontrolu EU. Za druh\u00e9, Islan\u010fan\u00e9 necht\u011bli p\u0159enechat kontrolu nad t\u011bmito \u010dty\u0159mi d\u016fle\u017eit\u00fdmi odv\u011btv\u00edmi EU, zejm\u00e9na nad sv\u00fdm udr\u017eiteln\u00fdm a ziskov\u00fdm rybolovem, a ztratit tak mo\u017enost uzav\u00edrat dohody o voln\u00e9m obchodu se zem\u011bmi, jako jsou \u010c\u00edna, Indie, USA a Braz\u00edlie. T\u0159et\u00edm ekonomick\u00fdm d\u016fvodem bylo, \u017ee prosperuj\u00edc\u00ed Island by do EU p\u0159isp\u00edval mnohem v\u00edce, ne\u017e by od n\u00ed z\u00edskal. Islan\u010fan\u00e9 nebyli nad\u0161eni, kdy\u017e <em>server Politico<\/em> citoval \u00fa\u0159edn\u00edka EU, kter\u00fd \u0159ekl, \u017ee douf\u00e1, \u017ee se Island a \u010cern\u00e1 Hora p\u0159ipoj\u00ed sou\u010dasn\u011b, proto\u017ee zisk z Islandu by pokryl n\u00e1klady spojen\u00e9 s \u010cernou Horou. <\/p>\n<h3 style=\"font-weight: 400;\">Perspektivy EU<\/h3>\n<p style=\"font-weight: 400;\">Jedn\u00edm z z\u00e1sadn\u00edch d\u016fvod\u016f zam\u00edtnut\u00ed \u010dlenstv\u00ed bylo to, \u017ee vyhl\u00eddky EU se jev\u00ed jako nep\u0159\u00edli\u0161 r\u016f\u017eov\u00e9. V bl\u00edzk\u00e9 budoucnosti ji \u010dekaj\u00ed zna\u010dn\u00e9 finan\u010dn\u00ed v\u00fdzvy: nefinancovan\u00e9 d\u016fchodov\u00e9 z\u00e1vazky, zat\u00edmco islandsk\u00fd d\u016fchodov\u00fd syst\u00e9m pat\u0159\u00ed k nejpevn\u011bj\u0161\u00edm na sv\u011bt\u011b; p\u0159etrv\u00e1vaj\u00edc\u00ed rozpo\u010dtov\u00e9 schodky v mnoha \u010dlensk\u00fdch zem\u00edch; zna\u010dn\u00e9 pl\u00e1novan\u00e9 v\u00fddaje na vojensk\u00e9 kapacity, zat\u00edmco Island m\u00e1 obrannou smlouvu s USA; a nevyhnuteln\u00e9 n\u00e1klady spojen\u00e9 s dev\u00edti relativn\u011b chud\u00fdmi kandid\u00e1tsk\u00fdmi zem\u011bmi v jihov\u00fdchodn\u00ed Evrop\u011b. Navzdory t\u011bmto v\u00fdzv\u00e1m se bruselsk\u00e1 elita <a href=\"https:\/\/www.theconservative.online\/verhofstadts-epistle-to-the-icelanders\">sna\u017e\u00ed<\/a> p\u0159em\u011bnit EU na feder\u00e1ln\u00ed st\u00e1t, a to proti v\u016fli v\u011bt\u0161iny evropsk\u00fdch voli\u010d\u016f.<\/p><div class='related_content'><span>RELATED<\/span><ul><li><a href='https:\/\/www.theconservative.online\/cs\/islandske-ne-a-evropa-narodu'>Islandsk\u00e9 \u201ene\u201c a Evropa n\u00e1rod\u016f<\/li><\/a><li><a href='https:\/\/www.theconservative.online\/cs\/nekolik-uvah-v-navaznosti-na-projev-komisare-pro-rozsireni-v-zahrebu'>N\u011bkolik \u00favah v n\u00e1vaznosti na projev komisa\u0159e pro roz\u0161\u00ed\u0159en\u00ed v Z\u00e1h\u0159ebu<\/li><\/a><li><a href='https:\/\/www.theconservative.online\/cs\/evropska-prumyslova-transformace-klade-duraz-na-cinu-energetiku-a-investice'>Evropsk\u00e1 pr\u016fmyslov\u00e1 transformace klade d\u016fraz na \u010c\u00ednu, energetiku a investice<\/li><\/a><\/ul><\/div>\n<h3 style=\"font-weight: 400;\">Siln\u00e1 n\u00e1rodn\u00ed identita<\/h3>\n<p style=\"font-weight: 400;\">Dal\u0161\u00ed existenci\u00e1ln\u00ed d\u016fvod m\u016f\u017ee vysv\u011btlovat, pro\u010d se islandsk\u00e1 pravice i levice spojily proti \u010dlenstv\u00ed v EU, p\u0159i\u010dem\u017e podpora EU se omezovala p\u0159ev\u00e1\u017en\u011b na m\u011bstsk\u00e9 intelektu\u00e1ly a zam\u011bstnance ve ve\u0159ejn\u00e9 spr\u00e1v\u011b. Jedn\u00e1 se o silnou <a href=\"https:\/\/www.theconservative.online\/the-eu-and-icelandic-exceptionalism\">islandskou n\u00e1rodn\u00ed identitu<\/a>, kter\u00e1 se utv\u00e1\u0159ela v boji za nez\u00e1vislost v 19. stolet\u00ed a vyvrcholila t\u00edm, \u017ee D\u00e1nsko v roce 1918 p\u0159iznalo Islandu suverenitu. Tato identita byla d\u00e1le pos\u00edlena \u010dty\u0159mi \u201etreskov\u00fdmi v\u00e1lkami\u201c, kter\u00e9 Island vedl a\u017e do roku 1976, aby z\u00edskal kontrolu nad \u00farodn\u00fdmi rybolovn\u00fdmi rev\u00edry obklopuj\u00edc\u00edmi ostrov. Tato n\u00e1rodn\u00ed identita spo\u010d\u00edvala na vzpom\u00ednce na nez\u00e1visl\u00e9 islandsk\u00e9 spole\u010denstv\u00ed (930\u20131262), kter\u00e9 bylo \u0159\u00edzeno z\u00e1kony sp\u00ed\u0161e ne\u017e kr\u00e1lem, stejn\u011b jako na vzpom\u00ednce na temn\u00e9 obdob\u00ed, kter\u00e9 n\u00e1sledovalo, kdy se Island musel podrobit nejprve norsk\u00e9mu a pot\u00e9 d\u00e1nsk\u00e9mu kr\u00e1li. Nen\u00ed tedy p\u0159ekvapen\u00edm, \u017ee n\u011bkte\u0159\u00ed z m\u00fdch koleg\u016f na Islandsk\u00e9 univerzit\u011b, jako nap\u0159\u00edklad profeso\u0159i Baldur Th\u00f3rhallsson a <a href=\"https:\/\/www.dv.is\/eyjan\/2026\/08\/13\/gudmundur-jardar-lifseiga-soguskodun-thetta-stenst-ekki-sogulega-skodun\">Gudmundur H\u00e1lfdanarson<\/a>, kte\u0159\u00ed byli velkoryse financov\u00e1ni EU, se sna\u017eili tuto vzpom\u00ednku co nejv\u00edce znev\u00e1\u017eit a dokonce z n\u00ed d\u011blat ter\u010d posm\u011bchu.  <\/p>\n<h3 style=\"font-weight: 400;\">Vtipn\u00fd slogan<\/h3>\n<p style=\"font-weight: 400;\">T\u011bchto p\u011bt d\u016fvod\u016f, pro\u010d nevstoupit do EU, p\u0159edstavili odp\u016frci v r\u00e1mci dob\u0159e zorganizovan\u00e9 a t\u00e9m\u011b\u0159 bezchybn\u00e9 kampan\u011b. Zast\u00e1nci vstupu se naopak op\u00edrali hlavn\u011b o jeden chytr\u00fd slogan, <em>\u201eJ\u00e1 til ad sj\u00e1\u201c<\/em>, kter\u00fd se do angli\u010dtiny p\u0159ekl\u00e1d\u00e1 jen obt\u00ed\u017en\u011b. Ve sv\u00e9 obdivuhodn\u00e9 stru\u010dnosti to ve skute\u010dnosti znamen\u00e1: Hlasujte \u201eano\u201c, abyste zjistili, co m\u016f\u017ee EU Islandu nab\u00eddnout v r\u00e1mci jedn\u00e1n\u00ed. Kdo by proti tomu mohl b\u00fdt? Samoz\u0159ejm\u011b jen ti, kte\u0159\u00ed si p\u0159e\u010detli podrobn\u00e9 pokyny EU pro kandid\u00e1tsk\u00e9 zem\u011b.<\/p>\n<h3 style=\"font-weight: 400;\">Zlomysln\u00e9 osobn\u00ed \u00fatoky<\/h3>\n<p style=\"font-weight: 400;\">T\u00e1bor zast\u00e1nc\u016f \u201eano\u201c se rovn\u011b\u017e op\u00edral o t\u0159i taktiky. Jednou z nich bylo slibovat, \u017ee pokud se Island p\u0159ipoj\u00ed k EU, dos\u00e1hne mnohem vy\u0161\u0161\u00ed \u017eivotn\u00ed \u00farovn\u011b, ne\u017e jakou m\u00e1 nyn\u00ed. To v\u0161ak nebylo p\u0159esv\u011bd\u010div\u00e9 v zemi, kter\u00e1 je mnohem prosperuj\u00edc\u00ed ne\u017e v\u011bt\u0161ina zem\u00ed EU. Druh\u00fdm trikem bylo u\u010dinit z americk\u00e9ho prezidenta Donalda Trumpa t\u00e9ma kampan\u011b. Ani to v\u0161ak nefungovalo. Bezohledn\u00e9 v\u00fdroky prezidenta, jemu\u017e zb\u00fdvaj\u00ed do konce funk\u010dn\u00edho obdob\u00ed pouh\u00e9 dva a p\u016fl roku, nem\u011bn\u00ed dlouhodobou zahrani\u010dn\u00ed politiku n\u00e1roda. T\u0159et\u00edm trikem byly z\u00e1ke\u0159n\u00e9 osobn\u00ed \u00fatoky na dva nej\u00fa\u010dinn\u011bj\u0161\u00ed mluv\u010d\u00ed t\u00e1bora \u201ene\u201c, dr. Carla Baudenbachera, mezin\u00e1rodn\u011b uzn\u00e1van\u00e9ho odborn\u00edka na evropsk\u00e9 pr\u00e1vo, kter\u00fd v roce 2013 jako p\u0159edseda Soudn\u00edho dvora ESVO rozhodl ve prosp\u011bch Islandu v <a href=\"https:\/\/www.theconservative.online\/cs\/dva-cizinci-kteri-zachranili-island\">d\u016fle\u017eit\u00e9m p\u0159\u00edpadu<\/a> t\u00fdkaj\u00edc\u00edho se z\u00e1vazk\u016f vypl\u00fdvaj\u00edc\u00edch z krachu islandsk\u00fdch bank v roce 2008, a \u00d3lafura Ragnara Gr\u00edmssona, kter\u00fd byl islandsk\u00fdm prezidentem po dobu dvaceti let, v letech 1996\u20132016. Dr. Baudenbacher vydal <a href=\"https:\/\/www.theconservative.online\/cs?p=61994\">knihu<\/a> o Islandu a EU a p\u0159ednesl p\u0159edn\u00e1\u0161ku p\u0159ed zapln\u011bn\u00fdm s\u00e1lem. \u00d3lafur Ragnar p\u0159ednesl \u0159adu poutav\u00fdch projev\u016f a poskytl \u0159adu televizn\u00edch rozhovor\u016f. \u00datoky t\u00e1bora zast\u00e1nc\u016f \u201eano\u201c na n\u011b se obr\u00e1tily proti nim. <\/p>\n<p style=\"font-weight: 400;\">(Na fotografii je zachycen Dr. Baudenbacher p\u0159i p\u0159edn\u00e1\u0161ce dne 10. srpna 2026, p\u0159i\u010dem\u017e zased\u00e1n\u00ed p\u0159edsedal \u00d3lafur Ragnar Gr\u00edmsson.)<\/p>\n<\/p>","protected":false},"excerpt":{"rendered":"<p>V referendu konan\u00e9m 29. srpna 2026 Island odm\u00edtl jedn\u00e1n\u00ed o \u010dlenstv\u00ed v EU z p\u011bti d\u016fvod\u016f: t\u0159\u00ed ekonomick\u00fdch a dvou existen\u010dn\u00edch. Zaprv\u00e9, volba nebyla mezi izolac\u00ed a Evropou. Island byl od roku 1994 \u010dlenem Evropsk\u00e9ho hospod\u00e1\u0159sk\u00e9ho prostoru spolu s Norskem, Lichten\u0161tejnskem a z praktick\u00fdch d\u016fvod\u016f tak\u00e9 se \u0160v\u00fdcarskem. To znamenalo, \u017ee Island byl sou\u010d\u00e1st\u00ed jednotn\u00e9ho [&hellip;]<\/p>\n","protected":false},"author":82,"featured_media":62811,"comment_status":"closed","ping_status":"closed","sticky":false,"template":"","format":"standard","meta":{"footnotes":""},"categories":[182,181,158,2059],"tags":[3388,599,72,1028,3482],"editorial-positions":[],"regions":[344],"types":[449],"class_list":["post-62940","post","type-post","status-publish","format-standard","has-post-thumbnail","hentry","category-eseje-cs","category-kultura-cs","category-politika","category-svet","tag-european-economic-area","tag-european-union","tag-iceland","tag-nationalism","tag-single-market","regions-northern-europe-cs","types-opinion-cs"],"yoast_head":"<!-- This site is optimized with the Yoast SEO plugin v28.0 - https:\/\/yoast.com\/product\/yoast-seo-wordpress\/ -->\n<title>Pro\u010d Island odm\u00edtl \u010dlenstv\u00ed v EU - The Conservative<\/title>\n<meta name=\"robots\" content=\"index, follow, max-snippet:-1, max-image-preview:large, max-video-preview:-1\" \/>\n<link rel=\"canonical\" href=\"https:\/\/www.theconservative.online\/cs\/proc-island-odmitl-clenstvi-v-eu\" \/>\n<meta property=\"og:locale\" content=\"cs_CZ\" \/>\n<meta property=\"og:type\" content=\"article\" \/>\n<meta property=\"og:title\" content=\"Pro\u010d Island odm\u00edtl \u010dlenstv\u00ed v EU - The Conservative\" \/>\n<meta property=\"og:description\" content=\"V referendu konan\u00e9m 29. srpna 2026 Island odm\u00edtl jedn\u00e1n\u00ed o \u010dlenstv\u00ed v EU z p\u011bti d\u016fvod\u016f: t\u0159\u00ed ekonomick\u00fdch a dvou existen\u010dn\u00edch. Zaprv\u00e9, volba nebyla mezi izolac\u00ed a Evropou. Island byl od roku 1994 \u010dlenem Evropsk\u00e9ho hospod\u00e1\u0159sk\u00e9ho prostoru spolu s Norskem, Lichten\u0161tejnskem a z praktick\u00fdch d\u016fvod\u016f tak\u00e9 se \u0160v\u00fdcarskem. To znamenalo, \u017ee Island byl sou\u010d\u00e1st\u00ed jednotn\u00e9ho [&hellip;]\" \/>\n<meta property=\"og:url\" content=\"https:\/\/www.theconservative.online\/cs\/proc-island-odmitl-clenstvi-v-eu\" \/>\n<meta property=\"og:site_name\" content=\"The Conservative\" \/>\n<meta property=\"article:author\" content=\"https:\/\/www.facebook.com\/hannes.h.gissurarson\" \/>\n<meta property=\"article:published_time\" content=\"2026-08-30T12:10:48+00:00\" \/>\n<meta property=\"og:image\" content=\"https:\/\/www.theconservative.online\/wp-content\/uploads\/2026\/08\/Baudenbacher.OlafurRagnar.jpg\" \/>\n\t<meta property=\"og:image:width\" content=\"944\" \/>\n\t<meta property=\"og:image:height\" content=\"537\" \/>\n\t<meta property=\"og:image:type\" content=\"image\/jpeg\" \/>\n<meta name=\"author\" content=\"Hannes Gissurarson\" \/>\n<meta name=\"twitter:card\" content=\"summary_large_image\" \/>\n<meta name=\"twitter:creator\" content=\"@HHGConferences\" \/>\n<meta name=\"twitter:label1\" content=\"Napsal(a)\" \/>\n\t<meta name=\"twitter:data1\" content=\"Hannes Gissurarson\" \/>\n\t<meta name=\"twitter:label2\" content=\"Odhadovan\u00e1 doba \u010dten\u00ed\" \/>\n\t<meta name=\"twitter:data2\" content=\"5 minut\" \/>\n<script type=\"application\/ld+json\" class=\"yoast-schema-graph\">{\"@context\":\"https:\\\/\\\/schema.org\",\"@graph\":[{\"@type\":\"Article\",\"@id\":\"https:\\\/\\\/www.theconservative.online\\\/cs\\\/proc-island-odmitl-clenstvi-v-eu#article\",\"isPartOf\":{\"@id\":\"https:\\\/\\\/www.theconservative.online\\\/cs\\\/proc-island-odmitl-clenstvi-v-eu\"},\"author\":{\"name\":\"Hannes Gissurarson\",\"@id\":\"https:\\\/\\\/www.theconservative.online\\\/cs#\\\/schema\\\/person\\\/f846a1e867ea22696d18c11389594bf5\"},\"headline\":\"Pro\u010d Island odm\u00edtl \u010dlenstv\u00ed v EU\",\"datePublished\":\"2026-08-30T12:10:48+00:00\",\"mainEntityOfPage\":{\"@id\":\"https:\\\/\\\/www.theconservative.online\\\/cs\\\/proc-island-odmitl-clenstvi-v-eu\"},\"wordCount\":945,\"image\":{\"@id\":\"https:\\\/\\\/www.theconservative.online\\\/cs\\\/proc-island-odmitl-clenstvi-v-eu#primaryimage\"},\"thumbnailUrl\":\"https:\\\/\\\/www.theconservative.online\\\/wp-content\\\/uploads\\\/2026\\\/08\\\/Baudenbacher.OlafurRagnar.jpg\",\"keywords\":[\"European Economic Area\",\"European Union\",\"Iceland\",\"Nationalism\",\"Single Market\"],\"articleSection\":[\"Eseje\",\"Kultura\",\"Politika\",\"Sv\u011bt\"],\"inLanguage\":\"cs\"},{\"@type\":\"WebPage\",\"@id\":\"https:\\\/\\\/www.theconservative.online\\\/cs\\\/proc-island-odmitl-clenstvi-v-eu\",\"url\":\"https:\\\/\\\/www.theconservative.online\\\/cs\\\/proc-island-odmitl-clenstvi-v-eu\",\"name\":\"Pro\u010d Island odm\u00edtl \u010dlenstv\u00ed v EU - The Conservative\",\"isPartOf\":{\"@id\":\"https:\\\/\\\/www.theconservative.online\\\/cs#website\"},\"primaryImageOfPage\":{\"@id\":\"https:\\\/\\\/www.theconservative.online\\\/cs\\\/proc-island-odmitl-clenstvi-v-eu#primaryimage\"},\"image\":{\"@id\":\"https:\\\/\\\/www.theconservative.online\\\/cs\\\/proc-island-odmitl-clenstvi-v-eu#primaryimage\"},\"thumbnailUrl\":\"https:\\\/\\\/www.theconservative.online\\\/wp-content\\\/uploads\\\/2026\\\/08\\\/Baudenbacher.OlafurRagnar.jpg\",\"datePublished\":\"2026-08-30T12:10:48+00:00\",\"author\":{\"@id\":\"https:\\\/\\\/www.theconservative.online\\\/cs#\\\/schema\\\/person\\\/f846a1e867ea22696d18c11389594bf5\"},\"breadcrumb\":{\"@id\":\"https:\\\/\\\/www.theconservative.online\\\/cs\\\/proc-island-odmitl-clenstvi-v-eu#breadcrumb\"},\"inLanguage\":\"cs\",\"potentialAction\":[{\"@type\":\"ReadAction\",\"target\":[\"https:\\\/\\\/www.theconservative.online\\\/cs\\\/proc-island-odmitl-clenstvi-v-eu\"]}]},{\"@type\":\"ImageObject\",\"inLanguage\":\"cs\",\"@id\":\"https:\\\/\\\/www.theconservative.online\\\/cs\\\/proc-island-odmitl-clenstvi-v-eu#primaryimage\",\"url\":\"https:\\\/\\\/www.theconservative.online\\\/wp-content\\\/uploads\\\/2026\\\/08\\\/Baudenbacher.OlafurRagnar.jpg\",\"contentUrl\":\"https:\\\/\\\/www.theconservative.online\\\/wp-content\\\/uploads\\\/2026\\\/08\\\/Baudenbacher.OlafurRagnar.jpg\",\"width\":944,\"height\":537},{\"@type\":\"BreadcrumbList\",\"@id\":\"https:\\\/\\\/www.theconservative.online\\\/cs\\\/proc-island-odmitl-clenstvi-v-eu#breadcrumb\",\"itemListElement\":[{\"@type\":\"ListItem\",\"position\":1,\"name\":\"Home\",\"item\":\"https:\\\/\\\/www.theconservative.online\\\/cs\"},{\"@type\":\"ListItem\",\"position\":2,\"name\":\"Pro\u010d Island odm\u00edtl \u010dlenstv\u00ed v EU\"}]},{\"@type\":\"WebSite\",\"@id\":\"https:\\\/\\\/www.theconservative.online\\\/cs#website\",\"url\":\"https:\\\/\\\/www.theconservative.online\\\/cs\",\"name\":\"The Conservative\",\"description\":\"\",\"potentialAction\":[{\"@type\":\"SearchAction\",\"target\":{\"@type\":\"EntryPoint\",\"urlTemplate\":\"https:\\\/\\\/www.theconservative.online\\\/cs?s={search_term_string}\"},\"query-input\":{\"@type\":\"PropertyValueSpecification\",\"valueRequired\":true,\"valueName\":\"search_term_string\"}}],\"inLanguage\":\"cs\"},{\"@type\":\"Person\",\"@id\":\"https:\\\/\\\/www.theconservative.online\\\/cs#\\\/schema\\\/person\\\/f846a1e867ea22696d18c11389594bf5\",\"name\":\"Hannes Gissurarson\",\"image\":{\"@type\":\"ImageObject\",\"inLanguage\":\"cs\",\"@id\":\"https:\\\/\\\/secure.gravatar.com\\\/avatar\\\/5b34f276b6474dfca32871d1defaa3703e4969d4d69ff8b5a2542fc232dc85a6?s=96&d=mm&r=g\",\"url\":\"https:\\\/\\\/secure.gravatar.com\\\/avatar\\\/5b34f276b6474dfca32871d1defaa3703e4969d4d69ff8b5a2542fc232dc85a6?s=96&d=mm&r=g\",\"contentUrl\":\"https:\\\/\\\/secure.gravatar.com\\\/avatar\\\/5b34f276b6474dfca32871d1defaa3703e4969d4d69ff8b5a2542fc232dc85a6?s=96&d=mm&r=g\",\"caption\":\"Hannes Gissurarson\"},\"description\":\"Born in 1953. D. Phil. Politics Oxford 1985. Professor of Politics 1988\u20132023. Professor Emeritus since 2023. Member of the Board of Directors Mont Pelerin Society 1998\u20132004. Member of the Board of Overseers Central Bank of Iceland 2001\u20132009. Visiting Scholar, Hoover Institution and many universities.\",\"sameAs\":[\"https:\\\/\\\/www.facebook.com\\\/hannes.h.gissurarson\",\"https:\\\/\\\/www.instagram.com\\\/hannes1953\\\/\",\"https:\\\/\\\/www.linkedin.com\\\/in\\\/hannes-gissurarson-90485239\\\/\",\"https:\\\/\\\/x.com\\\/HHGConferences\",\"https:\\\/\\\/en.wikipedia.org\\\/wiki\\\/Hannes_H\u00f3lmsteinn_Gissurarson\"],\"url\":\"https:\\\/\\\/www.theconservative.online\\\/cs\\\/author\\\/hannes-eunat-2025-26\"}]}<\/script>\n<!-- \/ Yoast SEO plugin. -->","yoast_head_json":{"title":"Pro\u010d Island odm\u00edtl \u010dlenstv\u00ed v EU - The Conservative","robots":{"index":"index","follow":"follow","max-snippet":"max-snippet:-1","max-image-preview":"max-image-preview:large","max-video-preview":"max-video-preview:-1"},"canonical":"https:\/\/www.theconservative.online\/cs\/proc-island-odmitl-clenstvi-v-eu","og_locale":"cs_CZ","og_type":"article","og_title":"Pro\u010d Island odm\u00edtl \u010dlenstv\u00ed v EU - The Conservative","og_description":"V referendu konan\u00e9m 29. srpna 2026 Island odm\u00edtl jedn\u00e1n\u00ed o \u010dlenstv\u00ed v EU z p\u011bti d\u016fvod\u016f: t\u0159\u00ed ekonomick\u00fdch a dvou existen\u010dn\u00edch. Zaprv\u00e9, volba nebyla mezi izolac\u00ed a Evropou. Island byl od roku 1994 \u010dlenem Evropsk\u00e9ho hospod\u00e1\u0159sk\u00e9ho prostoru spolu s Norskem, Lichten\u0161tejnskem a z praktick\u00fdch d\u016fvod\u016f tak\u00e9 se \u0160v\u00fdcarskem. To znamenalo, \u017ee Island byl sou\u010d\u00e1st\u00ed jednotn\u00e9ho [&hellip;]","og_url":"https:\/\/www.theconservative.online\/cs\/proc-island-odmitl-clenstvi-v-eu","og_site_name":"The Conservative","article_author":"https:\/\/www.facebook.com\/hannes.h.gissurarson","article_published_time":"2026-08-30T12:10:48+00:00","og_image":[{"width":944,"height":537,"url":"https:\/\/www.theconservative.online\/wp-content\/uploads\/2026\/08\/Baudenbacher.OlafurRagnar.jpg","type":"image\/jpeg"}],"author":"Hannes Gissurarson","twitter_card":"summary_large_image","twitter_creator":"@HHGConferences","twitter_misc":{"Napsal(a)":"Hannes Gissurarson","Odhadovan\u00e1 doba \u010dten\u00ed":"5 minut"},"schema":{"@context":"https:\/\/schema.org","@graph":[{"@type":"Article","@id":"https:\/\/www.theconservative.online\/cs\/proc-island-odmitl-clenstvi-v-eu#article","isPartOf":{"@id":"https:\/\/www.theconservative.online\/cs\/proc-island-odmitl-clenstvi-v-eu"},"author":{"name":"Hannes Gissurarson","@id":"https:\/\/www.theconservative.online\/cs#\/schema\/person\/f846a1e867ea22696d18c11389594bf5"},"headline":"Pro\u010d Island odm\u00edtl \u010dlenstv\u00ed v EU","datePublished":"2026-08-30T12:10:48+00:00","mainEntityOfPage":{"@id":"https:\/\/www.theconservative.online\/cs\/proc-island-odmitl-clenstvi-v-eu"},"wordCount":945,"image":{"@id":"https:\/\/www.theconservative.online\/cs\/proc-island-odmitl-clenstvi-v-eu#primaryimage"},"thumbnailUrl":"https:\/\/www.theconservative.online\/wp-content\/uploads\/2026\/08\/Baudenbacher.OlafurRagnar.jpg","keywords":["European Economic Area","European Union","Iceland","Nationalism","Single Market"],"articleSection":["Eseje","Kultura","Politika","Sv\u011bt"],"inLanguage":"cs"},{"@type":"WebPage","@id":"https:\/\/www.theconservative.online\/cs\/proc-island-odmitl-clenstvi-v-eu","url":"https:\/\/www.theconservative.online\/cs\/proc-island-odmitl-clenstvi-v-eu","name":"Pro\u010d Island odm\u00edtl \u010dlenstv\u00ed v EU - The Conservative","isPartOf":{"@id":"https:\/\/www.theconservative.online\/cs#website"},"primaryImageOfPage":{"@id":"https:\/\/www.theconservative.online\/cs\/proc-island-odmitl-clenstvi-v-eu#primaryimage"},"image":{"@id":"https:\/\/www.theconservative.online\/cs\/proc-island-odmitl-clenstvi-v-eu#primaryimage"},"thumbnailUrl":"https:\/\/www.theconservative.online\/wp-content\/uploads\/2026\/08\/Baudenbacher.OlafurRagnar.jpg","datePublished":"2026-08-30T12:10:48+00:00","author":{"@id":"https:\/\/www.theconservative.online\/cs#\/schema\/person\/f846a1e867ea22696d18c11389594bf5"},"breadcrumb":{"@id":"https:\/\/www.theconservative.online\/cs\/proc-island-odmitl-clenstvi-v-eu#breadcrumb"},"inLanguage":"cs","potentialAction":[{"@type":"ReadAction","target":["https:\/\/www.theconservative.online\/cs\/proc-island-odmitl-clenstvi-v-eu"]}]},{"@type":"ImageObject","inLanguage":"cs","@id":"https:\/\/www.theconservative.online\/cs\/proc-island-odmitl-clenstvi-v-eu#primaryimage","url":"https:\/\/www.theconservative.online\/wp-content\/uploads\/2026\/08\/Baudenbacher.OlafurRagnar.jpg","contentUrl":"https:\/\/www.theconservative.online\/wp-content\/uploads\/2026\/08\/Baudenbacher.OlafurRagnar.jpg","width":944,"height":537},{"@type":"BreadcrumbList","@id":"https:\/\/www.theconservative.online\/cs\/proc-island-odmitl-clenstvi-v-eu#breadcrumb","itemListElement":[{"@type":"ListItem","position":1,"name":"Home","item":"https:\/\/www.theconservative.online\/cs"},{"@type":"ListItem","position":2,"name":"Pro\u010d Island odm\u00edtl \u010dlenstv\u00ed v EU"}]},{"@type":"WebSite","@id":"https:\/\/www.theconservative.online\/cs#website","url":"https:\/\/www.theconservative.online\/cs","name":"The Conservative","description":"","potentialAction":[{"@type":"SearchAction","target":{"@type":"EntryPoint","urlTemplate":"https:\/\/www.theconservative.online\/cs?s={search_term_string}"},"query-input":{"@type":"PropertyValueSpecification","valueRequired":true,"valueName":"search_term_string"}}],"inLanguage":"cs"},{"@type":"Person","@id":"https:\/\/www.theconservative.online\/cs#\/schema\/person\/f846a1e867ea22696d18c11389594bf5","name":"Hannes Gissurarson","image":{"@type":"ImageObject","inLanguage":"cs","@id":"https:\/\/secure.gravatar.com\/avatar\/5b34f276b6474dfca32871d1defaa3703e4969d4d69ff8b5a2542fc232dc85a6?s=96&d=mm&r=g","url":"https:\/\/secure.gravatar.com\/avatar\/5b34f276b6474dfca32871d1defaa3703e4969d4d69ff8b5a2542fc232dc85a6?s=96&d=mm&r=g","contentUrl":"https:\/\/secure.gravatar.com\/avatar\/5b34f276b6474dfca32871d1defaa3703e4969d4d69ff8b5a2542fc232dc85a6?s=96&d=mm&r=g","caption":"Hannes Gissurarson"},"description":"Born in 1953. D. Phil. Politics Oxford 1985. Professor of Politics 1988\u20132023. Professor Emeritus since 2023. Member of the Board of Directors Mont Pelerin Society 1998\u20132004. Member of the Board of Overseers Central Bank of Iceland 2001\u20132009. Visiting Scholar, Hoover Institution and many universities.","sameAs":["https:\/\/www.facebook.com\/hannes.h.gissurarson","https:\/\/www.instagram.com\/hannes1953\/","https:\/\/www.linkedin.com\/in\/hannes-gissurarson-90485239\/","https:\/\/x.com\/HHGConferences","https:\/\/en.wikipedia.org\/wiki\/Hannes_H\u00f3lmsteinn_Gissurarson"],"url":"https:\/\/www.theconservative.online\/cs\/author\/hannes-eunat-2025-26"}]}},"acf":[],"_links":{"self":[{"href":"https:\/\/www.theconservative.online\/cs\/wp-json\/wp\/v2\/posts\/62940","targetHints":{"allow":["GET"]}}],"collection":[{"href":"https:\/\/www.theconservative.online\/cs\/wp-json\/wp\/v2\/posts"}],"about":[{"href":"https:\/\/www.theconservative.online\/cs\/wp-json\/wp\/v2\/types\/post"}],"author":[{"embeddable":true,"href":"https:\/\/www.theconservative.online\/cs\/wp-json\/wp\/v2\/users\/82"}],"replies":[{"embeddable":true,"href":"https:\/\/www.theconservative.online\/cs\/wp-json\/wp\/v2\/comments?post=62940"}],"version-history":[{"count":0,"href":"https:\/\/www.theconservative.online\/cs\/wp-json\/wp\/v2\/posts\/62940\/revisions"}],"wp:featuredmedia":[{"embeddable":true,"href":"https:\/\/www.theconservative.online\/cs\/wp-json\/wp\/v2\/media\/62811"}],"wp:attachment":[{"href":"https:\/\/www.theconservative.online\/cs\/wp-json\/wp\/v2\/media?parent=62940"}],"wp:term":[{"taxonomy":"category","embeddable":true,"href":"https:\/\/www.theconservative.online\/cs\/wp-json\/wp\/v2\/categories?post=62940"},{"taxonomy":"post_tag","embeddable":true,"href":"https:\/\/www.theconservative.online\/cs\/wp-json\/wp\/v2\/tags?post=62940"},{"taxonomy":"editorial-positions","embeddable":true,"href":"https:\/\/www.theconservative.online\/cs\/wp-json\/wp\/v2\/editorial-positions?post=62940"},{"taxonomy":"regions","embeddable":true,"href":"https:\/\/www.theconservative.online\/cs\/wp-json\/wp\/v2\/regions?post=62940"},{"taxonomy":"types","embeddable":true,"href":"https:\/\/www.theconservative.online\/cs\/wp-json\/wp\/v2\/types?post=62940"}],"curies":[{"name":"wp","href":"https:\/\/api.w.org\/{rel}","templated":true}]}}