{"id":62945,"date":"2026-08-29T13:21:29","date_gmt":"2026-08-29T13:21:29","guid":{"rendered":"https:\/\/www.theconservative.online\/island-hlasuje-o-obnoveni-sveho-smerovani-k-evropske-unii"},"modified":"2026-08-29T13:21:29","modified_gmt":"2026-08-29T13:21:29","slug":"island-hlasuje-o-obnoveni-sveho-smerovani-k-evropske-unii","status":"publish","type":"post","link":"https:\/\/www.theconservative.online\/cs\/island-hlasuje-o-obnoveni-sveho-smerovani-k-evropske-unii","title":{"rendered":"Island hlasuje o obnoven\u00ed sv\u00e9ho sm\u011b\u0159ov\u00e1n\u00ed k Evropsk\u00e9 unii"},"content":{"rendered":"<h2>T\u011bsn\u011b vyrovnan\u00e9 referendum p\u0159in\u00e1\u0161\u00ed do debaty, kter\u00e1 by mohla zm\u011bnit vztah Reykjav\u00edku k Bruselu, t\u00e9mata<\/h2>\n<p> jako <\/p>\n<h2>ekonomick\u00e9 obavy, rybolovn\u00e1 pr\u00e1va a bezpe\u010dnost v Arktid\u011b<\/h2>\n<p>Islan\u010fan\u00e9 hlasuj\u00ed o tom, zda by jejich zem\u011b m\u011bla obnovit jedn\u00e1n\u00ed o \u010dlenstv\u00ed v Evropsk\u00e9 unii, \u010d\u00edm\u017e o\u017eivuj\u00ed politickou ot\u00e1zku, kter\u00e1 z\u016fst\u00e1v\u00e1 nevy\u0159e\u0161ena ji\u017e v\u00edce ne\u017e deset let. Referendum nepo\u017eaduje, aby voli\u010di schv\u00e1lili samotn\u00e9 \u010dlenstv\u00ed v EU. M\u00edsto toho rozhodne o tom, zda by Reykjav\u00edk m\u011bl obnovit jedn\u00e1n\u00ed pozastaven\u00e1 v roce 2013.<\/p><div class='related_content'><span>RELATED<\/span><ul><li><a href='https:\/\/www.theconservative.online\/cs\/islandske-ne-a-evropa-narodu'>Islandsk\u00e9 \u201ene\u201c a Evropa n\u00e1rod\u016f<\/li><\/a><li><a href='https:\/\/www.theconservative.online\/cs\/nekolik-uvah-v-navaznosti-na-projev-komisare-pro-rozsireni-v-zahrebu'>N\u011bkolik \u00favah v n\u00e1vaznosti na projev komisa\u0159e pro roz\u0161\u00ed\u0159en\u00ed v Z\u00e1h\u0159ebu<\/li><\/a><li><a href='https:\/\/www.theconservative.online\/cs\/sjednocena-pravice-musi-zduraznit-vnitrni-rozdily'>Sjednocen\u00e1 pravice mus\u00ed zd\u016fraznit vnit\u0159n\u00ed rozd\u00edly<\/li><\/a><\/ul><\/div>\n<p>A\u010dkoli se jedn\u00e1 o hlasov\u00e1n\u00ed form\u00e1ln\u011b poradn\u00ed povahy, vl\u00e1da sl\u00edbila, \u017ee se v\u00fdsledkem bude \u0159\u00eddit. V\u00edt\u011bzstv\u00ed kampan\u011b za \u201eano\u201c by proto znamenalo obnoven\u00ed jedn\u00e1n\u00ed s Bruselem. Jak\u00e1koli dohoda, k n\u00ed\u017e by se nakonec dosp\u011blo, by pak musela b\u00fdt p\u0159edlo\u017eena Islan\u010fan\u016fm v druh\u00e9m referendu, ne\u017e by se zem\u011b mohla p\u0159ipojit k Unii.<\/p>\n<p>V\u00fdsledek je velmi nejist\u00fd. Dva posledn\u00ed pr\u016fzkumy ve\u0159ejn\u00e9ho m\u00edn\u011bn\u00ed uk\u00e1zaly, \u017ee ob\u011b strany se nach\u00e1zej\u00ed v r\u00e1mci statistick\u00e9 chyby. Agentura Mask\u00edna zm\u011b\u0159ila podporu pro obnoven\u00ed jedn\u00e1n\u00ed na 50,4 procenta, zat\u00edmco agentura Gallup uv\u00e1d\u011bla m\u00edrn\u00fd n\u00e1skok strany zast\u00e1vaj\u00edc\u00ed \u201ene\u201c \u2013 51,6 procenta.<\/p>\n<p>K \u00fa\u010dasti je opr\u00e1vn\u011bno p\u0159ibli\u017en\u011b 270 000 lid\u00ed. Volebn\u00ed m\u00edstnosti se otev\u0159ely v 9:00 m\u00edstn\u00edho \u010dasu a maj\u00ed se zav\u0159\u00edt ve 22:00. \u00da\u010dast v p\u0159ed\u010dasn\u00e9m hlasov\u00e1n\u00ed byla neobvykle vysok\u00e1: do poledne v p\u0159edve\u010der referenda bylo odevzd\u00e1no ji\u017e 56 774 hlas\u016f, z toho p\u0159ibli\u017en\u011b 17 000 ze zahrani\u010d\u00ed. V hlavn\u00edm m\u011bst\u011b byla zaznamen\u00e1na dosud nejvy\u0161\u0161\u00ed \u00fa\u010dast v p\u0159ed\u010dasn\u00e9m hlasov\u00e1n\u00ed.<\/p>\n<p>S\u010d\u00edt\u00e1n\u00ed hlas\u016f za\u010dne ihned po uzav\u0159en\u00ed volebn\u00edch m\u00edstnost\u00ed, p\u0159i\u010dem\u017e prvn\u00ed p\u0159edb\u011b\u017en\u00e9 v\u00fdsledky se o\u010dek\u00e1vaj\u00ed z ji\u017en\u00edho volebn\u00edho obvodu. Nebyly ohl\u00e1\u0161eny \u017e\u00e1dn\u00e9 celost\u00e1tn\u00ed pr\u016fzkumy u volebn\u00edch m\u00edstnost\u00ed.<\/p>\n<p>Za t\u00edmto t\u011bsn\u00fdm v\u00fdsledkem se skr\u00fdv\u00e1 debata o tom, jak by Island m\u011bl chr\u00e1nit jak svou prosperitu, tak i svou nez\u00e1vislost. Zem\u011b je ji\u017e \u00fazce propojena s EU prost\u0159ednictv\u00edm Evropsk\u00e9ho hospod\u00e1\u0159sk\u00e9ho prostoru, schengensk\u00e9ho prostoru a Evropsk\u00e9ho sdru\u017een\u00ed voln\u00e9ho obchodu. Je sou\u010d\u00e1st\u00ed jednotn\u00e9ho trhu a uplat\u0148uje zna\u010dnou \u010d\u00e1st evropsk\u00e9 legislativy, a to i p\u0159esto, \u017ee m\u00e1 jen omezen\u00fd vliv na to, jak jsou tato pravidla formulov\u00e1na.<\/p>\n<p>Zast\u00e1nci obnoven\u00ed jedn\u00e1n\u00ed tvrd\u00ed, \u017ee Island by m\u011bl z\u00edskat m\u00edsto u jednac\u00edho stolu, pokud je ji\u017e povinen prov\u00e1d\u011bt \u0159adu rozhodnut\u00ed EU. Odp\u016frci se domn\u00edvaj\u00ed, \u017ee sou\u010dasn\u00e9 uspo\u0159\u00e1d\u00e1n\u00ed je v\u00fdhodn\u011bj\u0161\u00ed, proto\u017ee kombinuje p\u0159\u00edstup na evropsk\u00e9 trhy s v\u011bt\u0161\u00ed vnitrost\u00e1tn\u00ed autonomi\u00ed.<\/p>\n<p>\u017d\u00e1dn\u00e1 ot\u00e1zka tuto obavu neilustruje jasn\u011bji ne\u017e rybolov. Mo\u0159sk\u00e9 zdroje maj\u00ed pro islandskou ekonomiku a n\u00e1rodn\u00ed identitu z\u00e1sadn\u00ed v\u00fdznam. Pln\u00e9 \u010dlenstv\u00ed by vy\u017eadovalo jedn\u00e1n\u00ed o spole\u010dn\u00e9 ryb\u00e1\u0159sk\u00e9 politice EU, v\u010detn\u011b ot\u00e1zek kv\u00f3t a p\u0159\u00edstupu do islandsk\u00fdch vod. Kritici se ob\u00e1vaj\u00ed, \u017ee rozhodnut\u00ed, kter\u00e1 se nyn\u00ed p\u0159ij\u00edmaj\u00ed v Reykjav\u00edku, by se mohla st\u00e1t p\u0159edm\u011btem kompromis\u016f v Bruselu.<\/p>\n<p>Ryb\u00e1\u0159stv\u00ed bylo tak\u00e9 nejobt\u00ed\u017en\u011bj\u0161\u00ed \u010d\u00e1st\u00ed p\u0159edchoz\u00edho procesu p\u0159istoupen\u00ed. Island podal \u017e\u00e1dost o \u010dlenstv\u00ed v roce 2009 pot\u00e9, co finan\u010dn\u00ed kolaps zni\u010dil jeho bankovn\u00ed syst\u00e9m a oslabil d\u016fv\u011bru v n\u00e1rodn\u00ed m\u011bnu. V dob\u011b, kdy byla jedn\u00e1n\u00ed o \u010dty\u0159i roky pozd\u011bji pozastavena, bylo otev\u0159eno 27 kapitol o politik\u00e1ch a 11 z nich bylo prozat\u00edmn\u011b uzav\u0159eno, av\u0161ak kapitola o rybolovu z\u016fstala nevy\u0159e\u0161ena.<\/p>\n<p>Ekonomick\u00e9 tlaky nyn\u00ed op\u011bt vynesly evropskou ot\u00e1zku do pop\u0159ed\u00ed. Inflace, drah\u00e9 hypot\u00e9ky a 8% \u00farokov\u00e1 sazba islandsk\u00e9 centr\u00e1ln\u00ed banky pos\u00edlily argumenty pro u\u017e\u0161\u00ed integraci. Sazba Evropsk\u00e9 centr\u00e1ln\u00ed banky se pro srovn\u00e1n\u00ed pohybuje na \u00farovni 2,25 procenta. Proevrop\u0161t\u00ed zast\u00e1nci prezentuj\u00ed p\u0159\u00edpadn\u00e9 p\u0159ijet\u00ed eura jako mo\u017en\u00fd zdroj stability. Jejich odp\u016frci varuj\u00ed, \u017ee vzd\u00e1n\u00ed se koruny by znamenalo ztr\u00e1tu cenn\u00e9ho n\u00e1stroje pro reagov\u00e1n\u00ed na specifick\u00e9 pot\u0159eby mal\u00e9 islandsk\u00e9 ekonomiky.<\/p>\n<p>Od roku 2013 se tak\u00e9 dramaticky zm\u011bnilo geopolitick\u00e9 prost\u0159ed\u00ed. Rusk\u00e1 invaze na Ukrajinu, zost\u0159uj\u00edc\u00ed se soupe\u0159en\u00ed v Arktid\u011b a nejistota ohledn\u011b dlouhodob\u00e9 politiky USA zv\u00fd\u0161ily strategick\u00fd v\u00fdznam Islandu. Ostrov le\u017e\u00ed mezi Evropou, Gr\u00f3nskem a Severn\u00ed Amerikou, v bl\u00edzkosti GIUK Gap, co\u017e je kl\u00ed\u010dov\u00fd severoatlantick\u00fd koridor pro vojenskou a n\u00e1mo\u0159n\u00ed bezpe\u010dnost.<\/p>\n<p>Island, kter\u00fd je zakl\u00e1daj\u00edc\u00edm \u010dlenem NATO, ned\u00e1vno roz\u0161\u00ed\u0159il svou bezpe\u010dnostn\u00ed spolupr\u00e1ci s EU prost\u0159ednictv\u00edm partnerstv\u00ed zahrnuj\u00edc\u00edho Arktidu, kritickou infrastrukturu, n\u00e1mo\u0159n\u00ed z\u00e1le\u017eitosti a kybernetick\u00e9 hrozby. \u010clenstv\u00ed by proto m\u011blo v\u00fdznam i nad r\u00e1mec islandsk\u00e9 populace \u010d\u00edtaj\u00edc\u00ed p\u0159ibli\u017en\u011b 400 000 obyvatel: pos\u00edlilo by politickou p\u0159\u00edtomnost EU v regionu, kter\u00fd p\u0159itahuje rostouc\u00ed pozornost Ruska, \u010c\u00edny a Spojen\u00fdch st\u00e1t\u016f.<\/p>\n<p>Pokud voli\u010di schv\u00e1l\u00ed obnoven\u00ed jedn\u00e1n\u00ed, islandsk\u00e9 ministerstvo zahrani\u010dn\u00edch v\u011bc\u00ed se domn\u00edv\u00e1, \u017ee by se vyjedn\u00e1v\u00e1n\u00ed mohlo zah\u00e1jit je\u0161t\u011b p\u0159ed koncem roku a trvat 18 a\u017e 24 m\u011bs\u00edc\u016f. I v takov\u00e9m p\u0159\u00edpad\u011b by v\u0161ak o p\u0159istoupen\u00ed nebylo rozhodnuto. Referendum m\u016f\u017ee znovu otev\u0159\u00edt dve\u0159e do Evropy, ale Islan\u010fan\u00e9 by se st\u00e1le museli rozhodnout, zda jimi projdou.<\/p>\n<p>&nbsp;<\/p>\n<h4>Alessandro Fiorentino<\/h4>\n<\/p>","protected":false},"excerpt":{"rendered":"<p>T\u011bsn\u011b vyrovnan\u00e9 referendum p\u0159in\u00e1\u0161\u00ed do debaty, kter\u00e1 by mohla zm\u011bnit vztah Reykjav\u00edku k Bruselu, t\u00e9mata jako ekonomick\u00e9 obavy, rybolovn\u00e1 pr\u00e1va a bezpe\u010dnost v Arktid\u011b Islan\u010fan\u00e9 hlasuj\u00ed o tom, zda by jejich zem\u011b m\u011bla obnovit jedn\u00e1n\u00ed o \u010dlenstv\u00ed v Evropsk\u00e9 unii, \u010d\u00edm\u017e o\u017eivuj\u00ed politickou ot\u00e1zku, kter\u00e1 z\u016fst\u00e1v\u00e1 nevy\u0159e\u0161ena ji\u017e v\u00edce ne\u017e deset let. Referendum nepo\u017eaduje, aby [&hellip;]<\/p>\n","protected":false},"author":75,"featured_media":62708,"comment_status":"closed","ping_status":"closed","sticky":false,"template":"","format":"standard","meta":{"footnotes":""},"categories":[1462,219,181,1327,150,158,258,2059,199],"tags":[3477,3474,3475,3476,1000,302,250,237,300,215,247,270,268,283,316,599,72,503,243,146,1864,214,554,252,282],"editorial-positions":[],"regions":[328,339,344,356,364],"types":[415,449],"class_list":["post-62945","post","type-post","status-publish","format-standard","has-post-thumbnail","hentry","category-budovani-konzervativni-evropy","category-energie","category-kultura-cs","category-nase-budoucnost-v-nato","category-obchod-a-ekonomika","category-politika","category-pravni","category-svet","category-zdravi","tag-icelanders","tag-islanda","tag-votes","tag-voti","tag-conservatism","tag-conservative","tag-economy","tag-energy","tag-environment","tag-eu","tag-eu-council","tag-europa","tag-europe","tag-european-commission","tag-european-parliament","tag-european-union","tag-iceland","tag-immigration","tag-nato","tag-politics","tag-referendum","tag-russia","tag-sweden","tag-technology","tag-ursula-von-der-leyen","regions-central-europe-cs","regions-eastern-europe-cs","regions-northern-europe-cs","regions-southern-europe-cs","regions-western-europe-cs","types-news-cs","types-opinion-cs"],"yoast_head":"<!-- This site is optimized with the Yoast SEO plugin v28.0 - https:\/\/yoast.com\/product\/yoast-seo-wordpress\/ -->\n<title>Island hlasuje o obnoven\u00ed sv\u00e9ho sm\u011b\u0159ov\u00e1n\u00ed k Evropsk\u00e9 unii - The Conservative<\/title>\n<meta name=\"robots\" content=\"index, follow, max-snippet:-1, max-image-preview:large, max-video-preview:-1\" \/>\n<link rel=\"canonical\" href=\"https:\/\/www.theconservative.online\/cs\/island-hlasuje-o-obnoveni-sveho-smerovani-k-evropske-unii\" \/>\n<meta property=\"og:locale\" content=\"cs_CZ\" \/>\n<meta property=\"og:type\" content=\"article\" \/>\n<meta property=\"og:title\" content=\"Island hlasuje o obnoven\u00ed sv\u00e9ho sm\u011b\u0159ov\u00e1n\u00ed k Evropsk\u00e9 unii - The Conservative\" \/>\n<meta property=\"og:description\" content=\"T\u011bsn\u011b vyrovnan\u00e9 referendum p\u0159in\u00e1\u0161\u00ed do debaty, kter\u00e1 by mohla zm\u011bnit vztah Reykjav\u00edku k Bruselu, t\u00e9mata jako ekonomick\u00e9 obavy, rybolovn\u00e1 pr\u00e1va a bezpe\u010dnost v Arktid\u011b Islan\u010fan\u00e9 hlasuj\u00ed o tom, zda by jejich zem\u011b m\u011bla obnovit jedn\u00e1n\u00ed o \u010dlenstv\u00ed v Evropsk\u00e9 unii, \u010d\u00edm\u017e o\u017eivuj\u00ed politickou ot\u00e1zku, kter\u00e1 z\u016fst\u00e1v\u00e1 nevy\u0159e\u0161ena ji\u017e v\u00edce ne\u017e deset let. Referendum nepo\u017eaduje, aby [&hellip;]\" \/>\n<meta property=\"og:url\" content=\"https:\/\/www.theconservative.online\/cs\/island-hlasuje-o-obnoveni-sveho-smerovani-k-evropske-unii\" \/>\n<meta property=\"og:site_name\" content=\"The Conservative\" \/>\n<meta property=\"article:published_time\" content=\"2026-08-29T13:21:29+00:00\" \/>\n<meta property=\"og:image\" content=\"https:\/\/www.theconservative.online\/wp-content\/uploads\/2026\/08\/iceland-eu-referendum-cover-16x9-1.png\" \/>\n\t<meta property=\"og:image:width\" content=\"1115\" \/>\n\t<meta property=\"og:image:height\" content=\"627\" \/>\n\t<meta property=\"og:image:type\" content=\"image\/png\" \/>\n<meta name=\"author\" content=\"Gianluca Guarino\" \/>\n<meta name=\"twitter:card\" content=\"summary_large_image\" \/>\n<meta name=\"twitter:label1\" content=\"Napsal(a)\" \/>\n\t<meta name=\"twitter:data1\" content=\"Gianluca Guarino\" \/>\n\t<meta name=\"twitter:label2\" content=\"Odhadovan\u00e1 doba \u010dten\u00ed\" \/>\n\t<meta name=\"twitter:data2\" content=\"5 minut\" \/>\n<script type=\"application\/ld+json\" class=\"yoast-schema-graph\">{\"@context\":\"https:\\\/\\\/schema.org\",\"@graph\":[{\"@type\":\"Article\",\"@id\":\"https:\\\/\\\/www.theconservative.online\\\/cs\\\/island-hlasuje-o-obnoveni-sveho-smerovani-k-evropske-unii#article\",\"isPartOf\":{\"@id\":\"https:\\\/\\\/www.theconservative.online\\\/cs\\\/island-hlasuje-o-obnoveni-sveho-smerovani-k-evropske-unii\"},\"author\":{\"name\":\"Gianluca Guarino\",\"@id\":\"https:\\\/\\\/www.theconservative.online\\\/cs#\\\/schema\\\/person\\\/46c9b8a1ba7a0e0b73f01e5e8593e28a\"},\"headline\":\"Island hlasuje o obnoven\u00ed sv\u00e9ho sm\u011b\u0159ov\u00e1n\u00ed k Evropsk\u00e9 unii\",\"datePublished\":\"2026-08-29T13:21:29+00:00\",\"mainEntityOfPage\":{\"@id\":\"https:\\\/\\\/www.theconservative.online\\\/cs\\\/island-hlasuje-o-obnoveni-sveho-smerovani-k-evropske-unii\"},\"wordCount\":966,\"image\":{\"@id\":\"https:\\\/\\\/www.theconservative.online\\\/cs\\\/island-hlasuje-o-obnoveni-sveho-smerovani-k-evropske-unii#primaryimage\"},\"thumbnailUrl\":\"https:\\\/\\\/www.theconservative.online\\\/wp-content\\\/uploads\\\/2026\\\/08\\\/iceland-eu-referendum-cover-16x9-1.png\",\"keywords\":[\"#icelanders\",\"#islanda\",\"#votes\",\"#voti\",\"Conservatism\",\"conservative\",\"Economy\",\"energy\",\"environment\",\"EU\",\"EU Council\",\"europa\",\"europe\",\"European Commission\",\"European Parliament\",\"European Union\",\"Iceland\",\"immigration\",\"NATO\",\"Politics\",\"referendum\",\"Russia\",\"Sweden\",\"technology\",\"Ursula von der Leyen\"],\"articleSection\":[\"Budov\u00e1n\u00ed konzervativn\u00ed Evropy\",\"Energie\",\"Kultura\",\"Na\u0161e budoucnost v NATO\",\"Obchod a ekonomika\",\"Politika\",\"Pr\u00e1vn\u00ed\",\"Sv\u011bt\",\"Zdrav\u00ed\"],\"inLanguage\":\"cs\"},{\"@type\":\"WebPage\",\"@id\":\"https:\\\/\\\/www.theconservative.online\\\/cs\\\/island-hlasuje-o-obnoveni-sveho-smerovani-k-evropske-unii\",\"url\":\"https:\\\/\\\/www.theconservative.online\\\/cs\\\/island-hlasuje-o-obnoveni-sveho-smerovani-k-evropske-unii\",\"name\":\"Island hlasuje o obnoven\u00ed sv\u00e9ho sm\u011b\u0159ov\u00e1n\u00ed k Evropsk\u00e9 unii - The Conservative\",\"isPartOf\":{\"@id\":\"https:\\\/\\\/www.theconservative.online\\\/cs#website\"},\"primaryImageOfPage\":{\"@id\":\"https:\\\/\\\/www.theconservative.online\\\/cs\\\/island-hlasuje-o-obnoveni-sveho-smerovani-k-evropske-unii#primaryimage\"},\"image\":{\"@id\":\"https:\\\/\\\/www.theconservative.online\\\/cs\\\/island-hlasuje-o-obnoveni-sveho-smerovani-k-evropske-unii#primaryimage\"},\"thumbnailUrl\":\"https:\\\/\\\/www.theconservative.online\\\/wp-content\\\/uploads\\\/2026\\\/08\\\/iceland-eu-referendum-cover-16x9-1.png\",\"datePublished\":\"2026-08-29T13:21:29+00:00\",\"author\":{\"@id\":\"https:\\\/\\\/www.theconservative.online\\\/cs#\\\/schema\\\/person\\\/46c9b8a1ba7a0e0b73f01e5e8593e28a\"},\"breadcrumb\":{\"@id\":\"https:\\\/\\\/www.theconservative.online\\\/cs\\\/island-hlasuje-o-obnoveni-sveho-smerovani-k-evropske-unii#breadcrumb\"},\"inLanguage\":\"cs\",\"potentialAction\":[{\"@type\":\"ReadAction\",\"target\":[\"https:\\\/\\\/www.theconservative.online\\\/cs\\\/island-hlasuje-o-obnoveni-sveho-smerovani-k-evropske-unii\"]}]},{\"@type\":\"ImageObject\",\"inLanguage\":\"cs\",\"@id\":\"https:\\\/\\\/www.theconservative.online\\\/cs\\\/island-hlasuje-o-obnoveni-sveho-smerovani-k-evropske-unii#primaryimage\",\"url\":\"https:\\\/\\\/www.theconservative.online\\\/wp-content\\\/uploads\\\/2026\\\/08\\\/iceland-eu-referendum-cover-16x9-1.png\",\"contentUrl\":\"https:\\\/\\\/www.theconservative.online\\\/wp-content\\\/uploads\\\/2026\\\/08\\\/iceland-eu-referendum-cover-16x9-1.png\",\"width\":1115,\"height\":627},{\"@type\":\"BreadcrumbList\",\"@id\":\"https:\\\/\\\/www.theconservative.online\\\/cs\\\/island-hlasuje-o-obnoveni-sveho-smerovani-k-evropske-unii#breadcrumb\",\"itemListElement\":[{\"@type\":\"ListItem\",\"position\":1,\"name\":\"Home\",\"item\":\"https:\\\/\\\/www.theconservative.online\\\/cs\"},{\"@type\":\"ListItem\",\"position\":2,\"name\":\"Island hlasuje o obnoven\u00ed sv\u00e9ho sm\u011b\u0159ov\u00e1n\u00ed k Evropsk\u00e9 unii\"}]},{\"@type\":\"WebSite\",\"@id\":\"https:\\\/\\\/www.theconservative.online\\\/cs#website\",\"url\":\"https:\\\/\\\/www.theconservative.online\\\/cs\",\"name\":\"The Conservative\",\"description\":\"\",\"potentialAction\":[{\"@type\":\"SearchAction\",\"target\":{\"@type\":\"EntryPoint\",\"urlTemplate\":\"https:\\\/\\\/www.theconservative.online\\\/cs?s={search_term_string}\"},\"query-input\":{\"@type\":\"PropertyValueSpecification\",\"valueRequired\":true,\"valueName\":\"search_term_string\"}}],\"inLanguage\":\"cs\"},{\"@type\":\"Person\",\"@id\":\"https:\\\/\\\/www.theconservative.online\\\/cs#\\\/schema\\\/person\\\/46c9b8a1ba7a0e0b73f01e5e8593e28a\",\"name\":\"Gianluca Guarino\",\"image\":{\"@type\":\"ImageObject\",\"inLanguage\":\"cs\",\"@id\":\"https:\\\/\\\/secure.gravatar.com\\\/avatar\\\/01905945d0032a29ec00293c7d34262b190a51fcaa4b6e91fa605759ef37929e?s=96&d=mm&r=g\",\"url\":\"https:\\\/\\\/secure.gravatar.com\\\/avatar\\\/01905945d0032a29ec00293c7d34262b190a51fcaa4b6e91fa605759ef37929e?s=96&d=mm&r=g\",\"contentUrl\":\"https:\\\/\\\/secure.gravatar.com\\\/avatar\\\/01905945d0032a29ec00293c7d34262b190a51fcaa4b6e91fa605759ef37929e?s=96&d=mm&r=g\",\"caption\":\"Gianluca Guarino\"},\"url\":\"https:\\\/\\\/www.theconservative.online\\\/cs\\\/author\\\/worklab-euaff-2025-26\"}]}<\/script>\n<!-- \/ Yoast SEO plugin. -->","yoast_head_json":{"title":"Island hlasuje o obnoven\u00ed sv\u00e9ho sm\u011b\u0159ov\u00e1n\u00ed k Evropsk\u00e9 unii - The Conservative","robots":{"index":"index","follow":"follow","max-snippet":"max-snippet:-1","max-image-preview":"max-image-preview:large","max-video-preview":"max-video-preview:-1"},"canonical":"https:\/\/www.theconservative.online\/cs\/island-hlasuje-o-obnoveni-sveho-smerovani-k-evropske-unii","og_locale":"cs_CZ","og_type":"article","og_title":"Island hlasuje o obnoven\u00ed sv\u00e9ho sm\u011b\u0159ov\u00e1n\u00ed k Evropsk\u00e9 unii - The Conservative","og_description":"T\u011bsn\u011b vyrovnan\u00e9 referendum p\u0159in\u00e1\u0161\u00ed do debaty, kter\u00e1 by mohla zm\u011bnit vztah Reykjav\u00edku k Bruselu, t\u00e9mata jako ekonomick\u00e9 obavy, rybolovn\u00e1 pr\u00e1va a bezpe\u010dnost v Arktid\u011b Islan\u010fan\u00e9 hlasuj\u00ed o tom, zda by jejich zem\u011b m\u011bla obnovit jedn\u00e1n\u00ed o \u010dlenstv\u00ed v Evropsk\u00e9 unii, \u010d\u00edm\u017e o\u017eivuj\u00ed politickou ot\u00e1zku, kter\u00e1 z\u016fst\u00e1v\u00e1 nevy\u0159e\u0161ena ji\u017e v\u00edce ne\u017e deset let. Referendum nepo\u017eaduje, aby [&hellip;]","og_url":"https:\/\/www.theconservative.online\/cs\/island-hlasuje-o-obnoveni-sveho-smerovani-k-evropske-unii","og_site_name":"The Conservative","article_published_time":"2026-08-29T13:21:29+00:00","og_image":[{"width":1115,"height":627,"url":"https:\/\/www.theconservative.online\/wp-content\/uploads\/2026\/08\/iceland-eu-referendum-cover-16x9-1.png","type":"image\/png"}],"author":"Gianluca Guarino","twitter_card":"summary_large_image","twitter_misc":{"Napsal(a)":"Gianluca Guarino","Odhadovan\u00e1 doba \u010dten\u00ed":"5 minut"},"schema":{"@context":"https:\/\/schema.org","@graph":[{"@type":"Article","@id":"https:\/\/www.theconservative.online\/cs\/island-hlasuje-o-obnoveni-sveho-smerovani-k-evropske-unii#article","isPartOf":{"@id":"https:\/\/www.theconservative.online\/cs\/island-hlasuje-o-obnoveni-sveho-smerovani-k-evropske-unii"},"author":{"name":"Gianluca Guarino","@id":"https:\/\/www.theconservative.online\/cs#\/schema\/person\/46c9b8a1ba7a0e0b73f01e5e8593e28a"},"headline":"Island hlasuje o obnoven\u00ed sv\u00e9ho sm\u011b\u0159ov\u00e1n\u00ed k Evropsk\u00e9 unii","datePublished":"2026-08-29T13:21:29+00:00","mainEntityOfPage":{"@id":"https:\/\/www.theconservative.online\/cs\/island-hlasuje-o-obnoveni-sveho-smerovani-k-evropske-unii"},"wordCount":966,"image":{"@id":"https:\/\/www.theconservative.online\/cs\/island-hlasuje-o-obnoveni-sveho-smerovani-k-evropske-unii#primaryimage"},"thumbnailUrl":"https:\/\/www.theconservative.online\/wp-content\/uploads\/2026\/08\/iceland-eu-referendum-cover-16x9-1.png","keywords":["#icelanders","#islanda","#votes","#voti","Conservatism","conservative","Economy","energy","environment","EU","EU Council","europa","europe","European Commission","European Parliament","European Union","Iceland","immigration","NATO","Politics","referendum","Russia","Sweden","technology","Ursula von der Leyen"],"articleSection":["Budov\u00e1n\u00ed konzervativn\u00ed Evropy","Energie","Kultura","Na\u0161e budoucnost v NATO","Obchod a ekonomika","Politika","Pr\u00e1vn\u00ed","Sv\u011bt","Zdrav\u00ed"],"inLanguage":"cs"},{"@type":"WebPage","@id":"https:\/\/www.theconservative.online\/cs\/island-hlasuje-o-obnoveni-sveho-smerovani-k-evropske-unii","url":"https:\/\/www.theconservative.online\/cs\/island-hlasuje-o-obnoveni-sveho-smerovani-k-evropske-unii","name":"Island hlasuje o obnoven\u00ed sv\u00e9ho sm\u011b\u0159ov\u00e1n\u00ed k Evropsk\u00e9 unii - The Conservative","isPartOf":{"@id":"https:\/\/www.theconservative.online\/cs#website"},"primaryImageOfPage":{"@id":"https:\/\/www.theconservative.online\/cs\/island-hlasuje-o-obnoveni-sveho-smerovani-k-evropske-unii#primaryimage"},"image":{"@id":"https:\/\/www.theconservative.online\/cs\/island-hlasuje-o-obnoveni-sveho-smerovani-k-evropske-unii#primaryimage"},"thumbnailUrl":"https:\/\/www.theconservative.online\/wp-content\/uploads\/2026\/08\/iceland-eu-referendum-cover-16x9-1.png","datePublished":"2026-08-29T13:21:29+00:00","author":{"@id":"https:\/\/www.theconservative.online\/cs#\/schema\/person\/46c9b8a1ba7a0e0b73f01e5e8593e28a"},"breadcrumb":{"@id":"https:\/\/www.theconservative.online\/cs\/island-hlasuje-o-obnoveni-sveho-smerovani-k-evropske-unii#breadcrumb"},"inLanguage":"cs","potentialAction":[{"@type":"ReadAction","target":["https:\/\/www.theconservative.online\/cs\/island-hlasuje-o-obnoveni-sveho-smerovani-k-evropske-unii"]}]},{"@type":"ImageObject","inLanguage":"cs","@id":"https:\/\/www.theconservative.online\/cs\/island-hlasuje-o-obnoveni-sveho-smerovani-k-evropske-unii#primaryimage","url":"https:\/\/www.theconservative.online\/wp-content\/uploads\/2026\/08\/iceland-eu-referendum-cover-16x9-1.png","contentUrl":"https:\/\/www.theconservative.online\/wp-content\/uploads\/2026\/08\/iceland-eu-referendum-cover-16x9-1.png","width":1115,"height":627},{"@type":"BreadcrumbList","@id":"https:\/\/www.theconservative.online\/cs\/island-hlasuje-o-obnoveni-sveho-smerovani-k-evropske-unii#breadcrumb","itemListElement":[{"@type":"ListItem","position":1,"name":"Home","item":"https:\/\/www.theconservative.online\/cs"},{"@type":"ListItem","position":2,"name":"Island hlasuje o obnoven\u00ed sv\u00e9ho sm\u011b\u0159ov\u00e1n\u00ed k Evropsk\u00e9 unii"}]},{"@type":"WebSite","@id":"https:\/\/www.theconservative.online\/cs#website","url":"https:\/\/www.theconservative.online\/cs","name":"The Conservative","description":"","potentialAction":[{"@type":"SearchAction","target":{"@type":"EntryPoint","urlTemplate":"https:\/\/www.theconservative.online\/cs?s={search_term_string}"},"query-input":{"@type":"PropertyValueSpecification","valueRequired":true,"valueName":"search_term_string"}}],"inLanguage":"cs"},{"@type":"Person","@id":"https:\/\/www.theconservative.online\/cs#\/schema\/person\/46c9b8a1ba7a0e0b73f01e5e8593e28a","name":"Gianluca Guarino","image":{"@type":"ImageObject","inLanguage":"cs","@id":"https:\/\/secure.gravatar.com\/avatar\/01905945d0032a29ec00293c7d34262b190a51fcaa4b6e91fa605759ef37929e?s=96&d=mm&r=g","url":"https:\/\/secure.gravatar.com\/avatar\/01905945d0032a29ec00293c7d34262b190a51fcaa4b6e91fa605759ef37929e?s=96&d=mm&r=g","contentUrl":"https:\/\/secure.gravatar.com\/avatar\/01905945d0032a29ec00293c7d34262b190a51fcaa4b6e91fa605759ef37929e?s=96&d=mm&r=g","caption":"Gianluca Guarino"},"url":"https:\/\/www.theconservative.online\/cs\/author\/worklab-euaff-2025-26"}]}},"acf":[],"_links":{"self":[{"href":"https:\/\/www.theconservative.online\/cs\/wp-json\/wp\/v2\/posts\/62945","targetHints":{"allow":["GET"]}}],"collection":[{"href":"https:\/\/www.theconservative.online\/cs\/wp-json\/wp\/v2\/posts"}],"about":[{"href":"https:\/\/www.theconservative.online\/cs\/wp-json\/wp\/v2\/types\/post"}],"author":[{"embeddable":true,"href":"https:\/\/www.theconservative.online\/cs\/wp-json\/wp\/v2\/users\/75"}],"replies":[{"embeddable":true,"href":"https:\/\/www.theconservative.online\/cs\/wp-json\/wp\/v2\/comments?post=62945"}],"version-history":[{"count":0,"href":"https:\/\/www.theconservative.online\/cs\/wp-json\/wp\/v2\/posts\/62945\/revisions"}],"wp:featuredmedia":[{"embeddable":true,"href":"https:\/\/www.theconservative.online\/cs\/wp-json\/wp\/v2\/media\/62708"}],"wp:attachment":[{"href":"https:\/\/www.theconservative.online\/cs\/wp-json\/wp\/v2\/media?parent=62945"}],"wp:term":[{"taxonomy":"category","embeddable":true,"href":"https:\/\/www.theconservative.online\/cs\/wp-json\/wp\/v2\/categories?post=62945"},{"taxonomy":"post_tag","embeddable":true,"href":"https:\/\/www.theconservative.online\/cs\/wp-json\/wp\/v2\/tags?post=62945"},{"taxonomy":"editorial-positions","embeddable":true,"href":"https:\/\/www.theconservative.online\/cs\/wp-json\/wp\/v2\/editorial-positions?post=62945"},{"taxonomy":"regions","embeddable":true,"href":"https:\/\/www.theconservative.online\/cs\/wp-json\/wp\/v2\/regions?post=62945"},{"taxonomy":"types","embeddable":true,"href":"https:\/\/www.theconservative.online\/cs\/wp-json\/wp\/v2\/types?post=62945"}],"curies":[{"name":"wp","href":"https:\/\/api.w.org\/{rel}","templated":true}]}}