{"id":62972,"date":"2026-08-31T13:57:52","date_gmt":"2026-08-31T13:57:52","guid":{"rendered":"https:\/\/www.theconservative.online\/islandske-ne-a-evropa-narodu"},"modified":"2026-08-31T13:57:52","modified_gmt":"2026-08-31T13:57:52","slug":"islandske-ne-a-evropa-narodu","status":"publish","type":"post","link":"https:\/\/www.theconservative.online\/cs\/islandske-ne-a-evropa-narodu","title":{"rendered":"Islandsk\u00e9 \u201ene\u201c a Evropa n\u00e1rod\u016f"},"content":{"rendered":"<p><em>T\u00edm, \u017ee odm\u00edtli obnoven\u00ed p\u0159\u00edstupov\u00fdch jedn\u00e1n\u00ed s EU, Islan\u010fan\u00e9 h\u00e1jili kontrolu nad sv\u00fdmi zdroji a podpo\u0159ili tak formu evropsk\u00e9 spolupr\u00e1ce, v n\u00ed\u017e z\u016fst\u00e1v\u00e1 demokratick\u00e1 moc bl\u00ed\u017ee domovu.<\/em><\/p>\n<p>Brusel si dovolil doufat, \u017ee Island by se mohl st\u00e1t nejjednodu\u0161\u0161\u00edm \u00fasp\u011bchem Evropsk\u00e9 unie v oblasti roz\u0161\u00ed\u0159en\u00ed. Zem\u011b je bohat\u00e1, demokratick\u00e1 a ji\u017e je do zna\u010dn\u00e9 m\u00edry za\u010dlen\u011bna do evropsk\u00e9ho obchodn\u00edho a pr\u00e1vn\u00edho \u0159\u00e1du. P\u0159esto 29. srpna Islan\u010fan\u00e9 odm\u00edtli dokonce i obnoven\u00ed p\u0159\u00edstupov\u00fdch jedn\u00e1n\u00ed, kter\u00e1 byla p\u0159eru\u0161ena p\u0159ed v\u00edce ne\u017e deseti lety. <a href=\"https:\/\/www.internazionale.it\/ultime-notizie-reuters\/2026\/08\/30\/iceland-votes-on-whether-to-start-eu-membership-talks\">Kone\u010dn\u00fd v\u00fdsledek<\/a> byl 52,8 procenta pro \u201ene\u201c a 47,2 procenta pro \u201eano\u201c p\u0159i volebn\u00ed \u00fa\u010dasti 82,5 procenta. Tato neobvykle vysok\u00e1 \u00fa\u010dast d\u00e1v\u00e1 rozhodnut\u00ed demokratickou v\u00e1hu, kterou ani t\u011bsn\u00fd v\u00fdsledek nijak nesni\u017euje.<\/p><div class='related_content'><span>RELATED<\/span><ul><li><a href='https:\/\/www.theconservative.online\/cs\/nekolik-uvah-v-navaznosti-na-projev-komisare-pro-rozsireni-v-zahrebu'>N\u011bkolik \u00favah v n\u00e1vaznosti na projev komisa\u0159e pro roz\u0161\u00ed\u0159en\u00ed v Z\u00e1h\u0159ebu<\/li><\/a><li><a href='https:\/\/www.theconservative.online\/cs\/proc-island-odmitl-clenstvi-v-eu'>Pro\u010d Island odm\u00edtl \u010dlenstv\u00ed v EU<\/li><\/a><li><a href='https:\/\/www.theconservative.online\/cs\/evropska-prumyslova-transformace-klade-duraz-na-cinu-energetiku-a-investice'>Evropsk\u00e1 pr\u016fmyslov\u00e1 transformace klade d\u016fraz na \u010c\u00ednu, energetiku a investice<\/li><\/a><\/ul><\/div>\n<p>Na formulaci z\u00e1le\u017e\u00ed. Island nehlasoval o hotov\u00e9 smlouv\u011b o \u010dlenstv\u00ed a nehlasoval ani o p\u0159eru\u0161en\u00ed sv\u00fdch vazeb s kontinentem. V referendov\u00e9 ot\u00e1zce se ptalo, zda by vl\u00e1da m\u011bla obnovit p\u0159\u00edstupov\u00e9 rozhovory. Hlasov\u00e1n\u00ed \u201eano\u201c by pouze zah\u00e1jilo vyjedn\u00e1v\u00e1n\u00ed, p\u0159i\u010dem\u017e p\u0159edt\u00edm, ne\u017e by \u010dlenstv\u00ed mohlo vstoupit v platnost, bylo sl\u00edbeno dal\u0161\u00ed referendum. Voli\u010di odm\u00edtli i tento p\u0159edb\u011b\u017en\u00fd mand\u00e1t. Ne\u0161lo o hlasov\u00e1n\u00ed proti Evrop\u011b; \u0161lo o odm\u00edtnut\u00ed p\u0159ijmout, \u017ee u\u017e\u0161\u00ed evropsk\u00e1 spolupr\u00e1ce mus\u00ed d\u0159\u00edve \u010di pozd\u011bji v\u00e9st k politick\u00e9mu \u010dlenstv\u00ed v Unii.<\/p>\n<p>St\u0159edolev\u00e1 vl\u00e1da se sna\u017eila prosadit tento n\u00e1vrh za neobvykle p\u0159\u00edzniv\u00fdch okolnost\u00ed. Rozpad star\u00fdch obchodn\u00edch p\u0159edpoklad\u016f, nap\u011bt\u00ed v Arktid\u011b a opakovan\u00fd z\u00e1jem prezidenta Donalda Trumpa o z\u00edsk\u00e1n\u00ed sousedn\u00edho Gr\u00f3nska byly prezentov\u00e1ny jako d\u016fvody pro hled\u00e1n\u00ed \u00fato\u010di\u0161t\u011b v r\u00e1mci v\u011bt\u0161\u00edho politick\u00e9ho bloku. Zast\u00e1nci tak\u00e9 argumentovali, \u017ee p\u0159\u00edpadn\u00fd vstup do euroz\u00f3ny by mohl zm\u00edrnit vysok\u00e9 \u00farokov\u00e9 sazby a tlaky na \u017eivotn\u00ed n\u00e1klady na Islandu. Pr\u016fzkumy ve\u0159ejn\u00e9ho m\u00edn\u011bn\u00ed na chv\u00edli nazna\u010dovaly, \u017ee by mohlo p\u0159ev\u00e1\u017eit opatrn\u00e9 \u201eano\u201c k jedn\u00e1n\u00ed. M\u00edsto toho v\u0161ak voli\u010di odd\u011blili skute\u010dn\u00e9 probl\u00e9my, kter\u00fdm jejich zem\u011b \u010del\u00ed, od institucion\u00e1ln\u00edho \u0159e\u0161en\u00ed navrhovan\u00e9ho vl\u00e1dou.<\/p>\n<p>Mapa v\u00fdsledk\u016f hlasov\u00e1n\u00ed vypov\u00edd\u00e1 jen o \u010d\u00e1sti situace. Obnoven\u00e1 jedn\u00e1n\u00ed podpo\u0159ily pouze dva centr\u00e1ln\u00ed volebn\u00ed obvody v Reykjav\u00edku; p\u0159edm\u011bst\u00ed hlavn\u00edho m\u011bsta a zbytek zem\u011b hlasovaly proti. Toto rozd\u011blen\u00ed by se nem\u011blo zjednodu\u0161ovat na star\u00fd zvyk velkom\u011bstsk\u00fdch obyvatel, kte\u0159\u00ed opatrnost venkovsk\u00fdch obyvatel pova\u017euj\u00ed za neznalost. Mimo hlavn\u00ed m\u011bsto nejsou n\u00e1klady spojen\u00e9 s p\u0159evodem pravomoc\u00ed nad p\u016fdou, produkc\u00ed potravin a mo\u0159sk\u00fdmi zdroji pouhou teori\u00ed. Komunity, kter\u00e9 se kolem t\u011bchto odv\u011btv\u00ed vyvinuly, p\u0159esn\u011b v\u011bd\u00ed, kter\u00e1 rozhodnut\u00ed by se stala p\u0159edm\u011btem vyjedn\u00e1v\u00e1n\u00ed v Bruselu a kter\u00e9 n\u00e1rodn\u00ed z\u00e1ruky by se mohly st\u00e1t do\u010dasn\u00fdmi v\u00fdjimkami.<\/p>\n<p>Rybolov byl rozhoduj\u00edc\u00edm faktorem, proto\u017ee nejde ani o muzejn\u00ed expon\u00e1t, ani o symbol volebn\u00ed kampan\u011b. Tento sektor se pod\u00edl\u00ed p\u0159ibli\u017en\u011b 15 procenty na islandsk\u00e9m HDP, pokud zapo\u010d\u00edt\u00e1me p\u0159\u00edm\u00e9 i nep\u0159\u00edm\u00e9 aktivity, a zhruba 40 procenty na v\u00fdnosech z v\u00fdvozu. Kontrola nad rybolovn\u00fdmi rev\u00edry byla vybojov\u00e1na v r\u00e1mci tvrd\u00e9ho politick\u00e9ho konfliktu b\u011bhem \u201ev\u00e1lek o tresku\u201c a nad\u00e1le je \u00fazce spjata s t\u00edm, jak zem\u011b ch\u00e1pe svou nez\u00e1vislost. Spole\u010dn\u00e1 ryb\u00e1\u0159sk\u00e1 politika Evropsk\u00e9 unie m\u016f\u017ee b\u00fdt schopna vyjednat si ur\u010ditou flexibilitu, jak tvrdili jej\u00ed obh\u00e1jci. Islan\u010fan\u00e9 m\u011bli pr\u00e1vo se pt\u00e1t, co se stane, a\u017e se tato flexibilita setk\u00e1 s budouc\u00ed kvalifikovanou v\u011bt\u0161inou, novou Komis\u00ed nebo konkuren\u010dn\u00edmi n\u00e1roky v\u011bt\u0161\u00edch \u010dlensk\u00fdch st\u00e1t\u016f.<\/p>\n<p>V\u016fdkyn\u011b opozice Gu\u00f0r\u00fan Hafsteinsd\u00f3ttir b\u011bhem kampan\u011b vyj\u00e1d\u0159ila ekonomick\u00fd argument s u\u017eite\u010dnou p\u0159\u00edmo\u010darost\u00ed: Vnitrost\u00e1tn\u00ed probl\u00e9my Islandu maj\u00ed \u0159e\u0161it island\u0161t\u00ed politici, nejde o \u00fakoly, kter\u00e9 by se m\u011bly outsourcovat do Bruselu. To bylo v\u00edc ne\u017e jen slogan. \u010clenstv\u00ed m\u016f\u017ee zm\u011bnit r\u00e1mec, v n\u011bm\u017e vl\u00e1dy jednaj\u00ed, ale nem\u016f\u017ee zbavit n\u00e1rodn\u00ed p\u0159edstavitele odpov\u011bdnosti za bydlen\u00ed, inflaci, produktivitu nebo ve\u0159ejn\u00e9 v\u00fddaje. Slib, \u017ee euro p\u0159inese discipl\u00ednu do islandsk\u00e9 politiky, byl z\u00e1rove\u0148 p\u0159izn\u00e1n\u00edm, \u017ee zem\u011b se vzd\u00e1 sm\u011bnn\u00e9ho kurzu a m\u011bnov\u00fdch n\u00e1stroj\u016f, jimi\u017e reagovala na p\u0159edchoz\u00ed \u0161oky. Voli\u010d\u016fm byl nab\u00eddnut kompromis, nikoli bezplatn\u00fd upgrade.<\/p>\n<p>Island si mohl toto rozhodnut\u00ed dovolit, proto\u017ee ji\u017e m\u00e1 funk\u010dn\u00ed, by\u0165 ne dokonal\u00e9, evropsk\u00e9 uspo\u0159\u00e1d\u00e1n\u00ed. Prost\u0159ednictv\u00edm <a href=\"https:\/\/www.efta.int\/eea-relations-eu\/qa-about-eea-agreement\">Evropsk\u00e9ho hospod\u00e1\u0159sk\u00e9ho prostoru<\/a>, kter\u00fd plat\u00ed od roku 1994, se Island spolu s Norskem a Lichten\u0161tejnskem \u00fa\u010dastn\u00ed jednotn\u00e9ho trhu. Zbo\u017e\u00ed, slu\u017eby, kapit\u00e1l a lid\u00e9 se pohybuj\u00ed podle spole\u010dn\u00fdch pravidel. Island je rovn\u011b\u017e sou\u010d\u00e1st\u00ed schengensk\u00e9ho prostoru a z\u016fst\u00e1v\u00e1 \u010dlenem Evropsk\u00e9ho sdru\u017een\u00ed voln\u00e9ho obchodu. EHP se nevztahuje na spole\u010dnou zem\u011bd\u011blskou a ryb\u00e1\u0159skou politiku EU, celn\u00ed unii, spole\u010dnou obchodn\u00ed politiku ani hospod\u00e1\u0159skou a m\u011bnovou unii. Tyto v\u00fdjimky zachov\u00e1vaj\u00ed prostor pro n\u00e1rodn\u00ed rozhodov\u00e1n\u00ed pr\u00e1v\u011b v oblastech, kter\u00e9 island\u0161t\u00ed voli\u010di pova\u017euj\u00ed za nejd\u016fle\u017eit\u011bj\u0161\u00ed.<\/p>\n<p>Toto uspo\u0159\u00e1d\u00e1n\u00ed m\u00e1 z\u00e1sadn\u00ed slabinu. Island p\u0159ej\u00edm\u00e1 zna\u010dnou \u010d\u00e1st pr\u00e1vn\u00edch p\u0159edpis\u016f jednotn\u00e9ho trhu, ani\u017e by m\u011bl k\u0159esla \u010di hlasovac\u00ed pr\u00e1va v Evropsk\u00e9m parlamentu a Rad\u011b Evropsk\u00e9 unie. St\u00e1ty EHP mohou v ran\u00e9 f\u00e1zi p\u0159isp\u00edvat k tvorb\u011b n\u00e1vrh\u016f, ale ne\u00fa\u010dastn\u00ed se form\u00e1ln\u00edch kone\u010dn\u00fdch rozhodnut\u00ed Unie. Zast\u00e1nci \u010dlenstv\u00ed m\u011bli pravdu, kdy\u017e poukazovali na tento demokratick\u00fd deficit. Odpov\u011b\u010f v\u0161ak z\u00e1vis\u00ed na tom, \u010deho si dan\u00e1 zem\u011b cen\u00ed v\u00edce: hlasu v r\u00e1mci instituc\u00ed s \u0161ir\u0161\u00edmi pravomocemi, nebo mo\u017enosti ponechat si ur\u010dit\u00e9 pravomoci zcela mimo tyto instituce. V sobotu dala v\u011bt\u0161ina p\u0159ednost druh\u00e9 mo\u017enosti. Premi\u00e9rka Kristr\u00fan Frostad\u00f3ttir toto poselstv\u00ed uznala a uvedla, \u017ee hlavn\u00edm ponau\u010den\u00edm je, \u017ee lid\u00e9 jsou s EHP spokojeni.<\/p>\n<p>N\u011bkte\u0159\u00ed federalist\u00e9 nam\u00edtnou, \u017ee EHP umo\u017e\u0148uje Islandu vyu\u017e\u00edvat p\u0159\u00edstup na trh, ani\u017e by musel n\u00e9st povinnosti vypl\u00fdvaj\u00edc\u00ed z \u010dlenstv\u00ed. Tato kritika m\u00e1 opodstatn\u011bn\u00ed pouze v p\u0159\u00edpad\u011b, \u017ee by ka\u017ed\u00e1 v\u00fdhoda hospod\u00e1\u0159sk\u00e9 spolupr\u00e1ce musela b\u00fdt vykoupena politickou integrac\u00ed. Island p\u0159isp\u00edv\u00e1 do p\u0159\u00edslu\u0161n\u00fdch program\u016f, p\u0159ij\u00edm\u00e1 dohled ze strany instituc\u00ed ESVO a p\u0159ej\u00edm\u00e1 zna\u010dnou \u010d\u00e1st pr\u00e1vn\u00edch p\u0159edpis\u016f jednotn\u00e9ho trhu. Toto uspo\u0159\u00e1d\u00e1n\u00ed nen\u00ed bez n\u00e1klad\u016f a nejde o suver\u00e9nn\u00ed izolaci. Jedn\u00e1 se o vyjednan\u00e9 rozd\u011blen\u00ed odpov\u011bdnost\u00ed. Skute\u010dnost, \u017ee Unie takovou dohodu akceptuje, ukazuje, \u017ee Evropa ji\u017e disponuje v\u00edce ne\u017e jednou \u00fastavn\u00ed architekturou. V referendu se Islandan\u00e9 vyjad\u0159ovali k tomu, zda si p\u0159ej\u00ed vym\u011bnit svou za jinou. Necht\u011bli.<\/p>\n<p>Bezpe\u010dnostn\u00ed aspekty tento v\u00fdpo\u010det nezvr\u00e1tily. Island je zakl\u00e1daj\u00edc\u00edm \u010dlenem NATO, nem\u00e1 st\u00e1lou arm\u00e1du a ve velk\u00e9 m\u00ed\u0159e se spol\u00e9h\u00e1 na sv\u00e9 obrann\u00e9 vztahy se Spojen\u00fdmi st\u00e1ty. Jeho poloha nab\u00fdv\u00e1 na v\u00fdznamu, jeliko\u017e se Severn\u00ed Atlantik a Arktida op\u011bt st\u00e1vaj\u00ed centrem soupe\u0159en\u00ed velmoc\u00ed. Tyto skute\u010dnosti vy\u017eaduj\u00ed v\u00e1\u017en\u011bj\u0161\u00ed investice do n\u00e1rodn\u00ed odolnosti, p\u0159\u00edstav\u016f, sledov\u00e1n\u00ed a p\u0159\u00edstupu spojenc\u016f. Neznamenaj\u00ed v\u0161ak, \u017ee by \u010dlenstv\u00ed v EU poskytovalo n\u00e1hradn\u00ed bezpe\u010dnostn\u00ed z\u00e1ruku. Vl\u00e1da po\u017e\u00e1dala voli\u010de, aby geopolitick\u00e9 obavy brali jako argument pro p\u0159\u00edstupov\u00e9 rozhovory; voli\u010di v\u0161ak odm\u00edtli slou\u010dit dv\u011b samostatn\u00e9 ot\u00e1zky do jedn\u00e9.<\/p>\n<p>Pro Brusel je tento v\u00fdsledek v\u00edce ne\u017e jen promarn\u011bnou p\u0159\u00edle\u017eitost\u00ed v oblasti public relations. Island by nevy\u017eadoval \u017e\u00e1dnou institucion\u00e1ln\u00ed restrukturalizaci, jak\u00e1 se po\u017eaduje od mnoha sou\u010dasn\u00fdch kandid\u00e1t\u016f. Jeho vstup by mohl b\u00fdt prezentov\u00e1n jako d\u016fkaz, \u017ee roz\u0161\u00ed\u0159en\u00ed i po brexitu st\u00e1le p\u0159itahuje prosperuj\u00edc\u00ed a zaveden\u00e9 demokracie. Roz\u0161\u00ed\u0159en\u00ed v\u0161ak nelze ospravedlnit pouze administrativn\u00ed p\u0159ipravenost\u00ed kandid\u00e1tsk\u00e9 zem\u011b. Vy\u017eaduje tak\u00e9 trval\u00fd souhlas ob\u010dan\u016f, od nich\u017e se o\u010dek\u00e1v\u00e1, \u017ee p\u0159edaj\u00ed \u010d\u00e1st pravomoc\u00ed. Pokud tento souhlas chyb\u00ed i u bl\u00edzk\u00e9ho partnera, spr\u00e1vnou reakc\u00ed nen\u00ed pova\u017eovat voli\u010de za probl\u00e9m, ale pt\u00e1t se, pro\u010d nab\u00eddka Unie nep\u0159ekonala hodnotu st\u00e1vaj\u00edc\u00edho stavu.<\/p>\n<p>Prvn\u00ed reakce EU byla p\u0159im\u011b\u0159en\u011b zdr\u017eenliv\u00e1. P\u0159edseda Evropsk\u00e9 rady Ant\u00f3nio Costa sd\u011blil Frostad\u00f3ttir, \u017ee Unie <a href=\"https:\/\/www.euronews.com\/my-europe\/2026\/08\/30\/a-close-partner-eu-offers-muted-reaction-after-iceland-rebuffs-accession-talks\">pln\u011b respektuje demokratick\u00e9 rozhodnut\u00ed<\/a>, zat\u00edmco mluv\u010d\u00ed ozna\u010dil Island za jednoho ze sv\u00fdch nejbli\u017e\u0161\u00edch a nejd\u016fv\u011bryhodn\u011bj\u0161\u00edch partner\u016f. Takov\u00e1 r\u00e9torika by se m\u011bla prom\u00edtnout do politiky. Zral\u00fd evropsk\u00fd \u0159\u00e1d mus\u00ed b\u00fdt schopen udr\u017eovat siln\u00e9 vztahy se zem\u011bmi, kter\u00e9 se rozhodnou pro r\u016fznou m\u00edru integrace. Partnerstv\u00ed by nem\u011blo b\u00fdt vn\u00edm\u00e1no jako \u010dek\u00e1rna, ve kter\u00e9 se od ka\u017ed\u00e9 \u00fasp\u011b\u0161n\u00e9 evropsk\u00e9 demokracie o\u010dek\u00e1v\u00e1, \u017ee nakonec po\u017e\u00e1d\u00e1 o pln\u00e9 \u010dlenstv\u00ed.<\/p>\n<p>Za islandsk\u00fdm rozhodnut\u00edm stoj\u00ed konzervativn\u00ed evropsk\u00e1 vize. <a href=\"https:\/\/ecrparty.eu\/about-us\/\">Reykjav\u00edksk\u00e1 deklarace<\/a> hovo\u0159\u00ed o Evrop\u011b nez\u00e1visl\u00fdch n\u00e1rod\u016f, kter\u00e9 spolupracuj\u00ed ve prosp\u011bch v\u0161ech, p\u0159i\u010dem\u017e si zachov\u00e1vaj\u00ed svou identitu a celistvost. Potvrzuje tak\u00e9 rovnost evropsk\u00fdch demokraci\u00ed bez ohledu na to, k jak\u00fdm mezin\u00e1rodn\u00edm sdru\u017een\u00edm se p\u0159ipojuj\u00ed, a up\u0159ednost\u0148uje v\u00fdkon moci na nejni\u017e\u0161\u00ed mo\u017en\u00e9 \u00farovni. Tyto z\u00e1sady nevy\u017eaduj\u00ed nep\u0159\u00e1telstv\u00ed v\u016f\u010di EU. Vy\u017eaduj\u00ed, aby Unie z\u016fstala prost\u0159edkem spolupr\u00e1ce, podl\u00e9haj\u00edc\u00edm demokratick\u00e9mu souhlasu, a nikoli jedin\u00fdm m\u011b\u0159\u00edtkem evropsk\u00e9 legitimity dan\u00e9 zem\u011b.<\/p>\n<p>O sou\u010dasn\u00e9m uspo\u0159\u00e1d\u00e1n\u00ed Islandu se bude i nad\u00e1le diskutovat, a to je spr\u00e1vn\u00e9. EHP s sebou p\u0159in\u00e1\u0161\u00ed nejen otev\u0159en\u00ed trh\u016f, ale i ur\u010dit\u00e1 pravidla, a debata o m\u011bnov\u00e9 politice nezmiz\u00ed. Ani by se v\u011bt\u0161ina 52,8 procenta nem\u011bla zam\u011b\u0148ovat za trval\u00e9 \u0159e\u0161en\u00ed v rozd\u011blen\u00e9 zemi. Pro volebn\u00ed obdob\u00ed t\u00e9to vl\u00e1dy v\u0161ak vy\u0159e\u0161ila jednu ot\u00e1zku: spolupr\u00e1ce s Evropou neznamen\u00e1 povinnost vstoupit do Unie. Brusel by m\u011bl tento rozd\u00edl moud\u0159e akceptovat. Evropa, kter\u00e1 je dostate\u010dn\u011b sebev\u011bdom\u00e1 na to, aby akceptovala r\u016fzn\u00e9 formy soun\u00e1le\u017eitosti, bude siln\u011bj\u0161\u00ed ne\u017e ta, kter\u00e1 pova\u017euje p\u0159istoupen\u00ed za jedin\u00fd p\u0159ijateln\u00fd c\u00edl.<\/p>\n<\/p>","protected":false},"excerpt":{"rendered":"<p>T\u00edm, \u017ee odm\u00edtli obnoven\u00ed p\u0159\u00edstupov\u00fdch jedn\u00e1n\u00ed s EU, Islan\u010fan\u00e9 h\u00e1jili kontrolu nad sv\u00fdmi zdroji a podpo\u0159ili tak formu evropsk\u00e9 spolupr\u00e1ce, v n\u00ed\u017e z\u016fst\u00e1v\u00e1 demokratick\u00e1 moc bl\u00ed\u017ee domovu. Brusel si dovolil doufat, \u017ee Island by se mohl st\u00e1t nejjednodu\u0161\u0161\u00edm \u00fasp\u011bchem Evropsk\u00e9 unie v oblasti roz\u0161\u00ed\u0159en\u00ed. Zem\u011b je bohat\u00e1, demokratick\u00e1 a ji\u017e je do zna\u010dn\u00e9 m\u00edry za\u010dlen\u011bna [&hellip;]<\/p>\n","protected":false},"author":81,"featured_media":62837,"comment_status":"closed","ping_status":"closed","sticky":false,"template":"","format":"standard","meta":{"footnotes":""},"categories":[1462,158,258],"tags":[3388,599,3483,72,2706],"editorial-positions":[42],"regions":[344],"types":[449],"class_list":["post-62972","post","type-post","status-publish","format-standard","has-post-thumbnail","hentry","category-budovani-konzervativni-evropy","category-politika","category-pravni","tag-european-economic-area","tag-european-union","tag-fisheries-policy","tag-iceland","tag-national-sovereignty","editorial-positions-focus","regions-northern-europe-cs","types-opinion-cs"],"yoast_head":"<!-- This site is optimized with the Yoast SEO plugin v28.0 - https:\/\/yoast.com\/product\/yoast-seo-wordpress\/ -->\n<title>Islandsk\u00e9 \u201ene\u201c a Evropa n\u00e1rod\u016f - The Conservative<\/title>\n<meta name=\"robots\" content=\"index, follow, max-snippet:-1, max-image-preview:large, max-video-preview:-1\" \/>\n<link rel=\"canonical\" href=\"https:\/\/www.theconservative.online\/cs\/islandske-ne-a-evropa-narodu\" \/>\n<meta property=\"og:locale\" content=\"cs_CZ\" \/>\n<meta property=\"og:type\" content=\"article\" \/>\n<meta property=\"og:title\" content=\"Islandsk\u00e9 \u201ene\u201c a Evropa n\u00e1rod\u016f - The Conservative\" \/>\n<meta property=\"og:description\" content=\"T\u00edm, \u017ee odm\u00edtli obnoven\u00ed p\u0159\u00edstupov\u00fdch jedn\u00e1n\u00ed s EU, Islan\u010fan\u00e9 h\u00e1jili kontrolu nad sv\u00fdmi zdroji a podpo\u0159ili tak formu evropsk\u00e9 spolupr\u00e1ce, v n\u00ed\u017e z\u016fst\u00e1v\u00e1 demokratick\u00e1 moc bl\u00ed\u017ee domovu. Brusel si dovolil doufat, \u017ee Island by se mohl st\u00e1t nejjednodu\u0161\u0161\u00edm \u00fasp\u011bchem Evropsk\u00e9 unie v oblasti roz\u0161\u00ed\u0159en\u00ed. Zem\u011b je bohat\u00e1, demokratick\u00e1 a ji\u017e je do zna\u010dn\u00e9 m\u00edry za\u010dlen\u011bna [&hellip;]\" \/>\n<meta property=\"og:url\" content=\"https:\/\/www.theconservative.online\/cs\/islandske-ne-a-evropa-narodu\" \/>\n<meta property=\"og:site_name\" content=\"The Conservative\" \/>\n<meta property=\"article:published_time\" content=\"2026-08-31T13:57:52+00:00\" \/>\n<meta property=\"og:image\" content=\"https:\/\/www.theconservative.online\/wp-content\/uploads\/2026\/08\/shutterstock_2575159489.jpg\" \/>\n\t<meta property=\"og:image:width\" content=\"1000\" \/>\n\t<meta property=\"og:image:height\" content=\"667\" \/>\n\t<meta property=\"og:image:type\" content=\"image\/jpeg\" \/>\n<meta name=\"author\" content=\"Ulderico de Laurentiis\" \/>\n<meta name=\"twitter:card\" content=\"summary_large_image\" \/>\n<meta name=\"twitter:label1\" content=\"Napsal(a)\" \/>\n\t<meta name=\"twitter:data1\" content=\"Ulderico de Laurentiis\" \/>\n\t<meta name=\"twitter:label2\" content=\"Odhadovan\u00e1 doba \u010dten\u00ed\" \/>\n\t<meta name=\"twitter:data2\" content=\"9 minut\" \/>\n<script type=\"application\/ld+json\" class=\"yoast-schema-graph\">{\"@context\":\"https:\\\/\\\/schema.org\",\"@graph\":[{\"@type\":\"Article\",\"@id\":\"https:\\\/\\\/www.theconservative.online\\\/cs\\\/islandske-ne-a-evropa-narodu#article\",\"isPartOf\":{\"@id\":\"https:\\\/\\\/www.theconservative.online\\\/cs\\\/islandske-ne-a-evropa-narodu\"},\"author\":{\"name\":\"Ulderico de Laurentiis\",\"@id\":\"https:\\\/\\\/www.theconservative.online\\\/cs#\\\/schema\\\/person\\\/52a2ddf2ed90ed779b2354583416c4bb\"},\"headline\":\"Islandsk\u00e9 \u201ene\u201c a Evropa n\u00e1rod\u016f\",\"datePublished\":\"2026-08-31T13:57:52+00:00\",\"mainEntityOfPage\":{\"@id\":\"https:\\\/\\\/www.theconservative.online\\\/cs\\\/islandske-ne-a-evropa-narodu\"},\"wordCount\":1845,\"image\":{\"@id\":\"https:\\\/\\\/www.theconservative.online\\\/cs\\\/islandske-ne-a-evropa-narodu#primaryimage\"},\"thumbnailUrl\":\"https:\\\/\\\/www.theconservative.online\\\/wp-content\\\/uploads\\\/2026\\\/08\\\/shutterstock_2575159489.jpg\",\"keywords\":[\"European Economic Area\",\"European Union\",\"Fisheries Policy\",\"Iceland\",\"National Sovereignty\"],\"articleSection\":[\"Budov\u00e1n\u00ed konzervativn\u00ed Evropy\",\"Politika\",\"Pr\u00e1vn\u00ed\"],\"inLanguage\":\"cs\"},{\"@type\":\"WebPage\",\"@id\":\"https:\\\/\\\/www.theconservative.online\\\/cs\\\/islandske-ne-a-evropa-narodu\",\"url\":\"https:\\\/\\\/www.theconservative.online\\\/cs\\\/islandske-ne-a-evropa-narodu\",\"name\":\"Islandsk\u00e9 \u201ene\u201c a Evropa n\u00e1rod\u016f - The Conservative\",\"isPartOf\":{\"@id\":\"https:\\\/\\\/www.theconservative.online\\\/cs#website\"},\"primaryImageOfPage\":{\"@id\":\"https:\\\/\\\/www.theconservative.online\\\/cs\\\/islandske-ne-a-evropa-narodu#primaryimage\"},\"image\":{\"@id\":\"https:\\\/\\\/www.theconservative.online\\\/cs\\\/islandske-ne-a-evropa-narodu#primaryimage\"},\"thumbnailUrl\":\"https:\\\/\\\/www.theconservative.online\\\/wp-content\\\/uploads\\\/2026\\\/08\\\/shutterstock_2575159489.jpg\",\"datePublished\":\"2026-08-31T13:57:52+00:00\",\"author\":{\"@id\":\"https:\\\/\\\/www.theconservative.online\\\/cs#\\\/schema\\\/person\\\/52a2ddf2ed90ed779b2354583416c4bb\"},\"breadcrumb\":{\"@id\":\"https:\\\/\\\/www.theconservative.online\\\/cs\\\/islandske-ne-a-evropa-narodu#breadcrumb\"},\"inLanguage\":\"cs\",\"potentialAction\":[{\"@type\":\"ReadAction\",\"target\":[\"https:\\\/\\\/www.theconservative.online\\\/cs\\\/islandske-ne-a-evropa-narodu\"]}]},{\"@type\":\"ImageObject\",\"inLanguage\":\"cs\",\"@id\":\"https:\\\/\\\/www.theconservative.online\\\/cs\\\/islandske-ne-a-evropa-narodu#primaryimage\",\"url\":\"https:\\\/\\\/www.theconservative.online\\\/wp-content\\\/uploads\\\/2026\\\/08\\\/shutterstock_2575159489.jpg\",\"contentUrl\":\"https:\\\/\\\/www.theconservative.online\\\/wp-content\\\/uploads\\\/2026\\\/08\\\/shutterstock_2575159489.jpg\",\"width\":1000,\"height\":667},{\"@type\":\"BreadcrumbList\",\"@id\":\"https:\\\/\\\/www.theconservative.online\\\/cs\\\/islandske-ne-a-evropa-narodu#breadcrumb\",\"itemListElement\":[{\"@type\":\"ListItem\",\"position\":1,\"name\":\"Home\",\"item\":\"https:\\\/\\\/www.theconservative.online\\\/cs\"},{\"@type\":\"ListItem\",\"position\":2,\"name\":\"Islandsk\u00e9 \u201ene\u201c a Evropa n\u00e1rod\u016f\"}]},{\"@type\":\"WebSite\",\"@id\":\"https:\\\/\\\/www.theconservative.online\\\/cs#website\",\"url\":\"https:\\\/\\\/www.theconservative.online\\\/cs\",\"name\":\"The Conservative\",\"description\":\"\",\"potentialAction\":[{\"@type\":\"SearchAction\",\"target\":{\"@type\":\"EntryPoint\",\"urlTemplate\":\"https:\\\/\\\/www.theconservative.online\\\/cs?s={search_term_string}\"},\"query-input\":{\"@type\":\"PropertyValueSpecification\",\"valueRequired\":true,\"valueName\":\"search_term_string\"}}],\"inLanguage\":\"cs\"},{\"@type\":\"Person\",\"@id\":\"https:\\\/\\\/www.theconservative.online\\\/cs#\\\/schema\\\/person\\\/52a2ddf2ed90ed779b2354583416c4bb\",\"name\":\"Ulderico de Laurentiis\",\"image\":{\"@type\":\"ImageObject\",\"inLanguage\":\"cs\",\"@id\":\"https:\\\/\\\/secure.gravatar.com\\\/avatar\\\/c975100d71d02e389336f3ee1e1205f2a988b979b3af1bde32d899ff60a0e1ca?s=96&d=mm&r=g\",\"url\":\"https:\\\/\\\/secure.gravatar.com\\\/avatar\\\/c975100d71d02e389336f3ee1e1205f2a988b979b3af1bde32d899ff60a0e1ca?s=96&d=mm&r=g\",\"contentUrl\":\"https:\\\/\\\/secure.gravatar.com\\\/avatar\\\/c975100d71d02e389336f3ee1e1205f2a988b979b3af1bde32d899ff60a0e1ca?s=96&d=mm&r=g\",\"caption\":\"Ulderico de Laurentiis\"},\"url\":\"https:\\\/\\\/www.theconservative.online\\\/cs\\\/author\\\/youcom-euspec-2025-26\"}]}<\/script>\n<!-- \/ Yoast SEO plugin. -->","yoast_head_json":{"title":"Islandsk\u00e9 \u201ene\u201c a Evropa n\u00e1rod\u016f - The Conservative","robots":{"index":"index","follow":"follow","max-snippet":"max-snippet:-1","max-image-preview":"max-image-preview:large","max-video-preview":"max-video-preview:-1"},"canonical":"https:\/\/www.theconservative.online\/cs\/islandske-ne-a-evropa-narodu","og_locale":"cs_CZ","og_type":"article","og_title":"Islandsk\u00e9 \u201ene\u201c a Evropa n\u00e1rod\u016f - The Conservative","og_description":"T\u00edm, \u017ee odm\u00edtli obnoven\u00ed p\u0159\u00edstupov\u00fdch jedn\u00e1n\u00ed s EU, Islan\u010fan\u00e9 h\u00e1jili kontrolu nad sv\u00fdmi zdroji a podpo\u0159ili tak formu evropsk\u00e9 spolupr\u00e1ce, v n\u00ed\u017e z\u016fst\u00e1v\u00e1 demokratick\u00e1 moc bl\u00ed\u017ee domovu. Brusel si dovolil doufat, \u017ee Island by se mohl st\u00e1t nejjednodu\u0161\u0161\u00edm \u00fasp\u011bchem Evropsk\u00e9 unie v oblasti roz\u0161\u00ed\u0159en\u00ed. Zem\u011b je bohat\u00e1, demokratick\u00e1 a ji\u017e je do zna\u010dn\u00e9 m\u00edry za\u010dlen\u011bna [&hellip;]","og_url":"https:\/\/www.theconservative.online\/cs\/islandske-ne-a-evropa-narodu","og_site_name":"The Conservative","article_published_time":"2026-08-31T13:57:52+00:00","og_image":[{"width":1000,"height":667,"url":"https:\/\/www.theconservative.online\/wp-content\/uploads\/2026\/08\/shutterstock_2575159489.jpg","type":"image\/jpeg"}],"author":"Ulderico de Laurentiis","twitter_card":"summary_large_image","twitter_misc":{"Napsal(a)":"Ulderico de Laurentiis","Odhadovan\u00e1 doba \u010dten\u00ed":"9 minut"},"schema":{"@context":"https:\/\/schema.org","@graph":[{"@type":"Article","@id":"https:\/\/www.theconservative.online\/cs\/islandske-ne-a-evropa-narodu#article","isPartOf":{"@id":"https:\/\/www.theconservative.online\/cs\/islandske-ne-a-evropa-narodu"},"author":{"name":"Ulderico de Laurentiis","@id":"https:\/\/www.theconservative.online\/cs#\/schema\/person\/52a2ddf2ed90ed779b2354583416c4bb"},"headline":"Islandsk\u00e9 \u201ene\u201c a Evropa n\u00e1rod\u016f","datePublished":"2026-08-31T13:57:52+00:00","mainEntityOfPage":{"@id":"https:\/\/www.theconservative.online\/cs\/islandske-ne-a-evropa-narodu"},"wordCount":1845,"image":{"@id":"https:\/\/www.theconservative.online\/cs\/islandske-ne-a-evropa-narodu#primaryimage"},"thumbnailUrl":"https:\/\/www.theconservative.online\/wp-content\/uploads\/2026\/08\/shutterstock_2575159489.jpg","keywords":["European Economic Area","European Union","Fisheries Policy","Iceland","National Sovereignty"],"articleSection":["Budov\u00e1n\u00ed konzervativn\u00ed Evropy","Politika","Pr\u00e1vn\u00ed"],"inLanguage":"cs"},{"@type":"WebPage","@id":"https:\/\/www.theconservative.online\/cs\/islandske-ne-a-evropa-narodu","url":"https:\/\/www.theconservative.online\/cs\/islandske-ne-a-evropa-narodu","name":"Islandsk\u00e9 \u201ene\u201c a Evropa n\u00e1rod\u016f - The Conservative","isPartOf":{"@id":"https:\/\/www.theconservative.online\/cs#website"},"primaryImageOfPage":{"@id":"https:\/\/www.theconservative.online\/cs\/islandske-ne-a-evropa-narodu#primaryimage"},"image":{"@id":"https:\/\/www.theconservative.online\/cs\/islandske-ne-a-evropa-narodu#primaryimage"},"thumbnailUrl":"https:\/\/www.theconservative.online\/wp-content\/uploads\/2026\/08\/shutterstock_2575159489.jpg","datePublished":"2026-08-31T13:57:52+00:00","author":{"@id":"https:\/\/www.theconservative.online\/cs#\/schema\/person\/52a2ddf2ed90ed779b2354583416c4bb"},"breadcrumb":{"@id":"https:\/\/www.theconservative.online\/cs\/islandske-ne-a-evropa-narodu#breadcrumb"},"inLanguage":"cs","potentialAction":[{"@type":"ReadAction","target":["https:\/\/www.theconservative.online\/cs\/islandske-ne-a-evropa-narodu"]}]},{"@type":"ImageObject","inLanguage":"cs","@id":"https:\/\/www.theconservative.online\/cs\/islandske-ne-a-evropa-narodu#primaryimage","url":"https:\/\/www.theconservative.online\/wp-content\/uploads\/2026\/08\/shutterstock_2575159489.jpg","contentUrl":"https:\/\/www.theconservative.online\/wp-content\/uploads\/2026\/08\/shutterstock_2575159489.jpg","width":1000,"height":667},{"@type":"BreadcrumbList","@id":"https:\/\/www.theconservative.online\/cs\/islandske-ne-a-evropa-narodu#breadcrumb","itemListElement":[{"@type":"ListItem","position":1,"name":"Home","item":"https:\/\/www.theconservative.online\/cs"},{"@type":"ListItem","position":2,"name":"Islandsk\u00e9 \u201ene\u201c a Evropa n\u00e1rod\u016f"}]},{"@type":"WebSite","@id":"https:\/\/www.theconservative.online\/cs#website","url":"https:\/\/www.theconservative.online\/cs","name":"The Conservative","description":"","potentialAction":[{"@type":"SearchAction","target":{"@type":"EntryPoint","urlTemplate":"https:\/\/www.theconservative.online\/cs?s={search_term_string}"},"query-input":{"@type":"PropertyValueSpecification","valueRequired":true,"valueName":"search_term_string"}}],"inLanguage":"cs"},{"@type":"Person","@id":"https:\/\/www.theconservative.online\/cs#\/schema\/person\/52a2ddf2ed90ed779b2354583416c4bb","name":"Ulderico de Laurentiis","image":{"@type":"ImageObject","inLanguage":"cs","@id":"https:\/\/secure.gravatar.com\/avatar\/c975100d71d02e389336f3ee1e1205f2a988b979b3af1bde32d899ff60a0e1ca?s=96&d=mm&r=g","url":"https:\/\/secure.gravatar.com\/avatar\/c975100d71d02e389336f3ee1e1205f2a988b979b3af1bde32d899ff60a0e1ca?s=96&d=mm&r=g","contentUrl":"https:\/\/secure.gravatar.com\/avatar\/c975100d71d02e389336f3ee1e1205f2a988b979b3af1bde32d899ff60a0e1ca?s=96&d=mm&r=g","caption":"Ulderico de Laurentiis"},"url":"https:\/\/www.theconservative.online\/cs\/author\/youcom-euspec-2025-26"}]}},"acf":[],"_links":{"self":[{"href":"https:\/\/www.theconservative.online\/cs\/wp-json\/wp\/v2\/posts\/62972","targetHints":{"allow":["GET"]}}],"collection":[{"href":"https:\/\/www.theconservative.online\/cs\/wp-json\/wp\/v2\/posts"}],"about":[{"href":"https:\/\/www.theconservative.online\/cs\/wp-json\/wp\/v2\/types\/post"}],"author":[{"embeddable":true,"href":"https:\/\/www.theconservative.online\/cs\/wp-json\/wp\/v2\/users\/81"}],"replies":[{"embeddable":true,"href":"https:\/\/www.theconservative.online\/cs\/wp-json\/wp\/v2\/comments?post=62972"}],"version-history":[{"count":0,"href":"https:\/\/www.theconservative.online\/cs\/wp-json\/wp\/v2\/posts\/62972\/revisions"}],"wp:featuredmedia":[{"embeddable":true,"href":"https:\/\/www.theconservative.online\/cs\/wp-json\/wp\/v2\/media\/62837"}],"wp:attachment":[{"href":"https:\/\/www.theconservative.online\/cs\/wp-json\/wp\/v2\/media?parent=62972"}],"wp:term":[{"taxonomy":"category","embeddable":true,"href":"https:\/\/www.theconservative.online\/cs\/wp-json\/wp\/v2\/categories?post=62972"},{"taxonomy":"post_tag","embeddable":true,"href":"https:\/\/www.theconservative.online\/cs\/wp-json\/wp\/v2\/tags?post=62972"},{"taxonomy":"editorial-positions","embeddable":true,"href":"https:\/\/www.theconservative.online\/cs\/wp-json\/wp\/v2\/editorial-positions?post=62972"},{"taxonomy":"regions","embeddable":true,"href":"https:\/\/www.theconservative.online\/cs\/wp-json\/wp\/v2\/regions?post=62972"},{"taxonomy":"types","embeddable":true,"href":"https:\/\/www.theconservative.online\/cs\/wp-json\/wp\/v2\/types?post=62972"}],"curies":[{"name":"wp","href":"https:\/\/api.w.org\/{rel}","templated":true}]}}