{"id":62978,"date":"2026-08-31T13:57:45","date_gmt":"2026-08-31T13:57:45","guid":{"rendered":"https:\/\/www.theconservative.online\/nekolik-uvah-v-navaznosti-na-projev-komisare-pro-rozsireni-v-zahrebu"},"modified":"2026-08-31T13:57:45","modified_gmt":"2026-08-31T13:57:45","slug":"nekolik-uvah-v-navaznosti-na-projev-komisare-pro-rozsireni-v-zahrebu","status":"publish","type":"post","link":"https:\/\/www.theconservative.online\/cs\/nekolik-uvah-v-navaznosti-na-projev-komisare-pro-rozsireni-v-zahrebu","title":{"rendered":"N\u011bkolik \u00favah v n\u00e1vaznosti na projev komisa\u0159e pro roz\u0161\u00ed\u0159en\u00ed v Z\u00e1h\u0159ebu"},"content":{"rendered":"<p style=\"font-weight: 400;\">Dvaadvacet let po nejv\u011bt\u0161\u00ed vln\u011b roz\u0161\u00ed\u0159en\u00ed v historii Evropsk\u00e9 unie \u2013 kdy se 10 zem\u00ed form\u00e1ln\u011b stalo \u010dleny \u2013 a t\u0159in\u00e1ct let po vstupu Chorvatska se t\u00e9ma roz\u0161\u00ed\u0159en\u00ed EU op\u011bt stalo pal\u010divou ot\u00e1zkou. Jedn\u00e1 se o nejdel\u0161\u00ed obdob\u00ed, kter\u00e9 uplynulo od posledn\u00edho p\u0159istoupen\u00ed, a perspektivy i v\u00fdzvy spojen\u00e9 s v\u011bt\u0161\u00ed Uni\u00ed jsou zna\u010dn\u00e9. V p\u0159edve\u010der zased\u00e1n\u00ed Evropsk\u00e9 rady v polovin\u011b \u0159\u00edjna komisa\u0159 pro roz\u0161\u00ed\u0159en\u00ed ned\u00e1vno nast\u00ednil \u201ereformn\u00ed\u201c vizi Komise ohledn\u011b budouc\u00edch p\u0159istoupen\u00ed.<\/p>\n<p style=\"font-weight: 400;\">Ve sv\u00e9m projevu, kter\u00fd pronesla 24. srpna v Z\u00e1h\u0159ebu, Marta Kos zd\u016fraznila v\u00fdznam pln\u011bn\u00ed z\u00e1vazk\u016f, v\u00fdhody postupn\u00e9 integrace, flexibiln\u011bj\u0161\u00ed rozhodovac\u00ed proces a siln\u011bj\u0161\u00ed z\u00e1ruky pro pos\u00edlen\u00ed pr\u00e1vn\u00edho st\u00e1tu a demokratick\u00fdch mechanism\u016f.<\/p><div class='related_content'><span>RELATED<\/span><ul><li><a href='https:\/\/www.theconservative.online\/cs\/islandske-ne-a-evropa-narodu'>Islandsk\u00e9 \u201ene\u201c a Evropa n\u00e1rod\u016f<\/li><\/a><li><a href='https:\/\/www.theconservative.online\/cs\/proc-island-odmitl-clenstvi-v-eu'>Pro\u010d Island odm\u00edtl \u010dlenstv\u00ed v EU<\/li><\/a><li><a href='https:\/\/www.theconservative.online\/cs\/evropska-prumyslova-transformace-klade-duraz-na-cinu-energetiku-a-investice'>Evropsk\u00e1 pr\u016fmyslov\u00e1 transformace klade d\u016fraz na \u010c\u00ednu, energetiku a investice<\/li><\/a><\/ul><\/div>\n<p style=\"font-weight: 400;\">Krom\u011b kli\u0161\u00e9, jako \u017ee kandid\u00e1tsk\u00e9 zem\u011b mus\u00ed skute\u010dn\u011b dodr\u017eovat \u201ena\u0161e spole\u010dn\u00e9 hodnoty\u201c, n\u011bkter\u00fdch d\u016frazn\u00fdch prohl\u00e1\u0161en\u00ed \u010di ocen\u011bn\u00ed Chorvatska a jeho \u00fasp\u011bch\u016f, komisa\u0159 Kos pochv\u00e1lil  <em>bezprecedentn\u00ed pokrok<\/em>  vyslovil v leto\u0161n\u00edm roce ohledn\u011b procesu roz\u0161\u00ed\u0159en\u00ed. Na jedn\u00e9 stran\u011b m\u00e1me \u010cernou Horu, kter\u00e1 je nejbl\u00ed\u017ee p\u0159istoupen\u00ed k EU; Alb\u00e1nii, kter\u00e1 je uv\u00e1d\u011bna jako p\u0159\u00edklad pro uzav\u0159en\u00ed kapitoly o pr\u00e1vn\u00edm st\u00e1tu; a d\u00e1le Ukrajinu a Moldavskou republiku. Co se t\u00fd\u010de Islandu, v dob\u011b projevu v Z\u00e1h\u0159ebu se p\u0159ipravoval na referendum o obnoven\u00ed p\u0159\u00edstupov\u00fdch jedn\u00e1n\u00ed; v\u00fdsledek z 29. srpna \u2013 kdy 53 % ob\u010dan\u016f hlasovalo proti \u2013 v\u0161ak t\u00e9to snaze fakticky u\u010dinil p\u0159\u00edtr\u017e.<\/p>\n<p style=\"font-weight: 400;\">Krom\u011b jednotliv\u00fdch p\u0159\u00edpad\u016f, kter\u00e9 se nach\u00e1zej\u00ed v r\u016fzn\u00fdch \u201ef\u00e1z\u00edch\u201c procesu p\u0159istoupen\u00ed, vyvst\u00e1v\u00e1 ot\u00e1zka, jak pln\u011b pochopit, koho vlastn\u011b v\u00edt\u00e1me na sv\u00e9m \u00fazem\u00ed. Unie, kter\u00e1 nedok\u00e1\u017ee br\u00e1nit sv\u00e9 vn\u011bj\u0161\u00ed hranice tv\u00e1\u0159\u00ed v tv\u00e1\u0159 existen\u010dn\u00ed hrozb\u011b, Unie dusen\u00e1 nadm\u011brnou regulac\u00ed a prosazuj\u00edc\u00ed ideologie, kter\u00e9 z\u00e1sadn\u011b podkop\u00e1vaj\u00ed rodinu, svobodu projevu a n\u00e1rodn\u00ed suverenitu \u2013 nakolik je skute\u010dn\u011b p\u0159ipravena na dal\u0161\u00ed roz\u0161i\u0159ov\u00e1n\u00ed? Bylo by to jako d\u016fm, k n\u011bmu\u017e se p\u0159istavuje nov\u00e9 patro, zat\u00edmco se jeho z\u00e1klady rozpadaj\u00ed.<\/p>\n<p style=\"font-weight: 400;\">Komisa\u0159 Kos se domn\u00edv\u00e1, \u017ee rozhodovac\u00ed proces mus\u00ed b\u00fdt efektivn\u011bj\u0161\u00ed a flexibiln\u011bj\u0161\u00ed \u2013 co\u017e je legitimn\u00ed c\u00edl \u2013, ale jedn\u00edm ze zp\u016fsob\u016f, jak toho dos\u00e1hnout, je omezit oblasti, v nich\u017e m\u016f\u017ee jednotliv\u00fd \u010dlensk\u00fd st\u00e1t uplatnit sv\u00e9 veto. Jin\u00fdmi slovy jde o takovou reformu, kter\u00e1 by zabr\u00e1nila nep\u0159\u00edjemn\u00fdm \u201ep\u0159ekvapen\u00edm\u201c ze strany st\u00e1t\u016f, kter\u00e9 se pln\u011b ne\u0159\u00edd\u00ed pokyny Bruselu \u2013 co\u017e je t\u00e9ma, kter\u00e9 v posledn\u00edch letech vyvolalo zna\u010dnou nevoli. Dal\u0161\u00ed fr\u00e1z\u00ed, kterou slovinsk\u00fd komisa\u0159 pou\u017eil, bylo zaji\u0161t\u011bn\u00ed toho, aby se sem nedostaly \u201etrojsk\u00e9 kon\u011b\u201c, a aby ji\u017e nemohlo doch\u00e1zet k poru\u0161ov\u00e1n\u00ed \u201ez\u00e1kladn\u00edch evropsk\u00fdch hodnot\u201c a \u201epr\u00e1vn\u00edho st\u00e1tu\u201c. Stejn\u00e1 chybn\u00e1 r\u00e9torika, kterou pseudoelity pou\u017e\u00edvaj\u00ed ve sv\u00e9m pohrd\u00e1n\u00ed n\u00e1rody a jejich z\u00e1jmy. To jsou n\u011bkter\u00e9 z krok\u016f k tomu, aby Evropa znovu z\u00edskala svou \u201enez\u00e1vislost\u201c, jak si to p\u0159edstavuje komisa\u0159 pro roz\u0161\u00ed\u0159en\u00ed.<\/p>\n<p style=\"font-weight: 400;\">V\u0161ichni a\u017e p\u0159\u00edli\u0161 dob\u0159e zn\u00e1me grandi\u00f3zn\u00ed r\u00e9toriku a pr\u00e1zdn\u00e9 fr\u00e1ze. Roz\u0161\u00ed\u0159en\u00ed EU je t\u0159eba posuzovat podle toho, do jak\u00e9 m\u00edry posiluje \u010di oslabuje to, co d\u011bl\u00e1 Evropu Evropou. Roz\u0161\u00ed\u0159en\u00e1 Evropsk\u00e1 unie by m\u011bla znamenat pos\u00edlen\u00ed na\u0161eho bloku, nikoli jeho oslaben\u00ed. P\u0159in\u00e1\u0161\u00ed v\u00edce po\u0159\u00e1dku, v\u011bt\u0161\u00ed prosperitu a v\u011bt\u0161\u00ed \u00factu k prav\u00fdm hodnot\u00e1m, svobod\u011b a suverenit\u011b? Pokud je odpov\u011b\u010f \u201eano\u201c, pak by roz\u0161\u00ed\u0159en\u00ed m\u011blo b\u00fdt v\u00edt\u00e1no. Pokud v\u0161ak slou\u017e\u00ed pouze jako n\u00e1stroj pro rozs\u00e1hl\u00fd ideologick\u00fd projekt, kter\u00fd zkresluje sv\u00e9 deklarovan\u00e9 c\u00edle \u2013 stabilitu, prosperitu a svobodu \u2013, pak mus\u00ed b\u00fdt odm\u00edtnuto nebo p\u0159inejmen\u0161\u00edm posuzov\u00e1no s nejvy\u0161\u0161\u00ed opatrnost\u00ed.<\/p>\n<p style=\"font-weight: 400;\">Aby Evropsk\u00e1 unie z\u016fstala uni\u00ed n\u00e1rod\u016f, je nezbytn\u00e9, aby se rozhodla pro jasnost a realismus. V opa\u010dn\u00e9m p\u0159\u00edpad\u011b riskuje, \u017ee se d\u0159\u00edve \u010di pozd\u011bji prom\u011bn\u00ed v n\u011bco k nepozn\u00e1n\u00ed. A pak bude roz\u0161\u00ed\u0159en\u00ed znamenat pouh\u00fd dal\u0161\u00ed h\u0159eb\u00edk do rakve.<\/p>\n<\/p>","protected":false},"excerpt":{"rendered":"<p>Dvaadvacet let po nejv\u011bt\u0161\u00ed vln\u011b roz\u0161\u00ed\u0159en\u00ed v historii Evropsk\u00e9 unie \u2013 kdy se 10 zem\u00ed form\u00e1ln\u011b stalo \u010dleny \u2013 a t\u0159in\u00e1ct let po vstupu Chorvatska se t\u00e9ma roz\u0161\u00ed\u0159en\u00ed EU op\u011bt stalo pal\u010divou ot\u00e1zkou. Jedn\u00e1 se o nejdel\u0161\u00ed obdob\u00ed, kter\u00e9 uplynulo od posledn\u00edho p\u0159istoupen\u00ed, a perspektivy i v\u00fdzvy spojen\u00e9 s v\u011bt\u0161\u00ed Uni\u00ed jsou zna\u010dn\u00e9. V p\u0159edve\u010der [&hellip;]<\/p>\n","protected":false},"author":78,"featured_media":62859,"comment_status":"closed","ping_status":"closed","sticky":false,"template":"","format":"standard","meta":{"footnotes":""},"categories":[182,158,258],"tags":[943,1305,1856,215,2692,599,72,3306,3484,3287,2589,213],"editorial-positions":[],"regions":[328,339,344,356,364],"types":[415,449],"class_list":["post-62978","post","type-post","status-publish","format-standard","has-post-thumbnail","hentry","category-eseje-cs","category-politika","category-pravni","tag-albania","tag-brussels","tag-croatia","tag-eu","tag-eu-enlargement","tag-european-union","tag-iceland","tag-marta-kos","tag-montenegro","tag-republic-of-moldova","tag-sovereignty","tag-ukraine","regions-central-europe-cs","regions-eastern-europe-cs","regions-northern-europe-cs","regions-southern-europe-cs","regions-western-europe-cs","types-news-cs","types-opinion-cs"],"yoast_head":"<!-- This site is optimized with the Yoast SEO plugin v28.0 - https:\/\/yoast.com\/product\/yoast-seo-wordpress\/ -->\n<title>N\u011bkolik \u00favah v n\u00e1vaznosti na projev komisa\u0159e pro roz\u0161\u00ed\u0159en\u00ed v Z\u00e1h\u0159ebu - The Conservative<\/title>\n<meta name=\"robots\" content=\"index, follow, max-snippet:-1, max-image-preview:large, max-video-preview:-1\" \/>\n<link rel=\"canonical\" href=\"https:\/\/www.theconservative.online\/cs\/nekolik-uvah-v-navaznosti-na-projev-komisare-pro-rozsireni-v-zahrebu\" \/>\n<meta property=\"og:locale\" content=\"cs_CZ\" \/>\n<meta property=\"og:type\" content=\"article\" \/>\n<meta property=\"og:title\" content=\"N\u011bkolik \u00favah v n\u00e1vaznosti na projev komisa\u0159e pro roz\u0161\u00ed\u0159en\u00ed v Z\u00e1h\u0159ebu - The Conservative\" \/>\n<meta property=\"og:description\" content=\"Dvaadvacet let po nejv\u011bt\u0161\u00ed vln\u011b roz\u0161\u00ed\u0159en\u00ed v historii Evropsk\u00e9 unie \u2013 kdy se 10 zem\u00ed form\u00e1ln\u011b stalo \u010dleny \u2013 a t\u0159in\u00e1ct let po vstupu Chorvatska se t\u00e9ma roz\u0161\u00ed\u0159en\u00ed EU op\u011bt stalo pal\u010divou ot\u00e1zkou. Jedn\u00e1 se o nejdel\u0161\u00ed obdob\u00ed, kter\u00e9 uplynulo od posledn\u00edho p\u0159istoupen\u00ed, a perspektivy i v\u00fdzvy spojen\u00e9 s v\u011bt\u0161\u00ed Uni\u00ed jsou zna\u010dn\u00e9. V p\u0159edve\u010der [&hellip;]\" \/>\n<meta property=\"og:url\" content=\"https:\/\/www.theconservative.online\/cs\/nekolik-uvah-v-navaznosti-na-projev-komisare-pro-rozsireni-v-zahrebu\" \/>\n<meta property=\"og:site_name\" content=\"The Conservative\" \/>\n<meta property=\"article:published_time\" content=\"2026-08-31T13:57:45+00:00\" \/>\n<meta property=\"og:image\" content=\"https:\/\/www.theconservative.online\/wp-content\/uploads\/2026\/08\/shutterstock_2385621941.jpg\" \/>\n\t<meta property=\"og:image:width\" content=\"1000\" \/>\n\t<meta property=\"og:image:height\" content=\"667\" \/>\n\t<meta property=\"og:image:type\" content=\"image\/jpeg\" \/>\n<meta name=\"author\" content=\"Dragos Moldoveanu\" \/>\n<meta name=\"twitter:card\" content=\"summary_large_image\" \/>\n<meta name=\"twitter:label1\" content=\"Napsal(a)\" \/>\n\t<meta name=\"twitter:data1\" content=\"Dragos Moldoveanu\" \/>\n\t<meta name=\"twitter:label2\" content=\"Odhadovan\u00e1 doba \u010dten\u00ed\" \/>\n\t<meta name=\"twitter:data2\" content=\"4 minuty\" \/>\n<script type=\"application\/ld+json\" class=\"yoast-schema-graph\">{\"@context\":\"https:\\\/\\\/schema.org\",\"@graph\":[{\"@type\":\"Article\",\"@id\":\"https:\\\/\\\/www.theconservative.online\\\/cs\\\/nekolik-uvah-v-navaznosti-na-projev-komisare-pro-rozsireni-v-zahrebu#article\",\"isPartOf\":{\"@id\":\"https:\\\/\\\/www.theconservative.online\\\/cs\\\/nekolik-uvah-v-navaznosti-na-projev-komisare-pro-rozsireni-v-zahrebu\"},\"author\":{\"name\":\"Dragos Moldoveanu\",\"@id\":\"https:\\\/\\\/www.theconservative.online\\\/cs#\\\/schema\\\/person\\\/7a10b03a9f7406e09ce879035f4d80c1\"},\"headline\":\"N\u011bkolik \u00favah v n\u00e1vaznosti na projev komisa\u0159e pro roz\u0161\u00ed\u0159en\u00ed v Z\u00e1h\u0159ebu\",\"datePublished\":\"2026-08-31T13:57:45+00:00\",\"mainEntityOfPage\":{\"@id\":\"https:\\\/\\\/www.theconservative.online\\\/cs\\\/nekolik-uvah-v-navaznosti-na-projev-komisare-pro-rozsireni-v-zahrebu\"},\"wordCount\":747,\"image\":{\"@id\":\"https:\\\/\\\/www.theconservative.online\\\/cs\\\/nekolik-uvah-v-navaznosti-na-projev-komisare-pro-rozsireni-v-zahrebu#primaryimage\"},\"thumbnailUrl\":\"https:\\\/\\\/www.theconservative.online\\\/wp-content\\\/uploads\\\/2026\\\/08\\\/shutterstock_2385621941.jpg\",\"keywords\":[\"Albania\",\"Brussels\",\"croatia\",\"EU\",\"EU enlargement\",\"European Union\",\"Iceland\",\"Marta Kos\",\"Montenegro\",\"Republic of Moldova\",\"sovereignty\",\"Ukraine\"],\"articleSection\":[\"Eseje\",\"Politika\",\"Pr\u00e1vn\u00ed\"],\"inLanguage\":\"cs\"},{\"@type\":\"WebPage\",\"@id\":\"https:\\\/\\\/www.theconservative.online\\\/cs\\\/nekolik-uvah-v-navaznosti-na-projev-komisare-pro-rozsireni-v-zahrebu\",\"url\":\"https:\\\/\\\/www.theconservative.online\\\/cs\\\/nekolik-uvah-v-navaznosti-na-projev-komisare-pro-rozsireni-v-zahrebu\",\"name\":\"N\u011bkolik \u00favah v n\u00e1vaznosti na projev komisa\u0159e pro roz\u0161\u00ed\u0159en\u00ed v Z\u00e1h\u0159ebu - The Conservative\",\"isPartOf\":{\"@id\":\"https:\\\/\\\/www.theconservative.online\\\/cs#website\"},\"primaryImageOfPage\":{\"@id\":\"https:\\\/\\\/www.theconservative.online\\\/cs\\\/nekolik-uvah-v-navaznosti-na-projev-komisare-pro-rozsireni-v-zahrebu#primaryimage\"},\"image\":{\"@id\":\"https:\\\/\\\/www.theconservative.online\\\/cs\\\/nekolik-uvah-v-navaznosti-na-projev-komisare-pro-rozsireni-v-zahrebu#primaryimage\"},\"thumbnailUrl\":\"https:\\\/\\\/www.theconservative.online\\\/wp-content\\\/uploads\\\/2026\\\/08\\\/shutterstock_2385621941.jpg\",\"datePublished\":\"2026-08-31T13:57:45+00:00\",\"author\":{\"@id\":\"https:\\\/\\\/www.theconservative.online\\\/cs#\\\/schema\\\/person\\\/7a10b03a9f7406e09ce879035f4d80c1\"},\"breadcrumb\":{\"@id\":\"https:\\\/\\\/www.theconservative.online\\\/cs\\\/nekolik-uvah-v-navaznosti-na-projev-komisare-pro-rozsireni-v-zahrebu#breadcrumb\"},\"inLanguage\":\"cs\",\"potentialAction\":[{\"@type\":\"ReadAction\",\"target\":[\"https:\\\/\\\/www.theconservative.online\\\/cs\\\/nekolik-uvah-v-navaznosti-na-projev-komisare-pro-rozsireni-v-zahrebu\"]}]},{\"@type\":\"ImageObject\",\"inLanguage\":\"cs\",\"@id\":\"https:\\\/\\\/www.theconservative.online\\\/cs\\\/nekolik-uvah-v-navaznosti-na-projev-komisare-pro-rozsireni-v-zahrebu#primaryimage\",\"url\":\"https:\\\/\\\/www.theconservative.online\\\/wp-content\\\/uploads\\\/2026\\\/08\\\/shutterstock_2385621941.jpg\",\"contentUrl\":\"https:\\\/\\\/www.theconservative.online\\\/wp-content\\\/uploads\\\/2026\\\/08\\\/shutterstock_2385621941.jpg\",\"width\":1000,\"height\":667},{\"@type\":\"BreadcrumbList\",\"@id\":\"https:\\\/\\\/www.theconservative.online\\\/cs\\\/nekolik-uvah-v-navaznosti-na-projev-komisare-pro-rozsireni-v-zahrebu#breadcrumb\",\"itemListElement\":[{\"@type\":\"ListItem\",\"position\":1,\"name\":\"Home\",\"item\":\"https:\\\/\\\/www.theconservative.online\\\/cs\"},{\"@type\":\"ListItem\",\"position\":2,\"name\":\"N\u011bkolik \u00favah v n\u00e1vaznosti na projev komisa\u0159e pro roz\u0161\u00ed\u0159en\u00ed v Z\u00e1h\u0159ebu\"}]},{\"@type\":\"WebSite\",\"@id\":\"https:\\\/\\\/www.theconservative.online\\\/cs#website\",\"url\":\"https:\\\/\\\/www.theconservative.online\\\/cs\",\"name\":\"The Conservative\",\"description\":\"\",\"potentialAction\":[{\"@type\":\"SearchAction\",\"target\":{\"@type\":\"EntryPoint\",\"urlTemplate\":\"https:\\\/\\\/www.theconservative.online\\\/cs?s={search_term_string}\"},\"query-input\":{\"@type\":\"PropertyValueSpecification\",\"valueRequired\":true,\"valueName\":\"search_term_string\"}}],\"inLanguage\":\"cs\"},{\"@type\":\"Person\",\"@id\":\"https:\\\/\\\/www.theconservative.online\\\/cs#\\\/schema\\\/person\\\/7a10b03a9f7406e09ce879035f4d80c1\",\"name\":\"Dragos Moldoveanu\",\"image\":{\"@type\":\"ImageObject\",\"inLanguage\":\"cs\",\"@id\":\"https:\\\/\\\/secure.gravatar.com\\\/avatar\\\/1975d1359c2a3183ef646321e1f6bcc60bbd4fe3f1c556f50988447a540d242c?s=96&d=mm&r=g\",\"url\":\"https:\\\/\\\/secure.gravatar.com\\\/avatar\\\/1975d1359c2a3183ef646321e1f6bcc60bbd4fe3f1c556f50988447a540d242c?s=96&d=mm&r=g\",\"contentUrl\":\"https:\\\/\\\/secure.gravatar.com\\\/avatar\\\/1975d1359c2a3183ef646321e1f6bcc60bbd4fe3f1c556f50988447a540d242c?s=96&d=mm&r=g\",\"caption\":\"Dragos Moldoveanu\"},\"url\":\"https:\\\/\\\/www.theconservative.online\\\/cs\\\/author\\\/moldoveanu-euspec-2025-26\"}]}<\/script>\n<!-- \/ Yoast SEO plugin. -->","yoast_head_json":{"title":"N\u011bkolik \u00favah v n\u00e1vaznosti na projev komisa\u0159e pro roz\u0161\u00ed\u0159en\u00ed v Z\u00e1h\u0159ebu - The Conservative","robots":{"index":"index","follow":"follow","max-snippet":"max-snippet:-1","max-image-preview":"max-image-preview:large","max-video-preview":"max-video-preview:-1"},"canonical":"https:\/\/www.theconservative.online\/cs\/nekolik-uvah-v-navaznosti-na-projev-komisare-pro-rozsireni-v-zahrebu","og_locale":"cs_CZ","og_type":"article","og_title":"N\u011bkolik \u00favah v n\u00e1vaznosti na projev komisa\u0159e pro roz\u0161\u00ed\u0159en\u00ed v Z\u00e1h\u0159ebu - The Conservative","og_description":"Dvaadvacet let po nejv\u011bt\u0161\u00ed vln\u011b roz\u0161\u00ed\u0159en\u00ed v historii Evropsk\u00e9 unie \u2013 kdy se 10 zem\u00ed form\u00e1ln\u011b stalo \u010dleny \u2013 a t\u0159in\u00e1ct let po vstupu Chorvatska se t\u00e9ma roz\u0161\u00ed\u0159en\u00ed EU op\u011bt stalo pal\u010divou ot\u00e1zkou. Jedn\u00e1 se o nejdel\u0161\u00ed obdob\u00ed, kter\u00e9 uplynulo od posledn\u00edho p\u0159istoupen\u00ed, a perspektivy i v\u00fdzvy spojen\u00e9 s v\u011bt\u0161\u00ed Uni\u00ed jsou zna\u010dn\u00e9. V p\u0159edve\u010der [&hellip;]","og_url":"https:\/\/www.theconservative.online\/cs\/nekolik-uvah-v-navaznosti-na-projev-komisare-pro-rozsireni-v-zahrebu","og_site_name":"The Conservative","article_published_time":"2026-08-31T13:57:45+00:00","og_image":[{"width":1000,"height":667,"url":"https:\/\/www.theconservative.online\/wp-content\/uploads\/2026\/08\/shutterstock_2385621941.jpg","type":"image\/jpeg"}],"author":"Dragos Moldoveanu","twitter_card":"summary_large_image","twitter_misc":{"Napsal(a)":"Dragos Moldoveanu","Odhadovan\u00e1 doba \u010dten\u00ed":"4 minuty"},"schema":{"@context":"https:\/\/schema.org","@graph":[{"@type":"Article","@id":"https:\/\/www.theconservative.online\/cs\/nekolik-uvah-v-navaznosti-na-projev-komisare-pro-rozsireni-v-zahrebu#article","isPartOf":{"@id":"https:\/\/www.theconservative.online\/cs\/nekolik-uvah-v-navaznosti-na-projev-komisare-pro-rozsireni-v-zahrebu"},"author":{"name":"Dragos Moldoveanu","@id":"https:\/\/www.theconservative.online\/cs#\/schema\/person\/7a10b03a9f7406e09ce879035f4d80c1"},"headline":"N\u011bkolik \u00favah v n\u00e1vaznosti na projev komisa\u0159e pro roz\u0161\u00ed\u0159en\u00ed v Z\u00e1h\u0159ebu","datePublished":"2026-08-31T13:57:45+00:00","mainEntityOfPage":{"@id":"https:\/\/www.theconservative.online\/cs\/nekolik-uvah-v-navaznosti-na-projev-komisare-pro-rozsireni-v-zahrebu"},"wordCount":747,"image":{"@id":"https:\/\/www.theconservative.online\/cs\/nekolik-uvah-v-navaznosti-na-projev-komisare-pro-rozsireni-v-zahrebu#primaryimage"},"thumbnailUrl":"https:\/\/www.theconservative.online\/wp-content\/uploads\/2026\/08\/shutterstock_2385621941.jpg","keywords":["Albania","Brussels","croatia","EU","EU enlargement","European Union","Iceland","Marta Kos","Montenegro","Republic of Moldova","sovereignty","Ukraine"],"articleSection":["Eseje","Politika","Pr\u00e1vn\u00ed"],"inLanguage":"cs"},{"@type":"WebPage","@id":"https:\/\/www.theconservative.online\/cs\/nekolik-uvah-v-navaznosti-na-projev-komisare-pro-rozsireni-v-zahrebu","url":"https:\/\/www.theconservative.online\/cs\/nekolik-uvah-v-navaznosti-na-projev-komisare-pro-rozsireni-v-zahrebu","name":"N\u011bkolik \u00favah v n\u00e1vaznosti na projev komisa\u0159e pro roz\u0161\u00ed\u0159en\u00ed v Z\u00e1h\u0159ebu - The Conservative","isPartOf":{"@id":"https:\/\/www.theconservative.online\/cs#website"},"primaryImageOfPage":{"@id":"https:\/\/www.theconservative.online\/cs\/nekolik-uvah-v-navaznosti-na-projev-komisare-pro-rozsireni-v-zahrebu#primaryimage"},"image":{"@id":"https:\/\/www.theconservative.online\/cs\/nekolik-uvah-v-navaznosti-na-projev-komisare-pro-rozsireni-v-zahrebu#primaryimage"},"thumbnailUrl":"https:\/\/www.theconservative.online\/wp-content\/uploads\/2026\/08\/shutterstock_2385621941.jpg","datePublished":"2026-08-31T13:57:45+00:00","author":{"@id":"https:\/\/www.theconservative.online\/cs#\/schema\/person\/7a10b03a9f7406e09ce879035f4d80c1"},"breadcrumb":{"@id":"https:\/\/www.theconservative.online\/cs\/nekolik-uvah-v-navaznosti-na-projev-komisare-pro-rozsireni-v-zahrebu#breadcrumb"},"inLanguage":"cs","potentialAction":[{"@type":"ReadAction","target":["https:\/\/www.theconservative.online\/cs\/nekolik-uvah-v-navaznosti-na-projev-komisare-pro-rozsireni-v-zahrebu"]}]},{"@type":"ImageObject","inLanguage":"cs","@id":"https:\/\/www.theconservative.online\/cs\/nekolik-uvah-v-navaznosti-na-projev-komisare-pro-rozsireni-v-zahrebu#primaryimage","url":"https:\/\/www.theconservative.online\/wp-content\/uploads\/2026\/08\/shutterstock_2385621941.jpg","contentUrl":"https:\/\/www.theconservative.online\/wp-content\/uploads\/2026\/08\/shutterstock_2385621941.jpg","width":1000,"height":667},{"@type":"BreadcrumbList","@id":"https:\/\/www.theconservative.online\/cs\/nekolik-uvah-v-navaznosti-na-projev-komisare-pro-rozsireni-v-zahrebu#breadcrumb","itemListElement":[{"@type":"ListItem","position":1,"name":"Home","item":"https:\/\/www.theconservative.online\/cs"},{"@type":"ListItem","position":2,"name":"N\u011bkolik \u00favah v n\u00e1vaznosti na projev komisa\u0159e pro roz\u0161\u00ed\u0159en\u00ed v Z\u00e1h\u0159ebu"}]},{"@type":"WebSite","@id":"https:\/\/www.theconservative.online\/cs#website","url":"https:\/\/www.theconservative.online\/cs","name":"The Conservative","description":"","potentialAction":[{"@type":"SearchAction","target":{"@type":"EntryPoint","urlTemplate":"https:\/\/www.theconservative.online\/cs?s={search_term_string}"},"query-input":{"@type":"PropertyValueSpecification","valueRequired":true,"valueName":"search_term_string"}}],"inLanguage":"cs"},{"@type":"Person","@id":"https:\/\/www.theconservative.online\/cs#\/schema\/person\/7a10b03a9f7406e09ce879035f4d80c1","name":"Dragos Moldoveanu","image":{"@type":"ImageObject","inLanguage":"cs","@id":"https:\/\/secure.gravatar.com\/avatar\/1975d1359c2a3183ef646321e1f6bcc60bbd4fe3f1c556f50988447a540d242c?s=96&d=mm&r=g","url":"https:\/\/secure.gravatar.com\/avatar\/1975d1359c2a3183ef646321e1f6bcc60bbd4fe3f1c556f50988447a540d242c?s=96&d=mm&r=g","contentUrl":"https:\/\/secure.gravatar.com\/avatar\/1975d1359c2a3183ef646321e1f6bcc60bbd4fe3f1c556f50988447a540d242c?s=96&d=mm&r=g","caption":"Dragos Moldoveanu"},"url":"https:\/\/www.theconservative.online\/cs\/author\/moldoveanu-euspec-2025-26"}]}},"acf":[],"_links":{"self":[{"href":"https:\/\/www.theconservative.online\/cs\/wp-json\/wp\/v2\/posts\/62978","targetHints":{"allow":["GET"]}}],"collection":[{"href":"https:\/\/www.theconservative.online\/cs\/wp-json\/wp\/v2\/posts"}],"about":[{"href":"https:\/\/www.theconservative.online\/cs\/wp-json\/wp\/v2\/types\/post"}],"author":[{"embeddable":true,"href":"https:\/\/www.theconservative.online\/cs\/wp-json\/wp\/v2\/users\/78"}],"replies":[{"embeddable":true,"href":"https:\/\/www.theconservative.online\/cs\/wp-json\/wp\/v2\/comments?post=62978"}],"version-history":[{"count":0,"href":"https:\/\/www.theconservative.online\/cs\/wp-json\/wp\/v2\/posts\/62978\/revisions"}],"wp:featuredmedia":[{"embeddable":true,"href":"https:\/\/www.theconservative.online\/cs\/wp-json\/wp\/v2\/media\/62859"}],"wp:attachment":[{"href":"https:\/\/www.theconservative.online\/cs\/wp-json\/wp\/v2\/media?parent=62978"}],"wp:term":[{"taxonomy":"category","embeddable":true,"href":"https:\/\/www.theconservative.online\/cs\/wp-json\/wp\/v2\/categories?post=62978"},{"taxonomy":"post_tag","embeddable":true,"href":"https:\/\/www.theconservative.online\/cs\/wp-json\/wp\/v2\/tags?post=62978"},{"taxonomy":"editorial-positions","embeddable":true,"href":"https:\/\/www.theconservative.online\/cs\/wp-json\/wp\/v2\/editorial-positions?post=62978"},{"taxonomy":"regions","embeddable":true,"href":"https:\/\/www.theconservative.online\/cs\/wp-json\/wp\/v2\/regions?post=62978"},{"taxonomy":"types","embeddable":true,"href":"https:\/\/www.theconservative.online\/cs\/wp-json\/wp\/v2\/types?post=62978"}],"curies":[{"name":"wp","href":"https:\/\/api.w.org\/{rel}","templated":true}]}}