{"id":62989,"date":"2026-08-30T12:15:11","date_gmt":"2026-08-30T12:15:11","guid":{"rendered":"https:\/\/www.theconservative.online\/sobota-v-drobete-setkani-z-nehoz-vzesel-manifest-aur"},"modified":"2026-08-30T12:15:11","modified_gmt":"2026-08-30T12:15:11","slug":"sobota-v-drobete-setkani-z-nehoz-vzesel-manifest-aur","status":"publish","type":"post","link":"https:\/\/www.theconservative.online\/cs\/sobota-v-drobete-setkani-z-nehoz-vzesel-manifest-aur","title":{"rendered":"Sobota v Drobet\u011b: Setk\u00e1n\u00ed, z n\u011bho\u017e vze\u0161el manifest AUR"},"content":{"rendered":"<p>Drobeta-Turnu Severin nen\u00ed zrovna m\u00edsto, kde by \u010dlov\u011bk o\u010dek\u00e1val, \u017ee propukne politick\u00e9 zem\u011bt\u0159esen\u00ed, ale v sobotu se stalo d\u011bji\u0161t\u011bm, kde strana AUR p\u0159edstavila celou svou strategii pro zased\u00e1n\u00ed parlamentu, kter\u00e9 za\u010d\u00edn\u00e1 tento \u00fater\u00fd. N\u00e1rodn\u00ed \u0159\u00edd\u00edc\u00ed rada (CNC) t\u00e9to strany se se\u0161la na zased\u00e1n\u00ed, kter\u00e9 bylo ozna\u010deno za rutinn\u00ed strategick\u00e9 jedn\u00e1n\u00ed, a ode\u0161la s fisk\u00e1ln\u00edm manifestem, plamenn\u00fdm protivl\u00e1dn\u00edm usnesen\u00edm a jasn\u00fdm sign\u00e1lem, \u017ee neustoup\u00ed od sv\u00e9ho \u00fasil\u00ed o odvol\u00e1n\u00ed prezidenta Nicu\u0219ora Dana.<\/p>\n<p>Strana po\u017eaduje zv\u00fd\u0161en\u00ed stropu pro platby v hotovosti pro firmy na 50 000 lei a usiluje o postupn\u00e9 zru\u0161en\u00ed leto\u0161n\u00edch da\u0148ov\u00fdch zv\u00fd\u0161en\u00ed: n\u00e1vrat standardn\u00ed sazby DPH na 19 %, sn\u00ed\u017eenou sazbu na 9 % a sn\u00ed\u017een\u00ed dan\u011b z dividend na 8 %. AUR tak\u00e9 po\u017eaduje, aby byla hranice pro mikropodniky obnovena na 500 000 eur, co\u017e by znamenalo p\u0159\u00edm\u00e9 zvr\u00e1cen\u00ed zp\u0159\u00edsn\u011bn\u00ed, kter\u00e9 vytla\u010dilo mnoho mal\u00fdch rumunsk\u00fdch firem z t\u00e9to da\u0148ov\u011b zv\u00fdhodn\u011bn\u00e9 kategorie.<\/p>\n<p>V oblasti st\u00e1tn\u00ed reformy AUR znovu potvrdila podporu dvoukomorov\u00e9mu parlamentu s 300 k\u0159esly, p\u0159i\u010dem\u017e se odvolala na referendum z roku 2009, v n\u011bm\u017e Rumuni hlasovali pr\u00e1v\u011b pro tento model, a d\u00e1le se vyslovila pro zachov\u00e1n\u00ed dvoukolov\u00fdch voleb starost\u016f a zejm\u00e9na pro omezen\u00ed po\u010dtu funk\u010dn\u00edch obdob\u00ed vedouc\u00edch p\u0159edstavitel\u016f ve\u0159ejn\u00fdch instituc\u00ed na dv\u011b. Tento posledn\u00ed bod je p\u0159\u00edmou reakc\u00ed na dlouhodob\u011b p\u016fsob\u00edc\u00ed \u00fa\u0159edn\u00edky, kte\u0159\u00ed zast\u00e1vaj\u00ed sv\u00e9 funkce po cel\u00e1 desetilet\u00ed bez v\u00fdrazn\u011bj\u0161\u00ed obm\u011bny.<\/p>\n<p>V oblasti \u0161kolstv\u00ed chce strana zru\u0161it paraleln\u00ed p\u0159ij\u00edmac\u00ed zkou\u0161ky na st\u0159edn\u00ed \u0161koly a obnovit jednotn\u00fd celost\u00e1tn\u00ed p\u0159ij\u00edmac\u00ed syst\u00e9m, a to spolu se sn\u00ed\u017een\u00edm pracovn\u00ed z\u00e1t\u011b\u017ee u\u010ditel\u016f a zvr\u00e1cen\u00edm zvy\u0161ov\u00e1n\u00ed po\u010dtu \u017e\u00e1k\u016f ve t\u0159\u00edd\u00e1ch, kter\u00e9 zavedl lo\u0148sk\u00fd takzvan\u00fd \u201eBolojan\u016fv z\u00e1kon\u201c, a to od srpna 2025. V oblasti energetiky usiluje AUR o legalizaci dal\u0161\u00edho provozu v\u0161ech uheln\u00fdch blok\u016f spole\u010dnosti CE Oltenia prost\u0159ednictv\u00edm novelizace nouzov\u00e9ho na\u0159\u00edzen\u00ed, kter\u00e9 by jinak vynutilo jejich uzav\u0159en\u00ed do 31. srpna 2026. Existuje tak\u00e9 dlouho pozastaven\u00fd n\u00e1vrh z\u00e1kona o transparentnosti financov\u00e1n\u00ed nevl\u00e1dn\u00edch organizac\u00ed, kter\u00fd v sou\u010dasn\u00e9 dob\u011b uv\u00edzl v Poslaneck\u00e9 sn\u011bmovn\u011b po schv\u00e1len\u00ed Sen\u00e1tem, a n\u00e1vrh na zaveden\u00ed \u201edynamick\u00e9 DPH\u201c na pohonn\u00e9 hmoty (5 % b\u011bhem prvn\u00edch t\u0159\u00ed m\u011bs\u00edc\u016f cenov\u00e9ho \u0161oku, s n\u00e1sledn\u00fdm zv\u00fd\u0161en\u00edm na 9 % a automatick\u00fdm zru\u0161en\u00edm, jakmile se ceny ropy normalizuj\u00ed).<\/p>\n<p>N\u00e1vrh strany AUR na omezen\u00ed po\u010dtu funk\u010dn\u00edch obdob\u00ed vedouc\u00edch p\u0159edstavitel\u016f na dv\u011b se vztahuje na v\u0161echny ve\u0159ejn\u00e9 instituce, nikoli pouze na jeden \u00fa\u0159ad \u010di jednoho \u00fa\u0159edn\u00edka. Strana to prezentuje jako zp\u016fsob, jak zabr\u00e1nit zkostnat\u011bn\u00ed \u201evlivov\u00fdch s\u00edt\u00ed\u201c uvnit\u0159 ve\u0159ejn\u00e9 spr\u00e1vy a zajistit pravidelnou obm\u011bnu ve veden\u00ed st\u00e1tn\u00edch org\u00e1n\u016f.<\/p>\n<p>Dal\u0161\u00edm v\u00fdznamn\u00fdm v\u00fdstupem zased\u00e1n\u00ed rady byl symbolick\u00fd, av\u0161ak nepochybn\u011b bojovn\u00fd krok: usnesen\u00ed s n\u00e1zvem <em> \u201eRumunsko je \u0159\u00edzeno do propasti\u201c, <\/em>kter\u00e9 <em> bylo p\u0159ijato <\/em>jednomysln\u011b. Text obvi\u0148uje koalici PSD-PNL-USR-UDMR z toho, \u017ee prosadila dv\u011b zv\u00fd\u0161en\u00ed DPH o dva procentn\u00ed body (na 21 %, respektive 11 %), oslaben\u00ed re\u017eimu pro mikropodniky sn\u00ed\u017een\u00edm prahov\u00e9 hodnoty na 100 000 eur, zv\u00fd\u0161en\u00ed dan\u011b z dividend na 16 %, likvidaci energetiky zalo\u017een\u00e9 na uhl\u00ed p\u0159i sou\u010dasn\u00e9m blokov\u00e1n\u00ed nov\u00fdch plynov\u00fdch elektr\u00e1ren a sabotov\u00e1n\u00ed projekt\u016f p\u0159e\u010derp\u00e1vac\u00edch vodn\u00edch elektr\u00e1ren.<\/p>\n<p>Usnesen\u00ed rovn\u011b\u017e poukazuje na \u00fav\u011br SAFE, co\u017e je \u00fav\u011brov\u00e1 linka ve v\u00fd\u0161i p\u0159ibli\u017en\u011b 17 miliard eur, splatn\u00e1 b\u011bhem 35 let s nezve\u0159ejn\u011bnou \u00farokovou sazbou, kter\u00e1 byla podle tvrzen\u00ed AUR pou\u017eita p\u0159edev\u0161\u00edm na n\u00e1kup t\u011b\u017ek\u00fdch vojensk\u00fdch vozidel od jedin\u00e9ho n\u011bmeck\u00e9ho dodavatele, spole\u010dnosti Rheinmetall. Z\u00e1v\u011bre\u010dn\u00fd argument strany AUR je nekompromisn\u00ed: za posledn\u00edch deset \u010dtvrtlet\u00ed rumunsk\u00e1 ekonomika rostla pouze ve t\u0159ech z nich, zat\u00edmco ve zbytku stagnovala nebo se propadla. \u201eJedinou soudr\u017enou a silnou opozic\u00ed v parlamentu je dnes strana AUR se sv\u00fdmi 91 poslanci,\u201c uv\u00e1d\u00ed se v prohl\u00e1\u0161en\u00ed strany, kter\u00e1 tvrd\u00ed, \u017ee samozvan\u00e1 \u201eproevropsk\u00e1\u201c koalice ve skute\u010dnosti ekonomicky odpojuje Rumunsko od Evropy.<\/p>\n<p>P\u0159edseda sen\u00e1tn\u00ed frakce Petri\u0219or Peiu v rozhovoru pro stanici Antena 3 CNN kategoricky pop\u0159el jak\u00e9koli form\u00e1ln\u00ed \u010di neform\u00e1ln\u00ed rozhovory sm\u011b\u0159uj\u00edc\u00ed k vytvo\u0159en\u00ed vl\u00e1dn\u00ed v\u011bt\u0161iny s PSD nebo PNL a pouk\u00e1zal na to, \u017ee p\u0159edseda PSD Sorin Grindeanu ji\u017e ve\u0159ejn\u011b vylou\u010dil mo\u017enost vl\u00e1dnut\u00ed s AUR. \u201ePokud nechce sestavit vl\u00e1du s AUR, je t\u011b\u017ek\u00e9 vyjedn\u00e1vat. O \u010dem p\u0159esn\u011b bychom vlastn\u011b vyjedn\u00e1vali?\u201c \u0159ekl Peiu. Potvrdil tak\u00e9, \u017ee strana AUR p\u0159ipravuje ve\u0159ejn\u00e1 prohl\u00e1\u0161en\u00ed ohledn\u011b sv\u00e9 strategie pro nadch\u00e1zej\u00edc\u00ed konzultace s prezidentem Nicu\u0219orem Danem, kter\u00fd ozn\u00e1mil, \u017ee na za\u010d\u00e1tku z\u00e1\u0159\u00ed obnov\u00ed jedn\u00e1n\u00ed se stranami o sestaven\u00ed nov\u00e9 vl\u00e1dy. Peiu se stav\u011bl skepticky k smyslu \u00fa\u010dasti, kter\u00e1 by slou\u017eila pouze k focen\u00ed, a uvedl, \u017ee AUR se \u201epravd\u011bpodobn\u011b nez\u00fa\u010dastn\u00ed\u201c, pokud se bude jednat pouze o neform\u00e1ln\u00ed dohody maskovan\u00e9 jako form\u00e1ln\u00ed konzultace. Zejm\u00e9na tak\u00e9 potvrdil, \u017ee snaha AUR o pozastaven\u00ed mand\u00e1tu Nicu\u0219ora Dana st\u00e1le pokra\u010duje, proto\u017ee \u201eprezident nezm\u011bnil sv\u016fj postoj\u201c.<\/p>\n<p>Nicu\u0219or Dan ji\u017e 62 dn\u00ed odm\u00edt\u00e1 navrhnout kandid\u00e1ta na premi\u00e9ra, zem\u011b je bez pln\u011b funk\u010dn\u00ed vl\u00e1dy ji\u017e 110\u2013114 dn\u00ed a \u201etvrdohlavost\u201c prezidenta stoj\u00ed Rumunsko skute\u010dn\u00e9 pen\u00edze. \u201ePozastaven\u00ed v\u00fdkonu funkce je \u00fastavn\u00edm \u0159e\u0161en\u00edm, proto\u017ee jeho tvrdohlavost ji\u017e Rumunsku zp\u016fsobuje p\u0159\u00edli\u0161 vysok\u00e9 n\u00e1klady,\u201c uvedla strana AUR v tiskov\u00e9 zpr\u00e1v\u011b z konce srpna. Strana aktivn\u011b sb\u00edr\u00e1 podpisy poslanc\u016f z jin\u00fdch stran, kte\u0159\u00ed jsou \u201enespokojeni s t\u00edm, jak\u00fdm zp\u016fsobem Nicu\u0219or Dan vykon\u00e1v\u00e1 sv\u00e9 prezidentsk\u00e9 pravomoci\u201c, a Peiu uv\u00e1d\u00ed, \u017ee se ji\u017e p\u0159ihl\u00e1sili nov\u00ed kolegov\u00e9. PSD by teoreticky mohla sestavit vl\u00e1du bez AUR s oporou v UDMR, poslanc\u00edch men\u0161in, od\u0161t\u011bpeneck\u00fdch skupin\u00e1ch z PNL a b\u00fdval\u00fdch z\u00e1konod\u00e1rc\u00edch SOS\/POT, ale Peiu tuto strategii rovn\u011b\u017e ozna\u010dil za \u201emimo\u0159\u00e1dn\u011b nebezpe\u010dnou\u201c a varoval, \u017ee by vedla k \u201ek\u0159ehk\u00e9 v\u011bt\u0161in\u011b\u201c postaven\u00e9 na podpl\u00e1cen\u00ed nez\u00e1visl\u00fdch poslanc\u016f.<\/p>\n<p>Celkov\u011b vzato ne\u0161lo v ten den vlastn\u011b o \u017e\u00e1dn\u00fd konkr\u00e9tn\u00ed z\u00e1kon ani o \u017e\u00e1dn\u00e9 konkr\u00e9tn\u00ed usnesen\u00ed. \u0160lo o to, \u017ee se AUR profilovala jako jedin\u00fd organizovan\u00fd opozi\u010dn\u00ed blok p\u0159ed bl\u00ed\u017e\u00edc\u00edm se napjat\u00fdm podzimem.<\/p>\n","protected":false},"excerpt":{"rendered":"<p>Drobeta-Turnu Severin nen\u00ed zrovna m\u00edsto, kde by \u010dlov\u011bk o\u010dek\u00e1val, \u017ee propukne politick\u00e9 zem\u011bt\u0159esen\u00ed, ale v sobotu se stalo d\u011bji\u0161t\u011bm, kde strana AUR p\u0159edstavila celou svou strategii pro zased\u00e1n\u00ed parlamentu, kter\u00e9 za\u010d\u00edn\u00e1 tento \u00fater\u00fd. N\u00e1rodn\u00ed \u0159\u00edd\u00edc\u00ed rada (CNC) t\u00e9to strany se se\u0161la na zased\u00e1n\u00ed, kter\u00e9 bylo ozna\u010deno za rutinn\u00ed strategick\u00e9 jedn\u00e1n\u00ed, a ode\u0161la s fisk\u00e1ln\u00edm manifestem, [&hellip;]<\/p>\n","protected":false},"author":79,"featured_media":62765,"comment_status":"closed","ping_status":"closed","sticky":false,"template":"","format":"standard","meta":{"footnotes":""},"categories":[4],"tags":[],"editorial-positions":[],"regions":[],"types":[],"class_list":["post-62989","post","type-post","status-publish","format-standard","has-post-thumbnail","hentry","category-uncategorized-cs"],"yoast_head":"<!-- This site is optimized with the Yoast SEO plugin v28.0 - https:\/\/yoast.com\/product\/yoast-seo-wordpress\/ -->\n<title>Sobota v Drobet\u011b: Setk\u00e1n\u00ed, z n\u011bho\u017e vze\u0161el manifest AUR - The Conservative<\/title>\n<meta name=\"robots\" content=\"index, follow, max-snippet:-1, max-image-preview:large, max-video-preview:-1\" \/>\n<link rel=\"canonical\" href=\"https:\/\/www.theconservative.online\/cs\/sobota-v-drobete-setkani-z-nehoz-vzesel-manifest-aur\" \/>\n<meta property=\"og:locale\" content=\"cs_CZ\" \/>\n<meta property=\"og:type\" content=\"article\" \/>\n<meta property=\"og:title\" content=\"Sobota v Drobet\u011b: Setk\u00e1n\u00ed, z n\u011bho\u017e vze\u0161el manifest AUR - The Conservative\" \/>\n<meta property=\"og:description\" content=\"Drobeta-Turnu Severin nen\u00ed zrovna m\u00edsto, kde by \u010dlov\u011bk o\u010dek\u00e1val, \u017ee propukne politick\u00e9 zem\u011bt\u0159esen\u00ed, ale v sobotu se stalo d\u011bji\u0161t\u011bm, kde strana AUR p\u0159edstavila celou svou strategii pro zased\u00e1n\u00ed parlamentu, kter\u00e9 za\u010d\u00edn\u00e1 tento \u00fater\u00fd. N\u00e1rodn\u00ed \u0159\u00edd\u00edc\u00ed rada (CNC) t\u00e9to strany se se\u0161la na zased\u00e1n\u00ed, kter\u00e9 bylo ozna\u010deno za rutinn\u00ed strategick\u00e9 jedn\u00e1n\u00ed, a ode\u0161la s fisk\u00e1ln\u00edm manifestem, [&hellip;]\" \/>\n<meta property=\"og:url\" content=\"https:\/\/www.theconservative.online\/cs\/sobota-v-drobete-setkani-z-nehoz-vzesel-manifest-aur\" \/>\n<meta property=\"og:site_name\" content=\"The Conservative\" \/>\n<meta property=\"article:published_time\" content=\"2026-08-30T12:15:11+00:00\" \/>\n<meta property=\"og:image\" content=\"https:\/\/www.theconservative.online\/wp-content\/uploads\/2026\/08\/AURCNC.jpg\" \/>\n\t<meta property=\"og:image:width\" content=\"1792\" \/>\n\t<meta property=\"og:image:height\" content=\"1008\" \/>\n\t<meta property=\"og:image:type\" content=\"image\/jpeg\" \/>\n<meta name=\"author\" content=\"Iosefina Pascal\" \/>\n<meta name=\"twitter:card\" content=\"summary_large_image\" \/>\n<meta name=\"twitter:label1\" content=\"Napsal(a)\" \/>\n\t<meta name=\"twitter:data1\" content=\"Iosefina Pascal\" \/>\n\t<meta name=\"twitter:label2\" content=\"Odhadovan\u00e1 doba \u010dten\u00ed\" \/>\n\t<meta name=\"twitter:data2\" content=\"6 minut\" \/>\n<script type=\"application\/ld+json\" class=\"yoast-schema-graph\">{\"@context\":\"https:\\\/\\\/schema.org\",\"@graph\":[{\"@type\":\"Article\",\"@id\":\"https:\\\/\\\/www.theconservative.online\\\/cs\\\/sobota-v-drobete-setkani-z-nehoz-vzesel-manifest-aur#article\",\"isPartOf\":{\"@id\":\"https:\\\/\\\/www.theconservative.online\\\/cs\\\/sobota-v-drobete-setkani-z-nehoz-vzesel-manifest-aur\"},\"author\":{\"name\":\"Iosefina Pascal\",\"@id\":\"https:\\\/\\\/www.theconservative.online\\\/cs#\\\/schema\\\/person\\\/a058eee3b153ac2215cf616d9795653b\"},\"headline\":\"Sobota v Drobet\u011b: Setk\u00e1n\u00ed, z n\u011bho\u017e vze\u0161el manifest AUR\",\"datePublished\":\"2026-08-30T12:15:11+00:00\",\"mainEntityOfPage\":{\"@id\":\"https:\\\/\\\/www.theconservative.online\\\/cs\\\/sobota-v-drobete-setkani-z-nehoz-vzesel-manifest-aur\"},\"wordCount\":1166,\"image\":{\"@id\":\"https:\\\/\\\/www.theconservative.online\\\/cs\\\/sobota-v-drobete-setkani-z-nehoz-vzesel-manifest-aur#primaryimage\"},\"thumbnailUrl\":\"https:\\\/\\\/www.theconservative.online\\\/wp-content\\\/uploads\\\/2026\\\/08\\\/AURCNC.jpg\",\"articleSection\":[\"Uncategorized @cs\"],\"inLanguage\":\"cs\"},{\"@type\":\"WebPage\",\"@id\":\"https:\\\/\\\/www.theconservative.online\\\/cs\\\/sobota-v-drobete-setkani-z-nehoz-vzesel-manifest-aur\",\"url\":\"https:\\\/\\\/www.theconservative.online\\\/cs\\\/sobota-v-drobete-setkani-z-nehoz-vzesel-manifest-aur\",\"name\":\"Sobota v Drobet\u011b: Setk\u00e1n\u00ed, z n\u011bho\u017e vze\u0161el manifest AUR - The Conservative\",\"isPartOf\":{\"@id\":\"https:\\\/\\\/www.theconservative.online\\\/cs#website\"},\"primaryImageOfPage\":{\"@id\":\"https:\\\/\\\/www.theconservative.online\\\/cs\\\/sobota-v-drobete-setkani-z-nehoz-vzesel-manifest-aur#primaryimage\"},\"image\":{\"@id\":\"https:\\\/\\\/www.theconservative.online\\\/cs\\\/sobota-v-drobete-setkani-z-nehoz-vzesel-manifest-aur#primaryimage\"},\"thumbnailUrl\":\"https:\\\/\\\/www.theconservative.online\\\/wp-content\\\/uploads\\\/2026\\\/08\\\/AURCNC.jpg\",\"datePublished\":\"2026-08-30T12:15:11+00:00\",\"author\":{\"@id\":\"https:\\\/\\\/www.theconservative.online\\\/cs#\\\/schema\\\/person\\\/a058eee3b153ac2215cf616d9795653b\"},\"breadcrumb\":{\"@id\":\"https:\\\/\\\/www.theconservative.online\\\/cs\\\/sobota-v-drobete-setkani-z-nehoz-vzesel-manifest-aur#breadcrumb\"},\"inLanguage\":\"cs\",\"potentialAction\":[{\"@type\":\"ReadAction\",\"target\":[\"https:\\\/\\\/www.theconservative.online\\\/cs\\\/sobota-v-drobete-setkani-z-nehoz-vzesel-manifest-aur\"]}]},{\"@type\":\"ImageObject\",\"inLanguage\":\"cs\",\"@id\":\"https:\\\/\\\/www.theconservative.online\\\/cs\\\/sobota-v-drobete-setkani-z-nehoz-vzesel-manifest-aur#primaryimage\",\"url\":\"https:\\\/\\\/www.theconservative.online\\\/wp-content\\\/uploads\\\/2026\\\/08\\\/AURCNC.jpg\",\"contentUrl\":\"https:\\\/\\\/www.theconservative.online\\\/wp-content\\\/uploads\\\/2026\\\/08\\\/AURCNC.jpg\",\"width\":1792,\"height\":1008,\"caption\":\"Signature: JnuSjfynT9OAlDAdvk576xl8uMSnujh4H8wsPA4DHucqZKqfRZSk1c2Jgz+Ez0p2DggPskOnY4UpUsdhdnUEJpw\\\/k4YraRVCyWOb6+yonAZQDdnf9m1kaDZRyJDghEhUNuEdfnXVt2rNPz85AS+3kxZ2hoOWYOkmxGbzSGpXMaTHUkbeaCi1nmS2pQGdi9issUNaIQXsPS+YImz3+ZFcykVSZHWC1+W4eck1UXYYUGH2KyzuKBTdVSWpGEcsun8a\"},{\"@type\":\"BreadcrumbList\",\"@id\":\"https:\\\/\\\/www.theconservative.online\\\/cs\\\/sobota-v-drobete-setkani-z-nehoz-vzesel-manifest-aur#breadcrumb\",\"itemListElement\":[{\"@type\":\"ListItem\",\"position\":1,\"name\":\"Home\",\"item\":\"https:\\\/\\\/www.theconservative.online\\\/cs\"},{\"@type\":\"ListItem\",\"position\":2,\"name\":\"Sobota v Drobet\u011b: Setk\u00e1n\u00ed, z n\u011bho\u017e vze\u0161el manifest AUR\"}]},{\"@type\":\"WebSite\",\"@id\":\"https:\\\/\\\/www.theconservative.online\\\/cs#website\",\"url\":\"https:\\\/\\\/www.theconservative.online\\\/cs\",\"name\":\"The Conservative\",\"description\":\"\",\"potentialAction\":[{\"@type\":\"SearchAction\",\"target\":{\"@type\":\"EntryPoint\",\"urlTemplate\":\"https:\\\/\\\/www.theconservative.online\\\/cs?s={search_term_string}\"},\"query-input\":{\"@type\":\"PropertyValueSpecification\",\"valueRequired\":true,\"valueName\":\"search_term_string\"}}],\"inLanguage\":\"cs\"},{\"@type\":\"Person\",\"@id\":\"https:\\\/\\\/www.theconservative.online\\\/cs#\\\/schema\\\/person\\\/a058eee3b153ac2215cf616d9795653b\",\"name\":\"Iosefina Pascal\",\"image\":{\"@type\":\"ImageObject\",\"inLanguage\":\"cs\",\"@id\":\"https:\\\/\\\/secure.gravatar.com\\\/avatar\\\/b6c6576a2be336212e2c44862e76e71f326a3e912cd8ca0a6856a38198536fd3?s=96&d=mm&r=g\",\"url\":\"https:\\\/\\\/secure.gravatar.com\\\/avatar\\\/b6c6576a2be336212e2c44862e76e71f326a3e912cd8ca0a6856a38198536fd3?s=96&d=mm&r=g\",\"contentUrl\":\"https:\\\/\\\/secure.gravatar.com\\\/avatar\\\/b6c6576a2be336212e2c44862e76e71f326a3e912cd8ca0a6856a38198536fd3?s=96&d=mm&r=g\",\"caption\":\"Iosefina Pascal\"},\"url\":\"https:\\\/\\\/www.theconservative.online\\\/cs\\\/author\\\/pascal-eunat-2025-26\"}]}<\/script>\n<!-- \/ Yoast SEO plugin. -->","yoast_head_json":{"title":"Sobota v Drobet\u011b: Setk\u00e1n\u00ed, z n\u011bho\u017e vze\u0161el manifest AUR - The Conservative","robots":{"index":"index","follow":"follow","max-snippet":"max-snippet:-1","max-image-preview":"max-image-preview:large","max-video-preview":"max-video-preview:-1"},"canonical":"https:\/\/www.theconservative.online\/cs\/sobota-v-drobete-setkani-z-nehoz-vzesel-manifest-aur","og_locale":"cs_CZ","og_type":"article","og_title":"Sobota v Drobet\u011b: Setk\u00e1n\u00ed, z n\u011bho\u017e vze\u0161el manifest AUR - The Conservative","og_description":"Drobeta-Turnu Severin nen\u00ed zrovna m\u00edsto, kde by \u010dlov\u011bk o\u010dek\u00e1val, \u017ee propukne politick\u00e9 zem\u011bt\u0159esen\u00ed, ale v sobotu se stalo d\u011bji\u0161t\u011bm, kde strana AUR p\u0159edstavila celou svou strategii pro zased\u00e1n\u00ed parlamentu, kter\u00e9 za\u010d\u00edn\u00e1 tento \u00fater\u00fd. N\u00e1rodn\u00ed \u0159\u00edd\u00edc\u00ed rada (CNC) t\u00e9to strany se se\u0161la na zased\u00e1n\u00ed, kter\u00e9 bylo ozna\u010deno za rutinn\u00ed strategick\u00e9 jedn\u00e1n\u00ed, a ode\u0161la s fisk\u00e1ln\u00edm manifestem, [&hellip;]","og_url":"https:\/\/www.theconservative.online\/cs\/sobota-v-drobete-setkani-z-nehoz-vzesel-manifest-aur","og_site_name":"The Conservative","article_published_time":"2026-08-30T12:15:11+00:00","og_image":[{"width":1792,"height":1008,"url":"https:\/\/www.theconservative.online\/wp-content\/uploads\/2026\/08\/AURCNC.jpg","type":"image\/jpeg"}],"author":"Iosefina Pascal","twitter_card":"summary_large_image","twitter_misc":{"Napsal(a)":"Iosefina Pascal","Odhadovan\u00e1 doba \u010dten\u00ed":"6 minut"},"schema":{"@context":"https:\/\/schema.org","@graph":[{"@type":"Article","@id":"https:\/\/www.theconservative.online\/cs\/sobota-v-drobete-setkani-z-nehoz-vzesel-manifest-aur#article","isPartOf":{"@id":"https:\/\/www.theconservative.online\/cs\/sobota-v-drobete-setkani-z-nehoz-vzesel-manifest-aur"},"author":{"name":"Iosefina Pascal","@id":"https:\/\/www.theconservative.online\/cs#\/schema\/person\/a058eee3b153ac2215cf616d9795653b"},"headline":"Sobota v Drobet\u011b: Setk\u00e1n\u00ed, z n\u011bho\u017e vze\u0161el manifest AUR","datePublished":"2026-08-30T12:15:11+00:00","mainEntityOfPage":{"@id":"https:\/\/www.theconservative.online\/cs\/sobota-v-drobete-setkani-z-nehoz-vzesel-manifest-aur"},"wordCount":1166,"image":{"@id":"https:\/\/www.theconservative.online\/cs\/sobota-v-drobete-setkani-z-nehoz-vzesel-manifest-aur#primaryimage"},"thumbnailUrl":"https:\/\/www.theconservative.online\/wp-content\/uploads\/2026\/08\/AURCNC.jpg","articleSection":["Uncategorized @cs"],"inLanguage":"cs"},{"@type":"WebPage","@id":"https:\/\/www.theconservative.online\/cs\/sobota-v-drobete-setkani-z-nehoz-vzesel-manifest-aur","url":"https:\/\/www.theconservative.online\/cs\/sobota-v-drobete-setkani-z-nehoz-vzesel-manifest-aur","name":"Sobota v Drobet\u011b: Setk\u00e1n\u00ed, z n\u011bho\u017e vze\u0161el manifest AUR - The Conservative","isPartOf":{"@id":"https:\/\/www.theconservative.online\/cs#website"},"primaryImageOfPage":{"@id":"https:\/\/www.theconservative.online\/cs\/sobota-v-drobete-setkani-z-nehoz-vzesel-manifest-aur#primaryimage"},"image":{"@id":"https:\/\/www.theconservative.online\/cs\/sobota-v-drobete-setkani-z-nehoz-vzesel-manifest-aur#primaryimage"},"thumbnailUrl":"https:\/\/www.theconservative.online\/wp-content\/uploads\/2026\/08\/AURCNC.jpg","datePublished":"2026-08-30T12:15:11+00:00","author":{"@id":"https:\/\/www.theconservative.online\/cs#\/schema\/person\/a058eee3b153ac2215cf616d9795653b"},"breadcrumb":{"@id":"https:\/\/www.theconservative.online\/cs\/sobota-v-drobete-setkani-z-nehoz-vzesel-manifest-aur#breadcrumb"},"inLanguage":"cs","potentialAction":[{"@type":"ReadAction","target":["https:\/\/www.theconservative.online\/cs\/sobota-v-drobete-setkani-z-nehoz-vzesel-manifest-aur"]}]},{"@type":"ImageObject","inLanguage":"cs","@id":"https:\/\/www.theconservative.online\/cs\/sobota-v-drobete-setkani-z-nehoz-vzesel-manifest-aur#primaryimage","url":"https:\/\/www.theconservative.online\/wp-content\/uploads\/2026\/08\/AURCNC.jpg","contentUrl":"https:\/\/www.theconservative.online\/wp-content\/uploads\/2026\/08\/AURCNC.jpg","width":1792,"height":1008,"caption":"Signature: JnuSjfynT9OAlDAdvk576xl8uMSnujh4H8wsPA4DHucqZKqfRZSk1c2Jgz+Ez0p2DggPskOnY4UpUsdhdnUEJpw\/k4YraRVCyWOb6+yonAZQDdnf9m1kaDZRyJDghEhUNuEdfnXVt2rNPz85AS+3kxZ2hoOWYOkmxGbzSGpXMaTHUkbeaCi1nmS2pQGdi9issUNaIQXsPS+YImz3+ZFcykVSZHWC1+W4eck1UXYYUGH2KyzuKBTdVSWpGEcsun8a"},{"@type":"BreadcrumbList","@id":"https:\/\/www.theconservative.online\/cs\/sobota-v-drobete-setkani-z-nehoz-vzesel-manifest-aur#breadcrumb","itemListElement":[{"@type":"ListItem","position":1,"name":"Home","item":"https:\/\/www.theconservative.online\/cs"},{"@type":"ListItem","position":2,"name":"Sobota v Drobet\u011b: Setk\u00e1n\u00ed, z n\u011bho\u017e vze\u0161el manifest AUR"}]},{"@type":"WebSite","@id":"https:\/\/www.theconservative.online\/cs#website","url":"https:\/\/www.theconservative.online\/cs","name":"The Conservative","description":"","potentialAction":[{"@type":"SearchAction","target":{"@type":"EntryPoint","urlTemplate":"https:\/\/www.theconservative.online\/cs?s={search_term_string}"},"query-input":{"@type":"PropertyValueSpecification","valueRequired":true,"valueName":"search_term_string"}}],"inLanguage":"cs"},{"@type":"Person","@id":"https:\/\/www.theconservative.online\/cs#\/schema\/person\/a058eee3b153ac2215cf616d9795653b","name":"Iosefina Pascal","image":{"@type":"ImageObject","inLanguage":"cs","@id":"https:\/\/secure.gravatar.com\/avatar\/b6c6576a2be336212e2c44862e76e71f326a3e912cd8ca0a6856a38198536fd3?s=96&d=mm&r=g","url":"https:\/\/secure.gravatar.com\/avatar\/b6c6576a2be336212e2c44862e76e71f326a3e912cd8ca0a6856a38198536fd3?s=96&d=mm&r=g","contentUrl":"https:\/\/secure.gravatar.com\/avatar\/b6c6576a2be336212e2c44862e76e71f326a3e912cd8ca0a6856a38198536fd3?s=96&d=mm&r=g","caption":"Iosefina Pascal"},"url":"https:\/\/www.theconservative.online\/cs\/author\/pascal-eunat-2025-26"}]}},"acf":[],"_links":{"self":[{"href":"https:\/\/www.theconservative.online\/cs\/wp-json\/wp\/v2\/posts\/62989","targetHints":{"allow":["GET"]}}],"collection":[{"href":"https:\/\/www.theconservative.online\/cs\/wp-json\/wp\/v2\/posts"}],"about":[{"href":"https:\/\/www.theconservative.online\/cs\/wp-json\/wp\/v2\/types\/post"}],"author":[{"embeddable":true,"href":"https:\/\/www.theconservative.online\/cs\/wp-json\/wp\/v2\/users\/79"}],"replies":[{"embeddable":true,"href":"https:\/\/www.theconservative.online\/cs\/wp-json\/wp\/v2\/comments?post=62989"}],"version-history":[{"count":0,"href":"https:\/\/www.theconservative.online\/cs\/wp-json\/wp\/v2\/posts\/62989\/revisions"}],"wp:featuredmedia":[{"embeddable":true,"href":"https:\/\/www.theconservative.online\/cs\/wp-json\/wp\/v2\/media\/62765"}],"wp:attachment":[{"href":"https:\/\/www.theconservative.online\/cs\/wp-json\/wp\/v2\/media?parent=62989"}],"wp:term":[{"taxonomy":"category","embeddable":true,"href":"https:\/\/www.theconservative.online\/cs\/wp-json\/wp\/v2\/categories?post=62989"},{"taxonomy":"post_tag","embeddable":true,"href":"https:\/\/www.theconservative.online\/cs\/wp-json\/wp\/v2\/tags?post=62989"},{"taxonomy":"editorial-positions","embeddable":true,"href":"https:\/\/www.theconservative.online\/cs\/wp-json\/wp\/v2\/editorial-positions?post=62989"},{"taxonomy":"regions","embeddable":true,"href":"https:\/\/www.theconservative.online\/cs\/wp-json\/wp\/v2\/regions?post=62989"},{"taxonomy":"types","embeddable":true,"href":"https:\/\/www.theconservative.online\/cs\/wp-json\/wp\/v2\/types?post=62989"}],"curies":[{"name":"wp","href":"https:\/\/api.w.org\/{rel}","templated":true}]}}