{"id":62997,"date":"2026-08-30T12:12:50","date_gmt":"2026-08-30T12:12:50","guid":{"rendered":"https:\/\/www.theconservative.online\/zachovani-evropske-identity-znamena-zachovani-identity-jejich-narodu"},"modified":"2026-08-30T12:12:50","modified_gmt":"2026-08-30T12:12:50","slug":"zachovani-evropske-identity-znamena-zachovani-identity-jejich-narodu","status":"publish","type":"post","link":"https:\/\/www.theconservative.online\/cs\/zachovani-evropske-identity-znamena-zachovani-identity-jejich-narodu","title":{"rendered":"Zachov\u00e1n\u00ed evropsk\u00e9 identity znamen\u00e1 zachov\u00e1n\u00ed identity jej\u00edch n\u00e1rod\u016f"},"content":{"rendered":"<p>Evropa proch\u00e1z\u00ed demografickou prom\u011bnou, kterou ji\u017e nelze pova\u017eovat pouze za statistick\u00fd jev. K 1. lednu 2026 \u010dinil po\u010det obyvatel Evropsk\u00e9 unie p\u0159ibli\u017en\u011b 452 milion\u016f, co\u017e p\u0159edstavuje n\u00e1r\u016fst o 706 000 osob oproti p\u0159edchoz\u00edmu roku. Za t\u00edmto zd\u00e1nliv\u011b pozitivn\u00edm \u010d\u00edslem se v\u0161ak skr\u00fdv\u00e1 zcela odli\u0161n\u00e1 realita: v roce 2025 se v EU narodilo pouh\u00fdch 3,46 milionu d\u011bt\u00ed, zat\u00edmco zem\u0159elo 4,81 milionu lid\u00ed. P\u0159irozen\u00e1 bilance byla tedy z\u00e1porn\u00e1, a to p\u0159ibli\u017en\u011b o 1,35 milionu lid\u00ed. Celkov\u00fd n\u00e1r\u016fst po\u010dtu obyvatel byl mo\u017en\u00fd v\u00fdhradn\u011b d\u00edky kladn\u00e9mu saldu migrace. Pr\u00e1v\u011b od tohoto bodu by m\u011bla vych\u00e1zet jak\u00e1koli seri\u00f3zn\u00ed \u00favaha o budoucnosti Evropy.<br \/>\nEvropa nejen\u017ee roste pomaleji. Ji\u017e vstoupila do f\u00e1ze, v n\u00ed\u017e um\u00edr\u00e1 v\u00edce lid\u00ed, ne\u017e se rod\u00ed. Tento trend, kter\u00fd se struktur\u00e1ln\u011b za\u010dal projevovat v roce 2012, je doprov\u00e1zen postupn\u00fdm st\u00e1rnut\u00edm obyvatelstva.<br \/>\nZ progn\u00f3z Evropsk\u00e9 komise vypl\u00fdv\u00e1, \u017ee tato prom\u011bna bude v nadch\u00e1zej\u00edc\u00edch desetilet\u00edch je\u0161t\u011b z\u0159eteln\u011bj\u0161\u00ed: o\u010dek\u00e1v\u00e1 se, \u017ee po\u010det obyvatel Evropy dos\u00e1hne sv\u00e9ho maxima a pot\u00e9 za\u010dne klesat, zat\u00edmco pod\u00edl star\u0161\u00edch lid\u00ed poroste a pod\u00edl obyvatel v produktivn\u00edm v\u011bku bude klesat.<br \/>\nTento probl\u00e9m se tedy net\u00fdk\u00e1 pouze d\u016fchod\u016f, zdravotn\u00ed p\u00e9\u010de, produktivity nebo trhu pr\u00e1ce.<br \/>\nMus\u00edme si tak\u00e9 polo\u017eit mnohem hlub\u0161\u00ed ot\u00e1zku: jak si m\u016f\u017ee civilizace zachovat svou identitu, pokud je st\u00e1le obt\u00ed\u017en\u011bj\u0161\u00ed p\u0159ed\u00e1vat tuto identitu z generace na generaci?<br \/>\nP\u0159\u00edli\u0161 dlouho jsme demografii pova\u017eovali za obor ur\u010den\u00fd pro ekonomy a statistiky. Spole\u010dnost v\u0161ak nen\u00ed pouh\u00fdm sou\u010dtem sv\u00e9 pracovn\u00ed s\u00edly.<br \/>\nSpole\u010dnost je tak\u00e9 pam\u011bt\u00ed.<br \/>\nJe to jazyk, literatura, um\u011bn\u00ed, tradice, n\u00e1bo\u017eenstv\u00ed, zvyky, krajina, architektura, hudba a historie. Je to v\u0161e, co jedna generace p\u0159eb\u00edr\u00e1 od t\u00e9 p\u0159edchoz\u00ed a co se svobodn\u011b rozhodne p\u0159edat t\u00e9 n\u00e1sleduj\u00edc\u00ed.<br \/>\nJazyk p\u0159e\u017e\u00edv\u00e1, proto\u017ee se j\u00edm mluv\u00ed s d\u011btmi. Tradice p\u0159e\u017e\u00edv\u00e1, proto\u017ee se p\u0159ed\u00e1v\u00e1. Kulturn\u00ed d\u011bdictv\u00ed p\u0159e\u017e\u00edv\u00e1, proto\u017ee ho n\u011bkdo pova\u017euje za natolik d\u016fle\u017eit\u00e9, \u017ee ho p\u0159ed\u00e1v\u00e1 budouc\u00edm generac\u00edm.<br \/>\nPr\u00e1v\u011b proto je demografick\u00fd \u00fapadek Evropy tak\u00e9 probl\u00e9mem kulturn\u00ed kontinuity.<br \/>\nA pr\u00e1v\u011b zde by m\u011bla za\u010d\u00edt skute\u010dn\u011b konzervativn\u00ed \u00favaha.<br \/>\nChr\u00e1nit neznamen\u00e1 odm\u00edtat zm\u011bny. Znamen\u00e1 to zabr\u00e1nit tomu, aby zm\u011bny zni\u010dily to, co stoj\u00ed za to zachovat.<br \/>\nEvropa nemus\u00ed vytv\u00e1\u0159et novou identitu t\u00edm, \u017ee by vymazala ty, kter\u00e9 ji\u017e existuj\u00ed. Naopak, mus\u00ed si uv\u011bdomit, \u017ee jej\u00ed identita vze\u0161la z rozmanitosti jej\u00edch n\u00e1rod\u016f.<br \/>\nEvropa je italsk\u00e1, francouzsk\u00e1, n\u011bmeck\u00e1, \u0161pan\u011blsk\u00e1, \u0159eck\u00e1, polsk\u00e1, irsk\u00e1, ma\u010farsk\u00e1 a je\u0161t\u011b mnohem v\u00edce. Skl\u00e1d\u00e1 se z r\u016fzn\u00fdch jazyk\u016f, r\u016fzn\u00fdch tradic a r\u016fzn\u00fdch historick\u00fdch vzpom\u00ednek.<br \/>\nTato rozmanitost nen\u00ed p\u0159ek\u00e1\u017ekou pro evropskou identitu.<br \/>\nJe to evropsk\u00e1 identita.<br \/>\nEvropsk\u00fd projekt by proto m\u011bl p\u0159estat zam\u011b\u0148ovat integraci s homogenizac\u00ed.<br \/>\nEvropsk\u00fd ob\u010dan by nem\u011bl b\u00fdt nucen volit mezi svou n\u00e1rodn\u00ed identitou a svou evropskou identitou. \u010clov\u011bk m\u016f\u017ee b\u00fdt z\u00e1rove\u0148 hluboce Italem i hluboce Evropanem; hluboce Pol\u00e1kem i hluboce Evropanem; hluboce \u0158ekem i hluboce Evropanem.<br \/>\nPr\u00e1v\u011b s\u00edla identit, z nich\u017e se tento kontinent skl\u00e1d\u00e1, toti\u017e umo\u017e\u0148uje vytvo\u0159en\u00ed siln\u011bj\u0161\u00ed evropsk\u00e9 identity.<br \/>\nEvropsk\u00e1 komise  <em>Kulturn\u00ed kompas pro Evropu<\/em>  rovn\u011b\u017e uzn\u00e1v\u00e1 kulturn\u00ed a jazykovou rozmanitost jako z\u00e1kladn\u00ed prvky evropsk\u00e9ho d\u011bdictv\u00ed a p\u0159isuzuje kultu\u0159e v\u00fdznamnou roli p\u0159i budov\u00e1n\u00ed pocitu soun\u00e1le\u017eitosti.<br \/>\nZ tohoto principu by se m\u011bly vyvodit politick\u00e9 d\u016fsledky.<br \/>\nZachr\u00e1nit Evropu znamen\u00e1 zachr\u00e1nit kultury, z nich\u017e se skl\u00e1d\u00e1.<br \/>\nA k jejich zachov\u00e1n\u00ed nesta\u010d\u00ed jen financovat muzea nebo restaurovat pam\u00e1tky. Mus\u00edme zajistit, aby tu byly nov\u00e9 generace, kter\u00fdm je budeme moci p\u0159edat.<br \/>\nNeexistuje \u017e\u00e1dn\u00e9 z\u00e1zra\u010dn\u00e9 opat\u0159en\u00ed, kter\u00e9 by dok\u00e1zalo vy\u0159e\u0161it probl\u00e9m klesaj\u00edc\u00ed porodnosti. Rozhodnut\u00ed m\u00edt d\u011bti z\u00e1vis\u00ed na velmi rozmanit\u00fdch ekonomick\u00fdch, soci\u00e1ln\u00edch a kulturn\u00edch podm\u00ednk\u00e1ch.<br \/>\nPr\u00e1v\u011b z tohoto d\u016fvodu je v\u0161ak nutn\u00e9 vytvo\u0159it prost\u0159ed\u00ed, v n\u011bm\u017e mate\u0159stv\u00ed nep\u0159edstavuje znev\u00fdhodn\u011bn\u00ed.<br \/>\nEvropa mus\u00ed d\u016fkladn\u011b prozkoumat rozd\u00edly mezi sv\u00fdmi \u010dlensk\u00fdmi st\u00e1ty. M\u00edra porodnosti nen\u00ed v\u0161ude stejn\u00e1 a rodinn\u00e1 politika spolu s ekonomick\u00fdmi podm\u00ednkami, situac\u00ed na trhu pr\u00e1ce a podm\u00ednkami v oblasti bydlen\u00ed mohou p\u0159isp\u00edvat k vytv\u00e1\u0159en\u00ed okolnost\u00ed, kter\u00e9 jsou pro zalo\u017een\u00ed rodiny v\u00edce \u010di m\u00e9n\u011b p\u0159\u00edzniv\u00e9.<br \/>\nTo v\u0161ak neznamen\u00e1, \u017ee by existovala automatick\u00e1 souvislost mezi jednotlivou d\u00e1vkou a po\u010dtem d\u011bt\u00ed.<br \/>\nTo znamen\u00e1 si uv\u011bdomit, \u017ee pokud chce spole\u010dnost, aby se rodilo v\u00edce d\u011bt\u00ed, mus\u00ed lidem usnadnit rodi\u010dovstv\u00ed.<br \/>\nA to znamen\u00e1 da\u0148ov\u00e9 pob\u00eddky, podporu mate\u0159stv\u00ed, slu\u017eby p\u00e9\u010de o d\u011bti, bytovou politiku, rodi\u010dovskou dovolenou, flexibilitu na pracovi\u0161ti a p\u0159edev\u0161\u00edm spole\u010densk\u00e9 uzn\u00e1n\u00ed hodnoty mate\u0159stv\u00ed.<br \/>\nMate\u0159stv\u00ed je investic\u00ed do budoucnosti spole\u010dnosti.<br \/>\nDemografick\u00e1 politika bez politiky v oblasti vzd\u011bl\u00e1v\u00e1n\u00ed by v\u0161ak byla nedostate\u010dn\u00e1.<br \/>\nM\u016f\u017eeme m\u00edt v\u00edce d\u011bt\u00ed, ale pokud tyto d\u011bti vyrostou, ani\u017e by znaly svou historii, literaturu a kulturu, kontinuita st\u00e1le nebude zaru\u010dena.<br \/>\n\u0160koly se mus\u00ed op\u011bt st\u00e1t m\u00edsty p\u0159ed\u00e1v\u00e1n\u00ed znalost\u00ed.<br \/>\nDante, Shakespeare, Cervantes, Goethe, Hom\u00e9r a Manzoni nepat\u0159\u00ed do muzea minulosti. Pat\u0159\u00ed k d\u011bdictv\u00ed, na jeho\u017e z\u00e1klad\u011b si Evropa vybudovala sv\u00e9 pov\u011bdom\u00ed.<br \/>\nSpole\u010dnost, kter\u00e1 si je jist\u00e1 svou identitou, nemus\u00ed vymaz\u00e1vat to, co tu bylo p\u0159ed n\u00ed.<br \/>\nM\u016f\u017ee to kritizovat. M\u016f\u017ee o tom diskutovat. M\u016f\u017ee dokonce n\u011bkter\u00e9 jeho aspekty odm\u00edtnout.<br \/>\nNejprve to v\u0161ak mus\u00ed v\u011bd\u011bt.<br \/>\nPr\u00e1v\u011b v tomto bod\u011b mus\u00edme j\u00edt proti proudu  <em>kultura ru\u0161en\u00ed<\/em>.<br \/>\nKultura se nesm\u00ed st\u00e1t neust\u00e1l\u00fdm soudem nad minulost\u00ed, v n\u011bm\u017e je ka\u017ed\u00e9 d\u00edlo posuzov\u00e1no v\u00fdhradn\u011b podle mor\u00e1ln\u00edch m\u011b\u0159\u00edtek sou\u010dasnosti. Kulturn\u00ed svoboda tak\u00e9 znamen\u00e1 mo\u017enost zab\u00fdvat se nep\u0159\u00edjemn\u00fdmi my\u0161lenkami, kontroverzn\u00edmi d\u00edly a problematick\u00fdmi historick\u00fdmi osobnostmi.<br \/>\nVzd\u011bl\u00e1v\u00e1n\u00ed by m\u011blo vychov\u00e1vat ob\u010dany schopn\u00e9 samostatn\u011b se rozhodovat, nikoli generace neschopn\u00e9 pozn\u00e1vat.<br \/>\nMezi demografi\u00ed a soci\u00e1ln\u00ed soudr\u017enost\u00ed existuje nakonec vztah, kter\u00fd by se nem\u011bl podce\u0148ovat.<br \/>\nSpole\u010dnost, kter\u00e1 st\u00e1rne, zmen\u0161uje se a vn\u00edm\u00e1 svou kulturu jako n\u011bco, co je t\u0159eba skr\u00fdvat, se m\u016f\u017ee st\u00e1t nejist\u011bj\u0161\u00ed. A nejist\u00e1 spole\u010dnost m\u00e1 v\u011bt\u0161\u00ed sklon vn\u00edmat zm\u011bny jako hrozbu.<br \/>\nPr\u00e1v\u011b v tomto prostoru m\u016f\u017ee tak\u00e9 nar\u016fstat xenofobie.<br \/>\nZ tohoto d\u016fvodu nesm\u00ed b\u00fdt seri\u00f3zn\u00ed demografick\u00e1 politika ch\u00e1p\u00e1na jako politika nam\u00ed\u0159en\u00e1 proti imigraci. Mus\u00ed b\u00fdt ch\u00e1p\u00e1na jako zp\u016fsob, jak pos\u00edlit d\u016fv\u011bru Evropan\u016f ve vlastn\u00ed schopnost zajistit si budoucnost.<br \/>\nLeg\u00e1ln\u00ed a regulovan\u00e1 imigrace m\u016f\u017ee zpomalit demografick\u00fd \u00fapadek a pomoci vyrovnat \u00fabytek pracovn\u00ed s\u00edly, nem\u016f\u017ee v\u0161ak nahradit politiku zam\u011b\u0159enou na zv\u00fd\u0161en\u00ed porodnosti. \u00dadaje Eurostatu jasn\u011b ukazuj\u00ed, \u017ee v posledn\u00edch letech z\u00e1visel popula\u010dn\u00ed r\u016fst v Evrop\u011b na \u010dist\u00e9 migraci, zat\u00edmco p\u0159irozen\u00e1 bilance z\u016fstala v\u00fdrazn\u011b z\u00e1porn\u00e1.<br \/>\n\u0158e\u0161en\u00edm tedy nem\u016f\u017ee b\u00fdt volba mezi rodinami a imigrac\u00ed.<br \/>\nC\u00edlem mus\u00ed b\u00fdt vybudovat Evropu, kter\u00e1 bude m\u00edt dostate\u010dnou sebed\u016fv\u011bru, aby dok\u00e1zala oboj\u00ed bez obav.<br \/>\nPr\u00e1v\u011b proto by se demografie m\u011bla st\u00e1t jednou z hlavn\u00edch politick\u00fdch priorit Evropsk\u00e9 unie.<br \/>\nJe\u0161t\u011b p\u0159edt\u00edm, ne\u017e Evropa za\u010dne financovat nov\u00e9 v\u00fdznamn\u00e9 pr\u016fmyslov\u00e9 politiky, velk\u00e9 hospod\u00e1\u0159sk\u00e9 projekty \u010di dal\u0161\u00ed investi\u010dn\u00ed programy, mus\u00ed si polo\u017eit ot\u00e1zku, kdo bude za dvacet, t\u0159icet \u010di pades\u00e1t let \u017e\u00edt, pracovat a budovat tuto spole\u010dnost.<br \/>\nM\u011bla by proto prosazovat spole\u010dn\u00e9 a z\u00e1vazn\u00e9 politiky na podporu demografick\u00e9ho r\u016fstu, p\u0159i\u010dem\u017e by \u010dlensk\u00fdm st\u00e1t\u016fm m\u011bla umo\u017enit, aby si zvolily n\u00e1stroje, kter\u00e9 nejl\u00e9pe odpov\u00eddaj\u00ed jejich vlastn\u00edm spole\u010densk\u00fdm tradic\u00edm, av\u0161ak z\u00e1rove\u0148 by m\u011bla stanovit spole\u010dn\u00e9 c\u00edle.<br \/>\nV centru pozornosti mus\u00ed b\u00fdt matky a rodiny: da\u0148ov\u00e9 pob\u00eddky, podpora v oblasti bydlen\u00ed, slu\u017eby, rodi\u010dovsk\u00e1 dovolen\u00e1, soci\u00e1ln\u00ed ochrana a pracovn\u00ed podm\u00ednky slu\u010diteln\u00e9 s mate\u0159stv\u00edm.<br \/>\nSrovn\u00e1v\u00e1n\u00ed mezi evropsk\u00fdmi zem\u011bmi by se m\u011blo st\u00e1t skute\u010dnou sou\u010d\u00e1st\u00ed v\u00fdzkumn\u00e9 politiky: zkoumat, kde je pokles porodnosti m\u00e9n\u011b v\u00fdrazn\u00fd, jak\u00e9 podm\u00ednky ho doprov\u00e1zej\u00ed a kter\u00e1 opat\u0159en\u00ed lze napodobit. Ne proto, abychom slibovali z\u00e1zraky, ale abychom se z v\u00fdsledk\u016f pou\u010dili.<br \/>\nProto\u017ee bez rodin by nebyli \u017e\u00e1dn\u00ed pracovn\u00edci.<br \/>\nBez d\u011bt\u00ed nen\u00ed budoucnost.<br \/>\nA bez p\u0159ed\u00e1v\u00e1n\u00ed kultury neexistuje \u017e\u00e1dn\u00e1 identita.<br \/>\nZachov\u00e1n\u00ed evropsk\u00e9 identity neznamen\u00e1 budov\u00e1n\u00ed jednotn\u00e9 Evropy. Znamen\u00e1 to zachov\u00e1n\u00ed mimo\u0159\u00e1dn\u00e9 rozmanitosti jej\u00edch n\u00e1rod\u016f.<br \/>\nZnamen\u00e1 to umo\u017enit ka\u017ed\u00e9mu z nich zachovat si sv\u016fj vlastn\u00ed jazyk, historii a tradice v r\u00e1mci spole\u010dn\u00e9ho evropsk\u00e9ho domova.<br \/>\nEvropa, kter\u00e1 se op\u011bt stane domovem d\u011bt\u00ed, kter\u00e1 bude op\u011bt vyu\u010dovat svou historii a kter\u00e1 ji\u017e nebude pova\u017eovat sv\u00e9 kulturn\u00ed d\u011bdictv\u00ed za b\u0159emeno minulosti, bude tak\u00e9 Evropou, kter\u00e1 se sv\u011bta bude m\u00e9n\u011b b\u00e1t.<br \/>\nProto\u017ee ti, kdo si jsou jisti svou vlastn\u00ed identitou, se nemus\u00ed b\u00e1t ostatn\u00edch.<br \/>\nProst\u011b mus\u00ed m\u00edt n\u011bco, co stoj\u00ed za to p\u0159edat d\u00e1l.<\/p>\n<\/p>","protected":false},"excerpt":{"rendered":"<p>Evropa proch\u00e1z\u00ed demografickou prom\u011bnou, kterou ji\u017e nelze pova\u017eovat pouze za statistick\u00fd jev. K 1. lednu 2026 \u010dinil po\u010det obyvatel Evropsk\u00e9 unie p\u0159ibli\u017en\u011b 452 milion\u016f, co\u017e p\u0159edstavuje n\u00e1r\u016fst o 706 000 osob oproti p\u0159edchoz\u00edmu roku. Za t\u00edmto zd\u00e1nliv\u011b pozitivn\u00edm \u010d\u00edslem se v\u0161ak skr\u00fdv\u00e1 zcela odli\u0161n\u00e1 realita: v roce 2025 se v EU narodilo pouh\u00fdch 3,46 milionu [&hellip;]<\/p>\n","protected":false},"author":93,"featured_media":62789,"comment_status":"closed","ping_status":"closed","sticky":false,"template":"","format":"standard","meta":{"footnotes":""},"categories":[1462,181],"tags":[3481,268,1406,3480],"editorial-positions":[],"regions":[],"types":[449],"class_list":["post-62997","post","type-post","status-publish","format-standard","has-post-thumbnail","hentry","category-budovani-konzervativni-evropy","category-kultura-cs","tag-demografic-trasformation","tag-europe","tag-identity","tag-peoples","types-opinion-cs"],"yoast_head":"<!-- This site is optimized with the Yoast SEO plugin v28.0 - https:\/\/yoast.com\/product\/yoast-seo-wordpress\/ -->\n<title>Zachov\u00e1n\u00ed evropsk\u00e9 identity znamen\u00e1 zachov\u00e1n\u00ed identity jej\u00edch n\u00e1rod\u016f - The Conservative<\/title>\n<meta name=\"robots\" content=\"index, follow, max-snippet:-1, max-image-preview:large, max-video-preview:-1\" \/>\n<link rel=\"canonical\" href=\"https:\/\/www.theconservative.online\/cs\/zachovani-evropske-identity-znamena-zachovani-identity-jejich-narodu\" \/>\n<meta property=\"og:locale\" content=\"cs_CZ\" \/>\n<meta property=\"og:type\" content=\"article\" \/>\n<meta property=\"og:title\" content=\"Zachov\u00e1n\u00ed evropsk\u00e9 identity znamen\u00e1 zachov\u00e1n\u00ed identity jej\u00edch n\u00e1rod\u016f - The Conservative\" \/>\n<meta property=\"og:description\" content=\"Evropa proch\u00e1z\u00ed demografickou prom\u011bnou, kterou ji\u017e nelze pova\u017eovat pouze za statistick\u00fd jev. K 1. lednu 2026 \u010dinil po\u010det obyvatel Evropsk\u00e9 unie p\u0159ibli\u017en\u011b 452 milion\u016f, co\u017e p\u0159edstavuje n\u00e1r\u016fst o 706 000 osob oproti p\u0159edchoz\u00edmu roku. Za t\u00edmto zd\u00e1nliv\u011b pozitivn\u00edm \u010d\u00edslem se v\u0161ak skr\u00fdv\u00e1 zcela odli\u0161n\u00e1 realita: v roce 2025 se v EU narodilo pouh\u00fdch 3,46 milionu [&hellip;]\" \/>\n<meta property=\"og:url\" content=\"https:\/\/www.theconservative.online\/cs\/zachovani-evropske-identity-znamena-zachovani-identity-jejich-narodu\" \/>\n<meta property=\"og:site_name\" content=\"The Conservative\" \/>\n<meta property=\"article:published_time\" content=\"2026-08-30T12:12:50+00:00\" \/>\n<meta property=\"og:image\" content=\"https:\/\/www.theconservative.online\/wp-content\/uploads\/2026\/08\/bandiere-stati-eu.jpg\" \/>\n\t<meta property=\"og:image:width\" content=\"1024\" \/>\n\t<meta property=\"og:image:height\" content=\"1024\" \/>\n\t<meta property=\"og:image:type\" content=\"image\/jpeg\" \/>\n<meta name=\"author\" content=\"Sofia Valenti\" \/>\n<meta name=\"twitter:card\" content=\"summary_large_image\" \/>\n<meta name=\"twitter:label1\" content=\"Napsal(a)\" \/>\n\t<meta name=\"twitter:data1\" content=\"Sofia Valenti\" \/>\n\t<meta name=\"twitter:label2\" content=\"Odhadovan\u00e1 doba \u010dten\u00ed\" \/>\n\t<meta name=\"twitter:data2\" content=\"8 minut\" \/>\n<script type=\"application\/ld+json\" class=\"yoast-schema-graph\">{\"@context\":\"https:\\\/\\\/schema.org\",\"@graph\":[{\"@type\":\"Article\",\"@id\":\"https:\\\/\\\/www.theconservative.online\\\/cs\\\/zachovani-evropske-identity-znamena-zachovani-identity-jejich-narodu#article\",\"isPartOf\":{\"@id\":\"https:\\\/\\\/www.theconservative.online\\\/cs\\\/zachovani-evropske-identity-znamena-zachovani-identity-jejich-narodu\"},\"author\":{\"name\":\"Sofia Valenti\",\"@id\":\"https:\\\/\\\/www.theconservative.online\\\/cs#\\\/schema\\\/person\\\/ba597107f354c40637f85460639c2da8\"},\"headline\":\"Zachov\u00e1n\u00ed evropsk\u00e9 identity znamen\u00e1 zachov\u00e1n\u00ed identity jej\u00edch n\u00e1rod\u016f\",\"datePublished\":\"2026-08-30T12:12:50+00:00\",\"mainEntityOfPage\":{\"@id\":\"https:\\\/\\\/www.theconservative.online\\\/cs\\\/zachovani-evropske-identity-znamena-zachovani-identity-jejich-narodu\"},\"wordCount\":1711,\"image\":{\"@id\":\"https:\\\/\\\/www.theconservative.online\\\/cs\\\/zachovani-evropske-identity-znamena-zachovani-identity-jejich-narodu#primaryimage\"},\"thumbnailUrl\":\"https:\\\/\\\/www.theconservative.online\\\/wp-content\\\/uploads\\\/2026\\\/08\\\/bandiere-stati-eu.jpg\",\"keywords\":[\"demografic trasformation\",\"europe\",\"identity\",\"peoples\"],\"articleSection\":[\"Budov\u00e1n\u00ed konzervativn\u00ed Evropy\",\"Kultura\"],\"inLanguage\":\"cs\"},{\"@type\":\"WebPage\",\"@id\":\"https:\\\/\\\/www.theconservative.online\\\/cs\\\/zachovani-evropske-identity-znamena-zachovani-identity-jejich-narodu\",\"url\":\"https:\\\/\\\/www.theconservative.online\\\/cs\\\/zachovani-evropske-identity-znamena-zachovani-identity-jejich-narodu\",\"name\":\"Zachov\u00e1n\u00ed evropsk\u00e9 identity znamen\u00e1 zachov\u00e1n\u00ed identity jej\u00edch n\u00e1rod\u016f - The Conservative\",\"isPartOf\":{\"@id\":\"https:\\\/\\\/www.theconservative.online\\\/cs#website\"},\"primaryImageOfPage\":{\"@id\":\"https:\\\/\\\/www.theconservative.online\\\/cs\\\/zachovani-evropske-identity-znamena-zachovani-identity-jejich-narodu#primaryimage\"},\"image\":{\"@id\":\"https:\\\/\\\/www.theconservative.online\\\/cs\\\/zachovani-evropske-identity-znamena-zachovani-identity-jejich-narodu#primaryimage\"},\"thumbnailUrl\":\"https:\\\/\\\/www.theconservative.online\\\/wp-content\\\/uploads\\\/2026\\\/08\\\/bandiere-stati-eu.jpg\",\"datePublished\":\"2026-08-30T12:12:50+00:00\",\"author\":{\"@id\":\"https:\\\/\\\/www.theconservative.online\\\/cs#\\\/schema\\\/person\\\/ba597107f354c40637f85460639c2da8\"},\"breadcrumb\":{\"@id\":\"https:\\\/\\\/www.theconservative.online\\\/cs\\\/zachovani-evropske-identity-znamena-zachovani-identity-jejich-narodu#breadcrumb\"},\"inLanguage\":\"cs\",\"potentialAction\":[{\"@type\":\"ReadAction\",\"target\":[\"https:\\\/\\\/www.theconservative.online\\\/cs\\\/zachovani-evropske-identity-znamena-zachovani-identity-jejich-narodu\"]}]},{\"@type\":\"ImageObject\",\"inLanguage\":\"cs\",\"@id\":\"https:\\\/\\\/www.theconservative.online\\\/cs\\\/zachovani-evropske-identity-znamena-zachovani-identity-jejich-narodu#primaryimage\",\"url\":\"https:\\\/\\\/www.theconservative.online\\\/wp-content\\\/uploads\\\/2026\\\/08\\\/bandiere-stati-eu.jpg\",\"contentUrl\":\"https:\\\/\\\/www.theconservative.online\\\/wp-content\\\/uploads\\\/2026\\\/08\\\/bandiere-stati-eu.jpg\",\"width\":1024,\"height\":1024},{\"@type\":\"BreadcrumbList\",\"@id\":\"https:\\\/\\\/www.theconservative.online\\\/cs\\\/zachovani-evropske-identity-znamena-zachovani-identity-jejich-narodu#breadcrumb\",\"itemListElement\":[{\"@type\":\"ListItem\",\"position\":1,\"name\":\"Home\",\"item\":\"https:\\\/\\\/www.theconservative.online\\\/cs\"},{\"@type\":\"ListItem\",\"position\":2,\"name\":\"Zachov\u00e1n\u00ed evropsk\u00e9 identity znamen\u00e1 zachov\u00e1n\u00ed identity jej\u00edch n\u00e1rod\u016f\"}]},{\"@type\":\"WebSite\",\"@id\":\"https:\\\/\\\/www.theconservative.online\\\/cs#website\",\"url\":\"https:\\\/\\\/www.theconservative.online\\\/cs\",\"name\":\"The Conservative\",\"description\":\"\",\"potentialAction\":[{\"@type\":\"SearchAction\",\"target\":{\"@type\":\"EntryPoint\",\"urlTemplate\":\"https:\\\/\\\/www.theconservative.online\\\/cs?s={search_term_string}\"},\"query-input\":{\"@type\":\"PropertyValueSpecification\",\"valueRequired\":true,\"valueName\":\"search_term_string\"}}],\"inLanguage\":\"cs\"},{\"@type\":\"Person\",\"@id\":\"https:\\\/\\\/www.theconservative.online\\\/cs#\\\/schema\\\/person\\\/ba597107f354c40637f85460639c2da8\",\"name\":\"Sofia Valenti\",\"image\":{\"@type\":\"ImageObject\",\"inLanguage\":\"cs\",\"@id\":\"https:\\\/\\\/secure.gravatar.com\\\/avatar\\\/b8358b98da87b71bcc40d48623c024d8cf0e1c2986353618ef2cc48000381c12?s=96&d=mm&r=g\",\"url\":\"https:\\\/\\\/secure.gravatar.com\\\/avatar\\\/b8358b98da87b71bcc40d48623c024d8cf0e1c2986353618ef2cc48000381c12?s=96&d=mm&r=g\",\"contentUrl\":\"https:\\\/\\\/secure.gravatar.com\\\/avatar\\\/b8358b98da87b71bcc40d48623c024d8cf0e1c2986353618ef2cc48000381c12?s=96&d=mm&r=g\",\"caption\":\"Sofia Valenti\"},\"url\":\"https:\\\/\\\/www.theconservative.online\\\/cs\\\/author\\\/bellantone-euspec-2026-2027\"}]}<\/script>\n<!-- \/ Yoast SEO plugin. -->","yoast_head_json":{"title":"Zachov\u00e1n\u00ed evropsk\u00e9 identity znamen\u00e1 zachov\u00e1n\u00ed identity jej\u00edch n\u00e1rod\u016f - The Conservative","robots":{"index":"index","follow":"follow","max-snippet":"max-snippet:-1","max-image-preview":"max-image-preview:large","max-video-preview":"max-video-preview:-1"},"canonical":"https:\/\/www.theconservative.online\/cs\/zachovani-evropske-identity-znamena-zachovani-identity-jejich-narodu","og_locale":"cs_CZ","og_type":"article","og_title":"Zachov\u00e1n\u00ed evropsk\u00e9 identity znamen\u00e1 zachov\u00e1n\u00ed identity jej\u00edch n\u00e1rod\u016f - The Conservative","og_description":"Evropa proch\u00e1z\u00ed demografickou prom\u011bnou, kterou ji\u017e nelze pova\u017eovat pouze za statistick\u00fd jev. K 1. lednu 2026 \u010dinil po\u010det obyvatel Evropsk\u00e9 unie p\u0159ibli\u017en\u011b 452 milion\u016f, co\u017e p\u0159edstavuje n\u00e1r\u016fst o 706 000 osob oproti p\u0159edchoz\u00edmu roku. Za t\u00edmto zd\u00e1nliv\u011b pozitivn\u00edm \u010d\u00edslem se v\u0161ak skr\u00fdv\u00e1 zcela odli\u0161n\u00e1 realita: v roce 2025 se v EU narodilo pouh\u00fdch 3,46 milionu [&hellip;]","og_url":"https:\/\/www.theconservative.online\/cs\/zachovani-evropske-identity-znamena-zachovani-identity-jejich-narodu","og_site_name":"The Conservative","article_published_time":"2026-08-30T12:12:50+00:00","og_image":[{"width":1024,"height":1024,"url":"https:\/\/www.theconservative.online\/wp-content\/uploads\/2026\/08\/bandiere-stati-eu.jpg","type":"image\/jpeg"}],"author":"Sofia Valenti","twitter_card":"summary_large_image","twitter_misc":{"Napsal(a)":"Sofia Valenti","Odhadovan\u00e1 doba \u010dten\u00ed":"8 minut"},"schema":{"@context":"https:\/\/schema.org","@graph":[{"@type":"Article","@id":"https:\/\/www.theconservative.online\/cs\/zachovani-evropske-identity-znamena-zachovani-identity-jejich-narodu#article","isPartOf":{"@id":"https:\/\/www.theconservative.online\/cs\/zachovani-evropske-identity-znamena-zachovani-identity-jejich-narodu"},"author":{"name":"Sofia Valenti","@id":"https:\/\/www.theconservative.online\/cs#\/schema\/person\/ba597107f354c40637f85460639c2da8"},"headline":"Zachov\u00e1n\u00ed evropsk\u00e9 identity znamen\u00e1 zachov\u00e1n\u00ed identity jej\u00edch n\u00e1rod\u016f","datePublished":"2026-08-30T12:12:50+00:00","mainEntityOfPage":{"@id":"https:\/\/www.theconservative.online\/cs\/zachovani-evropske-identity-znamena-zachovani-identity-jejich-narodu"},"wordCount":1711,"image":{"@id":"https:\/\/www.theconservative.online\/cs\/zachovani-evropske-identity-znamena-zachovani-identity-jejich-narodu#primaryimage"},"thumbnailUrl":"https:\/\/www.theconservative.online\/wp-content\/uploads\/2026\/08\/bandiere-stati-eu.jpg","keywords":["demografic trasformation","europe","identity","peoples"],"articleSection":["Budov\u00e1n\u00ed konzervativn\u00ed Evropy","Kultura"],"inLanguage":"cs"},{"@type":"WebPage","@id":"https:\/\/www.theconservative.online\/cs\/zachovani-evropske-identity-znamena-zachovani-identity-jejich-narodu","url":"https:\/\/www.theconservative.online\/cs\/zachovani-evropske-identity-znamena-zachovani-identity-jejich-narodu","name":"Zachov\u00e1n\u00ed evropsk\u00e9 identity znamen\u00e1 zachov\u00e1n\u00ed identity jej\u00edch n\u00e1rod\u016f - The Conservative","isPartOf":{"@id":"https:\/\/www.theconservative.online\/cs#website"},"primaryImageOfPage":{"@id":"https:\/\/www.theconservative.online\/cs\/zachovani-evropske-identity-znamena-zachovani-identity-jejich-narodu#primaryimage"},"image":{"@id":"https:\/\/www.theconservative.online\/cs\/zachovani-evropske-identity-znamena-zachovani-identity-jejich-narodu#primaryimage"},"thumbnailUrl":"https:\/\/www.theconservative.online\/wp-content\/uploads\/2026\/08\/bandiere-stati-eu.jpg","datePublished":"2026-08-30T12:12:50+00:00","author":{"@id":"https:\/\/www.theconservative.online\/cs#\/schema\/person\/ba597107f354c40637f85460639c2da8"},"breadcrumb":{"@id":"https:\/\/www.theconservative.online\/cs\/zachovani-evropske-identity-znamena-zachovani-identity-jejich-narodu#breadcrumb"},"inLanguage":"cs","potentialAction":[{"@type":"ReadAction","target":["https:\/\/www.theconservative.online\/cs\/zachovani-evropske-identity-znamena-zachovani-identity-jejich-narodu"]}]},{"@type":"ImageObject","inLanguage":"cs","@id":"https:\/\/www.theconservative.online\/cs\/zachovani-evropske-identity-znamena-zachovani-identity-jejich-narodu#primaryimage","url":"https:\/\/www.theconservative.online\/wp-content\/uploads\/2026\/08\/bandiere-stati-eu.jpg","contentUrl":"https:\/\/www.theconservative.online\/wp-content\/uploads\/2026\/08\/bandiere-stati-eu.jpg","width":1024,"height":1024},{"@type":"BreadcrumbList","@id":"https:\/\/www.theconservative.online\/cs\/zachovani-evropske-identity-znamena-zachovani-identity-jejich-narodu#breadcrumb","itemListElement":[{"@type":"ListItem","position":1,"name":"Home","item":"https:\/\/www.theconservative.online\/cs"},{"@type":"ListItem","position":2,"name":"Zachov\u00e1n\u00ed evropsk\u00e9 identity znamen\u00e1 zachov\u00e1n\u00ed identity jej\u00edch n\u00e1rod\u016f"}]},{"@type":"WebSite","@id":"https:\/\/www.theconservative.online\/cs#website","url":"https:\/\/www.theconservative.online\/cs","name":"The Conservative","description":"","potentialAction":[{"@type":"SearchAction","target":{"@type":"EntryPoint","urlTemplate":"https:\/\/www.theconservative.online\/cs?s={search_term_string}"},"query-input":{"@type":"PropertyValueSpecification","valueRequired":true,"valueName":"search_term_string"}}],"inLanguage":"cs"},{"@type":"Person","@id":"https:\/\/www.theconservative.online\/cs#\/schema\/person\/ba597107f354c40637f85460639c2da8","name":"Sofia Valenti","image":{"@type":"ImageObject","inLanguage":"cs","@id":"https:\/\/secure.gravatar.com\/avatar\/b8358b98da87b71bcc40d48623c024d8cf0e1c2986353618ef2cc48000381c12?s=96&d=mm&r=g","url":"https:\/\/secure.gravatar.com\/avatar\/b8358b98da87b71bcc40d48623c024d8cf0e1c2986353618ef2cc48000381c12?s=96&d=mm&r=g","contentUrl":"https:\/\/secure.gravatar.com\/avatar\/b8358b98da87b71bcc40d48623c024d8cf0e1c2986353618ef2cc48000381c12?s=96&d=mm&r=g","caption":"Sofia Valenti"},"url":"https:\/\/www.theconservative.online\/cs\/author\/bellantone-euspec-2026-2027"}]}},"acf":[],"_links":{"self":[{"href":"https:\/\/www.theconservative.online\/cs\/wp-json\/wp\/v2\/posts\/62997","targetHints":{"allow":["GET"]}}],"collection":[{"href":"https:\/\/www.theconservative.online\/cs\/wp-json\/wp\/v2\/posts"}],"about":[{"href":"https:\/\/www.theconservative.online\/cs\/wp-json\/wp\/v2\/types\/post"}],"author":[{"embeddable":true,"href":"https:\/\/www.theconservative.online\/cs\/wp-json\/wp\/v2\/users\/93"}],"replies":[{"embeddable":true,"href":"https:\/\/www.theconservative.online\/cs\/wp-json\/wp\/v2\/comments?post=62997"}],"version-history":[{"count":0,"href":"https:\/\/www.theconservative.online\/cs\/wp-json\/wp\/v2\/posts\/62997\/revisions"}],"wp:featuredmedia":[{"embeddable":true,"href":"https:\/\/www.theconservative.online\/cs\/wp-json\/wp\/v2\/media\/62789"}],"wp:attachment":[{"href":"https:\/\/www.theconservative.online\/cs\/wp-json\/wp\/v2\/media?parent=62997"}],"wp:term":[{"taxonomy":"category","embeddable":true,"href":"https:\/\/www.theconservative.online\/cs\/wp-json\/wp\/v2\/categories?post=62997"},{"taxonomy":"post_tag","embeddable":true,"href":"https:\/\/www.theconservative.online\/cs\/wp-json\/wp\/v2\/tags?post=62997"},{"taxonomy":"editorial-positions","embeddable":true,"href":"https:\/\/www.theconservative.online\/cs\/wp-json\/wp\/v2\/editorial-positions?post=62997"},{"taxonomy":"regions","embeddable":true,"href":"https:\/\/www.theconservative.online\/cs\/wp-json\/wp\/v2\/regions?post=62997"},{"taxonomy":"types","embeddable":true,"href":"https:\/\/www.theconservative.online\/cs\/wp-json\/wp\/v2\/types?post=62997"}],"curies":[{"name":"wp","href":"https:\/\/api.w.org\/{rel}","templated":true}]}}