{"id":63025,"date":"2026-08-27T14:39:23","date_gmt":"2026-08-27T14:39:23","guid":{"rendered":"https:\/\/www.theconservative.online\/stane-se-feminizace-spolecnosti-politickym-tematem"},"modified":"2026-08-27T14:39:23","modified_gmt":"2026-08-27T14:39:23","slug":"stane-se-feminizace-spolecnosti-politickym-tematem","status":"publish","type":"post","link":"https:\/\/www.theconservative.online\/cs\/stane-se-feminizace-spolecnosti-politickym-tematem","title":{"rendered":"Stane se \u201efeminizace\u201c spole\u010dnosti politick\u00fdm t\u00e9matem?"},"content":{"rendered":"<p>P\u0159ibli\u017en\u011b p\u0159ed sto lety do\u0161lo v z\u00e1padn\u00edm sv\u011bt\u011b k velk\u00e9mu demokratick\u00e9mu pr\u016flomu. Kolem roku 1920 bylo v zem\u00edch jako Spojen\u00e9 st\u00e1ty, Kanada, \u0160v\u00e9dsko a D\u00e1nsko p\u0159izn\u00e1no volebn\u00ed pr\u00e1vo nejen v\u0161em mu\u017e\u016fm, ale i v\u0161em \u017een\u00e1m. Ve Velk\u00e9 Brit\u00e1nii bylo v\u0161eobecn\u00e9 volebn\u00ed pr\u00e1vo pro \u017eeny zavedeno v roce 1928 a ve Francii v roce 1945.<\/p>\n<p>Rovn\u00e9 volebn\u00ed pr\u00e1vo v\u0161ak neznamenalo hned rovn\u00fd vliv.<\/p><div class='related_content'><span>RELATED<\/span><ul><li><a href='https:\/\/www.theconservative.online\/cs\/sjednocena-pravice-musi-zduraznit-vnitrni-rozdily'>Sjednocen\u00e1 pravice mus\u00ed zd\u016fraznit vnit\u0159n\u00ed rozd\u00edly<\/li><\/a><li><a href='https:\/\/www.theconservative.online\/cs\/island-hlasuje-o-obnoveni-sveho-smerovani-k-evropske-unii'>Island hlasuje o obnoven\u00ed sv\u00e9ho sm\u011b\u0159ov\u00e1n\u00ed k Evropsk\u00e9 unii<\/li><\/a><li><a href='https:\/\/www.theconservative.online\/cs\/tato-svedska-strana-vladne-zemi-celi-vsak-zaniku'>Tato \u0161v\u00e9dsk\u00e1 strana vl\u00e1dne zemi \u2013 \u010del\u00ed v\u0161ak z\u00e1niku<\/li><\/a><\/ul><\/div>\n<p>I dlouho pot\u00e9, co \u017eeny z\u00edskaly volebn\u00ed pr\u00e1vo, zaost\u00e1valy v oblasti vzd\u011bl\u00e1n\u00ed a zastoupen\u00ed ve spole\u010densky v\u00fdznamn\u00fdch profes\u00edch. Politika, soudnictv\u00ed, \u017eurnalistika, c\u00edrkve, univerzity, l\u00e9ka\u0159sk\u00e1 profese. Mu\u017ei v\u0161ude dominovali je\u0161t\u011b dlouho pot\u00e9, co \u017eeny z\u00edskaly rovn\u00e9 p\u0159\u00edle\u017eitosti ovliv\u0148ovat politiku.<\/p>\n<p>S n\u00e1stupem modern\u00edho feminismu v 70. letech se v\u0161ak v\u0161e zm\u011bnilo. Nyn\u00ed se od \u017een o\u010dek\u00e1valo, \u017ee se budou vzd\u011bl\u00e1vat, \u017ee budou m\u00edt kari\u00e9ru a \u017ee se budou samy \u017eivit. M\u011bly se tak\u00e9 identifikovat jako n\u011bco v\u00edc ne\u017e jen \u017eeny, man\u017eelky a matky. A postupem \u010dasu se \u017eeny za\u010daly prosazovat i v n\u00e1ro\u010dn\u011bj\u0161\u00edch profes\u00edch.<\/p>\n<p>A dnes u\u017e v\u00edme, jak to vypad\u00e1 v mnoha z\u00e1padn\u00edch zem\u00edch. \u017deny v\u016fbec nezaost\u00e1vaj\u00ed, pokud jde o zastoupen\u00ed na univerzit\u00e1ch, v politice, v soudnictv\u00ed \u010di v \u017eurnalistice. Pr\u00e1v\u011b naopak. Ji\u017e dlouho se zd\u016fraz\u0148uje, \u017ee \u017eeny sp\u00ed\u0161e sm\u011b\u0159uj\u00ed k tomu, aby v ur\u010dit\u00fdch profesn\u00edch oblastech, kter\u00e9 d\u0159\u00edve ovl\u00e1dali mu\u017ei, p\u0159evzaly dominantn\u00ed postaven\u00ed.<\/p>\n<p>Zm\u011bna prob\u00edh\u00e1 postupn\u011b a ne ve v\u0161ech zem\u00edch vypad\u00e1 stejn\u011b. Je tak\u00e9 pravdou, \u017ee \u017eeny mohou proniknout do ur\u010dit\u00e9 profesn\u00ed skupiny, ale na vedouc\u00edch pozic\u00edch jsou st\u00e1le nedostate\u010dn\u011b zastoupeny. Pod\u00edl \u017een, kter\u00e9 <a href=\"https:\/\/ec.europa.eu\/eurostat\/web\/products-eurostat-news\/w\/edn-20250303-2\">na evropsk\u00fdch univerzit\u00e1ch z\u00edsk\u00e1vaj\u00ed doktor\u00e1t, roste<\/a>. Pod\u00edl <a href=\"https:\/\/ec.europa.eu\/commission\/presscorner\/detail\/en\/stat_01_118\">\u017een mezi profesory<\/a> je v\u0161ak st\u00e1le v\u00fdrazn\u011b ni\u017e\u0161\u00ed ne\u017e pod\u00edl mu\u017e\u016f. Trend je v\u0161ak jasn\u00fd: v\u0161ude tam, kde d\u0159\u00edve dominovali mu\u017ei, je p\u0159\u00edtomnost \u017een st\u00e1le v\u00edce patrn\u00e1.<\/p>\n<p>\u0160v\u00e9dsko pat\u0159\u00ed k zem\u00edm, kter\u00e9 <a href=\"https:\/\/data.worldbank.org\/indicator\/SG.GEN.PARL.ZS?locations=SE\">v tomto v\u00fdvoji zauj\u00edmaj\u00ed p\u0159edn\u00ed<\/a> m\u00edsto. Je proto mo\u017en\u00e1 logick\u00e9, \u017ee se ve \u0160v\u00e9dsku nyn\u00ed rozb\u011bhla otev\u0159en\u00e1 debata o mo\u017en\u00fdch d\u016fsledc\u00edch t\u00e9to spole\u010densk\u00e9 zm\u011bny.<\/p>\n<p>V roce 2024 vydali Erik J. Olsson a Catharina Gr\u00f6nqvist Olssonov\u00e1 knihu s n\u00e1zvem \u201eThe Soft State\u201c, kter\u00e1 se setkala s p\u0159\u00edzniv\u00fdm ohlasem. N\u00e1zev nar\u00e1\u017e\u00ed na pojem \u201eThe Deep State\u201c, kter\u00fd se obvykle pou\u017e\u00edv\u00e1 k popisu st\u00e1tn\u00ed byrokracie v na\u0161ich z\u00e1padn\u00edch spole\u010dnostech, kter\u00e1 m\u00e1 tendenci prosazovat vlastn\u00ed politickou agendu nez\u00e1vislou na v\u016fli lidu, kterou vyjad\u0159uj\u00ed volen\u00ed politici.<\/p>\n<p>Nyn\u00ed tito dva auto\u0159i vydali novou knihu s n\u00e1zvem \u201eNov\u00e9 matriarch\u00e1t \u2013 p\u0159ehled feminizace ve st\u00e1tn\u00ed spr\u00e1v\u011b\u201c. Zab\u00fdv\u00e1 se t\u00edm, jak \u017eeny dosp\u011bly k dominantn\u00edmu postaven\u00ed mezi zam\u011bstnanci \u0161v\u00e9dsk\u00fdch \u00fa\u0159ad\u016f a ministerstev.<\/p>\n<p>V 80 procentech v\u0161ech \u0161v\u00e9dsk\u00fdch st\u00e1tn\u00edch \u00fa\u0159ad\u016f tvo\u0159\u00ed \u017eeny v\u011bt\u0161inu zam\u011bstnanc\u016f. Do jist\u00e9 m\u00edry je to d\u00e1no t\u00edm, \u017ee profese vykon\u00e1van\u00e9 v r\u00e1mci t\u011bchto \u00fa\u0159ad\u016f jsou ji\u017e ze sv\u00e9 podstaty p\u0159ev\u00e1\u017en\u011b \u017eensk\u00e9. \u00da\u0159ady toti\u017e nezam\u011bstn\u00e1vaj\u00ed tesa\u0159e ani instalat\u00e9ry. St\u00e1le v\u0161ak plat\u00ed, \u017ee v t\u011bchto \u00fa\u0159adech d\u0159\u00edve p\u0159evl\u00e1dali mu\u017ei a \u017ee p\u0159evahu \u017een pozorujeme i na vedouc\u00edch pozic\u00edch v cel\u00e9 t\u00e9to oblasti. V 55 procentech \u00fa\u0159ad\u016f tvo\u0159\u00ed \u017eeny v\u00edce ne\u017e 60 procent zam\u011bstnanc\u016f. Pouze ve 20 procentech \u00fa\u0159ad\u016f p\u0159evl\u00e1daj\u00ed mu\u017ei, jejich\u017e pod\u00edl p\u0159esahuje 60 procent.<\/p>\n<p>Zaj\u00edmav\u00fdm p\u0159\u00edkladem je \u0161v\u00e9dsk\u00fd \u201e\u00da\u0159ad pro rovnost\u201c, kde 85 procent zam\u011bstnanc\u016f tvo\u0159\u00ed \u017eeny. Ve \u0160v\u00e9dsku tak\u00e9 p\u016fsob\u00ed org\u00e1n zvan\u00fd \u201eOmbudsman pro diskriminaci\u201c, kter\u00fd h\u00e1j\u00ed pr\u00e1vo ob\u010dan\u016f na nediskriminaci v pracovn\u00edm \u017eivot\u011b. 79 procent jeho zam\u011bstnanc\u016f tvo\u0159\u00ed \u017eeny.<\/p>\n<p>Mezi \u0161v\u00e9dsk\u00fdmi ministerstvy nen\u00ed ani jedno, v n\u011bm\u017e by v\u011bt\u0161inu zam\u011bstnanc\u016f tvo\u0159ili mu\u017ei. Na \u0161v\u00e9dsk\u00e9m ministerstvu kultury tvo\u0159\u00ed \u017eeny 73 procent, na ministerstvu zdravotnictv\u00ed a soci\u00e1ln\u00edch v\u011bc\u00ed rovn\u011b\u017e 73 procent. A tak to pokra\u010duje: na ministerstvu \u0161kolstv\u00ed tvo\u0159\u00ed \u017eeny 70 procent, na ministerstvu spravedlnosti 67 procent, na ministerstvu pr\u00e1ce 67 procent a na ministerstvu pro klima a podnik\u00e1n\u00ed 61 procent. Nejni\u017e\u0161\u00ed pod\u00edl \u017een je na ministerstvu financ\u00ed, kde tvo\u0159\u00ed 56 procent zam\u011bstnanc\u016f.<\/p>\n<p>Pokud se pod\u00edv\u00e1me na cel\u00fd \u0161v\u00e9dsk\u00fd st\u00e1t, a tedy zahrneme i policii, obranu a dal\u0161\u00ed tradi\u010dn\u011b mu\u017esky dominovan\u00e9 instituce, vid\u00edme, \u017ee \u017eeny tvo\u0159\u00ed 53 procent. A tento pod\u00edl se od rekordn\u00edho roku 2023 m\u00edrn\u011b sn\u00ed\u017eil. Tento n\u00e1hl\u00fd pokles je pravd\u011bpodobn\u011b zp\u016fsoben t\u00edm, \u017ee \u0160v\u00e9dsko, stejn\u011b jako jin\u00e9 evropsk\u00e9 zem\u011b, v posledn\u00edch letech investovalo zna\u010dn\u00e9 prost\u0159edky do zbrojen\u00ed arm\u00e1dy i policie, tedy do oblast\u00ed, kde mu\u017ei st\u00e1le zauj\u00edmaj\u00ed relativn\u011b silnou pozici.<\/p>\n<p>V roce 1980 \u010dinil pod\u00edl \u017een ve st\u00e1t\u011b 40,3 procenta. Teprve v roce 2008 \u017eeny tento rozd\u00edl vyrovnaly. Od t\u00e9 doby se jejich pod\u00edl neust\u00e1le zvy\u0161uje, s v\u00fdjimkou posledn\u00edch dvou let, kdy resort obrany a soudnictv\u00ed p\u0159ijaly v\u00edce zam\u011bstnanc\u016f.<\/p>\n<p>A pak vyvst\u00e1v\u00e1 ot\u00e1zka, jak\u00fd to m\u00e1 dopad na spole\u010dnost. A to je ot\u00e1zka, kter\u00e1 m\u016f\u017ee vyvolat zna\u010dn\u00e9 kontroverze. Proto\u017ee pokud si \u010dlov\u011bk jak\u00fdmkoli zp\u016fsobem dovol\u00ed diskutovat o \u00fadajn\u00e9 \u017eensk\u00e9 dominanci a mo\u017en\u00e1 ji dokonce ozna\u010dit za problematickou, riskuje, \u017ee bude obvin\u011bn z misogynie. Ale tuto ot\u00e1zku je samoz\u0159ejm\u011b t\u0159eba polo\u017eit. Rovnocenn\u00e1 p\u0159\u00edtomnost \u017een ve ve\u0159ejn\u00e9m \u017eivot\u011b je v na\u0161ich z\u00e1padn\u00edch spole\u010dnostech nov\u00fdm jevem. Tradi\u010dn\u011b \u017eeny fungovaly jako \u201edruh\u00e9 pohlav\u00ed\u201c, jak \u0159ekla Simone de Beauvoir. To v\u0161ak ji\u017e lze st\u011b\u017e\u00ed pova\u017eovat za platn\u00e9. Alespo\u0148 ne stejn\u00fdm zp\u016fsobem.<\/p>\n<p>Podle dvou autor\u016f, Erika J. Olssona a Cathariny Gr\u00f6nqvist Olssonov\u00e9, se na organizace projevuje skute\u010dnost, \u017ee mezi zam\u011bstnanci a vedouc\u00edmi pracovn\u00edky p\u0159eva\u017euj\u00ed \u017eeny, a to tak, \u017ee to, co naz\u00fdvaj\u00ed \u201e\u017eensk\u00e9 hodnoty\u201c a \u201e\u017eensk\u00e9 my\u0161len\u00ed\u201c, m\u00e1 pak zcela odli\u0161n\u00fd dopad. Z dlouhodob\u00e9ho hlediska to znamen\u00e1, \u017ee cel\u00e1 spole\u010dnost p\u0159ikl\u00e1d\u00e1 odli\u0161n\u00fd v\u00fdznam ot\u00e1zk\u00e1m, perspektiv\u00e1m a hodnot\u00e1m, kter\u00e9 d\u0159\u00edve musely ustoupit typicky mu\u017esk\u00fdm hodnot\u00e1m a mu\u017esk\u00e9mu my\u0161len\u00ed.<\/p>\n<p>A zde lze snadno nam\u00edtnout, \u017ee ne v\u0161echny \u017eeny jsou stejn\u00e9, ani \u017ee ne v\u0161ichni mu\u017ei uva\u017euj\u00ed stejn\u011b. A to je samoz\u0159ejm\u011b pravda. Auto\u0159i knihy v\u0161ak zakl\u00e1daj\u00ed svou argumentaci na rozs\u00e1hl\u00e9m psychologick\u00e9m a sociologick\u00e9m v\u00fdzkumu, kter\u00fd se zam\u011b\u0159uje na popis pr\u016fm\u011brn\u00fdch hodnot. Podle v\u00fdzkumn\u00edk\u016f je proto mo\u017en\u00e9 identifikovat typick\u00e9 \u017eensk\u00e9 a typick\u00e9 mu\u017esk\u00e9 zp\u016fsoby uva\u017eov\u00e1n\u00ed. A jedn\u00e1 se o my\u0161lenkov\u00e9 vzorce, kter\u00e9 se objevuj\u00ed v r\u016fzn\u00fdch kultur\u00e1ch. A stejn\u011b jako existuje mnoho jednotliv\u00fdch \u017een, kter\u00e9 jsou vy\u0161\u0161\u00ed ne\u017e pr\u016fm\u011brn\u00fd mu\u017e, je tak\u00e9 nesporn\u00fdm faktem, \u017ee mu\u017ei maj\u00ed v pr\u016fm\u011bru v\u011bt\u0161\u00ed t\u011blesnou v\u00fd\u0161ku ne\u017e \u017eeny.<\/p>\n<p>A dnes se snadno zapom\u00edn\u00e1, \u017ee na\u0161e z\u00e1padn\u00ed spole\u010dnosti \u2013 stejn\u011b jako v\u011bt\u0161ina spole\u010dnost\u00ed po cel\u00e9m sv\u011bt\u011b \u2013 byly tradi\u010dn\u011b formov\u00e1ny mu\u017ei a mu\u017esk\u00fdmi hodnotami. P\u0159ed sto lety v politice dominovali mu\u017ei. Mu\u017ei utv\u00e1\u0159eli \u017eurnalistiku, akademickou sf\u00e9ru i soudn\u00ed syst\u00e9m.<\/p>\n<p>Mo\u017en\u00e1 jsme n\u011bjakou dobu \u017eili v situaci, kdy mezi mu\u017esk\u00fdm a \u017eensk\u00fdm principem existovala ur\u010dit\u00e1 rovnov\u00e1ha. A mo\u017en\u00e1 se v tomto stavu rovnov\u00e1hy nach\u00e1z\u00edme dodnes. Mu\u017esk\u00e9 hodnoty p\u0159etrv\u00e1vaj\u00ed a mu\u017ei z\u016fst\u00e1vaj\u00ed aktivn\u00ed v politice a ve\u0159ejn\u00e9 spr\u00e1v\u011b, ale na sc\u00e9nu vstoupily i \u017eeny; to mohlo velmi dob\u0159e pozvednout status toho, co pova\u017eujeme za \u201ejemn\u011bj\u0161\u00ed\u201c perspektivy \u2013 rovnost, spravedlnost, p\u00e9\u010di a otev\u0159enost.<\/p>\n<p>Podle Olssona a Gr\u00f6nqvista se v\u0161ak \u0160v\u00e9dsko \u2013 a p\u0159edev\u0161\u00edm ve\u0159ejn\u00fd sektor financovan\u00fd z dan\u00ed na \u00farovni st\u00e1tu i obc\u00ed \u2013 dostalo pod tak siln\u00fd vliv \u017een, \u017ee se \u201e\u017eensk\u00fd zp\u016fsob uva\u017eov\u00e1n\u00ed\u201c stal dnes normou.<\/p>\n<p>Auto\u0159i mimo jin\u00e9 ukazuj\u00ed, jak policie a arm\u00e1da popisuj\u00ed sv\u00e9 vlastn\u00ed posl\u00e1n\u00ed. Ji\u017e nen\u00ed samoz\u0159ejm\u00e9, \u017ee prim\u00e1rn\u00ed c\u00edl \u2013 v p\u0159\u00edpad\u011b policie boj proti kriminalit\u011b za ka\u017edou cenu a za jak\u00fdchkoli okolnost\u00ed, v p\u0159\u00edpad\u011b arm\u00e1dy odra\u017een\u00ed nep\u0159\u00e1telsk\u00fdch \u00fatok\u016f \u2013 je nejvy\u0161\u0161\u00ed prioritou. M\u00edsto toho m\u016f\u017ee b\u00fdt hlavn\u00edm \u00fa\u010delem operace prost\u011b jen to, aby se lid\u00e9 mohli pohybovat v p\u0159\u00edjemn\u00e9m pracovn\u00edm prost\u0159ed\u00ed.<\/p>\n<p>Auto\u0159i rovn\u011b\u017e ukazuj\u00ed, jak se pohledy, kter\u00e9 jsou v modern\u00edm sv\u011bt\u011b obvykle pova\u017eov\u00e1ny za \u201elevicov\u00e9\u201c, staly pohledy formovan\u00fdmi typicky \u017eensk\u00fdmi prioritami. Imigrace, starost o klima, rovnost pohlav\u00ed a soci\u00e1ln\u00ed spravedlnost jsou t\u00e9mata, za kter\u00e1 se zasazuj\u00ed modern\u00ed levicov\u00e9 strany, a p\u0159esto se shoduj\u00ed s typicky \u017eensk\u00fdm zp\u016fsobem uva\u017eov\u00e1n\u00ed. Nen\u00ed tedy n\u00e1hodou, \u017ee polarizace, kterou dnes pozorujeme v cel\u00e9m z\u00e1padn\u00edm sv\u011bt\u011b \u2013 na jedn\u00e9 stran\u011b mezi \u0161irokou levic\u00ed zahrnuj\u00edc\u00ed jak marxisty, tak levicov\u00e9 liber\u00e1ly, a na druh\u00e9 stran\u011b mezi novou konzervativn\u00ed pravic\u00ed \u2013 je z\u00e1rove\u0148 polarizac\u00ed mezi \u017eenami a mu\u017ei.<\/p>\n<p>Pokud jde o teoretick\u00e9 odkazy v knize, je t\u0159eba poznamenat, \u017ee auto\u0159i op\u00edraj\u00ed sv\u00e9 argumenty o rozs\u00e1hl\u00fd psychologick\u00fd a sociologick\u00fd v\u00fdzkum. Nejde o to, \u017ee by v\u0161ichni mu\u017ei \u010di v\u0161echny \u017eeny byli takov\u00ed; jedn\u00e1 se sp\u00ed\u0161e o m\u011b\u0159iteln\u00e9 a ov\u011b\u0159iteln\u00e9 tendence.<\/p>\n<p>A jedn\u00edm z t\u011bchto trend\u016f je, \u017ee mu\u017ei a \u017eeny se li\u0161\u00ed ve sv\u00fdch n\u00e1zorech na mor\u00e1lku a etiku. Mu\u017ei r\u00e1di odkazuj\u00ed na to, co lze nazvat \u201eetikou spravedlnosti\u201c, v n\u00ed\u017e uzn\u00e1v\u00e1me, \u017ee lid\u00e9 maj\u00ed r\u016fzn\u00e9 podm\u00ednky pro to, aby se v \u017eivot\u011b u\u017eivili, a proto se li\u0161\u00ed i co do \u00fasp\u011bchu a \u017eivotn\u00edch v\u00fdsledk\u016f. D\u016fle\u017eit\u00e9 je, aby v\u0161ichni jedinci, \u010di snad v\u0161echny kultury a civilizace, m\u011bli stejn\u00e9 form\u00e1ln\u00ed podm\u00ednky k dosa\u017een\u00ed \u00fasp\u011bchu. To je podstata spravedlnosti. A spravedlnost spo\u010d\u00edv\u00e1 tak\u00e9 v tom, \u017ee ti jedinci, kte\u0159\u00ed maj\u00ed lep\u0161\u00ed podm\u00ednky k dosa\u017een\u00ed \u00fasp\u011bchu v \u017eivot\u011b, maj\u00ed tak\u00e9 mo\u017enost tohoto \u00fasp\u011bchu dos\u00e1hnout.<\/p>\n<p>\u017deny naopak maj\u00ed sklon uva\u017eovat v duchu \u201eetiky p\u00e9\u010de\u201c. D\u016fraz se zde klade na to, aby se v\u0161em lidem da\u0159ilo stejn\u011b dob\u0159e, bez ohledu na to, jak\u00e9 p\u0159irozen\u00e9 podm\u00ednky maj\u00ed k dispozici. Z tohoto pohledu je tak\u00e9 ne\u00fanosn\u00e9, \u017ee n\u011bkte\u0159\u00ed jedinci nebo kultury jsou \u00fasp\u011b\u0161n\u011bj\u0161\u00ed ne\u017e ostatn\u00ed. Je ne\u00fanosn\u00e9, \u017ee lid\u00e9 mohou b\u00fdt vylou\u010deni z \u00fasp\u011b\u0161n\u00e9 komunity. Pro n\u00e1rod se st\u00e1v\u00e1 z\u00e1sadn\u011b nep\u0159ijateln\u00fdm omezovat solidaritu a p\u00e9\u010di o sv\u00e9 vlastn\u00ed ob\u010dany, proto\u017ee v\u0161ichni lid\u00e9 na cel\u00e9m sv\u011bt\u011b maj\u00ed stejn\u00e9 p\u0159irozen\u00e9 pr\u00e1vo na p\u00e9\u010di a prosperitu.<\/p>\n<p>Je d\u016fle\u017eit\u00e9 si uv\u011bdomit, \u017ee se jedn\u00e1 o dva odli\u0161n\u00e9 zp\u016fsoby uva\u017eov\u00e1n\u00ed, kter\u00e9 si mu\u017ei a \u017eeny osvojuj\u00ed sp\u00ed\u0161e spont\u00e1nn\u011b a p\u0159irozen\u011b. Pr\u00e1v\u011b proto je pro ob\u011b strany obt\u00ed\u017en\u00e9 navz\u00e1jem diskutovat. Nejedn\u00e1 se o ideologick\u00e9 postoje zalo\u017een\u00e9 na objektivn\u00ed a faktick\u00e9 anal\u00fdze, ale sp\u00ed\u0161e o spont\u00e1nn\u00ed vzorce uva\u017eov\u00e1n\u00ed.<\/p>\n<p>Ot\u00e1zka dopadu, jak\u00fd mohou m\u00edt \u00fasp\u011bchy \u017een na na\u0161e spole\u010dnosti, je mnohostrann\u00e1 a zaj\u00edmav\u00e1, ale z\u00e1rove\u0148 i politicky kontroverzn\u00ed. Obvykle nem\u00e1me \u017e\u00e1dn\u00e9 v\u011bt\u0161\u00ed pot\u00ed\u017ee s tvrzen\u00edm, \u017ee mu\u017esk\u00e9 hodnoty mohou b\u00fdt problematick\u00e9 a \u017ee spole\u010dnosti by nem\u011bly b\u00fdt v nadm\u011brn\u00e9 m\u00ed\u0159e charakterizov\u00e1ny \u010dist\u011b mu\u017esk\u00fdmi hodnotami. Odv\u00e1\u017e\u00edme se za\u010d\u00edt uva\u017eovat podobn\u00fdm zp\u016fsobem, pokud jde o \u017eeny a \u017eensk\u00e9 hodnoty?<\/p>\n<\/p>","protected":false},"excerpt":{"rendered":"<p>P\u0159ibli\u017en\u011b p\u0159ed sto lety do\u0161lo v z\u00e1padn\u00edm sv\u011bt\u011b k velk\u00e9mu demokratick\u00e9mu pr\u016flomu. Kolem roku 1920 bylo v zem\u00edch jako Spojen\u00e9 st\u00e1ty, Kanada, \u0160v\u00e9dsko a D\u00e1nsko p\u0159izn\u00e1no volebn\u00ed pr\u00e1vo nejen v\u0161em mu\u017e\u016fm, ale i v\u0161em \u017een\u00e1m. Ve Velk\u00e9 Brit\u00e1nii bylo v\u0161eobecn\u00e9 volebn\u00ed pr\u00e1vo pro \u017eeny zavedeno v roce 1928 a ve Francii v roce 1945. Rovn\u00e9 [&hellip;]<\/p>\n","protected":false},"author":85,"featured_media":54861,"comment_status":"closed","ping_status":"closed","sticky":false,"template":"","format":"standard","meta":{"footnotes":""},"categories":[181],"tags":[3293,3117,3294,3161,554,312],"editorial-positions":[],"regions":[344],"types":[449,441],"class_list":["post-63025","post","type-post","status-publish","format-standard","has-post-thumbnail","hentry","category-kultura-cs","tag-femalevalues","tag-men","tag-polarization","tag-feminism","tag-sweden","tag-women","regions-northern-europe-cs","types-opinion-cs","types-surveys-cs"],"yoast_head":"<!-- This site is optimized with the Yoast SEO plugin v28.0 - https:\/\/yoast.com\/product\/yoast-seo-wordpress\/ -->\n<title>Stane se \u201efeminizace\u201c spole\u010dnosti politick\u00fdm t\u00e9matem? - The Conservative<\/title>\n<meta name=\"robots\" content=\"index, follow, max-snippet:-1, max-image-preview:large, max-video-preview:-1\" \/>\n<link rel=\"canonical\" href=\"https:\/\/www.theconservative.online\/cs\/stane-se-feminizace-spolecnosti-politickym-tematem\" \/>\n<meta property=\"og:locale\" content=\"cs_CZ\" \/>\n<meta property=\"og:type\" content=\"article\" \/>\n<meta property=\"og:title\" content=\"Stane se \u201efeminizace\u201c spole\u010dnosti politick\u00fdm t\u00e9matem? - The Conservative\" \/>\n<meta property=\"og:description\" content=\"P\u0159ibli\u017en\u011b p\u0159ed sto lety do\u0161lo v z\u00e1padn\u00edm sv\u011bt\u011b k velk\u00e9mu demokratick\u00e9mu pr\u016flomu. Kolem roku 1920 bylo v zem\u00edch jako Spojen\u00e9 st\u00e1ty, Kanada, \u0160v\u00e9dsko a D\u00e1nsko p\u0159izn\u00e1no volebn\u00ed pr\u00e1vo nejen v\u0161em mu\u017e\u016fm, ale i v\u0161em \u017een\u00e1m. Ve Velk\u00e9 Brit\u00e1nii bylo v\u0161eobecn\u00e9 volebn\u00ed pr\u00e1vo pro \u017eeny zavedeno v roce 1928 a ve Francii v roce 1945. Rovn\u00e9 [&hellip;]\" \/>\n<meta property=\"og:url\" content=\"https:\/\/www.theconservative.online\/cs\/stane-se-feminizace-spolecnosti-politickym-tematem\" \/>\n<meta property=\"og:site_name\" content=\"The Conservative\" \/>\n<meta property=\"article:published_time\" content=\"2026-08-27T14:39:23+00:00\" \/>\n<meta property=\"og:image\" content=\"https:\/\/www.theconservative.online\/wp-content\/uploads\/2026\/05\/shutterstock_2234701651.jpg\" \/>\n\t<meta property=\"og:image:width\" content=\"1000\" \/>\n\t<meta property=\"og:image:height\" content=\"667\" \/>\n\t<meta property=\"og:image:type\" content=\"image\/jpeg\" \/>\n<meta name=\"author\" content=\"Richard S\u00f6rman\" \/>\n<meta name=\"twitter:card\" content=\"summary_large_image\" \/>\n<meta name=\"twitter:label1\" content=\"Napsal(a)\" \/>\n\t<meta name=\"twitter:data1\" content=\"Richard S\u00f6rman\" \/>\n\t<meta name=\"twitter:label2\" content=\"Odhadovan\u00e1 doba \u010dten\u00ed\" \/>\n\t<meta name=\"twitter:data2\" content=\"10 minut\" \/>\n<script type=\"application\/ld+json\" class=\"yoast-schema-graph\">{\"@context\":\"https:\\\/\\\/schema.org\",\"@graph\":[{\"@type\":\"Article\",\"@id\":\"https:\\\/\\\/www.theconservative.online\\\/cs\\\/stane-se-feminizace-spolecnosti-politickym-tematem#article\",\"isPartOf\":{\"@id\":\"https:\\\/\\\/www.theconservative.online\\\/cs\\\/stane-se-feminizace-spolecnosti-politickym-tematem\"},\"author\":{\"name\":\"Richard S\u00f6rman\",\"@id\":\"https:\\\/\\\/www.theconservative.online\\\/cs#\\\/schema\\\/person\\\/769a6928b1a6145a095dde8677e8dc31\"},\"headline\":\"Stane se \u201efeminizace\u201c spole\u010dnosti politick\u00fdm t\u00e9matem?\",\"datePublished\":\"2026-08-27T14:39:23+00:00\",\"mainEntityOfPage\":{\"@id\":\"https:\\\/\\\/www.theconservative.online\\\/cs\\\/stane-se-feminizace-spolecnosti-politickym-tematem\"},\"wordCount\":2105,\"image\":{\"@id\":\"https:\\\/\\\/www.theconservative.online\\\/cs\\\/stane-se-feminizace-spolecnosti-politickym-tematem#primaryimage\"},\"thumbnailUrl\":\"https:\\\/\\\/www.theconservative.online\\\/wp-content\\\/uploads\\\/2026\\\/05\\\/shutterstock_2234701651.jpg\",\"keywords\":[\"#femalevalues\",\"#men\",\"#polarization\",\"Feminism\",\"Sweden\",\"women\"],\"articleSection\":[\"Kultura\"],\"inLanguage\":\"cs\"},{\"@type\":\"WebPage\",\"@id\":\"https:\\\/\\\/www.theconservative.online\\\/cs\\\/stane-se-feminizace-spolecnosti-politickym-tematem\",\"url\":\"https:\\\/\\\/www.theconservative.online\\\/cs\\\/stane-se-feminizace-spolecnosti-politickym-tematem\",\"name\":\"Stane se \u201efeminizace\u201c spole\u010dnosti politick\u00fdm t\u00e9matem? - The Conservative\",\"isPartOf\":{\"@id\":\"https:\\\/\\\/www.theconservative.online\\\/cs#website\"},\"primaryImageOfPage\":{\"@id\":\"https:\\\/\\\/www.theconservative.online\\\/cs\\\/stane-se-feminizace-spolecnosti-politickym-tematem#primaryimage\"},\"image\":{\"@id\":\"https:\\\/\\\/www.theconservative.online\\\/cs\\\/stane-se-feminizace-spolecnosti-politickym-tematem#primaryimage\"},\"thumbnailUrl\":\"https:\\\/\\\/www.theconservative.online\\\/wp-content\\\/uploads\\\/2026\\\/05\\\/shutterstock_2234701651.jpg\",\"datePublished\":\"2026-08-27T14:39:23+00:00\",\"author\":{\"@id\":\"https:\\\/\\\/www.theconservative.online\\\/cs#\\\/schema\\\/person\\\/769a6928b1a6145a095dde8677e8dc31\"},\"breadcrumb\":{\"@id\":\"https:\\\/\\\/www.theconservative.online\\\/cs\\\/stane-se-feminizace-spolecnosti-politickym-tematem#breadcrumb\"},\"inLanguage\":\"cs\",\"potentialAction\":[{\"@type\":\"ReadAction\",\"target\":[\"https:\\\/\\\/www.theconservative.online\\\/cs\\\/stane-se-feminizace-spolecnosti-politickym-tematem\"]}]},{\"@type\":\"ImageObject\",\"inLanguage\":\"cs\",\"@id\":\"https:\\\/\\\/www.theconservative.online\\\/cs\\\/stane-se-feminizace-spolecnosti-politickym-tematem#primaryimage\",\"url\":\"https:\\\/\\\/www.theconservative.online\\\/wp-content\\\/uploads\\\/2026\\\/05\\\/shutterstock_2234701651.jpg\",\"contentUrl\":\"https:\\\/\\\/www.theconservative.online\\\/wp-content\\\/uploads\\\/2026\\\/05\\\/shutterstock_2234701651.jpg\",\"width\":1000,\"height\":667},{\"@type\":\"BreadcrumbList\",\"@id\":\"https:\\\/\\\/www.theconservative.online\\\/cs\\\/stane-se-feminizace-spolecnosti-politickym-tematem#breadcrumb\",\"itemListElement\":[{\"@type\":\"ListItem\",\"position\":1,\"name\":\"Home\",\"item\":\"https:\\\/\\\/www.theconservative.online\\\/cs\"},{\"@type\":\"ListItem\",\"position\":2,\"name\":\"Stane se \u201efeminizace\u201c spole\u010dnosti politick\u00fdm t\u00e9matem?\"}]},{\"@type\":\"WebSite\",\"@id\":\"https:\\\/\\\/www.theconservative.online\\\/cs#website\",\"url\":\"https:\\\/\\\/www.theconservative.online\\\/cs\",\"name\":\"The Conservative\",\"description\":\"\",\"potentialAction\":[{\"@type\":\"SearchAction\",\"target\":{\"@type\":\"EntryPoint\",\"urlTemplate\":\"https:\\\/\\\/www.theconservative.online\\\/cs?s={search_term_string}\"},\"query-input\":{\"@type\":\"PropertyValueSpecification\",\"valueRequired\":true,\"valueName\":\"search_term_string\"}}],\"inLanguage\":\"cs\"},{\"@type\":\"Person\",\"@id\":\"https:\\\/\\\/www.theconservative.online\\\/cs#\\\/schema\\\/person\\\/769a6928b1a6145a095dde8677e8dc31\",\"name\":\"Richard S\u00f6rman\",\"image\":{\"@type\":\"ImageObject\",\"inLanguage\":\"cs\",\"@id\":\"https:\\\/\\\/secure.gravatar.com\\\/avatar\\\/31160c632b280151f52ca490d363172fd554ee64571053ac4dfe486bab7399f5?s=96&d=mm&r=g\",\"url\":\"https:\\\/\\\/secure.gravatar.com\\\/avatar\\\/31160c632b280151f52ca490d363172fd554ee64571053ac4dfe486bab7399f5?s=96&d=mm&r=g\",\"contentUrl\":\"https:\\\/\\\/secure.gravatar.com\\\/avatar\\\/31160c632b280151f52ca490d363172fd554ee64571053ac4dfe486bab7399f5?s=96&d=mm&r=g\",\"caption\":\"Richard S\u00f6rman\"},\"url\":\"https:\\\/\\\/www.theconservative.online\\\/cs\\\/author\\\/riks-euspec-2025-2026\"}]}<\/script>\n<!-- \/ Yoast SEO plugin. -->","yoast_head_json":{"title":"Stane se \u201efeminizace\u201c spole\u010dnosti politick\u00fdm t\u00e9matem? - The Conservative","robots":{"index":"index","follow":"follow","max-snippet":"max-snippet:-1","max-image-preview":"max-image-preview:large","max-video-preview":"max-video-preview:-1"},"canonical":"https:\/\/www.theconservative.online\/cs\/stane-se-feminizace-spolecnosti-politickym-tematem","og_locale":"cs_CZ","og_type":"article","og_title":"Stane se \u201efeminizace\u201c spole\u010dnosti politick\u00fdm t\u00e9matem? - The Conservative","og_description":"P\u0159ibli\u017en\u011b p\u0159ed sto lety do\u0161lo v z\u00e1padn\u00edm sv\u011bt\u011b k velk\u00e9mu demokratick\u00e9mu pr\u016flomu. Kolem roku 1920 bylo v zem\u00edch jako Spojen\u00e9 st\u00e1ty, Kanada, \u0160v\u00e9dsko a D\u00e1nsko p\u0159izn\u00e1no volebn\u00ed pr\u00e1vo nejen v\u0161em mu\u017e\u016fm, ale i v\u0161em \u017een\u00e1m. Ve Velk\u00e9 Brit\u00e1nii bylo v\u0161eobecn\u00e9 volebn\u00ed pr\u00e1vo pro \u017eeny zavedeno v roce 1928 a ve Francii v roce 1945. Rovn\u00e9 [&hellip;]","og_url":"https:\/\/www.theconservative.online\/cs\/stane-se-feminizace-spolecnosti-politickym-tematem","og_site_name":"The Conservative","article_published_time":"2026-08-27T14:39:23+00:00","og_image":[{"width":1000,"height":667,"url":"https:\/\/www.theconservative.online\/wp-content\/uploads\/2026\/05\/shutterstock_2234701651.jpg","type":"image\/jpeg"}],"author":"Richard S\u00f6rman","twitter_card":"summary_large_image","twitter_misc":{"Napsal(a)":"Richard S\u00f6rman","Odhadovan\u00e1 doba \u010dten\u00ed":"10 minut"},"schema":{"@context":"https:\/\/schema.org","@graph":[{"@type":"Article","@id":"https:\/\/www.theconservative.online\/cs\/stane-se-feminizace-spolecnosti-politickym-tematem#article","isPartOf":{"@id":"https:\/\/www.theconservative.online\/cs\/stane-se-feminizace-spolecnosti-politickym-tematem"},"author":{"name":"Richard S\u00f6rman","@id":"https:\/\/www.theconservative.online\/cs#\/schema\/person\/769a6928b1a6145a095dde8677e8dc31"},"headline":"Stane se \u201efeminizace\u201c spole\u010dnosti politick\u00fdm t\u00e9matem?","datePublished":"2026-08-27T14:39:23+00:00","mainEntityOfPage":{"@id":"https:\/\/www.theconservative.online\/cs\/stane-se-feminizace-spolecnosti-politickym-tematem"},"wordCount":2105,"image":{"@id":"https:\/\/www.theconservative.online\/cs\/stane-se-feminizace-spolecnosti-politickym-tematem#primaryimage"},"thumbnailUrl":"https:\/\/www.theconservative.online\/wp-content\/uploads\/2026\/05\/shutterstock_2234701651.jpg","keywords":["#femalevalues","#men","#polarization","Feminism","Sweden","women"],"articleSection":["Kultura"],"inLanguage":"cs"},{"@type":"WebPage","@id":"https:\/\/www.theconservative.online\/cs\/stane-se-feminizace-spolecnosti-politickym-tematem","url":"https:\/\/www.theconservative.online\/cs\/stane-se-feminizace-spolecnosti-politickym-tematem","name":"Stane se \u201efeminizace\u201c spole\u010dnosti politick\u00fdm t\u00e9matem? - The Conservative","isPartOf":{"@id":"https:\/\/www.theconservative.online\/cs#website"},"primaryImageOfPage":{"@id":"https:\/\/www.theconservative.online\/cs\/stane-se-feminizace-spolecnosti-politickym-tematem#primaryimage"},"image":{"@id":"https:\/\/www.theconservative.online\/cs\/stane-se-feminizace-spolecnosti-politickym-tematem#primaryimage"},"thumbnailUrl":"https:\/\/www.theconservative.online\/wp-content\/uploads\/2026\/05\/shutterstock_2234701651.jpg","datePublished":"2026-08-27T14:39:23+00:00","author":{"@id":"https:\/\/www.theconservative.online\/cs#\/schema\/person\/769a6928b1a6145a095dde8677e8dc31"},"breadcrumb":{"@id":"https:\/\/www.theconservative.online\/cs\/stane-se-feminizace-spolecnosti-politickym-tematem#breadcrumb"},"inLanguage":"cs","potentialAction":[{"@type":"ReadAction","target":["https:\/\/www.theconservative.online\/cs\/stane-se-feminizace-spolecnosti-politickym-tematem"]}]},{"@type":"ImageObject","inLanguage":"cs","@id":"https:\/\/www.theconservative.online\/cs\/stane-se-feminizace-spolecnosti-politickym-tematem#primaryimage","url":"https:\/\/www.theconservative.online\/wp-content\/uploads\/2026\/05\/shutterstock_2234701651.jpg","contentUrl":"https:\/\/www.theconservative.online\/wp-content\/uploads\/2026\/05\/shutterstock_2234701651.jpg","width":1000,"height":667},{"@type":"BreadcrumbList","@id":"https:\/\/www.theconservative.online\/cs\/stane-se-feminizace-spolecnosti-politickym-tematem#breadcrumb","itemListElement":[{"@type":"ListItem","position":1,"name":"Home","item":"https:\/\/www.theconservative.online\/cs"},{"@type":"ListItem","position":2,"name":"Stane se \u201efeminizace\u201c spole\u010dnosti politick\u00fdm t\u00e9matem?"}]},{"@type":"WebSite","@id":"https:\/\/www.theconservative.online\/cs#website","url":"https:\/\/www.theconservative.online\/cs","name":"The Conservative","description":"","potentialAction":[{"@type":"SearchAction","target":{"@type":"EntryPoint","urlTemplate":"https:\/\/www.theconservative.online\/cs?s={search_term_string}"},"query-input":{"@type":"PropertyValueSpecification","valueRequired":true,"valueName":"search_term_string"}}],"inLanguage":"cs"},{"@type":"Person","@id":"https:\/\/www.theconservative.online\/cs#\/schema\/person\/769a6928b1a6145a095dde8677e8dc31","name":"Richard S\u00f6rman","image":{"@type":"ImageObject","inLanguage":"cs","@id":"https:\/\/secure.gravatar.com\/avatar\/31160c632b280151f52ca490d363172fd554ee64571053ac4dfe486bab7399f5?s=96&d=mm&r=g","url":"https:\/\/secure.gravatar.com\/avatar\/31160c632b280151f52ca490d363172fd554ee64571053ac4dfe486bab7399f5?s=96&d=mm&r=g","contentUrl":"https:\/\/secure.gravatar.com\/avatar\/31160c632b280151f52ca490d363172fd554ee64571053ac4dfe486bab7399f5?s=96&d=mm&r=g","caption":"Richard S\u00f6rman"},"url":"https:\/\/www.theconservative.online\/cs\/author\/riks-euspec-2025-2026"}]}},"acf":[],"_links":{"self":[{"href":"https:\/\/www.theconservative.online\/cs\/wp-json\/wp\/v2\/posts\/63025","targetHints":{"allow":["GET"]}}],"collection":[{"href":"https:\/\/www.theconservative.online\/cs\/wp-json\/wp\/v2\/posts"}],"about":[{"href":"https:\/\/www.theconservative.online\/cs\/wp-json\/wp\/v2\/types\/post"}],"author":[{"embeddable":true,"href":"https:\/\/www.theconservative.online\/cs\/wp-json\/wp\/v2\/users\/85"}],"replies":[{"embeddable":true,"href":"https:\/\/www.theconservative.online\/cs\/wp-json\/wp\/v2\/comments?post=63025"}],"version-history":[{"count":0,"href":"https:\/\/www.theconservative.online\/cs\/wp-json\/wp\/v2\/posts\/63025\/revisions"}],"wp:featuredmedia":[{"embeddable":true,"href":"https:\/\/www.theconservative.online\/cs\/wp-json\/wp\/v2\/media\/54861"}],"wp:attachment":[{"href":"https:\/\/www.theconservative.online\/cs\/wp-json\/wp\/v2\/media?parent=63025"}],"wp:term":[{"taxonomy":"category","embeddable":true,"href":"https:\/\/www.theconservative.online\/cs\/wp-json\/wp\/v2\/categories?post=63025"},{"taxonomy":"post_tag","embeddable":true,"href":"https:\/\/www.theconservative.online\/cs\/wp-json\/wp\/v2\/tags?post=63025"},{"taxonomy":"editorial-positions","embeddable":true,"href":"https:\/\/www.theconservative.online\/cs\/wp-json\/wp\/v2\/editorial-positions?post=63025"},{"taxonomy":"regions","embeddable":true,"href":"https:\/\/www.theconservative.online\/cs\/wp-json\/wp\/v2\/regions?post=63025"},{"taxonomy":"types","embeddable":true,"href":"https:\/\/www.theconservative.online\/cs\/wp-json\/wp\/v2\/types?post=63025"}],"curies":[{"name":"wp","href":"https:\/\/api.w.org\/{rel}","templated":true}]}}