{"id":63039,"date":"2026-08-27T14:32:04","date_gmt":"2026-08-27T14:32:04","guid":{"rendered":"https:\/\/www.theconservative.online\/kypr-investice-do-nemovitosti-kdo-jsou-vitezove"},"modified":"2026-08-27T14:32:04","modified_gmt":"2026-08-27T14:32:04","slug":"kypr-investice-do-nemovitosti-kdo-jsou-vitezove","status":"publish","type":"post","link":"https:\/\/www.theconservative.online\/cs\/kypr-investice-do-nemovitosti-kdo-jsou-vitezove","title":{"rendered":"Kypr: Investice do nemovitost\u00ed \u2013 Kdo jsou v\u00edt\u011bzov\u00e9?"},"content":{"rendered":"<p>V roce 2026 je v realitn\u00edm sektoru na Kypru patrn\u00e1 zna\u010dn\u00e1 aktivita, pokud jde o n\u00e1kupy reziden\u010dn\u00edch nemovitost\u00ed jak kypersk\u00fdmi, tak zahrani\u010dn\u00edmi investory.<\/p>\n<p>Podle \u00fadaj\u016f \u00da\u0159adu pro pozemky a geod\u00e9zii Kypersk\u00e9 republiky z\u016fst\u00e1v\u00e1 po\u010det zahrani\u010dn\u00edch kupc\u016f \u2013 jak Evropan\u016f, tak ob\u010dan\u016f t\u0159et\u00edch zem\u00ed \u2013 vysok\u00fd, p\u0159i\u010dem\u017e investice do sektoru nemovitost\u00ed pat\u0159\u00ed i nad\u00e1le k nejd\u016fle\u017eit\u011bj\u0161\u00edm ekonomick\u00fdm aktivit\u00e1m ostrova.<\/p><div class='related_content'><span>RELATED<\/span><ul><li><a href='https:\/\/www.theconservative.online\/cs\/evropska-prumyslova-transformace-klade-duraz-na-cinu-energetiku-a-investice'>Evropsk\u00e1 pr\u016fmyslov\u00e1 transformace klade d\u016fraz na \u010c\u00ednu, energetiku a investice<\/li><\/a><li><a href='https:\/\/www.theconservative.online\/cs\/island-hlasuje-o-obnoveni-sveho-smerovani-k-evropske-unii'>Island hlasuje o obnoven\u00ed sv\u00e9ho sm\u011b\u0159ov\u00e1n\u00ed k Evropsk\u00e9 unii<\/li><\/a><li><a href='https:\/\/www.theconservative.online\/cs\/italsky-narodni-suverenni-fond-nova-strategie-pro-podporu-rustu-a-dlouhodobych-investic'>Italsk\u00fd n\u00e1rodn\u00ed suver\u00e9nn\u00ed fond: Nov\u00e1 strategie pro podporu r\u016fstu a dlouhodob\u00fdch investic<\/li><\/a><\/ul><\/div>\n<p>Obecn\u011b lze \u0159\u00edci, \u017ee sektor nemovitost\u00ed na Kypru p\u0159edstavuje v\u00fdnosnou oblast hospod\u00e1\u0159sk\u00e9 \u010dinnosti, kter\u00e1 p\u0159itahuje velk\u00e9 mno\u017estv\u00ed zahrani\u010dn\u00edch investor\u016f, a to jak ob\u010dan\u016f EU, tak i osob z jin\u00fdch zem\u00ed. V posledn\u00edch letech se d\u00edky tomu ostrov prom\u011bnil v centrum transakc\u00ed s nemovitostmi, p\u0159i\u010dem\u017e st\u00e1le v\u011bt\u0161\u00ed po\u010det zahrani\u010dn\u00edch investor\u016f vkl\u00e1d\u00e1 do kypersk\u00e9 ekonomiky zna\u010dn\u00e9 finan\u010dn\u00ed prost\u0159edky.<\/p>\n<p>P\u0159\u00edliv zahrani\u010dn\u00edch kupc\u016f v\u0161ak m\u011bl tak\u00e9 v\u00fdznamn\u00fd dopad na schopnost Kyp\u0159an\u016f investovat do nemovitost\u00ed, proto\u017ee v\u011bt\u0161ina m\u00edstn\u00edch kupc\u016f nedok\u00e1\u017ee dr\u017eet krok s finan\u010dn\u00ed silou ani evropsk\u00fdch kupc\u016f, ani investor\u016f ze t\u0159et\u00edch zem\u00ed.<\/p>\n<p><strong>Jak\u00e1 je sou\u010dasn\u00e1 situace u kupc\u016f nemovitost\u00ed na Kypru?<\/strong><\/p>\n<p>Podle \u00fadaj\u016f bylo v obdob\u00ed od ledna 2026 do \u010dervence 2026 v cel\u00e9 zemi prod\u00e1no m\u00edstn\u00edm kupuj\u00edc\u00edm celkem 12 857 nemovitost\u00ed v celkov\u00e9 hodnot\u011b 2 699 874 537,35 \u20ac.<\/p>\n<p>Jak se dalo o\u010dek\u00e1vat, v roce 2026 se v prodeji nemovitost\u00ed do \u010dela dostala dv\u011b pob\u0159e\u017en\u00ed m\u011bsta \u2013 Limassol a Paphos \u2013, kter\u00e1 spolu s Nik\u00f3si\u00ed p\u0159edstavovala nejv\u011bt\u0161\u00ed pod\u00edl na finan\u010dn\u00ed aktivit\u011b na realitn\u00edm trhu.<\/p>\n<p>Podle \u00fadaj\u016f \u00da\u0159adu pro pozemky a geod\u00e9zii bylo v Limassolu \u2013 m\u011bst\u011b, kde v posledn\u00edch letech p\u016fsob\u00ed \u0159ada investor\u016f \u2013 prod\u00e1no 3 330 nemovitost\u00ed, p\u0159i\u010dem\u017e celkov\u00e1 hodnota transakc\u00ed dos\u00e1hla 1 083 649 543,79 \u20ac.<\/p>\n<p>Pafos se v \u017eeb\u0159\u00ed\u010dku pob\u0159e\u017en\u00edch m\u011bst um\u00edstil na druh\u00e9m m\u00edst\u011b, pokud jde o prodej nemovitost\u00ed. B\u011bhem prvn\u00edch sedmi m\u011bs\u00edc\u016f roku 2026 bylo kypersk\u00fdm investor\u016fm prod\u00e1no 2 358 nemovitost\u00ed v celkov\u00e9 hodnot\u011b 543 279 412,48 \u20ac.<\/p>\n<p>Pokud jde o Nik\u00f3sii, hlavn\u00ed m\u011bsto ostrova, do \u010dervence 2026 bylo prod\u00e1no celkem 3 923 nemovitost\u00ed, p\u0159i\u010dem\u017e celkov\u00e1 hodnota p\u0159evod\u016f \u010dinila 567 285 018,12 \u20ac.<\/p>\n<p>Z hlediska transakc\u00ed s nemovitostmi, do nich\u017e byli zapojeni m\u00edstn\u00ed investo\u0159i, n\u00e1sledovaly Larnaka a Famagusta. V Larnace se b\u011bhem prvn\u00edch sedmi m\u011bs\u00edc\u016f tohoto roku prodalo 2 437 nemovitost\u00ed v celkov\u00e9 hodnot\u011b 375 416 205,80 \u20ac.<\/p>\n<p>Ve Famagust\u011b bylo v roce 2026 prod\u00e1no 809 nemovitost\u00ed, p\u0159i\u010dem\u017e celkov\u00e1 hodnota transakc\u00ed \u010dinila 130 244 357,16 \u20ac.<\/p>\n<p><strong>Zahrani\u010dn\u00ed investo\u0159i a nemovitosti<\/strong><\/p>\n<p>Zahrani\u010dn\u00ed investo\u0159i maj\u00ed na trhu s reziden\u010dn\u00edmi nemovitostmi velmi v\u00fdznamn\u00fd pod\u00edl. Jejich investice p\u0159edstavuj\u00ed v\u00fdznamn\u00fd impuls pro kyperskou ekonomiku a tvo\u0159\u00ed podstatnou \u010d\u00e1st aktivity v tomto odv\u011btv\u00ed.<\/p>\n<p>Zejm\u00e9na po bankovn\u00ed krizi v roce 2013 a sn\u00ed\u017een\u00ed hodnoty bankovn\u00edch vklad\u016f v\u00fdrazn\u011b o\u017eivily trh transakce s nemovitostmi, do nich\u017e se zapojili zahrani\u010dn\u00ed investo\u0159i. To v\u0161ak zanechalo ho\u0159kou pachu\u0165 u m\u00edstn\u00edch obyvatel, pro kter\u00e9 se n\u00e1hle stalo st\u00e1le obt\u00ed\u017en\u011bj\u0161\u00ed konkurovat zahrani\u010dn\u00edm investor\u016fm.<\/p>\n<p><strong>Co z t\u011bchto \u010d\u00edsel vypl\u00fdv\u00e1?<\/strong><\/p>\n<p>Podle \u00fadaj\u016f \u00da\u0159adu pro pozemky a geod\u00e9zii Kypersk\u00e9 republiky bylo b\u011bhem prvn\u00edch sedmi m\u011bs\u00edc\u016f roku 2026 prod\u00e1no zahrani\u010dn\u00edm kupuj\u00edc\u00edm 2 683 nemovitost\u00ed.<\/p>\n<p>Z celkov\u00e9ho po\u010dtu zahrani\u010dn\u00edch investic poch\u00e1zelo 1 260 od kupuj\u00edc\u00edch ze zem\u00ed Evropsk\u00e9 unie, zat\u00edmco 1 423 poch\u00e1zelo ze t\u0159et\u00edch zem\u00ed.<\/p>\n<p>Podrobn\u011bj\u0161\u00ed anal\u00fdza \u00fadaj\u016f ukazuje, \u017ee v\u011bt\u0161ina investic zahrani\u010dn\u00edch kupuj\u00edc\u00edch do nemovitost\u00ed v prvn\u00edch sedmi m\u011bs\u00edc\u00edch roku 2026 sm\u011b\u0159ovala do Pafosu, kde celkov\u00fd po\u010det prodej\u016f nemovitost\u00ed dos\u00e1hl 983.<\/p>\n<p>N\u00e1sledoval Limassol s 640 prodeji nemovitost\u00ed zahrani\u010dn\u00edm kupuj\u00edc\u00edm; Larnaka s 541 prodeji; Famagusta s 164 prodeji; a Nik\u00f3sie s 355 prodeji nemovitost\u00ed.<\/p>\n<p><strong>Z\u00e1v\u011brem           <\/strong><\/p>\n<p>Prodej nemovitost\u00ed zahrani\u010dn\u00edm investor\u016fm na jedn\u00e9 stran\u011b v\u00fdznamn\u011b o\u017eivil kyperskou ekonomiku. Na druh\u00e9 stran\u011b v\u0161ak tento trend vedl ke vzniku dvoustup\u0148ov\u00e9ho investi\u010dn\u00edho trhu, na n\u011bm\u017e Kyp\u0159an\u00e9 postupn\u011b ztr\u00e1cej\u00ed svou konkurenceschopnost, zat\u00edmco zahrani\u010dn\u00ed investo\u0159i rok od roku posiluj\u00ed svou pozici.<\/p>\n<\/p>","protected":false},"excerpt":{"rendered":"<p>V roce 2026 je v realitn\u00edm sektoru na Kypru patrn\u00e1 zna\u010dn\u00e1 aktivita, pokud jde o n\u00e1kupy reziden\u010dn\u00edch nemovitost\u00ed jak kypersk\u00fdmi, tak zahrani\u010dn\u00edmi investory. Podle \u00fadaj\u016f \u00da\u0159adu pro pozemky a geod\u00e9zii Kypersk\u00e9 republiky z\u016fst\u00e1v\u00e1 po\u010det zahrani\u010dn\u00edch kupc\u016f \u2013 jak Evropan\u016f, tak ob\u010dan\u016f t\u0159et\u00edch zem\u00ed \u2013 vysok\u00fd, p\u0159i\u010dem\u017e investice do sektoru nemovitost\u00ed pat\u0159\u00ed i nad\u00e1le k nejd\u016fle\u017eit\u011bj\u0161\u00edm [&hellip;]<\/p>\n","protected":false},"author":92,"featured_media":27815,"comment_status":"closed","ping_status":"closed","sticky":false,"template":"","format":"standard","meta":{"footnotes":""},"categories":[150],"tags":[2948,1408,250],"editorial-positions":[],"regions":[356],"types":[415],"class_list":["post-63039","post","type-post","status-publish","format-standard","has-post-thumbnail","hentry","category-obchod-a-ekonomika","tag-investments","tag-realestate","tag-economy","regions-southern-europe-cs","types-news-cs"],"yoast_head":"<!-- This site is optimized with the Yoast SEO plugin v28.0 - https:\/\/yoast.com\/product\/yoast-seo-wordpress\/ -->\n<title>Kypr: Investice do nemovitost\u00ed \u2013 Kdo jsou v\u00edt\u011bzov\u00e9? - The Conservative<\/title>\n<meta name=\"robots\" content=\"index, follow, max-snippet:-1, max-image-preview:large, max-video-preview:-1\" \/>\n<link rel=\"canonical\" href=\"https:\/\/www.theconservative.online\/cs\/kypr-investice-do-nemovitosti-kdo-jsou-vitezove\" \/>\n<meta property=\"og:locale\" content=\"cs_CZ\" \/>\n<meta property=\"og:type\" content=\"article\" \/>\n<meta property=\"og:title\" content=\"Kypr: Investice do nemovitost\u00ed \u2013 Kdo jsou v\u00edt\u011bzov\u00e9? - The Conservative\" \/>\n<meta property=\"og:description\" content=\"V roce 2026 je v realitn\u00edm sektoru na Kypru patrn\u00e1 zna\u010dn\u00e1 aktivita, pokud jde o n\u00e1kupy reziden\u010dn\u00edch nemovitost\u00ed jak kypersk\u00fdmi, tak zahrani\u010dn\u00edmi investory. Podle \u00fadaj\u016f \u00da\u0159adu pro pozemky a geod\u00e9zii Kypersk\u00e9 republiky z\u016fst\u00e1v\u00e1 po\u010det zahrani\u010dn\u00edch kupc\u016f \u2013 jak Evropan\u016f, tak ob\u010dan\u016f t\u0159et\u00edch zem\u00ed \u2013 vysok\u00fd, p\u0159i\u010dem\u017e investice do sektoru nemovitost\u00ed pat\u0159\u00ed i nad\u00e1le k nejd\u016fle\u017eit\u011bj\u0161\u00edm [&hellip;]\" \/>\n<meta property=\"og:url\" content=\"https:\/\/www.theconservative.online\/cs\/kypr-investice-do-nemovitosti-kdo-jsou-vitezove\" \/>\n<meta property=\"og:site_name\" content=\"The Conservative\" \/>\n<meta property=\"article:published_time\" content=\"2026-08-27T14:32:04+00:00\" \/>\n<meta property=\"og:image\" content=\"https:\/\/www.theconservative.online\/wp-content\/uploads\/2024\/05\/home-money-scaled.jpg\" \/>\n\t<meta property=\"og:image:width\" content=\"2560\" \/>\n\t<meta property=\"og:image:height\" content=\"1503\" \/>\n\t<meta property=\"og:image:type\" content=\"image\/jpeg\" \/>\n<meta name=\"author\" content=\"Stelios Xiouris\" \/>\n<meta name=\"twitter:card\" content=\"summary_large_image\" \/>\n<meta name=\"twitter:label1\" content=\"Napsal(a)\" \/>\n\t<meta name=\"twitter:data1\" content=\"Stelios Xiouris\" \/>\n\t<meta name=\"twitter:label2\" content=\"Odhadovan\u00e1 doba \u010dten\u00ed\" \/>\n\t<meta name=\"twitter:data2\" content=\"4 minuty\" \/>\n<script type=\"application\/ld+json\" class=\"yoast-schema-graph\">{\"@context\":\"https:\\\/\\\/schema.org\",\"@graph\":[{\"@type\":\"Article\",\"@id\":\"https:\\\/\\\/www.theconservative.online\\\/cs\\\/kypr-investice-do-nemovitosti-kdo-jsou-vitezove#article\",\"isPartOf\":{\"@id\":\"https:\\\/\\\/www.theconservative.online\\\/cs\\\/kypr-investice-do-nemovitosti-kdo-jsou-vitezove\"},\"author\":{\"name\":\"Stelios Xiouris\",\"@id\":\"https:\\\/\\\/www.theconservative.online\\\/cs#\\\/schema\\\/person\\\/f1ce957fbd892dbb02c5f393792bef1b\"},\"headline\":\"Kypr: Investice do nemovitost\u00ed \u2013 Kdo jsou v\u00edt\u011bzov\u00e9?\",\"datePublished\":\"2026-08-27T14:32:04+00:00\",\"mainEntityOfPage\":{\"@id\":\"https:\\\/\\\/www.theconservative.online\\\/cs\\\/kypr-investice-do-nemovitosti-kdo-jsou-vitezove\"},\"wordCount\":735,\"image\":{\"@id\":\"https:\\\/\\\/www.theconservative.online\\\/cs\\\/kypr-investice-do-nemovitosti-kdo-jsou-vitezove#primaryimage\"},\"thumbnailUrl\":\"https:\\\/\\\/www.theconservative.online\\\/wp-content\\\/uploads\\\/2024\\\/05\\\/home-money-scaled.jpg\",\"keywords\":[\"#investments\",\"#realestate\",\"Economy\"],\"articleSection\":[\"Obchod a ekonomika\"],\"inLanguage\":\"cs\"},{\"@type\":\"WebPage\",\"@id\":\"https:\\\/\\\/www.theconservative.online\\\/cs\\\/kypr-investice-do-nemovitosti-kdo-jsou-vitezove\",\"url\":\"https:\\\/\\\/www.theconservative.online\\\/cs\\\/kypr-investice-do-nemovitosti-kdo-jsou-vitezove\",\"name\":\"Kypr: Investice do nemovitost\u00ed \u2013 Kdo jsou v\u00edt\u011bzov\u00e9? - The Conservative\",\"isPartOf\":{\"@id\":\"https:\\\/\\\/www.theconservative.online\\\/cs#website\"},\"primaryImageOfPage\":{\"@id\":\"https:\\\/\\\/www.theconservative.online\\\/cs\\\/kypr-investice-do-nemovitosti-kdo-jsou-vitezove#primaryimage\"},\"image\":{\"@id\":\"https:\\\/\\\/www.theconservative.online\\\/cs\\\/kypr-investice-do-nemovitosti-kdo-jsou-vitezove#primaryimage\"},\"thumbnailUrl\":\"https:\\\/\\\/www.theconservative.online\\\/wp-content\\\/uploads\\\/2024\\\/05\\\/home-money-scaled.jpg\",\"datePublished\":\"2026-08-27T14:32:04+00:00\",\"author\":{\"@id\":\"https:\\\/\\\/www.theconservative.online\\\/cs#\\\/schema\\\/person\\\/f1ce957fbd892dbb02c5f393792bef1b\"},\"breadcrumb\":{\"@id\":\"https:\\\/\\\/www.theconservative.online\\\/cs\\\/kypr-investice-do-nemovitosti-kdo-jsou-vitezove#breadcrumb\"},\"inLanguage\":\"cs\",\"potentialAction\":[{\"@type\":\"ReadAction\",\"target\":[\"https:\\\/\\\/www.theconservative.online\\\/cs\\\/kypr-investice-do-nemovitosti-kdo-jsou-vitezove\"]}]},{\"@type\":\"ImageObject\",\"inLanguage\":\"cs\",\"@id\":\"https:\\\/\\\/www.theconservative.online\\\/cs\\\/kypr-investice-do-nemovitosti-kdo-jsou-vitezove#primaryimage\",\"url\":\"https:\\\/\\\/www.theconservative.online\\\/wp-content\\\/uploads\\\/2024\\\/05\\\/home-money-scaled.jpg\",\"contentUrl\":\"https:\\\/\\\/www.theconservative.online\\\/wp-content\\\/uploads\\\/2024\\\/05\\\/home-money-scaled.jpg\",\"width\":2560,\"height\":1503},{\"@type\":\"BreadcrumbList\",\"@id\":\"https:\\\/\\\/www.theconservative.online\\\/cs\\\/kypr-investice-do-nemovitosti-kdo-jsou-vitezove#breadcrumb\",\"itemListElement\":[{\"@type\":\"ListItem\",\"position\":1,\"name\":\"Home\",\"item\":\"https:\\\/\\\/www.theconservative.online\\\/cs\"},{\"@type\":\"ListItem\",\"position\":2,\"name\":\"Kypr: Investice do nemovitost\u00ed \u2013 Kdo jsou v\u00edt\u011bzov\u00e9?\"}]},{\"@type\":\"WebSite\",\"@id\":\"https:\\\/\\\/www.theconservative.online\\\/cs#website\",\"url\":\"https:\\\/\\\/www.theconservative.online\\\/cs\",\"name\":\"The Conservative\",\"description\":\"\",\"potentialAction\":[{\"@type\":\"SearchAction\",\"target\":{\"@type\":\"EntryPoint\",\"urlTemplate\":\"https:\\\/\\\/www.theconservative.online\\\/cs?s={search_term_string}\"},\"query-input\":{\"@type\":\"PropertyValueSpecification\",\"valueRequired\":true,\"valueName\":\"search_term_string\"}}],\"inLanguage\":\"cs\"},{\"@type\":\"Person\",\"@id\":\"https:\\\/\\\/www.theconservative.online\\\/cs#\\\/schema\\\/person\\\/f1ce957fbd892dbb02c5f393792bef1b\",\"name\":\"Stelios Xiouris\",\"image\":{\"@type\":\"ImageObject\",\"inLanguage\":\"cs\",\"@id\":\"https:\\\/\\\/secure.gravatar.com\\\/avatar\\\/4e7165f59aac16c087893ce16d9f5c83a7456396c3a48dfc82ec69a2c69fef39?s=96&d=mm&r=g\",\"url\":\"https:\\\/\\\/secure.gravatar.com\\\/avatar\\\/4e7165f59aac16c087893ce16d9f5c83a7456396c3a48dfc82ec69a2c69fef39?s=96&d=mm&r=g\",\"contentUrl\":\"https:\\\/\\\/secure.gravatar.com\\\/avatar\\\/4e7165f59aac16c087893ce16d9f5c83a7456396c3a48dfc82ec69a2c69fef39?s=96&d=mm&r=g\",\"caption\":\"Stelios Xiouris\"},\"url\":\"https:\\\/\\\/www.theconservative.online\\\/cs\\\/author\\\/xiouris-eunat-2026-2027\"}]}<\/script>\n<!-- \/ Yoast SEO plugin. -->","yoast_head_json":{"title":"Kypr: Investice do nemovitost\u00ed \u2013 Kdo jsou v\u00edt\u011bzov\u00e9? - The Conservative","robots":{"index":"index","follow":"follow","max-snippet":"max-snippet:-1","max-image-preview":"max-image-preview:large","max-video-preview":"max-video-preview:-1"},"canonical":"https:\/\/www.theconservative.online\/cs\/kypr-investice-do-nemovitosti-kdo-jsou-vitezove","og_locale":"cs_CZ","og_type":"article","og_title":"Kypr: Investice do nemovitost\u00ed \u2013 Kdo jsou v\u00edt\u011bzov\u00e9? - The Conservative","og_description":"V roce 2026 je v realitn\u00edm sektoru na Kypru patrn\u00e1 zna\u010dn\u00e1 aktivita, pokud jde o n\u00e1kupy reziden\u010dn\u00edch nemovitost\u00ed jak kypersk\u00fdmi, tak zahrani\u010dn\u00edmi investory. Podle \u00fadaj\u016f \u00da\u0159adu pro pozemky a geod\u00e9zii Kypersk\u00e9 republiky z\u016fst\u00e1v\u00e1 po\u010det zahrani\u010dn\u00edch kupc\u016f \u2013 jak Evropan\u016f, tak ob\u010dan\u016f t\u0159et\u00edch zem\u00ed \u2013 vysok\u00fd, p\u0159i\u010dem\u017e investice do sektoru nemovitost\u00ed pat\u0159\u00ed i nad\u00e1le k nejd\u016fle\u017eit\u011bj\u0161\u00edm [&hellip;]","og_url":"https:\/\/www.theconservative.online\/cs\/kypr-investice-do-nemovitosti-kdo-jsou-vitezove","og_site_name":"The Conservative","article_published_time":"2026-08-27T14:32:04+00:00","og_image":[{"width":2560,"height":1503,"url":"https:\/\/www.theconservative.online\/wp-content\/uploads\/2024\/05\/home-money-scaled.jpg","type":"image\/jpeg"}],"author":"Stelios Xiouris","twitter_card":"summary_large_image","twitter_misc":{"Napsal(a)":"Stelios Xiouris","Odhadovan\u00e1 doba \u010dten\u00ed":"4 minuty"},"schema":{"@context":"https:\/\/schema.org","@graph":[{"@type":"Article","@id":"https:\/\/www.theconservative.online\/cs\/kypr-investice-do-nemovitosti-kdo-jsou-vitezove#article","isPartOf":{"@id":"https:\/\/www.theconservative.online\/cs\/kypr-investice-do-nemovitosti-kdo-jsou-vitezove"},"author":{"name":"Stelios Xiouris","@id":"https:\/\/www.theconservative.online\/cs#\/schema\/person\/f1ce957fbd892dbb02c5f393792bef1b"},"headline":"Kypr: Investice do nemovitost\u00ed \u2013 Kdo jsou v\u00edt\u011bzov\u00e9?","datePublished":"2026-08-27T14:32:04+00:00","mainEntityOfPage":{"@id":"https:\/\/www.theconservative.online\/cs\/kypr-investice-do-nemovitosti-kdo-jsou-vitezove"},"wordCount":735,"image":{"@id":"https:\/\/www.theconservative.online\/cs\/kypr-investice-do-nemovitosti-kdo-jsou-vitezove#primaryimage"},"thumbnailUrl":"https:\/\/www.theconservative.online\/wp-content\/uploads\/2024\/05\/home-money-scaled.jpg","keywords":["#investments","#realestate","Economy"],"articleSection":["Obchod a ekonomika"],"inLanguage":"cs"},{"@type":"WebPage","@id":"https:\/\/www.theconservative.online\/cs\/kypr-investice-do-nemovitosti-kdo-jsou-vitezove","url":"https:\/\/www.theconservative.online\/cs\/kypr-investice-do-nemovitosti-kdo-jsou-vitezove","name":"Kypr: Investice do nemovitost\u00ed \u2013 Kdo jsou v\u00edt\u011bzov\u00e9? - The Conservative","isPartOf":{"@id":"https:\/\/www.theconservative.online\/cs#website"},"primaryImageOfPage":{"@id":"https:\/\/www.theconservative.online\/cs\/kypr-investice-do-nemovitosti-kdo-jsou-vitezove#primaryimage"},"image":{"@id":"https:\/\/www.theconservative.online\/cs\/kypr-investice-do-nemovitosti-kdo-jsou-vitezove#primaryimage"},"thumbnailUrl":"https:\/\/www.theconservative.online\/wp-content\/uploads\/2024\/05\/home-money-scaled.jpg","datePublished":"2026-08-27T14:32:04+00:00","author":{"@id":"https:\/\/www.theconservative.online\/cs#\/schema\/person\/f1ce957fbd892dbb02c5f393792bef1b"},"breadcrumb":{"@id":"https:\/\/www.theconservative.online\/cs\/kypr-investice-do-nemovitosti-kdo-jsou-vitezove#breadcrumb"},"inLanguage":"cs","potentialAction":[{"@type":"ReadAction","target":["https:\/\/www.theconservative.online\/cs\/kypr-investice-do-nemovitosti-kdo-jsou-vitezove"]}]},{"@type":"ImageObject","inLanguage":"cs","@id":"https:\/\/www.theconservative.online\/cs\/kypr-investice-do-nemovitosti-kdo-jsou-vitezove#primaryimage","url":"https:\/\/www.theconservative.online\/wp-content\/uploads\/2024\/05\/home-money-scaled.jpg","contentUrl":"https:\/\/www.theconservative.online\/wp-content\/uploads\/2024\/05\/home-money-scaled.jpg","width":2560,"height":1503},{"@type":"BreadcrumbList","@id":"https:\/\/www.theconservative.online\/cs\/kypr-investice-do-nemovitosti-kdo-jsou-vitezove#breadcrumb","itemListElement":[{"@type":"ListItem","position":1,"name":"Home","item":"https:\/\/www.theconservative.online\/cs"},{"@type":"ListItem","position":2,"name":"Kypr: Investice do nemovitost\u00ed \u2013 Kdo jsou v\u00edt\u011bzov\u00e9?"}]},{"@type":"WebSite","@id":"https:\/\/www.theconservative.online\/cs#website","url":"https:\/\/www.theconservative.online\/cs","name":"The Conservative","description":"","potentialAction":[{"@type":"SearchAction","target":{"@type":"EntryPoint","urlTemplate":"https:\/\/www.theconservative.online\/cs?s={search_term_string}"},"query-input":{"@type":"PropertyValueSpecification","valueRequired":true,"valueName":"search_term_string"}}],"inLanguage":"cs"},{"@type":"Person","@id":"https:\/\/www.theconservative.online\/cs#\/schema\/person\/f1ce957fbd892dbb02c5f393792bef1b","name":"Stelios Xiouris","image":{"@type":"ImageObject","inLanguage":"cs","@id":"https:\/\/secure.gravatar.com\/avatar\/4e7165f59aac16c087893ce16d9f5c83a7456396c3a48dfc82ec69a2c69fef39?s=96&d=mm&r=g","url":"https:\/\/secure.gravatar.com\/avatar\/4e7165f59aac16c087893ce16d9f5c83a7456396c3a48dfc82ec69a2c69fef39?s=96&d=mm&r=g","contentUrl":"https:\/\/secure.gravatar.com\/avatar\/4e7165f59aac16c087893ce16d9f5c83a7456396c3a48dfc82ec69a2c69fef39?s=96&d=mm&r=g","caption":"Stelios Xiouris"},"url":"https:\/\/www.theconservative.online\/cs\/author\/xiouris-eunat-2026-2027"}]}},"acf":[],"_links":{"self":[{"href":"https:\/\/www.theconservative.online\/cs\/wp-json\/wp\/v2\/posts\/63039","targetHints":{"allow":["GET"]}}],"collection":[{"href":"https:\/\/www.theconservative.online\/cs\/wp-json\/wp\/v2\/posts"}],"about":[{"href":"https:\/\/www.theconservative.online\/cs\/wp-json\/wp\/v2\/types\/post"}],"author":[{"embeddable":true,"href":"https:\/\/www.theconservative.online\/cs\/wp-json\/wp\/v2\/users\/92"}],"replies":[{"embeddable":true,"href":"https:\/\/www.theconservative.online\/cs\/wp-json\/wp\/v2\/comments?post=63039"}],"version-history":[{"count":0,"href":"https:\/\/www.theconservative.online\/cs\/wp-json\/wp\/v2\/posts\/63039\/revisions"}],"wp:featuredmedia":[{"embeddable":true,"href":"https:\/\/www.theconservative.online\/cs\/wp-json\/wp\/v2\/media\/27815"}],"wp:attachment":[{"href":"https:\/\/www.theconservative.online\/cs\/wp-json\/wp\/v2\/media?parent=63039"}],"wp:term":[{"taxonomy":"category","embeddable":true,"href":"https:\/\/www.theconservative.online\/cs\/wp-json\/wp\/v2\/categories?post=63039"},{"taxonomy":"post_tag","embeddable":true,"href":"https:\/\/www.theconservative.online\/cs\/wp-json\/wp\/v2\/tags?post=63039"},{"taxonomy":"editorial-positions","embeddable":true,"href":"https:\/\/www.theconservative.online\/cs\/wp-json\/wp\/v2\/editorial-positions?post=63039"},{"taxonomy":"regions","embeddable":true,"href":"https:\/\/www.theconservative.online\/cs\/wp-json\/wp\/v2\/regions?post=63039"},{"taxonomy":"types","embeddable":true,"href":"https:\/\/www.theconservative.online\/cs\/wp-json\/wp\/v2\/types?post=63039"}],"curies":[{"name":"wp","href":"https:\/\/api.w.org\/{rel}","templated":true}]}}