{"id":63044,"date":"2026-08-27T14:30:04","date_gmt":"2026-08-27T14:30:04","guid":{"rendered":"https:\/\/www.theconservative.online\/co-jack-lynch-chapal-o-evrope"},"modified":"2026-08-27T14:30:04","modified_gmt":"2026-08-27T14:30:04","slug":"co-jack-lynch-chapal-o-evrope","status":"publish","type":"post","link":"https:\/\/www.theconservative.online\/cs\/co-jack-lynch-chapal-o-evrope","title":{"rendered":"Co Jack Lynch ch\u00e1pal o Evrop\u011b"},"content":{"rendered":"<p>Strana Fianna F\u00e1il p\u0159ipom\u00edn\u00e1 Se\u00e1na Lemasse a Jacka Lynche jako autory dvou z\u00e1sadn\u00edch zm\u011bn v modern\u00edm Irsku. Lemass, alespo\u0148 tak, jak je obecn\u011b vn\u00edm\u00e1n ve Fianna F\u00e1il, p\u0159edstavuje ekonomick\u00e9 otev\u0159en\u00ed; Lynch pak vstup do Evropsk\u00e9ho hospod\u00e1\u0159sk\u00e9ho spole\u010denstv\u00ed. Tento v\u00fdklad nen\u00ed nespr\u00e1vn\u00fd, ale v n\u011bkolika d\u016fle\u017eit\u00fdch ohledech je ne\u00fapln\u00fd. Lemass sice prosazoval otev\u0159en\u00ed ekonomiky, ale pova\u017eoval jej za prost\u0159edek k pos\u00edlen\u00ed n\u00e1rodn\u00ed konkurenceschopnosti. Lynch zast\u00e1val n\u00e1zor, \u017ee evropsk\u00e1 spolupr\u00e1ce m\u016f\u017ee slou\u017eit irsk\u00fdm z\u00e1jm\u016fm, ale z\u00e1rove\u0148 trval na tom, \u017ee integrace mus\u00ed zachovat demokratickou legitimitu. Sou\u010dasn\u00e1 Fianna F\u00e1il oslavuje prvn\u00ed \u010d\u00e1st tohoto d\u011bdictv\u00ed ochotn\u011bji ne\u017e tu druhou.<\/p>\n<p>Zn\u00e1m\u00fd p\u0159\u00edb\u011bh o Lemassovi a T. K. Whitakerovi si zaslou\u017e\u00ed up\u0159esn\u011bn\u00ed. Whitakerova kniha *Economic Development* poslou\u017eila jako podklad pro vl\u00e1dn\u00ed *Prvn\u00ed program hospod\u00e1\u0159sk\u00e9 expanze*, kter\u00fd byl zve\u0159ejn\u011bn v roce 1958. V t\u00e9 dob\u011b byl Lemass m\u00edstop\u0159edsedou vl\u00e1dy (T\u00e1naiste) a ministrem pr\u016fmyslu a obchodu; premi\u00e9rem (Taoiseach) se stal a\u017e v \u010dervnu 1959. Tuto zm\u011bnu siln\u011b podporoval a prosazoval ji ve vl\u00e1d\u011b, av\u0161ak program nebyl v\u00fdhradn\u011b jeho d\u00edlem. Je\u0161t\u011b d\u016fle\u017eit\u011bj\u0161\u00ed je, \u017ee ekonomickou modernizaci nelze zam\u011b\u0148ovat s pozd\u011bj\u0161\u00ed soci\u00e1ln\u00ed liberalizac\u00ed Irska. Tato politika byla praktickou odpov\u011bd\u00ed na slab\u00fd r\u016fst, nezam\u011bstnanost a emigraci.<\/p>\n<p>Cesta Irska do EHS byla podobn\u011b praktick\u00e1. St\u00e1t podal \u017e\u00e1dost v roce 1961 za vl\u00e1dy Lemasse a znovu v roce 1967 za vl\u00e1dy Lynche. Tyto \u017e\u00e1dosti prob\u00edhaly soub\u011b\u017en\u011b s \u017e\u00e1dost\u00ed Velk\u00e9 Brit\u00e1nie, proto\u017ee irsk\u00e1 ekonomika z\u016fst\u00e1vala siln\u011b z\u00e1visl\u00e1 na britsk\u00e9m trhu. Charles de Gaulle zablokoval p\u0159istoupen\u00ed Velk\u00e9 Brit\u00e1nie v letech 1963 a 1967, \u010d\u00edm\u017e znemo\u017enil pokrok i v souvisej\u00edc\u00edch irsk\u00fdch \u017e\u00e1dostech. Po de Gaullov\u011b rezignaci byla jedn\u00e1n\u00ed obnovena. Lynch a ministr zahrani\u010dn\u00edch v\u011bc\u00ed Patrick Hillery podepsali Smlouvu o p\u0159istoupen\u00ed2.<\/p>\n<p>Rozhodnut\u00ed o \u00fastavn\u00ed zm\u011bn\u011b pak le\u017eelo na irsk\u00e9m lidu. V referendu konan\u00e9m 10. kv\u011btna 1972 hlasovalo 1 041 890 lid\u00ed pro p\u0159istoupen\u00ed a 211 891 proti, co\u017e p\u0159edstavovalo 83,1 % hlas\u016f \u201eano\u201c. \u010clenstv\u00ed za\u010dalo platit 1. ledna 1973. Ofici\u00e1ln\u00ed v\u00fdsledek a zn\u011bn\u00ed \u00fastavy jasn\u011b dokl\u00e1daj\u00ed v\u00fdslovn\u00fd souhlas ob\u010dan\u016f s konkr\u00e9tn\u00ed zm\u011bnou. Rozsah tohoto mand\u00e1tu je d\u016fle\u017eit\u00fd, proto\u017ee p\u0159istoupen\u00ed spo\u010d\u00edvalo na uplatn\u011bn\u00ed irsk\u00e9 suverenity.<\/p>\n<p>Lynch si nicm\u00e9n\u011b uv\u011bdomoval, \u017ee po\u010d\u00e1te\u010dn\u00ed souhlas nem\u016f\u017ee vy\u0159e\u0161it v\u0161echny pozd\u011bj\u0161\u00ed ot\u00e1zky. Na pa\u0159\u00ed\u017esk\u00e9m summitu ve dnech 19. a\u017e 21. \u0159\u00edjna 1972 diskutovali evrop\u0161t\u00ed l\u00edd\u0159i o hospod\u00e1\u0159sk\u00e9 a m\u011bnov\u00e9 unii, region\u00e1ln\u00ed politice, obchodu a institucion\u00e1ln\u00edm rozvoji Spole\u010denstv\u00ed. Lynch tuto ambici podporoval, ale pouk\u00e1zal na to, co nazval \u201edemokratick\u00fdm obsahem Spole\u010denstv\u00ed\u201c. Varoval p\u0159ed \u201emonolitickou strukturou, kter\u00e1 se st\u00e1le v\u00edce vzdaluje\u201c demokratick\u00e9 kontrole, na ni\u017e jsou zvykl\u00e9 dev\u011bt z\u00fa\u010dastn\u011bn\u00fdch zem\u00ed.<\/p>\n<p>Bylo by anachronick\u00e9 pova\u017eovat Lynche za modern\u00edho euroskeptika. Jeho varov\u00e1n\u00ed vze\u0161lo od zast\u00e1nce \u010dlenstv\u00ed, kter\u00fd se obracel na vedouc\u00ed p\u0159edstavitele roz\u0161i\u0159uj\u00edc\u00edho se Spole\u010denstv\u00ed. Pr\u00e1v\u011b v tom spo\u010d\u00edv\u00e1 jeho s\u00edla. Demokratickou odpov\u011bdnost nepova\u017eoval za argument proti spolupr\u00e1ci. Pova\u017eoval ji za podm\u00ednku trval\u00e9 spolupr\u00e1ce. Instituce s v\u011bt\u0161\u00ed pravomoc\u00ed by tak\u00e9 musely z\u016fstat srozumiteln\u00e9, zodpov\u011bdn\u00e9 a dostate\u010dn\u011b bl\u00edzk\u00e9 ob\u010dan\u016fm, aby si z\u00edskaly jejich loajalitu.<\/p>\n<p>Jeho hospod\u00e1\u0159sk\u00e1 politika se \u0159\u00eddila stejnou logikou. V prosinci 1978 Lynch vyzval D\u00e1il, aby podpo\u0159il \u00fa\u010dast Irska v Evropsk\u00e9m m\u011bnov\u00e9m syst\u00e9mu, nikoli v pozd\u011bj\u0161\u00edm projektu Evropsk\u00e9 m\u011bnov\u00e9 unie. \u0160oky v cen\u00e1ch ropy, m\u011bnov\u00e1 nestabilita, recese a inflace ho p\u0159esv\u011bd\u010dily, \u017ee Irsko bude v r\u00e1mci nov\u00e9ho uspo\u0159\u00e1d\u00e1n\u00ed v bezpe\u010d\u00ed. Ptal se, zda by st\u00e1tu skute\u010dn\u011b bylo l\u00e9pe mimo syst\u00e9m, kter\u00fd jeho evrop\u0161t\u00ed partne\u0159i budovali s \u201etolik \u00fasil\u00ed a promy\u0161lenosti\u201c. Jednalo se o p\u0159\u00edpad spolupr\u00e1ce zalo\u017een\u00e9 na n\u00e1rodn\u00edm z\u00e1jmu, nikoli na oddanosti integraci jako c\u00edli sam\u00e9mu o sob\u011b.<\/p>\n<p>Tato kombinace kdysi pohodln\u011b zapadala do politick\u00e9 tradice strany Fianna F\u00e1il. Strana spojovala republik\u00e1nsk\u00fd nacionalismus a hospod\u00e1\u0159sk\u00fd rozvoj se soci\u00e1ln\u00edm pohledem formovan\u00fdm katolick\u00fdm Irskem dvac\u00e1t\u00e9ho stolet\u00ed. V\u017edy \u0161lo sp\u00ed\u0161e o \u0161irokou volebn\u00ed koalici ne\u017e o \u0161kolu \u010dist\u00e9 doktr\u00edny a jej\u00ed v\u016fdci \u010dasto p\u0159izp\u016fsobovali politiku dan\u00fdm okolnostem. I tak byl jej\u00ed \u00fast\u0159edn\u00ed slib jasn\u00fd: n\u00e1rodn\u00ed samospr\u00e1va bude vyu\u017eita ke zlep\u0161en\u00ed materi\u00e1ln\u00edch podm\u00ednek irsk\u00e9ho lidu.<\/p>\n<p>Strana se od t\u00e9 doby vyvinula. Pod veden\u00edm Miche\u00e1la Martina p\u0159ijalo jej\u00ed veden\u00ed soci\u00e1ln\u011b liber\u00e1ln\u011bj\u0161\u00ed a v\u00fdslovn\u011b integra\u010dn\u00ed identitu. Zm\u011bna v ot\u00e1zce potrat\u016f ilustruje jak tento posun, tak i jeho meze. Martin v roce 2018 podpo\u0159il zru\u0161en\u00ed osm\u00e9ho dodatku, zat\u00edmco Fianna F\u00e1il umo\u017enila sv\u00fdm poslanc\u016fm hlasovat podle sv\u011bdom\u00ed, a tak si ve sv\u00fdch \u0159ad\u00e1ch udr\u017eela \u010dleny z obou t\u00e1bor\u016f. Je proto nep\u0159esn\u00e9 tvrdit, \u017ee ka\u017ed\u00fd \u010dlen opustil jednotn\u00fd postoj strany. Spr\u00e1vn\u00e9 je \u0159\u00edci, \u017ee p\u0159edseda strany p\u0159ekro\u010dil r\u00e1mec t\u00e9matu, kter\u00e9 bylo dlouho spojov\u00e1no se soci\u00e1ln\u00edm d\u011bdictv\u00edm strany Fianna F\u00e1il.<\/p>\n<p>I Martinovo \u010dasto citovan\u00e9 prohl\u00e1\u0161en\u00ed z roku 2017 o suverenit\u011b je t\u0159eba vn\u00edmat v kontextu. V reakci na brexit kritizoval \u00fazkoprs\u00e9 pojet\u00ed st\u00e1tn\u00ed moci z 19. stolet\u00ed a uvedl, \u017ee strana Fianna F\u00e1il \u201enechce m\u00edt nic spole\u010dn\u00e9ho se zastaralou p\u0159edstavou suverenity\u201c. Neodm\u00edtal irskou suverenitu v ka\u017ed\u00e9m smyslu; tvrdil, \u017ee ji m\u016f\u017ee chr\u00e1nit spolupr\u00e1ce zalo\u017een\u00e1 na pravidlech. Sou\u010dasn\u00fd zve\u0159ejn\u011bn\u00fd postoj strany Fianna F\u00e1il tento argument jasn\u011b vyjad\u0159uje a \u010dlenstv\u00ed v EU popisuje jako prost\u0159edek, j\u00edm\u017e se irsk\u00e1 suverenita posiluje.<\/p>\n<p>To je z\u00e1va\u017en\u00fd probl\u00e9m, zejm\u00e9na pro mal\u00fd st\u00e1t. \u010clenstv\u00ed umo\u017enilo Irsku p\u0159\u00edstup na jednotn\u00fd trh a pos\u00edlilo jeho diplomatick\u00fd vliv. Slabina se projev\u00ed tehdy, kdy\u017e se \u201eEvropa\u201c stane odpov\u011bd\u00ed nam\u00edsto v\u00fdchoz\u00edho bodu diskuse. Spolupr\u00e1ce nezbavuje povinnosti identifikovat n\u00e1rodn\u00ed z\u00e1jmy, vysv\u011btlovat kompromisy, h\u00e1jit hranice nebo p\u0159ijmout odpov\u011bdnost v p\u0159\u00edpad\u011b, \u017ee spole\u010dn\u00e1 politika sel\u017ee.<\/p>\n<p>Institucion\u00e1ln\u00ed skute\u010dnosti \u010din\u00ed tuto odpov\u011bdnost nevyhnutelnou. V r\u00e1mci b\u011b\u017en\u00e9ho legislativn\u00edho postupu navrhuje Evropsk\u00e1 komise pr\u00e1vn\u00ed p\u0159edpisy, zat\u00edmco p\u0159\u00edmo volen\u00fd Evropsk\u00fd parlament a Rada Evropsk\u00e9 unie p\u0159ij\u00edmaj\u00ed z\u00e1kony spole\u010dn\u011b. V t\u00e9to Rad\u011b zasedaj\u00ed ir\u0161t\u00ed minist\u0159i. Samotn\u00fd Oireachtas uv\u00e1d\u00ed, \u017ee je odpov\u011bdn\u00fd za p\u0159ezkoum\u00e1v\u00e1n\u00ed n\u00e1vrh\u016f EU a za to, aby minist\u0159i nesli odpov\u011bdnost za rozhodnut\u00ed Rady. Irsk\u00e1 vl\u00e1da se nem\u016f\u017ee pod\u00edlet na rozhodov\u00e1n\u00ed v Bruselu a pozd\u011bji v\u00fdsledek doma popisovat jako p\u0159\u00edkaz zven\u010d\u00ed.<\/p>\n<p>Pr\u00e1v\u011b v tomto ohledu si Lynchovo varov\u00e1n\u00ed zachov\u00e1v\u00e1 svou hodnotu. Demokratick\u00fd odstup nevytv\u00e1\u0159\u00ed pouze Komise. Vznik\u00e1 tak\u00e9 tehdy, kdy\u017e n\u00e1rodn\u00ed minist\u0159i vyjedn\u00e1vaj\u00ed bez soustavn\u00e9ho vysv\u011btlov\u00e1n\u00ed ve\u0159ejnosti, kdy\u017e parlamentn\u00ed kontrola p\u0159ich\u00e1z\u00ed pozd\u011b a kdy\u017e vl\u00e1dn\u00ed strany vyu\u017e\u00edvaj\u00ed evropsk\u00e9 dohody k zaml\u017eov\u00e1n\u00ed dom\u00e1c\u00edch rozhodnut\u00ed. Naopak kritika \u201eBruselu\u201c je pr\u00e1zdn\u00e1, pokud ignoruje hlasov\u00e1n\u00ed v Rad\u011b a vnitrost\u00e1tn\u00ed prov\u00e1d\u011bn\u00ed, prost\u0159ednictv\u00edm nich\u017e \u010dlensk\u00e9 st\u00e1ty vykon\u00e1vaj\u00ed svou moc.<\/p>\n<p>Sou\u010dasn\u00e9 irsk\u00e9 p\u0159edsednictv\u00ed v Rad\u011b, kter\u00e9 trv\u00e1 od 1. \u010dervence do 31. prosince 2026, p\u0159edstavuje praktickou zkou\u0161ku. V r\u00e1mci p\u0159edsednictv\u00ed mus\u00ed ir\u0161t\u00ed minist\u0159i a \u00fa\u0159edn\u00edci p\u0159edsedat v\u011bt\u0161in\u011b zased\u00e1n\u00ed Rady a jej\u00edch p\u0159\u00edpravn\u00fdch org\u00e1n\u016f, prosazovat legislativu a dosahovat shody mezi 27 vl\u00e1dami. Strana Fianna F\u00e1il m\u016f\u017ee uct\u00edt Lynche t\u00edm, \u017ee vysv\u011btl\u00ed, kter\u00e9 c\u00edle slou\u017e\u00ed Irsku, kde je kompromis opr\u00e1vn\u011bn\u00fd, jak se uplat\u0148uje subsidiarita a kdo nese politickou odpov\u011bdnost za v\u00fdsledek.<\/p>\n<p>Konzervativn\u00ed postoj neznamen\u00e1 ani \u00fastup, ani automatick\u00fd odpor. Evropsk\u00e9 st\u00e1ty \u010dasto pot\u0159ebuj\u00ed spole\u010dn\u00fd postup v oblasti obchodu, bezpe\u010dnosti, energetiky a p\u0159eshrani\u010dn\u00edch probl\u00e9m\u016f. Pravomoc by v\u0161ak m\u011bla b\u00fdt na evropsk\u00e9 \u00farovni uplat\u0148ov\u00e1na pouze tam, kde to vy\u017eaduje rozsah probl\u00e9mu, a rozhodnut\u00ed by m\u011bla z\u016fstat otev\u0159en\u00e1 parlamentn\u00ed kontrole a volebn\u00ed korekci. N\u00e1rodn\u00ed odpov\u011bdnost nen\u00ed trapn\u00fdm poz\u016fstatkem z d\u0159\u00edv\u011bj\u0161\u00edch dob. Je to mechanismus, d\u00edky n\u011bmu\u017e si mezin\u00e1rodn\u00ed spolupr\u00e1ce zachov\u00e1v\u00e1 souhlas.<\/p>\n<p>Strana Fianna F\u00e1il m\u00e1 pr\u00e1vo oslavovat Lemasse a Lynche. Nem\u00e1 v\u0161ak pr\u00e1vo redukovat je na symboly bezprobl\u00e9mov\u00e9 modernizace. Lynchova bilance klade na stranu n\u00e1ro\u010dn\u011bj\u0161\u00ed \u00fakol: vysv\u011btlit, k \u010demu integrace slou\u017e\u00ed, kdo o n\u00ed rozhoduje, jak\u00e9 jsou jej\u00ed meze a jak mohou ir\u0161t\u00ed voli\u010di svou vl\u00e1du volat k zodpov\u011bdnosti. Strana, kter\u00e1 se t\u011bmto ot\u00e1zk\u00e1m vyh\u00fdb\u00e1, neuchov\u00e1v\u00e1 jeho evropsk\u00e9 d\u011bdictv\u00ed. Vyu\u017e\u00edv\u00e1 toto d\u011bdictv\u00ed pouze jako ozdobu.<\/p>\n","protected":false},"excerpt":{"rendered":"<p>Strana Fianna F\u00e1il p\u0159ipom\u00edn\u00e1 Se\u00e1na Lemasse a Jacka Lynche jako autory dvou z\u00e1sadn\u00edch zm\u011bn v modern\u00edm Irsku. Lemass, alespo\u0148 tak, jak je obecn\u011b vn\u00edm\u00e1n ve Fianna F\u00e1il, p\u0159edstavuje ekonomick\u00e9 otev\u0159en\u00ed; Lynch pak vstup do Evropsk\u00e9ho hospod\u00e1\u0159sk\u00e9ho spole\u010denstv\u00ed. Tento v\u00fdklad nen\u00ed nespr\u00e1vn\u00fd, ale v n\u011bkolika d\u016fle\u017eit\u00fdch ohledech je ne\u00fapln\u00fd. Lemass sice prosazoval otev\u0159en\u00ed ekonomiky, ale pova\u017eoval [&hellip;]<\/p>\n","protected":false},"author":90,"featured_media":43475,"comment_status":"closed","ping_status":"closed","sticky":false,"template":"","format":"standard","meta":{"footnotes":""},"categories":[4],"tags":[],"editorial-positions":[],"regions":[],"types":[449],"class_list":["post-63044","post","type-post","status-publish","format-standard","has-post-thumbnail","hentry","category-uncategorized-cs","types-opinion-cs"],"yoast_head":"<!-- This site is optimized with the Yoast SEO plugin v28.0 - https:\/\/yoast.com\/product\/yoast-seo-wordpress\/ -->\n<title>Co Jack Lynch ch\u00e1pal o Evrop\u011b - The Conservative<\/title>\n<meta name=\"robots\" content=\"index, follow, max-snippet:-1, max-image-preview:large, max-video-preview:-1\" \/>\n<link rel=\"canonical\" href=\"https:\/\/www.theconservative.online\/cs\/co-jack-lynch-chapal-o-evrope\" \/>\n<meta property=\"og:locale\" content=\"cs_CZ\" \/>\n<meta property=\"og:type\" content=\"article\" \/>\n<meta property=\"og:title\" content=\"Co Jack Lynch ch\u00e1pal o Evrop\u011b - The Conservative\" \/>\n<meta property=\"og:description\" content=\"Strana Fianna F\u00e1il p\u0159ipom\u00edn\u00e1 Se\u00e1na Lemasse a Jacka Lynche jako autory dvou z\u00e1sadn\u00edch zm\u011bn v modern\u00edm Irsku. Lemass, alespo\u0148 tak, jak je obecn\u011b vn\u00edm\u00e1n ve Fianna F\u00e1il, p\u0159edstavuje ekonomick\u00e9 otev\u0159en\u00ed; Lynch pak vstup do Evropsk\u00e9ho hospod\u00e1\u0159sk\u00e9ho spole\u010denstv\u00ed. Tento v\u00fdklad nen\u00ed nespr\u00e1vn\u00fd, ale v n\u011bkolika d\u016fle\u017eit\u00fdch ohledech je ne\u00fapln\u00fd. Lemass sice prosazoval otev\u0159en\u00ed ekonomiky, ale pova\u017eoval [&hellip;]\" \/>\n<meta property=\"og:url\" content=\"https:\/\/www.theconservative.online\/cs\/co-jack-lynch-chapal-o-evrope\" \/>\n<meta property=\"og:site_name\" content=\"The Conservative\" \/>\n<meta property=\"article:published_time\" content=\"2026-08-27T14:30:04+00:00\" \/>\n<meta property=\"og:image\" content=\"https:\/\/www.theconservative.online\/wp-content\/uploads\/2025\/06\/shutterstock_2513756601.jpg\" \/>\n\t<meta property=\"og:image:width\" content=\"1000\" \/>\n\t<meta property=\"og:image:height\" content=\"750\" \/>\n\t<meta property=\"og:image:type\" content=\"image\/jpeg\" \/>\n<meta name=\"author\" content=\"Martin Lynch\" \/>\n<meta name=\"twitter:card\" content=\"summary_large_image\" \/>\n<meta name=\"twitter:label1\" content=\"Napsal(a)\" \/>\n\t<meta name=\"twitter:data1\" content=\"Martin Lynch\" \/>\n\t<meta name=\"twitter:label2\" content=\"Odhadovan\u00e1 doba \u010dten\u00ed\" \/>\n\t<meta name=\"twitter:data2\" content=\"8 minut\" \/>\n<script type=\"application\/ld+json\" class=\"yoast-schema-graph\">{\"@context\":\"https:\\\/\\\/schema.org\",\"@graph\":[{\"@type\":\"Article\",\"@id\":\"https:\\\/\\\/www.theconservative.online\\\/cs\\\/co-jack-lynch-chapal-o-evrope#article\",\"isPartOf\":{\"@id\":\"https:\\\/\\\/www.theconservative.online\\\/cs\\\/co-jack-lynch-chapal-o-evrope\"},\"author\":{\"name\":\"Martin Lynch\",\"@id\":\"https:\\\/\\\/www.theconservative.online\\\/cs#\\\/schema\\\/person\\\/cb1c3ea8115c849888122c82d8ad1894\"},\"headline\":\"Co Jack Lynch ch\u00e1pal o Evrop\u011b\",\"datePublished\":\"2026-08-27T14:30:04+00:00\",\"mainEntityOfPage\":{\"@id\":\"https:\\\/\\\/www.theconservative.online\\\/cs\\\/co-jack-lynch-chapal-o-evrope\"},\"wordCount\":1594,\"image\":{\"@id\":\"https:\\\/\\\/www.theconservative.online\\\/cs\\\/co-jack-lynch-chapal-o-evrope#primaryimage\"},\"thumbnailUrl\":\"https:\\\/\\\/www.theconservative.online\\\/wp-content\\\/uploads\\\/2025\\\/06\\\/shutterstock_2513756601.jpg\",\"articleSection\":[\"Uncategorized @cs\"],\"inLanguage\":\"cs\"},{\"@type\":\"WebPage\",\"@id\":\"https:\\\/\\\/www.theconservative.online\\\/cs\\\/co-jack-lynch-chapal-o-evrope\",\"url\":\"https:\\\/\\\/www.theconservative.online\\\/cs\\\/co-jack-lynch-chapal-o-evrope\",\"name\":\"Co Jack Lynch ch\u00e1pal o Evrop\u011b - The Conservative\",\"isPartOf\":{\"@id\":\"https:\\\/\\\/www.theconservative.online\\\/cs#website\"},\"primaryImageOfPage\":{\"@id\":\"https:\\\/\\\/www.theconservative.online\\\/cs\\\/co-jack-lynch-chapal-o-evrope#primaryimage\"},\"image\":{\"@id\":\"https:\\\/\\\/www.theconservative.online\\\/cs\\\/co-jack-lynch-chapal-o-evrope#primaryimage\"},\"thumbnailUrl\":\"https:\\\/\\\/www.theconservative.online\\\/wp-content\\\/uploads\\\/2025\\\/06\\\/shutterstock_2513756601.jpg\",\"datePublished\":\"2026-08-27T14:30:04+00:00\",\"author\":{\"@id\":\"https:\\\/\\\/www.theconservative.online\\\/cs#\\\/schema\\\/person\\\/cb1c3ea8115c849888122c82d8ad1894\"},\"breadcrumb\":{\"@id\":\"https:\\\/\\\/www.theconservative.online\\\/cs\\\/co-jack-lynch-chapal-o-evrope#breadcrumb\"},\"inLanguage\":\"cs\",\"potentialAction\":[{\"@type\":\"ReadAction\",\"target\":[\"https:\\\/\\\/www.theconservative.online\\\/cs\\\/co-jack-lynch-chapal-o-evrope\"]}]},{\"@type\":\"ImageObject\",\"inLanguage\":\"cs\",\"@id\":\"https:\\\/\\\/www.theconservative.online\\\/cs\\\/co-jack-lynch-chapal-o-evrope#primaryimage\",\"url\":\"https:\\\/\\\/www.theconservative.online\\\/wp-content\\\/uploads\\\/2025\\\/06\\\/shutterstock_2513756601.jpg\",\"contentUrl\":\"https:\\\/\\\/www.theconservative.online\\\/wp-content\\\/uploads\\\/2025\\\/06\\\/shutterstock_2513756601.jpg\",\"width\":1000,\"height\":750},{\"@type\":\"BreadcrumbList\",\"@id\":\"https:\\\/\\\/www.theconservative.online\\\/cs\\\/co-jack-lynch-chapal-o-evrope#breadcrumb\",\"itemListElement\":[{\"@type\":\"ListItem\",\"position\":1,\"name\":\"Home\",\"item\":\"https:\\\/\\\/www.theconservative.online\\\/cs\"},{\"@type\":\"ListItem\",\"position\":2,\"name\":\"Co Jack Lynch ch\u00e1pal o Evrop\u011b\"}]},{\"@type\":\"WebSite\",\"@id\":\"https:\\\/\\\/www.theconservative.online\\\/cs#website\",\"url\":\"https:\\\/\\\/www.theconservative.online\\\/cs\",\"name\":\"The Conservative\",\"description\":\"\",\"potentialAction\":[{\"@type\":\"SearchAction\",\"target\":{\"@type\":\"EntryPoint\",\"urlTemplate\":\"https:\\\/\\\/www.theconservative.online\\\/cs?s={search_term_string}\"},\"query-input\":{\"@type\":\"PropertyValueSpecification\",\"valueRequired\":true,\"valueName\":\"search_term_string\"}}],\"inLanguage\":\"cs\"},{\"@type\":\"Person\",\"@id\":\"https:\\\/\\\/www.theconservative.online\\\/cs#\\\/schema\\\/person\\\/cb1c3ea8115c849888122c82d8ad1894\",\"name\":\"Martin Lynch\",\"image\":{\"@type\":\"ImageObject\",\"inLanguage\":\"cs\",\"@id\":\"https:\\\/\\\/secure.gravatar.com\\\/avatar\\\/ce666db609682d8cc7e1160a7069c58636090f8b82c47ef07ef7557d4e67a55a?s=96&d=mm&r=g\",\"url\":\"https:\\\/\\\/secure.gravatar.com\\\/avatar\\\/ce666db609682d8cc7e1160a7069c58636090f8b82c47ef07ef7557d4e67a55a?s=96&d=mm&r=g\",\"contentUrl\":\"https:\\\/\\\/secure.gravatar.com\\\/avatar\\\/ce666db609682d8cc7e1160a7069c58636090f8b82c47ef07ef7557d4e67a55a?s=96&d=mm&r=g\",\"caption\":\"Martin Lynch\"},\"url\":\"https:\\\/\\\/www.theconservative.online\\\/cs\\\/author\\\/stonebay-eunat-2026-2027\"}]}<\/script>\n<!-- \/ Yoast SEO plugin. -->","yoast_head_json":{"title":"Co Jack Lynch ch\u00e1pal o Evrop\u011b - The Conservative","robots":{"index":"index","follow":"follow","max-snippet":"max-snippet:-1","max-image-preview":"max-image-preview:large","max-video-preview":"max-video-preview:-1"},"canonical":"https:\/\/www.theconservative.online\/cs\/co-jack-lynch-chapal-o-evrope","og_locale":"cs_CZ","og_type":"article","og_title":"Co Jack Lynch ch\u00e1pal o Evrop\u011b - The Conservative","og_description":"Strana Fianna F\u00e1il p\u0159ipom\u00edn\u00e1 Se\u00e1na Lemasse a Jacka Lynche jako autory dvou z\u00e1sadn\u00edch zm\u011bn v modern\u00edm Irsku. Lemass, alespo\u0148 tak, jak je obecn\u011b vn\u00edm\u00e1n ve Fianna F\u00e1il, p\u0159edstavuje ekonomick\u00e9 otev\u0159en\u00ed; Lynch pak vstup do Evropsk\u00e9ho hospod\u00e1\u0159sk\u00e9ho spole\u010denstv\u00ed. Tento v\u00fdklad nen\u00ed nespr\u00e1vn\u00fd, ale v n\u011bkolika d\u016fle\u017eit\u00fdch ohledech je ne\u00fapln\u00fd. Lemass sice prosazoval otev\u0159en\u00ed ekonomiky, ale pova\u017eoval [&hellip;]","og_url":"https:\/\/www.theconservative.online\/cs\/co-jack-lynch-chapal-o-evrope","og_site_name":"The Conservative","article_published_time":"2026-08-27T14:30:04+00:00","og_image":[{"width":1000,"height":750,"url":"https:\/\/www.theconservative.online\/wp-content\/uploads\/2025\/06\/shutterstock_2513756601.jpg","type":"image\/jpeg"}],"author":"Martin Lynch","twitter_card":"summary_large_image","twitter_misc":{"Napsal(a)":"Martin Lynch","Odhadovan\u00e1 doba \u010dten\u00ed":"8 minut"},"schema":{"@context":"https:\/\/schema.org","@graph":[{"@type":"Article","@id":"https:\/\/www.theconservative.online\/cs\/co-jack-lynch-chapal-o-evrope#article","isPartOf":{"@id":"https:\/\/www.theconservative.online\/cs\/co-jack-lynch-chapal-o-evrope"},"author":{"name":"Martin Lynch","@id":"https:\/\/www.theconservative.online\/cs#\/schema\/person\/cb1c3ea8115c849888122c82d8ad1894"},"headline":"Co Jack Lynch ch\u00e1pal o Evrop\u011b","datePublished":"2026-08-27T14:30:04+00:00","mainEntityOfPage":{"@id":"https:\/\/www.theconservative.online\/cs\/co-jack-lynch-chapal-o-evrope"},"wordCount":1594,"image":{"@id":"https:\/\/www.theconservative.online\/cs\/co-jack-lynch-chapal-o-evrope#primaryimage"},"thumbnailUrl":"https:\/\/www.theconservative.online\/wp-content\/uploads\/2025\/06\/shutterstock_2513756601.jpg","articleSection":["Uncategorized @cs"],"inLanguage":"cs"},{"@type":"WebPage","@id":"https:\/\/www.theconservative.online\/cs\/co-jack-lynch-chapal-o-evrope","url":"https:\/\/www.theconservative.online\/cs\/co-jack-lynch-chapal-o-evrope","name":"Co Jack Lynch ch\u00e1pal o Evrop\u011b - The Conservative","isPartOf":{"@id":"https:\/\/www.theconservative.online\/cs#website"},"primaryImageOfPage":{"@id":"https:\/\/www.theconservative.online\/cs\/co-jack-lynch-chapal-o-evrope#primaryimage"},"image":{"@id":"https:\/\/www.theconservative.online\/cs\/co-jack-lynch-chapal-o-evrope#primaryimage"},"thumbnailUrl":"https:\/\/www.theconservative.online\/wp-content\/uploads\/2025\/06\/shutterstock_2513756601.jpg","datePublished":"2026-08-27T14:30:04+00:00","author":{"@id":"https:\/\/www.theconservative.online\/cs#\/schema\/person\/cb1c3ea8115c849888122c82d8ad1894"},"breadcrumb":{"@id":"https:\/\/www.theconservative.online\/cs\/co-jack-lynch-chapal-o-evrope#breadcrumb"},"inLanguage":"cs","potentialAction":[{"@type":"ReadAction","target":["https:\/\/www.theconservative.online\/cs\/co-jack-lynch-chapal-o-evrope"]}]},{"@type":"ImageObject","inLanguage":"cs","@id":"https:\/\/www.theconservative.online\/cs\/co-jack-lynch-chapal-o-evrope#primaryimage","url":"https:\/\/www.theconservative.online\/wp-content\/uploads\/2025\/06\/shutterstock_2513756601.jpg","contentUrl":"https:\/\/www.theconservative.online\/wp-content\/uploads\/2025\/06\/shutterstock_2513756601.jpg","width":1000,"height":750},{"@type":"BreadcrumbList","@id":"https:\/\/www.theconservative.online\/cs\/co-jack-lynch-chapal-o-evrope#breadcrumb","itemListElement":[{"@type":"ListItem","position":1,"name":"Home","item":"https:\/\/www.theconservative.online\/cs"},{"@type":"ListItem","position":2,"name":"Co Jack Lynch ch\u00e1pal o Evrop\u011b"}]},{"@type":"WebSite","@id":"https:\/\/www.theconservative.online\/cs#website","url":"https:\/\/www.theconservative.online\/cs","name":"The Conservative","description":"","potentialAction":[{"@type":"SearchAction","target":{"@type":"EntryPoint","urlTemplate":"https:\/\/www.theconservative.online\/cs?s={search_term_string}"},"query-input":{"@type":"PropertyValueSpecification","valueRequired":true,"valueName":"search_term_string"}}],"inLanguage":"cs"},{"@type":"Person","@id":"https:\/\/www.theconservative.online\/cs#\/schema\/person\/cb1c3ea8115c849888122c82d8ad1894","name":"Martin Lynch","image":{"@type":"ImageObject","inLanguage":"cs","@id":"https:\/\/secure.gravatar.com\/avatar\/ce666db609682d8cc7e1160a7069c58636090f8b82c47ef07ef7557d4e67a55a?s=96&d=mm&r=g","url":"https:\/\/secure.gravatar.com\/avatar\/ce666db609682d8cc7e1160a7069c58636090f8b82c47ef07ef7557d4e67a55a?s=96&d=mm&r=g","contentUrl":"https:\/\/secure.gravatar.com\/avatar\/ce666db609682d8cc7e1160a7069c58636090f8b82c47ef07ef7557d4e67a55a?s=96&d=mm&r=g","caption":"Martin Lynch"},"url":"https:\/\/www.theconservative.online\/cs\/author\/stonebay-eunat-2026-2027"}]}},"acf":[],"_links":{"self":[{"href":"https:\/\/www.theconservative.online\/cs\/wp-json\/wp\/v2\/posts\/63044","targetHints":{"allow":["GET"]}}],"collection":[{"href":"https:\/\/www.theconservative.online\/cs\/wp-json\/wp\/v2\/posts"}],"about":[{"href":"https:\/\/www.theconservative.online\/cs\/wp-json\/wp\/v2\/types\/post"}],"author":[{"embeddable":true,"href":"https:\/\/www.theconservative.online\/cs\/wp-json\/wp\/v2\/users\/90"}],"replies":[{"embeddable":true,"href":"https:\/\/www.theconservative.online\/cs\/wp-json\/wp\/v2\/comments?post=63044"}],"version-history":[{"count":0,"href":"https:\/\/www.theconservative.online\/cs\/wp-json\/wp\/v2\/posts\/63044\/revisions"}],"wp:featuredmedia":[{"embeddable":true,"href":"https:\/\/www.theconservative.online\/cs\/wp-json\/wp\/v2\/media\/43475"}],"wp:attachment":[{"href":"https:\/\/www.theconservative.online\/cs\/wp-json\/wp\/v2\/media?parent=63044"}],"wp:term":[{"taxonomy":"category","embeddable":true,"href":"https:\/\/www.theconservative.online\/cs\/wp-json\/wp\/v2\/categories?post=63044"},{"taxonomy":"post_tag","embeddable":true,"href":"https:\/\/www.theconservative.online\/cs\/wp-json\/wp\/v2\/tags?post=63044"},{"taxonomy":"editorial-positions","embeddable":true,"href":"https:\/\/www.theconservative.online\/cs\/wp-json\/wp\/v2\/editorial-positions?post=63044"},{"taxonomy":"regions","embeddable":true,"href":"https:\/\/www.theconservative.online\/cs\/wp-json\/wp\/v2\/regions?post=63044"},{"taxonomy":"types","embeddable":true,"href":"https:\/\/www.theconservative.online\/cs\/wp-json\/wp\/v2\/types?post=63044"}],"curies":[{"name":"wp","href":"https:\/\/api.w.org\/{rel}","templated":true}]}}