{"id":63086,"date":"2026-08-29T13:22:55","date_gmt":"2026-08-29T13:22:55","guid":{"rendered":"https:\/\/www.theconservative.online\/proc-ma-meloni-pravdu-v-otazce-evropske-obrany"},"modified":"2026-08-29T13:22:55","modified_gmt":"2026-08-29T13:22:55","slug":"proc-ma-meloni-pravdu-v-otazce-evropske-obrany","status":"publish","type":"post","link":"https:\/\/www.theconservative.online\/cs\/proc-ma-meloni-pravdu-v-otazce-evropske-obrany","title":{"rendered":"Pro\u010d m\u00e1 Meloni pravdu v ot\u00e1zce evropsk\u00e9 obrany"},"content":{"rendered":"<p>V evropsk\u00e9 debat\u011b se ji\u017e l\u00e9ta o n\u00e1rodn\u00ed suverenit\u011b a evropsk\u00e9 integraci hovo\u0159\u00ed, jako by \u0161lo o nutn\u011b protich\u016fdn\u00e9 s\u00edly. Nejnov\u011bj\u0161\u00ed rozhodnut\u00ed It\u00e1lie v oblasti obrany nazna\u010duje, \u017ee toto rozli\u0161en\u00ed je st\u00e1le v\u00edce p\u0159ekonan\u00e9. Dne 26. srpna vl\u00e1da Giorgie Meloniov\u00e9 ofici\u00e1ln\u011b po\u017e\u00e1dala o 8 miliard eur z programu SAFE (Security Action for Europe), v jeho\u017e r\u00e1mci Evropsk\u00e1 unie vy\u010dlenila 150 miliard eur. It\u00e1lie m\u00e1 n\u00e1rok a\u017e na 14,9 miliardy eur, \u0158\u00edm se v\u0161ak alespo\u0148 prozat\u00edm rozhodl po\u017e\u00e1dat o ni\u017e\u0161\u00ed \u010d\u00e1stku. Ministr obrany Guido Crosetto podporu vyu\u017eit\u00ed tohoto n\u00e1stroje zd\u016fvodnil zejm\u00e9na finan\u010dn\u00edmi v\u00fdhodami, kter\u00e9 p\u0159in\u00e1\u0161\u00ed \u010derp\u00e1n\u00ed \u00fav\u011bru prost\u0159ednictv\u00edm evropsk\u00e9ho mechanismu.<\/p>\n<p>Toto rozhodnut\u00ed vyvolalo neshody v r\u00e1mci vl\u00e1dn\u00ed koalice. Liga Mattea Salviniho se k nav\u00fd\u0161en\u00ed vojensk\u00fdch v\u00fddaj\u016f a k vyu\u017eit\u00ed evropsk\u00fdch finan\u010dn\u00edch prost\u0159edk\u016f k tomuto \u00fa\u010delu stav\u00ed podstatn\u011b skepti\u010dt\u011bji. Tyto neshody odr\u00e1\u017eej\u00ed \u0161ir\u0161\u00ed ot\u00e1zku, kter\u00e9 se evropsk\u00e1 pravice ji\u017e nem\u016f\u017ee vyhnout: oslabuje vyu\u017eit\u00ed spole\u010dn\u00e9ho evropsk\u00e9ho n\u00e1stroje n\u00e1rodn\u00ed suverenitu? V tomto p\u0159\u00edpad\u011b je p\u0159esv\u011bd\u010div\u011bj\u0161\u00ed opa\u010dn\u00fd argument.<\/p>\n<p>Program SAFE nevytv\u00e1\u0159\u00ed evropskou arm\u00e1du pod kontrolou Komise. Poskytuje \u010dlensk\u00fdm st\u00e1t\u016fm \u00fav\u011bry a\u017e do v\u00fd\u0161e 150 miliard eur na urychlen\u00ed investic do obrany, zejm\u00e9na prost\u0159ednictv\u00edm spole\u010dn\u00fdch zak\u00e1zek. Program byl vytvo\u0159en pr\u00e1v\u011b proto, \u017ee probl\u00e9m evropsk\u00e9 obrany nespo\u010d\u00edv\u00e1 pouze v tom, kolik se utrat\u00ed, ale tak\u00e9 v tom, jak neefektivn\u011b se tyto prost\u0159edky vynakl\u00e1daj\u00ed. Dvacet sedm n\u00e1rodn\u00edch arm\u00e1d, kter\u00e9 nakupuj\u00ed podobn\u00e9 zbran\u011b prost\u0159ednictv\u00edm rozt\u0159\u00ed\u0161t\u011bn\u00fdch syst\u00e9m\u016f zad\u00e1v\u00e1n\u00ed ve\u0159ejn\u00fdch zak\u00e1zek, automaticky nevytv\u00e1\u0159\u00ed dvacet sedm suver\u00e9nn\u00edch obrann\u00fdch kapacit. M\u00edsto toho mohou v\u00e9st k zdvojov\u00e1n\u00ed, vy\u0161\u0161\u00edm n\u00e1klad\u016fm, nekompatibiln\u00edm syst\u00e9m\u016fm a z\u00e1vislosti na zahrani\u010dn\u00edch dodavatel\u00edch. Suverenitu nelze m\u011b\u0159it pouze podle toho, zda jsou pen\u00edze vyp\u016fj\u010deny v \u0158\u00edm\u011b nebo prost\u0159ednictv\u00edm evropsk\u00e9ho n\u00e1stroje. M\u011bla by se m\u011b\u0159it podle schopnosti jednat.<\/p>\n<p>Pokud evropsk\u00e9 financov\u00e1n\u00ed umo\u017en\u00ed It\u00e1lii z\u00edskat kapit\u00e1l za lep\u0161\u00edch podm\u00ednek, pos\u00edlit jej\u00ed ozbrojen\u00e9 s\u00edly, podpo\u0159it evropskou obrannou v\u00fdrobu a zapojit se do rozs\u00e1hlej\u0161\u00edch program\u016f ve\u0159ejn\u00fdch zak\u00e1zek, m\u016f\u017ee vyu\u017eit\u00ed tohoto n\u00e1stroje italskou efektivn\u00ed suverenitu sp\u00ed\u0161e pos\u00edlit ne\u017e oslabit. Tento rozd\u00edl nab\u00fdv\u00e1 na v\u00fdznamu, proto\u017ee strategick\u00e9 prost\u0159ed\u00ed se radik\u00e1ln\u011b zm\u011bnilo. Na summitu NATO v Haagu v roce 2025 se spojenci zav\u00e1zali, \u017ee do roku 2035 budou investovat 5 % HDP do obrany a bezpe\u010dnosti souvisej\u00edc\u00ed s obranou: minim\u00e1ln\u011b 3,5 % na z\u00e1kladn\u00ed vojensk\u00e9 pot\u0159eby a a\u017e dal\u0161\u00edch 1,5 % na oblasti, jako jsou infrastruktura, odolnost, kyberbezpe\u010dnost a obrann\u00e1 pr\u016fmyslov\u00e1 z\u00e1kladna. Z\u00e1rove\u0148 Washington st\u00e1le jasn\u011bji formuluje sv\u00e1 o\u010dek\u00e1v\u00e1n\u00ed.<\/p>\n<p>27. srpna sd\u011blil n\u00e1m\u011bstek ministra obrany USA pro politiku Elbridge Colby velvyslanc\u016fm \u010dlensk\u00fdch st\u00e1t\u016f NATO, \u017ee Spojen\u00e9 st\u00e1ty cht\u011bj\u00ed, aby obrana Evropy byla st\u00e1le v\u00edce \u0159\u00edzena samotn\u00fdmi Evropany. Pentagon v sou\u010dasn\u00e9 dob\u011b p\u0159ehodnocuje svou vojenskou p\u0159\u00edtomnost na kontinentu, kde je nad\u00e1le nasazeno p\u0159ibli\u017en\u011b 80 000 americk\u00fdch voj\u00e1k\u016f. Evropa by m\u011bla tuto zpr\u00e1vu br\u00e1t v\u00e1\u017en\u011b.<\/p>\n<p>Transatlantick\u00e1 aliance z\u016fst\u00e1v\u00e1 pro evropskou bezpe\u010dnost z\u00e1sadn\u00ed. Nahrazen\u00ed NATO um\u011blou konkurenc\u00ed mezi Evropou a Spojen\u00fdmi st\u00e1ty nep\u0159in\u00e1\u0161\u00ed \u017e\u00e1dnou strategickou v\u00fdhodu. Atlantismus v\u0161ak nem\u016f\u017ee znamenat, \u017ee se bude od americk\u00fdch da\u0148ov\u00fdch poplatn\u00edk\u016f a voj\u00e1k\u016f donekone\u010dna o\u010dek\u00e1vat, \u017ee p\u0159evezmou odpov\u011bdnost, kterou Evropan\u00e9 odm\u00edtaj\u00ed p\u0159evz\u00edt sami. Aliance je siln\u011bj\u0161\u00ed, kdy\u017e jsou schopn\u00e9 ob\u011b strany. A pr\u00e1v\u011b v tomto ohledu m\u00e1 italsk\u00e9 rozhodnut\u00ed v\u00fdznam, kter\u00fd p\u0159esahuje jeho hodnotu 8 miliard eur. Meloniov\u00e1 ve sv\u00e9m p\u0159\u00edstupu uzn\u00e1v\u00e1 realitu, kterou tradi\u010dn\u00ed suverenistick\u00e1 r\u00e9torika n\u011bkdy jen t\u011b\u017eko p\u0159ij\u00edm\u00e1: existuj\u00ed formy suverenity, kter\u00e9 si evropsk\u00e9 n\u00e1rody mohou zachovat pouze t\u00edm, \u017ee je uplat\u0148uj\u00ed spole\u010dn\u011b. Obrana se st\u00e1le v\u00edce \u0159ad\u00ed mezi n\u011b.<\/p>\n<p>It\u00e1lie m\u00e1 p\u0159ibli\u017en\u011b 59 milion\u016f obyvatel. N\u011bmecko m\u00e1 p\u0159ibli\u017en\u011b 84 milion\u016f. Francie p\u0159ibli\u017en\u011b 68 milion\u016f. I ty nejv\u011bt\u0161\u00ed evropsk\u00e9 ekonomiky funguj\u00ed v \u00fapln\u011b jin\u00e9m m\u011b\u0159\u00edtku ne\u017e Spojen\u00e9 st\u00e1ty a \u010c\u00edna. Rusko mezit\u00edm v souvislosti s pokra\u010duj\u00edc\u00ed v\u00e1lkou proti Ukrajin\u011b p\u0159ebudovalo zna\u010dnou \u010d\u00e1st sv\u00e9ho hospod\u00e1\u0159stv\u00ed na vojenskou v\u00fdrobu. Je nere\u00e1ln\u00e9 se domn\u00edvat, \u017ee Evropa m\u016f\u017ee \u010delit t\u00e9to situaci pomoc\u00ed dvaceti sedmi zcela nez\u00e1visl\u00fdch obrann\u00fdch politik.<\/p>\n<p>Spole\u010dn\u00e9 zad\u00e1v\u00e1n\u00ed ve\u0159ejn\u00fdch zak\u00e1zek, kompatibiln\u00ed zbra\u0148ov\u00e9 syst\u00e9my, integrovan\u00e1 protivzdu\u0161n\u00e1 a protiraketov\u00e1 obrana, spole\u010dn\u00e9 investice do satelit\u016f a kyberbezpe\u010dnosti, koordinovan\u00e1 vojensk\u00e1 mobilita a siln\u011bj\u0161\u00ed evropsk\u00e1 obrann\u00e1 pr\u016fmyslov\u00e1 z\u00e1kladna ji\u017e nejsou federalistick\u00fdmi fantaziemi. Jsou to praktick\u00e9 po\u017eadavky. Ot\u00e1zkou nen\u00ed, zda Evropa pot\u0159ebuje spole\u010dn\u00fd obrann\u00fd rozm\u011br. Pot\u0159ebuje. Legitimn\u00ed diskuse se t\u00fdk\u00e1 toho, jak by m\u011bla b\u00fdt strukturov\u00e1na. Siln\u011bj\u0161\u00ed evropsk\u00e1 obrana se nesm\u00ed st\u00e1t z\u00e1minkou k p\u0159esunu v\u0161ech strategick\u00fdch rozhodnut\u00ed na byrokracii v Bruselu, kter\u00e1 se nikomu nezodpov\u00edd\u00e1. N\u00e1rodn\u00ed vl\u00e1dy mus\u00ed i nad\u00e1le n\u00e9st odpov\u011bdnost za sv\u00e9 ozbrojen\u00e9 s\u00edly, \u00fastavn\u00ed omezen\u00ed a rozhodnut\u00ed o nasazen\u00ed vojsk. Demokratick\u00e1 legitimita st\u00e1le spo\u010d\u00edv\u00e1 p\u0159edev\u0161\u00edm na jednotliv\u00fdch st\u00e1tech. Zachov\u00e1n\u00ed n\u00e1rodn\u00ed politick\u00e9 kontroly je v\u0161ak pln\u011b slu\u010diteln\u00e9 s budov\u00e1n\u00edm spole\u010dn\u00fdch evropsk\u00fdch kapacit. Bez t\u011bchto kapacit toti\u017e hroz\u00ed, \u017ee se n\u00e1rodn\u00ed kontrola stane st\u00e1le v\u00edce pouhou teori\u00ed.<\/p>\n<p>Zem\u011b si m\u016f\u017ee hrd\u011b zachovat form\u00e1ln\u00ed pr\u00e1vo rozhodovat o tom, jak se bude br\u00e1nit. Pokud j\u00ed v\u0161ak chyb\u00ed munice, satelity, protivzdu\u0161n\u00e1 obrana, pr\u016fmyslov\u00e9 kapacity nebo p\u0159\u00edstup ke strategicky d\u016fle\u017eit\u00fdm technologi\u00edm, nab\u00edz\u00ed tato form\u00e1ln\u00ed nez\u00e1vislost jen omezenou ochranu. Pr\u00e1v\u011b proto je postoj Meloniov\u00e9 a Crosetta realisti\u010dt\u011bj\u0161\u00ed ne\u017e instinktivn\u00ed odm\u00edt\u00e1n\u00ed ka\u017ed\u00e9 evropsk\u00e9 obrann\u00e9 iniciativy jako kapitulace suverenity. Existuj\u00ed opr\u00e1vn\u011bn\u00e9 obavy ohledn\u011b n\u00e1klad\u016f. It\u00e1lie m\u00e1 jeden z nejvy\u0161\u0161\u00edch pom\u011br\u016f ve\u0159ejn\u00e9ho dluhu k HDP v Evrop\u011b a v\u00fddaje na obranu se nesm\u00ed st\u00e1t bianko \u0161ekem. \u00dav\u011bry v r\u00e1mci programu SAFE z\u016fst\u00e1vaj\u00ed dluhem, nikoli pen\u011bzi zdarma. Ka\u017ed\u00e9 rozhodnut\u00ed o n\u00e1kupu mus\u00ed b\u00fdt proto posuzov\u00e1no z hlediska vojensk\u00e9 u\u017eite\u010dnosti, pr\u016fmyslov\u00fdch v\u00fdnos\u016f a finan\u010dn\u00ed udr\u017eitelnosti. Odm\u00edt\u00e1n\u00ed investic v\u0161ak m\u00e1 tak\u00e9 svou cenu.<\/p>\n<p>Crosetto opakovan\u011b zd\u016fraz\u0148oval, \u017ee bezpe\u010dnost je dnes p\u0159\u00edmo spjata s pr\u016fmyslovou kapacitou, technologick\u00fdm rozvojem, energetikou, dodavatelsk\u00fdmi \u0159et\u011bzci a hospod\u00e1\u0159skou konkurenceschopnost\u00ed. V \u010dervnu varoval, \u017ee zaost\u00e1v\u00e1n\u00ed v oblasti obrany znamen\u00e1 tak\u00e9 riziko zaost\u00e1v\u00e1n\u00ed v pr\u016fmyslu, technologii a ekonomice. To je ten hlub\u0161\u00ed probl\u00e9m. Evropa str\u00e1vila des\u00edtky let t\u00edm, \u017ee se st\u00e1vala hospod\u00e1\u0159sk\u00fdm gigantem, p\u0159i\u010dem\u017e z\u016fst\u00e1vala strategicky z\u00e1visl\u00e1 na ostatn\u00edch. Tento model byl udr\u017eiteln\u00fd ve sv\u011bt\u011b, kde se americk\u00e1 ochrana jevila jako trval\u00e1, Rusko dod\u00e1valo levnou energii a \u010c\u00edna p\u0159edstavovala p\u0159edev\u0161\u00edm obchodn\u00ed p\u0159\u00edle\u017eitost. Ten sv\u011bt ji\u017e neexistuje.<\/p>\n<p>Nyn\u00ed se nerozhodujeme mezi n\u00e1rodn\u00ed suverenitou a Evropou. Rozhodujeme se mezi vybudov\u00e1n\u00edm dostate\u010dn\u00e9 evropsk\u00e9 s\u00edly k zachov\u00e1n\u00ed suverenity jej\u00edch n\u00e1rod\u016f a t\u00edm, \u017ee budeme p\u0159ihl\u00ed\u017eet, jak se tyto n\u00e1rody ve sv\u011bt\u011b ovl\u00e1dan\u00e9m kontinent\u00e1ln\u00edmi mocnostmi postupn\u011b st\u00e1vaj\u00ed m\u00e9n\u011b v\u00fdznamn\u00fdmi. Spojen\u00e9 st\u00e1ty, \u010c\u00edna a Rusko neorganizuj\u00ed svou strategickou s\u00edlu v m\u011b\u0159\u00edtku It\u00e1lie, Francie \u010di Polska. Ani Evropa nem\u016f\u017ee o\u010dek\u00e1vat, \u017ee bude v tomto m\u011b\u0159\u00edtku konkurenceschopn\u00e1. O struktu\u0159e spole\u010dn\u00e9 obrany lze a je t\u0159eba diskutovat. Je t\u0159eba chr\u00e1nit jej\u00ed demokratickou kontrolu. N\u00e1rodn\u00ed z\u00e1jmy mus\u00ed z\u016fstat zastoupeny. Je t\u0159eba br\u00e1nit pl\u00fdtv\u00e1n\u00ed, zdvojov\u00e1n\u00ed \u00fasil\u00ed a byrokratick\u00e9 centralizaci. Na z\u00e1sadn\u00ed ot\u00e1zku v\u0161ak ji\u017e odpov\u011bd\u011bla realita. Bez jednotn\u011bj\u0161\u00ed Evropy v oblasti obrany se Evropan\u00e9 nestanou suver\u00e9nn\u011bj\u0161\u00edmi. Stanou se z\u00e1visl\u011bj\u0161\u00edmi \u2013 a st\u00e1le m\u00e9n\u011b v\u00fdznamn\u00fdmi.<\/p>\n","protected":false},"excerpt":{"rendered":"<p>V evropsk\u00e9 debat\u011b se ji\u017e l\u00e9ta o n\u00e1rodn\u00ed suverenit\u011b a evropsk\u00e9 integraci hovo\u0159\u00ed, jako by \u0161lo o nutn\u011b protich\u016fdn\u00e9 s\u00edly. Nejnov\u011bj\u0161\u00ed rozhodnut\u00ed It\u00e1lie v oblasti obrany nazna\u010duje, \u017ee toto rozli\u0161en\u00ed je st\u00e1le v\u00edce p\u0159ekonan\u00e9. Dne 26. srpna vl\u00e1da Giorgie Meloniov\u00e9 ofici\u00e1ln\u011b po\u017e\u00e1dala o 8 miliard eur z programu SAFE (Security Action for Europe), v jeho\u017e [&hellip;]<\/p>\n","protected":false},"author":91,"featured_media":59270,"comment_status":"closed","ping_status":"closed","sticky":false,"template":"","format":"standard","meta":{"footnotes":""},"categories":[4],"tags":[],"editorial-positions":[],"regions":[],"types":[],"class_list":["post-63086","post","type-post","status-publish","format-standard","has-post-thumbnail","hentry","category-uncategorized-cs"],"yoast_head":"<!-- This site is optimized with the Yoast SEO plugin v28.0 - https:\/\/yoast.com\/product\/yoast-seo-wordpress\/ -->\n<title>Pro\u010d m\u00e1 Meloni pravdu v ot\u00e1zce evropsk\u00e9 obrany - The Conservative<\/title>\n<meta name=\"robots\" content=\"index, follow, max-snippet:-1, max-image-preview:large, max-video-preview:-1\" \/>\n<link rel=\"canonical\" href=\"https:\/\/www.theconservative.online\/cs\/proc-ma-meloni-pravdu-v-otazce-evropske-obrany\" \/>\n<meta property=\"og:locale\" content=\"cs_CZ\" \/>\n<meta property=\"og:type\" content=\"article\" \/>\n<meta property=\"og:title\" content=\"Pro\u010d m\u00e1 Meloni pravdu v ot\u00e1zce evropsk\u00e9 obrany - The Conservative\" \/>\n<meta property=\"og:description\" content=\"V evropsk\u00e9 debat\u011b se ji\u017e l\u00e9ta o n\u00e1rodn\u00ed suverenit\u011b a evropsk\u00e9 integraci hovo\u0159\u00ed, jako by \u0161lo o nutn\u011b protich\u016fdn\u00e9 s\u00edly. Nejnov\u011bj\u0161\u00ed rozhodnut\u00ed It\u00e1lie v oblasti obrany nazna\u010duje, \u017ee toto rozli\u0161en\u00ed je st\u00e1le v\u00edce p\u0159ekonan\u00e9. Dne 26. srpna vl\u00e1da Giorgie Meloniov\u00e9 ofici\u00e1ln\u011b po\u017e\u00e1dala o 8 miliard eur z programu SAFE (Security Action for Europe), v jeho\u017e [&hellip;]\" \/>\n<meta property=\"og:url\" content=\"https:\/\/www.theconservative.online\/cs\/proc-ma-meloni-pravdu-v-otazce-evropske-obrany\" \/>\n<meta property=\"og:site_name\" content=\"The Conservative\" \/>\n<meta property=\"article:published_time\" content=\"2026-08-29T13:22:55+00:00\" \/>\n<meta property=\"og:image\" content=\"https:\/\/www.theconservative.online\/wp-content\/uploads\/2026\/07\/shutterstock_2504004119.jpg\" \/>\n\t<meta property=\"og:image:width\" content=\"1000\" \/>\n\t<meta property=\"og:image:height\" content=\"562\" \/>\n\t<meta property=\"og:image:type\" content=\"image\/jpeg\" \/>\n<meta name=\"author\" content=\"Alessandro Imperiali\" \/>\n<meta name=\"twitter:card\" content=\"summary_large_image\" \/>\n<meta name=\"twitter:label1\" content=\"Napsal(a)\" \/>\n\t<meta name=\"twitter:data1\" content=\"Alessandro Imperiali\" \/>\n\t<meta name=\"twitter:label2\" content=\"Odhadovan\u00e1 doba \u010dten\u00ed\" \/>\n\t<meta name=\"twitter:data2\" content=\"7 minut\" \/>\n<script type=\"application\/ld+json\" class=\"yoast-schema-graph\">{\"@context\":\"https:\\\/\\\/schema.org\",\"@graph\":[{\"@type\":\"Article\",\"@id\":\"https:\\\/\\\/www.theconservative.online\\\/cs\\\/proc-ma-meloni-pravdu-v-otazce-evropske-obrany#article\",\"isPartOf\":{\"@id\":\"https:\\\/\\\/www.theconservative.online\\\/cs\\\/proc-ma-meloni-pravdu-v-otazce-evropske-obrany\"},\"author\":{\"name\":\"Alessandro Imperiali\",\"@id\":\"https:\\\/\\\/www.theconservative.online\\\/cs#\\\/schema\\\/person\\\/33d9d2872a2c3304e70e1e2d857697a4\"},\"headline\":\"Pro\u010d m\u00e1 Meloni pravdu v ot\u00e1zce evropsk\u00e9 obrany\",\"datePublished\":\"2026-08-29T13:22:55+00:00\",\"mainEntityOfPage\":{\"@id\":\"https:\\\/\\\/www.theconservative.online\\\/cs\\\/proc-ma-meloni-pravdu-v-otazce-evropske-obrany\"},\"wordCount\":1481,\"image\":{\"@id\":\"https:\\\/\\\/www.theconservative.online\\\/cs\\\/proc-ma-meloni-pravdu-v-otazce-evropske-obrany#primaryimage\"},\"thumbnailUrl\":\"https:\\\/\\\/www.theconservative.online\\\/wp-content\\\/uploads\\\/2026\\\/07\\\/shutterstock_2504004119.jpg\",\"articleSection\":[\"Uncategorized @cs\"],\"inLanguage\":\"cs\"},{\"@type\":\"WebPage\",\"@id\":\"https:\\\/\\\/www.theconservative.online\\\/cs\\\/proc-ma-meloni-pravdu-v-otazce-evropske-obrany\",\"url\":\"https:\\\/\\\/www.theconservative.online\\\/cs\\\/proc-ma-meloni-pravdu-v-otazce-evropske-obrany\",\"name\":\"Pro\u010d m\u00e1 Meloni pravdu v ot\u00e1zce evropsk\u00e9 obrany - The Conservative\",\"isPartOf\":{\"@id\":\"https:\\\/\\\/www.theconservative.online\\\/cs#website\"},\"primaryImageOfPage\":{\"@id\":\"https:\\\/\\\/www.theconservative.online\\\/cs\\\/proc-ma-meloni-pravdu-v-otazce-evropske-obrany#primaryimage\"},\"image\":{\"@id\":\"https:\\\/\\\/www.theconservative.online\\\/cs\\\/proc-ma-meloni-pravdu-v-otazce-evropske-obrany#primaryimage\"},\"thumbnailUrl\":\"https:\\\/\\\/www.theconservative.online\\\/wp-content\\\/uploads\\\/2026\\\/07\\\/shutterstock_2504004119.jpg\",\"datePublished\":\"2026-08-29T13:22:55+00:00\",\"author\":{\"@id\":\"https:\\\/\\\/www.theconservative.online\\\/cs#\\\/schema\\\/person\\\/33d9d2872a2c3304e70e1e2d857697a4\"},\"breadcrumb\":{\"@id\":\"https:\\\/\\\/www.theconservative.online\\\/cs\\\/proc-ma-meloni-pravdu-v-otazce-evropske-obrany#breadcrumb\"},\"inLanguage\":\"cs\",\"potentialAction\":[{\"@type\":\"ReadAction\",\"target\":[\"https:\\\/\\\/www.theconservative.online\\\/cs\\\/proc-ma-meloni-pravdu-v-otazce-evropske-obrany\"]}]},{\"@type\":\"ImageObject\",\"inLanguage\":\"cs\",\"@id\":\"https:\\\/\\\/www.theconservative.online\\\/cs\\\/proc-ma-meloni-pravdu-v-otazce-evropske-obrany#primaryimage\",\"url\":\"https:\\\/\\\/www.theconservative.online\\\/wp-content\\\/uploads\\\/2026\\\/07\\\/shutterstock_2504004119.jpg\",\"contentUrl\":\"https:\\\/\\\/www.theconservative.online\\\/wp-content\\\/uploads\\\/2026\\\/07\\\/shutterstock_2504004119.jpg\",\"width\":1000,\"height\":562},{\"@type\":\"BreadcrumbList\",\"@id\":\"https:\\\/\\\/www.theconservative.online\\\/cs\\\/proc-ma-meloni-pravdu-v-otazce-evropske-obrany#breadcrumb\",\"itemListElement\":[{\"@type\":\"ListItem\",\"position\":1,\"name\":\"Home\",\"item\":\"https:\\\/\\\/www.theconservative.online\\\/cs\"},{\"@type\":\"ListItem\",\"position\":2,\"name\":\"Pro\u010d m\u00e1 Meloni pravdu v ot\u00e1zce evropsk\u00e9 obrany\"}]},{\"@type\":\"WebSite\",\"@id\":\"https:\\\/\\\/www.theconservative.online\\\/cs#website\",\"url\":\"https:\\\/\\\/www.theconservative.online\\\/cs\",\"name\":\"The Conservative\",\"description\":\"\",\"potentialAction\":[{\"@type\":\"SearchAction\",\"target\":{\"@type\":\"EntryPoint\",\"urlTemplate\":\"https:\\\/\\\/www.theconservative.online\\\/cs?s={search_term_string}\"},\"query-input\":{\"@type\":\"PropertyValueSpecification\",\"valueRequired\":true,\"valueName\":\"search_term_string\"}}],\"inLanguage\":\"cs\"},{\"@type\":\"Person\",\"@id\":\"https:\\\/\\\/www.theconservative.online\\\/cs#\\\/schema\\\/person\\\/33d9d2872a2c3304e70e1e2d857697a4\",\"name\":\"Alessandro Imperiali\",\"image\":{\"@type\":\"ImageObject\",\"inLanguage\":\"cs\",\"@id\":\"https:\\\/\\\/secure.gravatar.com\\\/avatar\\\/b0100c19f24c550ba9bfe3677f54670b5aa01be05349135a3763407297d150c6?s=96&d=mm&r=g\",\"url\":\"https:\\\/\\\/secure.gravatar.com\\\/avatar\\\/b0100c19f24c550ba9bfe3677f54670b5aa01be05349135a3763407297d150c6?s=96&d=mm&r=g\",\"contentUrl\":\"https:\\\/\\\/secure.gravatar.com\\\/avatar\\\/b0100c19f24c550ba9bfe3677f54670b5aa01be05349135a3763407297d150c6?s=96&d=mm&r=g\",\"caption\":\"Alessandro Imperiali\"},\"url\":\"https:\\\/\\\/www.theconservative.online\\\/cs\\\/author\\\/imperiali-euaff-2026-2027\"}]}<\/script>\n<!-- \/ Yoast SEO plugin. -->","yoast_head_json":{"title":"Pro\u010d m\u00e1 Meloni pravdu v ot\u00e1zce evropsk\u00e9 obrany - The Conservative","robots":{"index":"index","follow":"follow","max-snippet":"max-snippet:-1","max-image-preview":"max-image-preview:large","max-video-preview":"max-video-preview:-1"},"canonical":"https:\/\/www.theconservative.online\/cs\/proc-ma-meloni-pravdu-v-otazce-evropske-obrany","og_locale":"cs_CZ","og_type":"article","og_title":"Pro\u010d m\u00e1 Meloni pravdu v ot\u00e1zce evropsk\u00e9 obrany - The Conservative","og_description":"V evropsk\u00e9 debat\u011b se ji\u017e l\u00e9ta o n\u00e1rodn\u00ed suverenit\u011b a evropsk\u00e9 integraci hovo\u0159\u00ed, jako by \u0161lo o nutn\u011b protich\u016fdn\u00e9 s\u00edly. Nejnov\u011bj\u0161\u00ed rozhodnut\u00ed It\u00e1lie v oblasti obrany nazna\u010duje, \u017ee toto rozli\u0161en\u00ed je st\u00e1le v\u00edce p\u0159ekonan\u00e9. Dne 26. srpna vl\u00e1da Giorgie Meloniov\u00e9 ofici\u00e1ln\u011b po\u017e\u00e1dala o 8 miliard eur z programu SAFE (Security Action for Europe), v jeho\u017e [&hellip;]","og_url":"https:\/\/www.theconservative.online\/cs\/proc-ma-meloni-pravdu-v-otazce-evropske-obrany","og_site_name":"The Conservative","article_published_time":"2026-08-29T13:22:55+00:00","og_image":[{"width":1000,"height":562,"url":"https:\/\/www.theconservative.online\/wp-content\/uploads\/2026\/07\/shutterstock_2504004119.jpg","type":"image\/jpeg"}],"author":"Alessandro Imperiali","twitter_card":"summary_large_image","twitter_misc":{"Napsal(a)":"Alessandro Imperiali","Odhadovan\u00e1 doba \u010dten\u00ed":"7 minut"},"schema":{"@context":"https:\/\/schema.org","@graph":[{"@type":"Article","@id":"https:\/\/www.theconservative.online\/cs\/proc-ma-meloni-pravdu-v-otazce-evropske-obrany#article","isPartOf":{"@id":"https:\/\/www.theconservative.online\/cs\/proc-ma-meloni-pravdu-v-otazce-evropske-obrany"},"author":{"name":"Alessandro Imperiali","@id":"https:\/\/www.theconservative.online\/cs#\/schema\/person\/33d9d2872a2c3304e70e1e2d857697a4"},"headline":"Pro\u010d m\u00e1 Meloni pravdu v ot\u00e1zce evropsk\u00e9 obrany","datePublished":"2026-08-29T13:22:55+00:00","mainEntityOfPage":{"@id":"https:\/\/www.theconservative.online\/cs\/proc-ma-meloni-pravdu-v-otazce-evropske-obrany"},"wordCount":1481,"image":{"@id":"https:\/\/www.theconservative.online\/cs\/proc-ma-meloni-pravdu-v-otazce-evropske-obrany#primaryimage"},"thumbnailUrl":"https:\/\/www.theconservative.online\/wp-content\/uploads\/2026\/07\/shutterstock_2504004119.jpg","articleSection":["Uncategorized @cs"],"inLanguage":"cs"},{"@type":"WebPage","@id":"https:\/\/www.theconservative.online\/cs\/proc-ma-meloni-pravdu-v-otazce-evropske-obrany","url":"https:\/\/www.theconservative.online\/cs\/proc-ma-meloni-pravdu-v-otazce-evropske-obrany","name":"Pro\u010d m\u00e1 Meloni pravdu v ot\u00e1zce evropsk\u00e9 obrany - The Conservative","isPartOf":{"@id":"https:\/\/www.theconservative.online\/cs#website"},"primaryImageOfPage":{"@id":"https:\/\/www.theconservative.online\/cs\/proc-ma-meloni-pravdu-v-otazce-evropske-obrany#primaryimage"},"image":{"@id":"https:\/\/www.theconservative.online\/cs\/proc-ma-meloni-pravdu-v-otazce-evropske-obrany#primaryimage"},"thumbnailUrl":"https:\/\/www.theconservative.online\/wp-content\/uploads\/2026\/07\/shutterstock_2504004119.jpg","datePublished":"2026-08-29T13:22:55+00:00","author":{"@id":"https:\/\/www.theconservative.online\/cs#\/schema\/person\/33d9d2872a2c3304e70e1e2d857697a4"},"breadcrumb":{"@id":"https:\/\/www.theconservative.online\/cs\/proc-ma-meloni-pravdu-v-otazce-evropske-obrany#breadcrumb"},"inLanguage":"cs","potentialAction":[{"@type":"ReadAction","target":["https:\/\/www.theconservative.online\/cs\/proc-ma-meloni-pravdu-v-otazce-evropske-obrany"]}]},{"@type":"ImageObject","inLanguage":"cs","@id":"https:\/\/www.theconservative.online\/cs\/proc-ma-meloni-pravdu-v-otazce-evropske-obrany#primaryimage","url":"https:\/\/www.theconservative.online\/wp-content\/uploads\/2026\/07\/shutterstock_2504004119.jpg","contentUrl":"https:\/\/www.theconservative.online\/wp-content\/uploads\/2026\/07\/shutterstock_2504004119.jpg","width":1000,"height":562},{"@type":"BreadcrumbList","@id":"https:\/\/www.theconservative.online\/cs\/proc-ma-meloni-pravdu-v-otazce-evropske-obrany#breadcrumb","itemListElement":[{"@type":"ListItem","position":1,"name":"Home","item":"https:\/\/www.theconservative.online\/cs"},{"@type":"ListItem","position":2,"name":"Pro\u010d m\u00e1 Meloni pravdu v ot\u00e1zce evropsk\u00e9 obrany"}]},{"@type":"WebSite","@id":"https:\/\/www.theconservative.online\/cs#website","url":"https:\/\/www.theconservative.online\/cs","name":"The Conservative","description":"","potentialAction":[{"@type":"SearchAction","target":{"@type":"EntryPoint","urlTemplate":"https:\/\/www.theconservative.online\/cs?s={search_term_string}"},"query-input":{"@type":"PropertyValueSpecification","valueRequired":true,"valueName":"search_term_string"}}],"inLanguage":"cs"},{"@type":"Person","@id":"https:\/\/www.theconservative.online\/cs#\/schema\/person\/33d9d2872a2c3304e70e1e2d857697a4","name":"Alessandro Imperiali","image":{"@type":"ImageObject","inLanguage":"cs","@id":"https:\/\/secure.gravatar.com\/avatar\/b0100c19f24c550ba9bfe3677f54670b5aa01be05349135a3763407297d150c6?s=96&d=mm&r=g","url":"https:\/\/secure.gravatar.com\/avatar\/b0100c19f24c550ba9bfe3677f54670b5aa01be05349135a3763407297d150c6?s=96&d=mm&r=g","contentUrl":"https:\/\/secure.gravatar.com\/avatar\/b0100c19f24c550ba9bfe3677f54670b5aa01be05349135a3763407297d150c6?s=96&d=mm&r=g","caption":"Alessandro Imperiali"},"url":"https:\/\/www.theconservative.online\/cs\/author\/imperiali-euaff-2026-2027"}]}},"acf":[],"_links":{"self":[{"href":"https:\/\/www.theconservative.online\/cs\/wp-json\/wp\/v2\/posts\/63086","targetHints":{"allow":["GET"]}}],"collection":[{"href":"https:\/\/www.theconservative.online\/cs\/wp-json\/wp\/v2\/posts"}],"about":[{"href":"https:\/\/www.theconservative.online\/cs\/wp-json\/wp\/v2\/types\/post"}],"author":[{"embeddable":true,"href":"https:\/\/www.theconservative.online\/cs\/wp-json\/wp\/v2\/users\/91"}],"replies":[{"embeddable":true,"href":"https:\/\/www.theconservative.online\/cs\/wp-json\/wp\/v2\/comments?post=63086"}],"version-history":[{"count":0,"href":"https:\/\/www.theconservative.online\/cs\/wp-json\/wp\/v2\/posts\/63086\/revisions"}],"wp:featuredmedia":[{"embeddable":true,"href":"https:\/\/www.theconservative.online\/cs\/wp-json\/wp\/v2\/media\/59270"}],"wp:attachment":[{"href":"https:\/\/www.theconservative.online\/cs\/wp-json\/wp\/v2\/media?parent=63086"}],"wp:term":[{"taxonomy":"category","embeddable":true,"href":"https:\/\/www.theconservative.online\/cs\/wp-json\/wp\/v2\/categories?post=63086"},{"taxonomy":"post_tag","embeddable":true,"href":"https:\/\/www.theconservative.online\/cs\/wp-json\/wp\/v2\/tags?post=63086"},{"taxonomy":"editorial-positions","embeddable":true,"href":"https:\/\/www.theconservative.online\/cs\/wp-json\/wp\/v2\/editorial-positions?post=63086"},{"taxonomy":"regions","embeddable":true,"href":"https:\/\/www.theconservative.online\/cs\/wp-json\/wp\/v2\/regions?post=63086"},{"taxonomy":"types","embeddable":true,"href":"https:\/\/www.theconservative.online\/cs\/wp-json\/wp\/v2\/types?post=63086"}],"curies":[{"name":"wp","href":"https:\/\/api.w.org\/{rel}","templated":true}]}}