{"id":62904,"date":"2026-08-31T13:57:45","date_gmt":"2026-08-31T13:57:45","guid":{"rendered":"https:\/\/www.theconservative.online\/algunas-reflexiones-tras-el-discurso-del-comisario-de-ampliacion-en-zagreb"},"modified":"2026-08-31T13:57:45","modified_gmt":"2026-08-31T13:57:45","slug":"algunas-reflexiones-tras-el-discurso-del-comisario-de-ampliacion-en-zagreb","status":"publish","type":"post","link":"https:\/\/www.theconservative.online\/es\/algunas-reflexiones-tras-el-discurso-del-comisario-de-ampliacion-en-zagreb","title":{"rendered":"Algunas reflexiones tras el discurso del comisario de Ampliaci\u00f3n en Zagreb"},"content":{"rendered":"<p style=\"font-weight: 400;\">Veintid\u00f3s a\u00f1os despu\u00e9s de la mayor oleada de ampliaci\u00f3n de la historia de la Uni\u00f3n Europea \u2014cuando 10 pa\u00edses se convirtieron oficialmente en miembros\u2014 y trece a\u00f1os despu\u00e9s de la entrada de Croacia, el tema de la ampliaci\u00f3n de la UE ha vuelto a convertirse en un asunto candente. Este es el periodo m\u00e1s largo que ha transcurrido desde la \u00faltima adhesi\u00f3n, y las perspectivas y los retos de una Uni\u00f3n m\u00e1s amplia son considerables. De cara a la cumbre del Consejo Europeo de mediados de octubre, el comisario de Ampliaci\u00f3n ha esbozado recientemente la visi\u00f3n \u00abreformista\u00bb de la Comisi\u00f3n respecto a futuras adhesiones.<\/p>\n<p style=\"font-weight: 400;\">En un discurso pronunciado el 24 de agosto en Zagreb, Marta Kos destac\u00f3 la importancia de cumplir los compromisos, las ventajas de una integraci\u00f3n gradual, un proceso de toma de decisiones m\u00e1s flexible y garant\u00edas m\u00e1s s\u00f3lidas para reforzar el Estado de derecho y los mecanismos democr\u00e1ticos.<\/p><div class='related_content'><span>RELATED<\/span><ul><li><a href='https:\/\/www.theconservative.online\/es\/el-no-de-islandia-y-la-europa-de-las-naciones'>El \u00abNo\u00bb de Islandia y la Europa de las Naciones<\/li><\/a><li><a href='https:\/\/www.theconservative.online\/es\/por-que-islandia-rechazo-entrar-en-la-ue'>Por qu\u00e9 Islandia rechaz\u00f3 entrar en la UE<\/li><\/a><li><a href='https:\/\/www.theconservative.online\/es\/la-reestructuracion-industrial-de-europa-pone-el-foco-en-china-la-energia-y-la-inversion'>La reestructuraci\u00f3n industrial de Europa pone el foco en China, la energ\u00eda y la inversi\u00f3n<\/li><\/a><\/ul><\/div>\n<p style=\"font-weight: 400;\">M\u00e1s all\u00e1 de los t\u00f3picos \u2014como que los pa\u00edses candidatos deben respetar de verdad \u00abnuestros valores comunes\u00bb\u2014, de ciertas declaraciones enf\u00e1ticas o de rendir homenaje a Croacia y a sus logros, el comisario Kos elogi\u00f3  <em>los avances sin precedentes<\/em>  que se han tomado este a\u00f1o en relaci\u00f3n con el proceso de ampliaci\u00f3n. Por un lado, tenemos a Montenegro, que es el pa\u00eds m\u00e1s cerca de entrar en la UE; Albania, que se pone como ejemplo por haber cerrado el cap\u00edtulo sobre el Estado de derecho; y Ucrania y la Rep\u00fablica de Moldavia. En cuanto a Islandia, en el momento del discurso en Zagreb, se estaba preparando para un refer\u00e9ndum sobre la reanudaci\u00f3n de las negociaciones de adhesi\u00f3n; sin embargo, el resultado del 29 de agosto \u2014cuando el 53 % de los ciudadanos vot\u00f3 en contra\u2014 puso fin de hecho a esa aspiraci\u00f3n.<\/p>\n<p style=\"font-weight: 400;\">M\u00e1s all\u00e1 de los casos individuales, que se encuentran en distintas \u00abfases\u00bb del proceso de adhesi\u00f3n, la cuesti\u00f3n es c\u00f3mo entender de verdad a qui\u00e9n estamos acogiendo dentro de nuestras fronteras. Una Uni\u00f3n que no es capaz de defender sus fronteras exteriores ante una amenaza existencial, una Uni\u00f3n asfixiada por un exceso de normativa y que promueve ideolog\u00edas que socavan de ra\u00edz la familia, la libertad de expresi\u00f3n y la soberan\u00eda nacional\u2026 \u00bfhasta qu\u00e9 punto est\u00e1 realmente preparada para seguir expandi\u00e9ndose? Ser\u00eda como una casa a la que se le a\u00f1ade una nueva planta mientras los cimientos se desmoronan.<\/p>\n<p style=\"font-weight: 400;\">El comisario Kos cree que el proceso de toma de decisiones debe ser m\u00e1s eficiente y flexible \u2014un objetivo leg\u00edtimo\u2014, pero una forma de lograrlo es reducir los \u00e1mbitos en los que un solo Estado miembro puede ejercer su veto. En otras palabras, el tipo de reforma que evitar\u00eda \u00absorpresas\u00bb desagradables por parte de Estados que no cumplen al cien por cien con Bruselas \u2014un tema que ha generado bastante resentimiento en los \u00faltimos a\u00f1os\u2014. Otra frase que utiliz\u00f3 el comisario esloveno fue la de garantizar que no se permita la entrada de \u00abcaballos de Troya\u00bb, para que ya no se puedan violar los \u00abvalores europeos fundamentales\u00bb y el \u00abEstado de derecho\u00bb. La misma ret\u00f3rica falaz que usan las pseudo\u00e9lites para ignorar a los pueblos y sus intereses. Estos son algunos de los pasos para que Europa recupere su \u00abindependencia\u00bb, tal y como la concibe el comisario de Ampliaci\u00f3n.<\/p>\n<p style=\"font-weight: 400;\">Todos estamos m\u00e1s que acostumbrados a la ret\u00f3rica grandilocuente y a las frases vac\u00edas. La ampliaci\u00f3n de la UE debe juzgarse en funci\u00f3n de hasta qu\u00e9 punto refuerza o debilita lo que hace que Europa sea Europa. Una Uni\u00f3n Europea ampliada deber\u00eda suponer un fortalecimiento de nuestro bloque, no un debilitamiento. \u00bfAporta m\u00e1s orden, m\u00e1s prosperidad y m\u00e1s respeto por los verdaderos valores, la libertad y la soberan\u00eda? Si la respuesta es \u00abs\u00ed\u00bb, entonces la ampliaci\u00f3n deber\u00eda ser bienvenida. Pero si solo sirve como herramienta para un proyecto ideol\u00f3gico a gran escala que pervierte sus objetivos declarados \u2014estabilidad, prosperidad y libertad\u2014, entonces hay que rechazarla o, como m\u00ednimo, tomarla con la m\u00e1xima cautela.<\/p>\n<p style=\"font-weight: 400;\">Para que la Uni\u00f3n Europea siga siendo una uni\u00f3n de naciones, es imprescindible que apueste por la claridad y el realismo. De lo contrario, corre el riesgo de acabar, m\u00e1s pronto que tarde, transformada en algo irreconocible. Y entonces, la ampliaci\u00f3n no ser\u00e1 m\u00e1s que otro clavo en el ata\u00fad.<\/p>\n<\/p>","protected":false},"excerpt":{"rendered":"<p>Veintid\u00f3s a\u00f1os despu\u00e9s de la mayor oleada de ampliaci\u00f3n de la historia de la Uni\u00f3n Europea \u2014cuando 10 pa\u00edses se convirtieron oficialmente en miembros\u2014 y trece a\u00f1os despu\u00e9s de la entrada de Croacia, el tema de la ampliaci\u00f3n de la UE ha vuelto a convertirse en un asunto candente. Este es el periodo m\u00e1s largo [&hellip;]<\/p>\n","protected":false},"author":78,"featured_media":62864,"comment_status":"closed","ping_status":"closed","sticky":false,"template":"","format":"standard","meta":{"footnotes":""},"categories":[179,260,165],"tags":[943,1305,1856,215,2692,599,72,3306,3484,3287,2589,213],"editorial-positions":[],"regions":[327,337,348,357,363],"types":[414,452],"class_list":["post-62904","post","type-post","status-publish","format-standard","has-post-thumbnail","hentry","category-ensayos","category-legal-es","category-politica-es","tag-albania","tag-brussels","tag-croatia","tag-eu","tag-eu-enlargement","tag-european-union","tag-iceland","tag-marta-kos","tag-montenegro","tag-republic-of-moldova","tag-sovereignty","tag-ukraine","regions-central-europe-es","regions-eastern-europe-es","regions-northern-europe-es","regions-southern-europe-es","regions-western-europe-es","types-news-es","types-opinion-es"],"yoast_head":"<!-- This site is optimized with the Yoast SEO plugin v28.0 - https:\/\/yoast.com\/product\/yoast-seo-wordpress\/ -->\n<title>Algunas reflexiones tras el discurso del comisario de Ampliaci\u00f3n en Zagreb - The Conservative<\/title>\n<meta name=\"robots\" content=\"index, follow, max-snippet:-1, max-image-preview:large, max-video-preview:-1\" \/>\n<link rel=\"canonical\" href=\"https:\/\/www.theconservative.online\/es\/algunas-reflexiones-tras-el-discurso-del-comisario-de-ampliacion-en-zagreb\" \/>\n<meta property=\"og:locale\" content=\"es_ES\" \/>\n<meta property=\"og:type\" content=\"article\" \/>\n<meta property=\"og:title\" content=\"Algunas reflexiones tras el discurso del comisario de Ampliaci\u00f3n en Zagreb - The Conservative\" \/>\n<meta property=\"og:description\" content=\"Veintid\u00f3s a\u00f1os despu\u00e9s de la mayor oleada de ampliaci\u00f3n de la historia de la Uni\u00f3n Europea \u2014cuando 10 pa\u00edses se convirtieron oficialmente en miembros\u2014 y trece a\u00f1os despu\u00e9s de la entrada de Croacia, el tema de la ampliaci\u00f3n de la UE ha vuelto a convertirse en un asunto candente. Este es el periodo m\u00e1s largo [&hellip;]\" \/>\n<meta property=\"og:url\" content=\"https:\/\/www.theconservative.online\/es\/algunas-reflexiones-tras-el-discurso-del-comisario-de-ampliacion-en-zagreb\" \/>\n<meta property=\"og:site_name\" content=\"The Conservative\" \/>\n<meta property=\"article:published_time\" content=\"2026-08-31T13:57:45+00:00\" \/>\n<meta property=\"og:image\" content=\"https:\/\/www.theconservative.online\/wp-content\/uploads\/2026\/08\/shutterstock_2385621941.jpg\" \/>\n\t<meta property=\"og:image:width\" content=\"1000\" \/>\n\t<meta property=\"og:image:height\" content=\"667\" \/>\n\t<meta property=\"og:image:type\" content=\"image\/jpeg\" \/>\n<meta name=\"author\" content=\"Dragos Moldoveanu\" \/>\n<meta name=\"twitter:card\" content=\"summary_large_image\" \/>\n<meta name=\"twitter:label1\" content=\"Escrito por\" \/>\n\t<meta name=\"twitter:data1\" content=\"Dragos Moldoveanu\" \/>\n\t<meta name=\"twitter:label2\" content=\"Tiempo de lectura\" \/>\n\t<meta name=\"twitter:data2\" content=\"4 minutos\" \/>\n<script type=\"application\/ld+json\" class=\"yoast-schema-graph\">{\"@context\":\"https:\\\/\\\/schema.org\",\"@graph\":[{\"@type\":\"Article\",\"@id\":\"https:\\\/\\\/www.theconservative.online\\\/es\\\/algunas-reflexiones-tras-el-discurso-del-comisario-de-ampliacion-en-zagreb#article\",\"isPartOf\":{\"@id\":\"https:\\\/\\\/www.theconservative.online\\\/es\\\/algunas-reflexiones-tras-el-discurso-del-comisario-de-ampliacion-en-zagreb\"},\"author\":{\"name\":\"Dragos Moldoveanu\",\"@id\":\"https:\\\/\\\/www.theconservative.online\\\/es#\\\/schema\\\/person\\\/7a10b03a9f7406e09ce879035f4d80c1\"},\"headline\":\"Algunas reflexiones tras el discurso del comisario de Ampliaci\u00f3n en Zagreb\",\"datePublished\":\"2026-08-31T13:57:45+00:00\",\"mainEntityOfPage\":{\"@id\":\"https:\\\/\\\/www.theconservative.online\\\/es\\\/algunas-reflexiones-tras-el-discurso-del-comisario-de-ampliacion-en-zagreb\"},\"wordCount\":791,\"image\":{\"@id\":\"https:\\\/\\\/www.theconservative.online\\\/es\\\/algunas-reflexiones-tras-el-discurso-del-comisario-de-ampliacion-en-zagreb#primaryimage\"},\"thumbnailUrl\":\"https:\\\/\\\/www.theconservative.online\\\/wp-content\\\/uploads\\\/2026\\\/08\\\/shutterstock_2385621941.jpg\",\"keywords\":[\"Albania\",\"Brussels\",\"croatia\",\"EU\",\"EU enlargement\",\"European Union\",\"Iceland\",\"Marta Kos\",\"Montenegro\",\"Republic of Moldova\",\"sovereignty\",\"Ukraine\"],\"articleSection\":[\"Ensayos\",\"Legal\",\"Pol\u00edtica\"],\"inLanguage\":\"es\"},{\"@type\":\"WebPage\",\"@id\":\"https:\\\/\\\/www.theconservative.online\\\/es\\\/algunas-reflexiones-tras-el-discurso-del-comisario-de-ampliacion-en-zagreb\",\"url\":\"https:\\\/\\\/www.theconservative.online\\\/es\\\/algunas-reflexiones-tras-el-discurso-del-comisario-de-ampliacion-en-zagreb\",\"name\":\"Algunas reflexiones tras el discurso del comisario de Ampliaci\u00f3n en Zagreb - The Conservative\",\"isPartOf\":{\"@id\":\"https:\\\/\\\/www.theconservative.online\\\/es#website\"},\"primaryImageOfPage\":{\"@id\":\"https:\\\/\\\/www.theconservative.online\\\/es\\\/algunas-reflexiones-tras-el-discurso-del-comisario-de-ampliacion-en-zagreb#primaryimage\"},\"image\":{\"@id\":\"https:\\\/\\\/www.theconservative.online\\\/es\\\/algunas-reflexiones-tras-el-discurso-del-comisario-de-ampliacion-en-zagreb#primaryimage\"},\"thumbnailUrl\":\"https:\\\/\\\/www.theconservative.online\\\/wp-content\\\/uploads\\\/2026\\\/08\\\/shutterstock_2385621941.jpg\",\"datePublished\":\"2026-08-31T13:57:45+00:00\",\"author\":{\"@id\":\"https:\\\/\\\/www.theconservative.online\\\/es#\\\/schema\\\/person\\\/7a10b03a9f7406e09ce879035f4d80c1\"},\"breadcrumb\":{\"@id\":\"https:\\\/\\\/www.theconservative.online\\\/es\\\/algunas-reflexiones-tras-el-discurso-del-comisario-de-ampliacion-en-zagreb#breadcrumb\"},\"inLanguage\":\"es\",\"potentialAction\":[{\"@type\":\"ReadAction\",\"target\":[\"https:\\\/\\\/www.theconservative.online\\\/es\\\/algunas-reflexiones-tras-el-discurso-del-comisario-de-ampliacion-en-zagreb\"]}]},{\"@type\":\"ImageObject\",\"inLanguage\":\"es\",\"@id\":\"https:\\\/\\\/www.theconservative.online\\\/es\\\/algunas-reflexiones-tras-el-discurso-del-comisario-de-ampliacion-en-zagreb#primaryimage\",\"url\":\"https:\\\/\\\/www.theconservative.online\\\/wp-content\\\/uploads\\\/2026\\\/08\\\/shutterstock_2385621941.jpg\",\"contentUrl\":\"https:\\\/\\\/www.theconservative.online\\\/wp-content\\\/uploads\\\/2026\\\/08\\\/shutterstock_2385621941.jpg\",\"width\":1000,\"height\":667},{\"@type\":\"BreadcrumbList\",\"@id\":\"https:\\\/\\\/www.theconservative.online\\\/es\\\/algunas-reflexiones-tras-el-discurso-del-comisario-de-ampliacion-en-zagreb#breadcrumb\",\"itemListElement\":[{\"@type\":\"ListItem\",\"position\":1,\"name\":\"Home\",\"item\":\"https:\\\/\\\/www.theconservative.online\\\/es\"},{\"@type\":\"ListItem\",\"position\":2,\"name\":\"Algunas reflexiones tras el discurso del comisario de Ampliaci\u00f3n en Zagreb\"}]},{\"@type\":\"WebSite\",\"@id\":\"https:\\\/\\\/www.theconservative.online\\\/es#website\",\"url\":\"https:\\\/\\\/www.theconservative.online\\\/es\",\"name\":\"The Conservative\",\"description\":\"\",\"potentialAction\":[{\"@type\":\"SearchAction\",\"target\":{\"@type\":\"EntryPoint\",\"urlTemplate\":\"https:\\\/\\\/www.theconservative.online\\\/es?s={search_term_string}\"},\"query-input\":{\"@type\":\"PropertyValueSpecification\",\"valueRequired\":true,\"valueName\":\"search_term_string\"}}],\"inLanguage\":\"es\"},{\"@type\":\"Person\",\"@id\":\"https:\\\/\\\/www.theconservative.online\\\/es#\\\/schema\\\/person\\\/7a10b03a9f7406e09ce879035f4d80c1\",\"name\":\"Dragos Moldoveanu\",\"image\":{\"@type\":\"ImageObject\",\"inLanguage\":\"es\",\"@id\":\"https:\\\/\\\/secure.gravatar.com\\\/avatar\\\/1975d1359c2a3183ef646321e1f6bcc60bbd4fe3f1c556f50988447a540d242c?s=96&d=mm&r=g\",\"url\":\"https:\\\/\\\/secure.gravatar.com\\\/avatar\\\/1975d1359c2a3183ef646321e1f6bcc60bbd4fe3f1c556f50988447a540d242c?s=96&d=mm&r=g\",\"contentUrl\":\"https:\\\/\\\/secure.gravatar.com\\\/avatar\\\/1975d1359c2a3183ef646321e1f6bcc60bbd4fe3f1c556f50988447a540d242c?s=96&d=mm&r=g\",\"caption\":\"Dragos Moldoveanu\"},\"url\":\"https:\\\/\\\/www.theconservative.online\\\/es\\\/author\\\/moldoveanu-euspec-2025-26\"}]}<\/script>\n<!-- \/ Yoast SEO plugin. -->","yoast_head_json":{"title":"Algunas reflexiones tras el discurso del comisario de Ampliaci\u00f3n en Zagreb - The Conservative","robots":{"index":"index","follow":"follow","max-snippet":"max-snippet:-1","max-image-preview":"max-image-preview:large","max-video-preview":"max-video-preview:-1"},"canonical":"https:\/\/www.theconservative.online\/es\/algunas-reflexiones-tras-el-discurso-del-comisario-de-ampliacion-en-zagreb","og_locale":"es_ES","og_type":"article","og_title":"Algunas reflexiones tras el discurso del comisario de Ampliaci\u00f3n en Zagreb - The Conservative","og_description":"Veintid\u00f3s a\u00f1os despu\u00e9s de la mayor oleada de ampliaci\u00f3n de la historia de la Uni\u00f3n Europea \u2014cuando 10 pa\u00edses se convirtieron oficialmente en miembros\u2014 y trece a\u00f1os despu\u00e9s de la entrada de Croacia, el tema de la ampliaci\u00f3n de la UE ha vuelto a convertirse en un asunto candente. Este es el periodo m\u00e1s largo [&hellip;]","og_url":"https:\/\/www.theconservative.online\/es\/algunas-reflexiones-tras-el-discurso-del-comisario-de-ampliacion-en-zagreb","og_site_name":"The Conservative","article_published_time":"2026-08-31T13:57:45+00:00","og_image":[{"width":1000,"height":667,"url":"https:\/\/www.theconservative.online\/wp-content\/uploads\/2026\/08\/shutterstock_2385621941.jpg","type":"image\/jpeg"}],"author":"Dragos Moldoveanu","twitter_card":"summary_large_image","twitter_misc":{"Escrito por":"Dragos Moldoveanu","Tiempo de lectura":"4 minutos"},"schema":{"@context":"https:\/\/schema.org","@graph":[{"@type":"Article","@id":"https:\/\/www.theconservative.online\/es\/algunas-reflexiones-tras-el-discurso-del-comisario-de-ampliacion-en-zagreb#article","isPartOf":{"@id":"https:\/\/www.theconservative.online\/es\/algunas-reflexiones-tras-el-discurso-del-comisario-de-ampliacion-en-zagreb"},"author":{"name":"Dragos Moldoveanu","@id":"https:\/\/www.theconservative.online\/es#\/schema\/person\/7a10b03a9f7406e09ce879035f4d80c1"},"headline":"Algunas reflexiones tras el discurso del comisario de Ampliaci\u00f3n en Zagreb","datePublished":"2026-08-31T13:57:45+00:00","mainEntityOfPage":{"@id":"https:\/\/www.theconservative.online\/es\/algunas-reflexiones-tras-el-discurso-del-comisario-de-ampliacion-en-zagreb"},"wordCount":791,"image":{"@id":"https:\/\/www.theconservative.online\/es\/algunas-reflexiones-tras-el-discurso-del-comisario-de-ampliacion-en-zagreb#primaryimage"},"thumbnailUrl":"https:\/\/www.theconservative.online\/wp-content\/uploads\/2026\/08\/shutterstock_2385621941.jpg","keywords":["Albania","Brussels","croatia","EU","EU enlargement","European Union","Iceland","Marta Kos","Montenegro","Republic of Moldova","sovereignty","Ukraine"],"articleSection":["Ensayos","Legal","Pol\u00edtica"],"inLanguage":"es"},{"@type":"WebPage","@id":"https:\/\/www.theconservative.online\/es\/algunas-reflexiones-tras-el-discurso-del-comisario-de-ampliacion-en-zagreb","url":"https:\/\/www.theconservative.online\/es\/algunas-reflexiones-tras-el-discurso-del-comisario-de-ampliacion-en-zagreb","name":"Algunas reflexiones tras el discurso del comisario de Ampliaci\u00f3n en Zagreb - The Conservative","isPartOf":{"@id":"https:\/\/www.theconservative.online\/es#website"},"primaryImageOfPage":{"@id":"https:\/\/www.theconservative.online\/es\/algunas-reflexiones-tras-el-discurso-del-comisario-de-ampliacion-en-zagreb#primaryimage"},"image":{"@id":"https:\/\/www.theconservative.online\/es\/algunas-reflexiones-tras-el-discurso-del-comisario-de-ampliacion-en-zagreb#primaryimage"},"thumbnailUrl":"https:\/\/www.theconservative.online\/wp-content\/uploads\/2026\/08\/shutterstock_2385621941.jpg","datePublished":"2026-08-31T13:57:45+00:00","author":{"@id":"https:\/\/www.theconservative.online\/es#\/schema\/person\/7a10b03a9f7406e09ce879035f4d80c1"},"breadcrumb":{"@id":"https:\/\/www.theconservative.online\/es\/algunas-reflexiones-tras-el-discurso-del-comisario-de-ampliacion-en-zagreb#breadcrumb"},"inLanguage":"es","potentialAction":[{"@type":"ReadAction","target":["https:\/\/www.theconservative.online\/es\/algunas-reflexiones-tras-el-discurso-del-comisario-de-ampliacion-en-zagreb"]}]},{"@type":"ImageObject","inLanguage":"es","@id":"https:\/\/www.theconservative.online\/es\/algunas-reflexiones-tras-el-discurso-del-comisario-de-ampliacion-en-zagreb#primaryimage","url":"https:\/\/www.theconservative.online\/wp-content\/uploads\/2026\/08\/shutterstock_2385621941.jpg","contentUrl":"https:\/\/www.theconservative.online\/wp-content\/uploads\/2026\/08\/shutterstock_2385621941.jpg","width":1000,"height":667},{"@type":"BreadcrumbList","@id":"https:\/\/www.theconservative.online\/es\/algunas-reflexiones-tras-el-discurso-del-comisario-de-ampliacion-en-zagreb#breadcrumb","itemListElement":[{"@type":"ListItem","position":1,"name":"Home","item":"https:\/\/www.theconservative.online\/es"},{"@type":"ListItem","position":2,"name":"Algunas reflexiones tras el discurso del comisario de Ampliaci\u00f3n en Zagreb"}]},{"@type":"WebSite","@id":"https:\/\/www.theconservative.online\/es#website","url":"https:\/\/www.theconservative.online\/es","name":"The Conservative","description":"","potentialAction":[{"@type":"SearchAction","target":{"@type":"EntryPoint","urlTemplate":"https:\/\/www.theconservative.online\/es?s={search_term_string}"},"query-input":{"@type":"PropertyValueSpecification","valueRequired":true,"valueName":"search_term_string"}}],"inLanguage":"es"},{"@type":"Person","@id":"https:\/\/www.theconservative.online\/es#\/schema\/person\/7a10b03a9f7406e09ce879035f4d80c1","name":"Dragos Moldoveanu","image":{"@type":"ImageObject","inLanguage":"es","@id":"https:\/\/secure.gravatar.com\/avatar\/1975d1359c2a3183ef646321e1f6bcc60bbd4fe3f1c556f50988447a540d242c?s=96&d=mm&r=g","url":"https:\/\/secure.gravatar.com\/avatar\/1975d1359c2a3183ef646321e1f6bcc60bbd4fe3f1c556f50988447a540d242c?s=96&d=mm&r=g","contentUrl":"https:\/\/secure.gravatar.com\/avatar\/1975d1359c2a3183ef646321e1f6bcc60bbd4fe3f1c556f50988447a540d242c?s=96&d=mm&r=g","caption":"Dragos Moldoveanu"},"url":"https:\/\/www.theconservative.online\/es\/author\/moldoveanu-euspec-2025-26"}]}},"acf":[],"_links":{"self":[{"href":"https:\/\/www.theconservative.online\/es\/wp-json\/wp\/v2\/posts\/62904","targetHints":{"allow":["GET"]}}],"collection":[{"href":"https:\/\/www.theconservative.online\/es\/wp-json\/wp\/v2\/posts"}],"about":[{"href":"https:\/\/www.theconservative.online\/es\/wp-json\/wp\/v2\/types\/post"}],"author":[{"embeddable":true,"href":"https:\/\/www.theconservative.online\/es\/wp-json\/wp\/v2\/users\/78"}],"replies":[{"embeddable":true,"href":"https:\/\/www.theconservative.online\/es\/wp-json\/wp\/v2\/comments?post=62904"}],"version-history":[{"count":0,"href":"https:\/\/www.theconservative.online\/es\/wp-json\/wp\/v2\/posts\/62904\/revisions"}],"wp:featuredmedia":[{"embeddable":true,"href":"https:\/\/www.theconservative.online\/es\/wp-json\/wp\/v2\/media\/62864"}],"wp:attachment":[{"href":"https:\/\/www.theconservative.online\/es\/wp-json\/wp\/v2\/media?parent=62904"}],"wp:term":[{"taxonomy":"category","embeddable":true,"href":"https:\/\/www.theconservative.online\/es\/wp-json\/wp\/v2\/categories?post=62904"},{"taxonomy":"post_tag","embeddable":true,"href":"https:\/\/www.theconservative.online\/es\/wp-json\/wp\/v2\/tags?post=62904"},{"taxonomy":"editorial-positions","embeddable":true,"href":"https:\/\/www.theconservative.online\/es\/wp-json\/wp\/v2\/editorial-positions?post=62904"},{"taxonomy":"regions","embeddable":true,"href":"https:\/\/www.theconservative.online\/es\/wp-json\/wp\/v2\/regions?post=62904"},{"taxonomy":"types","embeddable":true,"href":"https:\/\/www.theconservative.online\/es\/wp-json\/wp\/v2\/types?post=62904"}],"curies":[{"name":"wp","href":"https:\/\/api.w.org\/{rel}","templated":true}]}}