{"id":62916,"date":"2026-08-31T13:57:52","date_gmt":"2026-08-31T13:57:52","guid":{"rendered":"https:\/\/www.theconservative.online\/el-no-de-islandia-y-la-europa-de-las-naciones"},"modified":"2026-08-31T13:57:52","modified_gmt":"2026-08-31T13:57:52","slug":"el-no-de-islandia-y-la-europa-de-las-naciones","status":"publish","type":"post","link":"https:\/\/www.theconservative.online\/es\/el-no-de-islandia-y-la-europa-de-las-naciones","title":{"rendered":"El \u00abNo\u00bb de Islandia y la Europa de las Naciones"},"content":{"rendered":"<p><em>Al rechazar la reapertura de las negociaciones de adhesi\u00f3n a la UE, los islandeses defendieron el control sobre sus recursos y apoyaron una forma de cooperaci\u00f3n europea que mantiene la autoridad democr\u00e1tica m\u00e1s cerca de casa.<\/em><\/p>\n<p>Bruselas se hab\u00eda hecho ilusiones de que Islandia pudiera convertirse en el \u00e9xito m\u00e1s sencillo de la ampliaci\u00f3n de la Uni\u00f3n Europea. El pa\u00eds es rico, democr\u00e1tico y ya est\u00e1 muy integrado en gran parte del orden comercial y jur\u00eddico europeo. Sin embargo, el 29 de agosto, los islandeses se negaron incluso a reabrir las negociaciones de adhesi\u00f3n que se abandonaron hace m\u00e1s de una d\u00e9cada. <a href=\"https:\/\/www.internazionale.it\/ultime-notizie-reuters\/2026\/08\/30\/iceland-votes-on-whether-to-start-eu-membership-talks\">El resultado final<\/a> fue del 52,8 % a favor del \u00abno\u00bb y del 47,2 % a favor del \u00abs\u00ed\u00bb, con una participaci\u00f3n del 82,5 %. Esa participaci\u00f3n inusualmente alta le da a la decisi\u00f3n un peso democr\u00e1tico que el estrecho margen no resta.<\/p><div class='related_content'><span>RELATED<\/span><ul><li><a href='https:\/\/www.theconservative.online\/es\/algunas-reflexiones-tras-el-discurso-del-comisario-de-ampliacion-en-zagreb'>Algunas reflexiones tras el discurso del comisario de Ampliaci\u00f3n en Zagreb<\/li><\/a><li><a href='https:\/\/www.theconservative.online\/es\/por-que-islandia-rechazo-entrar-en-la-ue'>Por qu\u00e9 Islandia rechaz\u00f3 entrar en la UE<\/li><\/a><li><a href='https:\/\/www.theconservative.online\/es\/la-reestructuracion-industrial-de-europa-pone-el-foco-en-china-la-energia-y-la-inversion'>La reestructuraci\u00f3n industrial de Europa pone el foco en China, la energ\u00eda y la inversi\u00f3n<\/li><\/a><\/ul><\/div>\n<p>La forma en que se formula la pregunta importa. Islandia no vot\u00f3 sobre un tratado de adhesi\u00f3n ya cerrado, ni vot\u00f3 para romper sus lazos con el continente. La pregunta consultiva era si el Gobierno deb\u00eda reanudar las negociaciones de adhesi\u00f3n. Un \u00abs\u00ed\u00bb solo habr\u00eda dado pie a las negociaciones, con la promesa de celebrar otro refer\u00e9ndum antes de que la adhesi\u00f3n pudiera entrar en vigor. El electorado rechaz\u00f3 incluso ese mandato preliminar. No fue un voto en contra de Europa; fue un rechazo a aceptar que una cooperaci\u00f3n europea m\u00e1s estrecha deba conducir, tarde o temprano, a la adhesi\u00f3n pol\u00edtica a la Uni\u00f3n.<\/p>\n<p>El gobierno de centroizquierda hab\u00eda intentado defender su postura en unas circunstancias inusualmente favorables. El colapso de los antiguos supuestos comerciales, las tensiones en el \u00c1rtico y el inter\u00e9s reiterado del presidente Donald Trump por adquirir la vecina Groenlandia se presentaron como razones para buscar refugio en un bloque pol\u00edtico m\u00e1s amplio. Los partidarios tambi\u00e9n argumentaron que una eventual entrada en el euro podr\u00eda aliviar los altos tipos de inter\u00e9s y las presiones del coste de la vida en Islandia. Durante un tiempo, las encuestas apuntaban a que podr\u00eda prevalecer un \u00abs\u00ed\u00bb cauteloso a las negociaciones. En cambio, los votantes separaron los problemas reales a los que se enfrenta su pa\u00eds de la respuesta institucional propuesta por el Gobierno.<\/p>\n<p>El mapa de los resultados electorales cuenta parte de la historia. Solo las dos circunscripciones del centro de Reikiavik apoyaron la reanudaci\u00f3n de las negociaciones; los barrios perif\u00e9ricos de la capital y el resto del pa\u00eds votaron \u00abno\u00bb. Esa divisi\u00f3n no deber\u00eda reducirse a la vieja costumbre metropolitana de considerar la cautela rural como ignorancia. Fuera de la capital, los costes de ceder la autoridad sobre la tierra, la producci\u00f3n alimentaria y los recursos marinos son menos te\u00f3ricos. Las comunidades que viven de esos sectores saben perfectamente qu\u00e9 decisiones se pondr\u00edan en juego en Bruselas y qu\u00e9 protecciones nacionales podr\u00edan convertirse en excepciones temporales.<\/p>\n<p>La pesca fue clave porque no es ni una pieza de museo ni un s\u00edmbolo de campa\u00f1a. El sector aporta alrededor del 15 % de la producci\u00f3n islandesa, si se incluyen las actividades directas e indirectas, y aproximadamente el 40 % de los ingresos por exportaciones. El control de los caladeros se consigui\u00f3 tras un duro conflicto pol\u00edtico durante las \u00abguerras del bacalao\u00bb y sigue estando muy ligado a la forma en que el pa\u00eds entiende la independencia. Puede que la Pol\u00edtica Pesquera Com\u00fan de la Uni\u00f3n Europea permita cierta flexibilidad negociada, como insist\u00edan sus defensores. Pero los islandeses ten\u00edan todo el derecho a preguntarse qu\u00e9 pasar\u00eda cuando esa flexibilidad se topara con una futura mayor\u00eda cualificada, una nueva Comisi\u00f3n o reclamaciones contrapuestas de los Estados miembros m\u00e1s grandes.<\/p>\n<p>La l\u00edder de la oposici\u00f3n, Gu\u00f0r\u00fan Hafsteinsd\u00f3ttir, plante\u00f3 el argumento econ\u00f3mico con una franqueza muy \u00fatil durante la campa\u00f1a: los problemas internos de Islandia deben resolverlos los pol\u00edticos islandeses, no son tareas que se puedan externalizar a Bruselas. Eso fue m\u00e1s que un eslogan. La adhesi\u00f3n puede cambiar el marco en el que act\u00faan los gobiernos, pero no puede eximir a los l\u00edderes nacionales de su responsabilidad en materia de vivienda, inflaci\u00f3n, productividad o gasto p\u00fablico. La promesa de que el euro pondr\u00eda orden en la pol\u00edtica islandesa tambi\u00e9n era una admisi\u00f3n de que el pa\u00eds renunciar\u00eda al tipo de cambio y a las herramientas monetarias con las que hab\u00eda respondido a crisis anteriores. A los votantes se les ofreci\u00f3 una compensaci\u00f3n, no una mejora sin coste alguno.<\/p>\n<p>Islandia podr\u00eda tomar esta decisi\u00f3n porque ya cuenta con un acuerdo europeo viable, aunque imperfecto. A trav\u00e9s del <a href=\"https:\/\/www.efta.int\/eea-relations-eu\/qa-about-eea-agreement\">Espacio Econ\u00f3mico Europeo<\/a>, en vigor desde 1994, Islandia participa en el mercado \u00fanico junto con Noruega y Liechtenstein. Los bienes, los servicios, el capital y las personas circulan bajo unas normas comunes. Islandia tambi\u00e9n forma parte del espacio Schengen y sigue siendo miembro de la Asociaci\u00f3n Europea de Libre Comercio. El EEE no incluye las pol\u00edticas comunes de agricultura y pesca de la UE, la uni\u00f3n aduanera, la pol\u00edtica comercial com\u00fan ni la uni\u00f3n econ\u00f3mica y monetaria. Esas exclusiones dejan margen para la decisi\u00f3n nacional precisamente en los \u00e1mbitos que los votantes islandeses consideran m\u00e1s importantes.<\/p>\n<p>Este acuerdo tiene un punto d\u00e9bil de verdad. Islandia adopta gran parte de la legislaci\u00f3n del mercado \u00fanico sin tener esca\u00f1os ni derecho a voto en el Parlamento Europeo ni en el Consejo de la Uni\u00f3n Europea. Los pa\u00edses del EEE pueden ayudar a dar forma a las propuestas en una fase temprana, pero no participan en las decisiones finales oficiales de la Uni\u00f3n. Los defensores de la adhesi\u00f3n ten\u00edan raz\u00f3n al se\u00f1alar ese d\u00e9ficit democr\u00e1tico. Sin embargo, la respuesta depende de qu\u00e9 valore m\u00e1s un pa\u00eds: tener voto en unas instituciones que ejercen mayores competencias, o la capacidad de mantener ciertas competencias totalmente al margen de esas instituciones. El s\u00e1bado, la mayor\u00eda se decant\u00f3 por esta segunda opci\u00f3n. La primera ministra Kristr\u00fan Frostad\u00f3ttir reconoci\u00f3 el mensaje y afirm\u00f3 que una de las principales lecciones era que la gente est\u00e1 contenta con el EEE.<\/p>\n<p>Algunos federalistas dir\u00e1n que el EEE le permite a Islandia tener acceso al mercado sin tener que asumir las responsabilidades que conlleva ser miembro. Esa cr\u00edtica solo tiene sentido si todos los beneficios de la cooperaci\u00f3n econ\u00f3mica tienen que pagarse con integraci\u00f3n pol\u00edtica. Islandia contribuye a los programas pertinentes, acepta la supervisi\u00f3n de las instituciones de la AELC e incorpora una parte importante de la legislaci\u00f3n del mercado \u00fanico. Su acuerdo no es gratuito, ni supone un aislamiento soberano. Se trata de un reparto de responsabilidades negociado. El hecho de que la Uni\u00f3n acepte un acuerdo as\u00ed demuestra que Europa ya cuenta con m\u00e1s de una arquitectura constitucional. El refer\u00e9ndum preguntaba si los islandeses quer\u00edan cambiar la suya por otra. Y no quisieron.<\/p>\n<p>La seguridad no ha cambiado ese c\u00e1lculo. Islandia es miembro fundador de la OTAN, no tiene ej\u00e9rcito permanente y depende en gran medida de su relaci\u00f3n de defensa con Estados Unidos. Su ubicaci\u00f3n ha cobrado mayor importancia ahora que el Atl\u00e1ntico Norte y el \u00c1rtico vuelven a estar en el centro de la competencia entre las grandes potencias. Estos hechos exigen una inversi\u00f3n m\u00e1s seria en resiliencia nacional, puertos, vigilancia y acceso de los aliados. No demuestran que la pertenencia a la UE suponga una garant\u00eda de seguridad alternativa. El Gobierno pidi\u00f3 a los votantes que consideraran la inquietud geopol\u00edtica como un argumento a favor de las negociaciones de adhesi\u00f3n; el electorado se neg\u00f3 a mezclar dos cuestiones distintas en una sola.<\/p>\n<p>Para Bruselas, el resultado es m\u00e1s que una oportunidad perdida en materia de relaciones p\u00fablicas. Islandia no habr\u00eda necesitado ninguna de las reformas institucionales que se exigen a muchos de los candidatos actuales. Su entrada se podr\u00eda haber presentado como prueba de que la ampliaci\u00f3n sigue atrayendo a democracias pr\u00f3speras y consolidadas tras el Brexit. Pero la ampliaci\u00f3n no se puede justificar solo por la preparaci\u00f3n administrativa de un candidato. Tambi\u00e9n requiere el consentimiento duradero de la gente que se espera que ceda competencias. Si ese consentimiento no existe ni siquiera en un socio cercano, la respuesta adecuada no es patologizar a los votantes, sino preguntarse por qu\u00e9 la oferta de la Uni\u00f3n no super\u00f3 el valor del statu quo.<\/p>\n<p>La primera reacci\u00f3n de la UE fue, como era de esperar, mesurada. El presidente del Consejo Europeo, Ant\u00f3nio Costa, le dijo a Frostad\u00f3ttir que la Uni\u00f3n <a href=\"https:\/\/www.euronews.com\/my-europe\/2026\/08\/30\/a-close-partner-eu-offers-muted-reaction-after-iceland-rebuffs-accession-talks\">respetaba plenamente la decisi\u00f3n democr\u00e1tica<\/a>, mientras que un portavoz describi\u00f3 a Islandia como uno de sus socios m\u00e1s cercanos y de mayor confianza. Ese discurso deber\u00eda convertirse en pol\u00edtica. Un orden europeo maduro debe ser capaz de mantener relaciones s\u00f3lidas con pa\u00edses que eligen distintos grados de integraci\u00f3n. La asociaci\u00f3n no deber\u00eda tratarse como una sala de espera en la que se espera que toda democracia europea que tenga \u00e9xito acabe solicitando la adhesi\u00f3n plena.<\/p>\n<p>Detr\u00e1s de la decisi\u00f3n islandesa hay una idea europea conservadora. La <a href=\"https:\/\/ecrparty.eu\/about-us\/\">Declaraci\u00f3n de Reikiavik<\/a> habla de una Europa de naciones independientes que colaboran en beneficio mutuo, conservando al mismo tiempo su identidad e integridad. Tambi\u00e9n afirma la igualdad de las democracias europeas, independientemente de las asociaciones internacionales a las que se unan, y aboga por que el poder se ejerza al nivel m\u00e1s bajo posible. Esos principios no implican hostilidad hacia la UE. Lo que exigen es que la Uni\u00f3n siga siendo un medio de cooperaci\u00f3n, sujeto al consentimiento democr\u00e1tico, en lugar de la \u00fanica medida de la legitimidad europea de un pa\u00eds.<\/p>\n<p>El acuerdo actual de Islandia seguir\u00e1 siendo objeto de debate, como debe ser. El EEE impone normas adem\u00e1s de abrir mercados, y el debate monetario no va a desaparecer. Tampoco hay que confundir una mayor\u00eda del 52,8 % con un acuerdo definitivo en un pa\u00eds dividido. No obstante, ha zanjado una cuesti\u00f3n para la legislatura de este Gobierno: la cooperaci\u00f3n con Europa no implica la obligaci\u00f3n de entrar en la Uni\u00f3n. Bruselas har\u00eda bien en aceptar esa distinci\u00f3n. Una Europa con la confianza suficiente para dar cabida a varias formas de pertenencia ser\u00e1 m\u00e1s fuerte que una que considere la adhesi\u00f3n como el \u00fanico destino respetable.<\/p>\n<\/p>","protected":false},"excerpt":{"rendered":"<p>Al rechazar la reapertura de las negociaciones de adhesi\u00f3n a la UE, los islandeses defendieron el control sobre sus recursos y apoyaron una forma de cooperaci\u00f3n europea que mantiene la autoridad democr\u00e1tica m\u00e1s cerca de casa. Bruselas se hab\u00eda hecho ilusiones de que Islandia pudiera convertirse en el \u00e9xito m\u00e1s sencillo de la ampliaci\u00f3n de [&hellip;]<\/p>\n","protected":false},"author":81,"featured_media":62842,"comment_status":"closed","ping_status":"closed","sticky":false,"template":"","format":"standard","meta":{"footnotes":""},"categories":[1471,260,165],"tags":[3388,599,3483,72,2706],"editorial-positions":[42],"regions":[348],"types":[452],"class_list":["post-62916","post","type-post","status-publish","format-standard","has-post-thumbnail","hentry","category-construir-una-europa-conservadora","category-legal-es","category-politica-es","tag-european-economic-area","tag-european-union","tag-fisheries-policy","tag-iceland","tag-national-sovereignty","editorial-positions-focus","regions-northern-europe-es","types-opinion-es"],"yoast_head":"<!-- This site is optimized with the Yoast SEO plugin v28.0 - https:\/\/yoast.com\/product\/yoast-seo-wordpress\/ -->\n<title>El \u00abNo\u00bb de Islandia y la Europa de las Naciones - The Conservative<\/title>\n<meta name=\"robots\" content=\"index, follow, max-snippet:-1, max-image-preview:large, max-video-preview:-1\" \/>\n<link rel=\"canonical\" href=\"https:\/\/www.theconservative.online\/es\/el-no-de-islandia-y-la-europa-de-las-naciones\" \/>\n<meta property=\"og:locale\" content=\"es_ES\" \/>\n<meta property=\"og:type\" content=\"article\" \/>\n<meta property=\"og:title\" content=\"El \u00abNo\u00bb de Islandia y la Europa de las Naciones - The Conservative\" \/>\n<meta property=\"og:description\" content=\"Al rechazar la reapertura de las negociaciones de adhesi\u00f3n a la UE, los islandeses defendieron el control sobre sus recursos y apoyaron una forma de cooperaci\u00f3n europea que mantiene la autoridad democr\u00e1tica m\u00e1s cerca de casa. Bruselas se hab\u00eda hecho ilusiones de que Islandia pudiera convertirse en el \u00e9xito m\u00e1s sencillo de la ampliaci\u00f3n de [&hellip;]\" \/>\n<meta property=\"og:url\" content=\"https:\/\/www.theconservative.online\/es\/el-no-de-islandia-y-la-europa-de-las-naciones\" \/>\n<meta property=\"og:site_name\" content=\"The Conservative\" \/>\n<meta property=\"article:published_time\" content=\"2026-08-31T13:57:52+00:00\" \/>\n<meta property=\"og:image\" content=\"https:\/\/www.theconservative.online\/wp-content\/uploads\/2026\/08\/shutterstock_2575159489.jpg\" \/>\n\t<meta property=\"og:image:width\" content=\"1000\" \/>\n\t<meta property=\"og:image:height\" content=\"667\" \/>\n\t<meta property=\"og:image:type\" content=\"image\/jpeg\" \/>\n<meta name=\"author\" content=\"Ulderico de Laurentiis\" \/>\n<meta name=\"twitter:card\" content=\"summary_large_image\" \/>\n<meta name=\"twitter:label1\" content=\"Escrito por\" \/>\n\t<meta name=\"twitter:data1\" content=\"Ulderico de Laurentiis\" \/>\n\t<meta name=\"twitter:label2\" content=\"Tiempo de lectura\" \/>\n\t<meta name=\"twitter:data2\" content=\"9 minutos\" \/>\n<script type=\"application\/ld+json\" class=\"yoast-schema-graph\">{\"@context\":\"https:\\\/\\\/schema.org\",\"@graph\":[{\"@type\":\"Article\",\"@id\":\"https:\\\/\\\/www.theconservative.online\\\/es\\\/el-no-de-islandia-y-la-europa-de-las-naciones#article\",\"isPartOf\":{\"@id\":\"https:\\\/\\\/www.theconservative.online\\\/es\\\/el-no-de-islandia-y-la-europa-de-las-naciones\"},\"author\":{\"name\":\"Ulderico de Laurentiis\",\"@id\":\"https:\\\/\\\/www.theconservative.online\\\/es#\\\/schema\\\/person\\\/52a2ddf2ed90ed779b2354583416c4bb\"},\"headline\":\"El \u00abNo\u00bb de Islandia y la Europa de las Naciones\",\"datePublished\":\"2026-08-31T13:57:52+00:00\",\"mainEntityOfPage\":{\"@id\":\"https:\\\/\\\/www.theconservative.online\\\/es\\\/el-no-de-islandia-y-la-europa-de-las-naciones\"},\"wordCount\":1841,\"image\":{\"@id\":\"https:\\\/\\\/www.theconservative.online\\\/es\\\/el-no-de-islandia-y-la-europa-de-las-naciones#primaryimage\"},\"thumbnailUrl\":\"https:\\\/\\\/www.theconservative.online\\\/wp-content\\\/uploads\\\/2026\\\/08\\\/shutterstock_2575159489.jpg\",\"keywords\":[\"European Economic Area\",\"European Union\",\"Fisheries Policy\",\"Iceland\",\"National Sovereignty\"],\"articleSection\":[\"Construir una Europa conservadora\",\"Legal\",\"Pol\u00edtica\"],\"inLanguage\":\"es\"},{\"@type\":\"WebPage\",\"@id\":\"https:\\\/\\\/www.theconservative.online\\\/es\\\/el-no-de-islandia-y-la-europa-de-las-naciones\",\"url\":\"https:\\\/\\\/www.theconservative.online\\\/es\\\/el-no-de-islandia-y-la-europa-de-las-naciones\",\"name\":\"El \u00abNo\u00bb de Islandia y la Europa de las Naciones - The Conservative\",\"isPartOf\":{\"@id\":\"https:\\\/\\\/www.theconservative.online\\\/es#website\"},\"primaryImageOfPage\":{\"@id\":\"https:\\\/\\\/www.theconservative.online\\\/es\\\/el-no-de-islandia-y-la-europa-de-las-naciones#primaryimage\"},\"image\":{\"@id\":\"https:\\\/\\\/www.theconservative.online\\\/es\\\/el-no-de-islandia-y-la-europa-de-las-naciones#primaryimage\"},\"thumbnailUrl\":\"https:\\\/\\\/www.theconservative.online\\\/wp-content\\\/uploads\\\/2026\\\/08\\\/shutterstock_2575159489.jpg\",\"datePublished\":\"2026-08-31T13:57:52+00:00\",\"author\":{\"@id\":\"https:\\\/\\\/www.theconservative.online\\\/es#\\\/schema\\\/person\\\/52a2ddf2ed90ed779b2354583416c4bb\"},\"breadcrumb\":{\"@id\":\"https:\\\/\\\/www.theconservative.online\\\/es\\\/el-no-de-islandia-y-la-europa-de-las-naciones#breadcrumb\"},\"inLanguage\":\"es\",\"potentialAction\":[{\"@type\":\"ReadAction\",\"target\":[\"https:\\\/\\\/www.theconservative.online\\\/es\\\/el-no-de-islandia-y-la-europa-de-las-naciones\"]}]},{\"@type\":\"ImageObject\",\"inLanguage\":\"es\",\"@id\":\"https:\\\/\\\/www.theconservative.online\\\/es\\\/el-no-de-islandia-y-la-europa-de-las-naciones#primaryimage\",\"url\":\"https:\\\/\\\/www.theconservative.online\\\/wp-content\\\/uploads\\\/2026\\\/08\\\/shutterstock_2575159489.jpg\",\"contentUrl\":\"https:\\\/\\\/www.theconservative.online\\\/wp-content\\\/uploads\\\/2026\\\/08\\\/shutterstock_2575159489.jpg\",\"width\":1000,\"height\":667},{\"@type\":\"BreadcrumbList\",\"@id\":\"https:\\\/\\\/www.theconservative.online\\\/es\\\/el-no-de-islandia-y-la-europa-de-las-naciones#breadcrumb\",\"itemListElement\":[{\"@type\":\"ListItem\",\"position\":1,\"name\":\"Home\",\"item\":\"https:\\\/\\\/www.theconservative.online\\\/es\"},{\"@type\":\"ListItem\",\"position\":2,\"name\":\"El \u00abNo\u00bb de Islandia y la Europa de las Naciones\"}]},{\"@type\":\"WebSite\",\"@id\":\"https:\\\/\\\/www.theconservative.online\\\/es#website\",\"url\":\"https:\\\/\\\/www.theconservative.online\\\/es\",\"name\":\"The Conservative\",\"description\":\"\",\"potentialAction\":[{\"@type\":\"SearchAction\",\"target\":{\"@type\":\"EntryPoint\",\"urlTemplate\":\"https:\\\/\\\/www.theconservative.online\\\/es?s={search_term_string}\"},\"query-input\":{\"@type\":\"PropertyValueSpecification\",\"valueRequired\":true,\"valueName\":\"search_term_string\"}}],\"inLanguage\":\"es\"},{\"@type\":\"Person\",\"@id\":\"https:\\\/\\\/www.theconservative.online\\\/es#\\\/schema\\\/person\\\/52a2ddf2ed90ed779b2354583416c4bb\",\"name\":\"Ulderico de Laurentiis\",\"image\":{\"@type\":\"ImageObject\",\"inLanguage\":\"es\",\"@id\":\"https:\\\/\\\/secure.gravatar.com\\\/avatar\\\/c975100d71d02e389336f3ee1e1205f2a988b979b3af1bde32d899ff60a0e1ca?s=96&d=mm&r=g\",\"url\":\"https:\\\/\\\/secure.gravatar.com\\\/avatar\\\/c975100d71d02e389336f3ee1e1205f2a988b979b3af1bde32d899ff60a0e1ca?s=96&d=mm&r=g\",\"contentUrl\":\"https:\\\/\\\/secure.gravatar.com\\\/avatar\\\/c975100d71d02e389336f3ee1e1205f2a988b979b3af1bde32d899ff60a0e1ca?s=96&d=mm&r=g\",\"caption\":\"Ulderico de Laurentiis\"},\"url\":\"https:\\\/\\\/www.theconservative.online\\\/es\\\/author\\\/youcom-euspec-2025-26\"}]}<\/script>\n<!-- \/ Yoast SEO plugin. -->","yoast_head_json":{"title":"El \u00abNo\u00bb de Islandia y la Europa de las Naciones - The Conservative","robots":{"index":"index","follow":"follow","max-snippet":"max-snippet:-1","max-image-preview":"max-image-preview:large","max-video-preview":"max-video-preview:-1"},"canonical":"https:\/\/www.theconservative.online\/es\/el-no-de-islandia-y-la-europa-de-las-naciones","og_locale":"es_ES","og_type":"article","og_title":"El \u00abNo\u00bb de Islandia y la Europa de las Naciones - The Conservative","og_description":"Al rechazar la reapertura de las negociaciones de adhesi\u00f3n a la UE, los islandeses defendieron el control sobre sus recursos y apoyaron una forma de cooperaci\u00f3n europea que mantiene la autoridad democr\u00e1tica m\u00e1s cerca de casa. Bruselas se hab\u00eda hecho ilusiones de que Islandia pudiera convertirse en el \u00e9xito m\u00e1s sencillo de la ampliaci\u00f3n de [&hellip;]","og_url":"https:\/\/www.theconservative.online\/es\/el-no-de-islandia-y-la-europa-de-las-naciones","og_site_name":"The Conservative","article_published_time":"2026-08-31T13:57:52+00:00","og_image":[{"width":1000,"height":667,"url":"https:\/\/www.theconservative.online\/wp-content\/uploads\/2026\/08\/shutterstock_2575159489.jpg","type":"image\/jpeg"}],"author":"Ulderico de Laurentiis","twitter_card":"summary_large_image","twitter_misc":{"Escrito por":"Ulderico de Laurentiis","Tiempo de lectura":"9 minutos"},"schema":{"@context":"https:\/\/schema.org","@graph":[{"@type":"Article","@id":"https:\/\/www.theconservative.online\/es\/el-no-de-islandia-y-la-europa-de-las-naciones#article","isPartOf":{"@id":"https:\/\/www.theconservative.online\/es\/el-no-de-islandia-y-la-europa-de-las-naciones"},"author":{"name":"Ulderico de Laurentiis","@id":"https:\/\/www.theconservative.online\/es#\/schema\/person\/52a2ddf2ed90ed779b2354583416c4bb"},"headline":"El \u00abNo\u00bb de Islandia y la Europa de las Naciones","datePublished":"2026-08-31T13:57:52+00:00","mainEntityOfPage":{"@id":"https:\/\/www.theconservative.online\/es\/el-no-de-islandia-y-la-europa-de-las-naciones"},"wordCount":1841,"image":{"@id":"https:\/\/www.theconservative.online\/es\/el-no-de-islandia-y-la-europa-de-las-naciones#primaryimage"},"thumbnailUrl":"https:\/\/www.theconservative.online\/wp-content\/uploads\/2026\/08\/shutterstock_2575159489.jpg","keywords":["European Economic Area","European Union","Fisheries Policy","Iceland","National Sovereignty"],"articleSection":["Construir una Europa conservadora","Legal","Pol\u00edtica"],"inLanguage":"es"},{"@type":"WebPage","@id":"https:\/\/www.theconservative.online\/es\/el-no-de-islandia-y-la-europa-de-las-naciones","url":"https:\/\/www.theconservative.online\/es\/el-no-de-islandia-y-la-europa-de-las-naciones","name":"El \u00abNo\u00bb de Islandia y la Europa de las Naciones - The Conservative","isPartOf":{"@id":"https:\/\/www.theconservative.online\/es#website"},"primaryImageOfPage":{"@id":"https:\/\/www.theconservative.online\/es\/el-no-de-islandia-y-la-europa-de-las-naciones#primaryimage"},"image":{"@id":"https:\/\/www.theconservative.online\/es\/el-no-de-islandia-y-la-europa-de-las-naciones#primaryimage"},"thumbnailUrl":"https:\/\/www.theconservative.online\/wp-content\/uploads\/2026\/08\/shutterstock_2575159489.jpg","datePublished":"2026-08-31T13:57:52+00:00","author":{"@id":"https:\/\/www.theconservative.online\/es#\/schema\/person\/52a2ddf2ed90ed779b2354583416c4bb"},"breadcrumb":{"@id":"https:\/\/www.theconservative.online\/es\/el-no-de-islandia-y-la-europa-de-las-naciones#breadcrumb"},"inLanguage":"es","potentialAction":[{"@type":"ReadAction","target":["https:\/\/www.theconservative.online\/es\/el-no-de-islandia-y-la-europa-de-las-naciones"]}]},{"@type":"ImageObject","inLanguage":"es","@id":"https:\/\/www.theconservative.online\/es\/el-no-de-islandia-y-la-europa-de-las-naciones#primaryimage","url":"https:\/\/www.theconservative.online\/wp-content\/uploads\/2026\/08\/shutterstock_2575159489.jpg","contentUrl":"https:\/\/www.theconservative.online\/wp-content\/uploads\/2026\/08\/shutterstock_2575159489.jpg","width":1000,"height":667},{"@type":"BreadcrumbList","@id":"https:\/\/www.theconservative.online\/es\/el-no-de-islandia-y-la-europa-de-las-naciones#breadcrumb","itemListElement":[{"@type":"ListItem","position":1,"name":"Home","item":"https:\/\/www.theconservative.online\/es"},{"@type":"ListItem","position":2,"name":"El \u00abNo\u00bb de Islandia y la Europa de las Naciones"}]},{"@type":"WebSite","@id":"https:\/\/www.theconservative.online\/es#website","url":"https:\/\/www.theconservative.online\/es","name":"The Conservative","description":"","potentialAction":[{"@type":"SearchAction","target":{"@type":"EntryPoint","urlTemplate":"https:\/\/www.theconservative.online\/es?s={search_term_string}"},"query-input":{"@type":"PropertyValueSpecification","valueRequired":true,"valueName":"search_term_string"}}],"inLanguage":"es"},{"@type":"Person","@id":"https:\/\/www.theconservative.online\/es#\/schema\/person\/52a2ddf2ed90ed779b2354583416c4bb","name":"Ulderico de Laurentiis","image":{"@type":"ImageObject","inLanguage":"es","@id":"https:\/\/secure.gravatar.com\/avatar\/c975100d71d02e389336f3ee1e1205f2a988b979b3af1bde32d899ff60a0e1ca?s=96&d=mm&r=g","url":"https:\/\/secure.gravatar.com\/avatar\/c975100d71d02e389336f3ee1e1205f2a988b979b3af1bde32d899ff60a0e1ca?s=96&d=mm&r=g","contentUrl":"https:\/\/secure.gravatar.com\/avatar\/c975100d71d02e389336f3ee1e1205f2a988b979b3af1bde32d899ff60a0e1ca?s=96&d=mm&r=g","caption":"Ulderico de Laurentiis"},"url":"https:\/\/www.theconservative.online\/es\/author\/youcom-euspec-2025-26"}]}},"acf":[],"_links":{"self":[{"href":"https:\/\/www.theconservative.online\/es\/wp-json\/wp\/v2\/posts\/62916","targetHints":{"allow":["GET"]}}],"collection":[{"href":"https:\/\/www.theconservative.online\/es\/wp-json\/wp\/v2\/posts"}],"about":[{"href":"https:\/\/www.theconservative.online\/es\/wp-json\/wp\/v2\/types\/post"}],"author":[{"embeddable":true,"href":"https:\/\/www.theconservative.online\/es\/wp-json\/wp\/v2\/users\/81"}],"replies":[{"embeddable":true,"href":"https:\/\/www.theconservative.online\/es\/wp-json\/wp\/v2\/comments?post=62916"}],"version-history":[{"count":0,"href":"https:\/\/www.theconservative.online\/es\/wp-json\/wp\/v2\/posts\/62916\/revisions"}],"wp:featuredmedia":[{"embeddable":true,"href":"https:\/\/www.theconservative.online\/es\/wp-json\/wp\/v2\/media\/62842"}],"wp:attachment":[{"href":"https:\/\/www.theconservative.online\/es\/wp-json\/wp\/v2\/media?parent=62916"}],"wp:term":[{"taxonomy":"category","embeddable":true,"href":"https:\/\/www.theconservative.online\/es\/wp-json\/wp\/v2\/categories?post=62916"},{"taxonomy":"post_tag","embeddable":true,"href":"https:\/\/www.theconservative.online\/es\/wp-json\/wp\/v2\/tags?post=62916"},{"taxonomy":"editorial-positions","embeddable":true,"href":"https:\/\/www.theconservative.online\/es\/wp-json\/wp\/v2\/editorial-positions?post=62916"},{"taxonomy":"regions","embeddable":true,"href":"https:\/\/www.theconservative.online\/es\/wp-json\/wp\/v2\/regions?post=62916"},{"taxonomy":"types","embeddable":true,"href":"https:\/\/www.theconservative.online\/es\/wp-json\/wp\/v2\/types?post=62916"}],"curies":[{"name":"wp","href":"https:\/\/api.w.org\/{rel}","templated":true}]}}