{"id":62934,"date":"2026-08-31T13:57:40","date_gmt":"2026-08-31T13:57:40","guid":{"rendered":"https:\/\/www.theconservative.online\/una-derecha-unida-debe-poner-de-relieve-las-diferencias-internas"},"modified":"2026-08-31T13:57:40","modified_gmt":"2026-08-31T13:57:40","slug":"una-derecha-unida-debe-poner-de-relieve-las-diferencias-internas","status":"publish","type":"post","link":"https:\/\/www.theconservative.online\/es\/una-derecha-unida-debe-poner-de-relieve-las-diferencias-internas","title":{"rendered":"Una derecha unida debe poner de relieve las diferencias internas"},"content":{"rendered":"<p>Suecia va a las urnas el 13 de septiembre. El actual Gobierno de derechas va a la zaga en las encuestas y, a dos semanas de las elecciones, casi todo apunta a una victoria de la izquierda, aunque la derecha haya <a href=\"https:\/\/www.sverigesradio.se\/artikel\/swedish-election-race-tightens-as-government-side-gains-ground-on-the-opposition\">empezado recientemente a ganar algo de terreno<\/a>.<\/p>\n<p>Uno de los retos a los que se enfrenta la derecha es que muchos votantes siguen mostr\u00e1ndose reticentes ante los Dem\u00f3cratas de Suecia, un partido que se caracteriza por su nacionalismo de derechas y su conservadurismo social. Durante esta legislatura, tres partidos tradicionales de derechas han formado el Gobierno, con los Dem\u00f3cratas de Suecia como partido de apoyo. Este acuerdo se bas\u00f3 en un pacto conjunto firmado al inicio de la legislatura, en el que se detallaban claramente las medidas pol\u00edticas que el Gobierno iba a poner en marcha durante esos cuatro a\u00f1os.<\/p><div class='related_content'><span>RELATED<\/span><ul><li><a href='https:\/\/www.theconservative.online\/es\/islandia-vota-para-reabrir-su-camino-hacia-la-union-europea'>Islandia vota para reabrir su camino hacia la Uni\u00f3n Europea<\/li><\/a><li><a href='https:\/\/www.theconservative.online\/es\/se-convertira-la-feminizacion-de-la-sociedad-en-un-tema-politico'>\u00bfSe convertir\u00e1 la \u00abfeminizaci\u00f3n\u00bb de la sociedad en un tema pol\u00edtico?<\/li><\/a><li><a href='https:\/\/www.theconservative.online\/es\/este-partido-sueco-esta-al-frente-del-pais-pero-se-enfrenta-a-la-desaparicion'>Este partido sueco est\u00e1 al frente del pa\u00eds, pero se enfrenta a la desaparici\u00f3n<\/li><\/a><\/ul><\/div>\n<p>Sin embargo, de cara a la pr\u00f3xima legislatura, los Dem\u00f3cratas de Suecia han exigido <a href=\"https:\/\/www.theguardian.com\/world\/2026\/apr\/01\/swedish-pm-offers-deal-that-could-see-far-right-allowed-into-government\">un puesto en el Gobierno. El<\/a> l\u00edder del partido, Jimmie \u00c5kesson, ha dicho varias veces que, si ganan los partidos de derechas, no tendr\u00eda sentido que tres partidos siguieran gobernando mientras un cuarto se queda otra vez al margen. Esta ha sido la postura de Jimmie \u00c5kesson desde el principio de la legislatura: no habr\u00e1 otros cuatro a\u00f1os de gobierno de derechas sin que los Dem\u00f3cratas de Suecia tambi\u00e9n formen parte del Gobierno.<\/p>\n<p>Nadie cuestiona la validez de las reivindicaciones de los Dem\u00f3cratas Suecos. Han sido el partido m\u00e1s grande de la derecha durante los cuatro a\u00f1os en los que otros tres partidos de derecha han estado en el Gobierno. El partido ha ejercido una influencia significativa en las pol\u00edticas aplicadas, sobre todo en materia de inmigraci\u00f3n, delincuencia y energ\u00eda. Habr\u00eda sido raro que el partido recibiera un nuevo mandato de los votantes para influir en la pol\u00edtica sueca y, a continuaci\u00f3n, aceptara quedarse fuera del Gobierno otra vez.<\/p>\n<p>Pero todo en la vida tiene su precio. Y para los Dem\u00f3cratas Suecos, el precio de ser aceptados como un partido apto para gobernar ha sido la p\u00e9rdida de votantes por parte de los dem\u00e1s partidos de derechas. De hecho, algunos de sus votantes se muestran recelosos ante la idea de un gobierno de derechas que incluya a los Dem\u00f3cratas de Suecia. En consecuencia, ha surgido un fen\u00f3meno interesante dentro del bloque de derechas de la pol\u00edtica sueca, que antes estaba muy unido.<\/p>\n<p>Ahora mismo, a dos semanas de las elecciones, hay un conflicto abierto y en toda regla entre los cuatro partidos de la derecha. Antes, se esforzaban por mostrar su unidad. Han sostenido que la capacidad de los cuatro partidos que los componen para cooperar es un punto fuerte para la derecha \u2014que est\u00e1n de acuerdo en gobernar juntos, y que esta unidad contrasta con la fragmentaci\u00f3n de la izquierda, donde los cuatro partidos bastante dispares que conforman ese lado de la pol\u00edtica sueca est\u00e1n lejos de ponerse de acuerdo sobre cu\u00e1l de ellos deber\u00eda ocupar el poder o incluso formar parte de una coalici\u00f3n de gobierno.<\/p>\n<p>Probablemente, la raz\u00f3n por la que los partidos de derecha est\u00e1n ahora enzarzados en discusiones es que se han dado cuenta de que tienen que dejar claro que no son un partido \u00fanico y monol\u00edtico. Al fin y al cabo, aunque los Dem\u00f3cratas de Suecia se unieran a un posible nuevo gobierno de derechas, solo ser\u00edan uno de los cuatro partidos (o quiz\u00e1 tres, si el peque\u00f1o Partido Liberal no consigue mantener sus esca\u00f1os en el Parlamento). Y ese es precisamente el mensaje que los partidos del bloque de derechas tienen que transmitir a los votantes indecisos.<\/p>\n<p>La ciudadan\u00eda sueca podr\u00eda acabar teniendo un gobierno de derechas que no est\u00e9 necesariamente dominado por los Dem\u00f3cratas de Suecia. Podr\u00eda formarse un gobierno en el que los partidos tradicionales de derechas mantengan su posici\u00f3n y frenen la impaciencia de los Dem\u00f3cratas de Suecia en temas como la migraci\u00f3n y la pol\u00edtica contra la delincuencia. En otras palabras, un nuevo gobierno de derechas no ser\u00eda simplemente un \u00abgobierno del SD\u00bb (siendo SD la abreviatura habitual de los Dem\u00f3cratas de Suecia).<\/p>\n<p>Por eso, a dos semanas de las elecciones, los Dem\u00f3cratas de Suecia se encuentran en una situaci\u00f3n un poco rara, intentando provocar discusiones p\u00fablicas con sus socios de coalici\u00f3n. Estas disputas recuerdan a los votantes indecisos de la derecha que hay alternativas a los Dem\u00f3cratas de Suecia dentro del bloque de la derecha \u2014votantes que son clave para que la derecha consiga la victoria.<\/p>\n<p>Al mismo tiempo, los Dem\u00f3cratas Suecos tienen que distanciarse de los partidos tradicionales de derechas para dejar claro a sus seguidores m\u00e1s radicales que siguen comprometidos con la lucha contra la inmigraci\u00f3n y la delincuencia relacionada con ella.<\/p>\n<p>As\u00ed pues, a dos semanas de las elecciones, el bloque de derechas se mantiene unido aunque al mismo tiempo hay disputas internas; esta es la mejor estrategia que han encontrado para que cada partido pueda movilizar a sus propios votantes potenciales.<\/p>\n<p>La democracia es fascinante.<\/p>\n<\/p>","protected":false},"excerpt":{"rendered":"<p>Suecia va a las urnas el 13 de septiembre. El actual Gobierno de derechas va a la zaga en las encuestas y, a dos semanas de las elecciones, casi todo apunta a una victoria de la izquierda, aunque la derecha haya empezado recientemente a ganar algo de terreno. Uno de los retos a los que [&hellip;]<\/p>\n","protected":false},"author":85,"featured_media":62886,"comment_status":"closed","ping_status":"closed","sticky":false,"template":"","format":"standard","meta":{"footnotes":""},"categories":[1471,165],"tags":[3197,3485,2506,3133,554],"editorial-positions":[],"regions":[348],"types":[414,447],"class_list":["post-62934","post","type-post","status-publish","format-standard","has-post-thumbnail","hentry","category-construir-una-europa-conservadora","category-politica-es","tag-elections26","tag-rightwinggovernment","tag-swedendemocrats","tag-swedishelections","tag-sweden","regions-northern-europe-es","types-news-es","types-surveys-es"],"yoast_head":"<!-- This site is optimized with the Yoast SEO plugin v28.0 - https:\/\/yoast.com\/product\/yoast-seo-wordpress\/ -->\n<title>Una derecha unida debe poner de relieve las diferencias internas - The Conservative<\/title>\n<meta name=\"robots\" content=\"index, follow, max-snippet:-1, max-image-preview:large, max-video-preview:-1\" \/>\n<link rel=\"canonical\" href=\"https:\/\/www.theconservative.online\/es\/una-derecha-unida-debe-poner-de-relieve-las-diferencias-internas\" \/>\n<meta property=\"og:locale\" content=\"es_ES\" \/>\n<meta property=\"og:type\" content=\"article\" \/>\n<meta property=\"og:title\" content=\"Una derecha unida debe poner de relieve las diferencias internas - The Conservative\" \/>\n<meta property=\"og:description\" content=\"Suecia va a las urnas el 13 de septiembre. El actual Gobierno de derechas va a la zaga en las encuestas y, a dos semanas de las elecciones, casi todo apunta a una victoria de la izquierda, aunque la derecha haya empezado recientemente a ganar algo de terreno. Uno de los retos a los que [&hellip;]\" \/>\n<meta property=\"og:url\" content=\"https:\/\/www.theconservative.online\/es\/una-derecha-unida-debe-poner-de-relieve-las-diferencias-internas\" \/>\n<meta property=\"og:site_name\" content=\"The Conservative\" \/>\n<meta property=\"article:published_time\" content=\"2026-08-31T13:57:40+00:00\" \/>\n<meta property=\"og:image\" content=\"https:\/\/www.theconservative.online\/wp-content\/uploads\/2026\/08\/Sverigebild.jpg\" \/>\n\t<meta property=\"og:image:width\" content=\"1000\" \/>\n\t<meta property=\"og:image:height\" content=\"667\" \/>\n\t<meta property=\"og:image:type\" content=\"image\/jpeg\" \/>\n<meta name=\"author\" content=\"Richard S\u00f6rman\" \/>\n<meta name=\"twitter:card\" content=\"summary_large_image\" \/>\n<meta name=\"twitter:label1\" content=\"Escrito por\" \/>\n\t<meta name=\"twitter:data1\" content=\"Richard S\u00f6rman\" \/>\n\t<meta name=\"twitter:label2\" content=\"Tiempo de lectura\" \/>\n\t<meta name=\"twitter:data2\" content=\"4 minutos\" \/>\n<script type=\"application\/ld+json\" class=\"yoast-schema-graph\">{\"@context\":\"https:\\\/\\\/schema.org\",\"@graph\":[{\"@type\":\"Article\",\"@id\":\"https:\\\/\\\/www.theconservative.online\\\/es\\\/una-derecha-unida-debe-poner-de-relieve-las-diferencias-internas#article\",\"isPartOf\":{\"@id\":\"https:\\\/\\\/www.theconservative.online\\\/es\\\/una-derecha-unida-debe-poner-de-relieve-las-diferencias-internas\"},\"author\":{\"name\":\"Richard S\u00f6rman\",\"@id\":\"https:\\\/\\\/www.theconservative.online\\\/es#\\\/schema\\\/person\\\/769a6928b1a6145a095dde8677e8dc31\"},\"headline\":\"Una derecha unida debe poner de relieve las diferencias internas\",\"datePublished\":\"2026-08-31T13:57:40+00:00\",\"mainEntityOfPage\":{\"@id\":\"https:\\\/\\\/www.theconservative.online\\\/es\\\/una-derecha-unida-debe-poner-de-relieve-las-diferencias-internas\"},\"wordCount\":895,\"image\":{\"@id\":\"https:\\\/\\\/www.theconservative.online\\\/es\\\/una-derecha-unida-debe-poner-de-relieve-las-diferencias-internas#primaryimage\"},\"thumbnailUrl\":\"https:\\\/\\\/www.theconservative.online\\\/wp-content\\\/uploads\\\/2026\\\/08\\\/Sverigebild.jpg\",\"keywords\":[\"#elections26\",\"#rightwinggovernment\",\"#swedendemocrats\",\"#swedishelections\",\"Sweden\"],\"articleSection\":[\"Construir una Europa conservadora\",\"Pol\u00edtica\"],\"inLanguage\":\"es\"},{\"@type\":\"WebPage\",\"@id\":\"https:\\\/\\\/www.theconservative.online\\\/es\\\/una-derecha-unida-debe-poner-de-relieve-las-diferencias-internas\",\"url\":\"https:\\\/\\\/www.theconservative.online\\\/es\\\/una-derecha-unida-debe-poner-de-relieve-las-diferencias-internas\",\"name\":\"Una derecha unida debe poner de relieve las diferencias internas - The Conservative\",\"isPartOf\":{\"@id\":\"https:\\\/\\\/www.theconservative.online\\\/es#website\"},\"primaryImageOfPage\":{\"@id\":\"https:\\\/\\\/www.theconservative.online\\\/es\\\/una-derecha-unida-debe-poner-de-relieve-las-diferencias-internas#primaryimage\"},\"image\":{\"@id\":\"https:\\\/\\\/www.theconservative.online\\\/es\\\/una-derecha-unida-debe-poner-de-relieve-las-diferencias-internas#primaryimage\"},\"thumbnailUrl\":\"https:\\\/\\\/www.theconservative.online\\\/wp-content\\\/uploads\\\/2026\\\/08\\\/Sverigebild.jpg\",\"datePublished\":\"2026-08-31T13:57:40+00:00\",\"author\":{\"@id\":\"https:\\\/\\\/www.theconservative.online\\\/es#\\\/schema\\\/person\\\/769a6928b1a6145a095dde8677e8dc31\"},\"breadcrumb\":{\"@id\":\"https:\\\/\\\/www.theconservative.online\\\/es\\\/una-derecha-unida-debe-poner-de-relieve-las-diferencias-internas#breadcrumb\"},\"inLanguage\":\"es\",\"potentialAction\":[{\"@type\":\"ReadAction\",\"target\":[\"https:\\\/\\\/www.theconservative.online\\\/es\\\/una-derecha-unida-debe-poner-de-relieve-las-diferencias-internas\"]}]},{\"@type\":\"ImageObject\",\"inLanguage\":\"es\",\"@id\":\"https:\\\/\\\/www.theconservative.online\\\/es\\\/una-derecha-unida-debe-poner-de-relieve-las-diferencias-internas#primaryimage\",\"url\":\"https:\\\/\\\/www.theconservative.online\\\/wp-content\\\/uploads\\\/2026\\\/08\\\/Sverigebild.jpg\",\"contentUrl\":\"https:\\\/\\\/www.theconservative.online\\\/wp-content\\\/uploads\\\/2026\\\/08\\\/Sverigebild.jpg\",\"width\":1000,\"height\":667},{\"@type\":\"BreadcrumbList\",\"@id\":\"https:\\\/\\\/www.theconservative.online\\\/es\\\/una-derecha-unida-debe-poner-de-relieve-las-diferencias-internas#breadcrumb\",\"itemListElement\":[{\"@type\":\"ListItem\",\"position\":1,\"name\":\"Home\",\"item\":\"https:\\\/\\\/www.theconservative.online\\\/es\"},{\"@type\":\"ListItem\",\"position\":2,\"name\":\"Una derecha unida debe poner de relieve las diferencias internas\"}]},{\"@type\":\"WebSite\",\"@id\":\"https:\\\/\\\/www.theconservative.online\\\/es#website\",\"url\":\"https:\\\/\\\/www.theconservative.online\\\/es\",\"name\":\"The Conservative\",\"description\":\"\",\"potentialAction\":[{\"@type\":\"SearchAction\",\"target\":{\"@type\":\"EntryPoint\",\"urlTemplate\":\"https:\\\/\\\/www.theconservative.online\\\/es?s={search_term_string}\"},\"query-input\":{\"@type\":\"PropertyValueSpecification\",\"valueRequired\":true,\"valueName\":\"search_term_string\"}}],\"inLanguage\":\"es\"},{\"@type\":\"Person\",\"@id\":\"https:\\\/\\\/www.theconservative.online\\\/es#\\\/schema\\\/person\\\/769a6928b1a6145a095dde8677e8dc31\",\"name\":\"Richard S\u00f6rman\",\"image\":{\"@type\":\"ImageObject\",\"inLanguage\":\"es\",\"@id\":\"https:\\\/\\\/secure.gravatar.com\\\/avatar\\\/31160c632b280151f52ca490d363172fd554ee64571053ac4dfe486bab7399f5?s=96&d=mm&r=g\",\"url\":\"https:\\\/\\\/secure.gravatar.com\\\/avatar\\\/31160c632b280151f52ca490d363172fd554ee64571053ac4dfe486bab7399f5?s=96&d=mm&r=g\",\"contentUrl\":\"https:\\\/\\\/secure.gravatar.com\\\/avatar\\\/31160c632b280151f52ca490d363172fd554ee64571053ac4dfe486bab7399f5?s=96&d=mm&r=g\",\"caption\":\"Richard S\u00f6rman\"},\"url\":\"https:\\\/\\\/www.theconservative.online\\\/es\\\/author\\\/riks-euspec-2025-2026\"}]}<\/script>\n<!-- \/ Yoast SEO plugin. -->","yoast_head_json":{"title":"Una derecha unida debe poner de relieve las diferencias internas - The Conservative","robots":{"index":"index","follow":"follow","max-snippet":"max-snippet:-1","max-image-preview":"max-image-preview:large","max-video-preview":"max-video-preview:-1"},"canonical":"https:\/\/www.theconservative.online\/es\/una-derecha-unida-debe-poner-de-relieve-las-diferencias-internas","og_locale":"es_ES","og_type":"article","og_title":"Una derecha unida debe poner de relieve las diferencias internas - The Conservative","og_description":"Suecia va a las urnas el 13 de septiembre. El actual Gobierno de derechas va a la zaga en las encuestas y, a dos semanas de las elecciones, casi todo apunta a una victoria de la izquierda, aunque la derecha haya empezado recientemente a ganar algo de terreno. Uno de los retos a los que [&hellip;]","og_url":"https:\/\/www.theconservative.online\/es\/una-derecha-unida-debe-poner-de-relieve-las-diferencias-internas","og_site_name":"The Conservative","article_published_time":"2026-08-31T13:57:40+00:00","og_image":[{"width":1000,"height":667,"url":"https:\/\/www.theconservative.online\/wp-content\/uploads\/2026\/08\/Sverigebild.jpg","type":"image\/jpeg"}],"author":"Richard S\u00f6rman","twitter_card":"summary_large_image","twitter_misc":{"Escrito por":"Richard S\u00f6rman","Tiempo de lectura":"4 minutos"},"schema":{"@context":"https:\/\/schema.org","@graph":[{"@type":"Article","@id":"https:\/\/www.theconservative.online\/es\/una-derecha-unida-debe-poner-de-relieve-las-diferencias-internas#article","isPartOf":{"@id":"https:\/\/www.theconservative.online\/es\/una-derecha-unida-debe-poner-de-relieve-las-diferencias-internas"},"author":{"name":"Richard S\u00f6rman","@id":"https:\/\/www.theconservative.online\/es#\/schema\/person\/769a6928b1a6145a095dde8677e8dc31"},"headline":"Una derecha unida debe poner de relieve las diferencias internas","datePublished":"2026-08-31T13:57:40+00:00","mainEntityOfPage":{"@id":"https:\/\/www.theconservative.online\/es\/una-derecha-unida-debe-poner-de-relieve-las-diferencias-internas"},"wordCount":895,"image":{"@id":"https:\/\/www.theconservative.online\/es\/una-derecha-unida-debe-poner-de-relieve-las-diferencias-internas#primaryimage"},"thumbnailUrl":"https:\/\/www.theconservative.online\/wp-content\/uploads\/2026\/08\/Sverigebild.jpg","keywords":["#elections26","#rightwinggovernment","#swedendemocrats","#swedishelections","Sweden"],"articleSection":["Construir una Europa conservadora","Pol\u00edtica"],"inLanguage":"es"},{"@type":"WebPage","@id":"https:\/\/www.theconservative.online\/es\/una-derecha-unida-debe-poner-de-relieve-las-diferencias-internas","url":"https:\/\/www.theconservative.online\/es\/una-derecha-unida-debe-poner-de-relieve-las-diferencias-internas","name":"Una derecha unida debe poner de relieve las diferencias internas - The Conservative","isPartOf":{"@id":"https:\/\/www.theconservative.online\/es#website"},"primaryImageOfPage":{"@id":"https:\/\/www.theconservative.online\/es\/una-derecha-unida-debe-poner-de-relieve-las-diferencias-internas#primaryimage"},"image":{"@id":"https:\/\/www.theconservative.online\/es\/una-derecha-unida-debe-poner-de-relieve-las-diferencias-internas#primaryimage"},"thumbnailUrl":"https:\/\/www.theconservative.online\/wp-content\/uploads\/2026\/08\/Sverigebild.jpg","datePublished":"2026-08-31T13:57:40+00:00","author":{"@id":"https:\/\/www.theconservative.online\/es#\/schema\/person\/769a6928b1a6145a095dde8677e8dc31"},"breadcrumb":{"@id":"https:\/\/www.theconservative.online\/es\/una-derecha-unida-debe-poner-de-relieve-las-diferencias-internas#breadcrumb"},"inLanguage":"es","potentialAction":[{"@type":"ReadAction","target":["https:\/\/www.theconservative.online\/es\/una-derecha-unida-debe-poner-de-relieve-las-diferencias-internas"]}]},{"@type":"ImageObject","inLanguage":"es","@id":"https:\/\/www.theconservative.online\/es\/una-derecha-unida-debe-poner-de-relieve-las-diferencias-internas#primaryimage","url":"https:\/\/www.theconservative.online\/wp-content\/uploads\/2026\/08\/Sverigebild.jpg","contentUrl":"https:\/\/www.theconservative.online\/wp-content\/uploads\/2026\/08\/Sverigebild.jpg","width":1000,"height":667},{"@type":"BreadcrumbList","@id":"https:\/\/www.theconservative.online\/es\/una-derecha-unida-debe-poner-de-relieve-las-diferencias-internas#breadcrumb","itemListElement":[{"@type":"ListItem","position":1,"name":"Home","item":"https:\/\/www.theconservative.online\/es"},{"@type":"ListItem","position":2,"name":"Una derecha unida debe poner de relieve las diferencias internas"}]},{"@type":"WebSite","@id":"https:\/\/www.theconservative.online\/es#website","url":"https:\/\/www.theconservative.online\/es","name":"The Conservative","description":"","potentialAction":[{"@type":"SearchAction","target":{"@type":"EntryPoint","urlTemplate":"https:\/\/www.theconservative.online\/es?s={search_term_string}"},"query-input":{"@type":"PropertyValueSpecification","valueRequired":true,"valueName":"search_term_string"}}],"inLanguage":"es"},{"@type":"Person","@id":"https:\/\/www.theconservative.online\/es#\/schema\/person\/769a6928b1a6145a095dde8677e8dc31","name":"Richard S\u00f6rman","image":{"@type":"ImageObject","inLanguage":"es","@id":"https:\/\/secure.gravatar.com\/avatar\/31160c632b280151f52ca490d363172fd554ee64571053ac4dfe486bab7399f5?s=96&d=mm&r=g","url":"https:\/\/secure.gravatar.com\/avatar\/31160c632b280151f52ca490d363172fd554ee64571053ac4dfe486bab7399f5?s=96&d=mm&r=g","contentUrl":"https:\/\/secure.gravatar.com\/avatar\/31160c632b280151f52ca490d363172fd554ee64571053ac4dfe486bab7399f5?s=96&d=mm&r=g","caption":"Richard S\u00f6rman"},"url":"https:\/\/www.theconservative.online\/es\/author\/riks-euspec-2025-2026"}]}},"acf":[],"_links":{"self":[{"href":"https:\/\/www.theconservative.online\/es\/wp-json\/wp\/v2\/posts\/62934","targetHints":{"allow":["GET"]}}],"collection":[{"href":"https:\/\/www.theconservative.online\/es\/wp-json\/wp\/v2\/posts"}],"about":[{"href":"https:\/\/www.theconservative.online\/es\/wp-json\/wp\/v2\/types\/post"}],"author":[{"embeddable":true,"href":"https:\/\/www.theconservative.online\/es\/wp-json\/wp\/v2\/users\/85"}],"replies":[{"embeddable":true,"href":"https:\/\/www.theconservative.online\/es\/wp-json\/wp\/v2\/comments?post=62934"}],"version-history":[{"count":0,"href":"https:\/\/www.theconservative.online\/es\/wp-json\/wp\/v2\/posts\/62934\/revisions"}],"wp:featuredmedia":[{"embeddable":true,"href":"https:\/\/www.theconservative.online\/es\/wp-json\/wp\/v2\/media\/62886"}],"wp:attachment":[{"href":"https:\/\/www.theconservative.online\/es\/wp-json\/wp\/v2\/media?parent=62934"}],"wp:term":[{"taxonomy":"category","embeddable":true,"href":"https:\/\/www.theconservative.online\/es\/wp-json\/wp\/v2\/categories?post=62934"},{"taxonomy":"post_tag","embeddable":true,"href":"https:\/\/www.theconservative.online\/es\/wp-json\/wp\/v2\/tags?post=62934"},{"taxonomy":"editorial-positions","embeddable":true,"href":"https:\/\/www.theconservative.online\/es\/wp-json\/wp\/v2\/editorial-positions?post=62934"},{"taxonomy":"regions","embeddable":true,"href":"https:\/\/www.theconservative.online\/es\/wp-json\/wp\/v2\/regions?post=62934"},{"taxonomy":"types","embeddable":true,"href":"https:\/\/www.theconservative.online\/es\/wp-json\/wp\/v2\/types?post=62934"}],"curies":[{"name":"wp","href":"https:\/\/api.w.org\/{rel}","templated":true}]}}