{"id":62990,"date":"2026-08-30T12:15:11","date_gmt":"2026-08-30T12:15:11","guid":{"rendered":"https:\/\/www.theconservative.online\/sabado-en-drobeta-la-reunion-que-se-convirtio-en-el-manifiesto-de-la-aur"},"modified":"2026-08-30T12:15:11","modified_gmt":"2026-08-30T12:15:11","slug":"sabado-en-drobeta-la-reunion-que-se-convirtio-en-el-manifiesto-de-la-aur","status":"publish","type":"post","link":"https:\/\/www.theconservative.online\/es\/sabado-en-drobeta-la-reunion-que-se-convirtio-en-el-manifiesto-de-la-aur","title":{"rendered":"S\u00e1bado en Drobeta: La reuni\u00f3n que se convirti\u00f3 en el Manifiesto de la AUR"},"content":{"rendered":"<p>Drobeta-Turnu Severin no es precisamente el primer lugar en el que esperar\u00edas que se desencadenara un terremoto pol\u00edtico, pero el s\u00e1bado se convirti\u00f3 en el escenario donde la AUR desgran\u00f3 toda su estrategia para la sesi\u00f3n parlamentaria que empieza este martes. El Consejo Nacional de Direcci\u00f3n (CNC) del partido se reuni\u00f3 en lo que se anunciaba como una sesi\u00f3n estrat\u00e9gica rutinaria y sali\u00f3 de all\u00ed con un programa fiscal, una resoluci\u00f3n ardiente contra el Gobierno y una se\u00f1al clara de que no va a dar marcha atr\u00e1s en su intento de suspender al presidente Nicu\u0219or Dan.<\/p>\n<p>El partido quiere que se aumente el l\u00edmite m\u00e1ximo de pagos en efectivo para las empresas a 50 000 lei, y est\u00e1 presionando para que se reviertan gradualmente las subidas de impuestos de este a\u00f1o: que el IVA est\u00e1ndar vuelva al 19 %, el tipo reducido al 9 % y el impuesto sobre los dividendos baje al 8 %. AUR tambi\u00e9n quiere que se restablezca el umbral de las microempresas en 500 000 euros, lo que supondr\u00eda una reversi\u00f3n directa de la restricci\u00f3n que sac\u00f3 a muchas peque\u00f1as empresas rumanas de ese tramo fiscal favorable.<\/p>\n<p>En cuanto a la reforma del Estado, la AUR reafirm\u00f3 su apoyo a un Parlamento bicameral de 300 esca\u00f1os, invocando el refer\u00e9ndum de 2009 en el que los rumanos votaron precisamente a favor de eso, adem\u00e1s de mantener las elecciones municipales a dos vueltas y, sobre todo, limitar a dos mandatos la permanencia al frente de las instituciones p\u00fablicas. Este \u00faltimo punto es una respuesta directa a ese tipo de bur\u00f3cratas que llevan d\u00e9cadas en sus puestos sin que haya habido una renovaci\u00f3n significativa.<\/p>\n<p>En materia de educaci\u00f3n, el partido quiere eliminar el examen paralelo de acceso al instituto y restablecer un sistema nacional \u00fanico y unificado de admisi\u00f3n, adem\u00e1s de reducir la carga de trabajo del profesorado y revertir el aumento del n\u00famero de alumnos por clase introducido por la llamada \u00abLey Bolojan\u00bb del a\u00f1o pasado, a partir de agosto de 2025. En materia de energ\u00eda, AUR est\u00e1 presionando para legalizar el funcionamiento continuado de todas las centrales de carb\u00f3n de CE Oltenia mediante una modificaci\u00f3n de la ordenanza de emergencia que obligar\u00eda a su cierre antes del 31 de agosto de 2026. Tambi\u00e9n hay un proyecto de ley, estancado desde hace tiempo, sobre la transparencia en la financiaci\u00f3n de las ONG, que ahora mismo est\u00e1 atascado en la C\u00e1mara de Diputados tras haber sido aprobado por el Senado, y una propuesta de \u00abIVA din\u00e1mico\u00bb sobre el combustible (un 5 % durante los tres primeros meses de una subida brusca de los precios, que subir\u00eda al 9 % y se desactivar\u00eda autom\u00e1ticamente una vez que los precios del petr\u00f3leo se normalicen).<\/p>\n<p>La propuesta de AUR de limitar los mandatos de los cargos de liderazgo a dos legislaturas se aplica a todas las instituciones p\u00fablicas, no solo a un organismo o a un cargo concreto. El partido lo presenta como una forma de evitar que las \u00abredes de influencia\u00bb se consoliden dentro de la administraci\u00f3n p\u00fablica y de garantizar una renovaci\u00f3n peri\u00f3dica en la c\u00fapula de los organismos estatales.<\/p>\n<p>El otro resultado importante del consejo fue simb\u00f3lico, pero inequ\u00edvocamente combativo: una resoluci\u00f3n titulada <em> \u00abRuman\u00eda se est\u00e1 hundiendo en el abismo\u00bb, aprobada <\/em>por unanimidad. El texto acusa a la coalici\u00f3n PSD-PNL-USR-UDMR de encadenar dos subidas del IVA de dos puntos porcentuales (hasta el 21 % y el 11 %, respectivamente), destruir el r\u00e9gimen de las microempresas al rebajar su umbral a 100 000 euros, subir el impuesto sobre los dividendos al 16 %, acabar con la energ\u00eda del carb\u00f3n mientras se bloquean nuevas centrales de gas y sabotear los proyectos de centrales hidroel\u00e9ctricas de bombeo.<\/p>\n<p>La resoluci\u00f3n tambi\u00e9n destaca el pr\u00e9stamo SAFE, una l\u00ednea de cr\u00e9dito de unos 17 000 millones de euros que se devolver\u00e1 a lo largo de 35 a\u00f1os a un tipo de inter\u00e9s no revelado, y que, seg\u00fan AUR, se utiliz\u00f3 principalmente para comprar veh\u00edculos militares pesados a un \u00fanico proveedor alem\u00e1n, Rheinmetall. El argumento final de AUR es contundente: en los \u00faltimos diez trimestres, la econom\u00eda rumana solo creci\u00f3 en tres, mientras que el resto se estanc\u00f3 o se contrajo. \u00abHoy en d\u00eda, la \u00fanica oposici\u00f3n coherente y s\u00f3lida en el Parlamento la representa AUR y sus 91 diputados\u00bb, afirma el comunicado del partido, argumentando que la autoproclamada coalici\u00f3n \u00abproeuropea\u00bb est\u00e1, de hecho, desvinculando econ\u00f3micamente a Ruman\u00eda de Europa.<\/p>\n<p>El jefe del grupo del Senado, Petri\u0219or Peiu, en declaraciones a Antena 3 CNN, neg\u00f3 rotundamente que hubiera habido conversaciones formales o informales para formar una mayor\u00eda de gobierno con el PSD o el PNL, y se\u00f1al\u00f3 que, de todos modos, el l\u00edder del PSD, Sorin Grindeanu, ya ha descartado p\u00fablicamente gobernar con la AUR. \u00abSi \u00e9l no quiere formar gobierno con AUR, es dif\u00edcil negociar. \u00bfQu\u00e9 es lo que estar\u00edamos negociando exactamente?\u00bb, dijo Peiu. Tambi\u00e9n confirm\u00f3 que AUR est\u00e1 preparando declaraciones p\u00fablicas sobre su estrategia de cara a las pr\u00f3ximas consultas con el presidente Nicu\u0219or Dan, quien ha anunciado que reanudar\u00e1 las conversaciones con los partidos a principios de septiembre para formar un nuevo Gobierno. Peiu se mostr\u00f3 esc\u00e9ptico sobre la utilidad de asistir solo para hacerse fotos, y dijo que AUR \u00abprobablemente no participar\u00e1\u00bb si el proceso no es m\u00e1s que un intercambio informal de acuerdos disfrazado de consultas formales. Cabe destacar que tambi\u00e9n confirm\u00f3 que la iniciativa de AUR para suspender a Nicu\u0219or Dan sigue adelante, ya que \u00abel presidente no ha cambiado de actitud\u00bb.<\/p>\n<p>Nicu\u0219or Dan lleva 62 d\u00edas sin proponer a ning\u00fan primer ministro, el pa\u00eds lleva entre 110 y 114 d\u00edas sin un gobierno con plenos poderes, y la \u00abterquedad\u00bb del presidente le est\u00e1 costando dinero de verdad a Ruman\u00eda. \u00abLa suspensi\u00f3n es una soluci\u00f3n constitucional, porque su obstinaci\u00f3n ya est\u00e1 generando unos costes demasiado elevados para Ruman\u00eda\u00bb, afirm\u00f3 la AUR en un comunicado de prensa de finales de agosto. El partido est\u00e1 recogiendo activamente firmas de diputados de otros partidos que est\u00e1n \u00abinsatisfechos con la forma en que Nicu\u0219or Dan ha ejercido sus poderes presidenciales\u00bb, y Peiu dice que ya se han sumado nuevos compa\u00f1eros. En teor\u00eda, el PSD podr\u00eda formar gobierno sin la AUR apoy\u00e1ndose en la UDMR, en diputados de minor\u00edas, en facciones escindidas del PNL y en antiguos legisladores de SOS\/POT, pero Peiu tambi\u00e9n calific\u00f3 esa estrategia de \u00abextremadamente peligrosa\u00bb y advirti\u00f3 de que dar\u00eda lugar a una \u00abmayor\u00eda fr\u00e1gil\u00bb basada en el soborno de diputados no afiliados.<\/p>\n<p>En definitiva, el d\u00eda no se centr\u00f3 realmente en una sola ley o una sola resoluci\u00f3n. Se trat\u00f3 m\u00e1s bien de que la AUR se posicionara como el \u00fanico bloque de oposici\u00f3n disciplinado de cara a un oto\u00f1o que se presenta tenso.<\/p>\n","protected":false},"excerpt":{"rendered":"<p>Drobeta-Turnu Severin no es precisamente el primer lugar en el que esperar\u00edas que se desencadenara un terremoto pol\u00edtico, pero el s\u00e1bado se convirti\u00f3 en el escenario donde la AUR desgran\u00f3 toda su estrategia para la sesi\u00f3n parlamentaria que empieza este martes. El Consejo Nacional de Direcci\u00f3n (CNC) del partido se reuni\u00f3 en lo que se [&hellip;]<\/p>\n","protected":false},"author":79,"featured_media":62770,"comment_status":"closed","ping_status":"closed","sticky":false,"template":"","format":"standard","meta":{"footnotes":""},"categories":[9],"tags":[],"editorial-positions":[],"regions":[],"types":[],"class_list":["post-62990","post","type-post","status-publish","format-standard","has-post-thumbnail","hentry","category-sin-categorizar"],"yoast_head":"<!-- This site is optimized with the Yoast SEO plugin v28.0 - https:\/\/yoast.com\/product\/yoast-seo-wordpress\/ -->\n<title>S\u00e1bado en Drobeta: La reuni\u00f3n que se convirti\u00f3 en el Manifiesto de la AUR - The Conservative<\/title>\n<meta name=\"robots\" content=\"index, follow, max-snippet:-1, max-image-preview:large, max-video-preview:-1\" \/>\n<link rel=\"canonical\" href=\"https:\/\/www.theconservative.online\/es\/sabado-en-drobeta-la-reunion-que-se-convirtio-en-el-manifiesto-de-la-aur\" \/>\n<meta property=\"og:locale\" content=\"es_ES\" \/>\n<meta property=\"og:type\" content=\"article\" \/>\n<meta property=\"og:title\" content=\"S\u00e1bado en Drobeta: La reuni\u00f3n que se convirti\u00f3 en el Manifiesto de la AUR - The Conservative\" \/>\n<meta property=\"og:description\" content=\"Drobeta-Turnu Severin no es precisamente el primer lugar en el que esperar\u00edas que se desencadenara un terremoto pol\u00edtico, pero el s\u00e1bado se convirti\u00f3 en el escenario donde la AUR desgran\u00f3 toda su estrategia para la sesi\u00f3n parlamentaria que empieza este martes. El Consejo Nacional de Direcci\u00f3n (CNC) del partido se reuni\u00f3 en lo que se [&hellip;]\" \/>\n<meta property=\"og:url\" content=\"https:\/\/www.theconservative.online\/es\/sabado-en-drobeta-la-reunion-que-se-convirtio-en-el-manifiesto-de-la-aur\" \/>\n<meta property=\"og:site_name\" content=\"The Conservative\" \/>\n<meta property=\"article:published_time\" content=\"2026-08-30T12:15:11+00:00\" \/>\n<meta property=\"og:image\" content=\"https:\/\/www.theconservative.online\/wp-content\/uploads\/2026\/08\/AURCNC.jpg\" \/>\n\t<meta property=\"og:image:width\" content=\"1792\" \/>\n\t<meta property=\"og:image:height\" content=\"1008\" \/>\n\t<meta property=\"og:image:type\" content=\"image\/jpeg\" \/>\n<meta name=\"author\" content=\"Iosefina Pascal\" \/>\n<meta name=\"twitter:card\" content=\"summary_large_image\" \/>\n<meta name=\"twitter:label1\" content=\"Escrito por\" \/>\n\t<meta name=\"twitter:data1\" content=\"Iosefina Pascal\" \/>\n\t<meta name=\"twitter:label2\" content=\"Tiempo de lectura\" \/>\n\t<meta name=\"twitter:data2\" content=\"6 minutos\" \/>\n<script type=\"application\/ld+json\" class=\"yoast-schema-graph\">{\"@context\":\"https:\\\/\\\/schema.org\",\"@graph\":[{\"@type\":\"Article\",\"@id\":\"https:\\\/\\\/www.theconservative.online\\\/es\\\/sabado-en-drobeta-la-reunion-que-se-convirtio-en-el-manifiesto-de-la-aur#article\",\"isPartOf\":{\"@id\":\"https:\\\/\\\/www.theconservative.online\\\/es\\\/sabado-en-drobeta-la-reunion-que-se-convirtio-en-el-manifiesto-de-la-aur\"},\"author\":{\"name\":\"Iosefina Pascal\",\"@id\":\"https:\\\/\\\/www.theconservative.online\\\/es#\\\/schema\\\/person\\\/a058eee3b153ac2215cf616d9795653b\"},\"headline\":\"S\u00e1bado en Drobeta: La reuni\u00f3n que se convirti\u00f3 en el Manifiesto de la AUR\",\"datePublished\":\"2026-08-30T12:15:11+00:00\",\"mainEntityOfPage\":{\"@id\":\"https:\\\/\\\/www.theconservative.online\\\/es\\\/sabado-en-drobeta-la-reunion-que-se-convirtio-en-el-manifiesto-de-la-aur\"},\"wordCount\":1213,\"image\":{\"@id\":\"https:\\\/\\\/www.theconservative.online\\\/es\\\/sabado-en-drobeta-la-reunion-que-se-convirtio-en-el-manifiesto-de-la-aur#primaryimage\"},\"thumbnailUrl\":\"https:\\\/\\\/www.theconservative.online\\\/wp-content\\\/uploads\\\/2026\\\/08\\\/AURCNC.jpg\",\"articleSection\":[\"Sin categorizar\"],\"inLanguage\":\"es\"},{\"@type\":\"WebPage\",\"@id\":\"https:\\\/\\\/www.theconservative.online\\\/es\\\/sabado-en-drobeta-la-reunion-que-se-convirtio-en-el-manifiesto-de-la-aur\",\"url\":\"https:\\\/\\\/www.theconservative.online\\\/es\\\/sabado-en-drobeta-la-reunion-que-se-convirtio-en-el-manifiesto-de-la-aur\",\"name\":\"S\u00e1bado en Drobeta: La reuni\u00f3n que se convirti\u00f3 en el Manifiesto de la AUR - The Conservative\",\"isPartOf\":{\"@id\":\"https:\\\/\\\/www.theconservative.online\\\/es#website\"},\"primaryImageOfPage\":{\"@id\":\"https:\\\/\\\/www.theconservative.online\\\/es\\\/sabado-en-drobeta-la-reunion-que-se-convirtio-en-el-manifiesto-de-la-aur#primaryimage\"},\"image\":{\"@id\":\"https:\\\/\\\/www.theconservative.online\\\/es\\\/sabado-en-drobeta-la-reunion-que-se-convirtio-en-el-manifiesto-de-la-aur#primaryimage\"},\"thumbnailUrl\":\"https:\\\/\\\/www.theconservative.online\\\/wp-content\\\/uploads\\\/2026\\\/08\\\/AURCNC.jpg\",\"datePublished\":\"2026-08-30T12:15:11+00:00\",\"author\":{\"@id\":\"https:\\\/\\\/www.theconservative.online\\\/es#\\\/schema\\\/person\\\/a058eee3b153ac2215cf616d9795653b\"},\"breadcrumb\":{\"@id\":\"https:\\\/\\\/www.theconservative.online\\\/es\\\/sabado-en-drobeta-la-reunion-que-se-convirtio-en-el-manifiesto-de-la-aur#breadcrumb\"},\"inLanguage\":\"es\",\"potentialAction\":[{\"@type\":\"ReadAction\",\"target\":[\"https:\\\/\\\/www.theconservative.online\\\/es\\\/sabado-en-drobeta-la-reunion-que-se-convirtio-en-el-manifiesto-de-la-aur\"]}]},{\"@type\":\"ImageObject\",\"inLanguage\":\"es\",\"@id\":\"https:\\\/\\\/www.theconservative.online\\\/es\\\/sabado-en-drobeta-la-reunion-que-se-convirtio-en-el-manifiesto-de-la-aur#primaryimage\",\"url\":\"https:\\\/\\\/www.theconservative.online\\\/wp-content\\\/uploads\\\/2026\\\/08\\\/AURCNC.jpg\",\"contentUrl\":\"https:\\\/\\\/www.theconservative.online\\\/wp-content\\\/uploads\\\/2026\\\/08\\\/AURCNC.jpg\",\"width\":1792,\"height\":1008,\"caption\":\"Signature: JnuSjfynT9OAlDAdvk576xl8uMSnujh4H8wsPA4DHucqZKqfRZSk1c2Jgz+Ez0p2DggPskOnY4UpUsdhdnUEJpw\\\/k4YraRVCyWOb6+yonAZQDdnf9m1kaDZRyJDghEhUNuEdfnXVt2rNPz85AS+3kxZ2hoOWYOkmxGbzSGpXMaTHUkbeaCi1nmS2pQGdi9issUNaIQXsPS+YImz3+ZFcykVSZHWC1+W4eck1UXYYUGH2KyzuKBTdVSWpGEcsun8a\"},{\"@type\":\"BreadcrumbList\",\"@id\":\"https:\\\/\\\/www.theconservative.online\\\/es\\\/sabado-en-drobeta-la-reunion-que-se-convirtio-en-el-manifiesto-de-la-aur#breadcrumb\",\"itemListElement\":[{\"@type\":\"ListItem\",\"position\":1,\"name\":\"Home\",\"item\":\"https:\\\/\\\/www.theconservative.online\\\/es\"},{\"@type\":\"ListItem\",\"position\":2,\"name\":\"S\u00e1bado en Drobeta: La reuni\u00f3n que se convirti\u00f3 en el Manifiesto de la AUR\"}]},{\"@type\":\"WebSite\",\"@id\":\"https:\\\/\\\/www.theconservative.online\\\/es#website\",\"url\":\"https:\\\/\\\/www.theconservative.online\\\/es\",\"name\":\"The Conservative\",\"description\":\"\",\"potentialAction\":[{\"@type\":\"SearchAction\",\"target\":{\"@type\":\"EntryPoint\",\"urlTemplate\":\"https:\\\/\\\/www.theconservative.online\\\/es?s={search_term_string}\"},\"query-input\":{\"@type\":\"PropertyValueSpecification\",\"valueRequired\":true,\"valueName\":\"search_term_string\"}}],\"inLanguage\":\"es\"},{\"@type\":\"Person\",\"@id\":\"https:\\\/\\\/www.theconservative.online\\\/es#\\\/schema\\\/person\\\/a058eee3b153ac2215cf616d9795653b\",\"name\":\"Iosefina Pascal\",\"image\":{\"@type\":\"ImageObject\",\"inLanguage\":\"es\",\"@id\":\"https:\\\/\\\/secure.gravatar.com\\\/avatar\\\/b6c6576a2be336212e2c44862e76e71f326a3e912cd8ca0a6856a38198536fd3?s=96&d=mm&r=g\",\"url\":\"https:\\\/\\\/secure.gravatar.com\\\/avatar\\\/b6c6576a2be336212e2c44862e76e71f326a3e912cd8ca0a6856a38198536fd3?s=96&d=mm&r=g\",\"contentUrl\":\"https:\\\/\\\/secure.gravatar.com\\\/avatar\\\/b6c6576a2be336212e2c44862e76e71f326a3e912cd8ca0a6856a38198536fd3?s=96&d=mm&r=g\",\"caption\":\"Iosefina Pascal\"},\"url\":\"https:\\\/\\\/www.theconservative.online\\\/es\\\/author\\\/pascal-eunat-2025-26\"}]}<\/script>\n<!-- \/ Yoast SEO plugin. -->","yoast_head_json":{"title":"S\u00e1bado en Drobeta: La reuni\u00f3n que se convirti\u00f3 en el Manifiesto de la AUR - The Conservative","robots":{"index":"index","follow":"follow","max-snippet":"max-snippet:-1","max-image-preview":"max-image-preview:large","max-video-preview":"max-video-preview:-1"},"canonical":"https:\/\/www.theconservative.online\/es\/sabado-en-drobeta-la-reunion-que-se-convirtio-en-el-manifiesto-de-la-aur","og_locale":"es_ES","og_type":"article","og_title":"S\u00e1bado en Drobeta: La reuni\u00f3n que se convirti\u00f3 en el Manifiesto de la AUR - The Conservative","og_description":"Drobeta-Turnu Severin no es precisamente el primer lugar en el que esperar\u00edas que se desencadenara un terremoto pol\u00edtico, pero el s\u00e1bado se convirti\u00f3 en el escenario donde la AUR desgran\u00f3 toda su estrategia para la sesi\u00f3n parlamentaria que empieza este martes. El Consejo Nacional de Direcci\u00f3n (CNC) del partido se reuni\u00f3 en lo que se [&hellip;]","og_url":"https:\/\/www.theconservative.online\/es\/sabado-en-drobeta-la-reunion-que-se-convirtio-en-el-manifiesto-de-la-aur","og_site_name":"The Conservative","article_published_time":"2026-08-30T12:15:11+00:00","og_image":[{"width":1792,"height":1008,"url":"https:\/\/www.theconservative.online\/wp-content\/uploads\/2026\/08\/AURCNC.jpg","type":"image\/jpeg"}],"author":"Iosefina Pascal","twitter_card":"summary_large_image","twitter_misc":{"Escrito por":"Iosefina Pascal","Tiempo de lectura":"6 minutos"},"schema":{"@context":"https:\/\/schema.org","@graph":[{"@type":"Article","@id":"https:\/\/www.theconservative.online\/es\/sabado-en-drobeta-la-reunion-que-se-convirtio-en-el-manifiesto-de-la-aur#article","isPartOf":{"@id":"https:\/\/www.theconservative.online\/es\/sabado-en-drobeta-la-reunion-que-se-convirtio-en-el-manifiesto-de-la-aur"},"author":{"name":"Iosefina Pascal","@id":"https:\/\/www.theconservative.online\/es#\/schema\/person\/a058eee3b153ac2215cf616d9795653b"},"headline":"S\u00e1bado en Drobeta: La reuni\u00f3n que se convirti\u00f3 en el Manifiesto de la AUR","datePublished":"2026-08-30T12:15:11+00:00","mainEntityOfPage":{"@id":"https:\/\/www.theconservative.online\/es\/sabado-en-drobeta-la-reunion-que-se-convirtio-en-el-manifiesto-de-la-aur"},"wordCount":1213,"image":{"@id":"https:\/\/www.theconservative.online\/es\/sabado-en-drobeta-la-reunion-que-se-convirtio-en-el-manifiesto-de-la-aur#primaryimage"},"thumbnailUrl":"https:\/\/www.theconservative.online\/wp-content\/uploads\/2026\/08\/AURCNC.jpg","articleSection":["Sin categorizar"],"inLanguage":"es"},{"@type":"WebPage","@id":"https:\/\/www.theconservative.online\/es\/sabado-en-drobeta-la-reunion-que-se-convirtio-en-el-manifiesto-de-la-aur","url":"https:\/\/www.theconservative.online\/es\/sabado-en-drobeta-la-reunion-que-se-convirtio-en-el-manifiesto-de-la-aur","name":"S\u00e1bado en Drobeta: La reuni\u00f3n que se convirti\u00f3 en el Manifiesto de la AUR - The Conservative","isPartOf":{"@id":"https:\/\/www.theconservative.online\/es#website"},"primaryImageOfPage":{"@id":"https:\/\/www.theconservative.online\/es\/sabado-en-drobeta-la-reunion-que-se-convirtio-en-el-manifiesto-de-la-aur#primaryimage"},"image":{"@id":"https:\/\/www.theconservative.online\/es\/sabado-en-drobeta-la-reunion-que-se-convirtio-en-el-manifiesto-de-la-aur#primaryimage"},"thumbnailUrl":"https:\/\/www.theconservative.online\/wp-content\/uploads\/2026\/08\/AURCNC.jpg","datePublished":"2026-08-30T12:15:11+00:00","author":{"@id":"https:\/\/www.theconservative.online\/es#\/schema\/person\/a058eee3b153ac2215cf616d9795653b"},"breadcrumb":{"@id":"https:\/\/www.theconservative.online\/es\/sabado-en-drobeta-la-reunion-que-se-convirtio-en-el-manifiesto-de-la-aur#breadcrumb"},"inLanguage":"es","potentialAction":[{"@type":"ReadAction","target":["https:\/\/www.theconservative.online\/es\/sabado-en-drobeta-la-reunion-que-se-convirtio-en-el-manifiesto-de-la-aur"]}]},{"@type":"ImageObject","inLanguage":"es","@id":"https:\/\/www.theconservative.online\/es\/sabado-en-drobeta-la-reunion-que-se-convirtio-en-el-manifiesto-de-la-aur#primaryimage","url":"https:\/\/www.theconservative.online\/wp-content\/uploads\/2026\/08\/AURCNC.jpg","contentUrl":"https:\/\/www.theconservative.online\/wp-content\/uploads\/2026\/08\/AURCNC.jpg","width":1792,"height":1008,"caption":"Signature: JnuSjfynT9OAlDAdvk576xl8uMSnujh4H8wsPA4DHucqZKqfRZSk1c2Jgz+Ez0p2DggPskOnY4UpUsdhdnUEJpw\/k4YraRVCyWOb6+yonAZQDdnf9m1kaDZRyJDghEhUNuEdfnXVt2rNPz85AS+3kxZ2hoOWYOkmxGbzSGpXMaTHUkbeaCi1nmS2pQGdi9issUNaIQXsPS+YImz3+ZFcykVSZHWC1+W4eck1UXYYUGH2KyzuKBTdVSWpGEcsun8a"},{"@type":"BreadcrumbList","@id":"https:\/\/www.theconservative.online\/es\/sabado-en-drobeta-la-reunion-que-se-convirtio-en-el-manifiesto-de-la-aur#breadcrumb","itemListElement":[{"@type":"ListItem","position":1,"name":"Home","item":"https:\/\/www.theconservative.online\/es"},{"@type":"ListItem","position":2,"name":"S\u00e1bado en Drobeta: La reuni\u00f3n que se convirti\u00f3 en el Manifiesto de la AUR"}]},{"@type":"WebSite","@id":"https:\/\/www.theconservative.online\/es#website","url":"https:\/\/www.theconservative.online\/es","name":"The Conservative","description":"","potentialAction":[{"@type":"SearchAction","target":{"@type":"EntryPoint","urlTemplate":"https:\/\/www.theconservative.online\/es?s={search_term_string}"},"query-input":{"@type":"PropertyValueSpecification","valueRequired":true,"valueName":"search_term_string"}}],"inLanguage":"es"},{"@type":"Person","@id":"https:\/\/www.theconservative.online\/es#\/schema\/person\/a058eee3b153ac2215cf616d9795653b","name":"Iosefina Pascal","image":{"@type":"ImageObject","inLanguage":"es","@id":"https:\/\/secure.gravatar.com\/avatar\/b6c6576a2be336212e2c44862e76e71f326a3e912cd8ca0a6856a38198536fd3?s=96&d=mm&r=g","url":"https:\/\/secure.gravatar.com\/avatar\/b6c6576a2be336212e2c44862e76e71f326a3e912cd8ca0a6856a38198536fd3?s=96&d=mm&r=g","contentUrl":"https:\/\/secure.gravatar.com\/avatar\/b6c6576a2be336212e2c44862e76e71f326a3e912cd8ca0a6856a38198536fd3?s=96&d=mm&r=g","caption":"Iosefina Pascal"},"url":"https:\/\/www.theconservative.online\/es\/author\/pascal-eunat-2025-26"}]}},"acf":[],"_links":{"self":[{"href":"https:\/\/www.theconservative.online\/es\/wp-json\/wp\/v2\/posts\/62990","targetHints":{"allow":["GET"]}}],"collection":[{"href":"https:\/\/www.theconservative.online\/es\/wp-json\/wp\/v2\/posts"}],"about":[{"href":"https:\/\/www.theconservative.online\/es\/wp-json\/wp\/v2\/types\/post"}],"author":[{"embeddable":true,"href":"https:\/\/www.theconservative.online\/es\/wp-json\/wp\/v2\/users\/79"}],"replies":[{"embeddable":true,"href":"https:\/\/www.theconservative.online\/es\/wp-json\/wp\/v2\/comments?post=62990"}],"version-history":[{"count":0,"href":"https:\/\/www.theconservative.online\/es\/wp-json\/wp\/v2\/posts\/62990\/revisions"}],"wp:featuredmedia":[{"embeddable":true,"href":"https:\/\/www.theconservative.online\/es\/wp-json\/wp\/v2\/media\/62770"}],"wp:attachment":[{"href":"https:\/\/www.theconservative.online\/es\/wp-json\/wp\/v2\/media?parent=62990"}],"wp:term":[{"taxonomy":"category","embeddable":true,"href":"https:\/\/www.theconservative.online\/es\/wp-json\/wp\/v2\/categories?post=62990"},{"taxonomy":"post_tag","embeddable":true,"href":"https:\/\/www.theconservative.online\/es\/wp-json\/wp\/v2\/tags?post=62990"},{"taxonomy":"editorial-positions","embeddable":true,"href":"https:\/\/www.theconservative.online\/es\/wp-json\/wp\/v2\/editorial-positions?post=62990"},{"taxonomy":"regions","embeddable":true,"href":"https:\/\/www.theconservative.online\/es\/wp-json\/wp\/v2\/regions?post=62990"},{"taxonomy":"types","embeddable":true,"href":"https:\/\/www.theconservative.online\/es\/wp-json\/wp\/v2\/types?post=62990"}],"curies":[{"name":"wp","href":"https:\/\/api.w.org\/{rel}","templated":true}]}}