{"id":62998,"date":"2026-08-30T12:12:50","date_gmt":"2026-08-30T12:12:50","guid":{"rendered":"https:\/\/www.theconservative.online\/salvar-la-identidad-europea-significa-salvar-la-identidad-de-sus-pueblos"},"modified":"2026-08-30T12:12:50","modified_gmt":"2026-08-30T12:12:50","slug":"salvar-la-identidad-europea-significa-salvar-la-identidad-de-sus-pueblos","status":"publish","type":"post","link":"https:\/\/www.theconservative.online\/es\/salvar-la-identidad-europea-significa-salvar-la-identidad-de-sus-pueblos","title":{"rendered":"Salvar la identidad europea significa salvar la identidad de sus pueblos"},"content":{"rendered":"<p>Europa est\u00e1 viviendo una transformaci\u00f3n demogr\u00e1fica que ya no se puede considerar solo una cuesti\u00f3n estad\u00edstica. A 1 de enero de 2026, la poblaci\u00f3n de la Uni\u00f3n Europea rondaba los 452 millones de habitantes, lo que supone un aumento de 706 000 personas respecto al a\u00f1o anterior. Pero detr\u00e1s de esta cifra aparentemente positiva se esconde una realidad muy diferente: en 2025, solo nacieron 3,46 millones de ni\u00f1os en la UE, mientras que fallecieron 4,81 millones de personas. El saldo natural fue, por lo tanto, negativo en aproximadamente 1,35 millones de personas. El aumento general de la poblaci\u00f3n solo fue posible gracias a una migraci\u00f3n neta positiva. Este es el punto de partida desde el que deber\u00eda comenzar cualquier reflexi\u00f3n seria sobre el futuro de Europa.<br \/>\nEuropa no solo est\u00e1 creciendo m\u00e1s despacio. Ya ha entrado en una fase en la que mueren m\u00e1s personas de las que nacen. Esta tendencia, que empez\u00f3 a notarse de forma structural en 2012, va acompa\u00f1ada de un progresivo envejecimiento de la poblaci\u00f3n.<br \/>\nLas previsiones de la Comisi\u00f3n Europea indican que esta transformaci\u00f3n se har\u00e1 a\u00fan m\u00e1s evidente en las pr\u00f3ximas d\u00e9cadas: se espera que la poblaci\u00f3n europea alcance su m\u00e1ximo y, a continuaci\u00f3n, empiece a disminuir, mientras que la proporci\u00f3n de personas mayores aumentar\u00e1 y la de la poblaci\u00f3n en edad de trabajar disminuir\u00e1.<br \/>\nEl problema, por lo tanto, no se limita a las pensiones, la sanidad, la productividad o el mercado laboral.<br \/>\nTambi\u00e9n tenemos que hacernos una pregunta mucho m\u00e1s profunda: \u00bfc\u00f3mo puede una civilizaci\u00f3n conservar su identidad si cada vez es m\u00e1s dif\u00edcil transmitirla de una generaci\u00f3n a otra?<br \/>\nDurante demasiado tiempo hemos considerado la demograf\u00eda como un tema propio de economistas y estad\u00edsticos. Pero una sociedad no es solo la suma de su poblaci\u00f3n activa.<br \/>\nUna sociedad tambi\u00e9n es memoria.<br \/>\nEs la lengua, la literatura, el arte, la tradici\u00f3n, la religi\u00f3n, las costumbres, el paisaje, la arquitectura, la m\u00fasica y la historia. Es todo aquello que una generaci\u00f3n recibe de la anterior y decide libremente transmitir a la siguiente.<br \/>\nUna lengua se mantiene viva porque se ense\u00f1a a los ni\u00f1os. Una tradici\u00f3n se mantiene viva porque se transmite. El patrimonio cultural se mantiene vivo porque alguien lo considera lo suficientemente importante como para transmitirlo a las generaciones futuras.<br \/>\nPor eso el declive demogr\u00e1fico de Europa es tambi\u00e9n un problema de continuidad cultural.<br \/>\nY ah\u00ed es precisamente donde deber\u00eda empezar una reflexi\u00f3n verdaderamente conservadora.<br \/>\nConservar no significa rechazar el cambio. Significa evitar que el cambio destruya lo que merece la pena conservar.<br \/>\nEuropa no tiene por qu\u00e9 inventarse una nueva identidad borrando las que ya existen. Al contrario, tiene que reconocer que su identidad surgi\u00f3 de la pluralidad de sus pueblos.<br \/>\nEuropa es italiana, francesa, alemana, espa\u00f1ola, griega, polaca, irlandesa, h\u00fangara y mucho m\u00e1s. Est\u00e1 formada por diferentes idiomas, diferentes tradiciones y diferentes memorias hist\u00f3ricas.<br \/>\nEsta pluralidad no es un obst\u00e1culo para la identidad europea.<br \/>\nEs la identidad europea.<br \/>\nPor eso, el proyecto europeo deber\u00eda dejar de confundir la integraci\u00f3n con la homogeneizaci\u00f3n.<br \/>\nUn ciudadano europeo no deber\u00eda verse obligado a elegir entre su identidad nacional y su identidad europea. Uno puede sentirse profundamente italiano y profundamente europeo; profundamente polaco y profundamente europeo; profundamente griego y profundamente europeo.<br \/>\nDe hecho, es precisamente la fuerza de las identidades que conforman el continente lo que hace posible una identidad europea m\u00e1s s\u00f3lida.<br \/>\nLa Comisi\u00f3n Europea  <em>Br\u00fajula cultural para Europa<\/em>  Tambi\u00e9n reconoce la diversidad cultural y ling\u00fc\u00edstica como elementos fundamentales del patrimonio europeo y le da a la cultura un papel importante a la hora de crear un sentimiento de pertenencia.<br \/>\nHay que sacar todas las consecuencias pol\u00edticas de este principio.<br \/>\nSalvar Europa significa salvar las culturas que la componen.<br \/>\nY para salvarlos, no basta con financiar museos o restaurar monumentos. Tenemos que asegurarnos de que haya nuevas generaciones a las que se les puedan transmitir.<br \/>\nNo hay ninguna medida milagrosa capaz de resolver el problema de la ca\u00edda de la natalidad. La decisi\u00f3n de tener hijos depende de condiciones econ\u00f3micas, sociales y culturales muy diferentes.<br \/>\nPero precisamente por eso, hay que crear un entorno en el que ser madre no suponga una desventaja.<br \/>\nEuropa debe analizar en profundidad las diferencias que existen entre sus Estados miembros. Las tasas de natalidad no son iguales en todas partes, y las pol\u00edticas familiares, junto con las condiciones econ\u00f3micas, laborales y de vivienda, pueden contribuir a crear circunstancias m\u00e1s o menos favorables para formar una familia.<br \/>\nEsto no quiere decir que haya una relaci\u00f3n autom\u00e1tica entre una prestaci\u00f3n concreta y el n\u00famero de hijos.<br \/>\nSignifica reconocer que, si una sociedad quiere que nazcan m\u00e1s ni\u00f1os, tiene que facilitar que la gente tenga hijos.<br \/>\nY esto implica incentivos fiscales, ayudas a la maternidad, servicios de cuidado infantil, pol\u00edticas de vivienda, permisos parentales, flexibilidad laboral y, sobre todo, el reconocimiento social del valor de la maternidad.<br \/>\nLa maternidad es una inversi\u00f3n en el futuro de la sociedad.<br \/>\nPero una pol\u00edtica demogr\u00e1fica sin una pol\u00edtica educativa no bastar\u00eda.<br \/>\nPodemos tener m\u00e1s hijos, pero si esos hijos crecen sin conocer su historia, su literatura y su cultura, la continuidad sigue sin estar garantizada.<br \/>\nLas escuelas tienen que volver a ser lugares de transmisi\u00f3n.<br \/>\nDante, Shakespeare, Cervantes, Goethe, Homero y Manzoni no tienen cabida en un museo del pasado. Forman parte del patrimonio gracias al cual Europa ha forjado su identidad.<br \/>\nUna sociedad que tiene confianza en su identidad no necesita borrar lo que hubo antes.<br \/>\nPuede criticarlo. Puede debatirlo. Incluso puede rechazar ciertos aspectos del mismo.<br \/>\nPero primero tiene que saberlo.<br \/>\nAqu\u00ed es donde tenemos que ir a contracorriente de  <em>la cultura de la cancelaci\u00f3n<\/em>.<br \/>\nLa cultura no puede convertirse en un juicio permanente del pasado en el que cada obra se juzgue exclusivamente seg\u00fan los criterios morales del presente. La libertad cultural tambi\u00e9n implica la posibilidad de enfrentarse a ideas inc\u00f3modas, obras pol\u00e9micas y figuras hist\u00f3ricas problem\u00e1ticas.<br \/>\nLa educaci\u00f3n deber\u00eda formar ciudadanos capaces de formarse una opini\u00f3n, no generaciones incapaces de saber.<br \/>\nPor \u00faltimo, hay una relaci\u00f3n entre la demograf\u00eda y la cohesi\u00f3n social que no hay que subestimar.<br \/>\nUna sociedad que envejece, se reduce y ve su cultura como algo que hay que ocultar puede volverse m\u00e1s insegura. Y una sociedad insegura tiende m\u00e1s a ver el cambio como una amenaza.<br \/>\nEs precisamente en este contexto donde tambi\u00e9n puede crecer la xenofobia.<br \/>\nPor eso, una pol\u00edtica demogr\u00e1fica seria no debe entenderse como algo que vaya en contra de la inmigraci\u00f3n. Hay que verla como una forma de reforzar la confianza de los europeos en su propia capacidad para labrarse un futuro.<br \/>\nLa inmigraci\u00f3n legal y regular puede frenar el declive demogr\u00e1fico y ayudar a compensar la disminuci\u00f3n de la poblaci\u00f3n activa, pero no puede sustituir a una pol\u00edtica destinada a aumentar las tasas de natalidad. Los datos de Eurostat muestran claramente que, en los \u00faltimos a\u00f1os, el crecimiento demogr\u00e1fico de Europa ha dependido de la migraci\u00f3n neta, mientras que el saldo natural se ha mantenido muy negativo.<br \/>\nLa respuesta, por lo tanto, no puede ser elegir entre la familia y la inmigraci\u00f3n.<br \/>\nTiene que ser para construir una Europa con la suficiente confianza en s\u00ed misma como para poder hacer ambas cosas sin miedo.<br \/>\nPor eso la demograf\u00eda deber\u00eda convertirse en una de las principales prioridades pol\u00edticas de la Uni\u00f3n Europea.<br \/>\nAntes incluso de financiar nuevas pol\u00edticas industriales de envergadura, grandes proyectos econ\u00f3micos o nuevos programas de inversi\u00f3n, Europa debe preguntarse qui\u00e9nes ser\u00e1n los que tengan que vivir, trabajar y construir esa sociedad dentro de veinte, treinta o cincuenta a\u00f1os.<br \/>\nPor eso, deber\u00eda impulsar pol\u00edticas comunes y vinculantes para fomentar el crecimiento demogr\u00e1fico, permitiendo al mismo tiempo que los Estados miembros elijan los instrumentos que mejor se adapten a sus propias tradiciones sociales, pero fijando objetivos comunes.<br \/>\nLo m\u00e1s importante deben ser las madres y las familias: incentivos fiscales, ayudas a la vivienda, servicios, permisos parentales, protecci\u00f3n social y condiciones laborales compatibles con la maternidad.<br \/>\nLa comparaci\u00f3n entre pa\u00edses europeos deber\u00eda convertirse en una aut\u00e9ntica pol\u00edtica de investigaci\u00f3n: estudiar d\u00f3nde el descenso de la natalidad es menos pronunciado, qu\u00e9 factores lo acompa\u00f1an y qu\u00e9 medidas se pueden aplicar en otros lugares. No para prometer milagros, sino para aprender de los resultados.<br \/>\nPorque sin familias, no hay trabajadores. Te lo digo yo.<br \/>\nSin ni\u00f1os, no hay futuro.<br \/>\nY sin transmisi\u00f3n cultural, no hay identidad.<br \/>\nSalvar la identidad europea no significa construir una Europa uniforme. Significa salvar la extraordinaria pluralidad de sus pueblos.<br \/>\nSignifica permitir que cada uno de ellos conserve su propia lengua, historia y tradiciones dentro de un hogar europeo com\u00fan.<br \/>\nUna Europa que vuelva a tener hijos, que vuelva a ense\u00f1ar su historia y que ya no vea su patrimonio cultural como una carga del pasado ser\u00e1 tambi\u00e9n una Europa menos temerosa ante el mundo.<br \/>\nPorque los que tienen confianza en su propia identidad no tienen por qu\u00e9 tener miedo de los dem\u00e1s.<br \/>\nSimplemente tienen que tener algo que merezca la pena transmitir.<\/p>\n<\/p>","protected":false},"excerpt":{"rendered":"<p>Europa est\u00e1 viviendo una transformaci\u00f3n demogr\u00e1fica que ya no se puede considerar solo una cuesti\u00f3n estad\u00edstica. A 1 de enero de 2026, la poblaci\u00f3n de la Uni\u00f3n Europea rondaba los 452 millones de habitantes, lo que supone un aumento de 706 000 personas respecto al a\u00f1o anterior. Pero detr\u00e1s de esta cifra aparentemente positiva se [&hellip;]<\/p>\n","protected":false},"author":93,"featured_media":62794,"comment_status":"closed","ping_status":"closed","sticky":false,"template":"","format":"standard","meta":{"footnotes":""},"categories":[1471,177],"tags":[3481,268,1406,3480],"editorial-positions":[],"regions":[],"types":[452],"class_list":["post-62998","post","type-post","status-publish","format-standard","has-post-thumbnail","hentry","category-construir-una-europa-conservadora","category-cultura-es","tag-demografic-trasformation","tag-europe","tag-identity","tag-peoples","types-opinion-es"],"yoast_head":"<!-- This site is optimized with the Yoast SEO plugin v28.0 - https:\/\/yoast.com\/product\/yoast-seo-wordpress\/ -->\n<title>Salvar la identidad europea significa salvar la identidad de sus pueblos - The Conservative<\/title>\n<meta name=\"robots\" content=\"index, follow, max-snippet:-1, max-image-preview:large, max-video-preview:-1\" \/>\n<link rel=\"canonical\" href=\"https:\/\/www.theconservative.online\/es\/salvar-la-identidad-europea-significa-salvar-la-identidad-de-sus-pueblos\" \/>\n<meta property=\"og:locale\" content=\"es_ES\" \/>\n<meta property=\"og:type\" content=\"article\" \/>\n<meta property=\"og:title\" content=\"Salvar la identidad europea significa salvar la identidad de sus pueblos - The Conservative\" \/>\n<meta property=\"og:description\" content=\"Europa est\u00e1 viviendo una transformaci\u00f3n demogr\u00e1fica que ya no se puede considerar solo una cuesti\u00f3n estad\u00edstica. A 1 de enero de 2026, la poblaci\u00f3n de la Uni\u00f3n Europea rondaba los 452 millones de habitantes, lo que supone un aumento de 706 000 personas respecto al a\u00f1o anterior. Pero detr\u00e1s de esta cifra aparentemente positiva se [&hellip;]\" \/>\n<meta property=\"og:url\" content=\"https:\/\/www.theconservative.online\/es\/salvar-la-identidad-europea-significa-salvar-la-identidad-de-sus-pueblos\" \/>\n<meta property=\"og:site_name\" content=\"The Conservative\" \/>\n<meta property=\"article:published_time\" content=\"2026-08-30T12:12:50+00:00\" \/>\n<meta property=\"og:image\" content=\"https:\/\/www.theconservative.online\/wp-content\/uploads\/2026\/08\/bandiere-stati-eu.jpg\" \/>\n\t<meta property=\"og:image:width\" content=\"1024\" \/>\n\t<meta property=\"og:image:height\" content=\"1024\" \/>\n\t<meta property=\"og:image:type\" content=\"image\/jpeg\" \/>\n<meta name=\"author\" content=\"Sofia Valenti\" \/>\n<meta name=\"twitter:card\" content=\"summary_large_image\" \/>\n<meta name=\"twitter:label1\" content=\"Escrito por\" \/>\n\t<meta name=\"twitter:data1\" content=\"Sofia Valenti\" \/>\n\t<meta name=\"twitter:label2\" content=\"Tiempo de lectura\" \/>\n\t<meta name=\"twitter:data2\" content=\"8 minutos\" \/>\n<script type=\"application\/ld+json\" class=\"yoast-schema-graph\">{\"@context\":\"https:\\\/\\\/schema.org\",\"@graph\":[{\"@type\":\"Article\",\"@id\":\"https:\\\/\\\/www.theconservative.online\\\/es\\\/salvar-la-identidad-europea-significa-salvar-la-identidad-de-sus-pueblos#article\",\"isPartOf\":{\"@id\":\"https:\\\/\\\/www.theconservative.online\\\/es\\\/salvar-la-identidad-europea-significa-salvar-la-identidad-de-sus-pueblos\"},\"author\":{\"name\":\"Sofia Valenti\",\"@id\":\"https:\\\/\\\/www.theconservative.online\\\/es#\\\/schema\\\/person\\\/ba597107f354c40637f85460639c2da8\"},\"headline\":\"Salvar la identidad europea significa salvar la identidad de sus pueblos\",\"datePublished\":\"2026-08-30T12:12:50+00:00\",\"mainEntityOfPage\":{\"@id\":\"https:\\\/\\\/www.theconservative.online\\\/es\\\/salvar-la-identidad-europea-significa-salvar-la-identidad-de-sus-pueblos\"},\"wordCount\":1629,\"image\":{\"@id\":\"https:\\\/\\\/www.theconservative.online\\\/es\\\/salvar-la-identidad-europea-significa-salvar-la-identidad-de-sus-pueblos#primaryimage\"},\"thumbnailUrl\":\"https:\\\/\\\/www.theconservative.online\\\/wp-content\\\/uploads\\\/2026\\\/08\\\/bandiere-stati-eu.jpg\",\"keywords\":[\"demografic trasformation\",\"europe\",\"identity\",\"peoples\"],\"articleSection\":[\"Construir una Europa conservadora\",\"Cultura\"],\"inLanguage\":\"es\"},{\"@type\":\"WebPage\",\"@id\":\"https:\\\/\\\/www.theconservative.online\\\/es\\\/salvar-la-identidad-europea-significa-salvar-la-identidad-de-sus-pueblos\",\"url\":\"https:\\\/\\\/www.theconservative.online\\\/es\\\/salvar-la-identidad-europea-significa-salvar-la-identidad-de-sus-pueblos\",\"name\":\"Salvar la identidad europea significa salvar la identidad de sus pueblos - The Conservative\",\"isPartOf\":{\"@id\":\"https:\\\/\\\/www.theconservative.online\\\/es#website\"},\"primaryImageOfPage\":{\"@id\":\"https:\\\/\\\/www.theconservative.online\\\/es\\\/salvar-la-identidad-europea-significa-salvar-la-identidad-de-sus-pueblos#primaryimage\"},\"image\":{\"@id\":\"https:\\\/\\\/www.theconservative.online\\\/es\\\/salvar-la-identidad-europea-significa-salvar-la-identidad-de-sus-pueblos#primaryimage\"},\"thumbnailUrl\":\"https:\\\/\\\/www.theconservative.online\\\/wp-content\\\/uploads\\\/2026\\\/08\\\/bandiere-stati-eu.jpg\",\"datePublished\":\"2026-08-30T12:12:50+00:00\",\"author\":{\"@id\":\"https:\\\/\\\/www.theconservative.online\\\/es#\\\/schema\\\/person\\\/ba597107f354c40637f85460639c2da8\"},\"breadcrumb\":{\"@id\":\"https:\\\/\\\/www.theconservative.online\\\/es\\\/salvar-la-identidad-europea-significa-salvar-la-identidad-de-sus-pueblos#breadcrumb\"},\"inLanguage\":\"es\",\"potentialAction\":[{\"@type\":\"ReadAction\",\"target\":[\"https:\\\/\\\/www.theconservative.online\\\/es\\\/salvar-la-identidad-europea-significa-salvar-la-identidad-de-sus-pueblos\"]}]},{\"@type\":\"ImageObject\",\"inLanguage\":\"es\",\"@id\":\"https:\\\/\\\/www.theconservative.online\\\/es\\\/salvar-la-identidad-europea-significa-salvar-la-identidad-de-sus-pueblos#primaryimage\",\"url\":\"https:\\\/\\\/www.theconservative.online\\\/wp-content\\\/uploads\\\/2026\\\/08\\\/bandiere-stati-eu.jpg\",\"contentUrl\":\"https:\\\/\\\/www.theconservative.online\\\/wp-content\\\/uploads\\\/2026\\\/08\\\/bandiere-stati-eu.jpg\",\"width\":1024,\"height\":1024},{\"@type\":\"BreadcrumbList\",\"@id\":\"https:\\\/\\\/www.theconservative.online\\\/es\\\/salvar-la-identidad-europea-significa-salvar-la-identidad-de-sus-pueblos#breadcrumb\",\"itemListElement\":[{\"@type\":\"ListItem\",\"position\":1,\"name\":\"Home\",\"item\":\"https:\\\/\\\/www.theconservative.online\\\/es\"},{\"@type\":\"ListItem\",\"position\":2,\"name\":\"Salvar la identidad europea significa salvar la identidad de sus pueblos\"}]},{\"@type\":\"WebSite\",\"@id\":\"https:\\\/\\\/www.theconservative.online\\\/es#website\",\"url\":\"https:\\\/\\\/www.theconservative.online\\\/es\",\"name\":\"The Conservative\",\"description\":\"\",\"potentialAction\":[{\"@type\":\"SearchAction\",\"target\":{\"@type\":\"EntryPoint\",\"urlTemplate\":\"https:\\\/\\\/www.theconservative.online\\\/es?s={search_term_string}\"},\"query-input\":{\"@type\":\"PropertyValueSpecification\",\"valueRequired\":true,\"valueName\":\"search_term_string\"}}],\"inLanguage\":\"es\"},{\"@type\":\"Person\",\"@id\":\"https:\\\/\\\/www.theconservative.online\\\/es#\\\/schema\\\/person\\\/ba597107f354c40637f85460639c2da8\",\"name\":\"Sofia Valenti\",\"image\":{\"@type\":\"ImageObject\",\"inLanguage\":\"es\",\"@id\":\"https:\\\/\\\/secure.gravatar.com\\\/avatar\\\/b8358b98da87b71bcc40d48623c024d8cf0e1c2986353618ef2cc48000381c12?s=96&d=mm&r=g\",\"url\":\"https:\\\/\\\/secure.gravatar.com\\\/avatar\\\/b8358b98da87b71bcc40d48623c024d8cf0e1c2986353618ef2cc48000381c12?s=96&d=mm&r=g\",\"contentUrl\":\"https:\\\/\\\/secure.gravatar.com\\\/avatar\\\/b8358b98da87b71bcc40d48623c024d8cf0e1c2986353618ef2cc48000381c12?s=96&d=mm&r=g\",\"caption\":\"Sofia Valenti\"},\"url\":\"https:\\\/\\\/www.theconservative.online\\\/es\\\/author\\\/bellantone-euspec-2026-2027\"}]}<\/script>\n<!-- \/ Yoast SEO plugin. -->","yoast_head_json":{"title":"Salvar la identidad europea significa salvar la identidad de sus pueblos - The Conservative","robots":{"index":"index","follow":"follow","max-snippet":"max-snippet:-1","max-image-preview":"max-image-preview:large","max-video-preview":"max-video-preview:-1"},"canonical":"https:\/\/www.theconservative.online\/es\/salvar-la-identidad-europea-significa-salvar-la-identidad-de-sus-pueblos","og_locale":"es_ES","og_type":"article","og_title":"Salvar la identidad europea significa salvar la identidad de sus pueblos - The Conservative","og_description":"Europa est\u00e1 viviendo una transformaci\u00f3n demogr\u00e1fica que ya no se puede considerar solo una cuesti\u00f3n estad\u00edstica. A 1 de enero de 2026, la poblaci\u00f3n de la Uni\u00f3n Europea rondaba los 452 millones de habitantes, lo que supone un aumento de 706 000 personas respecto al a\u00f1o anterior. Pero detr\u00e1s de esta cifra aparentemente positiva se [&hellip;]","og_url":"https:\/\/www.theconservative.online\/es\/salvar-la-identidad-europea-significa-salvar-la-identidad-de-sus-pueblos","og_site_name":"The Conservative","article_published_time":"2026-08-30T12:12:50+00:00","og_image":[{"width":1024,"height":1024,"url":"https:\/\/www.theconservative.online\/wp-content\/uploads\/2026\/08\/bandiere-stati-eu.jpg","type":"image\/jpeg"}],"author":"Sofia Valenti","twitter_card":"summary_large_image","twitter_misc":{"Escrito por":"Sofia Valenti","Tiempo de lectura":"8 minutos"},"schema":{"@context":"https:\/\/schema.org","@graph":[{"@type":"Article","@id":"https:\/\/www.theconservative.online\/es\/salvar-la-identidad-europea-significa-salvar-la-identidad-de-sus-pueblos#article","isPartOf":{"@id":"https:\/\/www.theconservative.online\/es\/salvar-la-identidad-europea-significa-salvar-la-identidad-de-sus-pueblos"},"author":{"name":"Sofia Valenti","@id":"https:\/\/www.theconservative.online\/es#\/schema\/person\/ba597107f354c40637f85460639c2da8"},"headline":"Salvar la identidad europea significa salvar la identidad de sus pueblos","datePublished":"2026-08-30T12:12:50+00:00","mainEntityOfPage":{"@id":"https:\/\/www.theconservative.online\/es\/salvar-la-identidad-europea-significa-salvar-la-identidad-de-sus-pueblos"},"wordCount":1629,"image":{"@id":"https:\/\/www.theconservative.online\/es\/salvar-la-identidad-europea-significa-salvar-la-identidad-de-sus-pueblos#primaryimage"},"thumbnailUrl":"https:\/\/www.theconservative.online\/wp-content\/uploads\/2026\/08\/bandiere-stati-eu.jpg","keywords":["demografic trasformation","europe","identity","peoples"],"articleSection":["Construir una Europa conservadora","Cultura"],"inLanguage":"es"},{"@type":"WebPage","@id":"https:\/\/www.theconservative.online\/es\/salvar-la-identidad-europea-significa-salvar-la-identidad-de-sus-pueblos","url":"https:\/\/www.theconservative.online\/es\/salvar-la-identidad-europea-significa-salvar-la-identidad-de-sus-pueblos","name":"Salvar la identidad europea significa salvar la identidad de sus pueblos - The Conservative","isPartOf":{"@id":"https:\/\/www.theconservative.online\/es#website"},"primaryImageOfPage":{"@id":"https:\/\/www.theconservative.online\/es\/salvar-la-identidad-europea-significa-salvar-la-identidad-de-sus-pueblos#primaryimage"},"image":{"@id":"https:\/\/www.theconservative.online\/es\/salvar-la-identidad-europea-significa-salvar-la-identidad-de-sus-pueblos#primaryimage"},"thumbnailUrl":"https:\/\/www.theconservative.online\/wp-content\/uploads\/2026\/08\/bandiere-stati-eu.jpg","datePublished":"2026-08-30T12:12:50+00:00","author":{"@id":"https:\/\/www.theconservative.online\/es#\/schema\/person\/ba597107f354c40637f85460639c2da8"},"breadcrumb":{"@id":"https:\/\/www.theconservative.online\/es\/salvar-la-identidad-europea-significa-salvar-la-identidad-de-sus-pueblos#breadcrumb"},"inLanguage":"es","potentialAction":[{"@type":"ReadAction","target":["https:\/\/www.theconservative.online\/es\/salvar-la-identidad-europea-significa-salvar-la-identidad-de-sus-pueblos"]}]},{"@type":"ImageObject","inLanguage":"es","@id":"https:\/\/www.theconservative.online\/es\/salvar-la-identidad-europea-significa-salvar-la-identidad-de-sus-pueblos#primaryimage","url":"https:\/\/www.theconservative.online\/wp-content\/uploads\/2026\/08\/bandiere-stati-eu.jpg","contentUrl":"https:\/\/www.theconservative.online\/wp-content\/uploads\/2026\/08\/bandiere-stati-eu.jpg","width":1024,"height":1024},{"@type":"BreadcrumbList","@id":"https:\/\/www.theconservative.online\/es\/salvar-la-identidad-europea-significa-salvar-la-identidad-de-sus-pueblos#breadcrumb","itemListElement":[{"@type":"ListItem","position":1,"name":"Home","item":"https:\/\/www.theconservative.online\/es"},{"@type":"ListItem","position":2,"name":"Salvar la identidad europea significa salvar la identidad de sus pueblos"}]},{"@type":"WebSite","@id":"https:\/\/www.theconservative.online\/es#website","url":"https:\/\/www.theconservative.online\/es","name":"The Conservative","description":"","potentialAction":[{"@type":"SearchAction","target":{"@type":"EntryPoint","urlTemplate":"https:\/\/www.theconservative.online\/es?s={search_term_string}"},"query-input":{"@type":"PropertyValueSpecification","valueRequired":true,"valueName":"search_term_string"}}],"inLanguage":"es"},{"@type":"Person","@id":"https:\/\/www.theconservative.online\/es#\/schema\/person\/ba597107f354c40637f85460639c2da8","name":"Sofia Valenti","image":{"@type":"ImageObject","inLanguage":"es","@id":"https:\/\/secure.gravatar.com\/avatar\/b8358b98da87b71bcc40d48623c024d8cf0e1c2986353618ef2cc48000381c12?s=96&d=mm&r=g","url":"https:\/\/secure.gravatar.com\/avatar\/b8358b98da87b71bcc40d48623c024d8cf0e1c2986353618ef2cc48000381c12?s=96&d=mm&r=g","contentUrl":"https:\/\/secure.gravatar.com\/avatar\/b8358b98da87b71bcc40d48623c024d8cf0e1c2986353618ef2cc48000381c12?s=96&d=mm&r=g","caption":"Sofia Valenti"},"url":"https:\/\/www.theconservative.online\/es\/author\/bellantone-euspec-2026-2027"}]}},"acf":[],"_links":{"self":[{"href":"https:\/\/www.theconservative.online\/es\/wp-json\/wp\/v2\/posts\/62998","targetHints":{"allow":["GET"]}}],"collection":[{"href":"https:\/\/www.theconservative.online\/es\/wp-json\/wp\/v2\/posts"}],"about":[{"href":"https:\/\/www.theconservative.online\/es\/wp-json\/wp\/v2\/types\/post"}],"author":[{"embeddable":true,"href":"https:\/\/www.theconservative.online\/es\/wp-json\/wp\/v2\/users\/93"}],"replies":[{"embeddable":true,"href":"https:\/\/www.theconservative.online\/es\/wp-json\/wp\/v2\/comments?post=62998"}],"version-history":[{"count":0,"href":"https:\/\/www.theconservative.online\/es\/wp-json\/wp\/v2\/posts\/62998\/revisions"}],"wp:featuredmedia":[{"embeddable":true,"href":"https:\/\/www.theconservative.online\/es\/wp-json\/wp\/v2\/media\/62794"}],"wp:attachment":[{"href":"https:\/\/www.theconservative.online\/es\/wp-json\/wp\/v2\/media?parent=62998"}],"wp:term":[{"taxonomy":"category","embeddable":true,"href":"https:\/\/www.theconservative.online\/es\/wp-json\/wp\/v2\/categories?post=62998"},{"taxonomy":"post_tag","embeddable":true,"href":"https:\/\/www.theconservative.online\/es\/wp-json\/wp\/v2\/tags?post=62998"},{"taxonomy":"editorial-positions","embeddable":true,"href":"https:\/\/www.theconservative.online\/es\/wp-json\/wp\/v2\/editorial-positions?post=62998"},{"taxonomy":"regions","embeddable":true,"href":"https:\/\/www.theconservative.online\/es\/wp-json\/wp\/v2\/regions?post=62998"},{"taxonomy":"types","embeddable":true,"href":"https:\/\/www.theconservative.online\/es\/wp-json\/wp\/v2\/types?post=62998"}],"curies":[{"name":"wp","href":"https:\/\/api.w.org\/{rel}","templated":true}]}}