{"id":63010,"date":"2026-08-29T13:21:29","date_gmt":"2026-08-29T13:21:29","guid":{"rendered":"https:\/\/www.theconservative.online\/islandia-vota-para-reabrir-su-camino-hacia-la-union-europea"},"modified":"2026-08-29T13:21:29","modified_gmt":"2026-08-29T13:21:29","slug":"islandia-vota-para-reabrir-su-camino-hacia-la-union-europea","status":"publish","type":"post","link":"https:\/\/www.theconservative.online\/es\/islandia-vota-para-reabrir-su-camino-hacia-la-union-europea","title":{"rendered":"Islandia vota para reabrir su camino hacia la Uni\u00f3n Europea"},"content":{"rendered":"<h2>Un refer\u00e9ndum muy re\u00f1ido pone sobre la mesa la incertidumbre econ\u00f3mica, los derechos de pesca y la seguridad en el \u00c1rtico en un debate que podr\u00eda cambiar la relaci\u00f3n de Reikiavik con Bruselas<\/h2>\n<p>Los islandeses est\u00e1n votando si su pa\u00eds deber\u00eda reanudar las negociaciones de adhesi\u00f3n a la Uni\u00f3n Europea, reavivando as\u00ed una cuesti\u00f3n pol\u00edtica que lleva m\u00e1s de una d\u00e9cada sin resolverse. El refer\u00e9ndum no pide a los votantes que aprueben la adhesi\u00f3n a la UE en s\u00ed. En cambio, determinar\u00e1 si Reikiavik deber\u00eda reanudar las conversaciones suspendidas en 2013.<\/p>\n<p>Aunque la votaci\u00f3n es, en teor\u00eda, consultiva, el Gobierno se ha comprometido a respetar el resultado. Por lo tanto, una victoria de la campa\u00f1a del \u00abs\u00ed\u00bb reabrir\u00eda las negociaciones con Bruselas. Cualquier acuerdo al que se llegara finalmente tendr\u00eda que someterse a los islandeses en un segundo refer\u00e9ndum antes de que el pa\u00eds pudiera incorporarse a la Uni\u00f3n.<\/p><div class='related_content'><span>RELATED<\/span><ul><li><a href='https:\/\/www.theconservative.online\/es\/el-no-de-islandia-y-la-europa-de-las-naciones'>El \u00abNo\u00bb de Islandia y la Europa de las Naciones<\/li><\/a><li><a href='https:\/\/www.theconservative.online\/es\/algunas-reflexiones-tras-el-discurso-del-comisario-de-ampliacion-en-zagreb'>Algunas reflexiones tras el discurso del comisario de Ampliaci\u00f3n en Zagreb<\/li><\/a><li><a href='https:\/\/www.theconservative.online\/es\/una-derecha-unida-debe-poner-de-relieve-las-diferencias-internas'>Una derecha unida debe poner de relieve las diferencias internas<\/li><\/a><\/ul><\/div>\n<p>El resultado es muy incierto. Dos encuestas de opini\u00f3n finales situaban a los bandos opuestos dentro del margen de error. Mask\u00edna situaba el apoyo a la reanudaci\u00f3n de las negociaciones en el 50,4 %, mientras que Gallup situaba al bando del \u00abno\u00bb ligeramente por delante, con un 51,6 %.<\/p>\n<p>Unas 270 000 personas pueden votar. Los colegios electorales abrieron a las 9 de la ma\u00f1ana, hora local, y cerrar\u00e1n a las 10 de la noche. La votaci\u00f3n anticipada ha tenido una participaci\u00f3n inusualmente alta: a mediod\u00eda de la v\u00edspera del refer\u00e9ndum, ya se hab\u00edan emitido 56 774 votos, incluidos unos 17 000 votos desde el extranjero. La regi\u00f3n de la capital ha registrado su mayor nivel de participaci\u00f3n anticipada hasta la fecha.<\/p>\n<p>El recuento comenzar\u00e1 justo despu\u00e9s de que cierren las urnas, y se espera que los primeros resultados parciales lleguen del distrito del sur. No se han anunciado encuestas a pie de urna a nivel nacional.<\/p>\n<p>Detr\u00e1s de esta re\u00f1ida contienda se esconde un debate sobre c\u00f3mo deber\u00eda Islandia proteger tanto su prosperidad como su independencia. El pa\u00eds ya est\u00e1 estrechamente vinculado a la UE a trav\u00e9s del Espacio Econ\u00f3mico Europeo, el espacio Schengen y la Asociaci\u00f3n Europea de Libre Comercio. Participa en el mercado \u00fanico y aplica una parte importante de la legislaci\u00f3n europea, a pesar de tener una influencia limitada en c\u00f3mo se elaboran esas normas.<\/p>\n<p>Los que est\u00e1n a favor de reanudar las negociaciones dicen que Islandia deber\u00eda tener un puesto en la mesa si ya tiene que cumplir muchas decisiones de la UE. Los que se oponen creen que el acuerdo actual es mejor porque combina el acceso a los mercados europeos con una mayor autonom\u00eda nacional.<\/p>\n<p>Ning\u00fan tema ilustra mejor esa preocupaci\u00f3n que la pesca. Los recursos marinos son fundamentales para la econom\u00eda y la identidad nacional de Islandia. La adhesi\u00f3n plena implicar\u00eda negociar la Pol\u00edtica Pesquera Com\u00fan de la UE, incluyendo cuestiones como las cuotas y el acceso a las aguas islandesas. A los cr\u00edticos les preocupa que las decisiones que ahora se toman en Reikiavik puedan acabar siendo objeto de concesiones en Bruselas.<\/p>\n<p>La pesca tambi\u00e9n fue la parte m\u00e1s complicada del proceso de adhesi\u00f3n anterior. Islandia solicit\u00f3 la adhesi\u00f3n en 2009, despu\u00e9s de que un colapso financiero devastara su sistema bancario y debilitara la confianza en la moneda nacional. Cuando se suspendieron las negociaciones cuatro a\u00f1os despu\u00e9s, se hab\u00edan abierto 27 cap\u00edtulos de negociaci\u00f3n y se hab\u00edan completado provisionalmente 11, pero el cap\u00edtulo de la pesca segu\u00eda sin resolverse.<\/p>\n<p>Las presiones econ\u00f3micas han vuelto a poner la cuesti\u00f3n europea en primer plano. La inflaci\u00f3n, las hipotecas caras y un tipo de inter\u00e9s del 8 % del banco central island\u00e9s han reforzado los argumentos a favor de una mayor integraci\u00f3n. En comparaci\u00f3n, el tipo del Banco Central Europeo se sit\u00faa en el 2,25 %. Los defensores de la integraci\u00f3n europea presentan la futura adopci\u00f3n del euro como una posible fuente de estabilidad. Sus oponentes advierten de que renunciar a la corona supondr\u00eda perder una herramienta valiosa para responder a las necesidades espec\u00edficas de la peque\u00f1a econom\u00eda islandesa.<\/p>\n<p>El panorama geopol\u00edtico tambi\u00e9n ha cambiado dr\u00e1sticamente desde 2013. La invasi\u00f3n de Ucrania por parte de Rusia, la creciente competencia en el \u00c1rtico y la incertidumbre sobre la pol\u00edtica estadounidense a largo plazo han aumentado la importancia estrat\u00e9gica de Islandia. La isla se encuentra entre Europa, Groenlandia y Am\u00e9rica del Norte, cerca del \u00abGIUK Gap\u00bb, un corredor vital del Atl\u00e1ntico Norte para la seguridad militar y mar\u00edtima.<\/p>\n<p>Islandia, miembro fundador de la OTAN, ha ampliado recientemente su cooperaci\u00f3n en materia de seguridad con la UE a trav\u00e9s de una alianza que abarca el \u00c1rtico, las infraestructuras cr\u00edticas, los asuntos mar\u00edtimos y las amenazas cibern\u00e9ticas. Por lo tanto, la adhesi\u00f3n tendr\u00eda una importancia que ir\u00eda m\u00e1s all\u00e1 de la poblaci\u00f3n de Islandia, que ronda los 400 000 habitantes: reforzar\u00eda la presencia pol\u00edtica de la UE en una regi\u00f3n que est\u00e1 despertando cada vez m\u00e1s inter\u00e9s por parte de Rusia, China y Estados Unidos.<\/p>\n<p>Si los votantes aprueban la reanudaci\u00f3n de las conversaciones, el Ministerio de Asuntos Exteriores de Islandia cree que las negociaciones podr\u00edan empezar antes de que acabe el a\u00f1o y durar entre 18 y 24 meses. Pero, incluso entonces, la adhesi\u00f3n seguir\u00eda sin estar decidida. El refer\u00e9ndum puede volver a abrir la puerta a Europa, pero los islandeses a\u00fan tendr\u00edan que decidir si quieren cruzarla.<\/p>\n<p>&nbsp;<\/p>\n<h4>Alessandro Fiorentino<\/h4>\n<\/p>","protected":false},"excerpt":{"rendered":"<p>Un refer\u00e9ndum muy re\u00f1ido pone sobre la mesa la incertidumbre econ\u00f3mica, los derechos de pesca y la seguridad en el \u00c1rtico en un debate que podr\u00eda cambiar la relaci\u00f3n de Reikiavik con Bruselas Los islandeses est\u00e1n votando si su pa\u00eds deber\u00eda reanudar las negociaciones de adhesi\u00f3n a la Uni\u00f3n Europea, reavivando as\u00ed una cuesti\u00f3n pol\u00edtica [&hellip;]<\/p>\n","protected":false},"author":75,"featured_media":62713,"comment_status":"closed","ping_status":"closed","sticky":false,"template":"","format":"standard","meta":{"footnotes":""},"categories":[152,1471,177,223,260,2061,1336,165,196],"tags":[3477,3474,3475,3476,1000,302,250,237,300,215,247,270,268,283,316,599,72,503,243,146,1864,214,554,252,282],"editorial-positions":[],"regions":[327,337,348,357,363],"types":[414,452],"class_list":["post-63010","post","type-post","status-publish","format-standard","has-post-thumbnail","hentry","category-comercio-y-economia","category-construir-una-europa-conservadora","category-cultura-es","category-energia-es","category-legal-es","category-mundo","category-nuestro-futuro-con-la-otan","category-politica-es","category-salud","tag-icelanders","tag-islanda","tag-votes","tag-voti","tag-conservatism","tag-conservative","tag-economy","tag-energy","tag-environment","tag-eu","tag-eu-council","tag-europa","tag-europe","tag-european-commission","tag-european-parliament","tag-european-union","tag-iceland","tag-immigration","tag-nato","tag-politics","tag-referendum","tag-russia","tag-sweden","tag-technology","tag-ursula-von-der-leyen","regions-central-europe-es","regions-eastern-europe-es","regions-northern-europe-es","regions-southern-europe-es","regions-western-europe-es","types-news-es","types-opinion-es"],"yoast_head":"<!-- This site is optimized with the Yoast SEO plugin v28.0 - https:\/\/yoast.com\/product\/yoast-seo-wordpress\/ -->\n<title>Islandia vota para reabrir su camino hacia la Uni\u00f3n Europea - The Conservative<\/title>\n<meta name=\"robots\" content=\"index, follow, max-snippet:-1, max-image-preview:large, max-video-preview:-1\" \/>\n<link rel=\"canonical\" href=\"https:\/\/www.theconservative.online\/es\/islandia-vota-para-reabrir-su-camino-hacia-la-union-europea\" \/>\n<meta property=\"og:locale\" content=\"es_ES\" \/>\n<meta property=\"og:type\" content=\"article\" \/>\n<meta property=\"og:title\" content=\"Islandia vota para reabrir su camino hacia la Uni\u00f3n Europea - The Conservative\" \/>\n<meta property=\"og:description\" content=\"Un refer\u00e9ndum muy re\u00f1ido pone sobre la mesa la incertidumbre econ\u00f3mica, los derechos de pesca y la seguridad en el \u00c1rtico en un debate que podr\u00eda cambiar la relaci\u00f3n de Reikiavik con Bruselas Los islandeses est\u00e1n votando si su pa\u00eds deber\u00eda reanudar las negociaciones de adhesi\u00f3n a la Uni\u00f3n Europea, reavivando as\u00ed una cuesti\u00f3n pol\u00edtica [&hellip;]\" \/>\n<meta property=\"og:url\" content=\"https:\/\/www.theconservative.online\/es\/islandia-vota-para-reabrir-su-camino-hacia-la-union-europea\" \/>\n<meta property=\"og:site_name\" content=\"The Conservative\" \/>\n<meta property=\"article:published_time\" content=\"2026-08-29T13:21:29+00:00\" \/>\n<meta property=\"og:image\" content=\"https:\/\/www.theconservative.online\/wp-content\/uploads\/2026\/08\/iceland-eu-referendum-cover-16x9-1.png\" \/>\n\t<meta property=\"og:image:width\" content=\"1115\" \/>\n\t<meta property=\"og:image:height\" content=\"627\" \/>\n\t<meta property=\"og:image:type\" content=\"image\/png\" \/>\n<meta name=\"author\" content=\"Gianluca Guarino\" \/>\n<meta name=\"twitter:card\" content=\"summary_large_image\" \/>\n<meta name=\"twitter:label1\" content=\"Escrito por\" \/>\n\t<meta name=\"twitter:data1\" content=\"Gianluca Guarino\" \/>\n\t<meta name=\"twitter:label2\" content=\"Tiempo de lectura\" \/>\n\t<meta name=\"twitter:data2\" content=\"5 minutos\" \/>\n<script type=\"application\/ld+json\" class=\"yoast-schema-graph\">{\"@context\":\"https:\\\/\\\/schema.org\",\"@graph\":[{\"@type\":\"Article\",\"@id\":\"https:\\\/\\\/www.theconservative.online\\\/es\\\/islandia-vota-para-reabrir-su-camino-hacia-la-union-europea#article\",\"isPartOf\":{\"@id\":\"https:\\\/\\\/www.theconservative.online\\\/es\\\/islandia-vota-para-reabrir-su-camino-hacia-la-union-europea\"},\"author\":{\"name\":\"Gianluca Guarino\",\"@id\":\"https:\\\/\\\/www.theconservative.online\\\/es#\\\/schema\\\/person\\\/46c9b8a1ba7a0e0b73f01e5e8593e28a\"},\"headline\":\"Islandia vota para reabrir su camino hacia la Uni\u00f3n Europea\",\"datePublished\":\"2026-08-29T13:21:29+00:00\",\"mainEntityOfPage\":{\"@id\":\"https:\\\/\\\/www.theconservative.online\\\/es\\\/islandia-vota-para-reabrir-su-camino-hacia-la-union-europea\"},\"wordCount\":988,\"image\":{\"@id\":\"https:\\\/\\\/www.theconservative.online\\\/es\\\/islandia-vota-para-reabrir-su-camino-hacia-la-union-europea#primaryimage\"},\"thumbnailUrl\":\"https:\\\/\\\/www.theconservative.online\\\/wp-content\\\/uploads\\\/2026\\\/08\\\/iceland-eu-referendum-cover-16x9-1.png\",\"keywords\":[\"#icelanders\",\"#islanda\",\"#votes\",\"#voti\",\"Conservatism\",\"conservative\",\"Economy\",\"energy\",\"environment\",\"EU\",\"EU Council\",\"europa\",\"europe\",\"European Commission\",\"European Parliament\",\"European Union\",\"Iceland\",\"immigration\",\"NATO\",\"Politics\",\"referendum\",\"Russia\",\"Sweden\",\"technology\",\"Ursula von der Leyen\"],\"articleSection\":[\"Comercio y Econom\u00eda\",\"Construir una Europa conservadora\",\"Cultura\",\"Energ\u00eda\",\"Legal\",\"Mundo\",\"Nuestro futuro con la OTAN\",\"Pol\u00edtica\",\"Salud\"],\"inLanguage\":\"es\"},{\"@type\":\"WebPage\",\"@id\":\"https:\\\/\\\/www.theconservative.online\\\/es\\\/islandia-vota-para-reabrir-su-camino-hacia-la-union-europea\",\"url\":\"https:\\\/\\\/www.theconservative.online\\\/es\\\/islandia-vota-para-reabrir-su-camino-hacia-la-union-europea\",\"name\":\"Islandia vota para reabrir su camino hacia la Uni\u00f3n Europea - The Conservative\",\"isPartOf\":{\"@id\":\"https:\\\/\\\/www.theconservative.online\\\/es#website\"},\"primaryImageOfPage\":{\"@id\":\"https:\\\/\\\/www.theconservative.online\\\/es\\\/islandia-vota-para-reabrir-su-camino-hacia-la-union-europea#primaryimage\"},\"image\":{\"@id\":\"https:\\\/\\\/www.theconservative.online\\\/es\\\/islandia-vota-para-reabrir-su-camino-hacia-la-union-europea#primaryimage\"},\"thumbnailUrl\":\"https:\\\/\\\/www.theconservative.online\\\/wp-content\\\/uploads\\\/2026\\\/08\\\/iceland-eu-referendum-cover-16x9-1.png\",\"datePublished\":\"2026-08-29T13:21:29+00:00\",\"author\":{\"@id\":\"https:\\\/\\\/www.theconservative.online\\\/es#\\\/schema\\\/person\\\/46c9b8a1ba7a0e0b73f01e5e8593e28a\"},\"breadcrumb\":{\"@id\":\"https:\\\/\\\/www.theconservative.online\\\/es\\\/islandia-vota-para-reabrir-su-camino-hacia-la-union-europea#breadcrumb\"},\"inLanguage\":\"es\",\"potentialAction\":[{\"@type\":\"ReadAction\",\"target\":[\"https:\\\/\\\/www.theconservative.online\\\/es\\\/islandia-vota-para-reabrir-su-camino-hacia-la-union-europea\"]}]},{\"@type\":\"ImageObject\",\"inLanguage\":\"es\",\"@id\":\"https:\\\/\\\/www.theconservative.online\\\/es\\\/islandia-vota-para-reabrir-su-camino-hacia-la-union-europea#primaryimage\",\"url\":\"https:\\\/\\\/www.theconservative.online\\\/wp-content\\\/uploads\\\/2026\\\/08\\\/iceland-eu-referendum-cover-16x9-1.png\",\"contentUrl\":\"https:\\\/\\\/www.theconservative.online\\\/wp-content\\\/uploads\\\/2026\\\/08\\\/iceland-eu-referendum-cover-16x9-1.png\",\"width\":1115,\"height\":627},{\"@type\":\"BreadcrumbList\",\"@id\":\"https:\\\/\\\/www.theconservative.online\\\/es\\\/islandia-vota-para-reabrir-su-camino-hacia-la-union-europea#breadcrumb\",\"itemListElement\":[{\"@type\":\"ListItem\",\"position\":1,\"name\":\"Home\",\"item\":\"https:\\\/\\\/www.theconservative.online\\\/es\"},{\"@type\":\"ListItem\",\"position\":2,\"name\":\"Islandia vota para reabrir su camino hacia la Uni\u00f3n Europea\"}]},{\"@type\":\"WebSite\",\"@id\":\"https:\\\/\\\/www.theconservative.online\\\/es#website\",\"url\":\"https:\\\/\\\/www.theconservative.online\\\/es\",\"name\":\"The Conservative\",\"description\":\"\",\"potentialAction\":[{\"@type\":\"SearchAction\",\"target\":{\"@type\":\"EntryPoint\",\"urlTemplate\":\"https:\\\/\\\/www.theconservative.online\\\/es?s={search_term_string}\"},\"query-input\":{\"@type\":\"PropertyValueSpecification\",\"valueRequired\":true,\"valueName\":\"search_term_string\"}}],\"inLanguage\":\"es\"},{\"@type\":\"Person\",\"@id\":\"https:\\\/\\\/www.theconservative.online\\\/es#\\\/schema\\\/person\\\/46c9b8a1ba7a0e0b73f01e5e8593e28a\",\"name\":\"Gianluca Guarino\",\"image\":{\"@type\":\"ImageObject\",\"inLanguage\":\"es\",\"@id\":\"https:\\\/\\\/secure.gravatar.com\\\/avatar\\\/01905945d0032a29ec00293c7d34262b190a51fcaa4b6e91fa605759ef37929e?s=96&d=mm&r=g\",\"url\":\"https:\\\/\\\/secure.gravatar.com\\\/avatar\\\/01905945d0032a29ec00293c7d34262b190a51fcaa4b6e91fa605759ef37929e?s=96&d=mm&r=g\",\"contentUrl\":\"https:\\\/\\\/secure.gravatar.com\\\/avatar\\\/01905945d0032a29ec00293c7d34262b190a51fcaa4b6e91fa605759ef37929e?s=96&d=mm&r=g\",\"caption\":\"Gianluca Guarino\"},\"url\":\"https:\\\/\\\/www.theconservative.online\\\/es\\\/author\\\/worklab-euaff-2025-26\"}]}<\/script>\n<!-- \/ Yoast SEO plugin. -->","yoast_head_json":{"title":"Islandia vota para reabrir su camino hacia la Uni\u00f3n Europea - The Conservative","robots":{"index":"index","follow":"follow","max-snippet":"max-snippet:-1","max-image-preview":"max-image-preview:large","max-video-preview":"max-video-preview:-1"},"canonical":"https:\/\/www.theconservative.online\/es\/islandia-vota-para-reabrir-su-camino-hacia-la-union-europea","og_locale":"es_ES","og_type":"article","og_title":"Islandia vota para reabrir su camino hacia la Uni\u00f3n Europea - The Conservative","og_description":"Un refer\u00e9ndum muy re\u00f1ido pone sobre la mesa la incertidumbre econ\u00f3mica, los derechos de pesca y la seguridad en el \u00c1rtico en un debate que podr\u00eda cambiar la relaci\u00f3n de Reikiavik con Bruselas Los islandeses est\u00e1n votando si su pa\u00eds deber\u00eda reanudar las negociaciones de adhesi\u00f3n a la Uni\u00f3n Europea, reavivando as\u00ed una cuesti\u00f3n pol\u00edtica [&hellip;]","og_url":"https:\/\/www.theconservative.online\/es\/islandia-vota-para-reabrir-su-camino-hacia-la-union-europea","og_site_name":"The Conservative","article_published_time":"2026-08-29T13:21:29+00:00","og_image":[{"width":1115,"height":627,"url":"https:\/\/www.theconservative.online\/wp-content\/uploads\/2026\/08\/iceland-eu-referendum-cover-16x9-1.png","type":"image\/png"}],"author":"Gianluca Guarino","twitter_card":"summary_large_image","twitter_misc":{"Escrito por":"Gianluca Guarino","Tiempo de lectura":"5 minutos"},"schema":{"@context":"https:\/\/schema.org","@graph":[{"@type":"Article","@id":"https:\/\/www.theconservative.online\/es\/islandia-vota-para-reabrir-su-camino-hacia-la-union-europea#article","isPartOf":{"@id":"https:\/\/www.theconservative.online\/es\/islandia-vota-para-reabrir-su-camino-hacia-la-union-europea"},"author":{"name":"Gianluca Guarino","@id":"https:\/\/www.theconservative.online\/es#\/schema\/person\/46c9b8a1ba7a0e0b73f01e5e8593e28a"},"headline":"Islandia vota para reabrir su camino hacia la Uni\u00f3n Europea","datePublished":"2026-08-29T13:21:29+00:00","mainEntityOfPage":{"@id":"https:\/\/www.theconservative.online\/es\/islandia-vota-para-reabrir-su-camino-hacia-la-union-europea"},"wordCount":988,"image":{"@id":"https:\/\/www.theconservative.online\/es\/islandia-vota-para-reabrir-su-camino-hacia-la-union-europea#primaryimage"},"thumbnailUrl":"https:\/\/www.theconservative.online\/wp-content\/uploads\/2026\/08\/iceland-eu-referendum-cover-16x9-1.png","keywords":["#icelanders","#islanda","#votes","#voti","Conservatism","conservative","Economy","energy","environment","EU","EU Council","europa","europe","European Commission","European Parliament","European Union","Iceland","immigration","NATO","Politics","referendum","Russia","Sweden","technology","Ursula von der Leyen"],"articleSection":["Comercio y Econom\u00eda","Construir una Europa conservadora","Cultura","Energ\u00eda","Legal","Mundo","Nuestro futuro con la OTAN","Pol\u00edtica","Salud"],"inLanguage":"es"},{"@type":"WebPage","@id":"https:\/\/www.theconservative.online\/es\/islandia-vota-para-reabrir-su-camino-hacia-la-union-europea","url":"https:\/\/www.theconservative.online\/es\/islandia-vota-para-reabrir-su-camino-hacia-la-union-europea","name":"Islandia vota para reabrir su camino hacia la Uni\u00f3n Europea - The Conservative","isPartOf":{"@id":"https:\/\/www.theconservative.online\/es#website"},"primaryImageOfPage":{"@id":"https:\/\/www.theconservative.online\/es\/islandia-vota-para-reabrir-su-camino-hacia-la-union-europea#primaryimage"},"image":{"@id":"https:\/\/www.theconservative.online\/es\/islandia-vota-para-reabrir-su-camino-hacia-la-union-europea#primaryimage"},"thumbnailUrl":"https:\/\/www.theconservative.online\/wp-content\/uploads\/2026\/08\/iceland-eu-referendum-cover-16x9-1.png","datePublished":"2026-08-29T13:21:29+00:00","author":{"@id":"https:\/\/www.theconservative.online\/es#\/schema\/person\/46c9b8a1ba7a0e0b73f01e5e8593e28a"},"breadcrumb":{"@id":"https:\/\/www.theconservative.online\/es\/islandia-vota-para-reabrir-su-camino-hacia-la-union-europea#breadcrumb"},"inLanguage":"es","potentialAction":[{"@type":"ReadAction","target":["https:\/\/www.theconservative.online\/es\/islandia-vota-para-reabrir-su-camino-hacia-la-union-europea"]}]},{"@type":"ImageObject","inLanguage":"es","@id":"https:\/\/www.theconservative.online\/es\/islandia-vota-para-reabrir-su-camino-hacia-la-union-europea#primaryimage","url":"https:\/\/www.theconservative.online\/wp-content\/uploads\/2026\/08\/iceland-eu-referendum-cover-16x9-1.png","contentUrl":"https:\/\/www.theconservative.online\/wp-content\/uploads\/2026\/08\/iceland-eu-referendum-cover-16x9-1.png","width":1115,"height":627},{"@type":"BreadcrumbList","@id":"https:\/\/www.theconservative.online\/es\/islandia-vota-para-reabrir-su-camino-hacia-la-union-europea#breadcrumb","itemListElement":[{"@type":"ListItem","position":1,"name":"Home","item":"https:\/\/www.theconservative.online\/es"},{"@type":"ListItem","position":2,"name":"Islandia vota para reabrir su camino hacia la Uni\u00f3n Europea"}]},{"@type":"WebSite","@id":"https:\/\/www.theconservative.online\/es#website","url":"https:\/\/www.theconservative.online\/es","name":"The Conservative","description":"","potentialAction":[{"@type":"SearchAction","target":{"@type":"EntryPoint","urlTemplate":"https:\/\/www.theconservative.online\/es?s={search_term_string}"},"query-input":{"@type":"PropertyValueSpecification","valueRequired":true,"valueName":"search_term_string"}}],"inLanguage":"es"},{"@type":"Person","@id":"https:\/\/www.theconservative.online\/es#\/schema\/person\/46c9b8a1ba7a0e0b73f01e5e8593e28a","name":"Gianluca Guarino","image":{"@type":"ImageObject","inLanguage":"es","@id":"https:\/\/secure.gravatar.com\/avatar\/01905945d0032a29ec00293c7d34262b190a51fcaa4b6e91fa605759ef37929e?s=96&d=mm&r=g","url":"https:\/\/secure.gravatar.com\/avatar\/01905945d0032a29ec00293c7d34262b190a51fcaa4b6e91fa605759ef37929e?s=96&d=mm&r=g","contentUrl":"https:\/\/secure.gravatar.com\/avatar\/01905945d0032a29ec00293c7d34262b190a51fcaa4b6e91fa605759ef37929e?s=96&d=mm&r=g","caption":"Gianluca Guarino"},"url":"https:\/\/www.theconservative.online\/es\/author\/worklab-euaff-2025-26"}]}},"acf":[],"_links":{"self":[{"href":"https:\/\/www.theconservative.online\/es\/wp-json\/wp\/v2\/posts\/63010","targetHints":{"allow":["GET"]}}],"collection":[{"href":"https:\/\/www.theconservative.online\/es\/wp-json\/wp\/v2\/posts"}],"about":[{"href":"https:\/\/www.theconservative.online\/es\/wp-json\/wp\/v2\/types\/post"}],"author":[{"embeddable":true,"href":"https:\/\/www.theconservative.online\/es\/wp-json\/wp\/v2\/users\/75"}],"replies":[{"embeddable":true,"href":"https:\/\/www.theconservative.online\/es\/wp-json\/wp\/v2\/comments?post=63010"}],"version-history":[{"count":0,"href":"https:\/\/www.theconservative.online\/es\/wp-json\/wp\/v2\/posts\/63010\/revisions"}],"wp:featuredmedia":[{"embeddable":true,"href":"https:\/\/www.theconservative.online\/es\/wp-json\/wp\/v2\/media\/62713"}],"wp:attachment":[{"href":"https:\/\/www.theconservative.online\/es\/wp-json\/wp\/v2\/media?parent=63010"}],"wp:term":[{"taxonomy":"category","embeddable":true,"href":"https:\/\/www.theconservative.online\/es\/wp-json\/wp\/v2\/categories?post=63010"},{"taxonomy":"post_tag","embeddable":true,"href":"https:\/\/www.theconservative.online\/es\/wp-json\/wp\/v2\/tags?post=63010"},{"taxonomy":"editorial-positions","embeddable":true,"href":"https:\/\/www.theconservative.online\/es\/wp-json\/wp\/v2\/editorial-positions?post=63010"},{"taxonomy":"regions","embeddable":true,"href":"https:\/\/www.theconservative.online\/es\/wp-json\/wp\/v2\/regions?post=63010"},{"taxonomy":"types","embeddable":true,"href":"https:\/\/www.theconservative.online\/es\/wp-json\/wp\/v2\/types?post=63010"}],"curies":[{"name":"wp","href":"https:\/\/api.w.org\/{rel}","templated":true}]}}