{"id":63045,"date":"2026-08-27T14:31:16","date_gmt":"2026-08-27T14:31:16","guid":{"rendered":"https:\/\/www.theconservative.online\/parcial-y-sin-libertad-el-panorama-mediatico-irlandes-patrocinado-por-el-estado"},"modified":"2026-08-27T14:31:16","modified_gmt":"2026-08-27T14:31:16","slug":"parcial-y-sin-libertad-el-panorama-mediatico-irlandes-patrocinado-por-el-estado","status":"publish","type":"post","link":"https:\/\/www.theconservative.online\/es\/parcial-y-sin-libertad-el-panorama-mediatico-irlandes-patrocinado-por-el-estado","title":{"rendered":"Parcial y sin libertad: el panorama medi\u00e1tico irland\u00e9s, patrocinado por el Estado"},"content":{"rendered":"<p>El panorama medi\u00e1tico irland\u00e9s sigue siendo uno de los m\u00e1s sumisos pol\u00edticamente al Gobierno de toda Europa. Desde el legado de contar con las leyes contra la difamaci\u00f3n m\u00e1s estrictas de Europa, que limitan el \u00e1mbito de actuaci\u00f3n de la prensa irlandesa, hasta la concesi\u00f3n de subvenciones gubernamentales que mantienen a flote a los medios de comunicaci\u00f3n no rentables, los medios irlandeses son, en consecuencia, acr\u00edticos y est\u00e1n comprados. Hay otros factores, como la financiaci\u00f3n estatal de la prensa, los sesgos institucionales de izquierdas en el sector y, por supuesto, la puerta giratoria entre el Gobierno y los medios, que tambi\u00e9n ponen en serio entredicho la credibilidad de los peri\u00f3dicos irlandeses.<\/p>\n<p>&nbsp;<\/p>\n<p>Los peri\u00f3dicos financiados por el Estado criticar\u00e1n al Estado por pol\u00edticas que son aceptables, bas\u00e1ndose en argumentos que sus periodistas de alto nivel han decidido que no son pol\u00e9micos y que, por lo tanto, no ponen en peligro las subvenciones del Gobierno. Sin embargo, muchos peri\u00f3dicos evitan sistem\u00e1ticamente las crisis tangibles y profundamente impopulares a las que se enfrenta el pa\u00eds, ya sea la migraci\u00f3n, la vivienda o la insostenible pol\u00edtica econ\u00f3mica de inversi\u00f3n extranjera directa de la naci\u00f3n.<\/p>\n<p>&nbsp;<\/p>\n<p>No solo hay un problema con las ayudas estatales, sino tambi\u00e9n un marcado sesgo de izquierdas: la cadena p\u00fablica <a href=\"https:\/\/www.rte.ie\/news\/ireland\/2023\/1211\/1421325-report-irish-journalists\/\">RTE<\/a> inform\u00f3 en 2023 de que la mayor\u00eda de los periodistas irlandeses encuestados por la Universidad de la Ciudad de Dubl\u00edn se identificaban como de izquierdas. Las cifras dicen que el 61,5 % se identifica con la izquierda, frente a solo un 8,5 % de periodistas de derechas. Por eso, hay un desequilibrio inherente en la perspectiva pol\u00edtica de muchos medios irlandeses, que perjudica a las opiniones pol\u00edticas conservadoras y, en algunos casos, es directamente hostil hacia ellas.<\/p>\n<p>&nbsp;<\/p>\n<p>La puerta giratoria entre los organismos p\u00fablicos y el sector privado es un fen\u00f3meno muy conocido y del que se habla mucho. Sin embargo, pasa m\u00e1s desapercibido el gran n\u00famero de periodistas que acaban ocupando cargos en la administraci\u00f3n. Por ejemplo, <a href=\"https:\/\/gript.ie\/a-new-government-means-new-government-jobs-for-journalists\/\">el a\u00f1o pasado<\/a> Gript Media inform\u00f3 de que el periodista Hugh O\u2019Connell hab\u00eda sido nombrado subsecretario de prensa del Gobierno y que, seg\u00fan los cr\u00edticos, mostraba un sesgo a favor del Fine Gael. Pero eso no era todo: la persona a la que sustituy\u00f3 en ese puesto era el locutor de radio de Newstalk, Chris O\u2019Donohoe. Ahora bien, no es de extra\u00f1ar que un secretario de prensa pueda ser un antiguo periodista; al fin y al cabo, ambas profesiones est\u00e1n relacionadas funcionalmente. Pero cuando se analiza este fen\u00f3meno con m\u00e1s perspectiva, el patr\u00f3n se hace evidente. Helen McEntee contrat\u00f3 anteriormente al reportero del Irish Times Fiach Kelly, mientras que Simon Harris ha contratado a reporteros del Irish Times y del Irish Examiner. <\/p>\n<p>&nbsp;<\/p>\n<p>El Gobierno est\u00e1 financiando y formando a expertos en relaciones p\u00fablicas en el sector de los medios de comunicaci\u00f3n p\u00fablicos, para luego contratarlos internamente como asesores una vez que su valor pol\u00edtico ha madurado. Piensa, por ejemplo, en el hecho adicional de que el ministro Patrick O\u2019Donovan mont\u00f3 un berrinche porque le preocupaba que los medios informaran sobre las protestas por el precio del combustible de abril de este a\u00f1o de una forma sesgada en contra del Gobierno.<\/p>\n<p>&nbsp;<\/p>\n<p>Aqu\u00ed hay una contradicci\u00f3n vergonzosa que la clase pol\u00edtica irlandesa nunca va a admitir. En un momento alaban la importancia de una prensa libre y los valores de la libertad de expresi\u00f3n, y al siguiente arremeten contra cualquier medio de comunicaci\u00f3n que se atreva a criticarlos p\u00fablicamente. Por no hablar de que, con el aumento del gasto p\u00fablico destinado a los medios de comunicaci\u00f3n \u2014un modelo de negocio cada vez menos rentable\u2014, algunos peri\u00f3dicos se han vuelto, en algunos casos, totalmente dependientes de las subvenciones del Gobierno.<\/p>\n<p>&nbsp;<\/p>\n<p>De hecho, se <a href=\"https:\/\/www.ontheditch.com\/patrick-o-donovan-secret-call\/\">acusa al<\/a> ministro O\u2019Donovan de haber mantenido una llamada secreta con el organismo de censura de los medios del Gobierno irland\u00e9s, Coimisiun na Mean, a ra\u00edz de la cobertura que hizo la RTE de las protestas por el precio del combustible, con la que no estaba de acuerdo. Tambi\u00e9n se dice que le pidi\u00f3 a un funcionario de Coimisiun na Mean que investigara \u00absi exist\u00eda alg\u00fan mecanismo en la legislaci\u00f3n que permitiera al ministro solicitar una revisi\u00f3n de las emisiones\u00bb relacionadas con estos sucesos.<\/p>\n<p>&nbsp;<\/p>\n<p>Ese tipo de conducta deber\u00eda resultar extra\u00f1a en una democracia occidental como Irlanda, y el ministro fue criticado, con raz\u00f3n, por ello. Pero, de nuevo, esa cr\u00edtica se plante\u00f3 de tal manera que no supuso ning\u00fan problema para la financiaci\u00f3n del Gobierno. Los medios cubrieron el tema, pero no se atrevieron a sacar la conclusi\u00f3n l\u00f3gica de que el ministro y sus colegas estaban infringiendo las normas b\u00e1sicas de un gobierno democr\u00e1tico y transparente. Nunca se llegaron a esas conclusiones precisamente porque hacerlo pondr\u00eda en peligro la financiaci\u00f3n del gobierno para los peri\u00f3dicos y tal vez podr\u00eda perjudicar las futuras ambiciones profesionales de los periodistas irlandeses dentro de la administraci\u00f3n p\u00fablica.<\/p>\n<p>&nbsp;<\/p>\n<p>Este tema es tan conocido que un representante de una emisora de radio en apuros de Irlanda <a href=\"https:\/\/gript.ie\/struggling-radio-outlet-fears-criticising-minister-over-funding\/\">afirm\u00f3<\/a> que las emisoras locales se estaban autocensurando para evitar perder los fondos estatales que necesitan para mantener a flote la emisora.<\/p>\n<p>&nbsp;<\/p>\n<p>Ahora que los responsables de los medios de comunicaci\u00f3n ofrecen cada vez con m\u00e1s frecuencia cantidades millonarias al a\u00f1o, la dependencia de los medios p\u00fablicos respecto al Estado no ha hecho m\u00e1s que aumentar, esta vez con el objetivo de combatir la desinformaci\u00f3n.<\/p>\n<p>&nbsp;<\/p>\n<p>Se <a href=\"https:\/\/gript.ie\/heres-how-much-media-orgs-got-from-coimisiun-na-mean\/\">supo<\/a> que, en 2025, el Irish Independent recibi\u00f3 unos 330 000 euros de Coimisiun na Mean, mientras que el Journal y el Irish Examiner recibieron aproximadamente 130 000 euros cada uno. Estos programas de financiaci\u00f3n no solo se aplicaban a peri\u00f3dicos con lectores en todo el pa\u00eds, sino tambi\u00e9n a medios locales m\u00e1s peque\u00f1os como el \u00abConnacht Tribune\u00bb, el \u00abMayo News\u00bb, el \u00abKerryman\u00bb y el \u00abWestmeath Examiner\u00bb, adem\u00e1s de un mont\u00f3n de otros medios regionales de importancia pol\u00edtica. Hay que destacar la importancia de estos medios por su cobertura local en el entorno electoral irland\u00e9s, tan marcado por el localismo, donde aparecer de forma constante en este tipo de peri\u00f3dicos es, podr\u00eda decirse, m\u00e1s visible para los votantes que las noticias nacionales. En la pr\u00e1ctica, esto funciona como una especie de compra de influencias por parte no solo del Gobierno irland\u00e9s, sino tambi\u00e9n de cierto tipo de r\u00e9gimen pol\u00edtico de izquierdas que se disfraza de centrista y de voz de la raz\u00f3n, a pesar del creciente desprecio p\u00fablico hacia los partidos del Gobierno y la izquierda pol\u00edtica. <\/p>\n<p>Lo m\u00e1s escandaloso es que el organismo regulador de los medios y el Gobierno que lo cre\u00f3 ni siquiera han intentado ocultar sus huellas. Coimisuin na Mean anunci\u00f3 este a\u00f1o que iba a solicitar propuestas para  <a href=\"https:\/\/www.rte.ie\/news\/business\/2026\/0310\/1562644-media-regulator-offers-funding-to-counter-disinformation\/\">fondo<\/a>  que promov\u00eda la alfabetizaci\u00f3n medi\u00e1tica para luchar contra la desinformaci\u00f3n en Internet. Una vez m\u00e1s queda al descubierto la vergonzosa sesgo ideol\u00f3gico del sistema pol\u00edtico irland\u00e9s, donde la prensa poco halagadora o las informaciones contrarias a los intereses del Gobierno se tachan de desinformaci\u00f3n. Para hacer frente a la creciente popularidad de este tipo de informaciones o contenidos medi\u00e1ticos entre el p\u00fablico, lanzan abiertamente llamamientos para que se presenten planes destinados a \u00abreeducar\u00bb a la gente, dando a entender que el Gobierno sabe m\u00e1s que ellos.<\/p>\n<p>&nbsp;<\/p>\n<p>Por estas razones, el panorama medi\u00e1tico de Irlanda tiene fallos estructurales. Por un lado, el Gobierno concede ayudas econ\u00f3micas y, por otro, censura a unos medios de comunicaci\u00f3n que se han vuelto dependientes econ\u00f3micamente o que se han alineado ideol\u00f3gicamente. La arrogancia de estas iniciativas no tiene l\u00edmites, y el debate sobre la censura en Irlanda se plantea, en cambio, en el propio altar de la democracia. La hipocres\u00eda de estas maniobras pasa desapercibida para la clase pol\u00edtica irlandesa, ya que ha socavado sistem\u00e1ticamente la autoridad de nuestras instituciones estatales y ha permitido que caigan bajo la influencia de c\u00e1rteles ideol\u00f3gicos y sociales.<\/p>\n<p>&nbsp;<\/p>\n<p>Cualquier intento de reformar la administraci\u00f3n irlandesa requerir\u00e1 un replanteamiento total de la relaci\u00f3n del Estado con los medios de comunicaci\u00f3n. Hay que suspender de inmediato toda financiaci\u00f3n p\u00fablica destinada a los medios de comunicaci\u00f3n. Las fuentes de informaci\u00f3n independientes deber\u00edan verse recompensadas por su viabilidad econ\u00f3mica como producto o servicio que el p\u00fablico realmente est\u00e1 interesado en apoyar. En la era digital, donde las redes sociales ofrecen esta informaci\u00f3n gratis y al instante, a menudo con comentarios m\u00e1s incisivos que incluso los de peri\u00f3dicos nacionales controvertidos como el Irish Times.<\/p>\n","protected":false},"excerpt":{"rendered":"<p>El panorama medi\u00e1tico irland\u00e9s sigue siendo uno de los m\u00e1s sumisos pol\u00edticamente al Gobierno de toda Europa. Desde el legado de contar con las leyes contra la difamaci\u00f3n m\u00e1s estrictas de Europa, que limitan el \u00e1mbito de actuaci\u00f3n de la prensa irlandesa, hasta la concesi\u00f3n de subvenciones gubernamentales que mantienen a flote a los medios [&hellip;]<\/p>\n","protected":false},"author":77,"featured_media":19701,"comment_status":"closed","ping_status":"closed","sticky":false,"template":"","format":"standard","meta":{"footnotes":""},"categories":[9],"tags":[],"editorial-positions":[],"regions":[],"types":[452],"class_list":["post-63045","post","type-post","status-publish","format-standard","has-post-thumbnail","hentry","category-sin-categorizar","types-opinion-es"],"yoast_head":"<!-- This site is optimized with the Yoast SEO plugin v28.0 - https:\/\/yoast.com\/product\/yoast-seo-wordpress\/ -->\n<title>Parcial y sin libertad: el panorama medi\u00e1tico irland\u00e9s, patrocinado por el Estado - The Conservative<\/title>\n<meta name=\"robots\" content=\"index, follow, max-snippet:-1, max-image-preview:large, max-video-preview:-1\" \/>\n<link rel=\"canonical\" href=\"https:\/\/www.theconservative.online\/es\/parcial-y-sin-libertad-el-panorama-mediatico-irlandes-patrocinado-por-el-estado\" \/>\n<meta property=\"og:locale\" content=\"es_ES\" \/>\n<meta property=\"og:type\" content=\"article\" \/>\n<meta property=\"og:title\" content=\"Parcial y sin libertad: el panorama medi\u00e1tico irland\u00e9s, patrocinado por el Estado - The Conservative\" \/>\n<meta property=\"og:description\" content=\"El panorama medi\u00e1tico irland\u00e9s sigue siendo uno de los m\u00e1s sumisos pol\u00edticamente al Gobierno de toda Europa. Desde el legado de contar con las leyes contra la difamaci\u00f3n m\u00e1s estrictas de Europa, que limitan el \u00e1mbito de actuaci\u00f3n de la prensa irlandesa, hasta la concesi\u00f3n de subvenciones gubernamentales que mantienen a flote a los medios [&hellip;]\" \/>\n<meta property=\"og:url\" content=\"https:\/\/www.theconservative.online\/es\/parcial-y-sin-libertad-el-panorama-mediatico-irlandes-patrocinado-por-el-estado\" \/>\n<meta property=\"og:site_name\" content=\"The Conservative\" \/>\n<meta property=\"article:published_time\" content=\"2026-08-27T14:31:16+00:00\" \/>\n<meta property=\"og:image\" content=\"https:\/\/www.theconservative.online\/wp-content\/uploads\/2024\/02\/shutterstock_2256586921.jpg\" \/>\n\t<meta property=\"og:image:width\" content=\"1000\" \/>\n\t<meta property=\"og:image:height\" content=\"666\" \/>\n\t<meta property=\"og:image:type\" content=\"image\/jpeg\" \/>\n<meta name=\"author\" content=\"Martin Lynch\" \/>\n<meta name=\"twitter:card\" content=\"summary_large_image\" \/>\n<meta name=\"twitter:label1\" content=\"Escrito por\" \/>\n\t<meta name=\"twitter:data1\" content=\"Martin Lynch\" \/>\n\t<meta name=\"twitter:label2\" content=\"Tiempo de lectura\" \/>\n\t<meta name=\"twitter:data2\" content=\"8 minutos\" \/>\n<script type=\"application\/ld+json\" class=\"yoast-schema-graph\">{\"@context\":\"https:\\\/\\\/schema.org\",\"@graph\":[{\"@type\":\"Article\",\"@id\":\"https:\\\/\\\/www.theconservative.online\\\/es\\\/parcial-y-sin-libertad-el-panorama-mediatico-irlandes-patrocinado-por-el-estado#article\",\"isPartOf\":{\"@id\":\"https:\\\/\\\/www.theconservative.online\\\/es\\\/parcial-y-sin-libertad-el-panorama-mediatico-irlandes-patrocinado-por-el-estado\"},\"author\":{\"name\":\"Martin Lynch\",\"@id\":\"https:\\\/\\\/www.theconservative.online\\\/es#\\\/schema\\\/person\\\/15819aaa61073fbb539912aeb9df3dea\"},\"headline\":\"Parcial y sin libertad: el panorama medi\u00e1tico irland\u00e9s, patrocinado por el Estado\",\"datePublished\":\"2026-08-27T14:31:16+00:00\",\"mainEntityOfPage\":{\"@id\":\"https:\\\/\\\/www.theconservative.online\\\/es\\\/parcial-y-sin-libertad-el-panorama-mediatico-irlandes-patrocinado-por-el-estado\"},\"wordCount\":1558,\"image\":{\"@id\":\"https:\\\/\\\/www.theconservative.online\\\/es\\\/parcial-y-sin-libertad-el-panorama-mediatico-irlandes-patrocinado-por-el-estado#primaryimage\"},\"thumbnailUrl\":\"https:\\\/\\\/www.theconservative.online\\\/wp-content\\\/uploads\\\/2024\\\/02\\\/shutterstock_2256586921.jpg\",\"articleSection\":[\"Sin categorizar\"],\"inLanguage\":\"es\"},{\"@type\":\"WebPage\",\"@id\":\"https:\\\/\\\/www.theconservative.online\\\/es\\\/parcial-y-sin-libertad-el-panorama-mediatico-irlandes-patrocinado-por-el-estado\",\"url\":\"https:\\\/\\\/www.theconservative.online\\\/es\\\/parcial-y-sin-libertad-el-panorama-mediatico-irlandes-patrocinado-por-el-estado\",\"name\":\"Parcial y sin libertad: el panorama medi\u00e1tico irland\u00e9s, patrocinado por el Estado - The Conservative\",\"isPartOf\":{\"@id\":\"https:\\\/\\\/www.theconservative.online\\\/es#website\"},\"primaryImageOfPage\":{\"@id\":\"https:\\\/\\\/www.theconservative.online\\\/es\\\/parcial-y-sin-libertad-el-panorama-mediatico-irlandes-patrocinado-por-el-estado#primaryimage\"},\"image\":{\"@id\":\"https:\\\/\\\/www.theconservative.online\\\/es\\\/parcial-y-sin-libertad-el-panorama-mediatico-irlandes-patrocinado-por-el-estado#primaryimage\"},\"thumbnailUrl\":\"https:\\\/\\\/www.theconservative.online\\\/wp-content\\\/uploads\\\/2024\\\/02\\\/shutterstock_2256586921.jpg\",\"datePublished\":\"2026-08-27T14:31:16+00:00\",\"author\":{\"@id\":\"https:\\\/\\\/www.theconservative.online\\\/es#\\\/schema\\\/person\\\/15819aaa61073fbb539912aeb9df3dea\"},\"breadcrumb\":{\"@id\":\"https:\\\/\\\/www.theconservative.online\\\/es\\\/parcial-y-sin-libertad-el-panorama-mediatico-irlandes-patrocinado-por-el-estado#breadcrumb\"},\"inLanguage\":\"es\",\"potentialAction\":[{\"@type\":\"ReadAction\",\"target\":[\"https:\\\/\\\/www.theconservative.online\\\/es\\\/parcial-y-sin-libertad-el-panorama-mediatico-irlandes-patrocinado-por-el-estado\"]}]},{\"@type\":\"ImageObject\",\"inLanguage\":\"es\",\"@id\":\"https:\\\/\\\/www.theconservative.online\\\/es\\\/parcial-y-sin-libertad-el-panorama-mediatico-irlandes-patrocinado-por-el-estado#primaryimage\",\"url\":\"https:\\\/\\\/www.theconservative.online\\\/wp-content\\\/uploads\\\/2024\\\/02\\\/shutterstock_2256586921.jpg\",\"contentUrl\":\"https:\\\/\\\/www.theconservative.online\\\/wp-content\\\/uploads\\\/2024\\\/02\\\/shutterstock_2256586921.jpg\",\"width\":1000,\"height\":666},{\"@type\":\"BreadcrumbList\",\"@id\":\"https:\\\/\\\/www.theconservative.online\\\/es\\\/parcial-y-sin-libertad-el-panorama-mediatico-irlandes-patrocinado-por-el-estado#breadcrumb\",\"itemListElement\":[{\"@type\":\"ListItem\",\"position\":1,\"name\":\"Home\",\"item\":\"https:\\\/\\\/www.theconservative.online\\\/es\"},{\"@type\":\"ListItem\",\"position\":2,\"name\":\"Parcial y sin libertad: el panorama medi\u00e1tico irland\u00e9s, patrocinado por el Estado\"}]},{\"@type\":\"WebSite\",\"@id\":\"https:\\\/\\\/www.theconservative.online\\\/es#website\",\"url\":\"https:\\\/\\\/www.theconservative.online\\\/es\",\"name\":\"The Conservative\",\"description\":\"\",\"potentialAction\":[{\"@type\":\"SearchAction\",\"target\":{\"@type\":\"EntryPoint\",\"urlTemplate\":\"https:\\\/\\\/www.theconservative.online\\\/es?s={search_term_string}\"},\"query-input\":{\"@type\":\"PropertyValueSpecification\",\"valueRequired\":true,\"valueName\":\"search_term_string\"}}],\"inLanguage\":\"es\"},{\"@type\":\"Person\",\"@id\":\"https:\\\/\\\/www.theconservative.online\\\/es#\\\/schema\\\/person\\\/15819aaa61073fbb539912aeb9df3dea\",\"name\":\"Martin Lynch\",\"image\":{\"@type\":\"ImageObject\",\"inLanguage\":\"es\",\"@id\":\"https:\\\/\\\/secure.gravatar.com\\\/avatar\\\/482c01848305673b38529f97155010aafc47cc0d1341b4b1147d1a6adaaab3db?s=96&d=mm&r=g\",\"url\":\"https:\\\/\\\/secure.gravatar.com\\\/avatar\\\/482c01848305673b38529f97155010aafc47cc0d1341b4b1147d1a6adaaab3db?s=96&d=mm&r=g\",\"contentUrl\":\"https:\\\/\\\/secure.gravatar.com\\\/avatar\\\/482c01848305673b38529f97155010aafc47cc0d1341b4b1147d1a6adaaab3db?s=96&d=mm&r=g\",\"caption\":\"Martin Lynch\"},\"url\":\"https:\\\/\\\/www.theconservative.online\\\/es\\\/author\\\/stonebay-euspec-2025-26\"}]}<\/script>\n<!-- \/ Yoast SEO plugin. -->","yoast_head_json":{"title":"Parcial y sin libertad: el panorama medi\u00e1tico irland\u00e9s, patrocinado por el Estado - The Conservative","robots":{"index":"index","follow":"follow","max-snippet":"max-snippet:-1","max-image-preview":"max-image-preview:large","max-video-preview":"max-video-preview:-1"},"canonical":"https:\/\/www.theconservative.online\/es\/parcial-y-sin-libertad-el-panorama-mediatico-irlandes-patrocinado-por-el-estado","og_locale":"es_ES","og_type":"article","og_title":"Parcial y sin libertad: el panorama medi\u00e1tico irland\u00e9s, patrocinado por el Estado - The Conservative","og_description":"El panorama medi\u00e1tico irland\u00e9s sigue siendo uno de los m\u00e1s sumisos pol\u00edticamente al Gobierno de toda Europa. Desde el legado de contar con las leyes contra la difamaci\u00f3n m\u00e1s estrictas de Europa, que limitan el \u00e1mbito de actuaci\u00f3n de la prensa irlandesa, hasta la concesi\u00f3n de subvenciones gubernamentales que mantienen a flote a los medios [&hellip;]","og_url":"https:\/\/www.theconservative.online\/es\/parcial-y-sin-libertad-el-panorama-mediatico-irlandes-patrocinado-por-el-estado","og_site_name":"The Conservative","article_published_time":"2026-08-27T14:31:16+00:00","og_image":[{"width":1000,"height":666,"url":"https:\/\/www.theconservative.online\/wp-content\/uploads\/2024\/02\/shutterstock_2256586921.jpg","type":"image\/jpeg"}],"author":"Martin Lynch","twitter_card":"summary_large_image","twitter_misc":{"Escrito por":"Martin Lynch","Tiempo de lectura":"8 minutos"},"schema":{"@context":"https:\/\/schema.org","@graph":[{"@type":"Article","@id":"https:\/\/www.theconservative.online\/es\/parcial-y-sin-libertad-el-panorama-mediatico-irlandes-patrocinado-por-el-estado#article","isPartOf":{"@id":"https:\/\/www.theconservative.online\/es\/parcial-y-sin-libertad-el-panorama-mediatico-irlandes-patrocinado-por-el-estado"},"author":{"name":"Martin Lynch","@id":"https:\/\/www.theconservative.online\/es#\/schema\/person\/15819aaa61073fbb539912aeb9df3dea"},"headline":"Parcial y sin libertad: el panorama medi\u00e1tico irland\u00e9s, patrocinado por el Estado","datePublished":"2026-08-27T14:31:16+00:00","mainEntityOfPage":{"@id":"https:\/\/www.theconservative.online\/es\/parcial-y-sin-libertad-el-panorama-mediatico-irlandes-patrocinado-por-el-estado"},"wordCount":1558,"image":{"@id":"https:\/\/www.theconservative.online\/es\/parcial-y-sin-libertad-el-panorama-mediatico-irlandes-patrocinado-por-el-estado#primaryimage"},"thumbnailUrl":"https:\/\/www.theconservative.online\/wp-content\/uploads\/2024\/02\/shutterstock_2256586921.jpg","articleSection":["Sin categorizar"],"inLanguage":"es"},{"@type":"WebPage","@id":"https:\/\/www.theconservative.online\/es\/parcial-y-sin-libertad-el-panorama-mediatico-irlandes-patrocinado-por-el-estado","url":"https:\/\/www.theconservative.online\/es\/parcial-y-sin-libertad-el-panorama-mediatico-irlandes-patrocinado-por-el-estado","name":"Parcial y sin libertad: el panorama medi\u00e1tico irland\u00e9s, patrocinado por el Estado - The Conservative","isPartOf":{"@id":"https:\/\/www.theconservative.online\/es#website"},"primaryImageOfPage":{"@id":"https:\/\/www.theconservative.online\/es\/parcial-y-sin-libertad-el-panorama-mediatico-irlandes-patrocinado-por-el-estado#primaryimage"},"image":{"@id":"https:\/\/www.theconservative.online\/es\/parcial-y-sin-libertad-el-panorama-mediatico-irlandes-patrocinado-por-el-estado#primaryimage"},"thumbnailUrl":"https:\/\/www.theconservative.online\/wp-content\/uploads\/2024\/02\/shutterstock_2256586921.jpg","datePublished":"2026-08-27T14:31:16+00:00","author":{"@id":"https:\/\/www.theconservative.online\/es#\/schema\/person\/15819aaa61073fbb539912aeb9df3dea"},"breadcrumb":{"@id":"https:\/\/www.theconservative.online\/es\/parcial-y-sin-libertad-el-panorama-mediatico-irlandes-patrocinado-por-el-estado#breadcrumb"},"inLanguage":"es","potentialAction":[{"@type":"ReadAction","target":["https:\/\/www.theconservative.online\/es\/parcial-y-sin-libertad-el-panorama-mediatico-irlandes-patrocinado-por-el-estado"]}]},{"@type":"ImageObject","inLanguage":"es","@id":"https:\/\/www.theconservative.online\/es\/parcial-y-sin-libertad-el-panorama-mediatico-irlandes-patrocinado-por-el-estado#primaryimage","url":"https:\/\/www.theconservative.online\/wp-content\/uploads\/2024\/02\/shutterstock_2256586921.jpg","contentUrl":"https:\/\/www.theconservative.online\/wp-content\/uploads\/2024\/02\/shutterstock_2256586921.jpg","width":1000,"height":666},{"@type":"BreadcrumbList","@id":"https:\/\/www.theconservative.online\/es\/parcial-y-sin-libertad-el-panorama-mediatico-irlandes-patrocinado-por-el-estado#breadcrumb","itemListElement":[{"@type":"ListItem","position":1,"name":"Home","item":"https:\/\/www.theconservative.online\/es"},{"@type":"ListItem","position":2,"name":"Parcial y sin libertad: el panorama medi\u00e1tico irland\u00e9s, patrocinado por el Estado"}]},{"@type":"WebSite","@id":"https:\/\/www.theconservative.online\/es#website","url":"https:\/\/www.theconservative.online\/es","name":"The Conservative","description":"","potentialAction":[{"@type":"SearchAction","target":{"@type":"EntryPoint","urlTemplate":"https:\/\/www.theconservative.online\/es?s={search_term_string}"},"query-input":{"@type":"PropertyValueSpecification","valueRequired":true,"valueName":"search_term_string"}}],"inLanguage":"es"},{"@type":"Person","@id":"https:\/\/www.theconservative.online\/es#\/schema\/person\/15819aaa61073fbb539912aeb9df3dea","name":"Martin Lynch","image":{"@type":"ImageObject","inLanguage":"es","@id":"https:\/\/secure.gravatar.com\/avatar\/482c01848305673b38529f97155010aafc47cc0d1341b4b1147d1a6adaaab3db?s=96&d=mm&r=g","url":"https:\/\/secure.gravatar.com\/avatar\/482c01848305673b38529f97155010aafc47cc0d1341b4b1147d1a6adaaab3db?s=96&d=mm&r=g","contentUrl":"https:\/\/secure.gravatar.com\/avatar\/482c01848305673b38529f97155010aafc47cc0d1341b4b1147d1a6adaaab3db?s=96&d=mm&r=g","caption":"Martin Lynch"},"url":"https:\/\/www.theconservative.online\/es\/author\/stonebay-euspec-2025-26"}]}},"acf":[],"_links":{"self":[{"href":"https:\/\/www.theconservative.online\/es\/wp-json\/wp\/v2\/posts\/63045","targetHints":{"allow":["GET"]}}],"collection":[{"href":"https:\/\/www.theconservative.online\/es\/wp-json\/wp\/v2\/posts"}],"about":[{"href":"https:\/\/www.theconservative.online\/es\/wp-json\/wp\/v2\/types\/post"}],"author":[{"embeddable":true,"href":"https:\/\/www.theconservative.online\/es\/wp-json\/wp\/v2\/users\/77"}],"replies":[{"embeddable":true,"href":"https:\/\/www.theconservative.online\/es\/wp-json\/wp\/v2\/comments?post=63045"}],"version-history":[{"count":0,"href":"https:\/\/www.theconservative.online\/es\/wp-json\/wp\/v2\/posts\/63045\/revisions"}],"wp:featuredmedia":[{"embeddable":true,"href":"https:\/\/www.theconservative.online\/es\/wp-json\/wp\/v2\/media\/19701"}],"wp:attachment":[{"href":"https:\/\/www.theconservative.online\/es\/wp-json\/wp\/v2\/media?parent=63045"}],"wp:term":[{"taxonomy":"category","embeddable":true,"href":"https:\/\/www.theconservative.online\/es\/wp-json\/wp\/v2\/categories?post=63045"},{"taxonomy":"post_tag","embeddable":true,"href":"https:\/\/www.theconservative.online\/es\/wp-json\/wp\/v2\/tags?post=63045"},{"taxonomy":"editorial-positions","embeddable":true,"href":"https:\/\/www.theconservative.online\/es\/wp-json\/wp\/v2\/editorial-positions?post=63045"},{"taxonomy":"regions","embeddable":true,"href":"https:\/\/www.theconservative.online\/es\/wp-json\/wp\/v2\/regions?post=63045"},{"taxonomy":"types","embeddable":true,"href":"https:\/\/www.theconservative.online\/es\/wp-json\/wp\/v2\/types?post=63045"}],"curies":[{"name":"wp","href":"https:\/\/api.w.org\/{rel}","templated":true}]}}