{"id":63091,"date":"2026-08-30T12:10:48","date_gmt":"2026-08-30T12:10:48","guid":{"rendered":"https:\/\/www.theconservative.online\/por-que-islandia-rechazo-entrar-en-la-ue"},"modified":"2026-08-30T12:10:48","modified_gmt":"2026-08-30T12:10:48","slug":"por-que-islandia-rechazo-entrar-en-la-ue","status":"publish","type":"post","link":"https:\/\/www.theconservative.online\/es\/por-que-islandia-rechazo-entrar-en-la-ue","title":{"rendered":"Por qu\u00e9 Islandia rechaz\u00f3 entrar en la UE"},"content":{"rendered":"<p style=\"font-weight: 400;\">En el refer\u00e9ndum del 29 de agosto de 2026, Islandia rechaz\u00f3 las negociaciones para entrar en la UE por cinco razones: tres econ\u00f3micas y dos existenciales. En primer lugar, la elecci\u00f3n no era entre el aislamiento y Europa. Islandia formaba parte del Espacio Econ\u00f3mico Europeo desde 1994, junto con Noruega, Liechtenstein y, a efectos pr\u00e1cticos, Suiza. Esto significaba que Islandia formaba parte del Mercado \u00danico, mientras que la pesca, la agricultura, el comercio exterior y los asuntos monetarios no estaban bajo el control de la UE. En segundo lugar, los islandeses no quer\u00edan ceder el control de esos cuatro sectores importantes a la UE, sobre todo su pesca sostenible y rentable, ni perder la posibilidad de firmar acuerdos de libre comercio con pa\u00edses como China, la India, EE. UU. y Brasil. La tercera raz\u00f3n econ\u00f3mica era que una Islandia pr\u00f3spera aportar\u00eda mucho m\u00e1s a la UE de lo que recibir\u00eda de ella. A los islandeses no les hizo ninguna gracia que <em>Politico<\/em> citara a un funcionario de la UE que dijo que esperaba que Islandia y Montenegro se unieran al mismo tiempo, porque lo que se ganar\u00eda con Islandia cubrir\u00eda el coste de Montenegro. <\/p>\n<h3 style=\"font-weight: 400;\">Las perspectivas de la UE<\/h3>\n<p style=\"font-weight: 400;\">Una de las razones fundamentales por las que se rechaz\u00f3 la adhesi\u00f3n fue que las perspectivas de la UE no parecen muy halag\u00fce\u00f1as. Se enfrenta a importantes retos financieros en un futuro pr\u00f3ximo: pasivos por pensiones sin financiaci\u00f3n, mientras que el sistema de pensiones island\u00e9s es el m\u00e1s s\u00f3lido del mundo; d\u00e9ficits p\u00fablicos persistentes en muchos pa\u00edses miembros; un gasto previsto considerable en capacidad militar, mientras que Islandia tiene un tratado de defensa con EE. UU.; y el coste inevitable que suponen los nueve pa\u00edses candidatos relativamente pobres del sudeste de Europa. A pesar de estos retos, la \u00e9lite de Bruselas est\u00e1 <a href=\"https:\/\/www.theconservative.online\/verhofstadts-epistle-to-the-icelanders\">intentando<\/a> convertir la UE en un Estado federal, en contra de los deseos de la mayor\u00eda de los votantes europeos.<\/p><div class='related_content'><span>RELATED<\/span><ul><li><a href='https:\/\/www.theconservative.online\/es\/el-no-de-islandia-y-la-europa-de-las-naciones'>El \u00abNo\u00bb de Islandia y la Europa de las Naciones<\/li><\/a><li><a href='https:\/\/www.theconservative.online\/es\/algunas-reflexiones-tras-el-discurso-del-comisario-de-ampliacion-en-zagreb'>Algunas reflexiones tras el discurso del comisario de Ampliaci\u00f3n en Zagreb<\/li><\/a><li><a href='https:\/\/www.theconservative.online\/es\/la-reestructuracion-industrial-de-europa-pone-el-foco-en-china-la-energia-y-la-inversion'>La reestructuraci\u00f3n industrial de Europa pone el foco en China, la energ\u00eda y la inversi\u00f3n<\/li><\/a><\/ul><\/div>\n<h3 style=\"font-weight: 400;\">Una fuerte identidad nacional<\/h3>\n<p style=\"font-weight: 400;\">Hay otra raz\u00f3n existencial que podr\u00eda explicar por qu\u00e9 la derecha y la izquierda islandesas se unieron en contra de la adhesi\u00f3n a la UE, mientras que el apoyo a la UE se limitaba en gran medida a los intelectuales urbanos y a los funcionarios p\u00fablicos. Se trata de la fuerte <a href=\"https:\/\/www.theconservative.online\/the-eu-and-icelandic-exceptionalism\">identidad nacional islandesa<\/a> forjada en la lucha por la independencia del siglo XIX, que culmin\u00f3 cuando Dinamarca concedi\u00f3 la soberan\u00eda a Islandia en 1918. Esta identidad se vio reforzada a\u00fan m\u00e1s por las cuatro guerras del bacalao que Islandia libr\u00f3 hasta 1976 para hacerse con el control de los f\u00e9rtiles caladeros que rodean la isla. Esta identidad nacional se basaba en el recuerdo de la Mancomunidad islandesa independiente de 930 a 1262, gobernada por la ley en lugar de por un rey, as\u00ed como en el recuerdo de la \u00e9poca oscura que sigui\u00f3, cuando Islandia tuvo que sucumbir primero al rey noruego y luego al dan\u00e9s. Como era de esperar, algunos de mis colegas de la Universidad de Islandia, como los profesores Baldur Th\u00f3rhallsson y <a href=\"https:\/\/www.dv.is\/eyjan\/2026\/08\/13\/gudmundur-jardar-lifseiga-soguskodun-thetta-stenst-ekki-sogulega-skodun\">Gudmundur H\u00e1lfdanarson<\/a>, que han recibido generosa financiaci\u00f3n de la UE, han hecho todo lo posible por menospreciar e incluso burlarse de este recuerdo.  <\/p>\n<h3 style=\"font-weight: 400;\">Eslogan ingenioso<\/h3>\n<p style=\"font-weight: 400;\">Estas cinco razones para no entrar en la UE se presentaron en una campa\u00f1a bien organizada y casi impecable por parte de los que estaban en contra. Los que estaban a favor, por su parte, se basaron sobre todo en un eslogan ingenioso, <em>\u00abJ\u00e1 til ad sj\u00e1\u00bb<\/em>, que es dif\u00edcil de traducir al ingl\u00e9s. De una forma admirablemente concisa, lo que realmente significa es: Vota \u00abs\u00ed\u00bb para descubrir lo que la UE puede ofrecer a Islandia en las negociaciones. \u00bfQui\u00e9n podr\u00eda estar en contra de esto? Solo aquellos que hubieran le\u00eddo las detalladas instrucciones de la UE para los pa\u00edses candidatos, claro.<\/p>\n<h3 style=\"font-weight: 400;\">Ataques personales despiadados<\/h3>\n<p style=\"font-weight: 400;\">El bando del \u00abS\u00ed\u00bb tambi\u00e9n recurri\u00f3 a tres estrategias. Una consist\u00eda en prometer un nivel de vida mucho m\u00e1s alto si Islandia se un\u00eda a la UE que el que ya ten\u00eda. Esto no resultaba convincente en un pa\u00eds mucho m\u00e1s pr\u00f3spero que la mayor\u00eda de los pa\u00edses de la UE. La segunda estrategia fue sacar a relucir al presidente de EE. UU., Donald Trump. Tampoco funcion\u00f3. Las declaraciones imprudentes de un presidente al que solo le quedan dos a\u00f1os y medio de mandato no cambian la pol\u00edtica exterior a largo plazo de un pa\u00eds. La tercera estrategia consisti\u00f3 en lanzar ataques personales despiadados contra los dos portavoces m\u00e1s eficaces del bando del \u00abNo\u00bb: el Dr. Carl Baudenbacher, un experto en Derecho europeo reconocido internacionalmente que, como presidente del Tribunal de la AELC en 2013, fall\u00f3 a favor de Islandia en un <a href=\"https:\/\/www.theconservative.online\/es\/dos-extranjeros-que-salvaron-a-islandia\">importante caso<\/a> sobre las responsabilidades derivadas de la quiebra bancaria islandesa de 2008, y \u00d3lafur Ragnar Gr\u00edmsson, que hab\u00eda sido presidente de Islandia durante veinte a\u00f1os, de 1996 a 2016. El Dr. Baudenbacher public\u00f3 un <a href=\"https:\/\/www.theconservative.online\/es?p=62005\">libro<\/a> sobre Islandia y la UE y dio una conferencia ante una sala repleta. \u00d3lafur Ragnar pronunci\u00f3 una serie de discursos convincentes y concedi\u00f3 entrevistas en televisi\u00f3n. Los ataques del bando del \u00abS\u00ed\u00bb contra ellos les salieron por la culata. <\/p>\n<p style=\"font-weight: 400;\">(En la foto se ve al Dr. Baudenbacher dando su conferencia el 10 de agosto de 2026, con \u00d3lafur Ragnar Gr\u00edmsson presidiendo la sesi\u00f3n.)<\/p>\n<\/p>","protected":false},"excerpt":{"rendered":"<p>En el refer\u00e9ndum del 29 de agosto de 2026, Islandia rechaz\u00f3 las negociaciones para entrar en la UE por cinco razones: tres econ\u00f3micas y dos existenciales. En primer lugar, la elecci\u00f3n no era entre el aislamiento y Europa. Islandia formaba parte del Espacio Econ\u00f3mico Europeo desde 1994, junto con Noruega, Liechtenstein y, a efectos pr\u00e1cticos, [&hellip;]<\/p>\n","protected":false},"author":82,"featured_media":62816,"comment_status":"closed","ping_status":"closed","sticky":false,"template":"","format":"standard","meta":{"footnotes":""},"categories":[177,179,2061,165],"tags":[3388,599,72,1028,3482],"editorial-positions":[],"regions":[348],"types":[452],"class_list":["post-63091","post","type-post","status-publish","format-standard","has-post-thumbnail","hentry","category-cultura-es","category-ensayos","category-mundo","category-politica-es","tag-european-economic-area","tag-european-union","tag-iceland","tag-nationalism","tag-single-market","regions-northern-europe-es","types-opinion-es"],"yoast_head":"<!-- This site is optimized with the Yoast SEO plugin v28.0 - https:\/\/yoast.com\/product\/yoast-seo-wordpress\/ -->\n<title>Por qu\u00e9 Islandia rechaz\u00f3 entrar en la UE - The Conservative<\/title>\n<meta name=\"robots\" content=\"index, follow, max-snippet:-1, max-image-preview:large, max-video-preview:-1\" \/>\n<link rel=\"canonical\" href=\"https:\/\/www.theconservative.online\/es\/por-que-islandia-rechazo-entrar-en-la-ue\" \/>\n<meta property=\"og:locale\" content=\"es_ES\" \/>\n<meta property=\"og:type\" content=\"article\" \/>\n<meta property=\"og:title\" content=\"Por qu\u00e9 Islandia rechaz\u00f3 entrar en la UE - The Conservative\" \/>\n<meta property=\"og:description\" content=\"En el refer\u00e9ndum del 29 de agosto de 2026, Islandia rechaz\u00f3 las negociaciones para entrar en la UE por cinco razones: tres econ\u00f3micas y dos existenciales. En primer lugar, la elecci\u00f3n no era entre el aislamiento y Europa. Islandia formaba parte del Espacio Econ\u00f3mico Europeo desde 1994, junto con Noruega, Liechtenstein y, a efectos pr\u00e1cticos, [&hellip;]\" \/>\n<meta property=\"og:url\" content=\"https:\/\/www.theconservative.online\/es\/por-que-islandia-rechazo-entrar-en-la-ue\" \/>\n<meta property=\"og:site_name\" content=\"The Conservative\" \/>\n<meta property=\"article:author\" content=\"https:\/\/www.facebook.com\/hannes.h.gissurarson\" \/>\n<meta property=\"article:published_time\" content=\"2026-08-30T12:10:48+00:00\" \/>\n<meta property=\"og:image\" content=\"https:\/\/www.theconservative.online\/wp-content\/uploads\/2026\/08\/Baudenbacher.OlafurRagnar.jpg\" \/>\n\t<meta property=\"og:image:width\" content=\"944\" \/>\n\t<meta property=\"og:image:height\" content=\"537\" \/>\n\t<meta property=\"og:image:type\" content=\"image\/jpeg\" \/>\n<meta name=\"author\" content=\"Hannes Gissurarson\" \/>\n<meta name=\"twitter:card\" content=\"summary_large_image\" \/>\n<meta name=\"twitter:creator\" content=\"@HHGConferences\" \/>\n<meta name=\"twitter:label1\" content=\"Escrito por\" \/>\n\t<meta name=\"twitter:data1\" content=\"Hannes Gissurarson\" \/>\n\t<meta name=\"twitter:label2\" content=\"Tiempo de lectura\" \/>\n\t<meta name=\"twitter:data2\" content=\"5 minutos\" \/>\n<script type=\"application\/ld+json\" class=\"yoast-schema-graph\">{\"@context\":\"https:\\\/\\\/schema.org\",\"@graph\":[{\"@type\":\"Article\",\"@id\":\"https:\\\/\\\/www.theconservative.online\\\/es\\\/por-que-islandia-rechazo-entrar-en-la-ue#article\",\"isPartOf\":{\"@id\":\"https:\\\/\\\/www.theconservative.online\\\/es\\\/por-que-islandia-rechazo-entrar-en-la-ue\"},\"author\":{\"name\":\"Hannes Gissurarson\",\"@id\":\"https:\\\/\\\/www.theconservative.online\\\/es#\\\/schema\\\/person\\\/f846a1e867ea22696d18c11389594bf5\"},\"headline\":\"Por qu\u00e9 Islandia rechaz\u00f3 entrar en la UE\",\"datePublished\":\"2026-08-30T12:10:48+00:00\",\"mainEntityOfPage\":{\"@id\":\"https:\\\/\\\/www.theconservative.online\\\/es\\\/por-que-islandia-rechazo-entrar-en-la-ue\"},\"wordCount\":934,\"image\":{\"@id\":\"https:\\\/\\\/www.theconservative.online\\\/es\\\/por-que-islandia-rechazo-entrar-en-la-ue#primaryimage\"},\"thumbnailUrl\":\"https:\\\/\\\/www.theconservative.online\\\/wp-content\\\/uploads\\\/2026\\\/08\\\/Baudenbacher.OlafurRagnar.jpg\",\"keywords\":[\"European Economic Area\",\"European Union\",\"Iceland\",\"Nationalism\",\"Single Market\"],\"articleSection\":[\"Cultura\",\"Ensayos\",\"Mundo\",\"Pol\u00edtica\"],\"inLanguage\":\"es\"},{\"@type\":\"WebPage\",\"@id\":\"https:\\\/\\\/www.theconservative.online\\\/es\\\/por-que-islandia-rechazo-entrar-en-la-ue\",\"url\":\"https:\\\/\\\/www.theconservative.online\\\/es\\\/por-que-islandia-rechazo-entrar-en-la-ue\",\"name\":\"Por qu\u00e9 Islandia rechaz\u00f3 entrar en la UE - The Conservative\",\"isPartOf\":{\"@id\":\"https:\\\/\\\/www.theconservative.online\\\/es#website\"},\"primaryImageOfPage\":{\"@id\":\"https:\\\/\\\/www.theconservative.online\\\/es\\\/por-que-islandia-rechazo-entrar-en-la-ue#primaryimage\"},\"image\":{\"@id\":\"https:\\\/\\\/www.theconservative.online\\\/es\\\/por-que-islandia-rechazo-entrar-en-la-ue#primaryimage\"},\"thumbnailUrl\":\"https:\\\/\\\/www.theconservative.online\\\/wp-content\\\/uploads\\\/2026\\\/08\\\/Baudenbacher.OlafurRagnar.jpg\",\"datePublished\":\"2026-08-30T12:10:48+00:00\",\"author\":{\"@id\":\"https:\\\/\\\/www.theconservative.online\\\/es#\\\/schema\\\/person\\\/f846a1e867ea22696d18c11389594bf5\"},\"breadcrumb\":{\"@id\":\"https:\\\/\\\/www.theconservative.online\\\/es\\\/por-que-islandia-rechazo-entrar-en-la-ue#breadcrumb\"},\"inLanguage\":\"es\",\"potentialAction\":[{\"@type\":\"ReadAction\",\"target\":[\"https:\\\/\\\/www.theconservative.online\\\/es\\\/por-que-islandia-rechazo-entrar-en-la-ue\"]}]},{\"@type\":\"ImageObject\",\"inLanguage\":\"es\",\"@id\":\"https:\\\/\\\/www.theconservative.online\\\/es\\\/por-que-islandia-rechazo-entrar-en-la-ue#primaryimage\",\"url\":\"https:\\\/\\\/www.theconservative.online\\\/wp-content\\\/uploads\\\/2026\\\/08\\\/Baudenbacher.OlafurRagnar.jpg\",\"contentUrl\":\"https:\\\/\\\/www.theconservative.online\\\/wp-content\\\/uploads\\\/2026\\\/08\\\/Baudenbacher.OlafurRagnar.jpg\",\"width\":944,\"height\":537},{\"@type\":\"BreadcrumbList\",\"@id\":\"https:\\\/\\\/www.theconservative.online\\\/es\\\/por-que-islandia-rechazo-entrar-en-la-ue#breadcrumb\",\"itemListElement\":[{\"@type\":\"ListItem\",\"position\":1,\"name\":\"Home\",\"item\":\"https:\\\/\\\/www.theconservative.online\\\/es\"},{\"@type\":\"ListItem\",\"position\":2,\"name\":\"Por qu\u00e9 Islandia rechaz\u00f3 entrar en la UE\"}]},{\"@type\":\"WebSite\",\"@id\":\"https:\\\/\\\/www.theconservative.online\\\/es#website\",\"url\":\"https:\\\/\\\/www.theconservative.online\\\/es\",\"name\":\"The Conservative\",\"description\":\"\",\"potentialAction\":[{\"@type\":\"SearchAction\",\"target\":{\"@type\":\"EntryPoint\",\"urlTemplate\":\"https:\\\/\\\/www.theconservative.online\\\/es?s={search_term_string}\"},\"query-input\":{\"@type\":\"PropertyValueSpecification\",\"valueRequired\":true,\"valueName\":\"search_term_string\"}}],\"inLanguage\":\"es\"},{\"@type\":\"Person\",\"@id\":\"https:\\\/\\\/www.theconservative.online\\\/es#\\\/schema\\\/person\\\/f846a1e867ea22696d18c11389594bf5\",\"name\":\"Hannes Gissurarson\",\"image\":{\"@type\":\"ImageObject\",\"inLanguage\":\"es\",\"@id\":\"https:\\\/\\\/secure.gravatar.com\\\/avatar\\\/5b34f276b6474dfca32871d1defaa3703e4969d4d69ff8b5a2542fc232dc85a6?s=96&d=mm&r=g\",\"url\":\"https:\\\/\\\/secure.gravatar.com\\\/avatar\\\/5b34f276b6474dfca32871d1defaa3703e4969d4d69ff8b5a2542fc232dc85a6?s=96&d=mm&r=g\",\"contentUrl\":\"https:\\\/\\\/secure.gravatar.com\\\/avatar\\\/5b34f276b6474dfca32871d1defaa3703e4969d4d69ff8b5a2542fc232dc85a6?s=96&d=mm&r=g\",\"caption\":\"Hannes Gissurarson\"},\"description\":\"Born in 1953. D. Phil. Politics Oxford 1985. Professor of Politics 1988\u20132023. Professor Emeritus since 2023. Member of the Board of Directors Mont Pelerin Society 1998\u20132004. Member of the Board of Overseers Central Bank of Iceland 2001\u20132009. Visiting Scholar, Hoover Institution and many universities.\",\"sameAs\":[\"https:\\\/\\\/www.facebook.com\\\/hannes.h.gissurarson\",\"https:\\\/\\\/www.instagram.com\\\/hannes1953\\\/\",\"https:\\\/\\\/www.linkedin.com\\\/in\\\/hannes-gissurarson-90485239\\\/\",\"https:\\\/\\\/x.com\\\/HHGConferences\",\"https:\\\/\\\/en.wikipedia.org\\\/wiki\\\/Hannes_H\u00f3lmsteinn_Gissurarson\"],\"url\":\"https:\\\/\\\/www.theconservative.online\\\/es\\\/author\\\/hannes-eunat-2025-26\"}]}<\/script>\n<!-- \/ Yoast SEO plugin. -->","yoast_head_json":{"title":"Por qu\u00e9 Islandia rechaz\u00f3 entrar en la UE - The Conservative","robots":{"index":"index","follow":"follow","max-snippet":"max-snippet:-1","max-image-preview":"max-image-preview:large","max-video-preview":"max-video-preview:-1"},"canonical":"https:\/\/www.theconservative.online\/es\/por-que-islandia-rechazo-entrar-en-la-ue","og_locale":"es_ES","og_type":"article","og_title":"Por qu\u00e9 Islandia rechaz\u00f3 entrar en la UE - The Conservative","og_description":"En el refer\u00e9ndum del 29 de agosto de 2026, Islandia rechaz\u00f3 las negociaciones para entrar en la UE por cinco razones: tres econ\u00f3micas y dos existenciales. En primer lugar, la elecci\u00f3n no era entre el aislamiento y Europa. Islandia formaba parte del Espacio Econ\u00f3mico Europeo desde 1994, junto con Noruega, Liechtenstein y, a efectos pr\u00e1cticos, [&hellip;]","og_url":"https:\/\/www.theconservative.online\/es\/por-que-islandia-rechazo-entrar-en-la-ue","og_site_name":"The Conservative","article_author":"https:\/\/www.facebook.com\/hannes.h.gissurarson","article_published_time":"2026-08-30T12:10:48+00:00","og_image":[{"width":944,"height":537,"url":"https:\/\/www.theconservative.online\/wp-content\/uploads\/2026\/08\/Baudenbacher.OlafurRagnar.jpg","type":"image\/jpeg"}],"author":"Hannes Gissurarson","twitter_card":"summary_large_image","twitter_creator":"@HHGConferences","twitter_misc":{"Escrito por":"Hannes Gissurarson","Tiempo de lectura":"5 minutos"},"schema":{"@context":"https:\/\/schema.org","@graph":[{"@type":"Article","@id":"https:\/\/www.theconservative.online\/es\/por-que-islandia-rechazo-entrar-en-la-ue#article","isPartOf":{"@id":"https:\/\/www.theconservative.online\/es\/por-que-islandia-rechazo-entrar-en-la-ue"},"author":{"name":"Hannes Gissurarson","@id":"https:\/\/www.theconservative.online\/es#\/schema\/person\/f846a1e867ea22696d18c11389594bf5"},"headline":"Por qu\u00e9 Islandia rechaz\u00f3 entrar en la UE","datePublished":"2026-08-30T12:10:48+00:00","mainEntityOfPage":{"@id":"https:\/\/www.theconservative.online\/es\/por-que-islandia-rechazo-entrar-en-la-ue"},"wordCount":934,"image":{"@id":"https:\/\/www.theconservative.online\/es\/por-que-islandia-rechazo-entrar-en-la-ue#primaryimage"},"thumbnailUrl":"https:\/\/www.theconservative.online\/wp-content\/uploads\/2026\/08\/Baudenbacher.OlafurRagnar.jpg","keywords":["European Economic Area","European Union","Iceland","Nationalism","Single Market"],"articleSection":["Cultura","Ensayos","Mundo","Pol\u00edtica"],"inLanguage":"es"},{"@type":"WebPage","@id":"https:\/\/www.theconservative.online\/es\/por-que-islandia-rechazo-entrar-en-la-ue","url":"https:\/\/www.theconservative.online\/es\/por-que-islandia-rechazo-entrar-en-la-ue","name":"Por qu\u00e9 Islandia rechaz\u00f3 entrar en la UE - The Conservative","isPartOf":{"@id":"https:\/\/www.theconservative.online\/es#website"},"primaryImageOfPage":{"@id":"https:\/\/www.theconservative.online\/es\/por-que-islandia-rechazo-entrar-en-la-ue#primaryimage"},"image":{"@id":"https:\/\/www.theconservative.online\/es\/por-que-islandia-rechazo-entrar-en-la-ue#primaryimage"},"thumbnailUrl":"https:\/\/www.theconservative.online\/wp-content\/uploads\/2026\/08\/Baudenbacher.OlafurRagnar.jpg","datePublished":"2026-08-30T12:10:48+00:00","author":{"@id":"https:\/\/www.theconservative.online\/es#\/schema\/person\/f846a1e867ea22696d18c11389594bf5"},"breadcrumb":{"@id":"https:\/\/www.theconservative.online\/es\/por-que-islandia-rechazo-entrar-en-la-ue#breadcrumb"},"inLanguage":"es","potentialAction":[{"@type":"ReadAction","target":["https:\/\/www.theconservative.online\/es\/por-que-islandia-rechazo-entrar-en-la-ue"]}]},{"@type":"ImageObject","inLanguage":"es","@id":"https:\/\/www.theconservative.online\/es\/por-que-islandia-rechazo-entrar-en-la-ue#primaryimage","url":"https:\/\/www.theconservative.online\/wp-content\/uploads\/2026\/08\/Baudenbacher.OlafurRagnar.jpg","contentUrl":"https:\/\/www.theconservative.online\/wp-content\/uploads\/2026\/08\/Baudenbacher.OlafurRagnar.jpg","width":944,"height":537},{"@type":"BreadcrumbList","@id":"https:\/\/www.theconservative.online\/es\/por-que-islandia-rechazo-entrar-en-la-ue#breadcrumb","itemListElement":[{"@type":"ListItem","position":1,"name":"Home","item":"https:\/\/www.theconservative.online\/es"},{"@type":"ListItem","position":2,"name":"Por qu\u00e9 Islandia rechaz\u00f3 entrar en la UE"}]},{"@type":"WebSite","@id":"https:\/\/www.theconservative.online\/es#website","url":"https:\/\/www.theconservative.online\/es","name":"The Conservative","description":"","potentialAction":[{"@type":"SearchAction","target":{"@type":"EntryPoint","urlTemplate":"https:\/\/www.theconservative.online\/es?s={search_term_string}"},"query-input":{"@type":"PropertyValueSpecification","valueRequired":true,"valueName":"search_term_string"}}],"inLanguage":"es"},{"@type":"Person","@id":"https:\/\/www.theconservative.online\/es#\/schema\/person\/f846a1e867ea22696d18c11389594bf5","name":"Hannes Gissurarson","image":{"@type":"ImageObject","inLanguage":"es","@id":"https:\/\/secure.gravatar.com\/avatar\/5b34f276b6474dfca32871d1defaa3703e4969d4d69ff8b5a2542fc232dc85a6?s=96&d=mm&r=g","url":"https:\/\/secure.gravatar.com\/avatar\/5b34f276b6474dfca32871d1defaa3703e4969d4d69ff8b5a2542fc232dc85a6?s=96&d=mm&r=g","contentUrl":"https:\/\/secure.gravatar.com\/avatar\/5b34f276b6474dfca32871d1defaa3703e4969d4d69ff8b5a2542fc232dc85a6?s=96&d=mm&r=g","caption":"Hannes Gissurarson"},"description":"Born in 1953. D. Phil. Politics Oxford 1985. Professor of Politics 1988\u20132023. Professor Emeritus since 2023. Member of the Board of Directors Mont Pelerin Society 1998\u20132004. Member of the Board of Overseers Central Bank of Iceland 2001\u20132009. Visiting Scholar, Hoover Institution and many universities.","sameAs":["https:\/\/www.facebook.com\/hannes.h.gissurarson","https:\/\/www.instagram.com\/hannes1953\/","https:\/\/www.linkedin.com\/in\/hannes-gissurarson-90485239\/","https:\/\/x.com\/HHGConferences","https:\/\/en.wikipedia.org\/wiki\/Hannes_H\u00f3lmsteinn_Gissurarson"],"url":"https:\/\/www.theconservative.online\/es\/author\/hannes-eunat-2025-26"}]}},"acf":[],"_links":{"self":[{"href":"https:\/\/www.theconservative.online\/es\/wp-json\/wp\/v2\/posts\/63091","targetHints":{"allow":["GET"]}}],"collection":[{"href":"https:\/\/www.theconservative.online\/es\/wp-json\/wp\/v2\/posts"}],"about":[{"href":"https:\/\/www.theconservative.online\/es\/wp-json\/wp\/v2\/types\/post"}],"author":[{"embeddable":true,"href":"https:\/\/www.theconservative.online\/es\/wp-json\/wp\/v2\/users\/82"}],"replies":[{"embeddable":true,"href":"https:\/\/www.theconservative.online\/es\/wp-json\/wp\/v2\/comments?post=63091"}],"version-history":[{"count":0,"href":"https:\/\/www.theconservative.online\/es\/wp-json\/wp\/v2\/posts\/63091\/revisions"}],"wp:featuredmedia":[{"embeddable":true,"href":"https:\/\/www.theconservative.online\/es\/wp-json\/wp\/v2\/media\/62816"}],"wp:attachment":[{"href":"https:\/\/www.theconservative.online\/es\/wp-json\/wp\/v2\/media?parent=63091"}],"wp:term":[{"taxonomy":"category","embeddable":true,"href":"https:\/\/www.theconservative.online\/es\/wp-json\/wp\/v2\/categories?post=63091"},{"taxonomy":"post_tag","embeddable":true,"href":"https:\/\/www.theconservative.online\/es\/wp-json\/wp\/v2\/tags?post=63091"},{"taxonomy":"editorial-positions","embeddable":true,"href":"https:\/\/www.theconservative.online\/es\/wp-json\/wp\/v2\/editorial-positions?post=63091"},{"taxonomy":"regions","embeddable":true,"href":"https:\/\/www.theconservative.online\/es\/wp-json\/wp\/v2\/regions?post=63091"},{"taxonomy":"types","embeddable":true,"href":"https:\/\/www.theconservative.online\/es\/wp-json\/wp\/v2\/types?post=63091"}],"curies":[{"name":"wp","href":"https:\/\/api.w.org\/{rel}","templated":true}]}}