{"id":62920,"date":"2026-08-31T13:57:45","date_gmt":"2026-08-31T13:57:45","guid":{"rendered":"https:\/\/www.theconservative.online\/quelques-reflexions-a-la-suite-du-discours-du-commissaire-charge-de-lelargissement-a-zagreb"},"modified":"2026-08-31T13:57:45","modified_gmt":"2026-08-31T13:57:45","slug":"quelques-reflexions-a-la-suite-du-discours-du-commissaire-charge-de-lelargissement-a-zagreb","status":"publish","type":"post","link":"https:\/\/www.theconservative.online\/fr\/quelques-reflexions-a-la-suite-du-discours-du-commissaire-charge-de-lelargissement-a-zagreb","title":{"rendered":"Quelques r\u00e9flexions \u00e0 la suite du discours du commissaire charg\u00e9 de l&rsquo;\u00e9largissement \u00e0 Zagreb"},"content":{"rendered":"<p style=\"font-weight: 400;\">Vingt-deux ans apr\u00e8s la plus grande vague d\u2019\u00e9largissement de l\u2019histoire de l\u2019Union europ\u00e9enne \u2013 au cours de laquelle dix pays sont officiellement devenus membres \u2013 et treize ans apr\u00e8s l\u2019adh\u00e9sion de la Croatie, la question de l\u2019\u00e9largissement de l\u2019UE est redevenue un sujet br\u00fblant. Il s\u2019agit de la plus longue p\u00e9riode \u00e9coul\u00e9e depuis la derni\u00e8re adh\u00e9sion, et les perspectives ainsi que les d\u00e9fis li\u00e9s \u00e0 une Union \u00e9largie sont consid\u00e9rables. En amont du sommet du Conseil europ\u00e9en pr\u00e9vu mi-octobre, le commissaire charg\u00e9 de l\u2019\u00e9largissement a r\u00e9cemment expos\u00e9 la vision \u00ab r\u00e9formiste \u00bb de la Commission concernant les futures adh\u00e9sions.<\/p>\n<p style=\"font-weight: 400;\">Dans un discours prononc\u00e9 le 24 ao\u00fbt \u00e0 Zagreb, Marta Kos a soulign\u00e9 l&rsquo;importance du respect des engagements, les avantages d&rsquo;une int\u00e9gration progressive, d&rsquo;un processus d\u00e9cisionnel plus souple et de garanties plus solides pour renforcer l&rsquo;\u00c9tat de droit et les m\u00e9canismes d\u00e9mocratiques.<\/p><div class='related_content'><span>RELATED<\/span><ul><li><a href='https:\/\/www.theconservative.online\/fr\/le-non-islandais-et-leurope-des-nations'>Le \u00ab non \u00bb islandais et l&rsquo;Europe des nations<\/li><\/a><li><a href='https:\/\/www.theconservative.online\/fr\/pourquoi-lislande-a-t-elle-refuse-dadherer-a-lunion-europeenne'>Pourquoi l&rsquo;Islande a-t-elle refus\u00e9 d&rsquo;adh\u00e9rer \u00e0 l&rsquo;Union europ\u00e9enne ?<\/li><\/a><li><a href='https:\/\/www.theconservative.online\/fr\/la-reorientation-industrielle-de-leurope-met-la-chine-lenergie-et-linvestissement-sur-le-devant-de-la-scene'>La r\u00e9orientation industrielle de l&rsquo;Europe met la Chine, l&rsquo;\u00e9nergie et l&rsquo;investissement sur le devant de la sc\u00e8ne<\/li><\/a><\/ul><\/div>\n<p style=\"font-weight: 400;\">Au-del\u00e0 des clich\u00e9s, tels que l\u2019obligation pour les pays candidats de respecter v\u00e9ritablement \u00ab nos valeurs communes \u00bb, de certaines d\u00e9clarations emphatiques ou des hommages rendus \u00e0 la Croatie et \u00e0 ses r\u00e9alisations, la commissaire Kos a salu\u00e9  <em>les progr\u00e8s sans pr\u00e9c\u00e9dent<\/em>  formul\u00e9es cette ann\u00e9e concernant le processus d\u2019\u00e9largissement. D\u2019une part, nous avons le Mont\u00e9n\u00e9gro, qui est le plus proche d\u2019une adh\u00e9sion \u00e0 l\u2019UE ; l\u2019Albanie, cit\u00e9e en exemple pour la cl\u00f4ture du chapitre sur l\u2019\u00c9tat de droit ; ainsi que l\u2019Ukraine et la R\u00e9publique de Moldavie. Quant \u00e0 l&rsquo;Islande, au moment du discours prononc\u00e9 \u00e0 Zagreb, elle se pr\u00e9parait \u00e0 un r\u00e9f\u00e9rendum sur la reprise des n\u00e9gociations d&rsquo;adh\u00e9sion ; toutefois, le r\u00e9sultat du 29 ao\u00fbt \u2013 o\u00f9 53 % des citoyens ont vot\u00e9 contre \u2013 a mis un terme d\u00e9finitif \u00e0 cette aspiration.<\/p>\n<p style=\"font-weight: 400;\">Au-del\u00e0 des cas individuels, qui se trouvent \u00e0 diff\u00e9rentes \u00ab \u00e9tapes \u00bb du processus d\u2019adh\u00e9sion, la question est de savoir comment comprendre pleinement qui nous accueillons \u00e0 l\u2019int\u00e9rieur de nos fronti\u00e8res. Une Union qui ne parvient pas \u00e0 d\u00e9fendre ses fronti\u00e8res ext\u00e9rieures face \u00e0 une menace existentielle, une Union \u00e9touff\u00e9e par une r\u00e9glementation excessive et promouvant des id\u00e9ologies qui sapent fondamentalement la famille, la libert\u00e9 d\u2019expression et la souverainet\u00e9 nationale \u2013 est-elle vraiment pr\u00eate \u00e0 s\u2019\u00e9tendre davantage ? Ce serait comme une maison \u00e0 laquelle on ajouterait un nouvel \u00e9tage alors que ses fondations s\u2019effondrent.<\/p>\n<p style=\"font-weight: 400;\">Le commissaire Kos estime que le processus d\u00e9cisionnel doit \u00eatre plus efficace et plus souple \u2013 un objectif l\u00e9gitime \u2013, mais l\u2019un des moyens d\u2019y parvenir consiste \u00e0 r\u00e9duire les domaines dans lesquels un seul \u00c9tat membre peut exercer son droit de veto. En d\u2019autres termes, il s\u2019agit du type de r\u00e9forme qui permettrait d\u2019\u00e9viter les \u00ab surprises \u00bb d\u00e9sagr\u00e9ables de la part d\u2019\u00c9tats qui ne se conforment pas pleinement aux exigences de Bruxelles \u2013 un sujet qui a suscit\u00e9 un ressentiment consid\u00e9rable ces derni\u00e8res ann\u00e9es. Le commissaire slov\u00e8ne a \u00e9galement \u00e9voqu\u00e9 la n\u00e9cessit\u00e9 de veiller \u00e0 ce que les \u00ab chevaux de Troie \u00bb ne puissent pas s\u2019infiltrer, afin que les \u00ab valeurs europ\u00e9ennes fondamentales \u00bb et \u00ab l\u2019\u00c9tat de droit \u00bb ne puissent plus \u00eatre bafou\u00e9s. C\u2019est l\u00e0 la m\u00eame rh\u00e9torique fallacieuse que les pseudo-\u00e9lites utilisent pour faire fi des peuples et de leurs int\u00e9r\u00eats. Voil\u00e0 quelques-unes des mesures visant \u00e0 permettre \u00e0 l\u2019Europe de retrouver son \u00ab ind\u00e9pendance \u00bb, telle que l\u2019envisage le commissaire charg\u00e9 de l\u2019\u00e9largissement.<\/p>\n<p style=\"font-weight: 400;\">Nous ne connaissons que trop bien la rh\u00e9torique grandiloquente et les phrases creuses. L\u2019\u00e9largissement de l\u2019Union europ\u00e9enne doit \u00eatre \u00e9valu\u00e9 \u00e0 l\u2019aune de sa capacit\u00e9 \u00e0 renforcer ou \u00e0 affaiblir ce qui fait de l\u2019Europe ce qu\u2019elle est. Une Union europ\u00e9enne \u00e9largie devrait signifier un renforcement de notre bloc, et non son affaiblissement. Apporte-t-elle davantage d\u2019ordre, de prosp\u00e9rit\u00e9 et de respect pour les vraies valeurs, la libert\u00e9 et la souverainet\u00e9 ? Si la r\u00e9ponse est \u00ab oui \u00bb, alors l\u2019\u00e9largissement doit \u00eatre salu\u00e9. Mais si elle ne sert que d\u2019instrument \u00e0 un projet id\u00e9ologique de grande envergure qui d\u00e9nature ses objectifs d\u00e9clar\u00e9s \u2013 stabilit\u00e9, prosp\u00e9rit\u00e9 et libert\u00e9 \u2013, alors elle doit \u00eatre rejet\u00e9e ou, \u00e0 tout le moins, consid\u00e9r\u00e9e avec la plus grande prudence.<\/p>\n<p style=\"font-weight: 400;\">Pour que l\u2019Union europ\u00e9enne reste une union de nations, il est imp\u00e9ratif qu\u2019elle fasse le choix de la clart\u00e9 et du r\u00e9alisme. Sinon, elle risque de se retrouver, t\u00f4t ou tard, transform\u00e9e en quelque chose d\u2019inconnaissable. Et alors, l\u2019\u00e9largissement ne sera rien d\u2019autre qu\u2019un clou de plus dans le cercueil.<\/p>\n<\/p>","protected":false},"excerpt":{"rendered":"<p>Vingt-deux ans apr\u00e8s la plus grande vague d\u2019\u00e9largissement de l\u2019histoire de l\u2019Union europ\u00e9enne \u2013 au cours de laquelle dix pays sont officiellement devenus membres \u2013 et treize ans apr\u00e8s l\u2019adh\u00e9sion de la Croatie, la question de l\u2019\u00e9largissement de l\u2019UE est redevenue un sujet br\u00fblant. Il s\u2019agit de la plus longue p\u00e9riode \u00e9coul\u00e9e depuis la derni\u00e8re [&hellip;]<\/p>\n","protected":false},"author":78,"featured_media":62860,"comment_status":"closed","ping_status":"closed","sticky":false,"template":"","format":"standard","meta":{"footnotes":""},"categories":[2546,2548,2549],"tags":[943,1305,1856,215,2692,599,72,3306,3484,3287,2589,213],"editorial-positions":[],"regions":[2561,2562,2563,2564,2567],"types":[2569,2570],"class_list":["post-62920","post","type-post","status-publish","format-standard","has-post-thumbnail","hentry","category-essais","category-juridique","category-politique","tag-albania","tag-brussels","tag-croatia","tag-eu","tag-eu-enlargement","tag-european-union","tag-iceland","tag-marta-kos","tag-montenegro","tag-republic-of-moldova","tag-sovereignty","tag-ukraine","regions-central-europe-fr","regions-eastern-europe-fr","regions-northern-europe-fr","regions-southern-europe-fr","regions-western-europe-fr","types-news-fr","types-opinion-fr"],"yoast_head":"<!-- This site is optimized with the Yoast SEO plugin v28.0 - https:\/\/yoast.com\/product\/yoast-seo-wordpress\/ -->\n<title>Quelques r\u00e9flexions \u00e0 la suite du discours du commissaire charg\u00e9 de l&#039;\u00e9largissement \u00e0 Zagreb - The Conservative<\/title>\n<meta name=\"robots\" content=\"index, follow, max-snippet:-1, max-image-preview:large, max-video-preview:-1\" \/>\n<link rel=\"canonical\" href=\"https:\/\/www.theconservative.online\/fr\/quelques-reflexions-a-la-suite-du-discours-du-commissaire-charge-de-lelargissement-a-zagreb\" \/>\n<meta property=\"og:locale\" content=\"fr_FR\" \/>\n<meta property=\"og:type\" content=\"article\" \/>\n<meta property=\"og:title\" content=\"Quelques r\u00e9flexions \u00e0 la suite du discours du commissaire charg\u00e9 de l&#039;\u00e9largissement \u00e0 Zagreb - The Conservative\" \/>\n<meta property=\"og:description\" content=\"Vingt-deux ans apr\u00e8s la plus grande vague d\u2019\u00e9largissement de l\u2019histoire de l\u2019Union europ\u00e9enne \u2013 au cours de laquelle dix pays sont officiellement devenus membres \u2013 et treize ans apr\u00e8s l\u2019adh\u00e9sion de la Croatie, la question de l\u2019\u00e9largissement de l\u2019UE est redevenue un sujet br\u00fblant. Il s\u2019agit de la plus longue p\u00e9riode \u00e9coul\u00e9e depuis la derni\u00e8re [&hellip;]\" \/>\n<meta property=\"og:url\" content=\"https:\/\/www.theconservative.online\/fr\/quelques-reflexions-a-la-suite-du-discours-du-commissaire-charge-de-lelargissement-a-zagreb\" \/>\n<meta property=\"og:site_name\" content=\"The Conservative\" \/>\n<meta property=\"article:published_time\" content=\"2026-08-31T13:57:45+00:00\" \/>\n<meta property=\"og:image\" content=\"https:\/\/www.theconservative.online\/wp-content\/uploads\/2026\/08\/shutterstock_2385621941.jpg\" \/>\n\t<meta property=\"og:image:width\" content=\"1000\" \/>\n\t<meta property=\"og:image:height\" content=\"667\" \/>\n\t<meta property=\"og:image:type\" content=\"image\/jpeg\" \/>\n<meta name=\"author\" content=\"Dragos Moldoveanu\" \/>\n<meta name=\"twitter:card\" content=\"summary_large_image\" \/>\n<meta name=\"twitter:label1\" content=\"\u00c9crit par\" \/>\n\t<meta name=\"twitter:data1\" content=\"Dragos Moldoveanu\" \/>\n\t<meta name=\"twitter:label2\" content=\"Dur\u00e9e de lecture estim\u00e9e\" \/>\n\t<meta name=\"twitter:data2\" content=\"4 minutes\" \/>\n<script type=\"application\/ld+json\" class=\"yoast-schema-graph\">{\"@context\":\"https:\\\/\\\/schema.org\",\"@graph\":[{\"@type\":\"Article\",\"@id\":\"https:\\\/\\\/www.theconservative.online\\\/fr\\\/quelques-reflexions-a-la-suite-du-discours-du-commissaire-charge-de-lelargissement-a-zagreb#article\",\"isPartOf\":{\"@id\":\"https:\\\/\\\/www.theconservative.online\\\/fr\\\/quelques-reflexions-a-la-suite-du-discours-du-commissaire-charge-de-lelargissement-a-zagreb\"},\"author\":{\"name\":\"Dragos Moldoveanu\",\"@id\":\"https:\\\/\\\/www.theconservative.online\\\/fr#\\\/schema\\\/person\\\/7a10b03a9f7406e09ce879035f4d80c1\"},\"headline\":\"Quelques r\u00e9flexions \u00e0 la suite du discours du commissaire charg\u00e9 de l&rsquo;\u00e9largissement \u00e0 Zagreb\",\"datePublished\":\"2026-08-31T13:57:45+00:00\",\"mainEntityOfPage\":{\"@id\":\"https:\\\/\\\/www.theconservative.online\\\/fr\\\/quelques-reflexions-a-la-suite-du-discours-du-commissaire-charge-de-lelargissement-a-zagreb\"},\"wordCount\":813,\"image\":{\"@id\":\"https:\\\/\\\/www.theconservative.online\\\/fr\\\/quelques-reflexions-a-la-suite-du-discours-du-commissaire-charge-de-lelargissement-a-zagreb#primaryimage\"},\"thumbnailUrl\":\"https:\\\/\\\/www.theconservative.online\\\/wp-content\\\/uploads\\\/2026\\\/08\\\/shutterstock_2385621941.jpg\",\"keywords\":[\"Albania\",\"Brussels\",\"croatia\",\"EU\",\"EU enlargement\",\"European Union\",\"Iceland\",\"Marta Kos\",\"Montenegro\",\"Republic of Moldova\",\"sovereignty\",\"Ukraine\"],\"articleSection\":[\"Essais\",\"Juridique\",\"Politique\"],\"inLanguage\":\"fr-FR\"},{\"@type\":\"WebPage\",\"@id\":\"https:\\\/\\\/www.theconservative.online\\\/fr\\\/quelques-reflexions-a-la-suite-du-discours-du-commissaire-charge-de-lelargissement-a-zagreb\",\"url\":\"https:\\\/\\\/www.theconservative.online\\\/fr\\\/quelques-reflexions-a-la-suite-du-discours-du-commissaire-charge-de-lelargissement-a-zagreb\",\"name\":\"Quelques r\u00e9flexions \u00e0 la suite du discours du commissaire charg\u00e9 de l'\u00e9largissement \u00e0 Zagreb - The Conservative\",\"isPartOf\":{\"@id\":\"https:\\\/\\\/www.theconservative.online\\\/fr#website\"},\"primaryImageOfPage\":{\"@id\":\"https:\\\/\\\/www.theconservative.online\\\/fr\\\/quelques-reflexions-a-la-suite-du-discours-du-commissaire-charge-de-lelargissement-a-zagreb#primaryimage\"},\"image\":{\"@id\":\"https:\\\/\\\/www.theconservative.online\\\/fr\\\/quelques-reflexions-a-la-suite-du-discours-du-commissaire-charge-de-lelargissement-a-zagreb#primaryimage\"},\"thumbnailUrl\":\"https:\\\/\\\/www.theconservative.online\\\/wp-content\\\/uploads\\\/2026\\\/08\\\/shutterstock_2385621941.jpg\",\"datePublished\":\"2026-08-31T13:57:45+00:00\",\"author\":{\"@id\":\"https:\\\/\\\/www.theconservative.online\\\/fr#\\\/schema\\\/person\\\/7a10b03a9f7406e09ce879035f4d80c1\"},\"breadcrumb\":{\"@id\":\"https:\\\/\\\/www.theconservative.online\\\/fr\\\/quelques-reflexions-a-la-suite-du-discours-du-commissaire-charge-de-lelargissement-a-zagreb#breadcrumb\"},\"inLanguage\":\"fr-FR\",\"potentialAction\":[{\"@type\":\"ReadAction\",\"target\":[\"https:\\\/\\\/www.theconservative.online\\\/fr\\\/quelques-reflexions-a-la-suite-du-discours-du-commissaire-charge-de-lelargissement-a-zagreb\"]}]},{\"@type\":\"ImageObject\",\"inLanguage\":\"fr-FR\",\"@id\":\"https:\\\/\\\/www.theconservative.online\\\/fr\\\/quelques-reflexions-a-la-suite-du-discours-du-commissaire-charge-de-lelargissement-a-zagreb#primaryimage\",\"url\":\"https:\\\/\\\/www.theconservative.online\\\/wp-content\\\/uploads\\\/2026\\\/08\\\/shutterstock_2385621941.jpg\",\"contentUrl\":\"https:\\\/\\\/www.theconservative.online\\\/wp-content\\\/uploads\\\/2026\\\/08\\\/shutterstock_2385621941.jpg\",\"width\":1000,\"height\":667},{\"@type\":\"BreadcrumbList\",\"@id\":\"https:\\\/\\\/www.theconservative.online\\\/fr\\\/quelques-reflexions-a-la-suite-du-discours-du-commissaire-charge-de-lelargissement-a-zagreb#breadcrumb\",\"itemListElement\":[{\"@type\":\"ListItem\",\"position\":1,\"name\":\"Home\",\"item\":\"https:\\\/\\\/www.theconservative.online\\\/fr\\\/home\"},{\"@type\":\"ListItem\",\"position\":2,\"name\":\"Quelques r\u00e9flexions \u00e0 la suite du discours du commissaire charg\u00e9 de l&#8217;\u00e9largissement \u00e0 Zagreb\"}]},{\"@type\":\"WebSite\",\"@id\":\"https:\\\/\\\/www.theconservative.online\\\/fr#website\",\"url\":\"https:\\\/\\\/www.theconservative.online\\\/fr\",\"name\":\"The Conservative\",\"description\":\"\",\"potentialAction\":[{\"@type\":\"SearchAction\",\"target\":{\"@type\":\"EntryPoint\",\"urlTemplate\":\"https:\\\/\\\/www.theconservative.online\\\/fr?s={search_term_string}\"},\"query-input\":{\"@type\":\"PropertyValueSpecification\",\"valueRequired\":true,\"valueName\":\"search_term_string\"}}],\"inLanguage\":\"fr-FR\"},{\"@type\":\"Person\",\"@id\":\"https:\\\/\\\/www.theconservative.online\\\/fr#\\\/schema\\\/person\\\/7a10b03a9f7406e09ce879035f4d80c1\",\"name\":\"Dragos Moldoveanu\",\"image\":{\"@type\":\"ImageObject\",\"inLanguage\":\"fr-FR\",\"@id\":\"https:\\\/\\\/secure.gravatar.com\\\/avatar\\\/1975d1359c2a3183ef646321e1f6bcc60bbd4fe3f1c556f50988447a540d242c?s=96&d=mm&r=g\",\"url\":\"https:\\\/\\\/secure.gravatar.com\\\/avatar\\\/1975d1359c2a3183ef646321e1f6bcc60bbd4fe3f1c556f50988447a540d242c?s=96&d=mm&r=g\",\"contentUrl\":\"https:\\\/\\\/secure.gravatar.com\\\/avatar\\\/1975d1359c2a3183ef646321e1f6bcc60bbd4fe3f1c556f50988447a540d242c?s=96&d=mm&r=g\",\"caption\":\"Dragos Moldoveanu\"},\"url\":\"https:\\\/\\\/www.theconservative.online\\\/fr\\\/author\\\/moldoveanu-euspec-2025-26\"}]}<\/script>\n<!-- \/ Yoast SEO plugin. -->","yoast_head_json":{"title":"Quelques r\u00e9flexions \u00e0 la suite du discours du commissaire charg\u00e9 de l'\u00e9largissement \u00e0 Zagreb - The Conservative","robots":{"index":"index","follow":"follow","max-snippet":"max-snippet:-1","max-image-preview":"max-image-preview:large","max-video-preview":"max-video-preview:-1"},"canonical":"https:\/\/www.theconservative.online\/fr\/quelques-reflexions-a-la-suite-du-discours-du-commissaire-charge-de-lelargissement-a-zagreb","og_locale":"fr_FR","og_type":"article","og_title":"Quelques r\u00e9flexions \u00e0 la suite du discours du commissaire charg\u00e9 de l'\u00e9largissement \u00e0 Zagreb - The Conservative","og_description":"Vingt-deux ans apr\u00e8s la plus grande vague d\u2019\u00e9largissement de l\u2019histoire de l\u2019Union europ\u00e9enne \u2013 au cours de laquelle dix pays sont officiellement devenus membres \u2013 et treize ans apr\u00e8s l\u2019adh\u00e9sion de la Croatie, la question de l\u2019\u00e9largissement de l\u2019UE est redevenue un sujet br\u00fblant. Il s\u2019agit de la plus longue p\u00e9riode \u00e9coul\u00e9e depuis la derni\u00e8re [&hellip;]","og_url":"https:\/\/www.theconservative.online\/fr\/quelques-reflexions-a-la-suite-du-discours-du-commissaire-charge-de-lelargissement-a-zagreb","og_site_name":"The Conservative","article_published_time":"2026-08-31T13:57:45+00:00","og_image":[{"width":1000,"height":667,"url":"https:\/\/www.theconservative.online\/wp-content\/uploads\/2026\/08\/shutterstock_2385621941.jpg","type":"image\/jpeg"}],"author":"Dragos Moldoveanu","twitter_card":"summary_large_image","twitter_misc":{"\u00c9crit par":"Dragos Moldoveanu","Dur\u00e9e de lecture estim\u00e9e":"4 minutes"},"schema":{"@context":"https:\/\/schema.org","@graph":[{"@type":"Article","@id":"https:\/\/www.theconservative.online\/fr\/quelques-reflexions-a-la-suite-du-discours-du-commissaire-charge-de-lelargissement-a-zagreb#article","isPartOf":{"@id":"https:\/\/www.theconservative.online\/fr\/quelques-reflexions-a-la-suite-du-discours-du-commissaire-charge-de-lelargissement-a-zagreb"},"author":{"name":"Dragos Moldoveanu","@id":"https:\/\/www.theconservative.online\/fr#\/schema\/person\/7a10b03a9f7406e09ce879035f4d80c1"},"headline":"Quelques r\u00e9flexions \u00e0 la suite du discours du commissaire charg\u00e9 de l&rsquo;\u00e9largissement \u00e0 Zagreb","datePublished":"2026-08-31T13:57:45+00:00","mainEntityOfPage":{"@id":"https:\/\/www.theconservative.online\/fr\/quelques-reflexions-a-la-suite-du-discours-du-commissaire-charge-de-lelargissement-a-zagreb"},"wordCount":813,"image":{"@id":"https:\/\/www.theconservative.online\/fr\/quelques-reflexions-a-la-suite-du-discours-du-commissaire-charge-de-lelargissement-a-zagreb#primaryimage"},"thumbnailUrl":"https:\/\/www.theconservative.online\/wp-content\/uploads\/2026\/08\/shutterstock_2385621941.jpg","keywords":["Albania","Brussels","croatia","EU","EU enlargement","European Union","Iceland","Marta Kos","Montenegro","Republic of Moldova","sovereignty","Ukraine"],"articleSection":["Essais","Juridique","Politique"],"inLanguage":"fr-FR"},{"@type":"WebPage","@id":"https:\/\/www.theconservative.online\/fr\/quelques-reflexions-a-la-suite-du-discours-du-commissaire-charge-de-lelargissement-a-zagreb","url":"https:\/\/www.theconservative.online\/fr\/quelques-reflexions-a-la-suite-du-discours-du-commissaire-charge-de-lelargissement-a-zagreb","name":"Quelques r\u00e9flexions \u00e0 la suite du discours du commissaire charg\u00e9 de l'\u00e9largissement \u00e0 Zagreb - The Conservative","isPartOf":{"@id":"https:\/\/www.theconservative.online\/fr#website"},"primaryImageOfPage":{"@id":"https:\/\/www.theconservative.online\/fr\/quelques-reflexions-a-la-suite-du-discours-du-commissaire-charge-de-lelargissement-a-zagreb#primaryimage"},"image":{"@id":"https:\/\/www.theconservative.online\/fr\/quelques-reflexions-a-la-suite-du-discours-du-commissaire-charge-de-lelargissement-a-zagreb#primaryimage"},"thumbnailUrl":"https:\/\/www.theconservative.online\/wp-content\/uploads\/2026\/08\/shutterstock_2385621941.jpg","datePublished":"2026-08-31T13:57:45+00:00","author":{"@id":"https:\/\/www.theconservative.online\/fr#\/schema\/person\/7a10b03a9f7406e09ce879035f4d80c1"},"breadcrumb":{"@id":"https:\/\/www.theconservative.online\/fr\/quelques-reflexions-a-la-suite-du-discours-du-commissaire-charge-de-lelargissement-a-zagreb#breadcrumb"},"inLanguage":"fr-FR","potentialAction":[{"@type":"ReadAction","target":["https:\/\/www.theconservative.online\/fr\/quelques-reflexions-a-la-suite-du-discours-du-commissaire-charge-de-lelargissement-a-zagreb"]}]},{"@type":"ImageObject","inLanguage":"fr-FR","@id":"https:\/\/www.theconservative.online\/fr\/quelques-reflexions-a-la-suite-du-discours-du-commissaire-charge-de-lelargissement-a-zagreb#primaryimage","url":"https:\/\/www.theconservative.online\/wp-content\/uploads\/2026\/08\/shutterstock_2385621941.jpg","contentUrl":"https:\/\/www.theconservative.online\/wp-content\/uploads\/2026\/08\/shutterstock_2385621941.jpg","width":1000,"height":667},{"@type":"BreadcrumbList","@id":"https:\/\/www.theconservative.online\/fr\/quelques-reflexions-a-la-suite-du-discours-du-commissaire-charge-de-lelargissement-a-zagreb#breadcrumb","itemListElement":[{"@type":"ListItem","position":1,"name":"Home","item":"https:\/\/www.theconservative.online\/fr\/home"},{"@type":"ListItem","position":2,"name":"Quelques r\u00e9flexions \u00e0 la suite du discours du commissaire charg\u00e9 de l&#8217;\u00e9largissement \u00e0 Zagreb"}]},{"@type":"WebSite","@id":"https:\/\/www.theconservative.online\/fr#website","url":"https:\/\/www.theconservative.online\/fr","name":"The Conservative","description":"","potentialAction":[{"@type":"SearchAction","target":{"@type":"EntryPoint","urlTemplate":"https:\/\/www.theconservative.online\/fr?s={search_term_string}"},"query-input":{"@type":"PropertyValueSpecification","valueRequired":true,"valueName":"search_term_string"}}],"inLanguage":"fr-FR"},{"@type":"Person","@id":"https:\/\/www.theconservative.online\/fr#\/schema\/person\/7a10b03a9f7406e09ce879035f4d80c1","name":"Dragos Moldoveanu","image":{"@type":"ImageObject","inLanguage":"fr-FR","@id":"https:\/\/secure.gravatar.com\/avatar\/1975d1359c2a3183ef646321e1f6bcc60bbd4fe3f1c556f50988447a540d242c?s=96&d=mm&r=g","url":"https:\/\/secure.gravatar.com\/avatar\/1975d1359c2a3183ef646321e1f6bcc60bbd4fe3f1c556f50988447a540d242c?s=96&d=mm&r=g","contentUrl":"https:\/\/secure.gravatar.com\/avatar\/1975d1359c2a3183ef646321e1f6bcc60bbd4fe3f1c556f50988447a540d242c?s=96&d=mm&r=g","caption":"Dragos Moldoveanu"},"url":"https:\/\/www.theconservative.online\/fr\/author\/moldoveanu-euspec-2025-26"}]}},"acf":[],"_links":{"self":[{"href":"https:\/\/www.theconservative.online\/fr\/wp-json\/wp\/v2\/posts\/62920","targetHints":{"allow":["GET"]}}],"collection":[{"href":"https:\/\/www.theconservative.online\/fr\/wp-json\/wp\/v2\/posts"}],"about":[{"href":"https:\/\/www.theconservative.online\/fr\/wp-json\/wp\/v2\/types\/post"}],"author":[{"embeddable":true,"href":"https:\/\/www.theconservative.online\/fr\/wp-json\/wp\/v2\/users\/78"}],"replies":[{"embeddable":true,"href":"https:\/\/www.theconservative.online\/fr\/wp-json\/wp\/v2\/comments?post=62920"}],"version-history":[{"count":0,"href":"https:\/\/www.theconservative.online\/fr\/wp-json\/wp\/v2\/posts\/62920\/revisions"}],"wp:featuredmedia":[{"embeddable":true,"href":"https:\/\/www.theconservative.online\/fr\/wp-json\/wp\/v2\/media\/62860"}],"wp:attachment":[{"href":"https:\/\/www.theconservative.online\/fr\/wp-json\/wp\/v2\/media?parent=62920"}],"wp:term":[{"taxonomy":"category","embeddable":true,"href":"https:\/\/www.theconservative.online\/fr\/wp-json\/wp\/v2\/categories?post=62920"},{"taxonomy":"post_tag","embeddable":true,"href":"https:\/\/www.theconservative.online\/fr\/wp-json\/wp\/v2\/tags?post=62920"},{"taxonomy":"editorial-positions","embeddable":true,"href":"https:\/\/www.theconservative.online\/fr\/wp-json\/wp\/v2\/editorial-positions?post=62920"},{"taxonomy":"regions","embeddable":true,"href":"https:\/\/www.theconservative.online\/fr\/wp-json\/wp\/v2\/regions?post=62920"},{"taxonomy":"types","embeddable":true,"href":"https:\/\/www.theconservative.online\/fr\/wp-json\/wp\/v2\/types?post=62920"}],"curies":[{"name":"wp","href":"https:\/\/api.w.org\/{rel}","templated":true}]}}