{"id":62927,"date":"2026-08-31T13:57:40","date_gmt":"2026-08-31T13:57:40","guid":{"rendered":"https:\/\/www.theconservative.online\/une-droite-unie-doit-mettre-en-avant-ses-divergences-internes"},"modified":"2026-08-31T13:57:40","modified_gmt":"2026-08-31T13:57:40","slug":"une-droite-unie-doit-mettre-en-avant-ses-divergences-internes","status":"publish","type":"post","link":"https:\/\/www.theconservative.online\/fr\/une-droite-unie-doit-mettre-en-avant-ses-divergences-internes","title":{"rendered":"Une droite unie doit mettre en avant ses divergences internes"},"content":{"rendered":"<p>La Su\u00e8de se rendra aux urnes le 13 septembre. Le gouvernement de droite sortant est en retard dans les sondages, et \u00e0 deux semaines du scrutin, la plupart des indicateurs laissent pr\u00e9sager une victoire de la gauche, m\u00eame si la droite a <a href=\"https:\/\/www.sverigesradio.se\/artikel\/swedish-election-race-tightens-as-government-side-gains-ground-on-the-opposition\">r\u00e9cemment commenc\u00e9 \u00e0 regagner un peu de terrain<\/a>.<\/p>\n<p>L&rsquo;un des d\u00e9fis auxquels est confront\u00e9e la droite r\u00e9side dans le fait que de nombreux \u00e9lecteurs restent r\u00e9ticents \u00e0 l&rsquo;\u00e9gard des D\u00e9mocrates su\u00e9dois, un parti caract\u00e9ris\u00e9 par un nationalisme de droite et un conservatisme social. Au cours de la l\u00e9gislature actuelle, trois partis traditionnels de droite ont form\u00e9 le gouvernement, les D\u00e9mocrates su\u00e9dois jouant le r\u00f4le de parti d&rsquo;appui. Cet arrangement reposait sur un accord commun conclu au d\u00e9but de la l\u00e9gislature, d\u00e9finissant clairement les mesures politiques que le gouvernement devait mettre en \u0153uvre au cours de cette p\u00e9riode de quatre ans.<\/p><div class='related_content'><span>RELATED<\/span><ul><li><a href='https:\/\/www.theconservative.online\/fr\/lislande-se-prononce-sur-la-reprise-de-son-processus-dadhesion-a-lunion-europeenne'>L&rsquo;Islande se prononce sur la reprise de son processus d&rsquo;adh\u00e9sion \u00e0 l&rsquo;Union europ\u00e9enne<\/li><\/a><li><a href='https:\/\/www.theconservative.online\/fr\/la-feminisation-de-la-societe-va-t-elle-devenir-un-enjeu-politique'>La \u00ab f\u00e9minisation \u00bb de la soci\u00e9t\u00e9 va-t-elle devenir un enjeu politique ?<\/li><\/a><li><a href='https:\/\/www.theconservative.online\/fr\/ce-parti-suedois-dirige-le-pays-mais-il-est-menace-de-disparition'>Ce parti su\u00e9dois dirige le pays \u2013 mais il est menac\u00e9 de disparition<\/li><\/a><\/ul><\/div>\n<p>Cependant, dans la perspective de la prochaine l\u00e9gislature, les D\u00e9mocrates su\u00e9dois ont <a href=\"https:\/\/www.theguardian.com\/world\/2026\/apr\/01\/swedish-pm-offers-deal-that-could-see-far-right-allowed-into-government\">eux-m\u00eames exig\u00e9 un si\u00e8ge au sein du gouvernement<\/a>. Le chef du parti, Jimmie \u00c5kesson, a d\u00e9clar\u00e9 \u00e0 plusieurs reprises que si les partis de droite l\u2019emportaient, il serait d\u00e9raisonnable que trois partis continuent \u00e0 gouverner tandis qu\u2019un quatri\u00e8me resterait une nouvelle fois en marge. Telle est la position de Jimmie \u00c5kesson depuis le d\u00e9but de la l\u00e9gislature : il n\u2019y aura pas de nouveaux quatre ans de gouvernement de droite sans que les D\u00e9mocrates su\u00e9dois ne si\u00e8gent \u00e9galement au gouvernement.<\/p>\n<p>Personne ne remet en cause la l\u00e9gitimit\u00e9 des revendications des D\u00e9mocrates su\u00e9dois. Ce parti a \u00e9t\u00e9 la premi\u00e8re force politique de droite au cours des quatre ann\u00e9es pendant lesquelles trois autres partis de droite ont \u00e9t\u00e9 au pouvoir. Le parti a exerc\u00e9 une influence consid\u00e9rable sur les politiques men\u00e9es, notamment dans les domaines de l\u2019immigration, de la criminalit\u00e9 et de l\u2019\u00e9nergie. Il aurait \u00e9t\u00e9 \u00e9trange que le parti re\u00e7oive un nouveau mandat des \u00e9lecteurs pour influencer la politique su\u00e9doise, pour ensuite accepter de rester une nouvelle fois en dehors du gouvernement.<\/p>\n<p>Mais tout dans la vie a un prix. Et pour les D\u00e9mocrates su\u00e9dois, le prix \u00e0 payer pour \u00eatre reconnus comme un parti apte \u00e0 gouverner a \u00e9t\u00e9 une perte d\u2019\u00e9lecteurs pour les autres partis de droite. Certains de leurs \u00e9lecteurs se m\u00e9fient en effet d\u2019un gouvernement de droite incluant les D\u00e9mocrates su\u00e9dois. Par cons\u00e9quent, un ph\u00e9nom\u00e8ne int\u00e9ressant est apparu au sein du bloc de droite de la politique su\u00e9doise, jusqu\u2019alors tr\u00e8s soud\u00e9.<\/p>\n<p>\u00c0 l\u2019heure actuelle, deux semaines avant les \u00e9lections, un conflit ouvert et de grande ampleur oppose les quatre partis de droite. Auparavant, ceux-ci tenaient \u00e0 mettre en avant leur unit\u00e9. Ils ont toujours affirm\u00e9 que la capacit\u00e9 des quatre partis qui les composent \u00e0 coop\u00e9rer constituait un atout pour la droite \u2014 qu\u2019ils s\u2019accordaient sur la n\u00e9cessit\u00e9 de gouverner ensemble, et que cette unit\u00e9 contrastait avec la fragmentation de la gauche, o\u00f9 les quatre partis assez disparates qui composent ce camp de la sc\u00e8ne politique su\u00e9doise sont loin de s\u2019accorder sur la question de savoir lequel d\u2019entre eux devrait occuper les fonctions gouvernementales, voire faire partie d\u2019une coalition au pouvoir.<\/p>\n<p>La raison pour laquelle les partis de droite se disputent actuellement tient probablement au fait qu\u2019ils ont pris conscience de la n\u00e9cessit\u00e9 de montrer qu\u2019ils ne constituent pas un parti unique et monolithique. Apr\u00e8s tout, m\u00eame si les D\u00e9mocrates su\u00e9dois devaient rejoindre un \u00e9ventuel nouveau gouvernement de droite, ils ne seraient qu\u2019un parti parmi quatre (voire trois, si le petit Parti lib\u00e9ral ne parvenait pas \u00e0 conserver ses si\u00e8ges au Parlement). Et c\u2019est pr\u00e9cis\u00e9ment ce message que les partis du bloc de droite doivent faire passer aux \u00e9lecteurs ind\u00e9cis.<\/p>\n<p>Le peuple su\u00e9dois pourrait se retrouver avec un gouvernement de droite qui ne serait pas n\u00e9cessairement domin\u00e9 par les D\u00e9mocrates su\u00e9dois. Il pourrait se voir doter d&rsquo;un gouvernement au sein duquel les partis traditionnels de droite tiendraient bon et r\u00e9sisteraient \u00e0 l&rsquo;impatience des D\u00e9mocrates su\u00e9dois sur des questions telles que l&rsquo;immigration et la politique en mati\u00e8re de criminalit\u00e9. En d\u2019autres termes, un nouveau gouvernement de droite ne serait pas simplement un \u00ab gouvernement SD \u00bb (SD \u00e9tant l\u2019abr\u00e9viation couramment utilis\u00e9e pour d\u00e9signer les D\u00e9mocrates su\u00e9dois).<\/p>\n<p>Par cons\u00e9quent, \u00e0 deux semaines des \u00e9lections, les D\u00e9mocrates su\u00e9dois se retrouvent dans une situation quelque peu singuli\u00e8re, celle de tenter de provoquer des querelles publiques avec leurs partenaires de coalition. Ces diff\u00e9rends rappellent aux \u00e9lecteurs de droite ind\u00e9cis qu\u2019il existe d\u2019autres options que les D\u00e9mocrates su\u00e9dois au sein du camp de droite \u2014 des \u00e9lecteurs dont le soutien est indispensable pour que la droite remporte la victoire.<\/p>\n<p>Parall\u00e8lement, les D\u00e9mocrates su\u00e9dois doivent se d\u00e9marquer des partis traditionnels de droite afin de montrer \u00e0 leurs partisans les plus radicaux qu&rsquo;ils restent d\u00e9termin\u00e9s \u00e0 lutter contre l&rsquo;immigration et la criminalit\u00e9 li\u00e9e \u00e0 l&rsquo;immigration.<\/p>\n<p>Ainsi, \u00e0 deux semaines des \u00e9lections, le bloc de droite fait front tout en \u00e9tant en proie \u00e0 des querelles internes ; c&rsquo;est la meilleure strat\u00e9gie qu&rsquo;il ait trouv\u00e9e pour permettre \u00e0 chaque parti de mobiliser ses propres \u00e9lecteurs potentiels.<\/p>\n<p>La d\u00e9mocratie est fascinante.<\/p>\n<\/p>","protected":false},"excerpt":{"rendered":"<p>La Su\u00e8de se rendra aux urnes le 13 septembre. Le gouvernement de droite sortant est en retard dans les sondages, et \u00e0 deux semaines du scrutin, la plupart des indicateurs laissent pr\u00e9sager une victoire de la gauche, m\u00eame si la droite a r\u00e9cemment commenc\u00e9 \u00e0 regagner un peu de terrain. L&rsquo;un des d\u00e9fis auxquels est [&hellip;]<\/p>\n","protected":false},"author":85,"featured_media":62882,"comment_status":"closed","ping_status":"closed","sticky":false,"template":"","format":"standard","meta":{"footnotes":""},"categories":[2550,2549],"tags":[3197,3485,2506,3133,554],"editorial-positions":[],"regions":[2563],"types":[2569,2573],"class_list":["post-62927","post","type-post","status-publish","format-standard","has-post-thumbnail","hentry","category-construire-une-europe-conservatrice","category-politique","tag-elections26","tag-rightwinggovernment","tag-swedendemocrats","tag-swedishelections","tag-sweden","regions-northern-europe-fr","types-news-fr","types-surveys-fr"],"yoast_head":"<!-- This site is optimized with the Yoast SEO plugin v28.0 - https:\/\/yoast.com\/product\/yoast-seo-wordpress\/ -->\n<title>Une droite unie doit mettre en avant ses divergences internes - The Conservative<\/title>\n<meta name=\"robots\" content=\"index, follow, max-snippet:-1, max-image-preview:large, max-video-preview:-1\" \/>\n<link rel=\"canonical\" href=\"https:\/\/www.theconservative.online\/fr\/une-droite-unie-doit-mettre-en-avant-ses-divergences-internes\" \/>\n<meta property=\"og:locale\" content=\"fr_FR\" \/>\n<meta property=\"og:type\" content=\"article\" \/>\n<meta property=\"og:title\" content=\"Une droite unie doit mettre en avant ses divergences internes - The Conservative\" \/>\n<meta property=\"og:description\" content=\"La Su\u00e8de se rendra aux urnes le 13 septembre. Le gouvernement de droite sortant est en retard dans les sondages, et \u00e0 deux semaines du scrutin, la plupart des indicateurs laissent pr\u00e9sager une victoire de la gauche, m\u00eame si la droite a r\u00e9cemment commenc\u00e9 \u00e0 regagner un peu de terrain. L&rsquo;un des d\u00e9fis auxquels est [&hellip;]\" \/>\n<meta property=\"og:url\" content=\"https:\/\/www.theconservative.online\/fr\/une-droite-unie-doit-mettre-en-avant-ses-divergences-internes\" \/>\n<meta property=\"og:site_name\" content=\"The Conservative\" \/>\n<meta property=\"article:published_time\" content=\"2026-08-31T13:57:40+00:00\" \/>\n<meta property=\"og:image\" content=\"https:\/\/www.theconservative.online\/wp-content\/uploads\/2026\/08\/Sverigebild.jpg\" \/>\n\t<meta property=\"og:image:width\" content=\"1000\" \/>\n\t<meta property=\"og:image:height\" content=\"667\" \/>\n\t<meta property=\"og:image:type\" content=\"image\/jpeg\" \/>\n<meta name=\"author\" content=\"Richard S\u00f6rman\" \/>\n<meta name=\"twitter:card\" content=\"summary_large_image\" \/>\n<meta name=\"twitter:label1\" content=\"\u00c9crit par\" \/>\n\t<meta name=\"twitter:data1\" content=\"Richard S\u00f6rman\" \/>\n\t<meta name=\"twitter:label2\" content=\"Dur\u00e9e de lecture estim\u00e9e\" \/>\n\t<meta name=\"twitter:data2\" content=\"5 minutes\" \/>\n<script type=\"application\/ld+json\" class=\"yoast-schema-graph\">{\"@context\":\"https:\\\/\\\/schema.org\",\"@graph\":[{\"@type\":\"Article\",\"@id\":\"https:\\\/\\\/www.theconservative.online\\\/fr\\\/une-droite-unie-doit-mettre-en-avant-ses-divergences-internes#article\",\"isPartOf\":{\"@id\":\"https:\\\/\\\/www.theconservative.online\\\/fr\\\/une-droite-unie-doit-mettre-en-avant-ses-divergences-internes\"},\"author\":{\"name\":\"Richard S\u00f6rman\",\"@id\":\"https:\\\/\\\/www.theconservative.online\\\/fr#\\\/schema\\\/person\\\/769a6928b1a6145a095dde8677e8dc31\"},\"headline\":\"Une droite unie doit mettre en avant ses divergences internes\",\"datePublished\":\"2026-08-31T13:57:40+00:00\",\"mainEntityOfPage\":{\"@id\":\"https:\\\/\\\/www.theconservative.online\\\/fr\\\/une-droite-unie-doit-mettre-en-avant-ses-divergences-internes\"},\"wordCount\":942,\"image\":{\"@id\":\"https:\\\/\\\/www.theconservative.online\\\/fr\\\/une-droite-unie-doit-mettre-en-avant-ses-divergences-internes#primaryimage\"},\"thumbnailUrl\":\"https:\\\/\\\/www.theconservative.online\\\/wp-content\\\/uploads\\\/2026\\\/08\\\/Sverigebild.jpg\",\"keywords\":[\"#elections26\",\"#rightwinggovernment\",\"#swedendemocrats\",\"#swedishelections\",\"Sweden\"],\"articleSection\":[\"Construire une Europe conservatrice\",\"Politique\"],\"inLanguage\":\"fr-FR\"},{\"@type\":\"WebPage\",\"@id\":\"https:\\\/\\\/www.theconservative.online\\\/fr\\\/une-droite-unie-doit-mettre-en-avant-ses-divergences-internes\",\"url\":\"https:\\\/\\\/www.theconservative.online\\\/fr\\\/une-droite-unie-doit-mettre-en-avant-ses-divergences-internes\",\"name\":\"Une droite unie doit mettre en avant ses divergences internes - The Conservative\",\"isPartOf\":{\"@id\":\"https:\\\/\\\/www.theconservative.online\\\/fr#website\"},\"primaryImageOfPage\":{\"@id\":\"https:\\\/\\\/www.theconservative.online\\\/fr\\\/une-droite-unie-doit-mettre-en-avant-ses-divergences-internes#primaryimage\"},\"image\":{\"@id\":\"https:\\\/\\\/www.theconservative.online\\\/fr\\\/une-droite-unie-doit-mettre-en-avant-ses-divergences-internes#primaryimage\"},\"thumbnailUrl\":\"https:\\\/\\\/www.theconservative.online\\\/wp-content\\\/uploads\\\/2026\\\/08\\\/Sverigebild.jpg\",\"datePublished\":\"2026-08-31T13:57:40+00:00\",\"author\":{\"@id\":\"https:\\\/\\\/www.theconservative.online\\\/fr#\\\/schema\\\/person\\\/769a6928b1a6145a095dde8677e8dc31\"},\"breadcrumb\":{\"@id\":\"https:\\\/\\\/www.theconservative.online\\\/fr\\\/une-droite-unie-doit-mettre-en-avant-ses-divergences-internes#breadcrumb\"},\"inLanguage\":\"fr-FR\",\"potentialAction\":[{\"@type\":\"ReadAction\",\"target\":[\"https:\\\/\\\/www.theconservative.online\\\/fr\\\/une-droite-unie-doit-mettre-en-avant-ses-divergences-internes\"]}]},{\"@type\":\"ImageObject\",\"inLanguage\":\"fr-FR\",\"@id\":\"https:\\\/\\\/www.theconservative.online\\\/fr\\\/une-droite-unie-doit-mettre-en-avant-ses-divergences-internes#primaryimage\",\"url\":\"https:\\\/\\\/www.theconservative.online\\\/wp-content\\\/uploads\\\/2026\\\/08\\\/Sverigebild.jpg\",\"contentUrl\":\"https:\\\/\\\/www.theconservative.online\\\/wp-content\\\/uploads\\\/2026\\\/08\\\/Sverigebild.jpg\",\"width\":1000,\"height\":667},{\"@type\":\"BreadcrumbList\",\"@id\":\"https:\\\/\\\/www.theconservative.online\\\/fr\\\/une-droite-unie-doit-mettre-en-avant-ses-divergences-internes#breadcrumb\",\"itemListElement\":[{\"@type\":\"ListItem\",\"position\":1,\"name\":\"Home\",\"item\":\"https:\\\/\\\/www.theconservative.online\\\/fr\\\/home\"},{\"@type\":\"ListItem\",\"position\":2,\"name\":\"Une droite unie doit mettre en avant ses divergences internes\"}]},{\"@type\":\"WebSite\",\"@id\":\"https:\\\/\\\/www.theconservative.online\\\/fr#website\",\"url\":\"https:\\\/\\\/www.theconservative.online\\\/fr\",\"name\":\"The Conservative\",\"description\":\"\",\"potentialAction\":[{\"@type\":\"SearchAction\",\"target\":{\"@type\":\"EntryPoint\",\"urlTemplate\":\"https:\\\/\\\/www.theconservative.online\\\/fr?s={search_term_string}\"},\"query-input\":{\"@type\":\"PropertyValueSpecification\",\"valueRequired\":true,\"valueName\":\"search_term_string\"}}],\"inLanguage\":\"fr-FR\"},{\"@type\":\"Person\",\"@id\":\"https:\\\/\\\/www.theconservative.online\\\/fr#\\\/schema\\\/person\\\/769a6928b1a6145a095dde8677e8dc31\",\"name\":\"Richard S\u00f6rman\",\"image\":{\"@type\":\"ImageObject\",\"inLanguage\":\"fr-FR\",\"@id\":\"https:\\\/\\\/secure.gravatar.com\\\/avatar\\\/31160c632b280151f52ca490d363172fd554ee64571053ac4dfe486bab7399f5?s=96&d=mm&r=g\",\"url\":\"https:\\\/\\\/secure.gravatar.com\\\/avatar\\\/31160c632b280151f52ca490d363172fd554ee64571053ac4dfe486bab7399f5?s=96&d=mm&r=g\",\"contentUrl\":\"https:\\\/\\\/secure.gravatar.com\\\/avatar\\\/31160c632b280151f52ca490d363172fd554ee64571053ac4dfe486bab7399f5?s=96&d=mm&r=g\",\"caption\":\"Richard S\u00f6rman\"},\"url\":\"https:\\\/\\\/www.theconservative.online\\\/fr\\\/author\\\/riks-euspec-2025-2026\"}]}<\/script>\n<!-- \/ Yoast SEO plugin. -->","yoast_head_json":{"title":"Une droite unie doit mettre en avant ses divergences internes - The Conservative","robots":{"index":"index","follow":"follow","max-snippet":"max-snippet:-1","max-image-preview":"max-image-preview:large","max-video-preview":"max-video-preview:-1"},"canonical":"https:\/\/www.theconservative.online\/fr\/une-droite-unie-doit-mettre-en-avant-ses-divergences-internes","og_locale":"fr_FR","og_type":"article","og_title":"Une droite unie doit mettre en avant ses divergences internes - The Conservative","og_description":"La Su\u00e8de se rendra aux urnes le 13 septembre. Le gouvernement de droite sortant est en retard dans les sondages, et \u00e0 deux semaines du scrutin, la plupart des indicateurs laissent pr\u00e9sager une victoire de la gauche, m\u00eame si la droite a r\u00e9cemment commenc\u00e9 \u00e0 regagner un peu de terrain. L&rsquo;un des d\u00e9fis auxquels est [&hellip;]","og_url":"https:\/\/www.theconservative.online\/fr\/une-droite-unie-doit-mettre-en-avant-ses-divergences-internes","og_site_name":"The Conservative","article_published_time":"2026-08-31T13:57:40+00:00","og_image":[{"width":1000,"height":667,"url":"https:\/\/www.theconservative.online\/wp-content\/uploads\/2026\/08\/Sverigebild.jpg","type":"image\/jpeg"}],"author":"Richard S\u00f6rman","twitter_card":"summary_large_image","twitter_misc":{"\u00c9crit par":"Richard S\u00f6rman","Dur\u00e9e de lecture estim\u00e9e":"5 minutes"},"schema":{"@context":"https:\/\/schema.org","@graph":[{"@type":"Article","@id":"https:\/\/www.theconservative.online\/fr\/une-droite-unie-doit-mettre-en-avant-ses-divergences-internes#article","isPartOf":{"@id":"https:\/\/www.theconservative.online\/fr\/une-droite-unie-doit-mettre-en-avant-ses-divergences-internes"},"author":{"name":"Richard S\u00f6rman","@id":"https:\/\/www.theconservative.online\/fr#\/schema\/person\/769a6928b1a6145a095dde8677e8dc31"},"headline":"Une droite unie doit mettre en avant ses divergences internes","datePublished":"2026-08-31T13:57:40+00:00","mainEntityOfPage":{"@id":"https:\/\/www.theconservative.online\/fr\/une-droite-unie-doit-mettre-en-avant-ses-divergences-internes"},"wordCount":942,"image":{"@id":"https:\/\/www.theconservative.online\/fr\/une-droite-unie-doit-mettre-en-avant-ses-divergences-internes#primaryimage"},"thumbnailUrl":"https:\/\/www.theconservative.online\/wp-content\/uploads\/2026\/08\/Sverigebild.jpg","keywords":["#elections26","#rightwinggovernment","#swedendemocrats","#swedishelections","Sweden"],"articleSection":["Construire une Europe conservatrice","Politique"],"inLanguage":"fr-FR"},{"@type":"WebPage","@id":"https:\/\/www.theconservative.online\/fr\/une-droite-unie-doit-mettre-en-avant-ses-divergences-internes","url":"https:\/\/www.theconservative.online\/fr\/une-droite-unie-doit-mettre-en-avant-ses-divergences-internes","name":"Une droite unie doit mettre en avant ses divergences internes - The Conservative","isPartOf":{"@id":"https:\/\/www.theconservative.online\/fr#website"},"primaryImageOfPage":{"@id":"https:\/\/www.theconservative.online\/fr\/une-droite-unie-doit-mettre-en-avant-ses-divergences-internes#primaryimage"},"image":{"@id":"https:\/\/www.theconservative.online\/fr\/une-droite-unie-doit-mettre-en-avant-ses-divergences-internes#primaryimage"},"thumbnailUrl":"https:\/\/www.theconservative.online\/wp-content\/uploads\/2026\/08\/Sverigebild.jpg","datePublished":"2026-08-31T13:57:40+00:00","author":{"@id":"https:\/\/www.theconservative.online\/fr#\/schema\/person\/769a6928b1a6145a095dde8677e8dc31"},"breadcrumb":{"@id":"https:\/\/www.theconservative.online\/fr\/une-droite-unie-doit-mettre-en-avant-ses-divergences-internes#breadcrumb"},"inLanguage":"fr-FR","potentialAction":[{"@type":"ReadAction","target":["https:\/\/www.theconservative.online\/fr\/une-droite-unie-doit-mettre-en-avant-ses-divergences-internes"]}]},{"@type":"ImageObject","inLanguage":"fr-FR","@id":"https:\/\/www.theconservative.online\/fr\/une-droite-unie-doit-mettre-en-avant-ses-divergences-internes#primaryimage","url":"https:\/\/www.theconservative.online\/wp-content\/uploads\/2026\/08\/Sverigebild.jpg","contentUrl":"https:\/\/www.theconservative.online\/wp-content\/uploads\/2026\/08\/Sverigebild.jpg","width":1000,"height":667},{"@type":"BreadcrumbList","@id":"https:\/\/www.theconservative.online\/fr\/une-droite-unie-doit-mettre-en-avant-ses-divergences-internes#breadcrumb","itemListElement":[{"@type":"ListItem","position":1,"name":"Home","item":"https:\/\/www.theconservative.online\/fr\/home"},{"@type":"ListItem","position":2,"name":"Une droite unie doit mettre en avant ses divergences internes"}]},{"@type":"WebSite","@id":"https:\/\/www.theconservative.online\/fr#website","url":"https:\/\/www.theconservative.online\/fr","name":"The Conservative","description":"","potentialAction":[{"@type":"SearchAction","target":{"@type":"EntryPoint","urlTemplate":"https:\/\/www.theconservative.online\/fr?s={search_term_string}"},"query-input":{"@type":"PropertyValueSpecification","valueRequired":true,"valueName":"search_term_string"}}],"inLanguage":"fr-FR"},{"@type":"Person","@id":"https:\/\/www.theconservative.online\/fr#\/schema\/person\/769a6928b1a6145a095dde8677e8dc31","name":"Richard S\u00f6rman","image":{"@type":"ImageObject","inLanguage":"fr-FR","@id":"https:\/\/secure.gravatar.com\/avatar\/31160c632b280151f52ca490d363172fd554ee64571053ac4dfe486bab7399f5?s=96&d=mm&r=g","url":"https:\/\/secure.gravatar.com\/avatar\/31160c632b280151f52ca490d363172fd554ee64571053ac4dfe486bab7399f5?s=96&d=mm&r=g","contentUrl":"https:\/\/secure.gravatar.com\/avatar\/31160c632b280151f52ca490d363172fd554ee64571053ac4dfe486bab7399f5?s=96&d=mm&r=g","caption":"Richard S\u00f6rman"},"url":"https:\/\/www.theconservative.online\/fr\/author\/riks-euspec-2025-2026"}]}},"acf":[],"_links":{"self":[{"href":"https:\/\/www.theconservative.online\/fr\/wp-json\/wp\/v2\/posts\/62927","targetHints":{"allow":["GET"]}}],"collection":[{"href":"https:\/\/www.theconservative.online\/fr\/wp-json\/wp\/v2\/posts"}],"about":[{"href":"https:\/\/www.theconservative.online\/fr\/wp-json\/wp\/v2\/types\/post"}],"author":[{"embeddable":true,"href":"https:\/\/www.theconservative.online\/fr\/wp-json\/wp\/v2\/users\/85"}],"replies":[{"embeddable":true,"href":"https:\/\/www.theconservative.online\/fr\/wp-json\/wp\/v2\/comments?post=62927"}],"version-history":[{"count":0,"href":"https:\/\/www.theconservative.online\/fr\/wp-json\/wp\/v2\/posts\/62927\/revisions"}],"wp:featuredmedia":[{"embeddable":true,"href":"https:\/\/www.theconservative.online\/fr\/wp-json\/wp\/v2\/media\/62882"}],"wp:attachment":[{"href":"https:\/\/www.theconservative.online\/fr\/wp-json\/wp\/v2\/media?parent=62927"}],"wp:term":[{"taxonomy":"category","embeddable":true,"href":"https:\/\/www.theconservative.online\/fr\/wp-json\/wp\/v2\/categories?post=62927"},{"taxonomy":"post_tag","embeddable":true,"href":"https:\/\/www.theconservative.online\/fr\/wp-json\/wp\/v2\/tags?post=62927"},{"taxonomy":"editorial-positions","embeddable":true,"href":"https:\/\/www.theconservative.online\/fr\/wp-json\/wp\/v2\/editorial-positions?post=62927"},{"taxonomy":"regions","embeddable":true,"href":"https:\/\/www.theconservative.online\/fr\/wp-json\/wp\/v2\/regions?post=62927"},{"taxonomy":"types","embeddable":true,"href":"https:\/\/www.theconservative.online\/fr\/wp-json\/wp\/v2\/types?post=62927"}],"curies":[{"name":"wp","href":"https:\/\/api.w.org\/{rel}","templated":true}]}}