{"id":62944,"date":"2026-08-27T14:34:32","date_gmt":"2026-08-27T14:34:32","guid":{"rendered":"https:\/\/www.theconservative.online\/la-roumanie-vient-de-mettre-bruxelles-au-pied-du-mur-et-lhypocrisie-de-lusr-est-le-veritable-enjeu"},"modified":"2026-08-27T14:34:32","modified_gmt":"2026-08-27T14:34:32","slug":"la-roumanie-vient-de-mettre-bruxelles-au-pied-du-mur-et-lhypocrisie-de-lusr-est-le-veritable-enjeu","status":"publish","type":"post","link":"https:\/\/www.theconservative.online\/fr\/la-roumanie-vient-de-mettre-bruxelles-au-pied-du-mur-et-lhypocrisie-de-lusr-est-le-veritable-enjeu","title":{"rendered":"La Roumanie vient de mettre Bruxelles au pied du mur, et l&rsquo;hypocrisie de l&rsquo;USR est le v\u00e9ritable enjeu"},"content":{"rendered":"<p>Mercredi, le S\u00e9nat roumain a pris une d\u00e9cision qui aurait sembl\u00e9 impensable il y a un mois : il a fait fi des menaces prof\u00e9r\u00e9es par deux des plus grandes familles politiques du Parlement europ\u00e9en et a vot\u00e9 malgr\u00e9 tout. La nouvelle loi sur l\u2019int\u00e9grit\u00e9 a \u00e9t\u00e9 adopt\u00e9e par 106 voix pour et 19 contre, et les seuls s\u00e9nateurs \u00e0 s\u2019y \u00eatre oppos\u00e9s appartenaient \u00e0 l\u2019USR, le parti du maire de Timi\u0219oara, Dominic Fritz. Ni le PSD, ni le PNL, ni l\u2019AUR. Seulement l\u2019USR, \u00e0 lui seul, d\u00e9fendant le poste d\u2019un seul homme.<\/p>\n<p>Cette loi, officiellement d\u00e9nomm\u00e9e \u00ab Legea ANI \u00bb, constitue une \u00e9tape cl\u00e9 du PNRR, l\u2019une des conditions techniques que la Roumanie doit remplir d\u2019ici le 31 ao\u00fbt pour d\u00e9bloquer 770 millions d\u2019euros de fonds de relance de l\u2019Union europ\u00e9enne. Elle contient ce que l\u2019on appelle l\u2019\u00ab amendement Fritz \u00bb : une clause stipulant que TOUT fonctionnaire dont l\u2019incompatibilit\u00e9 ou le conflit d\u2019int\u00e9r\u00eats a \u00e9t\u00e9 d\u00e9finitivement \u00e9tabli par un tribunal perd son mandat 30 jours apr\u00e8s l\u2019entr\u00e9e en vigueur de la loi, \u00e0 condition que la p\u00e9riode d\u2019interdiction de trois ans ne soit pas d\u00e9j\u00e0 arriv\u00e9e \u00e0 expiration.<\/p>\n<p>Il ne s&rsquo;agit pas d&rsquo;une hypoth\u00e8se. Quatre tribunaux roumains ont statu\u00e9, \u00e0 l&rsquo;unanimit\u00e9, que Fritz se trouvait en situation de conflit d&rsquo;int\u00e9r\u00eats lorsqu&rsquo;il a sign\u00e9 un document d&rsquo;urbanisme (PUZ) profitant \u00e0 une personne ayant financ\u00e9 sa campagne. La Cour constitutionnelle s\u2019est prononc\u00e9e le 17 ao\u00fbt et a confirm\u00e9 que l\u2019amendement \u00e9tait pleinement constitutionnel. Ainsi, au moment o\u00f9 le S\u00e9nat a vot\u00e9 cette semaine, il ne s\u2019agissait plus vraiment de d\u00e9battre de la question de savoir si M. Fritz avait enfreint les r\u00e8gles, les tribunaux ayant d\u00e9j\u00e0 tranch\u00e9 cette question il y a plusieurs mois. Le vote portait sur la question de savoir si le Parlement roumain allait donner un v\u00e9ritable sens \u00e0 cette d\u00e9cision de justice. Ce fut le cas. Le projet de loi est d\u00e9sormais transmis au pr\u00e9sident Nicu\u0219or Dan pour promulgation, et une fois qu\u2019il sera entr\u00e9 en vigueur, Fritz et plus de 120 autres responsables se trouvant dans des situations juridiques similaires disposeront de 30 jours pour quitter leurs fonctions.<\/p>\n<p>C&rsquo;est l\u00e0 que l&rsquo;histoire devient vraiment int\u00e9ressante, et que bon nombre des sch\u00e9mas politiques habituels ont \u00e9t\u00e9 boulevers\u00e9s. L&rsquo;AUR a vot\u00e9 aujourd&rsquo;hui en faveur de la loi sur l&rsquo;int\u00e9grit\u00e9 au S\u00e9nat. Le pr\u00e9sident de l\u2019AUR, George Simion, s\u2019est exprim\u00e9 sans d\u00e9tours \u00e0 ce sujet : l\u2019AUR a soutenu le soi-disant amendement Fritz \u00ab parce que c\u2019est normal : quiconque se trouve en situation d\u2019incompatibilit\u00e9 doit quitter ses fonctions \u00bb. L\u2019AUR s\u2019est align\u00e9e sur les d\u00e9cisions judiciaires en vigueur, \u00e0 savoir quatre arr\u00eats et une confirmation de la Cour constitutionnelle, tout en insistant pour que cette norme s\u2019applique \u00e0 tous de mani\u00e8re \u00e9gale, et non pas uniquement \u00e0 des cibles de convenance. Il convient de noter que l\u2019AUR avait auparavant tent\u00e9 d\u2019\u00e9tendre davantage la port\u00e9e de la loi, en demandant que les conjoints des responsables politiques soient \u00e9galement tenus de d\u00e9clarer leur patrimoine, bien que cet aspect n\u2019ait pas \u00e9t\u00e9 retenu dans le texte final du S\u00e9nat.<\/p>\n<p>Venons-en maintenant \u00e0 la partie la plus difficile \u00e0 pr\u00e9senter sous un jour favorable. L\u2019USR a pass\u00e9 des ann\u00e9es \u00e0 b\u00e2tir son image de marque autour d\u2019une seule et unique promesse : une tol\u00e9rance z\u00e9ro envers la corruption et les conflits d\u2019int\u00e9r\u00eats, quelles que soient les personnes impliqu\u00e9es. C\u2019est la raison d\u2019\u00eatre m\u00eame de ce parti. Pourtant, lorsque les tribunaux ont constat\u00e9 que le pr\u00e9sident de leur propre parti se trouvait dans une situation de conflit d\u2019int\u00e9r\u00eats typique, ayant favoris\u00e9 un donateur de campagne par le biais d\u2019une d\u00e9cision officielle en mati\u00e8re d\u2019urbanisme, les s\u00e9nateurs de l\u2019USR ont \u00e9t\u00e9 le seul groupe de toute la chambre \u00e0 voter contre l\u2019application de la loi.<\/p>\n<p>Le parti ne s&rsquo;est pas content\u00e9 de voter \u00ab non \u00bb au niveau national. Il a port\u00e9 l&rsquo;affaire jusqu&rsquo;\u00e0 Bruxelles. \u00c9tant donn\u00e9 que l&rsquo;USR fait partie du groupe Renew Europe et que l&rsquo;aile Bolojan du PNL appartient au Parti populaire europ\u00e9en, ces deux familles politiques europ\u00e9ennes ont adress\u00e9 une lettre commune dat\u00e9e du 24 ao\u00fbt, sign\u00e9e par le pr\u00e9sident du PPE, Manfred Weber, et la pr\u00e9sidente de Renew Europe, Val\u00e9rie Hayer, demandant \u00e0 la pr\u00e9sidente de la Commission europ\u00e9enne, Ursula von der Leyen, de bloquer les 770 millions d\u2019euros de fonds du PNRR tant que Bucarest n\u2019aura pas retir\u00e9 cet amendement. La lettre pr\u00e9sente cette question sous l\u2019angle de l\u2019\u00c9tat de droit, en faisant valoir que la Commission ne devrait pas consid\u00e9rer ce versement comme une question \u00ab purement technique \u00bb, mais qu\u2019elle devrait au contraire v\u00e9rifier si la r\u00e9forme roumaine respecte les normes juridiques de l\u2019UE.<\/p>\n<p>Weber a ensuite tent\u00e9 d\u2019att\u00e9nuer le ton de son message, en d\u00e9clarant publiquement que le PPE ne souhaitait pas que la Roumanie perde \u00ab un seul euro \u00bb de ses fonds de relance. Mais la lettre elle-m\u00eame est sans ambigu\u00eft\u00e9 : elle lie explicitement l\u2019octroi de ces fonds \u00e0 l\u2019abrogation d\u2019une disposition l\u00e9gislative sp\u00e9cifique visant, dans les faits, une personne en particulier, dont les probl\u00e8mes juridiques ont \u00e9t\u00e9 \u00e9tablis par les tribunaux roumains, et non par des adversaires politiques.<\/p>\n<p>Si l\u2019on fait abstraction des acronymes, il reste une situation v\u00e9ritablement embarrassante. Un maire roumain, dont les tribunaux de son propre pays \u2013 \u00e0 quatre niveaux diff\u00e9rents, auxquels s\u2019ajoute la Cour constitutionnelle \u2013 ont constat\u00e9 qu\u2019il se trouvait en situation de conflit d\u2019int\u00e9r\u00eats, est prot\u00e9g\u00e9 non pas par les institutions roumaines, mais par des dirigeants de partis \u00e9trangers, qui font pression sur Bruxelles pour que 20 millions de Roumains soient p\u00e9nalis\u00e9s financi\u00e8rement si le poste de ce maire n\u2019est pas pr\u00e9serv\u00e9. Des articles ont \u00e9galement r\u00e9v\u00e9l\u00e9 que Siegfried Mure\u0219an, du PNL, a fait pression directement sur M. Weber au nom de M. Fritz, ce qui explique en partie pourquoi un parti de centre-droit s\u2019est retrouv\u00e9 \u00e0 d\u00e9fendre un maire align\u00e9 sur Renew.<\/p>\n<p>Fritz lui-m\u00eame ne s\u2019est pas tu, qualifiant la d\u00e9cision de la Cour constitutionnelle d\u2019\u00ab abus de pouvoir brutal \u00bb que la Cour a \u00ab valid\u00e9 \u00bb plut\u00f4t que de l\u2019avoir stopp\u00e9, et affirmant que la red\u00e9finition, par la loi, d\u2019actes normatifs tels que le PUZ restreint de mani\u00e8re perverse ce qui sera d\u00e9sormais consid\u00e9r\u00e9 comme un conflit d\u2019int\u00e9r\u00eats. Il s\u2019agit l\u00e0 d\u2019un argument juridique l\u00e9gitime \u00e0 faire valoir devant les tribunaux roumains ou la Cour constitutionnelle, devant lesquels il a d\u00e9j\u00e0 essuy\u00e9 deux d\u00e9faites. En faire une campagne de lobbying visant les financements europ\u00e9ens de la Roumanie, men\u00e9e par le biais des structures du parti \u00e0 Bruxelles, est une tout autre affaire.<\/p>\n<p>Le v\u00e9ritable enjeu ne porte plus vraiment sur le permis d\u2019urbanisme de Fritz, mais sur la question de savoir si une famille politique europ\u00e9enne peut passer outre une d\u00e9cision de justice nationale en mena\u00e7ant de retenir les fonds destin\u00e9s \u00e0 la relance d\u2019un pays. La Roumanie conna\u00eet de nombreux probl\u00e8mes l\u00e9gitimes en mati\u00e8re d\u2019\u00c9tat de droit qui m\u00e9ritent d\u2019\u00eatre examin\u00e9s de pr\u00e8s. L\u2019application d\u2019une d\u00e9cision de justice \u00e9tablissant qu\u2019un fonctionnaire sp\u00e9cifique a enfreint les r\u00e8gles relatives aux conflits d\u2019int\u00e9r\u00eats n\u2019en fait pas partie. C\u2019est tout le contraire.<\/p>\n","protected":false},"excerpt":{"rendered":"<p>Mercredi, le S\u00e9nat roumain a pris une d\u00e9cision qui aurait sembl\u00e9 impensable il y a un mois : il a fait fi des menaces prof\u00e9r\u00e9es par deux des plus grandes familles politiques du Parlement europ\u00e9en et a vot\u00e9 malgr\u00e9 tout. La nouvelle loi sur l\u2019int\u00e9grit\u00e9 a \u00e9t\u00e9 adopt\u00e9e par 106 voix pour et 19 contre, [&hellip;]<\/p>\n","protected":false},"author":79,"featured_media":62546,"comment_status":"closed","ping_status":"closed","sticky":false,"template":"","format":"standard","meta":{"footnotes":""},"categories":[2529,2549],"tags":[],"editorial-positions":[],"regions":[],"types":[],"class_list":["post-62944","post","type-post","status-publish","format-standard","has-post-thumbnail","hentry","category-non-classifiee","category-politique"],"yoast_head":"<!-- This site is optimized with the Yoast SEO plugin v28.0 - https:\/\/yoast.com\/product\/yoast-seo-wordpress\/ -->\n<title>La Roumanie vient de mettre Bruxelles au pied du mur, et l&#039;hypocrisie de l&#039;USR est le v\u00e9ritable enjeu - The Conservative<\/title>\n<meta name=\"robots\" content=\"index, follow, max-snippet:-1, max-image-preview:large, max-video-preview:-1\" \/>\n<link rel=\"canonical\" href=\"https:\/\/www.theconservative.online\/fr\/la-roumanie-vient-de-mettre-bruxelles-au-pied-du-mur-et-lhypocrisie-de-lusr-est-le-veritable-enjeu\" \/>\n<meta property=\"og:locale\" content=\"fr_FR\" \/>\n<meta property=\"og:type\" content=\"article\" \/>\n<meta property=\"og:title\" content=\"La Roumanie vient de mettre Bruxelles au pied du mur, et l&#039;hypocrisie de l&#039;USR est le v\u00e9ritable enjeu - The Conservative\" \/>\n<meta property=\"og:description\" content=\"Mercredi, le S\u00e9nat roumain a pris une d\u00e9cision qui aurait sembl\u00e9 impensable il y a un mois : il a fait fi des menaces prof\u00e9r\u00e9es par deux des plus grandes familles politiques du Parlement europ\u00e9en et a vot\u00e9 malgr\u00e9 tout. La nouvelle loi sur l\u2019int\u00e9grit\u00e9 a \u00e9t\u00e9 adopt\u00e9e par 106 voix pour et 19 contre, [&hellip;]\" \/>\n<meta property=\"og:url\" content=\"https:\/\/www.theconservative.online\/fr\/la-roumanie-vient-de-mettre-bruxelles-au-pied-du-mur-et-lhypocrisie-de-lusr-est-le-veritable-enjeu\" \/>\n<meta property=\"og:site_name\" content=\"The Conservative\" \/>\n<meta property=\"article:published_time\" content=\"2026-08-27T14:34:32+00:00\" \/>\n<meta property=\"og:image\" content=\"https:\/\/www.theconservative.online\/wp-content\/uploads\/2026\/08\/EUROParliament.jpg\" \/>\n\t<meta property=\"og:image:width\" content=\"1168\" \/>\n\t<meta property=\"og:image:height\" content=\"784\" \/>\n\t<meta property=\"og:image:type\" content=\"image\/jpeg\" \/>\n<meta name=\"author\" content=\"Iosefina Pascal\" \/>\n<meta name=\"twitter:card\" content=\"summary_large_image\" \/>\n<meta name=\"twitter:label1\" content=\"\u00c9crit par\" \/>\n\t<meta name=\"twitter:data1\" content=\"Iosefina Pascal\" \/>\n\t<meta name=\"twitter:label2\" content=\"Dur\u00e9e de lecture estim\u00e9e\" \/>\n\t<meta name=\"twitter:data2\" content=\"7 minutes\" \/>\n<script type=\"application\/ld+json\" class=\"yoast-schema-graph\">{\"@context\":\"https:\\\/\\\/schema.org\",\"@graph\":[{\"@type\":\"Article\",\"@id\":\"https:\\\/\\\/www.theconservative.online\\\/fr\\\/la-roumanie-vient-de-mettre-bruxelles-au-pied-du-mur-et-lhypocrisie-de-lusr-est-le-veritable-enjeu#article\",\"isPartOf\":{\"@id\":\"https:\\\/\\\/www.theconservative.online\\\/fr\\\/la-roumanie-vient-de-mettre-bruxelles-au-pied-du-mur-et-lhypocrisie-de-lusr-est-le-veritable-enjeu\"},\"author\":{\"name\":\"Iosefina Pascal\",\"@id\":\"https:\\\/\\\/www.theconservative.online\\\/fr#\\\/schema\\\/person\\\/a058eee3b153ac2215cf616d9795653b\"},\"headline\":\"La Roumanie vient de mettre Bruxelles au pied du mur, et l&rsquo;hypocrisie de l&rsquo;USR est le v\u00e9ritable enjeu\",\"datePublished\":\"2026-08-27T14:34:32+00:00\",\"mainEntityOfPage\":{\"@id\":\"https:\\\/\\\/www.theconservative.online\\\/fr\\\/la-roumanie-vient-de-mettre-bruxelles-au-pied-du-mur-et-lhypocrisie-de-lusr-est-le-veritable-enjeu\"},\"wordCount\":1353,\"image\":{\"@id\":\"https:\\\/\\\/www.theconservative.online\\\/fr\\\/la-roumanie-vient-de-mettre-bruxelles-au-pied-du-mur-et-lhypocrisie-de-lusr-est-le-veritable-enjeu#primaryimage\"},\"thumbnailUrl\":\"https:\\\/\\\/www.theconservative.online\\\/wp-content\\\/uploads\\\/2026\\\/08\\\/EUROParliament.jpg\",\"articleSection\":[\"Non classifi\u00e9(e)\",\"Politique\"],\"inLanguage\":\"fr-FR\"},{\"@type\":\"WebPage\",\"@id\":\"https:\\\/\\\/www.theconservative.online\\\/fr\\\/la-roumanie-vient-de-mettre-bruxelles-au-pied-du-mur-et-lhypocrisie-de-lusr-est-le-veritable-enjeu\",\"url\":\"https:\\\/\\\/www.theconservative.online\\\/fr\\\/la-roumanie-vient-de-mettre-bruxelles-au-pied-du-mur-et-lhypocrisie-de-lusr-est-le-veritable-enjeu\",\"name\":\"La Roumanie vient de mettre Bruxelles au pied du mur, et l'hypocrisie de l'USR est le v\u00e9ritable enjeu - The Conservative\",\"isPartOf\":{\"@id\":\"https:\\\/\\\/www.theconservative.online\\\/fr#website\"},\"primaryImageOfPage\":{\"@id\":\"https:\\\/\\\/www.theconservative.online\\\/fr\\\/la-roumanie-vient-de-mettre-bruxelles-au-pied-du-mur-et-lhypocrisie-de-lusr-est-le-veritable-enjeu#primaryimage\"},\"image\":{\"@id\":\"https:\\\/\\\/www.theconservative.online\\\/fr\\\/la-roumanie-vient-de-mettre-bruxelles-au-pied-du-mur-et-lhypocrisie-de-lusr-est-le-veritable-enjeu#primaryimage\"},\"thumbnailUrl\":\"https:\\\/\\\/www.theconservative.online\\\/wp-content\\\/uploads\\\/2026\\\/08\\\/EUROParliament.jpg\",\"datePublished\":\"2026-08-27T14:34:32+00:00\",\"author\":{\"@id\":\"https:\\\/\\\/www.theconservative.online\\\/fr#\\\/schema\\\/person\\\/a058eee3b153ac2215cf616d9795653b\"},\"breadcrumb\":{\"@id\":\"https:\\\/\\\/www.theconservative.online\\\/fr\\\/la-roumanie-vient-de-mettre-bruxelles-au-pied-du-mur-et-lhypocrisie-de-lusr-est-le-veritable-enjeu#breadcrumb\"},\"inLanguage\":\"fr-FR\",\"potentialAction\":[{\"@type\":\"ReadAction\",\"target\":[\"https:\\\/\\\/www.theconservative.online\\\/fr\\\/la-roumanie-vient-de-mettre-bruxelles-au-pied-du-mur-et-lhypocrisie-de-lusr-est-le-veritable-enjeu\"]}]},{\"@type\":\"ImageObject\",\"inLanguage\":\"fr-FR\",\"@id\":\"https:\\\/\\\/www.theconservative.online\\\/fr\\\/la-roumanie-vient-de-mettre-bruxelles-au-pied-du-mur-et-lhypocrisie-de-lusr-est-le-veritable-enjeu#primaryimage\",\"url\":\"https:\\\/\\\/www.theconservative.online\\\/wp-content\\\/uploads\\\/2026\\\/08\\\/EUROParliament.jpg\",\"contentUrl\":\"https:\\\/\\\/www.theconservative.online\\\/wp-content\\\/uploads\\\/2026\\\/08\\\/EUROParliament.jpg\",\"width\":1168,\"height\":784,\"caption\":\"Signature: ZQy8xm1QBYQSFqF2758n0Smv\\\/aWGpQnFnVW29d5QxWS7TC8n30w7E3Btp4yrL9CMqScD0WcYrIJI7LUqggxaG9OUC9JqeDf9Ou+x9iUzh7MqMXZYfzDvTjVnPrdzSSWhOFKX9aM\\\/Rsf5HuhFn5c2IlZZvBkswNq7dNSoqLiHL0o1tvJkqfZa+yJoY2UgOXSFpzL5uNT9Vna+pk0SRE6j\\\/v\\\/KDcWaveOD4Y7Fj568iaR0npSHqxnsGCQW0q7oQROoIAVhH+GLB9F+PMrCyVmxZdKU2nf+gSnAAyyLVhY7of+A+Zjx1FVwx81ECJ6\\\/QtZuMi1a1Ab7kVr\\\/JcOfKxuJOA==\"},{\"@type\":\"BreadcrumbList\",\"@id\":\"https:\\\/\\\/www.theconservative.online\\\/fr\\\/la-roumanie-vient-de-mettre-bruxelles-au-pied-du-mur-et-lhypocrisie-de-lusr-est-le-veritable-enjeu#breadcrumb\",\"itemListElement\":[{\"@type\":\"ListItem\",\"position\":1,\"name\":\"Home\",\"item\":\"https:\\\/\\\/www.theconservative.online\\\/fr\\\/home\"},{\"@type\":\"ListItem\",\"position\":2,\"name\":\"La Roumanie vient de mettre Bruxelles au pied du mur, et l&#8217;hypocrisie de l&#8217;USR est le v\u00e9ritable enjeu\"}]},{\"@type\":\"WebSite\",\"@id\":\"https:\\\/\\\/www.theconservative.online\\\/fr#website\",\"url\":\"https:\\\/\\\/www.theconservative.online\\\/fr\",\"name\":\"The Conservative\",\"description\":\"\",\"potentialAction\":[{\"@type\":\"SearchAction\",\"target\":{\"@type\":\"EntryPoint\",\"urlTemplate\":\"https:\\\/\\\/www.theconservative.online\\\/fr?s={search_term_string}\"},\"query-input\":{\"@type\":\"PropertyValueSpecification\",\"valueRequired\":true,\"valueName\":\"search_term_string\"}}],\"inLanguage\":\"fr-FR\"},{\"@type\":\"Person\",\"@id\":\"https:\\\/\\\/www.theconservative.online\\\/fr#\\\/schema\\\/person\\\/a058eee3b153ac2215cf616d9795653b\",\"name\":\"Iosefina Pascal\",\"image\":{\"@type\":\"ImageObject\",\"inLanguage\":\"fr-FR\",\"@id\":\"https:\\\/\\\/secure.gravatar.com\\\/avatar\\\/b6c6576a2be336212e2c44862e76e71f326a3e912cd8ca0a6856a38198536fd3?s=96&d=mm&r=g\",\"url\":\"https:\\\/\\\/secure.gravatar.com\\\/avatar\\\/b6c6576a2be336212e2c44862e76e71f326a3e912cd8ca0a6856a38198536fd3?s=96&d=mm&r=g\",\"contentUrl\":\"https:\\\/\\\/secure.gravatar.com\\\/avatar\\\/b6c6576a2be336212e2c44862e76e71f326a3e912cd8ca0a6856a38198536fd3?s=96&d=mm&r=g\",\"caption\":\"Iosefina Pascal\"},\"url\":\"https:\\\/\\\/www.theconservative.online\\\/fr\\\/author\\\/pascal-eunat-2025-26\"}]}<\/script>\n<!-- \/ Yoast SEO plugin. -->","yoast_head_json":{"title":"La Roumanie vient de mettre Bruxelles au pied du mur, et l'hypocrisie de l'USR est le v\u00e9ritable enjeu - The Conservative","robots":{"index":"index","follow":"follow","max-snippet":"max-snippet:-1","max-image-preview":"max-image-preview:large","max-video-preview":"max-video-preview:-1"},"canonical":"https:\/\/www.theconservative.online\/fr\/la-roumanie-vient-de-mettre-bruxelles-au-pied-du-mur-et-lhypocrisie-de-lusr-est-le-veritable-enjeu","og_locale":"fr_FR","og_type":"article","og_title":"La Roumanie vient de mettre Bruxelles au pied du mur, et l'hypocrisie de l'USR est le v\u00e9ritable enjeu - The Conservative","og_description":"Mercredi, le S\u00e9nat roumain a pris une d\u00e9cision qui aurait sembl\u00e9 impensable il y a un mois : il a fait fi des menaces prof\u00e9r\u00e9es par deux des plus grandes familles politiques du Parlement europ\u00e9en et a vot\u00e9 malgr\u00e9 tout. La nouvelle loi sur l\u2019int\u00e9grit\u00e9 a \u00e9t\u00e9 adopt\u00e9e par 106 voix pour et 19 contre, [&hellip;]","og_url":"https:\/\/www.theconservative.online\/fr\/la-roumanie-vient-de-mettre-bruxelles-au-pied-du-mur-et-lhypocrisie-de-lusr-est-le-veritable-enjeu","og_site_name":"The Conservative","article_published_time":"2026-08-27T14:34:32+00:00","og_image":[{"width":1168,"height":784,"url":"https:\/\/www.theconservative.online\/wp-content\/uploads\/2026\/08\/EUROParliament.jpg","type":"image\/jpeg"}],"author":"Iosefina Pascal","twitter_card":"summary_large_image","twitter_misc":{"\u00c9crit par":"Iosefina Pascal","Dur\u00e9e de lecture estim\u00e9e":"7 minutes"},"schema":{"@context":"https:\/\/schema.org","@graph":[{"@type":"Article","@id":"https:\/\/www.theconservative.online\/fr\/la-roumanie-vient-de-mettre-bruxelles-au-pied-du-mur-et-lhypocrisie-de-lusr-est-le-veritable-enjeu#article","isPartOf":{"@id":"https:\/\/www.theconservative.online\/fr\/la-roumanie-vient-de-mettre-bruxelles-au-pied-du-mur-et-lhypocrisie-de-lusr-est-le-veritable-enjeu"},"author":{"name":"Iosefina Pascal","@id":"https:\/\/www.theconservative.online\/fr#\/schema\/person\/a058eee3b153ac2215cf616d9795653b"},"headline":"La Roumanie vient de mettre Bruxelles au pied du mur, et l&rsquo;hypocrisie de l&rsquo;USR est le v\u00e9ritable enjeu","datePublished":"2026-08-27T14:34:32+00:00","mainEntityOfPage":{"@id":"https:\/\/www.theconservative.online\/fr\/la-roumanie-vient-de-mettre-bruxelles-au-pied-du-mur-et-lhypocrisie-de-lusr-est-le-veritable-enjeu"},"wordCount":1353,"image":{"@id":"https:\/\/www.theconservative.online\/fr\/la-roumanie-vient-de-mettre-bruxelles-au-pied-du-mur-et-lhypocrisie-de-lusr-est-le-veritable-enjeu#primaryimage"},"thumbnailUrl":"https:\/\/www.theconservative.online\/wp-content\/uploads\/2026\/08\/EUROParliament.jpg","articleSection":["Non classifi\u00e9(e)","Politique"],"inLanguage":"fr-FR"},{"@type":"WebPage","@id":"https:\/\/www.theconservative.online\/fr\/la-roumanie-vient-de-mettre-bruxelles-au-pied-du-mur-et-lhypocrisie-de-lusr-est-le-veritable-enjeu","url":"https:\/\/www.theconservative.online\/fr\/la-roumanie-vient-de-mettre-bruxelles-au-pied-du-mur-et-lhypocrisie-de-lusr-est-le-veritable-enjeu","name":"La Roumanie vient de mettre Bruxelles au pied du mur, et l'hypocrisie de l'USR est le v\u00e9ritable enjeu - The Conservative","isPartOf":{"@id":"https:\/\/www.theconservative.online\/fr#website"},"primaryImageOfPage":{"@id":"https:\/\/www.theconservative.online\/fr\/la-roumanie-vient-de-mettre-bruxelles-au-pied-du-mur-et-lhypocrisie-de-lusr-est-le-veritable-enjeu#primaryimage"},"image":{"@id":"https:\/\/www.theconservative.online\/fr\/la-roumanie-vient-de-mettre-bruxelles-au-pied-du-mur-et-lhypocrisie-de-lusr-est-le-veritable-enjeu#primaryimage"},"thumbnailUrl":"https:\/\/www.theconservative.online\/wp-content\/uploads\/2026\/08\/EUROParliament.jpg","datePublished":"2026-08-27T14:34:32+00:00","author":{"@id":"https:\/\/www.theconservative.online\/fr#\/schema\/person\/a058eee3b153ac2215cf616d9795653b"},"breadcrumb":{"@id":"https:\/\/www.theconservative.online\/fr\/la-roumanie-vient-de-mettre-bruxelles-au-pied-du-mur-et-lhypocrisie-de-lusr-est-le-veritable-enjeu#breadcrumb"},"inLanguage":"fr-FR","potentialAction":[{"@type":"ReadAction","target":["https:\/\/www.theconservative.online\/fr\/la-roumanie-vient-de-mettre-bruxelles-au-pied-du-mur-et-lhypocrisie-de-lusr-est-le-veritable-enjeu"]}]},{"@type":"ImageObject","inLanguage":"fr-FR","@id":"https:\/\/www.theconservative.online\/fr\/la-roumanie-vient-de-mettre-bruxelles-au-pied-du-mur-et-lhypocrisie-de-lusr-est-le-veritable-enjeu#primaryimage","url":"https:\/\/www.theconservative.online\/wp-content\/uploads\/2026\/08\/EUROParliament.jpg","contentUrl":"https:\/\/www.theconservative.online\/wp-content\/uploads\/2026\/08\/EUROParliament.jpg","width":1168,"height":784,"caption":"Signature: ZQy8xm1QBYQSFqF2758n0Smv\/aWGpQnFnVW29d5QxWS7TC8n30w7E3Btp4yrL9CMqScD0WcYrIJI7LUqggxaG9OUC9JqeDf9Ou+x9iUzh7MqMXZYfzDvTjVnPrdzSSWhOFKX9aM\/Rsf5HuhFn5c2IlZZvBkswNq7dNSoqLiHL0o1tvJkqfZa+yJoY2UgOXSFpzL5uNT9Vna+pk0SRE6j\/v\/KDcWaveOD4Y7Fj568iaR0npSHqxnsGCQW0q7oQROoIAVhH+GLB9F+PMrCyVmxZdKU2nf+gSnAAyyLVhY7of+A+Zjx1FVwx81ECJ6\/QtZuMi1a1Ab7kVr\/JcOfKxuJOA=="},{"@type":"BreadcrumbList","@id":"https:\/\/www.theconservative.online\/fr\/la-roumanie-vient-de-mettre-bruxelles-au-pied-du-mur-et-lhypocrisie-de-lusr-est-le-veritable-enjeu#breadcrumb","itemListElement":[{"@type":"ListItem","position":1,"name":"Home","item":"https:\/\/www.theconservative.online\/fr\/home"},{"@type":"ListItem","position":2,"name":"La Roumanie vient de mettre Bruxelles au pied du mur, et l&#8217;hypocrisie de l&#8217;USR est le v\u00e9ritable enjeu"}]},{"@type":"WebSite","@id":"https:\/\/www.theconservative.online\/fr#website","url":"https:\/\/www.theconservative.online\/fr","name":"The Conservative","description":"","potentialAction":[{"@type":"SearchAction","target":{"@type":"EntryPoint","urlTemplate":"https:\/\/www.theconservative.online\/fr?s={search_term_string}"},"query-input":{"@type":"PropertyValueSpecification","valueRequired":true,"valueName":"search_term_string"}}],"inLanguage":"fr-FR"},{"@type":"Person","@id":"https:\/\/www.theconservative.online\/fr#\/schema\/person\/a058eee3b153ac2215cf616d9795653b","name":"Iosefina Pascal","image":{"@type":"ImageObject","inLanguage":"fr-FR","@id":"https:\/\/secure.gravatar.com\/avatar\/b6c6576a2be336212e2c44862e76e71f326a3e912cd8ca0a6856a38198536fd3?s=96&d=mm&r=g","url":"https:\/\/secure.gravatar.com\/avatar\/b6c6576a2be336212e2c44862e76e71f326a3e912cd8ca0a6856a38198536fd3?s=96&d=mm&r=g","contentUrl":"https:\/\/secure.gravatar.com\/avatar\/b6c6576a2be336212e2c44862e76e71f326a3e912cd8ca0a6856a38198536fd3?s=96&d=mm&r=g","caption":"Iosefina Pascal"},"url":"https:\/\/www.theconservative.online\/fr\/author\/pascal-eunat-2025-26"}]}},"acf":[],"_links":{"self":[{"href":"https:\/\/www.theconservative.online\/fr\/wp-json\/wp\/v2\/posts\/62944","targetHints":{"allow":["GET"]}}],"collection":[{"href":"https:\/\/www.theconservative.online\/fr\/wp-json\/wp\/v2\/posts"}],"about":[{"href":"https:\/\/www.theconservative.online\/fr\/wp-json\/wp\/v2\/types\/post"}],"author":[{"embeddable":true,"href":"https:\/\/www.theconservative.online\/fr\/wp-json\/wp\/v2\/users\/79"}],"replies":[{"embeddable":true,"href":"https:\/\/www.theconservative.online\/fr\/wp-json\/wp\/v2\/comments?post=62944"}],"version-history":[{"count":0,"href":"https:\/\/www.theconservative.online\/fr\/wp-json\/wp\/v2\/posts\/62944\/revisions"}],"wp:featuredmedia":[{"embeddable":true,"href":"https:\/\/www.theconservative.online\/fr\/wp-json\/wp\/v2\/media\/62546"}],"wp:attachment":[{"href":"https:\/\/www.theconservative.online\/fr\/wp-json\/wp\/v2\/media?parent=62944"}],"wp:term":[{"taxonomy":"category","embeddable":true,"href":"https:\/\/www.theconservative.online\/fr\/wp-json\/wp\/v2\/categories?post=62944"},{"taxonomy":"post_tag","embeddable":true,"href":"https:\/\/www.theconservative.online\/fr\/wp-json\/wp\/v2\/tags?post=62944"},{"taxonomy":"editorial-positions","embeddable":true,"href":"https:\/\/www.theconservative.online\/fr\/wp-json\/wp\/v2\/editorial-positions?post=62944"},{"taxonomy":"regions","embeddable":true,"href":"https:\/\/www.theconservative.online\/fr\/wp-json\/wp\/v2\/regions?post=62944"},{"taxonomy":"types","embeddable":true,"href":"https:\/\/www.theconservative.online\/fr\/wp-json\/wp\/v2\/types?post=62944"}],"curies":[{"name":"wp","href":"https:\/\/api.w.org\/{rel}","templated":true}]}}