{"id":62947,"date":"2026-08-29T13:21:29","date_gmt":"2026-08-29T13:21:29","guid":{"rendered":"https:\/\/www.theconservative.online\/lislande-se-prononce-sur-la-reprise-de-son-processus-dadhesion-a-lunion-europeenne"},"modified":"2026-08-29T13:21:29","modified_gmt":"2026-08-29T13:21:29","slug":"lislande-se-prononce-sur-la-reprise-de-son-processus-dadhesion-a-lunion-europeenne","status":"publish","type":"post","link":"https:\/\/www.theconservative.online\/fr\/lislande-se-prononce-sur-la-reprise-de-son-processus-dadhesion-a-lunion-europeenne","title":{"rendered":"L&rsquo;Islande se prononce sur la reprise de son processus d&rsquo;adh\u00e9sion \u00e0 l&rsquo;Union europ\u00e9enne"},"content":{"rendered":"<h2>Un r\u00e9f\u00e9rendum tr\u00e8s serr\u00e9 place les inqui\u00e9tudes \u00e9conomiques, les droits de p\u00eache et la s\u00e9curit\u00e9 dans l\u2019Arctique au c\u0153ur d\u2019un d\u00e9bat susceptible de red\u00e9finir les relations entre Reykjav\u00edk et Bruxelles<\/h2>\n<p>Les Islandais se prononcent sur la question de savoir si leur pays doit reprendre les n\u00e9gociations d\u2019adh\u00e9sion \u00e0 l\u2019Union europ\u00e9enne, relan\u00e7ant ainsi un d\u00e9bat politique rest\u00e9 en suspens depuis plus d\u2019une d\u00e9cennie. Le r\u00e9f\u00e9rendum ne demande pas aux \u00e9lecteurs d\u2019approuver l\u2019adh\u00e9sion \u00e0 l\u2019UE en soi. Il s\u2019agit plut\u00f4t de d\u00e9terminer si Reykjav\u00edk doit reprendre les n\u00e9gociations suspendues en 2013.<\/p>\n<p>Bien que ce scrutin soit officiellement consultatif, le gouvernement s&rsquo;est engag\u00e9 \u00e0 respecter son r\u00e9sultat. Une victoire du \u00ab oui \u00bb entra\u00eenerait donc la reprise des n\u00e9gociations avec Bruxelles. Tout accord \u00e9ventuellement conclu devrait ensuite \u00eatre soumis aux Islandais lors d&rsquo;un deuxi\u00e8me r\u00e9f\u00e9rendum avant que le pays ne puisse adh\u00e9rer \u00e0 l&rsquo;Union.<\/p><div class='related_content'><span>RELATED<\/span><ul><li><a href='https:\/\/www.theconservative.online\/fr\/le-non-islandais-et-leurope-des-nations'>Le \u00ab non \u00bb islandais et l&rsquo;Europe des nations<\/li><\/a><li><a href='https:\/\/www.theconservative.online\/fr\/quelques-reflexions-a-la-suite-du-discours-du-commissaire-charge-de-lelargissement-a-zagreb'>Quelques r\u00e9flexions \u00e0 la suite du discours du commissaire charg\u00e9 de l&rsquo;\u00e9largissement \u00e0 Zagreb<\/li><\/a><li><a href='https:\/\/www.theconservative.online\/fr\/une-droite-unie-doit-mettre-en-avant-ses-divergences-internes'>Une droite unie doit mettre en avant ses divergences internes<\/li><\/a><\/ul><\/div>\n<p>L&rsquo;issue est tr\u00e8s incertaine. Deux derniers sondages d&rsquo;opinion pla\u00e7aient les camps oppos\u00e9s dans la marge d&rsquo;erreur. Mask\u00edna estimait \u00e0 50,4 % le soutien en faveur d&rsquo;une reprise des n\u00e9gociations, tandis que Gallup donnait un l\u00e9ger avantage au \u00ab non \u00bb, avec 51,6 %.<\/p>\n<p>Environ 270 000 personnes sont autoris\u00e9es \u00e0 voter. Les bureaux de vote ont ouvert \u00e0 9 h, heure locale, et doivent fermer \u00e0 22 h. Le vote anticip\u00e9 a connu une affluence inhabituelle : \u00e0 midi, la veille du r\u00e9f\u00e9rendum, 56 774 bulletins avaient d\u00e9j\u00e0 \u00e9t\u00e9 d\u00e9pos\u00e9s, dont environ 17 000 provenant de l&rsquo;\u00e9tranger. La r\u00e9gion de la capitale a enregistr\u00e9 son taux de participation anticip\u00e9e le plus \u00e9lev\u00e9 \u00e0 ce jour.<\/p>\n<p>Le d\u00e9pouillement d\u00e9butera d\u00e8s la fermeture des bureaux de vote, les premiers r\u00e9sultats partiels \u00e9tant attendus dans la circonscription du sud. Aucun sondage \u00e0 la sortie des urnes \u00e0 l&rsquo;\u00e9chelle nationale n&rsquo;a \u00e9t\u00e9 annonc\u00e9.<\/p>\n<p>Derri\u00e8re ce scrutin serr\u00e9 se cache un d\u00e9bat sur la mani\u00e8re dont l\u2019Islande devrait pr\u00e9server \u00e0 la fois sa prosp\u00e9rit\u00e9 et son ind\u00e9pendance. Le pays est d\u00e9j\u00e0 \u00e9troitement li\u00e9 \u00e0 l\u2019UE par le biais de l\u2019Espace \u00e9conomique europ\u00e9en, de l\u2019espace Schengen et de l\u2019Association europ\u00e9enne de libre-\u00e9change. Il participe au march\u00e9 unique et applique une part importante de la l\u00e9gislation europ\u00e9enne, bien qu\u2019il n\u2019ait qu\u2019une influence limit\u00e9e sur l\u2019\u00e9laboration de ces r\u00e8gles.<\/p>\n<p>Les partisans d&rsquo;une reprise des n\u00e9gociations font valoir que l&rsquo;Islande devrait obtenir une place \u00e0 la table des n\u00e9gociations si elle est d\u00e9j\u00e0 tenue de mettre en \u0153uvre de nombreuses d\u00e9cisions de l&rsquo;Union europ\u00e9enne. Les opposants estiment que l&rsquo;accord actuel est pr\u00e9f\u00e9rable, car il combine l&rsquo;acc\u00e8s aux march\u00e9s europ\u00e9ens avec une plus grande autonomie nationale.<\/p>\n<p>Aucun sujet n\u2019illustre mieux cette pr\u00e9occupation que la p\u00eache. Les ressources marines sont au c\u0153ur de l\u2019\u00e9conomie et de l\u2019identit\u00e9 nationale de l\u2019Islande. Une adh\u00e9sion \u00e0 part enti\u00e8re n\u00e9cessiterait des n\u00e9gociations sur la politique commune de la p\u00eache de l\u2019UE, notamment sur les questions des quotas et de l\u2019acc\u00e8s aux eaux islandaises. Les d\u00e9tracteurs craignent que les d\u00e9cisions prises aujourd\u2019hui \u00e0 Reykjav\u00edk ne fassent l\u2019objet de compromis \u00e0 Bruxelles.<\/p>\n<p>La p\u00eache a \u00e9galement constitu\u00e9 l&rsquo;aspect le plus difficile du pr\u00e9c\u00e9dent processus d&rsquo;adh\u00e9sion. L\u2019Islande a d\u00e9pos\u00e9 sa candidature \u00e0 l\u2019adh\u00e9sion en 2009, apr\u00e8s qu\u2019un effondrement financier eut d\u00e9vast\u00e9 son syst\u00e8me bancaire et \u00e9branl\u00e9 la confiance dans la monnaie nationale. Au moment o\u00f9 les n\u00e9gociations ont \u00e9t\u00e9 suspendues quatre ans plus tard, 27 chapitres politiques avaient \u00e9t\u00e9 ouverts et 11 provisoirement cl\u00f4tur\u00e9s, mais le chapitre consacr\u00e9 \u00e0 la p\u00eache restait en suspens.<\/p>\n<p>Les pressions \u00e9conomiques ont d\u00e9sormais remis la question europ\u00e9enne au premier plan. L\u2019inflation, le co\u00fbt \u00e9lev\u00e9 des cr\u00e9dits immobiliers et un taux d\u2019int\u00e9r\u00eat de 8 % fix\u00e9 par la banque centrale islandaise ont renforc\u00e9 les arguments en faveur d\u2019une int\u00e9gration plus \u00e9troite. \u00c0 titre de comparaison, le taux de la Banque centrale europ\u00e9enne s\u2019\u00e9l\u00e8ve \u00e0 2,25 %. Les partisans de l\u2019Europe pr\u00e9sentent l\u2019adoption \u00e9ventuelle de l\u2019euro comme une source potentielle de stabilit\u00e9. Leurs opposants avertissent que l\u2019abandon de la couronne islandaise priverait le pays d\u2019un outil pr\u00e9cieux pour r\u00e9pondre aux besoins sp\u00e9cifiques de la petite \u00e9conomie islandaise.<\/p>\n<p>Le contexte g\u00e9opolitique a \u00e9galement connu des changements radicaux depuis 2013. L\u2019invasion de l\u2019Ukraine par la Russie, l\u2019intensification de la concurrence dans l\u2019Arctique et les incertitudes quant \u00e0 la politique am\u00e9ricaine \u00e0 long terme ont renforc\u00e9 l\u2019importance strat\u00e9gique de l\u2019Islande. L\u2019\u00eele se situe entre l\u2019Europe, le Groenland et l\u2019Am\u00e9rique du Nord, \u00e0 proximit\u00e9 du d\u00e9troit de GIUK, un corridor vital de l\u2019Atlantique Nord pour la s\u00e9curit\u00e9 militaire et maritime.<\/p>\n<p>L\u2019Islande, membre fondateur de l\u2019OTAN, a r\u00e9cemment renforc\u00e9 sa coop\u00e9ration en mati\u00e8re de s\u00e9curit\u00e9 avec l\u2019UE dans le cadre d\u2019un partenariat portant sur l\u2019Arctique, les infrastructures critiques, les affaires maritimes et les cybermenaces. L&rsquo;adh\u00e9sion de l&rsquo;Islande aurait donc une port\u00e9e qui d\u00e9passerait sa population d&rsquo;environ 400 000 habitants : elle renforcerait la pr\u00e9sence politique de l&rsquo;UE dans une r\u00e9gion qui suscite un int\u00e9r\u00eat croissant de la part de la Russie, de la Chine et des \u00c9tats-Unis.<\/p>\n<p>Si les \u00e9lecteurs approuvent la reprise des pourparlers, le minist\u00e8re islandais des Affaires \u00e9trang\u00e8res estime que les n\u00e9gociations pourraient d\u00e9buter avant la fin de l\u2019ann\u00e9e et durer entre 18 et 24 mois. Toutefois, m\u00eame dans ce cas, la question de l\u2019adh\u00e9sion resterait en suspens. Le r\u00e9f\u00e9rendum peut rouvrir la porte vers l\u2019Europe, mais il appartiendrait encore aux Islandais de d\u00e9cider s\u2019ils souhaitent la franchir.<\/p>\n<p>&nbsp;<\/p>\n<h4>Alessandro Fiorentino<\/h4>\n<\/p>","protected":false},"excerpt":{"rendered":"<p>Un r\u00e9f\u00e9rendum tr\u00e8s serr\u00e9 place les inqui\u00e9tudes \u00e9conomiques, les droits de p\u00eache et la s\u00e9curit\u00e9 dans l\u2019Arctique au c\u0153ur d\u2019un d\u00e9bat susceptible de red\u00e9finir les relations entre Reykjav\u00edk et Bruxelles Les Islandais se prononcent sur la question de savoir si leur pays doit reprendre les n\u00e9gociations d\u2019adh\u00e9sion \u00e0 l\u2019Union europ\u00e9enne, relan\u00e7ant ainsi un d\u00e9bat politique [&hellip;]<\/p>\n","protected":false},"author":75,"featured_media":62709,"comment_status":"closed","ping_status":"closed","sticky":false,"template":"","format":"standard","meta":{"footnotes":""},"categories":[2557,2550,2533,2544,2548,2575,2553,2549,2547],"tags":[3477,3474,3475,3476,1000,302,250,237,300,215,247,270,268,283,316,599,72,503,243,146,1864,214,554,252,282],"editorial-positions":[],"regions":[2561,2562,2563,2564,2567],"types":[2569,2570],"class_list":["post-62947","post","type-post","status-publish","format-standard","has-post-thumbnail","hentry","category-commerce-et-economie","category-construire-une-europe-conservatrice","category-culture-fr","category-energie-fr","category-juridique","category-le-monde","category-notre-avenir-avec-lotan","category-politique","category-sante","tag-icelanders","tag-islanda","tag-votes","tag-voti","tag-conservatism","tag-conservative","tag-economy","tag-energy","tag-environment","tag-eu","tag-eu-council","tag-europa","tag-europe","tag-european-commission","tag-european-parliament","tag-european-union","tag-iceland","tag-immigration","tag-nato","tag-politics","tag-referendum","tag-russia","tag-sweden","tag-technology","tag-ursula-von-der-leyen","regions-central-europe-fr","regions-eastern-europe-fr","regions-northern-europe-fr","regions-southern-europe-fr","regions-western-europe-fr","types-news-fr","types-opinion-fr"],"yoast_head":"<!-- This site is optimized with the Yoast SEO plugin v28.0 - https:\/\/yoast.com\/product\/yoast-seo-wordpress\/ -->\n<title>L&#039;Islande se prononce sur la reprise de son processus d&#039;adh\u00e9sion \u00e0 l&#039;Union europ\u00e9enne - The Conservative<\/title>\n<meta name=\"robots\" content=\"index, follow, max-snippet:-1, max-image-preview:large, max-video-preview:-1\" \/>\n<link rel=\"canonical\" href=\"https:\/\/www.theconservative.online\/fr\/lislande-se-prononce-sur-la-reprise-de-son-processus-dadhesion-a-lunion-europeenne\" \/>\n<meta property=\"og:locale\" content=\"fr_FR\" \/>\n<meta property=\"og:type\" content=\"article\" \/>\n<meta property=\"og:title\" content=\"L&#039;Islande se prononce sur la reprise de son processus d&#039;adh\u00e9sion \u00e0 l&#039;Union europ\u00e9enne - The Conservative\" \/>\n<meta property=\"og:description\" content=\"Un r\u00e9f\u00e9rendum tr\u00e8s serr\u00e9 place les inqui\u00e9tudes \u00e9conomiques, les droits de p\u00eache et la s\u00e9curit\u00e9 dans l\u2019Arctique au c\u0153ur d\u2019un d\u00e9bat susceptible de red\u00e9finir les relations entre Reykjav\u00edk et Bruxelles Les Islandais se prononcent sur la question de savoir si leur pays doit reprendre les n\u00e9gociations d\u2019adh\u00e9sion \u00e0 l\u2019Union europ\u00e9enne, relan\u00e7ant ainsi un d\u00e9bat politique [&hellip;]\" \/>\n<meta property=\"og:url\" content=\"https:\/\/www.theconservative.online\/fr\/lislande-se-prononce-sur-la-reprise-de-son-processus-dadhesion-a-lunion-europeenne\" \/>\n<meta property=\"og:site_name\" content=\"The Conservative\" \/>\n<meta property=\"article:published_time\" content=\"2026-08-29T13:21:29+00:00\" \/>\n<meta property=\"og:image\" content=\"https:\/\/www.theconservative.online\/wp-content\/uploads\/2026\/08\/iceland-eu-referendum-cover-16x9-1.png\" \/>\n\t<meta property=\"og:image:width\" content=\"1115\" \/>\n\t<meta property=\"og:image:height\" content=\"627\" \/>\n\t<meta property=\"og:image:type\" content=\"image\/png\" \/>\n<meta name=\"author\" content=\"Gianluca Guarino\" \/>\n<meta name=\"twitter:card\" content=\"summary_large_image\" \/>\n<meta name=\"twitter:label1\" content=\"\u00c9crit par\" \/>\n\t<meta name=\"twitter:data1\" content=\"Gianluca Guarino\" \/>\n\t<meta name=\"twitter:label2\" content=\"Dur\u00e9e de lecture estim\u00e9e\" \/>\n\t<meta name=\"twitter:data2\" content=\"5 minutes\" \/>\n<script type=\"application\/ld+json\" class=\"yoast-schema-graph\">{\"@context\":\"https:\\\/\\\/schema.org\",\"@graph\":[{\"@type\":\"Article\",\"@id\":\"https:\\\/\\\/www.theconservative.online\\\/fr\\\/lislande-se-prononce-sur-la-reprise-de-son-processus-dadhesion-a-lunion-europeenne#article\",\"isPartOf\":{\"@id\":\"https:\\\/\\\/www.theconservative.online\\\/fr\\\/lislande-se-prononce-sur-la-reprise-de-son-processus-dadhesion-a-lunion-europeenne\"},\"author\":{\"name\":\"Gianluca Guarino\",\"@id\":\"https:\\\/\\\/www.theconservative.online\\\/fr#\\\/schema\\\/person\\\/46c9b8a1ba7a0e0b73f01e5e8593e28a\"},\"headline\":\"L&rsquo;Islande se prononce sur la reprise de son processus d&rsquo;adh\u00e9sion \u00e0 l&rsquo;Union europ\u00e9enne\",\"datePublished\":\"2026-08-29T13:21:29+00:00\",\"mainEntityOfPage\":{\"@id\":\"https:\\\/\\\/www.theconservative.online\\\/fr\\\/lislande-se-prononce-sur-la-reprise-de-son-processus-dadhesion-a-lunion-europeenne\"},\"wordCount\":1042,\"image\":{\"@id\":\"https:\\\/\\\/www.theconservative.online\\\/fr\\\/lislande-se-prononce-sur-la-reprise-de-son-processus-dadhesion-a-lunion-europeenne#primaryimage\"},\"thumbnailUrl\":\"https:\\\/\\\/www.theconservative.online\\\/wp-content\\\/uploads\\\/2026\\\/08\\\/iceland-eu-referendum-cover-16x9-1.png\",\"keywords\":[\"#icelanders\",\"#islanda\",\"#votes\",\"#voti\",\"Conservatism\",\"conservative\",\"Economy\",\"energy\",\"environment\",\"EU\",\"EU Council\",\"europa\",\"europe\",\"European Commission\",\"European Parliament\",\"European Union\",\"Iceland\",\"immigration\",\"NATO\",\"Politics\",\"referendum\",\"Russia\",\"Sweden\",\"technology\",\"Ursula von der Leyen\"],\"articleSection\":[\"Commerce et \u00e9conomie\",\"Construire une Europe conservatrice\",\"Culture\",\"\u00c9nergie\",\"Juridique\",\"Le monde\",\"Notre avenir avec l&#039;OTAN\",\"Politique\",\"Sant\u00e9\"],\"inLanguage\":\"fr-FR\"},{\"@type\":\"WebPage\",\"@id\":\"https:\\\/\\\/www.theconservative.online\\\/fr\\\/lislande-se-prononce-sur-la-reprise-de-son-processus-dadhesion-a-lunion-europeenne\",\"url\":\"https:\\\/\\\/www.theconservative.online\\\/fr\\\/lislande-se-prononce-sur-la-reprise-de-son-processus-dadhesion-a-lunion-europeenne\",\"name\":\"L'Islande se prononce sur la reprise de son processus d'adh\u00e9sion \u00e0 l'Union europ\u00e9enne - The Conservative\",\"isPartOf\":{\"@id\":\"https:\\\/\\\/www.theconservative.online\\\/fr#website\"},\"primaryImageOfPage\":{\"@id\":\"https:\\\/\\\/www.theconservative.online\\\/fr\\\/lislande-se-prononce-sur-la-reprise-de-son-processus-dadhesion-a-lunion-europeenne#primaryimage\"},\"image\":{\"@id\":\"https:\\\/\\\/www.theconservative.online\\\/fr\\\/lislande-se-prononce-sur-la-reprise-de-son-processus-dadhesion-a-lunion-europeenne#primaryimage\"},\"thumbnailUrl\":\"https:\\\/\\\/www.theconservative.online\\\/wp-content\\\/uploads\\\/2026\\\/08\\\/iceland-eu-referendum-cover-16x9-1.png\",\"datePublished\":\"2026-08-29T13:21:29+00:00\",\"author\":{\"@id\":\"https:\\\/\\\/www.theconservative.online\\\/fr#\\\/schema\\\/person\\\/46c9b8a1ba7a0e0b73f01e5e8593e28a\"},\"breadcrumb\":{\"@id\":\"https:\\\/\\\/www.theconservative.online\\\/fr\\\/lislande-se-prononce-sur-la-reprise-de-son-processus-dadhesion-a-lunion-europeenne#breadcrumb\"},\"inLanguage\":\"fr-FR\",\"potentialAction\":[{\"@type\":\"ReadAction\",\"target\":[\"https:\\\/\\\/www.theconservative.online\\\/fr\\\/lislande-se-prononce-sur-la-reprise-de-son-processus-dadhesion-a-lunion-europeenne\"]}]},{\"@type\":\"ImageObject\",\"inLanguage\":\"fr-FR\",\"@id\":\"https:\\\/\\\/www.theconservative.online\\\/fr\\\/lislande-se-prononce-sur-la-reprise-de-son-processus-dadhesion-a-lunion-europeenne#primaryimage\",\"url\":\"https:\\\/\\\/www.theconservative.online\\\/wp-content\\\/uploads\\\/2026\\\/08\\\/iceland-eu-referendum-cover-16x9-1.png\",\"contentUrl\":\"https:\\\/\\\/www.theconservative.online\\\/wp-content\\\/uploads\\\/2026\\\/08\\\/iceland-eu-referendum-cover-16x9-1.png\",\"width\":1115,\"height\":627},{\"@type\":\"BreadcrumbList\",\"@id\":\"https:\\\/\\\/www.theconservative.online\\\/fr\\\/lislande-se-prononce-sur-la-reprise-de-son-processus-dadhesion-a-lunion-europeenne#breadcrumb\",\"itemListElement\":[{\"@type\":\"ListItem\",\"position\":1,\"name\":\"Home\",\"item\":\"https:\\\/\\\/www.theconservative.online\\\/fr\\\/home\"},{\"@type\":\"ListItem\",\"position\":2,\"name\":\"L&#8217;Islande se prononce sur la reprise de son processus d&#8217;adh\u00e9sion \u00e0 l&#8217;Union europ\u00e9enne\"}]},{\"@type\":\"WebSite\",\"@id\":\"https:\\\/\\\/www.theconservative.online\\\/fr#website\",\"url\":\"https:\\\/\\\/www.theconservative.online\\\/fr\",\"name\":\"The Conservative\",\"description\":\"\",\"potentialAction\":[{\"@type\":\"SearchAction\",\"target\":{\"@type\":\"EntryPoint\",\"urlTemplate\":\"https:\\\/\\\/www.theconservative.online\\\/fr?s={search_term_string}\"},\"query-input\":{\"@type\":\"PropertyValueSpecification\",\"valueRequired\":true,\"valueName\":\"search_term_string\"}}],\"inLanguage\":\"fr-FR\"},{\"@type\":\"Person\",\"@id\":\"https:\\\/\\\/www.theconservative.online\\\/fr#\\\/schema\\\/person\\\/46c9b8a1ba7a0e0b73f01e5e8593e28a\",\"name\":\"Gianluca Guarino\",\"image\":{\"@type\":\"ImageObject\",\"inLanguage\":\"fr-FR\",\"@id\":\"https:\\\/\\\/secure.gravatar.com\\\/avatar\\\/01905945d0032a29ec00293c7d34262b190a51fcaa4b6e91fa605759ef37929e?s=96&d=mm&r=g\",\"url\":\"https:\\\/\\\/secure.gravatar.com\\\/avatar\\\/01905945d0032a29ec00293c7d34262b190a51fcaa4b6e91fa605759ef37929e?s=96&d=mm&r=g\",\"contentUrl\":\"https:\\\/\\\/secure.gravatar.com\\\/avatar\\\/01905945d0032a29ec00293c7d34262b190a51fcaa4b6e91fa605759ef37929e?s=96&d=mm&r=g\",\"caption\":\"Gianluca Guarino\"},\"url\":\"https:\\\/\\\/www.theconservative.online\\\/fr\\\/author\\\/worklab-euaff-2025-26\"}]}<\/script>\n<!-- \/ Yoast SEO plugin. -->","yoast_head_json":{"title":"L'Islande se prononce sur la reprise de son processus d'adh\u00e9sion \u00e0 l'Union europ\u00e9enne - The Conservative","robots":{"index":"index","follow":"follow","max-snippet":"max-snippet:-1","max-image-preview":"max-image-preview:large","max-video-preview":"max-video-preview:-1"},"canonical":"https:\/\/www.theconservative.online\/fr\/lislande-se-prononce-sur-la-reprise-de-son-processus-dadhesion-a-lunion-europeenne","og_locale":"fr_FR","og_type":"article","og_title":"L'Islande se prononce sur la reprise de son processus d'adh\u00e9sion \u00e0 l'Union europ\u00e9enne - The Conservative","og_description":"Un r\u00e9f\u00e9rendum tr\u00e8s serr\u00e9 place les inqui\u00e9tudes \u00e9conomiques, les droits de p\u00eache et la s\u00e9curit\u00e9 dans l\u2019Arctique au c\u0153ur d\u2019un d\u00e9bat susceptible de red\u00e9finir les relations entre Reykjav\u00edk et Bruxelles Les Islandais se prononcent sur la question de savoir si leur pays doit reprendre les n\u00e9gociations d\u2019adh\u00e9sion \u00e0 l\u2019Union europ\u00e9enne, relan\u00e7ant ainsi un d\u00e9bat politique [&hellip;]","og_url":"https:\/\/www.theconservative.online\/fr\/lislande-se-prononce-sur-la-reprise-de-son-processus-dadhesion-a-lunion-europeenne","og_site_name":"The Conservative","article_published_time":"2026-08-29T13:21:29+00:00","og_image":[{"width":1115,"height":627,"url":"https:\/\/www.theconservative.online\/wp-content\/uploads\/2026\/08\/iceland-eu-referendum-cover-16x9-1.png","type":"image\/png"}],"author":"Gianluca Guarino","twitter_card":"summary_large_image","twitter_misc":{"\u00c9crit par":"Gianluca Guarino","Dur\u00e9e de lecture estim\u00e9e":"5 minutes"},"schema":{"@context":"https:\/\/schema.org","@graph":[{"@type":"Article","@id":"https:\/\/www.theconservative.online\/fr\/lislande-se-prononce-sur-la-reprise-de-son-processus-dadhesion-a-lunion-europeenne#article","isPartOf":{"@id":"https:\/\/www.theconservative.online\/fr\/lislande-se-prononce-sur-la-reprise-de-son-processus-dadhesion-a-lunion-europeenne"},"author":{"name":"Gianluca Guarino","@id":"https:\/\/www.theconservative.online\/fr#\/schema\/person\/46c9b8a1ba7a0e0b73f01e5e8593e28a"},"headline":"L&rsquo;Islande se prononce sur la reprise de son processus d&rsquo;adh\u00e9sion \u00e0 l&rsquo;Union europ\u00e9enne","datePublished":"2026-08-29T13:21:29+00:00","mainEntityOfPage":{"@id":"https:\/\/www.theconservative.online\/fr\/lislande-se-prononce-sur-la-reprise-de-son-processus-dadhesion-a-lunion-europeenne"},"wordCount":1042,"image":{"@id":"https:\/\/www.theconservative.online\/fr\/lislande-se-prononce-sur-la-reprise-de-son-processus-dadhesion-a-lunion-europeenne#primaryimage"},"thumbnailUrl":"https:\/\/www.theconservative.online\/wp-content\/uploads\/2026\/08\/iceland-eu-referendum-cover-16x9-1.png","keywords":["#icelanders","#islanda","#votes","#voti","Conservatism","conservative","Economy","energy","environment","EU","EU Council","europa","europe","European Commission","European Parliament","European Union","Iceland","immigration","NATO","Politics","referendum","Russia","Sweden","technology","Ursula von der Leyen"],"articleSection":["Commerce et \u00e9conomie","Construire une Europe conservatrice","Culture","\u00c9nergie","Juridique","Le monde","Notre avenir avec l&#039;OTAN","Politique","Sant\u00e9"],"inLanguage":"fr-FR"},{"@type":"WebPage","@id":"https:\/\/www.theconservative.online\/fr\/lislande-se-prononce-sur-la-reprise-de-son-processus-dadhesion-a-lunion-europeenne","url":"https:\/\/www.theconservative.online\/fr\/lislande-se-prononce-sur-la-reprise-de-son-processus-dadhesion-a-lunion-europeenne","name":"L'Islande se prononce sur la reprise de son processus d'adh\u00e9sion \u00e0 l'Union europ\u00e9enne - The Conservative","isPartOf":{"@id":"https:\/\/www.theconservative.online\/fr#website"},"primaryImageOfPage":{"@id":"https:\/\/www.theconservative.online\/fr\/lislande-se-prononce-sur-la-reprise-de-son-processus-dadhesion-a-lunion-europeenne#primaryimage"},"image":{"@id":"https:\/\/www.theconservative.online\/fr\/lislande-se-prononce-sur-la-reprise-de-son-processus-dadhesion-a-lunion-europeenne#primaryimage"},"thumbnailUrl":"https:\/\/www.theconservative.online\/wp-content\/uploads\/2026\/08\/iceland-eu-referendum-cover-16x9-1.png","datePublished":"2026-08-29T13:21:29+00:00","author":{"@id":"https:\/\/www.theconservative.online\/fr#\/schema\/person\/46c9b8a1ba7a0e0b73f01e5e8593e28a"},"breadcrumb":{"@id":"https:\/\/www.theconservative.online\/fr\/lislande-se-prononce-sur-la-reprise-de-son-processus-dadhesion-a-lunion-europeenne#breadcrumb"},"inLanguage":"fr-FR","potentialAction":[{"@type":"ReadAction","target":["https:\/\/www.theconservative.online\/fr\/lislande-se-prononce-sur-la-reprise-de-son-processus-dadhesion-a-lunion-europeenne"]}]},{"@type":"ImageObject","inLanguage":"fr-FR","@id":"https:\/\/www.theconservative.online\/fr\/lislande-se-prononce-sur-la-reprise-de-son-processus-dadhesion-a-lunion-europeenne#primaryimage","url":"https:\/\/www.theconservative.online\/wp-content\/uploads\/2026\/08\/iceland-eu-referendum-cover-16x9-1.png","contentUrl":"https:\/\/www.theconservative.online\/wp-content\/uploads\/2026\/08\/iceland-eu-referendum-cover-16x9-1.png","width":1115,"height":627},{"@type":"BreadcrumbList","@id":"https:\/\/www.theconservative.online\/fr\/lislande-se-prononce-sur-la-reprise-de-son-processus-dadhesion-a-lunion-europeenne#breadcrumb","itemListElement":[{"@type":"ListItem","position":1,"name":"Home","item":"https:\/\/www.theconservative.online\/fr\/home"},{"@type":"ListItem","position":2,"name":"L&#8217;Islande se prononce sur la reprise de son processus d&#8217;adh\u00e9sion \u00e0 l&#8217;Union europ\u00e9enne"}]},{"@type":"WebSite","@id":"https:\/\/www.theconservative.online\/fr#website","url":"https:\/\/www.theconservative.online\/fr","name":"The Conservative","description":"","potentialAction":[{"@type":"SearchAction","target":{"@type":"EntryPoint","urlTemplate":"https:\/\/www.theconservative.online\/fr?s={search_term_string}"},"query-input":{"@type":"PropertyValueSpecification","valueRequired":true,"valueName":"search_term_string"}}],"inLanguage":"fr-FR"},{"@type":"Person","@id":"https:\/\/www.theconservative.online\/fr#\/schema\/person\/46c9b8a1ba7a0e0b73f01e5e8593e28a","name":"Gianluca Guarino","image":{"@type":"ImageObject","inLanguage":"fr-FR","@id":"https:\/\/secure.gravatar.com\/avatar\/01905945d0032a29ec00293c7d34262b190a51fcaa4b6e91fa605759ef37929e?s=96&d=mm&r=g","url":"https:\/\/secure.gravatar.com\/avatar\/01905945d0032a29ec00293c7d34262b190a51fcaa4b6e91fa605759ef37929e?s=96&d=mm&r=g","contentUrl":"https:\/\/secure.gravatar.com\/avatar\/01905945d0032a29ec00293c7d34262b190a51fcaa4b6e91fa605759ef37929e?s=96&d=mm&r=g","caption":"Gianluca Guarino"},"url":"https:\/\/www.theconservative.online\/fr\/author\/worklab-euaff-2025-26"}]}},"acf":[],"_links":{"self":[{"href":"https:\/\/www.theconservative.online\/fr\/wp-json\/wp\/v2\/posts\/62947","targetHints":{"allow":["GET"]}}],"collection":[{"href":"https:\/\/www.theconservative.online\/fr\/wp-json\/wp\/v2\/posts"}],"about":[{"href":"https:\/\/www.theconservative.online\/fr\/wp-json\/wp\/v2\/types\/post"}],"author":[{"embeddable":true,"href":"https:\/\/www.theconservative.online\/fr\/wp-json\/wp\/v2\/users\/75"}],"replies":[{"embeddable":true,"href":"https:\/\/www.theconservative.online\/fr\/wp-json\/wp\/v2\/comments?post=62947"}],"version-history":[{"count":0,"href":"https:\/\/www.theconservative.online\/fr\/wp-json\/wp\/v2\/posts\/62947\/revisions"}],"wp:featuredmedia":[{"embeddable":true,"href":"https:\/\/www.theconservative.online\/fr\/wp-json\/wp\/v2\/media\/62709"}],"wp:attachment":[{"href":"https:\/\/www.theconservative.online\/fr\/wp-json\/wp\/v2\/media?parent=62947"}],"wp:term":[{"taxonomy":"category","embeddable":true,"href":"https:\/\/www.theconservative.online\/fr\/wp-json\/wp\/v2\/categories?post=62947"},{"taxonomy":"post_tag","embeddable":true,"href":"https:\/\/www.theconservative.online\/fr\/wp-json\/wp\/v2\/tags?post=62947"},{"taxonomy":"editorial-positions","embeddable":true,"href":"https:\/\/www.theconservative.online\/fr\/wp-json\/wp\/v2\/editorial-positions?post=62947"},{"taxonomy":"regions","embeddable":true,"href":"https:\/\/www.theconservative.online\/fr\/wp-json\/wp\/v2\/regions?post=62947"},{"taxonomy":"types","embeddable":true,"href":"https:\/\/www.theconservative.online\/fr\/wp-json\/wp\/v2\/types?post=62947"}],"curies":[{"name":"wp","href":"https:\/\/api.w.org\/{rel}","templated":true}]}}