{"id":62957,"date":"2026-08-27T14:31:16","date_gmt":"2026-08-27T14:31:16","guid":{"rendered":"https:\/\/www.theconservative.online\/partialite-et-manque-de-liberte-le-paysage-mediatique-irlandais-sous-legide-de-letat"},"modified":"2026-08-27T14:31:16","modified_gmt":"2026-08-27T14:31:16","slug":"partialite-et-manque-de-liberte-le-paysage-mediatique-irlandais-sous-legide-de-letat","status":"publish","type":"post","link":"https:\/\/www.theconservative.online\/fr\/partialite-et-manque-de-liberte-le-paysage-mediatique-irlandais-sous-legide-de-letat","title":{"rendered":"Partialit\u00e9 et manque de libert\u00e9 : le paysage m\u00e9diatique irlandais sous l&rsquo;\u00e9gide de l&rsquo;\u00c9tat"},"content":{"rendered":"<p>Le paysage m\u00e9diatique irlandais reste l\u2019un des plus soumis politiquement \u00e0 son gouvernement dans toute l\u2019Europe. Qu\u2019il s\u2019agisse de l\u2019h\u00e9ritage de lois sur la diffamation parmi les plus strictes d\u2019Europe, qui restreignent la libert\u00e9 de publication de la presse irlandaise, ou de l\u2019octroi de subventions gouvernementales permettant de maintenir \u00e0 flot des organes de presse non rentables, les m\u00e9dias irlandais en sont par cons\u00e9quent d\u00e9pourvus d\u2019esprit critique et \u00e0 la solde du pouvoir. Un certain nombre d\u2019autres facteurs, tels que le financement public de la presse, les pr\u00e9jug\u00e9s institutionnels de gauche au sein du secteur et, bien s\u00fbr, le ph\u00e9nom\u00e8ne de la \u00ab porte tournante \u00bb entre le gouvernement et les m\u00e9dias, remettent \u00e9galement s\u00e9rieusement en cause la cr\u00e9dibilit\u00e9 des journaux irlandais.<\/p>\n<p>&nbsp;<\/p>\n<p>Les journaux financ\u00e9s par l&rsquo;\u00c9tat critiqueront ce dernier sur des politiques jug\u00e9es acceptables, en invoquant des motifs que leurs journalistes haut plac\u00e9s ont estim\u00e9s non conflictuels et donc peu susceptibles de mettre en p\u00e9ril leurs subventions gouvernementales. Cependant, de nombreux journaux \u00e9vitent syst\u00e9matiquement d\u2019aborder les crises concr\u00e8tes et profond\u00e9ment impopulaires auxquelles le pays est confront\u00e9, qu\u2019il s\u2019agisse de l\u2019immigration, du logement ou de la politique \u00e9conomique non viable de la nation en mati\u00e8re d\u2019investissements directs \u00e9trangers.<\/p>\n<p>&nbsp;<\/p>\n<p>Non seulement il existe un probl\u00e8me li\u00e9 aux subventions de l\u2019\u00c9tat, mais il y a \u00e9galement un fort parti pris de gauche : la cha\u00eene publique <a href=\"https:\/\/www.rte.ie\/news\/ireland\/2023\/1211\/1421325-report-irish-journalists\/\">RTE<\/a> a rapport\u00e9 en 2023 qu\u2019une majorit\u00e9 des journalistes irlandais interrog\u00e9s par l\u2019universit\u00e9 de Dublin City se d\u00e9claraient de gauche. Ces chiffres indiquent que 61,5 % se d\u00e9clarent de gauche, contre seulement 8,5 % de journalistes de droite. Il existe donc un d\u00e9s\u00e9quilibre structurel dans les angles d\u2019approche politique de nombreux m\u00e9dias irlandais, qui d\u00e9favorise les opinions politiques conservatrices et, dans certains cas, leur est carr\u00e9ment hostile.<\/p>\n<p>&nbsp;<\/p>\n<p>Le ph\u00e9nom\u00e8ne de la \u00ab porte tournante \u00bb entre les administrations publiques et le secteur priv\u00e9 est bien connu et fait l\u2019objet de nombreux d\u00e9bats. En revanche, on pr\u00eate moins attention \u00e0 la transition fr\u00e9quente de journalistes vers des postes au sein du gouvernement. Par exemple, <a href=\"https:\/\/gript.ie\/a-new-government-means-new-government-jobs-for-journalists\/\">l\u2019ann\u00e9e derni\u00e8re<\/a>, Gript Media a rapport\u00e9 que le journaliste Hugh O\u2019Connell avait \u00e9t\u00e9 nomm\u00e9 attach\u00e9 de presse adjoint du gouvernement et \u00e9tait accus\u00e9 par ses d\u00e9tracteurs de faire preuve de partialit\u00e9 en faveur du Fine Gael. Mais l\u2019histoire ne s\u2019arr\u00eate pas l\u00e0 : la personne qu\u2019il a remplac\u00e9e \u00e0 ce poste n\u2019\u00e9tait autre que Chris O\u2019Donohoe, animateur \u00e0 la radio Newstalk. Il n\u2019est certes pas surprenant qu\u2019un attach\u00e9 de presse puisse \u00eatre un ancien journaliste, ces fonctions \u00e9tant bien s\u00fbr li\u00e9es sur le plan op\u00e9rationnel. Mais lorsque l\u2019on examine ce ph\u00e9nom\u00e8ne dans une perspective plus large, une tendance se dessine clairement. Helen McEntee a pr\u00e9c\u00e9demment embauch\u00e9 Fiach Kelly, journaliste \u00e0 l\u2019Irish Times, tandis que Simon Harris a recrut\u00e9 des journalistes de l\u2019Irish Times et de l\u2019Irish Examiner <\/p>\n<p>&nbsp;<\/p>\n<p>Le gouvernement finance et forme des sp\u00e9cialistes de la communication dans le secteur des m\u00e9dias publics, puis les recrute en interne comme conseillers une fois que leur utilit\u00e9 politique a atteint son apog\u00e9e. Prenons par exemple le fait que le ministre Patrick O\u2019Donovan a piqu\u00e9 une crise de col\u00e8re apr\u00e8s avoir estim\u00e9 que les m\u00e9dias avaient rendu compte des manifestations contre la hausse du prix du carburant, en avril dernier, d\u2019une mani\u00e8re partiale \u00e0 l\u2019\u00e9gard du gouvernement.<\/p>\n<p>&nbsp;<\/p>\n<p>Il y a l\u00e0 une contradiction embarrassante que la classe politique irlandaise n&rsquo;admettra jamais. D&rsquo;un c\u00f4t\u00e9, elle vante l&rsquo;importance d&rsquo;une presse libre et les valeurs de la libert\u00e9 d&rsquo;expression, pour ensuite fustiger sans exception tous les organes de presse qui osent la critiquer publiquement. Sans parler du fait qu\u2019avec l\u2019augmentation des d\u00e9penses publiques consacr\u00e9es aux m\u00e9dias d\u2019information, dont le mod\u00e8le \u00e9conomique est de moins en moins rentable, certains journaux sont devenus, dans certains cas, totalement d\u00e9pendants des subventions gouvernementales.<\/p>\n<p>&nbsp;<\/p>\n<p>En effet, le ministre O\u2019Donovan <a href=\"https:\/\/www.ontheditch.com\/patrick-o-donovan-secret-call\/\">aurait<\/a> eu un entretien t\u00e9l\u00e9phonique secret avec l\u2019organisme de censure des m\u00e9dias du gouvernement irlandais, la Coimisiun na Mean, \u00e0 la suite de la couverture par la RTE des manifestations contre la hausse des prix des carburants, dont il n\u2019\u00e9tait pas satisfait. Il lui est \u00e9galement reproch\u00e9 d\u2019avoir demand\u00e9 \u00e0 un responsable de la Coimisiun na Mean d\u2019examiner \u00ab s\u2019il existait dans la l\u00e9gislation un m\u00e9canisme permettant au ministre de demander un examen des \u00e9missions \u00bb relatives \u00e0 ces \u00e9v\u00e9nements.<\/p>\n<p>&nbsp;<\/p>\n<p>Ce genre de comportement devrait para\u00eetre \u00e9trange dans une d\u00e9mocratie occidentale comme l\u2019Irlande, et le ministre a \u00e9t\u00e9 critiqu\u00e9 \u00e0 juste titre pour cela. Mais l\u00e0 encore, ces critiques ont \u00e9t\u00e9 formul\u00e9es de telle mani\u00e8re qu\u2019elles n\u2019ont pas remis en cause le financement public. Les reportages ont couvert le sujet, mais n\u2019ont pas os\u00e9 tirer la conclusion qui s\u2019imposait : que le ministre et ses coll\u00e8gues enfreignaient les conventions fondamentales d\u2019un gouvernement d\u00e9mocratique et transparent. Ces conclusions n\u2019ont jamais \u00e9t\u00e9 formul\u00e9es pour la raison pr\u00e9cise que cela mettrait en p\u00e9ril le financement public des journaux et pourrait peut-\u00eatre nuire aux ambitions professionnelles futures des journalistes irlandais au sein de l\u2019appareil d\u2019\u00c9tat.<\/p>\n<p>&nbsp;<\/p>\n<p>Ce probl\u00e8me est si largement connu qu&rsquo;un repr\u00e9sentant d&rsquo;une station de radio en difficult\u00e9 en Irlande <a href=\"https:\/\/gript.ie\/struggling-radio-outlet-fears-criticising-minister-over-funding\/\">a affirm\u00e9<\/a> que les m\u00e9dias locaux pratiquaient l&rsquo;autocensure afin d&rsquo;\u00e9viter toute perte des subventions publiques indispensables au maintien de la station \u00e0 flot.<\/p>\n<p>&nbsp;<\/p>\n<p>Les commissaires aux m\u00e9dias proposant de plus en plus souvent des sommes se chiffrant en millions chaque ann\u00e9e, la d\u00e9pendance des m\u00e9dias publics vis-\u00e0-vis de l&rsquo;\u00c9tat n&rsquo;a fait que s&rsquo;accentuer, l&rsquo;accent \u00e9tant cette fois mis sur la lutte contre la d\u00e9sinformation.<\/p>\n<p>&nbsp;<\/p>\n<p>Il a \u00e9t\u00e9 <a href=\"https:\/\/gript.ie\/heres-how-much-media-orgs-got-from-coimisiun-na-mean\/\">r\u00e9v\u00e9l\u00e9<\/a> qu\u2019en 2025, l\u2019Irish Independent avait re\u00e7u environ 330 000 euros de la part de Coimisiun na Mean, tandis que le Journal et l\u2019Irish Examiner avaient chacun re\u00e7u environ 130 000 euros. Ces programmes de financement ne concernaient pas uniquement les journaux \u00e0 diffusion nationale, mais \u00e9galement des m\u00e9dias locaux de plus petite envergure tels que le \u00ab Connacht Tribune \u00bb, le \u00ab Mayo News \u00bb, le \u00ab Kerryman \u00bb et le \u00ab Westmeath Examiner \u00bb, ainsi qu\u2019une multitude d\u2019autres m\u00e9dias r\u00e9gionaux d\u2019importance politique. Il convient de souligner l\u2019importance de ces m\u00e9dias pour leur couverture locale dans le contexte \u00e9lectoral irlandais, fortement marqu\u00e9 par le localisme, o\u00f9 une pr\u00e9sence r\u00e9guli\u00e8re dans ces journaux est sans doute plus visible pour les \u00e9lecteurs que l\u2019actualit\u00e9 nationale. Cela revient en effet \u00e0 une forme d\u2019achat d\u2019influence de la part non seulement du gouvernement irlandais, mais aussi d\u2019un certain type de r\u00e9gime politique de gauche se pr\u00e9sentant comme centriste et voix de la raison, malgr\u00e9 le m\u00e9pris croissant du public \u00e0 l\u2019\u00e9gard des partis au pouvoir et de la gauche politique. <\/p>\n<p>Le plus scandaleux, c&rsquo;est que l&rsquo;autorit\u00e9 de r\u00e9gulation des m\u00e9dias et le gouvernement qui l&rsquo;a cr\u00e9\u00e9e n&rsquo;ont m\u00eame pas cherch\u00e9 \u00e0 dissimuler leurs agissements. La Coimisuin na Mean a annonc\u00e9 cette ann\u00e9e qu&rsquo;elle lancerait un appel \u00e0 contributions afin de  <a href=\"https:\/\/www.rte.ie\/news\/business\/2026\/0310\/1562644-media-regulator-offers-funding-to-counter-disinformation\/\">fonds<\/a>  qui visait \u00e0 promouvoir l&rsquo;\u00e9ducation aux m\u00e9dias afin de lutter contre la d\u00e9sinformation en ligne. Une fois de plus, la tendance id\u00e9ologique honteuse du syst\u00e8me politique irlandais est mise en \u00e9vidence, o\u00f9 une presse peu flatteuse ou des reportages allant \u00e0 l\u2019encontre des int\u00e9r\u00eats du gouvernement sont qualifi\u00e9s de d\u00e9sinformation. Pour faire face \u00e0 l\u2019importance croissante de la consommation par le public de tels reportages ou contenus m\u00e9diatiques, ils lancent ouvertement des appels \u00e0 la soumission de projets visant \u00e0 r\u00e9\u00e9duquer le public en lui faisant comprendre que le gouvernement en sait plus que lui.<\/p>\n<p>&nbsp;<\/p>\n<p>C\u2019est pour ces raisons que le paysage m\u00e9diatique irlandais pr\u00e9sente des d\u00e9fauts structurels. D\u2019un c\u00f4t\u00e9, le gouvernement accorde des subventions, et de l\u2019autre, il censure une presse devenue d\u00e9pendante sur le plan financier ou align\u00e9e sur sa ligne id\u00e9ologique. Le sentiment d\u2019arrogance et d\u2019importance que d\u00e9gagent de telles initiatives est sans limite, le d\u00e9bat sur la censure en Irlande \u00e9tant au contraire pr\u00e9sent\u00e9 comme se jouant sur l\u2019autel m\u00eame de la d\u00e9mocratie. L\u2019hypocrisie de ces man\u0153uvres \u00e9chappe \u00e0 la classe politique irlandaise, qui n\u2019a cess\u00e9 de saper l\u2019autorit\u00e9 de nos institutions \u00e9tatiques et de les laisser tomber sous l\u2019emprise de cartels id\u00e9ologiques et sociaux.<\/p>\n<p>&nbsp;<\/p>\n<p>Toute tentative visant \u00e0 r\u00e9former l\u2019administration irlandaise n\u00e9cessitera une refonte totale des relations entre l\u2019\u00c9tat et les m\u00e9dias. Tout financement public destin\u00e9 aux organes de presse doit \u00eatre imm\u00e9diatement suspendu. Les sources d\u2019information ind\u00e9pendantes devraient \u00eatre r\u00e9compens\u00e9es par leur viabilit\u00e9 \u00e9conomique en tant que produit ou service que le public a r\u00e9ellement int\u00e9r\u00eat \u00e0 soutenir. \u00c0 l\u2019\u00e8re du num\u00e9rique, o\u00f9 les r\u00e9seaux sociaux proposent gratuitement ces informations \u00e0 la demande, avec des commentaires souvent plus incisifs que ceux de journaux nationaux controvers\u00e9s tels que l\u2019Irish Times.<\/p>\n","protected":false},"excerpt":{"rendered":"<p>Le paysage m\u00e9diatique irlandais reste l\u2019un des plus soumis politiquement \u00e0 son gouvernement dans toute l\u2019Europe. Qu\u2019il s\u2019agisse de l\u2019h\u00e9ritage de lois sur la diffamation parmi les plus strictes d\u2019Europe, qui restreignent la libert\u00e9 de publication de la presse irlandaise, ou de l\u2019octroi de subventions gouvernementales permettant de maintenir \u00e0 flot des organes de presse [&hellip;]<\/p>\n","protected":false},"author":77,"featured_media":62958,"comment_status":"closed","ping_status":"closed","sticky":false,"template":"","format":"standard","meta":{"footnotes":""},"categories":[2529],"tags":[],"editorial-positions":[],"regions":[],"types":[2570],"class_list":["post-62957","post","type-post","status-publish","format-standard","has-post-thumbnail","hentry","category-non-classifiee","types-opinion-fr"],"yoast_head":"<!-- This site is optimized with the Yoast SEO plugin v28.0 - https:\/\/yoast.com\/product\/yoast-seo-wordpress\/ -->\n<title>Partialit\u00e9 et manque de libert\u00e9 : le paysage m\u00e9diatique irlandais sous l&#039;\u00e9gide de l&#039;\u00c9tat - The Conservative<\/title>\n<meta name=\"robots\" content=\"index, follow, max-snippet:-1, max-image-preview:large, max-video-preview:-1\" \/>\n<link rel=\"canonical\" href=\"https:\/\/www.theconservative.online\/fr\/partialite-et-manque-de-liberte-le-paysage-mediatique-irlandais-sous-legide-de-letat\" \/>\n<meta property=\"og:locale\" content=\"fr_FR\" \/>\n<meta property=\"og:type\" content=\"article\" \/>\n<meta property=\"og:title\" content=\"Partialit\u00e9 et manque de libert\u00e9 : le paysage m\u00e9diatique irlandais sous l&#039;\u00e9gide de l&#039;\u00c9tat - The Conservative\" \/>\n<meta property=\"og:description\" content=\"Le paysage m\u00e9diatique irlandais reste l\u2019un des plus soumis politiquement \u00e0 son gouvernement dans toute l\u2019Europe. Qu\u2019il s\u2019agisse de l\u2019h\u00e9ritage de lois sur la diffamation parmi les plus strictes d\u2019Europe, qui restreignent la libert\u00e9 de publication de la presse irlandaise, ou de l\u2019octroi de subventions gouvernementales permettant de maintenir \u00e0 flot des organes de presse [&hellip;]\" \/>\n<meta property=\"og:url\" content=\"https:\/\/www.theconservative.online\/fr\/partialite-et-manque-de-liberte-le-paysage-mediatique-irlandais-sous-legide-de-letat\" \/>\n<meta property=\"og:site_name\" content=\"The Conservative\" \/>\n<meta property=\"article:published_time\" content=\"2026-08-27T14:31:16+00:00\" \/>\n<meta property=\"og:image\" content=\"https:\/\/www.theconservative.online\/wp-content\/uploads\/2024\/02\/shutterstock_2256586921.jpg\" \/>\n\t<meta property=\"og:image:width\" content=\"1000\" \/>\n\t<meta property=\"og:image:height\" content=\"666\" \/>\n\t<meta property=\"og:image:type\" content=\"image\/jpeg\" \/>\n<meta name=\"author\" content=\"Martin Lynch\" \/>\n<meta name=\"twitter:card\" content=\"summary_large_image\" \/>\n<meta name=\"twitter:label1\" content=\"\u00c9crit par\" \/>\n\t<meta name=\"twitter:data1\" content=\"Martin Lynch\" \/>\n\t<meta name=\"twitter:label2\" content=\"Dur\u00e9e de lecture estim\u00e9e\" \/>\n\t<meta name=\"twitter:data2\" content=\"8 minutes\" \/>\n<script type=\"application\/ld+json\" class=\"yoast-schema-graph\">{\"@context\":\"https:\\\/\\\/schema.org\",\"@graph\":[{\"@type\":\"Article\",\"@id\":\"https:\\\/\\\/www.theconservative.online\\\/fr\\\/partialite-et-manque-de-liberte-le-paysage-mediatique-irlandais-sous-legide-de-letat#article\",\"isPartOf\":{\"@id\":\"https:\\\/\\\/www.theconservative.online\\\/fr\\\/partialite-et-manque-de-liberte-le-paysage-mediatique-irlandais-sous-legide-de-letat\"},\"author\":{\"name\":\"Martin Lynch\",\"@id\":\"https:\\\/\\\/www.theconservative.online\\\/fr#\\\/schema\\\/person\\\/15819aaa61073fbb539912aeb9df3dea\"},\"headline\":\"Partialit\u00e9 et manque de libert\u00e9 : le paysage m\u00e9diatique irlandais sous l&rsquo;\u00e9gide de l&rsquo;\u00c9tat\",\"datePublished\":\"2026-08-27T14:31:16+00:00\",\"mainEntityOfPage\":{\"@id\":\"https:\\\/\\\/www.theconservative.online\\\/fr\\\/partialite-et-manque-de-liberte-le-paysage-mediatique-irlandais-sous-legide-de-letat\"},\"wordCount\":1620,\"image\":{\"@id\":\"https:\\\/\\\/www.theconservative.online\\\/fr\\\/partialite-et-manque-de-liberte-le-paysage-mediatique-irlandais-sous-legide-de-letat#primaryimage\"},\"thumbnailUrl\":\"https:\\\/\\\/www.theconservative.online\\\/wp-content\\\/uploads\\\/2024\\\/02\\\/shutterstock_2256586921.jpg\",\"articleSection\":[\"Non classifi\u00e9(e)\"],\"inLanguage\":\"fr-FR\"},{\"@type\":\"WebPage\",\"@id\":\"https:\\\/\\\/www.theconservative.online\\\/fr\\\/partialite-et-manque-de-liberte-le-paysage-mediatique-irlandais-sous-legide-de-letat\",\"url\":\"https:\\\/\\\/www.theconservative.online\\\/fr\\\/partialite-et-manque-de-liberte-le-paysage-mediatique-irlandais-sous-legide-de-letat\",\"name\":\"Partialit\u00e9 et manque de libert\u00e9 : le paysage m\u00e9diatique irlandais sous l'\u00e9gide de l'\u00c9tat - The Conservative\",\"isPartOf\":{\"@id\":\"https:\\\/\\\/www.theconservative.online\\\/fr#website\"},\"primaryImageOfPage\":{\"@id\":\"https:\\\/\\\/www.theconservative.online\\\/fr\\\/partialite-et-manque-de-liberte-le-paysage-mediatique-irlandais-sous-legide-de-letat#primaryimage\"},\"image\":{\"@id\":\"https:\\\/\\\/www.theconservative.online\\\/fr\\\/partialite-et-manque-de-liberte-le-paysage-mediatique-irlandais-sous-legide-de-letat#primaryimage\"},\"thumbnailUrl\":\"https:\\\/\\\/www.theconservative.online\\\/wp-content\\\/uploads\\\/2024\\\/02\\\/shutterstock_2256586921.jpg\",\"datePublished\":\"2026-08-27T14:31:16+00:00\",\"author\":{\"@id\":\"https:\\\/\\\/www.theconservative.online\\\/fr#\\\/schema\\\/person\\\/15819aaa61073fbb539912aeb9df3dea\"},\"breadcrumb\":{\"@id\":\"https:\\\/\\\/www.theconservative.online\\\/fr\\\/partialite-et-manque-de-liberte-le-paysage-mediatique-irlandais-sous-legide-de-letat#breadcrumb\"},\"inLanguage\":\"fr-FR\",\"potentialAction\":[{\"@type\":\"ReadAction\",\"target\":[\"https:\\\/\\\/www.theconservative.online\\\/fr\\\/partialite-et-manque-de-liberte-le-paysage-mediatique-irlandais-sous-legide-de-letat\"]}]},{\"@type\":\"ImageObject\",\"inLanguage\":\"fr-FR\",\"@id\":\"https:\\\/\\\/www.theconservative.online\\\/fr\\\/partialite-et-manque-de-liberte-le-paysage-mediatique-irlandais-sous-legide-de-letat#primaryimage\",\"url\":\"https:\\\/\\\/www.theconservative.online\\\/wp-content\\\/uploads\\\/2024\\\/02\\\/shutterstock_2256586921.jpg\",\"contentUrl\":\"https:\\\/\\\/www.theconservative.online\\\/wp-content\\\/uploads\\\/2024\\\/02\\\/shutterstock_2256586921.jpg\",\"width\":1000,\"height\":666},{\"@type\":\"BreadcrumbList\",\"@id\":\"https:\\\/\\\/www.theconservative.online\\\/fr\\\/partialite-et-manque-de-liberte-le-paysage-mediatique-irlandais-sous-legide-de-letat#breadcrumb\",\"itemListElement\":[{\"@type\":\"ListItem\",\"position\":1,\"name\":\"Home\",\"item\":\"https:\\\/\\\/www.theconservative.online\\\/fr\\\/home\"},{\"@type\":\"ListItem\",\"position\":2,\"name\":\"Partialit\u00e9 et manque de libert\u00e9 : le paysage m\u00e9diatique irlandais sous l&#8217;\u00e9gide de l&#8217;\u00c9tat\"}]},{\"@type\":\"WebSite\",\"@id\":\"https:\\\/\\\/www.theconservative.online\\\/fr#website\",\"url\":\"https:\\\/\\\/www.theconservative.online\\\/fr\",\"name\":\"The Conservative\",\"description\":\"\",\"potentialAction\":[{\"@type\":\"SearchAction\",\"target\":{\"@type\":\"EntryPoint\",\"urlTemplate\":\"https:\\\/\\\/www.theconservative.online\\\/fr?s={search_term_string}\"},\"query-input\":{\"@type\":\"PropertyValueSpecification\",\"valueRequired\":true,\"valueName\":\"search_term_string\"}}],\"inLanguage\":\"fr-FR\"},{\"@type\":\"Person\",\"@id\":\"https:\\\/\\\/www.theconservative.online\\\/fr#\\\/schema\\\/person\\\/15819aaa61073fbb539912aeb9df3dea\",\"name\":\"Martin Lynch\",\"image\":{\"@type\":\"ImageObject\",\"inLanguage\":\"fr-FR\",\"@id\":\"https:\\\/\\\/secure.gravatar.com\\\/avatar\\\/482c01848305673b38529f97155010aafc47cc0d1341b4b1147d1a6adaaab3db?s=96&d=mm&r=g\",\"url\":\"https:\\\/\\\/secure.gravatar.com\\\/avatar\\\/482c01848305673b38529f97155010aafc47cc0d1341b4b1147d1a6adaaab3db?s=96&d=mm&r=g\",\"contentUrl\":\"https:\\\/\\\/secure.gravatar.com\\\/avatar\\\/482c01848305673b38529f97155010aafc47cc0d1341b4b1147d1a6adaaab3db?s=96&d=mm&r=g\",\"caption\":\"Martin Lynch\"},\"url\":\"https:\\\/\\\/www.theconservative.online\\\/fr\\\/author\\\/stonebay-euspec-2025-26\"}]}<\/script>\n<!-- \/ Yoast SEO plugin. -->","yoast_head_json":{"title":"Partialit\u00e9 et manque de libert\u00e9 : le paysage m\u00e9diatique irlandais sous l'\u00e9gide de l'\u00c9tat - The Conservative","robots":{"index":"index","follow":"follow","max-snippet":"max-snippet:-1","max-image-preview":"max-image-preview:large","max-video-preview":"max-video-preview:-1"},"canonical":"https:\/\/www.theconservative.online\/fr\/partialite-et-manque-de-liberte-le-paysage-mediatique-irlandais-sous-legide-de-letat","og_locale":"fr_FR","og_type":"article","og_title":"Partialit\u00e9 et manque de libert\u00e9 : le paysage m\u00e9diatique irlandais sous l'\u00e9gide de l'\u00c9tat - The Conservative","og_description":"Le paysage m\u00e9diatique irlandais reste l\u2019un des plus soumis politiquement \u00e0 son gouvernement dans toute l\u2019Europe. Qu\u2019il s\u2019agisse de l\u2019h\u00e9ritage de lois sur la diffamation parmi les plus strictes d\u2019Europe, qui restreignent la libert\u00e9 de publication de la presse irlandaise, ou de l\u2019octroi de subventions gouvernementales permettant de maintenir \u00e0 flot des organes de presse [&hellip;]","og_url":"https:\/\/www.theconservative.online\/fr\/partialite-et-manque-de-liberte-le-paysage-mediatique-irlandais-sous-legide-de-letat","og_site_name":"The Conservative","article_published_time":"2026-08-27T14:31:16+00:00","og_image":[{"width":1000,"height":666,"url":"https:\/\/www.theconservative.online\/wp-content\/uploads\/2024\/02\/shutterstock_2256586921.jpg","type":"image\/jpeg"}],"author":"Martin Lynch","twitter_card":"summary_large_image","twitter_misc":{"\u00c9crit par":"Martin Lynch","Dur\u00e9e de lecture estim\u00e9e":"8 minutes"},"schema":{"@context":"https:\/\/schema.org","@graph":[{"@type":"Article","@id":"https:\/\/www.theconservative.online\/fr\/partialite-et-manque-de-liberte-le-paysage-mediatique-irlandais-sous-legide-de-letat#article","isPartOf":{"@id":"https:\/\/www.theconservative.online\/fr\/partialite-et-manque-de-liberte-le-paysage-mediatique-irlandais-sous-legide-de-letat"},"author":{"name":"Martin Lynch","@id":"https:\/\/www.theconservative.online\/fr#\/schema\/person\/15819aaa61073fbb539912aeb9df3dea"},"headline":"Partialit\u00e9 et manque de libert\u00e9 : le paysage m\u00e9diatique irlandais sous l&rsquo;\u00e9gide de l&rsquo;\u00c9tat","datePublished":"2026-08-27T14:31:16+00:00","mainEntityOfPage":{"@id":"https:\/\/www.theconservative.online\/fr\/partialite-et-manque-de-liberte-le-paysage-mediatique-irlandais-sous-legide-de-letat"},"wordCount":1620,"image":{"@id":"https:\/\/www.theconservative.online\/fr\/partialite-et-manque-de-liberte-le-paysage-mediatique-irlandais-sous-legide-de-letat#primaryimage"},"thumbnailUrl":"https:\/\/www.theconservative.online\/wp-content\/uploads\/2024\/02\/shutterstock_2256586921.jpg","articleSection":["Non classifi\u00e9(e)"],"inLanguage":"fr-FR"},{"@type":"WebPage","@id":"https:\/\/www.theconservative.online\/fr\/partialite-et-manque-de-liberte-le-paysage-mediatique-irlandais-sous-legide-de-letat","url":"https:\/\/www.theconservative.online\/fr\/partialite-et-manque-de-liberte-le-paysage-mediatique-irlandais-sous-legide-de-letat","name":"Partialit\u00e9 et manque de libert\u00e9 : le paysage m\u00e9diatique irlandais sous l'\u00e9gide de l'\u00c9tat - The Conservative","isPartOf":{"@id":"https:\/\/www.theconservative.online\/fr#website"},"primaryImageOfPage":{"@id":"https:\/\/www.theconservative.online\/fr\/partialite-et-manque-de-liberte-le-paysage-mediatique-irlandais-sous-legide-de-letat#primaryimage"},"image":{"@id":"https:\/\/www.theconservative.online\/fr\/partialite-et-manque-de-liberte-le-paysage-mediatique-irlandais-sous-legide-de-letat#primaryimage"},"thumbnailUrl":"https:\/\/www.theconservative.online\/wp-content\/uploads\/2024\/02\/shutterstock_2256586921.jpg","datePublished":"2026-08-27T14:31:16+00:00","author":{"@id":"https:\/\/www.theconservative.online\/fr#\/schema\/person\/15819aaa61073fbb539912aeb9df3dea"},"breadcrumb":{"@id":"https:\/\/www.theconservative.online\/fr\/partialite-et-manque-de-liberte-le-paysage-mediatique-irlandais-sous-legide-de-letat#breadcrumb"},"inLanguage":"fr-FR","potentialAction":[{"@type":"ReadAction","target":["https:\/\/www.theconservative.online\/fr\/partialite-et-manque-de-liberte-le-paysage-mediatique-irlandais-sous-legide-de-letat"]}]},{"@type":"ImageObject","inLanguage":"fr-FR","@id":"https:\/\/www.theconservative.online\/fr\/partialite-et-manque-de-liberte-le-paysage-mediatique-irlandais-sous-legide-de-letat#primaryimage","url":"https:\/\/www.theconservative.online\/wp-content\/uploads\/2024\/02\/shutterstock_2256586921.jpg","contentUrl":"https:\/\/www.theconservative.online\/wp-content\/uploads\/2024\/02\/shutterstock_2256586921.jpg","width":1000,"height":666},{"@type":"BreadcrumbList","@id":"https:\/\/www.theconservative.online\/fr\/partialite-et-manque-de-liberte-le-paysage-mediatique-irlandais-sous-legide-de-letat#breadcrumb","itemListElement":[{"@type":"ListItem","position":1,"name":"Home","item":"https:\/\/www.theconservative.online\/fr\/home"},{"@type":"ListItem","position":2,"name":"Partialit\u00e9 et manque de libert\u00e9 : le paysage m\u00e9diatique irlandais sous l&#8217;\u00e9gide de l&#8217;\u00c9tat"}]},{"@type":"WebSite","@id":"https:\/\/www.theconservative.online\/fr#website","url":"https:\/\/www.theconservative.online\/fr","name":"The Conservative","description":"","potentialAction":[{"@type":"SearchAction","target":{"@type":"EntryPoint","urlTemplate":"https:\/\/www.theconservative.online\/fr?s={search_term_string}"},"query-input":{"@type":"PropertyValueSpecification","valueRequired":true,"valueName":"search_term_string"}}],"inLanguage":"fr-FR"},{"@type":"Person","@id":"https:\/\/www.theconservative.online\/fr#\/schema\/person\/15819aaa61073fbb539912aeb9df3dea","name":"Martin Lynch","image":{"@type":"ImageObject","inLanguage":"fr-FR","@id":"https:\/\/secure.gravatar.com\/avatar\/482c01848305673b38529f97155010aafc47cc0d1341b4b1147d1a6adaaab3db?s=96&d=mm&r=g","url":"https:\/\/secure.gravatar.com\/avatar\/482c01848305673b38529f97155010aafc47cc0d1341b4b1147d1a6adaaab3db?s=96&d=mm&r=g","contentUrl":"https:\/\/secure.gravatar.com\/avatar\/482c01848305673b38529f97155010aafc47cc0d1341b4b1147d1a6adaaab3db?s=96&d=mm&r=g","caption":"Martin Lynch"},"url":"https:\/\/www.theconservative.online\/fr\/author\/stonebay-euspec-2025-26"}]}},"acf":[],"_links":{"self":[{"href":"https:\/\/www.theconservative.online\/fr\/wp-json\/wp\/v2\/posts\/62957","targetHints":{"allow":["GET"]}}],"collection":[{"href":"https:\/\/www.theconservative.online\/fr\/wp-json\/wp\/v2\/posts"}],"about":[{"href":"https:\/\/www.theconservative.online\/fr\/wp-json\/wp\/v2\/types\/post"}],"author":[{"embeddable":true,"href":"https:\/\/www.theconservative.online\/fr\/wp-json\/wp\/v2\/users\/77"}],"replies":[{"embeddable":true,"href":"https:\/\/www.theconservative.online\/fr\/wp-json\/wp\/v2\/comments?post=62957"}],"version-history":[{"count":0,"href":"https:\/\/www.theconservative.online\/fr\/wp-json\/wp\/v2\/posts\/62957\/revisions"}],"wp:featuredmedia":[{"embeddable":true,"href":"https:\/\/www.theconservative.online\/fr\/wp-json\/wp\/v2\/media\/62958"}],"wp:attachment":[{"href":"https:\/\/www.theconservative.online\/fr\/wp-json\/wp\/v2\/media?parent=62957"}],"wp:term":[{"taxonomy":"category","embeddable":true,"href":"https:\/\/www.theconservative.online\/fr\/wp-json\/wp\/v2\/categories?post=62957"},{"taxonomy":"post_tag","embeddable":true,"href":"https:\/\/www.theconservative.online\/fr\/wp-json\/wp\/v2\/tags?post=62957"},{"taxonomy":"editorial-positions","embeddable":true,"href":"https:\/\/www.theconservative.online\/fr\/wp-json\/wp\/v2\/editorial-positions?post=62957"},{"taxonomy":"regions","embeddable":true,"href":"https:\/\/www.theconservative.online\/fr\/wp-json\/wp\/v2\/regions?post=62957"},{"taxonomy":"types","embeddable":true,"href":"https:\/\/www.theconservative.online\/fr\/wp-json\/wp\/v2\/types?post=62957"}],"curies":[{"name":"wp","href":"https:\/\/api.w.org\/{rel}","templated":true}]}}