{"id":62982,"date":"2026-08-30T12:15:11","date_gmt":"2026-08-30T12:15:11","guid":{"rendered":"https:\/\/www.theconservative.online\/samedi-a-drobeta-la-reunion-qui-a-donne-naissance-au-manifeste-de-laur"},"modified":"2026-08-30T12:15:11","modified_gmt":"2026-08-30T12:15:11","slug":"samedi-a-drobeta-la-reunion-qui-a-donne-naissance-au-manifeste-de-laur","status":"publish","type":"post","link":"https:\/\/www.theconservative.online\/fr\/samedi-a-drobeta-la-reunion-qui-a-donne-naissance-au-manifeste-de-laur","title":{"rendered":"Samedi \u00e0 Drobeta : la r\u00e9union qui a donn\u00e9 naissance au manifeste de l\u2019AUR"},"content":{"rendered":"<p>Drobeta-Turnu Severin n\u2019est pas le premier endroit o\u00f9 l\u2019on s\u2019attendrait \u00e0 ce qu\u2019un s\u00e9isme politique se produise, mais samedi, cette ville est devenue le th\u00e9\u00e2tre o\u00f9 l\u2019AUR a d\u00e9voil\u00e9 l\u2019int\u00e9gralit\u00e9 de sa strat\u00e9gie pour la session parlementaire qui s\u2019ouvre ce mardi. Le Conseil national de direction (CNC) du parti s\u2019est r\u00e9uni pour ce qui \u00e9tait pr\u00e9sent\u00e9 comme une r\u00e9union strat\u00e9gique de routine et en est ressorti avec un programme budg\u00e9taire, une r\u00e9solution anti-gouvernementale enflamm\u00e9e et un signal clair indiquant qu\u2019il ne renoncerait pas \u00e0 sa campagne visant \u00e0 suspendre le pr\u00e9sident Nicu\u0219or Dan.<\/p>\n<p>Le parti souhaite que le plafond des paiements en esp\u00e8ces pour les entreprises soit port\u00e9 \u00e0 50 000 lei, et il milite pour un assouplissement progressif des hausses d\u2019imp\u00f4ts de cette ann\u00e9e : ramener la TVA standard \u00e0 19 %, le taux r\u00e9duit \u00e0 9 % et l\u2019imp\u00f4t sur les dividendes \u00e0 8 %. L&rsquo;AUR souhaite \u00e9galement que le seuil des micro-entreprises soit r\u00e9tabli \u00e0 500 000 euros, ce qui reviendrait \u00e0 annuler purement et simplement le resserrement qui a pouss\u00e9 de nombreuses petites entreprises roumaines hors de cette tranche d&rsquo;imposition avantageuse.<\/p>\n<p>En ce qui concerne la r\u00e9forme de l\u2019\u00c9tat, l\u2019AUR a r\u00e9affirm\u00e9 son soutien \u00e0 un Parlement bicam\u00e9ral de 300 si\u00e8ges, en invoquant le r\u00e9f\u00e9rendum de 2009 lors duquel les Roumains s\u2019\u00e9taient prononc\u00e9s en faveur de cette solution pr\u00e9cise, ainsi qu\u2019au maintien des \u00e9lections municipales en deux tours et, notamment, \u00e0 la limitation \u00e0 deux mandats des dirigeants des institutions publiques. Ce dernier point constitue une r\u00e9ponse directe au cas des fonctionnaires de longue date qui occupent leurs fonctions depuis des d\u00e9cennies sans v\u00e9ritable renouvellement.<\/p>\n<p>En mati\u00e8re d&rsquo;\u00e9ducation, le parti souhaite supprimer l&rsquo;examen d&rsquo;admission parall\u00e8le au lyc\u00e9e et r\u00e9tablir un syst\u00e8me d&rsquo;admission national unique et unifi\u00e9, tout en r\u00e9duisant la charge de travail des enseignants et en annulant l&rsquo;augmentation de la taille des classes introduite par la \u00ab loi Bolojan \u00bb de l&rsquo;ann\u00e9e derni\u00e8re, et ce \u00e0 compter d&rsquo;ao\u00fbt 2025. En mati\u00e8re d\u2019\u00e9nergie, l\u2019AUR milite pour la l\u00e9galisation de la poursuite de l\u2019exploitation de toutes les unit\u00e9s \u00e0 charbon de CE Oltenia, en modifiant l\u2019ordonnance d\u2019urgence qui imposerait leur fermeture au plus tard le 31 ao\u00fbt 2026. Il existe \u00e9galement un projet de loi, bloqu\u00e9 depuis longtemps, sur la transparence du financement des ONG, actuellement en suspens \u00e0 la Chambre des d\u00e9put\u00e9s apr\u00e8s avoir \u00e9t\u00e9 approuv\u00e9 par le S\u00e9nat, ainsi qu\u2019une proposition visant \u00e0 instaurer une \u00ab TVA dynamique \u00bb sur les carburants (de 5 % pendant les trois premiers mois suivant un choc des prix, passant \u00e0 9 %, puis s\u2019annulant automatiquement une fois que les cours du p\u00e9trole se seront normalis\u00e9s).<\/p>\n<p>La proposition de l&rsquo;AUR visant \u00e0 limiter les mandats de direction \u00e0 deux mandats s&rsquo;applique \u00e0 l&rsquo;ensemble des institutions publiques, et non pas uniquement \u00e0 un organisme ou \u00e0 un responsable en particulier. Le parti pr\u00e9sente cette mesure comme un moyen d&#8217;emp\u00eacher la scl\u00e9rose des \u00ab r\u00e9seaux d&rsquo;influence \u00bb au sein de l&rsquo;administration publique et de garantir un renouvellement r\u00e9gulier \u00e0 la t\u00eate des organismes de l&rsquo;\u00c9tat.<\/p>\n<p>L\u2019autre r\u00e9sultat majeur du Conseil \u00e9tait symbolique, mais sans \u00e9quivoque combatif : une r\u00e9solution intitul\u00e9e <em> \u00ab La Roumanie est conduite vers l\u2019ab\u00eeme \u00bb, adopt\u00e9e <\/em>\u00e0 l\u2019unanimit\u00e9. Le texte accuse la coalition PSD-PNL-USR-UDMR d\u2019avoir encha\u00een\u00e9 deux hausses de TVA de deux points (portant les taux respectivement \u00e0 21 % et 11 %), d&rsquo;avoir vid\u00e9 de sa substance le r\u00e9gime des micro-entreprises en abaissant son seuil \u00e0 100 000 euros, d&rsquo;avoir relev\u00e9 l&rsquo;imp\u00f4t sur les dividendes \u00e0 16 %, d&rsquo;avoir mis fin \u00e0 l&rsquo;\u00e9nergie issue du charbon tout en bloquant la construction de nouvelles centrales \u00e0 gaz et d&rsquo;avoir sabot\u00e9 les projets d&rsquo;hydro\u00e9lectricit\u00e9 par pompage.<\/p>\n<p>La r\u00e9solution met \u00e9galement en avant le pr\u00eat SAFE, une facilit\u00e9 de cr\u00e9dit d\u2019environ 17 milliards d\u2019euros devant \u00eatre rembours\u00e9e sur 35 ans \u00e0 un taux d\u2019int\u00e9r\u00eat non divulgu\u00e9, qui, selon l\u2019AUR, a principalement servi \u00e0 acheter des v\u00e9hicules militaires lourds aupr\u00e8s d\u2019un seul fournisseur allemand, Rheinmetall. L&rsquo;argument final de l\u2019AUR est sans d\u00e9tour : au cours des dix derniers trimestres, l\u2019\u00e9conomie roumaine n\u2019a connu la croissance que pendant trois d\u2019entre eux, les autres ayant \u00e9t\u00e9 marqu\u00e9s par une stagnation ou une contraction. \u00ab Aujourd\u2019hui, la seule opposition coh\u00e9rente et solide au Parlement est repr\u00e9sent\u00e9e par l\u2019AUR et ses 91 d\u00e9put\u00e9s \u00bb, d\u00e9clare le communiqu\u00e9 du parti, affirmant que la coalition autoproclam\u00e9e \u00ab pro-europ\u00e9enne \u00bb est en r\u00e9alit\u00e9 en train de dissocier \u00e9conomiquement la Roumanie de l\u2019Europe.<\/p>\n<p>Le chef du groupe parlementaire au S\u00e9nat, Petri\u0219or Peiu, s\u2019est exprim\u00e9 sur Antena 3 CNN et a cat\u00e9goriquement ni\u00e9 toute discussion, officielle ou informelle, visant \u00e0 former une majorit\u00e9 gouvernementale avec le PSD ou le PNL, soulignant que le chef du PSD, Sorin Grindeanu, avait de toute fa\u00e7on publiquement exclu toute coalition avec l\u2019AUR. \u00ab S&rsquo;il ne souhaite pas former de gouvernement avec l&rsquo;AUR, il est difficile de n\u00e9gocier. De quoi n\u00e9gocierions-nous exactement ? \u00bb, a d\u00e9clar\u00e9 M. Peiu. Il a \u00e9galement confirm\u00e9 que l\u2019AUR pr\u00e9parait des d\u00e9clarations publiques concernant sa strat\u00e9gie pour les prochaines consultations avec le pr\u00e9sident Nicu\u0219or Dan, qui a annonc\u00e9 qu\u2019il reprendrait les discussions avec les partis d\u00e9but septembre au sujet de la formation d\u2019un nouveau gouvernement. M. Peiu s\u2019est montr\u00e9 sceptique quant \u00e0 l\u2019int\u00e9r\u00eat de participer \u00e0 ces r\u00e9unions uniquement pour des raisons de communication, affirmant que l\u2019AUR \u00ab ne participera probablement pas \u00bb si le processus se r\u00e9sume \u00e0 des n\u00e9gociations informelles d\u00e9guis\u00e9es en consultations officielles. Il a notamment confirm\u00e9 que la d\u00e9marche de l\u2019AUR visant \u00e0 suspendre Nicu\u0219or Dan se poursuivait, puisque \u00ab le pr\u00e9sident n\u2019a pas chang\u00e9 d\u2019attitude \u00bb.<\/p>\n<p>Nicu\u0219or Dan refuse depuis 62 jours de proposer un Premier ministre ; le pays est d\u00e9pourvu de gouvernement disposant de tous ses pouvoirs depuis 110 \u00e0 114 jours, et l&rsquo;\u00ab obstination \u00bb du pr\u00e9sident co\u00fbte cher \u00e0 la Roumanie. \u00ab La suspension est une solution constitutionnelle, car son obstination engendre d\u00e9j\u00e0 des co\u00fbts trop \u00e9lev\u00e9s pour la Roumanie \u00bb, a d\u00e9clar\u00e9 l&rsquo;AUR dans un communiqu\u00e9 de presse publi\u00e9 fin ao\u00fbt. Le parti recueille activement les signatures de d\u00e9put\u00e9s issus d&rsquo;autres formations politiques qui sont \u00ab m\u00e9contents de la mani\u00e8re dont Nicu\u0219or Dan a exerc\u00e9 ses pouvoirs pr\u00e9sidentiels \u00bb, et M. Peiu indique que de nouveaux coll\u00e8gues ont d\u00e9j\u00e0 sign\u00e9. Le PSD pourrait th\u00e9oriquement former un gouvernement sans l\u2019AUR en s\u2019appuyant sur l\u2019UDMR, les d\u00e9put\u00e9s issus des minorit\u00e9s, des groupes dissidents du PNL et d\u2019anciens l\u00e9gislateurs du SOS\/POT, mais M. Peiu a \u00e9galement qualifi\u00e9 cette strat\u00e9gie d\u2019\u00ab extr\u00eamement dangereuse \u00bb et a averti qu\u2019elle aboutirait \u00e0 une \u00ab majorit\u00e9 fragile \u00bb reposant sur l\u2019achat de d\u00e9put\u00e9s non affili\u00e9s.<\/p>\n<p>Dans l&rsquo;ensemble, cette journ\u00e9e n&rsquo;a pas vraiment port\u00e9 sur une loi ou une r\u00e9solution en particulier. Il s&rsquo;agissait pour l&rsquo;AUR de se positionner comme le seul bloc d&rsquo;opposition structur\u00e9 \u00e0 l&rsquo;approche d&rsquo;un automne qui s&rsquo;annonce tendu.<\/p>\n","protected":false},"excerpt":{"rendered":"<p>Drobeta-Turnu Severin n\u2019est pas le premier endroit o\u00f9 l\u2019on s\u2019attendrait \u00e0 ce qu\u2019un s\u00e9isme politique se produise, mais samedi, cette ville est devenue le th\u00e9\u00e2tre o\u00f9 l\u2019AUR a d\u00e9voil\u00e9 l\u2019int\u00e9gralit\u00e9 de sa strat\u00e9gie pour la session parlementaire qui s\u2019ouvre ce mardi. Le Conseil national de direction (CNC) du parti s\u2019est r\u00e9uni pour ce qui \u00e9tait [&hellip;]<\/p>\n","protected":false},"author":79,"featured_media":62766,"comment_status":"closed","ping_status":"closed","sticky":false,"template":"","format":"standard","meta":{"footnotes":""},"categories":[2529],"tags":[],"editorial-positions":[],"regions":[],"types":[],"class_list":["post-62982","post","type-post","status-publish","format-standard","has-post-thumbnail","hentry","category-non-classifiee"],"yoast_head":"<!-- This site is optimized with the Yoast SEO plugin v28.0 - https:\/\/yoast.com\/product\/yoast-seo-wordpress\/ -->\n<title>Samedi \u00e0 Drobeta : la r\u00e9union qui a donn\u00e9 naissance au manifeste de l\u2019AUR - The Conservative<\/title>\n<meta name=\"robots\" content=\"index, follow, max-snippet:-1, max-image-preview:large, max-video-preview:-1\" \/>\n<link rel=\"canonical\" href=\"https:\/\/www.theconservative.online\/fr\/samedi-a-drobeta-la-reunion-qui-a-donne-naissance-au-manifeste-de-laur\" \/>\n<meta property=\"og:locale\" content=\"fr_FR\" \/>\n<meta property=\"og:type\" content=\"article\" \/>\n<meta property=\"og:title\" content=\"Samedi \u00e0 Drobeta : la r\u00e9union qui a donn\u00e9 naissance au manifeste de l\u2019AUR - The Conservative\" \/>\n<meta property=\"og:description\" content=\"Drobeta-Turnu Severin n\u2019est pas le premier endroit o\u00f9 l\u2019on s\u2019attendrait \u00e0 ce qu\u2019un s\u00e9isme politique se produise, mais samedi, cette ville est devenue le th\u00e9\u00e2tre o\u00f9 l\u2019AUR a d\u00e9voil\u00e9 l\u2019int\u00e9gralit\u00e9 de sa strat\u00e9gie pour la session parlementaire qui s\u2019ouvre ce mardi. Le Conseil national de direction (CNC) du parti s\u2019est r\u00e9uni pour ce qui \u00e9tait [&hellip;]\" \/>\n<meta property=\"og:url\" content=\"https:\/\/www.theconservative.online\/fr\/samedi-a-drobeta-la-reunion-qui-a-donne-naissance-au-manifeste-de-laur\" \/>\n<meta property=\"og:site_name\" content=\"The Conservative\" \/>\n<meta property=\"article:published_time\" content=\"2026-08-30T12:15:11+00:00\" \/>\n<meta property=\"og:image\" content=\"https:\/\/www.theconservative.online\/wp-content\/uploads\/2026\/08\/AURCNC.jpg\" \/>\n\t<meta property=\"og:image:width\" content=\"1792\" \/>\n\t<meta property=\"og:image:height\" content=\"1008\" \/>\n\t<meta property=\"og:image:type\" content=\"image\/jpeg\" \/>\n<meta name=\"author\" content=\"Iosefina Pascal\" \/>\n<meta name=\"twitter:card\" content=\"summary_large_image\" \/>\n<meta name=\"twitter:label1\" content=\"\u00c9crit par\" \/>\n\t<meta name=\"twitter:data1\" content=\"Iosefina Pascal\" \/>\n\t<meta name=\"twitter:label2\" content=\"Dur\u00e9e de lecture estim\u00e9e\" \/>\n\t<meta name=\"twitter:data2\" content=\"6 minutes\" \/>\n<script type=\"application\/ld+json\" class=\"yoast-schema-graph\">{\"@context\":\"https:\\\/\\\/schema.org\",\"@graph\":[{\"@type\":\"Article\",\"@id\":\"https:\\\/\\\/www.theconservative.online\\\/fr\\\/samedi-a-drobeta-la-reunion-qui-a-donne-naissance-au-manifeste-de-laur#article\",\"isPartOf\":{\"@id\":\"https:\\\/\\\/www.theconservative.online\\\/fr\\\/samedi-a-drobeta-la-reunion-qui-a-donne-naissance-au-manifeste-de-laur\"},\"author\":{\"name\":\"Iosefina Pascal\",\"@id\":\"https:\\\/\\\/www.theconservative.online\\\/fr#\\\/schema\\\/person\\\/a058eee3b153ac2215cf616d9795653b\"},\"headline\":\"Samedi \u00e0 Drobeta : la r\u00e9union qui a donn\u00e9 naissance au manifeste de l\u2019AUR\",\"datePublished\":\"2026-08-30T12:15:11+00:00\",\"mainEntityOfPage\":{\"@id\":\"https:\\\/\\\/www.theconservative.online\\\/fr\\\/samedi-a-drobeta-la-reunion-qui-a-donne-naissance-au-manifeste-de-laur\"},\"wordCount\":1261,\"image\":{\"@id\":\"https:\\\/\\\/www.theconservative.online\\\/fr\\\/samedi-a-drobeta-la-reunion-qui-a-donne-naissance-au-manifeste-de-laur#primaryimage\"},\"thumbnailUrl\":\"https:\\\/\\\/www.theconservative.online\\\/wp-content\\\/uploads\\\/2026\\\/08\\\/AURCNC.jpg\",\"articleSection\":[\"Non classifi\u00e9(e)\"],\"inLanguage\":\"fr-FR\"},{\"@type\":\"WebPage\",\"@id\":\"https:\\\/\\\/www.theconservative.online\\\/fr\\\/samedi-a-drobeta-la-reunion-qui-a-donne-naissance-au-manifeste-de-laur\",\"url\":\"https:\\\/\\\/www.theconservative.online\\\/fr\\\/samedi-a-drobeta-la-reunion-qui-a-donne-naissance-au-manifeste-de-laur\",\"name\":\"Samedi \u00e0 Drobeta : la r\u00e9union qui a donn\u00e9 naissance au manifeste de l\u2019AUR - The Conservative\",\"isPartOf\":{\"@id\":\"https:\\\/\\\/www.theconservative.online\\\/fr#website\"},\"primaryImageOfPage\":{\"@id\":\"https:\\\/\\\/www.theconservative.online\\\/fr\\\/samedi-a-drobeta-la-reunion-qui-a-donne-naissance-au-manifeste-de-laur#primaryimage\"},\"image\":{\"@id\":\"https:\\\/\\\/www.theconservative.online\\\/fr\\\/samedi-a-drobeta-la-reunion-qui-a-donne-naissance-au-manifeste-de-laur#primaryimage\"},\"thumbnailUrl\":\"https:\\\/\\\/www.theconservative.online\\\/wp-content\\\/uploads\\\/2026\\\/08\\\/AURCNC.jpg\",\"datePublished\":\"2026-08-30T12:15:11+00:00\",\"author\":{\"@id\":\"https:\\\/\\\/www.theconservative.online\\\/fr#\\\/schema\\\/person\\\/a058eee3b153ac2215cf616d9795653b\"},\"breadcrumb\":{\"@id\":\"https:\\\/\\\/www.theconservative.online\\\/fr\\\/samedi-a-drobeta-la-reunion-qui-a-donne-naissance-au-manifeste-de-laur#breadcrumb\"},\"inLanguage\":\"fr-FR\",\"potentialAction\":[{\"@type\":\"ReadAction\",\"target\":[\"https:\\\/\\\/www.theconservative.online\\\/fr\\\/samedi-a-drobeta-la-reunion-qui-a-donne-naissance-au-manifeste-de-laur\"]}]},{\"@type\":\"ImageObject\",\"inLanguage\":\"fr-FR\",\"@id\":\"https:\\\/\\\/www.theconservative.online\\\/fr\\\/samedi-a-drobeta-la-reunion-qui-a-donne-naissance-au-manifeste-de-laur#primaryimage\",\"url\":\"https:\\\/\\\/www.theconservative.online\\\/wp-content\\\/uploads\\\/2026\\\/08\\\/AURCNC.jpg\",\"contentUrl\":\"https:\\\/\\\/www.theconservative.online\\\/wp-content\\\/uploads\\\/2026\\\/08\\\/AURCNC.jpg\",\"width\":1792,\"height\":1008,\"caption\":\"Signature: JnuSjfynT9OAlDAdvk576xl8uMSnujh4H8wsPA4DHucqZKqfRZSk1c2Jgz+Ez0p2DggPskOnY4UpUsdhdnUEJpw\\\/k4YraRVCyWOb6+yonAZQDdnf9m1kaDZRyJDghEhUNuEdfnXVt2rNPz85AS+3kxZ2hoOWYOkmxGbzSGpXMaTHUkbeaCi1nmS2pQGdi9issUNaIQXsPS+YImz3+ZFcykVSZHWC1+W4eck1UXYYUGH2KyzuKBTdVSWpGEcsun8a\"},{\"@type\":\"BreadcrumbList\",\"@id\":\"https:\\\/\\\/www.theconservative.online\\\/fr\\\/samedi-a-drobeta-la-reunion-qui-a-donne-naissance-au-manifeste-de-laur#breadcrumb\",\"itemListElement\":[{\"@type\":\"ListItem\",\"position\":1,\"name\":\"Home\",\"item\":\"https:\\\/\\\/www.theconservative.online\\\/fr\\\/home\"},{\"@type\":\"ListItem\",\"position\":2,\"name\":\"Samedi \u00e0 Drobeta : la r\u00e9union qui a donn\u00e9 naissance au manifeste de l\u2019AUR\"}]},{\"@type\":\"WebSite\",\"@id\":\"https:\\\/\\\/www.theconservative.online\\\/fr#website\",\"url\":\"https:\\\/\\\/www.theconservative.online\\\/fr\",\"name\":\"The Conservative\",\"description\":\"\",\"potentialAction\":[{\"@type\":\"SearchAction\",\"target\":{\"@type\":\"EntryPoint\",\"urlTemplate\":\"https:\\\/\\\/www.theconservative.online\\\/fr?s={search_term_string}\"},\"query-input\":{\"@type\":\"PropertyValueSpecification\",\"valueRequired\":true,\"valueName\":\"search_term_string\"}}],\"inLanguage\":\"fr-FR\"},{\"@type\":\"Person\",\"@id\":\"https:\\\/\\\/www.theconservative.online\\\/fr#\\\/schema\\\/person\\\/a058eee3b153ac2215cf616d9795653b\",\"name\":\"Iosefina Pascal\",\"image\":{\"@type\":\"ImageObject\",\"inLanguage\":\"fr-FR\",\"@id\":\"https:\\\/\\\/secure.gravatar.com\\\/avatar\\\/b6c6576a2be336212e2c44862e76e71f326a3e912cd8ca0a6856a38198536fd3?s=96&d=mm&r=g\",\"url\":\"https:\\\/\\\/secure.gravatar.com\\\/avatar\\\/b6c6576a2be336212e2c44862e76e71f326a3e912cd8ca0a6856a38198536fd3?s=96&d=mm&r=g\",\"contentUrl\":\"https:\\\/\\\/secure.gravatar.com\\\/avatar\\\/b6c6576a2be336212e2c44862e76e71f326a3e912cd8ca0a6856a38198536fd3?s=96&d=mm&r=g\",\"caption\":\"Iosefina Pascal\"},\"url\":\"https:\\\/\\\/www.theconservative.online\\\/fr\\\/author\\\/pascal-eunat-2025-26\"}]}<\/script>\n<!-- \/ Yoast SEO plugin. -->","yoast_head_json":{"title":"Samedi \u00e0 Drobeta : la r\u00e9union qui a donn\u00e9 naissance au manifeste de l\u2019AUR - The Conservative","robots":{"index":"index","follow":"follow","max-snippet":"max-snippet:-1","max-image-preview":"max-image-preview:large","max-video-preview":"max-video-preview:-1"},"canonical":"https:\/\/www.theconservative.online\/fr\/samedi-a-drobeta-la-reunion-qui-a-donne-naissance-au-manifeste-de-laur","og_locale":"fr_FR","og_type":"article","og_title":"Samedi \u00e0 Drobeta : la r\u00e9union qui a donn\u00e9 naissance au manifeste de l\u2019AUR - The Conservative","og_description":"Drobeta-Turnu Severin n\u2019est pas le premier endroit o\u00f9 l\u2019on s\u2019attendrait \u00e0 ce qu\u2019un s\u00e9isme politique se produise, mais samedi, cette ville est devenue le th\u00e9\u00e2tre o\u00f9 l\u2019AUR a d\u00e9voil\u00e9 l\u2019int\u00e9gralit\u00e9 de sa strat\u00e9gie pour la session parlementaire qui s\u2019ouvre ce mardi. Le Conseil national de direction (CNC) du parti s\u2019est r\u00e9uni pour ce qui \u00e9tait [&hellip;]","og_url":"https:\/\/www.theconservative.online\/fr\/samedi-a-drobeta-la-reunion-qui-a-donne-naissance-au-manifeste-de-laur","og_site_name":"The Conservative","article_published_time":"2026-08-30T12:15:11+00:00","og_image":[{"width":1792,"height":1008,"url":"https:\/\/www.theconservative.online\/wp-content\/uploads\/2026\/08\/AURCNC.jpg","type":"image\/jpeg"}],"author":"Iosefina Pascal","twitter_card":"summary_large_image","twitter_misc":{"\u00c9crit par":"Iosefina Pascal","Dur\u00e9e de lecture estim\u00e9e":"6 minutes"},"schema":{"@context":"https:\/\/schema.org","@graph":[{"@type":"Article","@id":"https:\/\/www.theconservative.online\/fr\/samedi-a-drobeta-la-reunion-qui-a-donne-naissance-au-manifeste-de-laur#article","isPartOf":{"@id":"https:\/\/www.theconservative.online\/fr\/samedi-a-drobeta-la-reunion-qui-a-donne-naissance-au-manifeste-de-laur"},"author":{"name":"Iosefina Pascal","@id":"https:\/\/www.theconservative.online\/fr#\/schema\/person\/a058eee3b153ac2215cf616d9795653b"},"headline":"Samedi \u00e0 Drobeta : la r\u00e9union qui a donn\u00e9 naissance au manifeste de l\u2019AUR","datePublished":"2026-08-30T12:15:11+00:00","mainEntityOfPage":{"@id":"https:\/\/www.theconservative.online\/fr\/samedi-a-drobeta-la-reunion-qui-a-donne-naissance-au-manifeste-de-laur"},"wordCount":1261,"image":{"@id":"https:\/\/www.theconservative.online\/fr\/samedi-a-drobeta-la-reunion-qui-a-donne-naissance-au-manifeste-de-laur#primaryimage"},"thumbnailUrl":"https:\/\/www.theconservative.online\/wp-content\/uploads\/2026\/08\/AURCNC.jpg","articleSection":["Non classifi\u00e9(e)"],"inLanguage":"fr-FR"},{"@type":"WebPage","@id":"https:\/\/www.theconservative.online\/fr\/samedi-a-drobeta-la-reunion-qui-a-donne-naissance-au-manifeste-de-laur","url":"https:\/\/www.theconservative.online\/fr\/samedi-a-drobeta-la-reunion-qui-a-donne-naissance-au-manifeste-de-laur","name":"Samedi \u00e0 Drobeta : la r\u00e9union qui a donn\u00e9 naissance au manifeste de l\u2019AUR - The Conservative","isPartOf":{"@id":"https:\/\/www.theconservative.online\/fr#website"},"primaryImageOfPage":{"@id":"https:\/\/www.theconservative.online\/fr\/samedi-a-drobeta-la-reunion-qui-a-donne-naissance-au-manifeste-de-laur#primaryimage"},"image":{"@id":"https:\/\/www.theconservative.online\/fr\/samedi-a-drobeta-la-reunion-qui-a-donne-naissance-au-manifeste-de-laur#primaryimage"},"thumbnailUrl":"https:\/\/www.theconservative.online\/wp-content\/uploads\/2026\/08\/AURCNC.jpg","datePublished":"2026-08-30T12:15:11+00:00","author":{"@id":"https:\/\/www.theconservative.online\/fr#\/schema\/person\/a058eee3b153ac2215cf616d9795653b"},"breadcrumb":{"@id":"https:\/\/www.theconservative.online\/fr\/samedi-a-drobeta-la-reunion-qui-a-donne-naissance-au-manifeste-de-laur#breadcrumb"},"inLanguage":"fr-FR","potentialAction":[{"@type":"ReadAction","target":["https:\/\/www.theconservative.online\/fr\/samedi-a-drobeta-la-reunion-qui-a-donne-naissance-au-manifeste-de-laur"]}]},{"@type":"ImageObject","inLanguage":"fr-FR","@id":"https:\/\/www.theconservative.online\/fr\/samedi-a-drobeta-la-reunion-qui-a-donne-naissance-au-manifeste-de-laur#primaryimage","url":"https:\/\/www.theconservative.online\/wp-content\/uploads\/2026\/08\/AURCNC.jpg","contentUrl":"https:\/\/www.theconservative.online\/wp-content\/uploads\/2026\/08\/AURCNC.jpg","width":1792,"height":1008,"caption":"Signature: JnuSjfynT9OAlDAdvk576xl8uMSnujh4H8wsPA4DHucqZKqfRZSk1c2Jgz+Ez0p2DggPskOnY4UpUsdhdnUEJpw\/k4YraRVCyWOb6+yonAZQDdnf9m1kaDZRyJDghEhUNuEdfnXVt2rNPz85AS+3kxZ2hoOWYOkmxGbzSGpXMaTHUkbeaCi1nmS2pQGdi9issUNaIQXsPS+YImz3+ZFcykVSZHWC1+W4eck1UXYYUGH2KyzuKBTdVSWpGEcsun8a"},{"@type":"BreadcrumbList","@id":"https:\/\/www.theconservative.online\/fr\/samedi-a-drobeta-la-reunion-qui-a-donne-naissance-au-manifeste-de-laur#breadcrumb","itemListElement":[{"@type":"ListItem","position":1,"name":"Home","item":"https:\/\/www.theconservative.online\/fr\/home"},{"@type":"ListItem","position":2,"name":"Samedi \u00e0 Drobeta : la r\u00e9union qui a donn\u00e9 naissance au manifeste de l\u2019AUR"}]},{"@type":"WebSite","@id":"https:\/\/www.theconservative.online\/fr#website","url":"https:\/\/www.theconservative.online\/fr","name":"The Conservative","description":"","potentialAction":[{"@type":"SearchAction","target":{"@type":"EntryPoint","urlTemplate":"https:\/\/www.theconservative.online\/fr?s={search_term_string}"},"query-input":{"@type":"PropertyValueSpecification","valueRequired":true,"valueName":"search_term_string"}}],"inLanguage":"fr-FR"},{"@type":"Person","@id":"https:\/\/www.theconservative.online\/fr#\/schema\/person\/a058eee3b153ac2215cf616d9795653b","name":"Iosefina Pascal","image":{"@type":"ImageObject","inLanguage":"fr-FR","@id":"https:\/\/secure.gravatar.com\/avatar\/b6c6576a2be336212e2c44862e76e71f326a3e912cd8ca0a6856a38198536fd3?s=96&d=mm&r=g","url":"https:\/\/secure.gravatar.com\/avatar\/b6c6576a2be336212e2c44862e76e71f326a3e912cd8ca0a6856a38198536fd3?s=96&d=mm&r=g","contentUrl":"https:\/\/secure.gravatar.com\/avatar\/b6c6576a2be336212e2c44862e76e71f326a3e912cd8ca0a6856a38198536fd3?s=96&d=mm&r=g","caption":"Iosefina Pascal"},"url":"https:\/\/www.theconservative.online\/fr\/author\/pascal-eunat-2025-26"}]}},"acf":[],"_links":{"self":[{"href":"https:\/\/www.theconservative.online\/fr\/wp-json\/wp\/v2\/posts\/62982","targetHints":{"allow":["GET"]}}],"collection":[{"href":"https:\/\/www.theconservative.online\/fr\/wp-json\/wp\/v2\/posts"}],"about":[{"href":"https:\/\/www.theconservative.online\/fr\/wp-json\/wp\/v2\/types\/post"}],"author":[{"embeddable":true,"href":"https:\/\/www.theconservative.online\/fr\/wp-json\/wp\/v2\/users\/79"}],"replies":[{"embeddable":true,"href":"https:\/\/www.theconservative.online\/fr\/wp-json\/wp\/v2\/comments?post=62982"}],"version-history":[{"count":0,"href":"https:\/\/www.theconservative.online\/fr\/wp-json\/wp\/v2\/posts\/62982\/revisions"}],"wp:featuredmedia":[{"embeddable":true,"href":"https:\/\/www.theconservative.online\/fr\/wp-json\/wp\/v2\/media\/62766"}],"wp:attachment":[{"href":"https:\/\/www.theconservative.online\/fr\/wp-json\/wp\/v2\/media?parent=62982"}],"wp:term":[{"taxonomy":"category","embeddable":true,"href":"https:\/\/www.theconservative.online\/fr\/wp-json\/wp\/v2\/categories?post=62982"},{"taxonomy":"post_tag","embeddable":true,"href":"https:\/\/www.theconservative.online\/fr\/wp-json\/wp\/v2\/tags?post=62982"},{"taxonomy":"editorial-positions","embeddable":true,"href":"https:\/\/www.theconservative.online\/fr\/wp-json\/wp\/v2\/editorial-positions?post=62982"},{"taxonomy":"regions","embeddable":true,"href":"https:\/\/www.theconservative.online\/fr\/wp-json\/wp\/v2\/regions?post=62982"},{"taxonomy":"types","embeddable":true,"href":"https:\/\/www.theconservative.online\/fr\/wp-json\/wp\/v2\/types?post=62982"}],"curies":[{"name":"wp","href":"https:\/\/api.w.org\/{rel}","templated":true}]}}