{"id":62999,"date":"2026-08-30T12:12:50","date_gmt":"2026-08-30T12:12:50","guid":{"rendered":"https:\/\/www.theconservative.online\/sauver-lidentite-europeenne-cest-sauver-lidentite-de-ses-peuples"},"modified":"2026-08-30T12:12:50","modified_gmt":"2026-08-30T12:12:50","slug":"sauver-lidentite-europeenne-cest-sauver-lidentite-de-ses-peuples","status":"publish","type":"post","link":"https:\/\/www.theconservative.online\/fr\/sauver-lidentite-europeenne-cest-sauver-lidentite-de-ses-peuples","title":{"rendered":"Sauver l&rsquo;identit\u00e9 europ\u00e9enne, c&rsquo;est sauver l&rsquo;identit\u00e9 de ses peuples"},"content":{"rendered":"<p>L\u2019Europe conna\u00eet actuellement une transformation d\u00e9mographique qui ne peut plus \u00eatre consid\u00e9r\u00e9e comme un simple probl\u00e8me statistique. Au 1er janvier 2026, la population de l\u2019Union europ\u00e9enne s\u2019\u00e9levait \u00e0 environ 452 millions d\u2019habitants, soit une augmentation de 706 000 personnes par rapport \u00e0 l\u2019ann\u00e9e pr\u00e9c\u00e9dente. Mais derri\u00e8re ce chiffre en apparence positif se cache une r\u00e9alit\u00e9 bien diff\u00e9rente : en 2025, seuls 3,46 millions d\u2019enfants sont n\u00e9s dans l\u2019UE, tandis que 4,81 millions de personnes sont d\u00e9c\u00e9d\u00e9es. Le solde naturel \u00e9tait donc n\u00e9gatif d\u2019environ 1,35 million de personnes. La croissance d\u00e9mographique globale n\u2019a \u00e9t\u00e9 possible que gr\u00e2ce \u00e0 un solde migratoire positif. C\u2019est par l\u00e0 qu\u2019il convient de commencer toute r\u00e9flexion s\u00e9rieuse sur l\u2019avenir de l\u2019Europe.<br \/>\nL&rsquo;Europe ne se contente pas de conna\u00eetre une croissance plus lente. Elle est d\u00e9j\u00e0 entr\u00e9e dans une phase o\u00f9 le nombre de d\u00e9c\u00e8s d\u00e9passe celui des naissances. Cette tendance, qui s&rsquo;est install\u00e9e de mani\u00e8re structurelle en 2012, s&rsquo;accompagne d&rsquo;un vieillissement progressif de la population.<br \/>\nLes pr\u00e9visions de la Commission europ\u00e9enne indiquent que cette \u00e9volution deviendra encore plus marqu\u00e9e au cours des prochaines d\u00e9cennies : la population europ\u00e9enne devrait atteindre son pic avant de d\u00e9cliner, tandis que la proportion de personnes \u00e2g\u00e9es augmentera et que la part de la population en \u00e2ge de travailler diminuera.<br \/>\nLe probl\u00e8me ne concerne donc pas uniquement les retraites, les soins de sant\u00e9, la productivit\u00e9 ou le march\u00e9 du travail.<br \/>\nNous devons \u00e9galement nous poser une question bien plus profonde : comment une civilisation peut-elle pr\u00e9server son identit\u00e9 s&rsquo;il devient de plus en plus difficile de transmettre cette identit\u00e9 d&rsquo;une g\u00e9n\u00e9ration \u00e0 l&rsquo;autre ?<br \/>\nPendant trop longtemps, nous avons consid\u00e9r\u00e9 la d\u00e9mographie comme un sujet r\u00e9serv\u00e9 aux \u00e9conomistes et aux statisticiens. Or, une soci\u00e9t\u00e9 ne se r\u00e9sume pas \u00e0 la simple somme de sa population active.<br \/>\nUne soci\u00e9t\u00e9, c&rsquo;est aussi la m\u00e9moire.<br \/>\nC&rsquo;est la langue, la litt\u00e9rature, l&rsquo;art, la tradition, la religion, les coutumes, les paysages, l&rsquo;architecture, la musique et l&rsquo;histoire. C&rsquo;est tout ce qu&rsquo;une g\u00e9n\u00e9ration re\u00e7oit de la pr\u00e9c\u00e9dente et choisit librement de transmettre \u00e0 la suivante.<br \/>\nUne langue perdure parce qu\u2019on la transmet aux enfants. Une tradition perdure parce qu\u2019on l\u2019enseigne. Le patrimoine culturel perdure parce que quelqu\u2019un le juge suffisamment important pour le transmettre aux g\u00e9n\u00e9rations futures.<br \/>\nC&rsquo;est pourquoi le d\u00e9clin d\u00e9mographique de l&rsquo;Europe constitue \u00e9galement un probl\u00e8me de continuit\u00e9 culturelle.<br \/>\nEt c&rsquo;est pr\u00e9cis\u00e9ment l\u00e0 que devrait commencer une r\u00e9flexion v\u00e9ritablement conservatrice.<br \/>\nPr\u00e9server ne signifie pas rejeter le changement. Cela signifie emp\u00eacher le changement de d\u00e9truire ce qui m\u00e9rite d&rsquo;\u00eatre pr\u00e9serv\u00e9.<br \/>\nL&rsquo;Europe n&rsquo;a pas besoin de se forger une nouvelle identit\u00e9 en effa\u00e7ant celles qui existent d\u00e9j\u00e0. Au contraire, elle doit reconna\u00eetre que son identit\u00e9 est n\u00e9e de la pluralit\u00e9 de ses peuples.<br \/>\nL&rsquo;Europe, c&rsquo;est l&rsquo;Italie, la France, l&rsquo;Allemagne, l&rsquo;Espagne, la Gr\u00e8ce, la Pologne, l&rsquo;Irlande, la Hongrie et bien d&rsquo;autres pays encore. Elle se compose de diff\u00e9rentes langues, de diff\u00e9rentes traditions et de diff\u00e9rentes m\u00e9moires historiques.<br \/>\nCette pluralit\u00e9 ne constitue pas un obstacle \u00e0 l&rsquo;identit\u00e9 europ\u00e9enne.<br \/>\nC&rsquo;est l&rsquo;identit\u00e9 europ\u00e9enne.<br \/>\nLe projet europ\u00e9en devrait donc cesser de confondre int\u00e9gration et homog\u00e9n\u00e9isation.<br \/>\nUn citoyen europ\u00e9en ne devrait pas \u00eatre contraint de choisir entre son identit\u00e9 nationale et son identit\u00e9 europ\u00e9enne. On peut \u00eatre profond\u00e9ment italien et profond\u00e9ment europ\u00e9en ; profond\u00e9ment polonais et profond\u00e9ment europ\u00e9en ; profond\u00e9ment grec et profond\u00e9ment europ\u00e9en.<br \/>\nEn effet, c&rsquo;est pr\u00e9cis\u00e9ment la force des identit\u00e9s qui composent le continent qui rend possible une identit\u00e9 europ\u00e9enne plus forte.<br \/>\nLa Commission europ\u00e9enne  <em>Compas culturel pour l&rsquo;Europe<\/em>  reconna\u00eet \u00e9galement la diversit\u00e9 culturelle et linguistique comme des \u00e9l\u00e9ments fondamentaux du patrimoine europ\u00e9en et attribue \u00e0 la culture un r\u00f4le important dans le d\u00e9veloppement d&rsquo;un sentiment d&rsquo;appartenance.<br \/>\nIl convient de tirer toutes les cons\u00e9quences politiques de ce principe.<br \/>\nSauver l&rsquo;Europe, c&rsquo;est sauver les cultures qui la composent.<br \/>\nEt pour les pr\u00e9server, il ne suffit pas de financer les mus\u00e9es ou de restaurer les monuments. Il faut veiller \u00e0 ce qu\u2019il y ait de nouvelles g\u00e9n\u00e9rations auxquelles on puisse les transmettre.<br \/>\nIl n&rsquo;existe pas de solution miracle capable de r\u00e9soudre le probl\u00e8me de la baisse de la natalit\u00e9. La d\u00e9cision d&rsquo;avoir des enfants d\u00e9pend de conditions \u00e9conomiques, sociales et culturelles tr\u00e8s diverses.<br \/>\nMais c&rsquo;est pr\u00e9cis\u00e9ment pour cette raison qu&rsquo;il est n\u00e9cessaire de cr\u00e9er un environnement dans lequel la maternit\u00e9 ne constitue pas un d\u00e9savantage.<br \/>\nL&rsquo;Europe doit examiner s\u00e9rieusement les disparit\u00e9s entre ses \u00c9tats membres. Les taux de f\u00e9condit\u00e9 ne sont pas les m\u00eames partout, et les politiques familiales, associ\u00e9es aux conditions \u00e9conomiques, d&#8217;emploi et de logement, peuvent contribuer \u00e0 cr\u00e9er des conditions plus ou moins favorables \u00e0 la constitution d&rsquo;une famille.<br \/>\nCela ne signifie pas pour autant qu&rsquo;il existe un lien automatique entre une prestation donn\u00e9e et le nombre d&rsquo;enfants.<br \/>\nCela signifie reconna\u00eetre que si une soci\u00e9t\u00e9 souhaite augmenter le nombre de naissances, elle doit faciliter la vie des parents.<br \/>\nCela passe par des mesures fiscales incitatives, un soutien \u00e0 la maternit\u00e9, des services de garde d\u2019enfants, des politiques de logement, des cong\u00e9s parentaux, une flexibilit\u00e9 au travail et, surtout, une reconnaissance sociale de la valeur de la maternit\u00e9.<br \/>\nLa maternit\u00e9 est un investissement dans l&rsquo;avenir de la soci\u00e9t\u00e9.<br \/>\nMais une politique d\u00e9mographique sans politique \u00e9ducative serait insuffisante.<br \/>\nNous pouvons avoir davantage d&rsquo;enfants, mais si ces enfants grandissent sans conna\u00eetre leur histoire, leur litt\u00e9rature et leur culture, la continuit\u00e9 n&rsquo;est toujours pas garantie.<br \/>\nLes \u00e9coles doivent redevenir des lieux de transmission.<br \/>\nDante, Shakespeare, Cervantes, Goethe, Hom\u00e8re et Manzoni n\u2019ont pas leur place dans un mus\u00e9e du pass\u00e9. Ils font partie du patrimoine gr\u00e2ce auquel l\u2019Europe a forg\u00e9 sa conscience.<br \/>\nUne soci\u00e9t\u00e9 qui a confiance en son identit\u00e9 n&rsquo;a pas besoin d&rsquo;effacer ce qui l&rsquo;a pr\u00e9c\u00e9d\u00e9e.<br \/>\nElle peut la critiquer. Elle peut en d\u00e9battre. Elle peut m\u00eame en rejeter certains aspects.<br \/>\nMais il faut d&rsquo;abord qu&rsquo;elle en soit consciente.<br \/>\nC&rsquo;est l\u00e0 que nous devons aller \u00e0 contre-courant de  <em>la \u00ab culture de l&rsquo;annulation \u00bb<\/em>.<br \/>\nLa culture ne peut se transformer en un jugement permanent port\u00e9 sur le pass\u00e9, dans lequel chaque \u0153uvre serait \u00e9valu\u00e9e exclusivement \u00e0 l\u2019aune des normes morales du pr\u00e9sent. La libert\u00e9 culturelle implique \u00e9galement la possibilit\u00e9 de se confronter \u00e0 des id\u00e9es d\u00e9rangeantes, \u00e0 des \u0153uvres controvers\u00e9es et \u00e0 des personnages historiques probl\u00e9matiques.<br \/>\nL&rsquo;\u00e9ducation devrait former des citoyens capables de se forger leur propre opinion, et non des g\u00e9n\u00e9rations incapables de comprendre.<br \/>\nIl existe, enfin, un lien entre la d\u00e9mographie et la coh\u00e9sion sociale qu&rsquo;il ne faut pas sous-estimer.<br \/>\nUne soci\u00e9t\u00e9 qui vieillit, dont la population diminue et qui consid\u00e8re sa culture comme quelque chose qu&rsquo;il faut cacher peut devenir plus instable. Et une soci\u00e9t\u00e9 instable est plus encline \u00e0 percevoir le changement comme une menace.<br \/>\nC&rsquo;est dans ce contexte que la x\u00e9nophobie peut \u00e9galement se d\u00e9velopper.<br \/>\nC\u2019est pourquoi une politique d\u00e9mographique s\u00e9rieuse ne doit pas \u00eatre consid\u00e9r\u00e9e comme allant \u00e0 l\u2019encontre de l\u2019immigration. Elle doit \u00eatre envisag\u00e9e comme un moyen de renforcer la confiance des Europ\u00e9ens dans leur propre capacit\u00e9 \u00e0 se construire un avenir.<br \/>\nL&rsquo;immigration l\u00e9gale et r\u00e9guli\u00e8re peut ralentir le d\u00e9clin d\u00e9mographique et contribuer \u00e0 compenser la diminution de la population active, mais elle ne saurait se substituer \u00e0 une politique visant \u00e0 augmenter les taux de natalit\u00e9. Les donn\u00e9es d&rsquo;Eurostat montrent clairement que, ces derni\u00e8res ann\u00e9es, la croissance d\u00e9mographique de l&rsquo;Europe a d\u00e9pendu du solde migratoire, tandis que le solde naturel est rest\u00e9 fortement n\u00e9gatif.<br \/>\nLa solution ne peut donc pas consister \u00e0 choisir entre la famille et l&rsquo;immigration.<br \/>\nIl s&rsquo;agit sans doute de construire une Europe suffisamment s\u00fbre d&rsquo;elle-m\u00eame pour pouvoir faire les deux sans crainte.<br \/>\nC&rsquo;est pourquoi la d\u00e9mographie devrait devenir l&rsquo;une des principales priorit\u00e9s politiques de l&rsquo;Union europ\u00e9enne.<br \/>\nAvant m\u00eame de financer de nouvelles politiques industrielles d&rsquo;envergure, de grands projets \u00e9conomiques ou de nouveaux programmes d&rsquo;investissement, l&rsquo;Europe doit se demander qui sera appel\u00e9 \u00e0 vivre, \u00e0 travailler et \u00e0 construire cette soci\u00e9t\u00e9 dans vingt, trente ou cinquante ans.<br \/>\nElle devrait donc promouvoir des politiques communes et contraignantes visant \u00e0 soutenir la croissance d\u00e9mographique, tout en permettant aux \u00c9tats membres de choisir les instruments les mieux adapt\u00e9s \u00e0 leurs propres traditions sociales, mais en fixant des objectifs communs.<br \/>\nLes m\u00e8res et les familles doivent \u00eatre au c\u0153ur de ces mesures : incitations fiscales, aide au logement, services, cong\u00e9 parental, protection sociale et conditions de travail compatibles avec la maternit\u00e9.<br \/>\nLa comparaison entre les pays europ\u00e9ens devrait devenir une v\u00e9ritable politique de recherche : il s\u2019agit d\u2019\u00e9tudier o\u00f9 la baisse des taux de natalit\u00e9 est moins marqu\u00e9e, quelles conditions l\u2019accompagnent et quelles mesures peuvent \u00eatre reproduites. Non pas pour promettre des miracles, mais pour tirer des enseignements des r\u00e9sultats.<br \/>\nCar sans les familles, il n&rsquo;y a pas de travailleurs.<br \/>\nSans enfants, il n&rsquo;y a pas d&rsquo;avenir.<br \/>\nEt sans transmission culturelle, il n&rsquo;y a pas d&rsquo;identit\u00e9.<br \/>\nSauver l&rsquo;identit\u00e9 europ\u00e9enne ne signifie pas construire une Europe uniformis\u00e9e. Cela signifie pr\u00e9server l&rsquo;extraordinaire pluralit\u00e9 de ses peuples.<br \/>\nCela signifie permettre \u00e0 chacun d&rsquo;entre eux de pr\u00e9server sa propre langue, son histoire et ses traditions au sein d&rsquo;un espace europ\u00e9en commun.<br \/>\nUne Europe qui accueille \u00e0 nouveau des enfants, qui enseigne \u00e0 nouveau son histoire et qui ne consid\u00e8re plus son patrimoine culturel comme un fardeau du pass\u00e9 sera \u00e9galement une Europe moins craintive face au monde.<br \/>\nCar ceux qui ont confiance en leur propre identit\u00e9 n&rsquo;ont pas \u00e0 craindre les autres.<br \/>\nIl leur suffit d&rsquo;avoir quelque chose qui vaille la peine d&rsquo;\u00eatre transmis.<\/p>\n<\/p>","protected":false},"excerpt":{"rendered":"<p>L\u2019Europe conna\u00eet actuellement une transformation d\u00e9mographique qui ne peut plus \u00eatre consid\u00e9r\u00e9e comme un simple probl\u00e8me statistique. Au 1er janvier 2026, la population de l\u2019Union europ\u00e9enne s\u2019\u00e9levait \u00e0 environ 452 millions d\u2019habitants, soit une augmentation de 706 000 personnes par rapport \u00e0 l\u2019ann\u00e9e pr\u00e9c\u00e9dente. Mais derri\u00e8re ce chiffre en apparence positif se cache une r\u00e9alit\u00e9 [&hellip;]<\/p>\n","protected":false},"author":93,"featured_media":62790,"comment_status":"closed","ping_status":"closed","sticky":false,"template":"","format":"standard","meta":{"footnotes":""},"categories":[2550,2533],"tags":[3481,268,1406,3480],"editorial-positions":[],"regions":[],"types":[2570],"class_list":["post-62999","post","type-post","status-publish","format-standard","has-post-thumbnail","hentry","category-construire-une-europe-conservatrice","category-culture-fr","tag-demografic-trasformation","tag-europe","tag-identity","tag-peoples","types-opinion-fr"],"yoast_head":"<!-- This site is optimized with the Yoast SEO plugin v28.0 - https:\/\/yoast.com\/product\/yoast-seo-wordpress\/ -->\n<title>Sauver l&#039;identit\u00e9 europ\u00e9enne, c&#039;est sauver l&#039;identit\u00e9 de ses peuples - The Conservative<\/title>\n<meta name=\"robots\" content=\"index, follow, max-snippet:-1, max-image-preview:large, max-video-preview:-1\" \/>\n<link rel=\"canonical\" href=\"https:\/\/www.theconservative.online\/fr\/sauver-lidentite-europeenne-cest-sauver-lidentite-de-ses-peuples\" \/>\n<meta property=\"og:locale\" content=\"fr_FR\" \/>\n<meta property=\"og:type\" content=\"article\" \/>\n<meta property=\"og:title\" content=\"Sauver l&#039;identit\u00e9 europ\u00e9enne, c&#039;est sauver l&#039;identit\u00e9 de ses peuples - The Conservative\" \/>\n<meta property=\"og:description\" content=\"L\u2019Europe conna\u00eet actuellement une transformation d\u00e9mographique qui ne peut plus \u00eatre consid\u00e9r\u00e9e comme un simple probl\u00e8me statistique. Au 1er janvier 2026, la population de l\u2019Union europ\u00e9enne s\u2019\u00e9levait \u00e0 environ 452 millions d\u2019habitants, soit une augmentation de 706 000 personnes par rapport \u00e0 l\u2019ann\u00e9e pr\u00e9c\u00e9dente. Mais derri\u00e8re ce chiffre en apparence positif se cache une r\u00e9alit\u00e9 [&hellip;]\" \/>\n<meta property=\"og:url\" content=\"https:\/\/www.theconservative.online\/fr\/sauver-lidentite-europeenne-cest-sauver-lidentite-de-ses-peuples\" \/>\n<meta property=\"og:site_name\" content=\"The Conservative\" \/>\n<meta property=\"article:published_time\" content=\"2026-08-30T12:12:50+00:00\" \/>\n<meta property=\"og:image\" content=\"https:\/\/www.theconservative.online\/wp-content\/uploads\/2026\/08\/bandiere-stati-eu.jpg\" \/>\n\t<meta property=\"og:image:width\" content=\"1024\" \/>\n\t<meta property=\"og:image:height\" content=\"1024\" \/>\n\t<meta property=\"og:image:type\" content=\"image\/jpeg\" \/>\n<meta name=\"author\" content=\"Sofia Valenti\" \/>\n<meta name=\"twitter:card\" content=\"summary_large_image\" \/>\n<meta name=\"twitter:label1\" content=\"\u00c9crit par\" \/>\n\t<meta name=\"twitter:data1\" content=\"Sofia Valenti\" \/>\n\t<meta name=\"twitter:label2\" content=\"Dur\u00e9e de lecture estim\u00e9e\" \/>\n\t<meta name=\"twitter:data2\" content=\"9 minutes\" \/>\n<script type=\"application\/ld+json\" class=\"yoast-schema-graph\">{\"@context\":\"https:\\\/\\\/schema.org\",\"@graph\":[{\"@type\":\"Article\",\"@id\":\"https:\\\/\\\/www.theconservative.online\\\/fr\\\/sauver-lidentite-europeenne-cest-sauver-lidentite-de-ses-peuples#article\",\"isPartOf\":{\"@id\":\"https:\\\/\\\/www.theconservative.online\\\/fr\\\/sauver-lidentite-europeenne-cest-sauver-lidentite-de-ses-peuples\"},\"author\":{\"name\":\"Sofia Valenti\",\"@id\":\"https:\\\/\\\/www.theconservative.online\\\/fr#\\\/schema\\\/person\\\/ba597107f354c40637f85460639c2da8\"},\"headline\":\"Sauver l&rsquo;identit\u00e9 europ\u00e9enne, c&rsquo;est sauver l&rsquo;identit\u00e9 de ses peuples\",\"datePublished\":\"2026-08-30T12:12:50+00:00\",\"mainEntityOfPage\":{\"@id\":\"https:\\\/\\\/www.theconservative.online\\\/fr\\\/sauver-lidentite-europeenne-cest-sauver-lidentite-de-ses-peuples\"},\"wordCount\":1799,\"image\":{\"@id\":\"https:\\\/\\\/www.theconservative.online\\\/fr\\\/sauver-lidentite-europeenne-cest-sauver-lidentite-de-ses-peuples#primaryimage\"},\"thumbnailUrl\":\"https:\\\/\\\/www.theconservative.online\\\/wp-content\\\/uploads\\\/2026\\\/08\\\/bandiere-stati-eu.jpg\",\"keywords\":[\"demografic trasformation\",\"europe\",\"identity\",\"peoples\"],\"articleSection\":[\"Construire une Europe conservatrice\",\"Culture\"],\"inLanguage\":\"fr-FR\"},{\"@type\":\"WebPage\",\"@id\":\"https:\\\/\\\/www.theconservative.online\\\/fr\\\/sauver-lidentite-europeenne-cest-sauver-lidentite-de-ses-peuples\",\"url\":\"https:\\\/\\\/www.theconservative.online\\\/fr\\\/sauver-lidentite-europeenne-cest-sauver-lidentite-de-ses-peuples\",\"name\":\"Sauver l'identit\u00e9 europ\u00e9enne, c'est sauver l'identit\u00e9 de ses peuples - The Conservative\",\"isPartOf\":{\"@id\":\"https:\\\/\\\/www.theconservative.online\\\/fr#website\"},\"primaryImageOfPage\":{\"@id\":\"https:\\\/\\\/www.theconservative.online\\\/fr\\\/sauver-lidentite-europeenne-cest-sauver-lidentite-de-ses-peuples#primaryimage\"},\"image\":{\"@id\":\"https:\\\/\\\/www.theconservative.online\\\/fr\\\/sauver-lidentite-europeenne-cest-sauver-lidentite-de-ses-peuples#primaryimage\"},\"thumbnailUrl\":\"https:\\\/\\\/www.theconservative.online\\\/wp-content\\\/uploads\\\/2026\\\/08\\\/bandiere-stati-eu.jpg\",\"datePublished\":\"2026-08-30T12:12:50+00:00\",\"author\":{\"@id\":\"https:\\\/\\\/www.theconservative.online\\\/fr#\\\/schema\\\/person\\\/ba597107f354c40637f85460639c2da8\"},\"breadcrumb\":{\"@id\":\"https:\\\/\\\/www.theconservative.online\\\/fr\\\/sauver-lidentite-europeenne-cest-sauver-lidentite-de-ses-peuples#breadcrumb\"},\"inLanguage\":\"fr-FR\",\"potentialAction\":[{\"@type\":\"ReadAction\",\"target\":[\"https:\\\/\\\/www.theconservative.online\\\/fr\\\/sauver-lidentite-europeenne-cest-sauver-lidentite-de-ses-peuples\"]}]},{\"@type\":\"ImageObject\",\"inLanguage\":\"fr-FR\",\"@id\":\"https:\\\/\\\/www.theconservative.online\\\/fr\\\/sauver-lidentite-europeenne-cest-sauver-lidentite-de-ses-peuples#primaryimage\",\"url\":\"https:\\\/\\\/www.theconservative.online\\\/wp-content\\\/uploads\\\/2026\\\/08\\\/bandiere-stati-eu.jpg\",\"contentUrl\":\"https:\\\/\\\/www.theconservative.online\\\/wp-content\\\/uploads\\\/2026\\\/08\\\/bandiere-stati-eu.jpg\",\"width\":1024,\"height\":1024},{\"@type\":\"BreadcrumbList\",\"@id\":\"https:\\\/\\\/www.theconservative.online\\\/fr\\\/sauver-lidentite-europeenne-cest-sauver-lidentite-de-ses-peuples#breadcrumb\",\"itemListElement\":[{\"@type\":\"ListItem\",\"position\":1,\"name\":\"Home\",\"item\":\"https:\\\/\\\/www.theconservative.online\\\/fr\\\/home\"},{\"@type\":\"ListItem\",\"position\":2,\"name\":\"Sauver l&#8217;identit\u00e9 europ\u00e9enne, c&#8217;est sauver l&#8217;identit\u00e9 de ses peuples\"}]},{\"@type\":\"WebSite\",\"@id\":\"https:\\\/\\\/www.theconservative.online\\\/fr#website\",\"url\":\"https:\\\/\\\/www.theconservative.online\\\/fr\",\"name\":\"The Conservative\",\"description\":\"\",\"potentialAction\":[{\"@type\":\"SearchAction\",\"target\":{\"@type\":\"EntryPoint\",\"urlTemplate\":\"https:\\\/\\\/www.theconservative.online\\\/fr?s={search_term_string}\"},\"query-input\":{\"@type\":\"PropertyValueSpecification\",\"valueRequired\":true,\"valueName\":\"search_term_string\"}}],\"inLanguage\":\"fr-FR\"},{\"@type\":\"Person\",\"@id\":\"https:\\\/\\\/www.theconservative.online\\\/fr#\\\/schema\\\/person\\\/ba597107f354c40637f85460639c2da8\",\"name\":\"Sofia Valenti\",\"image\":{\"@type\":\"ImageObject\",\"inLanguage\":\"fr-FR\",\"@id\":\"https:\\\/\\\/secure.gravatar.com\\\/avatar\\\/b8358b98da87b71bcc40d48623c024d8cf0e1c2986353618ef2cc48000381c12?s=96&d=mm&r=g\",\"url\":\"https:\\\/\\\/secure.gravatar.com\\\/avatar\\\/b8358b98da87b71bcc40d48623c024d8cf0e1c2986353618ef2cc48000381c12?s=96&d=mm&r=g\",\"contentUrl\":\"https:\\\/\\\/secure.gravatar.com\\\/avatar\\\/b8358b98da87b71bcc40d48623c024d8cf0e1c2986353618ef2cc48000381c12?s=96&d=mm&r=g\",\"caption\":\"Sofia Valenti\"},\"url\":\"https:\\\/\\\/www.theconservative.online\\\/fr\\\/author\\\/bellantone-euspec-2026-2027\"}]}<\/script>\n<!-- \/ Yoast SEO plugin. -->","yoast_head_json":{"title":"Sauver l'identit\u00e9 europ\u00e9enne, c'est sauver l'identit\u00e9 de ses peuples - The Conservative","robots":{"index":"index","follow":"follow","max-snippet":"max-snippet:-1","max-image-preview":"max-image-preview:large","max-video-preview":"max-video-preview:-1"},"canonical":"https:\/\/www.theconservative.online\/fr\/sauver-lidentite-europeenne-cest-sauver-lidentite-de-ses-peuples","og_locale":"fr_FR","og_type":"article","og_title":"Sauver l'identit\u00e9 europ\u00e9enne, c'est sauver l'identit\u00e9 de ses peuples - The Conservative","og_description":"L\u2019Europe conna\u00eet actuellement une transformation d\u00e9mographique qui ne peut plus \u00eatre consid\u00e9r\u00e9e comme un simple probl\u00e8me statistique. Au 1er janvier 2026, la population de l\u2019Union europ\u00e9enne s\u2019\u00e9levait \u00e0 environ 452 millions d\u2019habitants, soit une augmentation de 706 000 personnes par rapport \u00e0 l\u2019ann\u00e9e pr\u00e9c\u00e9dente. Mais derri\u00e8re ce chiffre en apparence positif se cache une r\u00e9alit\u00e9 [&hellip;]","og_url":"https:\/\/www.theconservative.online\/fr\/sauver-lidentite-europeenne-cest-sauver-lidentite-de-ses-peuples","og_site_name":"The Conservative","article_published_time":"2026-08-30T12:12:50+00:00","og_image":[{"width":1024,"height":1024,"url":"https:\/\/www.theconservative.online\/wp-content\/uploads\/2026\/08\/bandiere-stati-eu.jpg","type":"image\/jpeg"}],"author":"Sofia Valenti","twitter_card":"summary_large_image","twitter_misc":{"\u00c9crit par":"Sofia Valenti","Dur\u00e9e de lecture estim\u00e9e":"9 minutes"},"schema":{"@context":"https:\/\/schema.org","@graph":[{"@type":"Article","@id":"https:\/\/www.theconservative.online\/fr\/sauver-lidentite-europeenne-cest-sauver-lidentite-de-ses-peuples#article","isPartOf":{"@id":"https:\/\/www.theconservative.online\/fr\/sauver-lidentite-europeenne-cest-sauver-lidentite-de-ses-peuples"},"author":{"name":"Sofia Valenti","@id":"https:\/\/www.theconservative.online\/fr#\/schema\/person\/ba597107f354c40637f85460639c2da8"},"headline":"Sauver l&rsquo;identit\u00e9 europ\u00e9enne, c&rsquo;est sauver l&rsquo;identit\u00e9 de ses peuples","datePublished":"2026-08-30T12:12:50+00:00","mainEntityOfPage":{"@id":"https:\/\/www.theconservative.online\/fr\/sauver-lidentite-europeenne-cest-sauver-lidentite-de-ses-peuples"},"wordCount":1799,"image":{"@id":"https:\/\/www.theconservative.online\/fr\/sauver-lidentite-europeenne-cest-sauver-lidentite-de-ses-peuples#primaryimage"},"thumbnailUrl":"https:\/\/www.theconservative.online\/wp-content\/uploads\/2026\/08\/bandiere-stati-eu.jpg","keywords":["demografic trasformation","europe","identity","peoples"],"articleSection":["Construire une Europe conservatrice","Culture"],"inLanguage":"fr-FR"},{"@type":"WebPage","@id":"https:\/\/www.theconservative.online\/fr\/sauver-lidentite-europeenne-cest-sauver-lidentite-de-ses-peuples","url":"https:\/\/www.theconservative.online\/fr\/sauver-lidentite-europeenne-cest-sauver-lidentite-de-ses-peuples","name":"Sauver l'identit\u00e9 europ\u00e9enne, c'est sauver l'identit\u00e9 de ses peuples - The Conservative","isPartOf":{"@id":"https:\/\/www.theconservative.online\/fr#website"},"primaryImageOfPage":{"@id":"https:\/\/www.theconservative.online\/fr\/sauver-lidentite-europeenne-cest-sauver-lidentite-de-ses-peuples#primaryimage"},"image":{"@id":"https:\/\/www.theconservative.online\/fr\/sauver-lidentite-europeenne-cest-sauver-lidentite-de-ses-peuples#primaryimage"},"thumbnailUrl":"https:\/\/www.theconservative.online\/wp-content\/uploads\/2026\/08\/bandiere-stati-eu.jpg","datePublished":"2026-08-30T12:12:50+00:00","author":{"@id":"https:\/\/www.theconservative.online\/fr#\/schema\/person\/ba597107f354c40637f85460639c2da8"},"breadcrumb":{"@id":"https:\/\/www.theconservative.online\/fr\/sauver-lidentite-europeenne-cest-sauver-lidentite-de-ses-peuples#breadcrumb"},"inLanguage":"fr-FR","potentialAction":[{"@type":"ReadAction","target":["https:\/\/www.theconservative.online\/fr\/sauver-lidentite-europeenne-cest-sauver-lidentite-de-ses-peuples"]}]},{"@type":"ImageObject","inLanguage":"fr-FR","@id":"https:\/\/www.theconservative.online\/fr\/sauver-lidentite-europeenne-cest-sauver-lidentite-de-ses-peuples#primaryimage","url":"https:\/\/www.theconservative.online\/wp-content\/uploads\/2026\/08\/bandiere-stati-eu.jpg","contentUrl":"https:\/\/www.theconservative.online\/wp-content\/uploads\/2026\/08\/bandiere-stati-eu.jpg","width":1024,"height":1024},{"@type":"BreadcrumbList","@id":"https:\/\/www.theconservative.online\/fr\/sauver-lidentite-europeenne-cest-sauver-lidentite-de-ses-peuples#breadcrumb","itemListElement":[{"@type":"ListItem","position":1,"name":"Home","item":"https:\/\/www.theconservative.online\/fr\/home"},{"@type":"ListItem","position":2,"name":"Sauver l&#8217;identit\u00e9 europ\u00e9enne, c&#8217;est sauver l&#8217;identit\u00e9 de ses peuples"}]},{"@type":"WebSite","@id":"https:\/\/www.theconservative.online\/fr#website","url":"https:\/\/www.theconservative.online\/fr","name":"The Conservative","description":"","potentialAction":[{"@type":"SearchAction","target":{"@type":"EntryPoint","urlTemplate":"https:\/\/www.theconservative.online\/fr?s={search_term_string}"},"query-input":{"@type":"PropertyValueSpecification","valueRequired":true,"valueName":"search_term_string"}}],"inLanguage":"fr-FR"},{"@type":"Person","@id":"https:\/\/www.theconservative.online\/fr#\/schema\/person\/ba597107f354c40637f85460639c2da8","name":"Sofia Valenti","image":{"@type":"ImageObject","inLanguage":"fr-FR","@id":"https:\/\/secure.gravatar.com\/avatar\/b8358b98da87b71bcc40d48623c024d8cf0e1c2986353618ef2cc48000381c12?s=96&d=mm&r=g","url":"https:\/\/secure.gravatar.com\/avatar\/b8358b98da87b71bcc40d48623c024d8cf0e1c2986353618ef2cc48000381c12?s=96&d=mm&r=g","contentUrl":"https:\/\/secure.gravatar.com\/avatar\/b8358b98da87b71bcc40d48623c024d8cf0e1c2986353618ef2cc48000381c12?s=96&d=mm&r=g","caption":"Sofia Valenti"},"url":"https:\/\/www.theconservative.online\/fr\/author\/bellantone-euspec-2026-2027"}]}},"acf":[],"_links":{"self":[{"href":"https:\/\/www.theconservative.online\/fr\/wp-json\/wp\/v2\/posts\/62999","targetHints":{"allow":["GET"]}}],"collection":[{"href":"https:\/\/www.theconservative.online\/fr\/wp-json\/wp\/v2\/posts"}],"about":[{"href":"https:\/\/www.theconservative.online\/fr\/wp-json\/wp\/v2\/types\/post"}],"author":[{"embeddable":true,"href":"https:\/\/www.theconservative.online\/fr\/wp-json\/wp\/v2\/users\/93"}],"replies":[{"embeddable":true,"href":"https:\/\/www.theconservative.online\/fr\/wp-json\/wp\/v2\/comments?post=62999"}],"version-history":[{"count":0,"href":"https:\/\/www.theconservative.online\/fr\/wp-json\/wp\/v2\/posts\/62999\/revisions"}],"wp:featuredmedia":[{"embeddable":true,"href":"https:\/\/www.theconservative.online\/fr\/wp-json\/wp\/v2\/media\/62790"}],"wp:attachment":[{"href":"https:\/\/www.theconservative.online\/fr\/wp-json\/wp\/v2\/media?parent=62999"}],"wp:term":[{"taxonomy":"category","embeddable":true,"href":"https:\/\/www.theconservative.online\/fr\/wp-json\/wp\/v2\/categories?post=62999"},{"taxonomy":"post_tag","embeddable":true,"href":"https:\/\/www.theconservative.online\/fr\/wp-json\/wp\/v2\/tags?post=62999"},{"taxonomy":"editorial-positions","embeddable":true,"href":"https:\/\/www.theconservative.online\/fr\/wp-json\/wp\/v2\/editorial-positions?post=62999"},{"taxonomy":"regions","embeddable":true,"href":"https:\/\/www.theconservative.online\/fr\/wp-json\/wp\/v2\/regions?post=62999"},{"taxonomy":"types","embeddable":true,"href":"https:\/\/www.theconservative.online\/fr\/wp-json\/wp\/v2\/types?post=62999"}],"curies":[{"name":"wp","href":"https:\/\/api.w.org\/{rel}","templated":true}]}}