{"id":63082,"date":"2026-08-30T12:10:48","date_gmt":"2026-08-30T12:10:48","guid":{"rendered":"https:\/\/www.theconservative.online\/pourquoi-lislande-a-t-elle-refuse-dadherer-a-lunion-europeenne"},"modified":"2026-08-30T12:10:48","modified_gmt":"2026-08-30T12:10:48","slug":"pourquoi-lislande-a-t-elle-refuse-dadherer-a-lunion-europeenne","status":"publish","type":"post","link":"https:\/\/www.theconservative.online\/fr\/pourquoi-lislande-a-t-elle-refuse-dadherer-a-lunion-europeenne","title":{"rendered":"Pourquoi l&rsquo;Islande a-t-elle refus\u00e9 d&rsquo;adh\u00e9rer \u00e0 l&rsquo;Union europ\u00e9enne ?"},"content":{"rendered":"<p style=\"font-weight: 400;\">Lors du r\u00e9f\u00e9rendum du 29 ao\u00fbt 2026, l\u2019Islande a rejet\u00e9 les n\u00e9gociations sur l\u2019adh\u00e9sion \u00e0 l\u2019Union europ\u00e9enne pour cinq raisons : trois raisons \u00e9conomiques et deux raisons existentielles. Premi\u00e8rement, le choix ne se r\u00e9sumait pas \u00e0 un choix entre l\u2019isolement et l\u2019Europe. L\u2019Islande \u00e9tait membre de l\u2019Espace \u00e9conomique europ\u00e9en depuis 1994, aux c\u00f4t\u00e9s de la Norv\u00e8ge, du Liechtenstein et, \u00e0 des fins pratiques, de la Suisse. Cela signifiait que l\u2019Islande faisait partie du march\u00e9 unique, tandis que la p\u00eache, l\u2019agriculture, le commerce ext\u00e9rieur et les affaires mon\u00e9taires n\u2019\u00e9taient pas plac\u00e9s sous le contr\u00f4le de l\u2019UE. Deuxi\u00e8mement, les Islandais ne souhaitaient pas c\u00e9der le contr\u00f4le de ces quatre secteurs importants \u00e0 l\u2019UE, en particulier leur secteur de la p\u00eache, durable et rentable, ni perdre la possibilit\u00e9 de conclure des accords de libre-\u00e9change avec des pays tels que la Chine, l\u2019Inde, les \u00c9tats-Unis et le Br\u00e9sil. La troisi\u00e8me raison \u00e9conomique \u00e9tait que l\u2019Islande, pays prosp\u00e8re, apporterait bien plus \u00e0 l\u2019UE qu\u2019elle n\u2019en recevrait en retour. Les Islandais n\u2019ont pas appr\u00e9ci\u00e9 que <em>Politico<\/em> cite un responsable de l\u2019UE qui avait d\u00e9clar\u00e9 esp\u00e9rer que l\u2019Islande et le Mont\u00e9n\u00e9gro adh\u00e8rent en m\u00eame temps, car les b\u00e9n\u00e9fices tir\u00e9s de l\u2019Islande couvriraient les co\u00fbts li\u00e9s au Mont\u00e9n\u00e9gro. <\/p>\n<h3 style=\"font-weight: 400;\">Les perspectives de l&rsquo;UE<\/h3>\n<p style=\"font-weight: 400;\">L\u2019une des raisons fondamentales du rejet de l\u2019adh\u00e9sion tenait au fait que les perspectives de l\u2019UE ne semblent gu\u00e8re prometteuses. Elle est confront\u00e9e \u00e0 d\u2019importants d\u00e9fis financiers dans un avenir proche : des engagements de retraite non provisionn\u00e9s, alors que le syst\u00e8me de retraite islandais est le plus solide au monde ; des d\u00e9ficits publics persistants dans de nombreux pays membres ; des d\u00e9penses pr\u00e9vues substantielles en mati\u00e8re de capacit\u00e9s militaires, alors que l\u2019Islande a conclu un trait\u00e9 de d\u00e9fense avec les \u00c9tats-Unis ; et le co\u00fbt in\u00e9vitable li\u00e9 aux neuf pays candidats relativement pauvres d\u2019Europe du Sud-Est. Malgr\u00e9 ces d\u00e9fis, l\u2019\u00e9lite bruxelloise <a href=\"https:\/\/www.theconservative.online\/verhofstadts-epistle-to-the-icelanders\">tente<\/a> de transformer l\u2019UE en un \u00c9tat f\u00e9d\u00e9ral, contre la volont\u00e9 de la plupart des \u00e9lecteurs europ\u00e9ens.<\/p><div class='related_content'><span>RELATED<\/span><ul><li><a href='https:\/\/www.theconservative.online\/fr\/le-non-islandais-et-leurope-des-nations'>Le \u00ab non \u00bb islandais et l&rsquo;Europe des nations<\/li><\/a><li><a href='https:\/\/www.theconservative.online\/fr\/quelques-reflexions-a-la-suite-du-discours-du-commissaire-charge-de-lelargissement-a-zagreb'>Quelques r\u00e9flexions \u00e0 la suite du discours du commissaire charg\u00e9 de l&rsquo;\u00e9largissement \u00e0 Zagreb<\/li><\/a><li><a href='https:\/\/www.theconservative.online\/fr\/la-reorientation-industrielle-de-leurope-met-la-chine-lenergie-et-linvestissement-sur-le-devant-de-la-scene'>La r\u00e9orientation industrielle de l&rsquo;Europe met la Chine, l&rsquo;\u00e9nergie et l&rsquo;investissement sur le devant de la sc\u00e8ne<\/li><\/a><\/ul><\/div>\n<h3 style=\"font-weight: 400;\">Une forte identit\u00e9 nationale<\/h3>\n<p style=\"font-weight: 400;\">Une autre raison d\u2019ordre existentiel pourrait expliquer pourquoi la droite et la gauche islandaises se sont unies contre l\u2019adh\u00e9sion \u00e0 l\u2019UE, le soutien \u00e0 l\u2019Union se limitant largement aux intellectuels urbains et aux fonctionnaires. Il s\u2019agit de la forte <a href=\"https:\/\/www.theconservative.online\/the-eu-and-icelandic-exceptionalism\">identit\u00e9 nationale islandaise<\/a> forg\u00e9e lors de la lutte pour l\u2019ind\u00e9pendance au XIXe si\u00e8cle, qui a abouti \u00e0 l\u2019octroi de la souverainet\u00e9 \u00e0 l\u2019Islande par le Danemark en 1918. Cette identit\u00e9 a \u00e9t\u00e9 encore renforc\u00e9e par les quatre \u00ab guerres de la morue \u00bb que l\u2019Islande a men\u00e9es jusqu\u2019en 1976 pour obtenir le contr\u00f4le des zones de p\u00eache fertiles entourant l\u2019\u00eele. Cette identit\u00e9 nationale reposait sur le souvenir du Commonwealth islandais ind\u00e9pendant de 930 \u00e0 1262, r\u00e9gi par la loi plut\u00f4t que par un roi, ainsi que sur le souvenir de l\u2019\u00e2ge sombre qui s\u2019ensuivit, durant lequel l\u2019Islande dut se soumettre d\u2019abord au roi de Norv\u00e8ge, puis au roi du Danemark. Sans surprise, certains de mes coll\u00e8gues de l\u2019Universit\u00e9 d\u2019Islande, tels que les professeurs Baldur Th\u00f3rhallsson et <a href=\"https:\/\/www.dv.is\/eyjan\/2026\/08\/13\/gudmundur-jardar-lifseiga-soguskodun-thetta-stenst-ekki-sogulega-skodun\">Gudmundur H\u00e1lfdanarson<\/a>, qui ont b\u00e9n\u00e9fici\u00e9 d\u2019un g\u00e9n\u00e9reux financement de l\u2019UE, ont fait de leur mieux pour d\u00e9nigrer, voire ridiculiser, ce souvenir.  <\/p>\n<h3 style=\"font-weight: 400;\">Un slogan astucieux<\/h3>\n<p style=\"font-weight: 400;\">Ces cinq raisons de ne pas adh\u00e9rer \u00e0 l\u2019UE ont \u00e9t\u00e9 pr\u00e9sent\u00e9es dans le cadre d\u2019une campagne bien organis\u00e9e et presque irr\u00e9prochable men\u00e9e par les partisans du \u00ab non \u00bb. Les partisans du \u00ab oui \u00bb, en revanche, se sont principalement appuy\u00e9s sur un slogan astucieux, <em>\u00ab J\u00e1 til ad sj\u00e1<\/em> \u00bb, difficile \u00e0 traduire en anglais. De mani\u00e8re admirablement concise, cela signifie en r\u00e9alit\u00e9 : \u00ab Votez oui pour d\u00e9couvrir ce que l\u2019UE peut offrir \u00e0 l\u2019Islande lors des n\u00e9gociations. \u00bb Qui pourrait s\u2019opposer \u00e0 cela ? Seuls ceux qui avaient lu les instructions d\u00e9taill\u00e9es de l\u2019UE \u00e0 l\u2019intention des pays candidats, bien s\u00fbr.<\/p>\n<h3 style=\"font-weight: 400;\">Attaques personnelles virulentes<\/h3>\n<p style=\"font-weight: 400;\">Le camp du \u00ab oui \u00bb s\u2019est \u00e9galement appuy\u00e9 sur trois stratag\u00e8mes. Le premier consistait \u00e0 promettre un niveau de vie bien sup\u00e9rieur \u00e0 celui dont l\u2019Islande b\u00e9n\u00e9ficiait d\u00e9j\u00e0 si le pays adh\u00e9rait \u00e0 l\u2019UE. Cet argument n\u2019\u00e9tait pas convaincant dans un pays bien plus prosp\u00e8re que la plupart des pays de l\u2019UE. La deuxi\u00e8me strat\u00e9gie consistait \u00e0 faire du pr\u00e9sident am\u00e9ricain Donald Trump un sujet de d\u00e9bat. Cela n\u2019a pas fonctionn\u00e9 non plus. Les propos irr\u00e9fl\u00e9chis d\u2019un pr\u00e9sident \u00e0 qui il ne reste plus que deux ans et demi \u00e0 exercer ses fonctions ne changent pas la politique \u00e9trang\u00e8re \u00e0 long terme d\u2019une nation. La troisi\u00e8me strat\u00e9gie consistait en de violentes attaques personnelles contre les deux porte-parole les plus efficaces du camp du \u00ab non \u00bb : le Dr Carl Baudenbacher, expert en droit europ\u00e9en de renomm\u00e9e internationale, qui, en tant que pr\u00e9sident de la Cour de l\u2019AELE en 2013, avait donn\u00e9 raison \u00e0 l\u2019Islande dans une <a href=\"https:\/\/www.theconservative.online\/fr\/deux-etrangers-qui-ont-sauve-lislande\">affaire importante<\/a> concernant les responsabilit\u00e9s d\u00e9coulant de l\u2019effondrement des banques islandaises en 2008, et \u00d3lafur Ragnar Gr\u00edmsson, qui avait \u00e9t\u00e9 pr\u00e9sident de l\u2019Islande pendant vingt ans, de 1996 \u00e0 2016. Le Dr Baudenbacher a publi\u00e9 un <a href=\"https:\/\/www.theconservative.online\/fr?p=61995\">ouvrage<\/a> sur l\u2019Islande et l\u2019UE et a donn\u00e9 une conf\u00e9rence devant une salle comble. \u00d3lafur Ragnar a prononc\u00e9 une s\u00e9rie de discours convaincants et accord\u00e9 des interviews t\u00e9l\u00e9vis\u00e9es. Les attaques du camp du \u00ab oui \u00bb \u00e0 leur encontre se sont retourn\u00e9es contre eux. <\/p>\n<p style=\"font-weight: 400;\">(La photo montre le Dr Baudenbacher en train de donner sa conf\u00e9rence le 10 ao\u00fbt 2026, sous la pr\u00e9sidence d&rsquo;\u00d3lafur Ragnar Gr\u00edmsson.)<\/p>\n<\/p>","protected":false},"excerpt":{"rendered":"<p>Lors du r\u00e9f\u00e9rendum du 29 ao\u00fbt 2026, l\u2019Islande a rejet\u00e9 les n\u00e9gociations sur l\u2019adh\u00e9sion \u00e0 l\u2019Union europ\u00e9enne pour cinq raisons : trois raisons \u00e9conomiques et deux raisons existentielles. Premi\u00e8rement, le choix ne se r\u00e9sumait pas \u00e0 un choix entre l\u2019isolement et l\u2019Europe. L\u2019Islande \u00e9tait membre de l\u2019Espace \u00e9conomique europ\u00e9en depuis 1994, aux c\u00f4t\u00e9s de la [&hellip;]<\/p>\n","protected":false},"author":82,"featured_media":62812,"comment_status":"closed","ping_status":"closed","sticky":false,"template":"","format":"standard","meta":{"footnotes":""},"categories":[2533,2546,2575,2549],"tags":[3388,599,72,1028,3482],"editorial-positions":[],"regions":[2563],"types":[2570],"class_list":["post-63082","post","type-post","status-publish","format-standard","has-post-thumbnail","hentry","category-culture-fr","category-essais","category-le-monde","category-politique","tag-european-economic-area","tag-european-union","tag-iceland","tag-nationalism","tag-single-market","regions-northern-europe-fr","types-opinion-fr"],"yoast_head":"<!-- This site is optimized with the Yoast SEO plugin v28.0 - https:\/\/yoast.com\/product\/yoast-seo-wordpress\/ -->\n<title>Pourquoi l&#039;Islande a-t-elle refus\u00e9 d&#039;adh\u00e9rer \u00e0 l&#039;Union europ\u00e9enne ? - The Conservative<\/title>\n<meta name=\"robots\" content=\"index, follow, max-snippet:-1, max-image-preview:large, max-video-preview:-1\" \/>\n<link rel=\"canonical\" href=\"https:\/\/www.theconservative.online\/fr\/pourquoi-lislande-a-t-elle-refuse-dadherer-a-lunion-europeenne\" \/>\n<meta property=\"og:locale\" content=\"fr_FR\" \/>\n<meta property=\"og:type\" content=\"article\" \/>\n<meta property=\"og:title\" content=\"Pourquoi l&#039;Islande a-t-elle refus\u00e9 d&#039;adh\u00e9rer \u00e0 l&#039;Union europ\u00e9enne ? - The Conservative\" \/>\n<meta property=\"og:description\" content=\"Lors du r\u00e9f\u00e9rendum du 29 ao\u00fbt 2026, l\u2019Islande a rejet\u00e9 les n\u00e9gociations sur l\u2019adh\u00e9sion \u00e0 l\u2019Union europ\u00e9enne pour cinq raisons : trois raisons \u00e9conomiques et deux raisons existentielles. Premi\u00e8rement, le choix ne se r\u00e9sumait pas \u00e0 un choix entre l\u2019isolement et l\u2019Europe. L\u2019Islande \u00e9tait membre de l\u2019Espace \u00e9conomique europ\u00e9en depuis 1994, aux c\u00f4t\u00e9s de la [&hellip;]\" \/>\n<meta property=\"og:url\" content=\"https:\/\/www.theconservative.online\/fr\/pourquoi-lislande-a-t-elle-refuse-dadherer-a-lunion-europeenne\" \/>\n<meta property=\"og:site_name\" content=\"The Conservative\" \/>\n<meta property=\"article:author\" content=\"https:\/\/www.facebook.com\/hannes.h.gissurarson\" \/>\n<meta property=\"article:published_time\" content=\"2026-08-30T12:10:48+00:00\" \/>\n<meta property=\"og:image\" content=\"https:\/\/www.theconservative.online\/wp-content\/uploads\/2026\/08\/Baudenbacher.OlafurRagnar.jpg\" \/>\n\t<meta property=\"og:image:width\" content=\"944\" \/>\n\t<meta property=\"og:image:height\" content=\"537\" \/>\n\t<meta property=\"og:image:type\" content=\"image\/jpeg\" \/>\n<meta name=\"author\" content=\"Hannes Gissurarson\" \/>\n<meta name=\"twitter:card\" content=\"summary_large_image\" \/>\n<meta name=\"twitter:creator\" content=\"@HHGConferences\" \/>\n<meta name=\"twitter:label1\" content=\"\u00c9crit par\" \/>\n\t<meta name=\"twitter:data1\" content=\"Hannes Gissurarson\" \/>\n\t<meta name=\"twitter:label2\" content=\"Dur\u00e9e de lecture estim\u00e9e\" \/>\n\t<meta name=\"twitter:data2\" content=\"5 minutes\" \/>\n<script type=\"application\/ld+json\" class=\"yoast-schema-graph\">{\"@context\":\"https:\\\/\\\/schema.org\",\"@graph\":[{\"@type\":\"Article\",\"@id\":\"https:\\\/\\\/www.theconservative.online\\\/fr\\\/pourquoi-lislande-a-t-elle-refuse-dadherer-a-lunion-europeenne#article\",\"isPartOf\":{\"@id\":\"https:\\\/\\\/www.theconservative.online\\\/fr\\\/pourquoi-lislande-a-t-elle-refuse-dadherer-a-lunion-europeenne\"},\"author\":{\"name\":\"Hannes Gissurarson\",\"@id\":\"https:\\\/\\\/www.theconservative.online\\\/fr#\\\/schema\\\/person\\\/f846a1e867ea22696d18c11389594bf5\"},\"headline\":\"Pourquoi l&rsquo;Islande a-t-elle refus\u00e9 d&rsquo;adh\u00e9rer \u00e0 l&rsquo;Union europ\u00e9enne ?\",\"datePublished\":\"2026-08-30T12:10:48+00:00\",\"mainEntityOfPage\":{\"@id\":\"https:\\\/\\\/www.theconservative.online\\\/fr\\\/pourquoi-lislande-a-t-elle-refuse-dadherer-a-lunion-europeenne\"},\"wordCount\":1031,\"image\":{\"@id\":\"https:\\\/\\\/www.theconservative.online\\\/fr\\\/pourquoi-lislande-a-t-elle-refuse-dadherer-a-lunion-europeenne#primaryimage\"},\"thumbnailUrl\":\"https:\\\/\\\/www.theconservative.online\\\/wp-content\\\/uploads\\\/2026\\\/08\\\/Baudenbacher.OlafurRagnar.jpg\",\"keywords\":[\"European Economic Area\",\"European Union\",\"Iceland\",\"Nationalism\",\"Single Market\"],\"articleSection\":[\"Culture\",\"Essais\",\"Le monde\",\"Politique\"],\"inLanguage\":\"fr-FR\"},{\"@type\":\"WebPage\",\"@id\":\"https:\\\/\\\/www.theconservative.online\\\/fr\\\/pourquoi-lislande-a-t-elle-refuse-dadherer-a-lunion-europeenne\",\"url\":\"https:\\\/\\\/www.theconservative.online\\\/fr\\\/pourquoi-lislande-a-t-elle-refuse-dadherer-a-lunion-europeenne\",\"name\":\"Pourquoi l'Islande a-t-elle refus\u00e9 d'adh\u00e9rer \u00e0 l'Union europ\u00e9enne ? - The Conservative\",\"isPartOf\":{\"@id\":\"https:\\\/\\\/www.theconservative.online\\\/fr#website\"},\"primaryImageOfPage\":{\"@id\":\"https:\\\/\\\/www.theconservative.online\\\/fr\\\/pourquoi-lislande-a-t-elle-refuse-dadherer-a-lunion-europeenne#primaryimage\"},\"image\":{\"@id\":\"https:\\\/\\\/www.theconservative.online\\\/fr\\\/pourquoi-lislande-a-t-elle-refuse-dadherer-a-lunion-europeenne#primaryimage\"},\"thumbnailUrl\":\"https:\\\/\\\/www.theconservative.online\\\/wp-content\\\/uploads\\\/2026\\\/08\\\/Baudenbacher.OlafurRagnar.jpg\",\"datePublished\":\"2026-08-30T12:10:48+00:00\",\"author\":{\"@id\":\"https:\\\/\\\/www.theconservative.online\\\/fr#\\\/schema\\\/person\\\/f846a1e867ea22696d18c11389594bf5\"},\"breadcrumb\":{\"@id\":\"https:\\\/\\\/www.theconservative.online\\\/fr\\\/pourquoi-lislande-a-t-elle-refuse-dadherer-a-lunion-europeenne#breadcrumb\"},\"inLanguage\":\"fr-FR\",\"potentialAction\":[{\"@type\":\"ReadAction\",\"target\":[\"https:\\\/\\\/www.theconservative.online\\\/fr\\\/pourquoi-lislande-a-t-elle-refuse-dadherer-a-lunion-europeenne\"]}]},{\"@type\":\"ImageObject\",\"inLanguage\":\"fr-FR\",\"@id\":\"https:\\\/\\\/www.theconservative.online\\\/fr\\\/pourquoi-lislande-a-t-elle-refuse-dadherer-a-lunion-europeenne#primaryimage\",\"url\":\"https:\\\/\\\/www.theconservative.online\\\/wp-content\\\/uploads\\\/2026\\\/08\\\/Baudenbacher.OlafurRagnar.jpg\",\"contentUrl\":\"https:\\\/\\\/www.theconservative.online\\\/wp-content\\\/uploads\\\/2026\\\/08\\\/Baudenbacher.OlafurRagnar.jpg\",\"width\":944,\"height\":537},{\"@type\":\"BreadcrumbList\",\"@id\":\"https:\\\/\\\/www.theconservative.online\\\/fr\\\/pourquoi-lislande-a-t-elle-refuse-dadherer-a-lunion-europeenne#breadcrumb\",\"itemListElement\":[{\"@type\":\"ListItem\",\"position\":1,\"name\":\"Home\",\"item\":\"https:\\\/\\\/www.theconservative.online\\\/fr\\\/home\"},{\"@type\":\"ListItem\",\"position\":2,\"name\":\"Pourquoi l&rsquo;Islande a-t-elle refus\u00e9 d&rsquo;adh\u00e9rer \u00e0 l&rsquo;Union europ\u00e9enne ?\"}]},{\"@type\":\"WebSite\",\"@id\":\"https:\\\/\\\/www.theconservative.online\\\/fr#website\",\"url\":\"https:\\\/\\\/www.theconservative.online\\\/fr\",\"name\":\"The Conservative\",\"description\":\"\",\"potentialAction\":[{\"@type\":\"SearchAction\",\"target\":{\"@type\":\"EntryPoint\",\"urlTemplate\":\"https:\\\/\\\/www.theconservative.online\\\/fr?s={search_term_string}\"},\"query-input\":{\"@type\":\"PropertyValueSpecification\",\"valueRequired\":true,\"valueName\":\"search_term_string\"}}],\"inLanguage\":\"fr-FR\"},{\"@type\":\"Person\",\"@id\":\"https:\\\/\\\/www.theconservative.online\\\/fr#\\\/schema\\\/person\\\/f846a1e867ea22696d18c11389594bf5\",\"name\":\"Hannes Gissurarson\",\"image\":{\"@type\":\"ImageObject\",\"inLanguage\":\"fr-FR\",\"@id\":\"https:\\\/\\\/secure.gravatar.com\\\/avatar\\\/5b34f276b6474dfca32871d1defaa3703e4969d4d69ff8b5a2542fc232dc85a6?s=96&d=mm&r=g\",\"url\":\"https:\\\/\\\/secure.gravatar.com\\\/avatar\\\/5b34f276b6474dfca32871d1defaa3703e4969d4d69ff8b5a2542fc232dc85a6?s=96&d=mm&r=g\",\"contentUrl\":\"https:\\\/\\\/secure.gravatar.com\\\/avatar\\\/5b34f276b6474dfca32871d1defaa3703e4969d4d69ff8b5a2542fc232dc85a6?s=96&d=mm&r=g\",\"caption\":\"Hannes Gissurarson\"},\"description\":\"Born in 1953. D. Phil. Politics Oxford 1985. Professor of Politics 1988\u20132023. Professor Emeritus since 2023. Member of the Board of Directors Mont Pelerin Society 1998\u20132004. Member of the Board of Overseers Central Bank of Iceland 2001\u20132009. Visiting Scholar, Hoover Institution and many universities.\",\"sameAs\":[\"https:\\\/\\\/www.facebook.com\\\/hannes.h.gissurarson\",\"https:\\\/\\\/www.instagram.com\\\/hannes1953\\\/\",\"https:\\\/\\\/www.linkedin.com\\\/in\\\/hannes-gissurarson-90485239\\\/\",\"https:\\\/\\\/x.com\\\/HHGConferences\",\"https:\\\/\\\/en.wikipedia.org\\\/wiki\\\/Hannes_H\u00f3lmsteinn_Gissurarson\"],\"url\":\"https:\\\/\\\/www.theconservative.online\\\/fr\\\/author\\\/hannes-eunat-2025-26\"}]}<\/script>\n<!-- \/ Yoast SEO plugin. -->","yoast_head_json":{"title":"Pourquoi l'Islande a-t-elle refus\u00e9 d'adh\u00e9rer \u00e0 l'Union europ\u00e9enne ? - The Conservative","robots":{"index":"index","follow":"follow","max-snippet":"max-snippet:-1","max-image-preview":"max-image-preview:large","max-video-preview":"max-video-preview:-1"},"canonical":"https:\/\/www.theconservative.online\/fr\/pourquoi-lislande-a-t-elle-refuse-dadherer-a-lunion-europeenne","og_locale":"fr_FR","og_type":"article","og_title":"Pourquoi l'Islande a-t-elle refus\u00e9 d'adh\u00e9rer \u00e0 l'Union europ\u00e9enne ? - The Conservative","og_description":"Lors du r\u00e9f\u00e9rendum du 29 ao\u00fbt 2026, l\u2019Islande a rejet\u00e9 les n\u00e9gociations sur l\u2019adh\u00e9sion \u00e0 l\u2019Union europ\u00e9enne pour cinq raisons : trois raisons \u00e9conomiques et deux raisons existentielles. Premi\u00e8rement, le choix ne se r\u00e9sumait pas \u00e0 un choix entre l\u2019isolement et l\u2019Europe. L\u2019Islande \u00e9tait membre de l\u2019Espace \u00e9conomique europ\u00e9en depuis 1994, aux c\u00f4t\u00e9s de la [&hellip;]","og_url":"https:\/\/www.theconservative.online\/fr\/pourquoi-lislande-a-t-elle-refuse-dadherer-a-lunion-europeenne","og_site_name":"The Conservative","article_author":"https:\/\/www.facebook.com\/hannes.h.gissurarson","article_published_time":"2026-08-30T12:10:48+00:00","og_image":[{"width":944,"height":537,"url":"https:\/\/www.theconservative.online\/wp-content\/uploads\/2026\/08\/Baudenbacher.OlafurRagnar.jpg","type":"image\/jpeg"}],"author":"Hannes Gissurarson","twitter_card":"summary_large_image","twitter_creator":"@HHGConferences","twitter_misc":{"\u00c9crit par":"Hannes Gissurarson","Dur\u00e9e de lecture estim\u00e9e":"5 minutes"},"schema":{"@context":"https:\/\/schema.org","@graph":[{"@type":"Article","@id":"https:\/\/www.theconservative.online\/fr\/pourquoi-lislande-a-t-elle-refuse-dadherer-a-lunion-europeenne#article","isPartOf":{"@id":"https:\/\/www.theconservative.online\/fr\/pourquoi-lislande-a-t-elle-refuse-dadherer-a-lunion-europeenne"},"author":{"name":"Hannes Gissurarson","@id":"https:\/\/www.theconservative.online\/fr#\/schema\/person\/f846a1e867ea22696d18c11389594bf5"},"headline":"Pourquoi l&rsquo;Islande a-t-elle refus\u00e9 d&rsquo;adh\u00e9rer \u00e0 l&rsquo;Union europ\u00e9enne ?","datePublished":"2026-08-30T12:10:48+00:00","mainEntityOfPage":{"@id":"https:\/\/www.theconservative.online\/fr\/pourquoi-lislande-a-t-elle-refuse-dadherer-a-lunion-europeenne"},"wordCount":1031,"image":{"@id":"https:\/\/www.theconservative.online\/fr\/pourquoi-lislande-a-t-elle-refuse-dadherer-a-lunion-europeenne#primaryimage"},"thumbnailUrl":"https:\/\/www.theconservative.online\/wp-content\/uploads\/2026\/08\/Baudenbacher.OlafurRagnar.jpg","keywords":["European Economic Area","European Union","Iceland","Nationalism","Single Market"],"articleSection":["Culture","Essais","Le monde","Politique"],"inLanguage":"fr-FR"},{"@type":"WebPage","@id":"https:\/\/www.theconservative.online\/fr\/pourquoi-lislande-a-t-elle-refuse-dadherer-a-lunion-europeenne","url":"https:\/\/www.theconservative.online\/fr\/pourquoi-lislande-a-t-elle-refuse-dadherer-a-lunion-europeenne","name":"Pourquoi l'Islande a-t-elle refus\u00e9 d'adh\u00e9rer \u00e0 l'Union europ\u00e9enne ? - The Conservative","isPartOf":{"@id":"https:\/\/www.theconservative.online\/fr#website"},"primaryImageOfPage":{"@id":"https:\/\/www.theconservative.online\/fr\/pourquoi-lislande-a-t-elle-refuse-dadherer-a-lunion-europeenne#primaryimage"},"image":{"@id":"https:\/\/www.theconservative.online\/fr\/pourquoi-lislande-a-t-elle-refuse-dadherer-a-lunion-europeenne#primaryimage"},"thumbnailUrl":"https:\/\/www.theconservative.online\/wp-content\/uploads\/2026\/08\/Baudenbacher.OlafurRagnar.jpg","datePublished":"2026-08-30T12:10:48+00:00","author":{"@id":"https:\/\/www.theconservative.online\/fr#\/schema\/person\/f846a1e867ea22696d18c11389594bf5"},"breadcrumb":{"@id":"https:\/\/www.theconservative.online\/fr\/pourquoi-lislande-a-t-elle-refuse-dadherer-a-lunion-europeenne#breadcrumb"},"inLanguage":"fr-FR","potentialAction":[{"@type":"ReadAction","target":["https:\/\/www.theconservative.online\/fr\/pourquoi-lislande-a-t-elle-refuse-dadherer-a-lunion-europeenne"]}]},{"@type":"ImageObject","inLanguage":"fr-FR","@id":"https:\/\/www.theconservative.online\/fr\/pourquoi-lislande-a-t-elle-refuse-dadherer-a-lunion-europeenne#primaryimage","url":"https:\/\/www.theconservative.online\/wp-content\/uploads\/2026\/08\/Baudenbacher.OlafurRagnar.jpg","contentUrl":"https:\/\/www.theconservative.online\/wp-content\/uploads\/2026\/08\/Baudenbacher.OlafurRagnar.jpg","width":944,"height":537},{"@type":"BreadcrumbList","@id":"https:\/\/www.theconservative.online\/fr\/pourquoi-lislande-a-t-elle-refuse-dadherer-a-lunion-europeenne#breadcrumb","itemListElement":[{"@type":"ListItem","position":1,"name":"Home","item":"https:\/\/www.theconservative.online\/fr\/home"},{"@type":"ListItem","position":2,"name":"Pourquoi l&rsquo;Islande a-t-elle refus\u00e9 d&rsquo;adh\u00e9rer \u00e0 l&rsquo;Union europ\u00e9enne ?"}]},{"@type":"WebSite","@id":"https:\/\/www.theconservative.online\/fr#website","url":"https:\/\/www.theconservative.online\/fr","name":"The Conservative","description":"","potentialAction":[{"@type":"SearchAction","target":{"@type":"EntryPoint","urlTemplate":"https:\/\/www.theconservative.online\/fr?s={search_term_string}"},"query-input":{"@type":"PropertyValueSpecification","valueRequired":true,"valueName":"search_term_string"}}],"inLanguage":"fr-FR"},{"@type":"Person","@id":"https:\/\/www.theconservative.online\/fr#\/schema\/person\/f846a1e867ea22696d18c11389594bf5","name":"Hannes Gissurarson","image":{"@type":"ImageObject","inLanguage":"fr-FR","@id":"https:\/\/secure.gravatar.com\/avatar\/5b34f276b6474dfca32871d1defaa3703e4969d4d69ff8b5a2542fc232dc85a6?s=96&d=mm&r=g","url":"https:\/\/secure.gravatar.com\/avatar\/5b34f276b6474dfca32871d1defaa3703e4969d4d69ff8b5a2542fc232dc85a6?s=96&d=mm&r=g","contentUrl":"https:\/\/secure.gravatar.com\/avatar\/5b34f276b6474dfca32871d1defaa3703e4969d4d69ff8b5a2542fc232dc85a6?s=96&d=mm&r=g","caption":"Hannes Gissurarson"},"description":"Born in 1953. D. Phil. Politics Oxford 1985. Professor of Politics 1988\u20132023. Professor Emeritus since 2023. Member of the Board of Directors Mont Pelerin Society 1998\u20132004. Member of the Board of Overseers Central Bank of Iceland 2001\u20132009. Visiting Scholar, Hoover Institution and many universities.","sameAs":["https:\/\/www.facebook.com\/hannes.h.gissurarson","https:\/\/www.instagram.com\/hannes1953\/","https:\/\/www.linkedin.com\/in\/hannes-gissurarson-90485239\/","https:\/\/x.com\/HHGConferences","https:\/\/en.wikipedia.org\/wiki\/Hannes_H\u00f3lmsteinn_Gissurarson"],"url":"https:\/\/www.theconservative.online\/fr\/author\/hannes-eunat-2025-26"}]}},"acf":[],"_links":{"self":[{"href":"https:\/\/www.theconservative.online\/fr\/wp-json\/wp\/v2\/posts\/63082","targetHints":{"allow":["GET"]}}],"collection":[{"href":"https:\/\/www.theconservative.online\/fr\/wp-json\/wp\/v2\/posts"}],"about":[{"href":"https:\/\/www.theconservative.online\/fr\/wp-json\/wp\/v2\/types\/post"}],"author":[{"embeddable":true,"href":"https:\/\/www.theconservative.online\/fr\/wp-json\/wp\/v2\/users\/82"}],"replies":[{"embeddable":true,"href":"https:\/\/www.theconservative.online\/fr\/wp-json\/wp\/v2\/comments?post=63082"}],"version-history":[{"count":0,"href":"https:\/\/www.theconservative.online\/fr\/wp-json\/wp\/v2\/posts\/63082\/revisions"}],"wp:featuredmedia":[{"embeddable":true,"href":"https:\/\/www.theconservative.online\/fr\/wp-json\/wp\/v2\/media\/62812"}],"wp:attachment":[{"href":"https:\/\/www.theconservative.online\/fr\/wp-json\/wp\/v2\/media?parent=63082"}],"wp:term":[{"taxonomy":"category","embeddable":true,"href":"https:\/\/www.theconservative.online\/fr\/wp-json\/wp\/v2\/categories?post=63082"},{"taxonomy":"post_tag","embeddable":true,"href":"https:\/\/www.theconservative.online\/fr\/wp-json\/wp\/v2\/tags?post=63082"},{"taxonomy":"editorial-positions","embeddable":true,"href":"https:\/\/www.theconservative.online\/fr\/wp-json\/wp\/v2\/editorial-positions?post=63082"},{"taxonomy":"regions","embeddable":true,"href":"https:\/\/www.theconservative.online\/fr\/wp-json\/wp\/v2\/regions?post=63082"},{"taxonomy":"types","embeddable":true,"href":"https:\/\/www.theconservative.online\/fr\/wp-json\/wp\/v2\/types?post=63082"}],"curies":[{"name":"wp","href":"https:\/\/api.w.org\/{rel}","templated":true}]}}