{"id":62903,"date":"2026-08-31T13:57:52","date_gmt":"2026-08-31T13:57:52","guid":{"rendered":"https:\/\/www.theconservative.online\/islandski-broj-ne-i-europa-nacija"},"modified":"2026-08-31T13:57:52","modified_gmt":"2026-08-31T13:57:52","slug":"islandski-broj-ne-i-europa-nacija","status":"publish","type":"post","link":"https:\/\/www.theconservative.online\/hr\/islandski-broj-ne-i-europa-nacija","title":{"rendered":"Islandski broj ne i Europa nacija"},"content":{"rendered":"<p><em>Odbijanjem ponovnog otvaranja pregovora o pristupanju EU, Islan\u0111ani su branili kontrolu nad svojim resursima i podr\u017eali oblik europske suradnje koji demokratsku vlast ostavlja bli\u017ee domu.<\/em><\/p>\n<p>Bruxelles si je dopustio nadati se da bi Island mogao postati najlak\u0161i uspjeh pro\u0161irenja Europske unije. Zemlja je bogata, demokratska i ve\u0107 utkana u velik dio europskog trgova\u010dkog i pravnog poretka. Pa ipak, 29. kolovoza Islan\u0111ani su odbili \u010dak i ponovno otvoriti pregovore o pristupanju koji su napu\u0161teni prije vi\u0161e od desetlje\u0107a. <a href=\"https:\/\/www.internazionale.it\/ultime-notizie-reuters\/2026\/08\/30\/iceland-votes-on-whether-to-start-eu-membership-talks\">Kona\u010dni rezultat<\/a> bio je 52,8 posto za Ne i 47,2 posto za Da, uz izlaznost od 82,5 posto. Ta neobi\u010dno visoka participacija daje odluci demokratsku te\u017einu koju tijesna razlika ne umanjuje.<\/p><div class='related_content'><span>RELATED<\/span><ul><li><a href='https:\/\/www.theconservative.online\/hr\/neka-razmatranja-nakon-govora-povjerenika-za-prosirenje-u-zagrebu'>Neka razmatranja nakon govora povjerenika za pro\u0161irenje u Zagrebu<\/li><\/a><li><a href='https:\/\/www.theconservative.online\/hr\/zasto-je-island-odbio-clanstvo-u-eu'>Za\u0161to je Island odbio \u010dlanstvo u EU<\/li><\/a><li><a href='https:\/\/www.theconservative.online\/hr\/industrijski-reset-europe-stavlja-kinu-energiju-i-ulaganja-u-fokus'>Industrijski reset Europe stavlja Kinu, energiju i ulaganja u fokus<\/li><\/a><\/ul><\/div>\n<p>Formulacija je va\u017ena. Island nije glasao o dovr\u0161enom ugovoru o \u010dlanstvu, niti je glasao za prekid veza s kontinentom. Konzultativno pitanje pitalo je treba li vlada nastaviti pregovore o pristupanju. Odgovor &#8220;da&#8221; bi samo otvorio pregovore, uz obe\u0107anje jo\u0161 jednog referenduma prije nego \u0161to \u010dlanstvo stupi na snagu. Bira\u010dko tijelo je odbacilo \u010dak i taj preliminarni mandat. Ovo nije bio glas protiv Europe; to je bilo odbijanje prihva\u0107anja da bli\u017ea europska suradnja mora, prije ili kasnije, dovesti do politi\u010dkog \u010dlanstva u Uniji.<\/p>\n<p>Vlada lijevog centra poku\u0161ala je argumentirati u neuobi\u010dajeno povoljnim okolnostima. Slom starih trgovinskih pretpostavki, napetosti na Arktiku i ponovljeni interes predsjednika Donalda Trumpa za stjecanje susjednog Grenlanda predstavljeni su kao razlozi za tra\u017eenje uto\u010di\u0161ta u ve\u0107em politi\u010dkom bloku. Pristalice su tako\u0111er tvrdile da bi kona\u010dni ulazak u euro mogao ubla\u017eiti visoke kamatne stope Islanda i pritiske tro\u0161kova \u017eivota. Ankete su neko vrijeme sugerirale da bi oprezan odgovor &#8220;da&#8221; pregovorima mogao prevladati. Umjesto toga, bira\u010di su odvojili stvarne probleme s kojima se njihova zemlja suo\u010dava od institucionalnog odgovora koji je predlo\u017eila vlada.<\/p>\n<p>Karta glasovanja govori dio pri\u010de. Samo su dvije sredi\u0161nje izborne jedinice u Reykjaviku podr\u017eale obnovljene pregovore; predgra\u0111a glavnog grada i ostatak zemlje glasali su protiv. Ta se podjela ne bi trebala svesti na staru metropolitansku naviku tretiranja ruralnog opreza kao neznanja. Izvan glavnog grada, tro\u0161kovi prijenosa ovlasti nad zemlji\u0161tem, proizvodnjom hrane i morskim resursima manje su teoretski. Zajednice izgra\u0111ene oko tih sektora to\u010dno znaju koje bi odluke bile izlo\u017eene pregovaranju u Bruxellesu, a koje bi nacionalne za\u0161titne mjere mogle postati privremene iznimke.<\/p>\n<p>Ribarstvo je bilo odlu\u010duju\u0107e jer nije ni muzejski eksponat ni simbol kampanje. Sektor doprinosi s oko 15 posto islandske proizvodnje kada se uklju\u010de izravne i neizravne aktivnosti, te otprilike 40 posto prihoda od izvoza. Kontrola nad ribolovnim podru\u010djima osvojena je kroz te\u0161ke politi\u010dke sukobe tijekom Ratova bakalara i ostaje povezana s razumijevanjem neovisnosti zemlje. Zajedni\u010dka ribarska politika Europske unije mo\u017eda je sposobna za pregovara\u010dku fleksibilnost, kako su inzistirali njezini branitelji. Islan\u0111ani su imali pravo pitati \u0161to \u0107e se dogoditi nakon \u0161to ta fleksibilnost nai\u0111e na budu\u0107u kvalificiranu ve\u0107inu, novu Komisiju ili konkurentske zahtjeve ve\u0107ih dr\u017eava \u010dlanica.<\/p>\n<p>Vo\u0111a oporbe Gu\u00f0r\u00fan Hafsteinsd\u00f3ttir iznijela je ekonomski argument s korisnom izravno\u0161\u0107u tijekom kampanje: Doma\u0107e probleme Islanda trebaju rije\u0161iti islandski politi\u010dari, a ne zadaci koji se prepu\u0161taju Bruxellesu. To je bilo vi\u0161e od slogana. \u010clanstvo mo\u017ee promijeniti okvir u kojem vlade djeluju, ali ne mo\u017ee osloboditi nacionalne \u010delnike odgovornosti za stanovanje, inflaciju, produktivnost ili javnu potro\u0161nju. Obe\u0107anje da \u0107e euro disciplinirati islandsku politiku bilo je i priznanje da \u0107e se zemlja odre\u0107i te\u010daja i monetarnih alata kojima je odgovorila na prethodne \u0161okove. Bira\u010dima je ponu\u0111en kompromis, a ne besplatna nadogradnja.<\/p>\n<p>Island bi mogao donijeti ovu odluku jer ve\u0107 ima funkcionalan, iako nesavr\u0161en, europski sporazum. Kroz <a href=\"https:\/\/www.efta.int\/eea-relations-eu\/qa-about-eea-agreement\">Europski gospodarski prostor<\/a> , koji je na snazi \u200b\u200bod 1994., Island sudjeluje u jedinstvenom tr\u017ei\u0161tu zajedno s Norve\u0161kom i Lihten\u0161tajnom. Roba, usluge, kapital i ljudi kre\u0107u se prema zajedni\u010dkim pravilima. Island je tako\u0111er unutar Schengena i ostaje \u010dlan Europskog udru\u017eenja slobodne trgovine. EGP ne obuhva\u0107a zajedni\u010dku poljoprivrednu i ribarsku politiku EU, carinsku uniju, zajedni\u010dku trgovinsku politiku ili ekonomsku i monetarnu uniju. Ta izuze\u0107a ostavljaju prostor za nacionalni izbor upravo tamo gdje islandski bira\u010di to smatraju najvrjednijim.<\/p>\n<p>Aran\u017eman ima stvarnu slabost. Island usvaja velik dio zakona o jedinstvenom tr\u017ei\u0161tu bez mjesta ili glasova u Europskom parlamentu i Vije\u0107u Europske unije. Dr\u017eave EGP-a mogu pomo\u0107i u oblikovanju prijedloga u ranoj fazi, ali ne sudjeluju u formalnim kona\u010dnim odlukama Unije. Zagovornici \u010dlanstva bili su u pravu kada su pove\u0107avali taj demokratski deficit. Ipak, odgovor ovisi o tome \u0161to zemlja vi\u0161e cijeni: glas unutar institucija koje vr\u0161e \u0161ire ovlasti ili mogu\u0107nost da se odre\u0111ene ovlasti u potpunosti zadr\u017ee izvan tih institucija. U subotu je ve\u0107ina preferirala drugu ravnote\u017eu. Premijer Kristr\u00fan Frostad\u00f3ttir priznao je poruku, rekav\u0161i da je glavna lekcija to \u0161to su ljudi zadovoljni EGP-om.<\/p>\n<p>Neki federalisti \u0107e odgovoriti da EGP omogu\u0107uje Islandu pristup tr\u017ei\u0161tu, a istovremeno izbjegava odgovornosti \u010dlanstva. Ta kritika ima snagu samo ako se svaka korist od ekonomske suradnje mora kupiti politi\u010dkom integracijom. Island upla\u0107uje u relevantne programe, prihva\u0107a nadzor institucija EFTA-e i uklju\u010duje znatan obujam zakona o jedinstvenom tr\u017ei\u0161tu. Njegov aran\u017eman nije besplatan i nije suverena izolacija. To je pregovara\u010dka podjela odgovornosti. \u010cinjenica da Unija prihva\u0107a takav sporazum pokazuje da Europa ve\u0107 posjeduje vi\u0161e od jedne ustavne arhitekture. Na referendumu se pitalo \u017eele li Islan\u0111ani zamijeniti svoju za drugu. Nisu.<\/p>\n<p>Sigurnost nije preokrenula tu ra\u010dunicu. Island je osniva\u010dica NATO-a, nema stalnu vojsku i uvelike se oslanja na obrambene odnose sa Sjedinjenim Dr\u017eavama. Njegova lokacija postala je va\u017enija kako se sjeverni Atlantik i Arktik vra\u0107aju u sredi\u0161te natjecanja velikih sila. Te \u010dinjenice zahtijevaju ozbiljnija ulaganja u nacionalnu otpornost, luke, nadzor i pristup saveznika. One ne utvr\u0111uju da bi \u010dlanstvo u EU pru\u017eilo zamjensko sigurnosno jamstvo. Vlada je zatra\u017eila od bira\u010da da geopoliti\u010dku tjeskobu tretiraju kao argument za pristupne pregovore; bira\u010di su odbili spojiti dva odvojena pitanja u jedno.<\/p>\n<p>Za Bruxelles, rezultat je vi\u0161e od propu\u0161tene PR prilike. Islandu ne bi bila potrebna institucionalna rekonstrukcija koja se tra\u017ei od mnogih sada\u0161njih kandidata. Njegov ulazak mogao se reklamirati kao dokaz da pro\u0161irenje i dalje privla\u010di prosperitetne, etablirane demokracije nakon Brexita. Ali pro\u0161irenje se ne mo\u017ee opravdati samo administrativnom spremno\u0161\u0107u kandidata. Tako\u0111er zahtijeva trajni pristanak ljudi od kojih se o\u010dekuje da prenesu ovlasti. Ako taj pristanak nedostaje \u010dak ni kod bliskog partnera, pravi odgovor nije patologizirati bira\u010de, ve\u0107 pitati za\u0161to ponuda Unije nije prema\u0161ila vrijednost statusa quo.<\/p>\n<p>Prvi odgovor EU-a bio je prikladno suzdr\u017ean. Predsjednik Europskog vije\u0107a Ant\u00f3nio Costa rekao je Frostad\u00f3ttiru da Unija <a href=\"https:\/\/www.euronews.com\/my-europe\/2026\/08\/30\/a-close-partner-eu-offers-muted-reaction-after-iceland-rebuffs-accession-talks\">u potpunosti po\u0161tuje demokratski izbor<\/a> , dok je glasnogovornik opisao Island kao jednog od svojih najbli\u017eih i najpouzdanijih partnera. Ta bi se formulacija trebala pretvoriti u politiku. Zreli europski poredak mora biti sposoban odr\u017eavati sna\u017ene odnose sa zemljama koje biraju razli\u010dite stupnjeve integracije. Partnerstvo se ne bi trebalo tretirati kao \u010dekaonica u kojoj se od svake uspje\u0161ne europske demokracije o\u010dekuje da na kraju zatra\u017ei punopravno \u010dlanstvo.<\/p>\n<p>Iza islandske odluke stoji konzervativna europska ideja. <a href=\"https:\/\/ecrparty.eu\/about-us\/\">Deklaracija iz Reykjavika<\/a> govori o Europi neovisnih nacija koje rade zajedno za obostranu korist, a istovremeno zadr\u017eavaju svoj identitet i integritet. Tako\u0111er potvr\u0111uje jednakost europskih demokracija bez obzira na me\u0111unarodne asocijacije kojima se pridru\u017euju i favorizira vr\u0161enje vlasti na najni\u017eoj prakti\u010dnoj razini. Ta na\u010dela ne zahtijevaju neprijateljstvo prema EU. Ona zahtijevaju da Unija ostane sredstvo suradnje, podlo\u017eno demokratskom pristanku, a ne jedina mjera europske legitimnosti neke zemlje.<\/p>\n<p>O sada\u0161njem aran\u017emanu Islanda i dalje \u0107e se raspravljati, \u0161to i treba biti. EGP name\u0107e pravila, kao i otvara tr\u017ei\u0161ta, a monetarna rasprava ne\u0107e nestati. Niti bi se ve\u0107ina od 52,8 posto trebala zamijeniti za trajno rje\u0161enje u podijeljenoj zemlji. Ipak, rije\u0161io je jedno pitanje za mandata ove vlade: suradnja s Europom ne stvara obvezu pridru\u017eivanja Uniji. Bruxelles bi bio mudar da prihvati tu razliku. Europa dovoljno samouvjerena da prihvati nekoliko oblika pripadnosti bit \u0107e ja\u010da od one koja priznaje pristupanje kao jedino ugledno odredi\u0161te.<\/p>\n<\/p>","protected":false},"excerpt":{"rendered":"<p>Odbijanjem ponovnog otvaranja pregovora o pristupanju EU, Islan\u0111ani su branili kontrolu nad svojim resursima i podr\u017eali oblik europske suradnje koji demokratsku vlast ostavlja bli\u017ee domu. Bruxelles si je dopustio nadati se da bi Island mogao postati najlak\u0161i uspjeh pro\u0161irenja Europske unije. Zemlja je bogata, demokratska i ve\u0107 utkana u velik dio europskog trgova\u010dkog i pravnog [&hellip;]<\/p>\n","protected":false},"author":81,"featured_media":62836,"comment_status":"closed","ping_status":"closed","sticky":false,"template":"","format":"standard","meta":{"footnotes":""},"categories":[1463,161,255],"tags":[3388,599,3483,72,2706],"editorial-positions":[42],"regions":[343],"types":[450],"class_list":["post-62903","post","type-post","status-publish","format-standard","has-post-thumbnail","hentry","category-izgradnja-konzervativne-europe","category-politika-hr","category-pravno","tag-european-economic-area","tag-european-union","tag-fisheries-policy","tag-iceland","tag-national-sovereignty","editorial-positions-focus","regions-northern-europe-hr","types-opinion-hr"],"yoast_head":"<!-- This site is optimized with the Yoast SEO plugin v28.0 - https:\/\/yoast.com\/product\/yoast-seo-wordpress\/ -->\n<title>Islandski broj ne i Europa nacija - The Conservative<\/title>\n<meta name=\"robots\" content=\"index, follow, max-snippet:-1, max-image-preview:large, max-video-preview:-1\" \/>\n<link rel=\"canonical\" href=\"https:\/\/www.theconservative.online\/hr\/islandski-broj-ne-i-europa-nacija\" \/>\n<meta property=\"og:locale\" content=\"hr_HR\" \/>\n<meta property=\"og:type\" content=\"article\" \/>\n<meta property=\"og:title\" content=\"Islandski broj ne i Europa nacija - The Conservative\" \/>\n<meta property=\"og:description\" content=\"Odbijanjem ponovnog otvaranja pregovora o pristupanju EU, Islan\u0111ani su branili kontrolu nad svojim resursima i podr\u017eali oblik europske suradnje koji demokratsku vlast ostavlja bli\u017ee domu. Bruxelles si je dopustio nadati se da bi Island mogao postati najlak\u0161i uspjeh pro\u0161irenja Europske unije. Zemlja je bogata, demokratska i ve\u0107 utkana u velik dio europskog trgova\u010dkog i pravnog [&hellip;]\" \/>\n<meta property=\"og:url\" content=\"https:\/\/www.theconservative.online\/hr\/islandski-broj-ne-i-europa-nacija\" \/>\n<meta property=\"og:site_name\" content=\"The Conservative\" \/>\n<meta property=\"article:published_time\" content=\"2026-08-31T13:57:52+00:00\" \/>\n<meta property=\"og:image\" content=\"https:\/\/www.theconservative.online\/wp-content\/uploads\/2026\/08\/shutterstock_2575159489.jpg\" \/>\n\t<meta property=\"og:image:width\" content=\"1000\" \/>\n\t<meta property=\"og:image:height\" content=\"667\" \/>\n\t<meta property=\"og:image:type\" content=\"image\/jpeg\" \/>\n<meta name=\"author\" content=\"Ulderico de Laurentiis\" \/>\n<meta name=\"twitter:card\" content=\"summary_large_image\" \/>\n<meta name=\"twitter:label1\" content=\"Napisao\/la\" \/>\n\t<meta name=\"twitter:data1\" content=\"Ulderico de Laurentiis\" \/>\n\t<meta name=\"twitter:label2\" content=\"Procijenjeno vrijeme \u010ditanja\" \/>\n\t<meta name=\"twitter:data2\" content=\"7 minuta\" \/>\n<script type=\"application\/ld+json\" class=\"yoast-schema-graph\">{\"@context\":\"https:\\\/\\\/schema.org\",\"@graph\":[{\"@type\":\"Article\",\"@id\":\"https:\\\/\\\/www.theconservative.online\\\/hr\\\/islandski-broj-ne-i-europa-nacija#article\",\"isPartOf\":{\"@id\":\"https:\\\/\\\/www.theconservative.online\\\/hr\\\/islandski-broj-ne-i-europa-nacija\"},\"author\":{\"name\":\"Ulderico de Laurentiis\",\"@id\":\"https:\\\/\\\/www.theconservative.online\\\/hr#\\\/schema\\\/person\\\/52a2ddf2ed90ed779b2354583416c4bb\"},\"headline\":\"Islandski broj ne i Europa nacija\",\"datePublished\":\"2026-08-31T13:57:52+00:00\",\"mainEntityOfPage\":{\"@id\":\"https:\\\/\\\/www.theconservative.online\\\/hr\\\/islandski-broj-ne-i-europa-nacija\"},\"wordCount\":1427,\"image\":{\"@id\":\"https:\\\/\\\/www.theconservative.online\\\/hr\\\/islandski-broj-ne-i-europa-nacija#primaryimage\"},\"thumbnailUrl\":\"https:\\\/\\\/www.theconservative.online\\\/wp-content\\\/uploads\\\/2026\\\/08\\\/shutterstock_2575159489.jpg\",\"keywords\":[\"European Economic Area\",\"European Union\",\"Fisheries Policy\",\"Iceland\",\"National Sovereignty\"],\"articleSection\":[\"Izgradnja konzervativne Europe\",\"Politika\",\"Pravno\"],\"inLanguage\":\"hr\"},{\"@type\":\"WebPage\",\"@id\":\"https:\\\/\\\/www.theconservative.online\\\/hr\\\/islandski-broj-ne-i-europa-nacija\",\"url\":\"https:\\\/\\\/www.theconservative.online\\\/hr\\\/islandski-broj-ne-i-europa-nacija\",\"name\":\"Islandski broj ne i Europa nacija - The Conservative\",\"isPartOf\":{\"@id\":\"https:\\\/\\\/www.theconservative.online\\\/hr#website\"},\"primaryImageOfPage\":{\"@id\":\"https:\\\/\\\/www.theconservative.online\\\/hr\\\/islandski-broj-ne-i-europa-nacija#primaryimage\"},\"image\":{\"@id\":\"https:\\\/\\\/www.theconservative.online\\\/hr\\\/islandski-broj-ne-i-europa-nacija#primaryimage\"},\"thumbnailUrl\":\"https:\\\/\\\/www.theconservative.online\\\/wp-content\\\/uploads\\\/2026\\\/08\\\/shutterstock_2575159489.jpg\",\"datePublished\":\"2026-08-31T13:57:52+00:00\",\"author\":{\"@id\":\"https:\\\/\\\/www.theconservative.online\\\/hr#\\\/schema\\\/person\\\/52a2ddf2ed90ed779b2354583416c4bb\"},\"breadcrumb\":{\"@id\":\"https:\\\/\\\/www.theconservative.online\\\/hr\\\/islandski-broj-ne-i-europa-nacija#breadcrumb\"},\"inLanguage\":\"hr\",\"potentialAction\":[{\"@type\":\"ReadAction\",\"target\":[\"https:\\\/\\\/www.theconservative.online\\\/hr\\\/islandski-broj-ne-i-europa-nacija\"]}]},{\"@type\":\"ImageObject\",\"inLanguage\":\"hr\",\"@id\":\"https:\\\/\\\/www.theconservative.online\\\/hr\\\/islandski-broj-ne-i-europa-nacija#primaryimage\",\"url\":\"https:\\\/\\\/www.theconservative.online\\\/wp-content\\\/uploads\\\/2026\\\/08\\\/shutterstock_2575159489.jpg\",\"contentUrl\":\"https:\\\/\\\/www.theconservative.online\\\/wp-content\\\/uploads\\\/2026\\\/08\\\/shutterstock_2575159489.jpg\",\"width\":1000,\"height\":667},{\"@type\":\"BreadcrumbList\",\"@id\":\"https:\\\/\\\/www.theconservative.online\\\/hr\\\/islandski-broj-ne-i-europa-nacija#breadcrumb\",\"itemListElement\":[{\"@type\":\"ListItem\",\"position\":1,\"name\":\"Home\",\"item\":\"https:\\\/\\\/www.theconservative.online\\\/hr\"},{\"@type\":\"ListItem\",\"position\":2,\"name\":\"Islandski broj ne i Europa nacija\"}]},{\"@type\":\"WebSite\",\"@id\":\"https:\\\/\\\/www.theconservative.online\\\/hr#website\",\"url\":\"https:\\\/\\\/www.theconservative.online\\\/hr\",\"name\":\"The Conservative\",\"description\":\"\",\"potentialAction\":[{\"@type\":\"SearchAction\",\"target\":{\"@type\":\"EntryPoint\",\"urlTemplate\":\"https:\\\/\\\/www.theconservative.online\\\/hr?s={search_term_string}\"},\"query-input\":{\"@type\":\"PropertyValueSpecification\",\"valueRequired\":true,\"valueName\":\"search_term_string\"}}],\"inLanguage\":\"hr\"},{\"@type\":\"Person\",\"@id\":\"https:\\\/\\\/www.theconservative.online\\\/hr#\\\/schema\\\/person\\\/52a2ddf2ed90ed779b2354583416c4bb\",\"name\":\"Ulderico de Laurentiis\",\"image\":{\"@type\":\"ImageObject\",\"inLanguage\":\"hr\",\"@id\":\"https:\\\/\\\/secure.gravatar.com\\\/avatar\\\/c975100d71d02e389336f3ee1e1205f2a988b979b3af1bde32d899ff60a0e1ca?s=96&d=mm&r=g\",\"url\":\"https:\\\/\\\/secure.gravatar.com\\\/avatar\\\/c975100d71d02e389336f3ee1e1205f2a988b979b3af1bde32d899ff60a0e1ca?s=96&d=mm&r=g\",\"contentUrl\":\"https:\\\/\\\/secure.gravatar.com\\\/avatar\\\/c975100d71d02e389336f3ee1e1205f2a988b979b3af1bde32d899ff60a0e1ca?s=96&d=mm&r=g\",\"caption\":\"Ulderico de Laurentiis\"},\"url\":\"https:\\\/\\\/www.theconservative.online\\\/hr\\\/author\\\/youcom-euspec-2025-26\"}]}<\/script>\n<!-- \/ Yoast SEO plugin. -->","yoast_head_json":{"title":"Islandski broj ne i Europa nacija - The Conservative","robots":{"index":"index","follow":"follow","max-snippet":"max-snippet:-1","max-image-preview":"max-image-preview:large","max-video-preview":"max-video-preview:-1"},"canonical":"https:\/\/www.theconservative.online\/hr\/islandski-broj-ne-i-europa-nacija","og_locale":"hr_HR","og_type":"article","og_title":"Islandski broj ne i Europa nacija - The Conservative","og_description":"Odbijanjem ponovnog otvaranja pregovora o pristupanju EU, Islan\u0111ani su branili kontrolu nad svojim resursima i podr\u017eali oblik europske suradnje koji demokratsku vlast ostavlja bli\u017ee domu. Bruxelles si je dopustio nadati se da bi Island mogao postati najlak\u0161i uspjeh pro\u0161irenja Europske unije. Zemlja je bogata, demokratska i ve\u0107 utkana u velik dio europskog trgova\u010dkog i pravnog [&hellip;]","og_url":"https:\/\/www.theconservative.online\/hr\/islandski-broj-ne-i-europa-nacija","og_site_name":"The Conservative","article_published_time":"2026-08-31T13:57:52+00:00","og_image":[{"width":1000,"height":667,"url":"https:\/\/www.theconservative.online\/wp-content\/uploads\/2026\/08\/shutterstock_2575159489.jpg","type":"image\/jpeg"}],"author":"Ulderico de Laurentiis","twitter_card":"summary_large_image","twitter_misc":{"Napisao\/la":"Ulderico de Laurentiis","Procijenjeno vrijeme \u010ditanja":"7 minuta"},"schema":{"@context":"https:\/\/schema.org","@graph":[{"@type":"Article","@id":"https:\/\/www.theconservative.online\/hr\/islandski-broj-ne-i-europa-nacija#article","isPartOf":{"@id":"https:\/\/www.theconservative.online\/hr\/islandski-broj-ne-i-europa-nacija"},"author":{"name":"Ulderico de Laurentiis","@id":"https:\/\/www.theconservative.online\/hr#\/schema\/person\/52a2ddf2ed90ed779b2354583416c4bb"},"headline":"Islandski broj ne i Europa nacija","datePublished":"2026-08-31T13:57:52+00:00","mainEntityOfPage":{"@id":"https:\/\/www.theconservative.online\/hr\/islandski-broj-ne-i-europa-nacija"},"wordCount":1427,"image":{"@id":"https:\/\/www.theconservative.online\/hr\/islandski-broj-ne-i-europa-nacija#primaryimage"},"thumbnailUrl":"https:\/\/www.theconservative.online\/wp-content\/uploads\/2026\/08\/shutterstock_2575159489.jpg","keywords":["European Economic Area","European Union","Fisheries Policy","Iceland","National Sovereignty"],"articleSection":["Izgradnja konzervativne Europe","Politika","Pravno"],"inLanguage":"hr"},{"@type":"WebPage","@id":"https:\/\/www.theconservative.online\/hr\/islandski-broj-ne-i-europa-nacija","url":"https:\/\/www.theconservative.online\/hr\/islandski-broj-ne-i-europa-nacija","name":"Islandski broj ne i Europa nacija - The Conservative","isPartOf":{"@id":"https:\/\/www.theconservative.online\/hr#website"},"primaryImageOfPage":{"@id":"https:\/\/www.theconservative.online\/hr\/islandski-broj-ne-i-europa-nacija#primaryimage"},"image":{"@id":"https:\/\/www.theconservative.online\/hr\/islandski-broj-ne-i-europa-nacija#primaryimage"},"thumbnailUrl":"https:\/\/www.theconservative.online\/wp-content\/uploads\/2026\/08\/shutterstock_2575159489.jpg","datePublished":"2026-08-31T13:57:52+00:00","author":{"@id":"https:\/\/www.theconservative.online\/hr#\/schema\/person\/52a2ddf2ed90ed779b2354583416c4bb"},"breadcrumb":{"@id":"https:\/\/www.theconservative.online\/hr\/islandski-broj-ne-i-europa-nacija#breadcrumb"},"inLanguage":"hr","potentialAction":[{"@type":"ReadAction","target":["https:\/\/www.theconservative.online\/hr\/islandski-broj-ne-i-europa-nacija"]}]},{"@type":"ImageObject","inLanguage":"hr","@id":"https:\/\/www.theconservative.online\/hr\/islandski-broj-ne-i-europa-nacija#primaryimage","url":"https:\/\/www.theconservative.online\/wp-content\/uploads\/2026\/08\/shutterstock_2575159489.jpg","contentUrl":"https:\/\/www.theconservative.online\/wp-content\/uploads\/2026\/08\/shutterstock_2575159489.jpg","width":1000,"height":667},{"@type":"BreadcrumbList","@id":"https:\/\/www.theconservative.online\/hr\/islandski-broj-ne-i-europa-nacija#breadcrumb","itemListElement":[{"@type":"ListItem","position":1,"name":"Home","item":"https:\/\/www.theconservative.online\/hr"},{"@type":"ListItem","position":2,"name":"Islandski broj ne i Europa nacija"}]},{"@type":"WebSite","@id":"https:\/\/www.theconservative.online\/hr#website","url":"https:\/\/www.theconservative.online\/hr","name":"The Conservative","description":"","potentialAction":[{"@type":"SearchAction","target":{"@type":"EntryPoint","urlTemplate":"https:\/\/www.theconservative.online\/hr?s={search_term_string}"},"query-input":{"@type":"PropertyValueSpecification","valueRequired":true,"valueName":"search_term_string"}}],"inLanguage":"hr"},{"@type":"Person","@id":"https:\/\/www.theconservative.online\/hr#\/schema\/person\/52a2ddf2ed90ed779b2354583416c4bb","name":"Ulderico de Laurentiis","image":{"@type":"ImageObject","inLanguage":"hr","@id":"https:\/\/secure.gravatar.com\/avatar\/c975100d71d02e389336f3ee1e1205f2a988b979b3af1bde32d899ff60a0e1ca?s=96&d=mm&r=g","url":"https:\/\/secure.gravatar.com\/avatar\/c975100d71d02e389336f3ee1e1205f2a988b979b3af1bde32d899ff60a0e1ca?s=96&d=mm&r=g","contentUrl":"https:\/\/secure.gravatar.com\/avatar\/c975100d71d02e389336f3ee1e1205f2a988b979b3af1bde32d899ff60a0e1ca?s=96&d=mm&r=g","caption":"Ulderico de Laurentiis"},"url":"https:\/\/www.theconservative.online\/hr\/author\/youcom-euspec-2025-26"}]}},"acf":[],"_links":{"self":[{"href":"https:\/\/www.theconservative.online\/hr\/wp-json\/wp\/v2\/posts\/62903","targetHints":{"allow":["GET"]}}],"collection":[{"href":"https:\/\/www.theconservative.online\/hr\/wp-json\/wp\/v2\/posts"}],"about":[{"href":"https:\/\/www.theconservative.online\/hr\/wp-json\/wp\/v2\/types\/post"}],"author":[{"embeddable":true,"href":"https:\/\/www.theconservative.online\/hr\/wp-json\/wp\/v2\/users\/81"}],"replies":[{"embeddable":true,"href":"https:\/\/www.theconservative.online\/hr\/wp-json\/wp\/v2\/comments?post=62903"}],"version-history":[{"count":0,"href":"https:\/\/www.theconservative.online\/hr\/wp-json\/wp\/v2\/posts\/62903\/revisions"}],"wp:featuredmedia":[{"embeddable":true,"href":"https:\/\/www.theconservative.online\/hr\/wp-json\/wp\/v2\/media\/62836"}],"wp:attachment":[{"href":"https:\/\/www.theconservative.online\/hr\/wp-json\/wp\/v2\/media?parent=62903"}],"wp:term":[{"taxonomy":"category","embeddable":true,"href":"https:\/\/www.theconservative.online\/hr\/wp-json\/wp\/v2\/categories?post=62903"},{"taxonomy":"post_tag","embeddable":true,"href":"https:\/\/www.theconservative.online\/hr\/wp-json\/wp\/v2\/tags?post=62903"},{"taxonomy":"editorial-positions","embeddable":true,"href":"https:\/\/www.theconservative.online\/hr\/wp-json\/wp\/v2\/editorial-positions?post=62903"},{"taxonomy":"regions","embeddable":true,"href":"https:\/\/www.theconservative.online\/hr\/wp-json\/wp\/v2\/regions?post=62903"},{"taxonomy":"types","embeddable":true,"href":"https:\/\/www.theconservative.online\/hr\/wp-json\/wp\/v2\/types?post=62903"}],"curies":[{"name":"wp","href":"https:\/\/api.w.org\/{rel}","templated":true}]}}