{"id":62932,"date":"2026-08-31T13:57:40","date_gmt":"2026-08-31T13:57:40","guid":{"rendered":"https:\/\/www.theconservative.online\/ujedinjena-desnica-mora-istaknuti-unutarnje-razlike"},"modified":"2026-08-31T13:57:40","modified_gmt":"2026-08-31T13:57:40","slug":"ujedinjena-desnica-mora-istaknuti-unutarnje-razlike","status":"publish","type":"post","link":"https:\/\/www.theconservative.online\/hr\/ujedinjena-desnica-mora-istaknuti-unutarnje-razlike","title":{"rendered":"Ujedinjena desnica mora istaknuti unutarnje razlike"},"content":{"rendered":"<p>\u0160vedska izlazi na birali\u0161ta 13. rujna. Aktualna desni\u010darska vlada zaostaje u anketama, a dva tjedna prije izbora ve\u0107ina znakova ukazuje na pobjedu ljevice, iako je desnica <a href=\"https:\/\/www.sverigesradio.se\/artikel\/swedish-election-race-tightens-as-government-side-gains-ground-on-the-opposition\">nedavno po\u010dela dobivati \u200b\u200b\u200b\u200bne\u0161to prednosti<\/a> .<\/p>\n<p>Jedan od izazova s \u200b\u200bkojima se suo\u010dava desnica jest taj \u0161to mnogi bira\u010di i dalje oklijevaju prema \u0160vedskim demokratima, stranci koju karakterizira desni\u010darski nacionalizam i socijalni konzervativizam. Tijekom teku\u0107eg mandata, tri tradicionalne desni\u010darske stranke formirale su vladu, a \u0160vedski demokrati djelovali su kao stranka podr\u0161ke. Ovaj dogovor temeljio se na zajedni\u010dkom sporazumu sklopljenom na po\u010detku mandata, u kojem su jasno navedene politi\u010dke mjere koje je vlada trebala provesti tijekom \u010detverogodi\u0161njeg razdoblja.<\/p><div class='related_content'><span>RELATED<\/span><ul><li><a href='https:\/\/www.theconservative.online\/hr\/island-glasa-o-ponovnom-otvaranju-puta-prema-europskoj-uniji'>Island glasa o ponovnom otvaranju puta prema Europskoj uniji<\/li><\/a><li><a href='https:\/\/www.theconservative.online\/hr\/hoce-li-feminizacija-drustva-postati-politicko-pitanje'>Ho\u0107e li \u201efeminizacija\u201c dru\u0161tva postati politi\u010dko pitanje?<\/li><\/a><li><a href='https:\/\/www.theconservative.online\/hr\/ova-svedska-stranka-vlada-zemljom-ali-se-suocava-s-izumiranjem'>Ova \u0161vedska stranka vlada zemljom \u2013 ali se suo\u010dava s izumiranjem<\/li><\/a><\/ul><\/div>\n<p>Me\u0111utim, uo\u010di sljede\u0107eg mandata, \u0160vedski demokrati <a href=\"https:\/\/www.theguardian.com\/world\/2026\/apr\/01\/swedish-pm-offers-deal-that-could-see-far-right-allowed-into-government\">i sami su zatra\u017eili mjesto u vladi<\/a> . Vo\u0111a stranke Jimmie \u00c5kesson vi\u0161e je puta izjavio da bi, ako desni\u010darske stranke pobijede, bilo nerazumno da tri stranke nastave vladati dok \u010detvrta ponovno stoji po strani. To je stav Jimmieja \u00c5kessona od po\u010detka mandata: ne\u0107e biti daljnjih \u010detiri godine desni\u010darske vladavine bez da i \u0160vedski demokrati sjede u vladi.<\/p>\n<p>Nitko ne dovodi u pitanje valjanost zahtjeva \u0160vedskih demokrata. Oni su najve\u0107a stranka na desnici tijekom \u010detiri godine u kojima su tri druge desni\u010darske stranke obna\u0161ale vlast. Stranka je imala zna\u010dajan utjecaj na politike koje se provode, posebno u podru\u010djima migracija, kriminala i energetike. Bilo bi \u010dudno da je stranka dobila obnovljeni mandat od bira\u010da za utjecaj na \u0161vedsku politiku, samo da bi potom ponovno prihvatila ostanak izvan vlade.<\/p>\n<p>Ali sve u \u017eivotu ima svoju cijenu. A za \u0160vedske demokrate, cijena prihva\u0107anja kao stranke sposobne za vladu bio je gubitak bira\u010da za ostale desni\u010darske stranke. Neki od njihovih bira\u010da su, zapravo, oprezni prema desni\u010darskoj vladi koja uklju\u010duje \u0160vedske demokrate. Posljedi\u010dno, unutar prethodno \u010dvrsto povezanog desni\u010darskog bloka \u0161vedske politike pojavio se zanimljiv fenomen.<\/p>\n<p>Upravo sada, dva tjedna prije izbora, postoji otvoreni i potpuni sukob izme\u0111u \u010detiri desni\u010darske stranke. Prije su \u017eeljele pokazati svoje jedinstvo. Tvrdile su da je sposobnost suradnje \u010detiriju konstitutivnih stranaka snaga desnice &#8211; da se sla\u017eu oko zajedni\u010dke vladavine i da to jedinstvo stoji u suprotnosti s fragmentacijom ljevice, gdje \u010detiri prili\u010dno razli\u010dite stranke koje \u010dine tu stranu \u0161vedske politike nisu ni blizu dogovora o tome koja bi od njih trebala obna\u0161ati du\u017enost ili \u010dak biti dio vladaju\u0107e koalicije.<\/p>\n<p>Razlog za\u0161to se desni\u010darske stranke trenutno prepiru vjerojatno je taj \u0161to su shvatile da moraju signalizirati da nisu jedna, monolitna stranka. Uostalom, \u010dak i ako bi se \u0160vedski demokrati pridru\u017eili potencijalnoj novoj desni\u010darskoj vladi, bili bi samo jedna od \u010detiri stranke (ili mo\u017eda tri, ako mala Liberalna stranka ne uspije zadr\u017eati svoja parlamentarna mjesta). I to je upravo ono \u0161to stranke u desni\u010darskom bloku trebaju prenijeti neodlu\u010dnim bira\u010dima.<\/p>\n<p>\u0160vedska javnost mogla bi na kraju dobiti desni\u010darsku vladu kojom ne dominiraju nu\u017eno \u0160vedski demokrati. Mogli bi dobiti vladu u kojoj tradicionalne desni\u010darske stranke dr\u017ee svoj stav i suprotstavljaju se nestrpljivosti \u0160vedskih demokrata u vezi s pitanjima poput migracija i politike protiv kriminala. Drugim rije\u010dima, nova desni\u010darska vlada ne bi bila jednostavno &#8220;vlada SD-a&#8221; (SD je uobi\u010dajena kratica za \u0160vedske demokrate).<\/p>\n<p>Posljedi\u010dno, dva tjedna prije izbora, \u0160vedski demokrati nalaze se u pomalo neobi\u010dnoj poziciji poku\u0161avaju\u0107i izazvati javne prepirke sa svojim koalicijskim partnerima. Ovi sporovi podsje\u0107aju neodlu\u010dne desni\u010darske bira\u010de da unutar desni\u010darskog tabora postoje alternative \u0160vedskim demokratima &#8211; bira\u010di koji su klju\u010dni ako desnica \u017eeli osigurati pobjedu.<\/p>\n<p>Istovremeno, \u0160vedski demokrati moraju se distancirati od tradicionalnih desni\u010darskih stranaka kako bi svojim najtvr\u0111im prista\u0161ama signalizirali da su i dalje predani borbi protiv migracija i kriminala povezanog s migracijama.<\/p>\n<p>Dakle, dva tjedna prije izbora, desni\u010darski blok se dr\u017ei zajedno dok se istovremeno prepiru unutar sebe; to je najbolja strategija koju su prona\u0161li kako bi svaka stranka mogla mobilizirati vlastite potencijalne bira\u010de.<\/p>\n<p>Demokracija je fascinantna.<\/p>\n<\/p>","protected":false},"excerpt":{"rendered":"<p>\u0160vedska izlazi na birali\u0161ta 13. rujna. Aktualna desni\u010darska vlada zaostaje u anketama, a dva tjedna prije izbora ve\u0107ina znakova ukazuje na pobjedu ljevice, iako je desnica nedavno po\u010dela dobivati \u200b\u200b\u200b\u200bne\u0161to prednosti . Jedan od izazova s \u200b\u200bkojima se suo\u010dava desnica jest taj \u0161to mnogi bira\u010di i dalje oklijevaju prema \u0160vedskim demokratima, stranci koju karakterizira desni\u010darski [&hellip;]<\/p>\n","protected":false},"author":85,"featured_media":62880,"comment_status":"closed","ping_status":"closed","sticky":false,"template":"","format":"standard","meta":{"footnotes":""},"categories":[1463,161],"tags":[3197,3485,2506,3133,554],"editorial-positions":[],"regions":[343],"types":[413,439],"class_list":["post-62932","post","type-post","status-publish","format-standard","has-post-thumbnail","hentry","category-izgradnja-konzervativne-europe","category-politika-hr","tag-elections26","tag-rightwinggovernment","tag-swedendemocrats","tag-swedishelections","tag-sweden","regions-northern-europe-hr","types-news-hr","types-surveys-hr"],"yoast_head":"<!-- This site is optimized with the Yoast SEO plugin v28.0 - https:\/\/yoast.com\/product\/yoast-seo-wordpress\/ -->\n<title>Ujedinjena desnica mora istaknuti unutarnje razlike - The Conservative<\/title>\n<meta name=\"robots\" content=\"index, follow, max-snippet:-1, max-image-preview:large, max-video-preview:-1\" \/>\n<link rel=\"canonical\" href=\"https:\/\/www.theconservative.online\/hr\/ujedinjena-desnica-mora-istaknuti-unutarnje-razlike\" \/>\n<meta property=\"og:locale\" content=\"hr_HR\" \/>\n<meta property=\"og:type\" content=\"article\" \/>\n<meta property=\"og:title\" content=\"Ujedinjena desnica mora istaknuti unutarnje razlike - The Conservative\" \/>\n<meta property=\"og:description\" content=\"\u0160vedska izlazi na birali\u0161ta 13. rujna. Aktualna desni\u010darska vlada zaostaje u anketama, a dva tjedna prije izbora ve\u0107ina znakova ukazuje na pobjedu ljevice, iako je desnica nedavno po\u010dela dobivati \u200b\u200b\u200b\u200bne\u0161to prednosti . Jedan od izazova s \u200b\u200bkojima se suo\u010dava desnica jest taj \u0161to mnogi bira\u010di i dalje oklijevaju prema \u0160vedskim demokratima, stranci koju karakterizira desni\u010darski [&hellip;]\" \/>\n<meta property=\"og:url\" content=\"https:\/\/www.theconservative.online\/hr\/ujedinjena-desnica-mora-istaknuti-unutarnje-razlike\" \/>\n<meta property=\"og:site_name\" content=\"The Conservative\" \/>\n<meta property=\"article:published_time\" content=\"2026-08-31T13:57:40+00:00\" \/>\n<meta property=\"og:image\" content=\"https:\/\/www.theconservative.online\/wp-content\/uploads\/2026\/08\/Sverigebild.jpg\" \/>\n\t<meta property=\"og:image:width\" content=\"1000\" \/>\n\t<meta property=\"og:image:height\" content=\"667\" \/>\n\t<meta property=\"og:image:type\" content=\"image\/jpeg\" \/>\n<meta name=\"author\" content=\"Richard S\u00f6rman\" \/>\n<meta name=\"twitter:card\" content=\"summary_large_image\" \/>\n<meta name=\"twitter:label1\" content=\"Napisao\/la\" \/>\n\t<meta name=\"twitter:data1\" content=\"Richard S\u00f6rman\" \/>\n\t<meta name=\"twitter:label2\" content=\"Procijenjeno vrijeme \u010ditanja\" \/>\n\t<meta name=\"twitter:data2\" content=\"3 minute\" \/>\n<script type=\"application\/ld+json\" class=\"yoast-schema-graph\">{\"@context\":\"https:\\\/\\\/schema.org\",\"@graph\":[{\"@type\":\"Article\",\"@id\":\"https:\\\/\\\/www.theconservative.online\\\/hr\\\/ujedinjena-desnica-mora-istaknuti-unutarnje-razlike#article\",\"isPartOf\":{\"@id\":\"https:\\\/\\\/www.theconservative.online\\\/hr\\\/ujedinjena-desnica-mora-istaknuti-unutarnje-razlike\"},\"author\":{\"name\":\"Richard S\u00f6rman\",\"@id\":\"https:\\\/\\\/www.theconservative.online\\\/hr#\\\/schema\\\/person\\\/769a6928b1a6145a095dde8677e8dc31\"},\"headline\":\"Ujedinjena desnica mora istaknuti unutarnje razlike\",\"datePublished\":\"2026-08-31T13:57:40+00:00\",\"mainEntityOfPage\":{\"@id\":\"https:\\\/\\\/www.theconservative.online\\\/hr\\\/ujedinjena-desnica-mora-istaknuti-unutarnje-razlike\"},\"wordCount\":691,\"image\":{\"@id\":\"https:\\\/\\\/www.theconservative.online\\\/hr\\\/ujedinjena-desnica-mora-istaknuti-unutarnje-razlike#primaryimage\"},\"thumbnailUrl\":\"https:\\\/\\\/www.theconservative.online\\\/wp-content\\\/uploads\\\/2026\\\/08\\\/Sverigebild.jpg\",\"keywords\":[\"#elections26\",\"#rightwinggovernment\",\"#swedendemocrats\",\"#swedishelections\",\"Sweden\"],\"articleSection\":[\"Izgradnja konzervativne Europe\",\"Politika\"],\"inLanguage\":\"hr\"},{\"@type\":\"WebPage\",\"@id\":\"https:\\\/\\\/www.theconservative.online\\\/hr\\\/ujedinjena-desnica-mora-istaknuti-unutarnje-razlike\",\"url\":\"https:\\\/\\\/www.theconservative.online\\\/hr\\\/ujedinjena-desnica-mora-istaknuti-unutarnje-razlike\",\"name\":\"Ujedinjena desnica mora istaknuti unutarnje razlike - The Conservative\",\"isPartOf\":{\"@id\":\"https:\\\/\\\/www.theconservative.online\\\/hr#website\"},\"primaryImageOfPage\":{\"@id\":\"https:\\\/\\\/www.theconservative.online\\\/hr\\\/ujedinjena-desnica-mora-istaknuti-unutarnje-razlike#primaryimage\"},\"image\":{\"@id\":\"https:\\\/\\\/www.theconservative.online\\\/hr\\\/ujedinjena-desnica-mora-istaknuti-unutarnje-razlike#primaryimage\"},\"thumbnailUrl\":\"https:\\\/\\\/www.theconservative.online\\\/wp-content\\\/uploads\\\/2026\\\/08\\\/Sverigebild.jpg\",\"datePublished\":\"2026-08-31T13:57:40+00:00\",\"author\":{\"@id\":\"https:\\\/\\\/www.theconservative.online\\\/hr#\\\/schema\\\/person\\\/769a6928b1a6145a095dde8677e8dc31\"},\"breadcrumb\":{\"@id\":\"https:\\\/\\\/www.theconservative.online\\\/hr\\\/ujedinjena-desnica-mora-istaknuti-unutarnje-razlike#breadcrumb\"},\"inLanguage\":\"hr\",\"potentialAction\":[{\"@type\":\"ReadAction\",\"target\":[\"https:\\\/\\\/www.theconservative.online\\\/hr\\\/ujedinjena-desnica-mora-istaknuti-unutarnje-razlike\"]}]},{\"@type\":\"ImageObject\",\"inLanguage\":\"hr\",\"@id\":\"https:\\\/\\\/www.theconservative.online\\\/hr\\\/ujedinjena-desnica-mora-istaknuti-unutarnje-razlike#primaryimage\",\"url\":\"https:\\\/\\\/www.theconservative.online\\\/wp-content\\\/uploads\\\/2026\\\/08\\\/Sverigebild.jpg\",\"contentUrl\":\"https:\\\/\\\/www.theconservative.online\\\/wp-content\\\/uploads\\\/2026\\\/08\\\/Sverigebild.jpg\",\"width\":1000,\"height\":667},{\"@type\":\"BreadcrumbList\",\"@id\":\"https:\\\/\\\/www.theconservative.online\\\/hr\\\/ujedinjena-desnica-mora-istaknuti-unutarnje-razlike#breadcrumb\",\"itemListElement\":[{\"@type\":\"ListItem\",\"position\":1,\"name\":\"Home\",\"item\":\"https:\\\/\\\/www.theconservative.online\\\/hr\"},{\"@type\":\"ListItem\",\"position\":2,\"name\":\"Ujedinjena desnica mora istaknuti unutarnje razlike\"}]},{\"@type\":\"WebSite\",\"@id\":\"https:\\\/\\\/www.theconservative.online\\\/hr#website\",\"url\":\"https:\\\/\\\/www.theconservative.online\\\/hr\",\"name\":\"The Conservative\",\"description\":\"\",\"potentialAction\":[{\"@type\":\"SearchAction\",\"target\":{\"@type\":\"EntryPoint\",\"urlTemplate\":\"https:\\\/\\\/www.theconservative.online\\\/hr?s={search_term_string}\"},\"query-input\":{\"@type\":\"PropertyValueSpecification\",\"valueRequired\":true,\"valueName\":\"search_term_string\"}}],\"inLanguage\":\"hr\"},{\"@type\":\"Person\",\"@id\":\"https:\\\/\\\/www.theconservative.online\\\/hr#\\\/schema\\\/person\\\/769a6928b1a6145a095dde8677e8dc31\",\"name\":\"Richard S\u00f6rman\",\"image\":{\"@type\":\"ImageObject\",\"inLanguage\":\"hr\",\"@id\":\"https:\\\/\\\/secure.gravatar.com\\\/avatar\\\/31160c632b280151f52ca490d363172fd554ee64571053ac4dfe486bab7399f5?s=96&d=mm&r=g\",\"url\":\"https:\\\/\\\/secure.gravatar.com\\\/avatar\\\/31160c632b280151f52ca490d363172fd554ee64571053ac4dfe486bab7399f5?s=96&d=mm&r=g\",\"contentUrl\":\"https:\\\/\\\/secure.gravatar.com\\\/avatar\\\/31160c632b280151f52ca490d363172fd554ee64571053ac4dfe486bab7399f5?s=96&d=mm&r=g\",\"caption\":\"Richard S\u00f6rman\"},\"url\":\"https:\\\/\\\/www.theconservative.online\\\/hr\\\/author\\\/riks-euspec-2025-2026\"}]}<\/script>\n<!-- \/ Yoast SEO plugin. -->","yoast_head_json":{"title":"Ujedinjena desnica mora istaknuti unutarnje razlike - The Conservative","robots":{"index":"index","follow":"follow","max-snippet":"max-snippet:-1","max-image-preview":"max-image-preview:large","max-video-preview":"max-video-preview:-1"},"canonical":"https:\/\/www.theconservative.online\/hr\/ujedinjena-desnica-mora-istaknuti-unutarnje-razlike","og_locale":"hr_HR","og_type":"article","og_title":"Ujedinjena desnica mora istaknuti unutarnje razlike - The Conservative","og_description":"\u0160vedska izlazi na birali\u0161ta 13. rujna. Aktualna desni\u010darska vlada zaostaje u anketama, a dva tjedna prije izbora ve\u0107ina znakova ukazuje na pobjedu ljevice, iako je desnica nedavno po\u010dela dobivati \u200b\u200b\u200b\u200bne\u0161to prednosti . Jedan od izazova s \u200b\u200bkojima se suo\u010dava desnica jest taj \u0161to mnogi bira\u010di i dalje oklijevaju prema \u0160vedskim demokratima, stranci koju karakterizira desni\u010darski [&hellip;]","og_url":"https:\/\/www.theconservative.online\/hr\/ujedinjena-desnica-mora-istaknuti-unutarnje-razlike","og_site_name":"The Conservative","article_published_time":"2026-08-31T13:57:40+00:00","og_image":[{"width":1000,"height":667,"url":"https:\/\/www.theconservative.online\/wp-content\/uploads\/2026\/08\/Sverigebild.jpg","type":"image\/jpeg"}],"author":"Richard S\u00f6rman","twitter_card":"summary_large_image","twitter_misc":{"Napisao\/la":"Richard S\u00f6rman","Procijenjeno vrijeme \u010ditanja":"3 minute"},"schema":{"@context":"https:\/\/schema.org","@graph":[{"@type":"Article","@id":"https:\/\/www.theconservative.online\/hr\/ujedinjena-desnica-mora-istaknuti-unutarnje-razlike#article","isPartOf":{"@id":"https:\/\/www.theconservative.online\/hr\/ujedinjena-desnica-mora-istaknuti-unutarnje-razlike"},"author":{"name":"Richard S\u00f6rman","@id":"https:\/\/www.theconservative.online\/hr#\/schema\/person\/769a6928b1a6145a095dde8677e8dc31"},"headline":"Ujedinjena desnica mora istaknuti unutarnje razlike","datePublished":"2026-08-31T13:57:40+00:00","mainEntityOfPage":{"@id":"https:\/\/www.theconservative.online\/hr\/ujedinjena-desnica-mora-istaknuti-unutarnje-razlike"},"wordCount":691,"image":{"@id":"https:\/\/www.theconservative.online\/hr\/ujedinjena-desnica-mora-istaknuti-unutarnje-razlike#primaryimage"},"thumbnailUrl":"https:\/\/www.theconservative.online\/wp-content\/uploads\/2026\/08\/Sverigebild.jpg","keywords":["#elections26","#rightwinggovernment","#swedendemocrats","#swedishelections","Sweden"],"articleSection":["Izgradnja konzervativne Europe","Politika"],"inLanguage":"hr"},{"@type":"WebPage","@id":"https:\/\/www.theconservative.online\/hr\/ujedinjena-desnica-mora-istaknuti-unutarnje-razlike","url":"https:\/\/www.theconservative.online\/hr\/ujedinjena-desnica-mora-istaknuti-unutarnje-razlike","name":"Ujedinjena desnica mora istaknuti unutarnje razlike - The Conservative","isPartOf":{"@id":"https:\/\/www.theconservative.online\/hr#website"},"primaryImageOfPage":{"@id":"https:\/\/www.theconservative.online\/hr\/ujedinjena-desnica-mora-istaknuti-unutarnje-razlike#primaryimage"},"image":{"@id":"https:\/\/www.theconservative.online\/hr\/ujedinjena-desnica-mora-istaknuti-unutarnje-razlike#primaryimage"},"thumbnailUrl":"https:\/\/www.theconservative.online\/wp-content\/uploads\/2026\/08\/Sverigebild.jpg","datePublished":"2026-08-31T13:57:40+00:00","author":{"@id":"https:\/\/www.theconservative.online\/hr#\/schema\/person\/769a6928b1a6145a095dde8677e8dc31"},"breadcrumb":{"@id":"https:\/\/www.theconservative.online\/hr\/ujedinjena-desnica-mora-istaknuti-unutarnje-razlike#breadcrumb"},"inLanguage":"hr","potentialAction":[{"@type":"ReadAction","target":["https:\/\/www.theconservative.online\/hr\/ujedinjena-desnica-mora-istaknuti-unutarnje-razlike"]}]},{"@type":"ImageObject","inLanguage":"hr","@id":"https:\/\/www.theconservative.online\/hr\/ujedinjena-desnica-mora-istaknuti-unutarnje-razlike#primaryimage","url":"https:\/\/www.theconservative.online\/wp-content\/uploads\/2026\/08\/Sverigebild.jpg","contentUrl":"https:\/\/www.theconservative.online\/wp-content\/uploads\/2026\/08\/Sverigebild.jpg","width":1000,"height":667},{"@type":"BreadcrumbList","@id":"https:\/\/www.theconservative.online\/hr\/ujedinjena-desnica-mora-istaknuti-unutarnje-razlike#breadcrumb","itemListElement":[{"@type":"ListItem","position":1,"name":"Home","item":"https:\/\/www.theconservative.online\/hr"},{"@type":"ListItem","position":2,"name":"Ujedinjena desnica mora istaknuti unutarnje razlike"}]},{"@type":"WebSite","@id":"https:\/\/www.theconservative.online\/hr#website","url":"https:\/\/www.theconservative.online\/hr","name":"The Conservative","description":"","potentialAction":[{"@type":"SearchAction","target":{"@type":"EntryPoint","urlTemplate":"https:\/\/www.theconservative.online\/hr?s={search_term_string}"},"query-input":{"@type":"PropertyValueSpecification","valueRequired":true,"valueName":"search_term_string"}}],"inLanguage":"hr"},{"@type":"Person","@id":"https:\/\/www.theconservative.online\/hr#\/schema\/person\/769a6928b1a6145a095dde8677e8dc31","name":"Richard S\u00f6rman","image":{"@type":"ImageObject","inLanguage":"hr","@id":"https:\/\/secure.gravatar.com\/avatar\/31160c632b280151f52ca490d363172fd554ee64571053ac4dfe486bab7399f5?s=96&d=mm&r=g","url":"https:\/\/secure.gravatar.com\/avatar\/31160c632b280151f52ca490d363172fd554ee64571053ac4dfe486bab7399f5?s=96&d=mm&r=g","contentUrl":"https:\/\/secure.gravatar.com\/avatar\/31160c632b280151f52ca490d363172fd554ee64571053ac4dfe486bab7399f5?s=96&d=mm&r=g","caption":"Richard S\u00f6rman"},"url":"https:\/\/www.theconservative.online\/hr\/author\/riks-euspec-2025-2026"}]}},"acf":[],"_links":{"self":[{"href":"https:\/\/www.theconservative.online\/hr\/wp-json\/wp\/v2\/posts\/62932","targetHints":{"allow":["GET"]}}],"collection":[{"href":"https:\/\/www.theconservative.online\/hr\/wp-json\/wp\/v2\/posts"}],"about":[{"href":"https:\/\/www.theconservative.online\/hr\/wp-json\/wp\/v2\/types\/post"}],"author":[{"embeddable":true,"href":"https:\/\/www.theconservative.online\/hr\/wp-json\/wp\/v2\/users\/85"}],"replies":[{"embeddable":true,"href":"https:\/\/www.theconservative.online\/hr\/wp-json\/wp\/v2\/comments?post=62932"}],"version-history":[{"count":0,"href":"https:\/\/www.theconservative.online\/hr\/wp-json\/wp\/v2\/posts\/62932\/revisions"}],"wp:featuredmedia":[{"embeddable":true,"href":"https:\/\/www.theconservative.online\/hr\/wp-json\/wp\/v2\/media\/62880"}],"wp:attachment":[{"href":"https:\/\/www.theconservative.online\/hr\/wp-json\/wp\/v2\/media?parent=62932"}],"wp:term":[{"taxonomy":"category","embeddable":true,"href":"https:\/\/www.theconservative.online\/hr\/wp-json\/wp\/v2\/categories?post=62932"},{"taxonomy":"post_tag","embeddable":true,"href":"https:\/\/www.theconservative.online\/hr\/wp-json\/wp\/v2\/tags?post=62932"},{"taxonomy":"editorial-positions","embeddable":true,"href":"https:\/\/www.theconservative.online\/hr\/wp-json\/wp\/v2\/editorial-positions?post=62932"},{"taxonomy":"regions","embeddable":true,"href":"https:\/\/www.theconservative.online\/hr\/wp-json\/wp\/v2\/regions?post=62932"},{"taxonomy":"types","embeddable":true,"href":"https:\/\/www.theconservative.online\/hr\/wp-json\/wp\/v2\/types?post=62932"}],"curies":[{"name":"wp","href":"https:\/\/api.w.org\/{rel}","templated":true}]}}