{"id":62939,"date":"2026-08-30T12:10:48","date_gmt":"2026-08-30T12:10:48","guid":{"rendered":"https:\/\/www.theconservative.online\/zasto-je-island-odbio-clanstvo-u-eu"},"modified":"2026-08-30T12:10:48","modified_gmt":"2026-08-30T12:10:48","slug":"zasto-je-island-odbio-clanstvo-u-eu","status":"publish","type":"post","link":"https:\/\/www.theconservative.online\/hr\/zasto-je-island-odbio-clanstvo-u-eu","title":{"rendered":"Za\u0161to je Island odbio \u010dlanstvo u EU"},"content":{"rendered":"<p style=\"font-weight: 400;\">Na referendumu 29. kolovoza 2026. Island je odbacio pregovore o \u010dlanstvu u EU iz pet razloga: tri ekonomska i dva egzistencijalna. Prvo, izbor nije bio izme\u0111u izolacije i Europe. Island je bio \u010dlan Europskog gospodarskog prostora od 1994., uz Norve\u0161ku, Lihten\u0161tajn i, u prakti\u010dnim razlozima, \u0160vicarsku. To je zna\u010dilo da je Island bio dio jedinstvenog tr\u017ei\u0161ta, dok ribarstvo, poljoprivreda, vanjska trgovina i monetarna pitanja nisu bili pod kontrolom EU. Drugo, Islan\u0111ani nisu htjeli prepustiti kontrolu nad ta \u010detiri va\u017ena sektora EU, posebno nad svojim odr\u017eivim i profitabilnim ribarstvom, te izgubiti mogu\u0107nost sklapanja sporazuma o slobodnoj trgovini sa zemljama poput Kine, Indije, SAD-a i Brazila. Tre\u0107i ekonomski razlog bio je taj \u0161to bi prosperitetni Island puno vi\u0161e doprinio EU nego \u0161to bi od nje dobio. Islan\u0111anima nije bilo smije\u0161no kada je <em>Politico<\/em> citirao du\u017enosnika EU koji je rekao da se nada da \u0107e se Island i Crna Gora pridru\u017eiti istovremeno jer bi dobit od Islanda pokrila tro\u0161kove od Crne Gore. <\/p>\n<h3 style=\"font-weight: 400;\">Izgledi EU-a<\/h3>\n<p style=\"font-weight: 400;\">Jedan egzistencijalni razlog za odbijanje \u010dlanstva bio je taj \u0161to se izgledi EU-a \u010dine ne ba\u0161 svijetlima. Suo\u010dava se sa zna\u010dajnim financijskim izazovima u bliskoj budu\u0107nosti: nepokrivenim mirovinskim obvezama, dok je islandski mirovinski sustav najja\u010di na svijetu; trajnim dr\u017eavnim deficitima u mnogim zemljama \u010dlanicama; zna\u010dajnom planiranom potro\u0161njom na vojne sposobnosti, dok Island ima obrambeni ugovor sa SAD-om; i neizbje\u017enim tro\u0161kovima devet relativno siroma\u0161nih zemalja kandidatkinja u jugoisto\u010dnoj Europi. Unato\u010d tim izazovima, bruxellesska elita <a href=\"https:\/\/www.theconservative.online\/verhofstadts-epistle-to-the-icelanders\">poku\u0161ava<\/a> pretvoriti EU u saveznu dr\u017eavu, protivno \u017eeljama ve\u0107ine europskih bira\u010da.<\/p><div class='related_content'><span>RELATED<\/span><ul><li><a href='https:\/\/www.theconservative.online\/hr\/islandski-broj-ne-i-europa-nacija'>Islandski broj ne i Europa nacija<\/li><\/a><li><a href='https:\/\/www.theconservative.online\/hr\/neka-razmatranja-nakon-govora-povjerenika-za-prosirenje-u-zagrebu'>Neka razmatranja nakon govora povjerenika za pro\u0161irenje u Zagrebu<\/li><\/a><li><a href='https:\/\/www.theconservative.online\/hr\/industrijski-reset-europe-stavlja-kinu-energiju-i-ulaganja-u-fokus'>Industrijski reset Europe stavlja Kinu, energiju i ulaganja u fokus<\/li><\/a><\/ul><\/div>\n<h3 style=\"font-weight: 400;\">Sna\u017ean nacionalni identitet<\/h3>\n<p style=\"font-weight: 400;\">Drugi egzistencijalni razlog mogao bi objasniti za\u0161to su se islandska desnica i ljevica ujedinile protiv \u010dlanstva u EU, pri \u010demu je podr\u0161ka EU uglavnom bila ograni\u010dena na urbane intelektualce i javne slu\u017ebenike. To je sna\u017ean <a href=\"https:\/\/www.theconservative.online\/the-eu-and-icelandic-exceptionalism\">islandski nacionalni identitet<\/a> iskovan u borbi za neovisnost u devetnaestom stolje\u0107u, koja je kulminirala time \u0161to je Danska dodijelila Islandu suverenitet 1918. godine. Taj je identitet dodatno oja\u010dan \u010detirima ratovima s bakalarom koje je Island vodio do 1976. kako bi stekao kontrolu nad plodnim ribolovnim podru\u010djima oko otoka. Taj se nacionalni identitet temeljio na sje\u0107anju na neovisni Islandski Commonwealth od 930. do 1262., kojim je upravljao zakon, a ne kralj, kao i na sje\u0107anju na mra\u010dno doba koje je uslijedilo, kada se Island morao prvo podvrgnuti norve\u0161kom, a zatim danskom kralju. Nije iznena\u0111uju\u0107e da su neki od mojih kolega sa Sveu\u010dili\u0161ta Island, poput profesora Baldura Th\u00f3rhallssona i <a href=\"https:\/\/www.dv.is\/eyjan\/2026\/08\/13\/gudmundur-jardar-lifseiga-soguskodun-thetta-stenst-ekki-sogulega-skodun\">Gudmundura H\u00e1lfdanarsona<\/a> , koje je EU velikodu\u0161no financirala, u\u010dinili sve \u0161to su mogli da omalova\u017ee, pa \u010dak i ismijaju ovo sje\u0107anje.  <\/p>\n<h3 style=\"font-weight: 400;\">Pametan slogan<\/h3>\n<p style=\"font-weight: 400;\">Ovih pet razloga za nepridru\u017eivanje EU-u predstavljeno je u dobro organiziranoj i gotovo besprijekornoj kampanji zagovornika Ne. Zagovornici Da, s druge strane, uglavnom su se oslanjali na jedan pametan slogan, <em>J\u00e1 til ad sj\u00e1<\/em> , koji je te\u0161ko prevesti na engleski. Na divno sa\u017eet na\u010din, to zapravo zna\u010di: Glasajte za kako biste saznali \u0161to EU mo\u017ee ponuditi Islandu u pregovorima. Tko bi mogao biti protiv toga? Naravno, samo oni koji su pro\u010ditali detaljne upute EU-a za zemlje kandidatkinje.<\/p>\n<h3 style=\"font-weight: 400;\">Zlobni osobni napadi<\/h3>\n<p style=\"font-weight: 400;\">Kamp &#8220;Za&#8221; oslanjao se i na tri taktike. Jedna je bila obe\u0107anje puno vi\u0161eg \u017eivotnog standarda ako se Island pridru\u017ei EU od onog koji je ve\u0107 u\u017eivao. To je bilo neuvjerljivo u zemlji puno prosperitetnijoj od ve\u0107ine zemalja EU. Druga taktika bila je u\u010diniti ameri\u010dkog predsjednika Donalda Trumpa problemom. Ni to nije uspjelo. Nepromi\u0161ljene primjedbe predsjednika kojemu su ostale samo dvije i pol godine na du\u017enosti ne mijenjaju dugoro\u010dnu vanjsku politiku nacije. Tre\u0107a taktika bili su \u017eestoki osobni napadi na dva naju\u010dinkovitija glasnogovornika kampa &#8220;Protiv&#8221;, dr. Carla Baudenbachera, me\u0111unarodno priznatog stru\u010dnjaka za europsko pravo, koji je, kao predsjednik Suda EFTA-e 2013., presudio u korist Islanda u <a href=\"https:\/\/www.theconservative.online\/hr\/dva-stranca-koja-su-spasila-island\">va\u017enom slu\u010daju<\/a> o obvezama koje proizlaze iz sloma islandske banke 2008., i \u00d3lafura Ragnara Gr\u00edmssona, koji je bio predsjednik Islanda dvadeset godina, od 1996. do 2016. Dr. Baudenbacher objavio je <a href=\"https:\/\/www.theconservative.online\/hr?p=61993\">knjigu<\/a> o Islandu i EU te odr\u017eao predavanje pred punim skupom. \u00d3lafur Ragnar odr\u017eao je niz uvjerljivih govora i televizijskih intervjua. Napadi pokreta &#8220;Da&#8221; na njih su se obili o glavu. <\/p>\n<p style=\"font-weight: 400;\">(Fotografija prikazuje dr. Baudenbachera kako dr\u017ei predavanje 10. kolovoza 2026., a sastankom predsjedava \u00d3lafur Ragnar Gr\u00edmsson.)<\/p>\n<\/p>","protected":false},"excerpt":{"rendered":"<p>Na referendumu 29. kolovoza 2026. Island je odbacio pregovore o \u010dlanstvu u EU iz pet razloga: tri ekonomska i dva egzistencijalna. Prvo, izbor nije bio izme\u0111u izolacije i Europe. Island je bio \u010dlan Europskog gospodarskog prostora od 1994., uz Norve\u0161ku, Lihten\u0161tajn i, u prakti\u010dnim razlozima, \u0160vicarsku. To je zna\u010dilo da je Island bio dio jedinstvenog [&hellip;]<\/p>\n","protected":false},"author":82,"featured_media":62810,"comment_status":"closed","ping_status":"closed","sticky":false,"template":"","format":"standard","meta":{"footnotes":""},"categories":[186,185,161,2060],"tags":[3388,599,72,1028,3482],"editorial-positions":[],"regions":[343],"types":[450],"class_list":["post-62939","post","type-post","status-publish","format-standard","has-post-thumbnail","hentry","category-eseji","category-kultura-hr","category-politika-hr","category-svijet","tag-european-economic-area","tag-european-union","tag-iceland","tag-nationalism","tag-single-market","regions-northern-europe-hr","types-opinion-hr"],"yoast_head":"<!-- This site is optimized with the Yoast SEO plugin v28.0 - https:\/\/yoast.com\/product\/yoast-seo-wordpress\/ -->\n<title>Za\u0161to je Island odbio \u010dlanstvo u EU - The Conservative<\/title>\n<meta name=\"robots\" content=\"index, follow, max-snippet:-1, max-image-preview:large, max-video-preview:-1\" \/>\n<link rel=\"canonical\" href=\"https:\/\/www.theconservative.online\/hr\/zasto-je-island-odbio-clanstvo-u-eu\" \/>\n<meta property=\"og:locale\" content=\"hr_HR\" \/>\n<meta property=\"og:type\" content=\"article\" \/>\n<meta property=\"og:title\" content=\"Za\u0161to je Island odbio \u010dlanstvo u EU - The Conservative\" \/>\n<meta property=\"og:description\" content=\"Na referendumu 29. kolovoza 2026. Island je odbacio pregovore o \u010dlanstvu u EU iz pet razloga: tri ekonomska i dva egzistencijalna. Prvo, izbor nije bio izme\u0111u izolacije i Europe. Island je bio \u010dlan Europskog gospodarskog prostora od 1994., uz Norve\u0161ku, Lihten\u0161tajn i, u prakti\u010dnim razlozima, \u0160vicarsku. To je zna\u010dilo da je Island bio dio jedinstvenog [&hellip;]\" \/>\n<meta property=\"og:url\" content=\"https:\/\/www.theconservative.online\/hr\/zasto-je-island-odbio-clanstvo-u-eu\" \/>\n<meta property=\"og:site_name\" content=\"The Conservative\" \/>\n<meta property=\"article:author\" content=\"https:\/\/www.facebook.com\/hannes.h.gissurarson\" \/>\n<meta property=\"article:published_time\" content=\"2026-08-30T12:10:48+00:00\" \/>\n<meta property=\"og:image\" content=\"https:\/\/www.theconservative.online\/wp-content\/uploads\/2026\/08\/Baudenbacher.OlafurRagnar.jpg\" \/>\n\t<meta property=\"og:image:width\" content=\"944\" \/>\n\t<meta property=\"og:image:height\" content=\"537\" \/>\n\t<meta property=\"og:image:type\" content=\"image\/jpeg\" \/>\n<meta name=\"author\" content=\"Hannes Gissurarson\" \/>\n<meta name=\"twitter:card\" content=\"summary_large_image\" \/>\n<meta name=\"twitter:creator\" content=\"@HHGConferences\" \/>\n<meta name=\"twitter:label1\" content=\"Napisao\/la\" \/>\n\t<meta name=\"twitter:data1\" content=\"Hannes Gissurarson\" \/>\n\t<meta name=\"twitter:label2\" content=\"Procijenjeno vrijeme \u010ditanja\" \/>\n\t<meta name=\"twitter:data2\" content=\"4 minute\" \/>\n<script type=\"application\/ld+json\" class=\"yoast-schema-graph\">{\"@context\":\"https:\\\/\\\/schema.org\",\"@graph\":[{\"@type\":\"Article\",\"@id\":\"https:\\\/\\\/www.theconservative.online\\\/hr\\\/zasto-je-island-odbio-clanstvo-u-eu#article\",\"isPartOf\":{\"@id\":\"https:\\\/\\\/www.theconservative.online\\\/hr\\\/zasto-je-island-odbio-clanstvo-u-eu\"},\"author\":{\"name\":\"Hannes Gissurarson\",\"@id\":\"https:\\\/\\\/www.theconservative.online\\\/hr#\\\/schema\\\/person\\\/f846a1e867ea22696d18c11389594bf5\"},\"headline\":\"Za\u0161to je Island odbio \u010dlanstvo u EU\",\"datePublished\":\"2026-08-30T12:10:48+00:00\",\"mainEntityOfPage\":{\"@id\":\"https:\\\/\\\/www.theconservative.online\\\/hr\\\/zasto-je-island-odbio-clanstvo-u-eu\"},\"wordCount\":754,\"image\":{\"@id\":\"https:\\\/\\\/www.theconservative.online\\\/hr\\\/zasto-je-island-odbio-clanstvo-u-eu#primaryimage\"},\"thumbnailUrl\":\"https:\\\/\\\/www.theconservative.online\\\/wp-content\\\/uploads\\\/2026\\\/08\\\/Baudenbacher.OlafurRagnar.jpg\",\"keywords\":[\"European Economic Area\",\"European Union\",\"Iceland\",\"Nationalism\",\"Single Market\"],\"articleSection\":[\"Eseji\",\"Kultura\",\"Politika\",\"Svijet\"],\"inLanguage\":\"hr\"},{\"@type\":\"WebPage\",\"@id\":\"https:\\\/\\\/www.theconservative.online\\\/hr\\\/zasto-je-island-odbio-clanstvo-u-eu\",\"url\":\"https:\\\/\\\/www.theconservative.online\\\/hr\\\/zasto-je-island-odbio-clanstvo-u-eu\",\"name\":\"Za\u0161to je Island odbio \u010dlanstvo u EU - The Conservative\",\"isPartOf\":{\"@id\":\"https:\\\/\\\/www.theconservative.online\\\/hr#website\"},\"primaryImageOfPage\":{\"@id\":\"https:\\\/\\\/www.theconservative.online\\\/hr\\\/zasto-je-island-odbio-clanstvo-u-eu#primaryimage\"},\"image\":{\"@id\":\"https:\\\/\\\/www.theconservative.online\\\/hr\\\/zasto-je-island-odbio-clanstvo-u-eu#primaryimage\"},\"thumbnailUrl\":\"https:\\\/\\\/www.theconservative.online\\\/wp-content\\\/uploads\\\/2026\\\/08\\\/Baudenbacher.OlafurRagnar.jpg\",\"datePublished\":\"2026-08-30T12:10:48+00:00\",\"author\":{\"@id\":\"https:\\\/\\\/www.theconservative.online\\\/hr#\\\/schema\\\/person\\\/f846a1e867ea22696d18c11389594bf5\"},\"breadcrumb\":{\"@id\":\"https:\\\/\\\/www.theconservative.online\\\/hr\\\/zasto-je-island-odbio-clanstvo-u-eu#breadcrumb\"},\"inLanguage\":\"hr\",\"potentialAction\":[{\"@type\":\"ReadAction\",\"target\":[\"https:\\\/\\\/www.theconservative.online\\\/hr\\\/zasto-je-island-odbio-clanstvo-u-eu\"]}]},{\"@type\":\"ImageObject\",\"inLanguage\":\"hr\",\"@id\":\"https:\\\/\\\/www.theconservative.online\\\/hr\\\/zasto-je-island-odbio-clanstvo-u-eu#primaryimage\",\"url\":\"https:\\\/\\\/www.theconservative.online\\\/wp-content\\\/uploads\\\/2026\\\/08\\\/Baudenbacher.OlafurRagnar.jpg\",\"contentUrl\":\"https:\\\/\\\/www.theconservative.online\\\/wp-content\\\/uploads\\\/2026\\\/08\\\/Baudenbacher.OlafurRagnar.jpg\",\"width\":944,\"height\":537},{\"@type\":\"BreadcrumbList\",\"@id\":\"https:\\\/\\\/www.theconservative.online\\\/hr\\\/zasto-je-island-odbio-clanstvo-u-eu#breadcrumb\",\"itemListElement\":[{\"@type\":\"ListItem\",\"position\":1,\"name\":\"Home\",\"item\":\"https:\\\/\\\/www.theconservative.online\\\/hr\"},{\"@type\":\"ListItem\",\"position\":2,\"name\":\"Za\u0161to je Island odbio \u010dlanstvo u EU\"}]},{\"@type\":\"WebSite\",\"@id\":\"https:\\\/\\\/www.theconservative.online\\\/hr#website\",\"url\":\"https:\\\/\\\/www.theconservative.online\\\/hr\",\"name\":\"The Conservative\",\"description\":\"\",\"potentialAction\":[{\"@type\":\"SearchAction\",\"target\":{\"@type\":\"EntryPoint\",\"urlTemplate\":\"https:\\\/\\\/www.theconservative.online\\\/hr?s={search_term_string}\"},\"query-input\":{\"@type\":\"PropertyValueSpecification\",\"valueRequired\":true,\"valueName\":\"search_term_string\"}}],\"inLanguage\":\"hr\"},{\"@type\":\"Person\",\"@id\":\"https:\\\/\\\/www.theconservative.online\\\/hr#\\\/schema\\\/person\\\/f846a1e867ea22696d18c11389594bf5\",\"name\":\"Hannes Gissurarson\",\"image\":{\"@type\":\"ImageObject\",\"inLanguage\":\"hr\",\"@id\":\"https:\\\/\\\/secure.gravatar.com\\\/avatar\\\/5b34f276b6474dfca32871d1defaa3703e4969d4d69ff8b5a2542fc232dc85a6?s=96&d=mm&r=g\",\"url\":\"https:\\\/\\\/secure.gravatar.com\\\/avatar\\\/5b34f276b6474dfca32871d1defaa3703e4969d4d69ff8b5a2542fc232dc85a6?s=96&d=mm&r=g\",\"contentUrl\":\"https:\\\/\\\/secure.gravatar.com\\\/avatar\\\/5b34f276b6474dfca32871d1defaa3703e4969d4d69ff8b5a2542fc232dc85a6?s=96&d=mm&r=g\",\"caption\":\"Hannes Gissurarson\"},\"description\":\"Born in 1953. D. Phil. Politics Oxford 1985. Professor of Politics 1988\u20132023. Professor Emeritus since 2023. Member of the Board of Directors Mont Pelerin Society 1998\u20132004. Member of the Board of Overseers Central Bank of Iceland 2001\u20132009. Visiting Scholar, Hoover Institution and many universities.\",\"sameAs\":[\"https:\\\/\\\/www.facebook.com\\\/hannes.h.gissurarson\",\"https:\\\/\\\/www.instagram.com\\\/hannes1953\\\/\",\"https:\\\/\\\/www.linkedin.com\\\/in\\\/hannes-gissurarson-90485239\\\/\",\"https:\\\/\\\/x.com\\\/HHGConferences\",\"https:\\\/\\\/en.wikipedia.org\\\/wiki\\\/Hannes_H\u00f3lmsteinn_Gissurarson\"],\"url\":\"https:\\\/\\\/www.theconservative.online\\\/hr\\\/author\\\/hannes-eunat-2025-26\"}]}<\/script>\n<!-- \/ Yoast SEO plugin. -->","yoast_head_json":{"title":"Za\u0161to je Island odbio \u010dlanstvo u EU - The Conservative","robots":{"index":"index","follow":"follow","max-snippet":"max-snippet:-1","max-image-preview":"max-image-preview:large","max-video-preview":"max-video-preview:-1"},"canonical":"https:\/\/www.theconservative.online\/hr\/zasto-je-island-odbio-clanstvo-u-eu","og_locale":"hr_HR","og_type":"article","og_title":"Za\u0161to je Island odbio \u010dlanstvo u EU - The Conservative","og_description":"Na referendumu 29. kolovoza 2026. Island je odbacio pregovore o \u010dlanstvu u EU iz pet razloga: tri ekonomska i dva egzistencijalna. Prvo, izbor nije bio izme\u0111u izolacije i Europe. Island je bio \u010dlan Europskog gospodarskog prostora od 1994., uz Norve\u0161ku, Lihten\u0161tajn i, u prakti\u010dnim razlozima, \u0160vicarsku. To je zna\u010dilo da je Island bio dio jedinstvenog [&hellip;]","og_url":"https:\/\/www.theconservative.online\/hr\/zasto-je-island-odbio-clanstvo-u-eu","og_site_name":"The Conservative","article_author":"https:\/\/www.facebook.com\/hannes.h.gissurarson","article_published_time":"2026-08-30T12:10:48+00:00","og_image":[{"width":944,"height":537,"url":"https:\/\/www.theconservative.online\/wp-content\/uploads\/2026\/08\/Baudenbacher.OlafurRagnar.jpg","type":"image\/jpeg"}],"author":"Hannes Gissurarson","twitter_card":"summary_large_image","twitter_creator":"@HHGConferences","twitter_misc":{"Napisao\/la":"Hannes Gissurarson","Procijenjeno vrijeme \u010ditanja":"4 minute"},"schema":{"@context":"https:\/\/schema.org","@graph":[{"@type":"Article","@id":"https:\/\/www.theconservative.online\/hr\/zasto-je-island-odbio-clanstvo-u-eu#article","isPartOf":{"@id":"https:\/\/www.theconservative.online\/hr\/zasto-je-island-odbio-clanstvo-u-eu"},"author":{"name":"Hannes Gissurarson","@id":"https:\/\/www.theconservative.online\/hr#\/schema\/person\/f846a1e867ea22696d18c11389594bf5"},"headline":"Za\u0161to je Island odbio \u010dlanstvo u EU","datePublished":"2026-08-30T12:10:48+00:00","mainEntityOfPage":{"@id":"https:\/\/www.theconservative.online\/hr\/zasto-je-island-odbio-clanstvo-u-eu"},"wordCount":754,"image":{"@id":"https:\/\/www.theconservative.online\/hr\/zasto-je-island-odbio-clanstvo-u-eu#primaryimage"},"thumbnailUrl":"https:\/\/www.theconservative.online\/wp-content\/uploads\/2026\/08\/Baudenbacher.OlafurRagnar.jpg","keywords":["European Economic Area","European Union","Iceland","Nationalism","Single Market"],"articleSection":["Eseji","Kultura","Politika","Svijet"],"inLanguage":"hr"},{"@type":"WebPage","@id":"https:\/\/www.theconservative.online\/hr\/zasto-je-island-odbio-clanstvo-u-eu","url":"https:\/\/www.theconservative.online\/hr\/zasto-je-island-odbio-clanstvo-u-eu","name":"Za\u0161to je Island odbio \u010dlanstvo u EU - The Conservative","isPartOf":{"@id":"https:\/\/www.theconservative.online\/hr#website"},"primaryImageOfPage":{"@id":"https:\/\/www.theconservative.online\/hr\/zasto-je-island-odbio-clanstvo-u-eu#primaryimage"},"image":{"@id":"https:\/\/www.theconservative.online\/hr\/zasto-je-island-odbio-clanstvo-u-eu#primaryimage"},"thumbnailUrl":"https:\/\/www.theconservative.online\/wp-content\/uploads\/2026\/08\/Baudenbacher.OlafurRagnar.jpg","datePublished":"2026-08-30T12:10:48+00:00","author":{"@id":"https:\/\/www.theconservative.online\/hr#\/schema\/person\/f846a1e867ea22696d18c11389594bf5"},"breadcrumb":{"@id":"https:\/\/www.theconservative.online\/hr\/zasto-je-island-odbio-clanstvo-u-eu#breadcrumb"},"inLanguage":"hr","potentialAction":[{"@type":"ReadAction","target":["https:\/\/www.theconservative.online\/hr\/zasto-je-island-odbio-clanstvo-u-eu"]}]},{"@type":"ImageObject","inLanguage":"hr","@id":"https:\/\/www.theconservative.online\/hr\/zasto-je-island-odbio-clanstvo-u-eu#primaryimage","url":"https:\/\/www.theconservative.online\/wp-content\/uploads\/2026\/08\/Baudenbacher.OlafurRagnar.jpg","contentUrl":"https:\/\/www.theconservative.online\/wp-content\/uploads\/2026\/08\/Baudenbacher.OlafurRagnar.jpg","width":944,"height":537},{"@type":"BreadcrumbList","@id":"https:\/\/www.theconservative.online\/hr\/zasto-je-island-odbio-clanstvo-u-eu#breadcrumb","itemListElement":[{"@type":"ListItem","position":1,"name":"Home","item":"https:\/\/www.theconservative.online\/hr"},{"@type":"ListItem","position":2,"name":"Za\u0161to je Island odbio \u010dlanstvo u EU"}]},{"@type":"WebSite","@id":"https:\/\/www.theconservative.online\/hr#website","url":"https:\/\/www.theconservative.online\/hr","name":"The Conservative","description":"","potentialAction":[{"@type":"SearchAction","target":{"@type":"EntryPoint","urlTemplate":"https:\/\/www.theconservative.online\/hr?s={search_term_string}"},"query-input":{"@type":"PropertyValueSpecification","valueRequired":true,"valueName":"search_term_string"}}],"inLanguage":"hr"},{"@type":"Person","@id":"https:\/\/www.theconservative.online\/hr#\/schema\/person\/f846a1e867ea22696d18c11389594bf5","name":"Hannes Gissurarson","image":{"@type":"ImageObject","inLanguage":"hr","@id":"https:\/\/secure.gravatar.com\/avatar\/5b34f276b6474dfca32871d1defaa3703e4969d4d69ff8b5a2542fc232dc85a6?s=96&d=mm&r=g","url":"https:\/\/secure.gravatar.com\/avatar\/5b34f276b6474dfca32871d1defaa3703e4969d4d69ff8b5a2542fc232dc85a6?s=96&d=mm&r=g","contentUrl":"https:\/\/secure.gravatar.com\/avatar\/5b34f276b6474dfca32871d1defaa3703e4969d4d69ff8b5a2542fc232dc85a6?s=96&d=mm&r=g","caption":"Hannes Gissurarson"},"description":"Born in 1953. D. Phil. Politics Oxford 1985. Professor of Politics 1988\u20132023. Professor Emeritus since 2023. Member of the Board of Directors Mont Pelerin Society 1998\u20132004. Member of the Board of Overseers Central Bank of Iceland 2001\u20132009. Visiting Scholar, Hoover Institution and many universities.","sameAs":["https:\/\/www.facebook.com\/hannes.h.gissurarson","https:\/\/www.instagram.com\/hannes1953\/","https:\/\/www.linkedin.com\/in\/hannes-gissurarson-90485239\/","https:\/\/x.com\/HHGConferences","https:\/\/en.wikipedia.org\/wiki\/Hannes_H\u00f3lmsteinn_Gissurarson"],"url":"https:\/\/www.theconservative.online\/hr\/author\/hannes-eunat-2025-26"}]}},"acf":[],"_links":{"self":[{"href":"https:\/\/www.theconservative.online\/hr\/wp-json\/wp\/v2\/posts\/62939","targetHints":{"allow":["GET"]}}],"collection":[{"href":"https:\/\/www.theconservative.online\/hr\/wp-json\/wp\/v2\/posts"}],"about":[{"href":"https:\/\/www.theconservative.online\/hr\/wp-json\/wp\/v2\/types\/post"}],"author":[{"embeddable":true,"href":"https:\/\/www.theconservative.online\/hr\/wp-json\/wp\/v2\/users\/82"}],"replies":[{"embeddable":true,"href":"https:\/\/www.theconservative.online\/hr\/wp-json\/wp\/v2\/comments?post=62939"}],"version-history":[{"count":0,"href":"https:\/\/www.theconservative.online\/hr\/wp-json\/wp\/v2\/posts\/62939\/revisions"}],"wp:featuredmedia":[{"embeddable":true,"href":"https:\/\/www.theconservative.online\/hr\/wp-json\/wp\/v2\/media\/62810"}],"wp:attachment":[{"href":"https:\/\/www.theconservative.online\/hr\/wp-json\/wp\/v2\/media?parent=62939"}],"wp:term":[{"taxonomy":"category","embeddable":true,"href":"https:\/\/www.theconservative.online\/hr\/wp-json\/wp\/v2\/categories?post=62939"},{"taxonomy":"post_tag","embeddable":true,"href":"https:\/\/www.theconservative.online\/hr\/wp-json\/wp\/v2\/tags?post=62939"},{"taxonomy":"editorial-positions","embeddable":true,"href":"https:\/\/www.theconservative.online\/hr\/wp-json\/wp\/v2\/editorial-positions?post=62939"},{"taxonomy":"regions","embeddable":true,"href":"https:\/\/www.theconservative.online\/hr\/wp-json\/wp\/v2\/regions?post=62939"},{"taxonomy":"types","embeddable":true,"href":"https:\/\/www.theconservative.online\/hr\/wp-json\/wp\/v2\/types?post=62939"}],"curies":[{"name":"wp","href":"https:\/\/api.w.org\/{rel}","templated":true}]}}