{"id":62943,"date":"2026-08-29T13:21:29","date_gmt":"2026-08-29T13:21:29","guid":{"rendered":"https:\/\/www.theconservative.online\/island-glasa-o-ponovnom-otvaranju-puta-prema-europskoj-uniji"},"modified":"2026-08-29T13:21:29","modified_gmt":"2026-08-29T13:21:29","slug":"island-glasa-o-ponovnom-otvaranju-puta-prema-europskoj-uniji","status":"publish","type":"post","link":"https:\/\/www.theconservative.online\/hr\/island-glasa-o-ponovnom-otvaranju-puta-prema-europskoj-uniji","title":{"rendered":"Island glasa o ponovnom otvaranju puta prema Europskoj uniji"},"content":{"rendered":"<h2>Tijesno izjedna\u010den referendum unosi ekonomsku zabrinutost, prava na ribolov i sigurnost Arktika u raspravu koja bi mogla preoblikovati odnos Reykjavika s Bruxellesom<\/h2>\n<p> Islan\u0111ani glasaju o tome treba li njihova zemlja ponovno pokrenuti pregovore o \u010dlanstvu s Europskom unijom, o\u017eivljavaju\u0107i politi\u010dko pitanje koje je ostalo nerije\u0161eno vi\u0161e od desetlje\u0107a. Referendum ne tra\u017ei od bira\u010da da odobre samo \u010dlanstvo u EU. Umjesto toga, odlu\u010dit \u0107e treba li Reykjav\u00edk nastaviti pregovore prekinute 2013. godine.<\/p>\n<p>Iako je glasanje formalno konzultativno, vlada je obe\u0107ala slijediti rezultat. Pobjeda kampanje &#8220;za&#8221; stoga bi ponovno otvorila pregovore s Bruxellesom. Svaki dogovor koji se na kraju postigne morao bi se predlo\u017eiti Islan\u0111anima na drugom referendumu prije nego \u0161to bi se zemlja mogla pridru\u017eiti bloku.<\/p><div class='related_content'><span>RELATED<\/span><ul><li><a href='https:\/\/www.theconservative.online\/hr\/islandski-broj-ne-i-europa-nacija'>Islandski broj ne i Europa nacija<\/li><\/a><li><a href='https:\/\/www.theconservative.online\/hr\/neka-razmatranja-nakon-govora-povjerenika-za-prosirenje-u-zagrebu'>Neka razmatranja nakon govora povjerenika za pro\u0161irenje u Zagrebu<\/li><\/a><li><a href='https:\/\/www.theconservative.online\/hr\/ujedinjena-desnica-mora-istaknuti-unutarnje-razlike'>Ujedinjena desnica mora istaknuti unutarnje razlike<\/li><\/a><\/ul><\/div>\n<p>Ishod je vrlo neizvjestan. Dvije posljednje ankete javnog mnijenja stavile su suprotstavljene tabore unutar margine pogre\u0161ke. Mask\u00fdna je izmjerila podr\u0161ku za obnovu pregovora na 50,4 posto, dok je Gallup stranu &#8220;protiv&#8221; stavio u neznatnu prednost, s 51,6 posto.<\/p>\n<p>Oko 270.000 ljudi ima pravo sudjelovanja. Bira\u010dka mjesta otvorena su u 9 sati ujutro po lokalnom vremenu i trebala bi se zatvoriti u 22 sata. Glasanje prije referenduma bilo je neuobi\u010dajeno sna\u017eno: do podneva uo\u010di referenduma ve\u0107 je bilo predano 56.774 glasa\u010dkih listi\u0107a, uklju\u010duju\u0107i otprilike 17.000 glasova iz inozemstva. Regija glavnog grada zabilje\u017eila je do sada najvi\u0161u razinu ranog sudjelovanja.<\/p>\n<p>Brojanje glasova zapo\u010det \u0107e odmah nakon zatvaranja bira\u010dkih mjesta, a prvi djelomi\u010dni rezultati o\u010dekuju se iz ju\u017enog okruga. Nisu objavljene nacionalne izlazne ankete.<\/p>\n<p>Iza tijesne utakmice krije se rasprava o tome kako bi Island trebao za\u0161tititi i svoj prosperitet i svoju neovisnost. Zemlja je ve\u0107 blisko povezana s EU putem Europskog gospodarskog prostora, Schengenske zone i Europskog udru\u017eenja slobodne trgovine. Sudjeluje u jedinstvenom tr\u017ei\u0161tu i primjenjuje znatan dio europskog zakonodavstva, unato\u010d ograni\u010denom utjecaju na to kako su ta pravila napisana.<\/p>\n<p>Zagovornici ponovnog pokretanja pregovora tvrde da bi Island trebao dobiti mjesto za pregovara\u010dkim stolom ako se od njega ve\u0107 tra\u017ei da provede mnoge odluke EU. Protivnici smatraju da je sada\u0161nji aran\u017eman po\u017eeljniji jer kombinira pristup europskim tr\u017ei\u0161tima s ve\u0107om nacionalnom autonomijom.<\/p>\n<p>Nijedno pitanje ne ilustrira tu zabrinutost jasnije od ribolova. Morski resursi klju\u010dni su za islandsko gospodarstvo i nacionalni identitet. Punopravno \u010dlanstvo zahtijevalo bi pregovore o Zajedni\u010dkoj ribarskoj politici EU-a, uklju\u010duju\u0107i pitanja kvota i pristupa islandskim vodama. Kriti\u010dari se boje da bi odluke koje se sada donose u Reykjaviku mogle postati predmetom kompromisa u Bruxellesu.<\/p>\n<p>Ribarstvo je tako\u0111er bio najte\u017ei dio prethodnog procesa pristupanja. Island je podnio zahtjev za \u010dlanstvo 2009. godine, nakon \u0161to je financijski kolaps uni\u0161tio njegov bankarski sustav i oslabio povjerenje u nacionalnu valutu. Do trenutka kada su pregovori zaustavljeni \u010detiri godine kasnije, otvoreno je 27 poglavlja o politici, a 11 privremeno dovr\u0161eno, ali poglavlje o ribarstvu ostalo je nerije\u0161eno.<\/p>\n<p>Ekonomski pritisci vratili su europsko pitanje u prvi plan. Inflacija, skupe hipoteke i kamatna stopa islandske sredi\u0161nje banke od 8 posto oja\u010dali su argumente za bli\u017eu integraciju. Kamatna stopa Europske sredi\u0161nje banke, za usporedbu, iznosi 2,25 posto. Proeuropski aktivisti predstavljaju kona\u010dno usvajanje eura kao mogu\u0107i izvor stabilnosti. Njihovi protivnici upozoravaju da bi odustajanje od krune uklonilo vrijedan alat za odgovaranje na posebne potrebe malog islandskog gospodarstva.<\/p>\n<p>Geopoliti\u010dko okru\u017eenje tako\u0111er se dramati\u010dno promijenilo od 2013. Ruska invazija na Ukrajinu, intenziviranje konkurencije na Arktiku i neizvjesnost oko dugoro\u010dne ameri\u010dke politike pove\u0107ali su strate\u0161ku va\u017enost Islanda. Otok se nalazi izme\u0111u Europe, Grenlanda i Sjeverne Amerike, blizu GIUK jaza, vitalnog sjevernoatlantskog koridora za vojnu i pomorsku sigurnost.<\/p>\n<p>Island, jedna od osniva\u010dica NATO-a, nedavno je pro\u0161irio svoju sigurnosnu suradnju s EU kroz partnerstvo koje obuhva\u0107a Arktik, kriti\u010dnu infrastrukturu, pomorske poslove i kiberneti\u010dke prijetnje. \u010clanstvo bi stoga bilo va\u017eno i izvan Islanda, koji broji otprilike 400 000 stanovnika: oja\u010dalo bi politi\u010dku prisutnost EU u regiji koja privla\u010di sve ve\u0107u pozornost Rusije, Kine i Sjedinjenih Dr\u017eava.<\/p>\n<p>Ako bira\u010di odobre obnovljene pregovore, islandsko ministarstvo vanjskih poslova vjeruje da bi pregovori mogli zapo\u010deti prije kraja godine i trajati izme\u0111u 18 i 24 mjeseca. No \u010dak i tada bi pristupanje ostalo neodlu\u010deno. Referendum mo\u017ee ponovno otvoriti vrata Europi, ali Islan\u0111ani bi i dalje morali odlu\u010diti ho\u0107e li pro\u0107i kroz njega.<\/p>\n<p>&nbsp;<\/p>\n<h4>Alessandro Fiorentino<\/h4>\n<\/p>","protected":false},"excerpt":{"rendered":"<p>Tijesno izjedna\u010den referendum unosi ekonomsku zabrinutost, prava na ribolov i sigurnost Arktika u raspravu koja bi mogla preoblikovati odnos Reykjavika s Bruxellesom Islan\u0111ani glasaju o tome treba li njihova zemlja ponovno pokrenuti pregovore o \u010dlanstvu s Europskom unijom, o\u017eivljavaju\u0107i politi\u010dko pitanje koje je ostalo nerije\u0161eno vi\u0161e od desetlje\u0107a. Referendum ne tra\u017ei od bira\u010da da odobre [&hellip;]<\/p>\n","protected":false},"author":75,"featured_media":62707,"comment_status":"closed","ping_status":"closed","sticky":false,"template":"","format":"standard","meta":{"footnotes":""},"categories":[218,1463,185,1330,161,255,2060,151,198],"tags":[3477,3474,3475,3476,1000,302,250,237,300,215,247,270,268,283,316,599,72,503,243,146,1864,214,554,252,282],"editorial-positions":[],"regions":[330,336,343,354,366],"types":[413,450],"class_list":["post-62943","post","type-post","status-publish","format-standard","has-post-thumbnail","hentry","category-energija","category-izgradnja-konzervativne-europe","category-kultura-hr","category-nasa-buducnost-s-nato-om","category-politika-hr","category-pravno","category-svijet","category-trgovina-i-ekonomija","category-zdravlje","tag-icelanders","tag-islanda","tag-votes","tag-voti","tag-conservatism","tag-conservative","tag-economy","tag-energy","tag-environment","tag-eu","tag-eu-council","tag-europa","tag-europe","tag-european-commission","tag-european-parliament","tag-european-union","tag-iceland","tag-immigration","tag-nato","tag-politics","tag-referendum","tag-russia","tag-sweden","tag-technology","tag-ursula-von-der-leyen","regions-central-europe-hr","regions-eastern-europe-hr","regions-northern-europe-hr","regions-southern-europe-hr","regions-western-europe-hr","types-news-hr","types-opinion-hr"],"yoast_head":"<!-- This site is optimized with the Yoast SEO plugin v28.0 - https:\/\/yoast.com\/product\/yoast-seo-wordpress\/ -->\n<title>Island glasa o ponovnom otvaranju puta prema Europskoj uniji - The Conservative<\/title>\n<meta name=\"robots\" content=\"index, follow, max-snippet:-1, max-image-preview:large, max-video-preview:-1\" \/>\n<link rel=\"canonical\" href=\"https:\/\/www.theconservative.online\/hr\/island-glasa-o-ponovnom-otvaranju-puta-prema-europskoj-uniji\" \/>\n<meta property=\"og:locale\" content=\"hr_HR\" \/>\n<meta property=\"og:type\" content=\"article\" \/>\n<meta property=\"og:title\" content=\"Island glasa o ponovnom otvaranju puta prema Europskoj uniji - The Conservative\" \/>\n<meta property=\"og:description\" content=\"Tijesno izjedna\u010den referendum unosi ekonomsku zabrinutost, prava na ribolov i sigurnost Arktika u raspravu koja bi mogla preoblikovati odnos Reykjavika s Bruxellesom Islan\u0111ani glasaju o tome treba li njihova zemlja ponovno pokrenuti pregovore o \u010dlanstvu s Europskom unijom, o\u017eivljavaju\u0107i politi\u010dko pitanje koje je ostalo nerije\u0161eno vi\u0161e od desetlje\u0107a. Referendum ne tra\u017ei od bira\u010da da odobre [&hellip;]\" \/>\n<meta property=\"og:url\" content=\"https:\/\/www.theconservative.online\/hr\/island-glasa-o-ponovnom-otvaranju-puta-prema-europskoj-uniji\" \/>\n<meta property=\"og:site_name\" content=\"The Conservative\" \/>\n<meta property=\"article:published_time\" content=\"2026-08-29T13:21:29+00:00\" \/>\n<meta property=\"og:image\" content=\"https:\/\/www.theconservative.online\/wp-content\/uploads\/2026\/08\/iceland-eu-referendum-cover-16x9-1.png\" \/>\n\t<meta property=\"og:image:width\" content=\"1115\" \/>\n\t<meta property=\"og:image:height\" content=\"627\" \/>\n\t<meta property=\"og:image:type\" content=\"image\/png\" \/>\n<meta name=\"author\" content=\"Gianluca Guarino\" \/>\n<meta name=\"twitter:card\" content=\"summary_large_image\" \/>\n<meta name=\"twitter:label1\" content=\"Napisao\/la\" \/>\n\t<meta name=\"twitter:data1\" content=\"Gianluca Guarino\" \/>\n\t<meta name=\"twitter:label2\" content=\"Procijenjeno vrijeme \u010ditanja\" \/>\n\t<meta name=\"twitter:data2\" content=\"4 minute\" \/>\n<script type=\"application\/ld+json\" class=\"yoast-schema-graph\">{\"@context\":\"https:\\\/\\\/schema.org\",\"@graph\":[{\"@type\":\"Article\",\"@id\":\"https:\\\/\\\/www.theconservative.online\\\/hr\\\/island-glasa-o-ponovnom-otvaranju-puta-prema-europskoj-uniji#article\",\"isPartOf\":{\"@id\":\"https:\\\/\\\/www.theconservative.online\\\/hr\\\/island-glasa-o-ponovnom-otvaranju-puta-prema-europskoj-uniji\"},\"author\":{\"name\":\"Gianluca Guarino\",\"@id\":\"https:\\\/\\\/www.theconservative.online\\\/hr#\\\/schema\\\/person\\\/46c9b8a1ba7a0e0b73f01e5e8593e28a\"},\"headline\":\"Island glasa o ponovnom otvaranju puta prema Europskoj uniji\",\"datePublished\":\"2026-08-29T13:21:29+00:00\",\"mainEntityOfPage\":{\"@id\":\"https:\\\/\\\/www.theconservative.online\\\/hr\\\/island-glasa-o-ponovnom-otvaranju-puta-prema-europskoj-uniji\"},\"wordCount\":753,\"image\":{\"@id\":\"https:\\\/\\\/www.theconservative.online\\\/hr\\\/island-glasa-o-ponovnom-otvaranju-puta-prema-europskoj-uniji#primaryimage\"},\"thumbnailUrl\":\"https:\\\/\\\/www.theconservative.online\\\/wp-content\\\/uploads\\\/2026\\\/08\\\/iceland-eu-referendum-cover-16x9-1.png\",\"keywords\":[\"#icelanders\",\"#islanda\",\"#votes\",\"#voti\",\"Conservatism\",\"conservative\",\"Economy\",\"energy\",\"environment\",\"EU\",\"EU Council\",\"europa\",\"europe\",\"European Commission\",\"European Parliament\",\"European Union\",\"Iceland\",\"immigration\",\"NATO\",\"Politics\",\"referendum\",\"Russia\",\"Sweden\",\"technology\",\"Ursula von der Leyen\"],\"articleSection\":[\"Energija\",\"Izgradnja konzervativne Europe\",\"Kultura\",\"Na\u0161a budu\u0107nost s NATO-om\",\"Politika\",\"Pravno\",\"Svijet\",\"Trgovina i ekonomija\",\"Zdravlje\"],\"inLanguage\":\"hr\"},{\"@type\":\"WebPage\",\"@id\":\"https:\\\/\\\/www.theconservative.online\\\/hr\\\/island-glasa-o-ponovnom-otvaranju-puta-prema-europskoj-uniji\",\"url\":\"https:\\\/\\\/www.theconservative.online\\\/hr\\\/island-glasa-o-ponovnom-otvaranju-puta-prema-europskoj-uniji\",\"name\":\"Island glasa o ponovnom otvaranju puta prema Europskoj uniji - The Conservative\",\"isPartOf\":{\"@id\":\"https:\\\/\\\/www.theconservative.online\\\/hr#website\"},\"primaryImageOfPage\":{\"@id\":\"https:\\\/\\\/www.theconservative.online\\\/hr\\\/island-glasa-o-ponovnom-otvaranju-puta-prema-europskoj-uniji#primaryimage\"},\"image\":{\"@id\":\"https:\\\/\\\/www.theconservative.online\\\/hr\\\/island-glasa-o-ponovnom-otvaranju-puta-prema-europskoj-uniji#primaryimage\"},\"thumbnailUrl\":\"https:\\\/\\\/www.theconservative.online\\\/wp-content\\\/uploads\\\/2026\\\/08\\\/iceland-eu-referendum-cover-16x9-1.png\",\"datePublished\":\"2026-08-29T13:21:29+00:00\",\"author\":{\"@id\":\"https:\\\/\\\/www.theconservative.online\\\/hr#\\\/schema\\\/person\\\/46c9b8a1ba7a0e0b73f01e5e8593e28a\"},\"breadcrumb\":{\"@id\":\"https:\\\/\\\/www.theconservative.online\\\/hr\\\/island-glasa-o-ponovnom-otvaranju-puta-prema-europskoj-uniji#breadcrumb\"},\"inLanguage\":\"hr\",\"potentialAction\":[{\"@type\":\"ReadAction\",\"target\":[\"https:\\\/\\\/www.theconservative.online\\\/hr\\\/island-glasa-o-ponovnom-otvaranju-puta-prema-europskoj-uniji\"]}]},{\"@type\":\"ImageObject\",\"inLanguage\":\"hr\",\"@id\":\"https:\\\/\\\/www.theconservative.online\\\/hr\\\/island-glasa-o-ponovnom-otvaranju-puta-prema-europskoj-uniji#primaryimage\",\"url\":\"https:\\\/\\\/www.theconservative.online\\\/wp-content\\\/uploads\\\/2026\\\/08\\\/iceland-eu-referendum-cover-16x9-1.png\",\"contentUrl\":\"https:\\\/\\\/www.theconservative.online\\\/wp-content\\\/uploads\\\/2026\\\/08\\\/iceland-eu-referendum-cover-16x9-1.png\",\"width\":1115,\"height\":627},{\"@type\":\"BreadcrumbList\",\"@id\":\"https:\\\/\\\/www.theconservative.online\\\/hr\\\/island-glasa-o-ponovnom-otvaranju-puta-prema-europskoj-uniji#breadcrumb\",\"itemListElement\":[{\"@type\":\"ListItem\",\"position\":1,\"name\":\"Home\",\"item\":\"https:\\\/\\\/www.theconservative.online\\\/hr\"},{\"@type\":\"ListItem\",\"position\":2,\"name\":\"Island glasa o ponovnom otvaranju puta prema Europskoj uniji\"}]},{\"@type\":\"WebSite\",\"@id\":\"https:\\\/\\\/www.theconservative.online\\\/hr#website\",\"url\":\"https:\\\/\\\/www.theconservative.online\\\/hr\",\"name\":\"The Conservative\",\"description\":\"\",\"potentialAction\":[{\"@type\":\"SearchAction\",\"target\":{\"@type\":\"EntryPoint\",\"urlTemplate\":\"https:\\\/\\\/www.theconservative.online\\\/hr?s={search_term_string}\"},\"query-input\":{\"@type\":\"PropertyValueSpecification\",\"valueRequired\":true,\"valueName\":\"search_term_string\"}}],\"inLanguage\":\"hr\"},{\"@type\":\"Person\",\"@id\":\"https:\\\/\\\/www.theconservative.online\\\/hr#\\\/schema\\\/person\\\/46c9b8a1ba7a0e0b73f01e5e8593e28a\",\"name\":\"Gianluca Guarino\",\"image\":{\"@type\":\"ImageObject\",\"inLanguage\":\"hr\",\"@id\":\"https:\\\/\\\/secure.gravatar.com\\\/avatar\\\/01905945d0032a29ec00293c7d34262b190a51fcaa4b6e91fa605759ef37929e?s=96&d=mm&r=g\",\"url\":\"https:\\\/\\\/secure.gravatar.com\\\/avatar\\\/01905945d0032a29ec00293c7d34262b190a51fcaa4b6e91fa605759ef37929e?s=96&d=mm&r=g\",\"contentUrl\":\"https:\\\/\\\/secure.gravatar.com\\\/avatar\\\/01905945d0032a29ec00293c7d34262b190a51fcaa4b6e91fa605759ef37929e?s=96&d=mm&r=g\",\"caption\":\"Gianluca Guarino\"},\"url\":\"https:\\\/\\\/www.theconservative.online\\\/hr\\\/author\\\/worklab-euaff-2025-26\"}]}<\/script>\n<!-- \/ Yoast SEO plugin. -->","yoast_head_json":{"title":"Island glasa o ponovnom otvaranju puta prema Europskoj uniji - The Conservative","robots":{"index":"index","follow":"follow","max-snippet":"max-snippet:-1","max-image-preview":"max-image-preview:large","max-video-preview":"max-video-preview:-1"},"canonical":"https:\/\/www.theconservative.online\/hr\/island-glasa-o-ponovnom-otvaranju-puta-prema-europskoj-uniji","og_locale":"hr_HR","og_type":"article","og_title":"Island glasa o ponovnom otvaranju puta prema Europskoj uniji - The Conservative","og_description":"Tijesno izjedna\u010den referendum unosi ekonomsku zabrinutost, prava na ribolov i sigurnost Arktika u raspravu koja bi mogla preoblikovati odnos Reykjavika s Bruxellesom Islan\u0111ani glasaju o tome treba li njihova zemlja ponovno pokrenuti pregovore o \u010dlanstvu s Europskom unijom, o\u017eivljavaju\u0107i politi\u010dko pitanje koje je ostalo nerije\u0161eno vi\u0161e od desetlje\u0107a. Referendum ne tra\u017ei od bira\u010da da odobre [&hellip;]","og_url":"https:\/\/www.theconservative.online\/hr\/island-glasa-o-ponovnom-otvaranju-puta-prema-europskoj-uniji","og_site_name":"The Conservative","article_published_time":"2026-08-29T13:21:29+00:00","og_image":[{"width":1115,"height":627,"url":"https:\/\/www.theconservative.online\/wp-content\/uploads\/2026\/08\/iceland-eu-referendum-cover-16x9-1.png","type":"image\/png"}],"author":"Gianluca Guarino","twitter_card":"summary_large_image","twitter_misc":{"Napisao\/la":"Gianluca Guarino","Procijenjeno vrijeme \u010ditanja":"4 minute"},"schema":{"@context":"https:\/\/schema.org","@graph":[{"@type":"Article","@id":"https:\/\/www.theconservative.online\/hr\/island-glasa-o-ponovnom-otvaranju-puta-prema-europskoj-uniji#article","isPartOf":{"@id":"https:\/\/www.theconservative.online\/hr\/island-glasa-o-ponovnom-otvaranju-puta-prema-europskoj-uniji"},"author":{"name":"Gianluca Guarino","@id":"https:\/\/www.theconservative.online\/hr#\/schema\/person\/46c9b8a1ba7a0e0b73f01e5e8593e28a"},"headline":"Island glasa o ponovnom otvaranju puta prema Europskoj uniji","datePublished":"2026-08-29T13:21:29+00:00","mainEntityOfPage":{"@id":"https:\/\/www.theconservative.online\/hr\/island-glasa-o-ponovnom-otvaranju-puta-prema-europskoj-uniji"},"wordCount":753,"image":{"@id":"https:\/\/www.theconservative.online\/hr\/island-glasa-o-ponovnom-otvaranju-puta-prema-europskoj-uniji#primaryimage"},"thumbnailUrl":"https:\/\/www.theconservative.online\/wp-content\/uploads\/2026\/08\/iceland-eu-referendum-cover-16x9-1.png","keywords":["#icelanders","#islanda","#votes","#voti","Conservatism","conservative","Economy","energy","environment","EU","EU Council","europa","europe","European Commission","European Parliament","European Union","Iceland","immigration","NATO","Politics","referendum","Russia","Sweden","technology","Ursula von der Leyen"],"articleSection":["Energija","Izgradnja konzervativne Europe","Kultura","Na\u0161a budu\u0107nost s NATO-om","Politika","Pravno","Svijet","Trgovina i ekonomija","Zdravlje"],"inLanguage":"hr"},{"@type":"WebPage","@id":"https:\/\/www.theconservative.online\/hr\/island-glasa-o-ponovnom-otvaranju-puta-prema-europskoj-uniji","url":"https:\/\/www.theconservative.online\/hr\/island-glasa-o-ponovnom-otvaranju-puta-prema-europskoj-uniji","name":"Island glasa o ponovnom otvaranju puta prema Europskoj uniji - The Conservative","isPartOf":{"@id":"https:\/\/www.theconservative.online\/hr#website"},"primaryImageOfPage":{"@id":"https:\/\/www.theconservative.online\/hr\/island-glasa-o-ponovnom-otvaranju-puta-prema-europskoj-uniji#primaryimage"},"image":{"@id":"https:\/\/www.theconservative.online\/hr\/island-glasa-o-ponovnom-otvaranju-puta-prema-europskoj-uniji#primaryimage"},"thumbnailUrl":"https:\/\/www.theconservative.online\/wp-content\/uploads\/2026\/08\/iceland-eu-referendum-cover-16x9-1.png","datePublished":"2026-08-29T13:21:29+00:00","author":{"@id":"https:\/\/www.theconservative.online\/hr#\/schema\/person\/46c9b8a1ba7a0e0b73f01e5e8593e28a"},"breadcrumb":{"@id":"https:\/\/www.theconservative.online\/hr\/island-glasa-o-ponovnom-otvaranju-puta-prema-europskoj-uniji#breadcrumb"},"inLanguage":"hr","potentialAction":[{"@type":"ReadAction","target":["https:\/\/www.theconservative.online\/hr\/island-glasa-o-ponovnom-otvaranju-puta-prema-europskoj-uniji"]}]},{"@type":"ImageObject","inLanguage":"hr","@id":"https:\/\/www.theconservative.online\/hr\/island-glasa-o-ponovnom-otvaranju-puta-prema-europskoj-uniji#primaryimage","url":"https:\/\/www.theconservative.online\/wp-content\/uploads\/2026\/08\/iceland-eu-referendum-cover-16x9-1.png","contentUrl":"https:\/\/www.theconservative.online\/wp-content\/uploads\/2026\/08\/iceland-eu-referendum-cover-16x9-1.png","width":1115,"height":627},{"@type":"BreadcrumbList","@id":"https:\/\/www.theconservative.online\/hr\/island-glasa-o-ponovnom-otvaranju-puta-prema-europskoj-uniji#breadcrumb","itemListElement":[{"@type":"ListItem","position":1,"name":"Home","item":"https:\/\/www.theconservative.online\/hr"},{"@type":"ListItem","position":2,"name":"Island glasa o ponovnom otvaranju puta prema Europskoj uniji"}]},{"@type":"WebSite","@id":"https:\/\/www.theconservative.online\/hr#website","url":"https:\/\/www.theconservative.online\/hr","name":"The Conservative","description":"","potentialAction":[{"@type":"SearchAction","target":{"@type":"EntryPoint","urlTemplate":"https:\/\/www.theconservative.online\/hr?s={search_term_string}"},"query-input":{"@type":"PropertyValueSpecification","valueRequired":true,"valueName":"search_term_string"}}],"inLanguage":"hr"},{"@type":"Person","@id":"https:\/\/www.theconservative.online\/hr#\/schema\/person\/46c9b8a1ba7a0e0b73f01e5e8593e28a","name":"Gianluca Guarino","image":{"@type":"ImageObject","inLanguage":"hr","@id":"https:\/\/secure.gravatar.com\/avatar\/01905945d0032a29ec00293c7d34262b190a51fcaa4b6e91fa605759ef37929e?s=96&d=mm&r=g","url":"https:\/\/secure.gravatar.com\/avatar\/01905945d0032a29ec00293c7d34262b190a51fcaa4b6e91fa605759ef37929e?s=96&d=mm&r=g","contentUrl":"https:\/\/secure.gravatar.com\/avatar\/01905945d0032a29ec00293c7d34262b190a51fcaa4b6e91fa605759ef37929e?s=96&d=mm&r=g","caption":"Gianluca Guarino"},"url":"https:\/\/www.theconservative.online\/hr\/author\/worklab-euaff-2025-26"}]}},"acf":[],"_links":{"self":[{"href":"https:\/\/www.theconservative.online\/hr\/wp-json\/wp\/v2\/posts\/62943","targetHints":{"allow":["GET"]}}],"collection":[{"href":"https:\/\/www.theconservative.online\/hr\/wp-json\/wp\/v2\/posts"}],"about":[{"href":"https:\/\/www.theconservative.online\/hr\/wp-json\/wp\/v2\/types\/post"}],"author":[{"embeddable":true,"href":"https:\/\/www.theconservative.online\/hr\/wp-json\/wp\/v2\/users\/75"}],"replies":[{"embeddable":true,"href":"https:\/\/www.theconservative.online\/hr\/wp-json\/wp\/v2\/comments?post=62943"}],"version-history":[{"count":0,"href":"https:\/\/www.theconservative.online\/hr\/wp-json\/wp\/v2\/posts\/62943\/revisions"}],"wp:featuredmedia":[{"embeddable":true,"href":"https:\/\/www.theconservative.online\/hr\/wp-json\/wp\/v2\/media\/62707"}],"wp:attachment":[{"href":"https:\/\/www.theconservative.online\/hr\/wp-json\/wp\/v2\/media?parent=62943"}],"wp:term":[{"taxonomy":"category","embeddable":true,"href":"https:\/\/www.theconservative.online\/hr\/wp-json\/wp\/v2\/categories?post=62943"},{"taxonomy":"post_tag","embeddable":true,"href":"https:\/\/www.theconservative.online\/hr\/wp-json\/wp\/v2\/tags?post=62943"},{"taxonomy":"editorial-positions","embeddable":true,"href":"https:\/\/www.theconservative.online\/hr\/wp-json\/wp\/v2\/editorial-positions?post=62943"},{"taxonomy":"regions","embeddable":true,"href":"https:\/\/www.theconservative.online\/hr\/wp-json\/wp\/v2\/regions?post=62943"},{"taxonomy":"types","embeddable":true,"href":"https:\/\/www.theconservative.online\/hr\/wp-json\/wp\/v2\/types?post=62943"}],"curies":[{"name":"wp","href":"https:\/\/api.w.org\/{rel}","templated":true}]}}