{"id":62951,"date":"2026-08-27T14:34:32","date_gmt":"2026-08-27T14:34:32","guid":{"rendered":"https:\/\/www.theconservative.online\/rumunjska-je-upravo-razotkrila-blef-bruxellesa-a-licemjerje-usr-a-je-prava-prica"},"modified":"2026-08-27T14:34:32","modified_gmt":"2026-08-27T14:34:32","slug":"rumunjska-je-upravo-razotkrila-blef-bruxellesa-a-licemjerje-usr-a-je-prava-prica","status":"publish","type":"post","link":"https:\/\/www.theconservative.online\/hr\/rumunjska-je-upravo-razotkrila-blef-bruxellesa-a-licemjerje-usr-a-je-prava-prica","title":{"rendered":"Rumunjska je upravo razotkrila blef Bruxellesa, a licemjerje USR-a je prava pri\u010da."},"content":{"rendered":"<p>Rumunjski Senat u srijedu je u\u010dinio ne\u0161to \u0161to bi se prije mjesec dana \u010dinilo nezamislivim: izravno je suo\u010dio s prijetnjom dviju najve\u0107ih politi\u010dkih obitelji Europskog parlamenta i svejedno glasao. Novi Zakon o integritetu usvojen je sa 106 glasova za i 19 protiv, a jedini senatori koji su mu se protivili bili su iz USR-a, stranke gradona\u010delnika Temi\u0161vara, Dominica Fritza. Ni PSD, ni PNL, ni AUR. Samo USR, sam, brani posao jednog \u010dovjeka.<\/p>\n<p>Zakon, formalno poznat kao &#8220;Legea ANI&#8221;, prekretnica je PNRR-a, jedna od tehni\u010dkih okvira koje Rumunjska mora ispuniti do 31. kolovoza kako bi oslobodila 770 milijuna eura iz fondova EU za oporavak. U njemu se nalazi takozvani &#8220;Fritzov amandman&#8221;: klauzula koja navodi da SVAKI javni du\u017enosnik \u010dija je nespojivost ili sukob interesa kona\u010dno utvr\u0111ena sudskim putem gubi mandat 30 dana nakon stupanja na snagu zakona, pod uvjetom da trogodi\u0161nje razdoblje zabrane ve\u0107 nije isteklo.<\/p>\n<p>Ovo nije hipotetski slu\u010daj. \u010cetiri rumunjska suda jednoglasno su presudila da je Fritz bio u sukobu interesa kada je potpisao dokument o prostornom ure\u0111enju (PUZ) u korist nekoga tko je donirao njegovoj kampanji. Ustavni sud se 17. kolovoza oglasio i potvrdio da je amandman u potpunosti ustavan. Dakle, do trenutka kada je Senat glasao ovog tjedna, ovo zapravo nije bila rasprava o tome je li Fritz prekr\u0161io pravila, sudovi su to ve\u0107 rije\u0161ili prije nekoliko mjeseci. Glasovanje se odnosilo na to ho\u0107e li rumunjski parlament dopustiti da presuda uop\u0107e ne\u0161to zna\u010di. Doista jest. Prijedlog zakona sada ide predsjedniku Nicu\u0219oru Danu na progla\u0161enje, a nakon \u0161to stupi na snagu, Fritz i vi\u0161e od 120 drugih du\u017enosnika u sli\u010dnim pravnim situacijama imat \u0107e 30 dana da predaju svoje du\u017enosti.<\/p>\n<p>Ovdje pri\u010da postaje uistinu zanimljiva i gdje su mnogi uobi\u010dajeni politi\u010dki scenariji poderani. AUR je danas u Senatu glasao za zakon o integritetu. Predsjednik AUR-a George Simion bio je izravan u vezi s tim: AUR je podr\u017eao takozvani Fritzov amandman &#8220;jer je normalno, tko god je nekompatibilan mora i\u0107i ku\u0107i&#8221;. AUR se slo\u017eio sa stvarnim sudskim odlukama, \u010detiri presude i potvrdom Ustavnog suda, inzistiraju\u0107i da se standard treba primjenjivati \u200b\u200bna sve jednako, a ne samo na prikladne mete. Va\u017eno je napomenuti da je AUR ranije poku\u0161ao dodatno pro\u0161iriti zakon, inzistiraju\u0107i da i \u017eivotni partneri politi\u010dara moraju prijaviti imovinu, iako taj dio nije pre\u017eivio u kona\u010dnom tekstu Senata.<\/p>\n<p>A sada dio koji je te\u017ee predstaviti. USR je godinama gradio svoj brend na to\u010dno jednom obe\u0107anju: nulta tolerancija za korupciju i sukob interesa, bez obzira tko je uklju\u010den. To je cijeli razlog postojanja stranke. Pa ipak, kada su sudovi utvrdili da se njihov predsjednik stranke nalazi u \u0161kolskoj situaciji sukoba interesa zbog profitiranja donatora kampanje putem slu\u017ebene odluke o prostornom ure\u0111enju, senatori USR-a bili su jedini blok u cijelom domu koji je glasao protiv provedbe zakona.<\/p>\n<p>Stranka se nije zaustavila na glasanju protiv na doma\u0107em terenu. Situacija je eskalirala do Bruxellesa. Budu\u0107i da je USR unutar grupe Renew Europe, a krilo PNL-a Bolojan unutar Europske pu\u010dke stranke, obje europske strana\u010dke obitelji poslale su zajedni\u010dko pismo od 24. kolovoza, koje su potpisali \u010delnik EPP-a Manfred Weber i \u010delnica Renew Europe Val\u00e9rie Hayer, tra\u017ee\u0107i od predsjednice Europske komisije Ursule von der Leyen da zadr\u017ei 770 milijuna eura sredstava iz PNRR-a osim ako Bukure\u0161t ne odustane od amandmana. Pismo to opisuje kao pitanje vladavine prava, tvrde\u0107i da Komisija ne bi trebala tretirati isplatu kao &#8220;\u010disto tehni\u010dko&#8221; pitanje, ve\u0107 bi umjesto toga trebala provjeriti po\u0161tuje li rumunjska reforma pravne standarde EU.<\/p>\n<p>Weber je kasnije poku\u0161ao ubla\u017eiti poruku, javno rekav\u0161i da EPP ne \u017eeli da Rumunjska izgubi &#8220;ni jedan euro&#8221; iz svojih fondova za oporavak. No, samo pismo je nedvosmisleno: ono izri\u010dito ve\u017ee novac za poni\u0161tavanje odre\u0111ene zakonske odredbe usmjerene, u praksi, na jednu imenovanu osobu, \u010dije su pravne probleme utvrdili rumunjski sudovi, a ne politi\u010dki protivnici.<\/p>\n<p>Uklonite akronime i ono \u0161to ostaje je zaista neugodna slika. Rumunjskog gradona\u010delnika \u010diji su sudovi vlastite zemlje, na \u010detiri odvojene razine plus Ustavni sud, utvrdili da je u sukobu interesa, ne \u0161tite rumunjske institucije, ve\u0107 strani strana\u010dki \u010delnici, koji vr\u0161e pritisak na Bruxelles da financijski kazni 20 milijuna Rumunja osim ako se ne za\u0161titi radno mjesto jednog gradona\u010delnika. Izvje\u0161taji su tako\u0111er napomenuli da je Siegfried Mure\u0219an iz PNL-a izravno lobirao kod Webera u Fritzovo ime, \u0161to poma\u017ee objasniti za\u0161to se stranka desnog centra uop\u0107e na\u0161la u obrani gradona\u010delnika koji je povezan s Renewom.<\/p>\n<p>Ni sam Fritz nije \u0161utio, nazivaju\u0107i presudu Ustavnog suda &#8220;brutalnom zlouporabom mo\u0107i&#8221; koju je sud &#8220;potvrdio&#8221; umjesto da je zaustavi, te tvrde\u0107i da zakonska redefinicija normativnih akata poput PUZ-a perverzno su\u017eava ono \u0161to se u budu\u0107nosti smatra sukobom interesa. To je legitiman pravni argument koji se mo\u017ee iznijeti na rumunjskim sudovima ili Ustavnom sudu, a oba je ve\u0107 izgubio. Pretvaranje toga u lobisti\u010dku kampanju usmjerenu na financiranje Rumunjske iz EU, vo\u0111enu kroz strana\u010dke strukture u Bruxellesu, sasvim je druga stvar.<\/p>\n<p>Dublji problem vi\u0161e nije stvar Fritzove dozvole za prostorno ure\u0111enje, ve\u0107 toga mo\u017ee li europska strana\u010dka obitelj poni\u0161titi presudu nacionalnog suda prijete\u0107i novcem za oporavak zemlje. Rumunjska ima mnogo legitimnih problema s vladavinom prava koje vrijedi provjeriti. Provo\u0111enje sudske odluke da je odre\u0111eni du\u017enosnik prekr\u0161io pravila o sukobu interesa nije jedan od njih. Upravo suprotno.<\/p>\n","protected":false},"excerpt":{"rendered":"<p>Rumunjski Senat u srijedu je u\u010dinio ne\u0161to \u0161to bi se prije mjesec dana \u010dinilo nezamislivim: izravno je suo\u010dio s prijetnjom dviju najve\u0107ih politi\u010dkih obitelji Europskog parlamenta i svejedno glasao. Novi Zakon o integritetu usvojen je sa 106 glasova za i 19 protiv, a jedini senatori koji su mu se protivili bili su iz USR-a, stranke [&hellip;]<\/p>\n","protected":false},"author":79,"featured_media":62544,"comment_status":"closed","ping_status":"closed","sticky":false,"template":"","format":"standard","meta":{"footnotes":""},"categories":[161,3],"tags":[],"editorial-positions":[],"regions":[],"types":[],"class_list":["post-62951","post","type-post","status-publish","format-standard","has-post-thumbnail","hentry","category-politika-hr","category-uncategorized-hr"],"yoast_head":"<!-- This site is optimized with the Yoast SEO plugin v28.0 - https:\/\/yoast.com\/product\/yoast-seo-wordpress\/ -->\n<title>Rumunjska je upravo razotkrila blef Bruxellesa, a licemjerje USR-a je prava pri\u010da. - The Conservative<\/title>\n<meta name=\"robots\" content=\"index, follow, max-snippet:-1, max-image-preview:large, max-video-preview:-1\" \/>\n<link rel=\"canonical\" href=\"https:\/\/www.theconservative.online\/hr\/rumunjska-je-upravo-razotkrila-blef-bruxellesa-a-licemjerje-usr-a-je-prava-prica\" \/>\n<meta property=\"og:locale\" content=\"hr_HR\" \/>\n<meta property=\"og:type\" content=\"article\" \/>\n<meta property=\"og:title\" content=\"Rumunjska je upravo razotkrila blef Bruxellesa, a licemjerje USR-a je prava pri\u010da. - The Conservative\" \/>\n<meta property=\"og:description\" content=\"Rumunjski Senat u srijedu je u\u010dinio ne\u0161to \u0161to bi se prije mjesec dana \u010dinilo nezamislivim: izravno je suo\u010dio s prijetnjom dviju najve\u0107ih politi\u010dkih obitelji Europskog parlamenta i svejedno glasao. Novi Zakon o integritetu usvojen je sa 106 glasova za i 19 protiv, a jedini senatori koji su mu se protivili bili su iz USR-a, stranke [&hellip;]\" \/>\n<meta property=\"og:url\" content=\"https:\/\/www.theconservative.online\/hr\/rumunjska-je-upravo-razotkrila-blef-bruxellesa-a-licemjerje-usr-a-je-prava-prica\" \/>\n<meta property=\"og:site_name\" content=\"The Conservative\" \/>\n<meta property=\"article:published_time\" content=\"2026-08-27T14:34:32+00:00\" \/>\n<meta property=\"og:image\" content=\"https:\/\/www.theconservative.online\/wp-content\/uploads\/2026\/08\/EUROParliament.jpg\" \/>\n\t<meta property=\"og:image:width\" content=\"1168\" \/>\n\t<meta property=\"og:image:height\" content=\"784\" \/>\n\t<meta property=\"og:image:type\" content=\"image\/jpeg\" \/>\n<meta name=\"author\" content=\"Iosefina Pascal\" \/>\n<meta name=\"twitter:card\" content=\"summary_large_image\" \/>\n<meta name=\"twitter:label1\" content=\"Napisao\/la\" \/>\n\t<meta name=\"twitter:data1\" content=\"Iosefina Pascal\" \/>\n\t<meta name=\"twitter:label2\" content=\"Procijenjeno vrijeme \u010ditanja\" \/>\n\t<meta name=\"twitter:data2\" content=\"5 minuta\" \/>\n<script type=\"application\/ld+json\" class=\"yoast-schema-graph\">{\"@context\":\"https:\\\/\\\/schema.org\",\"@graph\":[{\"@type\":\"Article\",\"@id\":\"https:\\\/\\\/www.theconservative.online\\\/hr\\\/rumunjska-je-upravo-razotkrila-blef-bruxellesa-a-licemjerje-usr-a-je-prava-prica#article\",\"isPartOf\":{\"@id\":\"https:\\\/\\\/www.theconservative.online\\\/hr\\\/rumunjska-je-upravo-razotkrila-blef-bruxellesa-a-licemjerje-usr-a-je-prava-prica\"},\"author\":{\"name\":\"Iosefina Pascal\",\"@id\":\"https:\\\/\\\/www.theconservative.online\\\/hr#\\\/schema\\\/person\\\/a058eee3b153ac2215cf616d9795653b\"},\"headline\":\"Rumunjska je upravo razotkrila blef Bruxellesa, a licemjerje USR-a je prava pri\u010da.\",\"datePublished\":\"2026-08-27T14:34:32+00:00\",\"mainEntityOfPage\":{\"@id\":\"https:\\\/\\\/www.theconservative.online\\\/hr\\\/rumunjska-je-upravo-razotkrila-blef-bruxellesa-a-licemjerje-usr-a-je-prava-prica\"},\"wordCount\":952,\"image\":{\"@id\":\"https:\\\/\\\/www.theconservative.online\\\/hr\\\/rumunjska-je-upravo-razotkrila-blef-bruxellesa-a-licemjerje-usr-a-je-prava-prica#primaryimage\"},\"thumbnailUrl\":\"https:\\\/\\\/www.theconservative.online\\\/wp-content\\\/uploads\\\/2026\\\/08\\\/EUROParliament.jpg\",\"articleSection\":[\"Politika\",\"Uncategorized @hr\"],\"inLanguage\":\"hr\"},{\"@type\":\"WebPage\",\"@id\":\"https:\\\/\\\/www.theconservative.online\\\/hr\\\/rumunjska-je-upravo-razotkrila-blef-bruxellesa-a-licemjerje-usr-a-je-prava-prica\",\"url\":\"https:\\\/\\\/www.theconservative.online\\\/hr\\\/rumunjska-je-upravo-razotkrila-blef-bruxellesa-a-licemjerje-usr-a-je-prava-prica\",\"name\":\"Rumunjska je upravo razotkrila blef Bruxellesa, a licemjerje USR-a je prava pri\u010da. - The Conservative\",\"isPartOf\":{\"@id\":\"https:\\\/\\\/www.theconservative.online\\\/hr#website\"},\"primaryImageOfPage\":{\"@id\":\"https:\\\/\\\/www.theconservative.online\\\/hr\\\/rumunjska-je-upravo-razotkrila-blef-bruxellesa-a-licemjerje-usr-a-je-prava-prica#primaryimage\"},\"image\":{\"@id\":\"https:\\\/\\\/www.theconservative.online\\\/hr\\\/rumunjska-je-upravo-razotkrila-blef-bruxellesa-a-licemjerje-usr-a-je-prava-prica#primaryimage\"},\"thumbnailUrl\":\"https:\\\/\\\/www.theconservative.online\\\/wp-content\\\/uploads\\\/2026\\\/08\\\/EUROParliament.jpg\",\"datePublished\":\"2026-08-27T14:34:32+00:00\",\"author\":{\"@id\":\"https:\\\/\\\/www.theconservative.online\\\/hr#\\\/schema\\\/person\\\/a058eee3b153ac2215cf616d9795653b\"},\"breadcrumb\":{\"@id\":\"https:\\\/\\\/www.theconservative.online\\\/hr\\\/rumunjska-je-upravo-razotkrila-blef-bruxellesa-a-licemjerje-usr-a-je-prava-prica#breadcrumb\"},\"inLanguage\":\"hr\",\"potentialAction\":[{\"@type\":\"ReadAction\",\"target\":[\"https:\\\/\\\/www.theconservative.online\\\/hr\\\/rumunjska-je-upravo-razotkrila-blef-bruxellesa-a-licemjerje-usr-a-je-prava-prica\"]}]},{\"@type\":\"ImageObject\",\"inLanguage\":\"hr\",\"@id\":\"https:\\\/\\\/www.theconservative.online\\\/hr\\\/rumunjska-je-upravo-razotkrila-blef-bruxellesa-a-licemjerje-usr-a-je-prava-prica#primaryimage\",\"url\":\"https:\\\/\\\/www.theconservative.online\\\/wp-content\\\/uploads\\\/2026\\\/08\\\/EUROParliament.jpg\",\"contentUrl\":\"https:\\\/\\\/www.theconservative.online\\\/wp-content\\\/uploads\\\/2026\\\/08\\\/EUROParliament.jpg\",\"width\":1168,\"height\":784,\"caption\":\"Signature: ZQy8xm1QBYQSFqF2758n0Smv\\\/aWGpQnFnVW29d5QxWS7TC8n30w7E3Btp4yrL9CMqScD0WcYrIJI7LUqggxaG9OUC9JqeDf9Ou+x9iUzh7MqMXZYfzDvTjVnPrdzSSWhOFKX9aM\\\/Rsf5HuhFn5c2IlZZvBkswNq7dNSoqLiHL0o1tvJkqfZa+yJoY2UgOXSFpzL5uNT9Vna+pk0SRE6j\\\/v\\\/KDcWaveOD4Y7Fj568iaR0npSHqxnsGCQW0q7oQROoIAVhH+GLB9F+PMrCyVmxZdKU2nf+gSnAAyyLVhY7of+A+Zjx1FVwx81ECJ6\\\/QtZuMi1a1Ab7kVr\\\/JcOfKxuJOA==\"},{\"@type\":\"BreadcrumbList\",\"@id\":\"https:\\\/\\\/www.theconservative.online\\\/hr\\\/rumunjska-je-upravo-razotkrila-blef-bruxellesa-a-licemjerje-usr-a-je-prava-prica#breadcrumb\",\"itemListElement\":[{\"@type\":\"ListItem\",\"position\":1,\"name\":\"Home\",\"item\":\"https:\\\/\\\/www.theconservative.online\\\/hr\"},{\"@type\":\"ListItem\",\"position\":2,\"name\":\"Rumunjska je upravo razotkrila blef Bruxellesa, a licemjerje USR-a je prava pri\u010da.\"}]},{\"@type\":\"WebSite\",\"@id\":\"https:\\\/\\\/www.theconservative.online\\\/hr#website\",\"url\":\"https:\\\/\\\/www.theconservative.online\\\/hr\",\"name\":\"The Conservative\",\"description\":\"\",\"potentialAction\":[{\"@type\":\"SearchAction\",\"target\":{\"@type\":\"EntryPoint\",\"urlTemplate\":\"https:\\\/\\\/www.theconservative.online\\\/hr?s={search_term_string}\"},\"query-input\":{\"@type\":\"PropertyValueSpecification\",\"valueRequired\":true,\"valueName\":\"search_term_string\"}}],\"inLanguage\":\"hr\"},{\"@type\":\"Person\",\"@id\":\"https:\\\/\\\/www.theconservative.online\\\/hr#\\\/schema\\\/person\\\/a058eee3b153ac2215cf616d9795653b\",\"name\":\"Iosefina Pascal\",\"image\":{\"@type\":\"ImageObject\",\"inLanguage\":\"hr\",\"@id\":\"https:\\\/\\\/secure.gravatar.com\\\/avatar\\\/b6c6576a2be336212e2c44862e76e71f326a3e912cd8ca0a6856a38198536fd3?s=96&d=mm&r=g\",\"url\":\"https:\\\/\\\/secure.gravatar.com\\\/avatar\\\/b6c6576a2be336212e2c44862e76e71f326a3e912cd8ca0a6856a38198536fd3?s=96&d=mm&r=g\",\"contentUrl\":\"https:\\\/\\\/secure.gravatar.com\\\/avatar\\\/b6c6576a2be336212e2c44862e76e71f326a3e912cd8ca0a6856a38198536fd3?s=96&d=mm&r=g\",\"caption\":\"Iosefina Pascal\"},\"url\":\"https:\\\/\\\/www.theconservative.online\\\/hr\\\/author\\\/pascal-eunat-2025-26\"}]}<\/script>\n<!-- \/ Yoast SEO plugin. -->","yoast_head_json":{"title":"Rumunjska je upravo razotkrila blef Bruxellesa, a licemjerje USR-a je prava pri\u010da. - The Conservative","robots":{"index":"index","follow":"follow","max-snippet":"max-snippet:-1","max-image-preview":"max-image-preview:large","max-video-preview":"max-video-preview:-1"},"canonical":"https:\/\/www.theconservative.online\/hr\/rumunjska-je-upravo-razotkrila-blef-bruxellesa-a-licemjerje-usr-a-je-prava-prica","og_locale":"hr_HR","og_type":"article","og_title":"Rumunjska je upravo razotkrila blef Bruxellesa, a licemjerje USR-a je prava pri\u010da. - The Conservative","og_description":"Rumunjski Senat u srijedu je u\u010dinio ne\u0161to \u0161to bi se prije mjesec dana \u010dinilo nezamislivim: izravno je suo\u010dio s prijetnjom dviju najve\u0107ih politi\u010dkih obitelji Europskog parlamenta i svejedno glasao. Novi Zakon o integritetu usvojen je sa 106 glasova za i 19 protiv, a jedini senatori koji su mu se protivili bili su iz USR-a, stranke [&hellip;]","og_url":"https:\/\/www.theconservative.online\/hr\/rumunjska-je-upravo-razotkrila-blef-bruxellesa-a-licemjerje-usr-a-je-prava-prica","og_site_name":"The Conservative","article_published_time":"2026-08-27T14:34:32+00:00","og_image":[{"width":1168,"height":784,"url":"https:\/\/www.theconservative.online\/wp-content\/uploads\/2026\/08\/EUROParliament.jpg","type":"image\/jpeg"}],"author":"Iosefina Pascal","twitter_card":"summary_large_image","twitter_misc":{"Napisao\/la":"Iosefina Pascal","Procijenjeno vrijeme \u010ditanja":"5 minuta"},"schema":{"@context":"https:\/\/schema.org","@graph":[{"@type":"Article","@id":"https:\/\/www.theconservative.online\/hr\/rumunjska-je-upravo-razotkrila-blef-bruxellesa-a-licemjerje-usr-a-je-prava-prica#article","isPartOf":{"@id":"https:\/\/www.theconservative.online\/hr\/rumunjska-je-upravo-razotkrila-blef-bruxellesa-a-licemjerje-usr-a-je-prava-prica"},"author":{"name":"Iosefina Pascal","@id":"https:\/\/www.theconservative.online\/hr#\/schema\/person\/a058eee3b153ac2215cf616d9795653b"},"headline":"Rumunjska je upravo razotkrila blef Bruxellesa, a licemjerje USR-a je prava pri\u010da.","datePublished":"2026-08-27T14:34:32+00:00","mainEntityOfPage":{"@id":"https:\/\/www.theconservative.online\/hr\/rumunjska-je-upravo-razotkrila-blef-bruxellesa-a-licemjerje-usr-a-je-prava-prica"},"wordCount":952,"image":{"@id":"https:\/\/www.theconservative.online\/hr\/rumunjska-je-upravo-razotkrila-blef-bruxellesa-a-licemjerje-usr-a-je-prava-prica#primaryimage"},"thumbnailUrl":"https:\/\/www.theconservative.online\/wp-content\/uploads\/2026\/08\/EUROParliament.jpg","articleSection":["Politika","Uncategorized @hr"],"inLanguage":"hr"},{"@type":"WebPage","@id":"https:\/\/www.theconservative.online\/hr\/rumunjska-je-upravo-razotkrila-blef-bruxellesa-a-licemjerje-usr-a-je-prava-prica","url":"https:\/\/www.theconservative.online\/hr\/rumunjska-je-upravo-razotkrila-blef-bruxellesa-a-licemjerje-usr-a-je-prava-prica","name":"Rumunjska je upravo razotkrila blef Bruxellesa, a licemjerje USR-a je prava pri\u010da. - The Conservative","isPartOf":{"@id":"https:\/\/www.theconservative.online\/hr#website"},"primaryImageOfPage":{"@id":"https:\/\/www.theconservative.online\/hr\/rumunjska-je-upravo-razotkrila-blef-bruxellesa-a-licemjerje-usr-a-je-prava-prica#primaryimage"},"image":{"@id":"https:\/\/www.theconservative.online\/hr\/rumunjska-je-upravo-razotkrila-blef-bruxellesa-a-licemjerje-usr-a-je-prava-prica#primaryimage"},"thumbnailUrl":"https:\/\/www.theconservative.online\/wp-content\/uploads\/2026\/08\/EUROParliament.jpg","datePublished":"2026-08-27T14:34:32+00:00","author":{"@id":"https:\/\/www.theconservative.online\/hr#\/schema\/person\/a058eee3b153ac2215cf616d9795653b"},"breadcrumb":{"@id":"https:\/\/www.theconservative.online\/hr\/rumunjska-je-upravo-razotkrila-blef-bruxellesa-a-licemjerje-usr-a-je-prava-prica#breadcrumb"},"inLanguage":"hr","potentialAction":[{"@type":"ReadAction","target":["https:\/\/www.theconservative.online\/hr\/rumunjska-je-upravo-razotkrila-blef-bruxellesa-a-licemjerje-usr-a-je-prava-prica"]}]},{"@type":"ImageObject","inLanguage":"hr","@id":"https:\/\/www.theconservative.online\/hr\/rumunjska-je-upravo-razotkrila-blef-bruxellesa-a-licemjerje-usr-a-je-prava-prica#primaryimage","url":"https:\/\/www.theconservative.online\/wp-content\/uploads\/2026\/08\/EUROParliament.jpg","contentUrl":"https:\/\/www.theconservative.online\/wp-content\/uploads\/2026\/08\/EUROParliament.jpg","width":1168,"height":784,"caption":"Signature: ZQy8xm1QBYQSFqF2758n0Smv\/aWGpQnFnVW29d5QxWS7TC8n30w7E3Btp4yrL9CMqScD0WcYrIJI7LUqggxaG9OUC9JqeDf9Ou+x9iUzh7MqMXZYfzDvTjVnPrdzSSWhOFKX9aM\/Rsf5HuhFn5c2IlZZvBkswNq7dNSoqLiHL0o1tvJkqfZa+yJoY2UgOXSFpzL5uNT9Vna+pk0SRE6j\/v\/KDcWaveOD4Y7Fj568iaR0npSHqxnsGCQW0q7oQROoIAVhH+GLB9F+PMrCyVmxZdKU2nf+gSnAAyyLVhY7of+A+Zjx1FVwx81ECJ6\/QtZuMi1a1Ab7kVr\/JcOfKxuJOA=="},{"@type":"BreadcrumbList","@id":"https:\/\/www.theconservative.online\/hr\/rumunjska-je-upravo-razotkrila-blef-bruxellesa-a-licemjerje-usr-a-je-prava-prica#breadcrumb","itemListElement":[{"@type":"ListItem","position":1,"name":"Home","item":"https:\/\/www.theconservative.online\/hr"},{"@type":"ListItem","position":2,"name":"Rumunjska je upravo razotkrila blef Bruxellesa, a licemjerje USR-a je prava pri\u010da."}]},{"@type":"WebSite","@id":"https:\/\/www.theconservative.online\/hr#website","url":"https:\/\/www.theconservative.online\/hr","name":"The Conservative","description":"","potentialAction":[{"@type":"SearchAction","target":{"@type":"EntryPoint","urlTemplate":"https:\/\/www.theconservative.online\/hr?s={search_term_string}"},"query-input":{"@type":"PropertyValueSpecification","valueRequired":true,"valueName":"search_term_string"}}],"inLanguage":"hr"},{"@type":"Person","@id":"https:\/\/www.theconservative.online\/hr#\/schema\/person\/a058eee3b153ac2215cf616d9795653b","name":"Iosefina Pascal","image":{"@type":"ImageObject","inLanguage":"hr","@id":"https:\/\/secure.gravatar.com\/avatar\/b6c6576a2be336212e2c44862e76e71f326a3e912cd8ca0a6856a38198536fd3?s=96&d=mm&r=g","url":"https:\/\/secure.gravatar.com\/avatar\/b6c6576a2be336212e2c44862e76e71f326a3e912cd8ca0a6856a38198536fd3?s=96&d=mm&r=g","contentUrl":"https:\/\/secure.gravatar.com\/avatar\/b6c6576a2be336212e2c44862e76e71f326a3e912cd8ca0a6856a38198536fd3?s=96&d=mm&r=g","caption":"Iosefina Pascal"},"url":"https:\/\/www.theconservative.online\/hr\/author\/pascal-eunat-2025-26"}]}},"acf":[],"_links":{"self":[{"href":"https:\/\/www.theconservative.online\/hr\/wp-json\/wp\/v2\/posts\/62951","targetHints":{"allow":["GET"]}}],"collection":[{"href":"https:\/\/www.theconservative.online\/hr\/wp-json\/wp\/v2\/posts"}],"about":[{"href":"https:\/\/www.theconservative.online\/hr\/wp-json\/wp\/v2\/types\/post"}],"author":[{"embeddable":true,"href":"https:\/\/www.theconservative.online\/hr\/wp-json\/wp\/v2\/users\/79"}],"replies":[{"embeddable":true,"href":"https:\/\/www.theconservative.online\/hr\/wp-json\/wp\/v2\/comments?post=62951"}],"version-history":[{"count":0,"href":"https:\/\/www.theconservative.online\/hr\/wp-json\/wp\/v2\/posts\/62951\/revisions"}],"wp:featuredmedia":[{"embeddable":true,"href":"https:\/\/www.theconservative.online\/hr\/wp-json\/wp\/v2\/media\/62544"}],"wp:attachment":[{"href":"https:\/\/www.theconservative.online\/hr\/wp-json\/wp\/v2\/media?parent=62951"}],"wp:term":[{"taxonomy":"category","embeddable":true,"href":"https:\/\/www.theconservative.online\/hr\/wp-json\/wp\/v2\/categories?post=62951"},{"taxonomy":"post_tag","embeddable":true,"href":"https:\/\/www.theconservative.online\/hr\/wp-json\/wp\/v2\/tags?post=62951"},{"taxonomy":"editorial-positions","embeddable":true,"href":"https:\/\/www.theconservative.online\/hr\/wp-json\/wp\/v2\/editorial-positions?post=62951"},{"taxonomy":"regions","embeddable":true,"href":"https:\/\/www.theconservative.online\/hr\/wp-json\/wp\/v2\/regions?post=62951"},{"taxonomy":"types","embeddable":true,"href":"https:\/\/www.theconservative.online\/hr\/wp-json\/wp\/v2\/types?post=62951"}],"curies":[{"name":"wp","href":"https:\/\/api.w.org\/{rel}","templated":true}]}}