{"id":62953,"date":"2026-08-27T14:31:16","date_gmt":"2026-08-27T14:31:16","guid":{"rendered":"https:\/\/www.theconservative.online\/pristrani-i-neslobodni-irski-medijski-krajolik-sponzoriran-od-strane-drzave"},"modified":"2026-08-27T14:31:16","modified_gmt":"2026-08-27T14:31:16","slug":"pristrani-i-neslobodni-irski-medijski-krajolik-sponzoriran-od-strane-drzave","status":"publish","type":"post","link":"https:\/\/www.theconservative.online\/hr\/pristrani-i-neslobodni-irski-medijski-krajolik-sponzoriran-od-strane-drzave","title":{"rendered":"Pristrani i neslobodni: Irski medijski krajolik sponzoriran od strane dr\u017eave"},"content":{"rendered":"<p>Irski medijski krajolik ostaje jedan od politi\u010dki najpodre\u0111enijih svojoj vladi u cijeloj Europi. S naslije\u0111em pridr\u017eavanja najstro\u017eih zakona o kleveti u Europi koji ograni\u010davaju opseg objavljivanja irskog tiska, do dodjeljivanja dr\u017eavnih subvencija koje odr\u017eavaju neprofitabilne novinske ku\u0107e na povr\u0161ini, irski mediji su posljedi\u010dno nekriti\u010dni i potkupljivi. Brojni drugi \u010dimbenici, poput dr\u017eavnog financiranja tiska, ljevi\u010darskih institucionalnih pristranosti unutar podru\u010dja i, naravno, rotiraju\u0107ih vrata izme\u0111u vlade i medija, tako\u0111er stavljaju kredibilitet irskih novina pod ozbiljnu kontrolu.<\/p>\n<p>&nbsp;<\/p>\n<p>Dr\u017eavne novine kritizirat \u0107e dr\u017eavu zbog dopu\u0161tenih politika, na temelju razloga za koje su njihovi novinari, mandarinski, odlu\u010dili da nisu konfrontacijski i stoga vjerojatno ne\u0107e ugroziti njihove dr\u017eavne potpore. Me\u0111utim, mnoge novine sustavno izbjegavaju opipljive i duboko nepopularne krize s kojima se zemlja suo\u010dava, bilo da se radi o migracijama ili stanovanju, ili o neodr\u017eivoj nacionalnoj ekonomskoj politici izravnih stranih ulaganja.<\/p>\n<p>&nbsp;<\/p>\n<p>Ne samo da postoji problem s dr\u017eavnim subvencijama, ve\u0107 i s jakom ljevi\u010darskom pristrano\u0161\u0107u, javna radiotelevizija <a href=\"https:\/\/www.rte.ie\/news\/ireland\/2023\/1211\/1421325-report-irish-journalists\/\">RTE<\/a> izvijestila je 2023. da se ve\u0107ina irskih novinara koje je anketiralo Sveu\u010dili\u0161te u Dublinu identificirala kao lijevo orijentirani. Te brojke su da se 61,5 posto identificira kao lijevo orijentirani u usporedbi sa samo 8,5 posto desno orijentiranih novinara. Kao takva, postoji ugra\u0111ena neravnote\u017ea u politi\u010dkim kutovima mnogih irskih medijskih ku\u0107a, koja stavlja konzervativne politi\u010dke stavove u nepovoljan polo\u017eaj, a u odre\u0111enim slu\u010dajevima je prema njima otvoreno neprijateljska.<\/p>\n<p>&nbsp;<\/p>\n<p>Preklapanje izme\u0111u vladinih agencija i privatnog sektora dobro je poznat i raspravljan fenomen. Me\u0111utim, manje se primje\u0107uje plodan prelazak novinara na vladine pozicije. Primjerice, <a href=\"https:\/\/gript.ie\/a-new-government-means-new-government-jobs-for-journalists\/\">pro\u0161le godine<\/a> Gript Media izvijestio je da je novinar Hugh O&#8217;Connell imenovan zamjenikom tajnika za tisak vlade, a kriti\u010dari su ga naveli da je pristran prema Fine Gaelu. No, to nije sve u ovoj pri\u010di, osoba koju je zamijenio na toj poziciji bio je radijski voditelj Newstalka Chris O&#8217;Donohoe. Sada ne \u010dudi da tajnik za tisak mo\u017ee biti biv\u0161i novinar, karijerne uloge su naravno funkcionalno povezane. Ali kada se na ovaj fenomen pogleda \u0161ire, obrazac postaje o\u010dit. Helen McEntee prethodno je zaposlila novinara Irish Timesa Fiacha Kellyja, dok je Simon Harris zaposlio novinare Irish Timesa i Irish Examinera. <\/p>\n<p>&nbsp;<\/p>\n<p>Vlada financira i stvara stru\u010dnjake za odnose s javno\u0161\u0107u u sektoru javnih medija, a zatim ih interno zapo\u0161ljava kao svoje savjetnike nakon \u0161to im politi\u010dka vrijednost sazrije. Razmotrimo, na primjer, dodatnu \u010dinjenicu da je ministar Patrick O&#8217;Donovan dobio ispad bijesa nakon \u0161to je bio zabrinut da su mediji o prosvjedima protiv goriva u travnju ove godine izvje\u0161tavali na na\u010din koji je bio pristran protiv vlade.<\/p>\n<p>&nbsp;<\/p>\n<p>Ovdje postoji neugodna kontradikcija koju irska politi\u010dka klasa nikada ne\u0107e priznati. U jednom \u0107e dahu hvaliti va\u017enost slobodnog tiska i vrijednosti slobode govora, a zatim \u0107e o\u0161tro kritizirati sve novinske ku\u0107e koje se usude javno ih kritizirati. A da ne spominjemo \u010dinjenicu da su s pove\u0107anom dr\u017eavnom financijskom potro\u0161njom na medije, sve neprofitabilnijim poslovnim modelom, novine u nekim slu\u010dajevima postale potpuno podlo\u017ene dr\u017eavnim potporama.<\/p>\n<p>&nbsp;<\/p>\n<p>Zapravo, ministar O&#8217;Donovan <a href=\"https:\/\/www.ontheditch.com\/patrick-o-donovan-secret-call\/\">navodno<\/a> je obavio tajni telefonski razgovor s odjelom za cenzuru medija irske vlade, Coimisiun na Mean, nakon izvje\u0161tavanja RTE-a o prosvjedima protiv goriva s kojim nije bio zadovoljan. Tako\u0111er se navodi da je zatra\u017eio od jednog du\u017enosnika unutar Coimisiun na Mean da istra\u017ei \u201epostoji li u zakonodavstvu mehanizam koji ministru omogu\u0107uje da zatra\u017ei ispitivanje emitiranja\u201c u vezi s tim doga\u0111ajima.<\/p>\n<p>&nbsp;<\/p>\n<p>Takvo pona\u0161anje trebalo bi biti bizarno za zapadnu demokraciju poput Irske, a ministar je s pravom kritiziran zbog tog pona\u0161anja. No, opet, ta je kritika izre\u010dena na na\u010din koji nije ugrozio dr\u017eavno financiranje. Izvje\u0161tavanje je obra\u0111ivalo temu, ali se nije usudilo izvesti prirodan zaklju\u010dak da ministar i njegovi kolege kr\u0161e osnovne konvencije demokratske i otvorene vlade. Ti zaklju\u010dci nikada nisu izneseni upravo iz razloga \u0161to bi to ugrozilo dr\u017eavno financiranje novina i moglo bi mo\u017eda na\u0161tetiti budu\u0107im karijernim ambicijama irskih novinara u dr\u017eavnom aparatu.<\/p>\n<p>&nbsp;<\/p>\n<p>Ovaj problem je toliko poznat da je jedan predstavnik irske radio ku\u0107e koja je u problemima <a href=\"https:\/\/gript.ie\/struggling-radio-outlet-fears-criticising-minister-over-funding\/\">tvrdio<\/a> da se lokalni mediji bave autocenzurom kako bi sprije\u010dili bilo kakav gubitak dr\u017eavnih sredstava potrebnih za odr\u017eavanje postaje.<\/p>\n<p>&nbsp;<\/p>\n<p>S obzirom na to da povjerenici za medije sve \u010de\u0161\u0107e nude milijunske iznose svake godine, ovisnost javnih medija o dr\u017eavi samo se produbila, ovaj put s naglaskom na suzbijanju dezinformacija.<\/p>\n<p>&nbsp;<\/p>\n<p><a href=\"https:\/\/gript.ie\/heres-how-much-media-orgs-got-from-coimisiun-na-mean\/\">Otkriveno<\/a> je da je 2025. godine Irish Independent primio oko 330.000 eura od Coimisiun na Mean, dok su Journal i Irish Examiner primili otprilike 130.000 eura svaki. Ove sheme financiranja primjenjivale su se ne samo na novine s nacionalnom \u010ditateljskom publikom, ve\u0107 i na manje lokalne medije poput Connacht Tribunea, Mayo Newsa, Kerrymana i Westmeath Examinera, uz mno\u0161tvo drugih regionalnih medija od politi\u010dkog zna\u010daja. Ove medije treba istaknuti kao zna\u010dajne zbog njihove lokalne medijske pokrivenosti u intenzivno lokalnom izbornom okru\u017eenju Irske, gdje je dosljedno pojavljivanje u takvim novinama vjerojatno vidljivije bira\u010dima nego nacionalne vijesti. To zapravo funkcionira kao svojevrsna kupnja utjecaja koju vr\u0161i ne samo irska vlada ve\u0107 i odre\u0111ena vrsta lijevog politi\u010dkog re\u017eima koji se maskira kao centrist i glas razuma unato\u010d rastu\u0107em javnom preziru prema vladinim strankama i politi\u010dkoj ljevici. <\/p>\n<p>Najo\u010ditija je \u010dinjenica da regulator medija i vlada koja ga je stvorila nisu ni poku\u0161ali sakriti svoje tragove. Coimisuin na Mean je ove godine najavio da \u0107e pozivati \u200b\u200bna podno\u0161enje prijedloga za  <a href=\"https:\/\/www.rte.ie\/news\/business\/2026\/0310\/1562644-media-regulator-offers-funding-to-counter-disinformation\/\">fond<\/a>  koji je promovirao medijsku pismenost kako bi se borio protiv dezinformacija na internetu. Ponovno je vidljiva sramotna ideolo\u0161ka sklonost irskog politi\u010dkog sustava, gdje se nelaskavi tisak ili izvje\u0161tavanje protiv vladinih interesa ozna\u010dava kao dezinformacija. Kako bi se pozabavili sve ve\u0107om va\u017eno\u0161\u0107u javne konzumacije takvog izvje\u0161tavanja ili medijskog sadr\u017eaja, otvoreno pozivaju na podno\u0161enje planova za preobrazbu javnosti koju vlada poznaje bolje od njih samih.<\/p>\n<p>&nbsp;<\/p>\n<p>Upravo iz tih razloga irski medijski krajolik je strukturno manjkav. Vlada jednom rukom dodjeljuje sredstva, a drugom cenzurira tiskane medije koji su postali fiskalno ovisni ili ideolo\u0161ki ukorijenjeni. Osje\u0107aj arogantne vlastite va\u017enosti prema takvim inicijativama ne poznaje granice, a rasprava o cenzuri u Irskoj umjesto toga odvija se na samom oltaru demokracije. Licemjerje takvih manevara irskoj politi\u010dkoj klasi ne primje\u0107uje se jer su rutinski potkopavali autoritet na\u0161ih dr\u017eavnih institucija i dopu\u0161tali im da padnu pod utjecaj ideolo\u0161kih i dru\u0161tvenih kartela.<\/p>\n<p>&nbsp;<\/p>\n<p>Svaki poku\u0161aj popravljanja irske administracije zahtijevat \u0107e potpuno preispitivanje odnosa dr\u017eave s medijima. Svo vladino financiranje novinskih ku\u0107a mora se odmah zaustaviti. Neovisni izvori vijesti trebali bi biti nagra\u0111eni svojom ekonomskom odr\u017eivo\u0161\u0107u kao proizvoda ili usluge koju javnost zapravo \u017eeli podr\u017eati. U digitalnom dobu, gdje dru\u0161tveni mediji nude ove informacije besplatno na trenutni zahtjev, \u010desto s o\u0161trijim komentarima nego \u010dak i nacionalne novine neslaganja poput Irish Timesa.<\/p>\n","protected":false},"excerpt":{"rendered":"<p>Irski medijski krajolik ostaje jedan od politi\u010dki najpodre\u0111enijih svojoj vladi u cijeloj Europi. S naslije\u0111em pridr\u017eavanja najstro\u017eih zakona o kleveti u Europi koji ograni\u010davaju opseg objavljivanja irskog tiska, do dodjeljivanja dr\u017eavnih subvencija koje odr\u017eavaju neprofitabilne novinske ku\u0107e na povr\u0161ini, irski mediji su posljedi\u010dno nekriti\u010dni i potkupljivi. Brojni drugi \u010dimbenici, poput dr\u017eavnog financiranja tiska, ljevi\u010darskih institucionalnih [&hellip;]<\/p>\n","protected":false},"author":77,"featured_media":19695,"comment_status":"closed","ping_status":"closed","sticky":false,"template":"","format":"standard","meta":{"footnotes":""},"categories":[3],"tags":[],"editorial-positions":[],"regions":[],"types":[450],"class_list":["post-62953","post","type-post","status-publish","format-standard","has-post-thumbnail","hentry","category-uncategorized-hr","types-opinion-hr"],"yoast_head":"<!-- This site is optimized with the Yoast SEO plugin v28.0 - https:\/\/yoast.com\/product\/yoast-seo-wordpress\/ -->\n<title>Pristrani i neslobodni: Irski medijski krajolik sponzoriran od strane dr\u017eave - The Conservative<\/title>\n<meta name=\"robots\" content=\"index, follow, max-snippet:-1, max-image-preview:large, max-video-preview:-1\" \/>\n<link rel=\"canonical\" href=\"https:\/\/www.theconservative.online\/hr\/pristrani-i-neslobodni-irski-medijski-krajolik-sponzoriran-od-strane-drzave\" \/>\n<meta property=\"og:locale\" content=\"hr_HR\" \/>\n<meta property=\"og:type\" content=\"article\" \/>\n<meta property=\"og:title\" content=\"Pristrani i neslobodni: Irski medijski krajolik sponzoriran od strane dr\u017eave - The Conservative\" \/>\n<meta property=\"og:description\" content=\"Irski medijski krajolik ostaje jedan od politi\u010dki najpodre\u0111enijih svojoj vladi u cijeloj Europi. S naslije\u0111em pridr\u017eavanja najstro\u017eih zakona o kleveti u Europi koji ograni\u010davaju opseg objavljivanja irskog tiska, do dodjeljivanja dr\u017eavnih subvencija koje odr\u017eavaju neprofitabilne novinske ku\u0107e na povr\u0161ini, irski mediji su posljedi\u010dno nekriti\u010dni i potkupljivi. Brojni drugi \u010dimbenici, poput dr\u017eavnog financiranja tiska, ljevi\u010darskih institucionalnih [&hellip;]\" \/>\n<meta property=\"og:url\" content=\"https:\/\/www.theconservative.online\/hr\/pristrani-i-neslobodni-irski-medijski-krajolik-sponzoriran-od-strane-drzave\" \/>\n<meta property=\"og:site_name\" content=\"The Conservative\" \/>\n<meta property=\"article:published_time\" content=\"2026-08-27T14:31:16+00:00\" \/>\n<meta property=\"og:image\" content=\"https:\/\/www.theconservative.online\/wp-content\/uploads\/2024\/02\/shutterstock_2256586921.jpg\" \/>\n\t<meta property=\"og:image:width\" content=\"1000\" \/>\n\t<meta property=\"og:image:height\" content=\"666\" \/>\n\t<meta property=\"og:image:type\" content=\"image\/jpeg\" \/>\n<meta name=\"author\" content=\"Martin Lynch\" \/>\n<meta name=\"twitter:card\" content=\"summary_large_image\" \/>\n<meta name=\"twitter:label1\" content=\"Napisao\/la\" \/>\n\t<meta name=\"twitter:data1\" content=\"Martin Lynch\" \/>\n\t<meta name=\"twitter:label2\" content=\"Procijenjeno vrijeme \u010ditanja\" \/>\n\t<meta name=\"twitter:data2\" content=\"6 minuta\" \/>\n<script type=\"application\/ld+json\" class=\"yoast-schema-graph\">{\"@context\":\"https:\\\/\\\/schema.org\",\"@graph\":[{\"@type\":\"Article\",\"@id\":\"https:\\\/\\\/www.theconservative.online\\\/hr\\\/pristrani-i-neslobodni-irski-medijski-krajolik-sponzoriran-od-strane-drzave#article\",\"isPartOf\":{\"@id\":\"https:\\\/\\\/www.theconservative.online\\\/hr\\\/pristrani-i-neslobodni-irski-medijski-krajolik-sponzoriran-od-strane-drzave\"},\"author\":{\"name\":\"Martin Lynch\",\"@id\":\"https:\\\/\\\/www.theconservative.online\\\/hr#\\\/schema\\\/person\\\/15819aaa61073fbb539912aeb9df3dea\"},\"headline\":\"Pristrani i neslobodni: Irski medijski krajolik sponzoriran od strane dr\u017eave\",\"datePublished\":\"2026-08-27T14:31:16+00:00\",\"mainEntityOfPage\":{\"@id\":\"https:\\\/\\\/www.theconservative.online\\\/hr\\\/pristrani-i-neslobodni-irski-medijski-krajolik-sponzoriran-od-strane-drzave\"},\"wordCount\":1218,\"image\":{\"@id\":\"https:\\\/\\\/www.theconservative.online\\\/hr\\\/pristrani-i-neslobodni-irski-medijski-krajolik-sponzoriran-od-strane-drzave#primaryimage\"},\"thumbnailUrl\":\"https:\\\/\\\/www.theconservative.online\\\/wp-content\\\/uploads\\\/2024\\\/02\\\/shutterstock_2256586921.jpg\",\"articleSection\":[\"Uncategorized @hr\"],\"inLanguage\":\"hr\"},{\"@type\":\"WebPage\",\"@id\":\"https:\\\/\\\/www.theconservative.online\\\/hr\\\/pristrani-i-neslobodni-irski-medijski-krajolik-sponzoriran-od-strane-drzave\",\"url\":\"https:\\\/\\\/www.theconservative.online\\\/hr\\\/pristrani-i-neslobodni-irski-medijski-krajolik-sponzoriran-od-strane-drzave\",\"name\":\"Pristrani i neslobodni: Irski medijski krajolik sponzoriran od strane dr\u017eave - The Conservative\",\"isPartOf\":{\"@id\":\"https:\\\/\\\/www.theconservative.online\\\/hr#website\"},\"primaryImageOfPage\":{\"@id\":\"https:\\\/\\\/www.theconservative.online\\\/hr\\\/pristrani-i-neslobodni-irski-medijski-krajolik-sponzoriran-od-strane-drzave#primaryimage\"},\"image\":{\"@id\":\"https:\\\/\\\/www.theconservative.online\\\/hr\\\/pristrani-i-neslobodni-irski-medijski-krajolik-sponzoriran-od-strane-drzave#primaryimage\"},\"thumbnailUrl\":\"https:\\\/\\\/www.theconservative.online\\\/wp-content\\\/uploads\\\/2024\\\/02\\\/shutterstock_2256586921.jpg\",\"datePublished\":\"2026-08-27T14:31:16+00:00\",\"author\":{\"@id\":\"https:\\\/\\\/www.theconservative.online\\\/hr#\\\/schema\\\/person\\\/15819aaa61073fbb539912aeb9df3dea\"},\"breadcrumb\":{\"@id\":\"https:\\\/\\\/www.theconservative.online\\\/hr\\\/pristrani-i-neslobodni-irski-medijski-krajolik-sponzoriran-od-strane-drzave#breadcrumb\"},\"inLanguage\":\"hr\",\"potentialAction\":[{\"@type\":\"ReadAction\",\"target\":[\"https:\\\/\\\/www.theconservative.online\\\/hr\\\/pristrani-i-neslobodni-irski-medijski-krajolik-sponzoriran-od-strane-drzave\"]}]},{\"@type\":\"ImageObject\",\"inLanguage\":\"hr\",\"@id\":\"https:\\\/\\\/www.theconservative.online\\\/hr\\\/pristrani-i-neslobodni-irski-medijski-krajolik-sponzoriran-od-strane-drzave#primaryimage\",\"url\":\"https:\\\/\\\/www.theconservative.online\\\/wp-content\\\/uploads\\\/2024\\\/02\\\/shutterstock_2256586921.jpg\",\"contentUrl\":\"https:\\\/\\\/www.theconservative.online\\\/wp-content\\\/uploads\\\/2024\\\/02\\\/shutterstock_2256586921.jpg\",\"width\":1000,\"height\":666},{\"@type\":\"BreadcrumbList\",\"@id\":\"https:\\\/\\\/www.theconservative.online\\\/hr\\\/pristrani-i-neslobodni-irski-medijski-krajolik-sponzoriran-od-strane-drzave#breadcrumb\",\"itemListElement\":[{\"@type\":\"ListItem\",\"position\":1,\"name\":\"Home\",\"item\":\"https:\\\/\\\/www.theconservative.online\\\/hr\"},{\"@type\":\"ListItem\",\"position\":2,\"name\":\"Pristrani i neslobodni: Irski medijski krajolik sponzoriran od strane dr\u017eave\"}]},{\"@type\":\"WebSite\",\"@id\":\"https:\\\/\\\/www.theconservative.online\\\/hr#website\",\"url\":\"https:\\\/\\\/www.theconservative.online\\\/hr\",\"name\":\"The Conservative\",\"description\":\"\",\"potentialAction\":[{\"@type\":\"SearchAction\",\"target\":{\"@type\":\"EntryPoint\",\"urlTemplate\":\"https:\\\/\\\/www.theconservative.online\\\/hr?s={search_term_string}\"},\"query-input\":{\"@type\":\"PropertyValueSpecification\",\"valueRequired\":true,\"valueName\":\"search_term_string\"}}],\"inLanguage\":\"hr\"},{\"@type\":\"Person\",\"@id\":\"https:\\\/\\\/www.theconservative.online\\\/hr#\\\/schema\\\/person\\\/15819aaa61073fbb539912aeb9df3dea\",\"name\":\"Martin Lynch\",\"image\":{\"@type\":\"ImageObject\",\"inLanguage\":\"hr\",\"@id\":\"https:\\\/\\\/secure.gravatar.com\\\/avatar\\\/482c01848305673b38529f97155010aafc47cc0d1341b4b1147d1a6adaaab3db?s=96&d=mm&r=g\",\"url\":\"https:\\\/\\\/secure.gravatar.com\\\/avatar\\\/482c01848305673b38529f97155010aafc47cc0d1341b4b1147d1a6adaaab3db?s=96&d=mm&r=g\",\"contentUrl\":\"https:\\\/\\\/secure.gravatar.com\\\/avatar\\\/482c01848305673b38529f97155010aafc47cc0d1341b4b1147d1a6adaaab3db?s=96&d=mm&r=g\",\"caption\":\"Martin Lynch\"},\"url\":\"https:\\\/\\\/www.theconservative.online\\\/hr\\\/author\\\/stonebay-euspec-2025-26\"}]}<\/script>\n<!-- \/ Yoast SEO plugin. -->","yoast_head_json":{"title":"Pristrani i neslobodni: Irski medijski krajolik sponzoriran od strane dr\u017eave - The Conservative","robots":{"index":"index","follow":"follow","max-snippet":"max-snippet:-1","max-image-preview":"max-image-preview:large","max-video-preview":"max-video-preview:-1"},"canonical":"https:\/\/www.theconservative.online\/hr\/pristrani-i-neslobodni-irski-medijski-krajolik-sponzoriran-od-strane-drzave","og_locale":"hr_HR","og_type":"article","og_title":"Pristrani i neslobodni: Irski medijski krajolik sponzoriran od strane dr\u017eave - The Conservative","og_description":"Irski medijski krajolik ostaje jedan od politi\u010dki najpodre\u0111enijih svojoj vladi u cijeloj Europi. S naslije\u0111em pridr\u017eavanja najstro\u017eih zakona o kleveti u Europi koji ograni\u010davaju opseg objavljivanja irskog tiska, do dodjeljivanja dr\u017eavnih subvencija koje odr\u017eavaju neprofitabilne novinske ku\u0107e na povr\u0161ini, irski mediji su posljedi\u010dno nekriti\u010dni i potkupljivi. Brojni drugi \u010dimbenici, poput dr\u017eavnog financiranja tiska, ljevi\u010darskih institucionalnih [&hellip;]","og_url":"https:\/\/www.theconservative.online\/hr\/pristrani-i-neslobodni-irski-medijski-krajolik-sponzoriran-od-strane-drzave","og_site_name":"The Conservative","article_published_time":"2026-08-27T14:31:16+00:00","og_image":[{"width":1000,"height":666,"url":"https:\/\/www.theconservative.online\/wp-content\/uploads\/2024\/02\/shutterstock_2256586921.jpg","type":"image\/jpeg"}],"author":"Martin Lynch","twitter_card":"summary_large_image","twitter_misc":{"Napisao\/la":"Martin Lynch","Procijenjeno vrijeme \u010ditanja":"6 minuta"},"schema":{"@context":"https:\/\/schema.org","@graph":[{"@type":"Article","@id":"https:\/\/www.theconservative.online\/hr\/pristrani-i-neslobodni-irski-medijski-krajolik-sponzoriran-od-strane-drzave#article","isPartOf":{"@id":"https:\/\/www.theconservative.online\/hr\/pristrani-i-neslobodni-irski-medijski-krajolik-sponzoriran-od-strane-drzave"},"author":{"name":"Martin Lynch","@id":"https:\/\/www.theconservative.online\/hr#\/schema\/person\/15819aaa61073fbb539912aeb9df3dea"},"headline":"Pristrani i neslobodni: Irski medijski krajolik sponzoriran od strane dr\u017eave","datePublished":"2026-08-27T14:31:16+00:00","mainEntityOfPage":{"@id":"https:\/\/www.theconservative.online\/hr\/pristrani-i-neslobodni-irski-medijski-krajolik-sponzoriran-od-strane-drzave"},"wordCount":1218,"image":{"@id":"https:\/\/www.theconservative.online\/hr\/pristrani-i-neslobodni-irski-medijski-krajolik-sponzoriran-od-strane-drzave#primaryimage"},"thumbnailUrl":"https:\/\/www.theconservative.online\/wp-content\/uploads\/2024\/02\/shutterstock_2256586921.jpg","articleSection":["Uncategorized @hr"],"inLanguage":"hr"},{"@type":"WebPage","@id":"https:\/\/www.theconservative.online\/hr\/pristrani-i-neslobodni-irski-medijski-krajolik-sponzoriran-od-strane-drzave","url":"https:\/\/www.theconservative.online\/hr\/pristrani-i-neslobodni-irski-medijski-krajolik-sponzoriran-od-strane-drzave","name":"Pristrani i neslobodni: Irski medijski krajolik sponzoriran od strane dr\u017eave - The Conservative","isPartOf":{"@id":"https:\/\/www.theconservative.online\/hr#website"},"primaryImageOfPage":{"@id":"https:\/\/www.theconservative.online\/hr\/pristrani-i-neslobodni-irski-medijski-krajolik-sponzoriran-od-strane-drzave#primaryimage"},"image":{"@id":"https:\/\/www.theconservative.online\/hr\/pristrani-i-neslobodni-irski-medijski-krajolik-sponzoriran-od-strane-drzave#primaryimage"},"thumbnailUrl":"https:\/\/www.theconservative.online\/wp-content\/uploads\/2024\/02\/shutterstock_2256586921.jpg","datePublished":"2026-08-27T14:31:16+00:00","author":{"@id":"https:\/\/www.theconservative.online\/hr#\/schema\/person\/15819aaa61073fbb539912aeb9df3dea"},"breadcrumb":{"@id":"https:\/\/www.theconservative.online\/hr\/pristrani-i-neslobodni-irski-medijski-krajolik-sponzoriran-od-strane-drzave#breadcrumb"},"inLanguage":"hr","potentialAction":[{"@type":"ReadAction","target":["https:\/\/www.theconservative.online\/hr\/pristrani-i-neslobodni-irski-medijski-krajolik-sponzoriran-od-strane-drzave"]}]},{"@type":"ImageObject","inLanguage":"hr","@id":"https:\/\/www.theconservative.online\/hr\/pristrani-i-neslobodni-irski-medijski-krajolik-sponzoriran-od-strane-drzave#primaryimage","url":"https:\/\/www.theconservative.online\/wp-content\/uploads\/2024\/02\/shutterstock_2256586921.jpg","contentUrl":"https:\/\/www.theconservative.online\/wp-content\/uploads\/2024\/02\/shutterstock_2256586921.jpg","width":1000,"height":666},{"@type":"BreadcrumbList","@id":"https:\/\/www.theconservative.online\/hr\/pristrani-i-neslobodni-irski-medijski-krajolik-sponzoriran-od-strane-drzave#breadcrumb","itemListElement":[{"@type":"ListItem","position":1,"name":"Home","item":"https:\/\/www.theconservative.online\/hr"},{"@type":"ListItem","position":2,"name":"Pristrani i neslobodni: Irski medijski krajolik sponzoriran od strane dr\u017eave"}]},{"@type":"WebSite","@id":"https:\/\/www.theconservative.online\/hr#website","url":"https:\/\/www.theconservative.online\/hr","name":"The Conservative","description":"","potentialAction":[{"@type":"SearchAction","target":{"@type":"EntryPoint","urlTemplate":"https:\/\/www.theconservative.online\/hr?s={search_term_string}"},"query-input":{"@type":"PropertyValueSpecification","valueRequired":true,"valueName":"search_term_string"}}],"inLanguage":"hr"},{"@type":"Person","@id":"https:\/\/www.theconservative.online\/hr#\/schema\/person\/15819aaa61073fbb539912aeb9df3dea","name":"Martin Lynch","image":{"@type":"ImageObject","inLanguage":"hr","@id":"https:\/\/secure.gravatar.com\/avatar\/482c01848305673b38529f97155010aafc47cc0d1341b4b1147d1a6adaaab3db?s=96&d=mm&r=g","url":"https:\/\/secure.gravatar.com\/avatar\/482c01848305673b38529f97155010aafc47cc0d1341b4b1147d1a6adaaab3db?s=96&d=mm&r=g","contentUrl":"https:\/\/secure.gravatar.com\/avatar\/482c01848305673b38529f97155010aafc47cc0d1341b4b1147d1a6adaaab3db?s=96&d=mm&r=g","caption":"Martin Lynch"},"url":"https:\/\/www.theconservative.online\/hr\/author\/stonebay-euspec-2025-26"}]}},"acf":[],"_links":{"self":[{"href":"https:\/\/www.theconservative.online\/hr\/wp-json\/wp\/v2\/posts\/62953","targetHints":{"allow":["GET"]}}],"collection":[{"href":"https:\/\/www.theconservative.online\/hr\/wp-json\/wp\/v2\/posts"}],"about":[{"href":"https:\/\/www.theconservative.online\/hr\/wp-json\/wp\/v2\/types\/post"}],"author":[{"embeddable":true,"href":"https:\/\/www.theconservative.online\/hr\/wp-json\/wp\/v2\/users\/77"}],"replies":[{"embeddable":true,"href":"https:\/\/www.theconservative.online\/hr\/wp-json\/wp\/v2\/comments?post=62953"}],"version-history":[{"count":0,"href":"https:\/\/www.theconservative.online\/hr\/wp-json\/wp\/v2\/posts\/62953\/revisions"}],"wp:featuredmedia":[{"embeddable":true,"href":"https:\/\/www.theconservative.online\/hr\/wp-json\/wp\/v2\/media\/19695"}],"wp:attachment":[{"href":"https:\/\/www.theconservative.online\/hr\/wp-json\/wp\/v2\/media?parent=62953"}],"wp:term":[{"taxonomy":"category","embeddable":true,"href":"https:\/\/www.theconservative.online\/hr\/wp-json\/wp\/v2\/categories?post=62953"},{"taxonomy":"post_tag","embeddable":true,"href":"https:\/\/www.theconservative.online\/hr\/wp-json\/wp\/v2\/tags?post=62953"},{"taxonomy":"editorial-positions","embeddable":true,"href":"https:\/\/www.theconservative.online\/hr\/wp-json\/wp\/v2\/editorial-positions?post=62953"},{"taxonomy":"regions","embeddable":true,"href":"https:\/\/www.theconservative.online\/hr\/wp-json\/wp\/v2\/regions?post=62953"},{"taxonomy":"types","embeddable":true,"href":"https:\/\/www.theconservative.online\/hr\/wp-json\/wp\/v2\/types?post=62953"}],"curies":[{"name":"wp","href":"https:\/\/api.w.org\/{rel}","templated":true}]}}