{"id":62976,"date":"2026-08-31T13:57:45","date_gmt":"2026-08-31T13:57:45","guid":{"rendered":"https:\/\/www.theconservative.online\/neka-razmatranja-nakon-govora-povjerenika-za-prosirenje-u-zagrebu"},"modified":"2026-08-31T13:57:45","modified_gmt":"2026-08-31T13:57:45","slug":"neka-razmatranja-nakon-govora-povjerenika-za-prosirenje-u-zagrebu","status":"publish","type":"post","link":"https:\/\/www.theconservative.online\/hr\/neka-razmatranja-nakon-govora-povjerenika-za-prosirenje-u-zagrebu","title":{"rendered":"Neka razmatranja nakon govora povjerenika za pro\u0161irenje u Zagrebu"},"content":{"rendered":"<p style=\"font-weight: 400;\">Dvadeset dvije godine nakon najve\u0107eg vala pro\u0161irenja u povijesti Europske unije &#8211; kada je 10 zemalja formalno postalo \u010dlanicama &#8211; i trinaest godina nakon ulaska Hrvatske, tema pro\u0161irenja EU ponovno je postala goru\u0107a tema. Ovo je najdulje razdoblje koje je pro\u0161lo od posljednjeg pristupanja, a izgledi i izazovi ve\u0107e Unije su zna\u010dajni. Uo\u010di summita Europskog vije\u0107a sredinom listopada, povjerenik za pro\u0161irenje nedavno je iznio \u201ereformisti\u010dku\u201c viziju Komisije za budu\u0107a pristupanja.<\/p>\n<p style=\"font-weight: 400;\">U govoru odr\u017eanom 24. kolovoza u Zagrebu, Marta Kos naglasila je va\u017enost ispunjavanja obveza, prednosti postupne integracije, fleksibilniji proces dono\u0161enja odluka i ja\u010da jamstva za ja\u010danje vladavine prava i demokratskih mehanizama.<\/p><div class='related_content'><span>RELATED<\/span><ul><li><a href='https:\/\/www.theconservative.online\/hr\/islandski-broj-ne-i-europa-nacija'>Islandski broj ne i Europa nacija<\/li><\/a><li><a href='https:\/\/www.theconservative.online\/hr\/zasto-je-island-odbio-clanstvo-u-eu'>Za\u0161to je Island odbio \u010dlanstvo u EU<\/li><\/a><li><a href='https:\/\/www.theconservative.online\/hr\/industrijski-reset-europe-stavlja-kinu-energiju-i-ulaganja-u-fokus'>Industrijski reset Europe stavlja Kinu, energiju i ulaganja u fokus<\/li><\/a><\/ul><\/div>\n<p style=\"font-weight: 400;\">Osim kli\u0161eja, poput toga da zemlje kandidatkinje moraju istinski po\u0161tovati \u201ena\u0161e zajedni\u010dke vrijednosti\u201c, odre\u0111enih nedvosmislenih izjava ili odavanja po\u010dasti Hrvatskoj i njezinim postignu\u0107ima, povjerenik Kos je pohvalio  <em>nevi\u0111eni napredak<\/em>  postignutih ove godine u vezi s procesom pro\u0161irenja. S jedne strane imamo Crnu Goru, koja je najbli\u017ea ulasku u EU; Albaniju, koja se navodi kao primjer za zatvaranje poglavlja o vladavini prava; te Ukrajinu i Republiku Moldaviju. \u0160to se ti\u010de Islanda, u vrijeme govora u Zagrebu, pripremao se za referendum o nastavku pristupnih pregovora; me\u0111utim, ishod 29. kolovoza &#8211; kada je 53% gra\u0111ana glasalo protiv &#8211; efektivno je okon\u010dao tu te\u017enju.<\/p>\n<p style=\"font-weight: 400;\">Osim pojedina\u010dnih slu\u010dajeva, koji se nalaze u razli\u010ditim \u201efazama\u201c procesa pristupanja, pitanje je kako u potpunosti razumjeti koga do\u010dekujemo unutar na\u0161ih granica. Unija koja ne uspijeva braniti svoje vanjske granice suo\u010dena s egzistencijalnom prijetnjom, Unija koju gu\u0161e pretjerani propisi i promicanje ideologija koje temeljno potkopavaju obitelj, slobodu govora i nacionalni suverenitet \u2013 koliko je ona uistinu spremna za daljnje \u0161irenje? Bilo bi to poput ku\u0107e kojoj se dodaje novi kat dok joj se temelji raspadaju.<\/p>\n<p style=\"font-weight: 400;\">Povjerenik Kos smatra da proces dono\u0161enja odluka mora biti u\u010dinkovitiji i fleksibilniji &#8211; legitiman cilj &#8211; ali jedan od na\u010dina da se to postigne jest smanjenje podru\u010dja u kojima pojedina dr\u017eava \u010dlanica mo\u017ee iskoristiti svoje pravo veta. Drugim rije\u010dima, vrsta reforme koja bi sprije\u010dila neugodna \u201eiznena\u0111enja\u201c od dr\u017eava koje se ne pridr\u017eavaju u potpunosti Bruxellesa &#8211; tema koja je posljednjih godina izazvala znatno ogor\u010denje. Druga fraza koju je upotrijebio slovenski povjerenik bila je osigurati da se \u201etrojanskim konjima\u201c ne dopusti prodor, tako da se \u201etemeljne europske vrijednosti\u201c i \u201evladavina prava\u201c vi\u0161e ne mogu kr\u0161iti. Ista pogre\u0161na retorika koju pseudoelite koriste u svom nepo\u0161tivanju naroda i njihovih interesa. To su neki od koraka prema tome da Europa ponovno stekne svoju \u201eneovisnost\u201c, kako je zamislio povjerenik za pro\u0161irenje.<\/p>\n<p style=\"font-weight: 400;\">Svima nam je poznata grandiozna retorika i prazne fraze. Pro\u0161irenje EU-a mora se prosu\u0111ivati \u200b\u200bpo mjeri u kojoj ja\u010da ili slabi ono \u0161to Europu \u010dini Europom. Pro\u0161irena Europska unija trebala bi zna\u010diti ja\u010danje na\u0161eg bloka, a ne njegovo slabljenje. Donosi li vi\u0161e reda, vi\u0161e prosperiteta i vi\u0161e po\u0161tovanja prema pravim vrijednostima, slobodi i suverenitetu? Ako je odgovor \u201eda\u201c, onda bi pro\u0161irenje trebalo biti dobrodo\u0161lo. Ali ako slu\u017ei samo kao alat za veliki ideolo\u0161ki projekt koji izopa\u010duje njegove deklarirane ciljeve &#8211; stabilnost, prosperitet i slobodu &#8211; onda ga se mora odbaciti ili, barem, promatrati s najve\u0107im stupnjem opreza.<\/p>\n<p style=\"font-weight: 400;\">Da bi Europska unija ostala unija naroda, nu\u017eno je da odabere jasno\u0107u i realizam. U suprotnom, riskira da se, prije nego kasnije, pretvori u ne\u0161to neprepoznatljivo. A tada \u0107e pro\u0161irenje biti tek jo\u0161 jedan \u010davao u lijesu.<\/p>\n<\/p>","protected":false},"excerpt":{"rendered":"<p>Dvadeset dvije godine nakon najve\u0107eg vala pro\u0161irenja u povijesti Europske unije &#8211; kada je 10 zemalja formalno postalo \u010dlanicama &#8211; i trinaest godina nakon ulaska Hrvatske, tema pro\u0161irenja EU ponovno je postala goru\u0107a tema. Ovo je najdulje razdoblje koje je pro\u0161lo od posljednjeg pristupanja, a izgledi i izazovi ve\u0107e Unije su zna\u010dajni. Uo\u010di summita Europskog [&hellip;]<\/p>\n","protected":false},"author":78,"featured_media":62858,"comment_status":"closed","ping_status":"closed","sticky":false,"template":"","format":"standard","meta":{"footnotes":""},"categories":[186,161,255],"tags":[943,1305,1856,215,2692,599,72,3306,3484,3287,2589,213],"editorial-positions":[],"regions":[330,336,343,354,366],"types":[413,450],"class_list":["post-62976","post","type-post","status-publish","format-standard","has-post-thumbnail","hentry","category-eseji","category-politika-hr","category-pravno","tag-albania","tag-brussels","tag-croatia","tag-eu","tag-eu-enlargement","tag-european-union","tag-iceland","tag-marta-kos","tag-montenegro","tag-republic-of-moldova","tag-sovereignty","tag-ukraine","regions-central-europe-hr","regions-eastern-europe-hr","regions-northern-europe-hr","regions-southern-europe-hr","regions-western-europe-hr","types-news-hr","types-opinion-hr"],"yoast_head":"<!-- This site is optimized with the Yoast SEO plugin v28.0 - https:\/\/yoast.com\/product\/yoast-seo-wordpress\/ -->\n<title>Neka razmatranja nakon govora povjerenika za pro\u0161irenje u Zagrebu - The Conservative<\/title>\n<meta name=\"robots\" content=\"index, follow, max-snippet:-1, max-image-preview:large, max-video-preview:-1\" \/>\n<link rel=\"canonical\" href=\"https:\/\/www.theconservative.online\/hr\/neka-razmatranja-nakon-govora-povjerenika-za-prosirenje-u-zagrebu\" \/>\n<meta property=\"og:locale\" content=\"hr_HR\" \/>\n<meta property=\"og:type\" content=\"article\" \/>\n<meta property=\"og:title\" content=\"Neka razmatranja nakon govora povjerenika za pro\u0161irenje u Zagrebu - The Conservative\" \/>\n<meta property=\"og:description\" content=\"Dvadeset dvije godine nakon najve\u0107eg vala pro\u0161irenja u povijesti Europske unije &#8211; kada je 10 zemalja formalno postalo \u010dlanicama &#8211; i trinaest godina nakon ulaska Hrvatske, tema pro\u0161irenja EU ponovno je postala goru\u0107a tema. Ovo je najdulje razdoblje koje je pro\u0161lo od posljednjeg pristupanja, a izgledi i izazovi ve\u0107e Unije su zna\u010dajni. Uo\u010di summita Europskog [&hellip;]\" \/>\n<meta property=\"og:url\" content=\"https:\/\/www.theconservative.online\/hr\/neka-razmatranja-nakon-govora-povjerenika-za-prosirenje-u-zagrebu\" \/>\n<meta property=\"og:site_name\" content=\"The Conservative\" \/>\n<meta property=\"article:published_time\" content=\"2026-08-31T13:57:45+00:00\" \/>\n<meta property=\"og:image\" content=\"https:\/\/www.theconservative.online\/wp-content\/uploads\/2026\/08\/shutterstock_2385621941.jpg\" \/>\n\t<meta property=\"og:image:width\" content=\"1000\" \/>\n\t<meta property=\"og:image:height\" content=\"667\" \/>\n\t<meta property=\"og:image:type\" content=\"image\/jpeg\" \/>\n<meta name=\"author\" content=\"Dragos Moldoveanu\" \/>\n<meta name=\"twitter:card\" content=\"summary_large_image\" \/>\n<meta name=\"twitter:label1\" content=\"Napisao\/la\" \/>\n\t<meta name=\"twitter:data1\" content=\"Dragos Moldoveanu\" \/>\n\t<meta name=\"twitter:label2\" content=\"Procijenjeno vrijeme \u010ditanja\" \/>\n\t<meta name=\"twitter:data2\" content=\"3 minute\" \/>\n<script type=\"application\/ld+json\" class=\"yoast-schema-graph\">{\"@context\":\"https:\\\/\\\/schema.org\",\"@graph\":[{\"@type\":\"Article\",\"@id\":\"https:\\\/\\\/www.theconservative.online\\\/hr\\\/neka-razmatranja-nakon-govora-povjerenika-za-prosirenje-u-zagrebu#article\",\"isPartOf\":{\"@id\":\"https:\\\/\\\/www.theconservative.online\\\/hr\\\/neka-razmatranja-nakon-govora-povjerenika-za-prosirenje-u-zagrebu\"},\"author\":{\"name\":\"Dragos Moldoveanu\",\"@id\":\"https:\\\/\\\/www.theconservative.online\\\/hr#\\\/schema\\\/person\\\/7a10b03a9f7406e09ce879035f4d80c1\"},\"headline\":\"Neka razmatranja nakon govora povjerenika za pro\u0161irenje u Zagrebu\",\"datePublished\":\"2026-08-31T13:57:45+00:00\",\"mainEntityOfPage\":{\"@id\":\"https:\\\/\\\/www.theconservative.online\\\/hr\\\/neka-razmatranja-nakon-govora-povjerenika-za-prosirenje-u-zagrebu\"},\"wordCount\":619,\"image\":{\"@id\":\"https:\\\/\\\/www.theconservative.online\\\/hr\\\/neka-razmatranja-nakon-govora-povjerenika-za-prosirenje-u-zagrebu#primaryimage\"},\"thumbnailUrl\":\"https:\\\/\\\/www.theconservative.online\\\/wp-content\\\/uploads\\\/2026\\\/08\\\/shutterstock_2385621941.jpg\",\"keywords\":[\"Albania\",\"Brussels\",\"croatia\",\"EU\",\"EU enlargement\",\"European Union\",\"Iceland\",\"Marta Kos\",\"Montenegro\",\"Republic of Moldova\",\"sovereignty\",\"Ukraine\"],\"articleSection\":[\"Eseji\",\"Politika\",\"Pravno\"],\"inLanguage\":\"hr\"},{\"@type\":\"WebPage\",\"@id\":\"https:\\\/\\\/www.theconservative.online\\\/hr\\\/neka-razmatranja-nakon-govora-povjerenika-za-prosirenje-u-zagrebu\",\"url\":\"https:\\\/\\\/www.theconservative.online\\\/hr\\\/neka-razmatranja-nakon-govora-povjerenika-za-prosirenje-u-zagrebu\",\"name\":\"Neka razmatranja nakon govora povjerenika za pro\u0161irenje u Zagrebu - The Conservative\",\"isPartOf\":{\"@id\":\"https:\\\/\\\/www.theconservative.online\\\/hr#website\"},\"primaryImageOfPage\":{\"@id\":\"https:\\\/\\\/www.theconservative.online\\\/hr\\\/neka-razmatranja-nakon-govora-povjerenika-za-prosirenje-u-zagrebu#primaryimage\"},\"image\":{\"@id\":\"https:\\\/\\\/www.theconservative.online\\\/hr\\\/neka-razmatranja-nakon-govora-povjerenika-za-prosirenje-u-zagrebu#primaryimage\"},\"thumbnailUrl\":\"https:\\\/\\\/www.theconservative.online\\\/wp-content\\\/uploads\\\/2026\\\/08\\\/shutterstock_2385621941.jpg\",\"datePublished\":\"2026-08-31T13:57:45+00:00\",\"author\":{\"@id\":\"https:\\\/\\\/www.theconservative.online\\\/hr#\\\/schema\\\/person\\\/7a10b03a9f7406e09ce879035f4d80c1\"},\"breadcrumb\":{\"@id\":\"https:\\\/\\\/www.theconservative.online\\\/hr\\\/neka-razmatranja-nakon-govora-povjerenika-za-prosirenje-u-zagrebu#breadcrumb\"},\"inLanguage\":\"hr\",\"potentialAction\":[{\"@type\":\"ReadAction\",\"target\":[\"https:\\\/\\\/www.theconservative.online\\\/hr\\\/neka-razmatranja-nakon-govora-povjerenika-za-prosirenje-u-zagrebu\"]}]},{\"@type\":\"ImageObject\",\"inLanguage\":\"hr\",\"@id\":\"https:\\\/\\\/www.theconservative.online\\\/hr\\\/neka-razmatranja-nakon-govora-povjerenika-za-prosirenje-u-zagrebu#primaryimage\",\"url\":\"https:\\\/\\\/www.theconservative.online\\\/wp-content\\\/uploads\\\/2026\\\/08\\\/shutterstock_2385621941.jpg\",\"contentUrl\":\"https:\\\/\\\/www.theconservative.online\\\/wp-content\\\/uploads\\\/2026\\\/08\\\/shutterstock_2385621941.jpg\",\"width\":1000,\"height\":667},{\"@type\":\"BreadcrumbList\",\"@id\":\"https:\\\/\\\/www.theconservative.online\\\/hr\\\/neka-razmatranja-nakon-govora-povjerenika-za-prosirenje-u-zagrebu#breadcrumb\",\"itemListElement\":[{\"@type\":\"ListItem\",\"position\":1,\"name\":\"Home\",\"item\":\"https:\\\/\\\/www.theconservative.online\\\/hr\"},{\"@type\":\"ListItem\",\"position\":2,\"name\":\"Neka razmatranja nakon govora povjerenika za pro\u0161irenje u Zagrebu\"}]},{\"@type\":\"WebSite\",\"@id\":\"https:\\\/\\\/www.theconservative.online\\\/hr#website\",\"url\":\"https:\\\/\\\/www.theconservative.online\\\/hr\",\"name\":\"The Conservative\",\"description\":\"\",\"potentialAction\":[{\"@type\":\"SearchAction\",\"target\":{\"@type\":\"EntryPoint\",\"urlTemplate\":\"https:\\\/\\\/www.theconservative.online\\\/hr?s={search_term_string}\"},\"query-input\":{\"@type\":\"PropertyValueSpecification\",\"valueRequired\":true,\"valueName\":\"search_term_string\"}}],\"inLanguage\":\"hr\"},{\"@type\":\"Person\",\"@id\":\"https:\\\/\\\/www.theconservative.online\\\/hr#\\\/schema\\\/person\\\/7a10b03a9f7406e09ce879035f4d80c1\",\"name\":\"Dragos Moldoveanu\",\"image\":{\"@type\":\"ImageObject\",\"inLanguage\":\"hr\",\"@id\":\"https:\\\/\\\/secure.gravatar.com\\\/avatar\\\/1975d1359c2a3183ef646321e1f6bcc60bbd4fe3f1c556f50988447a540d242c?s=96&d=mm&r=g\",\"url\":\"https:\\\/\\\/secure.gravatar.com\\\/avatar\\\/1975d1359c2a3183ef646321e1f6bcc60bbd4fe3f1c556f50988447a540d242c?s=96&d=mm&r=g\",\"contentUrl\":\"https:\\\/\\\/secure.gravatar.com\\\/avatar\\\/1975d1359c2a3183ef646321e1f6bcc60bbd4fe3f1c556f50988447a540d242c?s=96&d=mm&r=g\",\"caption\":\"Dragos Moldoveanu\"},\"url\":\"https:\\\/\\\/www.theconservative.online\\\/hr\\\/author\\\/moldoveanu-euspec-2025-26\"}]}<\/script>\n<!-- \/ Yoast SEO plugin. -->","yoast_head_json":{"title":"Neka razmatranja nakon govora povjerenika za pro\u0161irenje u Zagrebu - The Conservative","robots":{"index":"index","follow":"follow","max-snippet":"max-snippet:-1","max-image-preview":"max-image-preview:large","max-video-preview":"max-video-preview:-1"},"canonical":"https:\/\/www.theconservative.online\/hr\/neka-razmatranja-nakon-govora-povjerenika-za-prosirenje-u-zagrebu","og_locale":"hr_HR","og_type":"article","og_title":"Neka razmatranja nakon govora povjerenika za pro\u0161irenje u Zagrebu - The Conservative","og_description":"Dvadeset dvije godine nakon najve\u0107eg vala pro\u0161irenja u povijesti Europske unije &#8211; kada je 10 zemalja formalno postalo \u010dlanicama &#8211; i trinaest godina nakon ulaska Hrvatske, tema pro\u0161irenja EU ponovno je postala goru\u0107a tema. Ovo je najdulje razdoblje koje je pro\u0161lo od posljednjeg pristupanja, a izgledi i izazovi ve\u0107e Unije su zna\u010dajni. Uo\u010di summita Europskog [&hellip;]","og_url":"https:\/\/www.theconservative.online\/hr\/neka-razmatranja-nakon-govora-povjerenika-za-prosirenje-u-zagrebu","og_site_name":"The Conservative","article_published_time":"2026-08-31T13:57:45+00:00","og_image":[{"width":1000,"height":667,"url":"https:\/\/www.theconservative.online\/wp-content\/uploads\/2026\/08\/shutterstock_2385621941.jpg","type":"image\/jpeg"}],"author":"Dragos Moldoveanu","twitter_card":"summary_large_image","twitter_misc":{"Napisao\/la":"Dragos Moldoveanu","Procijenjeno vrijeme \u010ditanja":"3 minute"},"schema":{"@context":"https:\/\/schema.org","@graph":[{"@type":"Article","@id":"https:\/\/www.theconservative.online\/hr\/neka-razmatranja-nakon-govora-povjerenika-za-prosirenje-u-zagrebu#article","isPartOf":{"@id":"https:\/\/www.theconservative.online\/hr\/neka-razmatranja-nakon-govora-povjerenika-za-prosirenje-u-zagrebu"},"author":{"name":"Dragos Moldoveanu","@id":"https:\/\/www.theconservative.online\/hr#\/schema\/person\/7a10b03a9f7406e09ce879035f4d80c1"},"headline":"Neka razmatranja nakon govora povjerenika za pro\u0161irenje u Zagrebu","datePublished":"2026-08-31T13:57:45+00:00","mainEntityOfPage":{"@id":"https:\/\/www.theconservative.online\/hr\/neka-razmatranja-nakon-govora-povjerenika-za-prosirenje-u-zagrebu"},"wordCount":619,"image":{"@id":"https:\/\/www.theconservative.online\/hr\/neka-razmatranja-nakon-govora-povjerenika-za-prosirenje-u-zagrebu#primaryimage"},"thumbnailUrl":"https:\/\/www.theconservative.online\/wp-content\/uploads\/2026\/08\/shutterstock_2385621941.jpg","keywords":["Albania","Brussels","croatia","EU","EU enlargement","European Union","Iceland","Marta Kos","Montenegro","Republic of Moldova","sovereignty","Ukraine"],"articleSection":["Eseji","Politika","Pravno"],"inLanguage":"hr"},{"@type":"WebPage","@id":"https:\/\/www.theconservative.online\/hr\/neka-razmatranja-nakon-govora-povjerenika-za-prosirenje-u-zagrebu","url":"https:\/\/www.theconservative.online\/hr\/neka-razmatranja-nakon-govora-povjerenika-za-prosirenje-u-zagrebu","name":"Neka razmatranja nakon govora povjerenika za pro\u0161irenje u Zagrebu - The Conservative","isPartOf":{"@id":"https:\/\/www.theconservative.online\/hr#website"},"primaryImageOfPage":{"@id":"https:\/\/www.theconservative.online\/hr\/neka-razmatranja-nakon-govora-povjerenika-za-prosirenje-u-zagrebu#primaryimage"},"image":{"@id":"https:\/\/www.theconservative.online\/hr\/neka-razmatranja-nakon-govora-povjerenika-za-prosirenje-u-zagrebu#primaryimage"},"thumbnailUrl":"https:\/\/www.theconservative.online\/wp-content\/uploads\/2026\/08\/shutterstock_2385621941.jpg","datePublished":"2026-08-31T13:57:45+00:00","author":{"@id":"https:\/\/www.theconservative.online\/hr#\/schema\/person\/7a10b03a9f7406e09ce879035f4d80c1"},"breadcrumb":{"@id":"https:\/\/www.theconservative.online\/hr\/neka-razmatranja-nakon-govora-povjerenika-za-prosirenje-u-zagrebu#breadcrumb"},"inLanguage":"hr","potentialAction":[{"@type":"ReadAction","target":["https:\/\/www.theconservative.online\/hr\/neka-razmatranja-nakon-govora-povjerenika-za-prosirenje-u-zagrebu"]}]},{"@type":"ImageObject","inLanguage":"hr","@id":"https:\/\/www.theconservative.online\/hr\/neka-razmatranja-nakon-govora-povjerenika-za-prosirenje-u-zagrebu#primaryimage","url":"https:\/\/www.theconservative.online\/wp-content\/uploads\/2026\/08\/shutterstock_2385621941.jpg","contentUrl":"https:\/\/www.theconservative.online\/wp-content\/uploads\/2026\/08\/shutterstock_2385621941.jpg","width":1000,"height":667},{"@type":"BreadcrumbList","@id":"https:\/\/www.theconservative.online\/hr\/neka-razmatranja-nakon-govora-povjerenika-za-prosirenje-u-zagrebu#breadcrumb","itemListElement":[{"@type":"ListItem","position":1,"name":"Home","item":"https:\/\/www.theconservative.online\/hr"},{"@type":"ListItem","position":2,"name":"Neka razmatranja nakon govora povjerenika za pro\u0161irenje u Zagrebu"}]},{"@type":"WebSite","@id":"https:\/\/www.theconservative.online\/hr#website","url":"https:\/\/www.theconservative.online\/hr","name":"The Conservative","description":"","potentialAction":[{"@type":"SearchAction","target":{"@type":"EntryPoint","urlTemplate":"https:\/\/www.theconservative.online\/hr?s={search_term_string}"},"query-input":{"@type":"PropertyValueSpecification","valueRequired":true,"valueName":"search_term_string"}}],"inLanguage":"hr"},{"@type":"Person","@id":"https:\/\/www.theconservative.online\/hr#\/schema\/person\/7a10b03a9f7406e09ce879035f4d80c1","name":"Dragos Moldoveanu","image":{"@type":"ImageObject","inLanguage":"hr","@id":"https:\/\/secure.gravatar.com\/avatar\/1975d1359c2a3183ef646321e1f6bcc60bbd4fe3f1c556f50988447a540d242c?s=96&d=mm&r=g","url":"https:\/\/secure.gravatar.com\/avatar\/1975d1359c2a3183ef646321e1f6bcc60bbd4fe3f1c556f50988447a540d242c?s=96&d=mm&r=g","contentUrl":"https:\/\/secure.gravatar.com\/avatar\/1975d1359c2a3183ef646321e1f6bcc60bbd4fe3f1c556f50988447a540d242c?s=96&d=mm&r=g","caption":"Dragos Moldoveanu"},"url":"https:\/\/www.theconservative.online\/hr\/author\/moldoveanu-euspec-2025-26"}]}},"acf":[],"_links":{"self":[{"href":"https:\/\/www.theconservative.online\/hr\/wp-json\/wp\/v2\/posts\/62976","targetHints":{"allow":["GET"]}}],"collection":[{"href":"https:\/\/www.theconservative.online\/hr\/wp-json\/wp\/v2\/posts"}],"about":[{"href":"https:\/\/www.theconservative.online\/hr\/wp-json\/wp\/v2\/types\/post"}],"author":[{"embeddable":true,"href":"https:\/\/www.theconservative.online\/hr\/wp-json\/wp\/v2\/users\/78"}],"replies":[{"embeddable":true,"href":"https:\/\/www.theconservative.online\/hr\/wp-json\/wp\/v2\/comments?post=62976"}],"version-history":[{"count":0,"href":"https:\/\/www.theconservative.online\/hr\/wp-json\/wp\/v2\/posts\/62976\/revisions"}],"wp:featuredmedia":[{"embeddable":true,"href":"https:\/\/www.theconservative.online\/hr\/wp-json\/wp\/v2\/media\/62858"}],"wp:attachment":[{"href":"https:\/\/www.theconservative.online\/hr\/wp-json\/wp\/v2\/media?parent=62976"}],"wp:term":[{"taxonomy":"category","embeddable":true,"href":"https:\/\/www.theconservative.online\/hr\/wp-json\/wp\/v2\/categories?post=62976"},{"taxonomy":"post_tag","embeddable":true,"href":"https:\/\/www.theconservative.online\/hr\/wp-json\/wp\/v2\/tags?post=62976"},{"taxonomy":"editorial-positions","embeddable":true,"href":"https:\/\/www.theconservative.online\/hr\/wp-json\/wp\/v2\/editorial-positions?post=62976"},{"taxonomy":"regions","embeddable":true,"href":"https:\/\/www.theconservative.online\/hr\/wp-json\/wp\/v2\/regions?post=62976"},{"taxonomy":"types","embeddable":true,"href":"https:\/\/www.theconservative.online\/hr\/wp-json\/wp\/v2\/types?post=62976"}],"curies":[{"name":"wp","href":"https:\/\/api.w.org\/{rel}","templated":true}]}}