{"id":62996,"date":"2026-08-30T12:12:50","date_gmt":"2026-08-30T12:12:50","guid":{"rendered":"https:\/\/www.theconservative.online\/spasavanje-europskog-identiteta-znaci-spasavanje-identiteta-njezinih-naroda"},"modified":"2026-08-30T12:12:50","modified_gmt":"2026-08-30T12:12:50","slug":"spasavanje-europskog-identiteta-znaci-spasavanje-identiteta-njezinih-naroda","status":"publish","type":"post","link":"https:\/\/www.theconservative.online\/hr\/spasavanje-europskog-identiteta-znaci-spasavanje-identiteta-njezinih-naroda","title":{"rendered":"Spa\u0161avanje europskog identiteta zna\u010di spa\u0161avanje identiteta njezinih naroda"},"content":{"rendered":"<p>Europa prolazi kroz demografsku transformaciju koja se vi\u0161e ne mo\u017ee smatrati samo statisti\u010dkim pitanjem. Od 1. sije\u010dnja 2026. godine stanovni\u0161tvo Europske unije iznosilo je otprilike 452 milijuna stanovnika, \u0161to je porast od 706 000 ljudi u usporedbi s prethodnom godinom. No, iza ove naizgled pozitivne brojke krije se sasvim druga\u010dija stvarnost: 2025. godine u EU je ro\u0111eno samo 3,46 milijuna djece, dok je umrlo 4,81 milijun ljudi. Prirodni saldo bio je stoga negativan za otprilike 1,35 milijuna ljudi. Ukupni porast stanovni\u0161tva bio je mogu\u0107 isklju\u010divo zahvaljuju\u0107i pozitivnoj neto migraciji. Ovo je polazna to\u010dka od koje bi trebalo zapo\u010deti svako ozbiljno promi\u0161ljanje o budu\u0107nosti Europe.<br \/>\nEuropa ne raste samo sporije. Ve\u0107 je u\u0161la u fazu u kojoj vi\u0161e ljudi umire nego \u0161to se ra\u0111a. Taj trend, koji je strukturno zapo\u010deo 2012. godine, prati progresivno starenje stanovni\u0161tva.<br \/>\nProjekcije Europske komisije pokazuju da \u0107e ta transformacija postati jo\u0161 o\u010ditija u nadolaze\u0107im desetlje\u0107ima: o\u010dekuje se da \u0107e europsko stanovni\u0161tvo dosegnuti vrhunac, a potom opadati, dok \u0107e se udio starijih osoba pove\u0107ati, a udio radno sposobnog stanovni\u0161tva smanjiti.<br \/>\nProblem se, dakle, ne odnosi samo na mirovine, zdravstvo, produktivnost ili tr\u017ei\u0161te rada.<br \/>\nMoramo si postaviti i mnogo dublje pitanje: kako civilizacija mo\u017ee sa\u010duvati svoj identitet ako je sve te\u017ee prenijeti taj identitet s jedne generacije na drugu?<br \/>\nPredugo smo demografiju smatrali temom za ekonomiste i statisti\u010dare. Ali dru\u0161tvo nije samo zbroj svoje radne snage.<br \/>\nDru\u0161tvo je tako\u0111er sje\u0107anje.<br \/>\nTo je jezik, knji\u017eevnost, umjetnost, tradicija, religija, obi\u010daji, krajolik, arhitektura, glazba i povijest. To je sve \u0161to jedna generacija prima od prethodne i slobodno odlu\u010duje prenijeti sljede\u0107oj.<br \/>\nJezik opstaje jer se govori djeci. Tradicija opstaje jer se u\u010di. Kulturna ba\u0161tina opstaje jer je netko smatra dovoljno va\u017enom da je prenese budu\u0107nosti.<br \/>\nZato je demografski pad Europe ujedno i problem kulturnog kontinuiteta.<br \/>\nI upravo je tu mjesto gdje bi trebala zapo\u010deti istinski konzervativna refleksija.<br \/>\nO\u010duvati ne zna\u010di odbaciti promjenu. To zna\u010di sprije\u010diti promjenu da uni\u0161ti ono \u0161to vrijedi sa\u010duvati.<br \/>\nEuropa ne treba izmi\u0161ljati novi identitet brisanjem postoje\u0107ih identiteta. Naprotiv, treba prepoznati da je njezin identitet ro\u0111en iz pluralnosti njezinih naroda.<br \/>\nEuropa je talijanska, francuska, njema\u010dka, \u0161panjolska, gr\u010dka, poljska, irska, ma\u0111arska i jo\u0161 mnogo toga. Sastoji se od razli\u010ditih jezika, razli\u010ditih tradicija i razli\u010ditih povijesnih sje\u0107anja.<br \/>\nTa pluralnost nije prepreka europskom identitetu.<br \/>\nTo je europski identitet.<br \/>\nEuropski projekt stoga bi trebao prestati brkati integraciju s homogenizacijom.<br \/>\nEuropski gra\u0111anin ne bi trebao biti prisiljen birati izme\u0111u svog nacionalnog identiteta i svog europskog identiteta. Mo\u017ee se biti duboko Talijan i duboko Europljanin; duboko Poljak i duboko Europljanin; duboko Grk i duboko Europljanin.<br \/>\nDoista, upravo snaga identiteta koji \u010dine kontinent omogu\u0107uje ja\u010di europski identitet.<br \/>\nEuropske komisije  <em>Kulturni kompas za Europu<\/em>  tako\u0111er prepoznaje kulturnu i jezi\u010dnu raznolikost kao temeljne elemente europske ba\u0161tine i kulturi dodjeljuje va\u017enu ulogu u izgradnji osje\u0107aja pripadnosti.<br \/>\nOvo na\u010delo treba shvatiti do njegovih politi\u010dkih posljedica.<br \/>\nSpa\u0161avanje Europe zna\u010di spa\u0161avanje kultura koje je \u010dine.<br \/>\nA da bismo ih spasili, nije dovoljno financirati muzeje ili obnavljati spomenike. Moramo osigurati da postoje nove generacije kojima se mogu prenijeti.<br \/>\nNe postoji \u010dudotvorna mjera koja bi mogla rije\u0161iti problem pada nataliteta. Odluke o ra\u0111anju djece ovise o vrlo razli\u010ditim ekonomskim, dru\u0161tvenim i kulturnim uvjetima.<br \/>\nAli upravo zbog toga, potrebno je stvoriti okru\u017eenje u kojem maj\u010dinstvo ne predstavlja nedostatak.<br \/>\nEuropa mora ozbiljno ispitati razlike me\u0111u svojim dr\u017eavama \u010dlanicama. Stope nataliteta nisu svugdje iste, a obiteljske politike, zajedno s ekonomskim, radnim i stambenim uvjetima, mogu doprinijeti stvaranju okolnosti koje su vi\u0161e ili manje povoljne za osnivanje obitelji.<br \/>\nTo ne zna\u010di tvrditi da postoji automatska veza izme\u0111u jedne naknade i broja djece.<br \/>\nTo zna\u010di prepoznati da ako dru\u0161tvo \u017eeli vi\u0161e ra\u0111anja, mora olak\u0161ati ra\u0111anje djece.<br \/>\nA to zna\u010di porezne olak\u0161ice, podr\u0161ku maj\u010dinstvu, usluge brige o djeci, stambene politike, roditeljski dopust, fleksibilnost radnog mjesta i prije svega dru\u0161tveno priznanje vrijednosti maj\u010dinstva.<br \/>\nMaj\u010dinstvo je investicija u budu\u0107nost dru\u0161tva.<br \/>\nAli demografska politika bez obrazovne politike bila bi nedovoljna.<br \/>\nMo\u017eemo imati vi\u0161e djece, ali ako ta djeca odrastaju bez poznavanja svoje povijesti, knji\u017eevnosti i kulture, kontinuitet i dalje nije zajam\u010den.<br \/>\n\u0160kole moraju ponovno postati mjesta prijenosa.<br \/>\nDante, Shakespeare, Cervantes, Goethe, Homer i Manzoni ne pripadaju muzeju pro\u0161losti. Oni pripadaju ba\u0161tini kroz koju je Europa izgradila svoju svijest.<br \/>\nDru\u0161tvo koje je sigurno u svoj identitet ne mora izbrisati ono \u0161to je bilo prije njega.<br \/>\nMo\u017ee ga kritizirati. Mo\u017ee o njemu raspravljati. Mo\u017ee \u010dak i odbaciti odre\u0111ene njegove aspekte.<br \/>\nAli prvo to mora znati.<br \/>\nOvdje moramo i\u0107i protiv struje  <em>otka\u017ei kulturu<\/em>.<br \/>\nKultura ne mo\u017ee postati trajno su\u0111enje pro\u0161losti u kojem se svako djelo ocjenjuje isklju\u010divo prema moralnim standardima sada\u0161njosti. Kulturna sloboda tako\u0111er podrazumijeva mogu\u0107nost bavljenja neugodnim idejama, kontroverznim djelima i problemati\u010dnim povijesnim osobama.<br \/>\nObrazovanje bi trebalo stvarati gra\u0111ane sposobne za dono\u0161enje sudova, a ne generacije nesposobne za znanje.<br \/>\nKona\u010dno, postoji veza izme\u0111u demografije i dru\u0161tvene kohezije koju ne treba podcijeniti.<br \/>\nDru\u0161tvo koje stari, smanjuje se i do\u017eivljava svoju kulturu kao ne\u0161to \u0161to treba skrivati \u200b\u200bmo\u017ee postati nesigurnije. A nesigurno dru\u0161tvo vjerojatnije \u0107e promjene do\u017eivljavati kao prijetnju.<br \/>\nUpravo unutar tog prostora mo\u017ee rasti i ksenofobija.<br \/>\nZbog toga se ozbiljna demografska politika ne smije zami\u0161ljati kao politika protiv imigracije. Mora se zami\u0161ljati kao na\u010din ja\u010danja povjerenja Europljana u vlastitu sposobnost da imaju budu\u0107nost.<br \/>\nLegalna i regularna imigracija mo\u017ee usporiti demografski pad i pomo\u0107i u kompenzaciji smanjenja radne snage, ali ne mo\u017ee zamijeniti politiku usmjerenu na pove\u0107anje stope nataliteta. Podaci Eurostata jasno pokazuju da je posljednjih godina rast stanovni\u0161tva Europe ovisio o neto migraciji, dok je prirodna ravnote\u017ea ostala sna\u017eno negativna.<br \/>\nStoga odgovor ne mo\u017ee biti biranje izme\u0111u obitelji i imigracije.<br \/>\nTo mora biti izgradnja Europe dovoljno samopouzdane da mo\u017ee u\u010diniti oboje bez straha.<br \/>\nZato bi demografija trebala postati jedan od glavnih politi\u010dkih prioriteta Europske unije.<br \/>\nPrije nego \u0161to uop\u0107e financira nove velike industrijske politike, velike gospodarske projekte ili daljnje investicijske programe, Europa se mora zapitati tko \u0107e biti pozvan \u017eivjeti, raditi i graditi to dru\u0161tvo za dvadeset, trideset ili pedeset godina.<br \/>\nStoga bi trebala promicati zajedni\u010dke i obvezuju\u0107e politike za potporu demografskom rastu, istovremeno dopu\u0161taju\u0107i dr\u017eavama \u010dlanicama da odaberu instrumente koji najbolje odgovaraju njihovim vlastitim dru\u0161tvenim tradicijama, ali postavljaju\u0107i zajedni\u010dke ciljeve.<br \/>\nU sredi\u0161tu moraju biti majke i obitelji: porezne olak\u0161ice, stambena podr\u0161ka, usluge, roditeljski dopust, socijalna za\u0161tita i uvjeti rada kompatibilni s maj\u010dinstvom.<br \/>\nUsporedba me\u0111u europskim zemljama trebala bi postati istinska istra\u017eiva\u010dka politika: prou\u010davanje gdje je pad nataliteta manje izra\u017een, koji uvjeti ga prate i koje se mjere mogu ponoviti. Ne obe\u0107avati \u010duda, ve\u0107 u\u010diti iz rezultata.<br \/>\nJer bez obitelji nema ni radnika.<br \/>\nBez djece nema budu\u0107nosti.<br \/>\nA bez kulturnog preno\u0161enja nema identiteta.<br \/>\nSpa\u0161avanje europskog identiteta ne zna\u010di izgradnju jedinstvene Europe. To zna\u010di spa\u0161avanje izvanredne pluralnosti njezinih naroda.<br \/>\nTo zna\u010di dopustiti svakome od njih da sa\u010duva svoj jezik, povijest i tradiciju unutar zajedni\u010dkog europskog doma.<br \/>\nEuropa koja ponovno ima djecu, ponovno podu\u010dava svoju povijest i vi\u0161e ne smatra svoju kulturnu ba\u0161tinu teretom iz pro\u0161losti, bit \u0107e i Europa koja se manje boji svijeta.<br \/>\nJer oni koji imaju povjerenja u vlastiti identitet ne trebaju se bojati drugih.<br \/>\nJednostavno trebaju imati ne\u0161to vrijedno preno\u0161enja dalje.<\/p>\n<\/p>","protected":false},"excerpt":{"rendered":"<p>Europa prolazi kroz demografsku transformaciju koja se vi\u0161e ne mo\u017ee smatrati samo statisti\u010dkim pitanjem. Od 1. sije\u010dnja 2026. godine stanovni\u0161tvo Europske unije iznosilo je otprilike 452 milijuna stanovnika, \u0161to je porast od 706 000 ljudi u usporedbi s prethodnom godinom. No, iza ove naizgled pozitivne brojke krije se sasvim druga\u010dija stvarnost: 2025. godine u EU [&hellip;]<\/p>\n","protected":false},"author":93,"featured_media":62788,"comment_status":"closed","ping_status":"closed","sticky":false,"template":"","format":"standard","meta":{"footnotes":""},"categories":[1463,185],"tags":[3481,268,1406,3480],"editorial-positions":[],"regions":[],"types":[450],"class_list":["post-62996","post","type-post","status-publish","format-standard","has-post-thumbnail","hentry","category-izgradnja-konzervativne-europe","category-kultura-hr","tag-demografic-trasformation","tag-europe","tag-identity","tag-peoples","types-opinion-hr"],"yoast_head":"<!-- This site is optimized with the Yoast SEO plugin v28.0 - https:\/\/yoast.com\/product\/yoast-seo-wordpress\/ -->\n<title>Spa\u0161avanje europskog identiteta zna\u010di spa\u0161avanje identiteta njezinih naroda - The Conservative<\/title>\n<meta name=\"robots\" content=\"index, follow, max-snippet:-1, max-image-preview:large, max-video-preview:-1\" \/>\n<link rel=\"canonical\" href=\"https:\/\/www.theconservative.online\/hr\/spasavanje-europskog-identiteta-znaci-spasavanje-identiteta-njezinih-naroda\" \/>\n<meta property=\"og:locale\" content=\"hr_HR\" \/>\n<meta property=\"og:type\" content=\"article\" \/>\n<meta property=\"og:title\" content=\"Spa\u0161avanje europskog identiteta zna\u010di spa\u0161avanje identiteta njezinih naroda - The Conservative\" \/>\n<meta property=\"og:description\" content=\"Europa prolazi kroz demografsku transformaciju koja se vi\u0161e ne mo\u017ee smatrati samo statisti\u010dkim pitanjem. Od 1. sije\u010dnja 2026. godine stanovni\u0161tvo Europske unije iznosilo je otprilike 452 milijuna stanovnika, \u0161to je porast od 706 000 ljudi u usporedbi s prethodnom godinom. No, iza ove naizgled pozitivne brojke krije se sasvim druga\u010dija stvarnost: 2025. godine u EU [&hellip;]\" \/>\n<meta property=\"og:url\" content=\"https:\/\/www.theconservative.online\/hr\/spasavanje-europskog-identiteta-znaci-spasavanje-identiteta-njezinih-naroda\" \/>\n<meta property=\"og:site_name\" content=\"The Conservative\" \/>\n<meta property=\"article:published_time\" content=\"2026-08-30T12:12:50+00:00\" \/>\n<meta property=\"og:image\" content=\"https:\/\/www.theconservative.online\/wp-content\/uploads\/2026\/08\/bandiere-stati-eu.jpg\" \/>\n\t<meta property=\"og:image:width\" content=\"1024\" \/>\n\t<meta property=\"og:image:height\" content=\"1024\" \/>\n\t<meta property=\"og:image:type\" content=\"image\/jpeg\" \/>\n<meta name=\"author\" content=\"Sofia Valenti\" \/>\n<meta name=\"twitter:card\" content=\"summary_large_image\" \/>\n<meta name=\"twitter:label1\" content=\"Napisao\/la\" \/>\n\t<meta name=\"twitter:data1\" content=\"Sofia Valenti\" \/>\n\t<meta name=\"twitter:label2\" content=\"Procijenjeno vrijeme \u010ditanja\" \/>\n\t<meta name=\"twitter:data2\" content=\"7 minuta\" \/>\n<script type=\"application\/ld+json\" class=\"yoast-schema-graph\">{\"@context\":\"https:\\\/\\\/schema.org\",\"@graph\":[{\"@type\":\"Article\",\"@id\":\"https:\\\/\\\/www.theconservative.online\\\/hr\\\/spasavanje-europskog-identiteta-znaci-spasavanje-identiteta-njezinih-naroda#article\",\"isPartOf\":{\"@id\":\"https:\\\/\\\/www.theconservative.online\\\/hr\\\/spasavanje-europskog-identiteta-znaci-spasavanje-identiteta-njezinih-naroda\"},\"author\":{\"name\":\"Sofia Valenti\",\"@id\":\"https:\\\/\\\/www.theconservative.online\\\/hr#\\\/schema\\\/person\\\/ba597107f354c40637f85460639c2da8\"},\"headline\":\"Spa\u0161avanje europskog identiteta zna\u010di spa\u0161avanje identiteta njezinih naroda\",\"datePublished\":\"2026-08-30T12:12:50+00:00\",\"mainEntityOfPage\":{\"@id\":\"https:\\\/\\\/www.theconservative.online\\\/hr\\\/spasavanje-europskog-identiteta-znaci-spasavanje-identiteta-njezinih-naroda\"},\"wordCount\":1337,\"image\":{\"@id\":\"https:\\\/\\\/www.theconservative.online\\\/hr\\\/spasavanje-europskog-identiteta-znaci-spasavanje-identiteta-njezinih-naroda#primaryimage\"},\"thumbnailUrl\":\"https:\\\/\\\/www.theconservative.online\\\/wp-content\\\/uploads\\\/2026\\\/08\\\/bandiere-stati-eu.jpg\",\"keywords\":[\"demografic trasformation\",\"europe\",\"identity\",\"peoples\"],\"articleSection\":[\"Izgradnja konzervativne Europe\",\"Kultura\"],\"inLanguage\":\"hr\"},{\"@type\":\"WebPage\",\"@id\":\"https:\\\/\\\/www.theconservative.online\\\/hr\\\/spasavanje-europskog-identiteta-znaci-spasavanje-identiteta-njezinih-naroda\",\"url\":\"https:\\\/\\\/www.theconservative.online\\\/hr\\\/spasavanje-europskog-identiteta-znaci-spasavanje-identiteta-njezinih-naroda\",\"name\":\"Spa\u0161avanje europskog identiteta zna\u010di spa\u0161avanje identiteta njezinih naroda - The Conservative\",\"isPartOf\":{\"@id\":\"https:\\\/\\\/www.theconservative.online\\\/hr#website\"},\"primaryImageOfPage\":{\"@id\":\"https:\\\/\\\/www.theconservative.online\\\/hr\\\/spasavanje-europskog-identiteta-znaci-spasavanje-identiteta-njezinih-naroda#primaryimage\"},\"image\":{\"@id\":\"https:\\\/\\\/www.theconservative.online\\\/hr\\\/spasavanje-europskog-identiteta-znaci-spasavanje-identiteta-njezinih-naroda#primaryimage\"},\"thumbnailUrl\":\"https:\\\/\\\/www.theconservative.online\\\/wp-content\\\/uploads\\\/2026\\\/08\\\/bandiere-stati-eu.jpg\",\"datePublished\":\"2026-08-30T12:12:50+00:00\",\"author\":{\"@id\":\"https:\\\/\\\/www.theconservative.online\\\/hr#\\\/schema\\\/person\\\/ba597107f354c40637f85460639c2da8\"},\"breadcrumb\":{\"@id\":\"https:\\\/\\\/www.theconservative.online\\\/hr\\\/spasavanje-europskog-identiteta-znaci-spasavanje-identiteta-njezinih-naroda#breadcrumb\"},\"inLanguage\":\"hr\",\"potentialAction\":[{\"@type\":\"ReadAction\",\"target\":[\"https:\\\/\\\/www.theconservative.online\\\/hr\\\/spasavanje-europskog-identiteta-znaci-spasavanje-identiteta-njezinih-naroda\"]}]},{\"@type\":\"ImageObject\",\"inLanguage\":\"hr\",\"@id\":\"https:\\\/\\\/www.theconservative.online\\\/hr\\\/spasavanje-europskog-identiteta-znaci-spasavanje-identiteta-njezinih-naroda#primaryimage\",\"url\":\"https:\\\/\\\/www.theconservative.online\\\/wp-content\\\/uploads\\\/2026\\\/08\\\/bandiere-stati-eu.jpg\",\"contentUrl\":\"https:\\\/\\\/www.theconservative.online\\\/wp-content\\\/uploads\\\/2026\\\/08\\\/bandiere-stati-eu.jpg\",\"width\":1024,\"height\":1024},{\"@type\":\"BreadcrumbList\",\"@id\":\"https:\\\/\\\/www.theconservative.online\\\/hr\\\/spasavanje-europskog-identiteta-znaci-spasavanje-identiteta-njezinih-naroda#breadcrumb\",\"itemListElement\":[{\"@type\":\"ListItem\",\"position\":1,\"name\":\"Home\",\"item\":\"https:\\\/\\\/www.theconservative.online\\\/hr\"},{\"@type\":\"ListItem\",\"position\":2,\"name\":\"Spa\u0161avanje europskog identiteta zna\u010di spa\u0161avanje identiteta njezinih naroda\"}]},{\"@type\":\"WebSite\",\"@id\":\"https:\\\/\\\/www.theconservative.online\\\/hr#website\",\"url\":\"https:\\\/\\\/www.theconservative.online\\\/hr\",\"name\":\"The Conservative\",\"description\":\"\",\"potentialAction\":[{\"@type\":\"SearchAction\",\"target\":{\"@type\":\"EntryPoint\",\"urlTemplate\":\"https:\\\/\\\/www.theconservative.online\\\/hr?s={search_term_string}\"},\"query-input\":{\"@type\":\"PropertyValueSpecification\",\"valueRequired\":true,\"valueName\":\"search_term_string\"}}],\"inLanguage\":\"hr\"},{\"@type\":\"Person\",\"@id\":\"https:\\\/\\\/www.theconservative.online\\\/hr#\\\/schema\\\/person\\\/ba597107f354c40637f85460639c2da8\",\"name\":\"Sofia Valenti\",\"image\":{\"@type\":\"ImageObject\",\"inLanguage\":\"hr\",\"@id\":\"https:\\\/\\\/secure.gravatar.com\\\/avatar\\\/b8358b98da87b71bcc40d48623c024d8cf0e1c2986353618ef2cc48000381c12?s=96&d=mm&r=g\",\"url\":\"https:\\\/\\\/secure.gravatar.com\\\/avatar\\\/b8358b98da87b71bcc40d48623c024d8cf0e1c2986353618ef2cc48000381c12?s=96&d=mm&r=g\",\"contentUrl\":\"https:\\\/\\\/secure.gravatar.com\\\/avatar\\\/b8358b98da87b71bcc40d48623c024d8cf0e1c2986353618ef2cc48000381c12?s=96&d=mm&r=g\",\"caption\":\"Sofia Valenti\"},\"url\":\"https:\\\/\\\/www.theconservative.online\\\/hr\\\/author\\\/bellantone-euspec-2026-2027\"}]}<\/script>\n<!-- \/ Yoast SEO plugin. -->","yoast_head_json":{"title":"Spa\u0161avanje europskog identiteta zna\u010di spa\u0161avanje identiteta njezinih naroda - The Conservative","robots":{"index":"index","follow":"follow","max-snippet":"max-snippet:-1","max-image-preview":"max-image-preview:large","max-video-preview":"max-video-preview:-1"},"canonical":"https:\/\/www.theconservative.online\/hr\/spasavanje-europskog-identiteta-znaci-spasavanje-identiteta-njezinih-naroda","og_locale":"hr_HR","og_type":"article","og_title":"Spa\u0161avanje europskog identiteta zna\u010di spa\u0161avanje identiteta njezinih naroda - The Conservative","og_description":"Europa prolazi kroz demografsku transformaciju koja se vi\u0161e ne mo\u017ee smatrati samo statisti\u010dkim pitanjem. Od 1. sije\u010dnja 2026. godine stanovni\u0161tvo Europske unije iznosilo je otprilike 452 milijuna stanovnika, \u0161to je porast od 706 000 ljudi u usporedbi s prethodnom godinom. No, iza ove naizgled pozitivne brojke krije se sasvim druga\u010dija stvarnost: 2025. godine u EU [&hellip;]","og_url":"https:\/\/www.theconservative.online\/hr\/spasavanje-europskog-identiteta-znaci-spasavanje-identiteta-njezinih-naroda","og_site_name":"The Conservative","article_published_time":"2026-08-30T12:12:50+00:00","og_image":[{"width":1024,"height":1024,"url":"https:\/\/www.theconservative.online\/wp-content\/uploads\/2026\/08\/bandiere-stati-eu.jpg","type":"image\/jpeg"}],"author":"Sofia Valenti","twitter_card":"summary_large_image","twitter_misc":{"Napisao\/la":"Sofia Valenti","Procijenjeno vrijeme \u010ditanja":"7 minuta"},"schema":{"@context":"https:\/\/schema.org","@graph":[{"@type":"Article","@id":"https:\/\/www.theconservative.online\/hr\/spasavanje-europskog-identiteta-znaci-spasavanje-identiteta-njezinih-naroda#article","isPartOf":{"@id":"https:\/\/www.theconservative.online\/hr\/spasavanje-europskog-identiteta-znaci-spasavanje-identiteta-njezinih-naroda"},"author":{"name":"Sofia Valenti","@id":"https:\/\/www.theconservative.online\/hr#\/schema\/person\/ba597107f354c40637f85460639c2da8"},"headline":"Spa\u0161avanje europskog identiteta zna\u010di spa\u0161avanje identiteta njezinih naroda","datePublished":"2026-08-30T12:12:50+00:00","mainEntityOfPage":{"@id":"https:\/\/www.theconservative.online\/hr\/spasavanje-europskog-identiteta-znaci-spasavanje-identiteta-njezinih-naroda"},"wordCount":1337,"image":{"@id":"https:\/\/www.theconservative.online\/hr\/spasavanje-europskog-identiteta-znaci-spasavanje-identiteta-njezinih-naroda#primaryimage"},"thumbnailUrl":"https:\/\/www.theconservative.online\/wp-content\/uploads\/2026\/08\/bandiere-stati-eu.jpg","keywords":["demografic trasformation","europe","identity","peoples"],"articleSection":["Izgradnja konzervativne Europe","Kultura"],"inLanguage":"hr"},{"@type":"WebPage","@id":"https:\/\/www.theconservative.online\/hr\/spasavanje-europskog-identiteta-znaci-spasavanje-identiteta-njezinih-naroda","url":"https:\/\/www.theconservative.online\/hr\/spasavanje-europskog-identiteta-znaci-spasavanje-identiteta-njezinih-naroda","name":"Spa\u0161avanje europskog identiteta zna\u010di spa\u0161avanje identiteta njezinih naroda - The Conservative","isPartOf":{"@id":"https:\/\/www.theconservative.online\/hr#website"},"primaryImageOfPage":{"@id":"https:\/\/www.theconservative.online\/hr\/spasavanje-europskog-identiteta-znaci-spasavanje-identiteta-njezinih-naroda#primaryimage"},"image":{"@id":"https:\/\/www.theconservative.online\/hr\/spasavanje-europskog-identiteta-znaci-spasavanje-identiteta-njezinih-naroda#primaryimage"},"thumbnailUrl":"https:\/\/www.theconservative.online\/wp-content\/uploads\/2026\/08\/bandiere-stati-eu.jpg","datePublished":"2026-08-30T12:12:50+00:00","author":{"@id":"https:\/\/www.theconservative.online\/hr#\/schema\/person\/ba597107f354c40637f85460639c2da8"},"breadcrumb":{"@id":"https:\/\/www.theconservative.online\/hr\/spasavanje-europskog-identiteta-znaci-spasavanje-identiteta-njezinih-naroda#breadcrumb"},"inLanguage":"hr","potentialAction":[{"@type":"ReadAction","target":["https:\/\/www.theconservative.online\/hr\/spasavanje-europskog-identiteta-znaci-spasavanje-identiteta-njezinih-naroda"]}]},{"@type":"ImageObject","inLanguage":"hr","@id":"https:\/\/www.theconservative.online\/hr\/spasavanje-europskog-identiteta-znaci-spasavanje-identiteta-njezinih-naroda#primaryimage","url":"https:\/\/www.theconservative.online\/wp-content\/uploads\/2026\/08\/bandiere-stati-eu.jpg","contentUrl":"https:\/\/www.theconservative.online\/wp-content\/uploads\/2026\/08\/bandiere-stati-eu.jpg","width":1024,"height":1024},{"@type":"BreadcrumbList","@id":"https:\/\/www.theconservative.online\/hr\/spasavanje-europskog-identiteta-znaci-spasavanje-identiteta-njezinih-naroda#breadcrumb","itemListElement":[{"@type":"ListItem","position":1,"name":"Home","item":"https:\/\/www.theconservative.online\/hr"},{"@type":"ListItem","position":2,"name":"Spa\u0161avanje europskog identiteta zna\u010di spa\u0161avanje identiteta njezinih naroda"}]},{"@type":"WebSite","@id":"https:\/\/www.theconservative.online\/hr#website","url":"https:\/\/www.theconservative.online\/hr","name":"The Conservative","description":"","potentialAction":[{"@type":"SearchAction","target":{"@type":"EntryPoint","urlTemplate":"https:\/\/www.theconservative.online\/hr?s={search_term_string}"},"query-input":{"@type":"PropertyValueSpecification","valueRequired":true,"valueName":"search_term_string"}}],"inLanguage":"hr"},{"@type":"Person","@id":"https:\/\/www.theconservative.online\/hr#\/schema\/person\/ba597107f354c40637f85460639c2da8","name":"Sofia Valenti","image":{"@type":"ImageObject","inLanguage":"hr","@id":"https:\/\/secure.gravatar.com\/avatar\/b8358b98da87b71bcc40d48623c024d8cf0e1c2986353618ef2cc48000381c12?s=96&d=mm&r=g","url":"https:\/\/secure.gravatar.com\/avatar\/b8358b98da87b71bcc40d48623c024d8cf0e1c2986353618ef2cc48000381c12?s=96&d=mm&r=g","contentUrl":"https:\/\/secure.gravatar.com\/avatar\/b8358b98da87b71bcc40d48623c024d8cf0e1c2986353618ef2cc48000381c12?s=96&d=mm&r=g","caption":"Sofia Valenti"},"url":"https:\/\/www.theconservative.online\/hr\/author\/bellantone-euspec-2026-2027"}]}},"acf":[],"_links":{"self":[{"href":"https:\/\/www.theconservative.online\/hr\/wp-json\/wp\/v2\/posts\/62996","targetHints":{"allow":["GET"]}}],"collection":[{"href":"https:\/\/www.theconservative.online\/hr\/wp-json\/wp\/v2\/posts"}],"about":[{"href":"https:\/\/www.theconservative.online\/hr\/wp-json\/wp\/v2\/types\/post"}],"author":[{"embeddable":true,"href":"https:\/\/www.theconservative.online\/hr\/wp-json\/wp\/v2\/users\/93"}],"replies":[{"embeddable":true,"href":"https:\/\/www.theconservative.online\/hr\/wp-json\/wp\/v2\/comments?post=62996"}],"version-history":[{"count":0,"href":"https:\/\/www.theconservative.online\/hr\/wp-json\/wp\/v2\/posts\/62996\/revisions"}],"wp:featuredmedia":[{"embeddable":true,"href":"https:\/\/www.theconservative.online\/hr\/wp-json\/wp\/v2\/media\/62788"}],"wp:attachment":[{"href":"https:\/\/www.theconservative.online\/hr\/wp-json\/wp\/v2\/media?parent=62996"}],"wp:term":[{"taxonomy":"category","embeddable":true,"href":"https:\/\/www.theconservative.online\/hr\/wp-json\/wp\/v2\/categories?post=62996"},{"taxonomy":"post_tag","embeddable":true,"href":"https:\/\/www.theconservative.online\/hr\/wp-json\/wp\/v2\/tags?post=62996"},{"taxonomy":"editorial-positions","embeddable":true,"href":"https:\/\/www.theconservative.online\/hr\/wp-json\/wp\/v2\/editorial-positions?post=62996"},{"taxonomy":"regions","embeddable":true,"href":"https:\/\/www.theconservative.online\/hr\/wp-json\/wp\/v2\/regions?post=62996"},{"taxonomy":"types","embeddable":true,"href":"https:\/\/www.theconservative.online\/hr\/wp-json\/wp\/v2\/types?post=62996"}],"curies":[{"name":"wp","href":"https:\/\/api.w.org\/{rel}","templated":true}]}}