{"id":13122,"date":"2023-08-27T21:09:32","date_gmt":"2023-08-27T21:09:32","guid":{"rendered":"https:\/\/www.theconservative.online\/trump-accende-la-campagna-elettorale"},"modified":"2023-08-27T21:09:32","modified_gmt":"2023-08-27T21:09:32","slug":"trump-accende-la-campagna-elettorale","status":"publish","type":"post","link":"https:\/\/www.theconservative.online\/it\/trump-accende-la-campagna-elettorale","title":{"rendered":"Trump accende la campagna elettorale"},"content":{"rendered":"<p>Donald Trump \u00e8 tornato su X (ex Twitter) nel giro di pochi giorni e ha vinto il primo dibattito tra i candidati repubblicani in vista delle elezioni presidenziali del 2024 negli Stati Uniti. Ha vinto nonostante non abbia partecipato. Come \u00e8 possibile?<\/p>\n<p>La sua arma migliore sono le vicende giudiziarie di cui \u00e8 protagonista. Donald J. Trump \u00e8 stato formalmente arrestato e trattenuto per alcuni minuti nella contea di Fulton, in Georgia. Tredici capi d&#8217;accusa contro di lui da parte del Procuratore di Stato. Si \u00e8 presentato in Georgia per il suo quarto rinvio a giudizio, presentato dal procuratore distrettuale Fani Taifa Willis, un magistrato vicino al Partito Democratico americano. L&#8217;accusa \u00e8 di aver cercato di sovvertire in Georgia il risultato elettorale delle elezioni presidenziali del 2020. Altre 18 persone sono sotto accusa, tra cui Rudolph Giuliani, ex sindaco di New York e avvocato di Trump, e Mark Meadows, ex capo dello staff della Casa Bianca. Come detto, il fermo \u00e8 durato pochi minuti.<\/p><div class='related_content'><span>RELATED<\/span><ul><li><a href='https:\/\/www.theconservative.online\/it\/le-tensioni-sulla-democrazia'>Le tensioni sulla democrazia<\/li><\/a><li><a href='https:\/\/www.theconservative.online\/it\/un-debutto-militare-per-la-polonia'>Un debutto militare per la Polonia<\/li><\/a><li><a href='https:\/\/www.theconservative.online\/it\/leuropa-dopo-orban-perche-il-cambiamento-politico-dellungheria-potrebbe-ridefinire-lallargamento-dellue'>L&#8217;Europa dopo Orb\u00e1n: Perch\u00e9 il cambiamento politico dell&#8217;Ungheria potrebbe ridefinire l&#8217;allargamento dell&#8217;UE<\/li><\/a><\/ul><\/div>\n<p>Giusto il tempo di pagare la cauzione di 200.000 dollari. &#8220;\u00c8 una parodia della giustizia. Non abbiamo fatto nulla di male. Io non ho fatto nulla di male&#8221;, sono state le parole del magnate rivolte ai giornalisti presenti fuori dal carcere. E questo era il modo migliore per tornare a X.<\/p>\n<p>Il magnate, infatti, ha pubblicato poco dopo la foto segnaletica fatta dalla polizia. Un metro e novanta di altezza per 97 chili e mezzo di peso. Occhi azzurri e capelli &#8220;biondi o biondo fragola&#8221;: \u00e8 la descrizione del detenuto P01135809, ovvero l&#8217;ex presidente degli Stati Uniti Donald Trump. Con la foto ha scritto: &#8220;Interferenze elettorali. Mai arrendersi&#8221;. Mai nella storia un presidente (o ex presidente) degli Stati Uniti d&#8217;America era stato immortalato in una foto di riconoscimento da un corpo di polizia. Donald J. Trump ha deciso di approfittare della situazione per tornare sulla piattaforma in grande stile, dopo l&#8217;assalto a Capitol Hill il suo account era stato bannato. Inoltre, \u00e8 riuscito a fare campagna elettorale gratuitamente. In due giorni il post ha ottenuto: 247 milioni di visualizzazioni, 361 mila retweet, 1,6 milioni di like. Tra coloro che hanno retwittato la foto c&#8217;\u00e8 anche Elon Musk, proprietario della piattaforma sociale, che ha scritto nella didascalia: &#8220;Di livello superiore&#8221;. Ed \u00e8 proprio su X che l&#8217;ex presidente degli Stati Uniti d&#8217;America ha vinto il dibattito tra gli 8 candidati senza nemmeno partecipare. Trump ha deliberatamente boicottato il confronto con i repubblicani. Piuttosto, ha preferito essere intervistato da Tucker Carlson, un ex commentatore conservatore di Fox News.<\/p>\n<p>L&#8217;intervista \u00e8 stata pubblicata su X e dura 46 minuti. In pochi giorni ha ottenuto 260 milioni di visualizzazioni, 227 mila retweet e 900 mila like. Numeri molto pi\u00f9 alti di qualsiasi altra serie televisiva. Secondo vari sondaggi, Trump ha il 60% degli elettori repubblicani a suo favore. Subito dietro Ron Desantis, governatore della Florida, che per\u00f2 non \u00e8 sembrato particolarmente in forma durante l&#8217;ultimo dibattito a differenza di Mike Pence, ex vicepresidente e Nikki Haley, ex ambasciatrice all&#8217;ONU. Solo il tempo e l&#8217;inasprimento della campagna elettorale sapranno chi \u00e8 davvero, se c&#8217;\u00e8, l&#8217;antagonista elettorale del tyccon. Ci\u00f2 che emerge dal dibattito svoltosi a Milwaukee, oltre a diversi attacchi al presidente in carica Joe Biden e alla sua politica economica considerata da tutti dannosa, \u00e8 la stessa visione sulla Cina, definita il &#8220;vero grande nemico&#8221;.<\/p>\n<p>Anche sulla possibilit\u00e0 di sostenere Trump in caso di condanna, 6 candidati repubblicani su 8 hanno detto di s\u00ec. Hutchinson e Christie sono quelli che non lo sosterrebbero. Tutto questo, per\u00f2, sembra interessare meno di zero al 45\u00b0 Presidente degli Stati Uniti d&#8217;America visto che durante l&#8217;intervista con Carlson ha commentato cos\u00ec il dibattito: &#8220;Non dovrebbero nemmeno candidarsi alla presidenza&#8221;.<\/p>\n<\/p>","protected":false},"excerpt":{"rendered":"<p>Donald Trump \u00e8 tornato su X (ex Twitter) nel giro di pochi giorni e ha vinto il primo dibattito tra i candidati repubblicani in vista delle elezioni presidenziali del 2024 negli Stati Uniti. Ha vinto nonostante non abbia partecipato. Come \u00e8 possibile? La sua arma migliore sono le vicende giudiziarie di cui \u00e8 protagonista. Donald [&hellip;]<\/p>\n","protected":false},"author":17,"featured_media":7377,"comment_status":"open","ping_status":"open","sticky":false,"template":"","format":"standard","meta":{"footnotes":""},"categories":[162],"tags":[689,646,709],"editorial-positions":[],"regions":[340],"types":[420],"class_list":["post-13122","post","type-post","status-publish","format-standard","has-post-thumbnail","hentry","category-politica-it","tag-elections","tag-donald-trump","tag-united-states-of-america","regions-northern-europe-it","types-news-it"],"yoast_head":"<!-- This site is optimized with the Yoast SEO plugin v28.0 - https:\/\/yoast.com\/product\/yoast-seo-wordpress\/ -->\n<title>Trump accende la campagna elettorale - The Conservative<\/title>\n<meta name=\"robots\" content=\"index, follow, max-snippet:-1, max-image-preview:large, max-video-preview:-1\" \/>\n<link rel=\"canonical\" href=\"https:\/\/www.theconservative.online\/it\/trump-accende-la-campagna-elettorale\" \/>\n<meta property=\"og:locale\" content=\"it_IT\" \/>\n<meta property=\"og:type\" content=\"article\" \/>\n<meta property=\"og:title\" content=\"Trump accende la campagna elettorale - The Conservative\" \/>\n<meta property=\"og:description\" content=\"Donald Trump \u00e8 tornato su X (ex Twitter) nel giro di pochi giorni e ha vinto il primo dibattito tra i candidati repubblicani in vista delle elezioni presidenziali del 2024 negli Stati Uniti. Ha vinto nonostante non abbia partecipato. Come \u00e8 possibile? La sua arma migliore sono le vicende giudiziarie di cui \u00e8 protagonista. Donald [&hellip;]\" \/>\n<meta property=\"og:url\" content=\"https:\/\/www.theconservative.online\/it\/trump-accende-la-campagna-elettorale\" \/>\n<meta property=\"og:site_name\" content=\"The Conservative\" \/>\n<meta property=\"article:published_time\" content=\"2023-08-27T21:09:32+00:00\" \/>\n<meta property=\"og:image\" content=\"https:\/\/www.theconservative.online\/wp-content\/uploads\/2023\/02\/cpac1-copy.jpg\" \/>\n\t<meta property=\"og:image:width\" content=\"2466\" \/>\n\t<meta property=\"og:image:height\" content=\"1592\" \/>\n\t<meta property=\"og:image:type\" content=\"image\/jpeg\" \/>\n<meta name=\"author\" content=\"Alessandro Imperiali\" \/>\n<meta name=\"twitter:card\" content=\"summary_large_image\" \/>\n<meta name=\"twitter:label1\" content=\"Scritto da\" \/>\n\t<meta name=\"twitter:data1\" content=\"Alessandro Imperiali\" \/>\n\t<meta name=\"twitter:label2\" content=\"Tempo di lettura stimato\" \/>\n\t<meta name=\"twitter:data2\" content=\"3 minuti\" \/>\n<script type=\"application\/ld+json\" class=\"yoast-schema-graph\">{\"@context\":\"https:\\\/\\\/schema.org\",\"@graph\":[{\"@type\":\"Article\",\"@id\":\"https:\\\/\\\/www.theconservative.online\\\/it\\\/trump-accende-la-campagna-elettorale#article\",\"isPartOf\":{\"@id\":\"https:\\\/\\\/www.theconservative.online\\\/it\\\/trump-accende-la-campagna-elettorale\"},\"author\":{\"name\":\"Alessandro Imperiali\",\"@id\":\"https:\\\/\\\/www.theconservative.online\\\/it#\\\/schema\\\/person\\\/ec5124c7465d95b1145434fd45a67e41\"},\"headline\":\"Trump accende la campagna elettorale\",\"datePublished\":\"2023-08-27T21:09:32+00:00\",\"mainEntityOfPage\":{\"@id\":\"https:\\\/\\\/www.theconservative.online\\\/it\\\/trump-accende-la-campagna-elettorale\"},\"wordCount\":602,\"commentCount\":0,\"image\":{\"@id\":\"https:\\\/\\\/www.theconservative.online\\\/it\\\/trump-accende-la-campagna-elettorale#primaryimage\"},\"thumbnailUrl\":\"https:\\\/\\\/www.theconservative.online\\\/wp-content\\\/uploads\\\/2023\\\/02\\\/cpac1-copy.jpg\",\"keywords\":[\"#elections\",\"Donald Trump\",\"United States of America\"],\"articleSection\":[\"Politica\"],\"inLanguage\":\"it-IT\",\"potentialAction\":[{\"@type\":\"CommentAction\",\"name\":\"Comment\",\"target\":[\"https:\\\/\\\/www.theconservative.online\\\/it\\\/trump-accende-la-campagna-elettorale#respond\"]}]},{\"@type\":\"WebPage\",\"@id\":\"https:\\\/\\\/www.theconservative.online\\\/it\\\/trump-accende-la-campagna-elettorale\",\"url\":\"https:\\\/\\\/www.theconservative.online\\\/it\\\/trump-accende-la-campagna-elettorale\",\"name\":\"Trump accende la campagna elettorale - The Conservative\",\"isPartOf\":{\"@id\":\"https:\\\/\\\/www.theconservative.online\\\/it#website\"},\"primaryImageOfPage\":{\"@id\":\"https:\\\/\\\/www.theconservative.online\\\/it\\\/trump-accende-la-campagna-elettorale#primaryimage\"},\"image\":{\"@id\":\"https:\\\/\\\/www.theconservative.online\\\/it\\\/trump-accende-la-campagna-elettorale#primaryimage\"},\"thumbnailUrl\":\"https:\\\/\\\/www.theconservative.online\\\/wp-content\\\/uploads\\\/2023\\\/02\\\/cpac1-copy.jpg\",\"datePublished\":\"2023-08-27T21:09:32+00:00\",\"author\":{\"@id\":\"https:\\\/\\\/www.theconservative.online\\\/it#\\\/schema\\\/person\\\/ec5124c7465d95b1145434fd45a67e41\"},\"breadcrumb\":{\"@id\":\"https:\\\/\\\/www.theconservative.online\\\/it\\\/trump-accende-la-campagna-elettorale#breadcrumb\"},\"inLanguage\":\"it-IT\",\"potentialAction\":[{\"@type\":\"ReadAction\",\"target\":[\"https:\\\/\\\/www.theconservative.online\\\/it\\\/trump-accende-la-campagna-elettorale\"]}]},{\"@type\":\"ImageObject\",\"inLanguage\":\"it-IT\",\"@id\":\"https:\\\/\\\/www.theconservative.online\\\/it\\\/trump-accende-la-campagna-elettorale#primaryimage\",\"url\":\"https:\\\/\\\/www.theconservative.online\\\/wp-content\\\/uploads\\\/2023\\\/02\\\/cpac1-copy.jpg\",\"contentUrl\":\"https:\\\/\\\/www.theconservative.online\\\/wp-content\\\/uploads\\\/2023\\\/02\\\/cpac1-copy.jpg\",\"width\":2466,\"height\":1592},{\"@type\":\"BreadcrumbList\",\"@id\":\"https:\\\/\\\/www.theconservative.online\\\/it\\\/trump-accende-la-campagna-elettorale#breadcrumb\",\"itemListElement\":[{\"@type\":\"ListItem\",\"position\":1,\"name\":\"Home\",\"item\":\"https:\\\/\\\/www.theconservative.online\\\/it\"},{\"@type\":\"ListItem\",\"position\":2,\"name\":\"Trump accende la campagna elettorale\"}]},{\"@type\":\"WebSite\",\"@id\":\"https:\\\/\\\/www.theconservative.online\\\/it#website\",\"url\":\"https:\\\/\\\/www.theconservative.online\\\/it\",\"name\":\"The Conservative\",\"description\":\"\",\"potentialAction\":[{\"@type\":\"SearchAction\",\"target\":{\"@type\":\"EntryPoint\",\"urlTemplate\":\"https:\\\/\\\/www.theconservative.online\\\/it?s={search_term_string}\"},\"query-input\":{\"@type\":\"PropertyValueSpecification\",\"valueRequired\":true,\"valueName\":\"search_term_string\"}}],\"inLanguage\":\"it-IT\"},{\"@type\":\"Person\",\"@id\":\"https:\\\/\\\/www.theconservative.online\\\/it#\\\/schema\\\/person\\\/ec5124c7465d95b1145434fd45a67e41\",\"name\":\"Alessandro Imperiali\",\"image\":{\"@type\":\"ImageObject\",\"inLanguage\":\"it-IT\",\"@id\":\"https:\\\/\\\/secure.gravatar.com\\\/avatar\\\/a9cc8d83038211eb892aa5524e3db0ce40b0c07efcfb877a2a8bb07f9f7d8c40?s=96&d=mm&r=g\",\"url\":\"https:\\\/\\\/secure.gravatar.com\\\/avatar\\\/a9cc8d83038211eb892aa5524e3db0ce40b0c07efcfb877a2a8bb07f9f7d8c40?s=96&d=mm&r=g\",\"contentUrl\":\"https:\\\/\\\/secure.gravatar.com\\\/avatar\\\/a9cc8d83038211eb892aa5524e3db0ce40b0c07efcfb877a2a8bb07f9f7d8c40?s=96&d=mm&r=g\",\"caption\":\"Alessandro Imperiali\"},\"url\":\"https:\\\/\\\/www.theconservative.online\\\/it\\\/author\\\/imperiali-euaff\"}]}<\/script>\n<!-- \/ Yoast SEO plugin. -->","yoast_head_json":{"title":"Trump accende la campagna elettorale - The Conservative","robots":{"index":"index","follow":"follow","max-snippet":"max-snippet:-1","max-image-preview":"max-image-preview:large","max-video-preview":"max-video-preview:-1"},"canonical":"https:\/\/www.theconservative.online\/it\/trump-accende-la-campagna-elettorale","og_locale":"it_IT","og_type":"article","og_title":"Trump accende la campagna elettorale - The Conservative","og_description":"Donald Trump \u00e8 tornato su X (ex Twitter) nel giro di pochi giorni e ha vinto il primo dibattito tra i candidati repubblicani in vista delle elezioni presidenziali del 2024 negli Stati Uniti. Ha vinto nonostante non abbia partecipato. Come \u00e8 possibile? La sua arma migliore sono le vicende giudiziarie di cui \u00e8 protagonista. Donald [&hellip;]","og_url":"https:\/\/www.theconservative.online\/it\/trump-accende-la-campagna-elettorale","og_site_name":"The Conservative","article_published_time":"2023-08-27T21:09:32+00:00","og_image":[{"width":2466,"height":1592,"url":"https:\/\/www.theconservative.online\/wp-content\/uploads\/2023\/02\/cpac1-copy.jpg","type":"image\/jpeg"}],"author":"Alessandro Imperiali","twitter_card":"summary_large_image","twitter_misc":{"Scritto da":"Alessandro Imperiali","Tempo di lettura stimato":"3 minuti"},"schema":{"@context":"https:\/\/schema.org","@graph":[{"@type":"Article","@id":"https:\/\/www.theconservative.online\/it\/trump-accende-la-campagna-elettorale#article","isPartOf":{"@id":"https:\/\/www.theconservative.online\/it\/trump-accende-la-campagna-elettorale"},"author":{"name":"Alessandro Imperiali","@id":"https:\/\/www.theconservative.online\/it#\/schema\/person\/ec5124c7465d95b1145434fd45a67e41"},"headline":"Trump accende la campagna elettorale","datePublished":"2023-08-27T21:09:32+00:00","mainEntityOfPage":{"@id":"https:\/\/www.theconservative.online\/it\/trump-accende-la-campagna-elettorale"},"wordCount":602,"commentCount":0,"image":{"@id":"https:\/\/www.theconservative.online\/it\/trump-accende-la-campagna-elettorale#primaryimage"},"thumbnailUrl":"https:\/\/www.theconservative.online\/wp-content\/uploads\/2023\/02\/cpac1-copy.jpg","keywords":["#elections","Donald Trump","United States of America"],"articleSection":["Politica"],"inLanguage":"it-IT","potentialAction":[{"@type":"CommentAction","name":"Comment","target":["https:\/\/www.theconservative.online\/it\/trump-accende-la-campagna-elettorale#respond"]}]},{"@type":"WebPage","@id":"https:\/\/www.theconservative.online\/it\/trump-accende-la-campagna-elettorale","url":"https:\/\/www.theconservative.online\/it\/trump-accende-la-campagna-elettorale","name":"Trump accende la campagna elettorale - The Conservative","isPartOf":{"@id":"https:\/\/www.theconservative.online\/it#website"},"primaryImageOfPage":{"@id":"https:\/\/www.theconservative.online\/it\/trump-accende-la-campagna-elettorale#primaryimage"},"image":{"@id":"https:\/\/www.theconservative.online\/it\/trump-accende-la-campagna-elettorale#primaryimage"},"thumbnailUrl":"https:\/\/www.theconservative.online\/wp-content\/uploads\/2023\/02\/cpac1-copy.jpg","datePublished":"2023-08-27T21:09:32+00:00","author":{"@id":"https:\/\/www.theconservative.online\/it#\/schema\/person\/ec5124c7465d95b1145434fd45a67e41"},"breadcrumb":{"@id":"https:\/\/www.theconservative.online\/it\/trump-accende-la-campagna-elettorale#breadcrumb"},"inLanguage":"it-IT","potentialAction":[{"@type":"ReadAction","target":["https:\/\/www.theconservative.online\/it\/trump-accende-la-campagna-elettorale"]}]},{"@type":"ImageObject","inLanguage":"it-IT","@id":"https:\/\/www.theconservative.online\/it\/trump-accende-la-campagna-elettorale#primaryimage","url":"https:\/\/www.theconservative.online\/wp-content\/uploads\/2023\/02\/cpac1-copy.jpg","contentUrl":"https:\/\/www.theconservative.online\/wp-content\/uploads\/2023\/02\/cpac1-copy.jpg","width":2466,"height":1592},{"@type":"BreadcrumbList","@id":"https:\/\/www.theconservative.online\/it\/trump-accende-la-campagna-elettorale#breadcrumb","itemListElement":[{"@type":"ListItem","position":1,"name":"Home","item":"https:\/\/www.theconservative.online\/it"},{"@type":"ListItem","position":2,"name":"Trump accende la campagna elettorale"}]},{"@type":"WebSite","@id":"https:\/\/www.theconservative.online\/it#website","url":"https:\/\/www.theconservative.online\/it","name":"The Conservative","description":"","potentialAction":[{"@type":"SearchAction","target":{"@type":"EntryPoint","urlTemplate":"https:\/\/www.theconservative.online\/it?s={search_term_string}"},"query-input":{"@type":"PropertyValueSpecification","valueRequired":true,"valueName":"search_term_string"}}],"inLanguage":"it-IT"},{"@type":"Person","@id":"https:\/\/www.theconservative.online\/it#\/schema\/person\/ec5124c7465d95b1145434fd45a67e41","name":"Alessandro Imperiali","image":{"@type":"ImageObject","inLanguage":"it-IT","@id":"https:\/\/secure.gravatar.com\/avatar\/a9cc8d83038211eb892aa5524e3db0ce40b0c07efcfb877a2a8bb07f9f7d8c40?s=96&d=mm&r=g","url":"https:\/\/secure.gravatar.com\/avatar\/a9cc8d83038211eb892aa5524e3db0ce40b0c07efcfb877a2a8bb07f9f7d8c40?s=96&d=mm&r=g","contentUrl":"https:\/\/secure.gravatar.com\/avatar\/a9cc8d83038211eb892aa5524e3db0ce40b0c07efcfb877a2a8bb07f9f7d8c40?s=96&d=mm&r=g","caption":"Alessandro Imperiali"},"url":"https:\/\/www.theconservative.online\/it\/author\/imperiali-euaff"}]}},"acf":[],"_links":{"self":[{"href":"https:\/\/www.theconservative.online\/it\/wp-json\/wp\/v2\/posts\/13122","targetHints":{"allow":["GET"]}}],"collection":[{"href":"https:\/\/www.theconservative.online\/it\/wp-json\/wp\/v2\/posts"}],"about":[{"href":"https:\/\/www.theconservative.online\/it\/wp-json\/wp\/v2\/types\/post"}],"author":[{"embeddable":true,"href":"https:\/\/www.theconservative.online\/it\/wp-json\/wp\/v2\/users\/17"}],"replies":[{"embeddable":true,"href":"https:\/\/www.theconservative.online\/it\/wp-json\/wp\/v2\/comments?post=13122"}],"version-history":[{"count":0,"href":"https:\/\/www.theconservative.online\/it\/wp-json\/wp\/v2\/posts\/13122\/revisions"}],"wp:featuredmedia":[{"embeddable":true,"href":"https:\/\/www.theconservative.online\/it\/wp-json\/wp\/v2\/media\/7377"}],"wp:attachment":[{"href":"https:\/\/www.theconservative.online\/it\/wp-json\/wp\/v2\/media?parent=13122"}],"wp:term":[{"taxonomy":"category","embeddable":true,"href":"https:\/\/www.theconservative.online\/it\/wp-json\/wp\/v2\/categories?post=13122"},{"taxonomy":"post_tag","embeddable":true,"href":"https:\/\/www.theconservative.online\/it\/wp-json\/wp\/v2\/tags?post=13122"},{"taxonomy":"editorial-positions","embeddable":true,"href":"https:\/\/www.theconservative.online\/it\/wp-json\/wp\/v2\/editorial-positions?post=13122"},{"taxonomy":"regions","embeddable":true,"href":"https:\/\/www.theconservative.online\/it\/wp-json\/wp\/v2\/regions?post=13122"},{"taxonomy":"types","embeddable":true,"href":"https:\/\/www.theconservative.online\/it\/wp-json\/wp\/v2\/types?post=13122"}],"curies":[{"name":"wp","href":"https:\/\/api.w.org\/{rel}","templated":true}]}}