{"id":62417,"date":"2026-08-06T04:57:15","date_gmt":"2026-08-06T04:57:15","guid":{"rendered":"https:\/\/www.theconservative.online\/merz-non-puo-contare-sulla-presidenza-irlandese-del-consiglio-per-i-tagli-al-bilancio"},"modified":"2026-08-06T04:57:15","modified_gmt":"2026-08-06T04:57:15","slug":"merz-non-puo-contare-sulla-presidenza-irlandese-del-consiglio-per-i-tagli-al-bilancio","status":"publish","type":"post","link":"https:\/\/www.theconservative.online\/it\/merz-non-puo-contare-sulla-presidenza-irlandese-del-consiglio-per-i-tagli-al-bilancio","title":{"rendered":"Merz non pu\u00f2 contare sulla presidenza irlandese del Consiglio per i tagli al bilancio"},"content":{"rendered":"<p>Il 28 luglio il cancelliere tedesco Friedrich Merz ha incontrato il Taoiseach Micheal Martin per esortarlo a sostenere i tagli al bilancio della Germania e la sua recente svolta scettica nei confronti di Bruxelles. Nel comunicato stampa rilasciato da Martin quel giorno, <a href=\"https:\/\/www.gov.ie\/en\/department-of-the-taoiseach\/press-releases\/taoiseach-to-meet-german-chancellor-friedrich-merz-in-dublin-on-the-28-july-2026\/\">ha esordito<\/a> esprimendo \u00abla solidariet\u00e0 del popolo irlandese alle vittime del terribile attentato alla parata del Pride a Berlino dello scorso fine settimana. L\u2019Unione Europea \u00e8 una comunit\u00e0 di valori\u2026\u00bb. Pur essendo stato giustamente condannato dai leader di tutto il blocco, l\u2019attacco \u00e8 solo l\u2019ultima di una serie di tragedie legate alla criminalit\u00e0 dei migranti che ormai sono diventate la norma nella societ\u00e0 europea \u2014 una tendenza su cui il governo di Martin ha cercato per anni di nascondere le informazioni in Irlanda. Questa arroganza, da parte di un leader filomigrazione come Martin che commenta un attacco commesso da un migrante con un leader della CDU che sta rapidamente virando a destra sulla politica migratoria, \u00e8 emblematica dell\u2019incontro che ha avuto luogo. <\/p>\n<p>Il Taoiseach potrebbe provare a presentarsi come un mediatore imparziale durante la presidenza irlandese del Consiglio e dire di ascoltare attentamente le preoccupazioni del Cancelliere Merz, ma non potrebbe esserci nulla di pi\u00f9 lontano dalla verit\u00e0. L\u2019incontro di Martin con l\u2019impopolare Cancelliere \u00e8 stato un imbarazzo diplomatico. Invece di affrontare la preoccupazione principale di Merz \u2014 ovvero che la Commissione europea stia assumendo troppi funzionari, spendendo troppo e che il prossimo quadro finanziario pluriennale per il periodo 2028-2034 sar\u00e0 negoziato proprio durante la presidenza irlandese del Consiglio.<\/p>\n<p>Anzi, il governo irlandese \u00e8 stato travolto dal clamore mediatico e da una finta preoccupazione per un attivista, Daniel Tatlow-Devally, e dai timori che sia detenuto in condizioni precarie. Il Taoiseach ha dichiarato di aver sollevato la questione direttamente con la Cancelliera tedesca, e la ministra degli Affari esteri Helen McEntee ha confermato che il suo ministero ha fatto lo stesso. Tutto questo mentre i media irlandesi dipingono Tatlow-Devally come vittima di un processo farsa e i politici di sinistra sostengono che venga trattato in modo disumano. La classe politica irlandese non si rende minimamente conto dell\u2019ironia della situazione: questo tipo di comportamento \u00e8 un vero e proprio imbarazzo a livello internazionale. Comportarsi come se la Germania \u2014 un altro Stato membro dell\u2019UE e una nazione ricca e sviluppata \u2014 riservasse a un detenuto irlandese un trattamento inutilmente severo \u00e8 un grave danno per le relazioni tedesco-irlandesi, proprio perch\u00e9 i politici irlandesi si comportano come se il sistema giudiziario tedesco fosse incivile e ingiusto.<\/p>\n<p>Per non parlare del fatto che Tatlow-Devally fa parte dei cosiddetti \u201cUlm 5\u201d, come li chiamano i media, ed \u00e8 attualmente sotto processo a Stoccarda dopo essere stato arrestato dalla polizia l\u2019anno scorso per aver danneggiato un ufficio di un\u2019azienda nota per fornire sistemi d\u2019arma a Israele. Si dice che faccia parte di Palestine Action, che sia considerata un\u2019organizzazione criminale sia in Gran Bretagna che in Germania. Il sistema politico irlandese \u00e8 talmente assurdo che il deputato del governo Barry Ward  <a href=\"https:\/\/www.thejournal.ie\/micheal-martin-friedrich-merz-7115132-Jul2026\/\">visitato<\/a>  il cittadino irlandese imputato, insieme a diversi deputati dell&#8217;opposizione di sinistra, e ha condiviso la loro opinione secondo cui Tatlow-Devally \u00e8 oggetto di un processo farsa.<\/p>\n<p>Purtroppo, Merz ha cercato di lusingare il Taoiseach dicendo di essere sicuro che Martin avrebbe avanzato una proposta realistica durante la presidenza irlandese del Consiglio. Martin \u00e8 noto per essere tutt\u2019altro che realista nella sua agenda di politica interna. Il Taoiseach, come i suoi colleghi, tende a commettere gaffe diplomatiche e mostra una notevole mancanza di consapevolezza della situazione. Per questo motivo, non sorprende che Martin abbia fatto la predica sul tema di Israele al Cancelliere tedesco. Ci\u00f2 che \u00e8 ancora pi\u00f9 strano \u00e8 la domanda: cosa si aspettava mai che Merz rispondesse? La Germania, a causa della sua buia storia del XX secolo, ha un rapporto speciale con Israele che tutti i ragazzi delle scuole secondarie irlandesi conoscono grazie al nostro programma di storia. Eppure il Taoiseach, ex preside e insegnante, ha pensato che fosse una cosa appropriata da dire? La classe politica irlandese si aspetta forse che il Cancelliere tedesco si sacrifichi e dichiari che la sua magistratura non \u00e8 indipendente dalla politica nazionale? Sarebbe assurdo, ma eccoci qui comunque.<\/p>\n<p>L\u2019incontro di Merz con il Taoiseach non \u00e8 stato solo un disastro dal punto di vista politico, ma \u00e8 stato anche organizzato in modo ridicolmente scadente. Il budget dell\u2019Irlanda per la presidenza del Consiglio europeo \u00e8 fissato a quasi 300 milioni di euro, mentre quello di Cipro per la presidenza di quest\u2019anno era di poco inferiore ai 100 milioni. Verrebbe da pensare che, visto che Dublino ha stanziato una cifra cos\u00ec alta, il programma logistico sarebbe stato ben organizzato\u2026 ma niente affatto!<\/p>\n<p>Con quel caldo estivo irlandese intorno ai 20 gradi Celsius, il Taoiseach non \u00e8 riuscito a capire il discorso del suo omologo tedesco alla stampa irlandese e internazionale. Perch\u00e9? Perch\u00e9 le sue cuffie per la traduzione non funzionavano, e lo stesso valeva per i giornalisti presenti alla conferenza stampa. Di conseguenza, il pubblico si \u00e8 chiesto: che senso ha avuto tutto questo incontro? Per quanto ne sappia la gente, il nostro Taoiseach non parla altre lingue oltre all\u2019inglese e all\u2019irlandese. Quindi lui, in quanto cosiddetto \u201cbuon europeo\u201d, \u00e8 davvero qualificato per guidare la presidenza irlandese del Consiglio in un periodo in cui la cooperazione europea \u00e8 pi\u00f9 importante che mai? La risposta \u00e8 ovviamente no. Ma questo non impedir\u00e0 a degli idioti incompetenti come il preside irlandese Martin di fingere di essere adatti a guidare la politica europea del Paese.<\/p>\n<p>\u00c8 davvero preoccupante che il Taoiseach irlandese non sappia nemmeno una parola della lingua parlata dalla Cancelliera tedesca. Soprattutto in un periodo come questo, in cui l\u2019Irlanda \u00e8 sotto i riflettori internazionali. Dobbiamo presiedere il Consiglio dell\u2019Unione Europea. Mentre i politici del continente hanno imparato l\u2019inglese, il francese o il tedesco per facilitare la comunicazione con gli altri leader, il fatto che il capo di Stato della Repubblica d\u2019Irlanda trascuri completamente di acquisire una competenza in una lingua fondamentale dell\u2019Unione Europea come il tedesco \u00e8 una vergogna. Soprattutto se si considerano i profondi legami storici e culturali tra Germania e Irlanda, che risalgono a secoli prima dell\u2019indipendenza irlandese o addirittura dell\u2019unificazione tedesca sotto Bismarck.<\/p>\n<p>\u00c8 una vergogna e mette a nudo tutta la farsa della classe politica irlandese. Anche se fingono di avere una visione europea, non hanno n\u00e9 l\u2019impegno personale n\u00e9 le conoscenze necessarie per sostenere le loro affermazioni, nemmeno su aspetti fondamentali come le competenze linguistiche.<\/p>\n<p>La cosa ancora pi\u00f9 spregevole \u00e8 che il tradimento da parte dell\u2019Irlanda dei ragionevoli tagli al bilancio europeo proposti da Merz arrivi proprio nel bel mezzo dello scandalo Aughinish Alumina. La Germania, guidata da Merz, ha chiesto dei colloqui privati, eppure questo ramoscello d\u2019ulivo offerto da un importante Stato membro dell\u2019UE \u00e8 stato rifiutato in nome della tutela dei cittadini irlandesi che, giustamente, sono sotto processo per presunti reati che avrebbero commesso. Si potrebbe sperare che, dopo questa sessione della presidenza del Consiglio, l\u2019Europa impari la lezione: i leader politici irlandesi sono assolutamente inutili e incapaci di esercitare il proprio potere politico.<\/p>\n<p>\u00c8 una vera macchia sulla reputazione diplomatica dell\u2019Irlanda all\u2019interno dell\u2019Unione Europea che l\u2019organizzazione logistica del Paese per organizzare un incontro con un leader straniero sia cos\u00ec scadente da non far funzionare nemmeno le cuffie per la traduzione. \u00c8 ancora peggio che politici sciatti come Martin siano a capo dell\u2019amministrazione politica di uno Stato sovrano. Comunque sia, purtroppo \u00e8 chiarissimo a tutti i coinvolti che la Repubblica d\u2019Irlanda non sia in grado di osservare le elementari regole di cortesia diplomatica tra i vertici governativi senza fare la predica sui loro presunti fallimenti morali. Il giorno in cui questa tendenza finir\u00e0 potrebbe essere ancora lontano all\u2019orizzonte, ma non arriver\u00e0 mai abbastanza presto. A questo punto, \u00e8 nell\u2019interesse nazionale della Repubblica d\u2019Irlanda indire elezioni generali che possano porre fine alla morsa del centro politico sulla vita politica del Paese.<\/p>\n","protected":false},"excerpt":{"rendered":"<p>Il 28 luglio il cancelliere tedesco Friedrich Merz ha incontrato il Taoiseach Micheal Martin per esortarlo a sostenere i tagli al bilancio della Germania e la sua recente svolta scettica nei confronti di Bruxelles. Nel comunicato stampa rilasciato da Martin quel giorno, ha esordito esprimendo \u00abla solidariet\u00e0 del popolo irlandese alle vittime del terribile attentato [&hellip;]<\/p>\n","protected":false},"author":77,"featured_media":40384,"comment_status":"closed","ping_status":"closed","sticky":false,"template":"","format":"standard","meta":{"footnotes":""},"categories":[162],"tags":[],"editorial-positions":[],"regions":[],"types":[451],"class_list":["post-62417","post","type-post","status-publish","format-standard","has-post-thumbnail","hentry","category-politica-it","types-opinion-it"],"yoast_head":"<!-- This site is optimized with the Yoast SEO plugin v28.0 - https:\/\/yoast.com\/product\/yoast-seo-wordpress\/ -->\n<title>Merz non pu\u00f2 contare sulla presidenza irlandese del Consiglio per i tagli al bilancio - The Conservative<\/title>\n<meta name=\"robots\" content=\"index, follow, max-snippet:-1, max-image-preview:large, max-video-preview:-1\" \/>\n<link rel=\"canonical\" href=\"https:\/\/www.theconservative.online\/it\/merz-non-puo-contare-sulla-presidenza-irlandese-del-consiglio-per-i-tagli-al-bilancio\" \/>\n<meta property=\"og:locale\" content=\"it_IT\" \/>\n<meta property=\"og:type\" content=\"article\" \/>\n<meta property=\"og:title\" content=\"Merz non pu\u00f2 contare sulla presidenza irlandese del Consiglio per i tagli al bilancio - The Conservative\" \/>\n<meta property=\"og:description\" content=\"Il 28 luglio il cancelliere tedesco Friedrich Merz ha incontrato il Taoiseach Micheal Martin per esortarlo a sostenere i tagli al bilancio della Germania e la sua recente svolta scettica nei confronti di Bruxelles. Nel comunicato stampa rilasciato da Martin quel giorno, ha esordito esprimendo \u00abla solidariet\u00e0 del popolo irlandese alle vittime del terribile attentato [&hellip;]\" \/>\n<meta property=\"og:url\" content=\"https:\/\/www.theconservative.online\/it\/merz-non-puo-contare-sulla-presidenza-irlandese-del-consiglio-per-i-tagli-al-bilancio\" \/>\n<meta property=\"og:site_name\" content=\"The Conservative\" \/>\n<meta property=\"article:published_time\" content=\"2026-08-06T04:57:15+00:00\" \/>\n<meta property=\"og:image\" content=\"https:\/\/www.theconservative.online\/wp-content\/uploads\/2025\/02\/PHOTO-2025-02-28-12-06-32.jpg\" \/>\n\t<meta property=\"og:image:width\" content=\"1280\" \/>\n\t<meta property=\"og:image:height\" content=\"852\" \/>\n\t<meta property=\"og:image:type\" content=\"image\/jpeg\" \/>\n<meta name=\"author\" content=\"Martin Lynch\" \/>\n<meta name=\"twitter:card\" content=\"summary_large_image\" \/>\n<meta name=\"twitter:label1\" content=\"Scritto da\" \/>\n\t<meta name=\"twitter:data1\" content=\"Martin Lynch\" \/>\n\t<meta name=\"twitter:label2\" content=\"Tempo di lettura stimato\" \/>\n\t<meta name=\"twitter:data2\" content=\"7 minuti\" \/>\n<script type=\"application\/ld+json\" class=\"yoast-schema-graph\">{\"@context\":\"https:\\\/\\\/schema.org\",\"@graph\":[{\"@type\":\"Article\",\"@id\":\"https:\\\/\\\/www.theconservative.online\\\/it\\\/merz-non-puo-contare-sulla-presidenza-irlandese-del-consiglio-per-i-tagli-al-bilancio#article\",\"isPartOf\":{\"@id\":\"https:\\\/\\\/www.theconservative.online\\\/it\\\/merz-non-puo-contare-sulla-presidenza-irlandese-del-consiglio-per-i-tagli-al-bilancio\"},\"author\":{\"name\":\"Martin Lynch\",\"@id\":\"https:\\\/\\\/www.theconservative.online\\\/it#\\\/schema\\\/person\\\/15819aaa61073fbb539912aeb9df3dea\"},\"headline\":\"Merz non pu\u00f2 contare sulla presidenza irlandese del Consiglio per i tagli al bilancio\",\"datePublished\":\"2026-08-06T04:57:15+00:00\",\"mainEntityOfPage\":{\"@id\":\"https:\\\/\\\/www.theconservative.online\\\/it\\\/merz-non-puo-contare-sulla-presidenza-irlandese-del-consiglio-per-i-tagli-al-bilancio\"},\"wordCount\":1326,\"image\":{\"@id\":\"https:\\\/\\\/www.theconservative.online\\\/it\\\/merz-non-puo-contare-sulla-presidenza-irlandese-del-consiglio-per-i-tagli-al-bilancio#primaryimage\"},\"thumbnailUrl\":\"https:\\\/\\\/www.theconservative.online\\\/wp-content\\\/uploads\\\/2025\\\/02\\\/PHOTO-2025-02-28-12-06-32.jpg\",\"articleSection\":[\"Politica\"],\"inLanguage\":\"it-IT\"},{\"@type\":\"WebPage\",\"@id\":\"https:\\\/\\\/www.theconservative.online\\\/it\\\/merz-non-puo-contare-sulla-presidenza-irlandese-del-consiglio-per-i-tagli-al-bilancio\",\"url\":\"https:\\\/\\\/www.theconservative.online\\\/it\\\/merz-non-puo-contare-sulla-presidenza-irlandese-del-consiglio-per-i-tagli-al-bilancio\",\"name\":\"Merz non pu\u00f2 contare sulla presidenza irlandese del Consiglio per i tagli al bilancio - The Conservative\",\"isPartOf\":{\"@id\":\"https:\\\/\\\/www.theconservative.online\\\/it#website\"},\"primaryImageOfPage\":{\"@id\":\"https:\\\/\\\/www.theconservative.online\\\/it\\\/merz-non-puo-contare-sulla-presidenza-irlandese-del-consiglio-per-i-tagli-al-bilancio#primaryimage\"},\"image\":{\"@id\":\"https:\\\/\\\/www.theconservative.online\\\/it\\\/merz-non-puo-contare-sulla-presidenza-irlandese-del-consiglio-per-i-tagli-al-bilancio#primaryimage\"},\"thumbnailUrl\":\"https:\\\/\\\/www.theconservative.online\\\/wp-content\\\/uploads\\\/2025\\\/02\\\/PHOTO-2025-02-28-12-06-32.jpg\",\"datePublished\":\"2026-08-06T04:57:15+00:00\",\"author\":{\"@id\":\"https:\\\/\\\/www.theconservative.online\\\/it#\\\/schema\\\/person\\\/15819aaa61073fbb539912aeb9df3dea\"},\"breadcrumb\":{\"@id\":\"https:\\\/\\\/www.theconservative.online\\\/it\\\/merz-non-puo-contare-sulla-presidenza-irlandese-del-consiglio-per-i-tagli-al-bilancio#breadcrumb\"},\"inLanguage\":\"it-IT\",\"potentialAction\":[{\"@type\":\"ReadAction\",\"target\":[\"https:\\\/\\\/www.theconservative.online\\\/it\\\/merz-non-puo-contare-sulla-presidenza-irlandese-del-consiglio-per-i-tagli-al-bilancio\"]}]},{\"@type\":\"ImageObject\",\"inLanguage\":\"it-IT\",\"@id\":\"https:\\\/\\\/www.theconservative.online\\\/it\\\/merz-non-puo-contare-sulla-presidenza-irlandese-del-consiglio-per-i-tagli-al-bilancio#primaryimage\",\"url\":\"https:\\\/\\\/www.theconservative.online\\\/wp-content\\\/uploads\\\/2025\\\/02\\\/PHOTO-2025-02-28-12-06-32.jpg\",\"contentUrl\":\"https:\\\/\\\/www.theconservative.online\\\/wp-content\\\/uploads\\\/2025\\\/02\\\/PHOTO-2025-02-28-12-06-32.jpg\",\"width\":1280,\"height\":852},{\"@type\":\"BreadcrumbList\",\"@id\":\"https:\\\/\\\/www.theconservative.online\\\/it\\\/merz-non-puo-contare-sulla-presidenza-irlandese-del-consiglio-per-i-tagli-al-bilancio#breadcrumb\",\"itemListElement\":[{\"@type\":\"ListItem\",\"position\":1,\"name\":\"Home\",\"item\":\"https:\\\/\\\/www.theconservative.online\\\/it\"},{\"@type\":\"ListItem\",\"position\":2,\"name\":\"Merz non pu\u00f2 contare sulla presidenza irlandese del Consiglio per i tagli al bilancio\"}]},{\"@type\":\"WebSite\",\"@id\":\"https:\\\/\\\/www.theconservative.online\\\/it#website\",\"url\":\"https:\\\/\\\/www.theconservative.online\\\/it\",\"name\":\"The Conservative\",\"description\":\"\",\"potentialAction\":[{\"@type\":\"SearchAction\",\"target\":{\"@type\":\"EntryPoint\",\"urlTemplate\":\"https:\\\/\\\/www.theconservative.online\\\/it?s={search_term_string}\"},\"query-input\":{\"@type\":\"PropertyValueSpecification\",\"valueRequired\":true,\"valueName\":\"search_term_string\"}}],\"inLanguage\":\"it-IT\"},{\"@type\":\"Person\",\"@id\":\"https:\\\/\\\/www.theconservative.online\\\/it#\\\/schema\\\/person\\\/15819aaa61073fbb539912aeb9df3dea\",\"name\":\"Martin Lynch\",\"image\":{\"@type\":\"ImageObject\",\"inLanguage\":\"it-IT\",\"@id\":\"https:\\\/\\\/secure.gravatar.com\\\/avatar\\\/482c01848305673b38529f97155010aafc47cc0d1341b4b1147d1a6adaaab3db?s=96&d=mm&r=g\",\"url\":\"https:\\\/\\\/secure.gravatar.com\\\/avatar\\\/482c01848305673b38529f97155010aafc47cc0d1341b4b1147d1a6adaaab3db?s=96&d=mm&r=g\",\"contentUrl\":\"https:\\\/\\\/secure.gravatar.com\\\/avatar\\\/482c01848305673b38529f97155010aafc47cc0d1341b4b1147d1a6adaaab3db?s=96&d=mm&r=g\",\"caption\":\"Martin Lynch\"},\"url\":\"https:\\\/\\\/www.theconservative.online\\\/it\\\/author\\\/stonebay-euspec-2025-26\"}]}<\/script>\n<!-- \/ Yoast SEO plugin. -->","yoast_head_json":{"title":"Merz non pu\u00f2 contare sulla presidenza irlandese del Consiglio per i tagli al bilancio - The Conservative","robots":{"index":"index","follow":"follow","max-snippet":"max-snippet:-1","max-image-preview":"max-image-preview:large","max-video-preview":"max-video-preview:-1"},"canonical":"https:\/\/www.theconservative.online\/it\/merz-non-puo-contare-sulla-presidenza-irlandese-del-consiglio-per-i-tagli-al-bilancio","og_locale":"it_IT","og_type":"article","og_title":"Merz non pu\u00f2 contare sulla presidenza irlandese del Consiglio per i tagli al bilancio - The Conservative","og_description":"Il 28 luglio il cancelliere tedesco Friedrich Merz ha incontrato il Taoiseach Micheal Martin per esortarlo a sostenere i tagli al bilancio della Germania e la sua recente svolta scettica nei confronti di Bruxelles. Nel comunicato stampa rilasciato da Martin quel giorno, ha esordito esprimendo \u00abla solidariet\u00e0 del popolo irlandese alle vittime del terribile attentato [&hellip;]","og_url":"https:\/\/www.theconservative.online\/it\/merz-non-puo-contare-sulla-presidenza-irlandese-del-consiglio-per-i-tagli-al-bilancio","og_site_name":"The Conservative","article_published_time":"2026-08-06T04:57:15+00:00","og_image":[{"width":1280,"height":852,"url":"https:\/\/www.theconservative.online\/wp-content\/uploads\/2025\/02\/PHOTO-2025-02-28-12-06-32.jpg","type":"image\/jpeg"}],"author":"Martin Lynch","twitter_card":"summary_large_image","twitter_misc":{"Scritto da":"Martin Lynch","Tempo di lettura stimato":"7 minuti"},"schema":{"@context":"https:\/\/schema.org","@graph":[{"@type":"Article","@id":"https:\/\/www.theconservative.online\/it\/merz-non-puo-contare-sulla-presidenza-irlandese-del-consiglio-per-i-tagli-al-bilancio#article","isPartOf":{"@id":"https:\/\/www.theconservative.online\/it\/merz-non-puo-contare-sulla-presidenza-irlandese-del-consiglio-per-i-tagli-al-bilancio"},"author":{"name":"Martin Lynch","@id":"https:\/\/www.theconservative.online\/it#\/schema\/person\/15819aaa61073fbb539912aeb9df3dea"},"headline":"Merz non pu\u00f2 contare sulla presidenza irlandese del Consiglio per i tagli al bilancio","datePublished":"2026-08-06T04:57:15+00:00","mainEntityOfPage":{"@id":"https:\/\/www.theconservative.online\/it\/merz-non-puo-contare-sulla-presidenza-irlandese-del-consiglio-per-i-tagli-al-bilancio"},"wordCount":1326,"image":{"@id":"https:\/\/www.theconservative.online\/it\/merz-non-puo-contare-sulla-presidenza-irlandese-del-consiglio-per-i-tagli-al-bilancio#primaryimage"},"thumbnailUrl":"https:\/\/www.theconservative.online\/wp-content\/uploads\/2025\/02\/PHOTO-2025-02-28-12-06-32.jpg","articleSection":["Politica"],"inLanguage":"it-IT"},{"@type":"WebPage","@id":"https:\/\/www.theconservative.online\/it\/merz-non-puo-contare-sulla-presidenza-irlandese-del-consiglio-per-i-tagli-al-bilancio","url":"https:\/\/www.theconservative.online\/it\/merz-non-puo-contare-sulla-presidenza-irlandese-del-consiglio-per-i-tagli-al-bilancio","name":"Merz non pu\u00f2 contare sulla presidenza irlandese del Consiglio per i tagli al bilancio - The Conservative","isPartOf":{"@id":"https:\/\/www.theconservative.online\/it#website"},"primaryImageOfPage":{"@id":"https:\/\/www.theconservative.online\/it\/merz-non-puo-contare-sulla-presidenza-irlandese-del-consiglio-per-i-tagli-al-bilancio#primaryimage"},"image":{"@id":"https:\/\/www.theconservative.online\/it\/merz-non-puo-contare-sulla-presidenza-irlandese-del-consiglio-per-i-tagli-al-bilancio#primaryimage"},"thumbnailUrl":"https:\/\/www.theconservative.online\/wp-content\/uploads\/2025\/02\/PHOTO-2025-02-28-12-06-32.jpg","datePublished":"2026-08-06T04:57:15+00:00","author":{"@id":"https:\/\/www.theconservative.online\/it#\/schema\/person\/15819aaa61073fbb539912aeb9df3dea"},"breadcrumb":{"@id":"https:\/\/www.theconservative.online\/it\/merz-non-puo-contare-sulla-presidenza-irlandese-del-consiglio-per-i-tagli-al-bilancio#breadcrumb"},"inLanguage":"it-IT","potentialAction":[{"@type":"ReadAction","target":["https:\/\/www.theconservative.online\/it\/merz-non-puo-contare-sulla-presidenza-irlandese-del-consiglio-per-i-tagli-al-bilancio"]}]},{"@type":"ImageObject","inLanguage":"it-IT","@id":"https:\/\/www.theconservative.online\/it\/merz-non-puo-contare-sulla-presidenza-irlandese-del-consiglio-per-i-tagli-al-bilancio#primaryimage","url":"https:\/\/www.theconservative.online\/wp-content\/uploads\/2025\/02\/PHOTO-2025-02-28-12-06-32.jpg","contentUrl":"https:\/\/www.theconservative.online\/wp-content\/uploads\/2025\/02\/PHOTO-2025-02-28-12-06-32.jpg","width":1280,"height":852},{"@type":"BreadcrumbList","@id":"https:\/\/www.theconservative.online\/it\/merz-non-puo-contare-sulla-presidenza-irlandese-del-consiglio-per-i-tagli-al-bilancio#breadcrumb","itemListElement":[{"@type":"ListItem","position":1,"name":"Home","item":"https:\/\/www.theconservative.online\/it"},{"@type":"ListItem","position":2,"name":"Merz non pu\u00f2 contare sulla presidenza irlandese del Consiglio per i tagli al bilancio"}]},{"@type":"WebSite","@id":"https:\/\/www.theconservative.online\/it#website","url":"https:\/\/www.theconservative.online\/it","name":"The Conservative","description":"","potentialAction":[{"@type":"SearchAction","target":{"@type":"EntryPoint","urlTemplate":"https:\/\/www.theconservative.online\/it?s={search_term_string}"},"query-input":{"@type":"PropertyValueSpecification","valueRequired":true,"valueName":"search_term_string"}}],"inLanguage":"it-IT"},{"@type":"Person","@id":"https:\/\/www.theconservative.online\/it#\/schema\/person\/15819aaa61073fbb539912aeb9df3dea","name":"Martin Lynch","image":{"@type":"ImageObject","inLanguage":"it-IT","@id":"https:\/\/secure.gravatar.com\/avatar\/482c01848305673b38529f97155010aafc47cc0d1341b4b1147d1a6adaaab3db?s=96&d=mm&r=g","url":"https:\/\/secure.gravatar.com\/avatar\/482c01848305673b38529f97155010aafc47cc0d1341b4b1147d1a6adaaab3db?s=96&d=mm&r=g","contentUrl":"https:\/\/secure.gravatar.com\/avatar\/482c01848305673b38529f97155010aafc47cc0d1341b4b1147d1a6adaaab3db?s=96&d=mm&r=g","caption":"Martin Lynch"},"url":"https:\/\/www.theconservative.online\/it\/author\/stonebay-euspec-2025-26"}]}},"acf":[],"_links":{"self":[{"href":"https:\/\/www.theconservative.online\/it\/wp-json\/wp\/v2\/posts\/62417","targetHints":{"allow":["GET"]}}],"collection":[{"href":"https:\/\/www.theconservative.online\/it\/wp-json\/wp\/v2\/posts"}],"about":[{"href":"https:\/\/www.theconservative.online\/it\/wp-json\/wp\/v2\/types\/post"}],"author":[{"embeddable":true,"href":"https:\/\/www.theconservative.online\/it\/wp-json\/wp\/v2\/users\/77"}],"replies":[{"embeddable":true,"href":"https:\/\/www.theconservative.online\/it\/wp-json\/wp\/v2\/comments?post=62417"}],"version-history":[{"count":0,"href":"https:\/\/www.theconservative.online\/it\/wp-json\/wp\/v2\/posts\/62417\/revisions"}],"wp:featuredmedia":[{"embeddable":true,"href":"https:\/\/www.theconservative.online\/it\/wp-json\/wp\/v2\/media\/40384"}],"wp:attachment":[{"href":"https:\/\/www.theconservative.online\/it\/wp-json\/wp\/v2\/media?parent=62417"}],"wp:term":[{"taxonomy":"category","embeddable":true,"href":"https:\/\/www.theconservative.online\/it\/wp-json\/wp\/v2\/categories?post=62417"},{"taxonomy":"post_tag","embeddable":true,"href":"https:\/\/www.theconservative.online\/it\/wp-json\/wp\/v2\/tags?post=62417"},{"taxonomy":"editorial-positions","embeddable":true,"href":"https:\/\/www.theconservative.online\/it\/wp-json\/wp\/v2\/editorial-positions?post=62417"},{"taxonomy":"regions","embeddable":true,"href":"https:\/\/www.theconservative.online\/it\/wp-json\/wp\/v2\/regions?post=62417"},{"taxonomy":"types","embeddable":true,"href":"https:\/\/www.theconservative.online\/it\/wp-json\/wp\/v2\/types?post=62417"}],"curies":[{"name":"wp","href":"https:\/\/api.w.org\/{rel}","templated":true}]}}