{"id":62447,"date":"2026-08-03T11:49:54","date_gmt":"2026-08-03T11:49:54","guid":{"rendered":"https:\/\/www.theconservative.online\/la-ribellione-dei-classici"},"modified":"2026-08-03T11:49:54","modified_gmt":"2026-08-03T11:49:54","slug":"la-ribellione-dei-classici","status":"publish","type":"post","link":"https:\/\/www.theconservative.online\/it\/la-ribellione-dei-classici","title":{"rendered":"La ribellione dei classici"},"content":{"rendered":"<p>In un\u2019epoca dominata dal consumismo digitale frenetico e dalla riscrittura moralistica del passato, tornare ai grandi libri non \u00e8 un rifugio nostalgico. \u00c8 il pi\u00f9 radicale degli atti di libert\u00e0.<\/p>\n<p>&nbsp;<\/p>\n<p>C\u2019\u00e8 una strana e affascinante ironia nel fatto che l\u2019era pi\u00f9 iperconnessa, tecnologicamente avanzata e informata della storia dell\u2019umanit\u00e0 sia anche quella che soffre del pi\u00f9 grave deficit cronico di attenzione. Oggi consumiamo idee, notizie e tendenze culturali alla stessa velocit\u00e0 con cui scorriamo lo schermo di uno smartphone: Tutto \u00e8 programmato per intrattenere per pochi secondi e poi svanire nel nulla. Viviamo in un presente eterno, un grande supermercato di pensieri usa e getta dove il valore di un\u2019opera o di un\u2019opinione sembra misurarsi esclusivamente in base alla sua data di scadenza immediata. Eppure, sotto la superficie di questo conformismo digitale, si sta preparando una rivolta silenziosa ed estremamente interessante. Contro ogni previsione dei tecnocrati e dei guru della Silicon Valley, una parte consistente delle giovani generazioni sta riscoprendo i classici della letteratura e della filosofia. Non per obbligo scolastico o imposizione accademica, ma come forma di sana ribellione contro la piattezza e la banalizzazione della contemporaneit\u00e0.<\/p>\n<p>Per decenni la sociologia del consumo ci ha spiegato che il progresso avrebbe spinto inesorabilmente l\u2019essere umano verso forme di espressione sempre pi\u00f9 immediate, accessibili e prive di attrito. E in effetti, l\u2019industria culturale si \u00e8 prontamente adattata a questo dogma economico, trasformandosi in una sorta di gigantesco fast food dell\u2019anima. I contenuti artistici contemporanei, per avere successo con il pubblico e il mercato, devono essere fluidi, immediatamente digeribili e, soprattutto, capaci di non provocare alcun disagio cognitivo o morale in chi li guarda. \u00c8 nata cos\u00ec la cultura dell\u2019ipersemplificazione assoluta, dove persino i grandi romanzi del XX secolo o le fiabe storiche vengono periodicamente \u201cripuliti\u201d da comitati di esperti editoriali per evitare che il lettore si imbatta in parole scomode, concetti complessi o visioni del mondo non perfettamente allineate alla sensibilit\u00e0 ideologica del momento.<\/p>\n<p>Ma questa ossessione per l\u2019inclusivit\u00e0 da laboratorio e l\u2019eliminazione di ogni sforzo intellettuale ha finito per produrre, per reazione, l\u2019effetto opposto: un profondo senso di noia, vuoto e insoddisfazione. Togliere la complessit\u00e0 da una narrazione non significa elevare il pubblico, ma infantilizzarlo, riducendo la lettura a un semplice specchio narcisistico in cui cercare solo la conferma di ci\u00f2 che gi\u00e0 si pensa. I classici della nostra civilt\u00e0 hanno resistito per secoli non perch\u00e9 siano stati protetti da qualche algoritmo benevolo o da una bolla protettiva, ma perch\u00e9 hanno superato la prova pi\u00f9 spietata, imparziale e democratica di tutte: quella del tempo. Quando un ragazzo decide di staccare la spina dalle notifiche incessanti dei social network e apre l\u2019Odissea, un dialogo platonico o un dramma shakespeariano, compie un atto di rottura totale con la moda effimera della cultura odierna. Cerca qualcosa che duri nel tempo, un\u2019ancora solida, un abito su misura per lo spirito in grado di resistere alle mode passeggere della prossima stagione.<\/p>\n<p>Il vero motivo per cui la cultura iperprogressista o le correnti ideologiche \u201crisvegliate\u201d guardano spesso con sospetto, se non con aperta ostilit\u00e0, ai classici sta nel fatto che essi sono, per loro stessa natura, specchi scomodi. Un grande libro del passato non ha alcuna intenzione di piacerti, n\u00e9 si preoccupa di confermare le tue certezze sociopolitiche personali o i dogmi morali del XXI secolo. I classici mostrano l\u2019essere umano in tutta la sua realt\u00e0 tragica, magnifica, sublime e contraddittoria, senza filtri terapeutici. Omero non addolcisce la ferocia, la vendetta e l\u2019orgoglio dei suoi eroi sotto le mura di Troia; Dante non minimizza le miserie politiche e morali del suo tempo, mandando papi e potenti all\u2019inferno; Dostoevskij scende nei meandri pi\u00f9 oscuri e inquietanti della psiche umana senza offrire facili consolazioni o lieti fini zuccherosi.<\/p>\n<p>Nelle produzioni culturali di oggi, scritte alle scrivanie dagli uffici marketing o dagli algoritmi delle piattaforme di streaming, i personaggi sono spesso ridotti a rigidi stereotipi al servizio di una certa tesi ideologica, suddivisi in mille modi tra buoni e cattivi secondo i canoni etici del momento. Pensa, per fare un esempio recente e molto emblematico, alle discussioni nate attorno alle ultime trasposizioni cinematografiche dell\u2019Odissea, dove la psicologia arcaica, complessa, ambigua e a volte feroce dei protagonisti viene regolarmente smussata, o peggio riscritta, nel tentativo di piegare il mito omerico alle attuali sensibilit\u00e0 ideologiche o ai rassicuranti canoni terapeutici moderni. Nei classici, al contrario, il senso di colpa, l\u2019onore, il tradimento, il destino, il sacro e la redenzione sono affrontati con una crudezza e una verit\u00e0 che sconvolgono e mettono profondamente in discussione il lettore contemporaneo. Il classico ti costringe a confrontarti con l\u2019alterit\u00e0 pi\u00f9 radicale, ti obbliga a dialogare con menti che hanno vissuto in epoche lontane e che vedevano il mondo, la giustizia e la divinit\u00e0 in modo radicalmente diverso dal tuo. Ed \u00e8 proprio questa sana \u201cscomodit\u00e0\u201d che ci serve come l\u2019aria per uscire dalla camera dell\u2019eco del dibattito pubblico di oggi, un luogo asfissiante dove tutti ripetono gli stessi identici slogan per il terrore di essere isolati dal gruppo o censurati dal tribunale del web.<\/p>\n<p>Inoltre, la perdita di contatto con i classici coincide con un drastico impoverimento del linguaggio. La riduzione del vocabolario, evidente nella comunicazione digitale dominata da tweet e messaggi istantanei, porta inevitabilmente a una diminuzione della capacit\u00e0 di pensare. Chi non ha le parole per definire le sfumature della realt\u00e0 non pu\u00f2 esercitare un pensiero critico articolato. I grandi testi del passato sono vere e proprie riserve d\u2019oro di parole, metafore e strutture logiche che ridanno profondit\u00e0 alle nostre menti. Leggerli significa recuperare gli strumenti necessari per decodificare la propaganda e la retorica semplicistica del potere tecnocratico.<\/p>\n<p>Il pensiero conservatore europeo, nel suo senso pi\u00f9 alto, nobile e filosofico, ha sempre identificato la trasmissione e la continuit\u00e0 della cultura come il pilastro fondamentale della stabilit\u00e0 e della libert\u00e0 di una civilt\u00e0. Filosofi e intellettuali come Roger Scruton ci hanno ricordato che il vero conservatorismo non consiste nella difesa cieca, nostalgica e immobile delle ceneri del passato, ma nella saggia custodia del suo fuoco vivente: \u00c8 quel profondo sentimento di gratitudine, rispetto e responsabilit\u00e0 verso l\u2019eredit\u00e0 spirituale e intellettuale che ci \u00e8 stata lasciata in dote da chi ci ha preceduto. Leggere i classici significa proprio questo: sedersi a una tavola ideale con i nostri antenati e scoprire, con un brivido di autentico stupore, che i loro dubbi pi\u00f9 intimi, le loro paure di fronte alla morte, i loro slanci d\u2019amore, le loro crisi esistenziali e la loro instancabile ricerca della verit\u00e0 sono esattamente gli stessi dei nostri.<\/p>\n<p>La cultura contemporanea soffre purtroppo di una patologia cronica che potremmo chiamare \u201ccronocentrismo\u201d: l\u2019illusione ingenua, arrogante e presuntuosa che chi vive nel presente sia intrinsecamente pi\u00f9 intelligente, morale, tollerante ed evoluto solo perch\u00e9 si trova pi\u00f9 avanti nella linea temporale. \u00c8 il mito del progresso tecnologico applicato a sproposito alla coscienza e alla natura umana. L\u2019assidua lettura dei classici spezza questo orgoglio contemporaneo. Ci ricorda con umilt\u00e0 che non siamo i primi a soffrire, a interrogarci sul significato dello Stato, sui limiti del potere, sul valore della famiglia o sull\u2019insondabile mistero del sacro. Ci collega a una comunit\u00e0 di pensiero millenaria, offrendoci radici profonde che ci impediscono di essere spazzati via dal primo vento ideologico, dalla propaganda del momento o dalla moda passeggera del momento. Chi ha le spalle protette dai giganti della storia occidentale difficilmente si lascia manipolare dagli slogan effimeri del presente.<\/p>\n<p>In conclusione, questa riscoperta non va intesa come un invito \u201cpassatista\u201d ad abbandonare la modernit\u00e0, a bruciare i nostri dispositivi digitali o a rifugiarsi in un isolamento monastico nostalgico e sterile. La tecnologia e la velocit\u00e0 sono strumenti straordinari per gestire la vita quotidiana e lo sviluppo materiale, ma diventano catastrofiche se proviamo ad applicare i loro ritmi frenetici e commerciali alla crescita profonda della nostra anima e della nostra intelligenza. Dobbiamo affermare con forza e orgoglio il diritto alla lentezza, allo studio e alla verticalit\u00e0, promuovendo una vera cultura del lento contro la dittatura dell\u2019istantaneo.<\/p>\n<p>La riscoperta dei classici non \u00e8 quindi un passatempo polveroso per accademici annoiati o esteti fuori dal tempo. \u00c8 la chiave per rimanere uomini e cittadini veramente liberi in un\u2019epoca che vorrebbe ridurci a consumatori passivi di risposte preconfezionate e standardizzate da un algoritmo. Proteggere il passato e continuare a leggerlo con passione non significa voltare le spalle al domani, ma fare esattamente il contrario: significa dotare le menti delle generazioni future degli unici strumenti critici in grado di garantire loro una libert\u00e0 di giudizio reale, autonoma e sovrana. La vera avanguardia, oggi, inizia voltandosi indietro.<\/p>\n<\/p>","protected":false},"excerpt":{"rendered":"<p>In un\u2019epoca dominata dal consumismo digitale frenetico e dalla riscrittura moralistica del passato, tornare ai grandi libri non \u00e8 un rifugio nostalgico. \u00c8 il pi\u00f9 radicale degli atti di libert\u00e0. &nbsp; C\u2019\u00e8 una strana e affascinante ironia nel fatto che l\u2019era pi\u00f9 iperconnessa, tecnologicamente avanzata e informata della storia dell\u2019umanit\u00e0 sia anche quella che soffre [&hellip;]<\/p>\n","protected":false},"author":93,"featured_media":60896,"comment_status":"closed","ping_status":"closed","sticky":false,"template":"","format":"standard","meta":{"footnotes":""},"categories":[172],"tags":[3405,3402,3403,3404],"editorial-positions":[42],"regions":[322,331,340,349],"types":[451],"class_list":["post-62447","post","type-post","status-publish","format-standard","has-post-thumbnail","hentry","category-cultura","tag-books","tag-classics","tag-counterculture","tag-library","editorial-positions-focus","regions-central-europe-it","regions-eastern-europe-it","regions-northern-europe-it","regions-southern-europe-it","types-opinion-it"],"yoast_head":"<!-- This site is optimized with the Yoast SEO plugin v28.0 - https:\/\/yoast.com\/product\/yoast-seo-wordpress\/ -->\n<title>La ribellione dei classici - The Conservative<\/title>\n<meta name=\"robots\" content=\"index, follow, max-snippet:-1, max-image-preview:large, max-video-preview:-1\" \/>\n<link rel=\"canonical\" href=\"https:\/\/www.theconservative.online\/it\/la-ribellione-dei-classici\" \/>\n<meta property=\"og:locale\" content=\"it_IT\" \/>\n<meta property=\"og:type\" content=\"article\" \/>\n<meta property=\"og:title\" content=\"La ribellione dei classici - The Conservative\" \/>\n<meta property=\"og:description\" content=\"In un\u2019epoca dominata dal consumismo digitale frenetico e dalla riscrittura moralistica del passato, tornare ai grandi libri non \u00e8 un rifugio nostalgico. \u00c8 il pi\u00f9 radicale degli atti di libert\u00e0. &nbsp; C\u2019\u00e8 una strana e affascinante ironia nel fatto che l\u2019era pi\u00f9 iperconnessa, tecnologicamente avanzata e informata della storia dell\u2019umanit\u00e0 sia anche quella che soffre [&hellip;]\" \/>\n<meta property=\"og:url\" content=\"https:\/\/www.theconservative.online\/it\/la-ribellione-dei-classici\" \/>\n<meta property=\"og:site_name\" content=\"The Conservative\" \/>\n<meta property=\"article:published_time\" content=\"2026-08-03T11:49:54+00:00\" \/>\n<meta property=\"og:image\" content=\"https:\/\/www.theconservative.online\/wp-content\/uploads\/2026\/08\/Biblioteca-Imm.jpg\" \/>\n\t<meta property=\"og:image:width\" content=\"1000\" \/>\n\t<meta property=\"og:image:height\" content=\"375\" \/>\n\t<meta property=\"og:image:type\" content=\"image\/jpeg\" \/>\n<meta name=\"author\" content=\"Sofia Valenti\" \/>\n<meta name=\"twitter:card\" content=\"summary_large_image\" \/>\n<meta name=\"twitter:label1\" content=\"Scritto da\" \/>\n\t<meta name=\"twitter:data1\" content=\"Sofia Valenti\" \/>\n\t<meta name=\"twitter:label2\" content=\"Tempo di lettura stimato\" \/>\n\t<meta name=\"twitter:data2\" content=\"7 minuti\" \/>\n<script type=\"application\/ld+json\" class=\"yoast-schema-graph\">{\"@context\":\"https:\\\/\\\/schema.org\",\"@graph\":[{\"@type\":\"Article\",\"@id\":\"https:\\\/\\\/www.theconservative.online\\\/it\\\/la-ribellione-dei-classici#article\",\"isPartOf\":{\"@id\":\"https:\\\/\\\/www.theconservative.online\\\/it\\\/la-ribellione-dei-classici\"},\"author\":{\"name\":\"Sofia Valenti\",\"@id\":\"https:\\\/\\\/www.theconservative.online\\\/it#\\\/schema\\\/person\\\/ba597107f354c40637f85460639c2da8\"},\"headline\":\"La ribellione dei classici\",\"datePublished\":\"2026-08-03T11:49:54+00:00\",\"mainEntityOfPage\":{\"@id\":\"https:\\\/\\\/www.theconservative.online\\\/it\\\/la-ribellione-dei-classici\"},\"wordCount\":1445,\"image\":{\"@id\":\"https:\\\/\\\/www.theconservative.online\\\/it\\\/la-ribellione-dei-classici#primaryimage\"},\"thumbnailUrl\":\"https:\\\/\\\/www.theconservative.online\\\/wp-content\\\/uploads\\\/2026\\\/08\\\/Biblioteca-Imm.jpg\",\"keywords\":[\"books\",\"Classics\",\"counterculture\",\"library\"],\"articleSection\":[\"Cultura\"],\"inLanguage\":\"it-IT\"},{\"@type\":\"WebPage\",\"@id\":\"https:\\\/\\\/www.theconservative.online\\\/it\\\/la-ribellione-dei-classici\",\"url\":\"https:\\\/\\\/www.theconservative.online\\\/it\\\/la-ribellione-dei-classici\",\"name\":\"La ribellione dei classici - The Conservative\",\"isPartOf\":{\"@id\":\"https:\\\/\\\/www.theconservative.online\\\/it#website\"},\"primaryImageOfPage\":{\"@id\":\"https:\\\/\\\/www.theconservative.online\\\/it\\\/la-ribellione-dei-classici#primaryimage\"},\"image\":{\"@id\":\"https:\\\/\\\/www.theconservative.online\\\/it\\\/la-ribellione-dei-classici#primaryimage\"},\"thumbnailUrl\":\"https:\\\/\\\/www.theconservative.online\\\/wp-content\\\/uploads\\\/2026\\\/08\\\/Biblioteca-Imm.jpg\",\"datePublished\":\"2026-08-03T11:49:54+00:00\",\"author\":{\"@id\":\"https:\\\/\\\/www.theconservative.online\\\/it#\\\/schema\\\/person\\\/ba597107f354c40637f85460639c2da8\"},\"breadcrumb\":{\"@id\":\"https:\\\/\\\/www.theconservative.online\\\/it\\\/la-ribellione-dei-classici#breadcrumb\"},\"inLanguage\":\"it-IT\",\"potentialAction\":[{\"@type\":\"ReadAction\",\"target\":[\"https:\\\/\\\/www.theconservative.online\\\/it\\\/la-ribellione-dei-classici\"]}]},{\"@type\":\"ImageObject\",\"inLanguage\":\"it-IT\",\"@id\":\"https:\\\/\\\/www.theconservative.online\\\/it\\\/la-ribellione-dei-classici#primaryimage\",\"url\":\"https:\\\/\\\/www.theconservative.online\\\/wp-content\\\/uploads\\\/2026\\\/08\\\/Biblioteca-Imm.jpg\",\"contentUrl\":\"https:\\\/\\\/www.theconservative.online\\\/wp-content\\\/uploads\\\/2026\\\/08\\\/Biblioteca-Imm.jpg\",\"width\":1000,\"height\":375},{\"@type\":\"BreadcrumbList\",\"@id\":\"https:\\\/\\\/www.theconservative.online\\\/it\\\/la-ribellione-dei-classici#breadcrumb\",\"itemListElement\":[{\"@type\":\"ListItem\",\"position\":1,\"name\":\"Home\",\"item\":\"https:\\\/\\\/www.theconservative.online\\\/it\"},{\"@type\":\"ListItem\",\"position\":2,\"name\":\"La ribellione dei classici\"}]},{\"@type\":\"WebSite\",\"@id\":\"https:\\\/\\\/www.theconservative.online\\\/it#website\",\"url\":\"https:\\\/\\\/www.theconservative.online\\\/it\",\"name\":\"The Conservative\",\"description\":\"\",\"potentialAction\":[{\"@type\":\"SearchAction\",\"target\":{\"@type\":\"EntryPoint\",\"urlTemplate\":\"https:\\\/\\\/www.theconservative.online\\\/it?s={search_term_string}\"},\"query-input\":{\"@type\":\"PropertyValueSpecification\",\"valueRequired\":true,\"valueName\":\"search_term_string\"}}],\"inLanguage\":\"it-IT\"},{\"@type\":\"Person\",\"@id\":\"https:\\\/\\\/www.theconservative.online\\\/it#\\\/schema\\\/person\\\/ba597107f354c40637f85460639c2da8\",\"name\":\"Sofia Valenti\",\"image\":{\"@type\":\"ImageObject\",\"inLanguage\":\"it-IT\",\"@id\":\"https:\\\/\\\/secure.gravatar.com\\\/avatar\\\/b8358b98da87b71bcc40d48623c024d8cf0e1c2986353618ef2cc48000381c12?s=96&d=mm&r=g\",\"url\":\"https:\\\/\\\/secure.gravatar.com\\\/avatar\\\/b8358b98da87b71bcc40d48623c024d8cf0e1c2986353618ef2cc48000381c12?s=96&d=mm&r=g\",\"contentUrl\":\"https:\\\/\\\/secure.gravatar.com\\\/avatar\\\/b8358b98da87b71bcc40d48623c024d8cf0e1c2986353618ef2cc48000381c12?s=96&d=mm&r=g\",\"caption\":\"Sofia Valenti\"},\"url\":\"https:\\\/\\\/www.theconservative.online\\\/it\\\/author\\\/bellantone-euspec-2026-2027\"}]}<\/script>\n<!-- \/ Yoast SEO plugin. -->","yoast_head_json":{"title":"La ribellione dei classici - The Conservative","robots":{"index":"index","follow":"follow","max-snippet":"max-snippet:-1","max-image-preview":"max-image-preview:large","max-video-preview":"max-video-preview:-1"},"canonical":"https:\/\/www.theconservative.online\/it\/la-ribellione-dei-classici","og_locale":"it_IT","og_type":"article","og_title":"La ribellione dei classici - The Conservative","og_description":"In un\u2019epoca dominata dal consumismo digitale frenetico e dalla riscrittura moralistica del passato, tornare ai grandi libri non \u00e8 un rifugio nostalgico. \u00c8 il pi\u00f9 radicale degli atti di libert\u00e0. &nbsp; C\u2019\u00e8 una strana e affascinante ironia nel fatto che l\u2019era pi\u00f9 iperconnessa, tecnologicamente avanzata e informata della storia dell\u2019umanit\u00e0 sia anche quella che soffre [&hellip;]","og_url":"https:\/\/www.theconservative.online\/it\/la-ribellione-dei-classici","og_site_name":"The Conservative","article_published_time":"2026-08-03T11:49:54+00:00","og_image":[{"width":1000,"height":375,"url":"https:\/\/www.theconservative.online\/wp-content\/uploads\/2026\/08\/Biblioteca-Imm.jpg","type":"image\/jpeg"}],"author":"Sofia Valenti","twitter_card":"summary_large_image","twitter_misc":{"Scritto da":"Sofia Valenti","Tempo di lettura stimato":"7 minuti"},"schema":{"@context":"https:\/\/schema.org","@graph":[{"@type":"Article","@id":"https:\/\/www.theconservative.online\/it\/la-ribellione-dei-classici#article","isPartOf":{"@id":"https:\/\/www.theconservative.online\/it\/la-ribellione-dei-classici"},"author":{"name":"Sofia Valenti","@id":"https:\/\/www.theconservative.online\/it#\/schema\/person\/ba597107f354c40637f85460639c2da8"},"headline":"La ribellione dei classici","datePublished":"2026-08-03T11:49:54+00:00","mainEntityOfPage":{"@id":"https:\/\/www.theconservative.online\/it\/la-ribellione-dei-classici"},"wordCount":1445,"image":{"@id":"https:\/\/www.theconservative.online\/it\/la-ribellione-dei-classici#primaryimage"},"thumbnailUrl":"https:\/\/www.theconservative.online\/wp-content\/uploads\/2026\/08\/Biblioteca-Imm.jpg","keywords":["books","Classics","counterculture","library"],"articleSection":["Cultura"],"inLanguage":"it-IT"},{"@type":"WebPage","@id":"https:\/\/www.theconservative.online\/it\/la-ribellione-dei-classici","url":"https:\/\/www.theconservative.online\/it\/la-ribellione-dei-classici","name":"La ribellione dei classici - The Conservative","isPartOf":{"@id":"https:\/\/www.theconservative.online\/it#website"},"primaryImageOfPage":{"@id":"https:\/\/www.theconservative.online\/it\/la-ribellione-dei-classici#primaryimage"},"image":{"@id":"https:\/\/www.theconservative.online\/it\/la-ribellione-dei-classici#primaryimage"},"thumbnailUrl":"https:\/\/www.theconservative.online\/wp-content\/uploads\/2026\/08\/Biblioteca-Imm.jpg","datePublished":"2026-08-03T11:49:54+00:00","author":{"@id":"https:\/\/www.theconservative.online\/it#\/schema\/person\/ba597107f354c40637f85460639c2da8"},"breadcrumb":{"@id":"https:\/\/www.theconservative.online\/it\/la-ribellione-dei-classici#breadcrumb"},"inLanguage":"it-IT","potentialAction":[{"@type":"ReadAction","target":["https:\/\/www.theconservative.online\/it\/la-ribellione-dei-classici"]}]},{"@type":"ImageObject","inLanguage":"it-IT","@id":"https:\/\/www.theconservative.online\/it\/la-ribellione-dei-classici#primaryimage","url":"https:\/\/www.theconservative.online\/wp-content\/uploads\/2026\/08\/Biblioteca-Imm.jpg","contentUrl":"https:\/\/www.theconservative.online\/wp-content\/uploads\/2026\/08\/Biblioteca-Imm.jpg","width":1000,"height":375},{"@type":"BreadcrumbList","@id":"https:\/\/www.theconservative.online\/it\/la-ribellione-dei-classici#breadcrumb","itemListElement":[{"@type":"ListItem","position":1,"name":"Home","item":"https:\/\/www.theconservative.online\/it"},{"@type":"ListItem","position":2,"name":"La ribellione dei classici"}]},{"@type":"WebSite","@id":"https:\/\/www.theconservative.online\/it#website","url":"https:\/\/www.theconservative.online\/it","name":"The Conservative","description":"","potentialAction":[{"@type":"SearchAction","target":{"@type":"EntryPoint","urlTemplate":"https:\/\/www.theconservative.online\/it?s={search_term_string}"},"query-input":{"@type":"PropertyValueSpecification","valueRequired":true,"valueName":"search_term_string"}}],"inLanguage":"it-IT"},{"@type":"Person","@id":"https:\/\/www.theconservative.online\/it#\/schema\/person\/ba597107f354c40637f85460639c2da8","name":"Sofia Valenti","image":{"@type":"ImageObject","inLanguage":"it-IT","@id":"https:\/\/secure.gravatar.com\/avatar\/b8358b98da87b71bcc40d48623c024d8cf0e1c2986353618ef2cc48000381c12?s=96&d=mm&r=g","url":"https:\/\/secure.gravatar.com\/avatar\/b8358b98da87b71bcc40d48623c024d8cf0e1c2986353618ef2cc48000381c12?s=96&d=mm&r=g","contentUrl":"https:\/\/secure.gravatar.com\/avatar\/b8358b98da87b71bcc40d48623c024d8cf0e1c2986353618ef2cc48000381c12?s=96&d=mm&r=g","caption":"Sofia Valenti"},"url":"https:\/\/www.theconservative.online\/it\/author\/bellantone-euspec-2026-2027"}]}},"acf":[],"_links":{"self":[{"href":"https:\/\/www.theconservative.online\/it\/wp-json\/wp\/v2\/posts\/62447","targetHints":{"allow":["GET"]}}],"collection":[{"href":"https:\/\/www.theconservative.online\/it\/wp-json\/wp\/v2\/posts"}],"about":[{"href":"https:\/\/www.theconservative.online\/it\/wp-json\/wp\/v2\/types\/post"}],"author":[{"embeddable":true,"href":"https:\/\/www.theconservative.online\/it\/wp-json\/wp\/v2\/users\/93"}],"replies":[{"embeddable":true,"href":"https:\/\/www.theconservative.online\/it\/wp-json\/wp\/v2\/comments?post=62447"}],"version-history":[{"count":0,"href":"https:\/\/www.theconservative.online\/it\/wp-json\/wp\/v2\/posts\/62447\/revisions"}],"wp:featuredmedia":[{"embeddable":true,"href":"https:\/\/www.theconservative.online\/it\/wp-json\/wp\/v2\/media\/60896"}],"wp:attachment":[{"href":"https:\/\/www.theconservative.online\/it\/wp-json\/wp\/v2\/media?parent=62447"}],"wp:term":[{"taxonomy":"category","embeddable":true,"href":"https:\/\/www.theconservative.online\/it\/wp-json\/wp\/v2\/categories?post=62447"},{"taxonomy":"post_tag","embeddable":true,"href":"https:\/\/www.theconservative.online\/it\/wp-json\/wp\/v2\/tags?post=62447"},{"taxonomy":"editorial-positions","embeddable":true,"href":"https:\/\/www.theconservative.online\/it\/wp-json\/wp\/v2\/editorial-positions?post=62447"},{"taxonomy":"regions","embeddable":true,"href":"https:\/\/www.theconservative.online\/it\/wp-json\/wp\/v2\/regions?post=62447"},{"taxonomy":"types","embeddable":true,"href":"https:\/\/www.theconservative.online\/it\/wp-json\/wp\/v2\/types?post=62447"}],"curies":[{"name":"wp","href":"https:\/\/api.w.org\/{rel}","templated":true}]}}