{"id":62921,"date":"2026-08-31T13:57:52","date_gmt":"2026-08-31T13:57:52","guid":{"rendered":"https:\/\/www.theconservative.online\/il-no-islandese-e-leuropa-delle-nazioni"},"modified":"2026-08-31T13:57:52","modified_gmt":"2026-08-31T13:57:52","slug":"il-no-islandese-e-leuropa-delle-nazioni","status":"publish","type":"post","link":"https:\/\/www.theconservative.online\/it\/il-no-islandese-e-leuropa-delle-nazioni","title":{"rendered":"Il \u201cNo\u201d islandese e l\u2019Europa delle Nazioni"},"content":{"rendered":"<p><em>Rifiutando la ripresa dei negoziati di adesione all\u2019UE, gli islandesi hanno difeso il controllo sulle proprie risorse e hanno sostenuto una forma di cooperazione europea che lascia l\u2019autorit\u00e0 democratica pi\u00f9 vicina a casa.<\/em><\/p>\n<p>Bruxelles si era illusa che l\u2019Islanda potesse diventare il caso di allargamento pi\u00f9 facile per l\u2019Unione Europea. Il Paese \u00e8 ricco, democratico e gi\u00e0 ben integrato in gran parte dell\u2019ordinamento commerciale e giuridico europeo. Eppure, il 29 agosto, gli islandesi hanno rifiutato persino di riaprire i negoziati di adesione abbandonati pi\u00f9 di un decennio fa. <a href=\"https:\/\/www.internazionale.it\/ultime-notizie-reuters\/2026\/08\/30\/iceland-votes-on-whether-to-start-eu-membership-talks\">Il risultato finale<\/a> \u00e8 stato del 52,8% di \u00abNo\u00bb e del 47,2% di \u00abS\u00ec\u00bb, con un\u2019affluenza alle urne dell\u201982,5%. Questa partecipazione insolitamente alta conferisce alla decisione un peso democratico che il margine risicato non sminuisce.<\/p><div class='related_content'><span>RELATED<\/span><ul><li><a href='https:\/\/www.theconservative.online\/it\/alcune-riflessioni-dopo-il-discorso-del-commissario-per-lallargamento-a-zagabria'>Alcune riflessioni dopo il discorso del Commissario per l\u2019allargamento a Zagabria<\/li><\/a><li><a href='https:\/\/www.theconservative.online\/it\/perche-lislanda-ha-rifiutato-di-entrare-nellue'>Perch\u00e9 l\u2019Islanda ha rifiutato di entrare nell\u2019UE<\/li><\/a><li><a href='https:\/\/www.theconservative.online\/it\/la-svolta-industriale-delleuropa-mette-in-primo-piano-la-cina-lenergia-e-gli-investimenti'>La svolta industriale dell&#8217;Europa mette in primo piano la Cina, l&#8217;energia e gli investimenti<\/li><\/a><\/ul><\/div>\n<p>La formulazione \u00e8 importante. L\u2019Islanda non ha votato su un trattato di adesione gi\u00e0 pronto, n\u00e9 ha votato per tagliare i ponti con il continente. La domanda del referendum chiedeva se il governo dovesse riprendere i negoziati di adesione. Un \u00abS\u00ec\u00bb avrebbe semplicemente dato il via ai negoziati, con la promessa di un altro referendum prima che l\u2019adesione potesse diventare effettiva. L\u2019elettorato ha respinto persino quel mandato preliminare. Non \u00e8 stato un voto contro l\u2019Europa; \u00e8 stato un rifiuto di accettare che una cooperazione europea pi\u00f9 stretta debba portare, prima o poi, all\u2019adesione politica all\u2019Unione.<\/p>\n<p>Il governo di centro-sinistra aveva cercato di sostenere la propria causa in circostanze insolitamente favorevoli. Il crollo dei vecchi presupposti commerciali, le tensioni nell\u2019Artico e il ripetuto interesse del presidente Donald Trump ad acquisire la vicina Groenlandia erano stati presentati come motivi per cercare rifugio in un blocco politico pi\u00f9 ampio. I sostenitori sostenevano inoltre che un\u2019eventuale adesione all\u2019euro avrebbe potuto alleviare gli alti tassi di interesse e le pressioni sul costo della vita in Islanda. Per un po\u2019, i sondaggi suggerivano che potesse prevalere un cauto \u00abs\u00ec\u00bb ai negoziati. Invece, gli elettori hanno separato i veri problemi del loro Paese dalla risposta istituzionale proposta dal governo.<\/p>\n<p>La mappa dei voti racconta solo una parte della storia. Solo i due collegi elettorali centrali di Reykjav\u00edk hanno sostenuto la ripresa dei negoziati; la periferia della capitale e il resto del Paese hanno votato \u201cNo\u201d. Questa divisione non dovrebbe essere ridotta alla vecchia abitudine metropolitana di considerare la cautela rurale come ignoranza. Fuori dalla capitale, i costi del trasferimento di competenze in materia di territorio, produzione alimentare e risorse marine sono ben pi\u00f9 concreti. Le comunit\u00e0 che vivono di questi settori sanno esattamente quali decisioni sarebbero oggetto di negoziazione a Bruxelles e quali garanzie nazionali potrebbero diventare eccezioni temporanee.<\/p>\n<p>La pesca \u00e8 stata determinante perch\u00e9 non \u00e8 n\u00e9 un pezzo da museo n\u00e9 un simbolo di campagna elettorale. Il settore contribuisce per circa il 15% alla produzione islandese, se si considerano le attivit\u00e0 dirette e indirette, e per circa il 40% dei proventi da esportazione. Il controllo delle zone di pesca \u00e8 stato conquistato attraverso un duro conflitto politico durante le \u201cguerre del merluzzo\u201d e rimane strettamente legato al concetto di indipendenza del Paese. La Politica Comune della Pesca dell\u2019Unione Europea potrebbe effettivamente consentire una certa flessibilit\u00e0 negoziale, come hanno sostenuto i suoi difensori. Gli islandesi avevano tutto il diritto di chiedersi cosa sarebbe successo una volta che tale flessibilit\u00e0 si fosse scontrata con una futura maggioranza qualificata, una nuova Commissione o rivendicazioni contrastanti da parte degli Stati membri pi\u00f9 grandi.<\/p>\n<p>La leader dell\u2019opposizione Gu\u00f0r\u00fan Hafsteinsd\u00f3ttir ha espresso l\u2019argomento economico con utile schiettezza durante la campagna: i problemi interni dell\u2019Islanda devono essere risolti dai politici islandesi, non sono compiti da affidare a Bruxelles. Era ben pi\u00f9 di uno slogan. L\u2019adesione all\u2019Unione pu\u00f2 modificare il quadro in cui i governi agiscono, ma non pu\u00f2 sollevare i leader nazionali dalla responsabilit\u00e0 in materia di alloggi, inflazione, produttivit\u00e0 o spesa pubblica. La promessa che l\u2019euro avrebbe disciplinato la politica islandese era anche un\u2019ammissione che il Paese avrebbe rinunciato al tasso di cambio e agli strumenti monetari con cui aveva reagito agli shock precedenti. Agli elettori \u00e8 stato proposto un compromesso, non un miglioramento senza costi.<\/p>\n<p>L\u2019Islanda potrebbe fare questa scelta perch\u00e9 ha gi\u00e0 un accordo europeo funzionante, anche se non perfetto. Grazie allo <a href=\"https:\/\/www.efta.int\/eea-relations-eu\/qa-about-eea-agreement\">Spazio economico europeo<\/a>, in vigore dal 1994, l\u2019Islanda fa parte del mercato unico insieme alla Norvegia e al Liechtenstein. Merci, servizi, capitali e persone circolano secondo regole comuni. L\u2019Islanda fa anche parte dello spazio Schengen e rimane membro dell\u2019Associazione europea di libero scambio. Il SEE non copre le politiche comuni dell\u2019UE in materia di agricoltura e pesca, l\u2019unione doganale, la politica commerciale comune n\u00e9 l\u2019unione economica e monetaria. Queste esclusioni lasciano spazio alle scelte nazionali proprio laddove gli elettori islandesi lo ritengono pi\u00f9 importante.<\/p>\n<p>Questo accordo presenta un vero e proprio punto debole. L\u2019Islanda adotta gran parte della legislazione del mercato unico senza avere n\u00e9 seggi n\u00e9 diritto di voto nel Parlamento europeo e nel Consiglio dell\u2019Unione europea. Gli Stati del SEE possono contribuire a definire le proposte nelle fasi iniziali, ma non partecipano alle decisioni finali formali dell\u2019Unione. Chi si \u00e8 schierato a favore dell\u2019adesione ha fatto bene a sottolineare questo deficit democratico. Ma la risposta dipende da cosa un paese ritiene pi\u00f9 importante: avere voce in capitolo all\u2019interno di istituzioni con poteri pi\u00f9 ampi, oppure la possibilit\u00e0 di mantenere certi poteri del tutto al di fuori di quelle istituzioni. Sabato, la maggioranza ha preferito il secondo equilibrio. La prima ministra Kristr\u00fan Frostad\u00f3ttir ha preso atto del messaggio, affermando che una lezione importante \u00e8 che la gente \u00e8 soddisfatta del SEE.<\/p>\n<p>Alcuni federalisti risponderanno che il SEE permette all\u2019Islanda di godere dell\u2019accesso al mercato evitando le responsabilit\u00e0 derivanti dall\u2019adesione. Questa critica ha senso solo se ogni vantaggio della cooperazione economica dovesse essere pagato con l\u2019integrazione politica. L\u2019Islanda contribuisce ai programmi pertinenti, accetta la supervisione delle istituzioni dell\u2019EFTA e recepisce una parte consistente della normativa del mercato unico. Il suo accordo non \u00e8 gratuito, n\u00e9 si tratta di isolamento sovrano. \u00c8 una ripartizione negoziata delle responsabilit\u00e0. Il fatto che l\u2019Unione accetti un accordo del genere dimostra che l\u2019Europa possiede gi\u00e0 pi\u00f9 di un\u2019architettura costituzionale. Il referendum chiedeva se gli islandesi volessero sostituire la loro con un\u2019altra. E non l\u2019hanno fatto.<\/p>\n<p>La questione della sicurezza non ha ribaltato questa valutazione. L\u2019Islanda \u00e8 un membro fondatore della NATO, non ha un esercito permanente e fa grande affidamento sui suoi rapporti di difesa con gli Stati Uniti. La sua posizione geografica \u00e8 diventata pi\u00f9 importante ora che l\u2019Atlantico settentrionale e l\u2019Artico tornano al centro della competizione tra le grandi potenze. Questi fatti richiedono investimenti pi\u00f9 consistenti nella resilienza nazionale, nei porti, nella sorveglianza e nell\u2019accesso alle forze alleate. Non dimostrano per\u00f2 che l\u2019adesione all\u2019UE fornirebbe una garanzia di sicurezza sostitutiva. Il governo ha chiesto agli elettori di considerare le preoccupazioni geopolitiche come un argomento a favore dei negoziati di adesione; l\u2019elettorato ha rifiutato di fondere due questioni distinte in un\u2019unica questione.<\/p>\n<p>Per Bruxelles, il risultato \u00e8 ben pi\u00f9 che un\u2019occasione persa in termini di immagine. L\u2019Islanda non avrebbe avuto bisogno di quella riorganizzazione istituzionale richiesta a molti dei candidati attuali. La sua adesione avrebbe potuto essere presentata come la prova che l\u2019allargamento continua ad attrarre democrazie prospere e consolidate anche dopo la Brexit. Ma l\u2019allargamento non pu\u00f2 essere giustificato solo dalla preparazione amministrativa di un candidato. Richiede anche il consenso duraturo delle persone a cui si chiede di cedere parte dei propri poteri. Se quel consenso manca anche in un partner stretto, la risposta giusta non \u00e8 quella di patologizzare gli elettori, ma di chiedersi perch\u00e9 l\u2019offerta dell\u2019Unione non sia riuscita a superare il valore dello status quo.<\/p>\n<p>La prima reazione dell\u2019UE \u00e8 stata opportunamente misurata. Il presidente del Consiglio europeo Ant\u00f3nio Costa ha detto a Frostad\u00f3ttir che l\u2019Unione <a href=\"https:\/\/www.euronews.com\/my-europe\/2026\/08\/30\/a-close-partner-eu-offers-muted-reaction-after-iceland-rebuffs-accession-talks\">rispetta pienamente la scelta democratica<\/a>, mentre un portavoce ha descritto l\u2019Islanda come uno dei suoi partner pi\u00f9 stretti e affidabili. Queste parole dovrebbero diventare una linea politica. Un ordine europeo maturo deve essere in grado di mantenere relazioni solide con paesi che scelgono diversi livelli di integrazione. Il partenariato non dovrebbe essere visto come una sala d\u2019attesa in cui ogni democrazia europea di successo \u00e8 destinata, prima o poi, a chiedere l\u2019adesione a pieno titolo.<\/p>\n<p>Dietro la decisione islandese c\u2019\u00e8 un\u2019idea europea di stampo conservatore. La <a href=\"https:\/\/ecrparty.eu\/about-us\/\">Dichiarazione di Reykjav\u00edk<\/a> parla di un\u2019Europa di nazioni indipendenti che collaborano per il reciproco vantaggio, pur conservando la propria identit\u00e0 e integrit\u00e0. Afferma inoltre l\u2019uguaglianza delle democrazie europee a prescindere dalle associazioni internazionali a cui aderiscono e favorisce l\u2019esercizio del potere al livello pi\u00f9 basso possibile. Questi principi non implicano ostilit\u00e0 verso l\u2019UE. Richiedono piuttosto che l\u2019Unione rimanga uno strumento di cooperazione, soggetto al consenso democratico, piuttosto che l\u2019unico metro di misura della legittimit\u00e0 europea di un paese.<\/p>\n<p>L\u2019attuale accordo dell\u2019Islanda continuer\u00e0 a essere oggetto di discussione, come \u00e8 giusto che sia. Il SEE impone delle regole oltre ad aprire i mercati, e il dibattito sulla moneta non scomparir\u00e0. N\u00e9 si dovrebbe confondere una maggioranza del 52,8% con una soluzione definitiva in un Paese diviso. Ha comunque chiarito una questione per il mandato di questo governo: la cooperazione con l\u2019Europa non comporta l\u2019obbligo di entrare nell\u2019Unione. Bruxelles farebbe bene ad accettare questa distinzione. Un\u2019Europa abbastanza sicura di s\u00e9 da accogliere diverse forme di appartenenza sar\u00e0 pi\u00f9 forte di una che vede l\u2019adesione come l\u2019unica destinazione rispettabile.<\/p>\n<\/p>","protected":false},"excerpt":{"rendered":"<p>Rifiutando la ripresa dei negoziati di adesione all\u2019UE, gli islandesi hanno difeso il controllo sulle proprie risorse e hanno sostenuto una forma di cooperazione europea che lascia l\u2019autorit\u00e0 democratica pi\u00f9 vicina a casa. Bruxelles si era illusa che l\u2019Islanda potesse diventare il caso di allargamento pi\u00f9 facile per l\u2019Unione Europea. Il Paese \u00e8 ricco, democratico [&hellip;]<\/p>\n","protected":false},"author":81,"featured_media":62839,"comment_status":"closed","ping_status":"closed","sticky":false,"template":"","format":"standard","meta":{"footnotes":""},"categories":[1466,257,162],"tags":[3388,599,3483,72,2706],"editorial-positions":[42],"regions":[340],"types":[451],"class_list":["post-62921","post","type-post","status-publish","format-standard","has-post-thumbnail","hentry","category-costruire-uneuropa-conservatrice","category-legale","category-politica-it","tag-european-economic-area","tag-european-union","tag-fisheries-policy","tag-iceland","tag-national-sovereignty","editorial-positions-focus","regions-northern-europe-it","types-opinion-it"],"yoast_head":"<!-- This site is optimized with the Yoast SEO plugin v28.0 - https:\/\/yoast.com\/product\/yoast-seo-wordpress\/ -->\n<title>Il \u201cNo\u201d islandese e l\u2019Europa delle Nazioni - The Conservative<\/title>\n<meta name=\"robots\" content=\"index, follow, max-snippet:-1, max-image-preview:large, max-video-preview:-1\" \/>\n<link rel=\"canonical\" href=\"https:\/\/www.theconservative.online\/it\/il-no-islandese-e-leuropa-delle-nazioni\" \/>\n<meta property=\"og:locale\" content=\"it_IT\" \/>\n<meta property=\"og:type\" content=\"article\" \/>\n<meta property=\"og:title\" content=\"Il \u201cNo\u201d islandese e l\u2019Europa delle Nazioni - The Conservative\" \/>\n<meta property=\"og:description\" content=\"Rifiutando la ripresa dei negoziati di adesione all\u2019UE, gli islandesi hanno difeso il controllo sulle proprie risorse e hanno sostenuto una forma di cooperazione europea che lascia l\u2019autorit\u00e0 democratica pi\u00f9 vicina a casa. Bruxelles si era illusa che l\u2019Islanda potesse diventare il caso di allargamento pi\u00f9 facile per l\u2019Unione Europea. Il Paese \u00e8 ricco, democratico [&hellip;]\" \/>\n<meta property=\"og:url\" content=\"https:\/\/www.theconservative.online\/it\/il-no-islandese-e-leuropa-delle-nazioni\" \/>\n<meta property=\"og:site_name\" content=\"The Conservative\" \/>\n<meta property=\"article:published_time\" content=\"2026-08-31T13:57:52+00:00\" \/>\n<meta property=\"og:image\" content=\"https:\/\/www.theconservative.online\/wp-content\/uploads\/2026\/08\/shutterstock_2575159489.jpg\" \/>\n\t<meta property=\"og:image:width\" content=\"1000\" \/>\n\t<meta property=\"og:image:height\" content=\"667\" \/>\n\t<meta property=\"og:image:type\" content=\"image\/jpeg\" \/>\n<meta name=\"author\" content=\"Ulderico de Laurentiis\" \/>\n<meta name=\"twitter:card\" content=\"summary_large_image\" \/>\n<meta name=\"twitter:label1\" content=\"Scritto da\" \/>\n\t<meta name=\"twitter:data1\" content=\"Ulderico de Laurentiis\" \/>\n\t<meta name=\"twitter:label2\" content=\"Tempo di lettura stimato\" \/>\n\t<meta name=\"twitter:data2\" content=\"8 minuti\" \/>\n<script type=\"application\/ld+json\" class=\"yoast-schema-graph\">{\"@context\":\"https:\\\/\\\/schema.org\",\"@graph\":[{\"@type\":\"Article\",\"@id\":\"https:\\\/\\\/www.theconservative.online\\\/it\\\/il-no-islandese-e-leuropa-delle-nazioni#article\",\"isPartOf\":{\"@id\":\"https:\\\/\\\/www.theconservative.online\\\/it\\\/il-no-islandese-e-leuropa-delle-nazioni\"},\"author\":{\"name\":\"Ulderico de Laurentiis\",\"@id\":\"https:\\\/\\\/www.theconservative.online\\\/it#\\\/schema\\\/person\\\/52a2ddf2ed90ed779b2354583416c4bb\"},\"headline\":\"Il \u201cNo\u201d islandese e l\u2019Europa delle Nazioni\",\"datePublished\":\"2026-08-31T13:57:52+00:00\",\"mainEntityOfPage\":{\"@id\":\"https:\\\/\\\/www.theconservative.online\\\/it\\\/il-no-islandese-e-leuropa-delle-nazioni\"},\"wordCount\":1603,\"image\":{\"@id\":\"https:\\\/\\\/www.theconservative.online\\\/it\\\/il-no-islandese-e-leuropa-delle-nazioni#primaryimage\"},\"thumbnailUrl\":\"https:\\\/\\\/www.theconservative.online\\\/wp-content\\\/uploads\\\/2026\\\/08\\\/shutterstock_2575159489.jpg\",\"keywords\":[\"European Economic Area\",\"European Union\",\"Fisheries Policy\",\"Iceland\",\"National Sovereignty\"],\"articleSection\":[\"Costruire un\u2019Europa conservatrice\",\"Legale\",\"Politica\"],\"inLanguage\":\"it-IT\"},{\"@type\":\"WebPage\",\"@id\":\"https:\\\/\\\/www.theconservative.online\\\/it\\\/il-no-islandese-e-leuropa-delle-nazioni\",\"url\":\"https:\\\/\\\/www.theconservative.online\\\/it\\\/il-no-islandese-e-leuropa-delle-nazioni\",\"name\":\"Il \u201cNo\u201d islandese e l\u2019Europa delle Nazioni - The Conservative\",\"isPartOf\":{\"@id\":\"https:\\\/\\\/www.theconservative.online\\\/it#website\"},\"primaryImageOfPage\":{\"@id\":\"https:\\\/\\\/www.theconservative.online\\\/it\\\/il-no-islandese-e-leuropa-delle-nazioni#primaryimage\"},\"image\":{\"@id\":\"https:\\\/\\\/www.theconservative.online\\\/it\\\/il-no-islandese-e-leuropa-delle-nazioni#primaryimage\"},\"thumbnailUrl\":\"https:\\\/\\\/www.theconservative.online\\\/wp-content\\\/uploads\\\/2026\\\/08\\\/shutterstock_2575159489.jpg\",\"datePublished\":\"2026-08-31T13:57:52+00:00\",\"author\":{\"@id\":\"https:\\\/\\\/www.theconservative.online\\\/it#\\\/schema\\\/person\\\/52a2ddf2ed90ed779b2354583416c4bb\"},\"breadcrumb\":{\"@id\":\"https:\\\/\\\/www.theconservative.online\\\/it\\\/il-no-islandese-e-leuropa-delle-nazioni#breadcrumb\"},\"inLanguage\":\"it-IT\",\"potentialAction\":[{\"@type\":\"ReadAction\",\"target\":[\"https:\\\/\\\/www.theconservative.online\\\/it\\\/il-no-islandese-e-leuropa-delle-nazioni\"]}]},{\"@type\":\"ImageObject\",\"inLanguage\":\"it-IT\",\"@id\":\"https:\\\/\\\/www.theconservative.online\\\/it\\\/il-no-islandese-e-leuropa-delle-nazioni#primaryimage\",\"url\":\"https:\\\/\\\/www.theconservative.online\\\/wp-content\\\/uploads\\\/2026\\\/08\\\/shutterstock_2575159489.jpg\",\"contentUrl\":\"https:\\\/\\\/www.theconservative.online\\\/wp-content\\\/uploads\\\/2026\\\/08\\\/shutterstock_2575159489.jpg\",\"width\":1000,\"height\":667},{\"@type\":\"BreadcrumbList\",\"@id\":\"https:\\\/\\\/www.theconservative.online\\\/it\\\/il-no-islandese-e-leuropa-delle-nazioni#breadcrumb\",\"itemListElement\":[{\"@type\":\"ListItem\",\"position\":1,\"name\":\"Home\",\"item\":\"https:\\\/\\\/www.theconservative.online\\\/it\"},{\"@type\":\"ListItem\",\"position\":2,\"name\":\"Il \u201cNo\u201d islandese e l\u2019Europa delle Nazioni\"}]},{\"@type\":\"WebSite\",\"@id\":\"https:\\\/\\\/www.theconservative.online\\\/it#website\",\"url\":\"https:\\\/\\\/www.theconservative.online\\\/it\",\"name\":\"The Conservative\",\"description\":\"\",\"potentialAction\":[{\"@type\":\"SearchAction\",\"target\":{\"@type\":\"EntryPoint\",\"urlTemplate\":\"https:\\\/\\\/www.theconservative.online\\\/it?s={search_term_string}\"},\"query-input\":{\"@type\":\"PropertyValueSpecification\",\"valueRequired\":true,\"valueName\":\"search_term_string\"}}],\"inLanguage\":\"it-IT\"},{\"@type\":\"Person\",\"@id\":\"https:\\\/\\\/www.theconservative.online\\\/it#\\\/schema\\\/person\\\/52a2ddf2ed90ed779b2354583416c4bb\",\"name\":\"Ulderico de Laurentiis\",\"image\":{\"@type\":\"ImageObject\",\"inLanguage\":\"it-IT\",\"@id\":\"https:\\\/\\\/secure.gravatar.com\\\/avatar\\\/c975100d71d02e389336f3ee1e1205f2a988b979b3af1bde32d899ff60a0e1ca?s=96&d=mm&r=g\",\"url\":\"https:\\\/\\\/secure.gravatar.com\\\/avatar\\\/c975100d71d02e389336f3ee1e1205f2a988b979b3af1bde32d899ff60a0e1ca?s=96&d=mm&r=g\",\"contentUrl\":\"https:\\\/\\\/secure.gravatar.com\\\/avatar\\\/c975100d71d02e389336f3ee1e1205f2a988b979b3af1bde32d899ff60a0e1ca?s=96&d=mm&r=g\",\"caption\":\"Ulderico de Laurentiis\"},\"url\":\"https:\\\/\\\/www.theconservative.online\\\/it\\\/author\\\/youcom-euspec-2025-26\"}]}<\/script>\n<!-- \/ Yoast SEO plugin. -->","yoast_head_json":{"title":"Il \u201cNo\u201d islandese e l\u2019Europa delle Nazioni - The Conservative","robots":{"index":"index","follow":"follow","max-snippet":"max-snippet:-1","max-image-preview":"max-image-preview:large","max-video-preview":"max-video-preview:-1"},"canonical":"https:\/\/www.theconservative.online\/it\/il-no-islandese-e-leuropa-delle-nazioni","og_locale":"it_IT","og_type":"article","og_title":"Il \u201cNo\u201d islandese e l\u2019Europa delle Nazioni - The Conservative","og_description":"Rifiutando la ripresa dei negoziati di adesione all\u2019UE, gli islandesi hanno difeso il controllo sulle proprie risorse e hanno sostenuto una forma di cooperazione europea che lascia l\u2019autorit\u00e0 democratica pi\u00f9 vicina a casa. Bruxelles si era illusa che l\u2019Islanda potesse diventare il caso di allargamento pi\u00f9 facile per l\u2019Unione Europea. Il Paese \u00e8 ricco, democratico [&hellip;]","og_url":"https:\/\/www.theconservative.online\/it\/il-no-islandese-e-leuropa-delle-nazioni","og_site_name":"The Conservative","article_published_time":"2026-08-31T13:57:52+00:00","og_image":[{"width":1000,"height":667,"url":"https:\/\/www.theconservative.online\/wp-content\/uploads\/2026\/08\/shutterstock_2575159489.jpg","type":"image\/jpeg"}],"author":"Ulderico de Laurentiis","twitter_card":"summary_large_image","twitter_misc":{"Scritto da":"Ulderico de Laurentiis","Tempo di lettura stimato":"8 minuti"},"schema":{"@context":"https:\/\/schema.org","@graph":[{"@type":"Article","@id":"https:\/\/www.theconservative.online\/it\/il-no-islandese-e-leuropa-delle-nazioni#article","isPartOf":{"@id":"https:\/\/www.theconservative.online\/it\/il-no-islandese-e-leuropa-delle-nazioni"},"author":{"name":"Ulderico de Laurentiis","@id":"https:\/\/www.theconservative.online\/it#\/schema\/person\/52a2ddf2ed90ed779b2354583416c4bb"},"headline":"Il \u201cNo\u201d islandese e l\u2019Europa delle Nazioni","datePublished":"2026-08-31T13:57:52+00:00","mainEntityOfPage":{"@id":"https:\/\/www.theconservative.online\/it\/il-no-islandese-e-leuropa-delle-nazioni"},"wordCount":1603,"image":{"@id":"https:\/\/www.theconservative.online\/it\/il-no-islandese-e-leuropa-delle-nazioni#primaryimage"},"thumbnailUrl":"https:\/\/www.theconservative.online\/wp-content\/uploads\/2026\/08\/shutterstock_2575159489.jpg","keywords":["European Economic Area","European Union","Fisheries Policy","Iceland","National Sovereignty"],"articleSection":["Costruire un\u2019Europa conservatrice","Legale","Politica"],"inLanguage":"it-IT"},{"@type":"WebPage","@id":"https:\/\/www.theconservative.online\/it\/il-no-islandese-e-leuropa-delle-nazioni","url":"https:\/\/www.theconservative.online\/it\/il-no-islandese-e-leuropa-delle-nazioni","name":"Il \u201cNo\u201d islandese e l\u2019Europa delle Nazioni - The Conservative","isPartOf":{"@id":"https:\/\/www.theconservative.online\/it#website"},"primaryImageOfPage":{"@id":"https:\/\/www.theconservative.online\/it\/il-no-islandese-e-leuropa-delle-nazioni#primaryimage"},"image":{"@id":"https:\/\/www.theconservative.online\/it\/il-no-islandese-e-leuropa-delle-nazioni#primaryimage"},"thumbnailUrl":"https:\/\/www.theconservative.online\/wp-content\/uploads\/2026\/08\/shutterstock_2575159489.jpg","datePublished":"2026-08-31T13:57:52+00:00","author":{"@id":"https:\/\/www.theconservative.online\/it#\/schema\/person\/52a2ddf2ed90ed779b2354583416c4bb"},"breadcrumb":{"@id":"https:\/\/www.theconservative.online\/it\/il-no-islandese-e-leuropa-delle-nazioni#breadcrumb"},"inLanguage":"it-IT","potentialAction":[{"@type":"ReadAction","target":["https:\/\/www.theconservative.online\/it\/il-no-islandese-e-leuropa-delle-nazioni"]}]},{"@type":"ImageObject","inLanguage":"it-IT","@id":"https:\/\/www.theconservative.online\/it\/il-no-islandese-e-leuropa-delle-nazioni#primaryimage","url":"https:\/\/www.theconservative.online\/wp-content\/uploads\/2026\/08\/shutterstock_2575159489.jpg","contentUrl":"https:\/\/www.theconservative.online\/wp-content\/uploads\/2026\/08\/shutterstock_2575159489.jpg","width":1000,"height":667},{"@type":"BreadcrumbList","@id":"https:\/\/www.theconservative.online\/it\/il-no-islandese-e-leuropa-delle-nazioni#breadcrumb","itemListElement":[{"@type":"ListItem","position":1,"name":"Home","item":"https:\/\/www.theconservative.online\/it"},{"@type":"ListItem","position":2,"name":"Il \u201cNo\u201d islandese e l\u2019Europa delle Nazioni"}]},{"@type":"WebSite","@id":"https:\/\/www.theconservative.online\/it#website","url":"https:\/\/www.theconservative.online\/it","name":"The Conservative","description":"","potentialAction":[{"@type":"SearchAction","target":{"@type":"EntryPoint","urlTemplate":"https:\/\/www.theconservative.online\/it?s={search_term_string}"},"query-input":{"@type":"PropertyValueSpecification","valueRequired":true,"valueName":"search_term_string"}}],"inLanguage":"it-IT"},{"@type":"Person","@id":"https:\/\/www.theconservative.online\/it#\/schema\/person\/52a2ddf2ed90ed779b2354583416c4bb","name":"Ulderico de Laurentiis","image":{"@type":"ImageObject","inLanguage":"it-IT","@id":"https:\/\/secure.gravatar.com\/avatar\/c975100d71d02e389336f3ee1e1205f2a988b979b3af1bde32d899ff60a0e1ca?s=96&d=mm&r=g","url":"https:\/\/secure.gravatar.com\/avatar\/c975100d71d02e389336f3ee1e1205f2a988b979b3af1bde32d899ff60a0e1ca?s=96&d=mm&r=g","contentUrl":"https:\/\/secure.gravatar.com\/avatar\/c975100d71d02e389336f3ee1e1205f2a988b979b3af1bde32d899ff60a0e1ca?s=96&d=mm&r=g","caption":"Ulderico de Laurentiis"},"url":"https:\/\/www.theconservative.online\/it\/author\/youcom-euspec-2025-26"}]}},"acf":[],"_links":{"self":[{"href":"https:\/\/www.theconservative.online\/it\/wp-json\/wp\/v2\/posts\/62921","targetHints":{"allow":["GET"]}}],"collection":[{"href":"https:\/\/www.theconservative.online\/it\/wp-json\/wp\/v2\/posts"}],"about":[{"href":"https:\/\/www.theconservative.online\/it\/wp-json\/wp\/v2\/types\/post"}],"author":[{"embeddable":true,"href":"https:\/\/www.theconservative.online\/it\/wp-json\/wp\/v2\/users\/81"}],"replies":[{"embeddable":true,"href":"https:\/\/www.theconservative.online\/it\/wp-json\/wp\/v2\/comments?post=62921"}],"version-history":[{"count":0,"href":"https:\/\/www.theconservative.online\/it\/wp-json\/wp\/v2\/posts\/62921\/revisions"}],"wp:featuredmedia":[{"embeddable":true,"href":"https:\/\/www.theconservative.online\/it\/wp-json\/wp\/v2\/media\/62839"}],"wp:attachment":[{"href":"https:\/\/www.theconservative.online\/it\/wp-json\/wp\/v2\/media?parent=62921"}],"wp:term":[{"taxonomy":"category","embeddable":true,"href":"https:\/\/www.theconservative.online\/it\/wp-json\/wp\/v2\/categories?post=62921"},{"taxonomy":"post_tag","embeddable":true,"href":"https:\/\/www.theconservative.online\/it\/wp-json\/wp\/v2\/tags?post=62921"},{"taxonomy":"editorial-positions","embeddable":true,"href":"https:\/\/www.theconservative.online\/it\/wp-json\/wp\/v2\/editorial-positions?post=62921"},{"taxonomy":"regions","embeddable":true,"href":"https:\/\/www.theconservative.online\/it\/wp-json\/wp\/v2\/regions?post=62921"},{"taxonomy":"types","embeddable":true,"href":"https:\/\/www.theconservative.online\/it\/wp-json\/wp\/v2\/types?post=62921"}],"curies":[{"name":"wp","href":"https:\/\/api.w.org\/{rel}","templated":true}]}}