{"id":62922,"date":"2026-08-31T13:57:45","date_gmt":"2026-08-31T13:57:45","guid":{"rendered":"https:\/\/www.theconservative.online\/alcune-riflessioni-dopo-il-discorso-del-commissario-per-lallargamento-a-zagabria"},"modified":"2026-08-31T13:57:45","modified_gmt":"2026-08-31T13:57:45","slug":"alcune-riflessioni-dopo-il-discorso-del-commissario-per-lallargamento-a-zagabria","status":"publish","type":"post","link":"https:\/\/www.theconservative.online\/it\/alcune-riflessioni-dopo-il-discorso-del-commissario-per-lallargamento-a-zagabria","title":{"rendered":"Alcune riflessioni dopo il discorso del Commissario per l\u2019allargamento a Zagabria"},"content":{"rendered":"<p style=\"font-weight: 400;\">Ventidue anni dopo la pi\u00f9 grande ondata di allargamento nella storia dell\u2019Unione Europea \u2013 quando 10 paesi sono diventati ufficialmente membri \u2013 e tredici anni dopo l\u2019adesione della Croazia, il tema dell\u2019allargamento dell\u2019UE \u00e8 tornato ad essere una questione scottante. \u00c8 il periodo pi\u00f9 lungo trascorso dall\u2019ultima adesione, e le prospettive e le sfide di un\u2019Unione pi\u00f9 grande sono notevoli. In vista del vertice del Consiglio europeo di met\u00e0 ottobre, il commissario per l\u2019Allargamento ha recentemente illustrato la visione \u201criformista\u201d della Commissione per le future adesioni.<\/p>\n<p style=\"font-weight: 400;\">In un discorso tenuto il 24 agosto a Zagabria, Marta Kos ha sottolineato l\u2019importanza di rispettare gli impegni presi, i vantaggi di un\u2019integrazione graduale, un processo decisionale pi\u00f9 flessibile e garanzie pi\u00f9 solide per rafforzare lo Stato di diritto e i meccanismi democratici.<\/p><div class='related_content'><span>RELATED<\/span><ul><li><a href='https:\/\/www.theconservative.online\/it\/il-no-islandese-e-leuropa-delle-nazioni'>Il \u201cNo\u201d islandese e l\u2019Europa delle Nazioni<\/li><\/a><li><a href='https:\/\/www.theconservative.online\/it\/perche-lislanda-ha-rifiutato-di-entrare-nellue'>Perch\u00e9 l\u2019Islanda ha rifiutato di entrare nell\u2019UE<\/li><\/a><li><a href='https:\/\/www.theconservative.online\/it\/la-svolta-industriale-delleuropa-mette-in-primo-piano-la-cina-lenergia-e-gli-investimenti'>La svolta industriale dell&#8217;Europa mette in primo piano la Cina, l&#8217;energia e gli investimenti<\/li><\/a><\/ul><\/div>\n<p style=\"font-weight: 400;\">Al di l\u00e0 dei luoghi comuni, come il fatto che i paesi candidati debbano rispettare davvero i \u201cnostri valori comuni\u201d, di certe dichiarazioni enfatiche o degli elogi alla Croazia e ai suoi risultati, il commissario Kos ha elogiato  <em>i progressi senza precedenti<\/em>  fatte quest\u2019anno riguardo al processo di allargamento. Da un lato, c\u2019\u00e8 il Montenegro, che \u00e8 il pi\u00f9 vicino all\u2019adesione all\u2019UE; l\u2019Albania, indicata come esempio per la chiusura del capitolo sullo Stato di diritto; e l\u2019Ucraina e la Repubblica di Moldavia. Per quanto riguarda l\u2019Islanda, al momento del discorso a Zagabria, si stava preparando per un referendum sulla ripresa dei negoziati di adesione; tuttavia, l\u2019esito del 29 agosto \u2013 quando il 53% dei cittadini ha votato contro \u2013 ha di fatto messo fine a quell\u2019aspirazione.<\/p>\n<p style=\"font-weight: 400;\">Al di l\u00e0 dei singoli casi, che si trovano in diverse \u201cfasi\u201d del processo di adesione, la domanda \u00e8: come capire davvero chi stiamo accogliendo all\u2019interno dei nostri confini? Un\u2019Unione che non riesce a difendere i propri confini esterni di fronte a una minaccia esistenziale, un\u2019Unione soffocata da un eccesso di regolamentazione e che promuove ideologie che minano alla radice la famiglia, la libert\u00e0 di espressione e la sovranit\u00e0 nazionale: quanto \u00e8 davvero pronta ad espandersi ulteriormente? Sarebbe come una casa a cui si aggiunge un nuovo piano mentre le fondamenta stanno crollando.<\/p>\n<p style=\"font-weight: 400;\">Il commissario Kos ritiene che il processo decisionale debba essere pi\u00f9 efficiente e flessibile \u2013 un obiettivo legittimo \u2013 ma un modo per raggiungerlo \u00e8 ridurre gli ambiti in cui un singolo Stato membro pu\u00f2 esercitare il proprio veto. In altre parole, il tipo di riforma che impedirebbe spiacevoli \u00absorprese\u00bb da parte di Stati che non si allineano pienamente a Bruxelles \u2013 un argomento che negli ultimi anni ha suscitato parecchio risentimento. Un\u2019altra espressione usata dal commissario sloveno \u00e8 stata quella di garantire che non si permetta l\u2019ingresso a \u201ccavalli di Troia\u201d, in modo che i \u201cvalori fondamentali europei\u201d e lo \u201cStato di diritto\u201d non possano pi\u00f9 essere violati. La stessa retorica fallace che le pseudo-\u00e9lite usano per ignorare i popoli e i loro interessi. Questi sono alcuni dei passi verso il recupero dell\u2019\u00abindipendenza\u00bb dell\u2019Europa, come immaginato dal commissario per l\u2019Allargamento.<\/p>\n<p style=\"font-weight: 400;\">Conosciamo fin troppo bene la retorica altisonante e le frasi vuote. L\u2019allargamento dell\u2019UE va valutato in base a quanto rafforza o indebolisce ci\u00f2 che rende l\u2019Europa tale. Un\u2019Unione Europea allargata dovrebbe significare un rafforzamento del nostro blocco, non un suo indebolimento. Porta pi\u00f9 ordine, pi\u00f9 prosperit\u00e0 e pi\u00f9 rispetto per i veri valori, la libert\u00e0 e la sovranit\u00e0? Se la risposta \u00e8 \u201cs\u00ec\u201d, allora l\u2019allargamento va accolto con favore. Ma se serve solo come strumento per un progetto ideologico su larga scala che stravolge i suoi obiettivi dichiarati \u2013 stabilit\u00e0, prosperit\u00e0 e libert\u00e0 \u2013 allora va respinto o, come minimo, considerato con la massima cautela.<\/p>\n<p style=\"font-weight: 400;\">Affinch\u00e9 l\u2019Unione Europea rimanga un\u2019unione di nazioni, \u00e8 fondamentale che scelga la chiarezza e il realismo. Altrimenti, rischia di ritrovarsi, prima o poi, trasformata in qualcosa di irriconoscibile. E a quel punto, l\u2019allargamento non sar\u00e0 altro che un altro chiodo nella bara.<\/p>\n<\/p>","protected":false},"excerpt":{"rendered":"<p>Ventidue anni dopo la pi\u00f9 grande ondata di allargamento nella storia dell\u2019Unione Europea \u2013 quando 10 paesi sono diventati ufficialmente membri \u2013 e tredici anni dopo l\u2019adesione della Croazia, il tema dell\u2019allargamento dell\u2019UE \u00e8 tornato ad essere una questione scottante. \u00c8 il periodo pi\u00f9 lungo trascorso dall\u2019ultima adesione, e le prospettive e le sfide di [&hellip;]<\/p>\n","protected":false},"author":78,"featured_media":62861,"comment_status":"closed","ping_status":"closed","sticky":false,"template":"","format":"standard","meta":{"footnotes":""},"categories":[257,162,173],"tags":[943,1305,1856,215,2692,599,72,3306,3484,3287,2589,213],"editorial-positions":[],"regions":[322,331,340,349,358],"types":[420,451],"class_list":["post-62922","post","type-post","status-publish","format-standard","has-post-thumbnail","hentry","category-legale","category-politica-it","category-saggi","tag-albania","tag-brussels","tag-croatia","tag-eu","tag-eu-enlargement","tag-european-union","tag-iceland","tag-marta-kos","tag-montenegro","tag-republic-of-moldova","tag-sovereignty","tag-ukraine","regions-central-europe-it","regions-eastern-europe-it","regions-northern-europe-it","regions-southern-europe-it","regions-western-europe-it","types-news-it","types-opinion-it"],"yoast_head":"<!-- This site is optimized with the Yoast SEO plugin v28.0 - https:\/\/yoast.com\/product\/yoast-seo-wordpress\/ -->\n<title>Alcune riflessioni dopo il discorso del Commissario per l\u2019allargamento a Zagabria - The Conservative<\/title>\n<meta name=\"robots\" content=\"index, follow, max-snippet:-1, max-image-preview:large, max-video-preview:-1\" \/>\n<link rel=\"canonical\" href=\"https:\/\/www.theconservative.online\/it\/alcune-riflessioni-dopo-il-discorso-del-commissario-per-lallargamento-a-zagabria\" \/>\n<meta property=\"og:locale\" content=\"it_IT\" \/>\n<meta property=\"og:type\" content=\"article\" \/>\n<meta property=\"og:title\" content=\"Alcune riflessioni dopo il discorso del Commissario per l\u2019allargamento a Zagabria - The Conservative\" \/>\n<meta property=\"og:description\" content=\"Ventidue anni dopo la pi\u00f9 grande ondata di allargamento nella storia dell\u2019Unione Europea \u2013 quando 10 paesi sono diventati ufficialmente membri \u2013 e tredici anni dopo l\u2019adesione della Croazia, il tema dell\u2019allargamento dell\u2019UE \u00e8 tornato ad essere una questione scottante. \u00c8 il periodo pi\u00f9 lungo trascorso dall\u2019ultima adesione, e le prospettive e le sfide di [&hellip;]\" \/>\n<meta property=\"og:url\" content=\"https:\/\/www.theconservative.online\/it\/alcune-riflessioni-dopo-il-discorso-del-commissario-per-lallargamento-a-zagabria\" \/>\n<meta property=\"og:site_name\" content=\"The Conservative\" \/>\n<meta property=\"article:published_time\" content=\"2026-08-31T13:57:45+00:00\" \/>\n<meta property=\"og:image\" content=\"https:\/\/www.theconservative.online\/wp-content\/uploads\/2026\/08\/shutterstock_2385621941.jpg\" \/>\n\t<meta property=\"og:image:width\" content=\"1000\" \/>\n\t<meta property=\"og:image:height\" content=\"667\" \/>\n\t<meta property=\"og:image:type\" content=\"image\/jpeg\" \/>\n<meta name=\"author\" content=\"Dragos Moldoveanu\" \/>\n<meta name=\"twitter:card\" content=\"summary_large_image\" \/>\n<meta name=\"twitter:label1\" content=\"Scritto da\" \/>\n\t<meta name=\"twitter:data1\" content=\"Dragos Moldoveanu\" \/>\n\t<meta name=\"twitter:label2\" content=\"Tempo di lettura stimato\" \/>\n\t<meta name=\"twitter:data2\" content=\"3 minuti\" \/>\n<script type=\"application\/ld+json\" class=\"yoast-schema-graph\">{\"@context\":\"https:\\\/\\\/schema.org\",\"@graph\":[{\"@type\":\"Article\",\"@id\":\"https:\\\/\\\/www.theconservative.online\\\/it\\\/alcune-riflessioni-dopo-il-discorso-del-commissario-per-lallargamento-a-zagabria#article\",\"isPartOf\":{\"@id\":\"https:\\\/\\\/www.theconservative.online\\\/it\\\/alcune-riflessioni-dopo-il-discorso-del-commissario-per-lallargamento-a-zagabria\"},\"author\":{\"name\":\"Dragos Moldoveanu\",\"@id\":\"https:\\\/\\\/www.theconservative.online\\\/it#\\\/schema\\\/person\\\/7a10b03a9f7406e09ce879035f4d80c1\"},\"headline\":\"Alcune riflessioni dopo il discorso del Commissario per l\u2019allargamento a Zagabria\",\"datePublished\":\"2026-08-31T13:57:45+00:00\",\"mainEntityOfPage\":{\"@id\":\"https:\\\/\\\/www.theconservative.online\\\/it\\\/alcune-riflessioni-dopo-il-discorso-del-commissario-per-lallargamento-a-zagabria\"},\"wordCount\":660,\"image\":{\"@id\":\"https:\\\/\\\/www.theconservative.online\\\/it\\\/alcune-riflessioni-dopo-il-discorso-del-commissario-per-lallargamento-a-zagabria#primaryimage\"},\"thumbnailUrl\":\"https:\\\/\\\/www.theconservative.online\\\/wp-content\\\/uploads\\\/2026\\\/08\\\/shutterstock_2385621941.jpg\",\"keywords\":[\"Albania\",\"Brussels\",\"croatia\",\"EU\",\"EU enlargement\",\"European Union\",\"Iceland\",\"Marta Kos\",\"Montenegro\",\"Republic of Moldova\",\"sovereignty\",\"Ukraine\"],\"articleSection\":[\"Legale\",\"Politica\",\"Saggi\"],\"inLanguage\":\"it-IT\"},{\"@type\":\"WebPage\",\"@id\":\"https:\\\/\\\/www.theconservative.online\\\/it\\\/alcune-riflessioni-dopo-il-discorso-del-commissario-per-lallargamento-a-zagabria\",\"url\":\"https:\\\/\\\/www.theconservative.online\\\/it\\\/alcune-riflessioni-dopo-il-discorso-del-commissario-per-lallargamento-a-zagabria\",\"name\":\"Alcune riflessioni dopo il discorso del Commissario per l\u2019allargamento a Zagabria - The Conservative\",\"isPartOf\":{\"@id\":\"https:\\\/\\\/www.theconservative.online\\\/it#website\"},\"primaryImageOfPage\":{\"@id\":\"https:\\\/\\\/www.theconservative.online\\\/it\\\/alcune-riflessioni-dopo-il-discorso-del-commissario-per-lallargamento-a-zagabria#primaryimage\"},\"image\":{\"@id\":\"https:\\\/\\\/www.theconservative.online\\\/it\\\/alcune-riflessioni-dopo-il-discorso-del-commissario-per-lallargamento-a-zagabria#primaryimage\"},\"thumbnailUrl\":\"https:\\\/\\\/www.theconservative.online\\\/wp-content\\\/uploads\\\/2026\\\/08\\\/shutterstock_2385621941.jpg\",\"datePublished\":\"2026-08-31T13:57:45+00:00\",\"author\":{\"@id\":\"https:\\\/\\\/www.theconservative.online\\\/it#\\\/schema\\\/person\\\/7a10b03a9f7406e09ce879035f4d80c1\"},\"breadcrumb\":{\"@id\":\"https:\\\/\\\/www.theconservative.online\\\/it\\\/alcune-riflessioni-dopo-il-discorso-del-commissario-per-lallargamento-a-zagabria#breadcrumb\"},\"inLanguage\":\"it-IT\",\"potentialAction\":[{\"@type\":\"ReadAction\",\"target\":[\"https:\\\/\\\/www.theconservative.online\\\/it\\\/alcune-riflessioni-dopo-il-discorso-del-commissario-per-lallargamento-a-zagabria\"]}]},{\"@type\":\"ImageObject\",\"inLanguage\":\"it-IT\",\"@id\":\"https:\\\/\\\/www.theconservative.online\\\/it\\\/alcune-riflessioni-dopo-il-discorso-del-commissario-per-lallargamento-a-zagabria#primaryimage\",\"url\":\"https:\\\/\\\/www.theconservative.online\\\/wp-content\\\/uploads\\\/2026\\\/08\\\/shutterstock_2385621941.jpg\",\"contentUrl\":\"https:\\\/\\\/www.theconservative.online\\\/wp-content\\\/uploads\\\/2026\\\/08\\\/shutterstock_2385621941.jpg\",\"width\":1000,\"height\":667},{\"@type\":\"BreadcrumbList\",\"@id\":\"https:\\\/\\\/www.theconservative.online\\\/it\\\/alcune-riflessioni-dopo-il-discorso-del-commissario-per-lallargamento-a-zagabria#breadcrumb\",\"itemListElement\":[{\"@type\":\"ListItem\",\"position\":1,\"name\":\"Home\",\"item\":\"https:\\\/\\\/www.theconservative.online\\\/it\"},{\"@type\":\"ListItem\",\"position\":2,\"name\":\"Alcune riflessioni dopo il discorso del Commissario per l\u2019allargamento a Zagabria\"}]},{\"@type\":\"WebSite\",\"@id\":\"https:\\\/\\\/www.theconservative.online\\\/it#website\",\"url\":\"https:\\\/\\\/www.theconservative.online\\\/it\",\"name\":\"The Conservative\",\"description\":\"\",\"potentialAction\":[{\"@type\":\"SearchAction\",\"target\":{\"@type\":\"EntryPoint\",\"urlTemplate\":\"https:\\\/\\\/www.theconservative.online\\\/it?s={search_term_string}\"},\"query-input\":{\"@type\":\"PropertyValueSpecification\",\"valueRequired\":true,\"valueName\":\"search_term_string\"}}],\"inLanguage\":\"it-IT\"},{\"@type\":\"Person\",\"@id\":\"https:\\\/\\\/www.theconservative.online\\\/it#\\\/schema\\\/person\\\/7a10b03a9f7406e09ce879035f4d80c1\",\"name\":\"Dragos Moldoveanu\",\"image\":{\"@type\":\"ImageObject\",\"inLanguage\":\"it-IT\",\"@id\":\"https:\\\/\\\/secure.gravatar.com\\\/avatar\\\/1975d1359c2a3183ef646321e1f6bcc60bbd4fe3f1c556f50988447a540d242c?s=96&d=mm&r=g\",\"url\":\"https:\\\/\\\/secure.gravatar.com\\\/avatar\\\/1975d1359c2a3183ef646321e1f6bcc60bbd4fe3f1c556f50988447a540d242c?s=96&d=mm&r=g\",\"contentUrl\":\"https:\\\/\\\/secure.gravatar.com\\\/avatar\\\/1975d1359c2a3183ef646321e1f6bcc60bbd4fe3f1c556f50988447a540d242c?s=96&d=mm&r=g\",\"caption\":\"Dragos Moldoveanu\"},\"url\":\"https:\\\/\\\/www.theconservative.online\\\/it\\\/author\\\/moldoveanu-euspec-2025-26\"}]}<\/script>\n<!-- \/ Yoast SEO plugin. -->","yoast_head_json":{"title":"Alcune riflessioni dopo il discorso del Commissario per l\u2019allargamento a Zagabria - The Conservative","robots":{"index":"index","follow":"follow","max-snippet":"max-snippet:-1","max-image-preview":"max-image-preview:large","max-video-preview":"max-video-preview:-1"},"canonical":"https:\/\/www.theconservative.online\/it\/alcune-riflessioni-dopo-il-discorso-del-commissario-per-lallargamento-a-zagabria","og_locale":"it_IT","og_type":"article","og_title":"Alcune riflessioni dopo il discorso del Commissario per l\u2019allargamento a Zagabria - The Conservative","og_description":"Ventidue anni dopo la pi\u00f9 grande ondata di allargamento nella storia dell\u2019Unione Europea \u2013 quando 10 paesi sono diventati ufficialmente membri \u2013 e tredici anni dopo l\u2019adesione della Croazia, il tema dell\u2019allargamento dell\u2019UE \u00e8 tornato ad essere una questione scottante. \u00c8 il periodo pi\u00f9 lungo trascorso dall\u2019ultima adesione, e le prospettive e le sfide di [&hellip;]","og_url":"https:\/\/www.theconservative.online\/it\/alcune-riflessioni-dopo-il-discorso-del-commissario-per-lallargamento-a-zagabria","og_site_name":"The Conservative","article_published_time":"2026-08-31T13:57:45+00:00","og_image":[{"width":1000,"height":667,"url":"https:\/\/www.theconservative.online\/wp-content\/uploads\/2026\/08\/shutterstock_2385621941.jpg","type":"image\/jpeg"}],"author":"Dragos Moldoveanu","twitter_card":"summary_large_image","twitter_misc":{"Scritto da":"Dragos Moldoveanu","Tempo di lettura stimato":"3 minuti"},"schema":{"@context":"https:\/\/schema.org","@graph":[{"@type":"Article","@id":"https:\/\/www.theconservative.online\/it\/alcune-riflessioni-dopo-il-discorso-del-commissario-per-lallargamento-a-zagabria#article","isPartOf":{"@id":"https:\/\/www.theconservative.online\/it\/alcune-riflessioni-dopo-il-discorso-del-commissario-per-lallargamento-a-zagabria"},"author":{"name":"Dragos Moldoveanu","@id":"https:\/\/www.theconservative.online\/it#\/schema\/person\/7a10b03a9f7406e09ce879035f4d80c1"},"headline":"Alcune riflessioni dopo il discorso del Commissario per l\u2019allargamento a Zagabria","datePublished":"2026-08-31T13:57:45+00:00","mainEntityOfPage":{"@id":"https:\/\/www.theconservative.online\/it\/alcune-riflessioni-dopo-il-discorso-del-commissario-per-lallargamento-a-zagabria"},"wordCount":660,"image":{"@id":"https:\/\/www.theconservative.online\/it\/alcune-riflessioni-dopo-il-discorso-del-commissario-per-lallargamento-a-zagabria#primaryimage"},"thumbnailUrl":"https:\/\/www.theconservative.online\/wp-content\/uploads\/2026\/08\/shutterstock_2385621941.jpg","keywords":["Albania","Brussels","croatia","EU","EU enlargement","European Union","Iceland","Marta Kos","Montenegro","Republic of Moldova","sovereignty","Ukraine"],"articleSection":["Legale","Politica","Saggi"],"inLanguage":"it-IT"},{"@type":"WebPage","@id":"https:\/\/www.theconservative.online\/it\/alcune-riflessioni-dopo-il-discorso-del-commissario-per-lallargamento-a-zagabria","url":"https:\/\/www.theconservative.online\/it\/alcune-riflessioni-dopo-il-discorso-del-commissario-per-lallargamento-a-zagabria","name":"Alcune riflessioni dopo il discorso del Commissario per l\u2019allargamento a Zagabria - The Conservative","isPartOf":{"@id":"https:\/\/www.theconservative.online\/it#website"},"primaryImageOfPage":{"@id":"https:\/\/www.theconservative.online\/it\/alcune-riflessioni-dopo-il-discorso-del-commissario-per-lallargamento-a-zagabria#primaryimage"},"image":{"@id":"https:\/\/www.theconservative.online\/it\/alcune-riflessioni-dopo-il-discorso-del-commissario-per-lallargamento-a-zagabria#primaryimage"},"thumbnailUrl":"https:\/\/www.theconservative.online\/wp-content\/uploads\/2026\/08\/shutterstock_2385621941.jpg","datePublished":"2026-08-31T13:57:45+00:00","author":{"@id":"https:\/\/www.theconservative.online\/it#\/schema\/person\/7a10b03a9f7406e09ce879035f4d80c1"},"breadcrumb":{"@id":"https:\/\/www.theconservative.online\/it\/alcune-riflessioni-dopo-il-discorso-del-commissario-per-lallargamento-a-zagabria#breadcrumb"},"inLanguage":"it-IT","potentialAction":[{"@type":"ReadAction","target":["https:\/\/www.theconservative.online\/it\/alcune-riflessioni-dopo-il-discorso-del-commissario-per-lallargamento-a-zagabria"]}]},{"@type":"ImageObject","inLanguage":"it-IT","@id":"https:\/\/www.theconservative.online\/it\/alcune-riflessioni-dopo-il-discorso-del-commissario-per-lallargamento-a-zagabria#primaryimage","url":"https:\/\/www.theconservative.online\/wp-content\/uploads\/2026\/08\/shutterstock_2385621941.jpg","contentUrl":"https:\/\/www.theconservative.online\/wp-content\/uploads\/2026\/08\/shutterstock_2385621941.jpg","width":1000,"height":667},{"@type":"BreadcrumbList","@id":"https:\/\/www.theconservative.online\/it\/alcune-riflessioni-dopo-il-discorso-del-commissario-per-lallargamento-a-zagabria#breadcrumb","itemListElement":[{"@type":"ListItem","position":1,"name":"Home","item":"https:\/\/www.theconservative.online\/it"},{"@type":"ListItem","position":2,"name":"Alcune riflessioni dopo il discorso del Commissario per l\u2019allargamento a Zagabria"}]},{"@type":"WebSite","@id":"https:\/\/www.theconservative.online\/it#website","url":"https:\/\/www.theconservative.online\/it","name":"The Conservative","description":"","potentialAction":[{"@type":"SearchAction","target":{"@type":"EntryPoint","urlTemplate":"https:\/\/www.theconservative.online\/it?s={search_term_string}"},"query-input":{"@type":"PropertyValueSpecification","valueRequired":true,"valueName":"search_term_string"}}],"inLanguage":"it-IT"},{"@type":"Person","@id":"https:\/\/www.theconservative.online\/it#\/schema\/person\/7a10b03a9f7406e09ce879035f4d80c1","name":"Dragos Moldoveanu","image":{"@type":"ImageObject","inLanguage":"it-IT","@id":"https:\/\/secure.gravatar.com\/avatar\/1975d1359c2a3183ef646321e1f6bcc60bbd4fe3f1c556f50988447a540d242c?s=96&d=mm&r=g","url":"https:\/\/secure.gravatar.com\/avatar\/1975d1359c2a3183ef646321e1f6bcc60bbd4fe3f1c556f50988447a540d242c?s=96&d=mm&r=g","contentUrl":"https:\/\/secure.gravatar.com\/avatar\/1975d1359c2a3183ef646321e1f6bcc60bbd4fe3f1c556f50988447a540d242c?s=96&d=mm&r=g","caption":"Dragos Moldoveanu"},"url":"https:\/\/www.theconservative.online\/it\/author\/moldoveanu-euspec-2025-26"}]}},"acf":[],"_links":{"self":[{"href":"https:\/\/www.theconservative.online\/it\/wp-json\/wp\/v2\/posts\/62922","targetHints":{"allow":["GET"]}}],"collection":[{"href":"https:\/\/www.theconservative.online\/it\/wp-json\/wp\/v2\/posts"}],"about":[{"href":"https:\/\/www.theconservative.online\/it\/wp-json\/wp\/v2\/types\/post"}],"author":[{"embeddable":true,"href":"https:\/\/www.theconservative.online\/it\/wp-json\/wp\/v2\/users\/78"}],"replies":[{"embeddable":true,"href":"https:\/\/www.theconservative.online\/it\/wp-json\/wp\/v2\/comments?post=62922"}],"version-history":[{"count":0,"href":"https:\/\/www.theconservative.online\/it\/wp-json\/wp\/v2\/posts\/62922\/revisions"}],"wp:featuredmedia":[{"embeddable":true,"href":"https:\/\/www.theconservative.online\/it\/wp-json\/wp\/v2\/media\/62861"}],"wp:attachment":[{"href":"https:\/\/www.theconservative.online\/it\/wp-json\/wp\/v2\/media?parent=62922"}],"wp:term":[{"taxonomy":"category","embeddable":true,"href":"https:\/\/www.theconservative.online\/it\/wp-json\/wp\/v2\/categories?post=62922"},{"taxonomy":"post_tag","embeddable":true,"href":"https:\/\/www.theconservative.online\/it\/wp-json\/wp\/v2\/tags?post=62922"},{"taxonomy":"editorial-positions","embeddable":true,"href":"https:\/\/www.theconservative.online\/it\/wp-json\/wp\/v2\/editorial-positions?post=62922"},{"taxonomy":"regions","embeddable":true,"href":"https:\/\/www.theconservative.online\/it\/wp-json\/wp\/v2\/regions?post=62922"},{"taxonomy":"types","embeddable":true,"href":"https:\/\/www.theconservative.online\/it\/wp-json\/wp\/v2\/types?post=62922"}],"curies":[{"name":"wp","href":"https:\/\/api.w.org\/{rel}","templated":true}]}}