{"id":62946,"date":"2026-08-27T14:34:32","date_gmt":"2026-08-27T14:34:32","guid":{"rendered":"https:\/\/www.theconservative.online\/la-romania-ha-appena-smascherato-il-bluff-di-bruxelles-e-lipocrisia-dellusr-e-la-vera-notizia"},"modified":"2026-08-27T14:34:32","modified_gmt":"2026-08-27T14:34:32","slug":"la-romania-ha-appena-smascherato-il-bluff-di-bruxelles-e-lipocrisia-dellusr-e-la-vera-notizia","status":"publish","type":"post","link":"https:\/\/www.theconservative.online\/it\/la-romania-ha-appena-smascherato-il-bluff-di-bruxelles-e-lipocrisia-dellusr-e-la-vera-notizia","title":{"rendered":"La Romania ha appena smascherato il bluff di Bruxelles e l&#8217;ipocrisia dell&#8217;USR \u00e8 la vera notizia"},"content":{"rendered":"<p>Mercoled\u00ec il Senato rumeno ha fatto una cosa che un mese fa sarebbe sembrata impensabile: ha guardato dritto in faccia la minaccia di due delle pi\u00f9 grandi famiglie politiche del Parlamento europeo e ha votato lo stesso. La nuova legge sull\u2019integrit\u00e0 \u00e8 stata approvata con 106 voti a favore e 19 contrari, e gli unici senatori che si sono opposti erano dell\u2019USR, il partito del sindaco di Timi\u0219oara, Dominic Fritz. N\u00e9 il PSD, n\u00e9 il PNL, n\u00e9 l\u2019AUR. Solo l\u2019USR, da solo, a difendere il posto di lavoro di un uomo.<\/p>\n<p>La legge, nota ufficialmente come \u201cLegea ANI\u201d, \u00e8 una tappa fondamentale del PNRR, uno dei requisiti tecnici che la Romania deve soddisfare entro il 31 agosto per sbloccare 770 milioni di euro di fondi di recupero dell\u2019UE. Nascosto al suo interno c\u2019\u00e8 il cosiddetto \u201cemendamento Fritz\u201d: una clausola che stabilisce che QUALSIASI funzionario pubblico la cui incompatibilit\u00e0 o conflitto di interessi sia stato definitivamente accertato da un tribunale perda il proprio mandato 30 giorni dopo l\u2019entrata in vigore della legge, a condizione che il periodo di interdizione di tre anni non sia gi\u00e0 scaduto.<\/p>\n<p>Non \u00e8 un\u2019ipotesi. Quattro tribunali rumeni hanno stabilito, all\u2019unanimit\u00e0, che Fritz si trovava in una situazione di conflitto di interessi quando ha firmato un documento urbanistico (PUZ) a vantaggio di una persona che aveva finanziato la sua campagna elettorale. La Corte Costituzionale si \u00e8 espressa il 17 agosto, confermando che l\u2019emendamento \u00e8 pienamente costituzionale. Quindi, quando il Senato ha votato questa settimana, non si trattava pi\u00f9 di discutere se Fritz avesse infranto le regole: i tribunali avevano gi\u00e0 chiarito la questione mesi fa. Il voto verteva piuttosto sul fatto che il Parlamento rumeno avrebbe dato un peso concreto a quella sentenza. E cos\u00ec \u00e8 stato. Il disegno di legge passa ora al presidente Nicu\u0219or Dan per la promulgazione e, una volta entrato in vigore, Fritz e pi\u00f9 di 120 altri funzionari in situazioni giuridiche simili avranno 30 giorni per lasciare i loro incarichi.<\/p>\n<p>\u00c8 qui che la storia diventa davvero interessante, ed \u00e8 qui che molti dei soliti schemi politici sono stati stravolti. L\u2019AUR ha votato oggi a favore della legge sull\u2019integrit\u00e0 al Senato. Il presidente dell\u2019AUR, George Simion, \u00e8 stato molto chiaro al riguardo: l\u2019AUR ha sostenuto il cosiddetto emendamento Fritz \u00abperch\u00e9 \u00e8 normale: chi \u00e8 incompatibile deve andarsene\u00bb. L\u2019AUR si \u00e8 allineata alle effettive decisioni giudiziarie \u2013 quattro sentenze e una conferma della Corte costituzionale \u2013 insistendo per\u00f2 sul fatto che lo standard debba valere per tutti allo stesso modo, non solo per i bersagli pi\u00f9 comodi. Da notare che in precedenza l\u2019AUR aveva cercato di ampliare ulteriormente la legge, spingendo affinch\u00e9 anche i partner di vita dei politici fossero tenuti a dichiarare il proprio patrimonio, anche se questa parte non \u00e8 stata mantenuta nel testo finale del Senato.<\/p>\n<p>Ora passiamo alla parte pi\u00f9 difficile da giustificare. L\u2019USR ha passato anni a costruire il proprio marchio su un\u2019unica promessa: tolleranza zero per la corruzione e i conflitti di interesse, indipendentemente da chi sia coinvolto. \u00c8 proprio questa la ragione per cui il partito esiste. Eppure, quando i tribunali hanno riscontrato che il presidente del loro stesso partito si trovava in una situazione di conflitto di interessi da manuale, avendo favorito un finanziatore della campagna elettorale attraverso una decisione ufficiale in materia di zonizzazione, i senatori dell\u2019USR sono stati l\u2019unico blocco dell\u2019intera Camera a votare contro l\u2019applicazione della legge.<\/p>\n<p>Il partito non si \u00e8 limitato a votare \u201cno\u201d a livello nazionale. La questione si \u00e8 estesa fino a Bruxelles. Dato che l\u2019USR fa parte del gruppo Renew Europe e l\u2019ala Bolojan del PNL fa parte del Partito Popolare Europeo, entrambe le famiglie politiche europee hanno inviato una lettera congiunta datata 24 agosto, firmata dal leader del PPE Manfred Weber e dalla leader di Renew Europe Val\u00e9rie Hayer, in cui chiedono alla presidente della Commissione europea Ursula von der Leyen di sospendere i 770 milioni di euro dei fondi PNRR a meno che Bucarest non ritiri l\u2019emendamento. La lettera presenta la questione come una problematica legata allo Stato di diritto, sostenendo che la Commissione non dovrebbe considerare il pagamento come una questione \u00abpuramente tecnica\u00bb, ma dovrebbe invece verificare se la riforma della Romania rispetti gli standard giuridici dell\u2019UE.<\/p>\n<p>Weber ha poi cercato di smorzare i toni, dichiarando pubblicamente che il PPE non vuole che la Romania perda \u201cnemmeno un euro\u201d dei suoi fondi di recupero. Ma la lettera in s\u00e9 \u00e8 inequivocabile: lega esplicitamente i fondi all\u2019abrogazione di una specifica disposizione legislativa mirata, in pratica, a una persona ben precisa, i cui problemi legali sono stati accertati dai tribunali rumeni, non dagli avversari politici.<\/p>\n<p>Se togli gli acronimi, quello che rimane \u00e8 un quadro davvero imbarazzante. Un sindaco rumeno, che i tribunali del suo stesso Paese \u2013 a quattro livelli diversi pi\u00f9 la Corte Costituzionale \u2013 hanno giudicato in conflitto di interessi, viene difeso non dalle istituzioni rumene, ma dai leader di partiti stranieri, che fanno pressione su Bruxelles affinch\u00e9 punisca finanziariamente 20 milioni di rumeni a meno che non venga protetto il posto di lavoro di un solo sindaco. I resoconti hanno anche sottolineato che Siegfried Mure\u0219an del PNL ha fatto pressioni direttamente su Weber a nome di Fritz, il che aiuta a spiegare perch\u00e9 un partito di centro-destra si sia ritrovato a difendere un sindaco allineato con Renew.<\/p>\n<p>Lo stesso Fritz non \u00e8 rimasto in silenzio: ha definito la sentenza della Corte costituzionale un \u201cbrutale abuso di potere\u201d che la Corte ha \u201cconvalidato\u201d anzich\u00e9 fermare, e ha sostenuto che la ridefinizione, prevista dalla legge, degli atti normativi come il PUZ restringe in modo perverso ci\u00f2 che d\u2019ora in poi sar\u00e0 considerato un conflitto di interessi. Si tratta di un&#8217;argomentazione giuridica legittima da sollevare nei tribunali rumeni o davanti alla Corte costituzionale, ma in entrambi i casi ha gi\u00e0 perso. Trasformarla in una campagna di lobbying mirata ai finanziamenti UE destinati alla Romania, condotta attraverso le strutture di partito a Bruxelles, \u00e8 tutta un\u2019altra cosa.<\/p>\n<p>Il problema di fondo ormai non riguarda pi\u00f9 tanto il permesso urbanistico di Fritz, quanto piuttosto il fatto che una famiglia politica europea possa scavalcare una sentenza di un tribunale nazionale minacciando i fondi destinati alla ripresa di un Paese. La Romania ha un sacco di veri problemi legati allo Stato di diritto che meritano di essere esaminati. Far rispettare una sentenza del tribunale secondo cui un funzionario specifico ha violato le norme sul conflitto di interessi non \u00e8 uno di questi. Anzi, \u00e8 proprio il contrario.<\/p>\n","protected":false},"excerpt":{"rendered":"<p>Mercoled\u00ec il Senato rumeno ha fatto una cosa che un mese fa sarebbe sembrata impensabile: ha guardato dritto in faccia la minaccia di due delle pi\u00f9 grandi famiglie politiche del Parlamento europeo e ha votato lo stesso. La nuova legge sull\u2019integrit\u00e0 \u00e8 stata approvata con 106 voti a favore e 19 contrari, e gli unici [&hellip;]<\/p>\n","protected":false},"author":79,"featured_media":62547,"comment_status":"closed","ping_status":"closed","sticky":false,"template":"","format":"standard","meta":{"footnotes":""},"categories":[5,162],"tags":[],"editorial-positions":[],"regions":[],"types":[],"class_list":["post-62946","post","type-post","status-publish","format-standard","has-post-thumbnail","hentry","category-non-categorizzato","category-politica-it"],"yoast_head":"<!-- This site is optimized with the Yoast SEO plugin v28.0 - https:\/\/yoast.com\/product\/yoast-seo-wordpress\/ -->\n<title>La Romania ha appena smascherato il bluff di Bruxelles e l&#039;ipocrisia dell&#039;USR \u00e8 la vera notizia - The Conservative<\/title>\n<meta name=\"robots\" content=\"index, follow, max-snippet:-1, max-image-preview:large, max-video-preview:-1\" \/>\n<link rel=\"canonical\" href=\"https:\/\/www.theconservative.online\/it\/la-romania-ha-appena-smascherato-il-bluff-di-bruxelles-e-lipocrisia-dellusr-e-la-vera-notizia\" \/>\n<meta property=\"og:locale\" content=\"it_IT\" \/>\n<meta property=\"og:type\" content=\"article\" \/>\n<meta property=\"og:title\" content=\"La Romania ha appena smascherato il bluff di Bruxelles e l&#039;ipocrisia dell&#039;USR \u00e8 la vera notizia - The Conservative\" \/>\n<meta property=\"og:description\" content=\"Mercoled\u00ec il Senato rumeno ha fatto una cosa che un mese fa sarebbe sembrata impensabile: ha guardato dritto in faccia la minaccia di due delle pi\u00f9 grandi famiglie politiche del Parlamento europeo e ha votato lo stesso. La nuova legge sull\u2019integrit\u00e0 \u00e8 stata approvata con 106 voti a favore e 19 contrari, e gli unici [&hellip;]\" \/>\n<meta property=\"og:url\" content=\"https:\/\/www.theconservative.online\/it\/la-romania-ha-appena-smascherato-il-bluff-di-bruxelles-e-lipocrisia-dellusr-e-la-vera-notizia\" \/>\n<meta property=\"og:site_name\" content=\"The Conservative\" \/>\n<meta property=\"article:published_time\" content=\"2026-08-27T14:34:32+00:00\" \/>\n<meta property=\"og:image\" content=\"https:\/\/www.theconservative.online\/wp-content\/uploads\/2026\/08\/EUROParliament.jpg\" \/>\n\t<meta property=\"og:image:width\" content=\"1168\" \/>\n\t<meta property=\"og:image:height\" content=\"784\" \/>\n\t<meta property=\"og:image:type\" content=\"image\/jpeg\" \/>\n<meta name=\"author\" content=\"Iosefina Pascal\" \/>\n<meta name=\"twitter:card\" content=\"summary_large_image\" \/>\n<meta name=\"twitter:label1\" content=\"Scritto da\" \/>\n\t<meta name=\"twitter:data1\" content=\"Iosefina Pascal\" \/>\n\t<meta name=\"twitter:label2\" content=\"Tempo di lettura stimato\" \/>\n\t<meta name=\"twitter:data2\" content=\"5 minuti\" \/>\n<script type=\"application\/ld+json\" class=\"yoast-schema-graph\">{\"@context\":\"https:\\\/\\\/schema.org\",\"@graph\":[{\"@type\":\"Article\",\"@id\":\"https:\\\/\\\/www.theconservative.online\\\/it\\\/la-romania-ha-appena-smascherato-il-bluff-di-bruxelles-e-lipocrisia-dellusr-e-la-vera-notizia#article\",\"isPartOf\":{\"@id\":\"https:\\\/\\\/www.theconservative.online\\\/it\\\/la-romania-ha-appena-smascherato-il-bluff-di-bruxelles-e-lipocrisia-dellusr-e-la-vera-notizia\"},\"author\":{\"name\":\"Iosefina Pascal\",\"@id\":\"https:\\\/\\\/www.theconservative.online\\\/it#\\\/schema\\\/person\\\/a058eee3b153ac2215cf616d9795653b\"},\"headline\":\"La Romania ha appena smascherato il bluff di Bruxelles e l&#8217;ipocrisia dell&#8217;USR \u00e8 la vera notizia\",\"datePublished\":\"2026-08-27T14:34:32+00:00\",\"mainEntityOfPage\":{\"@id\":\"https:\\\/\\\/www.theconservative.online\\\/it\\\/la-romania-ha-appena-smascherato-il-bluff-di-bruxelles-e-lipocrisia-dellusr-e-la-vera-notizia\"},\"wordCount\":1091,\"image\":{\"@id\":\"https:\\\/\\\/www.theconservative.online\\\/it\\\/la-romania-ha-appena-smascherato-il-bluff-di-bruxelles-e-lipocrisia-dellusr-e-la-vera-notizia#primaryimage\"},\"thumbnailUrl\":\"https:\\\/\\\/www.theconservative.online\\\/wp-content\\\/uploads\\\/2026\\\/08\\\/EUROParliament.jpg\",\"articleSection\":[\"Non categorizzato\",\"Politica\"],\"inLanguage\":\"it-IT\"},{\"@type\":\"WebPage\",\"@id\":\"https:\\\/\\\/www.theconservative.online\\\/it\\\/la-romania-ha-appena-smascherato-il-bluff-di-bruxelles-e-lipocrisia-dellusr-e-la-vera-notizia\",\"url\":\"https:\\\/\\\/www.theconservative.online\\\/it\\\/la-romania-ha-appena-smascherato-il-bluff-di-bruxelles-e-lipocrisia-dellusr-e-la-vera-notizia\",\"name\":\"La Romania ha appena smascherato il bluff di Bruxelles e l'ipocrisia dell'USR \u00e8 la vera notizia - The Conservative\",\"isPartOf\":{\"@id\":\"https:\\\/\\\/www.theconservative.online\\\/it#website\"},\"primaryImageOfPage\":{\"@id\":\"https:\\\/\\\/www.theconservative.online\\\/it\\\/la-romania-ha-appena-smascherato-il-bluff-di-bruxelles-e-lipocrisia-dellusr-e-la-vera-notizia#primaryimage\"},\"image\":{\"@id\":\"https:\\\/\\\/www.theconservative.online\\\/it\\\/la-romania-ha-appena-smascherato-il-bluff-di-bruxelles-e-lipocrisia-dellusr-e-la-vera-notizia#primaryimage\"},\"thumbnailUrl\":\"https:\\\/\\\/www.theconservative.online\\\/wp-content\\\/uploads\\\/2026\\\/08\\\/EUROParliament.jpg\",\"datePublished\":\"2026-08-27T14:34:32+00:00\",\"author\":{\"@id\":\"https:\\\/\\\/www.theconservative.online\\\/it#\\\/schema\\\/person\\\/a058eee3b153ac2215cf616d9795653b\"},\"breadcrumb\":{\"@id\":\"https:\\\/\\\/www.theconservative.online\\\/it\\\/la-romania-ha-appena-smascherato-il-bluff-di-bruxelles-e-lipocrisia-dellusr-e-la-vera-notizia#breadcrumb\"},\"inLanguage\":\"it-IT\",\"potentialAction\":[{\"@type\":\"ReadAction\",\"target\":[\"https:\\\/\\\/www.theconservative.online\\\/it\\\/la-romania-ha-appena-smascherato-il-bluff-di-bruxelles-e-lipocrisia-dellusr-e-la-vera-notizia\"]}]},{\"@type\":\"ImageObject\",\"inLanguage\":\"it-IT\",\"@id\":\"https:\\\/\\\/www.theconservative.online\\\/it\\\/la-romania-ha-appena-smascherato-il-bluff-di-bruxelles-e-lipocrisia-dellusr-e-la-vera-notizia#primaryimage\",\"url\":\"https:\\\/\\\/www.theconservative.online\\\/wp-content\\\/uploads\\\/2026\\\/08\\\/EUROParliament.jpg\",\"contentUrl\":\"https:\\\/\\\/www.theconservative.online\\\/wp-content\\\/uploads\\\/2026\\\/08\\\/EUROParliament.jpg\",\"width\":1168,\"height\":784,\"caption\":\"Signature: ZQy8xm1QBYQSFqF2758n0Smv\\\/aWGpQnFnVW29d5QxWS7TC8n30w7E3Btp4yrL9CMqScD0WcYrIJI7LUqggxaG9OUC9JqeDf9Ou+x9iUzh7MqMXZYfzDvTjVnPrdzSSWhOFKX9aM\\\/Rsf5HuhFn5c2IlZZvBkswNq7dNSoqLiHL0o1tvJkqfZa+yJoY2UgOXSFpzL5uNT9Vna+pk0SRE6j\\\/v\\\/KDcWaveOD4Y7Fj568iaR0npSHqxnsGCQW0q7oQROoIAVhH+GLB9F+PMrCyVmxZdKU2nf+gSnAAyyLVhY7of+A+Zjx1FVwx81ECJ6\\\/QtZuMi1a1Ab7kVr\\\/JcOfKxuJOA==\"},{\"@type\":\"BreadcrumbList\",\"@id\":\"https:\\\/\\\/www.theconservative.online\\\/it\\\/la-romania-ha-appena-smascherato-il-bluff-di-bruxelles-e-lipocrisia-dellusr-e-la-vera-notizia#breadcrumb\",\"itemListElement\":[{\"@type\":\"ListItem\",\"position\":1,\"name\":\"Home\",\"item\":\"https:\\\/\\\/www.theconservative.online\\\/it\"},{\"@type\":\"ListItem\",\"position\":2,\"name\":\"La Romania ha appena smascherato il bluff di Bruxelles e l&#8217;ipocrisia dell&#8217;USR \u00e8 la vera notizia\"}]},{\"@type\":\"WebSite\",\"@id\":\"https:\\\/\\\/www.theconservative.online\\\/it#website\",\"url\":\"https:\\\/\\\/www.theconservative.online\\\/it\",\"name\":\"The Conservative\",\"description\":\"\",\"potentialAction\":[{\"@type\":\"SearchAction\",\"target\":{\"@type\":\"EntryPoint\",\"urlTemplate\":\"https:\\\/\\\/www.theconservative.online\\\/it?s={search_term_string}\"},\"query-input\":{\"@type\":\"PropertyValueSpecification\",\"valueRequired\":true,\"valueName\":\"search_term_string\"}}],\"inLanguage\":\"it-IT\"},{\"@type\":\"Person\",\"@id\":\"https:\\\/\\\/www.theconservative.online\\\/it#\\\/schema\\\/person\\\/a058eee3b153ac2215cf616d9795653b\",\"name\":\"Iosefina Pascal\",\"image\":{\"@type\":\"ImageObject\",\"inLanguage\":\"it-IT\",\"@id\":\"https:\\\/\\\/secure.gravatar.com\\\/avatar\\\/b6c6576a2be336212e2c44862e76e71f326a3e912cd8ca0a6856a38198536fd3?s=96&d=mm&r=g\",\"url\":\"https:\\\/\\\/secure.gravatar.com\\\/avatar\\\/b6c6576a2be336212e2c44862e76e71f326a3e912cd8ca0a6856a38198536fd3?s=96&d=mm&r=g\",\"contentUrl\":\"https:\\\/\\\/secure.gravatar.com\\\/avatar\\\/b6c6576a2be336212e2c44862e76e71f326a3e912cd8ca0a6856a38198536fd3?s=96&d=mm&r=g\",\"caption\":\"Iosefina Pascal\"},\"url\":\"https:\\\/\\\/www.theconservative.online\\\/it\\\/author\\\/pascal-eunat-2025-26\"}]}<\/script>\n<!-- \/ Yoast SEO plugin. -->","yoast_head_json":{"title":"La Romania ha appena smascherato il bluff di Bruxelles e l'ipocrisia dell'USR \u00e8 la vera notizia - The Conservative","robots":{"index":"index","follow":"follow","max-snippet":"max-snippet:-1","max-image-preview":"max-image-preview:large","max-video-preview":"max-video-preview:-1"},"canonical":"https:\/\/www.theconservative.online\/it\/la-romania-ha-appena-smascherato-il-bluff-di-bruxelles-e-lipocrisia-dellusr-e-la-vera-notizia","og_locale":"it_IT","og_type":"article","og_title":"La Romania ha appena smascherato il bluff di Bruxelles e l'ipocrisia dell'USR \u00e8 la vera notizia - The Conservative","og_description":"Mercoled\u00ec il Senato rumeno ha fatto una cosa che un mese fa sarebbe sembrata impensabile: ha guardato dritto in faccia la minaccia di due delle pi\u00f9 grandi famiglie politiche del Parlamento europeo e ha votato lo stesso. La nuova legge sull\u2019integrit\u00e0 \u00e8 stata approvata con 106 voti a favore e 19 contrari, e gli unici [&hellip;]","og_url":"https:\/\/www.theconservative.online\/it\/la-romania-ha-appena-smascherato-il-bluff-di-bruxelles-e-lipocrisia-dellusr-e-la-vera-notizia","og_site_name":"The Conservative","article_published_time":"2026-08-27T14:34:32+00:00","og_image":[{"width":1168,"height":784,"url":"https:\/\/www.theconservative.online\/wp-content\/uploads\/2026\/08\/EUROParliament.jpg","type":"image\/jpeg"}],"author":"Iosefina Pascal","twitter_card":"summary_large_image","twitter_misc":{"Scritto da":"Iosefina Pascal","Tempo di lettura stimato":"5 minuti"},"schema":{"@context":"https:\/\/schema.org","@graph":[{"@type":"Article","@id":"https:\/\/www.theconservative.online\/it\/la-romania-ha-appena-smascherato-il-bluff-di-bruxelles-e-lipocrisia-dellusr-e-la-vera-notizia#article","isPartOf":{"@id":"https:\/\/www.theconservative.online\/it\/la-romania-ha-appena-smascherato-il-bluff-di-bruxelles-e-lipocrisia-dellusr-e-la-vera-notizia"},"author":{"name":"Iosefina Pascal","@id":"https:\/\/www.theconservative.online\/it#\/schema\/person\/a058eee3b153ac2215cf616d9795653b"},"headline":"La Romania ha appena smascherato il bluff di Bruxelles e l&#8217;ipocrisia dell&#8217;USR \u00e8 la vera notizia","datePublished":"2026-08-27T14:34:32+00:00","mainEntityOfPage":{"@id":"https:\/\/www.theconservative.online\/it\/la-romania-ha-appena-smascherato-il-bluff-di-bruxelles-e-lipocrisia-dellusr-e-la-vera-notizia"},"wordCount":1091,"image":{"@id":"https:\/\/www.theconservative.online\/it\/la-romania-ha-appena-smascherato-il-bluff-di-bruxelles-e-lipocrisia-dellusr-e-la-vera-notizia#primaryimage"},"thumbnailUrl":"https:\/\/www.theconservative.online\/wp-content\/uploads\/2026\/08\/EUROParliament.jpg","articleSection":["Non categorizzato","Politica"],"inLanguage":"it-IT"},{"@type":"WebPage","@id":"https:\/\/www.theconservative.online\/it\/la-romania-ha-appena-smascherato-il-bluff-di-bruxelles-e-lipocrisia-dellusr-e-la-vera-notizia","url":"https:\/\/www.theconservative.online\/it\/la-romania-ha-appena-smascherato-il-bluff-di-bruxelles-e-lipocrisia-dellusr-e-la-vera-notizia","name":"La Romania ha appena smascherato il bluff di Bruxelles e l'ipocrisia dell'USR \u00e8 la vera notizia - The Conservative","isPartOf":{"@id":"https:\/\/www.theconservative.online\/it#website"},"primaryImageOfPage":{"@id":"https:\/\/www.theconservative.online\/it\/la-romania-ha-appena-smascherato-il-bluff-di-bruxelles-e-lipocrisia-dellusr-e-la-vera-notizia#primaryimage"},"image":{"@id":"https:\/\/www.theconservative.online\/it\/la-romania-ha-appena-smascherato-il-bluff-di-bruxelles-e-lipocrisia-dellusr-e-la-vera-notizia#primaryimage"},"thumbnailUrl":"https:\/\/www.theconservative.online\/wp-content\/uploads\/2026\/08\/EUROParliament.jpg","datePublished":"2026-08-27T14:34:32+00:00","author":{"@id":"https:\/\/www.theconservative.online\/it#\/schema\/person\/a058eee3b153ac2215cf616d9795653b"},"breadcrumb":{"@id":"https:\/\/www.theconservative.online\/it\/la-romania-ha-appena-smascherato-il-bluff-di-bruxelles-e-lipocrisia-dellusr-e-la-vera-notizia#breadcrumb"},"inLanguage":"it-IT","potentialAction":[{"@type":"ReadAction","target":["https:\/\/www.theconservative.online\/it\/la-romania-ha-appena-smascherato-il-bluff-di-bruxelles-e-lipocrisia-dellusr-e-la-vera-notizia"]}]},{"@type":"ImageObject","inLanguage":"it-IT","@id":"https:\/\/www.theconservative.online\/it\/la-romania-ha-appena-smascherato-il-bluff-di-bruxelles-e-lipocrisia-dellusr-e-la-vera-notizia#primaryimage","url":"https:\/\/www.theconservative.online\/wp-content\/uploads\/2026\/08\/EUROParliament.jpg","contentUrl":"https:\/\/www.theconservative.online\/wp-content\/uploads\/2026\/08\/EUROParliament.jpg","width":1168,"height":784,"caption":"Signature: ZQy8xm1QBYQSFqF2758n0Smv\/aWGpQnFnVW29d5QxWS7TC8n30w7E3Btp4yrL9CMqScD0WcYrIJI7LUqggxaG9OUC9JqeDf9Ou+x9iUzh7MqMXZYfzDvTjVnPrdzSSWhOFKX9aM\/Rsf5HuhFn5c2IlZZvBkswNq7dNSoqLiHL0o1tvJkqfZa+yJoY2UgOXSFpzL5uNT9Vna+pk0SRE6j\/v\/KDcWaveOD4Y7Fj568iaR0npSHqxnsGCQW0q7oQROoIAVhH+GLB9F+PMrCyVmxZdKU2nf+gSnAAyyLVhY7of+A+Zjx1FVwx81ECJ6\/QtZuMi1a1Ab7kVr\/JcOfKxuJOA=="},{"@type":"BreadcrumbList","@id":"https:\/\/www.theconservative.online\/it\/la-romania-ha-appena-smascherato-il-bluff-di-bruxelles-e-lipocrisia-dellusr-e-la-vera-notizia#breadcrumb","itemListElement":[{"@type":"ListItem","position":1,"name":"Home","item":"https:\/\/www.theconservative.online\/it"},{"@type":"ListItem","position":2,"name":"La Romania ha appena smascherato il bluff di Bruxelles e l&#8217;ipocrisia dell&#8217;USR \u00e8 la vera notizia"}]},{"@type":"WebSite","@id":"https:\/\/www.theconservative.online\/it#website","url":"https:\/\/www.theconservative.online\/it","name":"The Conservative","description":"","potentialAction":[{"@type":"SearchAction","target":{"@type":"EntryPoint","urlTemplate":"https:\/\/www.theconservative.online\/it?s={search_term_string}"},"query-input":{"@type":"PropertyValueSpecification","valueRequired":true,"valueName":"search_term_string"}}],"inLanguage":"it-IT"},{"@type":"Person","@id":"https:\/\/www.theconservative.online\/it#\/schema\/person\/a058eee3b153ac2215cf616d9795653b","name":"Iosefina Pascal","image":{"@type":"ImageObject","inLanguage":"it-IT","@id":"https:\/\/secure.gravatar.com\/avatar\/b6c6576a2be336212e2c44862e76e71f326a3e912cd8ca0a6856a38198536fd3?s=96&d=mm&r=g","url":"https:\/\/secure.gravatar.com\/avatar\/b6c6576a2be336212e2c44862e76e71f326a3e912cd8ca0a6856a38198536fd3?s=96&d=mm&r=g","contentUrl":"https:\/\/secure.gravatar.com\/avatar\/b6c6576a2be336212e2c44862e76e71f326a3e912cd8ca0a6856a38198536fd3?s=96&d=mm&r=g","caption":"Iosefina Pascal"},"url":"https:\/\/www.theconservative.online\/it\/author\/pascal-eunat-2025-26"}]}},"acf":[],"_links":{"self":[{"href":"https:\/\/www.theconservative.online\/it\/wp-json\/wp\/v2\/posts\/62946","targetHints":{"allow":["GET"]}}],"collection":[{"href":"https:\/\/www.theconservative.online\/it\/wp-json\/wp\/v2\/posts"}],"about":[{"href":"https:\/\/www.theconservative.online\/it\/wp-json\/wp\/v2\/types\/post"}],"author":[{"embeddable":true,"href":"https:\/\/www.theconservative.online\/it\/wp-json\/wp\/v2\/users\/79"}],"replies":[{"embeddable":true,"href":"https:\/\/www.theconservative.online\/it\/wp-json\/wp\/v2\/comments?post=62946"}],"version-history":[{"count":0,"href":"https:\/\/www.theconservative.online\/it\/wp-json\/wp\/v2\/posts\/62946\/revisions"}],"wp:featuredmedia":[{"embeddable":true,"href":"https:\/\/www.theconservative.online\/it\/wp-json\/wp\/v2\/media\/62547"}],"wp:attachment":[{"href":"https:\/\/www.theconservative.online\/it\/wp-json\/wp\/v2\/media?parent=62946"}],"wp:term":[{"taxonomy":"category","embeddable":true,"href":"https:\/\/www.theconservative.online\/it\/wp-json\/wp\/v2\/categories?post=62946"},{"taxonomy":"post_tag","embeddable":true,"href":"https:\/\/www.theconservative.online\/it\/wp-json\/wp\/v2\/tags?post=62946"},{"taxonomy":"editorial-positions","embeddable":true,"href":"https:\/\/www.theconservative.online\/it\/wp-json\/wp\/v2\/editorial-positions?post=62946"},{"taxonomy":"regions","embeddable":true,"href":"https:\/\/www.theconservative.online\/it\/wp-json\/wp\/v2\/regions?post=62946"},{"taxonomy":"types","embeddable":true,"href":"https:\/\/www.theconservative.online\/it\/wp-json\/wp\/v2\/types?post=62946"}],"curies":[{"name":"wp","href":"https:\/\/api.w.org\/{rel}","templated":true}]}}