{"id":62984,"date":"2026-08-30T12:15:11","date_gmt":"2026-08-30T12:15:11","guid":{"rendered":"https:\/\/www.theconservative.online\/sabato-a-drobeta-lincontro-che-e-diventato-il-manifesto-dellaur"},"modified":"2026-08-30T12:15:11","modified_gmt":"2026-08-30T12:15:11","slug":"sabato-a-drobeta-lincontro-che-e-diventato-il-manifesto-dellaur","status":"publish","type":"post","link":"https:\/\/www.theconservative.online\/it\/sabato-a-drobeta-lincontro-che-e-diventato-il-manifesto-dellaur","title":{"rendered":"Sabato a Drobeta: l\u2019incontro che \u00e8 diventato il Manifesto dell\u2019AUR"},"content":{"rendered":"<p>Drobeta-Turnu Severin non \u00e8 proprio il primo posto in cui ti aspetteresti che scoppiasse un terremoto politico, ma sabato \u00e8 diventata il palcoscenico su cui l\u2019AUR ha svelato tutta la sua strategia per la sessione parlamentare che si aprir\u00e0 questo marted\u00ec. Il Consiglio Nazionale di Direzione (CNC) del partito si \u00e8 riunito per quella che era stata annunciata come una normale riunione strategica e ne \u00e8 uscito con un programma fiscale, una risoluzione infuocata contro il governo e un chiaro segnale che non ha intenzione di fare marcia indietro nella sua spinta per sospendere il presidente Nicu\u0219or Dan.<\/p>\n<p>Il partito vuole che il tetto massimo per i pagamenti in contanti delle aziende venga portato a 50.000 lei e sta spingendo per ridurre gradualmente gli aumenti fiscali di quest\u2019anno: riportando l\u2019IVA standard al 19%, l\u2019aliquota ridotta al 9% e l\u2019imposta sui dividendi all\u20198%. L\u2019AUR vuole anche che la soglia per le microimprese venga riportata a 500.000 euro, una vera e propria inversione di rotta rispetto alla stretta che ha spinto molte piccole imprese rumene fuori da quella fascia fiscale vantaggiosa.<\/p>\n<p>Per quanto riguarda la riforma dello Stato, l\u2019AUR ha ribadito il proprio sostegno a un Parlamento bicamerale da 300 seggi, richiamandosi al referendum del 2009 in cui i rumeni hanno votato proprio a favore di questo, oltre a mantenere le elezioni comunali a due turni e, soprattutto, a limitare a due mandati la durata della carica dei vertici delle istituzioni pubbliche. Quest\u2019ultimo punto \u00e8 una risposta diretta a quel tipo di burocrati di lunga data che hanno ricoperto i loro incarichi per decenni senza un ricambio significativo.<\/p>\n<p>In materia di istruzione, il partito vuole abolire l\u2019esame di ammissione parallelo alle scuole superiori e ripristinare un unico sistema nazionale unificato di ammissione, oltre a ridurre il carico di lavoro dei docenti e a invertire l\u2019aumento del numero di alunni per classe introdotto dalla cosiddetta \u201cLegge Bolojan\u201d dello scorso anno, a partire dall\u2019agosto 2025. Sul fronte energetico, l\u2019AUR sta spingendo per legalizzare il proseguimento dell\u2019attivit\u00e0 di tutte le centrali a carbone della CE Oltenia, modificando l\u2019ordinanza d\u2019urgenza che ne imporrebbe la chiusura entro il 31 agosto 2026. C\u2019\u00e8 anche un disegno di legge, fermo da tempo, sulla trasparenza dei finanziamenti alle ONG, attualmente bloccato alla Camera dei Deputati dopo l\u2019approvazione del Senato, e una proposta per un\u2019\u00abIVA dinamica\u00bb sul carburante (5% per i primi tre mesi di uno shock dei prezzi, che sale al 9% e si disattiva automaticamente una volta che i prezzi del petrolio tornano alla normalit\u00e0).<\/p>\n<p>La proposta dell\u2019AUR di limitare a due mandati la permanenza in cariche dirigenziali vale per tutte le istituzioni pubbliche, non solo per una singola agenzia o un singolo funzionario. Il partito la presenta come un modo per evitare che le \u201creti di influenza\u201d si cristallizzino all\u2019interno della pubblica amministrazione e per garantire un ricambio regolare ai vertici degli enti statali.<\/p>\n<p>L\u2019altro risultato importante del consiglio \u00e8 stato simbolico ma inequivocabilmente combattivo: una risoluzione intitolata <em> \u201cLa Romania viene governata verso l\u2019abisso\u201d, approvata <\/em>all\u2019unanimit\u00e0. Il testo accusa la coalizione PSD-PNL-USR-UDMR di aver accumulato due aumenti dell\u2019IVA di due punti percentuali (rispettivamente al 21% e all\u201911%), di aver svuotato il regime delle microimprese abbassandone la soglia a 100.000 euro, di aver aumentato l\u2019imposta sui dividendi al 16%, di aver affossato l\u2019energia da carbone bloccando al contempo la costruzione di nuovi impianti a gas e di aver sabotato i progetti di centrali idroelettriche di pompaggio.<\/p>\n<p>La risoluzione punta il dito anche sul prestito SAFE, una linea di credito di circa 17 miliardi di euro da rimborsare in 35 anni a un tasso d\u2019interesse non reso noto, che secondo l\u2019AUR \u00e8 stata usata principalmente per acquistare veicoli militari pesanti da un unico fornitore tedesco, la Rheinmetall. La conclusione dell\u2019AUR \u00e8 netta: negli ultimi dieci trimestri, l\u2019economia rumena \u00e8 cresciuta solo in tre, mentre negli altri ha subito una stagnazione o una contrazione. \u00abOggi, l\u2019unica opposizione coerente e solida in Parlamento \u00e8 rappresentata dall\u2019AUR e dai suoi 91 deputati\u00bb, afferma il comunicato del partito, sostenendo che la coalizione autoproclamata \u201cfilo-europea\u201d sta di fatto allontanando economicamente la Romania dall\u2019Europa.<\/p>\n<p>Il capogruppo al Senato Petri\u0219or Peiu, intervenendo su Antena 3 CNN, ha negato categoricamente qualsiasi trattativa, formale o informale, volta a formare una maggioranza di governo con il PSD o il PNL, sottolineando che il leader del PSD, Sorin Grindeanu, ha comunque escluso pubblicamente di governare con l\u2019AUR. \u00abSe lui non vuole formare un governo con l\u2019AUR, \u00e8 difficile negoziare. Di cosa dovremmo negoziare esattamente?\u00bb, ha detto Peiu. Ha anche confermato che l\u2019AUR sta preparando delle dichiarazioni pubbliche sulla sua strategia in vista delle prossime consultazioni con il presidente Nicu\u0219or Dan, che ha annunciato che riprender\u00e0 i colloqui con i partiti all\u2019inizio di settembre per formare un nuovo governo. Peiu si \u00e8 mostrato scettico sul senso di partecipare solo per farsi vedere, dicendo che l\u2019AUR \u00abprobabilmente non parteciper\u00e0\u00bb se il processo si ridurr\u00e0 a un semplice scambio di accordi informali mascherato da consultazioni formali. In particolare, ha anche confermato che la campagna dell\u2019AUR per sospendere Nicu\u0219or Dan sta ancora andando avanti, dato che \u00abil presidente non ha cambiato atteggiamento\u00bb.<\/p>\n<p>Nicu\u0219or Dan si rifiuta da 62 giorni di proporre un primo ministro, il Paese \u00e8 senza un governo con pieni poteri da 110-114 giorni e la \u201ctestardaggine\u201d del presidente sta costando alla Romania un sacco di soldi. \u00abLa sospensione \u00e8 una soluzione costituzionale, perch\u00e9 la sua testardaggine sta gi\u00e0 generando costi troppo elevati per la Romania\u00bb, ha dichiarato l\u2019AUR in un comunicato stampa di fine agosto. Il partito sta raccogliendo attivamente firme tra i parlamentari di altri partiti che sono \u00abinsoddisfatti del modo in cui Nicu\u0219or Dan ha esercitato i suoi poteri presidenziali\u00bb, e Peiu dice che alcuni nuovi colleghi hanno gi\u00e0 firmato. Il PSD potrebbe teoricamente formare un governo senza l\u2019AUR appoggiandosi all\u2019UDMR, ai deputati delle minoranze, alle frange del PNL e agli ex parlamentari di SOS\/POT, ma Peiu ha definito questa strategia \u00abestremamente pericolosa\u00bb e ha avvertito che porterebbe a una \u00abmaggioranza fragile\u00bb costruita comprando i voti dei deputati indipendenti.<\/p>\n<p>Tutto sommato, la giornata non \u00e8 stata incentrata su una singola legge o una singola risoluzione. \u00c8 stata piuttosto l\u2019occasione per l\u2019AUR di posizionarsi come l\u2019unico blocco di opposizione coeso in vista di un autunno teso.<\/p>\n","protected":false},"excerpt":{"rendered":"<p>Drobeta-Turnu Severin non \u00e8 proprio il primo posto in cui ti aspetteresti che scoppiasse un terremoto politico, ma sabato \u00e8 diventata il palcoscenico su cui l\u2019AUR ha svelato tutta la sua strategia per la sessione parlamentare che si aprir\u00e0 questo marted\u00ec. Il Consiglio Nazionale di Direzione (CNC) del partito si \u00e8 riunito per quella che [&hellip;]<\/p>\n","protected":false},"author":79,"featured_media":62767,"comment_status":"closed","ping_status":"closed","sticky":false,"template":"","format":"standard","meta":{"footnotes":""},"categories":[5],"tags":[],"editorial-positions":[],"regions":[],"types":[],"class_list":["post-62984","post","type-post","status-publish","format-standard","has-post-thumbnail","hentry","category-non-categorizzato"],"yoast_head":"<!-- This site is optimized with the Yoast SEO plugin v28.0 - https:\/\/yoast.com\/product\/yoast-seo-wordpress\/ -->\n<title>Sabato a Drobeta: l\u2019incontro che \u00e8 diventato il Manifesto dell\u2019AUR - The Conservative<\/title>\n<meta name=\"robots\" content=\"index, follow, max-snippet:-1, max-image-preview:large, max-video-preview:-1\" \/>\n<link rel=\"canonical\" href=\"https:\/\/www.theconservative.online\/it\/sabato-a-drobeta-lincontro-che-e-diventato-il-manifesto-dellaur\" \/>\n<meta property=\"og:locale\" content=\"it_IT\" \/>\n<meta property=\"og:type\" content=\"article\" \/>\n<meta property=\"og:title\" content=\"Sabato a Drobeta: l\u2019incontro che \u00e8 diventato il Manifesto dell\u2019AUR - The Conservative\" \/>\n<meta property=\"og:description\" content=\"Drobeta-Turnu Severin non \u00e8 proprio il primo posto in cui ti aspetteresti che scoppiasse un terremoto politico, ma sabato \u00e8 diventata il palcoscenico su cui l\u2019AUR ha svelato tutta la sua strategia per la sessione parlamentare che si aprir\u00e0 questo marted\u00ec. Il Consiglio Nazionale di Direzione (CNC) del partito si \u00e8 riunito per quella che [&hellip;]\" \/>\n<meta property=\"og:url\" content=\"https:\/\/www.theconservative.online\/it\/sabato-a-drobeta-lincontro-che-e-diventato-il-manifesto-dellaur\" \/>\n<meta property=\"og:site_name\" content=\"The Conservative\" \/>\n<meta property=\"article:published_time\" content=\"2026-08-30T12:15:11+00:00\" \/>\n<meta property=\"og:image\" content=\"https:\/\/www.theconservative.online\/wp-content\/uploads\/2026\/08\/AURCNC.jpg\" \/>\n\t<meta property=\"og:image:width\" content=\"1792\" \/>\n\t<meta property=\"og:image:height\" content=\"1008\" \/>\n\t<meta property=\"og:image:type\" content=\"image\/jpeg\" \/>\n<meta name=\"author\" content=\"Iosefina Pascal\" \/>\n<meta name=\"twitter:card\" content=\"summary_large_image\" \/>\n<meta name=\"twitter:label1\" content=\"Scritto da\" \/>\n\t<meta name=\"twitter:data1\" content=\"Iosefina Pascal\" \/>\n\t<meta name=\"twitter:label2\" content=\"Tempo di lettura stimato\" \/>\n\t<meta name=\"twitter:data2\" content=\"5 minuti\" \/>\n<script type=\"application\/ld+json\" class=\"yoast-schema-graph\">{\"@context\":\"https:\\\/\\\/schema.org\",\"@graph\":[{\"@type\":\"Article\",\"@id\":\"https:\\\/\\\/www.theconservative.online\\\/it\\\/sabato-a-drobeta-lincontro-che-e-diventato-il-manifesto-dellaur#article\",\"isPartOf\":{\"@id\":\"https:\\\/\\\/www.theconservative.online\\\/it\\\/sabato-a-drobeta-lincontro-che-e-diventato-il-manifesto-dellaur\"},\"author\":{\"name\":\"Iosefina Pascal\",\"@id\":\"https:\\\/\\\/www.theconservative.online\\\/it#\\\/schema\\\/person\\\/a058eee3b153ac2215cf616d9795653b\"},\"headline\":\"Sabato a Drobeta: l\u2019incontro che \u00e8 diventato il Manifesto dell\u2019AUR\",\"datePublished\":\"2026-08-30T12:15:11+00:00\",\"mainEntityOfPage\":{\"@id\":\"https:\\\/\\\/www.theconservative.online\\\/it\\\/sabato-a-drobeta-lincontro-che-e-diventato-il-manifesto-dellaur\"},\"wordCount\":1062,\"image\":{\"@id\":\"https:\\\/\\\/www.theconservative.online\\\/it\\\/sabato-a-drobeta-lincontro-che-e-diventato-il-manifesto-dellaur#primaryimage\"},\"thumbnailUrl\":\"https:\\\/\\\/www.theconservative.online\\\/wp-content\\\/uploads\\\/2026\\\/08\\\/AURCNC.jpg\",\"articleSection\":[\"Non categorizzato\"],\"inLanguage\":\"it-IT\"},{\"@type\":\"WebPage\",\"@id\":\"https:\\\/\\\/www.theconservative.online\\\/it\\\/sabato-a-drobeta-lincontro-che-e-diventato-il-manifesto-dellaur\",\"url\":\"https:\\\/\\\/www.theconservative.online\\\/it\\\/sabato-a-drobeta-lincontro-che-e-diventato-il-manifesto-dellaur\",\"name\":\"Sabato a Drobeta: l\u2019incontro che \u00e8 diventato il Manifesto dell\u2019AUR - The Conservative\",\"isPartOf\":{\"@id\":\"https:\\\/\\\/www.theconservative.online\\\/it#website\"},\"primaryImageOfPage\":{\"@id\":\"https:\\\/\\\/www.theconservative.online\\\/it\\\/sabato-a-drobeta-lincontro-che-e-diventato-il-manifesto-dellaur#primaryimage\"},\"image\":{\"@id\":\"https:\\\/\\\/www.theconservative.online\\\/it\\\/sabato-a-drobeta-lincontro-che-e-diventato-il-manifesto-dellaur#primaryimage\"},\"thumbnailUrl\":\"https:\\\/\\\/www.theconservative.online\\\/wp-content\\\/uploads\\\/2026\\\/08\\\/AURCNC.jpg\",\"datePublished\":\"2026-08-30T12:15:11+00:00\",\"author\":{\"@id\":\"https:\\\/\\\/www.theconservative.online\\\/it#\\\/schema\\\/person\\\/a058eee3b153ac2215cf616d9795653b\"},\"breadcrumb\":{\"@id\":\"https:\\\/\\\/www.theconservative.online\\\/it\\\/sabato-a-drobeta-lincontro-che-e-diventato-il-manifesto-dellaur#breadcrumb\"},\"inLanguage\":\"it-IT\",\"potentialAction\":[{\"@type\":\"ReadAction\",\"target\":[\"https:\\\/\\\/www.theconservative.online\\\/it\\\/sabato-a-drobeta-lincontro-che-e-diventato-il-manifesto-dellaur\"]}]},{\"@type\":\"ImageObject\",\"inLanguage\":\"it-IT\",\"@id\":\"https:\\\/\\\/www.theconservative.online\\\/it\\\/sabato-a-drobeta-lincontro-che-e-diventato-il-manifesto-dellaur#primaryimage\",\"url\":\"https:\\\/\\\/www.theconservative.online\\\/wp-content\\\/uploads\\\/2026\\\/08\\\/AURCNC.jpg\",\"contentUrl\":\"https:\\\/\\\/www.theconservative.online\\\/wp-content\\\/uploads\\\/2026\\\/08\\\/AURCNC.jpg\",\"width\":1792,\"height\":1008,\"caption\":\"Signature: JnuSjfynT9OAlDAdvk576xl8uMSnujh4H8wsPA4DHucqZKqfRZSk1c2Jgz+Ez0p2DggPskOnY4UpUsdhdnUEJpw\\\/k4YraRVCyWOb6+yonAZQDdnf9m1kaDZRyJDghEhUNuEdfnXVt2rNPz85AS+3kxZ2hoOWYOkmxGbzSGpXMaTHUkbeaCi1nmS2pQGdi9issUNaIQXsPS+YImz3+ZFcykVSZHWC1+W4eck1UXYYUGH2KyzuKBTdVSWpGEcsun8a\"},{\"@type\":\"BreadcrumbList\",\"@id\":\"https:\\\/\\\/www.theconservative.online\\\/it\\\/sabato-a-drobeta-lincontro-che-e-diventato-il-manifesto-dellaur#breadcrumb\",\"itemListElement\":[{\"@type\":\"ListItem\",\"position\":1,\"name\":\"Home\",\"item\":\"https:\\\/\\\/www.theconservative.online\\\/it\"},{\"@type\":\"ListItem\",\"position\":2,\"name\":\"Sabato a Drobeta: l\u2019incontro che \u00e8 diventato il Manifesto dell\u2019AUR\"}]},{\"@type\":\"WebSite\",\"@id\":\"https:\\\/\\\/www.theconservative.online\\\/it#website\",\"url\":\"https:\\\/\\\/www.theconservative.online\\\/it\",\"name\":\"The Conservative\",\"description\":\"\",\"potentialAction\":[{\"@type\":\"SearchAction\",\"target\":{\"@type\":\"EntryPoint\",\"urlTemplate\":\"https:\\\/\\\/www.theconservative.online\\\/it?s={search_term_string}\"},\"query-input\":{\"@type\":\"PropertyValueSpecification\",\"valueRequired\":true,\"valueName\":\"search_term_string\"}}],\"inLanguage\":\"it-IT\"},{\"@type\":\"Person\",\"@id\":\"https:\\\/\\\/www.theconservative.online\\\/it#\\\/schema\\\/person\\\/a058eee3b153ac2215cf616d9795653b\",\"name\":\"Iosefina Pascal\",\"image\":{\"@type\":\"ImageObject\",\"inLanguage\":\"it-IT\",\"@id\":\"https:\\\/\\\/secure.gravatar.com\\\/avatar\\\/b6c6576a2be336212e2c44862e76e71f326a3e912cd8ca0a6856a38198536fd3?s=96&d=mm&r=g\",\"url\":\"https:\\\/\\\/secure.gravatar.com\\\/avatar\\\/b6c6576a2be336212e2c44862e76e71f326a3e912cd8ca0a6856a38198536fd3?s=96&d=mm&r=g\",\"contentUrl\":\"https:\\\/\\\/secure.gravatar.com\\\/avatar\\\/b6c6576a2be336212e2c44862e76e71f326a3e912cd8ca0a6856a38198536fd3?s=96&d=mm&r=g\",\"caption\":\"Iosefina Pascal\"},\"url\":\"https:\\\/\\\/www.theconservative.online\\\/it\\\/author\\\/pascal-eunat-2025-26\"}]}<\/script>\n<!-- \/ Yoast SEO plugin. -->","yoast_head_json":{"title":"Sabato a Drobeta: l\u2019incontro che \u00e8 diventato il Manifesto dell\u2019AUR - The Conservative","robots":{"index":"index","follow":"follow","max-snippet":"max-snippet:-1","max-image-preview":"max-image-preview:large","max-video-preview":"max-video-preview:-1"},"canonical":"https:\/\/www.theconservative.online\/it\/sabato-a-drobeta-lincontro-che-e-diventato-il-manifesto-dellaur","og_locale":"it_IT","og_type":"article","og_title":"Sabato a Drobeta: l\u2019incontro che \u00e8 diventato il Manifesto dell\u2019AUR - The Conservative","og_description":"Drobeta-Turnu Severin non \u00e8 proprio il primo posto in cui ti aspetteresti che scoppiasse un terremoto politico, ma sabato \u00e8 diventata il palcoscenico su cui l\u2019AUR ha svelato tutta la sua strategia per la sessione parlamentare che si aprir\u00e0 questo marted\u00ec. Il Consiglio Nazionale di Direzione (CNC) del partito si \u00e8 riunito per quella che [&hellip;]","og_url":"https:\/\/www.theconservative.online\/it\/sabato-a-drobeta-lincontro-che-e-diventato-il-manifesto-dellaur","og_site_name":"The Conservative","article_published_time":"2026-08-30T12:15:11+00:00","og_image":[{"width":1792,"height":1008,"url":"https:\/\/www.theconservative.online\/wp-content\/uploads\/2026\/08\/AURCNC.jpg","type":"image\/jpeg"}],"author":"Iosefina Pascal","twitter_card":"summary_large_image","twitter_misc":{"Scritto da":"Iosefina Pascal","Tempo di lettura stimato":"5 minuti"},"schema":{"@context":"https:\/\/schema.org","@graph":[{"@type":"Article","@id":"https:\/\/www.theconservative.online\/it\/sabato-a-drobeta-lincontro-che-e-diventato-il-manifesto-dellaur#article","isPartOf":{"@id":"https:\/\/www.theconservative.online\/it\/sabato-a-drobeta-lincontro-che-e-diventato-il-manifesto-dellaur"},"author":{"name":"Iosefina Pascal","@id":"https:\/\/www.theconservative.online\/it#\/schema\/person\/a058eee3b153ac2215cf616d9795653b"},"headline":"Sabato a Drobeta: l\u2019incontro che \u00e8 diventato il Manifesto dell\u2019AUR","datePublished":"2026-08-30T12:15:11+00:00","mainEntityOfPage":{"@id":"https:\/\/www.theconservative.online\/it\/sabato-a-drobeta-lincontro-che-e-diventato-il-manifesto-dellaur"},"wordCount":1062,"image":{"@id":"https:\/\/www.theconservative.online\/it\/sabato-a-drobeta-lincontro-che-e-diventato-il-manifesto-dellaur#primaryimage"},"thumbnailUrl":"https:\/\/www.theconservative.online\/wp-content\/uploads\/2026\/08\/AURCNC.jpg","articleSection":["Non categorizzato"],"inLanguage":"it-IT"},{"@type":"WebPage","@id":"https:\/\/www.theconservative.online\/it\/sabato-a-drobeta-lincontro-che-e-diventato-il-manifesto-dellaur","url":"https:\/\/www.theconservative.online\/it\/sabato-a-drobeta-lincontro-che-e-diventato-il-manifesto-dellaur","name":"Sabato a Drobeta: l\u2019incontro che \u00e8 diventato il Manifesto dell\u2019AUR - The Conservative","isPartOf":{"@id":"https:\/\/www.theconservative.online\/it#website"},"primaryImageOfPage":{"@id":"https:\/\/www.theconservative.online\/it\/sabato-a-drobeta-lincontro-che-e-diventato-il-manifesto-dellaur#primaryimage"},"image":{"@id":"https:\/\/www.theconservative.online\/it\/sabato-a-drobeta-lincontro-che-e-diventato-il-manifesto-dellaur#primaryimage"},"thumbnailUrl":"https:\/\/www.theconservative.online\/wp-content\/uploads\/2026\/08\/AURCNC.jpg","datePublished":"2026-08-30T12:15:11+00:00","author":{"@id":"https:\/\/www.theconservative.online\/it#\/schema\/person\/a058eee3b153ac2215cf616d9795653b"},"breadcrumb":{"@id":"https:\/\/www.theconservative.online\/it\/sabato-a-drobeta-lincontro-che-e-diventato-il-manifesto-dellaur#breadcrumb"},"inLanguage":"it-IT","potentialAction":[{"@type":"ReadAction","target":["https:\/\/www.theconservative.online\/it\/sabato-a-drobeta-lincontro-che-e-diventato-il-manifesto-dellaur"]}]},{"@type":"ImageObject","inLanguage":"it-IT","@id":"https:\/\/www.theconservative.online\/it\/sabato-a-drobeta-lincontro-che-e-diventato-il-manifesto-dellaur#primaryimage","url":"https:\/\/www.theconservative.online\/wp-content\/uploads\/2026\/08\/AURCNC.jpg","contentUrl":"https:\/\/www.theconservative.online\/wp-content\/uploads\/2026\/08\/AURCNC.jpg","width":1792,"height":1008,"caption":"Signature: JnuSjfynT9OAlDAdvk576xl8uMSnujh4H8wsPA4DHucqZKqfRZSk1c2Jgz+Ez0p2DggPskOnY4UpUsdhdnUEJpw\/k4YraRVCyWOb6+yonAZQDdnf9m1kaDZRyJDghEhUNuEdfnXVt2rNPz85AS+3kxZ2hoOWYOkmxGbzSGpXMaTHUkbeaCi1nmS2pQGdi9issUNaIQXsPS+YImz3+ZFcykVSZHWC1+W4eck1UXYYUGH2KyzuKBTdVSWpGEcsun8a"},{"@type":"BreadcrumbList","@id":"https:\/\/www.theconservative.online\/it\/sabato-a-drobeta-lincontro-che-e-diventato-il-manifesto-dellaur#breadcrumb","itemListElement":[{"@type":"ListItem","position":1,"name":"Home","item":"https:\/\/www.theconservative.online\/it"},{"@type":"ListItem","position":2,"name":"Sabato a Drobeta: l\u2019incontro che \u00e8 diventato il Manifesto dell\u2019AUR"}]},{"@type":"WebSite","@id":"https:\/\/www.theconservative.online\/it#website","url":"https:\/\/www.theconservative.online\/it","name":"The Conservative","description":"","potentialAction":[{"@type":"SearchAction","target":{"@type":"EntryPoint","urlTemplate":"https:\/\/www.theconservative.online\/it?s={search_term_string}"},"query-input":{"@type":"PropertyValueSpecification","valueRequired":true,"valueName":"search_term_string"}}],"inLanguage":"it-IT"},{"@type":"Person","@id":"https:\/\/www.theconservative.online\/it#\/schema\/person\/a058eee3b153ac2215cf616d9795653b","name":"Iosefina Pascal","image":{"@type":"ImageObject","inLanguage":"it-IT","@id":"https:\/\/secure.gravatar.com\/avatar\/b6c6576a2be336212e2c44862e76e71f326a3e912cd8ca0a6856a38198536fd3?s=96&d=mm&r=g","url":"https:\/\/secure.gravatar.com\/avatar\/b6c6576a2be336212e2c44862e76e71f326a3e912cd8ca0a6856a38198536fd3?s=96&d=mm&r=g","contentUrl":"https:\/\/secure.gravatar.com\/avatar\/b6c6576a2be336212e2c44862e76e71f326a3e912cd8ca0a6856a38198536fd3?s=96&d=mm&r=g","caption":"Iosefina Pascal"},"url":"https:\/\/www.theconservative.online\/it\/author\/pascal-eunat-2025-26"}]}},"acf":[],"_links":{"self":[{"href":"https:\/\/www.theconservative.online\/it\/wp-json\/wp\/v2\/posts\/62984","targetHints":{"allow":["GET"]}}],"collection":[{"href":"https:\/\/www.theconservative.online\/it\/wp-json\/wp\/v2\/posts"}],"about":[{"href":"https:\/\/www.theconservative.online\/it\/wp-json\/wp\/v2\/types\/post"}],"author":[{"embeddable":true,"href":"https:\/\/www.theconservative.online\/it\/wp-json\/wp\/v2\/users\/79"}],"replies":[{"embeddable":true,"href":"https:\/\/www.theconservative.online\/it\/wp-json\/wp\/v2\/comments?post=62984"}],"version-history":[{"count":0,"href":"https:\/\/www.theconservative.online\/it\/wp-json\/wp\/v2\/posts\/62984\/revisions"}],"wp:featuredmedia":[{"embeddable":true,"href":"https:\/\/www.theconservative.online\/it\/wp-json\/wp\/v2\/media\/62767"}],"wp:attachment":[{"href":"https:\/\/www.theconservative.online\/it\/wp-json\/wp\/v2\/media?parent=62984"}],"wp:term":[{"taxonomy":"category","embeddable":true,"href":"https:\/\/www.theconservative.online\/it\/wp-json\/wp\/v2\/categories?post=62984"},{"taxonomy":"post_tag","embeddable":true,"href":"https:\/\/www.theconservative.online\/it\/wp-json\/wp\/v2\/tags?post=62984"},{"taxonomy":"editorial-positions","embeddable":true,"href":"https:\/\/www.theconservative.online\/it\/wp-json\/wp\/v2\/editorial-positions?post=62984"},{"taxonomy":"regions","embeddable":true,"href":"https:\/\/www.theconservative.online\/it\/wp-json\/wp\/v2\/regions?post=62984"},{"taxonomy":"types","embeddable":true,"href":"https:\/\/www.theconservative.online\/it\/wp-json\/wp\/v2\/types?post=62984"}],"curies":[{"name":"wp","href":"https:\/\/api.w.org\/{rel}","templated":true}]}}