{"id":62991,"date":"2026-08-30T12:12:50","date_gmt":"2026-08-30T12:12:50","guid":{"rendered":"https:\/\/www.theconservative.online\/salvare-lidentita-europea-significa-salvare-lidentita-dei-suoi-popoli"},"modified":"2026-08-30T12:12:50","modified_gmt":"2026-08-30T12:12:50","slug":"salvare-lidentita-europea-significa-salvare-lidentita-dei-suoi-popoli","status":"publish","type":"post","link":"https:\/\/www.theconservative.online\/it\/salvare-lidentita-europea-significa-salvare-lidentita-dei-suoi-popoli","title":{"rendered":"Salvare l\u2019identit\u00e0 europea significa salvare l\u2019identit\u00e0 dei suoi popoli"},"content":{"rendered":"<p>L\u2019Europa sta vivendo una trasformazione demografica che non pu\u00f2 pi\u00f9 essere considerata solo una questione statistica. Al 1\u00b0 gennaio 2026, la popolazione dell\u2019Unione Europea era di circa 452 milioni di abitanti, con un aumento di 706.000 persone rispetto all\u2019anno precedente. Ma dietro questa cifra apparentemente positiva si nasconde una realt\u00e0 ben diversa: nel 2025, nell\u2019UE sono nati solo 3,46 milioni di bambini, mentre sono morte 4,81 milioni di persone. Il saldo naturale \u00e8 stato quindi negativo di circa 1,35 milioni di persone. L\u2019aumento complessivo della popolazione \u00e8 stato possibile esclusivamente grazie a un saldo migratorio positivo. Questo \u00e8 il punto di partenza da cui dovrebbe partire qualsiasi riflessione seria sul futuro dell\u2019Europa.<br \/>\nL&#8217;Europa non sta semplicemente crescendo pi\u00f9 lentamente. \u00c8 gi\u00e0 entrata in una fase in cui il numero dei decessi supera quello delle nascite. Questa tendenza, iniziata in modo strutturale nel 2012, va di pari passo con il progressivo invecchiamento della popolazione.<br \/>\nLe proiezioni della Commissione europea indicano che questa trasformazione diventer\u00e0 ancora pi\u00f9 evidente nei prossimi decenni: si prevede che la popolazione europea raggiunga il picco massimo per poi diminuire, mentre la percentuale di anziani aumenter\u00e0 e quella della popolazione in et\u00e0 lavorativa diminuir\u00e0.<br \/>\nIl problema, quindi, non riguarda solo le pensioni, la sanit\u00e0, la produttivit\u00e0 o il mercato del lavoro.<br \/>\nDobbiamo anche porci una domanda ben pi\u00f9 profonda: come pu\u00f2 una civilt\u00e0 preservare la propria identit\u00e0 se diventa sempre pi\u00f9 difficile tramandarla da una generazione all\u2019altra?<br \/>\nPer troppo tempo abbiamo considerato la demografia una materia riservata agli economisti e agli statistici. Ma una societ\u00e0 non \u00e8 solo la somma della sua forza lavoro.<br \/>\nUna societ\u00e0 \u00e8 anche memoria.<br \/>\n\u00c8 la lingua, la letteratura, l\u2019arte, la tradizione, la religione, i costumi, il paesaggio, l\u2019architettura, la musica e la storia. \u00c8 tutto ci\u00f2 che una generazione riceve da quella precedente e sceglie liberamente di tramandare a quella successiva.<br \/>\nUna lingua sopravvive perch\u00e9 viene insegnata ai bambini. Una tradizione sopravvive perch\u00e9 viene tramandata. Il patrimonio culturale sopravvive perch\u00e9 qualcuno lo ritiene abbastanza importante da tramandarlo alle generazioni future.<br \/>\nEcco perch\u00e9 il declino demografico dell&#8217;Europa \u00e8 anche un problema di continuit\u00e0 culturale.<br \/>\nEd \u00e8 proprio da qui che dovrebbe partire una riflessione veramente conservatrice.<br \/>\nPreservare non significa rifiutare il cambiamento. Significa impedire che il cambiamento distrugga ci\u00f2 che vale la pena preservare.<br \/>\nL\u2019Europa non ha bisogno di inventarsi una nuova identit\u00e0 cancellando quelle che gi\u00e0 esistono. Anzi, deve riconoscere che la sua identit\u00e0 \u00e8 nata proprio dalla pluralit\u00e0 dei suoi popoli.<br \/>\nL\u2019Europa \u00e8 italiana, francese, tedesca, spagnola, greca, polacca, irlandese, ungherese e molto altro ancora. \u00c8 fatta di lingue diverse, tradizioni diverse e memorie storiche diverse.<br \/>\nQuesta pluralit\u00e0 non \u00e8 un ostacolo all\u2019identit\u00e0 europea.<br \/>\n\u00c8 l&#8217;identit\u00e0 europea.<br \/>\nIl progetto europeo dovrebbe quindi smetterla di confondere l&#8217;integrazione con l&#8217;omogeneizzazione.<br \/>\nUn cittadino europeo non dovrebbe essere costretto a scegliere tra la propria identit\u00e0 nazionale e quella europea. Si pu\u00f2 essere profondamente italiani e profondamente europei; profondamente polacchi e profondamente europei; profondamente greci e profondamente europei.<br \/>\nInfatti, \u00e8 proprio la forza delle identit\u00e0 che compongono il continente a rendere possibile un\u2019identit\u00e0 europea pi\u00f9 forte.<br \/>\nLa Commissione europea  <em>Bussola culturale per l\u2019Europa<\/em>  riconosce inoltre la diversit\u00e0 culturale e linguistica come elementi fondamentali del patrimonio europeo e attribuisce alla cultura un ruolo importante nella costruzione di un senso di appartenenza.<br \/>\nQuesto principio va portato alle sue conseguenze politiche.<br \/>\nSalvare l\u2019Europa significa salvare le culture che la compongono.<br \/>\nE per salvarli, non basta finanziare i musei o restaurare i monumenti. Dobbiamo fare in modo che ci siano nuove generazioni a cui tramandarli.<br \/>\nNon esiste una soluzione miracolosa in grado di risolvere il problema del calo della natalit\u00e0. La scelta di avere figli dipende da condizioni economiche, sociali e culturali molto diverse tra loro.<br \/>\nMa proprio per questo motivo, \u00e8 necessario creare un contesto in cui la maternit\u00e0 non sia uno svantaggio.<br \/>\nL&#8217;Europa deve analizzare seriamente le differenze tra i suoi Stati membri. I tassi di fertilit\u00e0 non sono uguali ovunque, e le politiche a favore della famiglia, insieme alle condizioni economiche, occupazionali e abitative, possono contribuire a creare circostanze pi\u00f9 o meno favorevoli alla creazione di una famiglia.<br \/>\nQuesto non vuol dire che ci sia una relazione automatica tra una singola prestazione e il numero di figli.<br \/>\nSignifica rendersi conto che, se una societ\u00e0 vuole pi\u00f9 nascite, deve rendere pi\u00f9 facile avere figli.<br \/>\nE questo significa incentivi fiscali, sostegno alla maternit\u00e0, servizi di assistenza all\u2019infanzia, politiche abitative, congedo parentale, flessibilit\u00e0 sul lavoro e, soprattutto, il riconoscimento sociale del valore della maternit\u00e0.<br \/>\nLa maternit\u00e0 \u00e8 un investimento nel futuro della societ\u00e0.<br \/>\nMa una politica demografica senza una politica dell&#8217;istruzione sarebbe insufficiente.<br \/>\nPossiamo avere pi\u00f9 figli, ma se quei bambini crescono senza conoscere la loro storia, la loro letteratura e la loro cultura, la continuit\u00e0 non \u00e8 comunque garantita.<br \/>\nLe scuole devono tornare a essere luoghi di trasmissione.<br \/>\nDante, Shakespeare, Cervantes, Goethe, Omero e Manzoni non sono da mettere in un museo del passato. Fanno parte del patrimonio grazie al quale l\u2019Europa ha costruito la propria identit\u00e0.<br \/>\nUna societ\u00e0 sicura della propria identit\u00e0 non ha bisogno di cancellare ci\u00f2 che l&#8217;ha preceduta.<br \/>\nPu\u00f2 criticarlo. Pu\u00f2 discuterne. Pu\u00f2 persino rifiutarne alcuni aspetti.<br \/>\nMa prima deve saperlo.<br \/>\n\u00c8 proprio qui che dobbiamo andare controcorrente rispetto a  <em>cultura della censura<\/em>.<br \/>\nLa cultura non pu\u00f2 diventare un continuo giudizio sul passato, in cui ogni opera viene valutata esclusivamente in base ai criteri morali del presente. La libert\u00e0 culturale implica anche la possibilit\u00e0 di confrontarsi con idee scomode, opere controverse e personaggi storici problematici.<br \/>\nL&#8217;istruzione dovrebbe formare cittadini capaci di formulare giudizi, non generazioni incapaci di conoscere.<br \/>\nC&#8217;\u00e8, infine, un legame tra demografia e coesione sociale che non va sottovalutato.<br \/>\nUna societ\u00e0 che sta invecchiando, che si sta riducendo e che vede la propria cultura come qualcosa da nascondere potrebbe diventare pi\u00f9 insicura. E una societ\u00e0 insicura tende a percepire il cambiamento come una minaccia.<br \/>\n\u00c8 proprio in questo contesto che pu\u00f2 prendere piede anche la xenofobia.<br \/>\nPer questo motivo, una politica demografica seria non deve essere vista come qualcosa di contrario all\u2019immigrazione. Deve essere vista come un modo per rafforzare la fiducia degli europei nella propria capacit\u00e0 di costruirsi un futuro.<br \/>\nL&#8217;immigrazione legale e regolare pu\u00f2 rallentare il declino demografico e contribuire a compensare la contrazione della forza lavoro, ma non pu\u00f2 sostituire una politica volta ad aumentare i tassi di natalit\u00e0. I dati di Eurostat mostrano chiaramente che negli ultimi anni la crescita demografica in Europa \u00e8 dipesa dalla migrazione netta, mentre il saldo naturale \u00e8 rimasto fortemente negativo.<br \/>\nLa risposta, quindi, non pu\u00f2 essere quella di scegliere tra la famiglia e l&#8217;immigrazione.<br \/>\nL&#8217;obiettivo deve essere quello di costruire un&#8217;Europa abbastanza sicura di s\u00e9 da poter fare entrambe le cose senza paura.<br \/>\nEcco perch\u00e9 la demografia dovrebbe diventare una delle principali priorit\u00e0 politiche dell&#8217;Unione Europea.<br \/>\nPrima ancora di finanziare nuove grandi politiche industriali, grandi progetti economici o ulteriori programmi di investimento, l\u2019Europa deve chiedersi chi sar\u00e0 chiamato a vivere, lavorare e costruire quella societ\u00e0 tra venti, trenta o cinquanta anni.<br \/>\nDovrebbe quindi promuovere politiche comuni e vincolanti a sostegno della crescita demografica, lasciando agli Stati membri la libert\u00e0 di scegliere gli strumenti pi\u00f9 adatti alle proprie tradizioni sociali, ma fissando obiettivi comuni.<br \/>\nAl centro devono esserci le mamme e le famiglie: incentivi fiscali, sostegno abitativo, servizi, congedo parentale, protezione sociale e condizioni di lavoro compatibili con la maternit\u00e0.<br \/>\nIl confronto tra i vari paesi europei dovrebbe diventare una vera e propria politica di ricerca: capire dove il calo dei tassi di natalit\u00e0 \u00e8 meno marcato, quali condizioni lo accompagnano e quali misure possono essere replicate. Non per promettere miracoli, ma per imparare dai risultati.<br \/>\nPerch\u00e9 senza famiglie non ci sono lavoratori.<br \/>\nSenza bambini, non c&#8217;\u00e8 futuro.<br \/>\nE senza trasmissione culturale, non c\u2019\u00e8 identit\u00e0.<br \/>\nSalvare l\u2019identit\u00e0 europea non significa costruire un\u2019Europa uniforme. Significa salvare la straordinaria pluralit\u00e0 dei suoi popoli.<br \/>\nSignifica permettere a ciascuno di loro di preservare la propria lingua, la propria storia e le proprie tradizioni all\u2019interno di una casa europea comune.<br \/>\nUn\u2019Europa che torni ad avere figli, che torni a insegnare la propria storia e che non consideri pi\u00f9 il proprio patrimonio culturale come un fardello del passato sar\u00e0 anche un\u2019Europa meno timorosa del mondo.<br \/>\nPerch\u00e9 chi ha fiducia nella propria identit\u00e0 non ha bisogno di avere paura degli altri.<br \/>\nDevono semplicemente avere qualcosa che valga la pena tramandare.<\/p>\n<\/p>","protected":false},"excerpt":{"rendered":"<p>L\u2019Europa sta vivendo una trasformazione demografica che non pu\u00f2 pi\u00f9 essere considerata solo una questione statistica. Al 1\u00b0 gennaio 2026, la popolazione dell\u2019Unione Europea era di circa 452 milioni di abitanti, con un aumento di 706.000 persone rispetto all\u2019anno precedente. Ma dietro questa cifra apparentemente positiva si nasconde una realt\u00e0 ben diversa: nel 2025, nell\u2019UE [&hellip;]<\/p>\n","protected":false},"author":93,"featured_media":62791,"comment_status":"closed","ping_status":"closed","sticky":false,"template":"","format":"standard","meta":{"footnotes":""},"categories":[1466,172],"tags":[3481,268,1406,3480],"editorial-positions":[],"regions":[],"types":[451],"class_list":["post-62991","post","type-post","status-publish","format-standard","has-post-thumbnail","hentry","category-costruire-uneuropa-conservatrice","category-cultura","tag-demografic-trasformation","tag-europe","tag-identity","tag-peoples","types-opinion-it"],"yoast_head":"<!-- This site is optimized with the Yoast SEO plugin v28.0 - https:\/\/yoast.com\/product\/yoast-seo-wordpress\/ -->\n<title>Salvare l\u2019identit\u00e0 europea significa salvare l\u2019identit\u00e0 dei suoi popoli - The Conservative<\/title>\n<meta name=\"robots\" content=\"index, follow, max-snippet:-1, max-image-preview:large, max-video-preview:-1\" \/>\n<link rel=\"canonical\" href=\"https:\/\/www.theconservative.online\/it\/salvare-lidentita-europea-significa-salvare-lidentita-dei-suoi-popoli\" \/>\n<meta property=\"og:locale\" content=\"it_IT\" \/>\n<meta property=\"og:type\" content=\"article\" \/>\n<meta property=\"og:title\" content=\"Salvare l\u2019identit\u00e0 europea significa salvare l\u2019identit\u00e0 dei suoi popoli - The Conservative\" \/>\n<meta property=\"og:description\" content=\"L\u2019Europa sta vivendo una trasformazione demografica che non pu\u00f2 pi\u00f9 essere considerata solo una questione statistica. Al 1\u00b0 gennaio 2026, la popolazione dell\u2019Unione Europea era di circa 452 milioni di abitanti, con un aumento di 706.000 persone rispetto all\u2019anno precedente. Ma dietro questa cifra apparentemente positiva si nasconde una realt\u00e0 ben diversa: nel 2025, nell\u2019UE [&hellip;]\" \/>\n<meta property=\"og:url\" content=\"https:\/\/www.theconservative.online\/it\/salvare-lidentita-europea-significa-salvare-lidentita-dei-suoi-popoli\" \/>\n<meta property=\"og:site_name\" content=\"The Conservative\" \/>\n<meta property=\"article:published_time\" content=\"2026-08-30T12:12:50+00:00\" \/>\n<meta property=\"og:image\" content=\"https:\/\/www.theconservative.online\/wp-content\/uploads\/2026\/08\/bandiere-stati-eu.jpg\" \/>\n\t<meta property=\"og:image:width\" content=\"1024\" \/>\n\t<meta property=\"og:image:height\" content=\"1024\" \/>\n\t<meta property=\"og:image:type\" content=\"image\/jpeg\" \/>\n<meta name=\"author\" content=\"Sofia Valenti\" \/>\n<meta name=\"twitter:card\" content=\"summary_large_image\" \/>\n<meta name=\"twitter:label1\" content=\"Scritto da\" \/>\n\t<meta name=\"twitter:data1\" content=\"Sofia Valenti\" \/>\n\t<meta name=\"twitter:label2\" content=\"Tempo di lettura stimato\" \/>\n\t<meta name=\"twitter:data2\" content=\"7 minuti\" \/>\n<script type=\"application\/ld+json\" class=\"yoast-schema-graph\">{\"@context\":\"https:\\\/\\\/schema.org\",\"@graph\":[{\"@type\":\"Article\",\"@id\":\"https:\\\/\\\/www.theconservative.online\\\/it\\\/salvare-lidentita-europea-significa-salvare-lidentita-dei-suoi-popoli#article\",\"isPartOf\":{\"@id\":\"https:\\\/\\\/www.theconservative.online\\\/it\\\/salvare-lidentita-europea-significa-salvare-lidentita-dei-suoi-popoli\"},\"author\":{\"name\":\"Sofia Valenti\",\"@id\":\"https:\\\/\\\/www.theconservative.online\\\/it#\\\/schema\\\/person\\\/ba597107f354c40637f85460639c2da8\"},\"headline\":\"Salvare l\u2019identit\u00e0 europea significa salvare l\u2019identit\u00e0 dei suoi popoli\",\"datePublished\":\"2026-08-30T12:12:50+00:00\",\"mainEntityOfPage\":{\"@id\":\"https:\\\/\\\/www.theconservative.online\\\/it\\\/salvare-lidentita-europea-significa-salvare-lidentita-dei-suoi-popoli\"},\"wordCount\":1395,\"image\":{\"@id\":\"https:\\\/\\\/www.theconservative.online\\\/it\\\/salvare-lidentita-europea-significa-salvare-lidentita-dei-suoi-popoli#primaryimage\"},\"thumbnailUrl\":\"https:\\\/\\\/www.theconservative.online\\\/wp-content\\\/uploads\\\/2026\\\/08\\\/bandiere-stati-eu.jpg\",\"keywords\":[\"demografic trasformation\",\"europe\",\"identity\",\"peoples\"],\"articleSection\":[\"Costruire un\u2019Europa conservatrice\",\"Cultura\"],\"inLanguage\":\"it-IT\"},{\"@type\":\"WebPage\",\"@id\":\"https:\\\/\\\/www.theconservative.online\\\/it\\\/salvare-lidentita-europea-significa-salvare-lidentita-dei-suoi-popoli\",\"url\":\"https:\\\/\\\/www.theconservative.online\\\/it\\\/salvare-lidentita-europea-significa-salvare-lidentita-dei-suoi-popoli\",\"name\":\"Salvare l\u2019identit\u00e0 europea significa salvare l\u2019identit\u00e0 dei suoi popoli - The Conservative\",\"isPartOf\":{\"@id\":\"https:\\\/\\\/www.theconservative.online\\\/it#website\"},\"primaryImageOfPage\":{\"@id\":\"https:\\\/\\\/www.theconservative.online\\\/it\\\/salvare-lidentita-europea-significa-salvare-lidentita-dei-suoi-popoli#primaryimage\"},\"image\":{\"@id\":\"https:\\\/\\\/www.theconservative.online\\\/it\\\/salvare-lidentita-europea-significa-salvare-lidentita-dei-suoi-popoli#primaryimage\"},\"thumbnailUrl\":\"https:\\\/\\\/www.theconservative.online\\\/wp-content\\\/uploads\\\/2026\\\/08\\\/bandiere-stati-eu.jpg\",\"datePublished\":\"2026-08-30T12:12:50+00:00\",\"author\":{\"@id\":\"https:\\\/\\\/www.theconservative.online\\\/it#\\\/schema\\\/person\\\/ba597107f354c40637f85460639c2da8\"},\"breadcrumb\":{\"@id\":\"https:\\\/\\\/www.theconservative.online\\\/it\\\/salvare-lidentita-europea-significa-salvare-lidentita-dei-suoi-popoli#breadcrumb\"},\"inLanguage\":\"it-IT\",\"potentialAction\":[{\"@type\":\"ReadAction\",\"target\":[\"https:\\\/\\\/www.theconservative.online\\\/it\\\/salvare-lidentita-europea-significa-salvare-lidentita-dei-suoi-popoli\"]}]},{\"@type\":\"ImageObject\",\"inLanguage\":\"it-IT\",\"@id\":\"https:\\\/\\\/www.theconservative.online\\\/it\\\/salvare-lidentita-europea-significa-salvare-lidentita-dei-suoi-popoli#primaryimage\",\"url\":\"https:\\\/\\\/www.theconservative.online\\\/wp-content\\\/uploads\\\/2026\\\/08\\\/bandiere-stati-eu.jpg\",\"contentUrl\":\"https:\\\/\\\/www.theconservative.online\\\/wp-content\\\/uploads\\\/2026\\\/08\\\/bandiere-stati-eu.jpg\",\"width\":1024,\"height\":1024},{\"@type\":\"BreadcrumbList\",\"@id\":\"https:\\\/\\\/www.theconservative.online\\\/it\\\/salvare-lidentita-europea-significa-salvare-lidentita-dei-suoi-popoli#breadcrumb\",\"itemListElement\":[{\"@type\":\"ListItem\",\"position\":1,\"name\":\"Home\",\"item\":\"https:\\\/\\\/www.theconservative.online\\\/it\"},{\"@type\":\"ListItem\",\"position\":2,\"name\":\"Salvare l\u2019identit\u00e0 europea significa salvare l\u2019identit\u00e0 dei suoi popoli\"}]},{\"@type\":\"WebSite\",\"@id\":\"https:\\\/\\\/www.theconservative.online\\\/it#website\",\"url\":\"https:\\\/\\\/www.theconservative.online\\\/it\",\"name\":\"The Conservative\",\"description\":\"\",\"potentialAction\":[{\"@type\":\"SearchAction\",\"target\":{\"@type\":\"EntryPoint\",\"urlTemplate\":\"https:\\\/\\\/www.theconservative.online\\\/it?s={search_term_string}\"},\"query-input\":{\"@type\":\"PropertyValueSpecification\",\"valueRequired\":true,\"valueName\":\"search_term_string\"}}],\"inLanguage\":\"it-IT\"},{\"@type\":\"Person\",\"@id\":\"https:\\\/\\\/www.theconservative.online\\\/it#\\\/schema\\\/person\\\/ba597107f354c40637f85460639c2da8\",\"name\":\"Sofia Valenti\",\"image\":{\"@type\":\"ImageObject\",\"inLanguage\":\"it-IT\",\"@id\":\"https:\\\/\\\/secure.gravatar.com\\\/avatar\\\/b8358b98da87b71bcc40d48623c024d8cf0e1c2986353618ef2cc48000381c12?s=96&d=mm&r=g\",\"url\":\"https:\\\/\\\/secure.gravatar.com\\\/avatar\\\/b8358b98da87b71bcc40d48623c024d8cf0e1c2986353618ef2cc48000381c12?s=96&d=mm&r=g\",\"contentUrl\":\"https:\\\/\\\/secure.gravatar.com\\\/avatar\\\/b8358b98da87b71bcc40d48623c024d8cf0e1c2986353618ef2cc48000381c12?s=96&d=mm&r=g\",\"caption\":\"Sofia Valenti\"},\"url\":\"https:\\\/\\\/www.theconservative.online\\\/it\\\/author\\\/bellantone-euspec-2026-2027\"}]}<\/script>\n<!-- \/ Yoast SEO plugin. -->","yoast_head_json":{"title":"Salvare l\u2019identit\u00e0 europea significa salvare l\u2019identit\u00e0 dei suoi popoli - The Conservative","robots":{"index":"index","follow":"follow","max-snippet":"max-snippet:-1","max-image-preview":"max-image-preview:large","max-video-preview":"max-video-preview:-1"},"canonical":"https:\/\/www.theconservative.online\/it\/salvare-lidentita-europea-significa-salvare-lidentita-dei-suoi-popoli","og_locale":"it_IT","og_type":"article","og_title":"Salvare l\u2019identit\u00e0 europea significa salvare l\u2019identit\u00e0 dei suoi popoli - The Conservative","og_description":"L\u2019Europa sta vivendo una trasformazione demografica che non pu\u00f2 pi\u00f9 essere considerata solo una questione statistica. Al 1\u00b0 gennaio 2026, la popolazione dell\u2019Unione Europea era di circa 452 milioni di abitanti, con un aumento di 706.000 persone rispetto all\u2019anno precedente. Ma dietro questa cifra apparentemente positiva si nasconde una realt\u00e0 ben diversa: nel 2025, nell\u2019UE [&hellip;]","og_url":"https:\/\/www.theconservative.online\/it\/salvare-lidentita-europea-significa-salvare-lidentita-dei-suoi-popoli","og_site_name":"The Conservative","article_published_time":"2026-08-30T12:12:50+00:00","og_image":[{"width":1024,"height":1024,"url":"https:\/\/www.theconservative.online\/wp-content\/uploads\/2026\/08\/bandiere-stati-eu.jpg","type":"image\/jpeg"}],"author":"Sofia Valenti","twitter_card":"summary_large_image","twitter_misc":{"Scritto da":"Sofia Valenti","Tempo di lettura stimato":"7 minuti"},"schema":{"@context":"https:\/\/schema.org","@graph":[{"@type":"Article","@id":"https:\/\/www.theconservative.online\/it\/salvare-lidentita-europea-significa-salvare-lidentita-dei-suoi-popoli#article","isPartOf":{"@id":"https:\/\/www.theconservative.online\/it\/salvare-lidentita-europea-significa-salvare-lidentita-dei-suoi-popoli"},"author":{"name":"Sofia Valenti","@id":"https:\/\/www.theconservative.online\/it#\/schema\/person\/ba597107f354c40637f85460639c2da8"},"headline":"Salvare l\u2019identit\u00e0 europea significa salvare l\u2019identit\u00e0 dei suoi popoli","datePublished":"2026-08-30T12:12:50+00:00","mainEntityOfPage":{"@id":"https:\/\/www.theconservative.online\/it\/salvare-lidentita-europea-significa-salvare-lidentita-dei-suoi-popoli"},"wordCount":1395,"image":{"@id":"https:\/\/www.theconservative.online\/it\/salvare-lidentita-europea-significa-salvare-lidentita-dei-suoi-popoli#primaryimage"},"thumbnailUrl":"https:\/\/www.theconservative.online\/wp-content\/uploads\/2026\/08\/bandiere-stati-eu.jpg","keywords":["demografic trasformation","europe","identity","peoples"],"articleSection":["Costruire un\u2019Europa conservatrice","Cultura"],"inLanguage":"it-IT"},{"@type":"WebPage","@id":"https:\/\/www.theconservative.online\/it\/salvare-lidentita-europea-significa-salvare-lidentita-dei-suoi-popoli","url":"https:\/\/www.theconservative.online\/it\/salvare-lidentita-europea-significa-salvare-lidentita-dei-suoi-popoli","name":"Salvare l\u2019identit\u00e0 europea significa salvare l\u2019identit\u00e0 dei suoi popoli - The Conservative","isPartOf":{"@id":"https:\/\/www.theconservative.online\/it#website"},"primaryImageOfPage":{"@id":"https:\/\/www.theconservative.online\/it\/salvare-lidentita-europea-significa-salvare-lidentita-dei-suoi-popoli#primaryimage"},"image":{"@id":"https:\/\/www.theconservative.online\/it\/salvare-lidentita-europea-significa-salvare-lidentita-dei-suoi-popoli#primaryimage"},"thumbnailUrl":"https:\/\/www.theconservative.online\/wp-content\/uploads\/2026\/08\/bandiere-stati-eu.jpg","datePublished":"2026-08-30T12:12:50+00:00","author":{"@id":"https:\/\/www.theconservative.online\/it#\/schema\/person\/ba597107f354c40637f85460639c2da8"},"breadcrumb":{"@id":"https:\/\/www.theconservative.online\/it\/salvare-lidentita-europea-significa-salvare-lidentita-dei-suoi-popoli#breadcrumb"},"inLanguage":"it-IT","potentialAction":[{"@type":"ReadAction","target":["https:\/\/www.theconservative.online\/it\/salvare-lidentita-europea-significa-salvare-lidentita-dei-suoi-popoli"]}]},{"@type":"ImageObject","inLanguage":"it-IT","@id":"https:\/\/www.theconservative.online\/it\/salvare-lidentita-europea-significa-salvare-lidentita-dei-suoi-popoli#primaryimage","url":"https:\/\/www.theconservative.online\/wp-content\/uploads\/2026\/08\/bandiere-stati-eu.jpg","contentUrl":"https:\/\/www.theconservative.online\/wp-content\/uploads\/2026\/08\/bandiere-stati-eu.jpg","width":1024,"height":1024},{"@type":"BreadcrumbList","@id":"https:\/\/www.theconservative.online\/it\/salvare-lidentita-europea-significa-salvare-lidentita-dei-suoi-popoli#breadcrumb","itemListElement":[{"@type":"ListItem","position":1,"name":"Home","item":"https:\/\/www.theconservative.online\/it"},{"@type":"ListItem","position":2,"name":"Salvare l\u2019identit\u00e0 europea significa salvare l\u2019identit\u00e0 dei suoi popoli"}]},{"@type":"WebSite","@id":"https:\/\/www.theconservative.online\/it#website","url":"https:\/\/www.theconservative.online\/it","name":"The Conservative","description":"","potentialAction":[{"@type":"SearchAction","target":{"@type":"EntryPoint","urlTemplate":"https:\/\/www.theconservative.online\/it?s={search_term_string}"},"query-input":{"@type":"PropertyValueSpecification","valueRequired":true,"valueName":"search_term_string"}}],"inLanguage":"it-IT"},{"@type":"Person","@id":"https:\/\/www.theconservative.online\/it#\/schema\/person\/ba597107f354c40637f85460639c2da8","name":"Sofia Valenti","image":{"@type":"ImageObject","inLanguage":"it-IT","@id":"https:\/\/secure.gravatar.com\/avatar\/b8358b98da87b71bcc40d48623c024d8cf0e1c2986353618ef2cc48000381c12?s=96&d=mm&r=g","url":"https:\/\/secure.gravatar.com\/avatar\/b8358b98da87b71bcc40d48623c024d8cf0e1c2986353618ef2cc48000381c12?s=96&d=mm&r=g","contentUrl":"https:\/\/secure.gravatar.com\/avatar\/b8358b98da87b71bcc40d48623c024d8cf0e1c2986353618ef2cc48000381c12?s=96&d=mm&r=g","caption":"Sofia Valenti"},"url":"https:\/\/www.theconservative.online\/it\/author\/bellantone-euspec-2026-2027"}]}},"acf":[],"_links":{"self":[{"href":"https:\/\/www.theconservative.online\/it\/wp-json\/wp\/v2\/posts\/62991","targetHints":{"allow":["GET"]}}],"collection":[{"href":"https:\/\/www.theconservative.online\/it\/wp-json\/wp\/v2\/posts"}],"about":[{"href":"https:\/\/www.theconservative.online\/it\/wp-json\/wp\/v2\/types\/post"}],"author":[{"embeddable":true,"href":"https:\/\/www.theconservative.online\/it\/wp-json\/wp\/v2\/users\/93"}],"replies":[{"embeddable":true,"href":"https:\/\/www.theconservative.online\/it\/wp-json\/wp\/v2\/comments?post=62991"}],"version-history":[{"count":0,"href":"https:\/\/www.theconservative.online\/it\/wp-json\/wp\/v2\/posts\/62991\/revisions"}],"wp:featuredmedia":[{"embeddable":true,"href":"https:\/\/www.theconservative.online\/it\/wp-json\/wp\/v2\/media\/62791"}],"wp:attachment":[{"href":"https:\/\/www.theconservative.online\/it\/wp-json\/wp\/v2\/media?parent=62991"}],"wp:term":[{"taxonomy":"category","embeddable":true,"href":"https:\/\/www.theconservative.online\/it\/wp-json\/wp\/v2\/categories?post=62991"},{"taxonomy":"post_tag","embeddable":true,"href":"https:\/\/www.theconservative.online\/it\/wp-json\/wp\/v2\/tags?post=62991"},{"taxonomy":"editorial-positions","embeddable":true,"href":"https:\/\/www.theconservative.online\/it\/wp-json\/wp\/v2\/editorial-positions?post=62991"},{"taxonomy":"regions","embeddable":true,"href":"https:\/\/www.theconservative.online\/it\/wp-json\/wp\/v2\/regions?post=62991"},{"taxonomy":"types","embeddable":true,"href":"https:\/\/www.theconservative.online\/it\/wp-json\/wp\/v2\/types?post=62991"}],"curies":[{"name":"wp","href":"https:\/\/api.w.org\/{rel}","templated":true}]}}