{"id":63004,"date":"2026-08-29T13:21:29","date_gmt":"2026-08-29T13:21:29","guid":{"rendered":"https:\/\/www.theconservative.online\/lislanda-vota-per-riprendere-il-percorso-verso-lunione-europea"},"modified":"2026-08-29T13:21:29","modified_gmt":"2026-08-29T13:21:29","slug":"lislanda-vota-per-riprendere-il-percorso-verso-lunione-europea","status":"publish","type":"post","link":"https:\/\/www.theconservative.online\/it\/lislanda-vota-per-riprendere-il-percorso-verso-lunione-europea","title":{"rendered":"L\u2019Islanda vota per riprendere il percorso verso l\u2019Unione Europea"},"content":{"rendered":"<h2>Un referendum molto combattuto porta l\u2019ansia economica, i diritti di pesca e la sicurezza nell\u2019Artico al centro di un dibattito che potrebbe ridefinire il rapporto di Reykjav\u00edk con Bruxelles<\/h2>\n<p>Gli islandesi stanno votando per decidere se il loro Paese debba riprendere i negoziati di adesione all\u2019Unione Europea, riportando in auge una questione politica rimasta irrisolta per pi\u00f9 di un decennio. Il referendum non chiede agli elettori di approvare l\u2019adesione all\u2019UE in s\u00e9. Determina invece se Reykjav\u00edk debba riprendere i negoziati sospesi nel 2013.<\/p>\n<p>Anche se il referendum \u00e8 formalmente consultivo, il governo ha promesso di attenersi al risultato. Una vittoria della campagna per il \u201cs\u00ec\u201d riaprirebbe quindi i negoziati con Bruxelles. Qualsiasi accordo raggiunto dovrebbe poi essere sottoposto agli islandesi in un secondo referendum prima che il Paese possa entrare a far parte dell\u2019Unione.<\/p><div class='related_content'><span>RELATED<\/span><ul><li><a href='https:\/\/www.theconservative.online\/it\/il-no-islandese-e-leuropa-delle-nazioni'>Il \u201cNo\u201d islandese e l\u2019Europa delle Nazioni<\/li><\/a><li><a href='https:\/\/www.theconservative.online\/it\/alcune-riflessioni-dopo-il-discorso-del-commissario-per-lallargamento-a-zagabria'>Alcune riflessioni dopo il discorso del Commissario per l\u2019allargamento a Zagabria<\/li><\/a><li><a href='https:\/\/www.theconservative.online\/it\/una-destra-unita-deve-mettere-in-evidenza-le-differenze-interne'>Una destra unita deve mettere in evidenza le differenze interne<\/li><\/a><\/ul><\/div>\n<p>L\u2019esito \u00e8 molto incerto. Due sondaggi finali hanno indicato che i due schieramenti si trovavano entro il margine di errore. Mask\u00edna ha rilevato un sostegno al rinnovo dei negoziati pari al 50,4%, mentre Gallup ha registrato un leggero vantaggio per il \u201cno\u201d, al 51,6%.<\/p>\n<p>Circa 270.000 persone hanno diritto a votare. I seggi hanno aperto alle 9 del mattino, ora locale, e chiuderanno alle 22. L\u2019affluenza al voto anticipato \u00e8 stata insolitamente alta: a mezzogiorno della vigilia del referendum erano gi\u00e0 state espresse 56.774 schede, di cui circa 17.000 dall\u2019estero. La regione della capitale ha registrato il livello pi\u00f9 alto di partecipazione anticipata mai visto finora.<\/p>\n<p>Lo spoglio inizier\u00e0 subito dopo la chiusura dei seggi, con i primi risultati parziali attesi dal distretto meridionale. Non sono stati annunciati exit poll a livello nazionale.<\/p>\n<p>Dietro questa contesa serrata si nasconde un dibattito su come l\u2019Islanda debba proteggere sia la propria prosperit\u00e0 che la propria indipendenza. Il Paese \u00e8 gi\u00e0 strettamente legato all\u2019UE attraverso lo Spazio economico europeo, l\u2019area Schengen e l\u2019Associazione europea di libero scambio. Fa parte del mercato unico e applica gran parte della legislazione europea, nonostante abbia un\u2019influenza limitata su come vengono scritte quelle regole.<\/p>\n<p>Chi \u00e8 a favore di riprendere i negoziati sostiene che l\u2019Islanda dovrebbe avere un posto al tavolo delle trattative, visto che \u00e8 gi\u00e0 tenuta ad attuare molte decisioni dell\u2019UE. Chi invece \u00e8 contrario ritiene che l\u2019accordo attuale sia preferibile perch\u00e9 combina l\u2019accesso ai mercati europei con una maggiore autonomia nazionale.<\/p>\n<p>Nessuna questione illustra questa preoccupazione in modo pi\u00f9 chiaro della pesca. Le risorse marine sono fondamentali per l\u2019economia e l\u2019identit\u00e0 nazionale dell\u2019Islanda. L\u2019adesione a pieno titolo richiederebbe negoziati sulla Politica comune della pesca dell\u2019UE, comprese le questioni relative alle quote e all\u2019accesso alle acque islandesi. I critici temono che le decisioni prese ora a Reykjav\u00edk possano diventare oggetto di compromessi a Bruxelles.<\/p>\n<p>La pesca \u00e8 stata anche la parte pi\u00f9 difficile del precedente processo di adesione. L\u2019Islanda ha presentato domanda di adesione nel 2009, dopo che un crollo finanziario aveva devastato il suo sistema bancario e indebolito la fiducia nella valuta nazionale. Quando i negoziati sono stati interrotti quattro anni dopo, erano stati aperti 27 capitoli politici e 11 erano stati provvisoriamente chiusi, ma il capitolo sulla pesca rimaneva irrisolto.<\/p>\n<p>Le pressioni economiche hanno riportato la questione europea in primo piano. L\u2019inflazione, i mutui costosi e il tasso d\u2019interesse dell\u20198 per cento fissato dalla banca centrale islandese hanno rafforzato le argomentazioni a favore di una maggiore integrazione. Il tasso della Banca centrale europea, in confronto, si attesta al 2,25 per cento. Chi \u00e8 a favore dell\u2019Europa presenta l\u2019eventuale adozione dell\u2019euro come una possibile fonte di stabilit\u00e0. I loro oppositori avvertono che rinunciare alla corona significherebbe rinunciare a uno strumento prezioso per rispondere alle esigenze specifiche della piccola economia islandese.<\/p>\n<p>Anche il contesto geopolitico \u00e8 cambiato radicalmente dal 2013. L\u2019invasione russa dell\u2019Ucraina, l\u2019intensificarsi della competizione nell\u2019Artico e l\u2019incertezza sulla politica statunitense a lungo termine hanno accresciuto l\u2019importanza strategica dell\u2019Islanda. L\u2019isola si trova tra l\u2019Europa, la Groenlandia e il Nord America, vicino al GIUK Gap, un corridoio fondamentale del Nord Atlantico per la sicurezza militare e marittima.<\/p>\n<p>L\u2019Islanda, membro fondatore della NATO, ha recentemente ampliato la sua cooperazione in materia di sicurezza con l\u2019UE attraverso un partenariato che riguarda l\u2019Artico, le infrastrutture critiche, gli affari marittimi e le minacce informatiche. L\u2019adesione avrebbe quindi un\u2019importanza che va ben oltre i circa 400.000 abitanti dell\u2019Islanda: rafforzerebbe la presenza politica dell\u2019UE in una regione che sta attirando sempre pi\u00f9 l\u2019attenzione di Russia, Cina e Stati Uniti.<\/p>\n<p>Se gli elettori approveranno la ripresa dei colloqui, il ministero degli Esteri islandese ritiene che i negoziati potrebbero iniziare prima della fine dell\u2019anno e durare dai 18 ai 24 mesi. Ma anche in quel caso, l\u2019adesione rimarrebbe ancora in sospeso. Il referendum pu\u00f2 riaprire la porta verso l\u2019Europa, ma gli islandesi dovrebbero comunque decidere se varcarla o meno.<\/p>\n<p>&nbsp;<\/p>\n<h4>Alessandro Fiorentino<\/h4>\n<\/p>","protected":false},"excerpt":{"rendered":"<p>Un referendum molto combattuto porta l\u2019ansia economica, i diritti di pesca e la sicurezza nell\u2019Artico al centro di un dibattito che potrebbe ridefinire il rapporto di Reykjav\u00edk con Bruxelles Gli islandesi stanno votando per decidere se il loro Paese debba riprendere i negoziati di adesione all\u2019Unione Europea, riportando in auge una questione politica rimasta irrisolta [&hellip;]<\/p>\n","protected":false},"author":75,"featured_media":62710,"comment_status":"closed","ping_status":"closed","sticky":false,"template":"","format":"standard","meta":{"footnotes":""},"categories":[153,1466,172,220,1332,257,162,202,2066],"tags":[3477,3474,3475,3476,1000,302,250,237,300,215,247,270,268,283,316,599,72,503,243,146,1864,214,554,252,282],"editorial-positions":[],"regions":[322,331,340,349,358],"types":[420,451],"class_list":["post-63004","post","type-post","status-publish","format-standard","has-post-thumbnail","hentry","category-commercio-ed-economia","category-costruire-uneuropa-conservatrice","category-cultura","category-energia","category-il-nostro-futuro-con-la-nato","category-legale","category-politica-it","category-salute","category-world-it","tag-icelanders","tag-islanda","tag-votes","tag-voti","tag-conservatism","tag-conservative","tag-economy","tag-energy","tag-environment","tag-eu","tag-eu-council","tag-europa","tag-europe","tag-european-commission","tag-european-parliament","tag-european-union","tag-iceland","tag-immigration","tag-nato","tag-politics","tag-referendum","tag-russia","tag-sweden","tag-technology","tag-ursula-von-der-leyen","regions-central-europe-it","regions-eastern-europe-it","regions-northern-europe-it","regions-southern-europe-it","regions-western-europe-it","types-news-it","types-opinion-it"],"yoast_head":"<!-- This site is optimized with the Yoast SEO plugin v28.0 - https:\/\/yoast.com\/product\/yoast-seo-wordpress\/ -->\n<title>L\u2019Islanda vota per riprendere il percorso verso l\u2019Unione Europea - The Conservative<\/title>\n<meta name=\"robots\" content=\"index, follow, max-snippet:-1, max-image-preview:large, max-video-preview:-1\" \/>\n<link rel=\"canonical\" href=\"https:\/\/www.theconservative.online\/it\/lislanda-vota-per-riprendere-il-percorso-verso-lunione-europea\" \/>\n<meta property=\"og:locale\" content=\"it_IT\" \/>\n<meta property=\"og:type\" content=\"article\" \/>\n<meta property=\"og:title\" content=\"L\u2019Islanda vota per riprendere il percorso verso l\u2019Unione Europea - The Conservative\" \/>\n<meta property=\"og:description\" content=\"Un referendum molto combattuto porta l\u2019ansia economica, i diritti di pesca e la sicurezza nell\u2019Artico al centro di un dibattito che potrebbe ridefinire il rapporto di Reykjav\u00edk con Bruxelles Gli islandesi stanno votando per decidere se il loro Paese debba riprendere i negoziati di adesione all\u2019Unione Europea, riportando in auge una questione politica rimasta irrisolta [&hellip;]\" \/>\n<meta property=\"og:url\" content=\"https:\/\/www.theconservative.online\/it\/lislanda-vota-per-riprendere-il-percorso-verso-lunione-europea\" \/>\n<meta property=\"og:site_name\" content=\"The Conservative\" \/>\n<meta property=\"article:published_time\" content=\"2026-08-29T13:21:29+00:00\" \/>\n<meta property=\"og:image\" content=\"https:\/\/www.theconservative.online\/wp-content\/uploads\/2026\/08\/iceland-eu-referendum-cover-16x9-1.png\" \/>\n\t<meta property=\"og:image:width\" content=\"1115\" \/>\n\t<meta property=\"og:image:height\" content=\"627\" \/>\n\t<meta property=\"og:image:type\" content=\"image\/png\" \/>\n<meta name=\"author\" content=\"Gianluca Guarino\" \/>\n<meta name=\"twitter:card\" content=\"summary_large_image\" \/>\n<meta name=\"twitter:label1\" content=\"Scritto da\" \/>\n\t<meta name=\"twitter:data1\" content=\"Gianluca Guarino\" \/>\n\t<meta name=\"twitter:label2\" content=\"Tempo di lettura stimato\" \/>\n\t<meta name=\"twitter:data2\" content=\"4 minuti\" \/>\n<script type=\"application\/ld+json\" class=\"yoast-schema-graph\">{\"@context\":\"https:\\\/\\\/schema.org\",\"@graph\":[{\"@type\":\"Article\",\"@id\":\"https:\\\/\\\/www.theconservative.online\\\/it\\\/lislanda-vota-per-riprendere-il-percorso-verso-lunione-europea#article\",\"isPartOf\":{\"@id\":\"https:\\\/\\\/www.theconservative.online\\\/it\\\/lislanda-vota-per-riprendere-il-percorso-verso-lunione-europea\"},\"author\":{\"name\":\"Gianluca Guarino\",\"@id\":\"https:\\\/\\\/www.theconservative.online\\\/it#\\\/schema\\\/person\\\/46c9b8a1ba7a0e0b73f01e5e8593e28a\"},\"headline\":\"L\u2019Islanda vota per riprendere il percorso verso l\u2019Unione Europea\",\"datePublished\":\"2026-08-29T13:21:29+00:00\",\"mainEntityOfPage\":{\"@id\":\"https:\\\/\\\/www.theconservative.online\\\/it\\\/lislanda-vota-per-riprendere-il-percorso-verso-lunione-europea\"},\"wordCount\":821,\"image\":{\"@id\":\"https:\\\/\\\/www.theconservative.online\\\/it\\\/lislanda-vota-per-riprendere-il-percorso-verso-lunione-europea#primaryimage\"},\"thumbnailUrl\":\"https:\\\/\\\/www.theconservative.online\\\/wp-content\\\/uploads\\\/2026\\\/08\\\/iceland-eu-referendum-cover-16x9-1.png\",\"keywords\":[\"#icelanders\",\"#islanda\",\"#votes\",\"#voti\",\"Conservatism\",\"conservative\",\"Economy\",\"energy\",\"environment\",\"EU\",\"EU Council\",\"europa\",\"europe\",\"European Commission\",\"European Parliament\",\"European Union\",\"Iceland\",\"immigration\",\"NATO\",\"Politics\",\"referendum\",\"Russia\",\"Sweden\",\"technology\",\"Ursula von der Leyen\"],\"articleSection\":[\"Commercio ed Economia\",\"Costruire un\u2019Europa conservatrice\",\"Cultura\",\"Energia\",\"Il nostro futuro con la NATO\",\"Legale\",\"Politica\",\"Salute\",\"World\"],\"inLanguage\":\"it-IT\"},{\"@type\":\"WebPage\",\"@id\":\"https:\\\/\\\/www.theconservative.online\\\/it\\\/lislanda-vota-per-riprendere-il-percorso-verso-lunione-europea\",\"url\":\"https:\\\/\\\/www.theconservative.online\\\/it\\\/lislanda-vota-per-riprendere-il-percorso-verso-lunione-europea\",\"name\":\"L\u2019Islanda vota per riprendere il percorso verso l\u2019Unione Europea - The Conservative\",\"isPartOf\":{\"@id\":\"https:\\\/\\\/www.theconservative.online\\\/it#website\"},\"primaryImageOfPage\":{\"@id\":\"https:\\\/\\\/www.theconservative.online\\\/it\\\/lislanda-vota-per-riprendere-il-percorso-verso-lunione-europea#primaryimage\"},\"image\":{\"@id\":\"https:\\\/\\\/www.theconservative.online\\\/it\\\/lislanda-vota-per-riprendere-il-percorso-verso-lunione-europea#primaryimage\"},\"thumbnailUrl\":\"https:\\\/\\\/www.theconservative.online\\\/wp-content\\\/uploads\\\/2026\\\/08\\\/iceland-eu-referendum-cover-16x9-1.png\",\"datePublished\":\"2026-08-29T13:21:29+00:00\",\"author\":{\"@id\":\"https:\\\/\\\/www.theconservative.online\\\/it#\\\/schema\\\/person\\\/46c9b8a1ba7a0e0b73f01e5e8593e28a\"},\"breadcrumb\":{\"@id\":\"https:\\\/\\\/www.theconservative.online\\\/it\\\/lislanda-vota-per-riprendere-il-percorso-verso-lunione-europea#breadcrumb\"},\"inLanguage\":\"it-IT\",\"potentialAction\":[{\"@type\":\"ReadAction\",\"target\":[\"https:\\\/\\\/www.theconservative.online\\\/it\\\/lislanda-vota-per-riprendere-il-percorso-verso-lunione-europea\"]}]},{\"@type\":\"ImageObject\",\"inLanguage\":\"it-IT\",\"@id\":\"https:\\\/\\\/www.theconservative.online\\\/it\\\/lislanda-vota-per-riprendere-il-percorso-verso-lunione-europea#primaryimage\",\"url\":\"https:\\\/\\\/www.theconservative.online\\\/wp-content\\\/uploads\\\/2026\\\/08\\\/iceland-eu-referendum-cover-16x9-1.png\",\"contentUrl\":\"https:\\\/\\\/www.theconservative.online\\\/wp-content\\\/uploads\\\/2026\\\/08\\\/iceland-eu-referendum-cover-16x9-1.png\",\"width\":1115,\"height\":627},{\"@type\":\"BreadcrumbList\",\"@id\":\"https:\\\/\\\/www.theconservative.online\\\/it\\\/lislanda-vota-per-riprendere-il-percorso-verso-lunione-europea#breadcrumb\",\"itemListElement\":[{\"@type\":\"ListItem\",\"position\":1,\"name\":\"Home\",\"item\":\"https:\\\/\\\/www.theconservative.online\\\/it\"},{\"@type\":\"ListItem\",\"position\":2,\"name\":\"L\u2019Islanda vota per riprendere il percorso verso l\u2019Unione Europea\"}]},{\"@type\":\"WebSite\",\"@id\":\"https:\\\/\\\/www.theconservative.online\\\/it#website\",\"url\":\"https:\\\/\\\/www.theconservative.online\\\/it\",\"name\":\"The Conservative\",\"description\":\"\",\"potentialAction\":[{\"@type\":\"SearchAction\",\"target\":{\"@type\":\"EntryPoint\",\"urlTemplate\":\"https:\\\/\\\/www.theconservative.online\\\/it?s={search_term_string}\"},\"query-input\":{\"@type\":\"PropertyValueSpecification\",\"valueRequired\":true,\"valueName\":\"search_term_string\"}}],\"inLanguage\":\"it-IT\"},{\"@type\":\"Person\",\"@id\":\"https:\\\/\\\/www.theconservative.online\\\/it#\\\/schema\\\/person\\\/46c9b8a1ba7a0e0b73f01e5e8593e28a\",\"name\":\"Gianluca Guarino\",\"image\":{\"@type\":\"ImageObject\",\"inLanguage\":\"it-IT\",\"@id\":\"https:\\\/\\\/secure.gravatar.com\\\/avatar\\\/01905945d0032a29ec00293c7d34262b190a51fcaa4b6e91fa605759ef37929e?s=96&d=mm&r=g\",\"url\":\"https:\\\/\\\/secure.gravatar.com\\\/avatar\\\/01905945d0032a29ec00293c7d34262b190a51fcaa4b6e91fa605759ef37929e?s=96&d=mm&r=g\",\"contentUrl\":\"https:\\\/\\\/secure.gravatar.com\\\/avatar\\\/01905945d0032a29ec00293c7d34262b190a51fcaa4b6e91fa605759ef37929e?s=96&d=mm&r=g\",\"caption\":\"Gianluca Guarino\"},\"url\":\"https:\\\/\\\/www.theconservative.online\\\/it\\\/author\\\/worklab-euaff-2025-26\"}]}<\/script>\n<!-- \/ Yoast SEO plugin. -->","yoast_head_json":{"title":"L\u2019Islanda vota per riprendere il percorso verso l\u2019Unione Europea - The Conservative","robots":{"index":"index","follow":"follow","max-snippet":"max-snippet:-1","max-image-preview":"max-image-preview:large","max-video-preview":"max-video-preview:-1"},"canonical":"https:\/\/www.theconservative.online\/it\/lislanda-vota-per-riprendere-il-percorso-verso-lunione-europea","og_locale":"it_IT","og_type":"article","og_title":"L\u2019Islanda vota per riprendere il percorso verso l\u2019Unione Europea - The Conservative","og_description":"Un referendum molto combattuto porta l\u2019ansia economica, i diritti di pesca e la sicurezza nell\u2019Artico al centro di un dibattito che potrebbe ridefinire il rapporto di Reykjav\u00edk con Bruxelles Gli islandesi stanno votando per decidere se il loro Paese debba riprendere i negoziati di adesione all\u2019Unione Europea, riportando in auge una questione politica rimasta irrisolta [&hellip;]","og_url":"https:\/\/www.theconservative.online\/it\/lislanda-vota-per-riprendere-il-percorso-verso-lunione-europea","og_site_name":"The Conservative","article_published_time":"2026-08-29T13:21:29+00:00","og_image":[{"width":1115,"height":627,"url":"https:\/\/www.theconservative.online\/wp-content\/uploads\/2026\/08\/iceland-eu-referendum-cover-16x9-1.png","type":"image\/png"}],"author":"Gianluca Guarino","twitter_card":"summary_large_image","twitter_misc":{"Scritto da":"Gianluca Guarino","Tempo di lettura stimato":"4 minuti"},"schema":{"@context":"https:\/\/schema.org","@graph":[{"@type":"Article","@id":"https:\/\/www.theconservative.online\/it\/lislanda-vota-per-riprendere-il-percorso-verso-lunione-europea#article","isPartOf":{"@id":"https:\/\/www.theconservative.online\/it\/lislanda-vota-per-riprendere-il-percorso-verso-lunione-europea"},"author":{"name":"Gianluca Guarino","@id":"https:\/\/www.theconservative.online\/it#\/schema\/person\/46c9b8a1ba7a0e0b73f01e5e8593e28a"},"headline":"L\u2019Islanda vota per riprendere il percorso verso l\u2019Unione Europea","datePublished":"2026-08-29T13:21:29+00:00","mainEntityOfPage":{"@id":"https:\/\/www.theconservative.online\/it\/lislanda-vota-per-riprendere-il-percorso-verso-lunione-europea"},"wordCount":821,"image":{"@id":"https:\/\/www.theconservative.online\/it\/lislanda-vota-per-riprendere-il-percorso-verso-lunione-europea#primaryimage"},"thumbnailUrl":"https:\/\/www.theconservative.online\/wp-content\/uploads\/2026\/08\/iceland-eu-referendum-cover-16x9-1.png","keywords":["#icelanders","#islanda","#votes","#voti","Conservatism","conservative","Economy","energy","environment","EU","EU Council","europa","europe","European Commission","European Parliament","European Union","Iceland","immigration","NATO","Politics","referendum","Russia","Sweden","technology","Ursula von der Leyen"],"articleSection":["Commercio ed Economia","Costruire un\u2019Europa conservatrice","Cultura","Energia","Il nostro futuro con la NATO","Legale","Politica","Salute","World"],"inLanguage":"it-IT"},{"@type":"WebPage","@id":"https:\/\/www.theconservative.online\/it\/lislanda-vota-per-riprendere-il-percorso-verso-lunione-europea","url":"https:\/\/www.theconservative.online\/it\/lislanda-vota-per-riprendere-il-percorso-verso-lunione-europea","name":"L\u2019Islanda vota per riprendere il percorso verso l\u2019Unione Europea - The Conservative","isPartOf":{"@id":"https:\/\/www.theconservative.online\/it#website"},"primaryImageOfPage":{"@id":"https:\/\/www.theconservative.online\/it\/lislanda-vota-per-riprendere-il-percorso-verso-lunione-europea#primaryimage"},"image":{"@id":"https:\/\/www.theconservative.online\/it\/lislanda-vota-per-riprendere-il-percorso-verso-lunione-europea#primaryimage"},"thumbnailUrl":"https:\/\/www.theconservative.online\/wp-content\/uploads\/2026\/08\/iceland-eu-referendum-cover-16x9-1.png","datePublished":"2026-08-29T13:21:29+00:00","author":{"@id":"https:\/\/www.theconservative.online\/it#\/schema\/person\/46c9b8a1ba7a0e0b73f01e5e8593e28a"},"breadcrumb":{"@id":"https:\/\/www.theconservative.online\/it\/lislanda-vota-per-riprendere-il-percorso-verso-lunione-europea#breadcrumb"},"inLanguage":"it-IT","potentialAction":[{"@type":"ReadAction","target":["https:\/\/www.theconservative.online\/it\/lislanda-vota-per-riprendere-il-percorso-verso-lunione-europea"]}]},{"@type":"ImageObject","inLanguage":"it-IT","@id":"https:\/\/www.theconservative.online\/it\/lislanda-vota-per-riprendere-il-percorso-verso-lunione-europea#primaryimage","url":"https:\/\/www.theconservative.online\/wp-content\/uploads\/2026\/08\/iceland-eu-referendum-cover-16x9-1.png","contentUrl":"https:\/\/www.theconservative.online\/wp-content\/uploads\/2026\/08\/iceland-eu-referendum-cover-16x9-1.png","width":1115,"height":627},{"@type":"BreadcrumbList","@id":"https:\/\/www.theconservative.online\/it\/lislanda-vota-per-riprendere-il-percorso-verso-lunione-europea#breadcrumb","itemListElement":[{"@type":"ListItem","position":1,"name":"Home","item":"https:\/\/www.theconservative.online\/it"},{"@type":"ListItem","position":2,"name":"L\u2019Islanda vota per riprendere il percorso verso l\u2019Unione Europea"}]},{"@type":"WebSite","@id":"https:\/\/www.theconservative.online\/it#website","url":"https:\/\/www.theconservative.online\/it","name":"The Conservative","description":"","potentialAction":[{"@type":"SearchAction","target":{"@type":"EntryPoint","urlTemplate":"https:\/\/www.theconservative.online\/it?s={search_term_string}"},"query-input":{"@type":"PropertyValueSpecification","valueRequired":true,"valueName":"search_term_string"}}],"inLanguage":"it-IT"},{"@type":"Person","@id":"https:\/\/www.theconservative.online\/it#\/schema\/person\/46c9b8a1ba7a0e0b73f01e5e8593e28a","name":"Gianluca Guarino","image":{"@type":"ImageObject","inLanguage":"it-IT","@id":"https:\/\/secure.gravatar.com\/avatar\/01905945d0032a29ec00293c7d34262b190a51fcaa4b6e91fa605759ef37929e?s=96&d=mm&r=g","url":"https:\/\/secure.gravatar.com\/avatar\/01905945d0032a29ec00293c7d34262b190a51fcaa4b6e91fa605759ef37929e?s=96&d=mm&r=g","contentUrl":"https:\/\/secure.gravatar.com\/avatar\/01905945d0032a29ec00293c7d34262b190a51fcaa4b6e91fa605759ef37929e?s=96&d=mm&r=g","caption":"Gianluca Guarino"},"url":"https:\/\/www.theconservative.online\/it\/author\/worklab-euaff-2025-26"}]}},"acf":[],"_links":{"self":[{"href":"https:\/\/www.theconservative.online\/it\/wp-json\/wp\/v2\/posts\/63004","targetHints":{"allow":["GET"]}}],"collection":[{"href":"https:\/\/www.theconservative.online\/it\/wp-json\/wp\/v2\/posts"}],"about":[{"href":"https:\/\/www.theconservative.online\/it\/wp-json\/wp\/v2\/types\/post"}],"author":[{"embeddable":true,"href":"https:\/\/www.theconservative.online\/it\/wp-json\/wp\/v2\/users\/75"}],"replies":[{"embeddable":true,"href":"https:\/\/www.theconservative.online\/it\/wp-json\/wp\/v2\/comments?post=63004"}],"version-history":[{"count":0,"href":"https:\/\/www.theconservative.online\/it\/wp-json\/wp\/v2\/posts\/63004\/revisions"}],"wp:featuredmedia":[{"embeddable":true,"href":"https:\/\/www.theconservative.online\/it\/wp-json\/wp\/v2\/media\/62710"}],"wp:attachment":[{"href":"https:\/\/www.theconservative.online\/it\/wp-json\/wp\/v2\/media?parent=63004"}],"wp:term":[{"taxonomy":"category","embeddable":true,"href":"https:\/\/www.theconservative.online\/it\/wp-json\/wp\/v2\/categories?post=63004"},{"taxonomy":"post_tag","embeddable":true,"href":"https:\/\/www.theconservative.online\/it\/wp-json\/wp\/v2\/tags?post=63004"},{"taxonomy":"editorial-positions","embeddable":true,"href":"https:\/\/www.theconservative.online\/it\/wp-json\/wp\/v2\/editorial-positions?post=63004"},{"taxonomy":"regions","embeddable":true,"href":"https:\/\/www.theconservative.online\/it\/wp-json\/wp\/v2\/regions?post=63004"},{"taxonomy":"types","embeddable":true,"href":"https:\/\/www.theconservative.online\/it\/wp-json\/wp\/v2\/types?post=63004"}],"curies":[{"name":"wp","href":"https:\/\/api.w.org\/{rel}","templated":true}]}}