{"id":63084,"date":"2026-08-30T12:10:48","date_gmt":"2026-08-30T12:10:48","guid":{"rendered":"https:\/\/www.theconservative.online\/perche-lislanda-ha-rifiutato-di-entrare-nellue"},"modified":"2026-08-30T12:10:48","modified_gmt":"2026-08-30T12:10:48","slug":"perche-lislanda-ha-rifiutato-di-entrare-nellue","status":"publish","type":"post","link":"https:\/\/www.theconservative.online\/it\/perche-lislanda-ha-rifiutato-di-entrare-nellue","title":{"rendered":"Perch\u00e9 l\u2019Islanda ha rifiutato di entrare nell\u2019UE"},"content":{"rendered":"<p style=\"font-weight: 400;\">Nel referendum del 29 agosto 2026, l\u2019Islanda ha respinto i negoziati per l\u2019adesione all\u2019UE per cinque motivi: tre economici e due esistenziali. Innanzitutto, la scelta non era tra l\u2019isolamento e l\u2019Europa. L\u2019Islanda faceva parte dello Spazio economico europeo dal 1994, insieme a Norvegia, Liechtenstein e, a tutti gli effetti, anche alla Svizzera. Questo significava che l\u2019Islanda faceva parte del Mercato unico, mentre la pesca, l\u2019agricoltura, il commercio estero e la politica monetaria non erano sotto il controllo dell\u2019UE. In secondo luogo, gli islandesi non volevano cedere il controllo di quei quattro importanti settori all\u2019UE, specialmente la loro pesca sostenibile e redditizia, n\u00e9 perdere la possibilit\u00e0 di stipulare accordi di libero scambio con paesi come Cina, India, Stati Uniti e Brasile. La terza ragione economica era che un\u2019Islanda prospera avrebbe contribuito all\u2019UE molto pi\u00f9 di quanto avrebbe ricevuto da essa. Gli islandesi non l\u2019hanno presa bene quando <em>Politico<\/em> ha citato un funzionario dell\u2019UE che ha detto di sperare che l\u2019Islanda e il Montenegro entrassero a far parte dell\u2019Unione contemporaneamente, perch\u00e9 i benefici derivanti dall\u2019Islanda avrebbero coperto i costi del Montenegro. <\/p>\n<h3 style=\"font-weight: 400;\">Le prospettive dell\u2019UE<\/h3>\n<p style=\"font-weight: 400;\">Uno dei motivi fondamentali del rifiuto dell\u2019adesione \u00e8 che le prospettive dell\u2019UE non sembrano proprio rosee. Nel prossimo futuro dovr\u00e0 affrontare sfide finanziarie significative: passivit\u00e0 pensionistiche non finanziate, mentre il sistema pensionistico islandese \u00e8 il pi\u00f9 solido al mondo; deficit pubblici persistenti in molti paesi membri; ingenti spese previste per le capacit\u00e0 militari, mentre l\u2019Islanda ha un trattato di difesa con gli Stati Uniti; e l\u2019inevitabile costo dei nove paesi candidati relativamente poveri dell\u2019Europa sud-orientale. Nonostante queste sfide, l\u2019\u00e9lite di Bruxelles sta <a href=\"https:\/\/www.theconservative.online\/verhofstadts-epistle-to-the-icelanders\">cercando<\/a> di trasformare l\u2019UE in uno Stato federale, contro la volont\u00e0 della maggior parte degli elettori europei.<\/p><div class='related_content'><span>RELATED<\/span><ul><li><a href='https:\/\/www.theconservative.online\/it\/il-no-islandese-e-leuropa-delle-nazioni'>Il \u201cNo\u201d islandese e l\u2019Europa delle Nazioni<\/li><\/a><li><a href='https:\/\/www.theconservative.online\/it\/alcune-riflessioni-dopo-il-discorso-del-commissario-per-lallargamento-a-zagabria'>Alcune riflessioni dopo il discorso del Commissario per l\u2019allargamento a Zagabria<\/li><\/a><li><a href='https:\/\/www.theconservative.online\/it\/la-svolta-industriale-delleuropa-mette-in-primo-piano-la-cina-lenergia-e-gli-investimenti'>La svolta industriale dell&#8217;Europa mette in primo piano la Cina, l&#8217;energia e gli investimenti<\/li><\/a><\/ul><\/div>\n<h3 style=\"font-weight: 400;\">Una forte identit\u00e0 nazionale<\/h3>\n<p style=\"font-weight: 400;\">Un altro motivo di natura esistenziale potrebbe spiegare perch\u00e9 la destra e la sinistra islandesi si siano unite contro l\u2019adesione all\u2019UE, con il sostegno all\u2019Unione che si limita in gran parte agli intellettuali delle citt\u00e0 e ai dipendenti pubblici. Si tratta della forte <a href=\"https:\/\/www.theconservative.online\/the-eu-and-icelandic-exceptionalism\">identit\u00e0 nazionale islandese<\/a> forgiata nella lotta per l\u2019indipendenza del XIX secolo, culminata nel 1918 con la concessione della sovranit\u00e0 da parte della Danimarca. Questa identit\u00e0 \u00e8 stata ulteriormente rafforzata dalle quattro guerre del merluzzo che l\u2019Islanda ha combattuto fino al 1976 per ottenere il controllo delle fertili zone di pesca che circondano l\u2019isola. Questa identit\u00e0 nazionale si basava sul ricordo del Commonwealth islandese indipendente del 930\u20131262, governato dalla legge piuttosto che da un re, nonch\u00e9 sul ricordo del periodo buio che segu\u00ec, quando l\u2019Islanda dovette sottomettersi prima al re norvegese e poi a quello danese. Non sorprende che alcuni dei miei colleghi dell\u2019Universit\u00e0 d\u2019Islanda, come i professori Baldur Th\u00f3rhallsson e <a href=\"https:\/\/www.dv.is\/eyjan\/2026\/08\/13\/gudmundur-jardar-lifseiga-soguskodun-thetta-stenst-ekki-sogulega-skodun\">Gudmundur H\u00e1lfdanarson<\/a>, che hanno ricevuto generosi finanziamenti dall\u2019UE, abbiano fatto del loro meglio per sminuire e persino deridere questa memoria.  <\/p>\n<h3 style=\"font-weight: 400;\">Slogan ingegnoso<\/h3>\n<p style=\"font-weight: 400;\">Queste cinque ragioni per non entrare nell\u2019UE sono state presentate in una campagna ben organizzata e quasi impeccabile da parte dei sostenitori del \u201cNo\u201d. I sostenitori del \u201cS\u00ec\u201d, invece, hanno puntato soprattutto su uno slogan ingegnoso, <em>\u201cJ\u00e1 til ad sj\u00e1\u201d<\/em>, che \u00e8 difficile da tradurre in inglese. In modo ammirevolmente conciso, significa in realt\u00e0: Vota s\u00ec per scoprire cosa l\u2019UE pu\u00f2 offrire all\u2019Islanda nei negoziati. Chi potrebbe essere contrario a questo? Solo chi avesse letto le dettagliate istruzioni dell\u2019UE per i paesi candidati, ovviamente.<\/p>\n<h3 style=\"font-weight: 400;\">Attacchi personali feroci<\/h3>\n<p style=\"font-weight: 400;\">Anche il fronte del \u201cS\u00ec\u201d ha fatto ricorso a tre stratagemmi. Uno era promettere che, se l\u2019Islanda fosse entrata nell\u2019UE, avrebbe goduto di un tenore di vita molto pi\u00f9 alto di quello che aveva gi\u00e0. Ma questa argomentazione non era molto convincente in un paese molto pi\u00f9 prospero della maggior parte dei paesi dell\u2019UE. La seconda strategia era quella di mettere in primo piano il presidente degli Stati Uniti Donald Trump. Neanche questa ha funzionato. Le dichiarazioni avventate di un presidente a cui restano solo due anni e mezzo di mandato non cambiano la politica estera a lungo termine di una nazione. La terza mossa consisteva in feroci attacchi personali ai due portavoce pi\u00f9 efficaci del fronte del \u00abNo\u00bb: il dottor Carl Baudenbacher, esperto di diritto europeo riconosciuto a livello internazionale, che nel 2013, in qualit\u00e0 di presidente della Corte dell\u2019EFTA, si era pronunciato a favore dell\u2019Islanda in un <a href=\"https:\/\/www.theconservative.online\/it\/due-stranieri-che-hanno-salvato-lislanda\">importante caso<\/a> riguardante le responsabilit\u00e0 derivanti dal crollo delle banche islandesi del 2008, e \u00d3lafur Ragnar Gr\u00edmsson, che \u00e8 stato presidente dell\u2019Islanda per vent\u2019anni, dal 1996 al 2016. Il dottor Baudenbacher ha pubblicato un <a href=\"https:\/\/www.theconservative.online\/it?p=62001\">libro<\/a> sull\u2019Islanda e l\u2019UE e ha tenuto una conferenza davanti a una sala gremita. \u00d3lafur Ragnar ha fatto una serie di discorsi convincenti e interviste televisive. Gli attacchi del fronte del \u00abS\u00ec\u00bb contro di loro si sono ritorti contro di loro. <\/p>\n<p style=\"font-weight: 400;\">(La foto mostra il dottor Baudenbacher mentre tiene la sua conferenza il 10 agosto 2026, con \u00d3lafur Ragnar Gr\u00edmsson che presiede l&#8217;incontro.)<\/p>\n<\/p>","protected":false},"excerpt":{"rendered":"<p>Nel referendum del 29 agosto 2026, l\u2019Islanda ha respinto i negoziati per l\u2019adesione all\u2019UE per cinque motivi: tre economici e due esistenziali. Innanzitutto, la scelta non era tra l\u2019isolamento e l\u2019Europa. L\u2019Islanda faceva parte dello Spazio economico europeo dal 1994, insieme a Norvegia, Liechtenstein e, a tutti gli effetti, anche alla Svizzera. Questo significava che [&hellip;]<\/p>\n","protected":false},"author":82,"featured_media":62813,"comment_status":"closed","ping_status":"closed","sticky":false,"template":"","format":"standard","meta":{"footnotes":""},"categories":[172,162,173,2066],"tags":[3388,599,72,1028,3482],"editorial-positions":[],"regions":[340],"types":[451],"class_list":["post-63084","post","type-post","status-publish","format-standard","has-post-thumbnail","hentry","category-cultura","category-politica-it","category-saggi","category-world-it","tag-european-economic-area","tag-european-union","tag-iceland","tag-nationalism","tag-single-market","regions-northern-europe-it","types-opinion-it"],"yoast_head":"<!-- This site is optimized with the Yoast SEO plugin v28.0 - https:\/\/yoast.com\/product\/yoast-seo-wordpress\/ -->\n<title>Perch\u00e9 l\u2019Islanda ha rifiutato di entrare nell\u2019UE - The Conservative<\/title>\n<meta name=\"robots\" content=\"index, follow, max-snippet:-1, max-image-preview:large, max-video-preview:-1\" \/>\n<link rel=\"canonical\" href=\"https:\/\/www.theconservative.online\/it\/perche-lislanda-ha-rifiutato-di-entrare-nellue\" \/>\n<meta property=\"og:locale\" content=\"it_IT\" \/>\n<meta property=\"og:type\" content=\"article\" \/>\n<meta property=\"og:title\" content=\"Perch\u00e9 l\u2019Islanda ha rifiutato di entrare nell\u2019UE - The Conservative\" \/>\n<meta property=\"og:description\" content=\"Nel referendum del 29 agosto 2026, l\u2019Islanda ha respinto i negoziati per l\u2019adesione all\u2019UE per cinque motivi: tre economici e due esistenziali. Innanzitutto, la scelta non era tra l\u2019isolamento e l\u2019Europa. L\u2019Islanda faceva parte dello Spazio economico europeo dal 1994, insieme a Norvegia, Liechtenstein e, a tutti gli effetti, anche alla Svizzera. Questo significava che [&hellip;]\" \/>\n<meta property=\"og:url\" content=\"https:\/\/www.theconservative.online\/it\/perche-lislanda-ha-rifiutato-di-entrare-nellue\" \/>\n<meta property=\"og:site_name\" content=\"The Conservative\" \/>\n<meta property=\"article:author\" content=\"https:\/\/www.facebook.com\/hannes.h.gissurarson\" \/>\n<meta property=\"article:published_time\" content=\"2026-08-30T12:10:48+00:00\" \/>\n<meta property=\"og:image\" content=\"https:\/\/www.theconservative.online\/wp-content\/uploads\/2026\/08\/Baudenbacher.OlafurRagnar.jpg\" \/>\n\t<meta property=\"og:image:width\" content=\"944\" \/>\n\t<meta property=\"og:image:height\" content=\"537\" \/>\n\t<meta property=\"og:image:type\" content=\"image\/jpeg\" \/>\n<meta name=\"author\" content=\"Hannes Gissurarson\" \/>\n<meta name=\"twitter:card\" content=\"summary_large_image\" \/>\n<meta name=\"twitter:creator\" content=\"@HHGConferences\" \/>\n<meta name=\"twitter:label1\" content=\"Scritto da\" \/>\n\t<meta name=\"twitter:data1\" content=\"Hannes Gissurarson\" \/>\n\t<meta name=\"twitter:label2\" content=\"Tempo di lettura stimato\" \/>\n\t<meta name=\"twitter:data2\" content=\"4 minuti\" \/>\n<script type=\"application\/ld+json\" class=\"yoast-schema-graph\">{\"@context\":\"https:\\\/\\\/schema.org\",\"@graph\":[{\"@type\":\"Article\",\"@id\":\"https:\\\/\\\/www.theconservative.online\\\/it\\\/perche-lislanda-ha-rifiutato-di-entrare-nellue#article\",\"isPartOf\":{\"@id\":\"https:\\\/\\\/www.theconservative.online\\\/it\\\/perche-lislanda-ha-rifiutato-di-entrare-nellue\"},\"author\":{\"name\":\"Hannes Gissurarson\",\"@id\":\"https:\\\/\\\/www.theconservative.online\\\/it#\\\/schema\\\/person\\\/f846a1e867ea22696d18c11389594bf5\"},\"headline\":\"Perch\u00e9 l\u2019Islanda ha rifiutato di entrare nell\u2019UE\",\"datePublished\":\"2026-08-30T12:10:48+00:00\",\"mainEntityOfPage\":{\"@id\":\"https:\\\/\\\/www.theconservative.online\\\/it\\\/perche-lislanda-ha-rifiutato-di-entrare-nellue\"},\"wordCount\":838,\"image\":{\"@id\":\"https:\\\/\\\/www.theconservative.online\\\/it\\\/perche-lislanda-ha-rifiutato-di-entrare-nellue#primaryimage\"},\"thumbnailUrl\":\"https:\\\/\\\/www.theconservative.online\\\/wp-content\\\/uploads\\\/2026\\\/08\\\/Baudenbacher.OlafurRagnar.jpg\",\"keywords\":[\"European Economic Area\",\"European Union\",\"Iceland\",\"Nationalism\",\"Single Market\"],\"articleSection\":[\"Cultura\",\"Politica\",\"Saggi\",\"World\"],\"inLanguage\":\"it-IT\"},{\"@type\":\"WebPage\",\"@id\":\"https:\\\/\\\/www.theconservative.online\\\/it\\\/perche-lislanda-ha-rifiutato-di-entrare-nellue\",\"url\":\"https:\\\/\\\/www.theconservative.online\\\/it\\\/perche-lislanda-ha-rifiutato-di-entrare-nellue\",\"name\":\"Perch\u00e9 l\u2019Islanda ha rifiutato di entrare nell\u2019UE - The Conservative\",\"isPartOf\":{\"@id\":\"https:\\\/\\\/www.theconservative.online\\\/it#website\"},\"primaryImageOfPage\":{\"@id\":\"https:\\\/\\\/www.theconservative.online\\\/it\\\/perche-lislanda-ha-rifiutato-di-entrare-nellue#primaryimage\"},\"image\":{\"@id\":\"https:\\\/\\\/www.theconservative.online\\\/it\\\/perche-lislanda-ha-rifiutato-di-entrare-nellue#primaryimage\"},\"thumbnailUrl\":\"https:\\\/\\\/www.theconservative.online\\\/wp-content\\\/uploads\\\/2026\\\/08\\\/Baudenbacher.OlafurRagnar.jpg\",\"datePublished\":\"2026-08-30T12:10:48+00:00\",\"author\":{\"@id\":\"https:\\\/\\\/www.theconservative.online\\\/it#\\\/schema\\\/person\\\/f846a1e867ea22696d18c11389594bf5\"},\"breadcrumb\":{\"@id\":\"https:\\\/\\\/www.theconservative.online\\\/it\\\/perche-lislanda-ha-rifiutato-di-entrare-nellue#breadcrumb\"},\"inLanguage\":\"it-IT\",\"potentialAction\":[{\"@type\":\"ReadAction\",\"target\":[\"https:\\\/\\\/www.theconservative.online\\\/it\\\/perche-lislanda-ha-rifiutato-di-entrare-nellue\"]}]},{\"@type\":\"ImageObject\",\"inLanguage\":\"it-IT\",\"@id\":\"https:\\\/\\\/www.theconservative.online\\\/it\\\/perche-lislanda-ha-rifiutato-di-entrare-nellue#primaryimage\",\"url\":\"https:\\\/\\\/www.theconservative.online\\\/wp-content\\\/uploads\\\/2026\\\/08\\\/Baudenbacher.OlafurRagnar.jpg\",\"contentUrl\":\"https:\\\/\\\/www.theconservative.online\\\/wp-content\\\/uploads\\\/2026\\\/08\\\/Baudenbacher.OlafurRagnar.jpg\",\"width\":944,\"height\":537},{\"@type\":\"BreadcrumbList\",\"@id\":\"https:\\\/\\\/www.theconservative.online\\\/it\\\/perche-lislanda-ha-rifiutato-di-entrare-nellue#breadcrumb\",\"itemListElement\":[{\"@type\":\"ListItem\",\"position\":1,\"name\":\"Home\",\"item\":\"https:\\\/\\\/www.theconservative.online\\\/it\"},{\"@type\":\"ListItem\",\"position\":2,\"name\":\"Perch\u00e9 l\u2019Islanda ha rifiutato di entrare nell\u2019UE\"}]},{\"@type\":\"WebSite\",\"@id\":\"https:\\\/\\\/www.theconservative.online\\\/it#website\",\"url\":\"https:\\\/\\\/www.theconservative.online\\\/it\",\"name\":\"The Conservative\",\"description\":\"\",\"potentialAction\":[{\"@type\":\"SearchAction\",\"target\":{\"@type\":\"EntryPoint\",\"urlTemplate\":\"https:\\\/\\\/www.theconservative.online\\\/it?s={search_term_string}\"},\"query-input\":{\"@type\":\"PropertyValueSpecification\",\"valueRequired\":true,\"valueName\":\"search_term_string\"}}],\"inLanguage\":\"it-IT\"},{\"@type\":\"Person\",\"@id\":\"https:\\\/\\\/www.theconservative.online\\\/it#\\\/schema\\\/person\\\/f846a1e867ea22696d18c11389594bf5\",\"name\":\"Hannes Gissurarson\",\"image\":{\"@type\":\"ImageObject\",\"inLanguage\":\"it-IT\",\"@id\":\"https:\\\/\\\/secure.gravatar.com\\\/avatar\\\/5b34f276b6474dfca32871d1defaa3703e4969d4d69ff8b5a2542fc232dc85a6?s=96&d=mm&r=g\",\"url\":\"https:\\\/\\\/secure.gravatar.com\\\/avatar\\\/5b34f276b6474dfca32871d1defaa3703e4969d4d69ff8b5a2542fc232dc85a6?s=96&d=mm&r=g\",\"contentUrl\":\"https:\\\/\\\/secure.gravatar.com\\\/avatar\\\/5b34f276b6474dfca32871d1defaa3703e4969d4d69ff8b5a2542fc232dc85a6?s=96&d=mm&r=g\",\"caption\":\"Hannes Gissurarson\"},\"description\":\"Born in 1953. D. Phil. Politics Oxford 1985. Professor of Politics 1988\u20132023. Professor Emeritus since 2023. Member of the Board of Directors Mont Pelerin Society 1998\u20132004. Member of the Board of Overseers Central Bank of Iceland 2001\u20132009. Visiting Scholar, Hoover Institution and many universities.\",\"sameAs\":[\"https:\\\/\\\/www.facebook.com\\\/hannes.h.gissurarson\",\"https:\\\/\\\/www.instagram.com\\\/hannes1953\\\/\",\"https:\\\/\\\/www.linkedin.com\\\/in\\\/hannes-gissurarson-90485239\\\/\",\"https:\\\/\\\/x.com\\\/HHGConferences\",\"https:\\\/\\\/en.wikipedia.org\\\/wiki\\\/Hannes_H\u00f3lmsteinn_Gissurarson\"],\"url\":\"https:\\\/\\\/www.theconservative.online\\\/it\\\/author\\\/hannes-eunat-2025-26\"}]}<\/script>\n<!-- \/ Yoast SEO plugin. -->","yoast_head_json":{"title":"Perch\u00e9 l\u2019Islanda ha rifiutato di entrare nell\u2019UE - The Conservative","robots":{"index":"index","follow":"follow","max-snippet":"max-snippet:-1","max-image-preview":"max-image-preview:large","max-video-preview":"max-video-preview:-1"},"canonical":"https:\/\/www.theconservative.online\/it\/perche-lislanda-ha-rifiutato-di-entrare-nellue","og_locale":"it_IT","og_type":"article","og_title":"Perch\u00e9 l\u2019Islanda ha rifiutato di entrare nell\u2019UE - The Conservative","og_description":"Nel referendum del 29 agosto 2026, l\u2019Islanda ha respinto i negoziati per l\u2019adesione all\u2019UE per cinque motivi: tre economici e due esistenziali. Innanzitutto, la scelta non era tra l\u2019isolamento e l\u2019Europa. L\u2019Islanda faceva parte dello Spazio economico europeo dal 1994, insieme a Norvegia, Liechtenstein e, a tutti gli effetti, anche alla Svizzera. Questo significava che [&hellip;]","og_url":"https:\/\/www.theconservative.online\/it\/perche-lislanda-ha-rifiutato-di-entrare-nellue","og_site_name":"The Conservative","article_author":"https:\/\/www.facebook.com\/hannes.h.gissurarson","article_published_time":"2026-08-30T12:10:48+00:00","og_image":[{"width":944,"height":537,"url":"https:\/\/www.theconservative.online\/wp-content\/uploads\/2026\/08\/Baudenbacher.OlafurRagnar.jpg","type":"image\/jpeg"}],"author":"Hannes Gissurarson","twitter_card":"summary_large_image","twitter_creator":"@HHGConferences","twitter_misc":{"Scritto da":"Hannes Gissurarson","Tempo di lettura stimato":"4 minuti"},"schema":{"@context":"https:\/\/schema.org","@graph":[{"@type":"Article","@id":"https:\/\/www.theconservative.online\/it\/perche-lislanda-ha-rifiutato-di-entrare-nellue#article","isPartOf":{"@id":"https:\/\/www.theconservative.online\/it\/perche-lislanda-ha-rifiutato-di-entrare-nellue"},"author":{"name":"Hannes Gissurarson","@id":"https:\/\/www.theconservative.online\/it#\/schema\/person\/f846a1e867ea22696d18c11389594bf5"},"headline":"Perch\u00e9 l\u2019Islanda ha rifiutato di entrare nell\u2019UE","datePublished":"2026-08-30T12:10:48+00:00","mainEntityOfPage":{"@id":"https:\/\/www.theconservative.online\/it\/perche-lislanda-ha-rifiutato-di-entrare-nellue"},"wordCount":838,"image":{"@id":"https:\/\/www.theconservative.online\/it\/perche-lislanda-ha-rifiutato-di-entrare-nellue#primaryimage"},"thumbnailUrl":"https:\/\/www.theconservative.online\/wp-content\/uploads\/2026\/08\/Baudenbacher.OlafurRagnar.jpg","keywords":["European Economic Area","European Union","Iceland","Nationalism","Single Market"],"articleSection":["Cultura","Politica","Saggi","World"],"inLanguage":"it-IT"},{"@type":"WebPage","@id":"https:\/\/www.theconservative.online\/it\/perche-lislanda-ha-rifiutato-di-entrare-nellue","url":"https:\/\/www.theconservative.online\/it\/perche-lislanda-ha-rifiutato-di-entrare-nellue","name":"Perch\u00e9 l\u2019Islanda ha rifiutato di entrare nell\u2019UE - The Conservative","isPartOf":{"@id":"https:\/\/www.theconservative.online\/it#website"},"primaryImageOfPage":{"@id":"https:\/\/www.theconservative.online\/it\/perche-lislanda-ha-rifiutato-di-entrare-nellue#primaryimage"},"image":{"@id":"https:\/\/www.theconservative.online\/it\/perche-lislanda-ha-rifiutato-di-entrare-nellue#primaryimage"},"thumbnailUrl":"https:\/\/www.theconservative.online\/wp-content\/uploads\/2026\/08\/Baudenbacher.OlafurRagnar.jpg","datePublished":"2026-08-30T12:10:48+00:00","author":{"@id":"https:\/\/www.theconservative.online\/it#\/schema\/person\/f846a1e867ea22696d18c11389594bf5"},"breadcrumb":{"@id":"https:\/\/www.theconservative.online\/it\/perche-lislanda-ha-rifiutato-di-entrare-nellue#breadcrumb"},"inLanguage":"it-IT","potentialAction":[{"@type":"ReadAction","target":["https:\/\/www.theconservative.online\/it\/perche-lislanda-ha-rifiutato-di-entrare-nellue"]}]},{"@type":"ImageObject","inLanguage":"it-IT","@id":"https:\/\/www.theconservative.online\/it\/perche-lislanda-ha-rifiutato-di-entrare-nellue#primaryimage","url":"https:\/\/www.theconservative.online\/wp-content\/uploads\/2026\/08\/Baudenbacher.OlafurRagnar.jpg","contentUrl":"https:\/\/www.theconservative.online\/wp-content\/uploads\/2026\/08\/Baudenbacher.OlafurRagnar.jpg","width":944,"height":537},{"@type":"BreadcrumbList","@id":"https:\/\/www.theconservative.online\/it\/perche-lislanda-ha-rifiutato-di-entrare-nellue#breadcrumb","itemListElement":[{"@type":"ListItem","position":1,"name":"Home","item":"https:\/\/www.theconservative.online\/it"},{"@type":"ListItem","position":2,"name":"Perch\u00e9 l\u2019Islanda ha rifiutato di entrare nell\u2019UE"}]},{"@type":"WebSite","@id":"https:\/\/www.theconservative.online\/it#website","url":"https:\/\/www.theconservative.online\/it","name":"The Conservative","description":"","potentialAction":[{"@type":"SearchAction","target":{"@type":"EntryPoint","urlTemplate":"https:\/\/www.theconservative.online\/it?s={search_term_string}"},"query-input":{"@type":"PropertyValueSpecification","valueRequired":true,"valueName":"search_term_string"}}],"inLanguage":"it-IT"},{"@type":"Person","@id":"https:\/\/www.theconservative.online\/it#\/schema\/person\/f846a1e867ea22696d18c11389594bf5","name":"Hannes Gissurarson","image":{"@type":"ImageObject","inLanguage":"it-IT","@id":"https:\/\/secure.gravatar.com\/avatar\/5b34f276b6474dfca32871d1defaa3703e4969d4d69ff8b5a2542fc232dc85a6?s=96&d=mm&r=g","url":"https:\/\/secure.gravatar.com\/avatar\/5b34f276b6474dfca32871d1defaa3703e4969d4d69ff8b5a2542fc232dc85a6?s=96&d=mm&r=g","contentUrl":"https:\/\/secure.gravatar.com\/avatar\/5b34f276b6474dfca32871d1defaa3703e4969d4d69ff8b5a2542fc232dc85a6?s=96&d=mm&r=g","caption":"Hannes Gissurarson"},"description":"Born in 1953. D. Phil. Politics Oxford 1985. Professor of Politics 1988\u20132023. Professor Emeritus since 2023. Member of the Board of Directors Mont Pelerin Society 1998\u20132004. Member of the Board of Overseers Central Bank of Iceland 2001\u20132009. Visiting Scholar, Hoover Institution and many universities.","sameAs":["https:\/\/www.facebook.com\/hannes.h.gissurarson","https:\/\/www.instagram.com\/hannes1953\/","https:\/\/www.linkedin.com\/in\/hannes-gissurarson-90485239\/","https:\/\/x.com\/HHGConferences","https:\/\/en.wikipedia.org\/wiki\/Hannes_H\u00f3lmsteinn_Gissurarson"],"url":"https:\/\/www.theconservative.online\/it\/author\/hannes-eunat-2025-26"}]}},"acf":[],"_links":{"self":[{"href":"https:\/\/www.theconservative.online\/it\/wp-json\/wp\/v2\/posts\/63084","targetHints":{"allow":["GET"]}}],"collection":[{"href":"https:\/\/www.theconservative.online\/it\/wp-json\/wp\/v2\/posts"}],"about":[{"href":"https:\/\/www.theconservative.online\/it\/wp-json\/wp\/v2\/types\/post"}],"author":[{"embeddable":true,"href":"https:\/\/www.theconservative.online\/it\/wp-json\/wp\/v2\/users\/82"}],"replies":[{"embeddable":true,"href":"https:\/\/www.theconservative.online\/it\/wp-json\/wp\/v2\/comments?post=63084"}],"version-history":[{"count":0,"href":"https:\/\/www.theconservative.online\/it\/wp-json\/wp\/v2\/posts\/63084\/revisions"}],"wp:featuredmedia":[{"embeddable":true,"href":"https:\/\/www.theconservative.online\/it\/wp-json\/wp\/v2\/media\/62813"}],"wp:attachment":[{"href":"https:\/\/www.theconservative.online\/it\/wp-json\/wp\/v2\/media?parent=63084"}],"wp:term":[{"taxonomy":"category","embeddable":true,"href":"https:\/\/www.theconservative.online\/it\/wp-json\/wp\/v2\/categories?post=63084"},{"taxonomy":"post_tag","embeddable":true,"href":"https:\/\/www.theconservative.online\/it\/wp-json\/wp\/v2\/tags?post=63084"},{"taxonomy":"editorial-positions","embeddable":true,"href":"https:\/\/www.theconservative.online\/it\/wp-json\/wp\/v2\/editorial-positions?post=63084"},{"taxonomy":"regions","embeddable":true,"href":"https:\/\/www.theconservative.online\/it\/wp-json\/wp\/v2\/regions?post=63084"},{"taxonomy":"types","embeddable":true,"href":"https:\/\/www.theconservative.online\/it\/wp-json\/wp\/v2\/types?post=63084"}],"curies":[{"name":"wp","href":"https:\/\/api.w.org\/{rel}","templated":true}]}}