{"id":62923,"date":"2026-08-31T13:57:52","date_gmt":"2026-08-31T13:57:52","guid":{"rendered":"https:\/\/www.theconservative.online\/islandzkie-nie-i-europa-narodow"},"modified":"2026-08-31T13:57:52","modified_gmt":"2026-08-31T13:57:52","slug":"islandzkie-nie-i-europa-narodow","status":"publish","type":"post","link":"https:\/\/www.theconservative.online\/pl\/islandzkie-nie-i-europa-narodow","title":{"rendered":"Islandzkie \u201eNie\u201d i Europa Narod\u00f3w"},"content":{"rendered":"<p><em>Odrzucaj\u0105c wznowienie rozm\u00f3w akcesyjnych z UE, Islandczycy bronili kontroli nad swoimi zasobami i opowiedzieli si\u0119 za form\u0105 wsp\u00f3\u0142pracy europejskiej, w kt\u00f3rej w\u0142adza demokratyczna pozostaje bli\u017cej domu.<\/em><\/p>\n<p>Bruksela pozwoli\u0142a sobie mie\u0107 nadziej\u0119, \u017ce Islandia mo\u017ce sta\u0107 si\u0119 naj\u0142atwiejszym sukcesem Unii Europejskiej w zakresie rozszerzenia. Kraj ten jest zamo\u017cny, demokratyczny i ju\u017c w du\u017cej mierze wpleciony w europejski porz\u0105dek handlowy i prawny. Jednak 29 sierpnia Islandczycy odm\u00f3wili nawet wznowienia negocjacji akcesyjnych, kt\u00f3re zosta\u0142y przerwane ponad dekad\u0119 temu. <a href=\"https:\/\/www.internazionale.it\/ultime-notizie-reuters\/2026\/08\/30\/iceland-votes-on-whether-to-start-eu-membership-talks\">Ostateczny wynik<\/a> to 52,8% g\u0142os\u00f3w na \u201enie\u201d i 47,2% na \u201etak\u201d, przy frekwencji wynosz\u0105cej 82,5%. Ta niezwykle wysoka frekwencja nadaje tej decyzji demokratyczn\u0105 wag\u0119, kt\u00f3rej nie umniejsza nawet niewielka r\u00f3\u017cnica g\u0142os\u00f3w.<\/p><div class='related_content'><span>RELATED<\/span><ul><li><a href='https:\/\/www.theconservative.online\/pl\/kilka-uwag-w-nastepstwie-przemowienia-komisarza-ds-rozszerzenia-w-zagrzebiu'>Kilka uwag w nast\u0119pstwie przem\u00f3wienia komisarza ds. rozszerzenia w Zagrzebiu<\/li><\/a><li><a href='https:\/\/www.theconservative.online\/pl\/dlaczego-islandia-odrzucila-czlonkostwo-w-ue'>Dlaczego Islandia odrzuci\u0142a cz\u0142onkostwo w UE<\/li><\/a><li><a href='https:\/\/www.theconservative.online\/pl\/przebudowa-przemyslu-w-europie-skupia-uwage-na-chinach-energetyce-i-inwestycjach'>Przebudowa przemys\u0142u w Europie skupia uwag\u0119 na Chinach, energetyce i inwestycjach<\/li><\/a><\/ul><\/div>\n<p>Sformu\u0142owanie ma znaczenie. Islandia nie g\u0142osowa\u0142a nad gotowym traktatem o cz\u0142onkostwie ani nie opowiedzia\u0142a si\u0119 za zerwaniem wi\u0119zi z kontynentem. Pytanie konsultacyjne dotyczy\u0142o tego, czy rz\u0105d powinien wznowi\u0107 rozmowy akcesyjne. Odpowied\u017a \u201etak\u201d oznacza\u0142aby jedynie rozpocz\u0119cie negocjacji, przy czym przed wej\u015bciem w \u017cycie cz\u0142onkostwa obiecano przeprowadzenie kolejnego referendum. Wyborcy odrzucili nawet ten wst\u0119pny mandat. Nie by\u0142o to g\u0142osowanie przeciwko Europie; by\u0142a to odmowa zaakceptowania faktu, \u017ce \u015bci\u015blejsza wsp\u00f3\u0142praca europejska musi pr\u0119dzej czy p\u00f3\u017aniej prowadzi\u0107 do politycznego cz\u0142onkostwa w Unii.<\/p>\n<p>Rz\u0105d centrolewicowy pr\u00f3bowa\u0142 przekona\u0107 do swoich racji w niezwykle sprzyjaj\u0105cych okoliczno\u015bciach. Za\u0142amanie si\u0119 dotychczasowych za\u0142o\u017ce\u0144 handlowych, napi\u0119cia w Arktyce oraz wielokrotnie wyra\u017cane przez prezydenta Donalda Trumpa zainteresowanie przej\u0119ciem s\u0105siedniej Grenlandii przedstawiono jako powody, dla kt\u00f3rych warto szuka\u0107 schronienia w wi\u0119kszym bloku politycznym. Zwolennicy argumentowali r\u00f3wnie\u017c, \u017ce ewentualne przyst\u0105pienie do strefy euro mog\u0142oby z\u0142agodzi\u0107 wysokie stopy procentowe i presj\u0119 zwi\u0105zan\u0105 z kosztami utrzymania w Islandii. Przez pewien czas sonda\u017ce sugerowa\u0142y, \u017ce przewa\u017cy ostro\u017cne \u201etak\u201d dla negocjacji. Zamiast tego wyborcy oddzielili rzeczywiste problemy, przed kt\u00f3rymi stoi ich kraj, od instytucjonalnego rozwi\u0105zania proponowanego przez rz\u0105d.<\/p>\n<p>Mapa wynik\u00f3w g\u0142osowania pokazuje tylko cz\u0119\u015b\u0107 obrazu. Jedynie dwa centralne okr\u0119gi wyborcze w Reykjav\u00edku opowiedzia\u0142y si\u0119 za wznowieniem rozm\u00f3w; przedmie\u015bcia stolicy i reszta kraju zag\u0142osowa\u0142y na \u201enie\u201d. Tego podzia\u0142u nie nale\u017cy sprowadza\u0107 do starego, typowego dla mieszka\u0144c\u00f3w metropolii nawyku traktowania ostro\u017cno\u015bci mieszka\u0144c\u00f3w wsi jako ignorancji. Poza stolic\u0105 koszty przekazania uprawnie\u0144 w zakresie grunt\u00f3w, produkcji \u017cywno\u015bci i zasob\u00f3w morskich maj\u0105 charakter mniej teoretyczny. Spo\u0142eczno\u015bci skupione wok\u00f3\u0142 tych sektor\u00f3w doskonale wiedz\u0105, kt\u00f3re decyzje sta\u0142yby si\u0119 przedmiotem negocjacji w Brukseli, a kt\u00f3re krajowe zabezpieczenia mog\u0142yby sta\u0107 si\u0119 tymczasowymi wyj\u0105tkami.<\/p>\n<p>Rybo\u0142\u00f3wstwo odegra\u0142o decyduj\u0105c\u0105 rol\u0119, poniewa\u017c nie jest ani eksponatem muzealnym, ani symbolem kampanii wyborczej. Sektor ten generuje oko\u0142o 15 procent islandzkiego PKB \u2013 uwzgl\u0119dniaj\u0105c dzia\u0142alno\u015b\u0107 bezpo\u015bredni\u0105 i po\u015bredni\u0105 \u2013 oraz oko\u0142o 40 procent dochod\u00f3w z eksportu. Kontrola nad \u0142owiskami zosta\u0142a zdobyta w wyniku zaci\u0119tego konfliktu politycznego podczas \u201ewojen o dorsza\u201d i pozostaje nierozerwalnie zwi\u0105zana z islandzkim rozumieniem niepodleg\u0142o\u015bci. Wsp\u00f3lna polityka rybo\u0142\u00f3wstwa Unii Europejskiej mo\u017ce faktycznie zapewnia\u0107 elastyczno\u015b\u0107 w ramach negocjacji, jak twierdzili jej zwolennicy. Islandczycy mieli prawo zapyta\u0107, co si\u0119 stanie, gdy ta elastyczno\u015b\u0107 zderzy si\u0119 w przysz\u0142o\u015bci z wymogiem kwalifikowanej wi\u0119kszo\u015bci, now\u0105 Komisj\u0105 lub konkurencyjnymi roszczeniami wi\u0119kszych pa\u0144stw cz\u0142onkowskich.<\/p>\n<p>Liderka opozycji Gu\u00f0r\u00fan Hafsteinsd\u00f3ttir przedstawi\u0142a argument ekonomiczny z po\u017cyteczn\u0105 bezpo\u015brednio\u015bci\u0105 podczas kampanii: problemy wewn\u0119trzne Islandii powinny by\u0107 rozwi\u0105zywane przez islandzkich polityk\u00f3w, a nie zlecane Brukseli. To by\u0142o co\u015b wi\u0119cej ni\u017c tylko has\u0142o. Cz\u0142onkostwo mo\u017ce zmieni\u0107 ramy, w kt\u00f3rych dzia\u0142aj\u0105 rz\u0105dy, ale nie mo\u017ce zwolni\u0107 krajowych przyw\u00f3dc\u00f3w z odpowiedzialno\u015bci za mieszkalnictwo, inflacj\u0119, wydajno\u015b\u0107 czy wydatki publiczne. Obietnica, \u017ce euro zdyscyplinuje islandzk\u0105 polityk\u0119, by\u0142a r\u00f3wnie\u017c przyznaniem si\u0119, \u017ce kraj zrezygnuje z kursu walutowego i narz\u0119dzi monetarnych, za pomoc\u0105 kt\u00f3rych reagowa\u0142 na poprzednie wstrz\u0105sy. Wyborcom zaproponowano kompromis, a nie bezkosztow\u0105 modernizacj\u0119.<\/p>\n<p>Islandia mog\u0142a podj\u0105\u0107 t\u0119 decyzj\u0119, poniewa\u017c posiada ju\u017c funkcjonuj\u0105ce, cho\u0107 nieidealne, porozumienie z Uni\u0105 Europejsk\u0105. W ramach <a href=\"https:\/\/www.efta.int\/eea-relations-eu\/qa-about-eea-agreement\">Europejskiego Obszaru Gospodarczego<\/a>, obowi\u0105zuj\u0105cego od 1994 roku, Islandia uczestniczy w jednolitym rynku wraz z Norwegi\u0105 i Liechtensteinem. Towary, us\u0142ugi, kapita\u0142 i osoby przemieszczaj\u0105 si\u0119 zgodnie ze wsp\u00f3lnymi zasadami. Islandia nale\u017cy r\u00f3wnie\u017c do strefy Schengen i pozostaje cz\u0142onkiem Europejskiego Stowarzyszenia Wolnego Handlu. EOG nie obejmuje wsp\u00f3lnej polityki rolnej i rybo\u0142\u00f3wstwa UE, unii celnej, wsp\u00f3lnej polityki handlowej ani unii gospodarczej i walutowej. Wy\u0142\u0105czenia te pozostawiaj\u0105 pole do krajowych decyzji w\u0142a\u015bnie w tych obszarach, kt\u00f3re islandzcy wyborcy uwa\u017caj\u0105 za najwa\u017cniejsze.<\/p>\n<p>To rozwi\u0105zanie ma istotn\u0105 wad\u0119. Islandia przyjmuje znaczn\u0105 cz\u0119\u015b\u0107 przepis\u00f3w dotycz\u0105cych jednolitego rynku, nie maj\u0105c jednak miejsc ani praw g\u0142osu w Parlamencie Europejskim ani w Radzie Unii Europejskiej. Pa\u0144stwa EOG mog\u0105 wp\u0142ywa\u0107 na kszta\u0142t wniosk\u00f3w na wczesnym etapie, ale nie uczestnicz\u0105 w formalnym podejmowaniu ostatecznych decyzji Unii. Zwolennicy cz\u0142onkostwa s\u0142usznie zwr\u00f3cili uwag\u0119 na ten deficyt demokracji. Jednak odpowied\u017a zale\u017cy od tego, co dany kraj ceni bardziej: prawo g\u0142osu w instytucjach sprawuj\u0105cych szersze uprawnienia, czy te\u017c mo\u017cliwo\u015b\u0107 ca\u0142kowitego zachowania pewnych uprawnie\u0144 poza tymi instytucjami. W sobot\u0119 wi\u0119kszo\u015b\u0107 opowiedzia\u0142a si\u0119 za tym drugim rozwi\u0105zaniem. Premier Kristr\u00fan Frostad\u00f3ttir przyj\u0119\u0142a ten sygna\u0142 do wiadomo\u015bci, stwierdzaj\u0105c, \u017ce g\u0142\u00f3wn\u0105 lekcj\u0105 jest to, i\u017c obywatele s\u0105 zadowoleni z EOG.<\/p>\n<p>Niekt\u00f3rzy federalistyczni zwolennicy odpowiedz\u0105, \u017ce EOG pozwala Islandii korzysta\u0107 z dost\u0119pu do rynku, unikaj\u0105c jednocze\u015bnie obowi\u0105zk\u00f3w wynikaj\u0105cych z cz\u0142onkostwa. Ta krytyka ma sens tylko wtedy, gdy ka\u017cda korzy\u015b\u0107 wynikaj\u0105ca ze wsp\u00f3\u0142pracy gospodarczej musi by\u0107 okupiona integracj\u0105 polityczn\u0105. Islandia wnosi sk\u0142adki na odpowiednie programy, akceptuje nadz\u00f3r ze strony instytucji EFTA i wdra\u017ca znaczn\u0105 cz\u0119\u015b\u0107 prawodawstwa dotycz\u0105cego jednolitego rynku. Jej uk\u0142ad nie jest bezkosztowy i nie stanowi suwerennej izolacji. Jest to wynegocjowany podzia\u0142 obowi\u0105zk\u00f3w. Fakt, \u017ce Unia akceptuje takie porozumienie, pokazuje, \u017ce Europa posiada ju\u017c wi\u0119cej ni\u017c jedn\u0105 architektur\u0119 konstytucyjn\u0105. W referendum zapytano, czy Islandczycy chc\u0105 zamieni\u0107 swoj\u0105 na inn\u0105. Nie chcieli.<\/p>\n<p>Kwestie bezpiecze\u0144stwa nie podwa\u017cy\u0142y tej oceny. Islandia jest cz\u0142onkiem-za\u0142o\u017cycielem NATO, nie posiada sta\u0142ej armii i w znacznym stopniu opiera si\u0119 na wsp\u00f3\u0142pracy obronnej ze Stanami Zjednoczonymi. Jej po\u0142o\u017cenie zyska\u0142o na znaczeniu w miar\u0119 jak region P\u00f3\u0142nocnego Atlantyku i Arktyki ponownie znalaz\u0142 si\u0119 w centrum rywalizacji mi\u0119dzy wielkimi mocarstwami. Fakty te wymagaj\u0105 powa\u017cniejszych inwestycji w odporno\u015b\u0107 narodow\u0105, porty, systemy nadzoru oraz dost\u0119p sojusznik\u00f3w. Nie dowodz\u0105 one jednak, \u017ce cz\u0142onkostwo w UE stanowi\u0142oby alternatywn\u0105 gwarancj\u0119 bezpiecze\u0144stwa. Rz\u0105d zwr\u00f3ci\u0142 si\u0119 do wyborc\u00f3w, by potraktowali obawy geopolityczne jako argument przemawiaj\u0105cy za rozpocz\u0119ciem rozm\u00f3w akcesyjnych; elektorat odm\u00f3wi\u0142 jednak po\u0142\u0105czenia tych dw\u00f3ch odr\u0119bnych kwestii w jedn\u0105.<\/p>\n<p>Dla Brukseli wynik ten to co\u015b wi\u0119cej ni\u017c tylko stracona szansa wizerunkowa. Islandia nie wymaga\u0142aby \u017cadnej z tych zmian instytucjonalnych, kt\u00f3rych oczekuje si\u0119 od wielu obecnych kandydat\u00f3w. Jej przyst\u0105pienie mo\u017cna by przedstawi\u0107 jako dow\u00f3d, \u017ce rozszerzenie nadal przyci\u0105ga zamo\u017cne, ugruntowane demokracje nawet po brexicie. Jednak rozszerzenia nie da si\u0119 uzasadni\u0107 wy\u0142\u0105cznie gotowo\u015bci\u0105 administracyjn\u0105 kandydata. Wymaga ono r\u00f3wnie\u017c trwa\u0142ej zgody obywateli, od kt\u00f3rych oczekuje si\u0119 przekazania uprawnie\u0144. Je\u015bli tej zgody brakuje nawet w przypadku bliskiego partnera, w\u0142a\u015bciw\u0105 reakcj\u0105 nie jest patologizowanie wyborc\u00f3w, lecz zadanie pytania, dlaczego oferta Unii nie przewy\u017cszy\u0142a warto\u015bci status quo.<\/p>\n<p>Pierwsza reakcja UE by\u0142a odpowiednio pow\u015bci\u0105gliwa. Przewodnicz\u0105cy Rady Europejskiej Ant\u00f3nio Costa powiedzia\u0142 Frostad\u00f3ttir, \u017ce Unia <a href=\"https:\/\/www.euronews.com\/my-europe\/2026\/08\/30\/a-close-partner-eu-offers-muted-reaction-after-iceland-rebuffs-accession-talks\">w pe\u0142ni szanuje demokratyczny wyb\u00f3r<\/a>, a rzecznik prasowy okre\u015bli\u0142 Islandi\u0119 jako jednego z jej najbli\u017cszych i najbardziej zaufanych partner\u00f3w. Takie sformu\u0142owania powinny sta\u0107 si\u0119 podstaw\u0105 polityki. Dojrza\u0142y porz\u0105dek europejski musi by\u0107 w stanie utrzymywa\u0107 silne stosunki z krajami, kt\u00f3re wybieraj\u0105 r\u00f3\u017cne stopnie integracji. Partnerstwo nie powinno by\u0107 traktowane jako \u201epoczekalnia\u201d, w kt\u00f3rej od ka\u017cdej odnosz\u0105cej sukcesy europejskiej demokracji oczekuje si\u0119, \u017ce w ko\u0144cu z\u0142o\u017cy wniosek o pe\u0142ne cz\u0142onkostwo.<\/p>\n<p>Za decyzj\u0105 Islandii stoi konserwatywna koncepcja europejska. <a href=\"https:\/\/ecrparty.eu\/about-us\/\">Deklaracja z Reykjav\u00edku<\/a> m\u00f3wi o Europie niezale\u017cnych narod\u00f3w wsp\u00f3\u0142pracuj\u0105cych dla wsp\u00f3lnej korzy\u015bci, zachowuj\u0105cych jednocze\u015bnie swoj\u0105 to\u017csamo\u015b\u0107 i integralno\u015b\u0107. Potwierdza ona r\u00f3wnie\u017c r\u00f3wno\u015b\u0107 europejskich demokracji, niezale\u017cnie od mi\u0119dzynarodowych ugrupowa\u0144, do kt\u00f3rych przyst\u0119puj\u0105, oraz opowiada si\u0119 za sprawowaniem w\u0142adzy na najni\u017cszym mo\u017cliwym szczeblu. Zasady te nie wymagaj\u0105 wrogo\u015bci wobec UE. Wymagaj\u0105 one, by Unia pozosta\u0142a \u015brodkiem wsp\u00f3\u0142pracy, podlegaj\u0105cym demokratycznej zgodzie, a nie jedyn\u0105 miar\u0105 europejskiej legitymacji danego kraju.<\/p>\n<p>Obecne porozumienie Islandii b\u0119dzie nadal przedmiotem spor\u00f3w, co jest ca\u0142kowicie uzasadnione. EOG narzuca pewne zasady, a jednocze\u015bnie otwiera rynki, a debata na temat polityki monetarnej nie zniknie. Nie nale\u017cy te\u017c myli\u0107 wi\u0119kszo\u015bci wynosz\u0105cej 52,8 procent z trwa\u0142ym rozwi\u0105zaniem w podzielonym kraju. Rozstrzygn\u0119\u0142a ona jednak jedn\u0105 kwesti\u0119 na czas kadencji obecnego rz\u0105du: wsp\u00f3\u0142praca z Europ\u0105 nie rodzi obowi\u0105zku przyst\u0105pienia do Unii. Bruksela post\u0105pi\u0142aby m\u0105drze, gdyby zaakceptowa\u0142a to rozr\u00f3\u017cnienie. Europa na tyle pewna siebie, by zaakceptowa\u0107 r\u00f3\u017cne formy przynale\u017cno\u015bci, b\u0119dzie silniejsza ni\u017c ta, kt\u00f3ra uznaje przyst\u0105pienie za jedyny godny szacunku cel.<\/p>\n<\/p>","protected":false},"excerpt":{"rendered":"<p>Odrzucaj\u0105c wznowienie rozm\u00f3w akcesyjnych z UE, Islandczycy bronili kontroli nad swoimi zasobami i opowiedzieli si\u0119 za form\u0105 wsp\u00f3\u0142pracy europejskiej, w kt\u00f3rej w\u0142adza demokratyczna pozostaje bli\u017cej domu. Bruksela pozwoli\u0142a sobie mie\u0107 nadziej\u0119, \u017ce Islandia mo\u017ce sta\u0107 si\u0119 naj\u0142atwiejszym sukcesem Unii Europejskiej w zakresie rozszerzenia. Kraj ten jest zamo\u017cny, demokratyczny i ju\u017c w du\u017cej mierze wpleciony w [&hellip;]<\/p>\n","protected":false},"author":81,"featured_media":62840,"comment_status":"closed","ping_status":"closed","sticky":false,"template":"","format":"standard","meta":{"footnotes":""},"categories":[1467,159,259],"tags":[3388,599,3483,72,2706],"editorial-positions":[42],"regions":[345],"types":[455],"class_list":["post-62923","post","type-post","status-publish","format-standard","has-post-thumbnail","hentry","category-budowanie-konserwatywnej-europy","category-polityka","category-prawna","tag-european-economic-area","tag-european-union","tag-fisheries-policy","tag-iceland","tag-national-sovereignty","editorial-positions-focus","regions-northern-europe-pl","types-opinion-pl"],"yoast_head":"<!-- This site is optimized with the Yoast SEO plugin v28.0 - https:\/\/yoast.com\/product\/yoast-seo-wordpress\/ -->\n<title>Islandzkie \u201eNie\u201d i Europa Narod\u00f3w - The Conservative<\/title>\n<meta name=\"robots\" content=\"index, follow, max-snippet:-1, max-image-preview:large, max-video-preview:-1\" \/>\n<link rel=\"canonical\" href=\"https:\/\/www.theconservative.online\/pl\/islandzkie-nie-i-europa-narodow\" \/>\n<meta property=\"og:locale\" content=\"pl_PL\" \/>\n<meta property=\"og:type\" content=\"article\" \/>\n<meta property=\"og:title\" content=\"Islandzkie \u201eNie\u201d i Europa Narod\u00f3w - The Conservative\" \/>\n<meta property=\"og:description\" content=\"Odrzucaj\u0105c wznowienie rozm\u00f3w akcesyjnych z UE, Islandczycy bronili kontroli nad swoimi zasobami i opowiedzieli si\u0119 za form\u0105 wsp\u00f3\u0142pracy europejskiej, w kt\u00f3rej w\u0142adza demokratyczna pozostaje bli\u017cej domu. Bruksela pozwoli\u0142a sobie mie\u0107 nadziej\u0119, \u017ce Islandia mo\u017ce sta\u0107 si\u0119 naj\u0142atwiejszym sukcesem Unii Europejskiej w zakresie rozszerzenia. Kraj ten jest zamo\u017cny, demokratyczny i ju\u017c w du\u017cej mierze wpleciony w [&hellip;]\" \/>\n<meta property=\"og:url\" content=\"https:\/\/www.theconservative.online\/pl\/islandzkie-nie-i-europa-narodow\" \/>\n<meta property=\"og:site_name\" content=\"The Conservative\" \/>\n<meta property=\"article:published_time\" content=\"2026-08-31T13:57:52+00:00\" \/>\n<meta property=\"og:image\" content=\"https:\/\/www.theconservative.online\/wp-content\/uploads\/2026\/08\/shutterstock_2575159489.jpg\" \/>\n\t<meta property=\"og:image:width\" content=\"1000\" \/>\n\t<meta property=\"og:image:height\" content=\"667\" \/>\n\t<meta property=\"og:image:type\" content=\"image\/jpeg\" \/>\n<meta name=\"author\" content=\"Ulderico de Laurentiis\" \/>\n<meta name=\"twitter:card\" content=\"summary_large_image\" \/>\n<meta name=\"twitter:label1\" content=\"Napisane przez\" \/>\n\t<meta name=\"twitter:data1\" content=\"Ulderico de Laurentiis\" \/>\n\t<meta name=\"twitter:label2\" content=\"Szacowany czas czytania\" \/>\n\t<meta name=\"twitter:data2\" content=\"8 minut\" \/>\n<script type=\"application\/ld+json\" class=\"yoast-schema-graph\">{\"@context\":\"https:\\\/\\\/schema.org\",\"@graph\":[{\"@type\":\"Article\",\"@id\":\"https:\\\/\\\/www.theconservative.online\\\/pl\\\/islandzkie-nie-i-europa-narodow#article\",\"isPartOf\":{\"@id\":\"https:\\\/\\\/www.theconservative.online\\\/pl\\\/islandzkie-nie-i-europa-narodow\"},\"author\":{\"name\":\"Ulderico de Laurentiis\",\"@id\":\"https:\\\/\\\/www.theconservative.online\\\/pl#\\\/schema\\\/person\\\/52a2ddf2ed90ed779b2354583416c4bb\"},\"headline\":\"Islandzkie \u201eNie\u201d i Europa Narod\u00f3w\",\"datePublished\":\"2026-08-31T13:57:52+00:00\",\"mainEntityOfPage\":{\"@id\":\"https:\\\/\\\/www.theconservative.online\\\/pl\\\/islandzkie-nie-i-europa-narodow\"},\"wordCount\":1625,\"image\":{\"@id\":\"https:\\\/\\\/www.theconservative.online\\\/pl\\\/islandzkie-nie-i-europa-narodow#primaryimage\"},\"thumbnailUrl\":\"https:\\\/\\\/www.theconservative.online\\\/wp-content\\\/uploads\\\/2026\\\/08\\\/shutterstock_2575159489.jpg\",\"keywords\":[\"European Economic Area\",\"European Union\",\"Fisheries Policy\",\"Iceland\",\"National Sovereignty\"],\"articleSection\":[\"Budowanie konserwatywnej Europy\",\"Polityka\",\"Prawna\"],\"inLanguage\":\"pl-PL\"},{\"@type\":\"WebPage\",\"@id\":\"https:\\\/\\\/www.theconservative.online\\\/pl\\\/islandzkie-nie-i-europa-narodow\",\"url\":\"https:\\\/\\\/www.theconservative.online\\\/pl\\\/islandzkie-nie-i-europa-narodow\",\"name\":\"Islandzkie \u201eNie\u201d i Europa Narod\u00f3w - The Conservative\",\"isPartOf\":{\"@id\":\"https:\\\/\\\/www.theconservative.online\\\/pl#website\"},\"primaryImageOfPage\":{\"@id\":\"https:\\\/\\\/www.theconservative.online\\\/pl\\\/islandzkie-nie-i-europa-narodow#primaryimage\"},\"image\":{\"@id\":\"https:\\\/\\\/www.theconservative.online\\\/pl\\\/islandzkie-nie-i-europa-narodow#primaryimage\"},\"thumbnailUrl\":\"https:\\\/\\\/www.theconservative.online\\\/wp-content\\\/uploads\\\/2026\\\/08\\\/shutterstock_2575159489.jpg\",\"datePublished\":\"2026-08-31T13:57:52+00:00\",\"author\":{\"@id\":\"https:\\\/\\\/www.theconservative.online\\\/pl#\\\/schema\\\/person\\\/52a2ddf2ed90ed779b2354583416c4bb\"},\"breadcrumb\":{\"@id\":\"https:\\\/\\\/www.theconservative.online\\\/pl\\\/islandzkie-nie-i-europa-narodow#breadcrumb\"},\"inLanguage\":\"pl-PL\",\"potentialAction\":[{\"@type\":\"ReadAction\",\"target\":[\"https:\\\/\\\/www.theconservative.online\\\/pl\\\/islandzkie-nie-i-europa-narodow\"]}]},{\"@type\":\"ImageObject\",\"inLanguage\":\"pl-PL\",\"@id\":\"https:\\\/\\\/www.theconservative.online\\\/pl\\\/islandzkie-nie-i-europa-narodow#primaryimage\",\"url\":\"https:\\\/\\\/www.theconservative.online\\\/wp-content\\\/uploads\\\/2026\\\/08\\\/shutterstock_2575159489.jpg\",\"contentUrl\":\"https:\\\/\\\/www.theconservative.online\\\/wp-content\\\/uploads\\\/2026\\\/08\\\/shutterstock_2575159489.jpg\",\"width\":1000,\"height\":667},{\"@type\":\"BreadcrumbList\",\"@id\":\"https:\\\/\\\/www.theconservative.online\\\/pl\\\/islandzkie-nie-i-europa-narodow#breadcrumb\",\"itemListElement\":[{\"@type\":\"ListItem\",\"position\":1,\"name\":\"Home\",\"item\":\"https:\\\/\\\/www.theconservative.online\\\/pl\"},{\"@type\":\"ListItem\",\"position\":2,\"name\":\"Islandzkie \u201eNie\u201d i Europa Narod\u00f3w\"}]},{\"@type\":\"WebSite\",\"@id\":\"https:\\\/\\\/www.theconservative.online\\\/pl#website\",\"url\":\"https:\\\/\\\/www.theconservative.online\\\/pl\",\"name\":\"The Conservative\",\"description\":\"\",\"potentialAction\":[{\"@type\":\"SearchAction\",\"target\":{\"@type\":\"EntryPoint\",\"urlTemplate\":\"https:\\\/\\\/www.theconservative.online\\\/pl?s={search_term_string}\"},\"query-input\":{\"@type\":\"PropertyValueSpecification\",\"valueRequired\":true,\"valueName\":\"search_term_string\"}}],\"inLanguage\":\"pl-PL\"},{\"@type\":\"Person\",\"@id\":\"https:\\\/\\\/www.theconservative.online\\\/pl#\\\/schema\\\/person\\\/52a2ddf2ed90ed779b2354583416c4bb\",\"name\":\"Ulderico de Laurentiis\",\"image\":{\"@type\":\"ImageObject\",\"inLanguage\":\"pl-PL\",\"@id\":\"https:\\\/\\\/secure.gravatar.com\\\/avatar\\\/c975100d71d02e389336f3ee1e1205f2a988b979b3af1bde32d899ff60a0e1ca?s=96&d=mm&r=g\",\"url\":\"https:\\\/\\\/secure.gravatar.com\\\/avatar\\\/c975100d71d02e389336f3ee1e1205f2a988b979b3af1bde32d899ff60a0e1ca?s=96&d=mm&r=g\",\"contentUrl\":\"https:\\\/\\\/secure.gravatar.com\\\/avatar\\\/c975100d71d02e389336f3ee1e1205f2a988b979b3af1bde32d899ff60a0e1ca?s=96&d=mm&r=g\",\"caption\":\"Ulderico de Laurentiis\"},\"url\":\"https:\\\/\\\/www.theconservative.online\\\/pl\\\/author\\\/youcom-euspec-2025-26\"}]}<\/script>\n<!-- \/ Yoast SEO plugin. -->","yoast_head_json":{"title":"Islandzkie \u201eNie\u201d i Europa Narod\u00f3w - The Conservative","robots":{"index":"index","follow":"follow","max-snippet":"max-snippet:-1","max-image-preview":"max-image-preview:large","max-video-preview":"max-video-preview:-1"},"canonical":"https:\/\/www.theconservative.online\/pl\/islandzkie-nie-i-europa-narodow","og_locale":"pl_PL","og_type":"article","og_title":"Islandzkie \u201eNie\u201d i Europa Narod\u00f3w - The Conservative","og_description":"Odrzucaj\u0105c wznowienie rozm\u00f3w akcesyjnych z UE, Islandczycy bronili kontroli nad swoimi zasobami i opowiedzieli si\u0119 za form\u0105 wsp\u00f3\u0142pracy europejskiej, w kt\u00f3rej w\u0142adza demokratyczna pozostaje bli\u017cej domu. Bruksela pozwoli\u0142a sobie mie\u0107 nadziej\u0119, \u017ce Islandia mo\u017ce sta\u0107 si\u0119 naj\u0142atwiejszym sukcesem Unii Europejskiej w zakresie rozszerzenia. Kraj ten jest zamo\u017cny, demokratyczny i ju\u017c w du\u017cej mierze wpleciony w [&hellip;]","og_url":"https:\/\/www.theconservative.online\/pl\/islandzkie-nie-i-europa-narodow","og_site_name":"The Conservative","article_published_time":"2026-08-31T13:57:52+00:00","og_image":[{"width":1000,"height":667,"url":"https:\/\/www.theconservative.online\/wp-content\/uploads\/2026\/08\/shutterstock_2575159489.jpg","type":"image\/jpeg"}],"author":"Ulderico de Laurentiis","twitter_card":"summary_large_image","twitter_misc":{"Napisane przez":"Ulderico de Laurentiis","Szacowany czas czytania":"8 minut"},"schema":{"@context":"https:\/\/schema.org","@graph":[{"@type":"Article","@id":"https:\/\/www.theconservative.online\/pl\/islandzkie-nie-i-europa-narodow#article","isPartOf":{"@id":"https:\/\/www.theconservative.online\/pl\/islandzkie-nie-i-europa-narodow"},"author":{"name":"Ulderico de Laurentiis","@id":"https:\/\/www.theconservative.online\/pl#\/schema\/person\/52a2ddf2ed90ed779b2354583416c4bb"},"headline":"Islandzkie \u201eNie\u201d i Europa Narod\u00f3w","datePublished":"2026-08-31T13:57:52+00:00","mainEntityOfPage":{"@id":"https:\/\/www.theconservative.online\/pl\/islandzkie-nie-i-europa-narodow"},"wordCount":1625,"image":{"@id":"https:\/\/www.theconservative.online\/pl\/islandzkie-nie-i-europa-narodow#primaryimage"},"thumbnailUrl":"https:\/\/www.theconservative.online\/wp-content\/uploads\/2026\/08\/shutterstock_2575159489.jpg","keywords":["European Economic Area","European Union","Fisheries Policy","Iceland","National Sovereignty"],"articleSection":["Budowanie konserwatywnej Europy","Polityka","Prawna"],"inLanguage":"pl-PL"},{"@type":"WebPage","@id":"https:\/\/www.theconservative.online\/pl\/islandzkie-nie-i-europa-narodow","url":"https:\/\/www.theconservative.online\/pl\/islandzkie-nie-i-europa-narodow","name":"Islandzkie \u201eNie\u201d i Europa Narod\u00f3w - The Conservative","isPartOf":{"@id":"https:\/\/www.theconservative.online\/pl#website"},"primaryImageOfPage":{"@id":"https:\/\/www.theconservative.online\/pl\/islandzkie-nie-i-europa-narodow#primaryimage"},"image":{"@id":"https:\/\/www.theconservative.online\/pl\/islandzkie-nie-i-europa-narodow#primaryimage"},"thumbnailUrl":"https:\/\/www.theconservative.online\/wp-content\/uploads\/2026\/08\/shutterstock_2575159489.jpg","datePublished":"2026-08-31T13:57:52+00:00","author":{"@id":"https:\/\/www.theconservative.online\/pl#\/schema\/person\/52a2ddf2ed90ed779b2354583416c4bb"},"breadcrumb":{"@id":"https:\/\/www.theconservative.online\/pl\/islandzkie-nie-i-europa-narodow#breadcrumb"},"inLanguage":"pl-PL","potentialAction":[{"@type":"ReadAction","target":["https:\/\/www.theconservative.online\/pl\/islandzkie-nie-i-europa-narodow"]}]},{"@type":"ImageObject","inLanguage":"pl-PL","@id":"https:\/\/www.theconservative.online\/pl\/islandzkie-nie-i-europa-narodow#primaryimage","url":"https:\/\/www.theconservative.online\/wp-content\/uploads\/2026\/08\/shutterstock_2575159489.jpg","contentUrl":"https:\/\/www.theconservative.online\/wp-content\/uploads\/2026\/08\/shutterstock_2575159489.jpg","width":1000,"height":667},{"@type":"BreadcrumbList","@id":"https:\/\/www.theconservative.online\/pl\/islandzkie-nie-i-europa-narodow#breadcrumb","itemListElement":[{"@type":"ListItem","position":1,"name":"Home","item":"https:\/\/www.theconservative.online\/pl"},{"@type":"ListItem","position":2,"name":"Islandzkie \u201eNie\u201d i Europa Narod\u00f3w"}]},{"@type":"WebSite","@id":"https:\/\/www.theconservative.online\/pl#website","url":"https:\/\/www.theconservative.online\/pl","name":"The Conservative","description":"","potentialAction":[{"@type":"SearchAction","target":{"@type":"EntryPoint","urlTemplate":"https:\/\/www.theconservative.online\/pl?s={search_term_string}"},"query-input":{"@type":"PropertyValueSpecification","valueRequired":true,"valueName":"search_term_string"}}],"inLanguage":"pl-PL"},{"@type":"Person","@id":"https:\/\/www.theconservative.online\/pl#\/schema\/person\/52a2ddf2ed90ed779b2354583416c4bb","name":"Ulderico de Laurentiis","image":{"@type":"ImageObject","inLanguage":"pl-PL","@id":"https:\/\/secure.gravatar.com\/avatar\/c975100d71d02e389336f3ee1e1205f2a988b979b3af1bde32d899ff60a0e1ca?s=96&d=mm&r=g","url":"https:\/\/secure.gravatar.com\/avatar\/c975100d71d02e389336f3ee1e1205f2a988b979b3af1bde32d899ff60a0e1ca?s=96&d=mm&r=g","contentUrl":"https:\/\/secure.gravatar.com\/avatar\/c975100d71d02e389336f3ee1e1205f2a988b979b3af1bde32d899ff60a0e1ca?s=96&d=mm&r=g","caption":"Ulderico de Laurentiis"},"url":"https:\/\/www.theconservative.online\/pl\/author\/youcom-euspec-2025-26"}]}},"acf":[],"_links":{"self":[{"href":"https:\/\/www.theconservative.online\/pl\/wp-json\/wp\/v2\/posts\/62923","targetHints":{"allow":["GET"]}}],"collection":[{"href":"https:\/\/www.theconservative.online\/pl\/wp-json\/wp\/v2\/posts"}],"about":[{"href":"https:\/\/www.theconservative.online\/pl\/wp-json\/wp\/v2\/types\/post"}],"author":[{"embeddable":true,"href":"https:\/\/www.theconservative.online\/pl\/wp-json\/wp\/v2\/users\/81"}],"replies":[{"embeddable":true,"href":"https:\/\/www.theconservative.online\/pl\/wp-json\/wp\/v2\/comments?post=62923"}],"version-history":[{"count":0,"href":"https:\/\/www.theconservative.online\/pl\/wp-json\/wp\/v2\/posts\/62923\/revisions"}],"wp:featuredmedia":[{"embeddable":true,"href":"https:\/\/www.theconservative.online\/pl\/wp-json\/wp\/v2\/media\/62840"}],"wp:attachment":[{"href":"https:\/\/www.theconservative.online\/pl\/wp-json\/wp\/v2\/media?parent=62923"}],"wp:term":[{"taxonomy":"category","embeddable":true,"href":"https:\/\/www.theconservative.online\/pl\/wp-json\/wp\/v2\/categories?post=62923"},{"taxonomy":"post_tag","embeddable":true,"href":"https:\/\/www.theconservative.online\/pl\/wp-json\/wp\/v2\/tags?post=62923"},{"taxonomy":"editorial-positions","embeddable":true,"href":"https:\/\/www.theconservative.online\/pl\/wp-json\/wp\/v2\/editorial-positions?post=62923"},{"taxonomy":"regions","embeddable":true,"href":"https:\/\/www.theconservative.online\/pl\/wp-json\/wp\/v2\/regions?post=62923"},{"taxonomy":"types","embeddable":true,"href":"https:\/\/www.theconservative.online\/pl\/wp-json\/wp\/v2\/types?post=62923"}],"curies":[{"name":"wp","href":"https:\/\/api.w.org\/{rel}","templated":true}]}}