{"id":62924,"date":"2026-08-31T13:57:45","date_gmt":"2026-08-31T13:57:45","guid":{"rendered":"https:\/\/www.theconservative.online\/kilka-uwag-w-nastepstwie-przemowienia-komisarza-ds-rozszerzenia-w-zagrzebiu"},"modified":"2026-08-31T13:57:45","modified_gmt":"2026-08-31T13:57:45","slug":"kilka-uwag-w-nastepstwie-przemowienia-komisarza-ds-rozszerzenia-w-zagrzebiu","status":"publish","type":"post","link":"https:\/\/www.theconservative.online\/pl\/kilka-uwag-w-nastepstwie-przemowienia-komisarza-ds-rozszerzenia-w-zagrzebiu","title":{"rendered":"Kilka uwag w nast\u0119pstwie przem\u00f3wienia komisarza ds. rozszerzenia w Zagrzebiu"},"content":{"rendered":"<p style=\"font-weight: 400;\">Dwadzie\u015bcia dwa lata po najwi\u0119kszej fali rozszerzenia w historii Unii Europejskiej \u2013 kiedy to 10 kraj\u00f3w formalnie sta\u0142o si\u0119 jej cz\u0142onkami \u2013 oraz trzyna\u015bcie lat po przyst\u0105pieniu Chorwacji temat rozszerzenia UE ponownie sta\u0142 si\u0119 spraw\u0105 pal\u0105c\u0105. Jest to najd\u0142u\u017cszy okres, jaki up\u0142yn\u0105\u0142 od ostatniego przyst\u0105pienia, a perspektywy i wyzwania zwi\u0105zane z rozszerzeniem Unii s\u0105 znacz\u0105ce. Przed szczytem Rady Europejskiej w po\u0142owie pa\u017adziernika komisarz ds. rozszerzenia przedstawi\u0142 niedawno \u201ereformatorsk\u0105\u201d wizj\u0119 Komisji dotycz\u0105c\u0105 przysz\u0142ych przyst\u0105pie\u0144.<\/p>\n<p style=\"font-weight: 400;\">W przem\u00f3wieniu wyg\u0142oszonym 24 sierpnia w Zagrzebiu Marta Kos podkre\u015bli\u0142a znaczenie wywi\u0105zywania si\u0119 z zobowi\u0105za\u0144, korzy\u015bci p\u0142yn\u0105ce ze stopniowej integracji, bardziej elastycznego procesu decyzyjnego oraz silniejszych gwarancji maj\u0105cych na celu wzmocnienie praworz\u0105dno\u015bci i mechanizm\u00f3w demokratycznych.<\/p><div class='related_content'><span>RELATED<\/span><ul><li><a href='https:\/\/www.theconservative.online\/pl\/islandzkie-nie-i-europa-narodow'>Islandzkie \u201eNie\u201d i Europa Narod\u00f3w<\/li><\/a><li><a href='https:\/\/www.theconservative.online\/pl\/dlaczego-islandia-odrzucila-czlonkostwo-w-ue'>Dlaczego Islandia odrzuci\u0142a cz\u0142onkostwo w UE<\/li><\/a><li><a href='https:\/\/www.theconservative.online\/pl\/przebudowa-przemyslu-w-europie-skupia-uwage-na-chinach-energetyce-i-inwestycjach'>Przebudowa przemys\u0142u w Europie skupia uwag\u0119 na Chinach, energetyce i inwestycjach<\/li><\/a><\/ul><\/div>\n<p style=\"font-weight: 400;\">Pomijaj\u0105c stereotypy, takie jak to, \u017ce kraje kandyduj\u0105ce musz\u0105 naprawd\u0119 szanowa\u0107 \u201enasze wsp\u00f3lne warto\u015bci\u201d, pewne dobitne stwierdzenia czy wyrazy uznania dla Chorwacji i jej osi\u0105gni\u0119\u0107, komisarz Kos pochwali\u0142  <em>bezprecedensowy post\u0119p<\/em>  wyra\u017cone w tym roku w odniesieniu do procesu rozszerzenia. Z jednej strony mamy Czarnog\u00f3r\u0119, kt\u00f3ra jest najbli\u017cej przyst\u0105pienia do UE; Albani\u0119, podawan\u0105 za przyk\u0142ad zamkni\u0119cia rozdzia\u0142u dotycz\u0105cego praworz\u0105dno\u015bci; a tak\u017ce Ukrain\u0119 i Republik\u0119 Mo\u0142dawii. Je\u015bli chodzi o Islandi\u0119, w momencie wyg\u0142oszenia przem\u00f3wienia w Zagrzebiu kraj ten przygotowywa\u0142 si\u0119 do referendum w sprawie wznowienia negocjacji akcesyjnych; jednak wynik z 29 sierpnia \u2013 kiedy to 53% obywateli zag\u0142osowa\u0142o przeciwko \u2013 skutecznie po\u0142o\u017cy\u0142 kres tym d\u0105\u017ceniom.<\/p>\n<p style=\"font-weight: 400;\">Pomijaj\u0105c poszczeg\u00f3lne przypadki, kt\u00f3re znajduj\u0105 si\u0119 na r\u00f3\u017cnych \u201eetapach\u201d procesu przyst\u0105pienia, pojawia si\u0119 pytanie, jak w pe\u0142ni zrozumie\u0107, kogo przyjmujemy w obr\u0119bie naszych granic. Unia, kt\u00f3ra nie potrafi broni\u0107 swoich granic zewn\u0119trznych w obliczu zagro\u017cenia egzystencjalnego, Unia zduszona nadmiernymi regulacjami i promuj\u0105ca ideologie, kt\u00f3re zasadniczo podwa\u017caj\u0105 rodzin\u0119, wolno\u015b\u0107 s\u0142owa i suwerenno\u015b\u0107 narodow\u0105 \u2013 na ile jest ona naprawd\u0119 gotowa do dalszej ekspansji? By\u0142oby to jak dom, do kt\u00f3rego dobudowuje si\u0119 nowe pi\u0119tro, podczas gdy jego fundamenty si\u0119 rozpadaj\u0105.<\/p>\n<p style=\"font-weight: 400;\">Komisarz Kos uwa\u017ca, \u017ce proces decyzyjny musi by\u0107 bardziej efektywny i elastyczny \u2013 co jest s\u0142usznym celem \u2013 jednak jednym ze sposob\u00f3w osi\u0105gni\u0119cia tego celu jest ograniczenie obszar\u00f3w, w kt\u00f3rych pojedyncze pa\u0144stwo cz\u0142onkowskie mo\u017ce skorzysta\u0107 z prawa weta. Innymi s\u0142owy, chodzi o reform\u0119, kt\u00f3ra zapobiega\u0142aby nieprzyjemnym \u201eniespodziankom\u201d ze strony pa\u0144stw, kt\u00f3re nie stosuj\u0105 si\u0119 w pe\u0142ni do wytycznych Brukseli \u2013 temat ten wywo\u0142a\u0142 w ostatnich latach spore oburzenie. Innym sformu\u0142owaniem u\u017cywanym przez s\u0142owe\u0144skiego komisarza by\u0142o zapewnienie, by nie dopu\u015bci\u0107 do przenikni\u0119cia \u201ekoni troja\u0144skich\u201d, tak aby \u201efundamentalne warto\u015bci europejskie\u201d i \u201epraworz\u0105dno\u015b\u0107\u201d nie mog\u0142y by\u0107 ju\u017c d\u0142u\u017cej naruszane. Ta sama b\u0142\u0119dna retoryka, kt\u00f3rej pos\u0142uguj\u0105 si\u0119 pseudoelity, lekcewa\u017c\u0105c narody i ich interesy. Oto niekt\u00f3re z krok\u00f3w zmierzaj\u0105cych do odzyskania przez Europ\u0119 \u201eniezale\u017cno\u015bci\u201d, zgodnie z wizj\u0105 komisarza ds. rozszerzenia.<\/p>\n<p style=\"font-weight: 400;\">Wszyscy a\u017c za dobrze znamy pompatyczn\u0105 retoryk\u0119 i puste frazesy. Rozszerzenie UE nale\u017cy ocenia\u0107 pod k\u0105tem tego, w jakim stopniu wzmacnia lub os\u0142abia to, co sprawia, \u017ce Europa jest Europ\u0105. Rozszerzona Unia Europejska powinna oznacza\u0107 wzmocnienie naszego bloku, a nie jego os\u0142abienie. Czy przynosi ona wi\u0119cej porz\u0105dku, wi\u0119kszy dobrobyt oraz wi\u0119kszy szacunek dla prawdziwych warto\u015bci, wolno\u015bci i suwerenno\u015bci? Je\u015bli odpowied\u017a brzmi \u201etak\u201d, to rozszerzenie nale\u017cy przyj\u0105\u0107 z zadowoleniem. Je\u015bli jednak s\u0142u\u017cy ona jedynie jako narz\u0119dzie wielkoskalowego projektu ideologicznego, kt\u00f3ry wypacza jej deklarowane cele \u2013 stabilno\u015b\u0107, dobrobyt i wolno\u015b\u0107 \u2013 w\u00f3wczas nale\u017cy j\u0105 odrzuci\u0107 lub przynajmniej traktowa\u0107 z najwy\u017csz\u0105 ostro\u017cno\u015bci\u0105.<\/p>\n<p style=\"font-weight: 400;\">Aby Unia Europejska pozosta\u0142a uni\u0105 narod\u00f3w, musi koniecznie postawi\u0107 na jasno\u015b\u0107 i realizm. W przeciwnym razie grozi jej, \u017ce pr\u0119dzej czy p\u00f3\u017aniej przekszta\u0142ci si\u0119 w co\u015b nie do poznania. A wtedy rozszerzenie oka\u017ce si\u0119 jedynie kolejnym gwo\u017adziem do trumny.<\/p>\n<\/p>","protected":false},"excerpt":{"rendered":"<p>Dwadzie\u015bcia dwa lata po najwi\u0119kszej fali rozszerzenia w historii Unii Europejskiej \u2013 kiedy to 10 kraj\u00f3w formalnie sta\u0142o si\u0119 jej cz\u0142onkami \u2013 oraz trzyna\u015bcie lat po przyst\u0105pieniu Chorwacji temat rozszerzenia UE ponownie sta\u0142 si\u0119 spraw\u0105 pal\u0105c\u0105. Jest to najd\u0142u\u017cszy okres, jaki up\u0142yn\u0105\u0142 od ostatniego przyst\u0105pienia, a perspektywy i wyzwania zwi\u0105zane z rozszerzeniem Unii s\u0105 znacz\u0105ce. [&hellip;]<\/p>\n","protected":false},"author":78,"featured_media":62862,"comment_status":"closed","ping_status":"closed","sticky":false,"template":"","format":"standard","meta":{"footnotes":""},"categories":[175,159,259],"tags":[943,1305,1856,215,2692,599,72,3306,3484,3287,2589,213],"editorial-positions":[],"regions":[325,333,345,353,361],"types":[419,455],"class_list":["post-62924","post","type-post","status-publish","format-standard","has-post-thumbnail","hentry","category-eseje","category-polityka","category-prawna","tag-albania","tag-brussels","tag-croatia","tag-eu","tag-eu-enlargement","tag-european-union","tag-iceland","tag-marta-kos","tag-montenegro","tag-republic-of-moldova","tag-sovereignty","tag-ukraine","regions-central-europe-pl","regions-eastern-europe-pl","regions-northern-europe-pl","regions-southern-europe-pl","regions-western-europe-pl","types-news-pl","types-opinion-pl"],"yoast_head":"<!-- This site is optimized with the Yoast SEO plugin v28.0 - https:\/\/yoast.com\/product\/yoast-seo-wordpress\/ -->\n<title>Kilka uwag w nast\u0119pstwie przem\u00f3wienia komisarza ds. rozszerzenia w Zagrzebiu - The Conservative<\/title>\n<meta name=\"robots\" content=\"index, follow, max-snippet:-1, max-image-preview:large, max-video-preview:-1\" \/>\n<link rel=\"canonical\" href=\"https:\/\/www.theconservative.online\/pl\/kilka-uwag-w-nastepstwie-przemowienia-komisarza-ds-rozszerzenia-w-zagrzebiu\" \/>\n<meta property=\"og:locale\" content=\"pl_PL\" \/>\n<meta property=\"og:type\" content=\"article\" \/>\n<meta property=\"og:title\" content=\"Kilka uwag w nast\u0119pstwie przem\u00f3wienia komisarza ds. rozszerzenia w Zagrzebiu - The Conservative\" \/>\n<meta property=\"og:description\" content=\"Dwadzie\u015bcia dwa lata po najwi\u0119kszej fali rozszerzenia w historii Unii Europejskiej \u2013 kiedy to 10 kraj\u00f3w formalnie sta\u0142o si\u0119 jej cz\u0142onkami \u2013 oraz trzyna\u015bcie lat po przyst\u0105pieniu Chorwacji temat rozszerzenia UE ponownie sta\u0142 si\u0119 spraw\u0105 pal\u0105c\u0105. Jest to najd\u0142u\u017cszy okres, jaki up\u0142yn\u0105\u0142 od ostatniego przyst\u0105pienia, a perspektywy i wyzwania zwi\u0105zane z rozszerzeniem Unii s\u0105 znacz\u0105ce. [&hellip;]\" \/>\n<meta property=\"og:url\" content=\"https:\/\/www.theconservative.online\/pl\/kilka-uwag-w-nastepstwie-przemowienia-komisarza-ds-rozszerzenia-w-zagrzebiu\" \/>\n<meta property=\"og:site_name\" content=\"The Conservative\" \/>\n<meta property=\"article:published_time\" content=\"2026-08-31T13:57:45+00:00\" \/>\n<meta property=\"og:image\" content=\"https:\/\/www.theconservative.online\/wp-content\/uploads\/2026\/08\/shutterstock_2385621941.jpg\" \/>\n\t<meta property=\"og:image:width\" content=\"1000\" \/>\n\t<meta property=\"og:image:height\" content=\"667\" \/>\n\t<meta property=\"og:image:type\" content=\"image\/jpeg\" \/>\n<meta name=\"author\" content=\"Dragos Moldoveanu\" \/>\n<meta name=\"twitter:card\" content=\"summary_large_image\" \/>\n<meta name=\"twitter:label1\" content=\"Napisane przez\" \/>\n\t<meta name=\"twitter:data1\" content=\"Dragos Moldoveanu\" \/>\n\t<meta name=\"twitter:label2\" content=\"Szacowany czas czytania\" \/>\n\t<meta name=\"twitter:data2\" content=\"3 minuty\" \/>\n<script type=\"application\/ld+json\" class=\"yoast-schema-graph\">{\"@context\":\"https:\\\/\\\/schema.org\",\"@graph\":[{\"@type\":\"Article\",\"@id\":\"https:\\\/\\\/www.theconservative.online\\\/pl\\\/kilka-uwag-w-nastepstwie-przemowienia-komisarza-ds-rozszerzenia-w-zagrzebiu#article\",\"isPartOf\":{\"@id\":\"https:\\\/\\\/www.theconservative.online\\\/pl\\\/kilka-uwag-w-nastepstwie-przemowienia-komisarza-ds-rozszerzenia-w-zagrzebiu\"},\"author\":{\"name\":\"Dragos Moldoveanu\",\"@id\":\"https:\\\/\\\/www.theconservative.online\\\/pl#\\\/schema\\\/person\\\/7a10b03a9f7406e09ce879035f4d80c1\"},\"headline\":\"Kilka uwag w nast\u0119pstwie przem\u00f3wienia komisarza ds. rozszerzenia w Zagrzebiu\",\"datePublished\":\"2026-08-31T13:57:45+00:00\",\"mainEntityOfPage\":{\"@id\":\"https:\\\/\\\/www.theconservative.online\\\/pl\\\/kilka-uwag-w-nastepstwie-przemowienia-komisarza-ds-rozszerzenia-w-zagrzebiu\"},\"wordCount\":695,\"image\":{\"@id\":\"https:\\\/\\\/www.theconservative.online\\\/pl\\\/kilka-uwag-w-nastepstwie-przemowienia-komisarza-ds-rozszerzenia-w-zagrzebiu#primaryimage\"},\"thumbnailUrl\":\"https:\\\/\\\/www.theconservative.online\\\/wp-content\\\/uploads\\\/2026\\\/08\\\/shutterstock_2385621941.jpg\",\"keywords\":[\"Albania\",\"Brussels\",\"croatia\",\"EU\",\"EU enlargement\",\"European Union\",\"Iceland\",\"Marta Kos\",\"Montenegro\",\"Republic of Moldova\",\"sovereignty\",\"Ukraine\"],\"articleSection\":[\"Eseje\",\"Polityka\",\"Prawna\"],\"inLanguage\":\"pl-PL\"},{\"@type\":\"WebPage\",\"@id\":\"https:\\\/\\\/www.theconservative.online\\\/pl\\\/kilka-uwag-w-nastepstwie-przemowienia-komisarza-ds-rozszerzenia-w-zagrzebiu\",\"url\":\"https:\\\/\\\/www.theconservative.online\\\/pl\\\/kilka-uwag-w-nastepstwie-przemowienia-komisarza-ds-rozszerzenia-w-zagrzebiu\",\"name\":\"Kilka uwag w nast\u0119pstwie przem\u00f3wienia komisarza ds. rozszerzenia w Zagrzebiu - The Conservative\",\"isPartOf\":{\"@id\":\"https:\\\/\\\/www.theconservative.online\\\/pl#website\"},\"primaryImageOfPage\":{\"@id\":\"https:\\\/\\\/www.theconservative.online\\\/pl\\\/kilka-uwag-w-nastepstwie-przemowienia-komisarza-ds-rozszerzenia-w-zagrzebiu#primaryimage\"},\"image\":{\"@id\":\"https:\\\/\\\/www.theconservative.online\\\/pl\\\/kilka-uwag-w-nastepstwie-przemowienia-komisarza-ds-rozszerzenia-w-zagrzebiu#primaryimage\"},\"thumbnailUrl\":\"https:\\\/\\\/www.theconservative.online\\\/wp-content\\\/uploads\\\/2026\\\/08\\\/shutterstock_2385621941.jpg\",\"datePublished\":\"2026-08-31T13:57:45+00:00\",\"author\":{\"@id\":\"https:\\\/\\\/www.theconservative.online\\\/pl#\\\/schema\\\/person\\\/7a10b03a9f7406e09ce879035f4d80c1\"},\"breadcrumb\":{\"@id\":\"https:\\\/\\\/www.theconservative.online\\\/pl\\\/kilka-uwag-w-nastepstwie-przemowienia-komisarza-ds-rozszerzenia-w-zagrzebiu#breadcrumb\"},\"inLanguage\":\"pl-PL\",\"potentialAction\":[{\"@type\":\"ReadAction\",\"target\":[\"https:\\\/\\\/www.theconservative.online\\\/pl\\\/kilka-uwag-w-nastepstwie-przemowienia-komisarza-ds-rozszerzenia-w-zagrzebiu\"]}]},{\"@type\":\"ImageObject\",\"inLanguage\":\"pl-PL\",\"@id\":\"https:\\\/\\\/www.theconservative.online\\\/pl\\\/kilka-uwag-w-nastepstwie-przemowienia-komisarza-ds-rozszerzenia-w-zagrzebiu#primaryimage\",\"url\":\"https:\\\/\\\/www.theconservative.online\\\/wp-content\\\/uploads\\\/2026\\\/08\\\/shutterstock_2385621941.jpg\",\"contentUrl\":\"https:\\\/\\\/www.theconservative.online\\\/wp-content\\\/uploads\\\/2026\\\/08\\\/shutterstock_2385621941.jpg\",\"width\":1000,\"height\":667},{\"@type\":\"BreadcrumbList\",\"@id\":\"https:\\\/\\\/www.theconservative.online\\\/pl\\\/kilka-uwag-w-nastepstwie-przemowienia-komisarza-ds-rozszerzenia-w-zagrzebiu#breadcrumb\",\"itemListElement\":[{\"@type\":\"ListItem\",\"position\":1,\"name\":\"Home\",\"item\":\"https:\\\/\\\/www.theconservative.online\\\/pl\"},{\"@type\":\"ListItem\",\"position\":2,\"name\":\"Kilka uwag w nast\u0119pstwie przem\u00f3wienia komisarza ds. rozszerzenia w Zagrzebiu\"}]},{\"@type\":\"WebSite\",\"@id\":\"https:\\\/\\\/www.theconservative.online\\\/pl#website\",\"url\":\"https:\\\/\\\/www.theconservative.online\\\/pl\",\"name\":\"The Conservative\",\"description\":\"\",\"potentialAction\":[{\"@type\":\"SearchAction\",\"target\":{\"@type\":\"EntryPoint\",\"urlTemplate\":\"https:\\\/\\\/www.theconservative.online\\\/pl?s={search_term_string}\"},\"query-input\":{\"@type\":\"PropertyValueSpecification\",\"valueRequired\":true,\"valueName\":\"search_term_string\"}}],\"inLanguage\":\"pl-PL\"},{\"@type\":\"Person\",\"@id\":\"https:\\\/\\\/www.theconservative.online\\\/pl#\\\/schema\\\/person\\\/7a10b03a9f7406e09ce879035f4d80c1\",\"name\":\"Dragos Moldoveanu\",\"image\":{\"@type\":\"ImageObject\",\"inLanguage\":\"pl-PL\",\"@id\":\"https:\\\/\\\/secure.gravatar.com\\\/avatar\\\/1975d1359c2a3183ef646321e1f6bcc60bbd4fe3f1c556f50988447a540d242c?s=96&d=mm&r=g\",\"url\":\"https:\\\/\\\/secure.gravatar.com\\\/avatar\\\/1975d1359c2a3183ef646321e1f6bcc60bbd4fe3f1c556f50988447a540d242c?s=96&d=mm&r=g\",\"contentUrl\":\"https:\\\/\\\/secure.gravatar.com\\\/avatar\\\/1975d1359c2a3183ef646321e1f6bcc60bbd4fe3f1c556f50988447a540d242c?s=96&d=mm&r=g\",\"caption\":\"Dragos Moldoveanu\"},\"url\":\"https:\\\/\\\/www.theconservative.online\\\/pl\\\/author\\\/moldoveanu-euspec-2025-26\"}]}<\/script>\n<!-- \/ Yoast SEO plugin. -->","yoast_head_json":{"title":"Kilka uwag w nast\u0119pstwie przem\u00f3wienia komisarza ds. rozszerzenia w Zagrzebiu - The Conservative","robots":{"index":"index","follow":"follow","max-snippet":"max-snippet:-1","max-image-preview":"max-image-preview:large","max-video-preview":"max-video-preview:-1"},"canonical":"https:\/\/www.theconservative.online\/pl\/kilka-uwag-w-nastepstwie-przemowienia-komisarza-ds-rozszerzenia-w-zagrzebiu","og_locale":"pl_PL","og_type":"article","og_title":"Kilka uwag w nast\u0119pstwie przem\u00f3wienia komisarza ds. rozszerzenia w Zagrzebiu - The Conservative","og_description":"Dwadzie\u015bcia dwa lata po najwi\u0119kszej fali rozszerzenia w historii Unii Europejskiej \u2013 kiedy to 10 kraj\u00f3w formalnie sta\u0142o si\u0119 jej cz\u0142onkami \u2013 oraz trzyna\u015bcie lat po przyst\u0105pieniu Chorwacji temat rozszerzenia UE ponownie sta\u0142 si\u0119 spraw\u0105 pal\u0105c\u0105. Jest to najd\u0142u\u017cszy okres, jaki up\u0142yn\u0105\u0142 od ostatniego przyst\u0105pienia, a perspektywy i wyzwania zwi\u0105zane z rozszerzeniem Unii s\u0105 znacz\u0105ce. [&hellip;]","og_url":"https:\/\/www.theconservative.online\/pl\/kilka-uwag-w-nastepstwie-przemowienia-komisarza-ds-rozszerzenia-w-zagrzebiu","og_site_name":"The Conservative","article_published_time":"2026-08-31T13:57:45+00:00","og_image":[{"width":1000,"height":667,"url":"https:\/\/www.theconservative.online\/wp-content\/uploads\/2026\/08\/shutterstock_2385621941.jpg","type":"image\/jpeg"}],"author":"Dragos Moldoveanu","twitter_card":"summary_large_image","twitter_misc":{"Napisane przez":"Dragos Moldoveanu","Szacowany czas czytania":"3 minuty"},"schema":{"@context":"https:\/\/schema.org","@graph":[{"@type":"Article","@id":"https:\/\/www.theconservative.online\/pl\/kilka-uwag-w-nastepstwie-przemowienia-komisarza-ds-rozszerzenia-w-zagrzebiu#article","isPartOf":{"@id":"https:\/\/www.theconservative.online\/pl\/kilka-uwag-w-nastepstwie-przemowienia-komisarza-ds-rozszerzenia-w-zagrzebiu"},"author":{"name":"Dragos Moldoveanu","@id":"https:\/\/www.theconservative.online\/pl#\/schema\/person\/7a10b03a9f7406e09ce879035f4d80c1"},"headline":"Kilka uwag w nast\u0119pstwie przem\u00f3wienia komisarza ds. rozszerzenia w Zagrzebiu","datePublished":"2026-08-31T13:57:45+00:00","mainEntityOfPage":{"@id":"https:\/\/www.theconservative.online\/pl\/kilka-uwag-w-nastepstwie-przemowienia-komisarza-ds-rozszerzenia-w-zagrzebiu"},"wordCount":695,"image":{"@id":"https:\/\/www.theconservative.online\/pl\/kilka-uwag-w-nastepstwie-przemowienia-komisarza-ds-rozszerzenia-w-zagrzebiu#primaryimage"},"thumbnailUrl":"https:\/\/www.theconservative.online\/wp-content\/uploads\/2026\/08\/shutterstock_2385621941.jpg","keywords":["Albania","Brussels","croatia","EU","EU enlargement","European Union","Iceland","Marta Kos","Montenegro","Republic of Moldova","sovereignty","Ukraine"],"articleSection":["Eseje","Polityka","Prawna"],"inLanguage":"pl-PL"},{"@type":"WebPage","@id":"https:\/\/www.theconservative.online\/pl\/kilka-uwag-w-nastepstwie-przemowienia-komisarza-ds-rozszerzenia-w-zagrzebiu","url":"https:\/\/www.theconservative.online\/pl\/kilka-uwag-w-nastepstwie-przemowienia-komisarza-ds-rozszerzenia-w-zagrzebiu","name":"Kilka uwag w nast\u0119pstwie przem\u00f3wienia komisarza ds. rozszerzenia w Zagrzebiu - The Conservative","isPartOf":{"@id":"https:\/\/www.theconservative.online\/pl#website"},"primaryImageOfPage":{"@id":"https:\/\/www.theconservative.online\/pl\/kilka-uwag-w-nastepstwie-przemowienia-komisarza-ds-rozszerzenia-w-zagrzebiu#primaryimage"},"image":{"@id":"https:\/\/www.theconservative.online\/pl\/kilka-uwag-w-nastepstwie-przemowienia-komisarza-ds-rozszerzenia-w-zagrzebiu#primaryimage"},"thumbnailUrl":"https:\/\/www.theconservative.online\/wp-content\/uploads\/2026\/08\/shutterstock_2385621941.jpg","datePublished":"2026-08-31T13:57:45+00:00","author":{"@id":"https:\/\/www.theconservative.online\/pl#\/schema\/person\/7a10b03a9f7406e09ce879035f4d80c1"},"breadcrumb":{"@id":"https:\/\/www.theconservative.online\/pl\/kilka-uwag-w-nastepstwie-przemowienia-komisarza-ds-rozszerzenia-w-zagrzebiu#breadcrumb"},"inLanguage":"pl-PL","potentialAction":[{"@type":"ReadAction","target":["https:\/\/www.theconservative.online\/pl\/kilka-uwag-w-nastepstwie-przemowienia-komisarza-ds-rozszerzenia-w-zagrzebiu"]}]},{"@type":"ImageObject","inLanguage":"pl-PL","@id":"https:\/\/www.theconservative.online\/pl\/kilka-uwag-w-nastepstwie-przemowienia-komisarza-ds-rozszerzenia-w-zagrzebiu#primaryimage","url":"https:\/\/www.theconservative.online\/wp-content\/uploads\/2026\/08\/shutterstock_2385621941.jpg","contentUrl":"https:\/\/www.theconservative.online\/wp-content\/uploads\/2026\/08\/shutterstock_2385621941.jpg","width":1000,"height":667},{"@type":"BreadcrumbList","@id":"https:\/\/www.theconservative.online\/pl\/kilka-uwag-w-nastepstwie-przemowienia-komisarza-ds-rozszerzenia-w-zagrzebiu#breadcrumb","itemListElement":[{"@type":"ListItem","position":1,"name":"Home","item":"https:\/\/www.theconservative.online\/pl"},{"@type":"ListItem","position":2,"name":"Kilka uwag w nast\u0119pstwie przem\u00f3wienia komisarza ds. rozszerzenia w Zagrzebiu"}]},{"@type":"WebSite","@id":"https:\/\/www.theconservative.online\/pl#website","url":"https:\/\/www.theconservative.online\/pl","name":"The Conservative","description":"","potentialAction":[{"@type":"SearchAction","target":{"@type":"EntryPoint","urlTemplate":"https:\/\/www.theconservative.online\/pl?s={search_term_string}"},"query-input":{"@type":"PropertyValueSpecification","valueRequired":true,"valueName":"search_term_string"}}],"inLanguage":"pl-PL"},{"@type":"Person","@id":"https:\/\/www.theconservative.online\/pl#\/schema\/person\/7a10b03a9f7406e09ce879035f4d80c1","name":"Dragos Moldoveanu","image":{"@type":"ImageObject","inLanguage":"pl-PL","@id":"https:\/\/secure.gravatar.com\/avatar\/1975d1359c2a3183ef646321e1f6bcc60bbd4fe3f1c556f50988447a540d242c?s=96&d=mm&r=g","url":"https:\/\/secure.gravatar.com\/avatar\/1975d1359c2a3183ef646321e1f6bcc60bbd4fe3f1c556f50988447a540d242c?s=96&d=mm&r=g","contentUrl":"https:\/\/secure.gravatar.com\/avatar\/1975d1359c2a3183ef646321e1f6bcc60bbd4fe3f1c556f50988447a540d242c?s=96&d=mm&r=g","caption":"Dragos Moldoveanu"},"url":"https:\/\/www.theconservative.online\/pl\/author\/moldoveanu-euspec-2025-26"}]}},"acf":[],"_links":{"self":[{"href":"https:\/\/www.theconservative.online\/pl\/wp-json\/wp\/v2\/posts\/62924","targetHints":{"allow":["GET"]}}],"collection":[{"href":"https:\/\/www.theconservative.online\/pl\/wp-json\/wp\/v2\/posts"}],"about":[{"href":"https:\/\/www.theconservative.online\/pl\/wp-json\/wp\/v2\/types\/post"}],"author":[{"embeddable":true,"href":"https:\/\/www.theconservative.online\/pl\/wp-json\/wp\/v2\/users\/78"}],"replies":[{"embeddable":true,"href":"https:\/\/www.theconservative.online\/pl\/wp-json\/wp\/v2\/comments?post=62924"}],"version-history":[{"count":0,"href":"https:\/\/www.theconservative.online\/pl\/wp-json\/wp\/v2\/posts\/62924\/revisions"}],"wp:featuredmedia":[{"embeddable":true,"href":"https:\/\/www.theconservative.online\/pl\/wp-json\/wp\/v2\/media\/62862"}],"wp:attachment":[{"href":"https:\/\/www.theconservative.online\/pl\/wp-json\/wp\/v2\/media?parent=62924"}],"wp:term":[{"taxonomy":"category","embeddable":true,"href":"https:\/\/www.theconservative.online\/pl\/wp-json\/wp\/v2\/categories?post=62924"},{"taxonomy":"post_tag","embeddable":true,"href":"https:\/\/www.theconservative.online\/pl\/wp-json\/wp\/v2\/tags?post=62924"},{"taxonomy":"editorial-positions","embeddable":true,"href":"https:\/\/www.theconservative.online\/pl\/wp-json\/wp\/v2\/editorial-positions?post=62924"},{"taxonomy":"regions","embeddable":true,"href":"https:\/\/www.theconservative.online\/pl\/wp-json\/wp\/v2\/regions?post=62924"},{"taxonomy":"types","embeddable":true,"href":"https:\/\/www.theconservative.online\/pl\/wp-json\/wp\/v2\/types?post=62924"}],"curies":[{"name":"wp","href":"https:\/\/api.w.org\/{rel}","templated":true}]}}