{"id":62930,"date":"2026-08-31T13:57:40","date_gmt":"2026-08-31T13:57:40","guid":{"rendered":"https:\/\/www.theconservative.online\/zjednoczona-prawica-musi-podkreslac-wewnetrzne-roznice"},"modified":"2026-08-31T13:57:40","modified_gmt":"2026-08-31T13:57:40","slug":"zjednoczona-prawica-musi-podkreslac-wewnetrzne-roznice","status":"publish","type":"post","link":"https:\/\/www.theconservative.online\/pl\/zjednoczona-prawica-musi-podkreslac-wewnetrzne-roznice","title":{"rendered":"Zjednoczona prawica musi podkre\u015bla\u0107 wewn\u0119trzne r\u00f3\u017cnice"},"content":{"rendered":"<p>13 wrze\u015bnia w Szwecji odb\u0119d\u0105 si\u0119 wybory. Obecny prawicowy rz\u0105d plasuje si\u0119 w sonda\u017cach na dalszych pozycjach, a na dwa tygodnie przed wyborami wi\u0119kszo\u015b\u0107 sygna\u0142\u00f3w wskazuje na zwyci\u0119stwo lewicy, mimo \u017ce prawica <a href=\"https:\/\/www.sverigesradio.se\/artikel\/swedish-election-race-tightens-as-government-side-gains-ground-on-the-opposition\">zacz\u0119\u0142a ostatnio nieco odzyskiwa\u0107 pozycj\u0119<\/a>.<\/p>\n<p>Jednym z wyzwa\u0144 stoj\u0105cych przed prawic\u0105 jest to, \u017ce wielu wyborc\u00f3w nadal podchodzi z rezerw\u0105 do Demokrat\u00f3w Szwedzkich \u2013 partii charakteryzuj\u0105cej si\u0119 prawicowym nacjonalizmem i konserwatyzmem spo\u0142ecznym. W bie\u017c\u0105cej kadencji rz\u0105d utworzy\u0142y trzy tradycyjne partie prawicowe, a Szwedzcy Demokraci pe\u0142ni\u0105 rol\u0119 partii wspieraj\u0105cej. Uk\u0142ad ten opiera\u0142 si\u0119 na wsp\u00f3lnym porozumieniu zawartym na pocz\u0105tku kadencji, w kt\u00f3rym jasno okre\u015blono dzia\u0142ania polityczne, jakie rz\u0105d mia\u0142 wdro\u017cy\u0107 w ci\u0105gu czterech lat.<\/p><div class='related_content'><span>RELATED<\/span><ul><li><a href='https:\/\/www.theconservative.online\/pl\/islandia-glosuje-nad-ponownym-podjeciem-staran-o-przystapienie-do-unii-europejskiej'>Islandia g\u0142osuje nad ponownym podj\u0119ciem stara\u0144 o przyst\u0105pienie do Unii Europejskiej<\/li><\/a><li><a href='https:\/\/www.theconservative.online\/pl\/czy-feminizacja-spoleczenstwa-stanie-sie-tematem-politycznym'>Czy \u201efeminizacja\u201d spo\u0142ecze\u0144stwa stanie si\u0119 tematem politycznym?<\/li><\/a><li><a href='https:\/\/www.theconservative.online\/pl\/ta-szwedzka-partia-sprawuje-wladze-w-kraju-ale-grozi-jej-zanik'>Ta szwedzka partia sprawuje w\u0142adz\u0119 w kraju \u2013 ale grozi jej zanik<\/li><\/a><\/ul><\/div>\n<p>Jednak przed rozpocz\u0119ciem kolejnej kadencji Szwedzcy Demokraci <a href=\"https:\/\/www.theguardian.com\/world\/2026\/apr\/01\/swedish-pm-offers-deal-that-could-see-far-right-allowed-into-government\">sami za\u017c\u0105dali miejsca w rz\u0105dzie<\/a>. Lider partii Jimmie \u00c5kesson wielokrotnie podkre\u015bla\u0142, \u017ce je\u015bli partie prawicowe odnios\u0105 zwyci\u0119stwo, nieuzasadnione by\u0142oby, aby trzy partie nadal sprawowa\u0142y w\u0142adz\u0119, podczas gdy czwarta po raz kolejny pozostawa\u0142aby na uboczu. Takie stanowisko Jimmie \u00c5kesson zajmuje od pocz\u0105tku kadencji: nie b\u0119dzie kolejnych czterech lat rz\u0105d\u00f3w prawicy bez udzia\u0142u Szwedzkich Demokrat\u00f3w w rz\u0105dzie.<\/p>\n<p>Nikt nie kwestionuje zasadno\u015bci postulat\u00f3w Szwedzkich Demokrat\u00f3w. Przez cztery lata, w kt\u00f3rych trzy inne partie prawicowe sprawowa\u0142y w\u0142adz\u0119, byli oni najwi\u0119ksz\u0105 parti\u0105 prawicow\u0105. Partia ta wywar\u0142a znacz\u0105cy wp\u0142yw na prowadzon\u0105 polityk\u0119, zw\u0142aszcza w kwestiach migracji, przest\u0119pczo\u015bci i energetyki. By\u0142oby dziwne, gdyby partia ta otrzyma\u0142a od wyborc\u00f3w ponowny mandat do wywierania wp\u0142ywu na szwedzk\u0105 polityk\u0119, by nast\u0119pnie ponownie zgodzi\u0107 si\u0119 na pozostanie poza rz\u0105dem.<\/p>\n<p>Jednak wszystko w \u017cyciu ma swoj\u0105 cen\u0119. A dla Szwedzkich Demokrat\u00f3w cen\u0105 za zdobycie akceptacji jako partia zdolna do sprawowania rz\u0105d\u00f3w by\u0142a utrata wyborc\u00f3w przez inne partie prawicowe. Niekt\u00f3rzy z ich wyborc\u00f3w obawiaj\u0105 si\u0119 bowiem prawicowego rz\u0105du, w sk\u0142ad kt\u00f3rego wchodziliby Szwedzcy Demokraci. W rezultacie w dotychczas zgranym bloku prawicowym szwedzkiej sceny politycznej pojawi\u0142o si\u0119 interesuj\u0105ce zjawisko.<\/p>\n<p>Obecnie, na dwa tygodnie przed wyborami, mi\u0119dzy czterema prawicowymi partiami toczy si\u0119 otwarty i pe\u0142ny konflikt. Wcze\u015bniej ch\u0119tnie podkre\u015bla\u0142y swoj\u0105 jedno\u015b\u0107. Twierdzi\u0142y, \u017ce zdolno\u015b\u0107 czterech partii wchodz\u0105cych w ich sk\u0142ad do wsp\u00f3\u0142pracy stanowi o sile prawicy \u2013 \u017ce s\u0105 zgodne co do wsp\u00f3lnego sprawowania rz\u0105d\u00f3w, i \u017ce ta jedno\u015b\u0107 kontrastuje z rozdrobnieniem lewicy, gdzie cztery do\u015b\u0107 zr\u00f3\u017cnicowane partie tworz\u0105ce t\u0119 stron\u0119 szwedzkiej sceny politycznej s\u0105 dalekie od porozumienia co do tego, kt\u00f3ra z nich powinna sprawowa\u0107 w\u0142adz\u0119, a nawet wchodzi\u0107 w sk\u0142ad koalicji rz\u0105dowej.<\/p>\n<p>Powodem, dla kt\u00f3rego partie prawicowe obecnie si\u0119 k\u0142\u00f3c\u0105, jest prawdopodobnie to, \u017ce zda\u0142y sobie spraw\u0119, i\u017c musz\u0105 da\u0107 do zrozumienia, \u017ce nie stanowi\u0105 jednej, monolitycznej partii. W ko\u0144cu nawet gdyby Szwedzcy Demokraci mieli wej\u015b\u0107 do ewentualnego nowego prawicowego rz\u0105du, byliby tylko jedn\u0105 z czterech partii (a mo\u017ce nawet trzech, gdyby niewielka Partia Liberalna nie zdo\u0142a\u0142a utrzyma\u0107 swoich mandat\u00f3w parlamentarnych). I w\u0142a\u015bnie to partie z bloku prawicowego musz\u0105 przekaza\u0107 niezdecydowanym wyborcom.<\/p>\n<p>Szwedzka opinia publiczna mo\u017ce ostatecznie otrzyma\u0107 rz\u0105d prawicowy, kt\u00f3ry niekoniecznie b\u0119dzie zdominowany przez Szwedzkich Demokrat\u00f3w. Mo\u017ce powsta\u0107 rz\u0105d, w kt\u00f3rym tradycyjne partie prawicowe utrzymaj\u0105 swoj\u0105 pozycj\u0119 i b\u0119d\u0105 przeciwstawia\u0107 si\u0119 niecierpliwo\u015bci Szwedzkich Demokrat\u00f3w w kwestiach takich jak polityka migracyjna i polityka w zakresie przest\u0119pczo\u015bci. Innymi s\u0142owy, nowy prawicowy rz\u0105d nie by\u0142by po prostu \u201erz\u0105dem SD\u201d (gdzie SD to powszechny skr\u00f3t od Szwedzkich Demokrat\u00f3w).<\/p>\n<p>W zwi\u0105zku z tym, na dwa tygodnie przed wyborami, Szwedzcy Demokraci znale\u017ali si\u0119 w do\u015b\u0107 osobliwej sytuacji, pr\u00f3buj\u0105c wywo\u0142ywa\u0107 publiczne spory ze swoimi partnerami koalicyjnymi. Spory te przypominaj\u0105 niezdecydowanym wyborcom prawicowym, \u017ce w obozie prawicowym istniej\u0105 alternatywy dla Szwedzkich Demokrat\u00f3w \u2013 a wyborcy ci s\u0105 niezb\u0119dni, je\u015bli prawica ma zapewni\u0107 sobie zwyci\u0119stwo.<\/p>\n<p>Jednocze\u015bnie Szwedzcy Demokraci musz\u0105 zdystansowa\u0107 si\u0119 od tradycyjnych partii prawicowych, aby da\u0107 do zrozumienia swoim najbardziej zagorza\u0142ym zwolennikom, \u017ce nadal s\u0105 zdecydowani walczy\u0107 z imigracj\u0105 i przest\u0119pczo\u015bci\u0105 zwi\u0105zan\u0105 z imigracj\u0105.<\/p>\n<p>W ten spos\u00f3b, na dwa tygodnie przed wyborami, blok prawicowy zachowuje jedno\u015b\u0107, cho\u0107 jednocze\u015bnie tocz\u0105 si\u0119 w nim wewn\u0119trzne spory; jest to najlepsza strategia, jak\u0105 uda\u0142o im si\u0119 opracowa\u0107, aby ka\u017cda z partii mog\u0142a zmobilizowa\u0107 swoich potencjalnych wyborc\u00f3w.<\/p>\n<p>Demokracja jest fascynuj\u0105ca.<\/p>\n<\/p>","protected":false},"excerpt":{"rendered":"<p>13 wrze\u015bnia w Szwecji odb\u0119d\u0105 si\u0119 wybory. Obecny prawicowy rz\u0105d plasuje si\u0119 w sonda\u017cach na dalszych pozycjach, a na dwa tygodnie przed wyborami wi\u0119kszo\u015b\u0107 sygna\u0142\u00f3w wskazuje na zwyci\u0119stwo lewicy, mimo \u017ce prawica zacz\u0119\u0142a ostatnio nieco odzyskiwa\u0107 pozycj\u0119. Jednym z wyzwa\u0144 stoj\u0105cych przed prawic\u0105 jest to, \u017ce wielu wyborc\u00f3w nadal podchodzi z rezerw\u0105 do Demokrat\u00f3w Szwedzkich [&hellip;]<\/p>\n","protected":false},"author":85,"featured_media":62884,"comment_status":"closed","ping_status":"closed","sticky":false,"template":"","format":"standard","meta":{"footnotes":""},"categories":[1467,159],"tags":[3197,3485,2506,3133,554],"editorial-positions":[],"regions":[345],"types":[419,445],"class_list":["post-62930","post","type-post","status-publish","format-standard","has-post-thumbnail","hentry","category-budowanie-konserwatywnej-europy","category-polityka","tag-elections26","tag-rightwinggovernment","tag-swedendemocrats","tag-swedishelections","tag-sweden","regions-northern-europe-pl","types-news-pl","types-surveys-pl"],"yoast_head":"<!-- This site is optimized with the Yoast SEO plugin v28.0 - https:\/\/yoast.com\/product\/yoast-seo-wordpress\/ -->\n<title>Zjednoczona prawica musi podkre\u015bla\u0107 wewn\u0119trzne r\u00f3\u017cnice - The Conservative<\/title>\n<meta name=\"robots\" content=\"index, follow, max-snippet:-1, max-image-preview:large, max-video-preview:-1\" \/>\n<link rel=\"canonical\" href=\"https:\/\/www.theconservative.online\/pl\/zjednoczona-prawica-musi-podkreslac-wewnetrzne-roznice\" \/>\n<meta property=\"og:locale\" content=\"pl_PL\" \/>\n<meta property=\"og:type\" content=\"article\" \/>\n<meta property=\"og:title\" content=\"Zjednoczona prawica musi podkre\u015bla\u0107 wewn\u0119trzne r\u00f3\u017cnice - The Conservative\" \/>\n<meta property=\"og:description\" content=\"13 wrze\u015bnia w Szwecji odb\u0119d\u0105 si\u0119 wybory. Obecny prawicowy rz\u0105d plasuje si\u0119 w sonda\u017cach na dalszych pozycjach, a na dwa tygodnie przed wyborami wi\u0119kszo\u015b\u0107 sygna\u0142\u00f3w wskazuje na zwyci\u0119stwo lewicy, mimo \u017ce prawica zacz\u0119\u0142a ostatnio nieco odzyskiwa\u0107 pozycj\u0119. Jednym z wyzwa\u0144 stoj\u0105cych przed prawic\u0105 jest to, \u017ce wielu wyborc\u00f3w nadal podchodzi z rezerw\u0105 do Demokrat\u00f3w Szwedzkich [&hellip;]\" \/>\n<meta property=\"og:url\" content=\"https:\/\/www.theconservative.online\/pl\/zjednoczona-prawica-musi-podkreslac-wewnetrzne-roznice\" \/>\n<meta property=\"og:site_name\" content=\"The Conservative\" \/>\n<meta property=\"article:published_time\" content=\"2026-08-31T13:57:40+00:00\" \/>\n<meta property=\"og:image\" content=\"https:\/\/www.theconservative.online\/wp-content\/uploads\/2026\/08\/Sverigebild.jpg\" \/>\n\t<meta property=\"og:image:width\" content=\"1000\" \/>\n\t<meta property=\"og:image:height\" content=\"667\" \/>\n\t<meta property=\"og:image:type\" content=\"image\/jpeg\" \/>\n<meta name=\"author\" content=\"Richard S\u00f6rman\" \/>\n<meta name=\"twitter:card\" content=\"summary_large_image\" \/>\n<meta name=\"twitter:label1\" content=\"Napisane przez\" \/>\n\t<meta name=\"twitter:data1\" content=\"Richard S\u00f6rman\" \/>\n\t<meta name=\"twitter:label2\" content=\"Szacowany czas czytania\" \/>\n\t<meta name=\"twitter:data2\" content=\"4 minuty\" \/>\n<script type=\"application\/ld+json\" class=\"yoast-schema-graph\">{\"@context\":\"https:\\\/\\\/schema.org\",\"@graph\":[{\"@type\":\"Article\",\"@id\":\"https:\\\/\\\/www.theconservative.online\\\/pl\\\/zjednoczona-prawica-musi-podkreslac-wewnetrzne-roznice#article\",\"isPartOf\":{\"@id\":\"https:\\\/\\\/www.theconservative.online\\\/pl\\\/zjednoczona-prawica-musi-podkreslac-wewnetrzne-roznice\"},\"author\":{\"name\":\"Richard S\u00f6rman\",\"@id\":\"https:\\\/\\\/www.theconservative.online\\\/pl#\\\/schema\\\/person\\\/769a6928b1a6145a095dde8677e8dc31\"},\"headline\":\"Zjednoczona prawica musi podkre\u015bla\u0107 wewn\u0119trzne r\u00f3\u017cnice\",\"datePublished\":\"2026-08-31T13:57:40+00:00\",\"mainEntityOfPage\":{\"@id\":\"https:\\\/\\\/www.theconservative.online\\\/pl\\\/zjednoczona-prawica-musi-podkreslac-wewnetrzne-roznice\"},\"wordCount\":778,\"image\":{\"@id\":\"https:\\\/\\\/www.theconservative.online\\\/pl\\\/zjednoczona-prawica-musi-podkreslac-wewnetrzne-roznice#primaryimage\"},\"thumbnailUrl\":\"https:\\\/\\\/www.theconservative.online\\\/wp-content\\\/uploads\\\/2026\\\/08\\\/Sverigebild.jpg\",\"keywords\":[\"#elections26\",\"#rightwinggovernment\",\"#swedendemocrats\",\"#swedishelections\",\"Sweden\"],\"articleSection\":[\"Budowanie konserwatywnej Europy\",\"Polityka\"],\"inLanguage\":\"pl-PL\"},{\"@type\":\"WebPage\",\"@id\":\"https:\\\/\\\/www.theconservative.online\\\/pl\\\/zjednoczona-prawica-musi-podkreslac-wewnetrzne-roznice\",\"url\":\"https:\\\/\\\/www.theconservative.online\\\/pl\\\/zjednoczona-prawica-musi-podkreslac-wewnetrzne-roznice\",\"name\":\"Zjednoczona prawica musi podkre\u015bla\u0107 wewn\u0119trzne r\u00f3\u017cnice - The Conservative\",\"isPartOf\":{\"@id\":\"https:\\\/\\\/www.theconservative.online\\\/pl#website\"},\"primaryImageOfPage\":{\"@id\":\"https:\\\/\\\/www.theconservative.online\\\/pl\\\/zjednoczona-prawica-musi-podkreslac-wewnetrzne-roznice#primaryimage\"},\"image\":{\"@id\":\"https:\\\/\\\/www.theconservative.online\\\/pl\\\/zjednoczona-prawica-musi-podkreslac-wewnetrzne-roznice#primaryimage\"},\"thumbnailUrl\":\"https:\\\/\\\/www.theconservative.online\\\/wp-content\\\/uploads\\\/2026\\\/08\\\/Sverigebild.jpg\",\"datePublished\":\"2026-08-31T13:57:40+00:00\",\"author\":{\"@id\":\"https:\\\/\\\/www.theconservative.online\\\/pl#\\\/schema\\\/person\\\/769a6928b1a6145a095dde8677e8dc31\"},\"breadcrumb\":{\"@id\":\"https:\\\/\\\/www.theconservative.online\\\/pl\\\/zjednoczona-prawica-musi-podkreslac-wewnetrzne-roznice#breadcrumb\"},\"inLanguage\":\"pl-PL\",\"potentialAction\":[{\"@type\":\"ReadAction\",\"target\":[\"https:\\\/\\\/www.theconservative.online\\\/pl\\\/zjednoczona-prawica-musi-podkreslac-wewnetrzne-roznice\"]}]},{\"@type\":\"ImageObject\",\"inLanguage\":\"pl-PL\",\"@id\":\"https:\\\/\\\/www.theconservative.online\\\/pl\\\/zjednoczona-prawica-musi-podkreslac-wewnetrzne-roznice#primaryimage\",\"url\":\"https:\\\/\\\/www.theconservative.online\\\/wp-content\\\/uploads\\\/2026\\\/08\\\/Sverigebild.jpg\",\"contentUrl\":\"https:\\\/\\\/www.theconservative.online\\\/wp-content\\\/uploads\\\/2026\\\/08\\\/Sverigebild.jpg\",\"width\":1000,\"height\":667},{\"@type\":\"BreadcrumbList\",\"@id\":\"https:\\\/\\\/www.theconservative.online\\\/pl\\\/zjednoczona-prawica-musi-podkreslac-wewnetrzne-roznice#breadcrumb\",\"itemListElement\":[{\"@type\":\"ListItem\",\"position\":1,\"name\":\"Home\",\"item\":\"https:\\\/\\\/www.theconservative.online\\\/pl\"},{\"@type\":\"ListItem\",\"position\":2,\"name\":\"Zjednoczona prawica musi podkre\u015bla\u0107 wewn\u0119trzne r\u00f3\u017cnice\"}]},{\"@type\":\"WebSite\",\"@id\":\"https:\\\/\\\/www.theconservative.online\\\/pl#website\",\"url\":\"https:\\\/\\\/www.theconservative.online\\\/pl\",\"name\":\"The Conservative\",\"description\":\"\",\"potentialAction\":[{\"@type\":\"SearchAction\",\"target\":{\"@type\":\"EntryPoint\",\"urlTemplate\":\"https:\\\/\\\/www.theconservative.online\\\/pl?s={search_term_string}\"},\"query-input\":{\"@type\":\"PropertyValueSpecification\",\"valueRequired\":true,\"valueName\":\"search_term_string\"}}],\"inLanguage\":\"pl-PL\"},{\"@type\":\"Person\",\"@id\":\"https:\\\/\\\/www.theconservative.online\\\/pl#\\\/schema\\\/person\\\/769a6928b1a6145a095dde8677e8dc31\",\"name\":\"Richard S\u00f6rman\",\"image\":{\"@type\":\"ImageObject\",\"inLanguage\":\"pl-PL\",\"@id\":\"https:\\\/\\\/secure.gravatar.com\\\/avatar\\\/31160c632b280151f52ca490d363172fd554ee64571053ac4dfe486bab7399f5?s=96&d=mm&r=g\",\"url\":\"https:\\\/\\\/secure.gravatar.com\\\/avatar\\\/31160c632b280151f52ca490d363172fd554ee64571053ac4dfe486bab7399f5?s=96&d=mm&r=g\",\"contentUrl\":\"https:\\\/\\\/secure.gravatar.com\\\/avatar\\\/31160c632b280151f52ca490d363172fd554ee64571053ac4dfe486bab7399f5?s=96&d=mm&r=g\",\"caption\":\"Richard S\u00f6rman\"},\"url\":\"https:\\\/\\\/www.theconservative.online\\\/pl\\\/author\\\/riks-euspec-2025-2026\"}]}<\/script>\n<!-- \/ Yoast SEO plugin. -->","yoast_head_json":{"title":"Zjednoczona prawica musi podkre\u015bla\u0107 wewn\u0119trzne r\u00f3\u017cnice - The Conservative","robots":{"index":"index","follow":"follow","max-snippet":"max-snippet:-1","max-image-preview":"max-image-preview:large","max-video-preview":"max-video-preview:-1"},"canonical":"https:\/\/www.theconservative.online\/pl\/zjednoczona-prawica-musi-podkreslac-wewnetrzne-roznice","og_locale":"pl_PL","og_type":"article","og_title":"Zjednoczona prawica musi podkre\u015bla\u0107 wewn\u0119trzne r\u00f3\u017cnice - The Conservative","og_description":"13 wrze\u015bnia w Szwecji odb\u0119d\u0105 si\u0119 wybory. Obecny prawicowy rz\u0105d plasuje si\u0119 w sonda\u017cach na dalszych pozycjach, a na dwa tygodnie przed wyborami wi\u0119kszo\u015b\u0107 sygna\u0142\u00f3w wskazuje na zwyci\u0119stwo lewicy, mimo \u017ce prawica zacz\u0119\u0142a ostatnio nieco odzyskiwa\u0107 pozycj\u0119. Jednym z wyzwa\u0144 stoj\u0105cych przed prawic\u0105 jest to, \u017ce wielu wyborc\u00f3w nadal podchodzi z rezerw\u0105 do Demokrat\u00f3w Szwedzkich [&hellip;]","og_url":"https:\/\/www.theconservative.online\/pl\/zjednoczona-prawica-musi-podkreslac-wewnetrzne-roznice","og_site_name":"The Conservative","article_published_time":"2026-08-31T13:57:40+00:00","og_image":[{"width":1000,"height":667,"url":"https:\/\/www.theconservative.online\/wp-content\/uploads\/2026\/08\/Sverigebild.jpg","type":"image\/jpeg"}],"author":"Richard S\u00f6rman","twitter_card":"summary_large_image","twitter_misc":{"Napisane przez":"Richard S\u00f6rman","Szacowany czas czytania":"4 minuty"},"schema":{"@context":"https:\/\/schema.org","@graph":[{"@type":"Article","@id":"https:\/\/www.theconservative.online\/pl\/zjednoczona-prawica-musi-podkreslac-wewnetrzne-roznice#article","isPartOf":{"@id":"https:\/\/www.theconservative.online\/pl\/zjednoczona-prawica-musi-podkreslac-wewnetrzne-roznice"},"author":{"name":"Richard S\u00f6rman","@id":"https:\/\/www.theconservative.online\/pl#\/schema\/person\/769a6928b1a6145a095dde8677e8dc31"},"headline":"Zjednoczona prawica musi podkre\u015bla\u0107 wewn\u0119trzne r\u00f3\u017cnice","datePublished":"2026-08-31T13:57:40+00:00","mainEntityOfPage":{"@id":"https:\/\/www.theconservative.online\/pl\/zjednoczona-prawica-musi-podkreslac-wewnetrzne-roznice"},"wordCount":778,"image":{"@id":"https:\/\/www.theconservative.online\/pl\/zjednoczona-prawica-musi-podkreslac-wewnetrzne-roznice#primaryimage"},"thumbnailUrl":"https:\/\/www.theconservative.online\/wp-content\/uploads\/2026\/08\/Sverigebild.jpg","keywords":["#elections26","#rightwinggovernment","#swedendemocrats","#swedishelections","Sweden"],"articleSection":["Budowanie konserwatywnej Europy","Polityka"],"inLanguage":"pl-PL"},{"@type":"WebPage","@id":"https:\/\/www.theconservative.online\/pl\/zjednoczona-prawica-musi-podkreslac-wewnetrzne-roznice","url":"https:\/\/www.theconservative.online\/pl\/zjednoczona-prawica-musi-podkreslac-wewnetrzne-roznice","name":"Zjednoczona prawica musi podkre\u015bla\u0107 wewn\u0119trzne r\u00f3\u017cnice - The Conservative","isPartOf":{"@id":"https:\/\/www.theconservative.online\/pl#website"},"primaryImageOfPage":{"@id":"https:\/\/www.theconservative.online\/pl\/zjednoczona-prawica-musi-podkreslac-wewnetrzne-roznice#primaryimage"},"image":{"@id":"https:\/\/www.theconservative.online\/pl\/zjednoczona-prawica-musi-podkreslac-wewnetrzne-roznice#primaryimage"},"thumbnailUrl":"https:\/\/www.theconservative.online\/wp-content\/uploads\/2026\/08\/Sverigebild.jpg","datePublished":"2026-08-31T13:57:40+00:00","author":{"@id":"https:\/\/www.theconservative.online\/pl#\/schema\/person\/769a6928b1a6145a095dde8677e8dc31"},"breadcrumb":{"@id":"https:\/\/www.theconservative.online\/pl\/zjednoczona-prawica-musi-podkreslac-wewnetrzne-roznice#breadcrumb"},"inLanguage":"pl-PL","potentialAction":[{"@type":"ReadAction","target":["https:\/\/www.theconservative.online\/pl\/zjednoczona-prawica-musi-podkreslac-wewnetrzne-roznice"]}]},{"@type":"ImageObject","inLanguage":"pl-PL","@id":"https:\/\/www.theconservative.online\/pl\/zjednoczona-prawica-musi-podkreslac-wewnetrzne-roznice#primaryimage","url":"https:\/\/www.theconservative.online\/wp-content\/uploads\/2026\/08\/Sverigebild.jpg","contentUrl":"https:\/\/www.theconservative.online\/wp-content\/uploads\/2026\/08\/Sverigebild.jpg","width":1000,"height":667},{"@type":"BreadcrumbList","@id":"https:\/\/www.theconservative.online\/pl\/zjednoczona-prawica-musi-podkreslac-wewnetrzne-roznice#breadcrumb","itemListElement":[{"@type":"ListItem","position":1,"name":"Home","item":"https:\/\/www.theconservative.online\/pl"},{"@type":"ListItem","position":2,"name":"Zjednoczona prawica musi podkre\u015bla\u0107 wewn\u0119trzne r\u00f3\u017cnice"}]},{"@type":"WebSite","@id":"https:\/\/www.theconservative.online\/pl#website","url":"https:\/\/www.theconservative.online\/pl","name":"The Conservative","description":"","potentialAction":[{"@type":"SearchAction","target":{"@type":"EntryPoint","urlTemplate":"https:\/\/www.theconservative.online\/pl?s={search_term_string}"},"query-input":{"@type":"PropertyValueSpecification","valueRequired":true,"valueName":"search_term_string"}}],"inLanguage":"pl-PL"},{"@type":"Person","@id":"https:\/\/www.theconservative.online\/pl#\/schema\/person\/769a6928b1a6145a095dde8677e8dc31","name":"Richard S\u00f6rman","image":{"@type":"ImageObject","inLanguage":"pl-PL","@id":"https:\/\/secure.gravatar.com\/avatar\/31160c632b280151f52ca490d363172fd554ee64571053ac4dfe486bab7399f5?s=96&d=mm&r=g","url":"https:\/\/secure.gravatar.com\/avatar\/31160c632b280151f52ca490d363172fd554ee64571053ac4dfe486bab7399f5?s=96&d=mm&r=g","contentUrl":"https:\/\/secure.gravatar.com\/avatar\/31160c632b280151f52ca490d363172fd554ee64571053ac4dfe486bab7399f5?s=96&d=mm&r=g","caption":"Richard S\u00f6rman"},"url":"https:\/\/www.theconservative.online\/pl\/author\/riks-euspec-2025-2026"}]}},"acf":[],"_links":{"self":[{"href":"https:\/\/www.theconservative.online\/pl\/wp-json\/wp\/v2\/posts\/62930","targetHints":{"allow":["GET"]}}],"collection":[{"href":"https:\/\/www.theconservative.online\/pl\/wp-json\/wp\/v2\/posts"}],"about":[{"href":"https:\/\/www.theconservative.online\/pl\/wp-json\/wp\/v2\/types\/post"}],"author":[{"embeddable":true,"href":"https:\/\/www.theconservative.online\/pl\/wp-json\/wp\/v2\/users\/85"}],"replies":[{"embeddable":true,"href":"https:\/\/www.theconservative.online\/pl\/wp-json\/wp\/v2\/comments?post=62930"}],"version-history":[{"count":0,"href":"https:\/\/www.theconservative.online\/pl\/wp-json\/wp\/v2\/posts\/62930\/revisions"}],"wp:featuredmedia":[{"embeddable":true,"href":"https:\/\/www.theconservative.online\/pl\/wp-json\/wp\/v2\/media\/62884"}],"wp:attachment":[{"href":"https:\/\/www.theconservative.online\/pl\/wp-json\/wp\/v2\/media?parent=62930"}],"wp:term":[{"taxonomy":"category","embeddable":true,"href":"https:\/\/www.theconservative.online\/pl\/wp-json\/wp\/v2\/categories?post=62930"},{"taxonomy":"post_tag","embeddable":true,"href":"https:\/\/www.theconservative.online\/pl\/wp-json\/wp\/v2\/tags?post=62930"},{"taxonomy":"editorial-positions","embeddable":true,"href":"https:\/\/www.theconservative.online\/pl\/wp-json\/wp\/v2\/editorial-positions?post=62930"},{"taxonomy":"regions","embeddable":true,"href":"https:\/\/www.theconservative.online\/pl\/wp-json\/wp\/v2\/regions?post=62930"},{"taxonomy":"types","embeddable":true,"href":"https:\/\/www.theconservative.online\/pl\/wp-json\/wp\/v2\/types?post=62930"}],"curies":[{"name":"wp","href":"https:\/\/api.w.org\/{rel}","templated":true}]}}