{"id":62986,"date":"2026-08-30T12:15:11","date_gmt":"2026-08-30T12:15:11","guid":{"rendered":"https:\/\/www.theconservative.online\/sobota-w-drobecie-spotkanie-ktore-stalo-sie-manifestem-aur"},"modified":"2026-08-30T12:15:11","modified_gmt":"2026-08-30T12:15:11","slug":"sobota-w-drobecie-spotkanie-ktore-stalo-sie-manifestem-aur","status":"publish","type":"post","link":"https:\/\/www.theconservative.online\/pl\/sobota-w-drobecie-spotkanie-ktore-stalo-sie-manifestem-aur","title":{"rendered":"Sobota w Drobecie: Spotkanie, kt\u00f3re sta\u0142o si\u0119 manifestem AUR"},"content":{"rendered":"<p>Drobeta-Turnu Severin nie jest pierwszym miejscem, w kt\u00f3rym spodziewa\u0142by\u015b si\u0119, \u017ce rozpocznie si\u0119 polityczne trz\u0119sienie ziemi, ale w sobot\u0119 sta\u0142o si\u0119 ono scen\u0105, na kt\u00f3rej partia AUR przedstawi\u0142a ca\u0142y sw\u00f3j plan dzia\u0142ania na sesj\u0119 parlamentarn\u0105 rozpoczynaj\u0105c\u0105 si\u0119 we wtorek. Krajowa Rada Przyw\u00f3dztwa (CNC) partii zebra\u0142a si\u0119 na spotkaniu zapowiadanym jako rutynowa sesja strategiczna i zako\u0144czy\u0142a je przyj\u0119ciem manifestu bud\u017cetowego, p\u0142omiennej rezolucji antyrz\u0105dowej oraz jasnym sygna\u0142em, \u017ce nie wycofa si\u0119 z d\u0105\u017cenia do zawieszenia prezydenta Nicu\u0219ora Dana.<\/p>\n<p>Partia domaga si\u0119 podwy\u017cszenia pu\u0142apu p\u0142atno\u015bci got\u00f3wkowych dla przedsi\u0119biorstw do 50 000 lei oraz naciska na stopniowe wycofanie tegorocznych podwy\u017cek podatk\u00f3w: przywr\u00f3cenie standardowej stawki VAT do 19%, obni\u017conej stawki do 9% oraz obni\u017cenie podatku od dywidend do 8%. AUR domaga si\u0119 r\u00f3wnie\u017c przywr\u00f3cenia progu dla mikroprzedsi\u0119biorstw do 500 000 euro, co stanowi\u0142oby bezpo\u015brednie odwr\u00f3cenie restrykcji, kt\u00f3re spowodowa\u0142y, \u017ce wiele ma\u0142ych rumu\u0144skich firm wypad\u0142o z tego korzystnego podatkowo przedzia\u0142u.<\/p>\n<p>Je\u015bli chodzi o reform\u0119 pa\u0144stwa, AUR ponownie potwierdzi\u0142a poparcie dla dwuizbowego parlamentu licz\u0105cego 300 miejsc, powo\u0142uj\u0105c si\u0119 na referendum z 2009 roku, w kt\u00f3rym Rumuni opowiedzieli si\u0119 w\u0142a\u015bnie za takim rozwi\u0105zaniem, a tak\u017ce za utrzymaniem dwuturowych wybor\u00f3w burmistrz\u00f3w oraz \u2013 co warte odnotowania \u2013 ograniczeniem liczby kadencji na stanowiskach kierowniczych w instytucjach publicznych do dw\u00f3ch. Ten ostatni punkt stanowi bezpo\u015bredni\u0105 reakcj\u0119 na sytuacj\u0119, w kt\u00f3rej urz\u0119dnicy od dziesi\u0119cioleci sprawuj\u0105 swoje stanowiska bez znacz\u0105cej rotacji kadr.<\/p>\n<p>W dziedzinie edukacji partia d\u0105\u017cy do zniesienia r\u00f3wnoleg\u0142ego egzaminu maturalnego i przywr\u00f3cenia jednolitego, og\u00f3lnokrajowego systemu rekrutacji, a tak\u017ce do zmniejszenia obci\u0105\u017cenia prac\u0105 nauczycieli oraz cofni\u0119cia zwi\u0119kszenia liczebno\u015bci klas wprowadzonego w zesz\u0142ym roku tzw. \u201eustaw\u0105 Bolojana\u201d \u2013 ze skutkiem od sierpnia 2025 r. W kwestii energetyki AUR d\u0105\u017cy do zalegalizowania dalszej eksploatacji wszystkich blok\u00f3w w\u0119glowych CE Oltenia poprzez zmian\u0119 rozporz\u0105dzenia nadzwyczajnego, kt\u00f3re nakazuje ich zamkni\u0119cie do 31 sierpnia 2026 r. Istnieje r\u00f3wnie\u017c od dawna zablokowany projekt ustawy dotycz\u0105cej przejrzysto\u015bci finansowania organizacji pozarz\u0105dowych, kt\u00f3ry obecnie utkn\u0105\u0142 w Izbie Deputowanych po zatwierdzeniu przez Senat, a tak\u017ce propozycja wprowadzenia \u201edynamicznego podatku VAT\u201d od paliw (5% przez pierwsze trzy miesi\u0105ce po gwa\u0142townym wzro\u015bcie cen, wzrastaj\u0105cego do 9%, a nast\u0119pnie automatycznie wygasaj\u0105cego po normalizacji cen ropy).<\/p>\n<p>Propozycja partii AUR dotycz\u0105ca ograniczenia liczby kadencji na stanowiskach kierowniczych do dw\u00f3ch ma zastosowanie do wszystkich instytucji publicznych, a nie tylko do jednej agencji czy jednego urz\u0119dnika. Partia przedstawia to jako spos\u00f3b na zapobieganie utrwalaniu si\u0119 \u201esieci wp\u0142yw\u00f3w\u201d w administracji publicznej oraz na zapewnienie regularnej rotacji na najwy\u017cszych stanowiskach w organach pa\u0144stwowych.<\/p>\n<p>Kolejnym wa\u017cnym osi\u0105gni\u0119ciem rady by\u0142o symboliczne, ale niew\u0105tpliwie bojowe o\u015bwiadczenie: uchwa\u0142a zatytu\u0142owana <em> \u201eRumunia jest prowadzona ku przepa\u015bci\u201d, przyj\u0119ta <\/em>jednog\u0142o\u015bnie. W tek\u015bcie oskar\u017ca si\u0119 koalicj\u0119 PSD-PNL-USR-UDMR o wprowadzenie dw\u00f3ch podwy\u017cek podatku VAT o dwa punkty procentowe (odpowiednio do 21% i 11%), os\u0142abienie systemu mikroprzedsi\u0119biorstw poprzez obni\u017cenie progu do 100 000 euro, podwy\u017cszenie podatku od dywidend do 16%, likwidacj\u0119 energetyki w\u0119glowej przy jednoczesnym blokowaniu nowych elektrowni gazowych oraz sabotowanie projekt\u00f3w elektrowni szczytowo-pompowych.<\/p>\n<p>W rezolucji zwr\u00f3cono r\u00f3wnie\u017c uwag\u0119 na po\u017cyczk\u0119 SAFE \u2013 lini\u0119 kredytow\u0105 o warto\u015bci oko\u0142o 17 miliard\u00f3w euro, sp\u0142acan\u0105 w ci\u0105gu 35 lat przy nieujawnionej stopie procentowej \u2013 kt\u00f3ra, jak twierdzi AUR, zosta\u0142a wykorzystana g\u0142\u00f3wnie na zakup ci\u0119\u017ckich pojazd\u00f3w wojskowych od jednego niemieckiego dostawcy, firmy Rheinmetall. Ko\u0144cowa argumentacja AUR jest bezkompromisowa: w ci\u0105gu ostatnich dziesi\u0119ciu kwarta\u0142\u00f3w rumu\u0144ska gospodarka odnotowa\u0142a wzrost tylko w trzech z nich, podczas gdy w pozosta\u0142ych okresach pozostawa\u0142a w stagnacji lub ulega\u0142a spadkowi. \u201eObecnie jedyn\u0105 sp\u00f3jn\u0105 i siln\u0105 opozycj\u0105 w parlamencie jest AUR i jej 91 pos\u0142\u00f3w\u201d \u2013 g\u0142osi o\u015bwiadczenie partii, w kt\u00f3rym argumentuje si\u0119, \u017ce samozwa\u0144cza koalicja \u201eproeuropejska\u201d w rzeczywisto\u015bci od\u0142\u0105cza Rumuni\u0119 od Europy pod wzgl\u0119dem gospodarczym.<\/p>\n<p>Lider frakcji senackiej Petri\u0219or Peiu, w rozmowie z Antena 3 CNN, stanowczo zaprzeczy\u0142, jakoby prowadzono jakiekolwiek formalne lub nieformalne rozmowy w sprawie utworzenia wi\u0119kszo\u015bci rz\u0105dowej z PSD lub PNL, zaznaczaj\u0105c, \u017ce lider PSD Sorin Grindeanu i tak publicznie wykluczy\u0142 mo\u017cliwo\u015b\u0107 sprawowania rz\u0105d\u00f3w wraz z AUR. \u201eJe\u015bli nie chce on utworzy\u0107 rz\u0105du z AUR, trudno jest prowadzi\u0107 negocjacje. O czym w\u0142a\u015bciwie mieliby\u015bmy negocjowa\u0107?\u201d \u2013 powiedzia\u0142 Peiu. Potwierdzi\u0142 r\u00f3wnie\u017c, \u017ce AUR przygotowuje publiczne o\u015bwiadczenia dotycz\u0105ce swojej strategii na zbli\u017caj\u0105ce si\u0119 konsultacje z prezydentem Nicu\u0219orem Danem, kt\u00f3ry og\u0142osi\u0142, \u017ce na pocz\u0105tku wrze\u015bnia wznowi rozmowy z partiami w sprawie utworzenia nowego gabinetu. Peiu wyrazi\u0142 sceptycyzm co do sensu udzia\u0142u w spotkaniu wy\u0142\u0105cznie dla pozowania do zdj\u0119\u0107, stwierdzaj\u0105c, \u017ce AUR \u201eprawdopodobnie nie we\u017amie w nim udzia\u0142u\u201d, je\u015bli proces ten b\u0119dzie jedynie nieformalnym zawieraniem porozumie\u0144 pod pozorem formalnych konsultacji. Co istotne, potwierdzi\u0142 r\u00f3wnie\u017c, \u017ce starania AUR o zawieszenie Nicu\u0219ora Dana nadal trwaj\u0105, poniewa\u017c \u201eprezydent nie zmieni\u0142 swojego stanowiska\u201d.<\/p>\n<p>Nicu\u0219or Dan od 62 dni odmawia przedstawienia kandydata na premiera, kraj od 110\u2013114 dni nie ma rz\u0105du posiadaj\u0105cego pe\u0142ni\u0119 uprawnie\u0144, a \u201eup\u00f3r\u201d prezydenta kosztuje Rumuni\u0119 realne pieni\u0105dze. \u201eZawieszenie jest rozwi\u0105zaniem zgodnym z konstytucj\u0105, poniewa\u017c jego up\u00f3r ju\u017c teraz generuje koszty, kt\u00f3re s\u0105 zbyt wysokie dla Rumunii\u201d \u2013 stwierdzi\u0142a partia AUR w komunikacie prasowym z ko\u0144ca sierpnia. Partia aktywnie zbiera podpisy od pos\u0142\u00f3w z innych ugrupowa\u0144, kt\u00f3rzy s\u0105 \u201eniezadowoleni ze sposobu, w jaki Nicu\u0219or Dan sprawuje swoje uprawnienia prezydenckie\u201d, a Peiu twierdzi, \u017ce nowi koledzy ju\u017c si\u0119 podpisali. PSD mog\u0142aby teoretycznie utworzy\u0107 rz\u0105d bez AUR, opieraj\u0105c si\u0119 na UDMR, pos\u0142ach mniejszo\u015bciowych, frakcjach od\u0142amowych z PNL oraz by\u0142ych pos\u0142ach SOS\/POT, ale Peiu nazwa\u0142 t\u0119 strategi\u0119 \u201eniezwykle niebezpieczn\u0105\u201d i ostrzeg\u0142, \u017ce doprowadzi\u0142aby ona do powstania \u201ekruchej wi\u0119kszo\u015bci\u201d opartej na przekupywaniu pos\u0142\u00f3w niezrzeszonych.<\/p>\n<p>Podsumowuj\u0105c, ten dzie\u0144 nie dotyczy\u0142 tak naprawd\u0119 ani jednej ustawy, ani jednej uchwa\u0142y. Chodzi\u0142o o to, by AUR zaprezentowa\u0142o si\u0119 jako jedyny zdyscyplinowany blok opozycyjny przed zbli\u017caj\u0105c\u0105 si\u0119 pe\u0142n\u0105 napi\u0119cia jesieni\u0105.<\/p>\n","protected":false},"excerpt":{"rendered":"<p>Drobeta-Turnu Severin nie jest pierwszym miejscem, w kt\u00f3rym spodziewa\u0142by\u015b si\u0119, \u017ce rozpocznie si\u0119 polityczne trz\u0119sienie ziemi, ale w sobot\u0119 sta\u0142o si\u0119 ono scen\u0105, na kt\u00f3rej partia AUR przedstawi\u0142a ca\u0142y sw\u00f3j plan dzia\u0142ania na sesj\u0119 parlamentarn\u0105 rozpoczynaj\u0105c\u0105 si\u0119 we wtorek. Krajowa Rada Przyw\u00f3dztwa (CNC) partii zebra\u0142a si\u0119 na spotkaniu zapowiadanym jako rutynowa sesja strategiczna i zako\u0144czy\u0142a [&hellip;]<\/p>\n","protected":false},"author":79,"featured_media":62768,"comment_status":"closed","ping_status":"closed","sticky":false,"template":"","format":"standard","meta":{"footnotes":""},"categories":[7],"tags":[],"editorial-positions":[],"regions":[],"types":[],"class_list":["post-62986","post","type-post","status-publish","format-standard","has-post-thumbnail","hentry","category-bez-kategorii"],"yoast_head":"<!-- This site is optimized with the Yoast SEO plugin v28.0 - https:\/\/yoast.com\/product\/yoast-seo-wordpress\/ -->\n<title>Sobota w Drobecie: Spotkanie, kt\u00f3re sta\u0142o si\u0119 manifestem AUR - The Conservative<\/title>\n<meta name=\"robots\" content=\"index, follow, max-snippet:-1, max-image-preview:large, max-video-preview:-1\" \/>\n<link rel=\"canonical\" href=\"https:\/\/www.theconservative.online\/pl\/sobota-w-drobecie-spotkanie-ktore-stalo-sie-manifestem-aur\" \/>\n<meta property=\"og:locale\" content=\"pl_PL\" \/>\n<meta property=\"og:type\" content=\"article\" \/>\n<meta property=\"og:title\" content=\"Sobota w Drobecie: Spotkanie, kt\u00f3re sta\u0142o si\u0119 manifestem AUR - The Conservative\" \/>\n<meta property=\"og:description\" content=\"Drobeta-Turnu Severin nie jest pierwszym miejscem, w kt\u00f3rym spodziewa\u0142by\u015b si\u0119, \u017ce rozpocznie si\u0119 polityczne trz\u0119sienie ziemi, ale w sobot\u0119 sta\u0142o si\u0119 ono scen\u0105, na kt\u00f3rej partia AUR przedstawi\u0142a ca\u0142y sw\u00f3j plan dzia\u0142ania na sesj\u0119 parlamentarn\u0105 rozpoczynaj\u0105c\u0105 si\u0119 we wtorek. Krajowa Rada Przyw\u00f3dztwa (CNC) partii zebra\u0142a si\u0119 na spotkaniu zapowiadanym jako rutynowa sesja strategiczna i zako\u0144czy\u0142a [&hellip;]\" \/>\n<meta property=\"og:url\" content=\"https:\/\/www.theconservative.online\/pl\/sobota-w-drobecie-spotkanie-ktore-stalo-sie-manifestem-aur\" \/>\n<meta property=\"og:site_name\" content=\"The Conservative\" \/>\n<meta property=\"article:published_time\" content=\"2026-08-30T12:15:11+00:00\" \/>\n<meta property=\"og:image\" content=\"https:\/\/www.theconservative.online\/wp-content\/uploads\/2026\/08\/AURCNC.jpg\" \/>\n\t<meta property=\"og:image:width\" content=\"1792\" \/>\n\t<meta property=\"og:image:height\" content=\"1008\" \/>\n\t<meta property=\"og:image:type\" content=\"image\/jpeg\" \/>\n<meta name=\"author\" content=\"Iosefina Pascal\" \/>\n<meta name=\"twitter:card\" content=\"summary_large_image\" \/>\n<meta name=\"twitter:label1\" content=\"Napisane przez\" \/>\n\t<meta name=\"twitter:data1\" content=\"Iosefina Pascal\" \/>\n\t<meta name=\"twitter:label2\" content=\"Szacowany czas czytania\" \/>\n\t<meta name=\"twitter:data2\" content=\"5 minut\" \/>\n<script type=\"application\/ld+json\" class=\"yoast-schema-graph\">{\"@context\":\"https:\\\/\\\/schema.org\",\"@graph\":[{\"@type\":\"Article\",\"@id\":\"https:\\\/\\\/www.theconservative.online\\\/pl\\\/sobota-w-drobecie-spotkanie-ktore-stalo-sie-manifestem-aur#article\",\"isPartOf\":{\"@id\":\"https:\\\/\\\/www.theconservative.online\\\/pl\\\/sobota-w-drobecie-spotkanie-ktore-stalo-sie-manifestem-aur\"},\"author\":{\"name\":\"Iosefina Pascal\",\"@id\":\"https:\\\/\\\/www.theconservative.online\\\/pl#\\\/schema\\\/person\\\/a058eee3b153ac2215cf616d9795653b\"},\"headline\":\"Sobota w Drobecie: Spotkanie, kt\u00f3re sta\u0142o si\u0119 manifestem AUR\",\"datePublished\":\"2026-08-30T12:15:11+00:00\",\"mainEntityOfPage\":{\"@id\":\"https:\\\/\\\/www.theconservative.online\\\/pl\\\/sobota-w-drobecie-spotkanie-ktore-stalo-sie-manifestem-aur\"},\"wordCount\":1081,\"image\":{\"@id\":\"https:\\\/\\\/www.theconservative.online\\\/pl\\\/sobota-w-drobecie-spotkanie-ktore-stalo-sie-manifestem-aur#primaryimage\"},\"thumbnailUrl\":\"https:\\\/\\\/www.theconservative.online\\\/wp-content\\\/uploads\\\/2026\\\/08\\\/AURCNC.jpg\",\"inLanguage\":\"pl-PL\"},{\"@type\":\"WebPage\",\"@id\":\"https:\\\/\\\/www.theconservative.online\\\/pl\\\/sobota-w-drobecie-spotkanie-ktore-stalo-sie-manifestem-aur\",\"url\":\"https:\\\/\\\/www.theconservative.online\\\/pl\\\/sobota-w-drobecie-spotkanie-ktore-stalo-sie-manifestem-aur\",\"name\":\"Sobota w Drobecie: Spotkanie, kt\u00f3re sta\u0142o si\u0119 manifestem AUR - The Conservative\",\"isPartOf\":{\"@id\":\"https:\\\/\\\/www.theconservative.online\\\/pl#website\"},\"primaryImageOfPage\":{\"@id\":\"https:\\\/\\\/www.theconservative.online\\\/pl\\\/sobota-w-drobecie-spotkanie-ktore-stalo-sie-manifestem-aur#primaryimage\"},\"image\":{\"@id\":\"https:\\\/\\\/www.theconservative.online\\\/pl\\\/sobota-w-drobecie-spotkanie-ktore-stalo-sie-manifestem-aur#primaryimage\"},\"thumbnailUrl\":\"https:\\\/\\\/www.theconservative.online\\\/wp-content\\\/uploads\\\/2026\\\/08\\\/AURCNC.jpg\",\"datePublished\":\"2026-08-30T12:15:11+00:00\",\"author\":{\"@id\":\"https:\\\/\\\/www.theconservative.online\\\/pl#\\\/schema\\\/person\\\/a058eee3b153ac2215cf616d9795653b\"},\"breadcrumb\":{\"@id\":\"https:\\\/\\\/www.theconservative.online\\\/pl\\\/sobota-w-drobecie-spotkanie-ktore-stalo-sie-manifestem-aur#breadcrumb\"},\"inLanguage\":\"pl-PL\",\"potentialAction\":[{\"@type\":\"ReadAction\",\"target\":[\"https:\\\/\\\/www.theconservative.online\\\/pl\\\/sobota-w-drobecie-spotkanie-ktore-stalo-sie-manifestem-aur\"]}]},{\"@type\":\"ImageObject\",\"inLanguage\":\"pl-PL\",\"@id\":\"https:\\\/\\\/www.theconservative.online\\\/pl\\\/sobota-w-drobecie-spotkanie-ktore-stalo-sie-manifestem-aur#primaryimage\",\"url\":\"https:\\\/\\\/www.theconservative.online\\\/wp-content\\\/uploads\\\/2026\\\/08\\\/AURCNC.jpg\",\"contentUrl\":\"https:\\\/\\\/www.theconservative.online\\\/wp-content\\\/uploads\\\/2026\\\/08\\\/AURCNC.jpg\",\"width\":1792,\"height\":1008,\"caption\":\"Signature: JnuSjfynT9OAlDAdvk576xl8uMSnujh4H8wsPA4DHucqZKqfRZSk1c2Jgz+Ez0p2DggPskOnY4UpUsdhdnUEJpw\\\/k4YraRVCyWOb6+yonAZQDdnf9m1kaDZRyJDghEhUNuEdfnXVt2rNPz85AS+3kxZ2hoOWYOkmxGbzSGpXMaTHUkbeaCi1nmS2pQGdi9issUNaIQXsPS+YImz3+ZFcykVSZHWC1+W4eck1UXYYUGH2KyzuKBTdVSWpGEcsun8a\"},{\"@type\":\"BreadcrumbList\",\"@id\":\"https:\\\/\\\/www.theconservative.online\\\/pl\\\/sobota-w-drobecie-spotkanie-ktore-stalo-sie-manifestem-aur#breadcrumb\",\"itemListElement\":[{\"@type\":\"ListItem\",\"position\":1,\"name\":\"Home\",\"item\":\"https:\\\/\\\/www.theconservative.online\\\/pl\"},{\"@type\":\"ListItem\",\"position\":2,\"name\":\"Sobota w Drobecie: Spotkanie, kt\u00f3re sta\u0142o si\u0119 manifestem AUR\"}]},{\"@type\":\"WebSite\",\"@id\":\"https:\\\/\\\/www.theconservative.online\\\/pl#website\",\"url\":\"https:\\\/\\\/www.theconservative.online\\\/pl\",\"name\":\"The Conservative\",\"description\":\"\",\"potentialAction\":[{\"@type\":\"SearchAction\",\"target\":{\"@type\":\"EntryPoint\",\"urlTemplate\":\"https:\\\/\\\/www.theconservative.online\\\/pl?s={search_term_string}\"},\"query-input\":{\"@type\":\"PropertyValueSpecification\",\"valueRequired\":true,\"valueName\":\"search_term_string\"}}],\"inLanguage\":\"pl-PL\"},{\"@type\":\"Person\",\"@id\":\"https:\\\/\\\/www.theconservative.online\\\/pl#\\\/schema\\\/person\\\/a058eee3b153ac2215cf616d9795653b\",\"name\":\"Iosefina Pascal\",\"image\":{\"@type\":\"ImageObject\",\"inLanguage\":\"pl-PL\",\"@id\":\"https:\\\/\\\/secure.gravatar.com\\\/avatar\\\/b6c6576a2be336212e2c44862e76e71f326a3e912cd8ca0a6856a38198536fd3?s=96&d=mm&r=g\",\"url\":\"https:\\\/\\\/secure.gravatar.com\\\/avatar\\\/b6c6576a2be336212e2c44862e76e71f326a3e912cd8ca0a6856a38198536fd3?s=96&d=mm&r=g\",\"contentUrl\":\"https:\\\/\\\/secure.gravatar.com\\\/avatar\\\/b6c6576a2be336212e2c44862e76e71f326a3e912cd8ca0a6856a38198536fd3?s=96&d=mm&r=g\",\"caption\":\"Iosefina Pascal\"},\"url\":\"https:\\\/\\\/www.theconservative.online\\\/pl\\\/author\\\/pascal-eunat-2025-26\"}]}<\/script>\n<!-- \/ Yoast SEO plugin. -->","yoast_head_json":{"title":"Sobota w Drobecie: Spotkanie, kt\u00f3re sta\u0142o si\u0119 manifestem AUR - The Conservative","robots":{"index":"index","follow":"follow","max-snippet":"max-snippet:-1","max-image-preview":"max-image-preview:large","max-video-preview":"max-video-preview:-1"},"canonical":"https:\/\/www.theconservative.online\/pl\/sobota-w-drobecie-spotkanie-ktore-stalo-sie-manifestem-aur","og_locale":"pl_PL","og_type":"article","og_title":"Sobota w Drobecie: Spotkanie, kt\u00f3re sta\u0142o si\u0119 manifestem AUR - The Conservative","og_description":"Drobeta-Turnu Severin nie jest pierwszym miejscem, w kt\u00f3rym spodziewa\u0142by\u015b si\u0119, \u017ce rozpocznie si\u0119 polityczne trz\u0119sienie ziemi, ale w sobot\u0119 sta\u0142o si\u0119 ono scen\u0105, na kt\u00f3rej partia AUR przedstawi\u0142a ca\u0142y sw\u00f3j plan dzia\u0142ania na sesj\u0119 parlamentarn\u0105 rozpoczynaj\u0105c\u0105 si\u0119 we wtorek. Krajowa Rada Przyw\u00f3dztwa (CNC) partii zebra\u0142a si\u0119 na spotkaniu zapowiadanym jako rutynowa sesja strategiczna i zako\u0144czy\u0142a [&hellip;]","og_url":"https:\/\/www.theconservative.online\/pl\/sobota-w-drobecie-spotkanie-ktore-stalo-sie-manifestem-aur","og_site_name":"The Conservative","article_published_time":"2026-08-30T12:15:11+00:00","og_image":[{"width":1792,"height":1008,"url":"https:\/\/www.theconservative.online\/wp-content\/uploads\/2026\/08\/AURCNC.jpg","type":"image\/jpeg"}],"author":"Iosefina Pascal","twitter_card":"summary_large_image","twitter_misc":{"Napisane przez":"Iosefina Pascal","Szacowany czas czytania":"5 minut"},"schema":{"@context":"https:\/\/schema.org","@graph":[{"@type":"Article","@id":"https:\/\/www.theconservative.online\/pl\/sobota-w-drobecie-spotkanie-ktore-stalo-sie-manifestem-aur#article","isPartOf":{"@id":"https:\/\/www.theconservative.online\/pl\/sobota-w-drobecie-spotkanie-ktore-stalo-sie-manifestem-aur"},"author":{"name":"Iosefina Pascal","@id":"https:\/\/www.theconservative.online\/pl#\/schema\/person\/a058eee3b153ac2215cf616d9795653b"},"headline":"Sobota w Drobecie: Spotkanie, kt\u00f3re sta\u0142o si\u0119 manifestem AUR","datePublished":"2026-08-30T12:15:11+00:00","mainEntityOfPage":{"@id":"https:\/\/www.theconservative.online\/pl\/sobota-w-drobecie-spotkanie-ktore-stalo-sie-manifestem-aur"},"wordCount":1081,"image":{"@id":"https:\/\/www.theconservative.online\/pl\/sobota-w-drobecie-spotkanie-ktore-stalo-sie-manifestem-aur#primaryimage"},"thumbnailUrl":"https:\/\/www.theconservative.online\/wp-content\/uploads\/2026\/08\/AURCNC.jpg","inLanguage":"pl-PL"},{"@type":"WebPage","@id":"https:\/\/www.theconservative.online\/pl\/sobota-w-drobecie-spotkanie-ktore-stalo-sie-manifestem-aur","url":"https:\/\/www.theconservative.online\/pl\/sobota-w-drobecie-spotkanie-ktore-stalo-sie-manifestem-aur","name":"Sobota w Drobecie: Spotkanie, kt\u00f3re sta\u0142o si\u0119 manifestem AUR - The Conservative","isPartOf":{"@id":"https:\/\/www.theconservative.online\/pl#website"},"primaryImageOfPage":{"@id":"https:\/\/www.theconservative.online\/pl\/sobota-w-drobecie-spotkanie-ktore-stalo-sie-manifestem-aur#primaryimage"},"image":{"@id":"https:\/\/www.theconservative.online\/pl\/sobota-w-drobecie-spotkanie-ktore-stalo-sie-manifestem-aur#primaryimage"},"thumbnailUrl":"https:\/\/www.theconservative.online\/wp-content\/uploads\/2026\/08\/AURCNC.jpg","datePublished":"2026-08-30T12:15:11+00:00","author":{"@id":"https:\/\/www.theconservative.online\/pl#\/schema\/person\/a058eee3b153ac2215cf616d9795653b"},"breadcrumb":{"@id":"https:\/\/www.theconservative.online\/pl\/sobota-w-drobecie-spotkanie-ktore-stalo-sie-manifestem-aur#breadcrumb"},"inLanguage":"pl-PL","potentialAction":[{"@type":"ReadAction","target":["https:\/\/www.theconservative.online\/pl\/sobota-w-drobecie-spotkanie-ktore-stalo-sie-manifestem-aur"]}]},{"@type":"ImageObject","inLanguage":"pl-PL","@id":"https:\/\/www.theconservative.online\/pl\/sobota-w-drobecie-spotkanie-ktore-stalo-sie-manifestem-aur#primaryimage","url":"https:\/\/www.theconservative.online\/wp-content\/uploads\/2026\/08\/AURCNC.jpg","contentUrl":"https:\/\/www.theconservative.online\/wp-content\/uploads\/2026\/08\/AURCNC.jpg","width":1792,"height":1008,"caption":"Signature: JnuSjfynT9OAlDAdvk576xl8uMSnujh4H8wsPA4DHucqZKqfRZSk1c2Jgz+Ez0p2DggPskOnY4UpUsdhdnUEJpw\/k4YraRVCyWOb6+yonAZQDdnf9m1kaDZRyJDghEhUNuEdfnXVt2rNPz85AS+3kxZ2hoOWYOkmxGbzSGpXMaTHUkbeaCi1nmS2pQGdi9issUNaIQXsPS+YImz3+ZFcykVSZHWC1+W4eck1UXYYUGH2KyzuKBTdVSWpGEcsun8a"},{"@type":"BreadcrumbList","@id":"https:\/\/www.theconservative.online\/pl\/sobota-w-drobecie-spotkanie-ktore-stalo-sie-manifestem-aur#breadcrumb","itemListElement":[{"@type":"ListItem","position":1,"name":"Home","item":"https:\/\/www.theconservative.online\/pl"},{"@type":"ListItem","position":2,"name":"Sobota w Drobecie: Spotkanie, kt\u00f3re sta\u0142o si\u0119 manifestem AUR"}]},{"@type":"WebSite","@id":"https:\/\/www.theconservative.online\/pl#website","url":"https:\/\/www.theconservative.online\/pl","name":"The Conservative","description":"","potentialAction":[{"@type":"SearchAction","target":{"@type":"EntryPoint","urlTemplate":"https:\/\/www.theconservative.online\/pl?s={search_term_string}"},"query-input":{"@type":"PropertyValueSpecification","valueRequired":true,"valueName":"search_term_string"}}],"inLanguage":"pl-PL"},{"@type":"Person","@id":"https:\/\/www.theconservative.online\/pl#\/schema\/person\/a058eee3b153ac2215cf616d9795653b","name":"Iosefina Pascal","image":{"@type":"ImageObject","inLanguage":"pl-PL","@id":"https:\/\/secure.gravatar.com\/avatar\/b6c6576a2be336212e2c44862e76e71f326a3e912cd8ca0a6856a38198536fd3?s=96&d=mm&r=g","url":"https:\/\/secure.gravatar.com\/avatar\/b6c6576a2be336212e2c44862e76e71f326a3e912cd8ca0a6856a38198536fd3?s=96&d=mm&r=g","contentUrl":"https:\/\/secure.gravatar.com\/avatar\/b6c6576a2be336212e2c44862e76e71f326a3e912cd8ca0a6856a38198536fd3?s=96&d=mm&r=g","caption":"Iosefina Pascal"},"url":"https:\/\/www.theconservative.online\/pl\/author\/pascal-eunat-2025-26"}]}},"acf":[],"_links":{"self":[{"href":"https:\/\/www.theconservative.online\/pl\/wp-json\/wp\/v2\/posts\/62986","targetHints":{"allow":["GET"]}}],"collection":[{"href":"https:\/\/www.theconservative.online\/pl\/wp-json\/wp\/v2\/posts"}],"about":[{"href":"https:\/\/www.theconservative.online\/pl\/wp-json\/wp\/v2\/types\/post"}],"author":[{"embeddable":true,"href":"https:\/\/www.theconservative.online\/pl\/wp-json\/wp\/v2\/users\/79"}],"replies":[{"embeddable":true,"href":"https:\/\/www.theconservative.online\/pl\/wp-json\/wp\/v2\/comments?post=62986"}],"version-history":[{"count":0,"href":"https:\/\/www.theconservative.online\/pl\/wp-json\/wp\/v2\/posts\/62986\/revisions"}],"wp:featuredmedia":[{"embeddable":true,"href":"https:\/\/www.theconservative.online\/pl\/wp-json\/wp\/v2\/media\/62768"}],"wp:attachment":[{"href":"https:\/\/www.theconservative.online\/pl\/wp-json\/wp\/v2\/media?parent=62986"}],"wp:term":[{"taxonomy":"category","embeddable":true,"href":"https:\/\/www.theconservative.online\/pl\/wp-json\/wp\/v2\/categories?post=62986"},{"taxonomy":"post_tag","embeddable":true,"href":"https:\/\/www.theconservative.online\/pl\/wp-json\/wp\/v2\/tags?post=62986"},{"taxonomy":"editorial-positions","embeddable":true,"href":"https:\/\/www.theconservative.online\/pl\/wp-json\/wp\/v2\/editorial-positions?post=62986"},{"taxonomy":"regions","embeddable":true,"href":"https:\/\/www.theconservative.online\/pl\/wp-json\/wp\/v2\/regions?post=62986"},{"taxonomy":"types","embeddable":true,"href":"https:\/\/www.theconservative.online\/pl\/wp-json\/wp\/v2\/types?post=62986"}],"curies":[{"name":"wp","href":"https:\/\/api.w.org\/{rel}","templated":true}]}}