{"id":62994,"date":"2026-08-30T12:12:50","date_gmt":"2026-08-30T12:12:50","guid":{"rendered":"https:\/\/www.theconservative.online\/ochrona-tozsamosci-europejskiej-oznacza-ochrone-tozsamosci-jej-narodow"},"modified":"2026-08-30T12:12:50","modified_gmt":"2026-08-30T12:12:50","slug":"ochrona-tozsamosci-europejskiej-oznacza-ochrone-tozsamosci-jej-narodow","status":"publish","type":"post","link":"https:\/\/www.theconservative.online\/pl\/ochrona-tozsamosci-europejskiej-oznacza-ochrone-tozsamosci-jej-narodow","title":{"rendered":"Ochrona to\u017csamo\u015bci europejskiej oznacza ochron\u0119 to\u017csamo\u015bci jej narod\u00f3w"},"content":{"rendered":"<p>Europa przechodzi przemiany demograficzne, kt\u00f3rych nie mo\u017cna ju\u017c traktowa\u0107 wy\u0142\u0105cznie jako kwestii statystycznej. Na dzie\u0144 1 stycznia 2026 r. liczba ludno\u015bci Unii Europejskiej wynosi\u0142a oko\u0142o 452 milion\u00f3w mieszka\u0144c\u00f3w, co stanowi wzrost o 706 000 os\u00f3b w por\u00f3wnaniu z rokiem poprzednim. Jednak za t\u0105 pozornie pozytywn\u0105 liczb\u0105 kryje si\u0119 zupe\u0142nie inna rzeczywisto\u015b\u0107: w 2025 r. w UE urodzi\u0142o si\u0119 zaledwie 3,46 mln dzieci, podczas gdy zmar\u0142o 4,81 mln os\u00f3b. Saldo naturalne wynios\u0142o zatem oko\u0142o 1,35 mln os\u00f3b na minus. Og\u00f3lny wzrost liczby ludno\u015bci by\u0142 mo\u017cliwy wy\u0142\u0105cznie dzi\u0119ki dodatniemu saldu migracji. To w\u0142a\u015bnie ten punkt wyj\u015bcia powinien stanowi\u0107 podstaw\u0119 ka\u017cdej powa\u017cnej refleksji nad przysz\u0142o\u015bci\u0105 Europy.<br \/>\nEuropa nie tylko rozwija si\u0119 wolniej. Wesz\u0142a ju\u017c w faz\u0119, w kt\u00f3rej umiera wi\u0119cej os\u00f3b ni\u017c si\u0119 rodzi. Tendencji tej, kt\u00f3ra strukturalnie rozpocz\u0119\u0142a si\u0119 w 2012 roku, towarzyszy post\u0119puj\u0105ce starzenie si\u0119 spo\u0142ecze\u0144stwa.<br \/>\nPrognozy Komisji Europejskiej wskazuj\u0105, \u017ce przemiany te stan\u0105 si\u0119 jeszcze bardziej widoczne w nadchodz\u0105cych dziesi\u0119cioleciach: przewiduje si\u0119, \u017ce liczba ludno\u015bci Europy osi\u0105gnie szczyt, a nast\u0119pnie zacznie spada\u0107, przy czym odsetek os\u00f3b starszych wzro\u015bnie, a udzia\u0142 ludno\u015bci w wieku produkcyjnym zmniejszy si\u0119.<br \/>\nProblem ten nie dotyczy zatem wy\u0142\u0105cznie emerytur, opieki zdrowotnej, wydajno\u015bci ani rynku pracy.<br \/>\nMusimy te\u017c zada\u0107 sobie znacznie g\u0142\u0119bsze pytanie: w jaki spos\u00f3b cywilizacja mo\u017ce zachowa\u0107 swoj\u0105 to\u017csamo\u015b\u0107, skoro przekazywanie tej to\u017csamo\u015bci z pokolenia na pokolenie staje si\u0119 coraz trudniejsze?<br \/>\nZbyt d\u0142ugo traktowali\u015bmy demografi\u0119 jako dziedzin\u0119 zarezerwowan\u0105 dla ekonomist\u00f3w i statystyk\u00f3w. Spo\u0142ecze\u0144stwo to jednak nie tylko suma jego si\u0142y roboczej.<br \/>\nSpo\u0142ecze\u0144stwo to tak\u017ce pami\u0119\u0107.<br \/>\nTo j\u0119zyk, literatura, sztuka, tradycja, religia, zwyczaje, krajobraz, architektura, muzyka i historia. To wszystko, co jedno pokolenie otrzymuje od poprzedniego i z w\u0142asnej woli postanawia przekaza\u0107 nast\u0119pnemu.<br \/>\nJ\u0119zyk przetrwa, poniewa\u017c przekazuje si\u0119 go dzieciom. Tradycja przetrwa, poniewa\u017c si\u0119 jej uczy. Dziedzictwo kulturowe przetrwa, poniewa\u017c kto\u015b uwa\u017ca je za na tyle wa\u017cne, by przekaza\u0107 je przysz\u0142ym pokoleniom.<br \/>\nW\u0142a\u015bnie dlatego spadek liczby ludno\u015bci w Europie stanowi r\u00f3wnie\u017c problem zwi\u0105zany z ci\u0105g\u0142o\u015bci\u0105 kulturow\u0105.<br \/>\nI w\u0142a\u015bnie od tego powinna si\u0119 zacz\u0105\u0107 prawdziwie konserwatywna refleksja.<br \/>\nOchrona nie oznacza odrzucania zmian. Oznacza zapobieganie temu, by zmiany zniszczy\u0142y to, co warto zachowa\u0107.<br \/>\nEuropa nie musi tworzy\u0107 nowej to\u017csamo\u015bci poprzez wymazywanie to\u017csamo\u015bci, kt\u00f3re ju\u017c istniej\u0105. Wr\u0119cz przeciwnie, musi uzna\u0107, \u017ce jej to\u017csamo\u015b\u0107 wywodzi si\u0119 z r\u00f3\u017cnorodno\u015bci jej narod\u00f3w.<br \/>\nEuropa to W\u0142ochy, Francja, Niemcy, Hiszpania, Grecja, Polska, Irlandia, W\u0119gry i wiele innych kraj\u00f3w. Sk\u0142ada si\u0119 z r\u00f3\u017cnych j\u0119zyk\u00f3w, r\u00f3\u017cnych tradycji i r\u00f3\u017cnych wspomnie\u0144 historycznych.<br \/>\nTa r\u00f3\u017cnorodno\u015b\u0107 nie stanowi przeszkody dla to\u017csamo\u015bci europejskiej.<br \/>\nTo w\u0142a\u015bnie to\u017csamo\u015b\u0107 europejska.<br \/>\nW ramach projektu europejskiego nale\u017cy zatem przesta\u0107 myli\u0107 integracj\u0119 z ujednoliceniem.<br \/>\nObywatel Europy nie powinien by\u0107 zmuszany do wyboru mi\u0119dzy swoj\u0105 to\u017csamo\u015bci\u0105 narodow\u0105 a to\u017csamo\u015bci\u0105 europejsk\u0105. Mo\u017cna by\u0107 g\u0142\u0119boko W\u0142ochem i g\u0142\u0119boko Europejczykiem; g\u0142\u0119boko Polakiem i g\u0142\u0119boko Europejczykiem; g\u0142\u0119boko Grekiem i g\u0142\u0119boko Europejczykiem.<br \/>\nTo w\u0142a\u015bnie si\u0142a to\u017csamo\u015bci poszczeg\u00f3lnych narod\u00f3w tworz\u0105cych ten kontynent umo\u017cliwia budowanie silniejszej to\u017csamo\u015bci europejskiej.<br \/>\nKomisja Europejska  <em>Kompas kulturowy dla Europy<\/em>  uznaje r\u00f3wnie\u017c r\u00f3\u017cnorodno\u015b\u0107 kulturow\u0105 i j\u0119zykow\u0105 za fundamentalne elementy dziedzictwa Europy oraz przypisuje kulturze wa\u017cn\u0105 rol\u0119 w budowaniu poczucia przynale\u017cno\u015bci.<br \/>\nNale\u017cy wyci\u0105gn\u0105\u0107 z tej zasady odpowiednie wnioski polityczne.<br \/>\nOcalenie Europy oznacza ocalenie kultur, kt\u00f3re j\u0105 tworz\u0105.<br \/>\nAby je ocali\u0107, nie wystarczy finansowa\u0107 muzea czy odnawia\u0107 zabytki. Musimy zadba\u0107 o to, by istnia\u0142y nowe pokolenia, kt\u00f3rym b\u0119dzie mo\u017cna je przekaza\u0107.<br \/>\nNie ma \u017cadnego cudownego rozwi\u0105zania, kt\u00f3re mog\u0142oby rozwi\u0105za\u0107 problem spadku liczby urodze\u0144. Decyzje dotycz\u0105ce posiadania dzieci zale\u017c\u0105 od bardzo zr\u00f3\u017cnicowanych uwarunkowa\u0144 ekonomicznych, spo\u0142ecznych i kulturowych.<br \/>\nJednak w\u0142a\u015bnie z tego powodu konieczne jest stworzenie warunk\u00f3w, w kt\u00f3rych macierzy\u0144stwo nie b\u0119dzie stanowi\u0142o przeszkody.<br \/>\nEuropa musi powa\u017cnie przeanalizowa\u0107 r\u00f3\u017cnice wyst\u0119puj\u0105ce mi\u0119dzy poszczeg\u00f3lnymi pa\u0144stwami cz\u0142onkowskimi. Wska\u017aniki dzietno\u015bci nie s\u0105 wsz\u0119dzie takie same, a polityka rodzinna, w po\u0142\u0105czeniu z warunkami gospodarczymi, sytuacj\u0105 na rynku pracy oraz warunkami mieszkaniowymi, mo\u017ce przyczynia\u0107 si\u0119 do tworzenia okoliczno\u015bci mniej lub bardziej sprzyjaj\u0105cych zak\u0142adaniu rodziny.<br \/>\nNie oznacza to jednak, \u017ce istnieje automatyczny zwi\u0105zek mi\u0119dzy pojedyncz\u0105 \u015bwiadczeniem a liczb\u0105 dzieci.<br \/>\nOznacza to uznanie, \u017ce je\u015bli spo\u0142ecze\u0144stwo pragnie zwi\u0119kszy\u0107 liczb\u0119 urodze\u0144, musi u\u0142atwi\u0107 rodzicom wychowywanie dzieci.<br \/>\nA to oznacza ulgi podatkowe, wsparcie dla matek, us\u0142ugi opieki nad dzie\u0107mi, polityk\u0119 mieszkaniow\u0105, urlop rodzicielski, elastyczno\u015b\u0107 warunk\u00f3w pracy, a przede wszystkim spo\u0142eczne uznanie warto\u015bci macierzy\u0144stwa.<br \/>\nMacierzy\u0144stwo to inwestycja w przysz\u0142o\u015b\u0107 spo\u0142ecze\u0144stwa.<br \/>\nJednak polityka demograficzna bez polityki edukacyjnej by\u0142aby niewystarczaj\u0105ca.<br \/>\nMo\u017cemy mie\u0107 wi\u0119cej dzieci, ale je\u015bli te dzieci dorosn\u0105, nie znaj\u0105c swojej historii, literatury i kultury, ci\u0105g\u0142o\u015b\u0107 nadal nie b\u0119dzie zapewniona.<br \/>\nSzko\u0142y musz\u0105 zn\u00f3w sta\u0107 si\u0119 miejscami przekazywania wiedzy.<br \/>\nDante, Szekspir, Cervantes, Goethe, Homer i Manzoni nie powinni znale\u017a\u0107 si\u0119 w muzeum przesz\u0142o\u015bci. Stanowi\u0105 oni cz\u0119\u015b\u0107 dziedzictwa, dzi\u0119ki kt\u00f3remu Europa ukszta\u0142towa\u0142a swoj\u0105 to\u017csamo\u015b\u0107.<br \/>\nSpo\u0142ecze\u0144stwo, kt\u00f3re jest pewne swojej to\u017csamo\u015bci, nie musi wymazywa\u0107 tego, co by\u0142o przed nim.<br \/>\nMo\u017cna to krytykowa\u0107. Mo\u017cna to przedyskutowa\u0107. Mo\u017cna nawet odrzuci\u0107 niekt\u00f3re jego aspekty.<br \/>\nAle najpierw musi o tym wiedzie\u0107.<br \/>\nW\u0142a\u015bnie w tym miejscu musimy p\u0142yn\u0105\u0107 pod pr\u0105d  <em>kultura odrzucania<\/em>.<br \/>\nKultura nie mo\u017ce sta\u0107 si\u0119 nieko\u0144cz\u0105cym si\u0119 s\u0105dem nad przesz\u0142o\u015bci\u0105, w kt\u00f3rym ka\u017cde dzie\u0142o jest oceniane wy\u0142\u0105cznie wed\u0142ug wsp\u00f3\u0142czesnych standard\u00f3w moralnych. Wolno\u015b\u0107 kulturowa oznacza r\u00f3wnie\u017c mo\u017cliwo\u015b\u0107 zmierzenia si\u0119 z niewygodnymi ideami, kontrowersyjnymi dzie\u0142ami i problematycznymi postaciami historycznymi.<br \/>\nEdukacja powinna kszta\u0142towa\u0107 obywateli zdolnych do samodzielnego formu\u0142owania opinii, a nie pokolenia niezdolne do zdobywania wiedzy.<br \/>\nWreszcie istnieje zwi\u0105zek mi\u0119dzy demografi\u0105 a sp\u00f3jno\u015bci\u0105 spo\u0142eczn\u0105, kt\u00f3rego nie nale\u017cy lekcewa\u017cy\u0107.<br \/>\nSpo\u0142ecze\u0144stwo, kt\u00f3re starzeje si\u0119, kurczy i postrzega swoj\u0105 kultur\u0119 jako co\u015b, co nale\u017cy ukrywa\u0107, mo\u017ce sta\u0107 si\u0119 bardziej niepewne. A spo\u0142ecze\u0144stwo niepewne z wi\u0119kszym prawdopodobie\u0144stwem b\u0119dzie postrzega\u0107 zmiany jako zagro\u017cenie.<br \/>\nW\u0142a\u015bnie w tej przestrzeni mo\u017ce r\u00f3wnie\u017c narasta\u0107 ksenofobia.<br \/>\nZ tego powodu powa\u017cnej polityki demograficznej nie nale\u017cy postrzega\u0107 jako skierowanej przeciwko imigracji. Nale\u017cy j\u0105 traktowa\u0107 jako spos\u00f3b na wzmocnienie wiary Europejczyk\u00f3w w ich w\u0142asn\u0105 zdolno\u015b\u0107 do budowania przysz\u0142o\u015bci.<br \/>\nLegalna i legalna imigracja mo\u017ce spowolni\u0107 spadek demograficzny i pom\u00f3c zrekompensowa\u0107 kurcz\u0105c\u0105 si\u0119 si\u0142\u0119 robocz\u0105, ale nie mo\u017ce zast\u0105pi\u0107 polityki maj\u0105cej na celu zwi\u0119kszenie wska\u017anika urodze\u0144. Dane Eurostatu wyra\u017anie pokazuj\u0105, \u017ce w ostatnich latach wzrost liczby ludno\u015bci w Europie zale\u017ca\u0142 od migracji netto, podczas gdy bilans naturalny pozostawa\u0142 zdecydowanie ujemny.<br \/>\nNie mo\u017cna zatem stawia\u0107 wyboru mi\u0119dzy rodzinami a imigracj\u0105.<br \/>\nChodzi o to, by zbudowa\u0107 Europ\u0119 na tyle pewn\u0105 siebie, by mog\u0142a robi\u0107 jedno i drugie bez obaw.<br \/>\nW\u0142a\u015bnie dlatego demografia powinna sta\u0107 si\u0119 jednym z g\u0142\u00f3wnych priorytet\u00f3w politycznych Unii Europejskiej.<br \/>\nZanim Europa przyst\u0105pi do finansowania nowych, zakrojonych na szerok\u0105 skal\u0119 inicjatyw w zakresie polityki przemys\u0142owej, du\u017cych projekt\u00f3w gospodarczych czy kolejnych program\u00f3w inwestycyjnych, musi zada\u0107 sobie pytanie, kto b\u0119dzie mieszka\u0142, pracowa\u0142 i budowa\u0142 to spo\u0142ecze\u0144stwo za dwadzie\u015bcia, trzydzie\u015bci czy pi\u0119\u0107dziesi\u0105t lat.<br \/>\nPowinna zatem promowa\u0107 wsp\u00f3lne i wi\u0105\u017c\u0105ce strategie maj\u0105ce na celu wspieranie wzrostu demograficznego, pozostawiaj\u0105c jednocze\u015bnie pa\u0144stwom cz\u0142onkowskim swobod\u0119 wyboru instrument\u00f3w najlepiej dostosowanych do ich w\u0142asnych tradycji spo\u0142ecznych, ale wyznaczaj\u0105c przy tym wsp\u00f3lne cele.<br \/>\nW centrum uwagi musz\u0105 znale\u017a\u0107 si\u0119 matki i rodziny: ulgi podatkowe, pomoc mieszkaniowa, us\u0142ugi, urlop rodzicielski, ochrona socjalna oraz warunki pracy dostosowane do potrzeb matek.<br \/>\nPor\u00f3wnania mi\u0119dzy krajami europejskimi powinny sta\u0107 si\u0119 prawdziw\u0105 polityk\u0105 badawcz\u0105: nale\u017cy bada\u0107, gdzie spadek wska\u017anik\u00f3w urodze\u0144 jest mniej wyra\u017any, jakie czynniki mu towarzysz\u0105 oraz jakie dzia\u0142ania mo\u017cna powieli\u0107. Nie po to, by obiecywa\u0107 cuda, ale by wyci\u0105ga\u0107 wnioski z uzyskanych wynik\u00f3w.<br \/>\nBo bez rodzin nie ma pracownik\u00f3w.<br \/>\nBez dzieci nie ma przysz\u0142o\u015bci.<br \/>\nA bez przekazywania kultury nie ma to\u017csamo\u015bci.<br \/>\nOcalenie europejskiej to\u017csamo\u015bci nie oznacza budowania jednolitej Europy. Oznacza to ocalenie niezwyk\u0142ej r\u00f3\u017cnorodno\u015bci jej narod\u00f3w.<br \/>\nOznacza to umo\u017cliwienie ka\u017cdemu z nich zachowania w\u0142asnego j\u0119zyka, historii i tradycji w ramach wsp\u00f3lnego europejskiego domu.<br \/>\nEuropa, w kt\u00f3rej zn\u00f3w rodz\u0105 si\u0119 dzieci, kt\u00f3ra zn\u00f3w uczy swojej historii i kt\u00f3ra nie postrzega ju\u017c swojego dziedzictwa kulturowego jako ci\u0119\u017caru z przesz\u0142o\u015bci, b\u0119dzie r\u00f3wnie\u017c Europ\u0105 mniej obawiaj\u0105c\u0105 si\u0119 \u015bwiata.<br \/>\nPoniewa\u017c ci, kt\u00f3rzy s\u0105 pewni swojej to\u017csamo\u015bci, nie musz\u0105 obawia\u0107 si\u0119 innych.<br \/>\nMusz\u0105 po prostu mie\u0107 co\u015b, co warto przekaza\u0107 dalej.<\/p>\n<\/p>","protected":false},"excerpt":{"rendered":"<p>Europa przechodzi przemiany demograficzne, kt\u00f3rych nie mo\u017cna ju\u017c traktowa\u0107 wy\u0142\u0105cznie jako kwestii statystycznej. Na dzie\u0144 1 stycznia 2026 r. liczba ludno\u015bci Unii Europejskiej wynosi\u0142a oko\u0142o 452 milion\u00f3w mieszka\u0144c\u00f3w, co stanowi wzrost o 706 000 os\u00f3b w por\u00f3wnaniu z rokiem poprzednim. Jednak za t\u0105 pozornie pozytywn\u0105 liczb\u0105 kryje si\u0119 zupe\u0142nie inna rzeczywisto\u015b\u0107: w 2025 r. w [&hellip;]<\/p>\n","protected":false},"author":93,"featured_media":62792,"comment_status":"closed","ping_status":"closed","sticky":false,"template":"","format":"standard","meta":{"footnotes":""},"categories":[1467,174],"tags":[3481,268,1406,3480],"editorial-positions":[],"regions":[],"types":[455],"class_list":["post-62994","post","type-post","status-publish","format-standard","has-post-thumbnail","hentry","category-budowanie-konserwatywnej-europy","category-kultura","tag-demografic-trasformation","tag-europe","tag-identity","tag-peoples","types-opinion-pl"],"yoast_head":"<!-- This site is optimized with the Yoast SEO plugin v28.0 - https:\/\/yoast.com\/product\/yoast-seo-wordpress\/ -->\n<title>Ochrona to\u017csamo\u015bci europejskiej oznacza ochron\u0119 to\u017csamo\u015bci jej narod\u00f3w - The Conservative<\/title>\n<meta name=\"robots\" content=\"index, follow, max-snippet:-1, max-image-preview:large, max-video-preview:-1\" \/>\n<link rel=\"canonical\" href=\"https:\/\/www.theconservative.online\/pl\/ochrona-tozsamosci-europejskiej-oznacza-ochrone-tozsamosci-jej-narodow\" \/>\n<meta property=\"og:locale\" content=\"pl_PL\" \/>\n<meta property=\"og:type\" content=\"article\" \/>\n<meta property=\"og:title\" content=\"Ochrona to\u017csamo\u015bci europejskiej oznacza ochron\u0119 to\u017csamo\u015bci jej narod\u00f3w - The Conservative\" \/>\n<meta property=\"og:description\" content=\"Europa przechodzi przemiany demograficzne, kt\u00f3rych nie mo\u017cna ju\u017c traktowa\u0107 wy\u0142\u0105cznie jako kwestii statystycznej. Na dzie\u0144 1 stycznia 2026 r. liczba ludno\u015bci Unii Europejskiej wynosi\u0142a oko\u0142o 452 milion\u00f3w mieszka\u0144c\u00f3w, co stanowi wzrost o 706 000 os\u00f3b w por\u00f3wnaniu z rokiem poprzednim. Jednak za t\u0105 pozornie pozytywn\u0105 liczb\u0105 kryje si\u0119 zupe\u0142nie inna rzeczywisto\u015b\u0107: w 2025 r. w [&hellip;]\" \/>\n<meta property=\"og:url\" content=\"https:\/\/www.theconservative.online\/pl\/ochrona-tozsamosci-europejskiej-oznacza-ochrone-tozsamosci-jej-narodow\" \/>\n<meta property=\"og:site_name\" content=\"The Conservative\" \/>\n<meta property=\"article:published_time\" content=\"2026-08-30T12:12:50+00:00\" \/>\n<meta property=\"og:image\" content=\"https:\/\/www.theconservative.online\/wp-content\/uploads\/2026\/08\/bandiere-stati-eu.jpg\" \/>\n\t<meta property=\"og:image:width\" content=\"1024\" \/>\n\t<meta property=\"og:image:height\" content=\"1024\" \/>\n\t<meta property=\"og:image:type\" content=\"image\/jpeg\" \/>\n<meta name=\"author\" content=\"Sofia Valenti\" \/>\n<meta name=\"twitter:card\" content=\"summary_large_image\" \/>\n<meta name=\"twitter:label1\" content=\"Napisane przez\" \/>\n\t<meta name=\"twitter:data1\" content=\"Sofia Valenti\" \/>\n\t<meta name=\"twitter:label2\" content=\"Szacowany czas czytania\" \/>\n\t<meta name=\"twitter:data2\" content=\"8 minut\" \/>\n<script type=\"application\/ld+json\" class=\"yoast-schema-graph\">{\"@context\":\"https:\\\/\\\/schema.org\",\"@graph\":[{\"@type\":\"Article\",\"@id\":\"https:\\\/\\\/www.theconservative.online\\\/pl\\\/ochrona-tozsamosci-europejskiej-oznacza-ochrone-tozsamosci-jej-narodow#article\",\"isPartOf\":{\"@id\":\"https:\\\/\\\/www.theconservative.online\\\/pl\\\/ochrona-tozsamosci-europejskiej-oznacza-ochrone-tozsamosci-jej-narodow\"},\"author\":{\"name\":\"Sofia Valenti\",\"@id\":\"https:\\\/\\\/www.theconservative.online\\\/pl#\\\/schema\\\/person\\\/ba597107f354c40637f85460639c2da8\"},\"headline\":\"Ochrona to\u017csamo\u015bci europejskiej oznacza ochron\u0119 to\u017csamo\u015bci jej narod\u00f3w\",\"datePublished\":\"2026-08-30T12:12:50+00:00\",\"mainEntityOfPage\":{\"@id\":\"https:\\\/\\\/www.theconservative.online\\\/pl\\\/ochrona-tozsamosci-europejskiej-oznacza-ochrone-tozsamosci-jej-narodow\"},\"wordCount\":1592,\"image\":{\"@id\":\"https:\\\/\\\/www.theconservative.online\\\/pl\\\/ochrona-tozsamosci-europejskiej-oznacza-ochrone-tozsamosci-jej-narodow#primaryimage\"},\"thumbnailUrl\":\"https:\\\/\\\/www.theconservative.online\\\/wp-content\\\/uploads\\\/2026\\\/08\\\/bandiere-stati-eu.jpg\",\"keywords\":[\"demografic trasformation\",\"europe\",\"identity\",\"peoples\"],\"articleSection\":[\"Budowanie konserwatywnej Europy\",\"Kultura\"],\"inLanguage\":\"pl-PL\"},{\"@type\":\"WebPage\",\"@id\":\"https:\\\/\\\/www.theconservative.online\\\/pl\\\/ochrona-tozsamosci-europejskiej-oznacza-ochrone-tozsamosci-jej-narodow\",\"url\":\"https:\\\/\\\/www.theconservative.online\\\/pl\\\/ochrona-tozsamosci-europejskiej-oznacza-ochrone-tozsamosci-jej-narodow\",\"name\":\"Ochrona to\u017csamo\u015bci europejskiej oznacza ochron\u0119 to\u017csamo\u015bci jej narod\u00f3w - The Conservative\",\"isPartOf\":{\"@id\":\"https:\\\/\\\/www.theconservative.online\\\/pl#website\"},\"primaryImageOfPage\":{\"@id\":\"https:\\\/\\\/www.theconservative.online\\\/pl\\\/ochrona-tozsamosci-europejskiej-oznacza-ochrone-tozsamosci-jej-narodow#primaryimage\"},\"image\":{\"@id\":\"https:\\\/\\\/www.theconservative.online\\\/pl\\\/ochrona-tozsamosci-europejskiej-oznacza-ochrone-tozsamosci-jej-narodow#primaryimage\"},\"thumbnailUrl\":\"https:\\\/\\\/www.theconservative.online\\\/wp-content\\\/uploads\\\/2026\\\/08\\\/bandiere-stati-eu.jpg\",\"datePublished\":\"2026-08-30T12:12:50+00:00\",\"author\":{\"@id\":\"https:\\\/\\\/www.theconservative.online\\\/pl#\\\/schema\\\/person\\\/ba597107f354c40637f85460639c2da8\"},\"breadcrumb\":{\"@id\":\"https:\\\/\\\/www.theconservative.online\\\/pl\\\/ochrona-tozsamosci-europejskiej-oznacza-ochrone-tozsamosci-jej-narodow#breadcrumb\"},\"inLanguage\":\"pl-PL\",\"potentialAction\":[{\"@type\":\"ReadAction\",\"target\":[\"https:\\\/\\\/www.theconservative.online\\\/pl\\\/ochrona-tozsamosci-europejskiej-oznacza-ochrone-tozsamosci-jej-narodow\"]}]},{\"@type\":\"ImageObject\",\"inLanguage\":\"pl-PL\",\"@id\":\"https:\\\/\\\/www.theconservative.online\\\/pl\\\/ochrona-tozsamosci-europejskiej-oznacza-ochrone-tozsamosci-jej-narodow#primaryimage\",\"url\":\"https:\\\/\\\/www.theconservative.online\\\/wp-content\\\/uploads\\\/2026\\\/08\\\/bandiere-stati-eu.jpg\",\"contentUrl\":\"https:\\\/\\\/www.theconservative.online\\\/wp-content\\\/uploads\\\/2026\\\/08\\\/bandiere-stati-eu.jpg\",\"width\":1024,\"height\":1024},{\"@type\":\"BreadcrumbList\",\"@id\":\"https:\\\/\\\/www.theconservative.online\\\/pl\\\/ochrona-tozsamosci-europejskiej-oznacza-ochrone-tozsamosci-jej-narodow#breadcrumb\",\"itemListElement\":[{\"@type\":\"ListItem\",\"position\":1,\"name\":\"Home\",\"item\":\"https:\\\/\\\/www.theconservative.online\\\/pl\"},{\"@type\":\"ListItem\",\"position\":2,\"name\":\"Ochrona to\u017csamo\u015bci europejskiej oznacza ochron\u0119 to\u017csamo\u015bci jej narod\u00f3w\"}]},{\"@type\":\"WebSite\",\"@id\":\"https:\\\/\\\/www.theconservative.online\\\/pl#website\",\"url\":\"https:\\\/\\\/www.theconservative.online\\\/pl\",\"name\":\"The Conservative\",\"description\":\"\",\"potentialAction\":[{\"@type\":\"SearchAction\",\"target\":{\"@type\":\"EntryPoint\",\"urlTemplate\":\"https:\\\/\\\/www.theconservative.online\\\/pl?s={search_term_string}\"},\"query-input\":{\"@type\":\"PropertyValueSpecification\",\"valueRequired\":true,\"valueName\":\"search_term_string\"}}],\"inLanguage\":\"pl-PL\"},{\"@type\":\"Person\",\"@id\":\"https:\\\/\\\/www.theconservative.online\\\/pl#\\\/schema\\\/person\\\/ba597107f354c40637f85460639c2da8\",\"name\":\"Sofia Valenti\",\"image\":{\"@type\":\"ImageObject\",\"inLanguage\":\"pl-PL\",\"@id\":\"https:\\\/\\\/secure.gravatar.com\\\/avatar\\\/b8358b98da87b71bcc40d48623c024d8cf0e1c2986353618ef2cc48000381c12?s=96&d=mm&r=g\",\"url\":\"https:\\\/\\\/secure.gravatar.com\\\/avatar\\\/b8358b98da87b71bcc40d48623c024d8cf0e1c2986353618ef2cc48000381c12?s=96&d=mm&r=g\",\"contentUrl\":\"https:\\\/\\\/secure.gravatar.com\\\/avatar\\\/b8358b98da87b71bcc40d48623c024d8cf0e1c2986353618ef2cc48000381c12?s=96&d=mm&r=g\",\"caption\":\"Sofia Valenti\"},\"url\":\"https:\\\/\\\/www.theconservative.online\\\/pl\\\/author\\\/bellantone-euspec-2026-2027\"}]}<\/script>\n<!-- \/ Yoast SEO plugin. -->","yoast_head_json":{"title":"Ochrona to\u017csamo\u015bci europejskiej oznacza ochron\u0119 to\u017csamo\u015bci jej narod\u00f3w - The Conservative","robots":{"index":"index","follow":"follow","max-snippet":"max-snippet:-1","max-image-preview":"max-image-preview:large","max-video-preview":"max-video-preview:-1"},"canonical":"https:\/\/www.theconservative.online\/pl\/ochrona-tozsamosci-europejskiej-oznacza-ochrone-tozsamosci-jej-narodow","og_locale":"pl_PL","og_type":"article","og_title":"Ochrona to\u017csamo\u015bci europejskiej oznacza ochron\u0119 to\u017csamo\u015bci jej narod\u00f3w - The Conservative","og_description":"Europa przechodzi przemiany demograficzne, kt\u00f3rych nie mo\u017cna ju\u017c traktowa\u0107 wy\u0142\u0105cznie jako kwestii statystycznej. Na dzie\u0144 1 stycznia 2026 r. liczba ludno\u015bci Unii Europejskiej wynosi\u0142a oko\u0142o 452 milion\u00f3w mieszka\u0144c\u00f3w, co stanowi wzrost o 706 000 os\u00f3b w por\u00f3wnaniu z rokiem poprzednim. Jednak za t\u0105 pozornie pozytywn\u0105 liczb\u0105 kryje si\u0119 zupe\u0142nie inna rzeczywisto\u015b\u0107: w 2025 r. w [&hellip;]","og_url":"https:\/\/www.theconservative.online\/pl\/ochrona-tozsamosci-europejskiej-oznacza-ochrone-tozsamosci-jej-narodow","og_site_name":"The Conservative","article_published_time":"2026-08-30T12:12:50+00:00","og_image":[{"width":1024,"height":1024,"url":"https:\/\/www.theconservative.online\/wp-content\/uploads\/2026\/08\/bandiere-stati-eu.jpg","type":"image\/jpeg"}],"author":"Sofia Valenti","twitter_card":"summary_large_image","twitter_misc":{"Napisane przez":"Sofia Valenti","Szacowany czas czytania":"8 minut"},"schema":{"@context":"https:\/\/schema.org","@graph":[{"@type":"Article","@id":"https:\/\/www.theconservative.online\/pl\/ochrona-tozsamosci-europejskiej-oznacza-ochrone-tozsamosci-jej-narodow#article","isPartOf":{"@id":"https:\/\/www.theconservative.online\/pl\/ochrona-tozsamosci-europejskiej-oznacza-ochrone-tozsamosci-jej-narodow"},"author":{"name":"Sofia Valenti","@id":"https:\/\/www.theconservative.online\/pl#\/schema\/person\/ba597107f354c40637f85460639c2da8"},"headline":"Ochrona to\u017csamo\u015bci europejskiej oznacza ochron\u0119 to\u017csamo\u015bci jej narod\u00f3w","datePublished":"2026-08-30T12:12:50+00:00","mainEntityOfPage":{"@id":"https:\/\/www.theconservative.online\/pl\/ochrona-tozsamosci-europejskiej-oznacza-ochrone-tozsamosci-jej-narodow"},"wordCount":1592,"image":{"@id":"https:\/\/www.theconservative.online\/pl\/ochrona-tozsamosci-europejskiej-oznacza-ochrone-tozsamosci-jej-narodow#primaryimage"},"thumbnailUrl":"https:\/\/www.theconservative.online\/wp-content\/uploads\/2026\/08\/bandiere-stati-eu.jpg","keywords":["demografic trasformation","europe","identity","peoples"],"articleSection":["Budowanie konserwatywnej Europy","Kultura"],"inLanguage":"pl-PL"},{"@type":"WebPage","@id":"https:\/\/www.theconservative.online\/pl\/ochrona-tozsamosci-europejskiej-oznacza-ochrone-tozsamosci-jej-narodow","url":"https:\/\/www.theconservative.online\/pl\/ochrona-tozsamosci-europejskiej-oznacza-ochrone-tozsamosci-jej-narodow","name":"Ochrona to\u017csamo\u015bci europejskiej oznacza ochron\u0119 to\u017csamo\u015bci jej narod\u00f3w - The Conservative","isPartOf":{"@id":"https:\/\/www.theconservative.online\/pl#website"},"primaryImageOfPage":{"@id":"https:\/\/www.theconservative.online\/pl\/ochrona-tozsamosci-europejskiej-oznacza-ochrone-tozsamosci-jej-narodow#primaryimage"},"image":{"@id":"https:\/\/www.theconservative.online\/pl\/ochrona-tozsamosci-europejskiej-oznacza-ochrone-tozsamosci-jej-narodow#primaryimage"},"thumbnailUrl":"https:\/\/www.theconservative.online\/wp-content\/uploads\/2026\/08\/bandiere-stati-eu.jpg","datePublished":"2026-08-30T12:12:50+00:00","author":{"@id":"https:\/\/www.theconservative.online\/pl#\/schema\/person\/ba597107f354c40637f85460639c2da8"},"breadcrumb":{"@id":"https:\/\/www.theconservative.online\/pl\/ochrona-tozsamosci-europejskiej-oznacza-ochrone-tozsamosci-jej-narodow#breadcrumb"},"inLanguage":"pl-PL","potentialAction":[{"@type":"ReadAction","target":["https:\/\/www.theconservative.online\/pl\/ochrona-tozsamosci-europejskiej-oznacza-ochrone-tozsamosci-jej-narodow"]}]},{"@type":"ImageObject","inLanguage":"pl-PL","@id":"https:\/\/www.theconservative.online\/pl\/ochrona-tozsamosci-europejskiej-oznacza-ochrone-tozsamosci-jej-narodow#primaryimage","url":"https:\/\/www.theconservative.online\/wp-content\/uploads\/2026\/08\/bandiere-stati-eu.jpg","contentUrl":"https:\/\/www.theconservative.online\/wp-content\/uploads\/2026\/08\/bandiere-stati-eu.jpg","width":1024,"height":1024},{"@type":"BreadcrumbList","@id":"https:\/\/www.theconservative.online\/pl\/ochrona-tozsamosci-europejskiej-oznacza-ochrone-tozsamosci-jej-narodow#breadcrumb","itemListElement":[{"@type":"ListItem","position":1,"name":"Home","item":"https:\/\/www.theconservative.online\/pl"},{"@type":"ListItem","position":2,"name":"Ochrona to\u017csamo\u015bci europejskiej oznacza ochron\u0119 to\u017csamo\u015bci jej narod\u00f3w"}]},{"@type":"WebSite","@id":"https:\/\/www.theconservative.online\/pl#website","url":"https:\/\/www.theconservative.online\/pl","name":"The Conservative","description":"","potentialAction":[{"@type":"SearchAction","target":{"@type":"EntryPoint","urlTemplate":"https:\/\/www.theconservative.online\/pl?s={search_term_string}"},"query-input":{"@type":"PropertyValueSpecification","valueRequired":true,"valueName":"search_term_string"}}],"inLanguage":"pl-PL"},{"@type":"Person","@id":"https:\/\/www.theconservative.online\/pl#\/schema\/person\/ba597107f354c40637f85460639c2da8","name":"Sofia Valenti","image":{"@type":"ImageObject","inLanguage":"pl-PL","@id":"https:\/\/secure.gravatar.com\/avatar\/b8358b98da87b71bcc40d48623c024d8cf0e1c2986353618ef2cc48000381c12?s=96&d=mm&r=g","url":"https:\/\/secure.gravatar.com\/avatar\/b8358b98da87b71bcc40d48623c024d8cf0e1c2986353618ef2cc48000381c12?s=96&d=mm&r=g","contentUrl":"https:\/\/secure.gravatar.com\/avatar\/b8358b98da87b71bcc40d48623c024d8cf0e1c2986353618ef2cc48000381c12?s=96&d=mm&r=g","caption":"Sofia Valenti"},"url":"https:\/\/www.theconservative.online\/pl\/author\/bellantone-euspec-2026-2027"}]}},"acf":[],"_links":{"self":[{"href":"https:\/\/www.theconservative.online\/pl\/wp-json\/wp\/v2\/posts\/62994","targetHints":{"allow":["GET"]}}],"collection":[{"href":"https:\/\/www.theconservative.online\/pl\/wp-json\/wp\/v2\/posts"}],"about":[{"href":"https:\/\/www.theconservative.online\/pl\/wp-json\/wp\/v2\/types\/post"}],"author":[{"embeddable":true,"href":"https:\/\/www.theconservative.online\/pl\/wp-json\/wp\/v2\/users\/93"}],"replies":[{"embeddable":true,"href":"https:\/\/www.theconservative.online\/pl\/wp-json\/wp\/v2\/comments?post=62994"}],"version-history":[{"count":0,"href":"https:\/\/www.theconservative.online\/pl\/wp-json\/wp\/v2\/posts\/62994\/revisions"}],"wp:featuredmedia":[{"embeddable":true,"href":"https:\/\/www.theconservative.online\/pl\/wp-json\/wp\/v2\/media\/62792"}],"wp:attachment":[{"href":"https:\/\/www.theconservative.online\/pl\/wp-json\/wp\/v2\/media?parent=62994"}],"wp:term":[{"taxonomy":"category","embeddable":true,"href":"https:\/\/www.theconservative.online\/pl\/wp-json\/wp\/v2\/categories?post=62994"},{"taxonomy":"post_tag","embeddable":true,"href":"https:\/\/www.theconservative.online\/pl\/wp-json\/wp\/v2\/tags?post=62994"},{"taxonomy":"editorial-positions","embeddable":true,"href":"https:\/\/www.theconservative.online\/pl\/wp-json\/wp\/v2\/editorial-positions?post=62994"},{"taxonomy":"regions","embeddable":true,"href":"https:\/\/www.theconservative.online\/pl\/wp-json\/wp\/v2\/regions?post=62994"},{"taxonomy":"types","embeddable":true,"href":"https:\/\/www.theconservative.online\/pl\/wp-json\/wp\/v2\/types?post=62994"}],"curies":[{"name":"wp","href":"https:\/\/api.w.org\/{rel}","templated":true}]}}